{"id":311309,"date":"2022-12-13T05:25:37","date_gmt":"2022-12-13T04:25:37","guid":{"rendered":"https:\/\/www.radiopiu.net\/wordpress\/?p=311309"},"modified":"2022-12-13T05:33:51","modified_gmt":"2022-12-13T04:33:51","slug":"bloccati-dagli-schianti-e-senza-pile-per-illuminare-il-sentiero","status":"publish","type":"post","link":"https:\/\/www.radiopiu.net\/wordpress\/bloccati-dagli-schianti-e-senza-pile-per-illuminare-il-sentiero\/","title":{"rendered":"BLOCCATI DAGLI SCHIANTI E SENZA PILE PER ILLUMINARE IL SENTIERO"},"content":{"rendered":"<p><strong><a class=\"dt-pswp-item\" href=\"https:\/\/www.radiopiu.net\/wordpress\/wp-content\/uploads\/2018\/08\/soccorsoalpino.jpg\" data-dt-img-description=\"\" data-large_image_width=\"1200\" data-large_image_height=\"1200\"><img loading=\"lazy\" decoding=\"async\" class=\"wp-image-59164 alignleft\" src=\"https:\/\/www.radiopiu.net\/wordpress\/wp-content\/uploads\/2018\/08\/soccorsoalpino-300x300.jpg\" alt=\"\" width=\"106\" height=\"106\" srcset=\"https:\/\/www.radiopiu.net\/wordpress\/wp-content\/uploads\/2018\/08\/soccorsoalpino-300x300.jpg 300w, https:\/\/www.radiopiu.net\/wordpress\/wp-content\/uploads\/2018\/08\/soccorsoalpino-150x150.jpg 150w, https:\/\/www.radiopiu.net\/wordpress\/wp-content\/uploads\/2018\/08\/soccorsoalpino-768x768.jpg 768w, https:\/\/www.radiopiu.net\/wordpress\/wp-content\/uploads\/2018\/08\/soccorsoalpino-1024x1024.jpg 1024w, https:\/\/www.radiopiu.net\/wordpress\/wp-content\/uploads\/2018\/08\/soccorsoalpino.jpg 1200w\" sizes=\"auto, (max-width: 106px) 100vw, 106px\" \/><\/a>VAL DI ZOLDO<\/strong> Attorno alle 17 la Centrale del Suem ha allertato il Soccorso alpino della Val di Zoldo, a seguito della richiesta di una coppia di escursionisti, bloccati fuori sentiero dagli schianti, senza pile ormai tramontato il sole. I due 57enni di Padova, dopo essere saliti sullo Spiz Zuel, Agnelezze, durante il rientro, credendo di tagliare verso il paese, avevano iniziato a scendere lungo un canalone, finch\u00e9 ormai buio e ostacolati dalle piante a terra, avevano chiesto aiuto. Ottenuta la loro posizione Gps, una squadra \u00e8 risalita dal basso, l\u00ec ha individuati e raggiunti. Assieme all&#8217;uomo e alla donna, i soccorritori sono quindi tornati sul sentiero e poi a valle.<\/p>\n<p>&nbsp;<\/p>\n<p>&nbsp;<\/p>\n<p>******<\/p>\n","protected":false},"excerpt":{"rendered":"<p>VAL DI ZOLDO Attorno alle 17 la Centrale del Suem ha allertato il Soccorso alpino della Val di Zoldo, a seguito della richiesta di una coppia di escursionisti, bloccati fuori sentiero dagli schianti, senza pile ormai tramontato il sole. I due 57enni di Padova, dopo essere saliti sullo Spiz Zuel, Agnelezze, durante il rientro, credendo&hellip;<\/p>\n","protected":false},"author":4,"featured_media":270917,"comment_status":"closed","ping_status":"closed","sticky":false,"template":"","format":"standard","meta":{"_monsterinsights_skip_tracking":false,"_monsterinsights_sitenote_active":false,"_monsterinsights_sitenote_note":"","_monsterinsights_sitenote_category":0,"footnotes":""},"categories":[51,49],"tags":[],"class_list":["post-311309","post","type-post","status-publish","format-standard","has-post-thumbnail","hentry","category-evidenza-top","category-news-18","category-51","category-49","description-off"],"img_url":"https:\/\/www.radiopiu.net\/wordpress\/wp-content\/uploads\/2022\/04\/soccorso-alpino-1024x602-1.jpg","_links":{"self":[{"href":"https:\/\/www.radiopiu.net\/wordpress\/wp-json\/wp\/v2\/posts\/311309","targetHints":{"allow":["GET"]}}],"collection":[{"href":"https:\/\/www.radiopiu.net\/wordpress\/wp-json\/wp\/v2\/posts"}],"about":[{"href":"https:\/\/www.radiopiu.net\/wordpress\/wp-json\/wp\/v2\/types\/post"}],"author":[{"embeddable":true,"href":"https:\/\/www.radiopiu.net\/wordpress\/wp-json\/wp\/v2\/users\/4"}],"replies":[{"embeddable":true,"href":"https:\/\/www.radiopiu.net\/wordpress\/wp-json\/wp\/v2\/comments?post=311309"}],"version-history":[{"count":0,"href":"https:\/\/www.radiopiu.net\/wordpress\/wp-json\/wp\/v2\/posts\/311309\/revisions"}],"wp:featuredmedia":[{"embeddable":true,"href":"https:\/\/www.radiopiu.net\/wordpress\/wp-json\/wp\/v2\/media\/270917"}],"wp:attachment":[{"href":"https:\/\/www.radiopiu.net\/wordpress\/wp-json\/wp\/v2\/media?parent=311309"}],"wp:term":[{"taxonomy":"category","embeddable":true,"href":"https:\/\/www.radiopiu.net\/wordpress\/wp-json\/wp\/v2\/categories?post=311309"},{"taxonomy":"post_tag","embeddable":true,"href":"https:\/\/www.radiopiu.net\/wordpress\/wp-json\/wp\/v2\/tags?post=311309"}],"curies":[{"name":"wp","href":"https:\/\/api.w.org\/{rel}","templated":true}]}}