{"id":311380,"date":"2022-12-13T12:25:12","date_gmt":"2022-12-13T11:25:12","guid":{"rendered":"https:\/\/www.radiopiu.net\/wordpress\/?p=311380"},"modified":"2022-12-13T12:25:12","modified_gmt":"2022-12-13T11:25:12","slug":"natale-con-promozione-per-sette-militari-dellarma-di-belluno","status":"publish","type":"post","link":"https:\/\/www.radiopiu.net\/wordpress\/natale-con-promozione-per-sette-militari-dellarma-di-belluno\/","title":{"rendered":"NATALE CON PROMOZIONE PER SETTE MILITARI DELL&#8217;ARMA DI BELLUNO"},"content":{"rendered":"<p><strong>BELLUNO\u00a0<\/strong> Per cinque uomini e due\u00a0 donne dei Carabinieri\u00a0 dell&#8217;Arma di Belluno un motivo in pi\u00f9 per festeggiare. Sono stati infatti consegnati i nuovi gradi con relativa promozione ai Vice Brigadiere:\u00a0 <span style=\"font-family: Times New Roman, serif;\">Maria Simeone (Feltre),<\/span> <span style=\"font-family: Times New Roman, serif;\"> Ilenia Fontana (Pieve di Cadore),\u00a0 Andrea Tosolini (Longarone), <\/span>Francesco Carucci e Mattia Fantauzzi (<span style=\"font-family: Times New Roman, serif;\">destinati\u00a0 alla Stazione di Belluno)\u00a0 \u00a0Alessandro Maccariello (che lascer\u00e0 la Stazione di Gosaldo per raggiungere Ferrara), Walter Rao (da Belluno destinato a <\/span><span style=\"font-family: Times New Roman, serif;\">Cutro, in Calabria). A quest&#8217;ultimi che lasceranno la provincia,\u00a0 il\u00a0 <\/span><span style=\"font-family: Times New Roman, serif;\">Colonnello Pigozzo ha espresso il ringraziamento\u00a0 per il servizio reso alle comunit\u00e0 bellunesi e per l&#8217;impegno profuso. A tutti e sette a <\/span><span style=\"font-family: Times New Roman, serif;\">cui il Colonnello Pigozzo ha\u00a0 consegnato il \u201cgallone argentato\u201d, simbolo del nuovo ruolo acquisito ha detto \u201c<\/span><span style=\"font-family: Times New Roman, serif;\"><i>La promozione al grado superiore, in una organizzazione militare, \u00e8 un evento importante, perch\u00e9 \u00e8 il momento in cui l\u2019Istituzione riconosce un merito, cui conseguono anche nuove responsabilit\u00e0<\/i><\/span><span style=\"font-family: Times New Roman, serif;\">\u201d. I militari dopo aver vinto un concorso interno all\u2019Arma ed aver frequentato un corso di formazione e aggiornamento a Velletri, hanno conseguito l\u2019ottimo risultato e ora assumeranno la nuova posizione nelle varie stazioni. A tutti, buon lavoro!<\/span><\/p>\n<p><a class=\"dt-pswp-item\" href=\"https:\/\/www.radiopiu.net\/wordpress\/wp-content\/uploads\/2022\/12\/4e056bed-7c9f-4a7f-8974-9deb39c4f7fa.jpg\" data-dt-img-description=\"\" data-large_image_width=\"1024\" data-large_image_height=\"678\"><img loading=\"lazy\" decoding=\"async\" class=\"alignnone wp-image-311382 size-full\" src=\"https:\/\/www.radiopiu.net\/wordpress\/wp-content\/uploads\/2022\/12\/4e056bed-7c9f-4a7f-8974-9deb39c4f7fa.jpg\" alt=\"\" width=\"1024\" height=\"678\" srcset=\"https:\/\/www.radiopiu.net\/wordpress\/wp-content\/uploads\/2022\/12\/4e056bed-7c9f-4a7f-8974-9deb39c4f7fa.jpg 1024w, https:\/\/www.radiopiu.net\/wordpress\/wp-content\/uploads\/2022\/12\/4e056bed-7c9f-4a7f-8974-9deb39c4f7fa-300x199.jpg 300w, https:\/\/www.radiopiu.net\/wordpress\/wp-content\/uploads\/2022\/12\/4e056bed-7c9f-4a7f-8974-9deb39c4f7fa-768x509.jpg 768w\" sizes=\"auto, (max-width: 1024px) 100vw, 1024px\" \/><\/a><\/p>\n<p>&nbsp;<\/p>\n<hr \/>\n<p>___<\/p>\n","protected":false},"excerpt":{"rendered":"<p>BELLUNO\u00a0 Per cinque uomini e due\u00a0 donne dei Carabinieri\u00a0 dell&#8217;Arma di Belluno un motivo in pi\u00f9 per festeggiare. Sono stati infatti consegnati i nuovi gradi con relativa promozione ai Vice Brigadiere:\u00a0 Maria Simeone (Feltre), Ilenia Fontana (Pieve di Cadore),\u00a0 Andrea Tosolini (Longarone), Francesco Carucci e Mattia Fantauzzi (destinati\u00a0 alla Stazione di Belluno)\u00a0 \u00a0Alessandro Maccariello (che&hellip;<\/p>\n","protected":false},"author":4,"featured_media":311382,"comment_status":"closed","ping_status":"closed","sticky":false,"template":"","format":"standard","meta":{"_monsterinsights_skip_tracking":false,"_monsterinsights_sitenote_active":false,"_monsterinsights_sitenote_note":"","_monsterinsights_sitenote_category":0,"footnotes":""},"categories":[51,49],"tags":[],"class_list":["post-311380","post","type-post","status-publish","format-standard","has-post-thumbnail","hentry","category-evidenza-top","category-news-18","category-51","category-49","description-off"],"img_url":"https:\/\/www.radiopiu.net\/wordpress\/wp-content\/uploads\/2022\/12\/4e056bed-7c9f-4a7f-8974-9deb39c4f7fa.jpg","_links":{"self":[{"href":"https:\/\/www.radiopiu.net\/wordpress\/wp-json\/wp\/v2\/posts\/311380","targetHints":{"allow":["GET"]}}],"collection":[{"href":"https:\/\/www.radiopiu.net\/wordpress\/wp-json\/wp\/v2\/posts"}],"about":[{"href":"https:\/\/www.radiopiu.net\/wordpress\/wp-json\/wp\/v2\/types\/post"}],"author":[{"embeddable":true,"href":"https:\/\/www.radiopiu.net\/wordpress\/wp-json\/wp\/v2\/users\/4"}],"replies":[{"embeddable":true,"href":"https:\/\/www.radiopiu.net\/wordpress\/wp-json\/wp\/v2\/comments?post=311380"}],"version-history":[{"count":0,"href":"https:\/\/www.radiopiu.net\/wordpress\/wp-json\/wp\/v2\/posts\/311380\/revisions"}],"wp:featuredmedia":[{"embeddable":true,"href":"https:\/\/www.radiopiu.net\/wordpress\/wp-json\/wp\/v2\/media\/311382"}],"wp:attachment":[{"href":"https:\/\/www.radiopiu.net\/wordpress\/wp-json\/wp\/v2\/media?parent=311380"}],"wp:term":[{"taxonomy":"category","embeddable":true,"href":"https:\/\/www.radiopiu.net\/wordpress\/wp-json\/wp\/v2\/categories?post=311380"},{"taxonomy":"post_tag","embeddable":true,"href":"https:\/\/www.radiopiu.net\/wordpress\/wp-json\/wp\/v2\/tags?post=311380"}],"curies":[{"name":"wp","href":"https:\/\/api.w.org\/{rel}","templated":true}]}}