{"id":311402,"date":"2022-12-13T16:36:45","date_gmt":"2022-12-13T15:36:45","guid":{"rendered":"https:\/\/www.radiopiu.net\/wordpress\/?p=311402"},"modified":"2022-12-13T16:37:01","modified_gmt":"2022-12-13T15:37:01","slug":"quando-le-frecce-tricolori-solcano-i-cieli-dellagordino","status":"publish","type":"post","link":"https:\/\/www.radiopiu.net\/wordpress\/quando-le-frecce-tricolori-solcano-i-cieli-dellagordino\/","title":{"rendered":"QUANDO LE FRECCE TRICOLORI SOLCANO I CIELI DELL&#8217;AGORDINO"},"content":{"rendered":"<p><strong><img loading=\"lazy\" decoding=\"async\" class=\"alignleft\" src=\"https:\/\/www.radiopiu.net\/wordpress\/wp-content\/uploads\/2022\/12\/6fac4a30-7000-483b-99c0-c988d37db402.jpg\" width=\"239\" height=\"179\" \/>AGORDO<\/strong> Alzare lo sguardo e vederli volare sopra di noi \u00e8 sempre un&#8217;emozione, \u00e8 successo anche questa mattina poco prima dell&#8217;ora del pranzo. Probabilmente, come gi\u00e0 successo in passato, un sorvolo in vista dell&#8217;appuntamento con il grande sci in Alta Badia. Un&#8217;emozione, perch\u00e9 \u00e8 la nostra pattuglia acrobatica, ma anche per il ricordo di allora, di quel 1988 , chi lo ha vissuto non lo dimentica. Salirono sul palco del Broi per ritirare il premio &#8220;Agordino d&#8217;Oro i Discreti&#8221; voluto dall&#8217;allora presidente della Comunit\u00e0 Montana Agordina Floriano Pra. Non poterono volare, purtroppo, per le avverse condizioni meteo, ma i piloti arrivarono comunque in Valle di San Lucano e rimasero per ore con gli agordini. Non ci fu l&#8217;evento ufficiale sopra il Broi, solo \u00a0i voli di prova nei giorni precedenti anche se la Pattuglia Acrobatica Nazionale (costituente il 313\u00ba Gruppo Addestramento Acrobatico) con i suoi Aermacchi vol\u00f2 molto in alto. In valle di San Lucano i piloti si fermarono per ore a parlare con gli agordini, si fecero fotografare, firmarono autografi. Una settimana dopo il dramma: il 28 agosto 1988 la PAN fu protagonista dell\u2019incidente di Ramstein in Germania in cui persero la vita tre piloti e 67 spettatori.<\/p>\n<p>ARCHIVIO RADIO PIU<\/p>\n<blockquote>\n<h3>QUELLA VOLTA CHE LE FRECCE TRICOLORI NON VOLARONO SU AGORDO<\/h3>\n<\/blockquote>\n<p><strong><img loading=\"lazy\" decoding=\"async\" class=\"alignleft\" src=\"https:\/\/www.radiopiu.net\/wordpress\/wp-content\/uploads\/2021\/06\/3400733b-933b-48c2-bd09-3bfd35e096a3.jpg\" width=\"226\" height=\"127\" \/>REDAZIONE\u00a0 <\/strong>Sul sito internet <strong>storiadellefreccetricolori.it\u00a0<\/strong>\u00e8 stato pubblicato un articolo corredato di fotografie che ricorda la storia, il 1988 quando Antimo Savaris consigliere in Comunit\u00e0 Montana Agordina propose al Presidente Floriano Pra di assegnare l&#8217;Agordino d&#8217;Oro alla pattuglia acrobatica delle Frecce Tricolori. Purtroppo la storia racconta anche di un&#8217;esibizione impossibile nei cieli di Agordo, causa maltempo, ma soprattutto la storia non dimentica la tragedia della settimana successiva a Ramstein in Germania, a soli sette giorni da quella bella festa sotto all&#8217;Agner in Valle di San Lucano<\/p>\n<p>&nbsp;<\/p>\n<h1><span style=\"color: #0000ff;\"><strong><a style=\"color: #0000ff;\" href=\"https:\/\/storiadellefreccetricolori.it\/quella-volta-che-le-frecce-tricolori-non-volarono-su-agordo\/\">PER L&#8217;ARTICOLO COMPLETO CLICCA QUI\u00a0<\/a><\/strong><\/span><\/h1>\n<p>&nbsp;<\/p>\n<p>::::<\/p>\n","protected":false},"excerpt":{"rendered":"<p>AGORDO Alzare lo sguardo e vederli volare sopra di noi \u00e8 sempre un&#8217;emozione, \u00e8 successo anche questa mattina poco prima dell&#8217;ora del pranzo. Probabilmente, come gi\u00e0 successo in passato, un sorvolo in vista dell&#8217;appuntamento con il grande sci in Alta Badia. Un&#8217;emozione, perch\u00e9 \u00e8 la nostra pattuglia acrobatica, ma anche per il ricordo di allora,&hellip;<\/p>\n","protected":false},"author":4,"featured_media":311425,"comment_status":"closed","ping_status":"closed","sticky":false,"template":"","format":"standard","meta":{"_monsterinsights_skip_tracking":false,"_monsterinsights_sitenote_active":false,"_monsterinsights_sitenote_note":"","_monsterinsights_sitenote_category":0,"footnotes":""},"categories":[51,49],"tags":[],"class_list":["post-311402","post","type-post","status-publish","format-standard","has-post-thumbnail","hentry","category-evidenza-top","category-news-18","category-51","category-49","description-off"],"img_url":"https:\/\/www.radiopiu.net\/wordpress\/wp-content\/uploads\/2022\/12\/6fac4a30-7000-483b-99c0-c988d37db402.jpg","_links":{"self":[{"href":"https:\/\/www.radiopiu.net\/wordpress\/wp-json\/wp\/v2\/posts\/311402","targetHints":{"allow":["GET"]}}],"collection":[{"href":"https:\/\/www.radiopiu.net\/wordpress\/wp-json\/wp\/v2\/posts"}],"about":[{"href":"https:\/\/www.radiopiu.net\/wordpress\/wp-json\/wp\/v2\/types\/post"}],"author":[{"embeddable":true,"href":"https:\/\/www.radiopiu.net\/wordpress\/wp-json\/wp\/v2\/users\/4"}],"replies":[{"embeddable":true,"href":"https:\/\/www.radiopiu.net\/wordpress\/wp-json\/wp\/v2\/comments?post=311402"}],"version-history":[{"count":0,"href":"https:\/\/www.radiopiu.net\/wordpress\/wp-json\/wp\/v2\/posts\/311402\/revisions"}],"wp:featuredmedia":[{"embeddable":true,"href":"https:\/\/www.radiopiu.net\/wordpress\/wp-json\/wp\/v2\/media\/311425"}],"wp:attachment":[{"href":"https:\/\/www.radiopiu.net\/wordpress\/wp-json\/wp\/v2\/media?parent=311402"}],"wp:term":[{"taxonomy":"category","embeddable":true,"href":"https:\/\/www.radiopiu.net\/wordpress\/wp-json\/wp\/v2\/categories?post=311402"},{"taxonomy":"post_tag","embeddable":true,"href":"https:\/\/www.radiopiu.net\/wordpress\/wp-json\/wp\/v2\/tags?post=311402"}],"curies":[{"name":"wp","href":"https:\/\/api.w.org\/{rel}","templated":true}]}}