{"id":311414,"date":"2022-12-13T15:53:26","date_gmt":"2022-12-13T14:53:26","guid":{"rendered":"https:\/\/www.radiopiu.net\/wordpress\/?p=311414"},"modified":"2022-12-14T06:10:16","modified_gmt":"2022-12-14T05:10:16","slug":"rapina-a-ponte-nelle-alpi-il-sindaco-ringrazia-la-questura","status":"publish","type":"post","link":"https:\/\/www.radiopiu.net\/wordpress\/rapina-a-ponte-nelle-alpi-il-sindaco-ringrazia-la-questura\/","title":{"rendered":"RAPINA A PONTE NELLE ALPI: IL SINDACO RINGRAZIA LA QUESTURA"},"content":{"rendered":"<p><strong><a class=\"dt-pswp-item\" href=\"https:\/\/www.radiopiu.net\/wordpress\/wp-content\/uploads\/2022\/12\/Incontro_in_Questura.jpg\" data-dt-img-description=\"\" data-large_image_width=\"1309\" data-large_image_height=\"935\"><img loading=\"lazy\" decoding=\"async\" class=\" wp-image-311415 alignleft\" src=\"https:\/\/www.radiopiu.net\/wordpress\/wp-content\/uploads\/2022\/12\/Incontro_in_Questura-300x214.jpg\" alt=\"\" width=\"170\" height=\"121\" srcset=\"https:\/\/www.radiopiu.net\/wordpress\/wp-content\/uploads\/2022\/12\/Incontro_in_Questura-300x214.jpg 300w, https:\/\/www.radiopiu.net\/wordpress\/wp-content\/uploads\/2022\/12\/Incontro_in_Questura-1024x731.jpg 1024w, https:\/\/www.radiopiu.net\/wordpress\/wp-content\/uploads\/2022\/12\/Incontro_in_Questura-768x549.jpg 768w, https:\/\/www.radiopiu.net\/wordpress\/wp-content\/uploads\/2022\/12\/Incontro_in_Questura.jpg 1309w\" sizes=\"auto, (max-width: 170px) 100vw, 170px\" \/><\/a>PONTE NELLE ALPI <\/strong>Il sindaco di Ponte nelle Alpi ha ringraziato il Questore, Giuseppe Maggese, e tutti gli inquirenti e agenti della Questura di Belluno per la brillante operazione investigativa che, in tempi brevissimi, ha portato all\u2019arresto dei responsabili della rapina agli Alimentari Ardivel, in viale Dolomiti. In un incontro svoltosi questa mattina, in Questura, il primo cittadino ha voluto portare la gratitudine dell\u2019amministrazione comunale e della collettivit\u00e0 pontalpina: \u00abHo sempre sottolineato l\u2019importanza di avere fiducia nelle istituzioni e nelle Forze dell\u2019ordine. In tempi celeri si \u00e8 arrivati ai responsabili di un atto criminoso che ha sconvolto la nostra comunit\u00e0. Oggi siamo pi\u00f9 sereni e il successo della Polizia fa capire quanto, nella nostra provincia, siano alte la tutela, la salvaguardia, l\u2019attenzione del territorio\u00bb.<span class=\"gmail-Apple-converted-space\">\u00a0<\/span>Di assoluta rilevanza, nelle indagini, il sistema di video sorveglianza comunale: \u00abAbbiamo investito molto in prevenzione &#8211; ha proseguito il sindaco -; 40 telecamere controllano tutto il territorio e ci hanno permesso di raggiungere risultati decisivi per l\u2019ordine pubblico. La nostra vicinanza va poi al concittadino Franco Ardivel, vittima della rapina\u00bb.<span class=\"gmail-Apple-converted-space\">\u00a0<\/span><\/p>\n<p>&nbsp;<\/p>\n<p>&nbsp;<\/p>\n<p>&nbsp;<\/p>\n<p>******<\/p>\n","protected":false},"excerpt":{"rendered":"<p>PONTE NELLE ALPI Il sindaco di Ponte nelle Alpi ha ringraziato il Questore, Giuseppe Maggese, e tutti gli inquirenti e agenti della Questura di Belluno per la brillante operazione investigativa che, in tempi brevissimi, ha portato all\u2019arresto dei responsabili della rapina agli Alimentari Ardivel, in viale Dolomiti. In un incontro svoltosi questa mattina, in Questura,&hellip;<\/p>\n","protected":false},"author":4,"featured_media":311415,"comment_status":"closed","ping_status":"closed","sticky":false,"template":"","format":"standard","meta":{"_monsterinsights_skip_tracking":false,"_monsterinsights_sitenote_active":false,"_monsterinsights_sitenote_note":"","_monsterinsights_sitenote_category":0,"footnotes":""},"categories":[51,49],"tags":[],"class_list":["post-311414","post","type-post","status-publish","format-standard","has-post-thumbnail","hentry","category-evidenza-top","category-news-18","category-51","category-49","description-off"],"img_url":"https:\/\/www.radiopiu.net\/wordpress\/wp-content\/uploads\/2022\/12\/Incontro_in_Questura.jpg","_links":{"self":[{"href":"https:\/\/www.radiopiu.net\/wordpress\/wp-json\/wp\/v2\/posts\/311414","targetHints":{"allow":["GET"]}}],"collection":[{"href":"https:\/\/www.radiopiu.net\/wordpress\/wp-json\/wp\/v2\/posts"}],"about":[{"href":"https:\/\/www.radiopiu.net\/wordpress\/wp-json\/wp\/v2\/types\/post"}],"author":[{"embeddable":true,"href":"https:\/\/www.radiopiu.net\/wordpress\/wp-json\/wp\/v2\/users\/4"}],"replies":[{"embeddable":true,"href":"https:\/\/www.radiopiu.net\/wordpress\/wp-json\/wp\/v2\/comments?post=311414"}],"version-history":[{"count":0,"href":"https:\/\/www.radiopiu.net\/wordpress\/wp-json\/wp\/v2\/posts\/311414\/revisions"}],"wp:featuredmedia":[{"embeddable":true,"href":"https:\/\/www.radiopiu.net\/wordpress\/wp-json\/wp\/v2\/media\/311415"}],"wp:attachment":[{"href":"https:\/\/www.radiopiu.net\/wordpress\/wp-json\/wp\/v2\/media?parent=311414"}],"wp:term":[{"taxonomy":"category","embeddable":true,"href":"https:\/\/www.radiopiu.net\/wordpress\/wp-json\/wp\/v2\/categories?post=311414"},{"taxonomy":"post_tag","embeddable":true,"href":"https:\/\/www.radiopiu.net\/wordpress\/wp-json\/wp\/v2\/tags?post=311414"}],"curies":[{"name":"wp","href":"https:\/\/api.w.org\/{rel}","templated":true}]}}