{"id":311429,"date":"2022-12-13T23:59:53","date_gmt":"2022-12-13T22:59:53","guid":{"rendered":"https:\/\/www.radiopiu.net\/wordpress\/?p=311429"},"modified":"2022-12-14T06:09:15","modified_gmt":"2022-12-14T05:09:15","slug":"1992-la-prima-edizione-del-premio-internazionale-sala-di-cultura-de-luca-a-borgo-pra-belluno","status":"publish","type":"post","link":"https:\/\/www.radiopiu.net\/wordpress\/1992-la-prima-edizione-del-premio-internazionale-sala-di-cultura-de-luca-a-borgo-pra-belluno\/","title":{"rendered":"1992: LA PRIMA EDIZIONE  DEL PREMIO INTERNAZIONALE \u201cSALA DI CULTURA  DE LUCA\u201c A BORGO PRA (BELLUNO)"},"content":{"rendered":"<p><strong>di Renato Bona<\/strong><\/p>\n<p>Trent\u2019anni fa, il 7 novembre 1992, ebbe luogo a Borgo Pra \/Belluno) la cerimonia per il conferimento del Premio internazionale Sala di cultura \u201cDe Luca\u201d, promosso dal patron della Sala, il carissimo amico Francesco \u201cCheco\u201d De Luca\u201d, con assegnazione di medaglie per meriti culturali all\u2019allora vescovo della diocesi di Belluno-Feltre, monsignor Maffeo Ducoli (il quale cumulava nell\u2019occasione il compleanno, i 50 anni di sacerdozio e i 5 lustri dalla consacrazione a vescovo, con ben 17 anni alla guida della Diocesi di Belluno-Feltre; il presule non aveva mancato di porre l\u2019accento sulla straordinaria capacit\u00e0 di Francesco De Luca di dare tono e spessore a quel processo di integrazione tra i popoli d\u2019Europa \u201cche oggi viene messo al centro dei desideri di milioni di persone\u201d), e a due carinziani: Friedrich Koller, sindaco di Millstatt e consigliere regionale della Carinzia, e il prof. Gert Thalhammer, presidente della \u201cDante Alighieri\u201d di Spittal, da lungo tempo grandi amici della gente e dei luoghi bellunesi. Oltre ad una medaglia d\u2019oro, appositamente coniata, erano state donate ai tre personaggi incisioni dell\u2019artista Renata Carraro, e a tutti i pittori bellunesi che avevano esposto loro opere a Millstatt. E\u2019 il pi\u00f9 importante evento organizzato ed ospitato nel 1992 nella sala di cultura da quell\u2019autentico personaggio di \u201cCheco\u201d De Luca che in apertura di cerimonia, come ricorda Silvano Cavallet col servizio nel duplice libro \u201cUna ruota che gira da un quarto di secolo\u201d con tutte le attivit\u00e0 storico culturali della Sala per il periodo dal 26 maggio1980 al 26 maggio del 2005 edito a cura con la Editrice Velar di Bergamo nel dicembre 2005 (presentazione dell\u2019allora sindaco di Belluno, lo scomparso Ermano De Col e premessa dello stesso De Luca il quale aveva precisato il significato della sua iniziativa rivolta a persone diverse per storia, cultura, tradizione e persino lingua e tuttavia \u201cunite da un tenue ma solidissimo \u2018fil rouge\u2019: la vicinanza con la sala De Luca\u201d, appunto. Che meritavano di essere invitate e premiate tutte assieme. L\u201911 novembre di quello stesso anno a Borgo Pra venne allestita una collettiva di pittura e grafica di artisti austriaci a conferma di quanto ebbe modo di scrivere don Giacomo Mazzorana, direttore dell\u2019Ufficio Beni culturali della Diocesi: \u201c\u2026 il merito pi\u00f9 grande del comm. Francesco De Luca \u00e8 di essere stato e di continuare ad essere il \u2018genius loci\u2019 della sua Sala di Borgo Pra facendola divenire contenitore di iniziative prestigiose con quello spirito di accoglienza che sa trasformarsi in amicizia e che, secondo Platone, \u00e8 uno scalino ulteriore, dopo il non sempre facile apprezzamento delle forme sensibili, verso la conquista del mondo misterioso e affascinante della bellezza\u201d. Doverosamente ci scusiamo con gli altri protagonisti di eventi dell\u2019anno 1992 in \u201cDe Luca\u201d se, per ovvie ragioni di spazio, siamo costretti a ricordarli solo sinteticamente: mostra di pittura di Maurizio Berton; mostra di pittura di Jos\u00e8 Vari Roy Dal\u00ec, figlio del pi\u00f9 noto Salvador; mostra del pittore Gastone Marizza; esposizione di quadri della pittrice Maria Bianchini; convegno e successiva ex tempore di pittura dell\u2019Associazione Arcieri del Piave per il trofeo Paolo Valenti; esposizione di quadri di grandi maestri veneti: presentazione del romanzo \u201cPolitica e Provvidenza\u201d di Carlo Mazzanti; mostra di pittura di Pietro Girotto; esposizione di opere della pittrice Aldina Manaigo; mostra di scultura e grafica di Tito Dell\u2019Osbel; il vescovo di Saigon monsignor Saverio Thuam ospite della \u201cDe Luca\u201d; riunione degli aderenti al circolo culturale dialettale \u201cAl Zempedon\u201d; assemblea dell\u2019Associazione italiana cultura e sport; esposizione di quadri dell\u2019artista A. Stoviglia; collettiva di pittori aderenti alla Sala di cultura: Pinto, Penso, Carraro, Noal, Bernardi, Dalla Colletta, Girotto, Scarton; presentazione del libro \u201cGirolamo Segato\u201d di Ivano Pocchiesa e Mario Fornaro.<\/p>\n\n\t\t\t<style type='text\/css'>\n\t\t\t\t#gallery-1 {\n\t\t\t\t\tmargin: auto;\n\t\t\t\t}\n\t\t\t\t#gallery-1 .gallery-item {\n\t\t\t\t\tfloat: left;\n\t\t\t\t\tmargin-top: 10px;\n\t\t\t\t\ttext-align: center;\n\t\t\t\t\twidth: 16%;\n\t\t\t\t}\n\t\t\t\t#gallery-1 img {\n\t\t\t\t\tborder: 2px solid #cfcfcf;\n\t\t\t\t}\n\t\t\t\t#gallery-1 .gallery-caption {\n\t\t\t\t\tmargin-left: 0;\n\t\t\t\t}\n\t\t\t\t\/* see gallery_shortcode() in wp-includes\/media.php *\/\n\t\t\t<\/style>\n\t\t<div id='gallery-1' class='dt-gallery-container gallery galleryid-311429 gallery-columns-6 gallery-size-thumbnail'><dl class='gallery-item'>\n\t\t\t\t<dt class='gallery-icon landscape'>\n\t\t\t\t\t<a class=\"rollover rollover-zoom dt-pswp-item\" title=\"318925297_2434315180053211_5648725178764550782_n\" data-dt-img-description=\"\" data-large_image_width=\"675\" data-large_image_height=\"403\"href='https:\/\/www.radiopiu.net\/wordpress\/wp-content\/uploads\/2022\/12\/318925297_2434315180053211_5648725178764550782_n.jpg'><img loading=\"lazy\" decoding=\"async\" width=\"150\" height=\"150\" src=\"https:\/\/www.radiopiu.net\/wordpress\/wp-content\/uploads\/2022\/12\/318925297_2434315180053211_5648725178764550782_n-150x150.jpg\" class=\"attachment-thumbnail size-thumbnail\" alt=\"\" \/><\/a>\n\t\t\t\t<\/dt><\/dl><dl class='gallery-item'>\n\t\t\t\t<dt class='gallery-icon portrait'>\n\t\t\t\t\t<a class=\"rollover rollover-zoom dt-pswp-item\" title=\"318942678_818413965919711_7667485640035468589_n\" data-dt-img-description=\"\" data-large_image_width=\"320\" data-large_image_height=\"402\"href='https:\/\/www.radiopiu.net\/wordpress\/wp-content\/uploads\/2022\/12\/318942678_818413965919711_7667485640035468589_n.jpg'><img loading=\"lazy\" decoding=\"async\" width=\"150\" height=\"150\" src=\"https:\/\/www.radiopiu.net\/wordpress\/wp-content\/uploads\/2022\/12\/318942678_818413965919711_7667485640035468589_n-150x150.jpg\" class=\"attachment-thumbnail size-thumbnail\" alt=\"\" \/><\/a>\n\t\t\t\t<\/dt><\/dl><dl class='gallery-item'>\n\t\t\t\t<dt class='gallery-icon landscape'>\n\t\t\t\t\t<a class=\"rollover rollover-zoom dt-pswp-item\" title=\"318214004_675523440627999_8605766411342513192_n\" data-dt-img-description=\"\" data-large_image_width=\"625\" data-large_image_height=\"403\"href='https:\/\/www.radiopiu.net\/wordpress\/wp-content\/uploads\/2022\/12\/318214004_675523440627999_8605766411342513192_n.jpg'><img loading=\"lazy\" decoding=\"async\" width=\"150\" height=\"150\" src=\"https:\/\/www.radiopiu.net\/wordpress\/wp-content\/uploads\/2022\/12\/318214004_675523440627999_8605766411342513192_n-150x150.jpg\" class=\"attachment-thumbnail size-thumbnail\" alt=\"\" \/><\/a>\n\t\t\t\t<\/dt><\/dl><dl class='gallery-item'>\n\t\t\t\t<dt class='gallery-icon landscape'>\n\t\t\t\t\t<a class=\"rollover rollover-zoom dt-pswp-item\" title=\"319244500_515005480392339_1335227792761198840_n\" data-dt-img-description=\"\" data-large_image_width=\"1048\" data-large_image_height=\"403\"href='https:\/\/www.radiopiu.net\/wordpress\/wp-content\/uploads\/2022\/12\/319244500_515005480392339_1335227792761198840_n.jpg'><img loading=\"lazy\" decoding=\"async\" width=\"150\" height=\"150\" src=\"https:\/\/www.radiopiu.net\/wordpress\/wp-content\/uploads\/2022\/12\/319244500_515005480392339_1335227792761198840_n-150x150.jpg\" class=\"attachment-thumbnail size-thumbnail\" alt=\"\" \/><\/a>\n\t\t\t\t<\/dt><\/dl><dl class='gallery-item'>\n\t\t\t\t<dt class='gallery-icon landscape'>\n\t\t\t\t\t<a class=\"rollover rollover-zoom dt-pswp-item\" title=\"318559991_1255386968355395_9185733448730015995_n\" data-dt-img-description=\"\" data-large_image_width=\"711\" data-large_image_height=\"403\"href='https:\/\/www.radiopiu.net\/wordpress\/wp-content\/uploads\/2022\/12\/318559991_1255386968355395_9185733448730015995_n.jpg'><img loading=\"lazy\" decoding=\"async\" width=\"150\" height=\"150\" src=\"https:\/\/www.radiopiu.net\/wordpress\/wp-content\/uploads\/2022\/12\/318559991_1255386968355395_9185733448730015995_n-150x150.jpg\" class=\"attachment-thumbnail size-thumbnail\" alt=\"\" \/><\/a>\n\t\t\t\t<\/dt><\/dl><dl class='gallery-item'>\n\t\t\t\t<dt class='gallery-icon portrait'>\n\t\t\t\t\t<a class=\"rollover rollover-zoom dt-pswp-item\" title=\"318656499_449387094049576_116510018855935049_n\" data-dt-img-description=\"\" data-large_image_width=\"302\" data-large_image_height=\"414\"href='https:\/\/www.radiopiu.net\/wordpress\/wp-content\/uploads\/2022\/12\/318656499_449387094049576_116510018855935049_n.jpg'><img loading=\"lazy\" decoding=\"async\" width=\"150\" height=\"150\" src=\"https:\/\/www.radiopiu.net\/wordpress\/wp-content\/uploads\/2022\/12\/318656499_449387094049576_116510018855935049_n-150x150.jpg\" class=\"attachment-thumbnail size-thumbnail\" alt=\"\" \/><\/a>\n\t\t\t\t<\/dt><\/dl><br style=\"clear: both\" \/><dl class='gallery-item'>\n\t\t\t\t<dt class='gallery-icon landscape'>\n\t\t\t\t\t<a class=\"rollover rollover-zoom dt-pswp-item\" title=\"318451297_695257318662777_4206738625641892711_n\" data-dt-img-description=\"\" data-large_image_width=\"638\" data-large_image_height=\"403\"href='https:\/\/www.radiopiu.net\/wordpress\/wp-content\/uploads\/2022\/12\/318451297_695257318662777_4206738625641892711_n.jpg'><img loading=\"lazy\" decoding=\"async\" width=\"150\" height=\"150\" src=\"https:\/\/www.radiopiu.net\/wordpress\/wp-content\/uploads\/2022\/12\/318451297_695257318662777_4206738625641892711_n-150x150.jpg\" class=\"attachment-thumbnail size-thumbnail\" alt=\"\" \/><\/a>\n\t\t\t\t<\/dt><\/dl><dl class='gallery-item'>\n\t\t\t\t<dt class='gallery-icon landscape'>\n\t\t\t\t\t<a class=\"rollover rollover-zoom dt-pswp-item\" title=\"319499299_601486715316202_8311973584956753114_n\" data-dt-img-description=\"\" data-large_image_width=\"539\" data-large_image_height=\"403\"href='https:\/\/www.radiopiu.net\/wordpress\/wp-content\/uploads\/2022\/12\/319499299_601486715316202_8311973584956753114_n.jpg'><img loading=\"lazy\" decoding=\"async\" width=\"150\" height=\"150\" src=\"https:\/\/www.radiopiu.net\/wordpress\/wp-content\/uploads\/2022\/12\/319499299_601486715316202_8311973584956753114_n-150x150.jpg\" class=\"attachment-thumbnail size-thumbnail\" alt=\"\" \/><\/a>\n\t\t\t\t<\/dt><\/dl><dl class='gallery-item'>\n\t\t\t\t<dt class='gallery-icon landscape'>\n\t\t\t\t\t<a class=\"rollover rollover-zoom dt-pswp-item\" title=\"318837485_1226935688168073_4580023076178746285_n\" data-dt-img-description=\"\" data-large_image_width=\"600\" data-large_image_height=\"401\"href='https:\/\/www.radiopiu.net\/wordpress\/wp-content\/uploads\/2022\/12\/318837485_1226935688168073_4580023076178746285_n.jpg'><img loading=\"lazy\" decoding=\"async\" width=\"150\" height=\"150\" src=\"https:\/\/www.radiopiu.net\/wordpress\/wp-content\/uploads\/2022\/12\/318837485_1226935688168073_4580023076178746285_n-150x150.jpg\" class=\"attachment-thumbnail size-thumbnail\" alt=\"\" \/><\/a>\n\t\t\t\t<\/dt><\/dl><dl class='gallery-item'>\n\t\t\t\t<dt class='gallery-icon portrait'>\n\t\t\t\t\t<a class=\"rollover rollover-zoom dt-pswp-item\" title=\"319162457_455754173389422_3250613746994667583_n\" data-dt-img-description=\"\" data-large_image_width=\"335\" data-large_image_height=\"403\"href='https:\/\/www.radiopiu.net\/wordpress\/wp-content\/uploads\/2022\/12\/319162457_455754173389422_3250613746994667583_n.jpg'><img loading=\"lazy\" decoding=\"async\" width=\"150\" height=\"150\" src=\"https:\/\/www.radiopiu.net\/wordpress\/wp-content\/uploads\/2022\/12\/319162457_455754173389422_3250613746994667583_n-150x150.jpg\" class=\"attachment-thumbnail size-thumbnail\" alt=\"\" \/><\/a>\n\t\t\t\t<\/dt><\/dl><dl class='gallery-item'>\n\t\t\t\t<dt class='gallery-icon portrait'>\n\t\t\t\t\t<a class=\"rollover rollover-zoom dt-pswp-item\" title=\"318970960_854241075824603_5349753923162189146_n\" data-dt-img-description=\"\" data-large_image_width=\"300\" data-large_image_height=\"417\"href='https:\/\/www.radiopiu.net\/wordpress\/wp-content\/uploads\/2022\/12\/318970960_854241075824603_5349753923162189146_n.jpg'><img loading=\"lazy\" decoding=\"async\" width=\"150\" height=\"150\" src=\"https:\/\/www.radiopiu.net\/wordpress\/wp-content\/uploads\/2022\/12\/318970960_854241075824603_5349753923162189146_n-150x150.jpg\" class=\"attachment-thumbnail size-thumbnail\" alt=\"\" \/><\/a>\n\t\t\t\t<\/dt><\/dl><dl class='gallery-item'>\n\t\t\t\t<dt class='gallery-icon landscape'>\n\t\t\t\t\t<a class=\"rollover rollover-zoom dt-pswp-item\" title=\"318650358_1167985294156128_5646507222710360428_n\" data-dt-img-description=\"\" data-large_image_width=\"537\" data-large_image_height=\"403\"href='https:\/\/www.radiopiu.net\/wordpress\/wp-content\/uploads\/2022\/12\/318650358_1167985294156128_5646507222710360428_n.jpg'><img loading=\"lazy\" decoding=\"async\" width=\"150\" height=\"150\" src=\"https:\/\/www.radiopiu.net\/wordpress\/wp-content\/uploads\/2022\/12\/318650358_1167985294156128_5646507222710360428_n-150x150.jpg\" class=\"attachment-thumbnail size-thumbnail\" alt=\"\" \/><\/a>\n\t\t\t\t<\/dt><\/dl><br style=\"clear: both\" \/>\n\t\t\t<\/div>\n\n<p>&nbsp;<\/p>\n<p>NELLE FOTO (riproduzioni dal primo libro di Francesco De Luca): i tre personaggi del Premio internazionale \u201cDe Luca\u201d, da sinistra; Koller, il vescovo Ducoli, Thalhammer; l\u2019incisione di Renata Carraro donata ai tre benemeriti della cultura e agli artisti bellunesi che hanno esposto in Austria; momenti della cerimonia nella sala di Borgo Pra; il pubblico intervenuto alla presentazione della collettiva di 4 artisti austriaci; l\u2019artista Jos\u00e8 Van Roy Dal\u00ec: successo alla De Luca; Gastone Marizza; Maria Bianchini \u201cpoetessa della luce\u201d; un momento della 9. Coppa delle Regioni trofeo Paolo Valenti; lo scrittore Giusepper Pertile con Francesco \u201cCheco\u201d De Luca (sulla destra); presentazione della personale della \u201cpittrice delle montagne\u201d Aldina Manaigo.<\/p>\n<p>&nbsp;<\/p>\n<p>&nbsp;<\/p>\n<p>*******<\/p>\n","protected":false},"excerpt":{"rendered":"<p>di Renato Bona Trent\u2019anni fa, il 7 novembre 1992, ebbe luogo a Borgo Pra \/Belluno) la cerimonia per il conferimento del Premio internazionale Sala di cultura \u201cDe Luca\u201d, promosso dal patron della Sala, il carissimo amico Francesco \u201cCheco\u201d De Luca\u201d, con assegnazione di medaglie per meriti culturali all\u2019allora vescovo della diocesi di Belluno-Feltre, monsignor Maffeo&hellip;<\/p>\n","protected":false},"author":4,"featured_media":311441,"comment_status":"closed","ping_status":"closed","sticky":false,"template":"","format":"standard","meta":{"_monsterinsights_skip_tracking":false,"_monsterinsights_sitenote_active":false,"_monsterinsights_sitenote_note":"","_monsterinsights_sitenote_category":0,"footnotes":""},"categories":[104,49],"tags":[],"class_list":["post-311429","post","type-post","status-publish","format-standard","has-post-thumbnail","hentry","category-evidenza_3","category-news-18","category-104","category-49","description-off"],"img_url":"https:\/\/www.radiopiu.net\/wordpress\/wp-content\/uploads\/2022\/12\/318650358_1167985294156128_5646507222710360428_n.jpg","_links":{"self":[{"href":"https:\/\/www.radiopiu.net\/wordpress\/wp-json\/wp\/v2\/posts\/311429","targetHints":{"allow":["GET"]}}],"collection":[{"href":"https:\/\/www.radiopiu.net\/wordpress\/wp-json\/wp\/v2\/posts"}],"about":[{"href":"https:\/\/www.radiopiu.net\/wordpress\/wp-json\/wp\/v2\/types\/post"}],"author":[{"embeddable":true,"href":"https:\/\/www.radiopiu.net\/wordpress\/wp-json\/wp\/v2\/users\/4"}],"replies":[{"embeddable":true,"href":"https:\/\/www.radiopiu.net\/wordpress\/wp-json\/wp\/v2\/comments?post=311429"}],"version-history":[{"count":0,"href":"https:\/\/www.radiopiu.net\/wordpress\/wp-json\/wp\/v2\/posts\/311429\/revisions"}],"wp:featuredmedia":[{"embeddable":true,"href":"https:\/\/www.radiopiu.net\/wordpress\/wp-json\/wp\/v2\/media\/311441"}],"wp:attachment":[{"href":"https:\/\/www.radiopiu.net\/wordpress\/wp-json\/wp\/v2\/media?parent=311429"}],"wp:term":[{"taxonomy":"category","embeddable":true,"href":"https:\/\/www.radiopiu.net\/wordpress\/wp-json\/wp\/v2\/categories?post=311429"},{"taxonomy":"post_tag","embeddable":true,"href":"https:\/\/www.radiopiu.net\/wordpress\/wp-json\/wp\/v2\/tags?post=311429"}],"curies":[{"name":"wp","href":"https:\/\/api.w.org\/{rel}","templated":true}]}}