{"id":311472,"date":"2022-12-15T05:24:42","date_gmt":"2022-12-15T04:24:42","guid":{"rendered":"https:\/\/www.radiopiu.net\/wordpress\/?p=311472"},"modified":"2022-12-15T10:41:31","modified_gmt":"2022-12-15T09:41:31","slug":"giornale-radiopiu-15-dicembre-2022-direttore-mirko-mezzacasa","status":"publish","type":"post","link":"https:\/\/www.radiopiu.net\/wordpress\/giornale-radiopiu-15-dicembre-2022-direttore-mirko-mezzacasa\/","title":{"rendered":"GIORNALE RADIOPIU 15 DICEMBRE 2022 DIRETTORE MIRKO MEZZACASA"},"content":{"rendered":"<h3 class=\"kvgmc6g5 cxmmr5t8 oygrvhab hcukyx3x c1et5uql\"><span style=\"color: #0000ff;\"><strong>RADIO PIU INFORMAZIONE il canale su TELEGRAM informazione di prima\u00a0 <\/strong><strong>mano e in tempo reale. iscriviti ed aiutaci a farlo conoscere\u00a0<\/strong><\/span><\/h3>\n<p>&nbsp;<\/p>\n<p><strong>E IL MERCOLEDI&#8230;. DEDICHE E RICHIESTE COME 40 ANNI FA. IL PROGRAMMA CON Simonetta Tom\u00e8, Marco Gaz, Moreno Tocchetto, Mirko Mezzacasa. OSPITI William Da Roit, Marco &#8220;peta&#8221; De Toni, Andrea Baldassi, Andrea Rumor, Roberto Murer, Eugenio Penoni &#8220;Dj Brigante&#8221; e l&#8217;imitatore Marco V. Dal Farra\u00a0<\/strong><br \/>\n<span style=\"color: #ff0000;\">RIVEDILO&#8230; RIASCOLTALO<\/span><\/p>\n<p><iframe loading=\"lazy\" title=\"DEDICHE E RICHIESTE - 14 DICEMBRE 2022\" width=\"1200\" height=\"675\" src=\"https:\/\/www.youtube.com\/embed\/eANqZuwUtfo?feature=oembed\" frameborder=\"0\" allow=\"accelerometer; autoplay; clipboard-write; encrypted-media; gyroscope; picture-in-picture\" allowfullscreen><\/iframe><\/p>\n<p>&nbsp;<\/p>\n<h2><span style=\"color: #ff0000;\">ISCRIVITI AL NOSTRO CANALE YOUTUBE PER SEGUIRE IN DIRETTA I PRINCIPALI PROGRAMMI DI RADIO PIU&#8217; E LE FUTURE DIRETTE IN ESTERNA. PER ISCRIVERTI <a style=\"color: #ff0000;\" href=\"https:\/\/youtube.com\/@radiopiu1527\">CLICCA QUI<\/a> E PREMI IL TASTO &#8220;Iscriviti&#8221;\u00a0<\/span><\/h2>\n<p>&nbsp;<\/p>\n<hr \/>\n<p>&nbsp;<\/p>\n<blockquote>\n<h3>OGGI L&#8217;ULTIMO SALUTO A GIANCARLO FANT, MAESTRO DEL COMMERCIO<\/h3>\n<\/blockquote>\n<p><strong><a class=\"dt-pswp-item\" href=\"https:\/\/www.radiopiu.net\/wordpress\/wp-content\/uploads\/2022\/12\/Senza-nome-75.jpg\" data-dt-img-description=\"\" data-large_image_width=\"183\" data-large_image_height=\"180\"><img loading=\"lazy\" decoding=\"async\" class=\" wp-image-311484 alignleft\" src=\"https:\/\/www.radiopiu.net\/wordpress\/wp-content\/uploads\/2022\/12\/Senza-nome-75.jpg\" alt=\"\" width=\"131\" height=\"129\" \/><\/a>SEDICO<\/strong> Si svolgeranno oggi a San Fermo alle 11 i funerali di Giovanni &#8220;Giancarlo&#8221; Fant (77anni), di professione commerciante fond\u00f2 la Ceramiche Marmolada nel 1974, con sede prima a Bribano e poi a Sedico. Fino al 1995 ha proposto, nel suo negozio, piastrelle e arredo casa. Appassionato di biciclette da corsa aveva fondato con un gruppo di amici la Societ\u00e0 ciclo amatoriale Ceramiche Marmolada, contribu\u00ec inoltre allo sviluppo della pallavolo Sedico. Lascia la moglie Fernanda e i figli Federica, Barbara e Fabio.<\/p>\n<p>&nbsp;<\/p>\n<p>&nbsp;<\/p>\n<hr \/>\n<p>&nbsp;<\/p>\n<blockquote>\n<h3>LA PROCURA HA ARCHIVIATO IL SUICIDIO DI CLOE<\/h3>\n<\/blockquote>\n<p><a class=\"dt-pswp-item\" href=\"https:\/\/www.radiopiu.net\/wordpress\/wp-content\/uploads\/2022\/12\/Senza-nome-79.jpg\" data-dt-img-description=\"\" data-large_image_width=\"152\" data-large_image_height=\"184\"><img loading=\"lazy\" decoding=\"async\" class=\"wp-image-311650 alignleft\" src=\"https:\/\/www.radiopiu.net\/wordpress\/wp-content\/uploads\/2022\/12\/Senza-nome-79.jpg\" alt=\"\" width=\"87\" height=\"105\" \/><\/a><br \/>\n<strong>BELLUNO<\/strong> Archiviata l&#8217;inchiesta aperta dopo il suicidio di Cloe Bianco, al secolo Luca Bianco, di Marcon (Venezia), insegnante all&#8217;istituto Scarpa-Mattei di San Don\u00e0 di Piave,\u00a0 transgender di 58 anni,\u00a0 che lo scorso mese di giugno si \u00e8 tolta la vita nella sua roulotte parcheggiata nei boschi tra Auronzo e Misurina. Nessuna istigazione al suicidio.\u00a0 La sua vita \u00e8 terminata dopo un periodo di isolamento e una lunga lettera pubblicata sul blog personale\u00a0 in cui traspariva tutta la sofferenza provata negli ultimi anni.<\/p>\n<p>&nbsp;<\/p>\n<p>&nbsp;<\/p>\n<hr \/>\n<p>&nbsp;<\/p>\n<blockquote>\n<h3 class=\"entry-title\">FUORI STRADA LUNGO LA 48 DELLE DOLOMITI<\/h3>\n<\/blockquote>\n<p><strong>LIVINALLONGO<\/strong> Nessuna conseguenza grave per l\u2019autista della mercedes station wagon che ha perso il controllo dell\u2019auto finita fuori strada sulla destra mentre saliva verso il centro del paese di Arabba (da Livinallongo) lungo la regionale 48 delle Dolomiti in un tratto peraltro che non presenta curve insidiose in prossimit\u00e0 dell\u2019hotel Evaldo. Forse una disattenzione, un colpo di sonno, di certo un po\u2019 di paura per la famiglia della slovenia ritrovatasi improvvisamente nell\u2019auto con le ruote all\u2019aria, a pochi metri da un\u2019altra auto parcheggiata. L\u2019intervento dei Carabinieri, Vigili del Fuoco e ambulanza della locale Croce Bianca \u00e8 stato comunque immediato<\/p>\n\n\t\t\t<style type='text\/css'>\n\t\t\t\t#gallery-1 {\n\t\t\t\t\tmargin: auto;\n\t\t\t\t}\n\t\t\t\t#gallery-1 .gallery-item {\n\t\t\t\t\tfloat: left;\n\t\t\t\t\tmargin-top: 10px;\n\t\t\t\t\ttext-align: center;\n\t\t\t\t\twidth: 33%;\n\t\t\t\t}\n\t\t\t\t#gallery-1 img {\n\t\t\t\t\tborder: 2px solid #cfcfcf;\n\t\t\t\t}\n\t\t\t\t#gallery-1 .gallery-caption {\n\t\t\t\t\tmargin-left: 0;\n\t\t\t\t}\n\t\t\t\t\/* see gallery_shortcode() in wp-includes\/media.php *\/\n\t\t\t<\/style>\n\t\t<div id='gallery-1' class='dt-gallery-container gallery galleryid-311472 gallery-columns-3 gallery-size-thumbnail'><dl class='gallery-item'>\n\t\t\t\t<dt class='gallery-icon landscape'>\n\t\t\t\t\t<a class=\"rollover rollover-zoom dt-pswp-item\" title=\"4269b340-a095-4a6f-b7b0-9f18a08c97cb\" data-dt-img-description=\"\" data-large_image_width=\"1024\" data-large_image_height=\"768\"href='https:\/\/www.radiopiu.net\/wordpress\/wp-content\/uploads\/2022\/12\/4269b340-a095-4a6f-b7b0-9f18a08c97cb.jpg'><img loading=\"lazy\" decoding=\"async\" width=\"150\" height=\"150\" src=\"https:\/\/www.radiopiu.net\/wordpress\/wp-content\/uploads\/2022\/12\/4269b340-a095-4a6f-b7b0-9f18a08c97cb-150x150.jpg\" class=\"attachment-thumbnail size-thumbnail\" alt=\"\" \/><\/a>\n\t\t\t\t<\/dt><\/dl><dl class='gallery-item'>\n\t\t\t\t<dt class='gallery-icon landscape'>\n\t\t\t\t\t<a class=\"rollover rollover-zoom dt-pswp-item\" title=\"4d8ab1c0-077a-41c5-9bc5-48201aa65ca1\" data-dt-img-description=\"\" data-large_image_width=\"960\" data-large_image_height=\"720\"href='https:\/\/www.radiopiu.net\/wordpress\/wp-content\/uploads\/2022\/12\/4d8ab1c0-077a-41c5-9bc5-48201aa65ca1.jpg'><img loading=\"lazy\" decoding=\"async\" width=\"150\" height=\"150\" src=\"https:\/\/www.radiopiu.net\/wordpress\/wp-content\/uploads\/2022\/12\/4d8ab1c0-077a-41c5-9bc5-48201aa65ca1-150x150.jpg\" class=\"attachment-thumbnail size-thumbnail\" alt=\"\" \/><\/a>\n\t\t\t\t<\/dt><\/dl><dl class='gallery-item'>\n\t\t\t\t<dt class='gallery-icon landscape'>\n\t\t\t\t\t<a class=\"rollover rollover-zoom dt-pswp-item\" title=\"73b8ec07-7cf9-4584-a167-c9ce48d8f8c0\" data-dt-img-description=\"\" data-large_image_width=\"1280\" data-large_image_height=\"960\"href='https:\/\/www.radiopiu.net\/wordpress\/wp-content\/uploads\/2022\/12\/73b8ec07-7cf9-4584-a167-c9ce48d8f8c0.jpg'><img loading=\"lazy\" decoding=\"async\" width=\"150\" height=\"150\" src=\"https:\/\/www.radiopiu.net\/wordpress\/wp-content\/uploads\/2022\/12\/73b8ec07-7cf9-4584-a167-c9ce48d8f8c0-150x150.jpg\" class=\"attachment-thumbnail size-thumbnail\" alt=\"\" \/><\/a>\n\t\t\t\t<\/dt><\/dl><br style=\"clear: both\" \/>\n\t\t\t<\/div>\n\n<p>&nbsp;<\/p>\n<hr \/>\n<p>&nbsp;<\/p>\n<blockquote>\n<h3>SCIOPERO GENERALE CGIL, IL PRESIDIO NELLA ZONA INDUSTRIALE DI LIMANA<\/h3>\n<\/blockquote>\n<p><strong><a class=\"dt-pswp-item\" href=\"https:\/\/www.radiopiu.net\/wordpress\/wp-content\/uploads\/2022\/12\/3869f376-3833-47c6-b580-9fedb245ab71.jpg\" data-dt-img-description=\"\" data-large_image_width=\"1024\" data-large_image_height=\"768\"><img loading=\"lazy\" decoding=\"async\" class=\" wp-image-311589 alignleft\" src=\"https:\/\/www.radiopiu.net\/wordpress\/wp-content\/uploads\/2022\/12\/3869f376-3833-47c6-b580-9fedb245ab71-300x225.jpg\" alt=\"\" width=\"143\" height=\"107\" srcset=\"https:\/\/www.radiopiu.net\/wordpress\/wp-content\/uploads\/2022\/12\/3869f376-3833-47c6-b580-9fedb245ab71-300x225.jpg 300w, https:\/\/www.radiopiu.net\/wordpress\/wp-content\/uploads\/2022\/12\/3869f376-3833-47c6-b580-9fedb245ab71-768x576.jpg 768w, https:\/\/www.radiopiu.net\/wordpress\/wp-content\/uploads\/2022\/12\/3869f376-3833-47c6-b580-9fedb245ab71.jpg 1024w\" sizes=\"auto, (max-width: 143px) 100vw, 143px\" \/><\/a>LIMANA<\/strong> Buona la risposta dei lavoratori allo sciopero generale indetto dalla CGIL contro la Legge di Bilancio: questo pomeriggio in tutto il Veneto lavoratori in piazza, a Belluno si \u00e8 scelta la zona industriale di Limana.<\/p>\n<p><strong>di Daniele Dalvit<\/strong><\/p>\n<audio class=\"wp-audio-shortcode\" id=\"audio-311472-1\" preload=\"none\" style=\"width: 100%;\" controls=\"controls\"><source type=\"audio\/mpeg\" src=\"https:\/\/www.radiopiu.net\/wordpress\/wp-content\/uploads\/2022\/12\/DALVIT-MANIFESTAZIONE-CGIL-1.mp3?_=1\" \/><a href=\"https:\/\/www.radiopiu.net\/wordpress\/wp-content\/uploads\/2022\/12\/DALVIT-MANIFESTAZIONE-CGIL-1.mp3\">https:\/\/www.radiopiu.net\/wordpress\/wp-content\/uploads\/2022\/12\/DALVIT-MANIFESTAZIONE-CGIL-1.mp3<\/a><\/audio>\n<p>&nbsp;<\/p>\n<hr \/>\n<p>&nbsp;<\/p>\n<blockquote>\n<h3>IL RITORNO DEL LUPO, QUALE CONVIVENZA? SABATO IL CONVEGNO<\/h3>\n<\/blockquote>\n<p><strong><a class=\"dt-pswp-item\" href=\"https:\/\/www.radiopiu.net\/wordpress\/wp-content\/uploads\/2022\/12\/232b3d51-0a29-429d-b7f9-43596670b14c.jpg\" data-dt-img-description=\"\" data-large_image_width=\"1344\" data-large_image_height=\"756\"><img loading=\"lazy\" decoding=\"async\" class=\"size-medium wp-image-311528 alignleft\" src=\"https:\/\/www.radiopiu.net\/wordpress\/wp-content\/uploads\/2022\/12\/232b3d51-0a29-429d-b7f9-43596670b14c-300x169.jpg\" alt=\"\" width=\"300\" height=\"169\" srcset=\"https:\/\/www.radiopiu.net\/wordpress\/wp-content\/uploads\/2022\/12\/232b3d51-0a29-429d-b7f9-43596670b14c-300x169.jpg 300w, https:\/\/www.radiopiu.net\/wordpress\/wp-content\/uploads\/2022\/12\/232b3d51-0a29-429d-b7f9-43596670b14c-1024x576.jpg 1024w, https:\/\/www.radiopiu.net\/wordpress\/wp-content\/uploads\/2022\/12\/232b3d51-0a29-429d-b7f9-43596670b14c-768x432.jpg 768w, https:\/\/www.radiopiu.net\/wordpress\/wp-content\/uploads\/2022\/12\/232b3d51-0a29-429d-b7f9-43596670b14c.jpg 1344w\" sizes=\"auto, (max-width: 300px) 100vw, 300px\" \/><\/a>BELLUNO<\/strong>\u00a0 \u201cIl ritorno del lupo: quale convivenza?\u201d \u00e8 il titolo del convegno in programma sabato 17 dicembre alle 15.30 alla ex Casa Rossa di Ponte nelle Alpi. L\u2019incontro \u00e8 organizzato da Provincia di Belluno e Comune di Ponte nelle Alpi. Interverranno Duccio Berzi (dell\u2019Universit\u00e0 di Sassari, attivo fin dagli anni Novanta nei monitoraggi del lupo) e Marco Apollonio (professore ordinario dell\u2019Universit\u00e0 di Sassari, docente di medicina veterinaria) che sono rispettivamente coordinatore e responsabile del progetto di gestione proattiva del lupo in Veneto. I due esperti apriranno e chiuderanno i lavori, coordinando gli interventi di Christian Losso (Polizia Provinciale di Belluno) sul monitoraggio dei lupi; di Enrico Vettorazzo (Parco nazionale Dolomiti bellunesi) sulle azioni per migliorare la coesistenza tra lupo e attivit\u00e0 umane nel territorio del Parco; e di Pietro Salvadori (direttore della Direzione Agroambiente della Regione Veneto) sulle attivit\u00e0 di prevenzione e risarcimento danni. <em>\u00abSar\u00e0 un convegno dal taglio scientifico -spiega il consigliere provinciale Franco De Bon &#8211;\u00a0 perch\u00e9 \u00e8 solo da una conoscenza profonda del fenomeno che si pu\u00f2 pensare alla declinazione di una gestione oculata e corretta. Partiremo da una domanda: \u00e8 vantaggiosa per il territorio la presenza del lupo?<\/em>.\u00a0<em> Non possiamo nascondere che ci sia qualche difficolt\u00e0 per la zootecnia &#8211; che rappresenta uno scrigno di biodiversit\u00e0 oltre che di cura e manutenzione del territorio &#8211; e anche qualche allarme sociale sollevato negli ultimi anni&#8221;\u00a0<\/em><\/p>\n<p>&nbsp;<\/p>\n<hr \/>\n<p>&nbsp;<\/p>\n<blockquote>\n<h3>UN ABETE BELLUNESE A PALAZZO CHIGI. L&#8217;ALBERO DI NATALE DONATO DALLA PROVINCIA DI BELLUNO<\/h3>\n<\/blockquote>\n<p><strong>ROMA<\/strong> \u00c8 stato acceso, a Roma, l\u2019albero di Natale di Palazzo Chigi. Si tratta di un abete bianco prelevato dal territorio comunale di Vigo di Cadore e donato alla Presidenza del Consiglio dei Ministri dalla Provincia di Belluno. Una tradizione ormai, dato che l\u2019albero di Natale della sede del premier per il quinto anno di fila proviene dai boschi del Bellunese, consegnato dagli alpini dell\u2019Ana. Una piacevole consuetudine cominciata nell\u2019anno della tempesta Vaia, per accendere i riflettori sulla fragilit\u00e0 e sulla bellezza della montagna, due facce della stessa medaglia. Alla breve cerimonia di accensione\u00a0 erano presenti il presidente della Provincia Roberto Padrin, il consigliere provinciale Mattia Gosetti, la sindaca di Vigo di Cadore Silvia Calligaro con la sua amministrazione comunale, e il senatore Luca De Carlo. \u00ab<em>Per la Provincia di Belluno \u00e8 un onore quello di offrire l\u2019albero di Natale a Palazzo Chigi, e ringrazio gli alpini per l\u2019ottima consegna<\/em>\u00bb commenta il presidente Padrin. \u00ab<em>Vuole essere un omaggio della montagna, un modo per avvicinare centro e periferia, ma anche per lanciare un segnale sulla fragilit\u00e0 delle terre alte, di cui proprio Vigo \u00e8 un esempio. Terre alte che sono bellissime, dal punto di vista ambientale e paesaggistico, ma allo stesso tempo sono soggette a dinamiche di spopolamento che non riusciamo a fermare senza l\u2019aiuto del governo<\/em>\u00bb. Il presidente Padrin ha portato l\u2019augurio di buon Natale del Bellunese anche al Segretario di Stato della Santa Sede, il cardinale Pietro Parolin, insieme al sindaco di Lorenzago, Comune dal quale da anni proviene l\u2019abete natalizio del Palazzo Apostolico Vaticano.<\/p>\n\n\t\t\t<style type='text\/css'>\n\t\t\t\t#gallery-2 {\n\t\t\t\t\tmargin: auto;\n\t\t\t\t}\n\t\t\t\t#gallery-2 .gallery-item {\n\t\t\t\t\tfloat: left;\n\t\t\t\t\tmargin-top: 10px;\n\t\t\t\t\ttext-align: center;\n\t\t\t\t\twidth: 33%;\n\t\t\t\t}\n\t\t\t\t#gallery-2 img {\n\t\t\t\t\tborder: 2px solid #cfcfcf;\n\t\t\t\t}\n\t\t\t\t#gallery-2 .gallery-caption {\n\t\t\t\t\tmargin-left: 0;\n\t\t\t\t}\n\t\t\t\t\/* see gallery_shortcode() in wp-includes\/media.php *\/\n\t\t\t<\/style>\n\t\t<div id='gallery-2' class='dt-gallery-container gallery galleryid-311472 gallery-columns-3 gallery-size-thumbnail'><dl class='gallery-item'>\n\t\t\t\t<dt class='gallery-icon landscape'>\n\t\t\t\t\t<a class=\"rollover rollover-zoom dt-pswp-item\" title=\"84e40e29-894d-4e90-98bb-e19e059219a9\" data-dt-img-description=\"\" data-large_image_width=\"2048\" data-large_image_height=\"1536\"href='https:\/\/www.radiopiu.net\/wordpress\/wp-content\/uploads\/2022\/12\/84e40e29-894d-4e90-98bb-e19e059219a9.jpg'><img loading=\"lazy\" decoding=\"async\" width=\"150\" height=\"150\" src=\"https:\/\/www.radiopiu.net\/wordpress\/wp-content\/uploads\/2022\/12\/84e40e29-894d-4e90-98bb-e19e059219a9-150x150.jpg\" class=\"attachment-thumbnail size-thumbnail\" alt=\"\" aria-describedby=\"gallery-2-311583\" \/><\/a>\n\t\t\t\t<\/dt>\n\t\t\t\t\t<dd class='wp-caption-text gallery-caption' id='gallery-2-311583'>\n\t\t\t\t\tPALAZZO APOSTOLICO VATICANO\n\t\t\t\t\t<\/dd><\/dl><dl class='gallery-item'>\n\t\t\t\t<dt class='gallery-icon landscape'>\n\t\t\t\t\t<a class=\"rollover rollover-zoom dt-pswp-item\" title=\"f8837f54-2fbb-4dfc-9445-1c4a404247c9\" data-dt-img-description=\"\" data-large_image_width=\"1024\" data-large_image_height=\"683\"href='https:\/\/www.radiopiu.net\/wordpress\/wp-content\/uploads\/2022\/12\/f8837f54-2fbb-4dfc-9445-1c4a404247c9.jpg'><img loading=\"lazy\" decoding=\"async\" width=\"150\" height=\"150\" src=\"https:\/\/www.radiopiu.net\/wordpress\/wp-content\/uploads\/2022\/12\/f8837f54-2fbb-4dfc-9445-1c4a404247c9-150x150.jpg\" class=\"attachment-thumbnail size-thumbnail\" alt=\"\" aria-describedby=\"gallery-2-311584\" \/><\/a>\n\t\t\t\t<\/dt>\n\t\t\t\t\t<dd class='wp-caption-text gallery-caption' id='gallery-2-311584'>\n\t\t\t\t\tPALAZZO CHIGI\n\t\t\t\t\t<\/dd><\/dl><dl class='gallery-item'>\n\t\t\t\t<dt class='gallery-icon portrait'>\n\t\t\t\t\t<a class=\"rollover rollover-zoom dt-pswp-item\" title=\"811b84cc-8904-4c9b-add2-eb8fc10c9a97\" data-dt-img-description=\"\" data-large_image_width=\"1080\" data-large_image_height=\"1920\"href='https:\/\/www.radiopiu.net\/wordpress\/wp-content\/uploads\/2022\/12\/811b84cc-8904-4c9b-add2-eb8fc10c9a97.jpg'><img loading=\"lazy\" decoding=\"async\" width=\"150\" height=\"150\" src=\"https:\/\/www.radiopiu.net\/wordpress\/wp-content\/uploads\/2022\/12\/811b84cc-8904-4c9b-add2-eb8fc10c9a97-150x150.jpg\" class=\"attachment-thumbnail size-thumbnail\" alt=\"\" aria-describedby=\"gallery-2-311609\" \/><\/a>\n\t\t\t\t<\/dt>\n\t\t\t\t\t<dd class='wp-caption-text gallery-caption' id='gallery-2-311609'>\n\t\t\t\t\tCASTEL PORZIANO\n\t\t\t\t\t<\/dd><\/dl><br style=\"clear: both\" \/>\n\t\t\t<\/div>\n\n<p>&nbsp;<\/p>\n<hr \/>\n<p>&nbsp;<\/p>\n<blockquote>\n<h3>PROSEGUE L&#8217;ITER PER L&#8217;ACQUISIZIONE DEGLI IMPIANTI IN NEVEGAL<\/h3>\n<\/blockquote>\n<p><strong><a class=\"dt-pswp-item\" href=\"https:\/\/www.radiopiu.net\/wordpress\/wp-content\/uploads\/2022\/04\/nevegal.jpg\" data-dt-img-description=\"\" data-large_image_width=\"1920\" data-large_image_height=\"1080\"><img loading=\"lazy\" decoding=\"async\" class=\" wp-image-270873 alignleft\" src=\"https:\/\/www.radiopiu.net\/wordpress\/wp-content\/uploads\/2022\/04\/nevegal-300x169.jpg\" alt=\"\" width=\"149\" height=\"84\" srcset=\"https:\/\/www.radiopiu.net\/wordpress\/wp-content\/uploads\/2022\/04\/nevegal-300x169.jpg 300w, https:\/\/www.radiopiu.net\/wordpress\/wp-content\/uploads\/2022\/04\/nevegal-1024x576.jpg 1024w, https:\/\/www.radiopiu.net\/wordpress\/wp-content\/uploads\/2022\/04\/nevegal-768x432.jpg 768w, https:\/\/www.radiopiu.net\/wordpress\/wp-content\/uploads\/2022\/04\/nevegal-1536x864.jpg 1536w, https:\/\/www.radiopiu.net\/wordpress\/wp-content\/uploads\/2022\/04\/nevegal.jpg 1920w\" sizes=\"auto, (max-width: 149px) 100vw, 149px\" \/><\/a>BELLUNO <\/strong>Approvato dalla giunta De Pellegrin l\u2019\u201dAffidamento della concessione di servizio per la gestione degli impianti di risalita del comprensorio sciistico del Nevegal e dei beni ad essi funzionali o pertinenti\u201d, il documento che mette nero su bianco le direttive per il successivo bando di affidamento degli impianti di risalita del Colle. Il documento dichiara il comprensorio sciistico come impianto sportivo di pubblico servizio, ne chiarisce gli spazi con la mappatura precisa dei terreni, stabilisce i doveri del futuro gestore e quelli, in termini economici, del Comune, conferma gli attuali periodi e orari di apertura come funzionali all\u2019attivit\u00e0 e mette in mano agli aggiudicatari del prossimo bando il dovere di provvedere alle manutenzioni.<\/p>\n<p><strong>FRANCO ROCCON, ASSESSORE DEL COMUNE DI BELLUNO<\/strong><\/p>\n<audio class=\"wp-audio-shortcode\" id=\"audio-311472-2\" preload=\"none\" style=\"width: 100%;\" controls=\"controls\"><source type=\"audio\/mpeg\" src=\"https:\/\/www.radiopiu.net\/wordpress\/wp-content\/uploads\/2022\/12\/roccon-franco.mp3?_=2\" \/><a href=\"https:\/\/www.radiopiu.net\/wordpress\/wp-content\/uploads\/2022\/12\/roccon-franco.mp3\">https:\/\/www.radiopiu.net\/wordpress\/wp-content\/uploads\/2022\/12\/roccon-franco.mp3<\/a><\/audio>\n<p>&nbsp;<\/p>\n<p>&nbsp;<\/p>\n<hr \/>\n<p>&nbsp;<\/p>\n<blockquote>\n<h3>ATTIVATO IL PIANO NEVE 2022\/2023: LA SPESA COMPLESSIVA PREVENTIVATA \u00c8 DI CIRCA 110 MILA EURO<\/h3>\n<\/blockquote>\n<p><strong><a class=\"dt-pswp-item\" href=\"https:\/\/www.radiopiu.net\/wordpress\/wp-content\/uploads\/2022\/12\/Piano-neve.jpg\" data-dt-img-description=\"\" data-large_image_width=\"900\" data-large_image_height=\"1600\"><img loading=\"lazy\" decoding=\"async\" class=\"wp-image-311544 alignleft\" src=\"https:\/\/www.radiopiu.net\/wordpress\/wp-content\/uploads\/2022\/12\/Piano-neve-169x300.jpg\" alt=\"\" width=\"70\" height=\"124\" srcset=\"https:\/\/www.radiopiu.net\/wordpress\/wp-content\/uploads\/2022\/12\/Piano-neve-169x300.jpg 169w, https:\/\/www.radiopiu.net\/wordpress\/wp-content\/uploads\/2022\/12\/Piano-neve-576x1024.jpg 576w, https:\/\/www.radiopiu.net\/wordpress\/wp-content\/uploads\/2022\/12\/Piano-neve-768x1365.jpg 768w, https:\/\/www.radiopiu.net\/wordpress\/wp-content\/uploads\/2022\/12\/Piano-neve-864x1536.jpg 864w, https:\/\/www.radiopiu.net\/wordpress\/wp-content\/uploads\/2022\/12\/Piano-neve.jpg 900w\" sizes=\"auto, (max-width: 70px) 100vw, 70px\" \/><\/a>FELTRE <\/strong>E\u2019 pronto e operativo oramai da alcune settimane il Piano Neve messo a punto dal Comune di Feltre per l\u2019inverno 2022\/2023. \u201cCome di consueto &#8211; commenta il consigliere delegato Sebastiano Slongo &#8211; abbiamo provveduto ad appaltare in parte il servizio, suddividendo il territorio comunale in 26 zone ed individuando gli operatori che affiancheranno uomini e mezzi del Comune. Il costo complessivo preventivato del piano per le casse comunali si aggira attorno ai 110 mila euro, ben inferiore a quanto speso da altri centri di dimensioni simili alle nostre, grazie al coinvolgimento attivo degli operai e dei tecnici comunali; con loro e con gli appaltatori esterni nelle scorse settimane si sono svolti anche alcuni incontri alla presenza dell\u2019assessore Andrea Bona per cercare di tarare al meglio il servizio e ridurre al minimo possibili criticit\u00e0&#8221;.<\/p>\n<p>&nbsp;<\/p>\n<p>&nbsp;<\/p>\n<hr \/>\n<p>&nbsp;<\/p>\n<blockquote>\n<h3>STA PER ESSERE SMANTELLATA LA CENTRALE A BIOMASSE ENEL DI VALCOZZENA<\/h3>\n<\/blockquote>\n<p><strong><a class=\"dt-pswp-item\" href=\"https:\/\/www.radiopiu.net\/wordpress\/wp-content\/uploads\/2022\/12\/2017-09-22-11.30.44.jpg\" data-dt-img-description=\"\" data-large_image_width=\"640\" data-large_image_height=\"480\"><img loading=\"lazy\" decoding=\"async\" class=\" wp-image-311185 alignleft\" src=\"https:\/\/www.radiopiu.net\/wordpress\/wp-content\/uploads\/2022\/12\/2017-09-22-11.30.44-300x225.jpg\" alt=\"\" width=\"177\" height=\"133\" srcset=\"https:\/\/www.radiopiu.net\/wordpress\/wp-content\/uploads\/2022\/12\/2017-09-22-11.30.44-300x225.jpg 300w, https:\/\/www.radiopiu.net\/wordpress\/wp-content\/uploads\/2022\/12\/2017-09-22-11.30.44.jpg 640w\" sizes=\"auto, (max-width: 177px) 100vw, 177px\" \/><\/a>AGORDO<\/strong><\/p>\n<p>di Gianni Santomaso<\/p>\n<audio class=\"wp-audio-shortcode\" id=\"audio-311472-3\" preload=\"none\" style=\"width: 100%;\" controls=\"controls\"><source type=\"audio\/mpeg\" src=\"https:\/\/www.radiopiu.net\/wordpress\/wp-content\/uploads\/2022\/12\/GIANNI-SMANTELLATA-LA-CENTRALE-A-BIOMASSE-ENEL-DI-VALCOZZENA.mp3?_=3\" \/><a href=\"https:\/\/www.radiopiu.net\/wordpress\/wp-content\/uploads\/2022\/12\/GIANNI-SMANTELLATA-LA-CENTRALE-A-BIOMASSE-ENEL-DI-VALCOZZENA.mp3\">https:\/\/www.radiopiu.net\/wordpress\/wp-content\/uploads\/2022\/12\/GIANNI-SMANTELLATA-LA-CENTRALE-A-BIOMASSE-ENEL-DI-VALCOZZENA.mp3<\/a><\/audio>\n<p>&nbsp;<\/p>\n<p>&nbsp;<\/p>\n<hr \/>\n<p>&nbsp;<\/p>\n<blockquote>\n<h3>DILLO A RADIOPIU&#8230; &#8220;ALLEGHE NON HA NULLA DA INVIDIARE AL TRENTINO, ANZI SI, UN&#8217;ISOLA PEDONALE IN CENTRO&#8221;<\/h3>\n<\/blockquote>\n<p><strong>REDAZIONE<\/strong> Da un turista di Mantova che ha scelto Alleghe per i periodi di ferie, festa e relax, riceviamo un contributo del quale vi rendiamo partecipi. Si tratta di alcune osservazioni turistiche, peraltro gi\u00e0 rese note al sindaco di Alleghe, Danilo De Toni.<\/p>\n<p>&nbsp;<\/p>\n<div dir=\"auto\"><img loading=\"lazy\" decoding=\"async\" class=\"alignleft\" src=\"https:\/\/www.radiopiu.net\/wordpress\/wp-content\/uploads\/2022\/12\/alleghe-estate.jpg\" width=\"282\" height=\"187\" \/>Durante le mie vacanze ad Alleghe, \u00e8 automaticamente scattato in me il confronto, nella consapevolezza dei vantaggi che il Trentino ha grazie alla sua autonomia. Ho notato per\u00f2 che vi sarebbero alcune iniziative a costo molto limitato che inspiegabilmente vengono ignorate. Allora ho metaforicamente preso la penna e scritto al sindaco di Alleghe per chiedergli perch\u00e9 quello che potrebbe essere il salotto di Alleghe, piazza Kennedy, venga sacrificato per una decina di posti auto e per consentire a qualche moto di parcheggiare fin sotto il campanile. Ogni localit\u00e0 turistica si dota di spazi pedonali in cui i villeggianti possano passeggiare, rilassarsi, fare incontri, sedersi ai tavolini dei bar senza per questo essere inondati dai gas dei tubi di scappamento e dal rombo dei motori. \u00c8 vero che ad Alleghe c&#8217;\u00e8 un bel lungolago, ma l\u00ec praticamente non ci sono esercizi commerciali. L&#8217;agor\u00e0 del paese \u00e8 piazza Kennedy. Il sindaco non mi ha ignorato ma anzi, molto cortesemente mi ha risposto, dicendo che questo potrebbe essere\u00a0 un progetto da mettere in cantiere quando sar\u00e0 realizzata la variante alla strada provinciale sul lato opposto del lago. Cio\u00e8 alle calende greche.<\/div>\n<div dir=\"auto\">Al di l\u00e0 della cortesia del sindaco, ho capito che non vi \u00e8 una volont\u00e0 in tal senso e me ne sono dispiaciuto e meravigliato. Se si capisse il sicuro valore dell&#8217;iniziativa si potrebbero superare i problemi: con il transito consentito ai frontisti, con una pedonalizzazione limitata ai soli periodi clou del turismo, o con mille altre soluzioni che altre localit\u00e0 hanno felicemente escogitato. Si vedano ad esempio Cavalese o Moena.\u00a0 Secondo me, questo progetto potrebbe contribuire a svecchiare l&#8217;immagine di Alleghe, che sembra ferma agli anni &#8217;80. Il paese \u00e8 molto bello, ma esprime un&#8217;attrattivit\u00e0 un po&#8217; decadente. E da questo alla trascuratezza il passo pu\u00f2 diventare breve. Visto il periodo, faccio un&#8217;osservazione anche in merito agli addobbi natalizi: un albero di Natale. Stop. Niente lungo le vie. Niente sul lungolago, che, venuti meno i gerani, in inverno \u00e8 praticamente abbandonato a s\u00e8 stesso. Sul territorio non mancano gli abeti, si faccia un piccolo sforzo. Anche questo contribuisce a dare l&#8217;impressione di un impegno striminzito per l&#8217;accoglienza ai visitatori, di un sapore &#8220;vintage&#8221; un po&#8217; sgradevole. Scrivo tutto questo a Voi nella speranza che si possa parlare dell&#8217;argomento e pensando che l&#8217;opinione di un turista che passa in zona molto del tempo libero, contribuendo (non solo con l&#8217;IMU) all&#8217;economia locale, ebbene questa sua opinione possa riscontrare un certo interesse.\u00a0 Vorrei chiarire che nulla so della politica locale e che nemmeno so di che partito sia il sindaco di Alleghe, al quale rinnovo il mio ringraziamento per la risposta inviatami.<\/div>\n<div dir=\"auto\"><\/div>\n<div dir=\"auto\">foto <strong>montagnadiviaggi.it<\/strong><\/div>\n<div dir=\"auto\"><\/div>\n<div dir=\"auto\">Lettera firmata.<\/div>\n<p>&nbsp;<\/p>\n<div dir=\"auto\"><\/div>\n<blockquote>\n<h3 dir=\"auto\">LA SCORSA ESTATE, RICEVUTA LA LETTERA IL SINDACO DI ALLEGHE, DANILO DE TONI, HA RISPOSTO COSI&#8217;<\/h3>\n<\/blockquote>\n<div dir=\"auto\"><a class=\"dt-pswp-item\" href=\"https:\/\/www.radiopiu.net\/wordpress\/wp-content\/uploads\/2022\/12\/Senza-nome-81.jpg\" data-dt-img-description=\"\" data-large_image_width=\"693\" data-large_image_height=\"566\"><img loading=\"lazy\" decoding=\"async\" class=\"alignnone wp-image-311670 size-full\" src=\"https:\/\/www.radiopiu.net\/wordpress\/wp-content\/uploads\/2022\/12\/Senza-nome-81.jpg\" alt=\"\" width=\"693\" height=\"566\" srcset=\"https:\/\/www.radiopiu.net\/wordpress\/wp-content\/uploads\/2022\/12\/Senza-nome-81.jpg 693w, https:\/\/www.radiopiu.net\/wordpress\/wp-content\/uploads\/2022\/12\/Senza-nome-81-300x245.jpg 300w\" sizes=\"auto, (max-width: 693px) 100vw, 693px\" \/><\/a><\/div>\n<div dir=\"auto\"><\/div>\n<div dir=\"auto\"><\/div>\n<div dir=\"auto\"><\/div>\n<div dir=\"auto\">___<\/div>\n<p>&nbsp;<\/p>\n<hr \/>\n<p>&nbsp;<\/p>\n<blockquote>\n<h3>L&#8217;ECOCENTRO DI AGORDO PROSSIMO ALLA RIAPERTURA<\/h3>\n<\/blockquote>\n<p><strong><a class=\"dt-pswp-item\" href=\"https:\/\/www.radiopiu.net\/wordpress\/wp-content\/uploads\/2020\/04\/ECOCENTRO.png\" data-dt-img-description=\"\" data-large_image_width=\"458\" data-large_image_height=\"242\"><img loading=\"lazy\" decoding=\"async\" class=\" wp-image-130666 alignleft\" src=\"https:\/\/www.radiopiu.net\/wordpress\/wp-content\/uploads\/2020\/04\/ECOCENTRO-300x159.png\" alt=\"\" width=\"234\" height=\"124\" srcset=\"https:\/\/www.radiopiu.net\/wordpress\/wp-content\/uploads\/2020\/04\/ECOCENTRO-300x159.png 300w, https:\/\/www.radiopiu.net\/wordpress\/wp-content\/uploads\/2020\/04\/ECOCENTRO.png 458w\" sizes=\"auto, (max-width: 234px) 100vw, 234px\" \/><\/a>AGORDO<\/strong><\/p>\n<p>di Gianni Santomaso<\/p>\n<audio class=\"wp-audio-shortcode\" id=\"audio-311472-4\" preload=\"none\" style=\"width: 100%;\" controls=\"controls\"><source type=\"audio\/mpeg\" src=\"https:\/\/www.radiopiu.net\/wordpress\/wp-content\/uploads\/2022\/12\/GIANNI-ECOCENTRO-PROSSIMO-ALLA-RIAPERTURA.mp3?_=4\" \/><a href=\"https:\/\/www.radiopiu.net\/wordpress\/wp-content\/uploads\/2022\/12\/GIANNI-ECOCENTRO-PROSSIMO-ALLA-RIAPERTURA.mp3\">https:\/\/www.radiopiu.net\/wordpress\/wp-content\/uploads\/2022\/12\/GIANNI-ECOCENTRO-PROSSIMO-ALLA-RIAPERTURA.mp3<\/a><\/audio>\n<p>&nbsp;<\/p>\n<hr \/>\n<p>&nbsp;<\/p>\n<blockquote>\n<h3><a class=\"dt-pswp-item\" href=\"https:\/\/www.radiopiu.net\/wordpress\/wp-content\/uploads\/2022\/12\/santa-lucia.jpg\" data-dt-img-description=\"\" data-large_image_width=\"2048\" data-large_image_height=\"1169\"><img loading=\"lazy\" decoding=\"async\" class=\" wp-image-311539 alignleft\" src=\"https:\/\/www.radiopiu.net\/wordpress\/wp-content\/uploads\/2022\/12\/santa-lucia-300x171.jpg\" alt=\"\" width=\"218\" height=\"124\" srcset=\"https:\/\/www.radiopiu.net\/wordpress\/wp-content\/uploads\/2022\/12\/santa-lucia-300x171.jpg 300w, https:\/\/www.radiopiu.net\/wordpress\/wp-content\/uploads\/2022\/12\/santa-lucia-1024x585.jpg 1024w, https:\/\/www.radiopiu.net\/wordpress\/wp-content\/uploads\/2022\/12\/santa-lucia-768x438.jpg 768w, https:\/\/www.radiopiu.net\/wordpress\/wp-content\/uploads\/2022\/12\/santa-lucia-1536x877.jpg 1536w, https:\/\/www.radiopiu.net\/wordpress\/wp-content\/uploads\/2022\/12\/santa-lucia.jpg 2048w\" sizes=\"auto, (max-width: 218px) 100vw, 218px\" \/><\/a>IL VESCOVO RENATO IN VISTA ALL&#8217;OSPEDALE DI BELLUNO IN OCCASIONE DI SANTA LUCIA<\/h3>\n<\/blockquote>\n<p><strong>BELLUNO<\/strong> In occasione di Santa Lucia, patrona della vista, come da tradizione, l&#8217;unit\u00e0 operativa di Oculistica di Belluno si \u00e8 ritrovata per una messa celebrata dal vescovo Renato in ospedale, con il nostro cappellano don Sergio e don Umberto. Una cerimonia molto sentita, allietata dal suono dell&#8217;arpa. Nell&#8217;omelia il vescovo ha ringraziato i professionisti e pregato per le persone non vedenti. Ha invitato a seguire il &#8220;luminoso&#8221; esempio di santa Lucia, guardando con fiducia e speranza nel futuro, prendendosi cura gli uni degli altri con impegno.<\/p>\n<p>&nbsp;<\/p>\n<p>&nbsp;<\/p>\n<hr \/>\n<p>&nbsp;<\/p>\n<blockquote>\n<h3>FUSIONE DEI COMUNI: PER SCOPEL NON E&#8217; TUTTO ORO QUELLO CHE LUCCICA<\/h3>\n<\/blockquote>\n<p><strong><a class=\"dt-pswp-item\" href=\"https:\/\/www.radiopiu.net\/wordpress\/wp-content\/uploads\/2021\/08\/972ec435-fa04-49e8-bf1e-048263cab367.jpg\" data-dt-img-description=\"\" data-large_image_width=\"1024\" data-large_image_height=\"684\"><img loading=\"lazy\" decoding=\"async\" class=\" wp-image-226219 alignleft\" src=\"https:\/\/www.radiopiu.net\/wordpress\/wp-content\/uploads\/2021\/08\/972ec435-fa04-49e8-bf1e-048263cab367-300x200.jpg\" alt=\"\" width=\"161\" height=\"107\" srcset=\"https:\/\/www.radiopiu.net\/wordpress\/wp-content\/uploads\/2021\/08\/972ec435-fa04-49e8-bf1e-048263cab367-300x200.jpg 300w, https:\/\/www.radiopiu.net\/wordpress\/wp-content\/uploads\/2021\/08\/972ec435-fa04-49e8-bf1e-048263cab367-768x513.jpg 768w, https:\/\/www.radiopiu.net\/wordpress\/wp-content\/uploads\/2021\/08\/972ec435-fa04-49e8-bf1e-048263cab367.jpg 1024w\" sizes=\"auto, (max-width: 161px) 100vw, 161px\" \/><\/a>SEREN DEL GRAPPA<\/strong> \u201cNon \u00e8 tutto oro quello che luccica. O meglio, l\u2019oro c\u2019\u00e8 (poco) e luccica (molto), ma \u00e8 destinato ad esaurirsi in breve tempo, lasciando sul terreno i problemi e le questioni di prima\u201d. Cos\u00ec Dario Scopel, sindaco di Seren del Grappa e membro del direttivo nazionale dell\u2019ANPCI, l\u2019Associazione dei Piccoli Comuni d\u2019Italia, torna sulla questione delle fusioni, nuovamente alla ribalta in relazione al progetto che riguarda, nel Basso Feltrino, Quero Vas e Alano di Piave.<\/p>\n<p><strong>DARIO SCOPEL, SINDACO DI SEREN DEL GRAPPA<\/strong><\/p>\n<audio class=\"wp-audio-shortcode\" id=\"audio-311472-5\" preload=\"none\" style=\"width: 100%;\" controls=\"controls\"><source type=\"audio\/mpeg\" src=\"https:\/\/www.radiopiu.net\/wordpress\/wp-content\/uploads\/2022\/12\/SCOPEL-FUSIONE-COMUNI.mp3?_=5\" \/><a href=\"https:\/\/www.radiopiu.net\/wordpress\/wp-content\/uploads\/2022\/12\/SCOPEL-FUSIONE-COMUNI.mp3\">https:\/\/www.radiopiu.net\/wordpress\/wp-content\/uploads\/2022\/12\/SCOPEL-FUSIONE-COMUNI.mp3<\/a><\/audio>\n<p>&nbsp;<\/p>\n<hr \/>\n<p>&nbsp;<\/p>\n<blockquote>\n<h3>IL CSV HA PRESENTATO IL PROGETTO CORPO CURA DI SE&#8217;<\/h3>\n<\/blockquote>\n<p><strong><a class=\"dt-pswp-item\" href=\"https:\/\/www.radiopiu.net\/wordpress\/wp-content\/uploads\/2022\/12\/6d581d70-e4c1-4220-8141-180d668d264c.jpg\" data-dt-img-description=\"\" data-large_image_width=\"1024\" data-large_image_height=\"768\"><img loading=\"lazy\" decoding=\"async\" class=\" wp-image-311639 alignleft\" src=\"https:\/\/www.radiopiu.net\/wordpress\/wp-content\/uploads\/2022\/12\/6d581d70-e4c1-4220-8141-180d668d264c-300x225.jpg\" alt=\"\" width=\"159\" height=\"119\" srcset=\"https:\/\/www.radiopiu.net\/wordpress\/wp-content\/uploads\/2022\/12\/6d581d70-e4c1-4220-8141-180d668d264c-300x225.jpg 300w, https:\/\/www.radiopiu.net\/wordpress\/wp-content\/uploads\/2022\/12\/6d581d70-e4c1-4220-8141-180d668d264c-768x576.jpg 768w, https:\/\/www.radiopiu.net\/wordpress\/wp-content\/uploads\/2022\/12\/6d581d70-e4c1-4220-8141-180d668d264c.jpg 1024w\" sizes=\"auto, (max-width: 159px) 100vw, 159px\" \/><\/a>BELLUNO<\/strong> Ha coinvolto oltre 350 studenti di sette istituti superiori della provincia il progetto \u201cCorpo \u2013 Cura di s\u00e8\u201d, proposto dall&#8217;Associazione Margherita Fenice con il CSV Belluno Treviso per la prevenzione dei disturbi alimentari.<\/p>\n<p><strong>di Daniele Dalvit<\/strong><\/p>\n<audio class=\"wp-audio-shortcode\" id=\"audio-311472-6\" preload=\"none\" style=\"width: 100%;\" controls=\"controls\"><source type=\"audio\/mpeg\" src=\"https:\/\/www.radiopiu.net\/wordpress\/wp-content\/uploads\/2022\/12\/DALVIT-CSV-PROGETTO-CORPO.mp3?_=6\" \/><a href=\"https:\/\/www.radiopiu.net\/wordpress\/wp-content\/uploads\/2022\/12\/DALVIT-CSV-PROGETTO-CORPO.mp3\">https:\/\/www.radiopiu.net\/wordpress\/wp-content\/uploads\/2022\/12\/DALVIT-CSV-PROGETTO-CORPO.mp3<\/a><\/audio>\n<p>&nbsp;<\/p>\n<hr \/>\n<p>&nbsp;<\/p>\n<blockquote>\n<h3>L&#8217;UNIONE MONTANA AGORDINA INCONTRA I CITTADINI<\/h3>\n<\/blockquote>\n<p><strong><a class=\"dt-pswp-item\" href=\"https:\/\/www.radiopiu.net\/wordpress\/wp-content\/uploads\/2021\/07\/SALA-DON-TAMIS.png\" data-dt-img-description=\"\" data-large_image_width=\"1354\" data-large_image_height=\"920\"><img loading=\"lazy\" decoding=\"async\" class=\" wp-image-220859 alignleft\" src=\"https:\/\/www.radiopiu.net\/wordpress\/wp-content\/uploads\/2021\/07\/SALA-DON-TAMIS-300x204.png\" alt=\"\" width=\"179\" height=\"122\" srcset=\"https:\/\/www.radiopiu.net\/wordpress\/wp-content\/uploads\/2021\/07\/SALA-DON-TAMIS-300x204.png 300w, https:\/\/www.radiopiu.net\/wordpress\/wp-content\/uploads\/2021\/07\/SALA-DON-TAMIS-1024x696.png 1024w, https:\/\/www.radiopiu.net\/wordpress\/wp-content\/uploads\/2021\/07\/SALA-DON-TAMIS-768x522.png 768w, https:\/\/www.radiopiu.net\/wordpress\/wp-content\/uploads\/2021\/07\/SALA-DON-TAMIS.png 1354w\" sizes=\"auto, (max-width: 179px) 100vw, 179px\" \/><\/a>AGORDO<\/strong><\/p>\n<p>di Gianni Santomaso<\/p>\n<audio class=\"wp-audio-shortcode\" id=\"audio-311472-7\" preload=\"none\" style=\"width: 100%;\" controls=\"controls\"><source type=\"audio\/mpeg\" src=\"https:\/\/www.radiopiu.net\/wordpress\/wp-content\/uploads\/2022\/12\/GIANNI-LUNIONE-MONTANA-AGORDINA-INCONTRA-I-CITTADINI-.mp3?_=7\" \/><a href=\"https:\/\/www.radiopiu.net\/wordpress\/wp-content\/uploads\/2022\/12\/GIANNI-LUNIONE-MONTANA-AGORDINA-INCONTRA-I-CITTADINI-.mp3\">https:\/\/www.radiopiu.net\/wordpress\/wp-content\/uploads\/2022\/12\/GIANNI-LUNIONE-MONTANA-AGORDINA-INCONTRA-I-CITTADINI-.mp3<\/a><\/audio>\n<p>&nbsp;<\/p>\n<p>&nbsp;<\/p>\n<hr \/>\n<p>&nbsp;<\/p>\n<p><strong>DI TIZIANO DE COL\u00a0<\/strong><\/p>\n\n\t\t\t<style type='text\/css'>\n\t\t\t\t#gallery-3 {\n\t\t\t\t\tmargin: auto;\n\t\t\t\t}\n\t\t\t\t#gallery-3 .gallery-item {\n\t\t\t\t\tfloat: left;\n\t\t\t\t\tmargin-top: 10px;\n\t\t\t\t\ttext-align: center;\n\t\t\t\t\twidth: 20%;\n\t\t\t\t}\n\t\t\t\t#gallery-3 img {\n\t\t\t\t\tborder: 2px solid #cfcfcf;\n\t\t\t\t}\n\t\t\t\t#gallery-3 .gallery-caption {\n\t\t\t\t\tmargin-left: 0;\n\t\t\t\t}\n\t\t\t\t\/* see gallery_shortcode() in wp-includes\/media.php *\/\n\t\t\t<\/style>\n\t\t<div id='gallery-3' class='dt-gallery-container gallery galleryid-311472 gallery-columns-5 gallery-size-thumbnail'><dl class='gallery-item'>\n\t\t\t\t<dt class='gallery-icon landscape'>\n\t\t\t\t\t<a class=\"rollover rollover-zoom dt-pswp-item\" title=\"505f69bd-780a-4c7b-8436-0c7bb3f5839c\" data-dt-img-description=\"\" data-large_image_width=\"594\" data-large_image_height=\"354\"href='https:\/\/www.radiopiu.net\/wordpress\/wp-content\/uploads\/2022\/12\/505f69bd-780a-4c7b-8436-0c7bb3f5839c.jpg'><img loading=\"lazy\" decoding=\"async\" width=\"150\" height=\"150\" src=\"https:\/\/www.radiopiu.net\/wordpress\/wp-content\/uploads\/2022\/12\/505f69bd-780a-4c7b-8436-0c7bb3f5839c-150x150.jpg\" class=\"attachment-thumbnail size-thumbnail\" alt=\"\" \/><\/a>\n\t\t\t\t<\/dt><\/dl><dl class='gallery-item'>\n\t\t\t\t<dt class='gallery-icon landscape'>\n\t\t\t\t\t<a class=\"rollover rollover-zoom dt-pswp-item\" title=\"658bd6d1-77a4-434d-b8cb-d847b892239a\" data-dt-img-description=\"\" data-large_image_width=\"611\" data-large_image_height=\"362\"href='https:\/\/www.radiopiu.net\/wordpress\/wp-content\/uploads\/2022\/12\/658bd6d1-77a4-434d-b8cb-d847b892239a.jpg'><img loading=\"lazy\" decoding=\"async\" width=\"150\" height=\"150\" src=\"https:\/\/www.radiopiu.net\/wordpress\/wp-content\/uploads\/2022\/12\/658bd6d1-77a4-434d-b8cb-d847b892239a-150x150.jpg\" class=\"attachment-thumbnail size-thumbnail\" alt=\"\" \/><\/a>\n\t\t\t\t<\/dt><\/dl><dl class='gallery-item'>\n\t\t\t\t<dt class='gallery-icon landscape'>\n\t\t\t\t\t<a class=\"rollover rollover-zoom dt-pswp-item\" title=\"c7ddcba0-df9f-438d-a6ae-70ed15de1d0a\" data-dt-img-description=\"\" data-large_image_width=\"586\" data-large_image_height=\"367\"href='https:\/\/www.radiopiu.net\/wordpress\/wp-content\/uploads\/2022\/12\/c7ddcba0-df9f-438d-a6ae-70ed15de1d0a.jpg'><img loading=\"lazy\" decoding=\"async\" width=\"150\" height=\"150\" src=\"https:\/\/www.radiopiu.net\/wordpress\/wp-content\/uploads\/2022\/12\/c7ddcba0-df9f-438d-a6ae-70ed15de1d0a-150x150.jpg\" class=\"attachment-thumbnail size-thumbnail\" alt=\"\" \/><\/a>\n\t\t\t\t<\/dt><\/dl><dl class='gallery-item'>\n\t\t\t\t<dt class='gallery-icon landscape'>\n\t\t\t\t\t<a class=\"rollover rollover-zoom dt-pswp-item\" title=\"5339c37a-7615-4a07-8c39-c9a52a75e7f4\" data-dt-img-description=\"\" data-large_image_width=\"578\" data-large_image_height=\"360\"href='https:\/\/www.radiopiu.net\/wordpress\/wp-content\/uploads\/2022\/12\/5339c37a-7615-4a07-8c39-c9a52a75e7f4.jpg'><img loading=\"lazy\" decoding=\"async\" width=\"150\" height=\"150\" src=\"https:\/\/www.radiopiu.net\/wordpress\/wp-content\/uploads\/2022\/12\/5339c37a-7615-4a07-8c39-c9a52a75e7f4-150x150.jpg\" class=\"attachment-thumbnail size-thumbnail\" alt=\"\" \/><\/a>\n\t\t\t\t<\/dt><\/dl><dl class='gallery-item'>\n\t\t\t\t<dt class='gallery-icon landscape'>\n\t\t\t\t\t<a class=\"rollover rollover-zoom dt-pswp-item\" title=\"2b82a513-3985-420e-863a-977db2403802\" data-dt-img-description=\"\" data-large_image_width=\"604\" data-large_image_height=\"361\"href='https:\/\/www.radiopiu.net\/wordpress\/wp-content\/uploads\/2022\/12\/2b82a513-3985-420e-863a-977db2403802.jpg'><img loading=\"lazy\" decoding=\"async\" width=\"150\" height=\"150\" src=\"https:\/\/www.radiopiu.net\/wordpress\/wp-content\/uploads\/2022\/12\/2b82a513-3985-420e-863a-977db2403802-150x150.jpg\" class=\"attachment-thumbnail size-thumbnail\" alt=\"\" \/><\/a>\n\t\t\t\t<\/dt><\/dl><br style=\"clear: both\" \/>\n\t\t\t<\/div>\n\n<p>&nbsp;<\/p>\n<hr \/>\n<p>&nbsp;<\/p>\n<blockquote>\n<h3>\u00a0LE MISURE PER FRONTEGGIARE LA CARENZA DI MEDICI<\/h3>\n<\/blockquote>\n<p><strong><a class=\"dt-pswp-item\" href=\"https:\/\/www.radiopiu.net\/wordpress\/wp-content\/uploads\/2021\/06\/MEDICO.jpg\" data-dt-img-description=\"\" data-large_image_width=\"1920\" data-large_image_height=\"1440\"><img loading=\"lazy\" decoding=\"async\" class=\" wp-image-216887 alignleft\" src=\"https:\/\/www.radiopiu.net\/wordpress\/wp-content\/uploads\/2021\/06\/MEDICO-300x225.jpg\" alt=\"\" width=\"152\" height=\"114\" srcset=\"https:\/\/www.radiopiu.net\/wordpress\/wp-content\/uploads\/2021\/06\/MEDICO-300x225.jpg 300w, https:\/\/www.radiopiu.net\/wordpress\/wp-content\/uploads\/2021\/06\/MEDICO-1024x768.jpg 1024w, https:\/\/www.radiopiu.net\/wordpress\/wp-content\/uploads\/2021\/06\/MEDICO-768x576.jpg 768w, https:\/\/www.radiopiu.net\/wordpress\/wp-content\/uploads\/2021\/06\/MEDICO-1536x1152.jpg 1536w, https:\/\/www.radiopiu.net\/wordpress\/wp-content\/uploads\/2021\/06\/MEDICO.jpg 1920w\" sizes=\"auto, (max-width: 152px) 100vw, 152px\" \/><\/a>VENEZIA <\/strong>I principali interventi per fronteggiare la carenza di medici e le linee guida per lo sviluppo futuro della medicina generale nel territorio veneto. Sono alcuni dei temi posti al centro dell\u2019incontro avvenuto luned\u00ec scorso fra l\u2019Assessore alla Sanit\u00e0, Manuela Lanzarin, e le organizzazioni sindacali della medicina generale. La Regione ha presentato la proposta di riorganizzazione territoriale dei medici di medicina generale. Prevede nuovi standard minimi di accessibilit\u00e0 oraria, con l\u2019apertura deli ambulatori da un minimo di sette ad un massimo di 24 ore al giorno, nelle sedi principali. Strutture per le quali \u00e8 stato previsto da parte regionale un importante investimento sul personale. Una progettualit\u00e0 di sostegno e sviluppo che consentir\u00e0 servizi migliori al cittadino, facendo leva sulla positiva esperienza delle medicine di gruppo e medicine di gruppo integrate: dove ai medici di medicina generale vengono affiancati infermieri e personale amministrativo.<\/p>\n<p>&nbsp;<\/p>\n<p>&nbsp;<\/p>\n<hr \/>\n<p>&nbsp;<\/p>\n<blockquote>\n<h3>VACCINAZIONE ANTINFLUENZALE: PRENOTABILE PER TUTTI GLI ADULTI<\/h3>\n<\/blockquote>\n<p><strong><a class=\"dt-pswp-item\" href=\"https:\/\/www.radiopiu.net\/wordpress\/wp-content\/uploads\/2020\/06\/vaccino.jpg\" data-dt-img-description=\"\" data-large_image_width=\"1920\" data-large_image_height=\"1280\"><img loading=\"lazy\" decoding=\"async\" class=\"wp-image-143923 alignleft\" src=\"https:\/\/www.radiopiu.net\/wordpress\/wp-content\/uploads\/2020\/06\/vaccino-300x200.jpg\" alt=\"\" width=\"138\" height=\"92\" srcset=\"https:\/\/www.radiopiu.net\/wordpress\/wp-content\/uploads\/2020\/06\/vaccino-300x200.jpg 300w, https:\/\/www.radiopiu.net\/wordpress\/wp-content\/uploads\/2020\/06\/vaccino-1024x683.jpg 1024w, https:\/\/www.radiopiu.net\/wordpress\/wp-content\/uploads\/2020\/06\/vaccino-768x512.jpg 768w, https:\/\/www.radiopiu.net\/wordpress\/wp-content\/uploads\/2020\/06\/vaccino-1536x1024.jpg 1536w, https:\/\/www.radiopiu.net\/wordpress\/wp-content\/uploads\/2020\/06\/vaccino.jpg 1920w\" sizes=\"auto, (max-width: 138px) 100vw, 138px\" \/><\/a>BELLUNO<\/strong> \u00c8 prenotabile sul sito <span lang=\"it-IT\">www.aulss1.veneto.it<\/span> la vaccinazione antinfluenzale per tutti i soggetti adulti (anno di nascita 2004 e precedenti) nelle prossime sedute vaccinali organizzate dall\u2019ulss presso i principali centri di vaccinazione di popolazione (CVP). Le persone over 60 potranno accedere alla vaccinazione con la sola attestazione di et\u00e0. Le persone con meno di 60 anni potranno accedere alla vaccinazione attestando la condizione di rischio (malattia cronica, immunodepressione, convivenza con soggetti fragili e anziani, impiego in servizi pubblici essenziali, gravidanza, donatore di sangue, etc). Per la vaccinazione antinfluenzale rimangono attivi i medici e pediatri di famiglia e alcune farmacie del territorio.<\/p>\n<p>&nbsp;<\/p>\n<p>&nbsp;<\/p>\n<hr \/>\n<p>&nbsp;<\/p>\n<blockquote>\n<h3>NICCOLO&#8217; AMMANITI PROTAGONISTA DELLA MARATONA DI LETTURA 2023<\/h3>\n<\/blockquote>\n<p><strong><a class=\"dt-pswp-item\" href=\"https:\/\/www.radiopiu.net\/wordpress\/wp-content\/uploads\/2022\/12\/0b5c4229-937b-4312-80c6-39f654b241a5.jpg\" data-dt-img-description=\"\" data-large_image_width=\"1600\" data-large_image_height=\"1013\"><img loading=\"lazy\" decoding=\"async\" class=\" wp-image-311596 alignleft\" src=\"https:\/\/www.radiopiu.net\/wordpress\/wp-content\/uploads\/2022\/12\/0b5c4229-937b-4312-80c6-39f654b241a5-300x190.jpg\" alt=\"\" width=\"178\" height=\"113\" srcset=\"https:\/\/www.radiopiu.net\/wordpress\/wp-content\/uploads\/2022\/12\/0b5c4229-937b-4312-80c6-39f654b241a5-300x190.jpg 300w, https:\/\/www.radiopiu.net\/wordpress\/wp-content\/uploads\/2022\/12\/0b5c4229-937b-4312-80c6-39f654b241a5-1024x648.jpg 1024w, https:\/\/www.radiopiu.net\/wordpress\/wp-content\/uploads\/2022\/12\/0b5c4229-937b-4312-80c6-39f654b241a5-768x486.jpg 768w, https:\/\/www.radiopiu.net\/wordpress\/wp-content\/uploads\/2022\/12\/0b5c4229-937b-4312-80c6-39f654b241a5-1536x972.jpg 1536w, https:\/\/www.radiopiu.net\/wordpress\/wp-content\/uploads\/2022\/12\/0b5c4229-937b-4312-80c6-39f654b241a5.jpg 1600w\" sizes=\"auto, (max-width: 178px) 100vw, 178px\" \/><\/a>FELTRE<\/strong><\/p>\n<p>di Moreno Gioli<\/p>\n<audio class=\"wp-audio-shortcode\" id=\"audio-311472-8\" preload=\"none\" style=\"width: 100%;\" controls=\"controls\"><source type=\"audio\/mpeg\" src=\"https:\/\/www.radiopiu.net\/wordpress\/wp-content\/uploads\/2022\/12\/GIOLI-maratona-di-lettura.mp3?_=8\" \/><a href=\"https:\/\/www.radiopiu.net\/wordpress\/wp-content\/uploads\/2022\/12\/GIOLI-maratona-di-lettura.mp3\">https:\/\/www.radiopiu.net\/wordpress\/wp-content\/uploads\/2022\/12\/GIOLI-maratona-di-lettura.mp3<\/a><\/audio>\n<p>&nbsp;<\/p>\n<hr \/>\n<p>&nbsp;<\/p>\n<blockquote>\n<h3>IL PROGETTO \u201cINVESTI SCUOLA\u201d SI CONFERMA UN SUCCESSO<\/h3>\n<\/blockquote>\n<p><strong><a class=\"dt-pswp-item\" href=\"https:\/\/www.radiopiu.net\/wordpress\/wp-content\/uploads\/2021\/12\/BIM-PIAVE.jpg\" data-dt-img-description=\"\" data-large_image_width=\"420\" data-large_image_height=\"280\"><img loading=\"lazy\" decoding=\"async\" class=\" wp-image-249802 alignleft\" src=\"https:\/\/www.radiopiu.net\/wordpress\/wp-content\/uploads\/2021\/12\/BIM-PIAVE-300x200.jpg\" alt=\"\" width=\"161\" height=\"107\" srcset=\"https:\/\/www.radiopiu.net\/wordpress\/wp-content\/uploads\/2021\/12\/BIM-PIAVE-300x200.jpg 300w, https:\/\/www.radiopiu.net\/wordpress\/wp-content\/uploads\/2021\/12\/BIM-PIAVE.jpg 420w\" sizes=\"auto, (max-width: 161px) 100vw, 161px\" \/><\/a>BELLUNO <\/strong>Si conferma un grande successo l\u2019iniziativa \u201cInvesti Scuola\u201d, il progetto nato nel 2016 a favore di tutti gli studenti della Provincia di Belluno che di anno in anno possono acquistare l\u2019abbonamento al trasporto pubblico locale a prezzo calmierato. Indipendentemente dalla tratta da percorrere, infatti, \u201cInvesti Scuola\u201d consente di parificare per tutte le famiglie il costo del trasporto scolastico. Il progetto \u00e8 finanziato principalmente dal Fondo Comuni Confinanti (con 880 mila euro circa) e cofinanziato, nel corso degli anni, dalla Provincia di Belluno e dal Consorzio BIM Piave per un totale di circa 440 mila euro. Quest\u2019anno, per\u00f2, la parte di cofinanziamento per i Comuni non rientranti nell\u2019elenco di quelli confinanti \u00e8 stata interamente coperta dal Consorzio BIM Piave, che da sempre crede fortemente nel progetto e ha deciso cos\u00ec di sostenere economicamente anche la parte della Provincia, a fronte di una sua specifica richiesta. L\u2019investimento complessivo di 1 milione e 300 mila euro, sostenuto quindi nel 2022 dal Fondo Comuni Confinanti e dal Consorzio BIM Piave ancora unicamente per l\u2019anno scolastico 2022-2023, \u00e8 riuscito a dare ossigeno alle famiglie, che hanno potuto ottenere un risparmio annuo che \u00e8 arrivato fino a circa 500 euro per i residenti nelle zone pi\u00f9 lontane dagli istituti superiori.<\/p>\n<p>&nbsp;<\/p>\n<p>&nbsp;<\/p>\n<hr \/>\n<p>&nbsp;<\/p>\n<blockquote>\n<h3>ORNELLA NOVENTA NUOVA PRESIDENTE DELLA FAMIGLIA EX EMIGRANTI<\/h3>\n<\/blockquote>\n<p><strong><a class=\"dt-pswp-item\" href=\"https:\/\/www.radiopiu.net\/wordpress\/wp-content\/uploads\/2022\/12\/comitato_famiglia_arina_lamon.jpg\" data-dt-img-description=\"\" data-large_image_width=\"1024\" data-large_image_height=\"344\"><img loading=\"lazy\" decoding=\"async\" class=\" wp-image-311537 alignleft\" src=\"https:\/\/www.radiopiu.net\/wordpress\/wp-content\/uploads\/2022\/12\/comitato_famiglia_arina_lamon-300x101.jpg\" alt=\"\" width=\"184\" height=\"62\" srcset=\"https:\/\/www.radiopiu.net\/wordpress\/wp-content\/uploads\/2022\/12\/comitato_famiglia_arina_lamon-300x101.jpg 300w, https:\/\/www.radiopiu.net\/wordpress\/wp-content\/uploads\/2022\/12\/comitato_famiglia_arina_lamon-768x258.jpg 768w, https:\/\/www.radiopiu.net\/wordpress\/wp-content\/uploads\/2022\/12\/comitato_famiglia_arina_lamon.jpg 1024w\" sizes=\"auto, (max-width: 184px) 100vw, 184px\" \/><\/a>BELLUNO<\/strong> La Famiglia Ex emigranti di Arina-Lamon ha un nuovo presidente. Si tratta di Ornella Noventa, gi\u00e0 sindaco del Comune di Lamon, eletta all\u2019Assemblea del sodalizio dell\u2019Associazione Bellunesi nel Mondo riunitosi sabato 10 dicembre, nella Sala degli Alpini della frazione lamonese di Arina. A supportarla come vice presidenti Valerio Campigotto e Mirella Faoro. Il Comitato \u00e8 inoltre rappresentato dai consiglieri Gina D\u2019Agostini, Gianpaolo Todesco e Artemio Canal, mentre la figura di tesoriere \u00e8 rappresentata da Silvana D\u2019Agostini e quella di segretaria da Anna Da Canal. Sempre durante l\u2019Assemblea, presieduta dal presidente Abm Oscar De Bona. all\u2019unanimit\u00e0 \u00e8 stato nominato presidente onorario Fiore Gaio.<\/p>\n<p>&nbsp;<\/p>\n<p>&nbsp;<\/p>\n<hr \/>\n<p>&nbsp;<\/p>\n<blockquote>\n<h3>TORNANO LE VISITE AL MIM<\/h3>\n<\/blockquote>\n<p><strong><a class=\"dt-pswp-item\" href=\"https:\/\/www.radiopiu.net\/wordpress\/wp-content\/uploads\/2022\/12\/ernestina_dalla_corte_mim.jpg\" data-dt-img-description=\"\" data-large_image_width=\"1600\" data-large_image_height=\"900\"><img loading=\"lazy\" decoding=\"async\" class=\" wp-image-311547 alignleft\" src=\"https:\/\/www.radiopiu.net\/wordpress\/wp-content\/uploads\/2022\/12\/ernestina_dalla_corte_mim-300x169.jpg\" alt=\"\" width=\"169\" height=\"95\" srcset=\"https:\/\/www.radiopiu.net\/wordpress\/wp-content\/uploads\/2022\/12\/ernestina_dalla_corte_mim-300x169.jpg 300w, https:\/\/www.radiopiu.net\/wordpress\/wp-content\/uploads\/2022\/12\/ernestina_dalla_corte_mim-1024x576.jpg 1024w, https:\/\/www.radiopiu.net\/wordpress\/wp-content\/uploads\/2022\/12\/ernestina_dalla_corte_mim-768x432.jpg 768w, https:\/\/www.radiopiu.net\/wordpress\/wp-content\/uploads\/2022\/12\/ernestina_dalla_corte_mim-1536x864.jpg 1536w, https:\/\/www.radiopiu.net\/wordpress\/wp-content\/uploads\/2022\/12\/ernestina_dalla_corte_mim.jpg 1600w\" sizes=\"auto, (max-width: 169px) 100vw, 169px\" \/><\/a>BELLUNO<\/strong> Voglia di conoscere la storia dell\u2019emigrazione bellunese, veneta e italiana. Di ieri e di oggi. Sono riprese le visite al MIM Belluno, Museo interattivo delle Migrazioni. Luned\u00ec 12 dicembre la classe III C delle Scuole medie di Santa Giustina ha visitato l\u2019area museale dell\u2019Associazione Bellunesi nel Mondo, con un approfondimento in merito al secolo di storia che ha visto quasi venticinque milioni di italiani lasciare, in modo definitivo, l\u2019Italia. Inoltre \u00e8 stato proposta agli studenti il laboratorio \u201cItaliani, brava gente?\u201d. Ma il MiM Belluno va anche a fare \u201cvisita\u201d nelle scuole. Marted\u00ec 13 dicembre, in questo caso direttamente alle Scuole Medie di Santa Giustina, si sono tenute due lezioni in III A e in III B. In questo caso l\u2019approfondimento riguardava i dati AIRE (Anagrafe degli Italiani Residenti all\u2019Estero) e per l\u2019occasione sono stati fatti anche due video collegamenti con Martina Crepaz ed Ernestina Dalla Corte. La prima, residente a Malaga (Spagna), la seconda, nata e cresciuta a Buenos Aires e da pochi rientrata a Belluno, per riscoprire la terra di origine del suo bisnonno, partito da Sovramonte a inizi del Novecento. Sono in programma nei prossimi mesi altre visite, anche da parte di Istituti provenienti da fuori provincia.<\/p>\n<p>&nbsp;<\/p>\n<p>&nbsp;<\/p>\n<hr \/>\n<p>&nbsp;<\/p>\n<blockquote>\n<h3>ANCHE L&#8217;AREA SKI CIVETTA VANTA I SUOI VIP<\/h3>\n<\/blockquote>\n<p><strong>ALLEGHE<\/strong> La foto \u00e8 comparsa su Instagram, dal ristoro Fontanabona dell&#8217;amico Marco &#8220;Peta&#8221; De Toni, che ha vinto la sua timidezza stringendo la mano ad Alfonso Signorini, ospite dell&#8217;Agordino e dell&#8217;area Ski Civetta. In fotografia attorniato dallo splendido personale della nota attivit\u00e0 ricettiva ai Piani di Pezz\u00e8.<\/p>\n<p>&nbsp;<\/p>\n\n\t\t\t<style type='text\/css'>\n\t\t\t\t#gallery-4 {\n\t\t\t\t\tmargin: auto;\n\t\t\t\t}\n\t\t\t\t#gallery-4 .gallery-item {\n\t\t\t\t\tfloat: left;\n\t\t\t\t\tmargin-top: 10px;\n\t\t\t\t\ttext-align: center;\n\t\t\t\t\twidth: 50%;\n\t\t\t\t}\n\t\t\t\t#gallery-4 img {\n\t\t\t\t\tborder: 2px solid #cfcfcf;\n\t\t\t\t}\n\t\t\t\t#gallery-4 .gallery-caption {\n\t\t\t\t\tmargin-left: 0;\n\t\t\t\t}\n\t\t\t\t\/* see gallery_shortcode() in wp-includes\/media.php *\/\n\t\t\t<\/style>\n\t\t<div id='gallery-4' class='dt-gallery-container gallery galleryid-311472 gallery-columns-2 gallery-size-thumbnail'><dl class='gallery-item'>\n\t\t\t\t<dt class='gallery-icon landscape'>\n\t\t\t\t\t<a class=\"rollover rollover-zoom dt-pswp-item\" title=\"alleghe\" data-dt-img-description=\"\" data-large_image_width=\"399\" data-large_image_height=\"244\"href='https:\/\/www.radiopiu.net\/wordpress\/wp-content\/uploads\/2022\/12\/alleghe.jpg'><img loading=\"lazy\" decoding=\"async\" width=\"150\" height=\"150\" src=\"https:\/\/www.radiopiu.net\/wordpress\/wp-content\/uploads\/2022\/12\/alleghe-150x150.jpg\" class=\"attachment-thumbnail size-thumbnail\" alt=\"\" \/><\/a>\n\t\t\t\t<\/dt><\/dl><dl class='gallery-item'>\n\t\t\t\t<dt class='gallery-icon portrait'>\n\t\t\t\t\t<a class=\"rollover rollover-zoom dt-pswp-item\" title=\"3dc870d7-1247-4f65-a333-798226de22b3\" data-dt-img-description=\"\" data-large_image_width=\"1152\" data-large_image_height=\"2048\"href='https:\/\/www.radiopiu.net\/wordpress\/wp-content\/uploads\/2022\/12\/3dc870d7-1247-4f65-a333-798226de22b3.jpg'><img loading=\"lazy\" decoding=\"async\" width=\"150\" height=\"150\" src=\"https:\/\/www.radiopiu.net\/wordpress\/wp-content\/uploads\/2022\/12\/3dc870d7-1247-4f65-a333-798226de22b3-150x150.jpg\" class=\"attachment-thumbnail size-thumbnail\" alt=\"\" \/><\/a>\n\t\t\t\t<\/dt><\/dl><br style=\"clear: both\" \/>\n\t\t\t<\/div>\n\n<p>&nbsp;<\/p>\n<hr \/>\n<p>&nbsp;<\/p>\n<blockquote>\n<h3>BANDO DI CONCORSO DELLA GUARDIA DI FINANZA. SI CERCANO 1410 ALLIEVI FINANZIERI<\/h3>\n<\/blockquote>\n<p><strong>BELLUNO<\/strong> E&#8217; stato pubblicato il bando di concorso, per titoli ed esami, per il reclutamento di 1410 allievi finanzieri (1170 del contingente ordinario e 240 del<br \/>\ncontingente di mare) di cui: 180 posti destinati all\u2019arruolamento di personale da avviare al conseguimento della specializzazione \u201cAnti Terrorismo e Pronto Impiego (A.T.P.I.); 693 posti (contingente \u201cordinario\u201d) e n. 168 posti (contingente di \u201cmare\u201d) riservati ai volontari delle Forze Armate. La domanda di partecipazione al concorso, da presentare entro le ore 12.00 del 2 gennaio 2023, dovr\u00e0 essere compilata esclusivamente mediante la procedura telematica disponibile sul portale attivo all\u2019indirizzo https:\/\/concorsi.gdf.gov.it, seguendo le istruzioni del sistema automatizzato.<\/p>\n<p>&nbsp;<\/p>\n<p>&nbsp;<\/p>\n<p>&nbsp;<\/p>\n<hr \/>\n<p>&nbsp;<\/p>\n<blockquote>\n<blockquote>\n<h3><a class=\"dt-pswp-item\" href=\"https:\/\/www.radiopiu.net\/wordpress\/wp-content\/uploads\/2022\/12\/389f80ab-bcb6-419b-9259-787eecd6f40d.jpg\" data-dt-img-description=\"\" data-large_image_width=\"2048\" data-large_image_height=\"1536\"><img loading=\"lazy\" decoding=\"async\" class=\"wp-image-311372 alignleft\" src=\"https:\/\/www.radiopiu.net\/wordpress\/wp-content\/uploads\/2022\/12\/389f80ab-bcb6-419b-9259-787eecd6f40d-300x225.jpg\" alt=\"\" width=\"195\" height=\"146\" srcset=\"https:\/\/www.radiopiu.net\/wordpress\/wp-content\/uploads\/2022\/12\/389f80ab-bcb6-419b-9259-787eecd6f40d-300x225.jpg 300w, https:\/\/www.radiopiu.net\/wordpress\/wp-content\/uploads\/2022\/12\/389f80ab-bcb6-419b-9259-787eecd6f40d-1024x768.jpg 1024w, https:\/\/www.radiopiu.net\/wordpress\/wp-content\/uploads\/2022\/12\/389f80ab-bcb6-419b-9259-787eecd6f40d-768x576.jpg 768w, https:\/\/www.radiopiu.net\/wordpress\/wp-content\/uploads\/2022\/12\/389f80ab-bcb6-419b-9259-787eecd6f40d-1536x1152.jpg 1536w, https:\/\/www.radiopiu.net\/wordpress\/wp-content\/uploads\/2022\/12\/389f80ab-bcb6-419b-9259-787eecd6f40d.jpg 2048w\" sizes=\"auto, (max-width: 195px) 100vw, 195px\" \/><\/a>PROROGATA L&#8217;ORDINANZA DI CHIUSURA DEL PONTE A FADES<\/h3>\n<\/blockquote>\n<p><strong>LA VALLE<\/strong> Gli uffici di Polizia Locale del Comune hanno firmato una nuova ordinanza con riferimento al ponte che attraversa il torrente Missiaga a Fades. Nessuna novit\u00e0 di rilievo, nel senso che viene prorogata fino al 16 dicembre la precedente ordinanza che stabilisce il divieto di transito sul ponte ai veicoli, diversamente dai pedoni che potranno raggiungere piazza e frazione. La motivazione della proroga<em>: &#8220;Alla data odierna non sono ancora state installate le barriere guard rail per la mancanza dei materiali da parte della ditta incaricata dai lavori&#8221;.\u00a0<\/em>Le maestranze sono tornate proprio a La Valle con quanto necessario per procedere ai lavori e quindi chiudere il cantiere entro la data prevista nell&#8217;ordinanza<\/p>\n<p>&nbsp;<\/p><\/blockquote>\n<p>&nbsp;<\/p>\n<hr \/>\n<p>&nbsp;<\/p>\n<blockquote>\n<h3>UN AIUTO ALLE FAMIGLIE\u00a0 DEGLI STUDENTI E ALLE AZIENDE<\/h3>\n<\/blockquote>\n<p><strong>ROCCA PIETORE <\/strong>Il Comune di Rocca Pietore per l&#8217;anno scolastico 2022-2023 ha approvato l&#8217;intervento a favore delle famiglie per il contenimento della spesa legata al trasporto scolastico e ai costi per l&#8217;alloggio degli studenti residenti nel Comune di Rocca Pietore e frequentanti le scuole secondarie di secondo grado. Il contributo erogabile \u00e8 cos\u00ec definito: studenti che utilizzando il trasporto pubblico: \u20ac 200,00 a studente; studenti in alloggio\/convitto: \u20ac 300,00 a studente; Le richieste vanno inoltrate al Comune di Rocca Pietore entro il 28 febbraio 2023.<br \/>\nE&#8217; stato inoltre\u00a0 approvato il bando pubblico per la concessione di contributi a fondo perduto a sostegno delle attivit\u00e0 economiche, commerciali e artigianali di cui al Decreto del Presidente del Consiglio del 24 settembre 2020 \u2013 Annualit\u00e0 2021. Le richieste vanno inoltrate entro 30 giorni.<\/p>\n<p>&nbsp;<\/p>\n<p>&nbsp;<\/p>\n<hr \/>\n<p>&nbsp;<\/p>\n<blockquote>\n<h3>UNA CONVENZIONE PER IL POTENZIAMENTO DEI POSTI DISPONIBILI ALL&#8217;ASILO NIDO<\/h3>\n<\/blockquote>\n<p><strong>RIVAMONTE\u00a0<\/strong> Il sindaco Nino Deon ha convocato il consiglio comunale per mercoledi 21 dicembre alle 18. All&#8217;ordine del giorno la convenzione per il potenziamento del numero di posti nel servizio di asilo nido e la revisione ordinaria delle partecipazioni possedute.<\/p>\n<p>&nbsp;<\/p>\n<p>&nbsp;<\/p>\n<hr \/>\n<p>&nbsp;<\/p>\n<blockquote>\n<h3>QUATTRO PUNTI NEL CONSIGLIO COMUNALE A CANALE D&#8217;AGORDO<\/h3>\n<\/blockquote>\n<p><strong>CANALE D&#8217;AGORDO<\/strong> Il sindaco di Canale D&#8217;Agordo Flavio Colcergnan ha convocato il consiglio comunale per gioved\u00ec 22 dicembre alle 20. Quattro i punti da trattare tra cui la convenzione con altri comuni per la gestione dell&#8217;ufficio di segreteria e il regolamento comunale patrocini e concessione contributi.<\/p>\n<p>&nbsp;<\/p>\n<p>&nbsp;<\/p>\n<hr \/>\n<p>&nbsp;<\/p>\n<blockquote>\n<h3>LE GIORNATE STUDENTE-ATLETA DELLO SKI COLLEGE VENETO FALCADE<\/h3>\n<\/blockquote>\n<p><strong><a class=\"dt-pswp-item\" href=\"https:\/\/www.radiopiu.net\/wordpress\/wp-content\/uploads\/2022\/12\/ski-college-veneto-2022-2023.jpg\" data-dt-img-description=\"\" data-large_image_width=\"1900\" data-large_image_height=\"780\"><img loading=\"lazy\" decoding=\"async\" class=\"size-medium wp-image-311422 alignleft\" src=\"https:\/\/www.radiopiu.net\/wordpress\/wp-content\/uploads\/2022\/12\/ski-college-veneto-2022-2023-300x123.jpg\" alt=\"\" width=\"300\" height=\"123\" srcset=\"https:\/\/www.radiopiu.net\/wordpress\/wp-content\/uploads\/2022\/12\/ski-college-veneto-2022-2023-300x123.jpg 300w, https:\/\/www.radiopiu.net\/wordpress\/wp-content\/uploads\/2022\/12\/ski-college-veneto-2022-2023-1024x420.jpg 1024w, https:\/\/www.radiopiu.net\/wordpress\/wp-content\/uploads\/2022\/12\/ski-college-veneto-2022-2023-768x315.jpg 768w, https:\/\/www.radiopiu.net\/wordpress\/wp-content\/uploads\/2022\/12\/ski-college-veneto-2022-2023-1536x631.jpg 1536w, https:\/\/www.radiopiu.net\/wordpress\/wp-content\/uploads\/2022\/12\/ski-college-veneto-2022-2023.jpg 1900w\" sizes=\"auto, (max-width: 300px) 100vw, 300px\" \/><\/a>FALCADE<\/strong> Lo Ski College Veneto Falcade, in collaborazione con l\u2019Istituto Follador De Rossi, propone due giornate di stage, rivolte ai ragazzi frequentanti la classe terza media, per introdurli nella vita quotidiana dei nostri giovani atleti, fra scuola e sport. Le giornate \u201cStudente-Atleta\u201d sono programmate il 21 dicembre per lo sci di fondo e il biathlon, il 22 dicembre per lo sci alpino e lo snowboard. Le adesioni alla Giornata Studente-Atleta andranno perfezionate entro domani. Tutte le informazioni e la modulistica sono reperibili sul sito www.skicollegeveneto.it<\/p>\n<p>&nbsp;<\/p>\n<p>&nbsp;<\/p>\n<hr \/>\n<p>&nbsp;<\/p>\n<blockquote>\n<h3><a class=\"dt-pswp-item\" href=\"https:\/\/www.radiopiu.net\/wordpress\/wp-content\/uploads\/2022\/12\/Senza-nome-67.jpg\" data-dt-img-description=\"\" data-large_image_width=\"317\" data-large_image_height=\"299\"><img loading=\"lazy\" decoding=\"async\" class=\"wp-image-311368 alignleft\" src=\"https:\/\/www.radiopiu.net\/wordpress\/wp-content\/uploads\/2022\/12\/Senza-nome-67-300x283.jpg\" alt=\"\" width=\"133\" height=\"125\" srcset=\"https:\/\/www.radiopiu.net\/wordpress\/wp-content\/uploads\/2022\/12\/Senza-nome-67-300x283.jpg 300w, https:\/\/www.radiopiu.net\/wordpress\/wp-content\/uploads\/2022\/12\/Senza-nome-67.jpg 317w\" sizes=\"auto, (max-width: 133px) 100vw, 133px\" \/><\/a><\/h3>\n<h3>PROVIAMO LO SNOWBOARD<\/h3>\n<\/blockquote>\n<p><strong>ALLEGHE\u00a0<\/strong> I bambini e ragazzi dell&#8217;Agordino, dai 5 ai 14 anni, avranno la possibilit\u00e0 di provare lo snowboard. Sabato dalle 13 ai Piani di Pezz\u00e8, Ski area Civetta, ad Alleghe. La lezione \u00e8 gratuita. Successivamente chi lo desiderer\u00e0 potr\u00e0 partecipare al corso che durer\u00e0 tutta la stagione invernale. Per informazioni inviare messaggio whatsapp al numero +393498687695 (Giovanna). Con la collaborazione dell sci club Alleghe ed Alleghe Funivie.<\/p>\n<p>&nbsp;<\/p>\n<p>&nbsp;<\/p>\n<hr \/>\n<p>&nbsp;<\/p>\n<blockquote>\n<h3 class=\"entry-title\">IL SACCO DEL DIAVOLO<\/h3>\n<\/blockquote>\n<p><strong class=\"photoswipe-wrapper\"><a class=\"dt-pswp-item pspw-wrap-ready\" href=\"https:\/\/www.radiopiu.net\/wordpress\/wp-content\/uploads\/2022\/12\/cid-f_lbnc25q50.jpg\" data-dt-img-description=\"\" data-large_image_width=\"517\" data-large_image_height=\"580\"><img loading=\"lazy\" decoding=\"async\" class=\" wp-image-311621 alignleft\" src=\"https:\/\/www.radiopiu.net\/wordpress\/wp-content\/uploads\/2022\/12\/cid-f_lbnc25q50-267x300.jpg\" sizes=\"auto, (max-width: 190px) 100vw, 190px\" srcset=\"https:\/\/www.radiopiu.net\/wordpress\/wp-content\/uploads\/2022\/12\/cid-f_lbnc25q50-267x300.jpg 267w, https:\/\/www.radiopiu.net\/wordpress\/wp-content\/uploads\/2022\/12\/cid-f_lbnc25q50.jpg 517w\" alt=\"\" width=\"160\" height=\"179\" \/><\/a>VOLTAGO\u00a0\u00a0<\/strong>Cornamuse, zampogne, pive, baghe, ciaramedde, questi sono solo alcuni strumenti della tradizione italiana, facenti parte della grande e variegata famiglia degli strumenti musicali cosiddetti aerofoni a sacco, che hanno, cio\u00e8, come loro principale peculiarit\u00e0 e caratteristica, un serbatoio, un otre, un sacco, che alimenta tutti gli elementi ad esso collegati, producendo quel suono suggestivo e caratteristico che tutti conosciamo e che sentiamo soprattutto durante il periodo natalizio. Andrea Da Cort\u00e0, musicista cadorino, ricercatore di musiche di tradizione popolare, compositore e costruttore di strumenti antichi, far\u00e0 un po\u2019 di chiarezza su questo argomento ricco e interessante e ci far\u00e0 apprezzare questi suoni tanto caratteristici quanto magici, con una lezione-concerto sul mondo delle cornamuse in Europa. La serata \u00e8 aperta a tutti e si svolger\u00e0\u00a0sabato 17 dicembre, alle\u00a020.30, a Voltago Agordino, nella Sala Comunale\u00a0\u201cGianni De Col\u201d (a 300 metri dalla chiesa parrocchiale, in direzione Digoman-Rivamonte). Ingresso libero, fino ad esaurimento posti. Per info: 349.4934799.<\/p>\n<p>&nbsp;<\/p>\n<p>&nbsp;<\/p>\n<hr \/>\n<p>&nbsp;<\/p>\n<blockquote>\n<h3>IL CORO MINIMO BELLUNESE PRONTO A FESTEGGIARE I 60 ANNI DI ATTIVITA&#8217;<\/h3>\n<\/blockquote>\n<p><strong><a class=\"dt-pswp-item\" href=\"https:\/\/www.radiopiu.net\/wordpress\/wp-content\/uploads\/2022\/12\/CORO-MINIMO-BELLUNESE.jpg\" data-dt-img-description=\"\" data-large_image_width=\"1024\" data-large_image_height=\"816\"><img loading=\"lazy\" decoding=\"async\" class=\" wp-image-311461 alignleft\" src=\"https:\/\/www.radiopiu.net\/wordpress\/wp-content\/uploads\/2022\/12\/CORO-MINIMO-BELLUNESE-300x239.jpg\" alt=\"\" width=\"151\" height=\"120\" srcset=\"https:\/\/www.radiopiu.net\/wordpress\/wp-content\/uploads\/2022\/12\/CORO-MINIMO-BELLUNESE-300x239.jpg 300w, https:\/\/www.radiopiu.net\/wordpress\/wp-content\/uploads\/2022\/12\/CORO-MINIMO-BELLUNESE-768x612.jpg 768w, https:\/\/www.radiopiu.net\/wordpress\/wp-content\/uploads\/2022\/12\/CORO-MINIMO-BELLUNESE.jpg 1024w\" sizes=\"auto, (max-width: 151px) 100vw, 151px\" \/><\/a>BELLUNO<\/strong> C\u2019\u00e8 attesa nel mondo corale locale per un evento che vedr\u00e0 protagonista il Coro \u201cMinimo Bellunese\u201d in procinto di celebrare i 60 anni di attivit\u00e0 con un anno di posticipo, rispetto alla scadenza naturale del 2021, dovuto alla pandemia. 60+1, pertanto, saranno i numeri dell\u2019evento che si terr\u00e0 domenica 18 dicembre con inizio alle 17.30 al Teatro Comunale di Belluno. A coordinare e presentare lo spettacolo sono stati chiamati Dino Bridda e Donatella Boldo, collaudati conoscitori della realt\u00e0 corale, sociale e culturale bellunese.<\/p>\n<p>&nbsp;<\/p>\n<p>&nbsp;<\/p>\n<p>&nbsp;<\/p>\n<hr \/>\n<p>&nbsp;<\/p>\n<blockquote>\n<h3>I RACCONTI DI ERMEN<\/h3>\n<\/blockquote>\n<p><strong>SEDICO<\/strong> Domani alle 18 al Bar Centrale di Sedico verranno presentati due racconti inediti di Ermen Gretti. Presentazione a cura di Francesco Dematt\u00e8.<\/p>\n<p>&nbsp;<\/p>\n<p>&nbsp;<\/p>\n<hr \/>\n<p>&nbsp;<\/p>\n<blockquote>\n<h3>DOPPIO APPUNTAMENTO CON LA PRO LOCO MONTI DEL SOLE<\/h3>\n<\/blockquote>\n<p><strong>SOSPIROLO<\/strong> Sabato alle 20.45\u00a0 al Centro civico di Sospirolo appuntamento con la commedia brillante \u201cColpa del Birus o del Modesto?\u201d proposta dall&#8217;Associazione Culturale Ghita per la regia di Mauro Fantinel. Rinviato per maltempo dalla settimana scorsa \u201cBoschi a Natale\u201d (promosso da Unpli e Regione Veneto), si terr\u00e0 domenica alle 10 per visitare le Masiere e Sass Muss.<\/p>\n<p>&nbsp;<\/p>\n<p>&nbsp;<\/p>\n<hr \/>\n<p>&nbsp;<\/p>\n<blockquote>\n<h3>MERCATINI DI NATALE A SOTTOGUDA<\/h3>\n<\/blockquote>\n<p><strong>ROCCA PIETORE<\/strong> Tre giorni di mercatini sotto la Marmolada. Torna a Sottoguda &#8220;Nad\u00e8l Ignanter i Tabiei&#8221; il 28, 29 e 30 dicembre dalle 13 alle 19. Mercoled\u00ec 28 alle 16 &#8220;Dolci note sotto la neve&#8221; con il Coro Sottoguda. Venerd\u00ec 30 dicembre alle 17 &#8220;Una montagna di note&#8221; con l&#8217;Orchestra Dolomiti.<\/p>\n<p><a class=\"dt-pswp-item\" href=\"https:\/\/www.radiopiu.net\/wordpress\/wp-content\/uploads\/2022\/12\/7b12f4ab-d16b-4440-9e84-3a4af82af38b.jpg\" data-dt-img-description=\"\" data-large_image_width=\"1131\" data-large_image_height=\"1600\"><img loading=\"lazy\" decoding=\"async\" class=\"size-medium wp-image-311657 aligncenter\" src=\"https:\/\/www.radiopiu.net\/wordpress\/wp-content\/uploads\/2022\/12\/7b12f4ab-d16b-4440-9e84-3a4af82af38b-212x300.jpg\" alt=\"\" width=\"212\" height=\"300\" srcset=\"https:\/\/www.radiopiu.net\/wordpress\/wp-content\/uploads\/2022\/12\/7b12f4ab-d16b-4440-9e84-3a4af82af38b-212x300.jpg 212w, https:\/\/www.radiopiu.net\/wordpress\/wp-content\/uploads\/2022\/12\/7b12f4ab-d16b-4440-9e84-3a4af82af38b-724x1024.jpg 724w, https:\/\/www.radiopiu.net\/wordpress\/wp-content\/uploads\/2022\/12\/7b12f4ab-d16b-4440-9e84-3a4af82af38b-768x1086.jpg 768w, https:\/\/www.radiopiu.net\/wordpress\/wp-content\/uploads\/2022\/12\/7b12f4ab-d16b-4440-9e84-3a4af82af38b-1086x1536.jpg 1086w, https:\/\/www.radiopiu.net\/wordpress\/wp-content\/uploads\/2022\/12\/7b12f4ab-d16b-4440-9e84-3a4af82af38b.jpg 1131w\" sizes=\"auto, (max-width: 212px) 100vw, 212px\" \/><\/a><\/p>\n<p>&nbsp;<\/p>\n<hr \/>\n<p>&nbsp;<\/p>\n<blockquote>\n<h3>L&#8217;EVENTO FINALE DEL PROGETTO BIO COL ALP<\/h3>\n<\/blockquote>\n<p><strong>SAN TOMASO <\/strong>E&#8217; in programma sabato al Centro Orti Rupestri di Celat a San Tomaso l&#8217;evento finale del progetto Bio Col Alp. Alle 9:30 il saluto del sindaco Moreno De Val e l&#8217;intervento del professor Christian Vogl dell&#8217;Universit\u00e0 di Vienna. A seguire le relazioni tecniche del progetto RECUPERO E RILANCIO DELLA BIODIVERSIT\u00c0 NELLE COLTIVAZIONI ALPINE \u2013 UNA GESTIONE SOSTENIBILE NEGLI ORTI E NEI CAMPI DELL\u2019ALTO AGORDINO E DEL COMUNE DI ASSLING (OstTirol), a cura dei relatori Orazio Andrich, Johannes Keintzel, Cesare Andrich. Interludi di filmato redatti da Lorenzo Cassol. Moderatore Giuseppe Pellegrini.<\/p>\n<p>&nbsp;<\/p>\n<hr \/>\n<p>&nbsp;<\/p>\n<p>&nbsp;<\/p>\n<p>&nbsp;<\/p>\n<blockquote class=\"wp-embedded-content\" data-secret=\"aCBSXeElBJ\"><p><a href=\"https:\/\/www.radiopiu.net\/wordpress\/il-presepio-incantato-di-roe-di-sedico\/\">IL PRESEPIO INCANTATO DI ROE DI SEDICO<\/a><\/p><\/blockquote>\n<p><iframe loading=\"lazy\" class=\"wp-embedded-content\" sandbox=\"allow-scripts\" security=\"restricted\" style=\"position: absolute; clip: rect(1px, 1px, 1px, 1px);\" title=\"&#8220;IL PRESEPIO INCANTATO DI ROE DI SEDICO&#8221; &#8212; Radio Pi\u00f9\" src=\"https:\/\/www.radiopiu.net\/wordpress\/il-presepio-incantato-di-roe-di-sedico\/embed\/#?secret=WZIX73XDES#?secret=aCBSXeElBJ\" data-secret=\"aCBSXeElBJ\" width=\"600\" height=\"338\" frameborder=\"0\" marginwidth=\"0\" marginheight=\"0\" scrolling=\"no\"><\/iframe><\/p>\n<p>&nbsp;<\/p>\n<p>&nbsp;<\/p>\n<hr \/>\n<p>&nbsp;<\/p>\n<h2><span style=\"color: #ff0000;\">IERI ALLA RADIO<\/span><\/h2>\n<p><strong>LO SPECIALE &#8220;SE NON LA SMETTI DI MANDO DAL PRESIDE&#8221;, NONA PUNTATA<\/strong><\/p>\n<audio class=\"wp-audio-shortcode\" id=\"audio-311472-9\" preload=\"none\" style=\"width: 100%;\" controls=\"controls\"><source type=\"audio\/mpeg\" src=\"https:\/\/www.radiopiu.net\/wordpress\/wp-content\/uploads\/2022\/12\/se-non-la-smetti-puntata-9.mp3?_=9\" \/><a href=\"https:\/\/www.radiopiu.net\/wordpress\/wp-content\/uploads\/2022\/12\/se-non-la-smetti-puntata-9.mp3\">https:\/\/www.radiopiu.net\/wordpress\/wp-content\/uploads\/2022\/12\/se-non-la-smetti-puntata-9.mp3<\/a><\/audio>\n<p>&nbsp;<\/p>\n<p><strong>LA RACCOLTA COMPLETA\u00a0 con la prof. Maria Rosa Salmazo<\/strong><\/p>\n<blockquote class=\"wp-embedded-content\" data-secret=\"XzNGyy8pyE\"><p><a href=\"https:\/\/www.radiopiu.net\/wordpress\/se-non-la-smetti-di-mando-dal-preside\/\">SE NON LA SMETTI TI MANDO DAL PRESIDE<\/a><\/p><\/blockquote>\n<p><iframe loading=\"lazy\" class=\"wp-embedded-content\" sandbox=\"allow-scripts\" security=\"restricted\" style=\"position: absolute; clip: rect(1px, 1px, 1px, 1px);\" title=\"&#8220;SE NON LA SMETTI TI MANDO DAL PRESIDE&#8221; &#8212; Radio Pi\u00f9\" src=\"https:\/\/www.radiopiu.net\/wordpress\/se-non-la-smetti-di-mando-dal-preside\/embed\/#?secret=5B22AKuJ2O#?secret=XzNGyy8pyE\" data-secret=\"XzNGyy8pyE\" width=\"600\" height=\"338\" frameborder=\"0\" marginwidth=\"0\" marginheight=\"0\" scrolling=\"no\"><\/iframe><\/p>\n<p>&nbsp;<\/p>\n<hr \/>\n<p>&nbsp;<\/p>\n<p>&nbsp;<\/p>\n<h2><span style=\"color: #ff0000;\">IERI ALLA RADIO\u00a0<\/span><\/h2>\n<p><strong>LO SPECIALE FEMCA CISL, TERZA PUNTATA ospite Vitale Cortellini<\/strong><\/p>\n<audio class=\"wp-audio-shortcode\" id=\"audio-311472-10\" preload=\"none\" style=\"width: 100%;\" controls=\"controls\"><source type=\"audio\/mpeg\" src=\"https:\/\/www.radiopiu.net\/wordpress\/wp-content\/uploads\/2022\/12\/FEMCA-CISL.mp3?_=10\" \/><a href=\"https:\/\/www.radiopiu.net\/wordpress\/wp-content\/uploads\/2022\/12\/FEMCA-CISL.mp3\">https:\/\/www.radiopiu.net\/wordpress\/wp-content\/uploads\/2022\/12\/FEMCA-CISL.mp3<\/a><\/audio>\n<p>&nbsp;<\/p>\n<p><strong>LA RACCOLTA COMPLETA\u00a0 \u00a0<\/strong><\/p>\n<blockquote class=\"wp-embedded-content\" data-secret=\"C1WiuRJWNx\"><p><a href=\"https:\/\/www.radiopiu.net\/wordpress\/cisl-e-femca-cisl-la-voce-per-i-lavoratori\/\">CISL E FEMCA CISL  LA VOCE PER I LAVORATORI<\/a><\/p><\/blockquote>\n<p><iframe loading=\"lazy\" class=\"wp-embedded-content\" sandbox=\"allow-scripts\" security=\"restricted\" style=\"position: absolute; clip: rect(1px, 1px, 1px, 1px);\" title=\"&#8220;CISL E FEMCA CISL  LA VOCE PER I LAVORATORI&#8221; &#8212; Radio Pi\u00f9\" src=\"https:\/\/www.radiopiu.net\/wordpress\/cisl-e-femca-cisl-la-voce-per-i-lavoratori\/embed\/#?secret=3qKVPAv3u1#?secret=C1WiuRJWNx\" data-secret=\"C1WiuRJWNx\" width=\"600\" height=\"338\" frameborder=\"0\" marginwidth=\"0\" marginheight=\"0\" scrolling=\"no\"><\/iframe><\/p>\n<hr \/>\n<p>&nbsp;<\/p>\n<blockquote>\n<h3>LA DECIMA EDIZIONE DI RIVA NADAL A RIVAMONTE<\/h3>\n<\/blockquote>\n<p><strong><a class=\"dt-pswp-item\" href=\"https:\/\/www.radiopiu.net\/wordpress\/wp-content\/uploads\/2021\/12\/RIVA-NADAL.png\" data-dt-img-description=\"\" data-large_image_width=\"620\" data-large_image_height=\"412\"><img loading=\"lazy\" decoding=\"async\" class=\" wp-image-247592 alignleft\" src=\"https:\/\/www.radiopiu.net\/wordpress\/wp-content\/uploads\/2021\/12\/RIVA-NADAL-300x199.png\" alt=\"\" width=\"204\" height=\"135\" srcset=\"https:\/\/www.radiopiu.net\/wordpress\/wp-content\/uploads\/2021\/12\/RIVA-NADAL-300x199.png 300w, https:\/\/www.radiopiu.net\/wordpress\/wp-content\/uploads\/2021\/12\/RIVA-NADAL.png 620w\" sizes=\"auto, (max-width: 204px) 100vw, 204px\" \/><\/a>di Mirko Mezzacasa<\/strong><\/p>\n<p>OSPITE: Giacomo Bressan, Pro Loco Rivamonte<\/p>\n<audio class=\"wp-audio-shortcode\" id=\"audio-311472-11\" preload=\"none\" style=\"width: 100%;\" controls=\"controls\"><source type=\"audio\/mpeg\" src=\"https:\/\/www.radiopiu.net\/wordpress\/wp-content\/uploads\/2022\/12\/RIVA-NADAL-2022-DICEMBRE-1.mp3?_=11\" \/><a href=\"https:\/\/www.radiopiu.net\/wordpress\/wp-content\/uploads\/2022\/12\/RIVA-NADAL-2022-DICEMBRE-1.mp3\">https:\/\/www.radiopiu.net\/wordpress\/wp-content\/uploads\/2022\/12\/RIVA-NADAL-2022-DICEMBRE-1.mp3<\/a><\/audio>\n<p>&nbsp;<\/p>\n<hr \/>\n<p>&nbsp;<\/p>\n<p><a class=\"dt-pswp-item\" href=\"https:\/\/www.radiopiu.net\/wordpress\/wp-content\/uploads\/2022\/12\/Senza-nome-78.jpg\" data-dt-img-description=\"\" data-large_image_width=\"822\" data-large_image_height=\"722\"><img loading=\"lazy\" decoding=\"async\" class=\"size-medium wp-image-311532 aligncenter\" src=\"https:\/\/www.radiopiu.net\/wordpress\/wp-content\/uploads\/2022\/12\/Senza-nome-78-300x264.jpg\" alt=\"\" width=\"300\" height=\"264\" srcset=\"https:\/\/www.radiopiu.net\/wordpress\/wp-content\/uploads\/2022\/12\/Senza-nome-78-300x264.jpg 300w, https:\/\/www.radiopiu.net\/wordpress\/wp-content\/uploads\/2022\/12\/Senza-nome-78-768x675.jpg 768w, https:\/\/www.radiopiu.net\/wordpress\/wp-content\/uploads\/2022\/12\/Senza-nome-78.jpg 822w\" sizes=\"auto, (max-width: 300px) 100vw, 300px\" \/><\/a><\/p>\n<p>&nbsp;<\/p>\n<p>&nbsp;<\/p>\n<hr \/>\n<p>&nbsp;<\/p>\n<p>&nbsp;<\/p>\n<h2>L&#8217;ALBERO DEI BUONI AUSPICI<\/h2>\n<p><a class=\"dt-pswp-item\" href=\"https:\/\/www.radiopiu.net\/wordpress\/wp-content\/uploads\/2022\/12\/lalbero-dei-buoni-auspici-2.jpg\" data-dt-img-description=\"\" data-large_image_width=\"1414\" data-large_image_height=\"2000\"><img loading=\"lazy\" decoding=\"async\" class=\"size-medium wp-image-310043 aligncenter\" src=\"https:\/\/www.radiopiu.net\/wordpress\/wp-content\/uploads\/2022\/12\/lalbero-dei-buoni-auspici-2-212x300.jpg\" alt=\"\" width=\"212\" height=\"300\" srcset=\"https:\/\/www.radiopiu.net\/wordpress\/wp-content\/uploads\/2022\/12\/lalbero-dei-buoni-auspici-2-212x300.jpg 212w, https:\/\/www.radiopiu.net\/wordpress\/wp-content\/uploads\/2022\/12\/lalbero-dei-buoni-auspici-2-724x1024.jpg 724w, https:\/\/www.radiopiu.net\/wordpress\/wp-content\/uploads\/2022\/12\/lalbero-dei-buoni-auspici-2-768x1086.jpg 768w, https:\/\/www.radiopiu.net\/wordpress\/wp-content\/uploads\/2022\/12\/lalbero-dei-buoni-auspici-2-1086x1536.jpg 1086w, https:\/\/www.radiopiu.net\/wordpress\/wp-content\/uploads\/2022\/12\/lalbero-dei-buoni-auspici-2.jpg 1414w\" sizes=\"auto, (max-width: 212px) 100vw, 212px\" \/><\/a><strong>CENCENIGHE<\/strong> Domenica 18 dicembre alle 16 accensione dell&#8217;albero di Natale con i bambini dell&#8217;asilo e della scuola primaria. Decoreranno l&#8217;albero che all&#8217;imbrunire si accender\u00e0 di mille luci.<\/p>\n<p>&nbsp;<\/p>\n<p>&nbsp;<\/p>\n<hr \/>\n<p>&nbsp;<\/p>\n<blockquote>\n<h3>L&#8217;ISTITUTO CATULLO DI BELLUNO APRE LE PORTE AI FUTURI STUDENTI<\/h3>\n<\/blockquote>\n<p><strong>BELLUNO<\/strong> Saranno due le giornate in cui l&#8217;Istituto Catullo di Belluno aprir\u00e0 le porte a genitori e figli per presentare la scuola ai futuri studenti della scuola superiore. Domani e il 14 gennaio 2023, dalle 15 alle 17:30, si potr\u00e0 visitare la scuola e scoprire in cosa consistono i gli indirizzi che si possono scegliere. Logistica import-export, Turismo accessibile e sostenibile, sanit\u00e0 e assistenza sociale gli indirizzi che saranno presentati nelle due giornate. . Per maggiori informazioni \u00e8 possibile chiamare lo 0437\/941678 o scrivere a blis01200t@istruzione.it<\/p>\n<p>&nbsp;<\/p>\n<p>&nbsp;<\/p>\n<hr \/>\n<p>&nbsp;<\/p>\n<blockquote>\n<h3>SCUOLA APERTA ALLA PRIMARIA DI LA VALLE<\/h3>\n<\/blockquote>\n<p><strong>LA VALLE<\/strong> Sabato dalle 14:30 alle 16 la scuola primaria Don G. Mezzacasa sar\u00e0 aperta a genitori e bambini. Gli insegnanti accoglieranno gli interessati per presentare la scuola, visitarla e visualizzare le attivit\u00e0 laboratoriali della scuola.<\/p>\n<p>&nbsp;<\/p>\n<p>&nbsp;<\/p>\n<hr \/>\n<p>&nbsp;<\/p>\n<blockquote>\n<h3>L&#8217;INCONTRO PER COSTITUIRE IL GRUPPO AUSER DI CENCENIGHE<\/h3>\n<\/blockquote>\n<p><strong>CENCENIGHE<\/strong> Si terr\u00e0 domani alle 17:30 nella sala consigliare del Comune di Cencenighe la riunione per la costituzione del nuovo gruppo Auser di Cencenighe. Saranno presenti il presidente Auser di Canale D&#8217;Agordo, il sindaco di Cencenighe Mauro Soppelsa e gli assistenti di ASCA Servizi Sociali Agordino. La popolazione \u00e8 invitata a partecipare<\/p>\n<p>&nbsp;<\/p>\n<p>&nbsp;<\/p>\n<hr \/>\n<p>&nbsp;<\/p>\n<blockquote>\n<h3><\/h3>\n<h3>\u201cRaccontare l&#8217;emigrazione veneta\u201d. Sabato la premiazione dei vincitori<\/h3>\n<\/blockquote>\n<p><strong><a class=\"dt-pswp-item\" href=\"https:\/\/www.radiopiu.net\/wordpress\/wp-content\/uploads\/2022\/03\/ABM.jpg\" data-dt-img-description=\"\" data-large_image_width=\"400\" data-large_image_height=\"400\"><img loading=\"lazy\" decoding=\"async\" class=\"wp-image-264723 alignleft\" src=\"https:\/\/www.radiopiu.net\/wordpress\/wp-content\/uploads\/2022\/03\/ABM-300x300.jpg\" alt=\"\" width=\"144\" height=\"144\" srcset=\"https:\/\/www.radiopiu.net\/wordpress\/wp-content\/uploads\/2022\/03\/ABM-300x300.jpg 300w, https:\/\/www.radiopiu.net\/wordpress\/wp-content\/uploads\/2022\/03\/ABM-150x150.jpg 150w, https:\/\/www.radiopiu.net\/wordpress\/wp-content\/uploads\/2022\/03\/ABM.jpg 400w\" sizes=\"auto, (max-width: 144px) 100vw, 144px\" \/><\/a>BELLUNO<\/strong> Verr\u00e0 svelato sabato\u00a0 il vincitore del primo concorso letterario \u201cRaccontare l&#8217;emigrazione veneta\u201d, l&#8217;iniziativa organizzata dall&#8217;Associazione Bellunesi nel Mondo e dedicata a racconti inediti e originali, reali o di fantasia, in lingua italiana, aventi a tema l\u2019emigrazione dal Veneto, storica e\/o attuale.<br \/>\nSessantasei i partecipanti, provenienti dall\u2019Italia e dall\u2019estero, dieci i finalisti: Antonella Schena (Falcade), Roberta Bassani Federizzi (Marau, Brasile), WalterBasso\u00a0 (Martellago, Venezia), Giuliano Dall\u2019\u00d2\u00a0 (Milano),\u00a0 Daniela Emmi (Belluno); Patricia Lucio (Belluno); Francesco Noventa\u00a0 (Ponte nelle Alpi), Lorenzo Pertoldi (Feltre), Sara Piazza (Alpago), Fabrizio Ruffini (Belluno).<\/p>\n<p>&nbsp;<\/p>\n<p>&nbsp;<\/p>\n<hr \/>\n<p>&nbsp;<\/p>\n<blockquote>\n<h3>LA RIFORMA DELLO SPORT, IL CONVEGNO<\/h3>\n<\/blockquote>\n<p><i>Sabato 17 dicembre alle\u00a0 10, a cura del Comitato Provinciale C.S.E.N. di Belluno, presso la sala riunioni di Sport e Salute in Via Cipro, 30 Belluno, si terr\u00e0 un seminario dal titolo \u201cLa Riforma dello Sport\u201d. L\u2019iniziativa, a titolo gratuito, rivolta alle associazioni e societ\u00e0 sportive dilettantistiche affiliate e non a CSEN. Relatore Dott. Giuliano Zocca Presidente del Comitato C.S.E.N. di Belluno.\u00a0 Informazioni tel. o whatsapp 389\/5079423.<\/i><\/p>\n<p>&nbsp;<\/p>\n<p>&nbsp;<\/p>\n<hr \/>\n<p>&nbsp;<\/p>\n<blockquote>\n<h3><a class=\"dt-pswp-item\" href=\"https:\/\/www.radiopiu.net\/wordpress\/wp-content\/uploads\/2020\/04\/cai-agordo.jpg\" data-dt-img-description=\"\" data-large_image_width=\"297\" data-large_image_height=\"170\"><img loading=\"lazy\" decoding=\"async\" class=\" wp-image-127841 alignleft\" src=\"https:\/\/www.radiopiu.net\/wordpress\/wp-content\/uploads\/2020\/04\/cai-agordo.jpg\" alt=\"\" width=\"163\" height=\"93\" \/><\/a>IL CAI DI AGORDO INCONTRA I SOCI IN OCCASIONE DEL NATALE<\/h3>\n<\/blockquote>\n<p><strong>AGORDO<\/strong> La Sezione Agordina del CAI, come ogni anno, vuole ringraziare quanti, in qualsiasi forma, hanno aiutato il Sodalizio portando il proprio contributo e collaborazione nel corso del 2022. Appuntamento alla Pizzeria Agordina domani alle 18 per il consueto incontro conviviale e lo scambio degli Auguri per le imminenti Festivit\u00e0\u00a0 Natalizie.<\/p>\n<p>&nbsp;<\/p>\n<p>&nbsp;<\/p>\n<hr \/>\n<p>&nbsp;<\/p>\n<blockquote>\n<h3>LETTURE DI NATALE PER BAMBINI<\/h3>\n<\/blockquote>\n<p><strong>LIMANA<\/strong> La biblioteca di Limana organizza per luned\u00ec un pomeriggio di letture di Natale per bambini. L&#8217;appuntamento \u00e8 alle 16:45 per i bambini dai 24 ai 36 mesi e alle 17:45 per il pubblico dai 3 ai 5 anni. Le letture saranno a cura di Federica De Col. Obbligo di prenotazione a cultura@comune.limana.bl.it<\/p>\n<p>&nbsp;<\/p>\n<p>&nbsp;<\/p>\n<hr \/>\n<p>&nbsp;<\/p>\n<blockquote>\n<h3>CORSI DI INGLESE E di PROJECT MANAGEMENT CON IL COMITATO D\u2019INTESA<\/h3>\n<\/blockquote>\n<p><strong>BELLUNO<\/strong> Due nuovi corsi di formazione, completamente gratuiti, aperti alla partecipazione di volontari lavoratori residenti in provincia di Belluno, grazie al Comitato d\u2019Intesa, partner del progetto \u201cAge Management: ibridazione e trasmissione delle competenze\u201d.\u00a0 Gli appuntamenti, della durata di 16 ore ciascuno, si terranno nei mesi di gennaio e febbraio presso la sede del Comitato d\u2019Intesa. Possono partecipare lavoratori impiegati part time o full time presso datori di lavoro di imprese private, ma anche titolari d\u2019impresa, coadiuvanti, liberi professionisti e lavoratori autonomi,\u00a0\u00e8 necessario inviare la propria manifestazione di interesse a europa@comitatodintesa.it.<\/p>\n<p>&nbsp;<\/p>\n<hr \/>\n<p>&nbsp;<\/p>\n<blockquote>\n<h3>LA MOSTRA ITALIA INTARSIATA<\/h3>\n<\/blockquote>\n<p><strong>FELTRE<\/strong> Sabato alle 14:45 alla Coopertiva Sociale Arcobaleno &#8217;86 di Vellai di Feltre si inaugura, nel 25\u00b0del Museo dei Sogni, Memoria, Coscienza e Presepi, la mostra tematica con l\u2019esposizione dell&#8217; Italia Intarsiata con legni provenienti da tutte le regioni italiane che raccontano storie di bene, memoria, dolore, bello e vita; e della Candela della Provincia di Belluno, nata dai legni e dall\u2019amore alla propria terra, provenienti da tutti i 61 territori comunali. Presenzier\u00e0 il vescovo della diocesi di Belluno-Feltre mons. Renato Marangoni.<\/p>\n<p>&nbsp;<\/p>\n<p>&nbsp;<\/p>\n<hr \/>\n<p>&nbsp;<\/p>\n<blockquote>\n<h3>IL VESCOVO MONSIGNOR MARANGONI INAUGURA DOMENICA A FELTRE LA MOSTRA \u201cIN HOC SIGNO\u201d DEDICATA ALLA CROCE POST-BIZANTINA<\/h3>\n<\/blockquote>\n<p><strong>di Renato Bona<\/strong><\/p>\n<p>Il vescovo monsignor Renato Marangoni interverr\u00e0 domenica 18 alla cerimonia inaugurale (a partire dalle 11,20, nell\u2019Oratorio dell\u2019Annunziata, adiacente la Concattedrale di Feltre) della mostra \u201cIn hoc signo\u201d, dedicata &#8211; come si pu\u00f2 leggere nel servizio a firma di don Angelo Balcon, parroco ed arciprete della Concattedrale, nel sito \u201cchiesabellunofeltre\u201d &#8211; \u201calla Croce post-bizantina conservata ed esposta nel Museo diocesano di arte sacra\u201d (nella via Paradiso, direttore mons. Giacomo Mazzorana, conservatrice Tiziana Conte). Ancora don Balcon: \u201cLa parrocchia ringrazia l\u2019Amministrazione comunale per aver concesso il patrocinio della Citt\u00e0 di Feltre all\u2019iniziativa\u201d e aggiunge: \u201cCon l\u2019intento di far conoscere la storia della Concattedrale come luogo di culto e di spiritualit\u00e0, il suo patrimonio religioso e artistico, \u00e8 nata l\u2019idea di riprodurre per gli ambienti che l\u2019hanno custodita e protetta per secoli, le principali scene che compongono la Croce post-bizantina. Le scene che verranno individuate tra le 52 nicchie e le 485 figure intagliate in bosso saranno riprodotte su tavola, secondo un itinerario legato al corso dell\u2019Anno liturgico nei quattro tempi definiti \u2018forti\u2019: Avvento, Natale, Quaresima, Pasqua. Il ciclo culminer\u00e0 con la rappresentazione del celebre pellicano che sovrasta la Croce e i santi Apostoli Pietro e Paolo in essa raffigurati\u201d. Conclude specificando che \u201cSi intende cos\u00ec offrire un percorso catechetico, spirituale e artistico che permetter\u00e0 di accostare la Croce post-bizantina ancora per molti versi sconosciuta, al termine del 480. anno della sua realizzazione. Senza trascurare i ringraziamenti: alla dott. Tiziana Casagrande per la collaborazione nella ricerca del materiale bibliografico e a mons. Giacomo Mazzorana per la concessione degli studi fatti sulla Croce, a partire da quelli del prof. Sergio Claut, che presenzier\u00e0 all\u2019inaugurazione. Oltre, s\u2019intende, a Gian Antonio Cecchin che gi\u00e0 in passato si \u00e8 dedicato allo studio di tutte le scene ispirate al Nuovo Testamento e ne conosce appassionatamente la struttura iconografica avendo realizzato con Flavio Marin lo studio fotografico effettuato nel 2006\u201d. Nel sito diocesano Cecchin, \u00e8 presente con note sulle motivazioni del progetto che nasce fin dal 1997. Sintetizziamo, sia pure con rammarico visto l\u2019interesse dell\u2019argomento: il progetto \u00e8 articolato nei seguenti punti principali: Titolo: \u201cIn hoc signo, oro, incenso e terra\u201d; frazionamento in tre diversi momenti del processo di realizzazione: Natale 2022 (con scene inerenti alla Nativit\u00e0); Pasqua 2023 (con scene inerenti alla Passione); Ascensione 2023 (con scene inerenti il periodo della Pentecoste); ancora: realizzazione di 33 incisioni\u00a0ad acquaforte su carta Rosaspina di Fabriano aventi come tema le scene della vita di Cristo cesellate nella croce e divise in: 11 in oro; 11 incenso; 11 e terra; per un totale di 33 come gli anni della vita di Cristo. Le 33 incisioni che verranno completate con la terza mostra vengono confezionate in scatola di legno agglomerato sempre nel numero di 33, il coperchio della scatola riporta a sua volta l\u2019immagine del quadrato matematico con la somma in ogni ordine di lettura delle 4 cifre del numero 33. Realizzazione dei pannelli: i tre elementi relativi alle tre tematiche temporali saranno realizzati in corso d\u2019opera della apertura di ogni singola mostra; realizzazione del presepio: \u201cPresepe bianco su fondo bianco\u201d. Concludiamo, sempre con Cecchin: \u201cRimarranno fruibili al pubblico la copia fotografica a dimensioni originali del ritratto di Dante, opera di Domenico di Michelino, e i pannelli che illustrano la storia e il recupero del seicentesco Oratorio dell\u2019Annunziata.<\/p>\n\n\t\t\t<style type='text\/css'>\n\t\t\t\t#gallery-5 {\n\t\t\t\t\tmargin: auto;\n\t\t\t\t}\n\t\t\t\t#gallery-5 .gallery-item {\n\t\t\t\t\tfloat: left;\n\t\t\t\t\tmargin-top: 10px;\n\t\t\t\t\ttext-align: center;\n\t\t\t\t\twidth: 14%;\n\t\t\t\t}\n\t\t\t\t#gallery-5 img {\n\t\t\t\t\tborder: 2px solid #cfcfcf;\n\t\t\t\t}\n\t\t\t\t#gallery-5 .gallery-caption {\n\t\t\t\t\tmargin-left: 0;\n\t\t\t\t}\n\t\t\t\t\/* see gallery_shortcode() in wp-includes\/media.php *\/\n\t\t\t<\/style>\n\t\t<div id='gallery-5' class='dt-gallery-container gallery galleryid-311472 gallery-columns-7 gallery-size-thumbnail'><dl class='gallery-item'>\n\t\t\t\t<dt class='gallery-icon portrait'>\n\t\t\t\t\t<a class=\"rollover rollover-zoom dt-pswp-item\" title=\"bdr\" data-dt-img-description=\"\" data-large_image_width=\"298\" data-large_image_height=\"397\"href='https:\/\/www.radiopiu.net\/wordpress\/wp-content\/uploads\/2022\/12\/318377022_487544096697296_2492225710619350283_n.jpg'><img loading=\"lazy\" decoding=\"async\" width=\"150\" height=\"150\" src=\"https:\/\/www.radiopiu.net\/wordpress\/wp-content\/uploads\/2022\/12\/318377022_487544096697296_2492225710619350283_n-150x150.jpg\" class=\"attachment-thumbnail size-thumbnail\" alt=\"\" \/><\/a>\n\t\t\t\t<\/dt><\/dl><dl class='gallery-item'>\n\t\t\t\t<dt class='gallery-icon landscape'>\n\t\t\t\t\t<a class=\"rollover rollover-zoom dt-pswp-item\" title=\"319177839_2358659640970133_3707978857774282980_n\" data-dt-img-description=\"\" data-large_image_width=\"702\" data-large_image_height=\"403\"href='https:\/\/www.radiopiu.net\/wordpress\/wp-content\/uploads\/2022\/12\/319177839_2358659640970133_3707978857774282980_n.jpg'><img loading=\"lazy\" decoding=\"async\" width=\"150\" height=\"150\" src=\"https:\/\/www.radiopiu.net\/wordpress\/wp-content\/uploads\/2022\/12\/319177839_2358659640970133_3707978857774282980_n-150x150.jpg\" class=\"attachment-thumbnail size-thumbnail\" alt=\"\" \/><\/a>\n\t\t\t\t<\/dt><\/dl><dl class='gallery-item'>\n\t\t\t\t<dt class='gallery-icon portrait'>\n\t\t\t\t\t<a class=\"rollover rollover-zoom dt-pswp-item\" title=\"317186794_1493153607879476_3729948706118222834_n\" data-dt-img-description=\"\" data-large_image_width=\"115\" data-large_image_height=\"173\"href='https:\/\/www.radiopiu.net\/wordpress\/wp-content\/uploads\/2022\/12\/317186794_1493153607879476_3729948706118222834_n.jpg'><img loading=\"lazy\" decoding=\"async\" width=\"115\" height=\"150\" src=\"https:\/\/www.radiopiu.net\/wordpress\/wp-content\/uploads\/2022\/12\/317186794_1493153607879476_3729948706118222834_n-115x150.jpg\" class=\"attachment-thumbnail size-thumbnail\" alt=\"\" \/><\/a>\n\t\t\t\t<\/dt><\/dl><dl class='gallery-item'>\n\t\t\t\t<dt class='gallery-icon portrait'>\n\t\t\t\t\t<a class=\"rollover rollover-zoom dt-pswp-item\" title=\"318311320_835617177730784_7392205456211409894_n\" data-dt-img-description=\"\" data-large_image_width=\"315\" data-large_image_height=\"403\"href='https:\/\/www.radiopiu.net\/wordpress\/wp-content\/uploads\/2022\/12\/318311320_835617177730784_7392205456211409894_n.jpg'><img loading=\"lazy\" decoding=\"async\" width=\"150\" height=\"150\" src=\"https:\/\/www.radiopiu.net\/wordpress\/wp-content\/uploads\/2022\/12\/318311320_835617177730784_7392205456211409894_n-150x150.jpg\" class=\"attachment-thumbnail size-thumbnail\" alt=\"\" \/><\/a>\n\t\t\t\t<\/dt><\/dl><dl class='gallery-item'>\n\t\t\t\t<dt class='gallery-icon landscape'>\n\t\t\t\t\t<a class=\"rollover rollover-zoom dt-pswp-item\" title=\"318037890_522305223288297_4868693409559460522_n\" data-dt-img-description=\"\" data-large_image_width=\"259\" data-large_image_height=\"194\"href='https:\/\/www.radiopiu.net\/wordpress\/wp-content\/uploads\/2022\/12\/318037890_522305223288297_4868693409559460522_n.jpg'><img loading=\"lazy\" decoding=\"async\" width=\"150\" height=\"150\" src=\"https:\/\/www.radiopiu.net\/wordpress\/wp-content\/uploads\/2022\/12\/318037890_522305223288297_4868693409559460522_n-150x150.jpg\" class=\"attachment-thumbnail size-thumbnail\" alt=\"\" \/><\/a>\n\t\t\t\t<\/dt><\/dl><dl class='gallery-item'>\n\t\t\t\t<dt class='gallery-icon landscape'>\n\t\t\t\t\t<a class=\"rollover rollover-zoom dt-pswp-item\" title=\"316223252_1177034419905508_7042402826405691600_n\" data-dt-img-description=\"\" data-large_image_width=\"537\" data-large_image_height=\"403\"href='https:\/\/www.radiopiu.net\/wordpress\/wp-content\/uploads\/2022\/12\/316223252_1177034419905508_7042402826405691600_n.jpg'><img loading=\"lazy\" decoding=\"async\" width=\"150\" height=\"150\" src=\"https:\/\/www.radiopiu.net\/wordpress\/wp-content\/uploads\/2022\/12\/316223252_1177034419905508_7042402826405691600_n-150x150.jpg\" class=\"attachment-thumbnail size-thumbnail\" alt=\"\" \/><\/a>\n\t\t\t\t<\/dt><\/dl><dl class='gallery-item'>\n\t\t\t\t<dt class='gallery-icon landscape'>\n\t\t\t\t\t<a class=\"rollover rollover-zoom dt-pswp-item\" title=\"318362071_676742337510303_5383928708777181989_n\" data-dt-img-description=\"\" data-large_image_width=\"206\" data-large_image_height=\"206\"href='https:\/\/www.radiopiu.net\/wordpress\/wp-content\/uploads\/2022\/12\/318362071_676742337510303_5383928708777181989_n.jpg'><img loading=\"lazy\" decoding=\"async\" width=\"150\" height=\"150\" src=\"https:\/\/www.radiopiu.net\/wordpress\/wp-content\/uploads\/2022\/12\/318362071_676742337510303_5383928708777181989_n-150x150.jpg\" class=\"attachment-thumbnail size-thumbnail\" alt=\"\" srcset=\"https:\/\/www.radiopiu.net\/wordpress\/wp-content\/uploads\/2022\/12\/318362071_676742337510303_5383928708777181989_n-150x150.jpg 150w, https:\/\/www.radiopiu.net\/wordpress\/wp-content\/uploads\/2022\/12\/318362071_676742337510303_5383928708777181989_n.jpg 206w\" sizes=\"auto, (max-width: 150px) 100vw, 150px\" \/><\/a>\n\t\t\t\t<\/dt><\/dl><br style=\"clear: both\" \/>\n\t\t\t<\/div>\n\n<p>&nbsp;<\/p>\n<p>NELLE FOTO (siti chiesabellunofeltre, facebook e Luigi Baldin): la Croce post-bizantina; un particolare: il vescovo di Belluno-Feltre mons. Renato Marangoni;il parroco di Feltre don Angelo Balcon; il direttore del Museo diocesano di Arte sacra, don Giacomo Mazzorana; la sede del Museo; lo studioso Gian Angelo Cecchin.<\/p>\n<p>&nbsp;<\/p>\n<p>&nbsp;<\/p>\n<hr \/>\n<p>&nbsp;<\/p>\n<blockquote>\n<h3>UN GRUPPO AUSER ANCHE A CENCENIGHE,\u00a0 DOMANI IL PRIMO INCONTRO<\/h3>\n<\/blockquote>\n<a href=\"https:\/\/www.radiopiu.net\/wordpress\/wp-content\/uploads\/2022\/12\/Invito-prima-riunione-Auser-Cence-TUTTI-manifesto.pdf\" class=\"pdfemb-viewer\" style=\"\" data-width=\"max\" data-height=\"max\" data-toolbar=\"top\" data-toolbar-fixed=\"on\">Invito prima riunione Auser Cence TUTTI manifesto<\/a>\n<p>&nbsp;<\/p>\n<hr \/>\n<p>&nbsp;<\/p>\n<div>\n<div class=\"b654a4as d2edcug0\">\n<div class=\"rq0escxv hkbzh7o3 jwdofwj8 n8tt0mok r8blr3vg hyh9befq\">\n<p><a class=\"dt-pswp-item\" href=\"https:\/\/www.radiopiu.net\/wordpress\/wp-content\/uploads\/2020\/10\/pp.jpg\" data-dt-img-description=\"\" data-large_image_width=\"640\" data-large_image_height=\"640\"><img loading=\"lazy\" decoding=\"async\" class=\"wp-image-163678 alignleft\" src=\"https:\/\/www.radiopiu.net\/wordpress\/wp-content\/uploads\/2020\/10\/pp-300x300.jpg\" alt=\"\" width=\"106\" height=\"106\" srcset=\"https:\/\/www.radiopiu.net\/wordpress\/wp-content\/uploads\/2020\/10\/pp-300x300.jpg 300w, https:\/\/www.radiopiu.net\/wordpress\/wp-content\/uploads\/2020\/10\/pp-150x150.jpg 150w, https:\/\/www.radiopiu.net\/wordpress\/wp-content\/uploads\/2020\/10\/pp-125x125.jpg 125w, https:\/\/www.radiopiu.net\/wordpress\/wp-content\/uploads\/2020\/10\/pp-200x200.jpg 200w, https:\/\/www.radiopiu.net\/wordpress\/wp-content\/uploads\/2020\/10\/pp-80x80.jpg 80w, https:\/\/www.radiopiu.net\/wordpress\/wp-content\/uploads\/2020\/10\/pp-480x480.jpg 480w, https:\/\/www.radiopiu.net\/wordpress\/wp-content\/uploads\/2020\/10\/pp.jpg 640w\" sizes=\"auto, (max-width: 106px) 100vw, 106px\" \/><\/a><\/p>\n<\/div>\n<\/div>\n<\/div>\n<div>\n<div class=\"page-title-head hgroup\">\n<div class=\"page-title-head hgroup\">\n<div class=\"b654a4as d2edcug0\">\n<div class=\"j83agx80 btwxx1t3 lhclo0ds hop8lmos nkwizq5d scwd0bx6 roh60bw9\">\n<div class=\"rq0escxv hkbzh7o3 jwdofwj8 n8tt0mok r8blr3vg hyh9befq\">\n<div class=\"do00u71z l9j0dhe7 k4urcfbm\">\n<h2><span style=\"color: #000080;\">DON CESARE, IL PENSIERO DEL GIORNO. ALLA RADIO ALLE 7 DEL MATTINO E ALLE 19.30 DELLA SERA\u00a0<\/span><\/h2>\n<audio class=\"wp-audio-shortcode\" id=\"audio-311472-12\" preload=\"none\" style=\"width: 100%;\" controls=\"controls\"><source type=\"audio\/mpeg\" src=\"https:\/\/www.radiopiu.net\/wordpress\/wp-content\/uploads\/2022\/12\/CESARE-10.mp3?_=12\" \/><a href=\"https:\/\/www.radiopiu.net\/wordpress\/wp-content\/uploads\/2022\/12\/CESARE-10.mp3\">https:\/\/www.radiopiu.net\/wordpress\/wp-content\/uploads\/2022\/12\/CESARE-10.mp3<\/a><\/audio>\n<p>&nbsp;<\/p>\n<p>&nbsp;<\/p>\n<hr \/>\n<p>&nbsp;<\/p>\n<h2><span style=\"color: #ff00ff;\">IN VIVO VERSO<\/span><\/h2>\n<blockquote>\n<h3>IL TACERE IN ME di DEBORAH ZEROVNIK<\/h3>\n<\/blockquote>\n<p><strong>AUDIO<\/strong><\/p>\n<audio class=\"wp-audio-shortcode\" id=\"audio-311472-13\" preload=\"none\" style=\"width: 100%;\" controls=\"controls\"><source type=\"audio\/mpeg\" src=\"https:\/\/www.radiopiu.net\/wordpress\/wp-content\/uploads\/2022\/12\/03-DEBORA-3-ZEROVNIK_-IL-TACERE-IN-ME.mp3?_=13\" \/><a href=\"https:\/\/www.radiopiu.net\/wordpress\/wp-content\/uploads\/2022\/12\/03-DEBORA-3-ZEROVNIK_-IL-TACERE-IN-ME.mp3\">https:\/\/www.radiopiu.net\/wordpress\/wp-content\/uploads\/2022\/12\/03-DEBORA-3-ZEROVNIK_-IL-TACERE-IN-ME.mp3<\/a><\/audio>\n<p>&nbsp;<\/p>\n<p><img loading=\"lazy\" decoding=\"async\" class=\"alignleft\" src=\"https:\/\/www.radiopiu.net\/wordpress\/wp-content\/uploads\/2022\/12\/3-FOTO-ZEROVNIK-300x300.jpg\" width=\"143\" height=\"143\" \/>Deborah Zerovnik<br \/>\nIL TACERE IN ME<\/p>\n<p>Il tacere in me<br \/>\nosserva di cos&#8217;\u00e8 fatta la mia rabbia.<br \/>\nNon \u00e8 questione di relazione causa-<br \/>\neffetto,<br \/>\ndisturbare la simmetria delle finestre,<br \/>\nla rotazione della galassia, o un dolore<br \/>\nradicato in profondit\u00e0 ( nel colon)<br \/>\nad attendere il risveglio<\/p>\n<p>\u00e8 la stessa sequenza di eventi<br \/>\nche mi fa apparecchiare il tavolo<br \/>\nmentre organizzano la festa<br \/>\nper quelli che sanno tutto sull&#8217;attesa.<\/p>\n<p><strong>LA RACCOLTA COMPLETA<\/strong><\/p>\n<blockquote class=\"wp-embedded-content\" data-secret=\"q1piB67EZA\"><p><a href=\"https:\/\/www.radiopiu.net\/wordpress\/in-vivo-verso\/\">In Vivo Verso<\/a><\/p><\/blockquote>\n<p><iframe loading=\"lazy\" class=\"wp-embedded-content\" sandbox=\"allow-scripts\" security=\"restricted\" style=\"position: absolute; clip: rect(1px, 1px, 1px, 1px);\" title=\"&#8220;In Vivo Verso&#8221; &#8212; Radio Pi\u00f9\" src=\"https:\/\/www.radiopiu.net\/wordpress\/in-vivo-verso\/embed\/#?secret=Xyh4QE7iSc#?secret=q1piB67EZA\" data-secret=\"q1piB67EZA\" width=\"600\" height=\"338\" frameborder=\"0\" marginwidth=\"0\" marginheight=\"0\" scrolling=\"no\"><\/iframe><\/p>\n<hr \/>\n<p>&nbsp;<\/p>\n<p>&nbsp;<\/p>\n<blockquote class=\"wp-embedded-content\" data-secret=\"zCpZdleDu4\"><p><a href=\"https:\/\/www.radiopiu.net\/wordpress\/lassu-sulle-cime-di-john-francis-della-pietra\/\">Lass\u00f9 sulle cime di John Francis Della Pietra<\/a><\/p><\/blockquote>\n<p><iframe loading=\"lazy\" class=\"wp-embedded-content\" sandbox=\"allow-scripts\" security=\"restricted\" style=\"position: absolute; clip: rect(1px, 1px, 1px, 1px);\" title=\"&#8220;Lass\u00f9 sulle cime di John Francis Della Pietra&#8221; &#8212; Radio Pi\u00f9\" src=\"https:\/\/www.radiopiu.net\/wordpress\/lassu-sulle-cime-di-john-francis-della-pietra\/embed\/#?secret=o5LaOe5JhQ#?secret=zCpZdleDu4\" data-secret=\"zCpZdleDu4\" width=\"600\" height=\"338\" frameborder=\"0\" marginwidth=\"0\" marginheight=\"0\" scrolling=\"no\"><\/iframe><\/p>\n<p>&nbsp;<\/p>\n<p>&nbsp;<\/p>\n<hr \/>\n<p>&nbsp;<\/p>\n<h2><span style=\"color: #993300;\">SCUOLA APERTA AL FOLLADOR &#8211; DE ROSSI<\/span><\/h2>\n<blockquote class=\"wp-embedded-content\" data-secret=\"6vUL9BW2jF\"><p><a href=\"https:\/\/www.radiopiu.net\/wordpress\/scuola-aperta-una-settimana-alla-radio-lofferta-formativa-del-follador-de-rossi\/\">SCUOLA APERTA UNA SETTIMANA ALLA RADIO&#8230;L&#8217;OFFERTA FORMATIVA DEL FOLLADOR-DE ROSSI<\/a><\/p><\/blockquote>\n<p><iframe loading=\"lazy\" class=\"wp-embedded-content\" sandbox=\"allow-scripts\" security=\"restricted\" style=\"position: absolute; clip: rect(1px, 1px, 1px, 1px);\" title=\"&#8220;SCUOLA APERTA UNA SETTIMANA ALLA RADIO&#8230;L&#8217;OFFERTA FORMATIVA DEL FOLLADOR-DE ROSSI&#8221; &#8212; Radio Pi\u00f9\" src=\"https:\/\/www.radiopiu.net\/wordpress\/scuola-aperta-una-settimana-alla-radio-lofferta-formativa-del-follador-de-rossi\/embed\/#?secret=aP5rneLnOc#?secret=6vUL9BW2jF\" data-secret=\"6vUL9BW2jF\" width=\"600\" height=\"338\" frameborder=\"0\" marginwidth=\"0\" marginheight=\"0\" scrolling=\"no\"><\/iframe><\/p>\n<p>&nbsp;<\/p>\n<hr \/>\n<p>&nbsp;<\/p>\n<h2><span style=\"color: #339966;\">COLLAGE OPERAZIONE NOSTALGIA<\/span><\/h2>\n<p><strong><a class=\"dt-pswp-item\" href=\"https:\/\/www.radiopiu.net\/wordpress\/wp-content\/uploads\/2022\/12\/Velvet-Underground.jpg\" data-dt-img-description=\"\" data-large_image_width=\"480\" data-large_image_height=\"360\"><img loading=\"lazy\" decoding=\"async\" class=\" wp-image-310960 alignleft\" src=\"https:\/\/www.radiopiu.net\/wordpress\/wp-content\/uploads\/2022\/12\/Velvet-Underground-300x225.jpg\" alt=\"\" width=\"181\" height=\"136\" srcset=\"https:\/\/www.radiopiu.net\/wordpress\/wp-content\/uploads\/2022\/12\/Velvet-Underground-300x225.jpg 300w, https:\/\/www.radiopiu.net\/wordpress\/wp-content\/uploads\/2022\/12\/Velvet-Underground.jpg 480w\" sizes=\"auto, (max-width: 181px) 100vw, 181px\" \/><\/a>di Loris Scussel<\/strong><\/p>\n<p>La settimana di Collage si aprir\u00e0 con una puntata dedicata al Juke Box, marted\u00ec sar\u00e0 la volta di successi internazionali come \u201cI.O.I.O.\u201d dei Bee Gees, mercoled\u00ec ascolteremo alcuni protagonisti della scena rock inglese da David Bowie ai King Krimson, gioved\u00ec brani indimenticabili come\u00a0 \u201cLyne\u2019 Eyes\u201d degli Eagles e \u201cSunday Morning\u201d dei Velvet Underground, venerd\u00ec infine daremo spazio agli artisti di casa nostra da \u201cUn angelo blu\u201d dell\u2019Equipe84 a \u201cJeshael\u201d dei Delirium di Ivano Fossati. Collage va in onda dal luned\u00ec al venerd\u00ec alle 16,00 e alle 23,00 naturalmente su Radio Pi\u00f9.<\/p>\n<p><strong>LA PUNTATA DEL LUNEDI, 681<\/strong><\/p>\n<audio class=\"wp-audio-shortcode\" id=\"audio-311472-14\" preload=\"none\" style=\"width: 100%;\" controls=\"controls\"><source type=\"audio\/mpeg\" src=\"https:\/\/www.radiopiu.net\/wordpress\/wp-content\/uploads\/2022\/12\/Collage-681.mp3?_=14\" \/><a href=\"https:\/\/www.radiopiu.net\/wordpress\/wp-content\/uploads\/2022\/12\/Collage-681.mp3\">https:\/\/www.radiopiu.net\/wordpress\/wp-content\/uploads\/2022\/12\/Collage-681.mp3<\/a><\/audio>\n<p><strong>LA PUNTATA DEL MARTEDI, 682<\/strong><\/p>\n<audio class=\"wp-audio-shortcode\" id=\"audio-311472-15\" preload=\"none\" style=\"width: 100%;\" controls=\"controls\"><source type=\"audio\/mpeg\" src=\"https:\/\/www.radiopiu.net\/wordpress\/wp-content\/uploads\/2022\/12\/Collage-682.mp3?_=15\" \/><a href=\"https:\/\/www.radiopiu.net\/wordpress\/wp-content\/uploads\/2022\/12\/Collage-682.mp3\">https:\/\/www.radiopiu.net\/wordpress\/wp-content\/uploads\/2022\/12\/Collage-682.mp3<\/a><\/audio>\n<p><strong>LA PUNTATA DEL MERCOLEDI, 683<\/strong><\/p>\n<audio class=\"wp-audio-shortcode\" id=\"audio-311472-16\" preload=\"none\" style=\"width: 100%;\" controls=\"controls\"><source type=\"audio\/mpeg\" src=\"https:\/\/www.radiopiu.net\/wordpress\/wp-content\/uploads\/2022\/12\/Collage-683.mp3?_=16\" \/><a href=\"https:\/\/www.radiopiu.net\/wordpress\/wp-content\/uploads\/2022\/12\/Collage-683.mp3\">https:\/\/www.radiopiu.net\/wordpress\/wp-content\/uploads\/2022\/12\/Collage-683.mp3<\/a><\/audio>\n<p>&nbsp;<\/p>\n<hr \/>\n<p>&nbsp;<\/p>\n<p><img loading=\"lazy\" decoding=\"async\" class=\"aligncenter wp-image-61954 size-full\" src=\"https:\/\/www.radiopiu.net\/wordpress\/wp-content\/uploads\/2018\/09\/viabilita.jpeg\" sizes=\"auto, (max-width: 800px) 100vw, 800px\" srcset=\"https:\/\/www.radiopiu.net\/wordpress\/wp-content\/uploads\/2018\/09\/viabilita.jpeg 800w, https:\/\/www.radiopiu.net\/wordpress\/wp-content\/uploads\/2018\/09\/viabilita-300x38.jpeg 300w, https:\/\/www.radiopiu.net\/wordpress\/wp-content\/uploads\/2018\/09\/viabilita-768x96.jpeg 768w\" alt=\"\" width=\"800\" height=\"100\" \/><\/p>\n<p>&nbsp;<\/p>\n<p>&nbsp;<\/p>\n<p><strong>AGGIORNAMENTO VENETO STRADE, AGGIORNAMENTO CONTINUO H 24<\/strong><\/p>\n<p>&nbsp;<\/p>\n<blockquote class=\"wp-embedded-content\" data-secret=\"Jg9PFtuuzl\"><p><a href=\"https:\/\/www.radiopiu.net\/wordpress\/viabilita\/\">viabilita<\/a><\/p><\/blockquote>\n<p><iframe loading=\"lazy\" class=\"wp-embedded-content\" sandbox=\"allow-scripts\" security=\"restricted\" style=\"position: absolute; clip: rect(1px, 1px, 1px, 1px);\" title=\"&#8220;viabilita&#8221; &#8212; Radio Pi\u00f9\" src=\"https:\/\/www.radiopiu.net\/wordpress\/viabilita\/embed\/#?secret=VbcmyhphQm#?secret=Jg9PFtuuzl\" data-secret=\"Jg9PFtuuzl\" width=\"600\" height=\"338\" frameborder=\"0\" marginwidth=\"0\" marginheight=\"0\" scrolling=\"no\"><\/iframe><\/p>\n<p>&nbsp;<\/p>\n<p>&nbsp;<\/p>\n<hr \/>\n<p>&nbsp;<\/p>\n<p><a class=\"dt-pswp-item\" href=\"https:\/\/www.radiopiu.net\/wordpress\/wp-content\/uploads\/2018\/09\/WhatsApp-Image-2018-09-20-at-16.04.06.jpeg\" data-dt-img-description=\"\" data-large_image_width=\"800\" data-large_image_height=\"100\"><img loading=\"lazy\" decoding=\"async\" class=\"wp-image-61378 size-full aligncenter\" src=\"https:\/\/www.radiopiu.net\/wordpress\/wp-content\/uploads\/2018\/09\/WhatsApp-Image-2018-09-20-at-16.04.06.jpeg\" alt=\"\" width=\"800\" height=\"100\" srcset=\"https:\/\/www.radiopiu.net\/wordpress\/wp-content\/uploads\/2018\/09\/WhatsApp-Image-2018-09-20-at-16.04.06.jpeg 800w, https:\/\/www.radiopiu.net\/wordpress\/wp-content\/uploads\/2018\/09\/WhatsApp-Image-2018-09-20-at-16.04.06-300x38.jpeg 300w, https:\/\/www.radiopiu.net\/wordpress\/wp-content\/uploads\/2018\/09\/WhatsApp-Image-2018-09-20-at-16.04.06-768x96.jpeg 768w\" sizes=\"auto, (max-width: 800px) 100vw, 800px\" \/><\/a><\/p>\n<p>&nbsp;<\/p>\n<p><center><b>OGGI<\/b><\/center><b>Tempo atteso: <\/b>Al mattino cielo sereno o poco nuvoloso per sottili nubi alte, localmente coperto per nubi basse sulle Prealpi. Dalle ore centrali intensificazione della nuvolosit\u00e0 e peggioramento del tempo a partire dalle Prealpi; in successiva estensione alle Dolomiti. Omotermia dai fondovalle fino sui 1500-1600 m al pomeriggio.<br \/>\n<b>Precipitazioni: <\/b>Al mattino assenti (0%). Nel corso del pomeriggio aumento della probabilit\u00e0 (80-100%) a partire dalle Prealpi, in estensione alle Dolomiti entro la sera. Le precipitazioni saranno moderate sulle Prealpi e di minore intensit\u00e0 sulle Dolomiti. La neve cadr\u00e0 inizialmente a fondovalle, prima di rialzarsi nei settori pi\u00f9 soggetti al rialzo termico (a 800-1200 m circa), con comparsa di gelicidio. Nelle nicchie pi\u00f9 fredde continuer\u00e0 a nevicare fino in tarda serata.<br \/>\n<b>Temperature: <\/b>In quota ulteriore aumento nella notte, prima che diminuiscano in giornata, con minime osservate alla sera. Nelle valli calo delle minime causa forte irraggiamento notturno e stazionariet\u00e0 delle massime.<\/p>\n<hr \/>\n<p><center><b>DOMANI<\/b><\/center><b>Tempo atteso: <\/b>Nottetempo e parte del mattino ancora perturbato con cielo coperto e diffuse precipitazioni. Nel corso della mattinata temporanea variabilit\u00e0 con intervallo senza fenomeni, salvo residui rovesci; le chance di schiarite saranno poche. Poi la nuvolosit\u00e0 torner\u00e0 a intensificarsi, in concomitanza con una ripresa di condizioni perturbate su tutta la montagna veneta.<br \/>\n<b>Precipitazioni: <\/b>Dopo la notte, minore probabilit\u00e0 di fenomeni (40-60%), nevosi sopra i 1100-1300 m. Nel corso della mattinata intervallo senza precipitazioni, salvo residui ed isolati rovesci, prima di una ripresa dei fenomeni al pomeriggio\/sera (80-90%). Tra gioved\u00ec pomeriggio e venerd\u00ec sono previsti cumuli di 10-20 mm, localmente di 25-30 mm sulle Prealpi, con altrettanti cm di neve sopra i 1500 m, sotto tali quote riduzione degli spessori per contributo pioggia o neve umida.<br \/>\n<b>Temperature: <\/b>Minime in aumento nelle valli e in calo in quota, dove saranno osservate alla sera. Massime stazionarie in quota e in lieve aumento nelle valli.<\/p>\n<hr \/>\n<p><center><b>SABATO<\/b><\/center>Nottetempo e al primo mattino lieve maltempo con modesti fenomeni, nevosi oltre i 900-1100 m. Al mattino attenuazione della nuvolosit\u00e0. In seguito netto miglioramento con ritorno del cielo sereno sulle Dolomiti, rasserenamenti pi\u00f9 graduali sulle Prealpi per presenza di nubi basse. Temperature in calo con minime ovunque osservate alla sera.<\/p>\n<hr \/>\n<p><center><b>DOMENICA<\/b><\/center>Sulle Dolomiti sole e cielo sereno; sulle Prealpi nubi basse, in parziale diradamento. Temperature in generale calo, specie sulle Dolomiti, salvo locali rialzi delle massime nel caso ci fosse il sole.<\/p>\n<p>&nbsp;<\/p>\n<hr \/>\n<p>&nbsp;<\/p>\n<p>&nbsp;<\/p>\n<p><a class=\"dt-pswp-item\" href=\"https:\/\/www.radiopiu.net\/wordpress\/wp-content\/uploads\/2018\/09\/sport.jpg\" data-dt-img-description=\"\" data-large_image_width=\"800\" data-large_image_height=\"100\"><img loading=\"lazy\" decoding=\"async\" class=\"aligncenter wp-image-60761 size-full\" src=\"https:\/\/www.radiopiu.net\/wordpress\/wp-content\/uploads\/2018\/09\/sport.jpg\" alt=\"\" width=\"800\" height=\"100\" srcset=\"https:\/\/www.radiopiu.net\/wordpress\/wp-content\/uploads\/2018\/09\/sport.jpg 800w, https:\/\/www.radiopiu.net\/wordpress\/wp-content\/uploads\/2018\/09\/sport-300x38.jpg 300w, https:\/\/www.radiopiu.net\/wordpress\/wp-content\/uploads\/2018\/09\/sport-768x96.jpg 768w\" sizes=\"auto, (max-width: 800px) 100vw, 800px\" \/><\/a><\/p>\n<p>&nbsp;<\/p>\n<p>&nbsp;<\/p>\n<p><a class=\"dt-pswp-item\" href=\"https:\/\/www.radiopiu.net\/wordpress\/wp-content\/uploads\/2022\/12\/Invito-apertura-CMP-Store-Agordo.jpg\" data-dt-img-description=\"\" data-large_image_width=\"1134\" data-large_image_height=\"907\"><img loading=\"lazy\" decoding=\"async\" class=\"size-medium wp-image-311209 aligncenter\" src=\"https:\/\/www.radiopiu.net\/wordpress\/wp-content\/uploads\/2022\/12\/Invito-apertura-CMP-Store-Agordo-300x240.jpg\" alt=\"\" width=\"300\" height=\"240\" srcset=\"https:\/\/www.radiopiu.net\/wordpress\/wp-content\/uploads\/2022\/12\/Invito-apertura-CMP-Store-Agordo-300x240.jpg 300w, https:\/\/www.radiopiu.net\/wordpress\/wp-content\/uploads\/2022\/12\/Invito-apertura-CMP-Store-Agordo-1024x819.jpg 1024w, https:\/\/www.radiopiu.net\/wordpress\/wp-content\/uploads\/2022\/12\/Invito-apertura-CMP-Store-Agordo-768x614.jpg 768w, https:\/\/www.radiopiu.net\/wordpress\/wp-content\/uploads\/2022\/12\/Invito-apertura-CMP-Store-Agordo.jpg 1134w\" sizes=\"auto, (max-width: 300px) 100vw, 300px\" \/><\/a><\/p>\n<p>&nbsp;<\/p>\n<p><span style=\"color: #0000ff;\"><strong>CALCIO<\/strong><\/span><\/p>\n<blockquote>\n<h3>NON OMOLOGATO IL RISULTATO DELLA PARTITA TRA FIORI BARP E VILLORBA. PROBLEMI CON UN GIOCATORE TESSERATO DA POCO<\/h3>\n<\/blockquote>\n<p><strong><a class=\"dt-pswp-item\" href=\"https:\/\/www.radiopiu.net\/wordpress\/wp-content\/uploads\/2020\/10\/fiori-barp.png\" data-dt-img-description=\"\" data-large_image_width=\"334\" data-large_image_height=\"475\"><img loading=\"lazy\" decoding=\"async\" class=\"wp-image-164208 alignleft\" src=\"https:\/\/www.radiopiu.net\/wordpress\/wp-content\/uploads\/2020\/10\/fiori-barp-211x300.png\" alt=\"\" width=\"108\" height=\"154\" srcset=\"https:\/\/www.radiopiu.net\/wordpress\/wp-content\/uploads\/2020\/10\/fiori-barp-211x300.png 211w, https:\/\/www.radiopiu.net\/wordpress\/wp-content\/uploads\/2020\/10\/fiori-barp.png 334w\" sizes=\"auto, (max-width: 108px) 100vw, 108px\" \/><\/a>MARGHERA<\/strong><\/p>\n<p>di Roberto Bona<\/p>\n<audio class=\"wp-audio-shortcode\" id=\"audio-311472-17\" preload=\"none\" style=\"width: 100%;\" controls=\"controls\"><source type=\"audio\/mpeg\" src=\"https:\/\/www.radiopiu.net\/wordpress\/wp-content\/uploads\/2022\/12\/BONA-FIORI-BARP.mp3?_=17\" \/><a href=\"https:\/\/www.radiopiu.net\/wordpress\/wp-content\/uploads\/2022\/12\/BONA-FIORI-BARP.mp3\">https:\/\/www.radiopiu.net\/wordpress\/wp-content\/uploads\/2022\/12\/BONA-FIORI-BARP.mp3<\/a><\/audio>\n<p>&nbsp;<\/p>\n<hr \/>\n<p>&nbsp;<\/p>\n<p><span style=\"color: #0000ff;\"><strong>PALLAVOLO<\/strong><\/span><\/p>\n<blockquote>\n<h3>VOLLEY CLUB AGORDINO: BENE LA PRIMA SQUADRA, MALE IL SETTORE GIOVANILE<\/h3>\n<\/blockquote>\n<p><strong><a class=\"dt-pswp-item\" href=\"https:\/\/www.radiopiu.net\/wordpress\/wp-content\/uploads\/2022\/04\/VOLLEY-CLUB-AGORDINO.jpg\" data-dt-img-description=\"\" data-large_image_width=\"500\" data-large_image_height=\"512\"><img loading=\"lazy\" decoding=\"async\" class=\" wp-image-268787 alignleft\" src=\"https:\/\/www.radiopiu.net\/wordpress\/wp-content\/uploads\/2022\/04\/VOLLEY-CLUB-AGORDINO-293x300.jpg\" alt=\"\" width=\"147\" height=\"151\" srcset=\"https:\/\/www.radiopiu.net\/wordpress\/wp-content\/uploads\/2022\/04\/VOLLEY-CLUB-AGORDINO-293x300.jpg 293w, https:\/\/www.radiopiu.net\/wordpress\/wp-content\/uploads\/2022\/04\/VOLLEY-CLUB-AGORDINO.jpg 500w\" sizes=\"auto, (max-width: 147px) 100vw, 147px\" \/><\/a>di Marco Gaz<\/strong><\/p>\n<p><strong>REDAZIONE<\/strong> Un fine settimana di alti e bassi per il Volley Club Agordino che nel weekend \u00e8 sceso in campo con la prima squadra e la formazione giovanile Under 16. Le ragazze allenate da De Nardin hanno figurato bene al PalaRova di Agordo. Nella partita valida per la Prima Categoria di Belluno e Treviso le agordine hanno chiuso la pratica Trevignano in tre set. La partita perfetta per le pallavoliste di Agordo che hanno rifilato un secco 3 a 0 alle avversarie concedendo poco o niente solo nel secondo parziale. Tre punti che confermano la quinta posizione in classifica delle ragazze di De Nardin. Non \u00e8 andata bene invece per il settore giovanile. Le Under 16 del Volley Club Agordino hanno perso nella trasferta contro il Santa Giustina. Termina 3 a 0 con le agordine che non riescono a tenere testa alle padrone di casa. Dodici punti in classifica per il Volley Club Agordino nel campionato under 16. Nel prossimo fine settimana le ultime partite del 2022 prima della lunga pausa natalizia che durer\u00e0 pi\u00f9 di un mese.<\/p>\n<p>&nbsp;<\/p>\n<p>&nbsp;<\/p>\n<hr \/>\n<p>&nbsp;<\/p>\n<p><span style=\"color: #0000ff;\"><strong>HOCKEY SU GHIACCIO<\/strong><\/span><\/p>\n<blockquote>\n<h3>L&#8217;ITALIA UNDER 20 BATTE LA COREA DEL SUD<\/h3>\n<\/blockquote>\n<p><a class=\"dt-pswp-item\" href=\"https:\/\/www.radiopiu.net\/wordpress\/wp-content\/uploads\/2022\/12\/7b04bad6-0557-4ac4-8148-9e7dfa94ceef.jpg\" data-dt-img-description=\"\" data-large_image_width=\"1600\" data-large_image_height=\"1067\"><img loading=\"lazy\" decoding=\"async\" class=\" wp-image-311557 alignleft\" src=\"https:\/\/www.radiopiu.net\/wordpress\/wp-content\/uploads\/2022\/12\/7b04bad6-0557-4ac4-8148-9e7dfa94ceef-300x200.jpg\" alt=\"\" width=\"161\" height=\"107\" srcset=\"https:\/\/www.radiopiu.net\/wordpress\/wp-content\/uploads\/2022\/12\/7b04bad6-0557-4ac4-8148-9e7dfa94ceef-300x200.jpg 300w, https:\/\/www.radiopiu.net\/wordpress\/wp-content\/uploads\/2022\/12\/7b04bad6-0557-4ac4-8148-9e7dfa94ceef-1024x683.jpg 1024w, https:\/\/www.radiopiu.net\/wordpress\/wp-content\/uploads\/2022\/12\/7b04bad6-0557-4ac4-8148-9e7dfa94ceef-768x512.jpg 768w, https:\/\/www.radiopiu.net\/wordpress\/wp-content\/uploads\/2022\/12\/7b04bad6-0557-4ac4-8148-9e7dfa94ceef-1536x1024.jpg 1536w, https:\/\/www.radiopiu.net\/wordpress\/wp-content\/uploads\/2022\/12\/7b04bad6-0557-4ac4-8148-9e7dfa94ceef.jpg 1600w\" sizes=\"auto, (max-width: 161px) 100vw, 161px\" \/><\/a>Gli Azzurrini conquistano il secondo successo consecutivo al Mondiale di 1^ Divisione e superano i coreani al termine di una prova per grandi tratti convincente. Seconda vittoria consecutiva per la Nazionale Italiana U20, che nella terza giornata dei Mondiali di 1^ Divisione Gruppo B di Bytom (Polonia) batte per 6 a 4 la Corea del Sud. Un Blue Team convincente, capace di andare a segno con pi\u00f9 facilit\u00e0 rispetto alle prime due partite e in grado di gestire un avversario mai domo: i coreani, infatti, in due occasioni hanno tentato di lanciare la rimonta, senza per\u00f2 riuscire nell&#8217;intento (Foto: Michal Chwieduk)<\/p>\n<\/div>\n<\/div>\n<\/div>\n<\/div>\n<\/div>\n<\/div>\n<\/div>\n","protected":false},"excerpt":{"rendered":"<p>RADIO PIU INFORMAZIONE il canale su TELEGRAM informazione di prima\u00a0 mano e in tempo reale. iscriviti ed aiutaci a farlo conoscere\u00a0 &nbsp; E IL MERCOLEDI&#8230;. DEDICHE E RICHIESTE COME 40 ANNI FA. IL PROGRAMMA CON Simonetta Tom\u00e8, Marco Gaz, Moreno Tocchetto, Mirko Mezzacasa. OSPITI William Da Roit, Marco &#8220;peta&#8221; De Toni, Andrea Baldassi, Andrea Rumor,&hellip;<\/p>\n","protected":false},"author":4,"featured_media":311615,"comment_status":"closed","ping_status":"closed","sticky":false,"template":"","format":"standard","meta":{"_monsterinsights_skip_tracking":false,"_monsterinsights_sitenote_active":false,"_monsterinsights_sitenote_note":"","_monsterinsights_sitenote_category":0,"footnotes":""},"categories":[51,86,49],"tags":[],"class_list":["post-311472","post","type-post","status-publish","format-standard","has-post-thumbnail","hentry","category-evidenza-top","category-gr","category-news-18","category-51","category-86","category-49","description-off"],"img_url":"https:\/\/www.radiopiu.net\/wordpress\/wp-content\/uploads\/2022\/12\/4d8ab1c0-077a-41c5-9bc5-48201aa65ca1.jpg","_links":{"self":[{"href":"https:\/\/www.radiopiu.net\/wordpress\/wp-json\/wp\/v2\/posts\/311472","targetHints":{"allow":["GET"]}}],"collection":[{"href":"https:\/\/www.radiopiu.net\/wordpress\/wp-json\/wp\/v2\/posts"}],"about":[{"href":"https:\/\/www.radiopiu.net\/wordpress\/wp-json\/wp\/v2\/types\/post"}],"author":[{"embeddable":true,"href":"https:\/\/www.radiopiu.net\/wordpress\/wp-json\/wp\/v2\/users\/4"}],"replies":[{"embeddable":true,"href":"https:\/\/www.radiopiu.net\/wordpress\/wp-json\/wp\/v2\/comments?post=311472"}],"version-history":[{"count":0,"href":"https:\/\/www.radiopiu.net\/wordpress\/wp-json\/wp\/v2\/posts\/311472\/revisions"}],"wp:featuredmedia":[{"embeddable":true,"href":"https:\/\/www.radiopiu.net\/wordpress\/wp-json\/wp\/v2\/media\/311615"}],"wp:attachment":[{"href":"https:\/\/www.radiopiu.net\/wordpress\/wp-json\/wp\/v2\/media?parent=311472"}],"wp:term":[{"taxonomy":"category","embeddable":true,"href":"https:\/\/www.radiopiu.net\/wordpress\/wp-json\/wp\/v2\/categories?post=311472"},{"taxonomy":"post_tag","embeddable":true,"href":"https:\/\/www.radiopiu.net\/wordpress\/wp-json\/wp\/v2\/tags?post=311472"}],"curies":[{"name":"wp","href":"https:\/\/api.w.org\/{rel}","templated":true}]}}