{"id":311536,"date":"2022-12-16T05:02:17","date_gmt":"2022-12-16T04:02:17","guid":{"rendered":"https:\/\/www.radiopiu.net\/wordpress\/?p=311536"},"modified":"2022-12-16T05:06:39","modified_gmt":"2022-12-16T04:06:39","slug":"dillo-a-radiopiu-alleghe-non-ha-nulla-da-invidiare-al-trentino-anzi-si-unisola-pedonale-in-centro","status":"publish","type":"post","link":"https:\/\/www.radiopiu.net\/wordpress\/dillo-a-radiopiu-alleghe-non-ha-nulla-da-invidiare-al-trentino-anzi-si-unisola-pedonale-in-centro\/","title":{"rendered":"DILLO A RADIOPIU&#8230; &#8220;ALLEGHE NON HA NULLA DA INVIDIARE AL TRENTINO, ANZI SI, UN&#8217;ISOLA PEDONALE IN CENTRO&#8221;"},"content":{"rendered":"<p><strong>REDAZIONE<\/strong> Da un turista di Mantova che ha scelto Alleghe per i periodi di ferie, festa e relax, riceviamo un contributo del quale vi rendiamo partecipi. Si tratta di alcune osservazioni turistiche, peraltro gi\u00e0 rese note al sindaco di Alleghe, Danilo De Toni.<\/p>\n<p>&nbsp;<\/p>\n<div dir=\"auto\"><img loading=\"lazy\" decoding=\"async\" class=\"alignleft\" src=\"https:\/\/www.radiopiu.net\/wordpress\/wp-content\/uploads\/2022\/12\/alleghe-estate.jpg\" width=\"282\" height=\"187\" \/>Durante le mie vacanze ad Alleghe, \u00e8 automaticamente scattato in me il confronto, nella consapevolezza dei vantaggi che il Trentino ha grazie alla sua autonomia. Ho notato per\u00f2 che vi sarebbero alcune iniziative a costo molto limitato che inspiegabilmente vengono ignorate. Allora ho metaforicamente preso la penna e scritto al sindaco di Alleghe per chiedergli perch\u00e9 quello che potrebbe essere il salotto di Alleghe, piazza Kennedy, venga sacrificato per una decina di posti auto e per consentire a qualche moto di parcheggiare fin sotto il campanile. Ogni localit\u00e0 turistica si dota di spazi pedonali in cui i villeggianti possano passeggiare, rilassarsi, fare incontri, sedersi ai tavolini dei bar senza per questo essere inondati dai gas dei tubi di scappamento e dal rombo dei motori. \u00c8 vero che ad Alleghe c&#8217;\u00e8 un bel lungolago, ma l\u00ec praticamente non ci sono esercizi commerciali. L&#8217;agor\u00e0 del paese \u00e8 piazza Kennedy. Il sindaco non mi ha ignorato ma anzi, molto cortesemente mi ha risposto, dicendo che questo potrebbe essere\u00a0 un progetto da mettere in cantiere quando sar\u00e0 realizzata la variante alla strada provinciale sul lato opposto del lago. Cio\u00e8 alle calende greche.<\/div>\n<div dir=\"auto\">Al di l\u00e0 della cortesia del sindaco, ho capito che non vi \u00e8 una volont\u00e0 in tal senso e me ne sono dispiaciuto e meravigliato. Se si capisse il sicuro valore dell&#8217;iniziativa si potrebbero superare i problemi: con il transito consentito ai frontisti, con una pedonalizzazione limitata ai soli periodi clou del turismo, o con mille altre soluzioni che altre localit\u00e0 hanno felicemente escogitato. Si vedano ad esempio Cavalese o Moena.\u00a0 Secondo me, questo progetto potrebbe contribuire a svecchiare l&#8217;immagine di Alleghe, che sembra ferma agli anni &#8217;80. Il paese \u00e8 molto bello, ma esprime un&#8217;attrattivit\u00e0 un po&#8217; decadente. E da questo alla trascuratezza il passo pu\u00f2 diventare breve. Visto il periodo, faccio un&#8217;osservazione anche in merito agli addobbi natalizi: un albero di Natale. Stop. Niente lungo le vie. Niente sul lungolago, che, venuti meno i gerani, in inverno \u00e8 praticamente abbandonato a s\u00e8 stesso. Sul territorio non mancano gli abeti, si faccia un piccolo sforzo. Anche questo contribuisce a dare l&#8217;impressione di un impegno striminzito per l&#8217;accoglienza ai visitatori, di un sapore &#8220;vintage&#8221; un po&#8217; sgradevole. Scrivo tutto questo a Voi nella speranza che si possa parlare dell&#8217;argomento e pensando che l&#8217;opinione di un turista che passa in zona molto del tempo libero, contribuendo (non solo con l&#8217;IMU) all&#8217;economia locale, ebbene questa sua opinione possa riscontrare un certo interesse.\u00a0 Vorrei chiarire che nulla so della politica locale e che nemmeno so di che partito sia il sindaco di Alleghe, al quale rinnovo il mio ringraziamento per la risposta inviatami.<\/div>\n<div dir=\"auto\"><\/div>\n<div dir=\"auto\">foto <strong>montagnadiviaggi.it<\/strong><\/div>\n<div dir=\"auto\"><\/div>\n<div dir=\"auto\">Lettera firmata.<\/div>\n<div dir=\"auto\"><\/div>\n<blockquote>\n<h3 dir=\"auto\">LA SCORSA ESTATE, RICEVUTA LA LETTERA IL SINDACO DI ALLEGHE, DANILO DE TONI, HA RISPOSTO COSI&#8217;<\/h3>\n<\/blockquote>\n<div dir=\"auto\"><a class=\"dt-pswp-item\" href=\"https:\/\/www.radiopiu.net\/wordpress\/wp-content\/uploads\/2022\/12\/Senza-nome-81.jpg\" data-dt-img-description=\"\" data-large_image_width=\"693\" data-large_image_height=\"566\"><img loading=\"lazy\" decoding=\"async\" class=\"alignnone wp-image-311670 size-full\" src=\"https:\/\/www.radiopiu.net\/wordpress\/wp-content\/uploads\/2022\/12\/Senza-nome-81.jpg\" alt=\"\" width=\"693\" height=\"566\" srcset=\"https:\/\/www.radiopiu.net\/wordpress\/wp-content\/uploads\/2022\/12\/Senza-nome-81.jpg 693w, https:\/\/www.radiopiu.net\/wordpress\/wp-content\/uploads\/2022\/12\/Senza-nome-81-300x245.jpg 300w\" sizes=\"auto, (max-width: 693px) 100vw, 693px\" \/><\/a><\/div>\n<div dir=\"auto\"><\/div>\n<div dir=\"auto\"><\/div>\n<div dir=\"auto\"><\/div>\n<div dir=\"auto\">___<\/div>\n","protected":false},"excerpt":{"rendered":"<p>REDAZIONE Da un turista di Mantova che ha scelto Alleghe per i periodi di ferie, festa e relax, riceviamo un contributo del quale vi rendiamo partecipi. Si tratta di alcune osservazioni turistiche, peraltro gi\u00e0 rese note al sindaco di Alleghe, Danilo De Toni. &nbsp; Durante le mie vacanze ad Alleghe, \u00e8 automaticamente scattato in me&hellip;<\/p>\n","protected":false},"author":4,"featured_media":311542,"comment_status":"closed","ping_status":"closed","sticky":false,"template":"","format":"standard","meta":{"_monsterinsights_skip_tracking":false,"_monsterinsights_sitenote_active":false,"_monsterinsights_sitenote_note":"","_monsterinsights_sitenote_category":0,"footnotes":""},"categories":[104,49],"tags":[],"class_list":["post-311536","post","type-post","status-publish","format-standard","has-post-thumbnail","hentry","category-evidenza_3","category-news-18","category-104","category-49","description-off"],"img_url":"https:\/\/www.radiopiu.net\/wordpress\/wp-content\/uploads\/2022\/12\/alleghe-estate.jpg","_links":{"self":[{"href":"https:\/\/www.radiopiu.net\/wordpress\/wp-json\/wp\/v2\/posts\/311536","targetHints":{"allow":["GET"]}}],"collection":[{"href":"https:\/\/www.radiopiu.net\/wordpress\/wp-json\/wp\/v2\/posts"}],"about":[{"href":"https:\/\/www.radiopiu.net\/wordpress\/wp-json\/wp\/v2\/types\/post"}],"author":[{"embeddable":true,"href":"https:\/\/www.radiopiu.net\/wordpress\/wp-json\/wp\/v2\/users\/4"}],"replies":[{"embeddable":true,"href":"https:\/\/www.radiopiu.net\/wordpress\/wp-json\/wp\/v2\/comments?post=311536"}],"version-history":[{"count":0,"href":"https:\/\/www.radiopiu.net\/wordpress\/wp-json\/wp\/v2\/posts\/311536\/revisions"}],"wp:featuredmedia":[{"embeddable":true,"href":"https:\/\/www.radiopiu.net\/wordpress\/wp-json\/wp\/v2\/media\/311542"}],"wp:attachment":[{"href":"https:\/\/www.radiopiu.net\/wordpress\/wp-json\/wp\/v2\/media?parent=311536"}],"wp:term":[{"taxonomy":"category","embeddable":true,"href":"https:\/\/www.radiopiu.net\/wordpress\/wp-json\/wp\/v2\/categories?post=311536"},{"taxonomy":"post_tag","embeddable":true,"href":"https:\/\/www.radiopiu.net\/wordpress\/wp-json\/wp\/v2\/tags?post=311536"}],"curies":[{"name":"wp","href":"https:\/\/api.w.org\/{rel}","templated":true}]}}