{"id":311636,"date":"2022-12-16T05:05:26","date_gmt":"2022-12-16T04:05:26","guid":{"rendered":"https:\/\/www.radiopiu.net\/wordpress\/?p=311636"},"modified":"2022-12-16T08:59:09","modified_gmt":"2022-12-16T07:59:09","slug":"giornale-radiopiu-16-dicembre-2022-direttore-mirko-mezzacasa","status":"publish","type":"post","link":"https:\/\/www.radiopiu.net\/wordpress\/giornale-radiopiu-16-dicembre-2022-direttore-mirko-mezzacasa\/","title":{"rendered":"GIORNALE RADIOPIU 16 DICEMBRE 2022 DIRETTORE MIRKO MEZZACASA"},"content":{"rendered":"<h3 class=\"kvgmc6g5 cxmmr5t8 oygrvhab hcukyx3x c1et5uql\"><span style=\"color: #0000ff;\"><strong>RADIO PIU INFORMAZIONE il canale su TELEGRAM informazione di prima\u00a0 <\/strong><strong>mano e in tempo reale. iscriviti ed aiutaci a farlo conoscere<\/strong><\/span><\/h3>\n<div class=\"bubbles-group\">\n<div class=\"bubble hide-name is-in can-have-tail is-group-first is-group-last\" data-mid=\"5904924671\" data-peer-id=\"808118879\" data-timestamp=\"1671122585\">\n<div class=\"bubble-content-wrapper\">\n<div class=\"bubble-content\"><\/div>\n<\/div>\n<\/div>\n<\/div>\n<div class=\"bubbles-group\">\n<div class=\"bubble is-read webpage photo is-vertical-photo hide-name is-out can-have-tail is-group-first is-group-last\" data-mid=\"5905121279\" data-peer-id=\"808118879\" data-timestamp=\"1671141296\">\n<div class=\"bubble-content-wrapper\">\n<div class=\"bubble-content\">\n<div class=\"message spoilers-container\" dir=\"auto\">\n<div class=\"bubbles-group\">\n<div class=\"bubble hide-name is-in can-have-tail is-group-first is-group-last\" data-mid=\"5904924671\" data-peer-id=\"808118879\" data-timestamp=\"1671122585\">\n<div class=\"bubble-content-wrapper\">\n<div class=\"bubble-content\"><\/div>\n<\/div>\n<\/div>\n<\/div>\n<div class=\"bubbles-group\">\n<div class=\"bubble is-read webpage photo is-vertical-photo hide-name is-out can-have-tail is-group-first is-group-last\" data-mid=\"5905121279\" data-peer-id=\"808118879\" data-timestamp=\"1671141296\">\n<div class=\"bubble-content-wrapper\">\n<div class=\"bubble-content\">\n<div class=\"message spoilers-container\" dir=\"auto\">\n<blockquote class=\"wp-embedded-content\" data-secret=\"DInRKfjYiY\"><p><a href=\"https:\/\/www.radiopiu.net\/wordpress\/nevica-dalla-chat-viabilita-provincia-di-belluno-vpb-aggiornamento-continuo\/\">NEVICA&#8230;DALLA CHAT VIABILITA&#8217; PROVINCIA DI BELLUNO (VPB) AGGIORNAMENTO CONTINUO<\/a><\/p><\/blockquote>\n<p><iframe loading=\"lazy\" class=\"wp-embedded-content\" sandbox=\"allow-scripts\" security=\"restricted\" style=\"position: absolute; clip: rect(1px, 1px, 1px, 1px);\" title=\"&#8220;NEVICA&#8230;DALLA CHAT VIABILITA&#8217; PROVINCIA DI BELLUNO (VPB) AGGIORNAMENTO CONTINUO&#8221; &#8212; Radio Pi\u00f9\" src=\"https:\/\/www.radiopiu.net\/wordpress\/nevica-dalla-chat-viabilita-provincia-di-belluno-vpb-aggiornamento-continuo\/embed\/#?secret=PlwtrClMzu#?secret=DInRKfjYiY\" data-secret=\"DInRKfjYiY\" width=\"600\" height=\"338\" frameborder=\"0\" marginwidth=\"0\" marginheight=\"0\" scrolling=\"no\"><\/iframe><\/p>\n<\/div>\n<\/div>\n<\/div>\n<\/div>\n<\/div>\n<\/div>\n<\/div>\n<\/div>\n<\/div>\n<\/div>\n<h2><span style=\"color: #ff0000;\">ISCRIVITI AL NOSTRO CANALE YOUTUBE PER SEGUIRE IN DIRETTA I PRINCIPALI PROGRAMMI DI RADIO PIU&#8217; E LE FUTURE DIRETTE IN ESTERNA. PER ISCRIVERTI <a style=\"color: #ff0000;\" href=\"https:\/\/youtube.com\/@radiopiu1527\">CLICCA QUI<\/a> E PREMI IL TASTO &#8220;Iscriviti&#8221;\u00a0<\/span><\/h2>\n<blockquote>\n<h3><\/h3>\n<h3><\/h3>\n<h3>FADES: LIBERA TUTTI!<\/h3>\n<\/blockquote>\n<p><strong>LA VALLE\u00a0<\/strong> Con ieri si sono conclusi i lavori di posa della barriere di protezione della strada pubblica in frazione Fades, giusto in tempo prima dell&#8217;arrivo dell&#8217;ultima nevicata. Il sindaco Ezio Zuanel ha quindi firmato l&#8217;attesa ordinanza dopo i lavori iniziati lo scorso settembre: da oggi ripristino della viabilit\u00e0 pedonale e veicolare sul tratto comunale di via Fades e sul ponte che attraversa il torrente Missiaga.<\/p>\n<p>&nbsp;<\/p>\n<p>&nbsp;<\/p>\n<p>&nbsp;<\/p>\n<blockquote><p>&nbsp;<\/p><\/blockquote>\n<hr \/>\n<p>&nbsp;<\/p>\n<blockquote>\n<h3>ANZIANA IN OSPEDALE, INCIDENTE A NEMEGGIO<\/h3>\n<\/blockquote>\n<p><strong>FELTRE<\/strong> Donna in ospedale per accertamenti, \u00e8 rimasta ferita nel sinistro tra la sua Panda e un camion, nel pomeriggio di ieri alle 17 a Nemeggio.Sul posto sono intervenuti subito i vigili del fuoco del distaccamento cittadino e i sanitari del 118.<\/p>\n<p>&nbsp;<\/p>\n<hr \/>\n<p>&nbsp;<\/p>\n<blockquote>\n<h3>IN ATTESA DEL SOLE, RISCHIO GELICIDIO<\/h3>\n<\/blockquote>\n<p><strong>BELLUNO<\/strong> Fino alle otto di questa mattina pericolo per ghiaccio.\u00a0 Previsti \u00a0episodi di gelicidio, soprattutto nelle valli prealpine e in alcuni fondovalle dolomitici. IL TEMPO La fase perturbata iniziata nel tardo pomeriggio di ieri \u00e8 continuata nella notte. Oggi sono attese altre precipitazioni, si materializzer\u00e0 un secondo fronte freddo che provocher\u00e0 una nuova debole fase di perturbazione. Domenica il ritorno del sole. L&#8217;Arpav raccomanda attenzione, di nuovo, alle possibili valanghe.<\/p>\n<p>&nbsp;<\/p>\n<p>&nbsp;<\/p>\n<hr \/>\n<p>&nbsp;<\/p>\n<p>&nbsp;<\/p>\n<blockquote>\n<h3>QUESTA NOTTE A PASSO FEDAIA<\/h3>\n<\/blockquote>\n<p><strong><img loading=\"lazy\" decoding=\"async\" class=\"alignleft\" src=\"https:\/\/www.radiopiu.net\/wordpress\/wp-content\/uploads\/2022\/12\/th-9.jpg\" width=\"130\" height=\"97\" \/>ROCCA PIETORE<\/strong> Notte impegnativa per i vigili del fuoco di Agordo intervenuti poco prima dell&#8217;una lungo la 641 di Passo Fedaia al 18esimo chilometri dove un&#8217;auto \u00e8 rimasta bloccata nella neve per la rottura delle catene. Impossibile la ripartenza se non con l&#8217;ausilio dei pompieri che non solo hanno recuperato il mezzo dei turisti stranieri, ma hanno anche provveduto a portare gli stessi in un luogo sicuro. Per chiudere l&#8217;operazione ci sono volute due ore e mezza.<\/p>\n<p>foto archivio<\/p>\n<p>&nbsp;<\/p>\n<hr \/>\n<p>&nbsp;<\/p>\n<p>&nbsp;<\/p>\n<blockquote>\n<h3>GASOLIO NELLA FOGNATURA. DOLO? IN TILT IL DEPURATORE DI CENCENIGHE<\/h3>\n<\/blockquote>\n<p><strong><a class=\"dt-pswp-item\" href=\"https:\/\/www.radiopiu.net\/wordpress\/wp-content\/uploads\/2022\/12\/1_il-fango-contaminato-nel-depuratore-di-Morbiach.jpg\" data-dt-img-description=\"\" data-large_image_width=\"1500\" data-large_image_height=\"2000\"><img loading=\"lazy\" decoding=\"async\" class=\"size-medium wp-image-311688 alignleft\" src=\"https:\/\/www.radiopiu.net\/wordpress\/wp-content\/uploads\/2022\/12\/1_il-fango-contaminato-nel-depuratore-di-Morbiach-225x300.jpg\" alt=\"\" width=\"225\" height=\"300\" srcset=\"https:\/\/www.radiopiu.net\/wordpress\/wp-content\/uploads\/2022\/12\/1_il-fango-contaminato-nel-depuratore-di-Morbiach-225x300.jpg 225w, https:\/\/www.radiopiu.net\/wordpress\/wp-content\/uploads\/2022\/12\/1_il-fango-contaminato-nel-depuratore-di-Morbiach-768x1024.jpg 768w, https:\/\/www.radiopiu.net\/wordpress\/wp-content\/uploads\/2022\/12\/1_il-fango-contaminato-nel-depuratore-di-Morbiach-1152x1536.jpg 1152w, https:\/\/www.radiopiu.net\/wordpress\/wp-content\/uploads\/2022\/12\/1_il-fango-contaminato-nel-depuratore-di-Morbiach.jpg 1500w\" sizes=\"auto, (max-width: 225px) 100vw, 225px\" \/><\/a><\/strong><b>CENCENIGHE <\/b>Dolo o guasto accidentale: non sono ancora note le cause dell\u2019ingente sversamento di gasolio avvenuto all\u2019interno della rete fognaria di Cencenighe durante il weekend dell\u2019Immacolata. A farne le spese, purtroppo, il depuratore di Morbiach, impianto che tratta i reflui dell\u2019intero territorio comunale, fuori servizio ormai da giorni e con ogni probabilit\u00e0 ancora per molte altre settimane. Ad accertare il danno, luned\u00ec mattina, i tecnici di Bim Gsp, in sopralluogo alla struttura per le verifiche gestionali di routine. Pronta e tempestiva la segnalazione al dipartimento Arpav di Belluno, che ora, in sinergia con la societ\u00e0, ha avviato le indagini e sta analizzando l\u2019accaduto per capire dove sia avvenuto l\u2019ingresso del combustibile. Una volta accertata la provenienza, anche grazie alla collaborazione di privati e delle istituzioni del territorio, si potranno determinare le responsabilit\u00e0 e adottare le misure del caso. <a class=\"dt-pswp-item\" href=\"https:\/\/www.radiopiu.net\/wordpress\/wp-content\/uploads\/2022\/12\/2_un-articolare-del-fango-contaminato.jpg\" data-dt-img-description=\"\" data-large_image_width=\"1500\" data-large_image_height=\"2000\"><img loading=\"lazy\" decoding=\"async\" class=\"size-medium wp-image-311687 alignright\" src=\"https:\/\/www.radiopiu.net\/wordpress\/wp-content\/uploads\/2022\/12\/2_un-articolare-del-fango-contaminato-225x300.jpg\" alt=\"\" width=\"225\" height=\"300\" srcset=\"https:\/\/www.radiopiu.net\/wordpress\/wp-content\/uploads\/2022\/12\/2_un-articolare-del-fango-contaminato-225x300.jpg 225w, https:\/\/www.radiopiu.net\/wordpress\/wp-content\/uploads\/2022\/12\/2_un-articolare-del-fango-contaminato-768x1024.jpg 768w, https:\/\/www.radiopiu.net\/wordpress\/wp-content\/uploads\/2022\/12\/2_un-articolare-del-fango-contaminato-1152x1536.jpg 1152w, https:\/\/www.radiopiu.net\/wordpress\/wp-content\/uploads\/2022\/12\/2_un-articolare-del-fango-contaminato.jpg 1500w\" sizes=\"auto, (max-width: 225px) 100vw, 225px\" \/><\/a>Oltre 100mila euro la stima preliminare dei costi che Gsp dovr\u00e0 sostenere per asportare e smaltire i fanghi contaminati e per ripristinare la corretta funzionalit\u00e0 del comparto di trattamento biologico dei reflui.<\/p>\n<blockquote><p><em>\u201cQuesto episodio \u2013 spiega Attilio Sommavilla, Presidente di Bim Gsp &#8211; non unico purtroppo nel territorio bellunese, ha procurato un grave danno non solo economico, visti i costi che dovranno essere sostenuti per ripristinare la funzionalit\u00e0 dell\u2019impianto, ma anche ambientale, considerato il blocco temporaneo del processo depurativo. Situazione analoga si \u00e8 verificata, ahim\u00e8, anche al depuratore di Pieve di Cadore poco meno di due mesi fa. Per riattivarlo, \u00e8 stata necessaria una spesa di oltre 200mila euro e un mese di lavoro, e le indagini, ancora in corso, oggi sono a buon punto: abbiamo, comunque, presentato denuncia contro ignoti. In ogni caso,\u00a0 che sia dolo o guasto involontario, poco importa, sono atti di incivilt\u00e0 verso la collettivit\u00e0, l\u2019ambiente e la salute dei cittadini, continueremo a perseguirli con severit\u00e0 e rigore&#8221;.\u00a0<\/em><\/p><\/blockquote>\n<p>&nbsp;<\/p>\n<p>&nbsp;<\/p>\n<p>&nbsp;<\/p>\n<hr \/>\n<p>&nbsp;<\/p>\n<blockquote>\n<h3>ESSILORLUXOTTICA RAFFORZA LA COLLABORAZIONE CON FERRARI<\/h3>\n<\/blockquote>\n<p><strong><img loading=\"lazy\" decoding=\"async\" class=\"alignleft\" src=\"https:\/\/www.radiopiu.net\/wordpress\/wp-content\/uploads\/2022\/06\/LUXOTTICA-1-scaled.jpg\" width=\"293\" height=\"220\" \/>AGORDO<\/strong>\u00a0 \u00a0EssilorLuxottica annuncia il rinnovo e l\u2019ampliamento della partnership con Ferrari S.p.A., societ\u00e0 italiana interamente controllata da Ferrari N.V., avviata nel 2016. In base al nuovo accordo pluriennale siglato dalle due societ\u00e0, in vigore dal 1\u00b0 gennaio 2023, EssilorLuxottica continuer\u00e0 a progettare, produrre e distribuire occhiali a marchio Scuderia Ferrari e Ray-Ban. Le attivit\u00e0 di licensing saranno estese anche alla prima collezione di occhiali con il solo simbolo del Cavallino Rampante. Con la nuova intesa si amplia anche il contratto di sponsorizzazione di EssilorLuxottica: il logo Ray-Ban non sar\u00e0 presente solo sulle monoposto di Formula 1 ma comparir\u00e0 per la prima volta anche sulle auto e sull&#8217;abbigliamento dei piloti ufficiali di Competizioni GT o impegnati nel Campionato Mondiale Endurance con la Le Mans Hypercar e nel Campionato Gran Turismo con vetture GT3. <em>\u201cFerrari \u00e8 un marchio unico al mondo e la storia che ci lega \u00e8 stata entusiasmante sin dall&#8217;inizio. Grazie alla prima collaborazione tra Ray-Ban e Scuderia Ferrari abbiamo apprezzato la passione degli amanti <\/em><em>delle corse automobilistiche per Ferrari e la capacit\u00e0 dell\u2019occhiale di rappresentare il perfetto punto di incontro tra i mondi del racing e del fashion. Con l\u2019estensione della nostra partnership, potremo condividere ora lo stesso entusiasmo con molti pi\u00f9 consumatori in tutto il mondo, sviluppando ulteriormente la presenza di Ferrari nell\u2019eyewear&#8221;,<\/em> ha detto Francesco Milleri, Presidente e Amministratore Delegato di EssilorLuxottica.<\/p>\n<p>&nbsp;<\/p>\n<p>&nbsp;<\/p>\n<hr \/>\n<p>&nbsp;<\/p>\n<blockquote>\n<h3>CARABINIERI SULLE PISTE PER GARANTIRE SICUREZZA<\/h3>\n<\/blockquote>\n<p align=\"JUSTIFY\"><a class=\"dt-pswp-item\" href=\"https:\/\/www.radiopiu.net\/wordpress\/wp-content\/uploads\/2022\/12\/15.12.2022_i-carabinieri-durante-un-servizio-di-vigilanza-sulle-piste.jpg\" data-dt-img-description=\"\" data-large_image_width=\"768\" data-large_image_height=\"1024\"><img loading=\"lazy\" decoding=\"async\" class=\"size-medium wp-image-311692 alignleft\" src=\"https:\/\/www.radiopiu.net\/wordpress\/wp-content\/uploads\/2022\/12\/15.12.2022_i-carabinieri-durante-un-servizio-di-vigilanza-sulle-piste-225x300.jpg\" alt=\"\" width=\"225\" height=\"300\" srcset=\"https:\/\/www.radiopiu.net\/wordpress\/wp-content\/uploads\/2022\/12\/15.12.2022_i-carabinieri-durante-un-servizio-di-vigilanza-sulle-piste-225x300.jpg 225w, https:\/\/www.radiopiu.net\/wordpress\/wp-content\/uploads\/2022\/12\/15.12.2022_i-carabinieri-durante-un-servizio-di-vigilanza-sulle-piste.jpg 768w\" sizes=\"auto, (max-width: 225px) 100vw, 225px\" \/><\/a><strong>BELLUNO<\/strong> E&#8217; ripresa l&#8217;attivit\u00e0 di vigilanza in alta quota dei Carabinieri. Il Comando Provinciale di Belluno ha disposto l\u2019impiego di numerosi sciatori sulle piste, grazie al supporto anche di militari di altre province inviati dal Comando della Legione Veneto nei diversi comprensori bellunesi. I militari dell\u2019Arma hanno svolto un periodo di ricondizionamento prima dell\u2019inizio della stagione, non solo per aggiornarsi sulle normative di settore, ma anche per esercitarsi sulle tecniche sciistiche e di soccorso.<\/p>\n<p align=\"JUSTIFY\">Dal Faloria al Cristallo i Carabinieri assicureranno una presenza costante, con lo scopo di prevenire eventuali condotte pericolose da parte di utenti \u201cspericolati\u201d. L\u2019imperativo \u00e8 quello di garantire una scrupolosa vigilanza nel rispetto delle norme di sicurezza sulle piste da sci, ma anche quello di prevenire e reprimere reati predatori come i furti di attrezzature o offrire un immediato servizio di primo soccorso. Il Capitano Alessandro Bui, Comandante della Compagnia di Cortina, negli scorsi giorni ha avviato una\u00a0 campagna di sensibilizzazione con la finalit\u00e0 di aggiornare gli utenti sulle principali norme di sicurezza.<\/p>\n<blockquote>\n<p align=\"JUSTIFY\"><em>Lo scorso anno i Carabinieri del Comando Provinciale hanno vigilato\u00a0 7 comprensori sciistici: Falcade, Val di Zoldo, Nevegal, Cristallo-Faloria, Arabba, Alleghe svolgendo\u00a0 oltre 700 servizi, dando ausilio a sciatori infortunati con 765 interventi ed elevando 23 contravvenzioni per\u00a0 velocit\u00e0 pericolosa, mancanza di precedenza, assenza di casco ai minori di 14 anni.\u00a0\u00a0<\/em><\/p>\n<p align=\"JUSTIFY\">\n<\/blockquote>\n<hr \/>\n<blockquote>\n<h3 align=\"JUSTIFY\"><\/h3>\n<h3 align=\"JUSTIFY\">QUATTRO BODYCAM PER GLI AGENTI DI POLIZIA LOCALE DI BELLUNO<\/h3>\n<\/blockquote>\n<p><strong><a class=\"dt-pswp-item\" href=\"https:\/\/www.radiopiu.net\/wordpress\/wp-content\/uploads\/2022\/12\/polizia-locale-belluno.jpg\" data-dt-img-description=\"\" data-large_image_width=\"733\" data-large_image_height=\"436\"><img loading=\"lazy\" decoding=\"async\" class=\" wp-image-311737 alignleft\" src=\"https:\/\/www.radiopiu.net\/wordpress\/wp-content\/uploads\/2022\/12\/polizia-locale-belluno-300x178.jpg\" alt=\"\" width=\"207\" height=\"123\" srcset=\"https:\/\/www.radiopiu.net\/wordpress\/wp-content\/uploads\/2022\/12\/polizia-locale-belluno-300x178.jpg 300w, https:\/\/www.radiopiu.net\/wordpress\/wp-content\/uploads\/2022\/12\/polizia-locale-belluno.jpg 733w\" sizes=\"auto, (max-width: 207px) 100vw, 207px\" \/><\/a>BELLUNO<\/strong> Sono in arrivo quattro \u201cbodycam\u201d per gli agenti della Polizia Locale di Belluno. Le piccole telecamere indossabili serviranno per documentare al meglio gli accertamenti e per prevenire possibili aggressioni.<\/p>\n<p><strong>di Daniele Dalvit<\/strong><\/p>\n<audio class=\"wp-audio-shortcode\" id=\"audio-311636-1\" preload=\"none\" style=\"width: 100%;\" controls=\"controls\"><source type=\"audio\/mpeg\" src=\"https:\/\/www.radiopiu.net\/wordpress\/wp-content\/uploads\/2022\/12\/DALVIT-BODY-CAM-POLIZIA-LOCALE.mp3?_=1\" \/><a href=\"https:\/\/www.radiopiu.net\/wordpress\/wp-content\/uploads\/2022\/12\/DALVIT-BODY-CAM-POLIZIA-LOCALE.mp3\">https:\/\/www.radiopiu.net\/wordpress\/wp-content\/uploads\/2022\/12\/DALVIT-BODY-CAM-POLIZIA-LOCALE.mp3<\/a><\/audio>\n<p>&nbsp;<\/p>\n<p>&nbsp;<\/p>\n<hr \/>\n<blockquote>\n<h3>DAL SALVATAGGIO DEL PALAGHIACCIO DI TAI DI CADORE AI NUOVI BONUS PER I DIPENDENTI \u2013 GALVALUX DESTINA QUASI 700 MILA EURO A FAVORE DELLA COMUNIT\u00c0<\/h3>\n<\/blockquote>\n<p><strong><a class=\"dt-pswp-item\" href=\"https:\/\/www.radiopiu.net\/wordpress\/wp-content\/uploads\/2018\/10\/galvalux.jpg\" data-dt-img-description=\"\" data-large_image_width=\"768\" data-large_image_height=\"444\"><img loading=\"lazy\" decoding=\"async\" class=\" wp-image-65557 alignleft\" src=\"https:\/\/www.radiopiu.net\/wordpress\/wp-content\/uploads\/2018\/10\/galvalux-300x173.jpg\" alt=\"\" width=\"225\" height=\"130\" srcset=\"https:\/\/www.radiopiu.net\/wordpress\/wp-content\/uploads\/2018\/10\/galvalux-300x173.jpg 300w, https:\/\/www.radiopiu.net\/wordpress\/wp-content\/uploads\/2018\/10\/galvalux.jpg 768w\" sizes=\"auto, (max-width: 225px) 100vw, 225px\" \/><\/a>PIEVE DI CADORE<\/strong>\u00a0 Dopo il salvataggio del palaghiaccio di Tai a Pieve di Cadore (messi a disposizione 100 mila euro), Galvalux punta ancora sulla responsabilit\u00e0 sociale d\u2019impresa, erogando nuovi bonus ai dipendenti e contributi alle realt\u00e0 del territorio, dallo sport alla cultura. Una \u201cmanovra\u201d, a fine 2022, che ammonta a quasi 700 mila euro: <em>\u201cCrediamo nel valore della comunit\u00e0 e nella necessit\u00e0 di combattere con ogni mezzo il calo demografico e la fuga di giovani e famiglie dalla nostra montagna\u201d,<\/em> afferma Angelo De Polo, presidente del Cda di Galvalux, l\u2019azienda di trattamenti galvanici e verniciatura nata in Cadore nel 1973. Galvalux ha fissato in mille euro la quota minima per ogni lavoratore destinata al pagamento delle utenze domestiche di acqua, luce e gas. Complessivamente, la voce incide per circa mezzo milione di euro. Infine l\u2019azienda procede al pagamento dello screening al seno per tutte le dipendenti sopra i 50 anni, un impegno che si rinnova: \u201c<em>Il benessere in fabbrica passa per la prevenzione. Anche questa \u00e8 una battaglia che ci deve vedere uniti\u201d,<\/em> conclude De Polo.<\/p>\n<p>&nbsp;<\/p>\n<hr \/>\n<p>&nbsp;<\/p>\n<blockquote>\n<h3>L&#8217;UNIONE FA LA FORZA, ANCHE QUANDO SI PARLA DI ENERGIA<\/h3>\n<\/blockquote>\n<p><strong><a class=\"dt-pswp-item\" href=\"https:\/\/www.radiopiu.net\/wordpress\/wp-content\/uploads\/2022\/12\/3396a06f-03c6-46e1-9729-c74284557938.jpg\" data-dt-img-description=\"\" data-large_image_width=\"2048\" data-large_image_height=\"1154\"><img loading=\"lazy\" decoding=\"async\" class=\" wp-image-311745 alignleft\" src=\"https:\/\/www.radiopiu.net\/wordpress\/wp-content\/uploads\/2022\/12\/3396a06f-03c6-46e1-9729-c74284557938-300x169.jpg\" alt=\"\" width=\"225\" height=\"127\" srcset=\"https:\/\/www.radiopiu.net\/wordpress\/wp-content\/uploads\/2022\/12\/3396a06f-03c6-46e1-9729-c74284557938-300x169.jpg 300w, https:\/\/www.radiopiu.net\/wordpress\/wp-content\/uploads\/2022\/12\/3396a06f-03c6-46e1-9729-c74284557938-1024x577.jpg 1024w, https:\/\/www.radiopiu.net\/wordpress\/wp-content\/uploads\/2022\/12\/3396a06f-03c6-46e1-9729-c74284557938-768x433.jpg 768w, https:\/\/www.radiopiu.net\/wordpress\/wp-content\/uploads\/2022\/12\/3396a06f-03c6-46e1-9729-c74284557938-1536x866.jpg 1536w, https:\/\/www.radiopiu.net\/wordpress\/wp-content\/uploads\/2022\/12\/3396a06f-03c6-46e1-9729-c74284557938.jpg 2048w\" sizes=\"auto, (max-width: 225px) 100vw, 225px\" \/><\/a>FELTRE<\/strong><\/p>\n<p>di Moreno Gioli<\/p>\n<audio class=\"wp-audio-shortcode\" id=\"audio-311636-2\" preload=\"none\" style=\"width: 100%;\" controls=\"controls\"><source type=\"audio\/mpeg\" src=\"https:\/\/www.radiopiu.net\/wordpress\/wp-content\/uploads\/2022\/12\/GIOLI-sportello-energia.mp3?_=2\" \/><a href=\"https:\/\/www.radiopiu.net\/wordpress\/wp-content\/uploads\/2022\/12\/GIOLI-sportello-energia.mp3\">https:\/\/www.radiopiu.net\/wordpress\/wp-content\/uploads\/2022\/12\/GIOLI-sportello-energia.mp3<\/a><\/audio>\n<p>&nbsp;<\/p>\n<hr \/>\n<p>&nbsp;<\/p>\n<blockquote>\n<h3>REGIONE: APPROVATA LA LEGGE DI BILANCIO<\/h3>\n<\/blockquote>\n<p><strong><a class=\"dt-pswp-item\" href=\"https:\/\/www.radiopiu.net\/wordpress\/wp-content\/uploads\/2022\/12\/presidente-Zaia-in-Consiglio-regionale_bis.jpg\" data-dt-img-description=\"\" data-large_image_width=\"2000\" data-large_image_height=\"1333\"><img loading=\"lazy\" decoding=\"async\" class=\" wp-image-311753 alignleft\" src=\"https:\/\/www.radiopiu.net\/wordpress\/wp-content\/uploads\/2022\/12\/presidente-Zaia-in-Consiglio-regionale_bis-300x200.jpg\" alt=\"\" width=\"233\" height=\"155\" srcset=\"https:\/\/www.radiopiu.net\/wordpress\/wp-content\/uploads\/2022\/12\/presidente-Zaia-in-Consiglio-regionale_bis-300x200.jpg 300w, https:\/\/www.radiopiu.net\/wordpress\/wp-content\/uploads\/2022\/12\/presidente-Zaia-in-Consiglio-regionale_bis-1024x682.jpg 1024w, https:\/\/www.radiopiu.net\/wordpress\/wp-content\/uploads\/2022\/12\/presidente-Zaia-in-Consiglio-regionale_bis-768x512.jpg 768w, https:\/\/www.radiopiu.net\/wordpress\/wp-content\/uploads\/2022\/12\/presidente-Zaia-in-Consiglio-regionale_bis-1536x1024.jpg 1536w, https:\/\/www.radiopiu.net\/wordpress\/wp-content\/uploads\/2022\/12\/presidente-Zaia-in-Consiglio-regionale_bis.jpg 2000w\" sizes=\"auto, (max-width: 233px) 100vw, 233px\" \/><\/a>VENEZIA <\/strong>\u201c<em>\u00c8 stata approvata la legge di bilancio, l\u2019ultimo atto della manovra finanziaria del prossimo triennio. Un bel risultato che consegna per il tredicesimo anno consecutivo un bilancio tax free, ma non di ristrettezze e nemmeno all\u2019insegna dell\u2019austerity. E\u2019 un documento che ha visione verso il futuro, che contribuir\u00e0 a dare al Veneto un nuovo rinascimento dopo la congiuntura negativa legata alla pandemia e le ricadute della guerra in Ucraina, che auspico possa terminare. Il Veneto oggi \u00e8 pronto a ri-decollare, consapevole di avere molte progettualit\u00e0 che daranno risposte a cittadini e imprese<\/em>\u201d. Con queste parole il Presidente della Regione del Veneto, Luca Zaia, commenta l\u2019approvazione, in Consiglio regionale, del bilancio di previsione regionale 2023-2025. \u201c<em>Abbiamo fatto scelte coraggiose, che dimostrano la capacit\u00e0 e la qualit\u00e0 amministrativa, un controllo accurato dei costi e un livello di tassazione contenuto, mantenendo e, dove possibile, rilanciando i servizi ai cittadini del Veneto \u2013 prosegue il Governatore -. Un comportamento virtuoso che ci permette di dimostrare, con numeri alla mano, l\u2019efficienza della gestione finanziaria regionale. Per il tredicesimo anno consecutivo affianchiamo a un bilancio tax free, 17 miliardi e 316 milioni di euro che saranno utilizzati per rispondere alle esigenze dei Veneti<\/em>&#8220;.<\/p>\n<p>&nbsp;<\/p>\n<p>&nbsp;<\/p>\n<hr \/>\n<p>&nbsp;<\/p>\n<blockquote>\n<h3><strong>MILANO CORTINA 2026. DAL MIT 33 MLN DI EURO PER INFRASTRUTTURE<\/strong><\/h3>\n<\/blockquote>\n<p><strong><a class=\"dt-pswp-item\" href=\"https:\/\/www.radiopiu.net\/wordpress\/wp-content\/uploads\/2022\/11\/ZAIA.jpg\" data-dt-img-description=\"\" data-large_image_width=\"1024\" data-large_image_height=\"761\"><img loading=\"lazy\" decoding=\"async\" class=\" wp-image-306973 alignleft\" src=\"https:\/\/www.radiopiu.net\/wordpress\/wp-content\/uploads\/2022\/11\/ZAIA-300x223.jpg\" alt=\"\" width=\"180\" height=\"134\" srcset=\"https:\/\/www.radiopiu.net\/wordpress\/wp-content\/uploads\/2022\/11\/ZAIA-300x223.jpg 300w, https:\/\/www.radiopiu.net\/wordpress\/wp-content\/uploads\/2022\/11\/ZAIA-768x571.jpg 768w, https:\/\/www.radiopiu.net\/wordpress\/wp-content\/uploads\/2022\/11\/ZAIA.jpg 1024w\" sizes=\"auto, (max-width: 180px) 100vw, 180px\" \/><\/a>VENEZIA <\/strong>\u201c<em>La notizia di quest\u2019ulteriore assegnazione va a sommarsi a una serie di interventi che cambieranno il futuro della montagna del Veneto. Fondi che rafforzano il nostro percorso olimpico e che consentiranno di arrivare all\u2019appuntamento del 2026 con tutte le carte in regola per accogliere atleti e pubblico di una edizione che vogliamo rimanga nella storia. Riqualificare le infrastrutture significa poi lasciare un patrimonio per la comunit\u00e0 montana e di tutti i territori che ospiteranno le gare dei giochi olimpici sulla neve. Ho lanciato il progetto olimpico consapevole che lo sport sar\u00e0 un volano per la lo sviluppo economico, sociale, turistico<\/em>\u201d. Cos\u00ec il Presidente della Regione Veneto Luca Zaia commenta la notizia che il Ministero delle infrastrutture e dei trasporti ha disposto la ripartizione di 33 milioni di euro per interventi di quella che viene definita \u201clegacy olimpica\u201d, coerentemente con gli indirizzi espressi dalle Regioni Lombardia e Veneto e dalle Province autonome di Trento e di Bolzano. Le risorse erano state stanziate nel bilancio 2021 dello Stato ma non ancora ripartite. Serviranno a finanziare interventi di riqualificazione di immobili pubblici nei comuni che ospiteranno le gare delle Olimpiadi invernali Milano-Cortina 2026, e saranno gestiti dalla societ\u00e0 \u201cInfrastrutture Milano-Cortina\u201d Spa per riqualificare edifici pubblici gi\u00e0 esistenti, che rimarranno a disposizione degli enti territoriali.<\/p>\n<p>&nbsp;<\/p>\n<p>&nbsp;<\/p>\n<hr \/>\n<p>&nbsp;<\/p>\n<blockquote>\n<h3>IL COMUNE DI CANALE D&#8217;AGORDO FIRMA UNA CONVENZIONE CON BELLUNO DONNA<\/h3>\n<\/blockquote>\n<p><strong><a class=\"dt-pswp-item\" href=\"https:\/\/www.radiopiu.net\/wordpress\/wp-content\/uploads\/2020\/06\/CANALE-DAGORDO-6.jpg\" data-dt-img-description=\"\" data-large_image_width=\"960\" data-large_image_height=\"720\"><img loading=\"lazy\" decoding=\"async\" class=\" wp-image-142143 alignleft\" src=\"https:\/\/www.radiopiu.net\/wordpress\/wp-content\/uploads\/2020\/06\/CANALE-DAGORDO-6-300x225.jpg\" alt=\"\" width=\"165\" height=\"124\" srcset=\"https:\/\/www.radiopiu.net\/wordpress\/wp-content\/uploads\/2020\/06\/CANALE-DAGORDO-6-300x225.jpg 300w, https:\/\/www.radiopiu.net\/wordpress\/wp-content\/uploads\/2020\/06\/CANALE-DAGORDO-6-768x576.jpg 768w, https:\/\/www.radiopiu.net\/wordpress\/wp-content\/uploads\/2020\/06\/CANALE-DAGORDO-6.jpg 960w\" sizes=\"auto, (max-width: 165px) 100vw, 165px\" \/><\/a>CANALE D&#8217;AGORDO<\/strong><\/p>\n<p>di Gianni Santomaso<\/p>\n<audio class=\"wp-audio-shortcode\" id=\"audio-311636-3\" preload=\"none\" style=\"width: 100%;\" controls=\"controls\"><source type=\"audio\/mpeg\" src=\"https:\/\/www.radiopiu.net\/wordpress\/wp-content\/uploads\/2022\/12\/GIANNI-IL-COMUNE-DI-CANALE-DAGORDO-FIRMA-UNA-CONVENZIONE-CON-BELLUNO-DONNA.mp3?_=3\" \/><a href=\"https:\/\/www.radiopiu.net\/wordpress\/wp-content\/uploads\/2022\/12\/GIANNI-IL-COMUNE-DI-CANALE-DAGORDO-FIRMA-UNA-CONVENZIONE-CON-BELLUNO-DONNA.mp3\">https:\/\/www.radiopiu.net\/wordpress\/wp-content\/uploads\/2022\/12\/GIANNI-IL-COMUNE-DI-CANALE-DAGORDO-FIRMA-UNA-CONVENZIONE-CON-BELLUNO-DONNA.mp3<\/a><\/audio>\n<p>&nbsp;<\/p>\n<hr \/>\n<p>&nbsp;<\/p>\n<p><strong>DI TIZIANO DE COL<\/strong><\/p>\n\n\t\t\t<style type='text\/css'>\n\t\t\t\t#gallery-1 {\n\t\t\t\t\tmargin: auto;\n\t\t\t\t}\n\t\t\t\t#gallery-1 .gallery-item {\n\t\t\t\t\tfloat: left;\n\t\t\t\t\tmargin-top: 10px;\n\t\t\t\t\ttext-align: center;\n\t\t\t\t\twidth: 20%;\n\t\t\t\t}\n\t\t\t\t#gallery-1 img {\n\t\t\t\t\tborder: 2px solid #cfcfcf;\n\t\t\t\t}\n\t\t\t\t#gallery-1 .gallery-caption {\n\t\t\t\t\tmargin-left: 0;\n\t\t\t\t}\n\t\t\t\t\/* see gallery_shortcode() in wp-includes\/media.php *\/\n\t\t\t<\/style>\n\t\t<div id='gallery-1' class='dt-gallery-container gallery galleryid-311636 gallery-columns-5 gallery-size-thumbnail'><dl class='gallery-item'>\n\t\t\t\t<dt class='gallery-icon landscape'>\n\t\t\t\t\t<a class=\"rollover rollover-zoom dt-pswp-item\" title=\"9cc55531-2deb-4321-98d7-eb6115aad141\" data-dt-img-description=\"\" data-large_image_width=\"594\" data-large_image_height=\"349\"href='https:\/\/www.radiopiu.net\/wordpress\/wp-content\/uploads\/2022\/12\/9cc55531-2deb-4321-98d7-eb6115aad141.jpg'><img loading=\"lazy\" decoding=\"async\" width=\"150\" height=\"150\" src=\"https:\/\/www.radiopiu.net\/wordpress\/wp-content\/uploads\/2022\/12\/9cc55531-2deb-4321-98d7-eb6115aad141-150x150.jpg\" class=\"attachment-thumbnail size-thumbnail\" alt=\"\" \/><\/a>\n\t\t\t\t<\/dt><\/dl><dl class='gallery-item'>\n\t\t\t\t<dt class='gallery-icon landscape'>\n\t\t\t\t\t<a class=\"rollover rollover-zoom dt-pswp-item\" title=\"8f53f93e-9087-4b28-95cb-2452bab9a1f5\" data-dt-img-description=\"\" data-large_image_width=\"596\" data-large_image_height=\"369\"href='https:\/\/www.radiopiu.net\/wordpress\/wp-content\/uploads\/2022\/12\/8f53f93e-9087-4b28-95cb-2452bab9a1f5.jpg'><img loading=\"lazy\" decoding=\"async\" width=\"150\" height=\"150\" src=\"https:\/\/www.radiopiu.net\/wordpress\/wp-content\/uploads\/2022\/12\/8f53f93e-9087-4b28-95cb-2452bab9a1f5-150x150.jpg\" class=\"attachment-thumbnail size-thumbnail\" alt=\"\" \/><\/a>\n\t\t\t\t<\/dt><\/dl><dl class='gallery-item'>\n\t\t\t\t<dt class='gallery-icon landscape'>\n\t\t\t\t\t<a class=\"rollover rollover-zoom dt-pswp-item\" title=\"c329b93d-91c5-4ffd-be46-c6cf55363781\" data-dt-img-description=\"\" data-large_image_width=\"587\" data-large_image_height=\"356\"href='https:\/\/www.radiopiu.net\/wordpress\/wp-content\/uploads\/2022\/12\/c329b93d-91c5-4ffd-be46-c6cf55363781.jpg'><img loading=\"lazy\" decoding=\"async\" width=\"150\" height=\"150\" src=\"https:\/\/www.radiopiu.net\/wordpress\/wp-content\/uploads\/2022\/12\/c329b93d-91c5-4ffd-be46-c6cf55363781-150x150.jpg\" class=\"attachment-thumbnail size-thumbnail\" alt=\"\" \/><\/a>\n\t\t\t\t<\/dt><\/dl><dl class='gallery-item'>\n\t\t\t\t<dt class='gallery-icon landscape'>\n\t\t\t\t\t<a class=\"rollover rollover-zoom dt-pswp-item\" title=\"a0be96c7-8268-41c9-935b-aa7fad8587ba\" data-dt-img-description=\"\" data-large_image_width=\"586\" data-large_image_height=\"365\"href='https:\/\/www.radiopiu.net\/wordpress\/wp-content\/uploads\/2022\/12\/a0be96c7-8268-41c9-935b-aa7fad8587ba.jpg'><img loading=\"lazy\" decoding=\"async\" width=\"150\" height=\"150\" src=\"https:\/\/www.radiopiu.net\/wordpress\/wp-content\/uploads\/2022\/12\/a0be96c7-8268-41c9-935b-aa7fad8587ba-150x150.jpg\" class=\"attachment-thumbnail size-thumbnail\" alt=\"\" \/><\/a>\n\t\t\t\t<\/dt><\/dl><dl class='gallery-item'>\n\t\t\t\t<dt class='gallery-icon landscape'>\n\t\t\t\t\t<a class=\"rollover rollover-zoom dt-pswp-item\" title=\"13beb17d-1442-4a67-ad89-7c44f7fd87e1\" data-dt-img-description=\"\" data-large_image_width=\"608\" data-large_image_height=\"359\"href='https:\/\/www.radiopiu.net\/wordpress\/wp-content\/uploads\/2022\/12\/13beb17d-1442-4a67-ad89-7c44f7fd87e1.jpg'><img loading=\"lazy\" decoding=\"async\" width=\"150\" height=\"150\" src=\"https:\/\/www.radiopiu.net\/wordpress\/wp-content\/uploads\/2022\/12\/13beb17d-1442-4a67-ad89-7c44f7fd87e1-150x150.jpg\" class=\"attachment-thumbnail size-thumbnail\" alt=\"\" \/><\/a>\n\t\t\t\t<\/dt><\/dl><br style=\"clear: both\" \/>\n\t\t\t<\/div>\n\n<p>&nbsp;<\/p>\n<hr \/>\n<p>&nbsp;<\/p>\n<p>&nbsp;<\/p>\n<blockquote>\n<h3>INFLUENZA STAGIONALE. INCIDENZA PARI A 14,01 CASI PER MILLE ABITANTI<\/h3>\n<\/blockquote>\n<p><strong><a class=\"dt-pswp-item\" href=\"https:\/\/www.radiopiu.net\/wordpress\/wp-content\/uploads\/2022\/12\/influenza.jpg\" data-dt-img-description=\"\" data-large_image_width=\"1718\" data-large_image_height=\"1190\"><img loading=\"lazy\" decoding=\"async\" class=\" wp-image-311722 alignleft\" src=\"https:\/\/www.radiopiu.net\/wordpress\/wp-content\/uploads\/2022\/12\/influenza-300x208.jpg\" alt=\"\" width=\"172\" height=\"119\" srcset=\"https:\/\/www.radiopiu.net\/wordpress\/wp-content\/uploads\/2022\/12\/influenza-300x208.jpg 300w, https:\/\/www.radiopiu.net\/wordpress\/wp-content\/uploads\/2022\/12\/influenza-1024x709.jpg 1024w, https:\/\/www.radiopiu.net\/wordpress\/wp-content\/uploads\/2022\/12\/influenza-768x532.jpg 768w, https:\/\/www.radiopiu.net\/wordpress\/wp-content\/uploads\/2022\/12\/influenza-1536x1064.jpg 1536w, https:\/\/www.radiopiu.net\/wordpress\/wp-content\/uploads\/2022\/12\/influenza.jpg 1718w\" sizes=\"auto, (max-width: 172px) 100vw, 172px\" \/><\/a>VENEZIA <\/strong>Nell\u2019ultima settimana in Veneto sono 68.013 i casi stimati di influenza stagionale per un totale complessivo da inizio stagione stimato di 346.326. Il dato \u00e8 riportato nel report del sistema di sorveglianza epidemiologica del contagio nell\u2019ambito della rete Influnet. L\u2019incidenza generale \u00e8 pari a 14,01 casi per mille abitanti. L&#8217;influenza continua a registrare un&#8217;incidenza alta, anche se nell&#8217;ultima settima si registra un primo calo ed una prima inversione di trend. \u00c8 necessario attendere le prossime settimane per confermare tale dato in discesa. Un&#8217;ulteriore conferma potr\u00e0 anche arrivare dal dato nazionale in pubblicazione nei prossimi giorni. Il calo appare presente in tutte le classi d&#8217;et\u00e0, in maniera pi\u00f9 marcata nelle classi pediatriche che per\u00f2 avevano registrato valori molto pi\u00f9 alti nelle settimane precedenti. La fascia di et\u00e0 pi\u00f9 colpita \u00e8 quella dei bambini da 0 a 4 anni con 43,18 casi per mille, seguita da quella tra i 5 e i 14 anni con 21,7 casi per mille. Incidenza attenuata tra i cittadini tra i 15 e i 64 anni che fanno registrare 10,73 casi per mille e di molto in quelli con pi\u00f9 di 65 anni con 4,97.<\/p>\n<p>&nbsp;<\/p>\n<p>&nbsp;<\/p>\n<hr \/>\n<p>&nbsp;<\/p>\n<blockquote>\n<h3>LA SICUREZZA NON \u00c8 UN HOBBY, \u00c8 LA VITA: IL NUOVO CALENDARIO DELLA PREVENZIONE 2023<\/h3>\n<\/blockquote>\n<p><strong><a class=\"dt-pswp-item\" href=\"https:\/\/www.radiopiu.net\/wordpress\/wp-content\/uploads\/2022\/12\/cacd0897-a150-48d6-b82a-a703c4f0ae1d.jpg\" data-dt-img-description=\"\" data-large_image_width=\"1024\" data-large_image_height=\"657\"><img loading=\"lazy\" decoding=\"async\" class=\" wp-image-311727 alignleft\" src=\"https:\/\/www.radiopiu.net\/wordpress\/wp-content\/uploads\/2022\/12\/cacd0897-a150-48d6-b82a-a703c4f0ae1d-300x192.jpg\" alt=\"\" width=\"180\" height=\"115\" srcset=\"https:\/\/www.radiopiu.net\/wordpress\/wp-content\/uploads\/2022\/12\/cacd0897-a150-48d6-b82a-a703c4f0ae1d-300x192.jpg 300w, https:\/\/www.radiopiu.net\/wordpress\/wp-content\/uploads\/2022\/12\/cacd0897-a150-48d6-b82a-a703c4f0ae1d-768x493.jpg 768w, https:\/\/www.radiopiu.net\/wordpress\/wp-content\/uploads\/2022\/12\/cacd0897-a150-48d6-b82a-a703c4f0ae1d.jpg 1024w\" sizes=\"auto, (max-width: 180px) 100vw, 180px\" \/><\/a>BELLUNO <\/strong>Il Servizio di Prevenzione, Igiene e Sicurezza negli Ambienti di Lavoro dell\u2019Ulss Dolomiti ha realizzato anche quest\u2019anno il calendario per l\u2019anno nuovo ormai alle porte. \u201cLa sicurezza non \u00e8 un hobby, \u00e8 la vita\u201d \u00e8 lo slogan scelto per il nuovo calendario 2023. Il tema, infatti, sar\u00e0 la sicurezza, individuale e collettiva, cos\u00ec come la possiamo vivere in ogni sua sfaccettatura nel nostro quotidiano. L\u2019obiettivo \u00e8 suggerire e aumentare la consapevolezza su cosa pu\u00f2 fare ciascuno ogni giorno negli ambienti di vita, di lavoro e nel tempo libero, con responsabilit\u00e0, al fine di non mettere a repentaglio la salute propria, delle persone vicine e dei soccorritori. Le rappresentazioni grafiche, realizzate dall\u2019ing. Nicola Canal, accompagneranno ogni mese gli spunti di riflessione per parlare di sicurezza in termini di primo soccorso, di utilizzo di dispositivi di protezione individuali, dei rischi da alte temperature, della tutela della gravidanza per le lavoratrici, dei rischi derivanti dall\u2019inquinamento indoor da monossido di carbonio, con l\u2019aggiunta di nuovi temi emergenti riguardanti i rischi nei tatuaggi, il corretto utilizzo del monopattino elettrico, l\u2019uso sicuro della motosega nei lavori di montagna e la sicurezza nell\u2019escursionismo.<\/p>\n<p><strong>IL CALENDARIO 2023<\/strong><\/p>\n<a href=\"https:\/\/www.radiopiu.net\/wordpress\/wp-content\/uploads\/2022\/12\/CALENDARIO-2023_RISOLUZIONE-MINIMA-12.12.22.pdf\" class=\"pdfemb-viewer\" style=\"\" data-width=\"max\" data-height=\"max\" data-toolbar=\"top\" data-toolbar-fixed=\"on\">CALENDARIO 2023_RISOLUZIONE MINIMA 12.12.22<\/a>\n<p>&nbsp;<\/p>\n<p>&nbsp;<\/p>\n<hr \/>\n<p>&nbsp;<\/p>\n<blockquote>\n<h3>CALALZO DI CADORE, BANDO DI 9MILA EURO PER LE SOCIET\u00c0 SPORTIVE<\/h3>\n<\/blockquote>\n<p><strong>CALALZO DI CADORE<\/strong> Ammonta a 9mila euro il fondo messo a disposizione per l&#8217;anno 2022 dal Comune di Calalzo di Cadore a sostegno delle societ\u00e0 sportive \u201cche svolgono la loro attivit\u00e0 a favore di ragazzi residenti nel territorio del comune\u201d. Possono accedervi le realt\u00e0 che svolgono attivit\u00e0 sportiva agonistica nella fascia di et\u00e0 5\/18 anni, che hanno fra i tesserati ragazzi residenti nel Comune di Calalzo, che hanno sede in uno dei comuni dell\u2019Unione Montana Centro Cadore e che sono affiliate a federazioni o enti regolarmente iscritte al CONI. Il fondo sar\u00e0 ripartito in parti uguali tra tutti i richiedenti che avranno i requisiti per ottenere il contributo; alla domanda dovr\u00e0 essere allegato un rendiconto delle spese sostenute per la gestione della societ\u00e0 nell&#8217;anno corrente.<\/p>\n<p>&nbsp;<\/p>\n<p>&nbsp;<\/p>\n<hr \/>\n<p>&nbsp;<\/p>\n<blockquote>\n<h3>UNA SERATA PER RICORDARE ERMANO DE COL<\/h3>\n<\/blockquote>\n<p><strong><a class=\"dt-pswp-item\" href=\"https:\/\/www.radiopiu.net\/wordpress\/wp-content\/uploads\/2022\/12\/1684409e-7c27-4f48-902e-b507a9368e0d.jpg\" data-dt-img-description=\"\" data-large_image_width=\"1168\" data-large_image_height=\"708\"><img loading=\"lazy\" decoding=\"async\" class=\" wp-image-311719 alignleft\" src=\"https:\/\/www.radiopiu.net\/wordpress\/wp-content\/uploads\/2022\/12\/1684409e-7c27-4f48-902e-b507a9368e0d-300x182.jpg\" alt=\"\" width=\"186\" height=\"113\" srcset=\"https:\/\/www.radiopiu.net\/wordpress\/wp-content\/uploads\/2022\/12\/1684409e-7c27-4f48-902e-b507a9368e0d-300x182.jpg 300w, https:\/\/www.radiopiu.net\/wordpress\/wp-content\/uploads\/2022\/12\/1684409e-7c27-4f48-902e-b507a9368e0d-1024x621.jpg 1024w, https:\/\/www.radiopiu.net\/wordpress\/wp-content\/uploads\/2022\/12\/1684409e-7c27-4f48-902e-b507a9368e0d-768x466.jpg 768w, https:\/\/www.radiopiu.net\/wordpress\/wp-content\/uploads\/2022\/12\/1684409e-7c27-4f48-902e-b507a9368e0d.jpg 1168w\" sizes=\"auto, (max-width: 186px) 100vw, 186px\" \/><\/a>BELLUNO<\/strong> Si terr\u00e0 questa sera in Sala Bianchi a Belluno la serata in ricordo di Ermano De Col, sindaco del capoluogo dal 2001 al 2006, scomparso quest&#8217;estate. Ad organizzare l&#8217;evento, con foto, video e \u201cmicrofono aperto\u201d a tutta la cittadinanza, il gruppo consiliare a Palazzo Rosso \u201cInsieme Per Belluno Bene Comune\u201d.<\/p>\n<p><strong>di Daniele Dalvit<\/strong><\/p>\n<audio class=\"wp-audio-shortcode\" id=\"audio-311636-4\" preload=\"none\" style=\"width: 100%;\" controls=\"controls\"><source type=\"audio\/mpeg\" src=\"https:\/\/www.radiopiu.net\/wordpress\/wp-content\/uploads\/2022\/12\/DALVIT-ERMANO-DE-COL.mp3?_=4\" \/><a href=\"https:\/\/www.radiopiu.net\/wordpress\/wp-content\/uploads\/2022\/12\/DALVIT-ERMANO-DE-COL.mp3\">https:\/\/www.radiopiu.net\/wordpress\/wp-content\/uploads\/2022\/12\/DALVIT-ERMANO-DE-COL.mp3<\/a><\/audio>\n<p>&nbsp;<\/p>\n<hr \/>\n<p>&nbsp;<\/p>\n<blockquote>\n<h3>BANDO DI CONCORSO DELLA GUARDIA DI FINANZA. SI CERCANO 1410 ALLIEVI FINANZIERI<\/h3>\n<\/blockquote>\n<p><strong>BELLUNO<\/strong> E&#8217; stato pubblicato il bando di concorso, per titoli ed esami, per il reclutamento di 1410 allievi finanzieri (1170 del contingente ordinario e 240 del<br \/>\ncontingente di mare) di cui: 180 posti destinati all\u2019arruolamento di personale da avviare al conseguimento della specializzazione \u201cAnti Terrorismo e Pronto Impiego (A.T.P.I.); 693 posti (contingente \u201cordinario\u201d) e n. 168 posti (contingente di \u201cmare\u201d) riservati ai volontari delle Forze Armate. La domanda di partecipazione al concorso, da presentare entro le ore 12.00 del 2 gennaio 2023, dovr\u00e0 essere compilata esclusivamente mediante la procedura telematica disponibile sul portale attivo all\u2019indirizzo https:\/\/concorsi.gdf.gov.it, seguendo le istruzioni del sistema automatizzato.<\/p>\n<p>&nbsp;<\/p>\n<p>&nbsp;<\/p>\n<p>&nbsp;<\/p>\n<hr \/>\n<p>&nbsp;<\/p>\n<blockquote>\n<h3>UN AIUTO ALLE FAMIGLIE\u00a0 DEGLI STUDENTI E ALLE AZIENDE<\/h3>\n<\/blockquote>\n<p><strong>ROCCA PIETORE <\/strong>Il Comune di Rocca Pietore per l&#8217;anno scolastico 2022-2023 ha approvato l&#8217;intervento a favore delle famiglie per il contenimento della spesa legata al trasporto scolastico e ai costi per l&#8217;alloggio degli studenti residenti nel Comune di Rocca Pietore e frequentanti le scuole secondarie di secondo grado. Il contributo erogabile \u00e8 cos\u00ec definito: studenti che utilizzando il trasporto pubblico: \u20ac 200,00 a studente; studenti in alloggio\/convitto: \u20ac 300,00 a studente; Le richieste vanno inoltrate al Comune di Rocca Pietore entro il 28 febbraio 2023.<br \/>\nE&#8217; stato inoltre\u00a0 approvato il bando pubblico per la concessione di contributi a fondo perduto a sostegno delle attivit\u00e0 economiche, commerciali e artigianali di cui al Decreto del Presidente del Consiglio del 24 settembre 2020 \u2013 Annualit\u00e0 2021. Le richieste vanno inoltrate entro 30 giorni.<\/p>\n<p>&nbsp;<\/p>\n<p>&nbsp;<\/p>\n<hr \/>\n<p>&nbsp;<\/p>\n<p><strong>CGIL NEWS, LA RICONFERMA DI ALESSIA CERENTIN<\/strong><\/p>\n<p><strong><a class=\"dt-pswp-item\" href=\"https:\/\/www.radiopiu.net\/wordpress\/wp-content\/uploads\/2022\/04\/Alessia-Cerentin.jpg\" data-dt-img-description=\"\" data-large_image_width=\"290\" data-large_image_height=\"290\"><img loading=\"lazy\" decoding=\"async\" class=\"wp-image-270123 alignleft\" src=\"https:\/\/www.radiopiu.net\/wordpress\/wp-content\/uploads\/2022\/04\/Alessia-Cerentin.jpg\" alt=\"\" width=\"108\" height=\"108\" srcset=\"https:\/\/www.radiopiu.net\/wordpress\/wp-content\/uploads\/2022\/04\/Alessia-Cerentin.jpg 290w, https:\/\/www.radiopiu.net\/wordpress\/wp-content\/uploads\/2022\/04\/Alessia-Cerentin-150x150.jpg 150w\" sizes=\"auto, (max-width: 108px) 100vw, 108px\" \/><\/a>BELLUNO<\/strong> Alessia Cerentin \u00e8 stata riconfermata segretaria generale della FLC CGIL di Belluno. Nella relazione la segretaria riconfermata ha sviluppato i molti tempi centrali riferiti alla scuola pubblica in un contesto come quello della provincia, dal rinnovo del contratto al rinnovamento scolastico.\u00a0 Ha ribadito la centralit\u00e0 della scuola in Costituzione e il principale ruolo che il sindacato deve continuare a svolgere affinch\u00e9 i lavoratori lo sentano come casa, garante di libert\u00e0 e giustizia sociale.<\/p>\n<p>&nbsp;<\/p>\n<hr \/>\n<p>&nbsp;<\/p>\n<blockquote>\n<h3>VITTORIO CONTE NUOVO CAPOSEZIONE DI AFDVS DI ARTEN<\/h3>\n<\/blockquote>\n<p><a class=\"dt-pswp-item\" href=\"https:\/\/www.radiopiu.net\/wordpress\/wp-content\/uploads\/2022\/12\/Afdvs-Arten-da-sx-Nevio-Meneguz-Vittorio-Conte-e-Luca-Tagliapietra-scaled.jpg\" data-dt-img-description=\"\" data-large_image_width=\"2560\" data-large_image_height=\"1827\"><img loading=\"lazy\" decoding=\"async\" class=\"size-medium wp-image-311705 alignleft\" src=\"https:\/\/www.radiopiu.net\/wordpress\/wp-content\/uploads\/2022\/12\/Afdvs-Arten-da-sx-Nevio-Meneguz-Vittorio-Conte-e-Luca-Tagliapietra-300x214.jpg\" alt=\"\" width=\"300\" height=\"214\" srcset=\"https:\/\/www.radiopiu.net\/wordpress\/wp-content\/uploads\/2022\/12\/Afdvs-Arten-da-sx-Nevio-Meneguz-Vittorio-Conte-e-Luca-Tagliapietra-300x214.jpg 300w, https:\/\/www.radiopiu.net\/wordpress\/wp-content\/uploads\/2022\/12\/Afdvs-Arten-da-sx-Nevio-Meneguz-Vittorio-Conte-e-Luca-Tagliapietra-1024x731.jpg 1024w, https:\/\/www.radiopiu.net\/wordpress\/wp-content\/uploads\/2022\/12\/Afdvs-Arten-da-sx-Nevio-Meneguz-Vittorio-Conte-e-Luca-Tagliapietra-768x548.jpg 768w, https:\/\/www.radiopiu.net\/wordpress\/wp-content\/uploads\/2022\/12\/Afdvs-Arten-da-sx-Nevio-Meneguz-Vittorio-Conte-e-Luca-Tagliapietra-1536x1096.jpg 1536w, https:\/\/www.radiopiu.net\/wordpress\/wp-content\/uploads\/2022\/12\/Afdvs-Arten-da-sx-Nevio-Meneguz-Vittorio-Conte-e-Luca-Tagliapietra-2048x1462.jpg 2048w\" sizes=\"auto, (max-width: 300px) 100vw, 300px\" \/><\/a><strong>FELTRE\u00a0<\/strong> \u00c8 Vittorio Conte il nuovo caposezione dell\u2019 Associazione feltrina donatori volontari sangue) di Arten intitolata a Mor\u00ecs Toigo.\u00a0 Succede a Nevio Meneguz, che ha guidato la sezione per ben 26 anni che resta comunque nel direttivo nel ruolo di consigliere; accanto a lui e al neo caposezione ci saranno anche Massimo Corso, Ezio Corso, Davide Zucco, Miriam Toigo e Luca Tagliapietra.\u00a0 Non manca inoltre l\u2019apporto di nuovi donatori, soprattutto tra i pi\u00f9 giovani, fattore non cos\u00ec scontato. <strong>I riconoscimenti:<\/strong> menzione speciale per due \u201csuper donatori\u201d: il neo eletto Vittorio Conte, arrivato a ben 200 donazioni, e Luca Tagliapietra, che ha raggiunto quota 114. Insignito di una targa per l\u2019alto numero (86) anche Giuseppe Dalla Libera; premiato con distintivo (per le 62 donazioni) Loris Cesaro. Medaglia d\u2019oro (pi\u00f9 di 40 donazioni) ad Alessandro Zanella, Lorella Tonin, Rosanna Toigo, Augusto De Nato, Michele De Bortoli; argento (pi\u00f9 di 30) per Luca Zanella, Paolo Turra, Andrea Troian, Lucia Toigo, Marco Barp; bronzo (pi\u00f9 di 10) per Nicola Tagliapietra, Michele De Bacco, Alex D\u2019Alberto, Alessandro D\u2019Agostini, Daniele Consalter.<\/p>\n<p>&nbsp;<\/p>\n<p>&nbsp;<\/p>\n<p>&nbsp;<\/p>\n<p>&nbsp;<\/p>\n<hr \/>\n<blockquote>\n<h3><\/h3>\n<h3>\u00a0CONSIGLI COMUNALI<\/h3>\n<\/blockquote>\n<p><strong>RIVAMONTE\u00a0<\/strong> Il sindaco Nino Deon ha convocato il consiglio comunale per mercoledi 21 dicembre alle 18. All&#8217;ordine del giorno la convenzione per il potenziamento del numero di posti nel servizio di asilo nido e la revisione ordinaria delle partecipazioni possedute.<\/p>\n<p>&nbsp;<\/p>\n<p><strong>CANALE D&#8217;AGORDO<\/strong> Il sindaco di Canale D&#8217;Agordo Flavio Colcergnan ha convocato il consiglio comunale per gioved\u00ec 22 dicembre alle 20. Quattro i punti da trattare tra cui la convenzione con altri comuni per la gestione dell&#8217;ufficio di segreteria e il regolamento comunale patrocini e concessione contributi.<\/p>\n<p>&nbsp;<\/p>\n<p><strong>ALLEGHE\u00a0 <\/strong>Lunedi 19 di dicembre consiglio comunale in riva al lago. I principali argomenti: piano di valorizzazione del patrimonio immobiliare, adozione programma del fondo per le spese di urbanizzazione, programma triennale dei lavori pubblici, regolamento sull&#8217;imposta di soggiorno, approvazione aliquote Imu per il 2023, approvazione del bilancio di previsione (Dup), concessiona area comunale in localit\u00e0 Vallazza, prelievo dal fondo di riserva.<\/p>\n<p>&nbsp;<\/p>\n<p>&nbsp;<\/p>\n<hr \/>\n<p>&nbsp;<\/p>\n<blockquote>\n<h3>I RACCONTI DI ERMEN<\/h3>\n<\/blockquote>\n<p><strong>SEDICO<\/strong> Questa sera\u00a0 alle 18 al Bar Centrale di Sedico verranno presentati due racconti inediti di Ermen Gretti. Presentazione a cura di Francesco Dematt\u00e8.<\/p>\n<p>&nbsp;<\/p>\n<blockquote>\n<h3>SCAIE DE COR<\/h3>\n<\/blockquote>\n<p><strong>BELLUNO<\/strong> Questa sera alle 18.30 in sala Muccin del centro Giovanni XXIII, Fabio Rufus Bristot presenta il\u00a0 suo ultimo libro &#8220;Scaia de Cor&#8221;, pensieri e parole in belumat.<\/p>\n<p>&nbsp;<\/p>\n<p>&nbsp;<\/p>\n<p>&nbsp;<\/p>\n<hr \/>\n<p>&nbsp;<\/p>\n<blockquote>\n<h3>APPUNTAMENTO\u00a0 IN ROSSO<\/h3>\n<\/blockquote>\n<p><strong><a class=\"dt-pswp-item\" href=\"https:\/\/www.radiopiu.net\/wordpress\/wp-content\/uploads\/2022\/09\/VIGILI-DEL-FUOCO-8-1.jpg\" data-dt-img-description=\"\" data-large_image_width=\"1599\" data-large_image_height=\"899\"><img loading=\"lazy\" decoding=\"async\" class=\"wp-image-299555 alignleft\" src=\"https:\/\/www.radiopiu.net\/wordpress\/wp-content\/uploads\/2022\/09\/VIGILI-DEL-FUOCO-8-1-300x169.jpg\" alt=\"\" width=\"234\" height=\"132\" srcset=\"https:\/\/www.radiopiu.net\/wordpress\/wp-content\/uploads\/2022\/09\/VIGILI-DEL-FUOCO-8-1-300x169.jpg 300w, https:\/\/www.radiopiu.net\/wordpress\/wp-content\/uploads\/2022\/09\/VIGILI-DEL-FUOCO-8-1-1024x576.jpg 1024w, https:\/\/www.radiopiu.net\/wordpress\/wp-content\/uploads\/2022\/09\/VIGILI-DEL-FUOCO-8-1-768x432.jpg 768w, https:\/\/www.radiopiu.net\/wordpress\/wp-content\/uploads\/2022\/09\/VIGILI-DEL-FUOCO-8-1-1536x864.jpg 1536w, https:\/\/www.radiopiu.net\/wordpress\/wp-content\/uploads\/2022\/09\/VIGILI-DEL-FUOCO-8-1.jpg 1599w\" sizes=\"auto, (max-width: 234px) 100vw, 234px\" \/><\/a>BELLUNO<\/strong>\u00a0 Venerd\u00ec\u00a0 alle 10:30, presso la sede del comando dei vigili del fuoco di Belluno avverr\u00e0 la consegna di mezzi e materiali acquistati dalla regione Veneto e dati in comodato d\u2019uso al Corpo nazionale dei Vigili del fuoco. Tra il materiale che sar\u00e0 consegnato 2 mezzi fuoristrada e 5 furgoni per potenziare le capacit\u00e0 operative dei comandi della regione durante le attivit\u00e0 di protezione civile. Inoltre materiale antincendio innovativo sar\u00e0 consegnato ai distaccamenti volontari dei vigili del fuoco. Saranno presenti per la regione, l\u2019assessore alla protezione civile Giampaolo Bottacin e la consigliere Silvia Rizzoto per i vigili del fuoco il direttore interregionale Loris Munaro e alcuni comandanti.<\/p>\n<p>&nbsp;<\/p>\n<p>&nbsp;<\/p>\n<hr \/>\n<p>&nbsp;<\/p>\n<blockquote>\n<h3>IL NATALE\u00a0 CON L&#8217;ASSI<\/h3>\n<\/blockquote>\n<p><strong>BELLUNO<\/strong> <span id=\"page2R_mcid6\" class=\"markedContent\"><span dir=\"ltr\" role=\"presentation\">Un augurio di Natale dolce e magico: lo confezioner\u00e0 l\u2019ASSI Onlus Aps, nella sede di Sedico<\/span><span dir=\"ltr\" role=\"presentation\">, dove domani <\/span><\/span><span id=\"page2R_mcid7\" class=\"markedContent\"><span dir=\"ltr\" role=\"presentation\">dalle 16 si svilupperanno le storie animate di \u201cFavolando\u201d. Protagonisti <\/span><span dir=\"ltr\" role=\"presentation\">\u00a0i bambini, pronti a volare con le ali della fantasia e ad essere avvolti dalla magia <\/span><span dir=\"ltr\" role=\"presentation\">natalizia. Alle\u00a0 <\/span><\/span><span id=\"page2R_mcid8\" class=\"markedContent\"><span dir=\"ltr\" role=\"presentation\">17 verranno sfornati dei gustosissimi biscotti. Per <\/span><\/span><span id=\"page2R_mcid9\" class=\"markedContent\"><span dir=\"ltr\" role=\"presentation\">\u201cFavolando\u201d,\u00a0 prenotazione al 340.3156706,\u00a0 massimo <\/span><span dir=\"ltr\" role=\"presentation\">venti bambini.<\/span><\/span><\/p>\n<p>&nbsp;<\/p>\n<hr \/>\n<p>&nbsp;<\/p>\n<blockquote>\n<h3><a class=\"dt-pswp-item\" href=\"https:\/\/www.radiopiu.net\/wordpress\/wp-content\/uploads\/2022\/12\/Senza-nome-67.jpg\" data-dt-img-description=\"\" data-large_image_width=\"317\" data-large_image_height=\"299\"><img loading=\"lazy\" decoding=\"async\" class=\"wp-image-311368 alignleft\" src=\"https:\/\/www.radiopiu.net\/wordpress\/wp-content\/uploads\/2022\/12\/Senza-nome-67-300x283.jpg\" alt=\"\" width=\"133\" height=\"125\" srcset=\"https:\/\/www.radiopiu.net\/wordpress\/wp-content\/uploads\/2022\/12\/Senza-nome-67-300x283.jpg 300w, https:\/\/www.radiopiu.net\/wordpress\/wp-content\/uploads\/2022\/12\/Senza-nome-67.jpg 317w\" sizes=\"auto, (max-width: 133px) 100vw, 133px\" \/><\/a><\/h3>\n<h3>PROVIAMO LO SNOWBOARD<\/h3>\n<\/blockquote>\n<p><strong>ALLEGHE\u00a0<\/strong> I bambini e ragazzi dell&#8217;Agordino, dai 5 ai 14 anni, avranno la possibilit\u00e0 di provare lo snowboard. Domani dalle 13 ai Piani di Pezz\u00e8, Ski area Civetta, ad Alleghe. La lezione \u00e8 gratuita. Successivamente chi lo desiderer\u00e0 potr\u00e0 partecipare al corso che durer\u00e0 tutta la stagione invernale. Per informazioni inviare messaggio whatsapp al numero +393498687695 (Giovanna). Con la collaborazione dell sci club Alleghe ed Alleghe Funivie.<\/p>\n<p>&nbsp;<\/p>\n<p>&nbsp;<\/p>\n<hr \/>\n<p>&nbsp;<\/p>\n<p>&nbsp;<\/p>\n<p><a class=\"dt-pswp-item\" href=\"https:\/\/www.radiopiu.net\/wordpress\/wp-content\/uploads\/2022\/12\/Senza-nome-78.jpg\" data-dt-img-description=\"\" data-large_image_width=\"822\" data-large_image_height=\"722\"><img loading=\"lazy\" decoding=\"async\" class=\"size-medium wp-image-311532 aligncenter\" src=\"https:\/\/www.radiopiu.net\/wordpress\/wp-content\/uploads\/2022\/12\/Senza-nome-78-300x264.jpg\" alt=\"\" width=\"300\" height=\"264\" srcset=\"https:\/\/www.radiopiu.net\/wordpress\/wp-content\/uploads\/2022\/12\/Senza-nome-78-300x264.jpg 300w, https:\/\/www.radiopiu.net\/wordpress\/wp-content\/uploads\/2022\/12\/Senza-nome-78-768x675.jpg 768w, https:\/\/www.radiopiu.net\/wordpress\/wp-content\/uploads\/2022\/12\/Senza-nome-78.jpg 822w\" sizes=\"auto, (max-width: 300px) 100vw, 300px\" \/><\/a><\/p>\n<p>&nbsp;<\/p>\n<p>&nbsp;<\/p>\n<hr \/>\n<p>&nbsp;<\/p>\n<blockquote>\n<h3 class=\"entry-title\">IL SACCO DEL DIAVOLO<\/h3>\n<\/blockquote>\n<p><strong class=\"photoswipe-wrapper\"><a class=\"dt-pswp-item pspw-wrap-ready\" href=\"https:\/\/www.radiopiu.net\/wordpress\/wp-content\/uploads\/2022\/12\/cid-f_lbnc25q50.jpg\" data-dt-img-description=\"\" data-large_image_width=\"517\" data-large_image_height=\"580\"><img loading=\"lazy\" decoding=\"async\" class=\" wp-image-311621 alignleft\" src=\"https:\/\/www.radiopiu.net\/wordpress\/wp-content\/uploads\/2022\/12\/cid-f_lbnc25q50-267x300.jpg\" sizes=\"auto, (max-width: 190px) 100vw, 190px\" srcset=\"https:\/\/www.radiopiu.net\/wordpress\/wp-content\/uploads\/2022\/12\/cid-f_lbnc25q50-267x300.jpg 267w, https:\/\/www.radiopiu.net\/wordpress\/wp-content\/uploads\/2022\/12\/cid-f_lbnc25q50.jpg 517w\" alt=\"\" width=\"160\" height=\"179\" \/><\/a>VOLTAGO\u00a0\u00a0<\/strong>Cornamuse, zampogne, pive, baghe, ciaramedde, questi sono solo alcuni strumenti della tradizione italiana, facenti parte della grande e variegata famiglia degli strumenti musicali cosiddetti aerofoni a sacco, che hanno, cio\u00e8, come loro principale peculiarit\u00e0 e caratteristica, un serbatoio, un otre, un sacco, che alimenta tutti gli elementi ad esso collegati, producendo quel suono suggestivo e caratteristico che tutti conosciamo e che sentiamo soprattutto durante il periodo natalizio. Andrea Da Cort\u00e0, musicista cadorino, ricercatore di musiche di tradizione popolare, compositore e costruttore di strumenti antichi, far\u00e0 un po\u2019 di chiarezza su questo argomento ricco e interessante e ci far\u00e0 apprezzare questi suoni tanto caratteristici quanto magici, con una lezione-concerto sul mondo delle cornamuse in Europa. La serata \u00e8 aperta a tutti e si svolger\u00e0 domani, alle 20.30, a Voltago Agordino, nella Sala Comunale \u201cGianni De Col\u201d (a 300 metri dalla chiesa parrocchiale, in direzione Digoman-Rivamonte). Ingresso libero, fino ad esaurimento posti. Per info: 349.4934799.<\/p>\n<p>&nbsp;<\/p>\n<hr \/>\n<p>&nbsp;<\/p>\n<blockquote>\n<h3>MERCATINI DI NATALE A SOTTOGUDA<\/h3>\n<\/blockquote>\n<p><strong>ROCCA PIETORE<\/strong> Tre giorni di mercatini sotto la Marmolada. Torna a Sottoguda &#8220;Nad\u00e8l Ignanter i Tabiei&#8221; il 28, 29 e 30 dicembre dalle 13 alle 19. Mercoled\u00ec 28 alle 16 &#8220;Dolci note sotto la neve&#8221; con il Coro Sottoguda. Venerd\u00ec 30 dicembre alle 17 &#8220;Una montagna di note&#8221; con l&#8217;Orchestra Dolomiti.<\/p>\n<p><a class=\"dt-pswp-item\" href=\"https:\/\/www.radiopiu.net\/wordpress\/wp-content\/uploads\/2022\/12\/7b12f4ab-d16b-4440-9e84-3a4af82af38b.jpg\" data-dt-img-description=\"\" data-large_image_width=\"1131\" data-large_image_height=\"1600\"><img loading=\"lazy\" decoding=\"async\" class=\"size-medium wp-image-311657 aligncenter\" src=\"https:\/\/www.radiopiu.net\/wordpress\/wp-content\/uploads\/2022\/12\/7b12f4ab-d16b-4440-9e84-3a4af82af38b-212x300.jpg\" alt=\"\" width=\"212\" height=\"300\" srcset=\"https:\/\/www.radiopiu.net\/wordpress\/wp-content\/uploads\/2022\/12\/7b12f4ab-d16b-4440-9e84-3a4af82af38b-212x300.jpg 212w, https:\/\/www.radiopiu.net\/wordpress\/wp-content\/uploads\/2022\/12\/7b12f4ab-d16b-4440-9e84-3a4af82af38b-724x1024.jpg 724w, https:\/\/www.radiopiu.net\/wordpress\/wp-content\/uploads\/2022\/12\/7b12f4ab-d16b-4440-9e84-3a4af82af38b-768x1086.jpg 768w, https:\/\/www.radiopiu.net\/wordpress\/wp-content\/uploads\/2022\/12\/7b12f4ab-d16b-4440-9e84-3a4af82af38b-1086x1536.jpg 1086w, https:\/\/www.radiopiu.net\/wordpress\/wp-content\/uploads\/2022\/12\/7b12f4ab-d16b-4440-9e84-3a4af82af38b.jpg 1131w\" sizes=\"auto, (max-width: 212px) 100vw, 212px\" \/><\/a><\/p>\n<p>&nbsp;<\/p>\n<p>&nbsp;<\/p>\n<hr \/>\n<p>&nbsp;<\/p>\n<p>&nbsp;<\/p>\n<blockquote class=\"wp-embedded-content\" data-secret=\"kr7J0VWtqj\"><p><a href=\"https:\/\/www.radiopiu.net\/wordpress\/il-presepio-incantato-di-roe-di-sedico\/\">IL PRESEPIO INCANTATO DI ROE DI SEDICO<\/a><\/p><\/blockquote>\n<p><iframe loading=\"lazy\" class=\"wp-embedded-content\" sandbox=\"allow-scripts\" security=\"restricted\" style=\"position: absolute; clip: rect(1px, 1px, 1px, 1px);\" title=\"&#8220;IL PRESEPIO INCANTATO DI ROE DI SEDICO&#8221; &#8212; Radio Pi\u00f9\" src=\"https:\/\/www.radiopiu.net\/wordpress\/il-presepio-incantato-di-roe-di-sedico\/embed\/#?secret=Qo82LQbVZC#?secret=kr7J0VWtqj\" data-secret=\"kr7J0VWtqj\" width=\"600\" height=\"338\" frameborder=\"0\" marginwidth=\"0\" marginheight=\"0\" scrolling=\"no\"><\/iframe><\/p>\n<p>&nbsp;<\/p>\n<hr \/>\n<p>&nbsp;<\/p>\n<p style=\"text-align: center;\"><strong>DOMANI 17.30 A FALCADE<\/strong><\/p>\n<p><a class=\"dt-pswp-item\" href=\"https:\/\/www.radiopiu.net\/wordpress\/wp-content\/uploads\/2022\/12\/Senza-nome-82.jpg\" data-dt-img-description=\"\" data-large_image_width=\"525\" data-large_image_height=\"649\"><img loading=\"lazy\" decoding=\"async\" class=\"size-medium wp-image-311787 aligncenter\" src=\"https:\/\/www.radiopiu.net\/wordpress\/wp-content\/uploads\/2022\/12\/Senza-nome-82-243x300.jpg\" alt=\"\" width=\"243\" height=\"300\" srcset=\"https:\/\/www.radiopiu.net\/wordpress\/wp-content\/uploads\/2022\/12\/Senza-nome-82-243x300.jpg 243w, https:\/\/www.radiopiu.net\/wordpress\/wp-content\/uploads\/2022\/12\/Senza-nome-82.jpg 525w\" sizes=\"auto, (max-width: 243px) 100vw, 243px\" \/><\/a><\/p>\n<p>&nbsp;<\/p>\n<hr \/>\n<p>&nbsp;<\/p>\n<blockquote>\n<h3>IL CORO MINIMO BELLUNESE PRONTO A FESTEGGIARE I 60 ANNI DI ATTIVITA&#8217;<\/h3>\n<\/blockquote>\n<p><strong><a class=\"dt-pswp-item\" href=\"https:\/\/www.radiopiu.net\/wordpress\/wp-content\/uploads\/2022\/12\/CORO-MINIMO-BELLUNESE.jpg\" data-dt-img-description=\"\" data-large_image_width=\"1024\" data-large_image_height=\"816\"><img loading=\"lazy\" decoding=\"async\" class=\" wp-image-311461 alignleft\" src=\"https:\/\/www.radiopiu.net\/wordpress\/wp-content\/uploads\/2022\/12\/CORO-MINIMO-BELLUNESE-300x239.jpg\" alt=\"\" width=\"151\" height=\"120\" srcset=\"https:\/\/www.radiopiu.net\/wordpress\/wp-content\/uploads\/2022\/12\/CORO-MINIMO-BELLUNESE-300x239.jpg 300w, https:\/\/www.radiopiu.net\/wordpress\/wp-content\/uploads\/2022\/12\/CORO-MINIMO-BELLUNESE-768x612.jpg 768w, https:\/\/www.radiopiu.net\/wordpress\/wp-content\/uploads\/2022\/12\/CORO-MINIMO-BELLUNESE.jpg 1024w\" sizes=\"auto, (max-width: 151px) 100vw, 151px\" \/><\/a>BELLUNO<\/strong> C\u2019\u00e8 attesa nel mondo corale locale per un evento che vedr\u00e0 protagonista il Coro \u201cMinimo Bellunese\u201d in procinto di celebrare i 60 anni di attivit\u00e0 con un anno di posticipo, rispetto alla scadenza naturale del 2021, dovuto alla pandemia. 60+1, pertanto, saranno i numeri dell\u2019evento che si terr\u00e0 domenica con inizio alle 17.30 al Teatro Comunale di Belluno. A coordinare e presentare lo spettacolo sono stati chiamati Dino Bridda e Donatella Boldo, collaudati conoscitori della realt\u00e0 corale, sociale e culturale bellunese.<\/p>\n<p>&nbsp;<\/p>\n<hr \/>\n<p>&nbsp;<\/p>\n<blockquote>\n<h3>IN BASILICA DI SAN MARTINO<\/h3>\n<\/blockquote>\n<p><strong>BELLUNO<\/strong> Mercoled\u00ec\u00a0 alle 19, il Circolo Culturale Bellunese chiude la stagione regalando con\u00a0 l&#8217;esecuzione della Messa in si minore\u00a0 di Johann Sebastian Bach, diretta dal Maestro Andrea Marcon con l&#8217;orchestra Frau Musika accompagnata dal Coro del Friuli Venezia Giulia<\/p>\n<p>&nbsp;<\/p>\n<hr \/>\n<p>&nbsp;<\/p>\n<blockquote>\n<h3>&#8220;CAMPAGNA RECLUTAMENTO VOLONTARI&#8221;\u00a0, PARLANO LE ASSOCIAZIONI<\/h3>\n<\/blockquote>\n<p><strong>RADIO PIU&#8217; DA VOCE ALLE ASSOCIAZIONI &#8220;Diventa ricco in poche ore&#8221;<\/strong><\/p>\n<p><span style=\"color: #ff0000;\">DI DANIELE DALVIT<\/span><\/p>\n<audio class=\"wp-audio-shortcode\" id=\"audio-311636-5\" preload=\"none\" style=\"width: 100%;\" controls=\"controls\"><source type=\"audio\/mpeg\" src=\"https:\/\/www.radiopiu.net\/wordpress\/wp-content\/uploads\/2022\/12\/DALVIT-DIVENTA-RICCO-CSV.mp3?_=5\" \/><a href=\"https:\/\/www.radiopiu.net\/wordpress\/wp-content\/uploads\/2022\/12\/DALVIT-DIVENTA-RICCO-CSV.mp3\">https:\/\/www.radiopiu.net\/wordpress\/wp-content\/uploads\/2022\/12\/DALVIT-DIVENTA-RICCO-CSV.mp3<\/a><\/audio>\n<p>&nbsp;<\/p>\n<p><strong><a class=\"dt-pswp-item\" href=\"https:\/\/www.radiopiu.net\/wordpress\/wp-content\/uploads\/2022\/12\/logo-gav-scaled.jpg\" data-dt-img-description=\"\" data-large_image_width=\"2560\" data-large_image_height=\"1440\"><img loading=\"lazy\" decoding=\"async\" class=\"wp-image-311681 alignleft\" src=\"https:\/\/www.radiopiu.net\/wordpress\/wp-content\/uploads\/2022\/12\/logo-gav-300x169.jpg\" alt=\"\" width=\"204\" height=\"115\" srcset=\"https:\/\/www.radiopiu.net\/wordpress\/wp-content\/uploads\/2022\/12\/logo-gav-300x169.jpg 300w, https:\/\/www.radiopiu.net\/wordpress\/wp-content\/uploads\/2022\/12\/logo-gav-1024x576.jpg 1024w, https:\/\/www.radiopiu.net\/wordpress\/wp-content\/uploads\/2022\/12\/logo-gav-768x432.jpg 768w, https:\/\/www.radiopiu.net\/wordpress\/wp-content\/uploads\/2022\/12\/logo-gav-1536x864.jpg 1536w, https:\/\/www.radiopiu.net\/wordpress\/wp-content\/uploads\/2022\/12\/logo-gav-2048x1152.jpg 2048w\" sizes=\"auto, (max-width: 204px) 100vw, 204px\" \/><\/a><\/strong><strong>DANISA LUCHETTA- GAV E PETTIROSSO AGORDINO<\/strong><\/p>\n<audio class=\"wp-audio-shortcode\" id=\"audio-311636-6\" preload=\"none\" style=\"width: 100%;\" controls=\"controls\"><source type=\"audio\/mpeg\" src=\"https:\/\/www.radiopiu.net\/wordpress\/wp-content\/uploads\/2022\/12\/DANISA.mp3?_=6\" \/><a href=\"https:\/\/www.radiopiu.net\/wordpress\/wp-content\/uploads\/2022\/12\/DANISA.mp3\">https:\/\/www.radiopiu.net\/wordpress\/wp-content\/uploads\/2022\/12\/DANISA.mp3<\/a><\/audio>\n<p>&nbsp;<\/p>\n<p>&nbsp;<\/p>\n<p>&nbsp;<\/p>\n<hr \/>\n<p>&nbsp;<\/p>\n<blockquote>\n<h3>I REPERTI CI PARLANO<\/h3>\n<\/blockquote>\n<p><strong>BORGO VALBELLUNA <\/strong>Al Museo Civico Archeologico di Mel, domenica, dalle ore 14.30 alle 18.00\u00a0 evento gratuito di archeologia imitativa. Un viaggio al museo dalla Preistoria ai Veneti Antichi attraverso dimostrazioni di archeologia imitativa su suoni e strumenti musicali, intreccio e tessitura, lavorazione dell&#8217;ambra e dimostrazioni di cesello e sbalzo dell&#8217;Arte delle Situle con gli archeologi di Tramedistoria I.S. e il restauratore Stefano Buson. Evento <span style=\"color: #000000;\"><span style=\"font-family: Times New Roman, serif;\">adatto ad ogni tipo di pubblico dai bambini agli adulti, \u00e8 gratuito. Info <\/span><\/span><span style=\"color: #000000;\"><span style=\"font-family: Times New Roman, serif;\">\u00a0329.4757082<\/span><\/span><span style=\"font-family: Times New Roman, serif;\">, Museo Civico di Mel <a href=\"mailto:info@museomel.it\">info@museomel.it<\/a><\/span><\/p>\n<p>&nbsp;<\/p>\n<p>&nbsp;<\/p>\n<hr \/>\n<p>&nbsp;<\/p>\n<blockquote>\n<h3>DOPPIO APPUNTAMENTO CON LA PRO LOCO MONTI DEL SOLE<\/h3>\n<\/blockquote>\n<p><strong>SOSPIROLO<\/strong> Domani alle 20.45\u00a0 al Centro civico di Sospirolo appuntamento con la commedia brillante \u201cColpa del Birus o del Modesto?\u201d proposta dall&#8217;Associazione Culturale Ghita per la regia di Mauro Fantinel. Rinviato per maltempo dalla settimana scorsa \u201cBoschi a Natale\u201d (promosso da Unpli e Regione Veneto), si terr\u00e0 domenica alle 10 per visitare le Masiere e Sass Muss.<\/p>\n<p>&nbsp;<\/p>\n<p>&nbsp;<\/p>\n<hr \/>\n<p>&nbsp;<\/p>\n<blockquote>\n<h3>L&#8217;EVENTO FINALE DEL PROGETTO BIO COL ALP<\/h3>\n<\/blockquote>\n<p><strong>SAN TOMASO <\/strong>E&#8217; in programma domani al Centro Orti Rupestri di Celat a San Tomaso l&#8217;evento finale del progetto Bio Col Alp. Alle 9:30 il saluto del sindaco Moreno De Val e l&#8217;intervento del professor Christian Vogl dell&#8217;Universit\u00e0 di Vienna. A seguire le relazioni tecniche del progetto RECUPERO E RILANCIO DELLA BIODIVERSIT\u00c0 NELLE COLTIVAZIONI ALPINE \u2013 UNA GESTIONE SOSTENIBILE NEGLI ORTI E NEI CAMPI DELL\u2019ALTO AGORDINO E DEL COMUNE DI ASSLING (OstTirol), a cura dei relatori Orazio Andrich, Johannes Keintzel, Cesare Andrich. Interludi di filmato redatti da Lorenzo Cassol. Moderatore Giuseppe Pellegrini.<\/p>\n<p>&nbsp;<\/p>\n<p>&nbsp;<\/p>\n<hr \/>\n<p>&nbsp;<\/p>\n<blockquote>\n<h3>LA DECIMA EDIZIONE DI RIVA NADAL A RIVAMONTE<\/h3>\n<\/blockquote>\n<p><strong><a class=\"dt-pswp-item\" href=\"https:\/\/www.radiopiu.net\/wordpress\/wp-content\/uploads\/2021\/12\/RIVA-NADAL.png\" data-dt-img-description=\"\" data-large_image_width=\"620\" data-large_image_height=\"412\"><img loading=\"lazy\" decoding=\"async\" class=\" wp-image-247592 alignleft\" src=\"https:\/\/www.radiopiu.net\/wordpress\/wp-content\/uploads\/2021\/12\/RIVA-NADAL-300x199.png\" alt=\"\" width=\"204\" height=\"135\" srcset=\"https:\/\/www.radiopiu.net\/wordpress\/wp-content\/uploads\/2021\/12\/RIVA-NADAL-300x199.png 300w, https:\/\/www.radiopiu.net\/wordpress\/wp-content\/uploads\/2021\/12\/RIVA-NADAL.png 620w\" sizes=\"auto, (max-width: 204px) 100vw, 204px\" \/><\/a>di Mirko Mezzacasa<\/strong><\/p>\n<p>OSPITE: Giacomo Bressan, Pro Loco Rivamonte<\/p>\n<audio class=\"wp-audio-shortcode\" id=\"audio-311636-7\" preload=\"none\" style=\"width: 100%;\" controls=\"controls\"><source type=\"audio\/mpeg\" src=\"https:\/\/www.radiopiu.net\/wordpress\/wp-content\/uploads\/2022\/12\/RIVA-NADAL-2022-DICEMBRE-1.mp3?_=7\" \/><a href=\"https:\/\/www.radiopiu.net\/wordpress\/wp-content\/uploads\/2022\/12\/RIVA-NADAL-2022-DICEMBRE-1.mp3\">https:\/\/www.radiopiu.net\/wordpress\/wp-content\/uploads\/2022\/12\/RIVA-NADAL-2022-DICEMBRE-1.mp3<\/a><\/audio>\n<p>&nbsp;<\/p>\n<hr \/>\n<p>&nbsp;<\/p>\n<p><a class=\"dt-pswp-item\" href=\"https:\/\/www.radiopiu.net\/wordpress\/wp-content\/uploads\/2022\/12\/Senza-nome-78.jpg\" data-dt-img-description=\"\" data-large_image_width=\"822\" data-large_image_height=\"722\"><img loading=\"lazy\" decoding=\"async\" class=\"size-medium wp-image-311532 aligncenter\" src=\"https:\/\/www.radiopiu.net\/wordpress\/wp-content\/uploads\/2022\/12\/Senza-nome-78-300x264.jpg\" alt=\"\" width=\"300\" height=\"264\" srcset=\"https:\/\/www.radiopiu.net\/wordpress\/wp-content\/uploads\/2022\/12\/Senza-nome-78-300x264.jpg 300w, https:\/\/www.radiopiu.net\/wordpress\/wp-content\/uploads\/2022\/12\/Senza-nome-78-768x675.jpg 768w, https:\/\/www.radiopiu.net\/wordpress\/wp-content\/uploads\/2022\/12\/Senza-nome-78.jpg 822w\" sizes=\"auto, (max-width: 300px) 100vw, 300px\" \/><\/a><\/p>\n<p>&nbsp;<\/p>\n<p>&nbsp;<\/p>\n<hr \/>\n<p>&nbsp;<\/p>\n<p>&nbsp;<\/p>\n<h2>L&#8217;ALBERO DEI BUONI AUSPICI<\/h2>\n<p><a class=\"dt-pswp-item\" href=\"https:\/\/www.radiopiu.net\/wordpress\/wp-content\/uploads\/2022\/12\/lalbero-dei-buoni-auspici-2.jpg\" data-dt-img-description=\"\" data-large_image_width=\"1414\" data-large_image_height=\"2000\"><img loading=\"lazy\" decoding=\"async\" class=\"size-medium wp-image-310043 aligncenter\" src=\"https:\/\/www.radiopiu.net\/wordpress\/wp-content\/uploads\/2022\/12\/lalbero-dei-buoni-auspici-2-212x300.jpg\" alt=\"\" width=\"212\" height=\"300\" srcset=\"https:\/\/www.radiopiu.net\/wordpress\/wp-content\/uploads\/2022\/12\/lalbero-dei-buoni-auspici-2-212x300.jpg 212w, https:\/\/www.radiopiu.net\/wordpress\/wp-content\/uploads\/2022\/12\/lalbero-dei-buoni-auspici-2-724x1024.jpg 724w, https:\/\/www.radiopiu.net\/wordpress\/wp-content\/uploads\/2022\/12\/lalbero-dei-buoni-auspici-2-768x1086.jpg 768w, https:\/\/www.radiopiu.net\/wordpress\/wp-content\/uploads\/2022\/12\/lalbero-dei-buoni-auspici-2-1086x1536.jpg 1086w, https:\/\/www.radiopiu.net\/wordpress\/wp-content\/uploads\/2022\/12\/lalbero-dei-buoni-auspici-2.jpg 1414w\" sizes=\"auto, (max-width: 212px) 100vw, 212px\" \/><\/a><strong>CENCENIGHE<\/strong> Domenica 18 dicembre alle 16 accensione dell&#8217;albero di Natale con i bambini dell&#8217;asilo e della scuola primaria. Decoreranno l&#8217;albero che all&#8217;imbrunire si accender\u00e0 di mille luci.<\/p>\n<p>&nbsp;<\/p>\n<p>&nbsp;<\/p>\n<hr \/>\n<p>&nbsp;<\/p>\n<blockquote>\n<h3>L&#8217;ISTITUTO CATULLO DI BELLUNO APRE LE PORTE AI FUTURI STUDENTI<\/h3>\n<\/blockquote>\n<p><strong>BELLUNO<\/strong> Saranno due le giornate in cui l&#8217;Istituto Catullo di Belluno aprir\u00e0 le porte a genitori e figli per presentare la scuola ai futuri studenti della scuola superiore. Oggi e il 14 gennaio 2023, dalle 15 alle 17:30, si potr\u00e0 visitare la scuola e scoprire in cosa consistono i gli indirizzi che si possono scegliere. Logistica import-export, Turismo accessibile e sostenibile, sanit\u00e0 e assistenza sociale gli indirizzi che saranno presentati nelle due giornate. . Per maggiori informazioni \u00e8 possibile chiamare lo 0437\/941678 o scrivere a blis01200t@istruzione.it<\/p>\n<p>&nbsp;<\/p>\n<p>&nbsp;<\/p>\n<hr \/>\n<p>&nbsp;<\/p>\n<blockquote>\n<h3>SCUOLA APERTA ALLA PRIMARIA DI LA VALLE<\/h3>\n<\/blockquote>\n<p><strong>LA VALLE<\/strong> Domani dalle 14:30 alle 16 la scuola primaria Don G. Mezzacasa sar\u00e0 aperta a genitori e bambini. Gli insegnanti accoglieranno gli interessati per presentare la scuola, visitarla e visualizzare le attivit\u00e0 laboratoriali della scuola.<\/p>\n<p>&nbsp;<\/p>\n<p>&nbsp;<\/p>\n<hr \/>\n<p>&nbsp;<\/p>\n<blockquote>\n<h3>L&#8217;INCONTRO PER COSTITUIRE IL GRUPPO AUSER DI CENCENIGHE<\/h3>\n<\/blockquote>\n<p><strong>CENCENIGHE<\/strong> Si terr\u00e0 oggi alle 17:30 nella sala consigliare del Comune di Cencenighe la riunione per la costituzione del nuovo gruppo Auser di Cencenighe. Saranno presenti il presidente Auser di Canale D&#8217;Agordo, il sindaco di Cencenighe Mauro Soppelsa e gli assistenti di ASCA Servizi Sociali Agordino. La popolazione \u00e8 invitata a partecipare<\/p>\n<p>&nbsp;<\/p>\n<p>&nbsp;<\/p>\n<hr \/>\n<p>&nbsp;<\/p>\n<blockquote>\n<h3><\/h3>\n<h3>\u201cRaccontare l&#8217;emigrazione veneta\u201d. Sabato la premiazione dei vincitori<\/h3>\n<\/blockquote>\n<p><strong><a class=\"dt-pswp-item\" href=\"https:\/\/www.radiopiu.net\/wordpress\/wp-content\/uploads\/2022\/03\/ABM.jpg\" data-dt-img-description=\"\" data-large_image_width=\"400\" data-large_image_height=\"400\"><img loading=\"lazy\" decoding=\"async\" class=\"wp-image-264723 alignleft\" src=\"https:\/\/www.radiopiu.net\/wordpress\/wp-content\/uploads\/2022\/03\/ABM-300x300.jpg\" alt=\"\" width=\"144\" height=\"144\" srcset=\"https:\/\/www.radiopiu.net\/wordpress\/wp-content\/uploads\/2022\/03\/ABM-300x300.jpg 300w, https:\/\/www.radiopiu.net\/wordpress\/wp-content\/uploads\/2022\/03\/ABM-150x150.jpg 150w, https:\/\/www.radiopiu.net\/wordpress\/wp-content\/uploads\/2022\/03\/ABM.jpg 400w\" sizes=\"auto, (max-width: 144px) 100vw, 144px\" \/><\/a>BELLUNO<\/strong> Verr\u00e0 svelato domani\u00a0 il vincitore del primo concorso letterario \u201cRaccontare l&#8217;emigrazione veneta\u201d, l&#8217;iniziativa organizzata dall&#8217;Associazione Bellunesi nel Mondo e dedicata a racconti inediti e originali, reali o di fantasia, in lingua italiana, aventi a tema l\u2019emigrazione dal Veneto, storica e\/o attuale.<br \/>\nSessantasei i partecipanti, provenienti dall\u2019Italia e dall\u2019estero, dieci i finalisti: Antonella Schena (Falcade), Roberta Bassani Federizzi (Marau, Brasile), WalterBasso\u00a0 (Martellago, Venezia), Giuliano Dall\u2019\u00d2\u00a0 (Milano),\u00a0 Daniela Emmi (Belluno); Patricia Lucio (Belluno); Francesco Noventa\u00a0 (Ponte nelle Alpi), Lorenzo Pertoldi (Feltre), Sara Piazza (Alpago), Fabrizio Ruffini (Belluno).<\/p>\n<p>&nbsp;<\/p>\n<p>&nbsp;<\/p>\n<hr \/>\n<p>&nbsp;<\/p>\n<blockquote>\n<h3>LA RIFORMA DELLO SPORT, IL CONVEGNO<\/h3>\n<\/blockquote>\n<p><i>Domani alle\u00a0 10, a cura del Comitato Provinciale C.S.E.N. di Belluno, presso la sala riunioni di Sport e Salute in Via Cipro, 30 Belluno, si terr\u00e0 un seminario dal titolo \u201cLa Riforma dello Sport\u201d. L\u2019iniziativa, a titolo gratuito, rivolta alle associazioni e societ\u00e0 sportive dilettantistiche affiliate e non a CSEN. Relatore Dott. Giuliano Zocca Presidente del Comitato C.S.E.N. di Belluno.\u00a0 Informazioni tel. o whatsapp 389\/5079423.<\/i><\/p>\n<p>&nbsp;<\/p>\n<p>&nbsp;<\/p>\n<hr \/>\n<p>&nbsp;<\/p>\n<blockquote>\n<h3><a class=\"dt-pswp-item\" href=\"https:\/\/www.radiopiu.net\/wordpress\/wp-content\/uploads\/2020\/04\/cai-agordo.jpg\" data-dt-img-description=\"\" data-large_image_width=\"297\" data-large_image_height=\"170\"><img loading=\"lazy\" decoding=\"async\" class=\" wp-image-127841 alignleft\" src=\"https:\/\/www.radiopiu.net\/wordpress\/wp-content\/uploads\/2020\/04\/cai-agordo.jpg\" alt=\"\" width=\"163\" height=\"93\" \/><\/a>IL CAI DI AGORDO INCONTRA I SOCI IN OCCASIONE DEL NATALE<\/h3>\n<\/blockquote>\n<p><strong>AGORDO<\/strong> La Sezione Agordina del CAI, come ogni anno, vuole ringraziare quanti, in qualsiasi forma, hanno aiutato il Sodalizio portando il proprio contributo e collaborazione nel corso del 2022. Appuntamento alla Pizzeria Agordina oggi alle 18 per il consueto incontro conviviale e lo scambio degli Auguri per le imminenti Festivit\u00e0\u00a0 Natalizie.<\/p>\n<p>&nbsp;<\/p>\n<p>&nbsp;<\/p>\n<hr \/>\n<p>&nbsp;<\/p>\n<blockquote>\n<h3>LETTURE DI NATALE PER BAMBINI<\/h3>\n<\/blockquote>\n<p><strong>LIMANA<\/strong> La biblioteca di Limana organizza per luned\u00ec un pomeriggio di letture di Natale per bambini. L&#8217;appuntamento \u00e8 alle 16:45 per i bambini dai 24 ai 36 mesi e alle 17:45 per il pubblico dai 3 ai 5 anni. Le letture saranno a cura di Federica De Col. Obbligo di prenotazione a cultura@comune.limana.bl.it<\/p>\n<p>&nbsp;<\/p>\n<p>&nbsp;<\/p>\n<hr \/>\n<p>&nbsp;<\/p>\n<blockquote>\n<h3>CORSI DI INGLESE E di PROJECT MANAGEMENT CON IL COMITATO D\u2019INTESA<\/h3>\n<\/blockquote>\n<p><strong>BELLUNO<\/strong> Due nuovi corsi di formazione, completamente gratuiti, aperti alla partecipazione di volontari lavoratori residenti in provincia di Belluno, grazie al Comitato d\u2019Intesa, partner del progetto \u201cAge Management: ibridazione e trasmissione delle competenze\u201d.\u00a0 Gli appuntamenti, della durata di 16 ore ciascuno, si terranno nei mesi di gennaio e febbraio presso la sede del Comitato d\u2019Intesa. Possono partecipare lavoratori impiegati part time o full time presso datori di lavoro di imprese private, ma anche titolari d\u2019impresa, coadiuvanti, liberi professionisti e lavoratori autonomi,\u00a0\u00e8 necessario inviare la propria manifestazione di interesse a europa@comitatodintesa.it.<\/p>\n<p>&nbsp;<\/p>\n<hr \/>\n<p>&nbsp;<\/p>\n<blockquote>\n<h3>LA MOSTRA ITALIA INTARSIATA<\/h3>\n<\/blockquote>\n<p><strong>FELTRE<\/strong> Domani alle 14:45 alla Coopertiva Sociale Arcobaleno &#8217;86 di Vellai di Feltre si inaugura, nel 25\u00b0del Museo dei Sogni, Memoria, Coscienza e Presepi, la mostra tematica con l\u2019esposizione dell&#8217; Italia Intarsiata con legni provenienti da tutte le regioni italiane che raccontano storie di bene, memoria, dolore, bello e vita; e della Candela della Provincia di Belluno, nata dai legni e dall\u2019amore alla propria terra, provenienti da tutti i 61 territori comunali. Presenzier\u00e0 il vescovo della diocesi di Belluno-Feltre mons. Renato Marangoni.<\/p>\n<p>&nbsp;<\/p>\n<p>&nbsp;<\/p>\n<hr \/>\n<p>&nbsp;<\/p>\n<blockquote>\n<h3>NEL SEMINARIO GREGORIANO DI BELLUNO DOMANI, SABATO 17 IL CONCERTO NATALIZIO \u201cPADRE MIO QUI IN TERRA E IN CIELO<\/h3>\n<\/blockquote>\n<p><strong>DI RENATO BONA<\/strong><\/p>\n<p>&nbsp;<\/p>\n<p><a class=\"dt-pswp-item\" href=\"https:\/\/www.radiopiu.net\/wordpress\/wp-content\/uploads\/2022\/12\/316539996_694093112364666_7756950287444398747_n.jpg\" data-dt-img-description=\"\" data-large_image_width=\"225\" data-large_image_height=\"225\"><img loading=\"lazy\" decoding=\"async\" class=\" wp-image-311710 alignleft\" src=\"https:\/\/www.radiopiu.net\/wordpress\/wp-content\/uploads\/2022\/12\/316539996_694093112364666_7756950287444398747_n.jpg\" alt=\"\" width=\"153\" height=\"153\" srcset=\"https:\/\/www.radiopiu.net\/wordpress\/wp-content\/uploads\/2022\/12\/316539996_694093112364666_7756950287444398747_n.jpg 225w, https:\/\/www.radiopiu.net\/wordpress\/wp-content\/uploads\/2022\/12\/316539996_694093112364666_7756950287444398747_n-150x150.jpg 150w\" sizes=\"auto, (max-width: 153px) 100vw, 153px\" \/><\/a>\u201d Concerto natalizio \u201cPadre mio, qui in terra e in cielo\u201d nell&#8217;aula magna del Seminario Gregoriano di Belluno. Il prestigioso appuntamento musicale (nel ricordo del Patrono San Martino, patrocinato anche dal Polo di Belluno dell\u2019Istituto superiore di scienze religiose \u201cGiovanni Paolo I\u201d) \u00e8 in programma per domani, sabato 17 dicembre, inizio alle 18 (ingresso libero, dal civico 19 della via San Pietro) nell\u2019ambito della rassegna \u201cAl tramonto nel chiostro gotico\u201d, fortemente voluta dal rettore del Seminario Gregoriano, monsignor Giorgio Lise. Il cartellone prevede che Antonio Chiades proponga alcuni brani poetici, dedicati al tema della paternit\u00e0 e &#8211; come scrive Maria Giacin nel sito della Diocesi <a class=\"dt-pswp-item\" href=\"https:\/\/www.radiopiu.net\/wordpress\/wp-content\/uploads\/2022\/12\/318224329_675065030743867_8836304480291074954_n.jpg\" data-dt-img-description=\"\" data-large_image_width=\"225\" data-large_image_height=\"225\"><img loading=\"lazy\" decoding=\"async\" class=\" wp-image-311711 alignright\" src=\"https:\/\/www.radiopiu.net\/wordpress\/wp-content\/uploads\/2022\/12\/318224329_675065030743867_8836304480291074954_n.jpg\" alt=\"\" width=\"135\" height=\"135\" srcset=\"https:\/\/www.radiopiu.net\/wordpress\/wp-content\/uploads\/2022\/12\/318224329_675065030743867_8836304480291074954_n.jpg 225w, https:\/\/www.radiopiu.net\/wordpress\/wp-content\/uploads\/2022\/12\/318224329_675065030743867_8836304480291074954_n-150x150.jpg 150w\" sizes=\"auto, (max-width: 135px) 100vw, 135px\" \/><\/a>di Belluno-Feltre \u201cchiesabellunofeltre\u201d &#8211; tratti anche dalla letteratura classica e sacra\u201d. Chiades sar\u00e0 accompagnato dal pianista e compositore Calo De Battista. Il concerto &#8211; scrive ancora la Giacin \u2013 viene a chiudere per questo 2022 la rassegna poetico-musicale che nelle intenzioni di Lise intendeva \u201coffrire alla cittadinanza uno spazio appartato e un tempo di pacata distensione spirituale dedicato alla poesia, alla musica e al raccoglimento interiore\u201d ed ha rappresentato un appuntamento atteso e apprezzato dai bellunesi (e non solo viste le partecipazioni di gente del Cadore e del Feltrino) intervenuti negli spazi gotico-rinascimentali del prestigioso istituto diocesano. Va <a class=\"dt-pswp-item\" href=\"https:\/\/www.radiopiu.net\/wordpress\/wp-content\/uploads\/2022\/12\/283246401_1064460551133774_2647126293836175590_n.jpg\" data-dt-img-description=\"\" data-large_image_width=\"644\" data-large_image_height=\"463\"><img loading=\"lazy\" decoding=\"async\" class=\"wp-image-311708 alignleft\" src=\"https:\/\/www.radiopiu.net\/wordpress\/wp-content\/uploads\/2022\/12\/283246401_1064460551133774_2647126293836175590_n-300x216.jpg\" alt=\"\" width=\"178\" height=\"128\" srcset=\"https:\/\/www.radiopiu.net\/wordpress\/wp-content\/uploads\/2022\/12\/283246401_1064460551133774_2647126293836175590_n-300x216.jpg 300w, https:\/\/www.radiopiu.net\/wordpress\/wp-content\/uploads\/2022\/12\/283246401_1064460551133774_2647126293836175590_n.jpg 644w\" sizes=\"auto, (max-width: 178px) 100vw, 178px\" \/><\/a>anche detto che, in particolare gli incontri di settembre-ottobre, sono stati dedicati alla beatificazione di Albino Luciani, il \u201cPapa bellunese del sorriso\u201d e al ricordo della catastrofe del Vajont del 9 ottobre 1963. In occasione di note e versi \u201cAl tramonto nel chiostro gotico\u201d dello scorso 28 maggio monsignor Giorgio Lise aveva motivato il suo desiderio di aprire le porte del Seminario \u201cper offrire alla cittadinanza un momento di spiritualit\u00e0, per allentare almeno un poco e per un po\u2019 di tempo quella pesante tensione che opprime le nostre anime in questo momento storico cos\u00ec difficile, annichilite da tanta violenza, perse in una solitudine che disancora da se stessi e dagli altri\u201d. Felice l\u2019intuizione di coinvolgere nell\u2019iniziativa lo scrittore trevigiano Antonio Chiades ed il pianista bellunese Carlo De Battista \u201cper creare momenti di leggerezza e di bellezza artistica in un contesto appartato, raccolto e intriso di storia antica qual \u00e8 il <a class=\"dt-pswp-item\" href=\"https:\/\/www.radiopiu.net\/wordpress\/wp-content\/uploads\/2022\/12\/282683110_5082837518472408_3624478442772371396_n.jpg\" data-dt-img-description=\"\" data-large_image_width=\"800\" data-large_image_height=\"585\"><img loading=\"lazy\" decoding=\"async\" class=\"size-medium wp-image-311709 alignright\" src=\"https:\/\/www.radiopiu.net\/wordpress\/wp-content\/uploads\/2022\/12\/282683110_5082837518472408_3624478442772371396_n-300x219.jpg\" alt=\"\" width=\"300\" height=\"219\" srcset=\"https:\/\/www.radiopiu.net\/wordpress\/wp-content\/uploads\/2022\/12\/282683110_5082837518472408_3624478442772371396_n-300x219.jpg 300w, https:\/\/www.radiopiu.net\/wordpress\/wp-content\/uploads\/2022\/12\/282683110_5082837518472408_3624478442772371396_n-768x562.jpg 768w, https:\/\/www.radiopiu.net\/wordpress\/wp-content\/uploads\/2022\/12\/282683110_5082837518472408_3624478442772371396_n.jpg 800w\" sizes=\"auto, (max-width: 300px) 100vw, 300px\" \/><\/a>chiostro gotico del secolo XV, affiancato a quello rinascimentale del secolo XVI, dove il nitore delle linee architettoniche e la sobria eleganza del luogo sacro sono esaltati\u2026 e fanno avvertire un senso di serenit\u00e0, di ordine, silenzio e stupore che consente di ricostruire interiormente la speranza che l\u2019uomo possa ritrovare se stesso in armonia con l\u2019intero creato\u201d. NELLE FOTO (sito chiesabellunofeltre; Spotify; Edizioni Leggimi): il chiostro gotico del seminario Gregoriano di Belluno; il rettore monsignor Giorgio Lise (a destra); i protagonisti dell\u2019appuntamento di sabato 17 (e non solo): Antonio Chiades, scrittore trevigiano, e Carlo De Battista, pianista bellunese (sopra).<\/p>\n<p>&nbsp;<\/p>\n<p>&nbsp;<\/p>\n<hr \/>\n<p>&nbsp;<\/p>\n<div>\n<div class=\"b654a4as d2edcug0\">\n<div class=\"rq0escxv hkbzh7o3 jwdofwj8 n8tt0mok r8blr3vg hyh9befq\">\n<p><a class=\"dt-pswp-item\" href=\"https:\/\/www.radiopiu.net\/wordpress\/wp-content\/uploads\/2020\/10\/pp.jpg\" data-dt-img-description=\"\" data-large_image_width=\"640\" data-large_image_height=\"640\"><img loading=\"lazy\" decoding=\"async\" class=\"wp-image-163678 alignleft\" src=\"https:\/\/www.radiopiu.net\/wordpress\/wp-content\/uploads\/2020\/10\/pp-300x300.jpg\" alt=\"\" width=\"106\" height=\"106\" srcset=\"https:\/\/www.radiopiu.net\/wordpress\/wp-content\/uploads\/2020\/10\/pp-300x300.jpg 300w, https:\/\/www.radiopiu.net\/wordpress\/wp-content\/uploads\/2020\/10\/pp-150x150.jpg 150w, https:\/\/www.radiopiu.net\/wordpress\/wp-content\/uploads\/2020\/10\/pp-125x125.jpg 125w, https:\/\/www.radiopiu.net\/wordpress\/wp-content\/uploads\/2020\/10\/pp-200x200.jpg 200w, https:\/\/www.radiopiu.net\/wordpress\/wp-content\/uploads\/2020\/10\/pp-80x80.jpg 80w, https:\/\/www.radiopiu.net\/wordpress\/wp-content\/uploads\/2020\/10\/pp-480x480.jpg 480w, https:\/\/www.radiopiu.net\/wordpress\/wp-content\/uploads\/2020\/10\/pp.jpg 640w\" sizes=\"auto, (max-width: 106px) 100vw, 106px\" \/><\/a><\/p>\n<\/div>\n<\/div>\n<\/div>\n<div>\n<div class=\"page-title-head hgroup\">\n<div class=\"page-title-head hgroup\">\n<div class=\"b654a4as d2edcug0\">\n<div class=\"j83agx80 btwxx1t3 lhclo0ds hop8lmos nkwizq5d scwd0bx6 roh60bw9\">\n<div class=\"rq0escxv hkbzh7o3 jwdofwj8 n8tt0mok r8blr3vg hyh9befq\">\n<div class=\"do00u71z l9j0dhe7 k4urcfbm\" style=\"text-align: left;\">\n<h2><span style=\"color: #000080;\">DON CESARE, IL PENSIERO DEL GIORNO. ALLA RADIO ALLE 7 DEL MATTINO E ALLE 19.30 DELLA SERA\u00a0<\/span><\/h2>\n<p>&nbsp;<\/p>\n<p>&nbsp;<\/p>\n<p>&nbsp;<\/p>\n<hr \/>\n<p>&nbsp;<\/p>\n<blockquote>\n<h3>SPECIALE SPI CGIL &#8211; PUNTATA DEL 15 DICEMBRE 2022<\/h3>\n<p>&nbsp;<\/p><\/blockquote>\n<blockquote>\n<h3><a style=\"font-size: 14px; font-weight: normal;\" href=\"https:\/\/www.radiopiu.net\/wordpress\/giornale-radiopiu-06-febbraio-2019-direttore-mirko-mezzacasa\/logo_spi-cgil-800x445\/\" rel=\"attachment wp-att-75538\"><img loading=\"lazy\" decoding=\"async\" class=\"wp-image-75538 alignleft\" src=\"https:\/\/www.radiopiu.net\/wordpress\/wp-content\/uploads\/2019\/02\/Logo_Spi-CGIL-800x445-300x167.jpg\" alt=\"\" width=\"210\" height=\"117\" srcset=\"https:\/\/www.radiopiu.net\/wordpress\/wp-content\/uploads\/2019\/02\/Logo_Spi-CGIL-800x445-300x167.jpg 300w, https:\/\/www.radiopiu.net\/wordpress\/wp-content\/uploads\/2019\/02\/Logo_Spi-CGIL-800x445-768x427.jpg 768w, https:\/\/www.radiopiu.net\/wordpress\/wp-content\/uploads\/2019\/02\/Logo_Spi-CGIL-800x445.jpg 800w\" sizes=\"auto, (max-width: 210px) 100vw, 210px\" \/><\/a><\/h3>\n<\/blockquote>\n<blockquote>\n<h3>ALLA RADIO, APPUNTAMENTO QUINDICINALE CON SPI-CGIL BELLUNO, IN STUDIO MARIA RITA GENTILIN<\/h3>\n<\/blockquote>\n<p><strong>di Mirko Mezzacasa<\/strong><\/p>\n<p><span style=\"color: #ff0000;\"><strong>PUNTATA DEL 15 dicembre 2022<\/strong><\/span><\/p>\n<audio class=\"wp-audio-shortcode\" id=\"audio-311636-8\" preload=\"none\" style=\"width: 100%;\" controls=\"controls\"><source type=\"audio\/mpeg\" src=\"https:\/\/www.radiopiu.net\/wordpress\/wp-content\/uploads\/2021\/06\/SPI-CGIL-DICEMBRE-2022-GIOVEDI.mp3?_=8\" \/><a href=\"https:\/\/www.radiopiu.net\/wordpress\/wp-content\/uploads\/2021\/06\/SPI-CGIL-DICEMBRE-2022-GIOVEDI.mp3\">https:\/\/www.radiopiu.net\/wordpress\/wp-content\/uploads\/2021\/06\/SPI-CGIL-DICEMBRE-2022-GIOVEDI.mp3<\/a><\/audio>\n<p><span style=\"color: #ff0000;\"><strong>\u00a0\u00a0<\/strong><\/span><\/p>\n<p>&nbsp;<\/p>\n<p>&nbsp;<\/p>\n<hr \/>\n<p>&nbsp;<\/p>\n<h2><span style=\"color: #ff00ff;\">IN VIVO VERSO<\/span><\/h2>\n<blockquote>\n<h3>A UN&#8217;AMICA di RENATO MOSENA<\/h3>\n<\/blockquote>\n<p><strong>AUDIO<\/strong><\/p>\n<audio class=\"wp-audio-shortcode\" id=\"audio-311636-9\" preload=\"none\" style=\"width: 100%;\" controls=\"controls\"><source type=\"audio\/mpeg\" src=\"https:\/\/www.radiopiu.net\/wordpress\/wp-content\/uploads\/2022\/12\/04-RENATO-MOSENA-_-A-UNAMICA.mp3?_=9\" \/><a href=\"https:\/\/www.radiopiu.net\/wordpress\/wp-content\/uploads\/2022\/12\/04-RENATO-MOSENA-_-A-UNAMICA.mp3\">https:\/\/www.radiopiu.net\/wordpress\/wp-content\/uploads\/2022\/12\/04-RENATO-MOSENA-_-A-UNAMICA.mp3<\/a><\/audio>\n<p>&nbsp;<\/p>\n<p>&nbsp;<\/p>\n<p><a class=\"dt-pswp-item\" href=\"https:\/\/www.radiopiu.net\/wordpress\/wp-content\/uploads\/2022\/12\/4-RENATO-MOSENA-A-UNAMICA-.jpg\" data-dt-img-description=\"\" data-large_image_width=\"625\" data-large_image_height=\"1024\"><img loading=\"lazy\" decoding=\"async\" class=\"size-medium wp-image-311674 alignleft\" src=\"https:\/\/www.radiopiu.net\/wordpress\/wp-content\/uploads\/2022\/12\/4-RENATO-MOSENA-A-UNAMICA--183x300.jpg\" alt=\"\" width=\"183\" height=\"300\" srcset=\"https:\/\/www.radiopiu.net\/wordpress\/wp-content\/uploads\/2022\/12\/4-RENATO-MOSENA-A-UNAMICA--183x300.jpg 183w, https:\/\/www.radiopiu.net\/wordpress\/wp-content\/uploads\/2022\/12\/4-RENATO-MOSENA-A-UNAMICA-.jpg 625w\" sizes=\"auto, (max-width: 183px) 100vw, 183px\" \/><\/a>Renato Mosena<br \/>\nA UN&#8217;AMICA<\/p>\n<p>Traspare , dal profondo del tuo sorriso mesto,<br \/>\nlo sguardo di un pensiero che annebbia gli occhi<br \/>\n&#8230;seriet\u00e0 silente in grembo , di battaglie stanche sospese in<br \/>\nvolo da lontane mete, di aghi ,<br \/>\ncome a trafigger l&#8217;infinito,<br \/>\no a rinforzar i crepiti del cuore..<br \/>\nconflitti di battaglie in volto, e<br \/>\ndi innocenti affondi a colpi di rosa&#8230;<br \/>\n.. sperduta in quel presente guardo,<br \/>\nche l&#8217;attimo incupisce<br \/>\nma che niente alla bellezza toglie<br \/>\n\u2026<br \/>\ns&#8217;appresta il fulgor del tempo suo,<br \/>\na ridonar giustizia dolce ..<br \/>\ne a cotal sorriso vita.<\/p>\n<p>&nbsp;<\/p>\n<p><strong>LA RACCOLTA COMPLETA<\/strong><\/p>\n<blockquote class=\"wp-embedded-content\" data-secret=\"ORqtcmUmNH\"><p><a href=\"https:\/\/www.radiopiu.net\/wordpress\/in-vivo-verso\/\">In Vivo Verso<\/a><\/p><\/blockquote>\n<p><iframe loading=\"lazy\" class=\"wp-embedded-content\" sandbox=\"allow-scripts\" security=\"restricted\" style=\"position: absolute; clip: rect(1px, 1px, 1px, 1px);\" title=\"&#8220;In Vivo Verso&#8221; &#8212; Radio Pi\u00f9\" src=\"https:\/\/www.radiopiu.net\/wordpress\/in-vivo-verso\/embed\/#?secret=o7lIGWe59r#?secret=ORqtcmUmNH\" data-secret=\"ORqtcmUmNH\" width=\"600\" height=\"338\" frameborder=\"0\" marginwidth=\"0\" marginheight=\"0\" scrolling=\"no\"><\/iframe><\/p>\n<p>&nbsp;<\/p>\n<p>&nbsp;<\/p>\n<hr \/>\n<p>&nbsp;<\/p>\n<h2><span style=\"color: #993300;\">SCUOLA APERTA AL FOLLADOR &#8211; DE ROSSI<\/span><\/h2>\n<blockquote class=\"wp-embedded-content\" data-secret=\"advj6fsUpS\"><p><a href=\"https:\/\/www.radiopiu.net\/wordpress\/scuola-aperta-una-settimana-alla-radio-lofferta-formativa-del-follador-de-rossi\/\">SCUOLA APERTA UNA SETTIMANA ALLA RADIO&#8230;L&#8217;OFFERTA FORMATIVA DEL FOLLADOR-DE ROSSI<\/a><\/p><\/blockquote>\n<p><iframe loading=\"lazy\" class=\"wp-embedded-content\" sandbox=\"allow-scripts\" security=\"restricted\" style=\"position: absolute; clip: rect(1px, 1px, 1px, 1px);\" title=\"&#8220;SCUOLA APERTA UNA SETTIMANA ALLA RADIO&#8230;L&#8217;OFFERTA FORMATIVA DEL FOLLADOR-DE ROSSI&#8221; &#8212; Radio Pi\u00f9\" src=\"https:\/\/www.radiopiu.net\/wordpress\/scuola-aperta-una-settimana-alla-radio-lofferta-formativa-del-follador-de-rossi\/embed\/#?secret=guN3fLuMdk#?secret=advj6fsUpS\" data-secret=\"advj6fsUpS\" width=\"600\" height=\"338\" frameborder=\"0\" marginwidth=\"0\" marginheight=\"0\" scrolling=\"no\"><\/iframe><\/p>\n<p>&nbsp;<\/p>\n<hr \/>\n<p>&nbsp;<\/p>\n<h2><span style=\"color: #339966;\">COLLAGE OPERAZIONE NOSTALGIA<\/span><\/h2>\n<p><strong><a class=\"dt-pswp-item\" href=\"https:\/\/www.radiopiu.net\/wordpress\/wp-content\/uploads\/2022\/12\/Velvet-Underground.jpg\" data-dt-img-description=\"\" data-large_image_width=\"480\" data-large_image_height=\"360\"><img loading=\"lazy\" decoding=\"async\" class=\" wp-image-310960 alignleft\" src=\"https:\/\/www.radiopiu.net\/wordpress\/wp-content\/uploads\/2022\/12\/Velvet-Underground-300x225.jpg\" alt=\"\" width=\"181\" height=\"136\" srcset=\"https:\/\/www.radiopiu.net\/wordpress\/wp-content\/uploads\/2022\/12\/Velvet-Underground-300x225.jpg 300w, https:\/\/www.radiopiu.net\/wordpress\/wp-content\/uploads\/2022\/12\/Velvet-Underground.jpg 480w\" sizes=\"auto, (max-width: 181px) 100vw, 181px\" \/><\/a>di Loris Scussel<\/strong><\/p>\n<p>La settimana di Collage si aprir\u00e0 con una puntata dedicata al Juke Box, marted\u00ec sar\u00e0 la volta di successi internazionali come \u201cI.O.I.O.\u201d dei Bee Gees, mercoled\u00ec ascolteremo alcuni protagonisti della scena rock inglese da David Bowie ai King Krimson, gioved\u00ec brani indimenticabili come\u00a0 \u201cLyne\u2019 Eyes\u201d degli Eagles e \u201cSunday Morning\u201d dei Velvet Underground, venerd\u00ec infine daremo spazio agli artisti di casa nostra da \u201cUn angelo blu\u201d dell\u2019Equipe84 a \u201cJeshael\u201d dei Delirium di Ivano Fossati. Collage va in onda dal luned\u00ec al venerd\u00ec alle 16,00 e alle 23,00 naturalmente su Radio Pi\u00f9.<\/p>\n<p><strong>LA PUNTATA DEL LUNEDI, 681<\/strong><\/p>\n<audio class=\"wp-audio-shortcode\" id=\"audio-311636-10\" preload=\"none\" style=\"width: 100%;\" controls=\"controls\"><source type=\"audio\/mpeg\" src=\"https:\/\/www.radiopiu.net\/wordpress\/wp-content\/uploads\/2022\/12\/Collage-681.mp3?_=10\" \/><a href=\"https:\/\/www.radiopiu.net\/wordpress\/wp-content\/uploads\/2022\/12\/Collage-681.mp3\">https:\/\/www.radiopiu.net\/wordpress\/wp-content\/uploads\/2022\/12\/Collage-681.mp3<\/a><\/audio>\n<p><strong>LA PUNTATA DEL MARTEDI, 682<\/strong><\/p>\n<audio class=\"wp-audio-shortcode\" id=\"audio-311636-11\" preload=\"none\" style=\"width: 100%;\" controls=\"controls\"><source type=\"audio\/mpeg\" src=\"https:\/\/www.radiopiu.net\/wordpress\/wp-content\/uploads\/2022\/12\/Collage-682.mp3?_=11\" \/><a href=\"https:\/\/www.radiopiu.net\/wordpress\/wp-content\/uploads\/2022\/12\/Collage-682.mp3\">https:\/\/www.radiopiu.net\/wordpress\/wp-content\/uploads\/2022\/12\/Collage-682.mp3<\/a><\/audio>\n<p><strong>LA PUNTATA DEL MERCOLEDI, 683<\/strong><\/p>\n<audio class=\"wp-audio-shortcode\" id=\"audio-311636-12\" preload=\"none\" style=\"width: 100%;\" controls=\"controls\"><source type=\"audio\/mpeg\" src=\"https:\/\/www.radiopiu.net\/wordpress\/wp-content\/uploads\/2022\/12\/Collage-683.mp3?_=12\" \/><a href=\"https:\/\/www.radiopiu.net\/wordpress\/wp-content\/uploads\/2022\/12\/Collage-683.mp3\">https:\/\/www.radiopiu.net\/wordpress\/wp-content\/uploads\/2022\/12\/Collage-683.mp3<\/a><\/audio>\n<p><strong>LA PUNTATA DEL GIOVEDI, 684<\/strong><\/p>\n<audio class=\"wp-audio-shortcode\" id=\"audio-311636-13\" preload=\"none\" style=\"width: 100%;\" controls=\"controls\"><source type=\"audio\/mpeg\" src=\"https:\/\/www.radiopiu.net\/wordpress\/wp-content\/uploads\/2022\/12\/Collage-684.mp3?_=13\" \/><a href=\"https:\/\/www.radiopiu.net\/wordpress\/wp-content\/uploads\/2022\/12\/Collage-684.mp3\">https:\/\/www.radiopiu.net\/wordpress\/wp-content\/uploads\/2022\/12\/Collage-684.mp3<\/a><\/audio>\n<p>&nbsp;<\/p>\n<hr \/>\n<p>&nbsp;<\/p>\n<p><img loading=\"lazy\" decoding=\"async\" class=\"aligncenter wp-image-61954 size-full\" src=\"https:\/\/www.radiopiu.net\/wordpress\/wp-content\/uploads\/2018\/09\/viabilita.jpeg\" sizes=\"auto, (max-width: 800px) 100vw, 800px\" srcset=\"https:\/\/www.radiopiu.net\/wordpress\/wp-content\/uploads\/2018\/09\/viabilita.jpeg 800w, https:\/\/www.radiopiu.net\/wordpress\/wp-content\/uploads\/2018\/09\/viabilita-300x38.jpeg 300w, https:\/\/www.radiopiu.net\/wordpress\/wp-content\/uploads\/2018\/09\/viabilita-768x96.jpeg 768w\" alt=\"\" width=\"800\" height=\"100\" \/><\/p>\n<p>&nbsp;<\/p>\n<p>&nbsp;<\/p>\n<p><strong>AGGIORNAMENTO VENETO STRADE, AGGIORNAMENTO CONTINUO H 24<\/strong><\/p>\n<p>&nbsp;<\/p>\n<blockquote class=\"wp-embedded-content\" data-secret=\"jEgXPMzZLo\"><p><a href=\"https:\/\/www.radiopiu.net\/wordpress\/viabilita\/\">viabilita<\/a><\/p><\/blockquote>\n<p><iframe loading=\"lazy\" class=\"wp-embedded-content\" sandbox=\"allow-scripts\" security=\"restricted\" style=\"position: absolute; clip: rect(1px, 1px, 1px, 1px);\" title=\"&#8220;viabilita&#8221; &#8212; Radio Pi\u00f9\" src=\"https:\/\/www.radiopiu.net\/wordpress\/viabilita\/embed\/#?secret=MYJ2pJUmzT#?secret=jEgXPMzZLo\" data-secret=\"jEgXPMzZLo\" width=\"600\" height=\"338\" frameborder=\"0\" marginwidth=\"0\" marginheight=\"0\" scrolling=\"no\"><\/iframe><\/p>\n<p>&nbsp;<\/p>\n<p>&nbsp;<\/p>\n<hr \/>\n<p>&nbsp;<\/p>\n<p><a class=\"dt-pswp-item\" href=\"https:\/\/www.radiopiu.net\/wordpress\/wp-content\/uploads\/2018\/09\/WhatsApp-Image-2018-09-20-at-16.04.06.jpeg\" data-dt-img-description=\"\" data-large_image_width=\"800\" data-large_image_height=\"100\"><img loading=\"lazy\" decoding=\"async\" class=\"wp-image-61378 size-full aligncenter\" src=\"https:\/\/www.radiopiu.net\/wordpress\/wp-content\/uploads\/2018\/09\/WhatsApp-Image-2018-09-20-at-16.04.06.jpeg\" alt=\"\" width=\"800\" height=\"100\" srcset=\"https:\/\/www.radiopiu.net\/wordpress\/wp-content\/uploads\/2018\/09\/WhatsApp-Image-2018-09-20-at-16.04.06.jpeg 800w, https:\/\/www.radiopiu.net\/wordpress\/wp-content\/uploads\/2018\/09\/WhatsApp-Image-2018-09-20-at-16.04.06-300x38.jpeg 300w, https:\/\/www.radiopiu.net\/wordpress\/wp-content\/uploads\/2018\/09\/WhatsApp-Image-2018-09-20-at-16.04.06-768x96.jpeg 768w\" sizes=\"auto, (max-width: 800px) 100vw, 800px\" \/><\/a><\/p>\n<p>&nbsp;<\/p>\n<p><center><\/center><b>OGGI <\/b>Nottetempo e parte del mattino ancora perturbato con cielo coperto e diffuse precipitazioni. Nel corso della mattinata temporanea variabilit\u00e0 con intervallo senza fenomeni, salvo residui rovesci; le chance di schiarite saranno poche e limitate alle ore centrali. Poi la nuvolosit\u00e0 torner\u00e0 a intensificarsi, in concomitanza con una ripresa di condizioni perturbate su tutta la montagna veneta. <b>Precipitazioni: <\/b>Nottetempo alta probabilit\u00e0 di precipitazioni\u00a0 con neve a 1200-1400 m su Dolomiti e 1600-1700 m su Prealpi, localmente pi\u00f9 bassa nelle nicchie pi\u00f9 fredde.\u00a0 <b>Temperature: <\/b>Minime in aumento nelle valli e in calo in quota<\/p>\n<p><b>DOMANI: <\/b>Nottetempo e al primo mattino lieve maltempo. Al mattino attenuazione della nuvolosit\u00e0. In seguito netto miglioramento con ritorno del cielo sereno sulle Dolomiti, rasserenamenti pi\u00f9 graduali sulle Prealpi per presenza di nubi basse. Contesto assai meno umido rispetto a venerd\u00ec, anche un po&#8217; pi\u00f9 freddo in alta quota. <b>Precipitazioni: <\/b>Nottetempo probabilit\u00e0 alta, con limite neve a 900-1200 m. Tra fine nottata e primo mattino esaurimento dei fenomeni. In seguito probabilit\u00e0 bassa ovunque<\/p>\n<p><strong>DOMENICA\u00a0<\/strong> Sui monti veneti sole, cielo terso, aria limpida e ottima visibilit\u00e0. Temperature in generale contenuto calo, specie le minimre, salvo locali rialzi delle massime nelle valli pi\u00f9 assolate<\/p>\n<p><strong>LUNEDI<\/strong> Tempo stabile e in prevalenza soleggiato, nonostante il temporaneo transito di nubi alte. L&#8217;insidia nebbia mattutina nelle conche prealpine sar\u00e0 molto limitata. Temperature in generale lieve rialzo, salvo stazionariet\u00e0 delle minime in alcune valli. Inversione termica.<\/p>\n<p>&nbsp;<\/p>\n<hr \/>\n<p>&nbsp;<\/p>\n<p>&nbsp;<\/p>\n<p><a class=\"dt-pswp-item\" href=\"https:\/\/www.radiopiu.net\/wordpress\/wp-content\/uploads\/2018\/09\/sport.jpg\" data-dt-img-description=\"\" data-large_image_width=\"800\" data-large_image_height=\"100\"><img loading=\"lazy\" decoding=\"async\" class=\"aligncenter wp-image-60761 size-full\" src=\"https:\/\/www.radiopiu.net\/wordpress\/wp-content\/uploads\/2018\/09\/sport.jpg\" alt=\"\" width=\"800\" height=\"100\" srcset=\"https:\/\/www.radiopiu.net\/wordpress\/wp-content\/uploads\/2018\/09\/sport.jpg 800w, https:\/\/www.radiopiu.net\/wordpress\/wp-content\/uploads\/2018\/09\/sport-300x38.jpg 300w, https:\/\/www.radiopiu.net\/wordpress\/wp-content\/uploads\/2018\/09\/sport-768x96.jpg 768w\" sizes=\"auto, (max-width: 800px) 100vw, 800px\" \/><\/a><\/p>\n<p>&nbsp;<\/p>\n<blockquote>\n<h3>OGGI AD AGORDO, DIRETTA FACEBOOK SUI CANALI DI RADIOPIU<\/h3>\n<\/blockquote>\n<p><a class=\"dt-pswp-item\" href=\"https:\/\/www.radiopiu.net\/wordpress\/wp-content\/uploads\/2022\/12\/Invito-apertura-CMP-Store-Agordo.jpg\" data-dt-img-description=\"\" data-large_image_width=\"1134\" data-large_image_height=\"907\"><img loading=\"lazy\" decoding=\"async\" class=\"size-medium wp-image-311209 aligncenter\" src=\"https:\/\/www.radiopiu.net\/wordpress\/wp-content\/uploads\/2022\/12\/Invito-apertura-CMP-Store-Agordo-300x240.jpg\" alt=\"\" width=\"300\" height=\"240\" srcset=\"https:\/\/www.radiopiu.net\/wordpress\/wp-content\/uploads\/2022\/12\/Invito-apertura-CMP-Store-Agordo-300x240.jpg 300w, https:\/\/www.radiopiu.net\/wordpress\/wp-content\/uploads\/2022\/12\/Invito-apertura-CMP-Store-Agordo-1024x819.jpg 1024w, https:\/\/www.radiopiu.net\/wordpress\/wp-content\/uploads\/2022\/12\/Invito-apertura-CMP-Store-Agordo-768x614.jpg 768w, https:\/\/www.radiopiu.net\/wordpress\/wp-content\/uploads\/2022\/12\/Invito-apertura-CMP-Store-Agordo.jpg 1134w\" sizes=\"auto, (max-width: 300px) 100vw, 300px\" \/><\/a><\/p>\n<p>&nbsp;<\/p>\n<p><span style=\"color: #0000ff;\"><strong>SNOWBOARD<\/strong><\/span><\/p>\n<blockquote>\n<h3>LUCIA DALMASSO SEDICESIMA NELLA PRIMA TAPPA ITALIANA DI COPPA DEL MONDO<\/h3>\n<\/blockquote>\n<p><strong><a href=\"https:\/\/www.radiopiu.net\/wordpress\/wp-content\/uploads\/2021\/12\/dalmasso-luvia-falcade-990x743-1.webp\"><img loading=\"lazy\" decoding=\"async\" class=\" wp-image-247571 alignleft\" src=\"https:\/\/www.radiopiu.net\/wordpress\/wp-content\/uploads\/2021\/12\/dalmasso-luvia-falcade-990x743-1-300x225.webp\" alt=\"\" width=\"137\" height=\"103\" srcset=\"https:\/\/www.radiopiu.net\/wordpress\/wp-content\/uploads\/2021\/12\/dalmasso-luvia-falcade-990x743-1-300x225.webp 300w, https:\/\/www.radiopiu.net\/wordpress\/wp-content\/uploads\/2021\/12\/dalmasso-luvia-falcade-990x743-1-768x576.webp 768w, https:\/\/www.radiopiu.net\/wordpress\/wp-content\/uploads\/2021\/12\/dalmasso-luvia-falcade-990x743-1.webp 990w\" sizes=\"auto, (max-width: 137px) 100vw, 137px\" \/><\/a>di Marco Gaz<\/strong><\/p>\n<p><strong>CAREZZA (BZ) <\/strong>Termina con un sedicesimo posto la prima tappa italiana di Coppa del Mondo di Snowboard per Lucia Dalmasso. La falcadina non \u00e8 riuscita a fare meglio nella tappa altoatesina dove si \u00e8 disputato il gigante. Eliminata negli ottavi di finale, la Dalmasso \u00e8 la seconda migliore italiana della gara. Davanti a lei solo Elisa Caffont in quindicesima posizione. Sabato in programma la seconda delle due tappe italiane di Coppa del Mondo. Le atlete si sposteranno a Cortina. Dalle 14 le qualifiche, alle 18 le finali.<\/p>\n<p>&nbsp;<\/p>\n<blockquote>\n<h3>LE FINALI NEL RICORDO DI THIERRY E DENIS CON L&#8217;UNIONE SPORTIVA LE VILLE<\/h3>\n<\/blockquote>\n<p><strong><a class=\"dt-pswp-item\" href=\"https:\/\/www.radiopiu.net\/wordpress\/wp-content\/uploads\/2022\/11\/torneo-angeli-2022.png\" data-dt-img-description=\"\" data-large_image_width=\"1094\" data-large_image_height=\"596\"><img loading=\"lazy\" decoding=\"async\" class=\" wp-image-305197 alignleft\" src=\"https:\/\/www.radiopiu.net\/wordpress\/wp-content\/uploads\/2022\/11\/torneo-angeli-2022-300x163.png\" alt=\"\" width=\"210\" height=\"114\" srcset=\"https:\/\/www.radiopiu.net\/wordpress\/wp-content\/uploads\/2022\/11\/torneo-angeli-2022-300x163.png 300w, https:\/\/www.radiopiu.net\/wordpress\/wp-content\/uploads\/2022\/11\/torneo-angeli-2022-1024x558.png 1024w, https:\/\/www.radiopiu.net\/wordpress\/wp-content\/uploads\/2022\/11\/torneo-angeli-2022-768x418.png 768w, https:\/\/www.radiopiu.net\/wordpress\/wp-content\/uploads\/2022\/11\/torneo-angeli-2022.png 1094w\" sizes=\"auto, (max-width: 210px) 100vw, 210px\" \/><\/a>di Marco Gaz<\/strong><\/p>\n<p><strong>AGORDO<\/strong>\u00a0 Atto conclusivo del Torneo Degli Angeli al PalaRova di Agordo domenica 18 dicembre con semifinali e finale del Memorial Thierry Brancaleone e Denis Benvegn\u00f9. Semifinali dalle 14:30 e finalissima alle 18. Al termine premiazione a cura di Radio Pi\u00f9 e rinfresco offerto da l&#8217;U.S. Le Ville per scambiare gli auguri di Natale.<\/p>\n<p>&nbsp;<\/p>\n<p><strong>IERI Alla radio Andrea Rumor, Presidente Unione Sportiva Le Ville<\/strong><\/p>\n<p>&nbsp;<\/p>\n<audio class=\"wp-audio-shortcode\" id=\"audio-311636-14\" preload=\"none\" style=\"width: 100%;\" controls=\"controls\"><source type=\"audio\/mpeg\" src=\"https:\/\/www.radiopiu.net\/wordpress\/wp-content\/uploads\/2022\/12\/GR-930.mp3?_=14\" \/><a href=\"https:\/\/www.radiopiu.net\/wordpress\/wp-content\/uploads\/2022\/12\/GR-930.mp3\">https:\/\/www.radiopiu.net\/wordpress\/wp-content\/uploads\/2022\/12\/GR-930.mp3<\/a><\/audio>\n<p>&nbsp;<\/p>\n<p>&nbsp;<\/p>\n<hr \/>\n<p>&nbsp;<\/p>\n<\/div>\n<\/div>\n<\/div>\n<\/div>\n<\/div>\n<\/div>\n<\/div>\n","protected":false},"excerpt":{"rendered":"<p>RADIO PIU INFORMAZIONE il canale su TELEGRAM informazione di prima\u00a0 mano e in tempo reale. iscriviti ed aiutaci a farlo conoscere ISCRIVITI AL NOSTRO CANALE YOUTUBE PER SEGUIRE IN DIRETTA I PRINCIPALI PROGRAMMI DI RADIO PIU&#8217; E LE FUTURE DIRETTE IN ESTERNA. PER ISCRIVERTI CLICCA QUI E PREMI IL TASTO &#8220;Iscriviti&#8221;\u00a0 FADES: LIBERA TUTTI! LA&hellip;<\/p>\n","protected":false},"author":4,"featured_media":311772,"comment_status":"closed","ping_status":"closed","sticky":false,"template":"","format":"standard","meta":{"_monsterinsights_skip_tracking":false,"_monsterinsights_sitenote_active":false,"_monsterinsights_sitenote_note":"","_monsterinsights_sitenote_category":0,"footnotes":""},"categories":[51,86,49],"tags":[],"class_list":["post-311636","post","type-post","status-publish","format-standard","has-post-thumbnail","hentry","category-evidenza-top","category-gr","category-news-18","category-51","category-86","category-49","description-off"],"img_url":"https:\/\/www.radiopiu.net\/wordpress\/wp-content\/uploads\/2022\/12\/VALLE-DI-CADORE-20-14.png","_links":{"self":[{"href":"https:\/\/www.radiopiu.net\/wordpress\/wp-json\/wp\/v2\/posts\/311636","targetHints":{"allow":["GET"]}}],"collection":[{"href":"https:\/\/www.radiopiu.net\/wordpress\/wp-json\/wp\/v2\/posts"}],"about":[{"href":"https:\/\/www.radiopiu.net\/wordpress\/wp-json\/wp\/v2\/types\/post"}],"author":[{"embeddable":true,"href":"https:\/\/www.radiopiu.net\/wordpress\/wp-json\/wp\/v2\/users\/4"}],"replies":[{"embeddable":true,"href":"https:\/\/www.radiopiu.net\/wordpress\/wp-json\/wp\/v2\/comments?post=311636"}],"version-history":[{"count":0,"href":"https:\/\/www.radiopiu.net\/wordpress\/wp-json\/wp\/v2\/posts\/311636\/revisions"}],"wp:featuredmedia":[{"embeddable":true,"href":"https:\/\/www.radiopiu.net\/wordpress\/wp-json\/wp\/v2\/media\/311772"}],"wp:attachment":[{"href":"https:\/\/www.radiopiu.net\/wordpress\/wp-json\/wp\/v2\/media?parent=311636"}],"wp:term":[{"taxonomy":"category","embeddable":true,"href":"https:\/\/www.radiopiu.net\/wordpress\/wp-json\/wp\/v2\/categories?post=311636"},{"taxonomy":"post_tag","embeddable":true,"href":"https:\/\/www.radiopiu.net\/wordpress\/wp-json\/wp\/v2\/tags?post=311636"}],"curies":[{"name":"wp","href":"https:\/\/api.w.org\/{rel}","templated":true}]}}