{"id":311686,"date":"2022-12-16T05:03:34","date_gmt":"2022-12-16T04:03:34","guid":{"rendered":"https:\/\/www.radiopiu.net\/wordpress\/?p=311686"},"modified":"2022-12-16T05:06:54","modified_gmt":"2022-12-16T04:06:54","slug":"gasolio-nella-fognatura-dolo-in-tilt-il-depuratore-di-cencenighe","status":"publish","type":"post","link":"https:\/\/www.radiopiu.net\/wordpress\/gasolio-nella-fognatura-dolo-in-tilt-il-depuratore-di-cencenighe\/","title":{"rendered":"GASOLIO NELLA FOGNATURA. DOLO? IN TILT IL DEPURATORE DI CENCENIGHE"},"content":{"rendered":"<p><strong> <a class=\"dt-pswp-item\" href=\"https:\/\/www.radiopiu.net\/wordpress\/wp-content\/uploads\/2022\/12\/1_il-fango-contaminato-nel-depuratore-di-Morbiach.jpg\" data-dt-img-description=\"\" data-large_image_width=\"1500\" data-large_image_height=\"2000\"><img loading=\"lazy\" decoding=\"async\" class=\"size-medium wp-image-311688 alignleft\" src=\"https:\/\/www.radiopiu.net\/wordpress\/wp-content\/uploads\/2022\/12\/1_il-fango-contaminato-nel-depuratore-di-Morbiach-225x300.jpg\" alt=\"\" width=\"225\" height=\"300\" srcset=\"https:\/\/www.radiopiu.net\/wordpress\/wp-content\/uploads\/2022\/12\/1_il-fango-contaminato-nel-depuratore-di-Morbiach-225x300.jpg 225w, https:\/\/www.radiopiu.net\/wordpress\/wp-content\/uploads\/2022\/12\/1_il-fango-contaminato-nel-depuratore-di-Morbiach-768x1024.jpg 768w, https:\/\/www.radiopiu.net\/wordpress\/wp-content\/uploads\/2022\/12\/1_il-fango-contaminato-nel-depuratore-di-Morbiach-1152x1536.jpg 1152w, https:\/\/www.radiopiu.net\/wordpress\/wp-content\/uploads\/2022\/12\/1_il-fango-contaminato-nel-depuratore-di-Morbiach.jpg 1500w\" sizes=\"auto, (max-width: 225px) 100vw, 225px\" \/><\/a><\/strong><b>CENCENIGHE <\/b>Dolo o guasto accidentale: non sono ancora note le cause dell\u2019ingente sversamento di gasolio avvenuto all\u2019interno della rete fognaria di Cencenighe durante il weekend dell\u2019Immacolata. A farne le spese, purtroppo, il depuratore di Morbiach, impianto che tratta i reflui dell\u2019intero territorio comunale, fuori servizio ormai da giorni e con ogni probabilit\u00e0 ancora per molte altre settimane. Ad accertare il danno, luned\u00ec mattina, i tecnici di Bim Gsp, in sopralluogo alla struttura per le verifiche gestionali di routine. Pronta e tempestiva la segnalazione al dipartimento Arpav di Belluno, che ora, in sinergia con la societ\u00e0, ha avviato le indagini e sta analizzando l\u2019accaduto per capire dove sia avvenuto l\u2019ingresso del combustibile. Una volta accertata la provenienza, anche grazie alla collaborazione di privati e delle istituzioni del territorio, si potranno determinare le responsabilit\u00e0 e adottare le misure del caso. <a class=\"dt-pswp-item\" href=\"https:\/\/www.radiopiu.net\/wordpress\/wp-content\/uploads\/2022\/12\/2_un-articolare-del-fango-contaminato.jpg\" data-dt-img-description=\"\" data-large_image_width=\"1500\" data-large_image_height=\"2000\"><img loading=\"lazy\" decoding=\"async\" class=\"size-medium wp-image-311687 alignright\" src=\"https:\/\/www.radiopiu.net\/wordpress\/wp-content\/uploads\/2022\/12\/2_un-articolare-del-fango-contaminato-225x300.jpg\" alt=\"\" width=\"225\" height=\"300\" srcset=\"https:\/\/www.radiopiu.net\/wordpress\/wp-content\/uploads\/2022\/12\/2_un-articolare-del-fango-contaminato-225x300.jpg 225w, https:\/\/www.radiopiu.net\/wordpress\/wp-content\/uploads\/2022\/12\/2_un-articolare-del-fango-contaminato-768x1024.jpg 768w, https:\/\/www.radiopiu.net\/wordpress\/wp-content\/uploads\/2022\/12\/2_un-articolare-del-fango-contaminato-1152x1536.jpg 1152w, https:\/\/www.radiopiu.net\/wordpress\/wp-content\/uploads\/2022\/12\/2_un-articolare-del-fango-contaminato.jpg 1500w\" sizes=\"auto, (max-width: 225px) 100vw, 225px\" \/><\/a>Oltre 100mila euro la stima preliminare dei costi che Gsp dovr\u00e0 sostenere per asportare e smaltire i fanghi contaminati e per ripristinare la corretta funzionalit\u00e0 del comparto di trattamento biologico dei reflui.<\/p>\n<blockquote><p><em>\u201cQuesto episodio \u2013 spiega Attilio Sommavilla, Presidente di Bim Gsp &#8211; non unico purtroppo nel territorio bellunese, ha procurato un grave danno non solo economico, visti i costi che dovranno essere sostenuti per ripristinare la funzionalit\u00e0 dell\u2019impianto, ma anche ambientale, considerato il blocco temporaneo del processo depurativo. Situazione analoga si \u00e8 verificata, ahim\u00e8, anche al depuratore di Pieve di Cadore poco meno di due mesi fa. Per riattivarlo, \u00e8 stata necessaria una spesa di oltre 200mila euro e un mese di lavoro, e le indagini, ancora in corso, oggi sono a buon punto: abbiamo, comunque, presentato denuncia contro ignoti. In ogni caso,\u00a0 che sia dolo o guasto involontario, poco importa, sono atti di incivilt\u00e0 verso la collettivit\u00e0, l\u2019ambiente e la salute dei cittadini, continueremo a perseguirli con severit\u00e0 e rigore&#8221;.\u00a0<\/em><\/p><\/blockquote>\n<p>&nbsp;<\/p>\n<p>&nbsp;<\/p>\n<p>&nbsp;<\/p>\n<hr \/>\n<p>&nbsp;<\/p>\n","protected":false},"excerpt":{"rendered":"<p>CENCENIGHE Dolo o guasto accidentale: non sono ancora note le cause dell\u2019ingente sversamento di gasolio avvenuto all\u2019interno della rete fognaria di Cencenighe durante il weekend dell\u2019Immacolata. A farne le spese, purtroppo, il depuratore di Morbiach, impianto che tratta i reflui dell\u2019intero territorio comunale, fuori servizio ormai da giorni e con ogni probabilit\u00e0 ancora per molte&hellip;<\/p>\n","protected":false},"author":4,"featured_media":311688,"comment_status":"closed","ping_status":"closed","sticky":false,"template":"","format":"standard","meta":{"_monsterinsights_skip_tracking":false,"_monsterinsights_sitenote_active":false,"_monsterinsights_sitenote_note":"","_monsterinsights_sitenote_category":0,"footnotes":""},"categories":[51,49],"tags":[],"class_list":["post-311686","post","type-post","status-publish","format-standard","has-post-thumbnail","hentry","category-evidenza-top","category-news-18","category-51","category-49","description-off"],"img_url":"https:\/\/www.radiopiu.net\/wordpress\/wp-content\/uploads\/2022\/12\/1_il-fango-contaminato-nel-depuratore-di-Morbiach.jpg","_links":{"self":[{"href":"https:\/\/www.radiopiu.net\/wordpress\/wp-json\/wp\/v2\/posts\/311686","targetHints":{"allow":["GET"]}}],"collection":[{"href":"https:\/\/www.radiopiu.net\/wordpress\/wp-json\/wp\/v2\/posts"}],"about":[{"href":"https:\/\/www.radiopiu.net\/wordpress\/wp-json\/wp\/v2\/types\/post"}],"author":[{"embeddable":true,"href":"https:\/\/www.radiopiu.net\/wordpress\/wp-json\/wp\/v2\/users\/4"}],"replies":[{"embeddable":true,"href":"https:\/\/www.radiopiu.net\/wordpress\/wp-json\/wp\/v2\/comments?post=311686"}],"version-history":[{"count":0,"href":"https:\/\/www.radiopiu.net\/wordpress\/wp-json\/wp\/v2\/posts\/311686\/revisions"}],"wp:featuredmedia":[{"embeddable":true,"href":"https:\/\/www.radiopiu.net\/wordpress\/wp-json\/wp\/v2\/media\/311688"}],"wp:attachment":[{"href":"https:\/\/www.radiopiu.net\/wordpress\/wp-json\/wp\/v2\/media?parent=311686"}],"wp:term":[{"taxonomy":"category","embeddable":true,"href":"https:\/\/www.radiopiu.net\/wordpress\/wp-json\/wp\/v2\/categories?post=311686"},{"taxonomy":"post_tag","embeddable":true,"href":"https:\/\/www.radiopiu.net\/wordpress\/wp-json\/wp\/v2\/tags?post=311686"}],"curies":[{"name":"wp","href":"https:\/\/api.w.org\/{rel}","templated":true}]}}