{"id":311726,"date":"2022-12-15T16:09:28","date_gmt":"2022-12-15T15:09:28","guid":{"rendered":"https:\/\/www.radiopiu.net\/wordpress\/?p=311726"},"modified":"2022-12-16T05:03:50","modified_gmt":"2022-12-16T04:03:50","slug":"la-sicurezza-non-e-un-hobby-e-la-vita-il-nuovo-calendario-della-prevenzione-2023","status":"publish","type":"post","link":"https:\/\/www.radiopiu.net\/wordpress\/la-sicurezza-non-e-un-hobby-e-la-vita-il-nuovo-calendario-della-prevenzione-2023\/","title":{"rendered":"LA SICUREZZA NON \u00c8 UN HOBBY, \u00c8 LA VITA:  IL NUOVO CALENDARIO DELLA PREVENZIONE 2023"},"content":{"rendered":"<p><strong><a class=\"dt-pswp-item\" href=\"https:\/\/www.radiopiu.net\/wordpress\/wp-content\/uploads\/2022\/12\/cacd0897-a150-48d6-b82a-a703c4f0ae1d.jpg\" data-dt-img-description=\"\" data-large_image_width=\"1024\" data-large_image_height=\"657\"><img loading=\"lazy\" decoding=\"async\" class=\" wp-image-311727 alignleft\" src=\"https:\/\/www.radiopiu.net\/wordpress\/wp-content\/uploads\/2022\/12\/cacd0897-a150-48d6-b82a-a703c4f0ae1d-300x192.jpg\" alt=\"\" width=\"180\" height=\"115\" srcset=\"https:\/\/www.radiopiu.net\/wordpress\/wp-content\/uploads\/2022\/12\/cacd0897-a150-48d6-b82a-a703c4f0ae1d-300x192.jpg 300w, https:\/\/www.radiopiu.net\/wordpress\/wp-content\/uploads\/2022\/12\/cacd0897-a150-48d6-b82a-a703c4f0ae1d-768x493.jpg 768w, https:\/\/www.radiopiu.net\/wordpress\/wp-content\/uploads\/2022\/12\/cacd0897-a150-48d6-b82a-a703c4f0ae1d.jpg 1024w\" sizes=\"auto, (max-width: 180px) 100vw, 180px\" \/><\/a>BELLUNO <\/strong>Il Servizio di Prevenzione, Igiene e Sicurezza negli Ambienti di Lavoro dell\u2019Ulss Dolomiti ha realizzato anche quest\u2019anno il calendario per l\u2019anno nuovo ormai alle porte. \u201cLa sicurezza non \u00e8 un hobby, \u00e8 la vita\u201d \u00e8 lo slogan scelto per il nuovo calendario 2023. Il tema, infatti, sar\u00e0 la sicurezza, individuale e collettiva, cos\u00ec come la possiamo vivere in ogni sua sfaccettatura nel nostro quotidiano. L\u2019obiettivo \u00e8 suggerire e aumentare la consapevolezza su cosa pu\u00f2 fare ciascuno ogni giorno negli ambienti di vita, di lavoro e nel tempo libero, con responsabilit\u00e0, al fine di non mettere a repentaglio la salute propria, delle persone vicine e dei soccorritori. Le rappresentazioni grafiche, realizzate dall\u2019ing. Nicola Canal, accompagneranno ogni mese gli spunti di riflessione per parlare di sicurezza in termini di primo soccorso, di utilizzo di dispositivi di protezione individuali, dei rischi da alte temperature, della tutela della gravidanza per le lavoratrici, dei rischi derivanti dall\u2019inquinamento indoor da monossido di carbonio, con l\u2019aggiunta di nuovi temi emergenti riguardanti i rischi nei tatuaggi, il corretto utilizzo del monopattino elettrico, l\u2019uso sicuro della motosega nei lavori di montagna e la sicurezza nell\u2019escursionismo.<\/p>\n<p><strong>IL CALENDARIO 2023<\/strong><\/p>\n<a href=\"https:\/\/www.radiopiu.net\/wordpress\/wp-content\/uploads\/2022\/12\/CALENDARIO-2023_RISOLUZIONE-MINIMA-12.12.22.pdf\" class=\"pdfemb-viewer\" style=\"\" data-width=\"max\" data-height=\"max\" data-toolbar=\"top\" data-toolbar-fixed=\"on\">CALENDARIO 2023_RISOLUZIONE MINIMA 12.12.22<\/a>\n<p>&nbsp;<\/p>\n<p>&nbsp;<\/p>\n<p>******<\/p>\n","protected":false},"excerpt":{"rendered":"<p>BELLUNO Il Servizio di Prevenzione, Igiene e Sicurezza negli Ambienti di Lavoro dell\u2019Ulss Dolomiti ha realizzato anche quest\u2019anno il calendario per l\u2019anno nuovo ormai alle porte. \u201cLa sicurezza non \u00e8 un hobby, \u00e8 la vita\u201d \u00e8 lo slogan scelto per il nuovo calendario 2023. Il tema, infatti, sar\u00e0 la sicurezza, individuale e collettiva, cos\u00ec come&hellip;<\/p>\n","protected":false},"author":4,"featured_media":311727,"comment_status":"closed","ping_status":"closed","sticky":false,"template":"","format":"standard","meta":{"_monsterinsights_skip_tracking":false,"_monsterinsights_sitenote_active":false,"_monsterinsights_sitenote_note":"","_monsterinsights_sitenote_category":0,"footnotes":""},"categories":[51,49],"tags":[],"class_list":["post-311726","post","type-post","status-publish","format-standard","has-post-thumbnail","hentry","category-evidenza-top","category-news-18","category-51","category-49","description-off"],"img_url":"https:\/\/www.radiopiu.net\/wordpress\/wp-content\/uploads\/2022\/12\/cacd0897-a150-48d6-b82a-a703c4f0ae1d.jpg","_links":{"self":[{"href":"https:\/\/www.radiopiu.net\/wordpress\/wp-json\/wp\/v2\/posts\/311726","targetHints":{"allow":["GET"]}}],"collection":[{"href":"https:\/\/www.radiopiu.net\/wordpress\/wp-json\/wp\/v2\/posts"}],"about":[{"href":"https:\/\/www.radiopiu.net\/wordpress\/wp-json\/wp\/v2\/types\/post"}],"author":[{"embeddable":true,"href":"https:\/\/www.radiopiu.net\/wordpress\/wp-json\/wp\/v2\/users\/4"}],"replies":[{"embeddable":true,"href":"https:\/\/www.radiopiu.net\/wordpress\/wp-json\/wp\/v2\/comments?post=311726"}],"version-history":[{"count":0,"href":"https:\/\/www.radiopiu.net\/wordpress\/wp-json\/wp\/v2\/posts\/311726\/revisions"}],"wp:featuredmedia":[{"embeddable":true,"href":"https:\/\/www.radiopiu.net\/wordpress\/wp-json\/wp\/v2\/media\/311727"}],"wp:attachment":[{"href":"https:\/\/www.radiopiu.net\/wordpress\/wp-json\/wp\/v2\/media?parent=311726"}],"wp:term":[{"taxonomy":"category","embeddable":true,"href":"https:\/\/www.radiopiu.net\/wordpress\/wp-json\/wp\/v2\/categories?post=311726"},{"taxonomy":"post_tag","embeddable":true,"href":"https:\/\/www.radiopiu.net\/wordpress\/wp-json\/wp\/v2\/tags?post=311726"}],"curies":[{"name":"wp","href":"https:\/\/api.w.org\/{rel}","templated":true}]}}