{"id":311731,"date":"2022-12-15T04:22:37","date_gmt":"2022-12-15T03:22:37","guid":{"rendered":"https:\/\/www.radiopiu.net\/wordpress\/?p=311731"},"modified":"2022-12-16T05:03:41","modified_gmt":"2022-12-16T04:03:41","slug":"lucia-dalmasso-sedicesima-nella-prima-tappa-italiana-di-coppa-del-mondo","status":"publish","type":"post","link":"https:\/\/www.radiopiu.net\/wordpress\/lucia-dalmasso-sedicesima-nella-prima-tappa-italiana-di-coppa-del-mondo\/","title":{"rendered":"LUCIA DALMASSO SEDICESIMA NELLA PRIMA TAPPA ITALIANA DI COPPA DEL MONDO"},"content":{"rendered":"<p><strong><a href=\"https:\/\/www.radiopiu.net\/wordpress\/wp-content\/uploads\/2021\/12\/dalmasso-luvia-falcade-990x743-1.webp\"><img loading=\"lazy\" decoding=\"async\" class=\" wp-image-247571 alignleft\" src=\"https:\/\/www.radiopiu.net\/wordpress\/wp-content\/uploads\/2021\/12\/dalmasso-luvia-falcade-990x743-1-300x225.webp\" alt=\"\" width=\"137\" height=\"103\" srcset=\"https:\/\/www.radiopiu.net\/wordpress\/wp-content\/uploads\/2021\/12\/dalmasso-luvia-falcade-990x743-1-300x225.webp 300w, https:\/\/www.radiopiu.net\/wordpress\/wp-content\/uploads\/2021\/12\/dalmasso-luvia-falcade-990x743-1-768x576.webp 768w, https:\/\/www.radiopiu.net\/wordpress\/wp-content\/uploads\/2021\/12\/dalmasso-luvia-falcade-990x743-1.webp 990w\" sizes=\"auto, (max-width: 137px) 100vw, 137px\" \/><\/a>di Marco Gaz<\/strong><\/p>\n<p><strong>CAREZZA (BZ) <\/strong>Termina con un sedicesimo posto la prima tappa italiana di Coppa del Mondo di Snowboard per Lucia Dalmasso. La falcadina non \u00e8 riuscita a fare meglio nella tappa altoatesina dove si \u00e8 disputato il gigante. Eliminata negli ottavi di finale, la Dalmasso \u00e8 la seconda migliore italiana della gara. Davanti a lei solo Elisa Caffont in quindicesima posizione. Sabato in programma la seconda delle due tappe italiane di Coppa del Mondo. Le atlete si sposteranno a Cortina. Dalle 14 le qualifiche, alle 18 le finali.<\/p>\n<p>&nbsp;<\/p>\n<p>&nbsp;<\/p>\n<p>&nbsp;<\/p>\n<p>******<\/p>\n","protected":false},"excerpt":{"rendered":"<p>di Marco Gaz CAREZZA (BZ) Termina con un sedicesimo posto la prima tappa italiana di Coppa del Mondo di Snowboard per Lucia Dalmasso. La falcadina non \u00e8 riuscita a fare meglio nella tappa altoatesina dove si \u00e8 disputato il gigante. Eliminata negli ottavi di finale, la Dalmasso \u00e8 la seconda migliore italiana della gara. Davanti&hellip;<\/p>\n","protected":false},"author":4,"featured_media":247571,"comment_status":"closed","ping_status":"closed","sticky":false,"template":"","format":"standard","meta":{"_monsterinsights_skip_tracking":false,"_monsterinsights_sitenote_active":false,"_monsterinsights_sitenote_note":"","_monsterinsights_sitenote_category":0,"footnotes":""},"categories":[104,49],"tags":[],"class_list":["post-311731","post","type-post","status-publish","format-standard","has-post-thumbnail","hentry","category-evidenza_3","category-news-18","category-104","category-49","description-off"],"img_url":"https:\/\/www.radiopiu.net\/wordpress\/wp-content\/uploads\/2021\/12\/dalmasso-luvia-falcade-990x743-1.webp","_links":{"self":[{"href":"https:\/\/www.radiopiu.net\/wordpress\/wp-json\/wp\/v2\/posts\/311731","targetHints":{"allow":["GET"]}}],"collection":[{"href":"https:\/\/www.radiopiu.net\/wordpress\/wp-json\/wp\/v2\/posts"}],"about":[{"href":"https:\/\/www.radiopiu.net\/wordpress\/wp-json\/wp\/v2\/types\/post"}],"author":[{"embeddable":true,"href":"https:\/\/www.radiopiu.net\/wordpress\/wp-json\/wp\/v2\/users\/4"}],"replies":[{"embeddable":true,"href":"https:\/\/www.radiopiu.net\/wordpress\/wp-json\/wp\/v2\/comments?post=311731"}],"version-history":[{"count":0,"href":"https:\/\/www.radiopiu.net\/wordpress\/wp-json\/wp\/v2\/posts\/311731\/revisions"}],"wp:featuredmedia":[{"embeddable":true,"href":"https:\/\/www.radiopiu.net\/wordpress\/wp-json\/wp\/v2\/media\/247571"}],"wp:attachment":[{"href":"https:\/\/www.radiopiu.net\/wordpress\/wp-json\/wp\/v2\/media?parent=311731"}],"wp:term":[{"taxonomy":"category","embeddable":true,"href":"https:\/\/www.radiopiu.net\/wordpress\/wp-json\/wp\/v2\/categories?post=311731"},{"taxonomy":"post_tag","embeddable":true,"href":"https:\/\/www.radiopiu.net\/wordpress\/wp-json\/wp\/v2\/tags?post=311731"}],"curies":[{"name":"wp","href":"https:\/\/api.w.org\/{rel}","templated":true}]}}