{"id":312019,"date":"2022-12-17T21:02:04","date_gmt":"2022-12-17T20:02:04","guid":{"rendered":"https:\/\/www.radiopiu.net\/wordpress\/?p=312019"},"modified":"2022-12-17T21:30:17","modified_gmt":"2022-12-17T20:30:17","slug":"scivolone-di-libero-non-cortina-ma-alleghe-con-i-suoi-panorami","status":"publish","type":"post","link":"https:\/\/www.radiopiu.net\/wordpress\/scivolone-di-libero-non-cortina-ma-alleghe-con-i-suoi-panorami\/","title":{"rendered":"SCIVOLONE DI LIBERO&#8230; NON CORTINA, MA ALLEGHE CON I SUOI PANORAMI"},"content":{"rendered":"<p>Scivolone di Libero &#8230; Alfonso Signorini sulla foto, visto il panorama, non \u00e8\u00a0 a Cortina,\u00a0 bens\u00ec ad Alleghe come ricordavamo alcuni giorni fa con gli scatti dal FontanaBona ai Piani di Pezz\u00e8.<\/p>\n<p><a class=\"dt-pswp-item\" href=\"https:\/\/www.radiopiu.net\/wordpress\/wp-content\/uploads\/2022\/12\/082025877-ce5cfe7f-c753-4a6c-8584-013ff18ec915.jpg\" data-dt-img-description=\"\" data-large_image_width=\"600\" data-large_image_height=\"370\"><img loading=\"lazy\" decoding=\"async\" class=\"alignnone size-medium wp-image-312020\" src=\"https:\/\/www.radiopiu.net\/wordpress\/wp-content\/uploads\/2022\/12\/082025877-ce5cfe7f-c753-4a6c-8584-013ff18ec915-300x185.jpg\" alt=\"\" width=\"300\" height=\"185\" srcset=\"https:\/\/www.radiopiu.net\/wordpress\/wp-content\/uploads\/2022\/12\/082025877-ce5cfe7f-c753-4a6c-8584-013ff18ec915-300x185.jpg 300w, https:\/\/www.radiopiu.net\/wordpress\/wp-content\/uploads\/2022\/12\/082025877-ce5cfe7f-c753-4a6c-8584-013ff18ec915.jpg 600w\" sizes=\"auto, (max-width: 300px) 100vw, 300px\" \/><\/a><\/p>\n<p>da LIBERO:<\/p>\n<p>Perch\u00e9 gli haters non vanno mai in ferie? Perch\u00e9, come direbbe qualcuno, la mamma dei cretini \u00e8 sempre incinta. Proprio cos\u00ec, inutile fare altri giri di parole.\u00a0<strong>Alfonso Signorini<\/strong>, conduttore del\u00a0<strong><em>Grande Fratello Vip<\/em><\/strong>\u00a0e direttore di\u00a0<em>Chi<\/em>, \u00e8 stato bersagliato dagli haters per aver pubblicato una foto in alta quota, a\u00a0<strong>Cortina d&#8217;Ampezzo<\/strong>. Il conduttore si \u00e8 concesso qualche ora di relax. Nulla di pi\u00f9. Tutto normale. Ma una parte del pubblico, minore e molto irrilevante, si \u00e8 scagliata contro di lui con dei commenti assurdi. \u00abRilassati, tanto il prossimo anno il\u00a0<em>Gf\u00a0<\/em>te lo sogni, ti cacciano\u00bb, scrive un utente. Senza prove di quello che dice. E poi: \u00abCon il\u00a0<strong>chachet<\/strong>\u00a0del Gf si diverte\u00bb.<\/p>\n<p>&nbsp;<\/p>\n<p>&nbsp;<\/p>\n<hr \/>\n<p>&nbsp;<\/p>\n","protected":false},"excerpt":{"rendered":"<p>Scivolone di Libero &#8230; Alfonso Signorini sulla foto, visto il panorama, non \u00e8\u00a0 a Cortina,\u00a0 bens\u00ec ad Alleghe come ricordavamo alcuni giorni fa con gli scatti dal FontanaBona ai Piani di Pezz\u00e8. da LIBERO: Perch\u00e9 gli haters non vanno mai in ferie? Perch\u00e9, come direbbe qualcuno, la mamma dei cretini \u00e8 sempre incinta. Proprio cos\u00ec,&hellip;<\/p>\n","protected":false},"author":4,"featured_media":312020,"comment_status":"closed","ping_status":"closed","sticky":false,"template":"","format":"standard","meta":{"_monsterinsights_skip_tracking":false,"_monsterinsights_sitenote_active":false,"_monsterinsights_sitenote_note":"","_monsterinsights_sitenote_category":0,"footnotes":""},"categories":[51,49],"tags":[],"class_list":["post-312019","post","type-post","status-publish","format-standard","has-post-thumbnail","hentry","category-evidenza-top","category-news-18","category-51","category-49","description-off"],"img_url":"https:\/\/www.radiopiu.net\/wordpress\/wp-content\/uploads\/2022\/12\/082025877-ce5cfe7f-c753-4a6c-8584-013ff18ec915.jpg","_links":{"self":[{"href":"https:\/\/www.radiopiu.net\/wordpress\/wp-json\/wp\/v2\/posts\/312019","targetHints":{"allow":["GET"]}}],"collection":[{"href":"https:\/\/www.radiopiu.net\/wordpress\/wp-json\/wp\/v2\/posts"}],"about":[{"href":"https:\/\/www.radiopiu.net\/wordpress\/wp-json\/wp\/v2\/types\/post"}],"author":[{"embeddable":true,"href":"https:\/\/www.radiopiu.net\/wordpress\/wp-json\/wp\/v2\/users\/4"}],"replies":[{"embeddable":true,"href":"https:\/\/www.radiopiu.net\/wordpress\/wp-json\/wp\/v2\/comments?post=312019"}],"version-history":[{"count":0,"href":"https:\/\/www.radiopiu.net\/wordpress\/wp-json\/wp\/v2\/posts\/312019\/revisions"}],"wp:featuredmedia":[{"embeddable":true,"href":"https:\/\/www.radiopiu.net\/wordpress\/wp-json\/wp\/v2\/media\/312020"}],"wp:attachment":[{"href":"https:\/\/www.radiopiu.net\/wordpress\/wp-json\/wp\/v2\/media?parent=312019"}],"wp:term":[{"taxonomy":"category","embeddable":true,"href":"https:\/\/www.radiopiu.net\/wordpress\/wp-json\/wp\/v2\/categories?post=312019"},{"taxonomy":"post_tag","embeddable":true,"href":"https:\/\/www.radiopiu.net\/wordpress\/wp-json\/wp\/v2\/tags?post=312019"}],"curies":[{"name":"wp","href":"https:\/\/api.w.org\/{rel}","templated":true}]}}