{"id":312033,"date":"2022-12-19T05:27:45","date_gmt":"2022-12-19T04:27:45","guid":{"rendered":"https:\/\/www.radiopiu.net\/wordpress\/?p=312033"},"modified":"2022-12-19T08:24:17","modified_gmt":"2022-12-19T07:24:17","slug":"giornale-radiopiu-19-dicembre-2022-direttore-mirko-mezzacasa","status":"publish","type":"post","link":"https:\/\/www.radiopiu.net\/wordpress\/giornale-radiopiu-19-dicembre-2022-direttore-mirko-mezzacasa\/","title":{"rendered":"GIORNALE RADIOPIU 19 DICEMBRE 2022 DIRETTORE MIRKO MEZZACASA"},"content":{"rendered":"<h3 class=\"kvgmc6g5 cxmmr5t8 oygrvhab hcukyx3x c1et5uql\"><span style=\"color: #0000ff;\"><strong>RADIO PIU INFORMAZIONE il canale su TELEGRAM informazione di prima\u00a0 <\/strong><strong>mano e in tempo reale. iscriviti ed aiutaci a farlo conoscere<\/strong><\/span><\/h3>\n<p>&nbsp;<\/p>\n<h2>A CLAUT LA TERRA CONTINUA A TREMARE ultim&#8217;ora, 5.00 del mattino<\/h2>\n<p><strong>PORDENONE<\/strong> Un&#8217; altra scossa di terremoto questa mattina alle 4.41 a Claut al confine con il longaronese. Magnitudo 2.9, profondit\u00e0 10 chilometri. La scossa di terremoto \u00e8 stata registrata dall&#8217;Istituto Ingv di Roma, ma anche dal sismografo di Agordo, il segno sul diagramma \u00e8 evidente.<\/p>\n\n\t\t\t<style type='text\/css'>\n\t\t\t\t#gallery-1 {\n\t\t\t\t\tmargin: auto;\n\t\t\t\t}\n\t\t\t\t#gallery-1 .gallery-item {\n\t\t\t\t\tfloat: left;\n\t\t\t\t\tmargin-top: 10px;\n\t\t\t\t\ttext-align: center;\n\t\t\t\t\twidth: 50%;\n\t\t\t\t}\n\t\t\t\t#gallery-1 img {\n\t\t\t\t\tborder: 2px solid #cfcfcf;\n\t\t\t\t}\n\t\t\t\t#gallery-1 .gallery-caption {\n\t\t\t\t\tmargin-left: 0;\n\t\t\t\t}\n\t\t\t\t\/* see gallery_shortcode() in wp-includes\/media.php *\/\n\t\t\t<\/style>\n\t\t<div id='gallery-1' class='dt-gallery-container gallery galleryid-312033 gallery-columns-2 gallery-size-thumbnail'><dl class='gallery-item'>\n\t\t\t\t<dt class='gallery-icon portrait'>\n\t\t\t\t\t<a class=\"rollover rollover-zoom dt-pswp-item\" title=\"957fb495-9a1f-4650-b4e8-0e3e3f2951f3\" data-dt-img-description=\"\" data-large_image_width=\"1172\" data-large_image_height=\"2048\"href='https:\/\/www.radiopiu.net\/wordpress\/wp-content\/uploads\/2022\/12\/957fb495-9a1f-4650-b4e8-0e3e3f2951f3.jpg'><img loading=\"lazy\" decoding=\"async\" width=\"150\" height=\"150\" src=\"https:\/\/www.radiopiu.net\/wordpress\/wp-content\/uploads\/2022\/12\/957fb495-9a1f-4650-b4e8-0e3e3f2951f3-150x150.jpg\" class=\"attachment-thumbnail size-thumbnail\" alt=\"\" \/><\/a>\n\t\t\t\t<\/dt><\/dl><dl class='gallery-item'>\n\t\t\t\t<dt class='gallery-icon landscape'>\n\t\t\t\t\t<a class=\"rollover rollover-zoom dt-pswp-item\" title=\"Senza nome\" data-dt-img-description=\"\" data-large_image_width=\"559\" data-large_image_height=\"350\"href='https:\/\/www.radiopiu.net\/wordpress\/wp-content\/uploads\/2022\/12\/Senza-nome-4.png'><img loading=\"lazy\" decoding=\"async\" width=\"150\" height=\"150\" src=\"https:\/\/www.radiopiu.net\/wordpress\/wp-content\/uploads\/2022\/12\/Senza-nome-4-150x150.png\" class=\"attachment-thumbnail size-thumbnail\" alt=\"\" \/><\/a>\n\t\t\t\t<\/dt><\/dl><br style=\"clear: both\" \/>\n\t\t\t<\/div>\n\n<p>&nbsp;<\/p>\n<p>&nbsp;<\/p>\n<h2><span style=\"color: #ff0000;\">ISCRIVITI AL NOSTRO CANALE YOUTUBE PER SEGUIRE IN DIRETTA I PRINCIPALI PROGRAMMI DI RADIO PIU&#8217; E LE FUTURE DIRETTE IN ESTERNA. PER ISCRIVERTI <a style=\"color: #ff0000;\" href=\"https:\/\/youtube.com\/@radiopiu1527\">CLICCA QUI<\/a> E PREMI IL TASTO &#8220;Iscriviti&#8221;\u00a0<\/span><\/h2>\n<p>&nbsp;<\/p>\n<h1 style=\"text-align: center;\"><span style=\"color: #33cccc;\">ARGENTINA CAMPIONE DEL MONDO!!!<\/span><\/h1>\n<p style=\"text-align: center;\"><a class=\"dt-pswp-item\" href=\"https:\/\/www.radiopiu.net\/wordpress\/wp-content\/uploads\/2022\/12\/argentina.campione.mondo_.2022.23.1400x840.jpg\" data-dt-img-description=\"\" data-large_image_width=\"1400\" data-large_image_height=\"840\"><img loading=\"lazy\" decoding=\"async\" class=\"aligncenter wp-image-312311 size-full\" src=\"https:\/\/www.radiopiu.net\/wordpress\/wp-content\/uploads\/2022\/12\/argentina.campione.mondo_.2022.23.1400x840.jpg\" alt=\"\" width=\"1400\" height=\"840\" srcset=\"https:\/\/www.radiopiu.net\/wordpress\/wp-content\/uploads\/2022\/12\/argentina.campione.mondo_.2022.23.1400x840.jpg 1400w, https:\/\/www.radiopiu.net\/wordpress\/wp-content\/uploads\/2022\/12\/argentina.campione.mondo_.2022.23.1400x840-300x180.jpg 300w, https:\/\/www.radiopiu.net\/wordpress\/wp-content\/uploads\/2022\/12\/argentina.campione.mondo_.2022.23.1400x840-1024x614.jpg 1024w, https:\/\/www.radiopiu.net\/wordpress\/wp-content\/uploads\/2022\/12\/argentina.campione.mondo_.2022.23.1400x840-768x461.jpg 768w\" sizes=\"auto, (max-width: 1400px) 100vw, 1400px\" \/>(FOTO: calciomercato.com)<\/a><\/p>\n<p>&nbsp;<\/p>\n<p><strong>DALLA DIRETTA DI RAI RADIO 1, FRANCESCO REPICE<\/strong><\/p>\n<audio class=\"wp-audio-shortcode\" id=\"audio-312033-1\" preload=\"none\" style=\"width: 100%;\" controls=\"controls\"><source type=\"audio\/mpeg\" src=\"https:\/\/www.radiopiu.net\/wordpress\/wp-content\/uploads\/2022\/12\/ARGENTINA-CAMPIONE-DEL-MONDO-FRANCESCO-REPICE-RAI-RADIO-1.mp3?_=1\" \/><a href=\"https:\/\/www.radiopiu.net\/wordpress\/wp-content\/uploads\/2022\/12\/ARGENTINA-CAMPIONE-DEL-MONDO-FRANCESCO-REPICE-RAI-RADIO-1.mp3\">https:\/\/www.radiopiu.net\/wordpress\/wp-content\/uploads\/2022\/12\/ARGENTINA-CAMPIONE-DEL-MONDO-FRANCESCO-REPICE-RAI-RADIO-1.mp3<\/a><\/audio>\n<p>&nbsp;<\/p>\n<hr \/>\n<p>&nbsp;<\/p>\n<blockquote>\n<h3>I CARABINIERI DI AGORDO CHIUDONO IL CERCHIO E SANZIONANO IL CONDUCENTE CHE HA CAUSATO L&#8217;INCIDENTE<\/h3>\n<\/blockquote>\n<p><strong>AGORDO<\/strong> Nell&#8217;arco di poche ore gli uomini dell&#8217;Arma, in forza alla stazione di Ponte Rova,\u00a0 hanno chiuso il cerchio dando un nome e un cognome al giovane che l&#8217;altra notte guidava la Giulietta finita contro due auto regolarmente parcheggiate accanto alla regionale 203 agordina a Toccol, tra Agordo e Taibon. Nessun reato penale per il bolognese con seconda casa a Falcade, perch\u00e9\u00a0 non si lamentano feriti, quindi nessuna omissione di soccorso, ma la sanzione sar\u00e0 sacrosanta, scontata anche al firma sulla constatazione amichevole, permetter\u00e0 ai danneggiati di essere rimborsati dall&#8217;assicurazione, i danni causati sono notevoli. Infatti,\u00a0 l&#8217;auto ha centrato prima una Mercedes e successivamente un&#8217;Opel corsa, difronte al Bar Carlin. E&#8217; accaduto nella notte tra giovedi e venerdi durante la nevicata che ha reso le strade insidiose. Il botto all&#8217;una e trenta del mattino. I Carabinieri hanno avviato le indagini raccogliendo i pezzi dell&#8217;auto rimasti sull&#8217;asfalto, quindi hanno sentito i testimoni svegliati dal rumore di lamiere contorte e infine hanno minuziosamente vagliato\u00a0 le immagini della video sorveglianza, Agordo a Taibon (soprattutto) sono Comuni dotati di importanti impianti tecnologici e il risultato ottenuto ne \u00e8 una conferma. Soddisfazione da parte dei proprietari delle due auto che si vedranno rimborsare i danni.<\/p>\n<p>MM<\/p>\n\n\t\t\t<style type='text\/css'>\n\t\t\t\t#gallery-2 {\n\t\t\t\t\tmargin: auto;\n\t\t\t\t}\n\t\t\t\t#gallery-2 .gallery-item {\n\t\t\t\t\tfloat: left;\n\t\t\t\t\tmargin-top: 10px;\n\t\t\t\t\ttext-align: center;\n\t\t\t\t\twidth: 50%;\n\t\t\t\t}\n\t\t\t\t#gallery-2 img {\n\t\t\t\t\tborder: 2px solid #cfcfcf;\n\t\t\t\t}\n\t\t\t\t#gallery-2 .gallery-caption {\n\t\t\t\t\tmargin-left: 0;\n\t\t\t\t}\n\t\t\t\t\/* see gallery_shortcode() in wp-includes\/media.php *\/\n\t\t\t<\/style>\n\t\t<div id='gallery-2' class='dt-gallery-container gallery galleryid-312033 gallery-columns-2 gallery-size-thumbnail'><dl class='gallery-item'>\n\t\t\t\t<dt class='gallery-icon landscape'>\n\t\t\t\t\t<a class=\"rollover rollover-zoom dt-pswp-item\" title=\"Senza nome\" data-dt-img-description=\"\" data-large_image_width=\"514\" data-large_image_height=\"492\"href='https:\/\/www.radiopiu.net\/wordpress\/wp-content\/uploads\/2022\/12\/Senza-nome-85.jpg'><img loading=\"lazy\" decoding=\"async\" width=\"150\" height=\"150\" src=\"https:\/\/www.radiopiu.net\/wordpress\/wp-content\/uploads\/2022\/12\/Senza-nome-85-150x150.jpg\" class=\"attachment-thumbnail size-thumbnail\" alt=\"\" \/><\/a>\n\t\t\t\t<\/dt><\/dl><dl class='gallery-item'>\n\t\t\t\t<dt class='gallery-icon landscape'>\n\t\t\t\t\t<a class=\"rollover rollover-zoom dt-pswp-item\" title=\"d8e61dfe-9a78-4c3e-8766-c41cd152aaab\" data-dt-img-description=\"\" data-large_image_width=\"1600\" data-large_image_height=\"900\"href='https:\/\/www.radiopiu.net\/wordpress\/wp-content\/uploads\/2022\/12\/d8e61dfe-9a78-4c3e-8766-c41cd152aaab.jpg'><img loading=\"lazy\" decoding=\"async\" width=\"150\" height=\"150\" src=\"https:\/\/www.radiopiu.net\/wordpress\/wp-content\/uploads\/2022\/12\/d8e61dfe-9a78-4c3e-8766-c41cd152aaab-150x150.jpg\" class=\"attachment-thumbnail size-thumbnail\" alt=\"\" \/><\/a>\n\t\t\t\t<\/dt><\/dl><br style=\"clear: both\" \/>\n\t\t\t<\/div>\n\n<p>&nbsp;<\/p>\n<hr \/>\n<p>&nbsp;<\/p>\n<blockquote>\n<h3>SI STACCA UNA VALANGA AD AURONZO DI CADORE. TRE SCIALPINISTI COINVOLTI<\/h3>\n<\/blockquote>\n<p><strong>AURONZO DI CADORE<\/strong> Sabato attorno alle 10 l&#8217;elicottero del Suem di Pieve di Cadore \u00e8 decollato in direzione di Auronzo, dove, tra Forcella Pogoffa e Forcella della Neve, si era staccata una valanga che aveva coinvolto tre scialpinisti a 2.400 metri di quota. I tre, rimasti semisepolti, erano riusciti a tirarsi fuori dalla neve da soli, aiutati da altri sciatori presenti (una trentina in tutto), senza riportare alcuna conseguenza. Sbarcati con il verricello, tecnico di elisoccorso e unit\u00e0 cinofila si sono sincerati che i presenti (tutti dotati di Artva) stessero bene e che nessuno mancasse all&#8217;appello. I soccorritori hanno poi proceduto a una breve bonifica di sicurezza per poi rientrare. Pronti a intervenire a Misurina il Soccorso alpino di Auronzo e della Guardia di Finanza. La valanga, che aveva un fronte di una cinquantina di metri, \u00e8 scesa per l&#8217;intera lunghezza del canalone.<\/p>\n\n\t\t\t<style type='text\/css'>\n\t\t\t\t#gallery-3 {\n\t\t\t\t\tmargin: auto;\n\t\t\t\t}\n\t\t\t\t#gallery-3 .gallery-item {\n\t\t\t\t\tfloat: left;\n\t\t\t\t\tmargin-top: 10px;\n\t\t\t\t\ttext-align: center;\n\t\t\t\t\twidth: 33%;\n\t\t\t\t}\n\t\t\t\t#gallery-3 img {\n\t\t\t\t\tborder: 2px solid #cfcfcf;\n\t\t\t\t}\n\t\t\t\t#gallery-3 .gallery-caption {\n\t\t\t\t\tmargin-left: 0;\n\t\t\t\t}\n\t\t\t\t\/* see gallery_shortcode() in wp-includes\/media.php *\/\n\t\t\t<\/style>\n\t\t<div id='gallery-3' class='dt-gallery-container gallery galleryid-312033 gallery-columns-3 gallery-size-thumbnail'><dl class='gallery-item'>\n\t\t\t\t<dt class='gallery-icon landscape'>\n\t\t\t\t\t<a class=\"rollover rollover-zoom dt-pswp-item\" title=\"Watermark_20221217_111425_793\" data-dt-img-description=\"\" data-large_image_width=\"2364\" data-large_image_height=\"1773\"href='https:\/\/www.radiopiu.net\/wordpress\/wp-content\/uploads\/2022\/12\/Watermark_20221217_111425_793.jpg'><img loading=\"lazy\" decoding=\"async\" width=\"150\" height=\"150\" src=\"https:\/\/www.radiopiu.net\/wordpress\/wp-content\/uploads\/2022\/12\/Watermark_20221217_111425_793-150x150.jpg\" class=\"attachment-thumbnail size-thumbnail\" alt=\"\" \/><\/a>\n\t\t\t\t<\/dt><\/dl><dl class='gallery-item'>\n\t\t\t\t<dt class='gallery-icon portrait'>\n\t\t\t\t\t<a class=\"rollover rollover-zoom dt-pswp-item\" title=\"Watermark_20221217_111541_921\" data-dt-img-description=\"\" data-large_image_width=\"1773\" data-large_image_height=\"2364\"href='https:\/\/www.radiopiu.net\/wordpress\/wp-content\/uploads\/2022\/12\/Watermark_20221217_111541_921.jpg'><img loading=\"lazy\" decoding=\"async\" width=\"150\" height=\"150\" src=\"https:\/\/www.radiopiu.net\/wordpress\/wp-content\/uploads\/2022\/12\/Watermark_20221217_111541_921-150x150.jpg\" class=\"attachment-thumbnail size-thumbnail\" alt=\"\" \/><\/a>\n\t\t\t\t<\/dt><\/dl><dl class='gallery-item'>\n\t\t\t\t<dt class='gallery-icon portrait'>\n\t\t\t\t\t<a class=\"rollover rollover-zoom dt-pswp-item\" title=\"Watermark_20221217_111523_604\" data-dt-img-description=\"\" data-large_image_width=\"1773\" data-large_image_height=\"2364\"href='https:\/\/www.radiopiu.net\/wordpress\/wp-content\/uploads\/2022\/12\/Watermark_20221217_111523_604.jpg'><img loading=\"lazy\" decoding=\"async\" width=\"150\" height=\"150\" src=\"https:\/\/www.radiopiu.net\/wordpress\/wp-content\/uploads\/2022\/12\/Watermark_20221217_111523_604-150x150.jpg\" class=\"attachment-thumbnail size-thumbnail\" alt=\"\" \/><\/a>\n\t\t\t\t<\/dt><\/dl><br style=\"clear: both\" \/>\n\t\t\t<\/div>\n\n<p>&nbsp;<\/p>\n<hr \/>\n<p>&nbsp;<\/p>\n<blockquote>\n<h3>INFORTUNIO A MISURINA E MALORE IN VAL DI ZOLDO. SOCCORSO ALPINO ATTIVATO PER DUE INTERVENTI<\/h3>\n<\/blockquote>\n<p><strong><a class=\"dt-pswp-item\" href=\"https:\/\/www.radiopiu.net\/wordpress\/wp-content\/uploads\/2022\/04\/soccorso-alpino-1024x602-1.jpg\" data-dt-img-description=\"\" data-large_image_width=\"1024\" data-large_image_height=\"602\"><img loading=\"lazy\" decoding=\"async\" class=\" wp-image-270917 alignleft\" src=\"https:\/\/www.radiopiu.net\/wordpress\/wp-content\/uploads\/2022\/04\/soccorso-alpino-1024x602-1-300x176.jpg\" alt=\"\" width=\"211\" height=\"124\" srcset=\"https:\/\/www.radiopiu.net\/wordpress\/wp-content\/uploads\/2022\/04\/soccorso-alpino-1024x602-1-300x176.jpg 300w, https:\/\/www.radiopiu.net\/wordpress\/wp-content\/uploads\/2022\/04\/soccorso-alpino-1024x602-1-768x452.jpg 768w, https:\/\/www.radiopiu.net\/wordpress\/wp-content\/uploads\/2022\/04\/soccorso-alpino-1024x602-1.jpg 1024w\" sizes=\"auto, (max-width: 211px) 100vw, 211px\" \/><\/a>MISURINA<\/strong> Ieri, pochi minuti prima delle 10, la Centrale del Suem \u00e8 stata attivata per uno scialpinista che aveva riportato un sospetto trauma alla gamba, sciando sul Cadin della Neve, nei Cadini di Misurina. Individuato il luogo dall&#8217;incidente, l&#8217;elicottero di Trento ha recuperato il 37enne di Auronzo di Cadore e lo ha trasportato all&#8217;ospedale di Cortina.<\/p>\n<p><strong>VAL DI ZOLDO <\/strong>L&#8217;eliambulanza trentina \u00e8 volata in Valle di Zoldo, a seguito dell&#8217;allertamento, ieri verso le 11.25, per una scialpinista colta da malore nella zona del sentiero 584 tra Casera della Grava e Spiz Zuel. La 55enne di Belluno \u00e8 stata quindi accompagnata all&#8217;ospedale di Agordo per le valutazioni del caso.<\/p>\n<p>&nbsp;<\/p>\n<p>&nbsp;<\/p>\n<hr \/>\n<p>&nbsp;<\/p>\n<blockquote>\n<h3>PERDE L&#8217;EQUILIBRIO E SCIVOLA PER 100 METRI IN UN CANALE<\/h3>\n<\/blockquote>\n<p><strong><a class=\"dt-pswp-item\" href=\"https:\/\/www.radiopiu.net\/wordpress\/wp-content\/uploads\/2022\/12\/Watermark_20221218_154843_012.jpg\" data-dt-img-description=\"\" data-large_image_width=\"1773\" data-large_image_height=\"2364\"><img loading=\"lazy\" decoding=\"async\" class=\" wp-image-312251 alignleft\" src=\"https:\/\/www.radiopiu.net\/wordpress\/wp-content\/uploads\/2022\/12\/Watermark_20221218_154843_012-225x300.jpg\" alt=\"\" width=\"134\" height=\"179\" srcset=\"https:\/\/www.radiopiu.net\/wordpress\/wp-content\/uploads\/2022\/12\/Watermark_20221218_154843_012-225x300.jpg 225w, https:\/\/www.radiopiu.net\/wordpress\/wp-content\/uploads\/2022\/12\/Watermark_20221218_154843_012-768x1024.jpg 768w, https:\/\/www.radiopiu.net\/wordpress\/wp-content\/uploads\/2022\/12\/Watermark_20221218_154843_012-1152x1536.jpg 1152w, https:\/\/www.radiopiu.net\/wordpress\/wp-content\/uploads\/2022\/12\/Watermark_20221218_154843_012-1536x2048.jpg 1536w, https:\/\/www.radiopiu.net\/wordpress\/wp-content\/uploads\/2022\/12\/Watermark_20221218_154843_012.jpg 1773w\" sizes=\"auto, (max-width: 134px) 100vw, 134px\" \/><\/a> <\/strong><\/p>\n<p><strong>\u00a0<\/strong><\/p>\n<p><strong>PIEVE DI CADORE<\/strong> Mentre con amici, ciaspe ai piedi, stava percorrendo il sentiero numero 235 di Forcella Antracisa, sul Monte Tranego, un 24enne di Venezia ha perso l&#8217;equilibrio ed \u00e8 scivolato per oltre 100 metri in un canale laterale innevato e ghiacciato. Allertata dai compagni verso le 13.20 di ieri, la Centrale del 118 \u00e8 risalita alle coordinate e ha inviato l&#8217;elicottero del Suem di Pieve di Cadore. Individuato il punto in cui si trovava, sopra una vecchia valanga, il ragazzo, che lamentava dolori in diverse parti del corpo, \u00e8 stato recuperato dal tecnico di elisoccorso con un verricello di 40 metri per essere poi trasportato all&#8217;ospedale di Belluno.<\/p>\n<p>&nbsp;<\/p>\n<p>&nbsp;<\/p>\n<p>&nbsp;<\/p>\n<hr \/>\n<p>&nbsp;<\/p>\n<blockquote>\n<h3>CERCASI DISTRUTTORE DI RECINZIONI ALTRUI<\/h3>\n<\/blockquote>\n<div dir=\"auto\"><strong>SEDICO<\/strong>\u00a0 Per ora \u00e8 ignoto, gi\u00e0 denominato il &#8220;pirata&#8221; delle altrui recinzioni. Lo scorso gioved\u00ec i proprietari di un&#8217;abitazione hanno trovato la sorpresa, attorno alle 15 del pomeriggio a Vignole, si presume dunque che l&#8217;automobilista abbia perso il controllo dell&#8217;auto tra le 14.30 e le 15. Testimoni fanno riferimento ad un signore di mezz\u00e0 et\u00e0 a bordo di una Fiat Cubo grigio metalizzato che scendendo dal Mas\u00a0 ha preso la strada per Sedico, dopo aver perso il controllo dell&#8217;auto ha attraversato tutta la carreggiata per finire contro la recinzione dell&#8217;abitazione privata e poi si \u00e8 dileguato rifiutandosi di prendersi le sue responsabilit\u00e0, quindi senza lasciare un recapito&#8230; nemmeno quello dell&#8217;assicurazione. I proprietari dell&#8217;abitazione hanno gi\u00e0 proceduto con la denuncia. <em>&#8220;Avremmo sperato che onestamente la persona si presentasse, perch\u00e9 gli incidenti capitano, ma i danni si pagano e invece amareggiati proseguiremo per vie legali con tutto quello che ne consegue&#8221;.<\/em>\u00a0 L&#8217;amara conclusione dei proprietari dell&#8217;abitazione<\/div>\n<div dir=\"auto\">\n\n\t\t\t<style type='text\/css'>\n\t\t\t\t#gallery-4 {\n\t\t\t\t\tmargin: auto;\n\t\t\t\t}\n\t\t\t\t#gallery-4 .gallery-item {\n\t\t\t\t\tfloat: left;\n\t\t\t\t\tmargin-top: 10px;\n\t\t\t\t\ttext-align: center;\n\t\t\t\t\twidth: 50%;\n\t\t\t\t}\n\t\t\t\t#gallery-4 img {\n\t\t\t\t\tborder: 2px solid #cfcfcf;\n\t\t\t\t}\n\t\t\t\t#gallery-4 .gallery-caption {\n\t\t\t\t\tmargin-left: 0;\n\t\t\t\t}\n\t\t\t\t\/* see gallery_shortcode() in wp-includes\/media.php *\/\n\t\t\t<\/style>\n\t\t<div id='gallery-4' class='dt-gallery-container gallery galleryid-312033 gallery-columns-2 gallery-size-thumbnail'><dl class='gallery-item'>\n\t\t\t\t<dt class='gallery-icon portrait'>\n\t\t\t\t\t<a class=\"rollover rollover-zoom dt-pswp-item\" title=\"320448536_462257436070906_6226379070745399285_n\" data-dt-img-description=\"\" data-large_image_width=\"450\" data-large_image_height=\"600\"href='https:\/\/www.radiopiu.net\/wordpress\/wp-content\/uploads\/2022\/12\/320448536_462257436070906_6226379070745399285_n.jpg'><img loading=\"lazy\" decoding=\"async\" width=\"150\" height=\"150\" src=\"https:\/\/www.radiopiu.net\/wordpress\/wp-content\/uploads\/2022\/12\/320448536_462257436070906_6226379070745399285_n-150x150.jpg\" class=\"attachment-thumbnail size-thumbnail\" alt=\"\" \/><\/a>\n\t\t\t\t<\/dt><\/dl><dl class='gallery-item'>\n\t\t\t\t<dt class='gallery-icon portrait'>\n\t\t\t\t\t<a class=\"rollover rollover-zoom dt-pswp-item\" title=\"320818873_2313730475443185_5409276231383422246_n\" data-dt-img-description=\"\" data-large_image_width=\"450\" data-large_image_height=\"600\"href='https:\/\/www.radiopiu.net\/wordpress\/wp-content\/uploads\/2022\/12\/320818873_2313730475443185_5409276231383422246_n.jpg'><img loading=\"lazy\" decoding=\"async\" width=\"150\" height=\"150\" src=\"https:\/\/www.radiopiu.net\/wordpress\/wp-content\/uploads\/2022\/12\/320818873_2313730475443185_5409276231383422246_n-150x150.jpg\" class=\"attachment-thumbnail size-thumbnail\" alt=\"\" \/><\/a>\n\t\t\t\t<\/dt><\/dl><br style=\"clear: both\" \/>\n\t\t\t<\/div>\n\n<p>&nbsp;<\/p>\n<hr \/>\n<p>&nbsp;<\/p>\n<\/div>\n<blockquote>\n<h3>CAMPING LASTEI IN VENDITA MA E&#8217; UNA BUFALA<\/h3>\n<\/blockquote>\n<p><strong><a class=\"dt-pswp-item\" href=\"https:\/\/www.radiopiu.net\/wordpress\/wp-content\/uploads\/2022\/12\/CAMPING-LASTEI.jpg\" data-dt-img-description=\"\" data-large_image_width=\"1000\" data-large_image_height=\"667\"><img loading=\"lazy\" decoding=\"async\" class=\" wp-image-312115 alignleft\" src=\"https:\/\/www.radiopiu.net\/wordpress\/wp-content\/uploads\/2022\/12\/CAMPING-LASTEI-300x200.jpg\" alt=\"\" width=\"228\" height=\"152\" srcset=\"https:\/\/www.radiopiu.net\/wordpress\/wp-content\/uploads\/2022\/12\/CAMPING-LASTEI-300x200.jpg 300w, https:\/\/www.radiopiu.net\/wordpress\/wp-content\/uploads\/2022\/12\/CAMPING-LASTEI-768x512.jpg 768w, https:\/\/www.radiopiu.net\/wordpress\/wp-content\/uploads\/2022\/12\/CAMPING-LASTEI.jpg 1000w\" sizes=\"auto, (max-width: 228px) 100vw, 228px\" \/><\/a>CANALE D&#8217;AGORDO<\/strong><\/p>\n<p>di Gianni Santomaso<\/p>\n<audio class=\"wp-audio-shortcode\" id=\"audio-312033-2\" preload=\"none\" style=\"width: 100%;\" controls=\"controls\"><source type=\"audio\/mpeg\" src=\"https:\/\/www.radiopiu.net\/wordpress\/wp-content\/uploads\/2022\/12\/GIANNI-CAMPING-LASTEI-IN-VENDITA-MA-E-UNA-BUFALA.mp3?_=2\" \/><a href=\"https:\/\/www.radiopiu.net\/wordpress\/wp-content\/uploads\/2022\/12\/GIANNI-CAMPING-LASTEI-IN-VENDITA-MA-E-UNA-BUFALA.mp3\">https:\/\/www.radiopiu.net\/wordpress\/wp-content\/uploads\/2022\/12\/GIANNI-CAMPING-LASTEI-IN-VENDITA-MA-E-UNA-BUFALA.mp3<\/a><\/audio>\n<p>&nbsp;<\/p>\n<hr \/>\n<p>&nbsp;<\/p>\n<blockquote>\n<h3>ESSILORLUXOTTICA: LE AZIONI BOOST DEL 2019 E IL RINNOVO CON GENERALI ANCHE PER IL 2023<\/h3>\n<\/blockquote>\n<p><strong><a class=\"dt-pswp-item\" href=\"https:\/\/www.radiopiu.net\/wordpress\/wp-content\/uploads\/2022\/06\/LUXOTTICA-11-scaled.jpg\" data-dt-img-description=\"\" data-large_image_width=\"2560\" data-large_image_height=\"1703\"><img loading=\"lazy\" decoding=\"async\" class=\" wp-image-284018 alignleft\" src=\"https:\/\/www.radiopiu.net\/wordpress\/wp-content\/uploads\/2022\/06\/LUXOTTICA-11-300x200.jpg\" alt=\"\" width=\"191\" height=\"127\" srcset=\"https:\/\/www.radiopiu.net\/wordpress\/wp-content\/uploads\/2022\/06\/LUXOTTICA-11-300x200.jpg 300w, https:\/\/www.radiopiu.net\/wordpress\/wp-content\/uploads\/2022\/06\/LUXOTTICA-11-1024x681.jpg 1024w, https:\/\/www.radiopiu.net\/wordpress\/wp-content\/uploads\/2022\/06\/LUXOTTICA-11-768x511.jpg 768w, https:\/\/www.radiopiu.net\/wordpress\/wp-content\/uploads\/2022\/06\/LUXOTTICA-11-1536x1022.jpg 1536w, https:\/\/www.radiopiu.net\/wordpress\/wp-content\/uploads\/2022\/06\/LUXOTTICA-11-2048x1362.jpg 2048w\" sizes=\"auto, (max-width: 191px) 100vw, 191px\" \/><\/a>AGORDO<\/strong> Sono gi\u00e0 passati tre anni da quando EssilorLuxottica ha presentato il primo piano boost ai dipendenti del gruppo. Il piano consiste nel comprare azioni del gruppo, da un minimo di mezza ad un massimo di quattro che l&#8217;azienda raddoppia al momento dell&#8217;acquisto. Con il 2023 le maestranze potranno decidere cosa fare delle proprie azioni acquistate nel 2019. Per questo l&#8217;azienda, a partire da oggi, metter\u00e0 a disposizione sul portale aziendale OneLuxottica (non MyPersonalDesk) un vademecum su come muoversi. Il proprietario di queste azioni potr\u00e0 decidere se vendere, tenere le azioni a costo zero (il costo di gestione \u00e8 a carico dell&#8217;azienda) o spostarle sul proprio conto titoli nel caso ne sia in possesso. Nel frattempo l&#8217;azienda ha rinnovato anche per il 2023 la polizza con Generali alle medesime condizioni. Una polizza che consente al lavoratore di effettuare visite mediche, prestazioni odontoiatriche e tutto quello che riguarda la propria salute tramite le strutture convenzionate e farsi risarcire delle spese effettuate.<\/p>\n<p>&nbsp;<\/p>\n<p>&nbsp;<\/p>\n<hr \/>\n<p>&nbsp;<\/p>\n<blockquote>\n<h3>ANCHE A BELLUNO INIZIA LA CORSA VERSO IL CONGRESSO DEL PARTITO DEMOCRATICO<\/h3>\n<\/blockquote>\n<p><strong><a class=\"dt-pswp-item\" href=\"https:\/\/www.radiopiu.net\/wordpress\/wp-content\/uploads\/2022\/12\/Elly-Schlein.png\" data-dt-img-description=\"\" data-large_image_width=\"1446\" data-large_image_height=\"994\"><img loading=\"lazy\" decoding=\"async\" class=\" wp-image-312074 alignleft\" src=\"https:\/\/www.radiopiu.net\/wordpress\/wp-content\/uploads\/2022\/12\/Elly-Schlein-300x206.png\" alt=\"\" width=\"182\" height=\"125\" srcset=\"https:\/\/www.radiopiu.net\/wordpress\/wp-content\/uploads\/2022\/12\/Elly-Schlein-300x206.png 300w, https:\/\/www.radiopiu.net\/wordpress\/wp-content\/uploads\/2022\/12\/Elly-Schlein-1024x704.png 1024w, https:\/\/www.radiopiu.net\/wordpress\/wp-content\/uploads\/2022\/12\/Elly-Schlein-768x528.png 768w, https:\/\/www.radiopiu.net\/wordpress\/wp-content\/uploads\/2022\/12\/Elly-Schlein.png 1446w\" sizes=\"auto, (max-width: 182px) 100vw, 182px\" \/><\/a>BELLUNO<\/strong> Parte anche a Belluno la corsa verso il congresso del Partito Democratico, che in provincia porter\u00e0 anche al rinnovo dei vertici provinciali e del comune capoluogo. Il primo gruppo a partire \u00e8 quello a sostegno di Elly Schlein.<\/p>\n<p><strong>di Daniele Dalvit<\/strong><\/p>\n<audio class=\"wp-audio-shortcode\" id=\"audio-312033-3\" preload=\"none\" style=\"width: 100%;\" controls=\"controls\"><source type=\"audio\/mpeg\" src=\"https:\/\/www.radiopiu.net\/wordpress\/wp-content\/uploads\/2022\/12\/dalvit-parte-da-noi-belluno.mp3?_=3\" \/><a href=\"https:\/\/www.radiopiu.net\/wordpress\/wp-content\/uploads\/2022\/12\/dalvit-parte-da-noi-belluno.mp3\">https:\/\/www.radiopiu.net\/wordpress\/wp-content\/uploads\/2022\/12\/dalvit-parte-da-noi-belluno.mp3<\/a><\/audio>\n<p>&nbsp;<\/p>\n<hr \/>\n<p>&nbsp;<\/p>\n<blockquote>\n<h3>LA SCUOLA SCI NEVEGAL INAUGURA LA NUOVA SEDE SUL PIAZZALE DEGLI IMPIANTI<\/h3>\n<\/blockquote>\n<p><strong><a class=\"dt-pswp-item\" href=\"https:\/\/www.radiopiu.net\/wordpress\/wp-content\/uploads\/2018\/10\/NEVEGAL.jpg\" data-dt-img-description=\"\" data-large_image_width=\"275\" data-large_image_height=\"183\"><img loading=\"lazy\" decoding=\"async\" class=\" wp-image-62712 alignleft\" src=\"https:\/\/www.radiopiu.net\/wordpress\/wp-content\/uploads\/2018\/10\/NEVEGAL.jpg\" alt=\"\" width=\"182\" height=\"121\" \/><\/a>BELLUNO<\/strong><\/p>\n<p>di Moreno Gioli<\/p>\n<audio class=\"wp-audio-shortcode\" id=\"audio-312033-4\" preload=\"none\" style=\"width: 100%;\" controls=\"controls\"><source type=\"audio\/mpeg\" src=\"https:\/\/www.radiopiu.net\/wordpress\/wp-content\/uploads\/2022\/12\/GIOLI-NEVEGAL.mp3?_=4\" \/><a href=\"https:\/\/www.radiopiu.net\/wordpress\/wp-content\/uploads\/2022\/12\/GIOLI-NEVEGAL.mp3\">https:\/\/www.radiopiu.net\/wordpress\/wp-content\/uploads\/2022\/12\/GIOLI-NEVEGAL.mp3<\/a><\/audio>\n<p>&nbsp;<\/p>\n<hr \/>\n<p>&nbsp;<\/p>\n<blockquote>\n<h3>QUANDO I PEDONI SONO COSTRETTI AD USARE LA STRADA COME MARCIAPIEDI<\/h3>\n<\/blockquote>\n<p><strong>di Marco Gaz<\/strong><\/p>\n<p><strong>ROCCA PIETORE<\/strong> Con le ultime nevicate i comuni hanno dovuto fare gli straordinari per mantenere le strade pulite nei centri abitati. In poche ore gli spazzaneve hanno liberato le carreggiate dalla neve ed hanno sparso ghiaino e sale per la sicurezza dei propri cittadini. Ci sono comuni che hanno pensato anche ai pedoni tenendo puliti i marciapiedi o per lo meno fresando la neve dagli stessi per far si che la gente non usi la strada per le passeggiate o per portare il cane a sgranchirsi le zampe. Non succede a Rocca Pietore dove ci vengono segnalati marciapiedi impraticabili per la troppa neve e specialmente perch\u00e9 non sono stati puliti. Qui siamo a Col di Rocca, prima della localit\u00e0 Boscoverde, e dalle foto si evince che non sono stati ancora puliti i marciapiedi e turisti e valligiani sono cotretti ad usare la SP 641 per spostarsi a piedi con il pericolo che le auto in transito non vedano i pedoni, specialmente di notte.<\/p>\n<p><strong>IL SINDACO DI ROCCA PIETORE ANDREA DE BERNARDIN<\/strong><\/p>\n<audio class=\"wp-audio-shortcode\" id=\"audio-312033-5\" preload=\"none\" style=\"width: 100%;\" controls=\"controls\"><source type=\"audio\/mpeg\" src=\"https:\/\/www.radiopiu.net\/wordpress\/wp-content\/uploads\/2022\/12\/DE-BERNARDIN-MARCIAPIEDI.mp3?_=5\" \/><a href=\"https:\/\/www.radiopiu.net\/wordpress\/wp-content\/uploads\/2022\/12\/DE-BERNARDIN-MARCIAPIEDI.mp3\">https:\/\/www.radiopiu.net\/wordpress\/wp-content\/uploads\/2022\/12\/DE-BERNARDIN-MARCIAPIEDI.mp3<\/a><\/audio>\n<p>&nbsp;<\/p>\n\n\t\t\t<style type='text\/css'>\n\t\t\t\t#gallery-5 {\n\t\t\t\t\tmargin: auto;\n\t\t\t\t}\n\t\t\t\t#gallery-5 .gallery-item {\n\t\t\t\t\tfloat: left;\n\t\t\t\t\tmargin-top: 10px;\n\t\t\t\t\ttext-align: center;\n\t\t\t\t\twidth: 33%;\n\t\t\t\t}\n\t\t\t\t#gallery-5 img {\n\t\t\t\t\tborder: 2px solid #cfcfcf;\n\t\t\t\t}\n\t\t\t\t#gallery-5 .gallery-caption {\n\t\t\t\t\tmargin-left: 0;\n\t\t\t\t}\n\t\t\t\t\/* see gallery_shortcode() in wp-includes\/media.php *\/\n\t\t\t<\/style>\n\t\t<div id='gallery-5' class='dt-gallery-container gallery galleryid-312033 gallery-columns-3 gallery-size-thumbnail'><dl class='gallery-item'>\n\t\t\t\t<dt class='gallery-icon portrait'>\n\t\t\t\t\t<a class=\"rollover rollover-zoom dt-pswp-item\" title=\"51f49d77-8d17-4979-8105-3b59775c3e81\" data-dt-img-description=\"\" data-large_image_width=\"899\" data-large_image_height=\"1599\"href='https:\/\/www.radiopiu.net\/wordpress\/wp-content\/uploads\/2022\/12\/51f49d77-8d17-4979-8105-3b59775c3e81.jpg'><img loading=\"lazy\" decoding=\"async\" width=\"150\" height=\"150\" src=\"https:\/\/www.radiopiu.net\/wordpress\/wp-content\/uploads\/2022\/12\/51f49d77-8d17-4979-8105-3b59775c3e81-150x150.jpg\" class=\"attachment-thumbnail size-thumbnail\" alt=\"\" \/><\/a>\n\t\t\t\t<\/dt><\/dl><dl class='gallery-item'>\n\t\t\t\t<dt class='gallery-icon portrait'>\n\t\t\t\t\t<a class=\"rollover rollover-zoom dt-pswp-item\" title=\"873527d7-d02f-4635-9aeb-53309a3595fa\" data-dt-img-description=\"\" data-large_image_width=\"899\" data-large_image_height=\"1599\"href='https:\/\/www.radiopiu.net\/wordpress\/wp-content\/uploads\/2022\/12\/873527d7-d02f-4635-9aeb-53309a3595fa.jpg'><img loading=\"lazy\" decoding=\"async\" width=\"150\" height=\"150\" src=\"https:\/\/www.radiopiu.net\/wordpress\/wp-content\/uploads\/2022\/12\/873527d7-d02f-4635-9aeb-53309a3595fa-150x150.jpg\" class=\"attachment-thumbnail size-thumbnail\" alt=\"\" \/><\/a>\n\t\t\t\t<\/dt><\/dl><dl class='gallery-item'>\n\t\t\t\t<dt class='gallery-icon portrait'>\n\t\t\t\t\t<a class=\"rollover rollover-zoom dt-pswp-item\" title=\"c038c765-8936-4358-81e2-68f8cc6306de\" data-dt-img-description=\"\" data-large_image_width=\"899\" data-large_image_height=\"1599\"href='https:\/\/www.radiopiu.net\/wordpress\/wp-content\/uploads\/2022\/12\/c038c765-8936-4358-81e2-68f8cc6306de.jpg'><img loading=\"lazy\" decoding=\"async\" width=\"150\" height=\"150\" src=\"https:\/\/www.radiopiu.net\/wordpress\/wp-content\/uploads\/2022\/12\/c038c765-8936-4358-81e2-68f8cc6306de-150x150.jpg\" class=\"attachment-thumbnail size-thumbnail\" alt=\"\" \/><\/a>\n\t\t\t\t<\/dt><\/dl><br style=\"clear: both\" \/>\n\t\t\t<\/div>\n\n<p>&nbsp;<\/p>\n<hr \/>\n<p>&nbsp;<\/p>\n<blockquote>\n<h3>L\u2019EVENTO FINALE DEL PROGETTO BIO COL ALP<\/h3>\n<\/blockquote>\n<p><strong>SAN TOMASO\u00a0<\/strong>Al Centro Orti Rupestri di Celat a San Tomaso l\u2019evento finale del progetto Bio Col Alp. Le relazioni tecniche del progetto RECUPERO E RILANCIO DELLA BIODIVERSIT\u00c0 NELLE COLTIVAZIONI ALPINE \u2013 UNA GESTIONE SOSTENIBILE NEGLI ORTI E NEI CAMPI DELL\u2019ALTO AGORDINO E DEL COMUNE DI ASSLING (OstTirol), a cura dei relatori Orazio Andrich, Johannes Keintzel, Cesare Andrich. Interludi di filmato redatti da Lorenzo Cassol. Moderatore Giuseppe Pellegrini.<\/p>\n<p><strong>di Gianni Santomaso<\/strong><\/p>\n<audio class=\"wp-audio-shortcode\" id=\"audio-312033-6\" preload=\"none\" style=\"width: 100%;\" controls=\"controls\"><source type=\"audio\/mpeg\" src=\"https:\/\/www.radiopiu.net\/wordpress\/wp-content\/uploads\/2022\/12\/GIANNI-BIO-ALP.mp3?_=6\" \/><a href=\"https:\/\/www.radiopiu.net\/wordpress\/wp-content\/uploads\/2022\/12\/GIANNI-BIO-ALP.mp3\">https:\/\/www.radiopiu.net\/wordpress\/wp-content\/uploads\/2022\/12\/GIANNI-BIO-ALP.mp3<\/a><\/audio>\n<p>&nbsp;<\/p>\n\n\t\t\t<style type='text\/css'>\n\t\t\t\t#gallery-6 {\n\t\t\t\t\tmargin: auto;\n\t\t\t\t}\n\t\t\t\t#gallery-6 .gallery-item {\n\t\t\t\t\tfloat: left;\n\t\t\t\t\tmargin-top: 10px;\n\t\t\t\t\ttext-align: center;\n\t\t\t\t\twidth: 20%;\n\t\t\t\t}\n\t\t\t\t#gallery-6 img {\n\t\t\t\t\tborder: 2px solid #cfcfcf;\n\t\t\t\t}\n\t\t\t\t#gallery-6 .gallery-caption {\n\t\t\t\t\tmargin-left: 0;\n\t\t\t\t}\n\t\t\t\t\/* see gallery_shortcode() in wp-includes\/media.php *\/\n\t\t\t<\/style>\n\t\t<div id='gallery-6' class='dt-gallery-container gallery galleryid-312033 gallery-columns-5 gallery-size-thumbnail'><dl class='gallery-item'>\n\t\t\t\t<dt class='gallery-icon landscape'>\n\t\t\t\t\t<a class=\"rollover rollover-zoom dt-pswp-item\" title=\"9cf26d6a-1b4b-4f58-8bd2-9c572f92822e\" data-dt-img-description=\"\" data-large_image_width=\"1024\" data-large_image_height=\"577\"href='https:\/\/www.radiopiu.net\/wordpress\/wp-content\/uploads\/2022\/12\/9cf26d6a-1b4b-4f58-8bd2-9c572f92822e.jpg'><img loading=\"lazy\" decoding=\"async\" width=\"150\" height=\"150\" src=\"https:\/\/www.radiopiu.net\/wordpress\/wp-content\/uploads\/2022\/12\/9cf26d6a-1b4b-4f58-8bd2-9c572f92822e-150x150.jpg\" class=\"attachment-thumbnail size-thumbnail\" alt=\"\" \/><\/a>\n\t\t\t\t<\/dt><\/dl><dl class='gallery-item'>\n\t\t\t\t<dt class='gallery-icon landscape'>\n\t\t\t\t\t<a class=\"rollover rollover-zoom dt-pswp-item\" title=\"6b76b945-a020-4fce-8c04-10563d8381af\" data-dt-img-description=\"\" data-large_image_width=\"1024\" data-large_image_height=\"577\"href='https:\/\/www.radiopiu.net\/wordpress\/wp-content\/uploads\/2022\/12\/6b76b945-a020-4fce-8c04-10563d8381af.jpg'><img loading=\"lazy\" decoding=\"async\" width=\"150\" height=\"150\" src=\"https:\/\/www.radiopiu.net\/wordpress\/wp-content\/uploads\/2022\/12\/6b76b945-a020-4fce-8c04-10563d8381af-150x150.jpg\" class=\"attachment-thumbnail size-thumbnail\" alt=\"\" \/><\/a>\n\t\t\t\t<\/dt><\/dl><dl class='gallery-item'>\n\t\t\t\t<dt class='gallery-icon landscape'>\n\t\t\t\t\t<a class=\"rollover rollover-zoom dt-pswp-item\" title=\"210a5416-c73f-4c42-b9e0-01467016349b\" data-dt-img-description=\"\" data-large_image_width=\"1024\" data-large_image_height=\"577\"href='https:\/\/www.radiopiu.net\/wordpress\/wp-content\/uploads\/2022\/12\/210a5416-c73f-4c42-b9e0-01467016349b.jpg'><img loading=\"lazy\" decoding=\"async\" width=\"150\" height=\"150\" src=\"https:\/\/www.radiopiu.net\/wordpress\/wp-content\/uploads\/2022\/12\/210a5416-c73f-4c42-b9e0-01467016349b-150x150.jpg\" class=\"attachment-thumbnail size-thumbnail\" alt=\"\" \/><\/a>\n\t\t\t\t<\/dt><\/dl><dl class='gallery-item'>\n\t\t\t\t<dt class='gallery-icon landscape'>\n\t\t\t\t\t<a class=\"rollover rollover-zoom dt-pswp-item\" title=\"c0bf0125-b9c3-4d59-bfd9-bc6c56749478\" data-dt-img-description=\"\" data-large_image_width=\"1024\" data-large_image_height=\"577\"href='https:\/\/www.radiopiu.net\/wordpress\/wp-content\/uploads\/2022\/12\/c0bf0125-b9c3-4d59-bfd9-bc6c56749478.jpg'><img loading=\"lazy\" decoding=\"async\" width=\"150\" height=\"150\" src=\"https:\/\/www.radiopiu.net\/wordpress\/wp-content\/uploads\/2022\/12\/c0bf0125-b9c3-4d59-bfd9-bc6c56749478-150x150.jpg\" class=\"attachment-thumbnail size-thumbnail\" alt=\"\" \/><\/a>\n\t\t\t\t<\/dt><\/dl><dl class='gallery-item'>\n\t\t\t\t<dt class='gallery-icon landscape'>\n\t\t\t\t\t<a class=\"rollover rollover-zoom dt-pswp-item\" title=\"6a4d0779-2b25-4222-94ff-e2043bfe4b0e\" data-dt-img-description=\"\" data-large_image_width=\"1024\" data-large_image_height=\"577\"href='https:\/\/www.radiopiu.net\/wordpress\/wp-content\/uploads\/2022\/12\/6a4d0779-2b25-4222-94ff-e2043bfe4b0e.jpg'><img loading=\"lazy\" decoding=\"async\" width=\"150\" height=\"150\" src=\"https:\/\/www.radiopiu.net\/wordpress\/wp-content\/uploads\/2022\/12\/6a4d0779-2b25-4222-94ff-e2043bfe4b0e-150x150.jpg\" class=\"attachment-thumbnail size-thumbnail\" alt=\"\" \/><\/a>\n\t\t\t\t<\/dt><\/dl><br style=\"clear: both\" \/><dl class='gallery-item'>\n\t\t\t\t<dt class='gallery-icon landscape'>\n\t\t\t\t\t<a class=\"rollover rollover-zoom dt-pswp-item\" title=\"9482d2f5-b1da-4609-b788-94a49265eaaa\" data-dt-img-description=\"\" data-large_image_width=\"1024\" data-large_image_height=\"577\"href='https:\/\/www.radiopiu.net\/wordpress\/wp-content\/uploads\/2022\/12\/9482d2f5-b1da-4609-b788-94a49265eaaa.jpg'><img loading=\"lazy\" decoding=\"async\" width=\"150\" height=\"150\" src=\"https:\/\/www.radiopiu.net\/wordpress\/wp-content\/uploads\/2022\/12\/9482d2f5-b1da-4609-b788-94a49265eaaa-150x150.jpg\" class=\"attachment-thumbnail size-thumbnail\" alt=\"\" \/><\/a>\n\t\t\t\t<\/dt><\/dl><dl class='gallery-item'>\n\t\t\t\t<dt class='gallery-icon landscape'>\n\t\t\t\t\t<a class=\"rollover rollover-zoom dt-pswp-item\" title=\"fe8d774e-13af-4e1b-b1fe-2a4b01bba259\" data-dt-img-description=\"\" data-large_image_width=\"1024\" data-large_image_height=\"577\"href='https:\/\/www.radiopiu.net\/wordpress\/wp-content\/uploads\/2022\/12\/fe8d774e-13af-4e1b-b1fe-2a4b01bba259.jpg'><img loading=\"lazy\" decoding=\"async\" width=\"150\" height=\"150\" src=\"https:\/\/www.radiopiu.net\/wordpress\/wp-content\/uploads\/2022\/12\/fe8d774e-13af-4e1b-b1fe-2a4b01bba259-150x150.jpg\" class=\"attachment-thumbnail size-thumbnail\" alt=\"\" \/><\/a>\n\t\t\t\t<\/dt><\/dl><dl class='gallery-item'>\n\t\t\t\t<dt class='gallery-icon landscape'>\n\t\t\t\t\t<a class=\"rollover rollover-zoom dt-pswp-item\" title=\"05552459-a03d-413d-8745-f367334a441b\" data-dt-img-description=\"\" data-large_image_width=\"1024\" data-large_image_height=\"577\"href='https:\/\/www.radiopiu.net\/wordpress\/wp-content\/uploads\/2022\/12\/05552459-a03d-413d-8745-f367334a441b.jpg'><img loading=\"lazy\" decoding=\"async\" width=\"150\" height=\"150\" src=\"https:\/\/www.radiopiu.net\/wordpress\/wp-content\/uploads\/2022\/12\/05552459-a03d-413d-8745-f367334a441b-150x150.jpg\" class=\"attachment-thumbnail size-thumbnail\" alt=\"\" \/><\/a>\n\t\t\t\t<\/dt><\/dl><dl class='gallery-item'>\n\t\t\t\t<dt class='gallery-icon landscape'>\n\t\t\t\t\t<a class=\"rollover rollover-zoom dt-pswp-item\" title=\"9b05ecb6-93ba-4ac1-8f6c-e9fb9538deb9\" data-dt-img-description=\"\" data-large_image_width=\"1024\" data-large_image_height=\"577\"href='https:\/\/www.radiopiu.net\/wordpress\/wp-content\/uploads\/2022\/12\/9b05ecb6-93ba-4ac1-8f6c-e9fb9538deb9.jpg'><img loading=\"lazy\" decoding=\"async\" width=\"150\" height=\"150\" src=\"https:\/\/www.radiopiu.net\/wordpress\/wp-content\/uploads\/2022\/12\/9b05ecb6-93ba-4ac1-8f6c-e9fb9538deb9-150x150.jpg\" class=\"attachment-thumbnail size-thumbnail\" alt=\"\" \/><\/a>\n\t\t\t\t<\/dt><\/dl><dl class='gallery-item'>\n\t\t\t\t<dt class='gallery-icon landscape'>\n\t\t\t\t\t<a class=\"rollover rollover-zoom dt-pswp-item\" title=\"e9831373-738c-46e0-862e-32af51c2106d\" data-dt-img-description=\"\" data-large_image_width=\"1024\" data-large_image_height=\"577\"href='https:\/\/www.radiopiu.net\/wordpress\/wp-content\/uploads\/2022\/12\/e9831373-738c-46e0-862e-32af51c2106d.jpg'><img loading=\"lazy\" decoding=\"async\" width=\"150\" height=\"150\" src=\"https:\/\/www.radiopiu.net\/wordpress\/wp-content\/uploads\/2022\/12\/e9831373-738c-46e0-862e-32af51c2106d-150x150.jpg\" class=\"attachment-thumbnail size-thumbnail\" alt=\"\" \/><\/a>\n\t\t\t\t<\/dt><\/dl><br style=\"clear: both\" \/>\n\t\t\t<\/div>\n\n<p>&nbsp;<\/p>\n<hr \/>\n<p>&nbsp;<\/p>\n<blockquote>\n<h3>IL CARO BOLLETTE NON SPAVENTA IL COVID POINT DI AGORDO<\/h3>\n<\/blockquote>\n<p><strong>AGORDO<\/strong> In localit\u00e0 Tamonich, sul piazzale del parcheggio Peppino Impastato, da alcuni mesi \u00e8 presente il Covid Point adibito per far fronte all&#8217;emergenza sanitaria Covid-19. Le luci sono accese e non si sa da quanto tempo.<\/p>\n<p><strong>Le foto di Silvano Savio<\/strong><\/p>\n\n\t\t\t<style type='text\/css'>\n\t\t\t\t#gallery-7 {\n\t\t\t\t\tmargin: auto;\n\t\t\t\t}\n\t\t\t\t#gallery-7 .gallery-item {\n\t\t\t\t\tfloat: left;\n\t\t\t\t\tmargin-top: 10px;\n\t\t\t\t\ttext-align: center;\n\t\t\t\t\twidth: 33%;\n\t\t\t\t}\n\t\t\t\t#gallery-7 img {\n\t\t\t\t\tborder: 2px solid #cfcfcf;\n\t\t\t\t}\n\t\t\t\t#gallery-7 .gallery-caption {\n\t\t\t\t\tmargin-left: 0;\n\t\t\t\t}\n\t\t\t\t\/* see gallery_shortcode() in wp-includes\/media.php *\/\n\t\t\t<\/style>\n\t\t<div id='gallery-7' class='dt-gallery-container gallery galleryid-312033 gallery-columns-3 gallery-size-thumbnail'><dl class='gallery-item'>\n\t\t\t\t<dt class='gallery-icon landscape'>\n\t\t\t\t\t<a class=\"rollover rollover-zoom dt-pswp-item\" title=\"6f2f7422-3c7f-4165-b420-0e2feb0b79ff\" data-dt-img-description=\"\" data-large_image_width=\"1600\" data-large_image_height=\"1200\"href='https:\/\/www.radiopiu.net\/wordpress\/wp-content\/uploads\/2022\/12\/6f2f7422-3c7f-4165-b420-0e2feb0b79ff.jpg'><img loading=\"lazy\" decoding=\"async\" width=\"150\" height=\"150\" src=\"https:\/\/www.radiopiu.net\/wordpress\/wp-content\/uploads\/2022\/12\/6f2f7422-3c7f-4165-b420-0e2feb0b79ff-150x150.jpg\" class=\"attachment-thumbnail size-thumbnail\" alt=\"\" \/><\/a>\n\t\t\t\t<\/dt><\/dl><dl class='gallery-item'>\n\t\t\t\t<dt class='gallery-icon landscape'>\n\t\t\t\t\t<a class=\"rollover rollover-zoom dt-pswp-item\" title=\"8640e5be-0378-4da7-bdac-c8f71d6e3482\" data-dt-img-description=\"\" data-large_image_width=\"1600\" data-large_image_height=\"1200\"href='https:\/\/www.radiopiu.net\/wordpress\/wp-content\/uploads\/2022\/12\/8640e5be-0378-4da7-bdac-c8f71d6e3482.jpg'><img loading=\"lazy\" decoding=\"async\" width=\"150\" height=\"150\" src=\"https:\/\/www.radiopiu.net\/wordpress\/wp-content\/uploads\/2022\/12\/8640e5be-0378-4da7-bdac-c8f71d6e3482-150x150.jpg\" class=\"attachment-thumbnail size-thumbnail\" alt=\"\" \/><\/a>\n\t\t\t\t<\/dt><\/dl><dl class='gallery-item'>\n\t\t\t\t<dt class='gallery-icon landscape'>\n\t\t\t\t\t<a class=\"rollover rollover-zoom dt-pswp-item\" title=\"44646cc3-b706-4c15-9329-f3268b9f30f5\" data-dt-img-description=\"\" data-large_image_width=\"1600\" data-large_image_height=\"1200\"href='https:\/\/www.radiopiu.net\/wordpress\/wp-content\/uploads\/2022\/12\/44646cc3-b706-4c15-9329-f3268b9f30f5.jpg'><img loading=\"lazy\" decoding=\"async\" width=\"150\" height=\"150\" src=\"https:\/\/www.radiopiu.net\/wordpress\/wp-content\/uploads\/2022\/12\/44646cc3-b706-4c15-9329-f3268b9f30f5-150x150.jpg\" class=\"attachment-thumbnail size-thumbnail\" alt=\"\" \/><\/a>\n\t\t\t\t<\/dt><\/dl><br style=\"clear: both\" \/><dl class='gallery-item'>\n\t\t\t\t<dt class='gallery-icon landscape'>\n\t\t\t\t\t<a class=\"rollover rollover-zoom dt-pswp-item\" title=\"94086b3a-bb2a-4d4b-bb88-f804633ab246\" data-dt-img-description=\"\" data-large_image_width=\"1600\" data-large_image_height=\"1200\"href='https:\/\/www.radiopiu.net\/wordpress\/wp-content\/uploads\/2022\/12\/94086b3a-bb2a-4d4b-bb88-f804633ab246.jpg'><img loading=\"lazy\" decoding=\"async\" width=\"150\" height=\"150\" src=\"https:\/\/www.radiopiu.net\/wordpress\/wp-content\/uploads\/2022\/12\/94086b3a-bb2a-4d4b-bb88-f804633ab246-150x150.jpg\" class=\"attachment-thumbnail size-thumbnail\" alt=\"\" \/><\/a>\n\t\t\t\t<\/dt><\/dl><dl class='gallery-item'>\n\t\t\t\t<dt class='gallery-icon landscape'>\n\t\t\t\t\t<a class=\"rollover rollover-zoom dt-pswp-item\" title=\"aaea40e8-5fd9-4dc4-b6b7-7ed49f42ee89\" data-dt-img-description=\"\" data-large_image_width=\"1600\" data-large_image_height=\"1200\"href='https:\/\/www.radiopiu.net\/wordpress\/wp-content\/uploads\/2022\/12\/aaea40e8-5fd9-4dc4-b6b7-7ed49f42ee89.jpg'><img loading=\"lazy\" decoding=\"async\" width=\"150\" height=\"150\" src=\"https:\/\/www.radiopiu.net\/wordpress\/wp-content\/uploads\/2022\/12\/aaea40e8-5fd9-4dc4-b6b7-7ed49f42ee89-150x150.jpg\" class=\"attachment-thumbnail size-thumbnail\" alt=\"\" \/><\/a>\n\t\t\t\t<\/dt><\/dl><dl class='gallery-item'>\n\t\t\t\t<dt class='gallery-icon landscape'>\n\t\t\t\t\t<a class=\"rollover rollover-zoom dt-pswp-item\" title=\"e66b6108-b774-4217-9643-289c2df2be7c\" data-dt-img-description=\"\" data-large_image_width=\"1600\" data-large_image_height=\"1200\"href='https:\/\/www.radiopiu.net\/wordpress\/wp-content\/uploads\/2022\/12\/e66b6108-b774-4217-9643-289c2df2be7c.jpg'><img loading=\"lazy\" decoding=\"async\" width=\"150\" height=\"150\" src=\"https:\/\/www.radiopiu.net\/wordpress\/wp-content\/uploads\/2022\/12\/e66b6108-b774-4217-9643-289c2df2be7c-150x150.jpg\" class=\"attachment-thumbnail size-thumbnail\" alt=\"\" \/><\/a>\n\t\t\t\t<\/dt><\/dl><br style=\"clear: both\" \/>\n\t\t\t<\/div>\n\n<p>&nbsp;<\/p>\n<hr \/>\n<p>&nbsp;<\/p>\n<blockquote>\n<h3>NATALE AD AGORDO IL PRESEPE CON LA STELLA, A TAIBON CON L&#8217;ALBERO DI SAN CIPRIANO<\/h3>\n<\/blockquote>\n<p><strong>AGORDO<\/strong> Una grande stella illuminata in Piazza Libert\u00e0, da un&#8217;idea di Ad Agordo Proloco, per festeggiare il Natale, per dare la possibilit\u00e0 a chi lo desidera di farsi un selfie con alle spalle l&#8217;albero di Natale, il Broi e l&#8217;Agner. Poco lontano il Presepe, tutto nuovo quest&#8217;anno per idea del Comitato Vecia Popa. In Piazzetta vecchia l&#8217;artistico presepe nel tronco d&#8217;albero, a Toccol l&#8217;arte natalizia al lavatoio.<\/p>\n<p>https:\/\/www.facebook.com\/mirko.mezzacasa\/videos\/1223685131516142<\/p>\n<p>&nbsp;<\/p>\n\n\t\t\t<style type='text\/css'>\n\t\t\t\t#gallery-8 {\n\t\t\t\t\tmargin: auto;\n\t\t\t\t}\n\t\t\t\t#gallery-8 .gallery-item {\n\t\t\t\t\tfloat: left;\n\t\t\t\t\tmargin-top: 10px;\n\t\t\t\t\ttext-align: center;\n\t\t\t\t\twidth: 50%;\n\t\t\t\t}\n\t\t\t\t#gallery-8 img {\n\t\t\t\t\tborder: 2px solid #cfcfcf;\n\t\t\t\t}\n\t\t\t\t#gallery-8 .gallery-caption {\n\t\t\t\t\tmargin-left: 0;\n\t\t\t\t}\n\t\t\t\t\/* see gallery_shortcode() in wp-includes\/media.php *\/\n\t\t\t<\/style>\n\t\t<div id='gallery-8' class='dt-gallery-container gallery galleryid-312033 gallery-columns-2 gallery-size-thumbnail'><dl class='gallery-item'>\n\t\t\t\t<dt class='gallery-icon portrait'>\n\t\t\t\t\t<a class=\"rollover rollover-zoom dt-pswp-item\" title=\"48389652_2210439472566677_8911288340054016000_n\" data-dt-img-description=\"\" data-large_image_width=\"526\" data-large_image_height=\"947\"href='https:\/\/www.radiopiu.net\/wordpress\/wp-content\/uploads\/2022\/12\/48389652_2210439472566677_8911288340054016000_n.jpg'><img loading=\"lazy\" decoding=\"async\" width=\"150\" height=\"150\" src=\"https:\/\/www.radiopiu.net\/wordpress\/wp-content\/uploads\/2022\/12\/48389652_2210439472566677_8911288340054016000_n-150x150.jpg\" class=\"attachment-thumbnail size-thumbnail\" alt=\"\" \/><\/a>\n\t\t\t\t<\/dt><\/dl><dl class='gallery-item'>\n\t\t\t\t<dt class='gallery-icon landscape'>\n\t\t\t\t\t<a class=\"rollover rollover-zoom dt-pswp-item\" title=\"320671599_850764666125882_8069092992841010261_n\" data-dt-img-description=\"\" data-large_image_width=\"720\" data-large_image_height=\"540\"href='https:\/\/www.radiopiu.net\/wordpress\/wp-content\/uploads\/2022\/12\/320671599_850764666125882_8069092992841010261_n.jpg'><img loading=\"lazy\" decoding=\"async\" width=\"150\" height=\"150\" src=\"https:\/\/www.radiopiu.net\/wordpress\/wp-content\/uploads\/2022\/12\/320671599_850764666125882_8069092992841010261_n-150x150.jpg\" class=\"attachment-thumbnail size-thumbnail\" alt=\"\" \/><\/a>\n\t\t\t\t<\/dt><\/dl><br style=\"clear: both\" \/>\n\t\t\t<\/div>\n\n<p>&nbsp;<\/p>\n<p>&nbsp;<\/p>\n<p><strong>TAIBON<\/strong> Il gruppo di volontari della frazione di San Cipriano anche quest&#8217;anno regala al paese un grande albero di Natale illuminato nella bella piazzetta alle porte del paese.<\/p>\n\n\t\t\t<style type='text\/css'>\n\t\t\t\t#gallery-9 {\n\t\t\t\t\tmargin: auto;\n\t\t\t\t}\n\t\t\t\t#gallery-9 .gallery-item {\n\t\t\t\t\tfloat: left;\n\t\t\t\t\tmargin-top: 10px;\n\t\t\t\t\ttext-align: center;\n\t\t\t\t\twidth: 33%;\n\t\t\t\t}\n\t\t\t\t#gallery-9 img {\n\t\t\t\t\tborder: 2px solid #cfcfcf;\n\t\t\t\t}\n\t\t\t\t#gallery-9 .gallery-caption {\n\t\t\t\t\tmargin-left: 0;\n\t\t\t\t}\n\t\t\t\t\/* see gallery_shortcode() in wp-includes\/media.php *\/\n\t\t\t<\/style>\n\t\t<div id='gallery-9' class='dt-gallery-container gallery galleryid-312033 gallery-columns-3 gallery-size-thumbnail'><dl class='gallery-item'>\n\t\t\t\t<dt class='gallery-icon landscape'>\n\t\t\t\t\t<a class=\"rollover rollover-zoom dt-pswp-item\" title=\"bf89786d-f79a-48bb-a66f-5533bfa03654\" data-dt-img-description=\"\" data-large_image_width=\"1599\" data-large_image_height=\"899\"href='https:\/\/www.radiopiu.net\/wordpress\/wp-content\/uploads\/2022\/12\/bf89786d-f79a-48bb-a66f-5533bfa03654.jpg'><img loading=\"lazy\" decoding=\"async\" width=\"150\" height=\"150\" src=\"https:\/\/www.radiopiu.net\/wordpress\/wp-content\/uploads\/2022\/12\/bf89786d-f79a-48bb-a66f-5533bfa03654-150x150.jpg\" class=\"attachment-thumbnail size-thumbnail\" alt=\"\" \/><\/a>\n\t\t\t\t<\/dt><\/dl><dl class='gallery-item'>\n\t\t\t\t<dt class='gallery-icon portrait'>\n\t\t\t\t\t<a class=\"rollover rollover-zoom dt-pswp-item\" title=\"d5b55625-9918-49c9-bbfb-73cd1db68f15\" data-dt-img-description=\"\" data-large_image_width=\"1200\" data-large_image_height=\"1600\"href='https:\/\/www.radiopiu.net\/wordpress\/wp-content\/uploads\/2022\/12\/d5b55625-9918-49c9-bbfb-73cd1db68f15.jpg'><img loading=\"lazy\" decoding=\"async\" width=\"150\" height=\"150\" src=\"https:\/\/www.radiopiu.net\/wordpress\/wp-content\/uploads\/2022\/12\/d5b55625-9918-49c9-bbfb-73cd1db68f15-150x150.jpg\" class=\"attachment-thumbnail size-thumbnail\" alt=\"\" \/><\/a>\n\t\t\t\t<\/dt><\/dl><dl class='gallery-item'>\n\t\t\t\t<dt class='gallery-icon portrait'>\n\t\t\t\t\t<a class=\"rollover rollover-zoom dt-pswp-item\" title=\"320838869_845076556798133_2680073975916933808_n\" data-dt-img-description=\"\" data-large_image_width=\"526\" data-large_image_height=\"935\"href='https:\/\/www.radiopiu.net\/wordpress\/wp-content\/uploads\/2022\/12\/320838869_845076556798133_2680073975916933808_n.jpg'><img loading=\"lazy\" decoding=\"async\" width=\"150\" height=\"150\" src=\"https:\/\/www.radiopiu.net\/wordpress\/wp-content\/uploads\/2022\/12\/320838869_845076556798133_2680073975916933808_n-150x150.jpg\" class=\"attachment-thumbnail size-thumbnail\" alt=\"\" \/><\/a>\n\t\t\t\t<\/dt><\/dl><br style=\"clear: both\" \/>\n\t\t\t<\/div>\n\n<p>&nbsp;<\/p>\n<hr \/>\n<p>&nbsp;<\/p>\n<p><strong>Di Tiziano De Col<\/strong><\/p>\n\n\t\t\t<style type='text\/css'>\n\t\t\t\t#gallery-10 {\n\t\t\t\t\tmargin: auto;\n\t\t\t\t}\n\t\t\t\t#gallery-10 .gallery-item {\n\t\t\t\t\tfloat: left;\n\t\t\t\t\tmargin-top: 10px;\n\t\t\t\t\ttext-align: center;\n\t\t\t\t\twidth: 20%;\n\t\t\t\t}\n\t\t\t\t#gallery-10 img {\n\t\t\t\t\tborder: 2px solid #cfcfcf;\n\t\t\t\t}\n\t\t\t\t#gallery-10 .gallery-caption {\n\t\t\t\t\tmargin-left: 0;\n\t\t\t\t}\n\t\t\t\t\/* see gallery_shortcode() in wp-includes\/media.php *\/\n\t\t\t<\/style>\n\t\t<div id='gallery-10' class='dt-gallery-container gallery galleryid-312033 gallery-columns-5 gallery-size-thumbnail'><dl class='gallery-item'>\n\t\t\t\t<dt class='gallery-icon landscape'>\n\t\t\t\t\t<a class=\"rollover rollover-zoom dt-pswp-item\" title=\"b728179b-df85-403e-bd5c-2b3bff0d1157\" data-dt-img-description=\"\" data-large_image_width=\"610\" data-large_image_height=\"363\"href='https:\/\/www.radiopiu.net\/wordpress\/wp-content\/uploads\/2022\/12\/b728179b-df85-403e-bd5c-2b3bff0d1157.jpg'><img loading=\"lazy\" decoding=\"async\" width=\"150\" height=\"150\" src=\"https:\/\/www.radiopiu.net\/wordpress\/wp-content\/uploads\/2022\/12\/b728179b-df85-403e-bd5c-2b3bff0d1157-150x150.jpg\" class=\"attachment-thumbnail size-thumbnail\" alt=\"\" \/><\/a>\n\t\t\t\t<\/dt><\/dl><dl class='gallery-item'>\n\t\t\t\t<dt class='gallery-icon landscape'>\n\t\t\t\t\t<a class=\"rollover rollover-zoom dt-pswp-item\" title=\"d53b1599-6e5f-471a-a0ff-0d9410ca7f89\" data-dt-img-description=\"\" data-large_image_width=\"604\" data-large_image_height=\"361\"href='https:\/\/www.radiopiu.net\/wordpress\/wp-content\/uploads\/2022\/12\/d53b1599-6e5f-471a-a0ff-0d9410ca7f89.jpg'><img loading=\"lazy\" decoding=\"async\" width=\"150\" height=\"150\" src=\"https:\/\/www.radiopiu.net\/wordpress\/wp-content\/uploads\/2022\/12\/d53b1599-6e5f-471a-a0ff-0d9410ca7f89-150x150.jpg\" class=\"attachment-thumbnail size-thumbnail\" alt=\"\" \/><\/a>\n\t\t\t\t<\/dt><\/dl><dl class='gallery-item'>\n\t\t\t\t<dt class='gallery-icon landscape'>\n\t\t\t\t\t<a class=\"rollover rollover-zoom dt-pswp-item\" title=\"45ada492-a437-4188-98d0-271288522059\" data-dt-img-description=\"\" data-large_image_width=\"606\" data-large_image_height=\"349\"href='https:\/\/www.radiopiu.net\/wordpress\/wp-content\/uploads\/2022\/12\/45ada492-a437-4188-98d0-271288522059.jpg'><img loading=\"lazy\" decoding=\"async\" width=\"150\" height=\"150\" src=\"https:\/\/www.radiopiu.net\/wordpress\/wp-content\/uploads\/2022\/12\/45ada492-a437-4188-98d0-271288522059-150x150.jpg\" class=\"attachment-thumbnail size-thumbnail\" alt=\"\" \/><\/a>\n\t\t\t\t<\/dt><\/dl><dl class='gallery-item'>\n\t\t\t\t<dt class='gallery-icon landscape'>\n\t\t\t\t\t<a class=\"rollover rollover-zoom dt-pswp-item\" title=\"5a63348a-601d-4ef4-a00e-3ff8977ac665\" data-dt-img-description=\"\" data-large_image_width=\"580\" data-large_image_height=\"357\"href='https:\/\/www.radiopiu.net\/wordpress\/wp-content\/uploads\/2022\/12\/5a63348a-601d-4ef4-a00e-3ff8977ac665.jpg'><img loading=\"lazy\" decoding=\"async\" width=\"150\" height=\"150\" src=\"https:\/\/www.radiopiu.net\/wordpress\/wp-content\/uploads\/2022\/12\/5a63348a-601d-4ef4-a00e-3ff8977ac665-150x150.jpg\" class=\"attachment-thumbnail size-thumbnail\" alt=\"\" \/><\/a>\n\t\t\t\t<\/dt><\/dl><dl class='gallery-item'>\n\t\t\t\t<dt class='gallery-icon landscape'>\n\t\t\t\t\t<a class=\"rollover rollover-zoom dt-pswp-item\" title=\"dfbae8c3-313c-4c42-ac97-fcd171eb4322\" data-dt-img-description=\"\" data-large_image_width=\"614\" data-large_image_height=\"360\"href='https:\/\/www.radiopiu.net\/wordpress\/wp-content\/uploads\/2022\/12\/dfbae8c3-313c-4c42-ac97-fcd171eb4322.jpg'><img loading=\"lazy\" decoding=\"async\" width=\"150\" height=\"150\" src=\"https:\/\/www.radiopiu.net\/wordpress\/wp-content\/uploads\/2022\/12\/dfbae8c3-313c-4c42-ac97-fcd171eb4322-150x150.jpg\" class=\"attachment-thumbnail size-thumbnail\" alt=\"\" \/><\/a>\n\t\t\t\t<\/dt><\/dl><br style=\"clear: both\" \/>\n\t\t\t<\/div>\n\n<p>&nbsp;<\/p>\n<hr \/>\n<p>&nbsp;<\/p>\n<blockquote>\n<h3>A FELTRE CASE DI RIPOSO E SERVIZI TERRITORIALI A CONFRONTO SULL\u2019APPROCCIO PALLIATIVO<\/h3>\n<\/blockquote>\n<p><strong><a class=\"dt-pswp-item\" href=\"https:\/\/www.radiopiu.net\/wordpress\/wp-content\/uploads\/2022\/12\/WhatsApp-Image-2022-12-17-at-13.53.50.jpeg\" data-dt-img-description=\"\" data-large_image_width=\"1600\" data-large_image_height=\"1200\"><img loading=\"lazy\" decoding=\"async\" class=\" wp-image-312063 alignleft\" src=\"https:\/\/www.radiopiu.net\/wordpress\/wp-content\/uploads\/2022\/12\/WhatsApp-Image-2022-12-17-at-13.53.50-300x225.jpeg\" alt=\"\" width=\"172\" height=\"129\" srcset=\"https:\/\/www.radiopiu.net\/wordpress\/wp-content\/uploads\/2022\/12\/WhatsApp-Image-2022-12-17-at-13.53.50-300x225.jpeg 300w, https:\/\/www.radiopiu.net\/wordpress\/wp-content\/uploads\/2022\/12\/WhatsApp-Image-2022-12-17-at-13.53.50-1024x768.jpeg 1024w, https:\/\/www.radiopiu.net\/wordpress\/wp-content\/uploads\/2022\/12\/WhatsApp-Image-2022-12-17-at-13.53.50-768x576.jpeg 768w, https:\/\/www.radiopiu.net\/wordpress\/wp-content\/uploads\/2022\/12\/WhatsApp-Image-2022-12-17-at-13.53.50-1536x1152.jpeg 1536w, https:\/\/www.radiopiu.net\/wordpress\/wp-content\/uploads\/2022\/12\/WhatsApp-Image-2022-12-17-at-13.53.50.jpeg 1600w\" sizes=\"auto, (max-width: 172px) 100vw, 172px\" \/><\/a>FELTRE <\/strong>Ascolto, vicinanza alla persona fragile ed alla sua famiglia, rimodulazione della terapia e dell\u2019assistenza in funzione del bisogni del malato, proporzionalit\u00e0 delle cure e loro pianificazione condivisa, importanza della lettura multidisciplinare dei bisogni e della crescita delle competenze delle equipe di cura. Questi alcuni dei temi su cui si sono confrontati 130 professionisti dei Centri di Servizio (infermieri, medici psicologi ed assistenti sociali) e delle cure territoriali (infermieri dell\u2019assistenza domiciliare, medici di medicina generale, unit\u00e0 di Cure Palliative e Ospedale di Comunit\u00e0) nel convegno \u201cIl mantello itinerante: approccio palliativo nella fragilit\u00e0 e nelle malattie avanzate ed inguaribili\u201d, tenutosi all\u2019ospedale di Feltre nei giorni 16 e 17 Dicembre. \u00c8 stato il momento conclusivo del corso di formazione sul campo che, per l\u2019annualit\u00e0 2022, l\u2019Azienda Ulss 1 Dolomiti ha organizzato coinvolgendo tutti i Centri di Servizio del Distretto di Feltre. L\u2019Unit\u00e0 di Cure Palliative del Distretto di Feltre, supportata da Giampietro Luisetto e con il contributo essenziale di Mano Amica, ha strutturato una formazione \u201ca cascata\u201d con l\u2019obiettivo di formare in ciascun Centro di Servizi per Anziani un nucleo di professionisti capaci di individuare le persone fragili con bisogno di cure palliative e impostare piani di cura e assistenza attenti alla qualit\u00e0 della vita, ai sintomi disturbanti, alle esigenze psicologiche, relazionali, spirituali, in modo di garantire al fine una buona morte. Compito di questo nucleo di operatori \u00e8 stato portare la formazione a tutti gli altri colleghi nel Centro di Servizi.<\/p>\n<p>&nbsp;<\/p>\n<p>&nbsp;<\/p>\n<hr \/>\n<p>&nbsp;<\/p>\n<blockquote>\n<h3>ADOTTATO IL PIANO TRIENNALE DI MIGLIORAMENTO DELLE ATTIVIT\u00c0 CLINICHE DEI CENTRI PER I DISTURBI COGNITIVI E LE DEMENZE<\/h3>\n<\/blockquote>\n<p><strong><a class=\"dt-pswp-item\" href=\"https:\/\/www.radiopiu.net\/wordpress\/wp-content\/uploads\/2020\/03\/ULSS-1-DOLOMITI-LOGO.jpg\" data-dt-img-description=\"\" data-large_image_width=\"298\" data-large_image_height=\"219\"><img loading=\"lazy\" decoding=\"async\" class=\" wp-image-121256 alignleft\" src=\"https:\/\/www.radiopiu.net\/wordpress\/wp-content\/uploads\/2020\/03\/ULSS-1-DOLOMITI-LOGO.jpg\" alt=\"\" width=\"192\" height=\"141\" \/><\/a>BELLUNO <\/strong>L\u2019Ulss Dolomiti ha adottato il Piano triennale aziendale di miglioramento delle attivit\u00e0 cliniche dei Centri per i Disturbi Cognitivi e le Demenze (CDCD) e della presa in carico del paziente affetto da Malattia di Alzheimer e altre demenze per il prossimo triennio 2023-2025. Il piano \u00e8 stato stilato sulla base del Percorso Diagnostico Terapeutico Assistenziale regionale per le demenze, in collaborazione con alcuni medici, infermieri e con lo psicologo dei CDCD, in seno al tavolo interdistrettuale e in un\u2019ottica di co-progettazione. Unit\u00e0 specializzate nel riconoscimento e nella cura del paziente con disturbo neurocognitivo (decadimento cognitivo lieve &#8211; Mild Cognitive Impairment, Malattia di Alzheimer ed altre forme di demenza), i CDCD rappresentano un sistema integrato per la diagnosi, la presa in carico, la continuit\u00e0 assistenziale, l&#8217;informazione e il sostegno alla persona affetta da questi disturbi. Nello specifico, in Ulss Dolomiti sono attivi servizi dedicati ai disturbi cognitivi presso il CDCD di Feltre, a pertinenza prevalentemente neurologica, che effettua circa 800 visite all\u2019anno, (di cui 200 prime visite) e presso il CDCD di Belluno, prevalentemente geriatrico, che effettua circa 500 visite all\u2019anno (di cui circa 200 prime visite). Sono presenti, inoltre, altri ambulatori CDCD nell\u2019Ospedale di Pieve di Cadore (afferenti all\u2019U.O. di Medicina) e nell\u2019Ospedale di Agordo (afferenti all\u2019U.O. di Geriatria). Il piano adottato mira, quindi, a programmare le azioni necessarie in termini di risorse, compiti e obiettivi per potenziare e strutturare quanto gi\u00e0 in essere al fine di garantire una presa in carico sempre pi\u00f9 attenta della persona con demenza e della sua famiglia, nelle diverse fasi della malattia e nei contesti di vita e di cure.<\/p>\n<p>&nbsp;<\/p>\n<p>&nbsp;<\/p>\n<hr \/>\n<p>&nbsp;<\/p>\n<blockquote>\n<h3>&#8220;COME LE RONDINI&#8221; DI LORENZO PERTOLDI VINCE IL CONCORSO LETTERARIO DELL&#8217;ABM<\/h3>\n<\/blockquote>\n<p><a class=\"dt-pswp-item\" href=\"https:\/\/www.radiopiu.net\/wordpress\/wp-content\/uploads\/2022\/12\/20221217_112602-scaled.jpg\" data-dt-img-description=\"\" data-large_image_width=\"2560\" data-large_image_height=\"1440\"><img loading=\"lazy\" decoding=\"async\" class=\"size-medium wp-image-312127 alignleft\" src=\"https:\/\/www.radiopiu.net\/wordpress\/wp-content\/uploads\/2022\/12\/20221217_112602-300x169.jpg\" alt=\"\" width=\"300\" height=\"169\" srcset=\"https:\/\/www.radiopiu.net\/wordpress\/wp-content\/uploads\/2022\/12\/20221217_112602-300x169.jpg 300w, https:\/\/www.radiopiu.net\/wordpress\/wp-content\/uploads\/2022\/12\/20221217_112602-1024x576.jpg 1024w, https:\/\/www.radiopiu.net\/wordpress\/wp-content\/uploads\/2022\/12\/20221217_112602-768x432.jpg 768w, https:\/\/www.radiopiu.net\/wordpress\/wp-content\/uploads\/2022\/12\/20221217_112602-1536x864.jpg 1536w, https:\/\/www.radiopiu.net\/wordpress\/wp-content\/uploads\/2022\/12\/20221217_112602-2048x1152.jpg 2048w\" sizes=\"auto, (max-width: 300px) 100vw, 300px\" \/><\/a>\u00c8 Lorenzo Pertoldi il vincitore del primo concorso letterario \u201cRaccontare l&#8217;emigrazione veneta\u201d. Il suo \u201cCome le rondini\u201d \u00e8 il racconto che pi\u00f9 ha convinto la giuria del premio organizzato dall&#8217;Associazione Bellunesi nel Mondo. Una storia ambientata nel secondo dopoguerra, periodo nel quale \u2013 in un&#8217;Italia uscita con le ossa rotte dai drammi del conflitto mondiale e della dittatura fascista \u2013 migliaia di connazionali si diressero nei vicini Paesi europei (Svizzera e Francia su tutti) in cerca di migliori condizioni di vita. E proprio tra Francia e provincia di Belluno si dipanano le vicende narrate da Pertoldi, in \u00abun racconto dettagliato e ricco di riflessioni, che ha il merito di arricchire le interminabili pagine di una storia e di tante storie venete che vanno ancora scritte del tutto\u00bb, il commento con cui la commissione giudicatrice ha accompagnato l&#8217;assegnazione del primo premio all&#8217;autore. Al secondo posto Walter Basso, che con \u201cIl cielo sognato\u201d fa luce sulle condizioni di vita e di lavoro dei minatori in Belgio, indagando anche il rapporto tra un padre (simbolo di tanti protagonisti dell&#8217;emigrazione) sacrificatosi per garantire un futuro a un figlio che solo quando ormai \u00e8 troppo tardi si rende conto di quanto fatto per lui dal genitore. A convincere la giuria, in questo caso, la \u00abscrittura agile e <a class=\"dt-pswp-item\" href=\"https:\/\/www.radiopiu.net\/wordpress\/wp-content\/uploads\/2022\/12\/20221217_114240-scaled.jpg\" data-dt-img-description=\"\" data-large_image_width=\"2560\" data-large_image_height=\"1440\"><img loading=\"lazy\" decoding=\"async\" class=\"size-medium wp-image-312128 alignright\" src=\"https:\/\/www.radiopiu.net\/wordpress\/wp-content\/uploads\/2022\/12\/20221217_114240-300x169.jpg\" alt=\"\" width=\"300\" height=\"169\" srcset=\"https:\/\/www.radiopiu.net\/wordpress\/wp-content\/uploads\/2022\/12\/20221217_114240-300x169.jpg 300w, https:\/\/www.radiopiu.net\/wordpress\/wp-content\/uploads\/2022\/12\/20221217_114240-1024x576.jpg 1024w, https:\/\/www.radiopiu.net\/wordpress\/wp-content\/uploads\/2022\/12\/20221217_114240-768x432.jpg 768w, https:\/\/www.radiopiu.net\/wordpress\/wp-content\/uploads\/2022\/12\/20221217_114240-1536x864.jpg 1536w, https:\/\/www.radiopiu.net\/wordpress\/wp-content\/uploads\/2022\/12\/20221217_114240-2048x1152.jpg 2048w\" sizes=\"auto, (max-width: 300px) 100vw, 300px\" \/><\/a>scorrevole\u00bb di \u00abpagine che ci portano indietro nel tempo e ci regalano, emozionandoci, gli strumenti per poter leggere quanto accade anche oggi\u00bb. Terza Roberta Bassani Federizzi con \u201cSalute, fede e ricordi\u201d: un ponte tra la Grande Emigrazione di fine Ottocento e inizio Novecento verso il Brasile (dove risiede l&#8217;autrice) e un&#8217;attualit\u00e0 in cui le nuove generazioni, discendenti da quegli uomini e quelle donne che popolarono e fecero crescere il Paese verde-oro, mantengono forte il legame con le loro origini oltreoceano. \u00abSi parla di terre lontane, che con la migrazione sono diventate casa. Il racconto ci ricorda l\u2019importanza delle radici venete e, contemporaneamente, quanto l\u2019apertura verso il mondo e la scoperta accomunino le storie di vita di ieri e di oggi\u00bb, la menzione della giuria. Ai primi tre classificati un premio in denaro di cinquecento (primo), trecento (secondo) e duecento euro (terzo). A tutti i finalisti \u2013 quarta Antonella Schena con \u201cE le rocce stanno a guardare\u201d, quinta Sara Piazza con \u201cSalvarsi\u201d, sesta Daniela Emmi con \u201cL&#8217;ultimo caff\u00e8\u201d, settimo Giuliano Dall\u2019\u00d2 con \u201cIl miracolo\u201d, ottavo Fabrizio Ruffini con \u201cLa valigia del ritorno\u201d, nona Patricia Lucio con \u201cUn amore dalle Dolomiti alle Andes: un cuore bellunese non sa arrendersi\u201d e decimo Francesco Noventa con \u201cGiovinezza negata\u201d &#8211; due copie del libro, edito da Bellunesi nel mondo edizioni, che raccoglie le dieci opere pi\u00f9 votate. Pubblicazione che prende il titolo dal racconto vincitore, \u201cCome le rondini\u201d, e impreziosita dalla prefazione dello scrittore Antonio G. Bortoluzzi, testimonial del concorso, e dall&#8217;introduzione di Toni Ricciardi, storico delle migrazioni all&#8217;Universit\u00e0 di Ginevra e presidente della giuria. Entrambi erano presenti alla cerimonia di premiazione svoltasi sabato 17 dicembre a Belluno, nella sede dell&#8217;Abm. Ed entrambi hanno sottolineato l&#8217;importanza &#8211; proprio in un territorio come quello bellunese, fortemente segnato nei secoli scorsi dalle partenze &#8211; di iniziative in grado di conservare la memoria di un&#8217;epopea che grazie agli sforzi di migliaia di connazionali in giro per il mondo ha garantito sviluppo e benessere a chi \u00e8 venuto dopo di loro. Concetto sottolineato anche da Roberto Ferro, consigliere del Comune di Belluno intervenuto in rappresentanza dell&#8217;amministrazione. A conclusione dell&#8217;evento, dopo la lettura di alcuni estratti dal racconto vincitore, a cura di Manuela Gaio, Patrizia Burigo, vicepresidente dell&#8217;Abm, ha lanciato l&#8217;appuntamento alla seconda edizione del concorso, in programma per il 2023.<\/p>\n<p>&nbsp;<\/p>\n<p>&nbsp;<\/p>\n<hr \/>\n<p>&nbsp;<\/p>\n<blockquote>\n<h3>UNA BIBLIOTECA RICORDA ELENA<\/h3>\n<\/blockquote>\n<p><a class=\"dt-pswp-item\" href=\"https:\/\/www.radiopiu.net\/wordpress\/wp-content\/uploads\/2022\/12\/Elena-ph-concorso.png\" data-dt-img-description=\"\" data-large_image_width=\"1023\" data-large_image_height=\"768\"><img loading=\"lazy\" decoding=\"async\" class=\"size-medium wp-image-312122 alignleft\" src=\"https:\/\/www.radiopiu.net\/wordpress\/wp-content\/uploads\/2022\/12\/Elena-ph-concorso-300x225.png\" alt=\"\" width=\"300\" height=\"225\" srcset=\"https:\/\/www.radiopiu.net\/wordpress\/wp-content\/uploads\/2022\/12\/Elena-ph-concorso-300x225.png 300w, https:\/\/www.radiopiu.net\/wordpress\/wp-content\/uploads\/2022\/12\/Elena-ph-concorso-768x577.png 768w, https:\/\/www.radiopiu.net\/wordpress\/wp-content\/uploads\/2022\/12\/Elena-ph-concorso.png 1023w\" sizes=\"auto, (max-width: 300px) 100vw, 300px\" \/><\/a>Elena non c\u2019\u00e8 pi\u00f9. \u201cSembra ieri che la vedevamo impegnata nelle sue attivit\u00e0, sempre positiva e sorridente -sono le parole del Dirigente scolastico Umberto De Col. Ci ha insegnato tanto perch\u00e9 ci ha mostrato vie alternative per fare le cose. Ci ha fatto vedere gli ostacoli e ci ha indicato le soluzioni.\u201d<br \/>\nSabato mattina, alla presenza dei genitori e del fratello di Elena, del sindaco Stefano Cesa e dell\u2019assessore alle politiche educative, scolastiche e sociali Marilisa Corso, la secondaria di primo grado di Mel ha inaugurato la nuova biblioteca scolastica, realizzata grazie ad un contributo di euro 10.500 assegnato dal Consorzio dei Comuni del Bacino Imbrifero Montano del Piave appartenenti alla Provincia di Belluno (BIM). Il nuovo ambiente di apprendimento, concepito non solo come biblioteca, ma come centro di informazione e documentazione anche in ambito digitale, utile a favorire esperienze di progettazione partecipata, di apertura al territorio e di costituzione di reti, \u00e8 stato intitolato ad Elena Nicole Iannantuoni, alunna della secondaria affetta da tetraparesi in esiti di paralisi infantile, scomparsa inaspettatamente lo scorso anno. Sulla targa, che <a class=\"dt-pswp-item\" href=\"https:\/\/www.radiopiu.net\/wordpress\/wp-content\/uploads\/2022\/12\/biblio-1-scaled.jpg\" data-dt-img-description=\"\" data-large_image_width=\"2560\" data-large_image_height=\"1920\"><img loading=\"lazy\" decoding=\"async\" class=\"size-medium wp-image-312123 alignright\" src=\"https:\/\/www.radiopiu.net\/wordpress\/wp-content\/uploads\/2022\/12\/biblio-1-300x225.jpg\" alt=\"\" width=\"300\" height=\"225\" srcset=\"https:\/\/www.radiopiu.net\/wordpress\/wp-content\/uploads\/2022\/12\/biblio-1-300x225.jpg 300w, https:\/\/www.radiopiu.net\/wordpress\/wp-content\/uploads\/2022\/12\/biblio-1-1024x768.jpg 1024w, https:\/\/www.radiopiu.net\/wordpress\/wp-content\/uploads\/2022\/12\/biblio-1-768x576.jpg 768w, https:\/\/www.radiopiu.net\/wordpress\/wp-content\/uploads\/2022\/12\/biblio-1-1536x1152.jpg 1536w, https:\/\/www.radiopiu.net\/wordpress\/wp-content\/uploads\/2022\/12\/biblio-1-2048x1536.jpg 2048w\" sizes=\"auto, (max-width: 300px) 100vw, 300px\" \/><\/a>ritrae Elena e la sua mano che ne stringe un\u2019altra, foto realizzata da Annita Iovine e premiata dall\u2019allora ministra per le disabilit\u00e0 Erika Stefani al concorso \u201cUna provincia senza barriere\u201d, risalta la scritta: \u201cLa felicit\u00e0 \u00e8 quello che tu puoi fare nella situazione in cui ti trovi.\u201d E&#8217; una delle riflessioni che Elena fece sul senso della vita e sulla felicit\u00e0 emerse durante un&#8217;attivit\u00e0 proposta in classe; una frase che, in poche semplici parole, esprime la saggezza e la consapevolezza di chi, pur nelle difficolt\u00e0, trovava il senso della vita in quello che la vita stessa le offriva.<br \/>\nProtagonisti della mattinata sono stati indubbiamente i suoi compagni, che hanno presentato i ritratti di artisti e donne famose, da loro realizzati, che ben ricordano la passione che Elena aveva per le scienze e l\u2019arte in tutte le forme, e il gruppo degli studenti dell\u2019indirizzo musicale, che hanno chiuso la cerimonia con alcuni brani eseguiti al flauto, chitarra e tastiere. Elena amava molto lo spazio della biblioteca, dove trascorreva momenti felici lavorando con i compagni e gli insegnanti, uno spazio piccolo e semplice, ma ricco di opportunit\u00e0, ora non solo analogiche ma anche digitali. Con lavagna elettronica ma anche con normali pennarelli, con normali libri e quaderni ma anche con i chromebook. Con sedute dove stare comodi e vicini, dove poter condividere e ricordarsi di lei.<\/p>\n<p>&nbsp;<\/p>\n<p>&nbsp;<\/p>\n<hr \/>\n<p>&nbsp;<\/p>\n<blockquote>\n<h3>RIVA NADAL 2022, IL MERCATINO DEI CANOP<\/h3>\n<\/blockquote>\n<p><strong>RIVAMONTE<\/strong> Un&#8217;altra edizione di successo quella di Riva Nadal, il mercatino dei canop organizzato dalla Pro Loco Rivamonte. Un paese in festa in vista delle prossime festivit\u00e0 natalizie. Tra musica, bancarelle e chioschi, turisti e valligiani hanno animato le vie del paese.<\/p>\n<p>&nbsp;<\/p>\n<blockquote class=\"wp-embedded-content\" data-secret=\"VO9psxKmzq\"><p><a href=\"https:\/\/www.radiopiu.net\/wordpress\/riva-nadal-2022-il-mercatino-dei-canop\/\">RIVA NADAL 2022, IL MERCATINO DEI CANOP<\/a><\/p><\/blockquote>\n<p><iframe loading=\"lazy\" class=\"wp-embedded-content\" sandbox=\"allow-scripts\" security=\"restricted\" style=\"position: absolute; clip: rect(1px, 1px, 1px, 1px);\" title=\"&#8220;RIVA NADAL 2022, IL MERCATINO DEI CANOP&#8221; &#8212; Radio Pi\u00f9\" src=\"https:\/\/www.radiopiu.net\/wordpress\/riva-nadal-2022-il-mercatino-dei-canop\/embed\/#?secret=GF2w6mBCRU#?secret=VO9psxKmzq\" data-secret=\"VO9psxKmzq\" width=\"600\" height=\"338\" frameborder=\"0\" marginwidth=\"0\" marginheight=\"0\" scrolling=\"no\"><\/iframe><\/p>\n<p>&nbsp;<\/p>\n<hr \/>\n<p>&nbsp;<\/p>\n<blockquote>\n<h3>LA MOSTRA &#8220;IMPRONTE SULLA NEVE&#8221; A FALCADE<\/h3>\n<\/blockquote>\n<p><strong>FALCADE\u00a0<\/strong>Si \u00e8 svolta sabato la conferenza stampa di presentazione della mostra itinerante &#8220;Impronte Sulla Neve&#8221;<\/p>\n<p><strong>Video a cura di Silvano Savio<\/strong><\/p>\n<div style=\"width: 960px;\" class=\"wp-video\"><video class=\"wp-video-shortcode\" id=\"video-312033-1\" width=\"960\" height=\"540\" preload=\"metadata\" controls=\"controls\"><source type=\"video\/mp4\" src=\"https:\/\/www.radiopiu.net\/wordpress\/wp-content\/uploads\/2022\/12\/FALCADE-SILVANO.mp4?_=1\" \/><a href=\"https:\/\/www.radiopiu.net\/wordpress\/wp-content\/uploads\/2022\/12\/FALCADE-SILVANO.mp4\">https:\/\/www.radiopiu.net\/wordpress\/wp-content\/uploads\/2022\/12\/FALCADE-SILVANO.mp4<\/a><\/video><\/div>\n<p>&nbsp;<\/p>\n<hr \/>\n<p>&nbsp;<\/p>\n<blockquote>\n<h3>CONCERTO DI NATALE AI SUPERMERCATI SUPER W<\/h3>\n<\/blockquote>\n<p><strong>REDAZIONE<\/strong> In occasione delle festivit\u00e0 natalizie, i Supermercati SuperW della provincia di Belluno hanno pensato di allietare la clientela offrendo un concerto di Natale con il saxofonista Andrey Pletnev. In Agordino l&#8217;appuntamento ieri mattina al W Store di La Valle Agordina.<\/p>\n<div style=\"width: 1200px;\" class=\"wp-video\"><video class=\"wp-video-shortcode\" id=\"video-312033-2\" width=\"1200\" height=\"675\" preload=\"metadata\" controls=\"controls\"><source type=\"video\/mp4\" src=\"https:\/\/www.radiopiu.net\/wordpress\/wp-content\/uploads\/2022\/12\/SAX-WSTORE.mp4?_=2\" \/><a href=\"https:\/\/www.radiopiu.net\/wordpress\/wp-content\/uploads\/2022\/12\/SAX-WSTORE.mp4\">https:\/\/www.radiopiu.net\/wordpress\/wp-content\/uploads\/2022\/12\/SAX-WSTORE.mp4<\/a><\/video><\/div>\n<p>&nbsp;<\/p>\n<hr \/>\n<p>&nbsp;<\/p>\n<blockquote>\n<h3>VENETO: NEL 2022 CRESCIAMO PIU\u2019 DEL DOPPIO DELLA GERMANIA<\/h3>\n<\/blockquote>\n<p>Ci apprestiamo a chiudere un ottimo 2022. Nonostante la crescita dell\u2019inflazione, il caro energia e il boom dei prezzi delle materie prime abbiano creato non pochi problemi a famiglie e imprese venete, quest\u2019anno la crescita economica della nostra regione doppia quella tedesca. Se in Veneto il Pil \u00e8 destinato ad aumentare del 3,8 per cento, in Germania crescer\u00e0 \u201csolo\u201d dell\u20191,6 per cento: praticamente noi corriamo ad una velocit\u00e0 doppia dei tedeschi. Sempre nello stesso periodo, il Pil medio dell\u2019Area Euro-19, invece, salir\u00e0 del 3,2 per cento.<\/p>\n<p>A livello nazionale, invece, solo la Lombardia far\u00e0 meglio di noi. Le previsioni, comunque, non lasciano presagire nulla di buono; il 2023, infatti, sar\u00e0 un anno difficile con una crescita pari a zero. Su tutta Europa, purtroppo, soffiano venti di crisi molto preoccupanti. Tuttavia, con una economia che in questi ultimi due anni si \u00e8 decisamente rafforzata, dovremmo avere meno problemi degli altri a fronteggiare questo nuovo scenario avverso. A dirlo \u00e8 l\u2019Ufficio studi della CGIA.<\/p>\n<p>Sempre quest\u2019anno, a livello settoriale saranno le costruzioni a dare il maggiore impulso alla ripresa economica (+14,1 per cento), seguono l\u2019agricoltura (+6,5 per cento), i servizi (+4,1 per cento) e, infine, l\u2019industria (+0,6 per cento). Sebbene nel biennio 2021-2022 l\u2019edilizia abbia registrato in Veneto saggi di crescita da record, va comunque sottolineato che rispetto al 2007, anno che precede la crisi dei subprime, questo comparto deve ancora recuperare quasi 11 punti percentuali (vedi Tab. 1).<\/p>\n<p>L\u2019export veneto, invece, \u00e8 destinato a subire una frenata: rispetto al +11,2 per cento registrato nel 2021, quest\u2019anno la crescita sar\u00e0 del +6,2 per cento; in termini reali, entro il prossimo 31 dicembre le nostre vendite all\u2019estero dovrebbero toccare gli 84,7 miliardi di euro (vedi Graf. 1).<\/p>\n<p>I consumi, invece, sono destinati a salire del 6 per cento (vedi Tab. 2), mentre i disoccupati scendono a 105 mila unit\u00e0, portando il tasso di disoccupazione ad attestarsi al 4,7 per cento: 0,6 punti in meno rispetto al 2021 (vedi Tab. 3).<\/p>\n\n\t\t\t<style type='text\/css'>\n\t\t\t\t#gallery-11 {\n\t\t\t\t\tmargin: auto;\n\t\t\t\t}\n\t\t\t\t#gallery-11 .gallery-item {\n\t\t\t\t\tfloat: left;\n\t\t\t\t\tmargin-top: 10px;\n\t\t\t\t\ttext-align: center;\n\t\t\t\t\twidth: 25%;\n\t\t\t\t}\n\t\t\t\t#gallery-11 img {\n\t\t\t\t\tborder: 2px solid #cfcfcf;\n\t\t\t\t}\n\t\t\t\t#gallery-11 .gallery-caption {\n\t\t\t\t\tmargin-left: 0;\n\t\t\t\t}\n\t\t\t\t\/* see gallery_shortcode() in wp-includes\/media.php *\/\n\t\t\t<\/style>\n\t\t<div id='gallery-11' class='dt-gallery-container gallery galleryid-312033 gallery-columns-4 gallery-size-medium'><dl class='gallery-item'>\n\t\t\t\t<dt class='gallery-icon landscape'>\n\t\t\t\t\t<a class=\"rollover rollover-zoom dt-pswp-item\" title=\"Schermata 2022-12-17 alle 09.34.29\" data-dt-img-description=\"\" data-large_image_width=\"1296\" data-large_image_height=\"740\"href='https:\/\/www.radiopiu.net\/wordpress\/wp-content\/uploads\/2022\/12\/Schermata-2022-12-17-alle-09.34.29.png'><img loading=\"lazy\" decoding=\"async\" width=\"300\" height=\"171\" src=\"https:\/\/www.radiopiu.net\/wordpress\/wp-content\/uploads\/2022\/12\/Schermata-2022-12-17-alle-09.34.29-300x171.png\" class=\"attachment-medium size-medium\" alt=\"\" srcset=\"https:\/\/www.radiopiu.net\/wordpress\/wp-content\/uploads\/2022\/12\/Schermata-2022-12-17-alle-09.34.29-300x171.png 300w, https:\/\/www.radiopiu.net\/wordpress\/wp-content\/uploads\/2022\/12\/Schermata-2022-12-17-alle-09.34.29-1024x585.png 1024w, https:\/\/www.radiopiu.net\/wordpress\/wp-content\/uploads\/2022\/12\/Schermata-2022-12-17-alle-09.34.29-768x439.png 768w, https:\/\/www.radiopiu.net\/wordpress\/wp-content\/uploads\/2022\/12\/Schermata-2022-12-17-alle-09.34.29.png 1296w\" sizes=\"auto, (max-width: 300px) 100vw, 300px\" \/><\/a>\n\t\t\t\t<\/dt><\/dl><dl class='gallery-item'>\n\t\t\t\t<dt class='gallery-icon landscape'>\n\t\t\t\t\t<a class=\"rollover rollover-zoom dt-pswp-item\" title=\"Schermata 2022-12-17 alle 09.35.16\" data-dt-img-description=\"\" data-large_image_width=\"1068\" data-large_image_height=\"674\"href='https:\/\/www.radiopiu.net\/wordpress\/wp-content\/uploads\/2022\/12\/Schermata-2022-12-17-alle-09.35.16.png'><img loading=\"lazy\" decoding=\"async\" width=\"300\" height=\"189\" src=\"https:\/\/www.radiopiu.net\/wordpress\/wp-content\/uploads\/2022\/12\/Schermata-2022-12-17-alle-09.35.16-300x189.png\" class=\"attachment-medium size-medium\" alt=\"\" srcset=\"https:\/\/www.radiopiu.net\/wordpress\/wp-content\/uploads\/2022\/12\/Schermata-2022-12-17-alle-09.35.16-300x189.png 300w, https:\/\/www.radiopiu.net\/wordpress\/wp-content\/uploads\/2022\/12\/Schermata-2022-12-17-alle-09.35.16-1024x646.png 1024w, https:\/\/www.radiopiu.net\/wordpress\/wp-content\/uploads\/2022\/12\/Schermata-2022-12-17-alle-09.35.16-768x485.png 768w, https:\/\/www.radiopiu.net\/wordpress\/wp-content\/uploads\/2022\/12\/Schermata-2022-12-17-alle-09.35.16.png 1068w\" sizes=\"auto, (max-width: 300px) 100vw, 300px\" \/><\/a>\n\t\t\t\t<\/dt><\/dl><dl class='gallery-item'>\n\t\t\t\t<dt class='gallery-icon landscape'>\n\t\t\t\t\t<a class=\"rollover rollover-zoom dt-pswp-item\" title=\"Schermata 2022-12-17 alle 09.35.02\" data-dt-img-description=\"\" data-large_image_width=\"1130\" data-large_image_height=\"660\"href='https:\/\/www.radiopiu.net\/wordpress\/wp-content\/uploads\/2022\/12\/Schermata-2022-12-17-alle-09.35.02.png'><img loading=\"lazy\" decoding=\"async\" width=\"300\" height=\"175\" src=\"https:\/\/www.radiopiu.net\/wordpress\/wp-content\/uploads\/2022\/12\/Schermata-2022-12-17-alle-09.35.02-300x175.png\" class=\"attachment-medium size-medium\" alt=\"\" srcset=\"https:\/\/www.radiopiu.net\/wordpress\/wp-content\/uploads\/2022\/12\/Schermata-2022-12-17-alle-09.35.02-300x175.png 300w, https:\/\/www.radiopiu.net\/wordpress\/wp-content\/uploads\/2022\/12\/Schermata-2022-12-17-alle-09.35.02-1024x598.png 1024w, https:\/\/www.radiopiu.net\/wordpress\/wp-content\/uploads\/2022\/12\/Schermata-2022-12-17-alle-09.35.02-768x449.png 768w, https:\/\/www.radiopiu.net\/wordpress\/wp-content\/uploads\/2022\/12\/Schermata-2022-12-17-alle-09.35.02.png 1130w\" sizes=\"auto, (max-width: 300px) 100vw, 300px\" \/><\/a>\n\t\t\t\t<\/dt><\/dl><dl class='gallery-item'>\n\t\t\t\t<dt class='gallery-icon landscape'>\n\t\t\t\t\t<a class=\"rollover rollover-zoom dt-pswp-item\" title=\"Schermata 2022-12-17 alle 09.34.45\" data-dt-img-description=\"\" data-large_image_width=\"1020\" data-large_image_height=\"772\"href='https:\/\/www.radiopiu.net\/wordpress\/wp-content\/uploads\/2022\/12\/Schermata-2022-12-17-alle-09.34.45.png'><img loading=\"lazy\" decoding=\"async\" width=\"300\" height=\"227\" src=\"https:\/\/www.radiopiu.net\/wordpress\/wp-content\/uploads\/2022\/12\/Schermata-2022-12-17-alle-09.34.45-300x227.png\" class=\"attachment-medium size-medium\" alt=\"\" srcset=\"https:\/\/www.radiopiu.net\/wordpress\/wp-content\/uploads\/2022\/12\/Schermata-2022-12-17-alle-09.34.45-300x227.png 300w, https:\/\/www.radiopiu.net\/wordpress\/wp-content\/uploads\/2022\/12\/Schermata-2022-12-17-alle-09.34.45-768x581.png 768w, https:\/\/www.radiopiu.net\/wordpress\/wp-content\/uploads\/2022\/12\/Schermata-2022-12-17-alle-09.34.45.png 1020w\" sizes=\"auto, (max-width: 300px) 100vw, 300px\" \/><\/a>\n\t\t\t\t<\/dt><\/dl><br style=\"clear: both\" \/>\n\t\t\t<\/div>\n\n<hr \/>\n<p>&nbsp;<\/p>\n<blockquote>\n<h3>UN AIUTO ALLE FAMIGLIE\u00a0 DEGLI STUDENTI E ALLE AZIENDE<\/h3>\n<\/blockquote>\n<p><strong>ROCCA PIETORE <\/strong>Il Comune di Rocca Pietore per l&#8217;anno scolastico 2022-2023 ha approvato l&#8217;intervento a favore delle famiglie per il contenimento della spesa legata al trasporto scolastico e ai costi per l&#8217;alloggio degli studenti residenti nel Comune di Rocca Pietore e frequentanti le scuole secondarie di secondo grado. Il contributo erogabile \u00e8 cos\u00ec definito: studenti che utilizzando il trasporto pubblico: \u20ac 200,00 a studente; studenti in alloggio\/convitto: \u20ac 300,00 a studente; Le richieste vanno inoltrate al Comune di Rocca Pietore entro il 28 febbraio 2023.<br \/>\nE&#8217; stato inoltre\u00a0 approvato il bando pubblico per la concessione di contributi a fondo perduto a sostegno delle attivit\u00e0 economiche, commerciali e artigianali di cui al Decreto del Presidente del Consiglio del 24 settembre 2020 \u2013 Annualit\u00e0 2021. Le richieste vanno inoltrate entro 30 giorni.<\/p>\n<p>&nbsp;<\/p>\n<p>&nbsp;<\/p>\n<hr \/>\n<p>&nbsp;<\/p>\n<blockquote>\n<h3>CONSIGLI COMUNALI<\/h3>\n<\/blockquote>\n<p><strong>RIVAMONTE\u00a0<\/strong> Il sindaco Nino Deon ha convocato il consiglio comunale per mercoledi 21 dicembre alle 18. All&#8217;ordine del giorno la convenzione per il potenziamento del numero di posti nel servizio di asilo nido e la revisione ordinaria delle partecipazioni possedute.<\/p>\n<p><strong>AGORDO<\/strong> Giovedi alle 17.30 consiglio comunale in seduta ordinaria e pubblica. Ordine del giorno: variazione al piano esecutivo di gestione; autorizzazione all&#8217;acquisizione di aree private per l&#8217;ampliamento di via Poloni; revisione ordinaria dele partecipazioni societaria detenute al 31 dicembre; approvazione convenzione per il potenziamento del numero dei posti nel servizio di asilo nido.<\/p>\n<p><strong>CANALE D&#8217;AGORDO<\/strong> Il sindaco di Canale D&#8217;Agordo Flavio Colcergnan ha convocato il consiglio comunale per gioved\u00ec 22 dicembre alle 20. Quattro i punti da trattare tra cui la convenzione con altri comuni per la gestione dell&#8217;ufficio di segreteria e il regolamento comunale patrocini e concessione contributi.<\/p>\n<p><strong>ALLEGHE\u00a0 <\/strong>Lunedi 19 di dicembre consiglio comunale in riva al lago. I principali argomenti: piano di valorizzazione del patrimonio immobiliare, adozione programma del fondo per le spese di urbanizzazione, programma triennale dei lavori pubblici, regolamento sull&#8217;imposta di soggiorno, approvazione aliquote Imu per il 2023, approvazione del bilancio di previsione (Dup), concessiona area comunale in localit\u00e0 Vallazza, prelievo dal fondo di riserva.<\/p>\n<p>&nbsp;<\/p>\n<blockquote>\n<h3>L&#8217;ASSEMBLEA DEL BIM PIAVE<\/h3>\n<\/blockquote>\n<p><strong>BELLUNO<\/strong> L&#8217;assemblea del Consorzio dei Comuni del Bacino Imbrifero Montano del Piave \u00e8 convocata per mercoledi alle 14.30 in Sala Bianchi.\u00a0 Sar\u00e0 messa in approvazione la quinta variazione al bilancio di previsione 2022-24 e sar\u00e0 proposta la revisione periodica delle societ\u00e0 partecipate detenute dal 31 dicembre.<\/p>\n<p>&nbsp;<\/p>\n<p>&nbsp;<\/p>\n<hr \/>\n<p>&nbsp;<\/p>\n<blockquote>\n<h3>CONCERTO DI NATALE PER IL PERSONALE DELL&#8217;OSPEDALE DI AGORDO<\/h3>\n<\/blockquote>\n<p><strong>AGORDO<\/strong> E&#8217; in programma per mercoled\u00ec 28 dicembre alle 20:30 in sala Don Tamis ad Agordo il Concerto di Natale dedicato al personale dell&#8217;Ospedale di Agordo. Ombretta Bosio mezzosoprano, Nausicaa Bosio al pianoforte e Niccol\u00f2 Bosio alla fisarmonica. In collaborazione con Agordo Musica<\/p>\n<p>&nbsp;<\/p>\n<p>&nbsp;<\/p>\n<hr \/>\n<p>&nbsp;<\/p>\n<p><a class=\"dt-pswp-item\" href=\"https:\/\/www.radiopiu.net\/wordpress\/wp-content\/uploads\/2022\/12\/Senza-nome-78.jpg\" data-dt-img-description=\"\" data-large_image_width=\"822\" data-large_image_height=\"722\"><img loading=\"lazy\" decoding=\"async\" class=\"size-medium wp-image-311532 aligncenter\" src=\"https:\/\/www.radiopiu.net\/wordpress\/wp-content\/uploads\/2022\/12\/Senza-nome-78-300x264.jpg\" alt=\"\" width=\"300\" height=\"264\" srcset=\"https:\/\/www.radiopiu.net\/wordpress\/wp-content\/uploads\/2022\/12\/Senza-nome-78-300x264.jpg 300w, https:\/\/www.radiopiu.net\/wordpress\/wp-content\/uploads\/2022\/12\/Senza-nome-78-768x675.jpg 768w, https:\/\/www.radiopiu.net\/wordpress\/wp-content\/uploads\/2022\/12\/Senza-nome-78.jpg 822w\" sizes=\"auto, (max-width: 300px) 100vw, 300px\" \/><\/a><\/p>\n<p>&nbsp;<\/p>\n<p>&nbsp;<\/p>\n<hr \/>\n<p>&nbsp;<\/p>\n<blockquote>\n<h3>MERCATINI DI NATALE A SOTTOGUDA<\/h3>\n<\/blockquote>\n<p><strong>ROCCA PIETORE<\/strong> Tre giorni di mercatini sotto la Marmolada. Torna a Sottoguda &#8220;Nad\u00e8l Ignanter i Tabiei&#8221; il 28, 29 e 30 dicembre dalle 13 alle 19. Mercoled\u00ec 28 alle 16 &#8220;Dolci note sotto la neve&#8221; con il Coro Sottoguda. Venerd\u00ec 30 dicembre alle 17 &#8220;Una montagna di note&#8221; con l&#8217;Orchestra Dolomiti.<\/p>\n<p><a class=\"dt-pswp-item\" href=\"https:\/\/www.radiopiu.net\/wordpress\/wp-content\/uploads\/2022\/12\/7b12f4ab-d16b-4440-9e84-3a4af82af38b.jpg\" data-dt-img-description=\"\" data-large_image_width=\"1131\" data-large_image_height=\"1600\"><img loading=\"lazy\" decoding=\"async\" class=\"size-medium wp-image-311657 aligncenter\" src=\"https:\/\/www.radiopiu.net\/wordpress\/wp-content\/uploads\/2022\/12\/7b12f4ab-d16b-4440-9e84-3a4af82af38b-212x300.jpg\" alt=\"\" width=\"212\" height=\"300\" srcset=\"https:\/\/www.radiopiu.net\/wordpress\/wp-content\/uploads\/2022\/12\/7b12f4ab-d16b-4440-9e84-3a4af82af38b-212x300.jpg 212w, https:\/\/www.radiopiu.net\/wordpress\/wp-content\/uploads\/2022\/12\/7b12f4ab-d16b-4440-9e84-3a4af82af38b-724x1024.jpg 724w, https:\/\/www.radiopiu.net\/wordpress\/wp-content\/uploads\/2022\/12\/7b12f4ab-d16b-4440-9e84-3a4af82af38b-768x1086.jpg 768w, https:\/\/www.radiopiu.net\/wordpress\/wp-content\/uploads\/2022\/12\/7b12f4ab-d16b-4440-9e84-3a4af82af38b-1086x1536.jpg 1086w, https:\/\/www.radiopiu.net\/wordpress\/wp-content\/uploads\/2022\/12\/7b12f4ab-d16b-4440-9e84-3a4af82af38b.jpg 1131w\" sizes=\"auto, (max-width: 212px) 100vw, 212px\" \/><\/a><\/p>\n<p>&nbsp;<\/p>\n<hr \/>\n<p>&nbsp;<\/p>\n<blockquote>\n<h3>IN BASILICA DI SAN MARTINO<\/h3>\n<\/blockquote>\n<p><strong>BELLUNO<\/strong> Mercoled\u00ec\u00a0 alle 19, il Circolo Culturale Bellunese chiude la stagione regalando con\u00a0 l&#8217;esecuzione della Messa in si minore\u00a0 di Johann Sebastian Bach, diretta dal Maestro Andrea Marcon con l&#8217;orchestra Frau Musika accompagnata dal Coro del Friuli Venezia Giulia<\/p>\n<p>&nbsp;<\/p>\n<p>&nbsp;<\/p>\n<hr \/>\n<p>&nbsp;<\/p>\n<blockquote>\n<h3>LETTURE DI NATALE PER BAMBINI<\/h3>\n<\/blockquote>\n<p><strong>LIMANA<\/strong> La biblioteca di Limana organizza per oggi un pomeriggio di letture di Natale per bambini. L&#8217;appuntamento \u00e8 alle 16:45 per i bambini dai 24 ai 36 mesi e alle 17:45 per il pubblico dai 3 ai 5 anni. Le letture saranno a cura di Federica De Col. Obbligo di prenotazione a cultura@comune.limana.bl.it<\/p>\n<p>&nbsp;<\/p>\n<p>&nbsp;<\/p>\n<hr \/>\n<p>&nbsp;<\/p>\n<blockquote>\n<h3>CORSI DI INGLESE E di PROJECT MANAGEMENT CON IL COMITATO D\u2019INTESA<\/h3>\n<\/blockquote>\n<p><strong>BELLUNO<\/strong> Due nuovi corsi di formazione, completamente gratuiti, aperti alla partecipazione di volontari lavoratori residenti in provincia di Belluno, grazie al Comitato d\u2019Intesa, partner del progetto \u201cAge Management: ibridazione e trasmissione delle competenze\u201d.\u00a0 Gli appuntamenti, della durata di 16 ore ciascuno, si terranno nei mesi di gennaio e febbraio presso la sede del Comitato d\u2019Intesa. Possono partecipare lavoratori impiegati part time o full time presso datori di lavoro di imprese private, ma anche titolari d\u2019impresa, coadiuvanti, liberi professionisti e lavoratori autonomi,\u00a0\u00e8 necessario inviare la propria manifestazione di interesse a europa@comitatodintesa.it.<\/p>\n<p>&nbsp;<\/p>\n<p>&nbsp;<\/p>\n<hr \/>\n<p>&nbsp;<\/p>\n<blockquote>\n<h3>I PRESEPI DEI COLMIEI E DE LE VILE<\/h3>\n<\/blockquote>\n<p><strong>CANALE D&#8217;AGORDO<\/strong> Torna a Canale D&#8217;Agordo anche quest&#8217;inverno l&#8217;iniziativa <b><i>&#8220;I Presepi dei Colmi\u00e9i e de le V\u00ecle&#8221;<\/i><\/b>. Si tratta della 3\u00b0 edizione di una tradizione che \u00e8 stata ripresa dal passato e che coinvolge la Comunit\u00e0 di Canale d&#8217;Agordo: ogni Colm\u00e8l (=quartiere) realizza un presepe secondo il proprio ingegno e la propria creativit\u00e0, in un percorso lungo le vie di questo borgo suggestivo della Valle del Biois. La mappa delle postazioni \u00e8 consultabile inquadrando il QR Code sui manifesti, mentre la cartina \u00e8 disponibile in formato cartaceo presso l&#8217;ufficio informazioni al Museo Albino Luciani, aperto dal 23.12 tutti i giorni fino al 08.01 (tranne il 25.12, il 31.12 pomeriggio e il 01.01 mattina). E&#8217; possibile votare il presepe preferito fino a fine gennaio mettendo un like sul post corrispondente alla pagina facebook Pro Loco Canale d&#8217;Agordo oppure segnalandolo direttamente in ufficio. Al termine del concorso il presepe pi\u00f9 bello sar\u00e0 premiato.<\/p>\n<a href=\"https:\/\/www.radiopiu.net\/wordpress\/wp-content\/uploads\/2022\/12\/I-Presepi-dei-Colmiei-e-de-le-Vile-3\u00b0-edizione.pdf\" class=\"pdfemb-viewer\" style=\"\" data-width=\"max\" data-height=\"max\" data-toolbar=\"top\" data-toolbar-fixed=\"on\">I Presepi dei Colmie\u0301i e de le Vi\u0300le- 3\u00b0 edizione<\/a>\n<p>&nbsp;<\/p>\n<hr \/>\n<p>&nbsp;<\/p>\n<blockquote>\n<h3>GIROLAMO SEGATO. ESPLORATORE DELL\u2019IGNOTO NATO A VEDANA: SCIENZIATO, CHIMICO, VIAGGIATORE, CARTOGRAFO, INVENTORE\u2026<\/h3>\n<\/blockquote>\n<p><strong>di Renato Bona<\/strong><\/p>\n<p>Nel dicembre di trent\u2019anni fa Media Diffusion editrice diede alle stampe con la trevigiana Italprint lo splendido libro dei bellunesi Ivano Pocchiesa (purtroppo mancato) e Mario Fornaro, intitolato \u201cGirolamo Segato esploratore dell\u2019ignoto\u201d. L\u2019opera, che richiese notevole impegno per la ricerca di documentazioni ed immagini, venne realizzata nel duecentesimo anniversario della nascita (13 giugno 1792) di quello che \u00e8 stato, fra l\u2019altro, \u201cinventore del metodo di pietrificazione dei cadaveri e port\u00f2 il suo segreto nella tomba (nel 1836)\u201d. La presentazione degli autori, due cari amici oltre che colleghi di chi stende queste note, era preceduta da un saluto dell\u2019allora presidente della Provincia di Belluno, Oscar De Bona il quale definiva il libro \u201cUn\u2019opera molto ricca, tanto nei contenuti quanto nella parte illustrativa, che sono un po\u2019 la \u2018summa\u2019 di quanto \u00e8 oggi possibile sapere sul \u2018personaggio Segato\u2019, uno dei figli illustri della nostra terra, nato nella Certosa di Vedana, morto a Firenze e sepolto in Santa Croce\u201d. Evidenziava quindi come gli autori \u201cdicono una parola pressoch\u00e9 definitivsa su colui che \u00e8 passato alla storia per avere ideato un metodo di pietrificare i corpi portando tale \u2018segreto\u2019 nella tomba, senza rivelarlo ad alcuno\u201d. Ma, evidenziava, \u201cPocchiesa e Fornaro hanno cercato di \u2018approfondire\u2019 anche gli altri aspetti della personalit\u00e0 di Segato, con un\u2019indagine introspettiva &#8211; ove possibile &#8211; che ce lo rende \u2018personaggio\u2019 complesso, poliedrico, geniale, degno della lunga fama che perdura sul suo nome\u2026 Il fascino di quest\u2019uomo \u00e8 proprio nella sua vita \u2018romanzata\u2019, nella sua dedizione alla ricerca, volta alla scoperta di un \u2018ideale\u2019 ai suoi tempi ritenuto utile alla scienza (la conservazione dei corpi per poterli studiare a fondo)\u201d. Avviandosi a conclusione De Bona non trascurava di evidenziare che \u201c\u2026 contribuisce ad accrescere il suo \u2018fascino\u2019 aver trascorso vita avventurosa in Egitto e a Firenze, tra mille travagli quotidiani; ed anche la sua morte, che lo port\u00f2 via a quarantaquattro anni, nel pieno della vigoria fisica e della maturit\u00e0 mentale, quando incominciava a riscuotere riconoscimenti e successo\u201d. Il libro (sul quale avremo certo l\u2019occasione di tornare con altri servizi) si articola nei seguenti capitoli: Parte prima: \u201cGirolamo Segato ricercatore dell\u2019ignoto\u201d; \u201cCome nasce un personaggio\u201d; \u201cMistero e fascino dell\u2019Egitto\u201d; \u201cPiramidi e mummie\u201d; \u201cIl rientro in Italia\u201d; \u201cGli incontri con l\u2019amico Giovanni Pagani-Cesa\u201d; \u201cIl periodo turbolento di Firenze\u201d; \u201cEstimatori e nemici\u201d; \u201cPresagio di morte\u201d; \u201cLa fine\u201d; \u201cIl dopo morte\u201d; \u201cEredi e reperti\u201d. Parte seconda: \u201cGirolamo Segato i 200 anni (cronologia)\u201d; \u201cIl suo tempo\u201d; \u201cGirolamo Segato e Gregorio XVI\u201d; \u201cGirolamo Segato e Napoleone\u201d; \u201cSimpatie e amori\u201d; \u201cLe lettere\u201d; \u201cIspir\u00f2 poeti ed artisti\u201d; \u201cDocumentazione inedita\u201d. Parte terza: \u201cInserto a colori\u201d; \u201cLa conservazione dei corpi umani\u201d; \u201cCuriosit\u00e0: Girolamo Segato fu pietrificato\u201d; \u201cIl segreto di Segato e una indagine scientifica\u201d; \u201cGirolamo Segato, Bartolomeo Zanon e Carlo Frigimelica\u201d; \u201cLe sperimentazioni di Girolamo Segato 150 anni dopo\u201d. Conclusioni: \u201cUn reperto incontrato e ritrovato (testimonianza)\u201d; \u201cSospirolo per il bicentenario\u201d; \u201cConsiderazioni finali\u201d. Appendice: \u201cElenco dei preparati come e dove\u201d, \u201cAlbum di famiglia\u201d; \u201cIntitolazioni\u201d; \u201cBibliografia\u201d; \u201cRingraziamenti\u201d.<\/p>\n\n\t\t\t<style type='text\/css'>\n\t\t\t\t#gallery-12 {\n\t\t\t\t\tmargin: auto;\n\t\t\t\t}\n\t\t\t\t#gallery-12 .gallery-item {\n\t\t\t\t\tfloat: left;\n\t\t\t\t\tmargin-top: 10px;\n\t\t\t\t\ttext-align: center;\n\t\t\t\t\twidth: 14%;\n\t\t\t\t}\n\t\t\t\t#gallery-12 img {\n\t\t\t\t\tborder: 2px solid #cfcfcf;\n\t\t\t\t}\n\t\t\t\t#gallery-12 .gallery-caption {\n\t\t\t\t\tmargin-left: 0;\n\t\t\t\t}\n\t\t\t\t\/* see gallery_shortcode() in wp-includes\/media.php *\/\n\t\t\t<\/style>\n\t\t<div id='gallery-12' class='dt-gallery-container gallery galleryid-312033 gallery-columns-7 gallery-size-thumbnail'><dl class='gallery-item'>\n\t\t\t\t<dt class='gallery-icon portrait'>\n\t\t\t\t\t<a class=\"rollover rollover-zoom dt-pswp-item\" title=\"316648014_563119171833495_2976455347242097358_n\" data-dt-img-description=\"\" data-large_image_width=\"315\" data-large_image_height=\"720\"href='https:\/\/www.radiopiu.net\/wordpress\/wp-content\/uploads\/2022\/12\/316648014_563119171833495_2976455347242097358_n.jpg'><img loading=\"lazy\" decoding=\"async\" width=\"150\" height=\"150\" src=\"https:\/\/www.radiopiu.net\/wordpress\/wp-content\/uploads\/2022\/12\/316648014_563119171833495_2976455347242097358_n-150x150.jpg\" class=\"attachment-thumbnail size-thumbnail\" alt=\"\" \/><\/a>\n\t\t\t\t<\/dt><\/dl><dl class='gallery-item'>\n\t\t\t\t<dt class='gallery-icon landscape'>\n\t\t\t\t\t<a class=\"rollover rollover-zoom dt-pswp-item\" title=\"316881276_860678921644743_2491051324428838159_n\" data-dt-img-description=\"\" data-large_image_width=\"567\" data-large_image_height=\"403\"href='https:\/\/www.radiopiu.net\/wordpress\/wp-content\/uploads\/2022\/12\/316881276_860678921644743_2491051324428838159_n.jpg'><img loading=\"lazy\" decoding=\"async\" width=\"150\" height=\"150\" src=\"https:\/\/www.radiopiu.net\/wordpress\/wp-content\/uploads\/2022\/12\/316881276_860678921644743_2491051324428838159_n-150x150.jpg\" class=\"attachment-thumbnail size-thumbnail\" alt=\"\" \/><\/a>\n\t\t\t\t<\/dt><\/dl><dl class='gallery-item'>\n\t\t\t\t<dt class='gallery-icon portrait'>\n\t\t\t\t\t<a class=\"rollover rollover-zoom dt-pswp-item\" title=\"317426954_575809814363970_3919433072576504798_n\" data-dt-img-description=\"\" data-large_image_width=\"304\" data-large_image_height=\"414\"href='https:\/\/www.radiopiu.net\/wordpress\/wp-content\/uploads\/2022\/12\/317426954_575809814363970_3919433072576504798_n.jpg'><img loading=\"lazy\" decoding=\"async\" width=\"150\" height=\"150\" src=\"https:\/\/www.radiopiu.net\/wordpress\/wp-content\/uploads\/2022\/12\/317426954_575809814363970_3919433072576504798_n-150x150.jpg\" class=\"attachment-thumbnail size-thumbnail\" alt=\"\" \/><\/a>\n\t\t\t\t<\/dt><\/dl><dl class='gallery-item'>\n\t\t\t\t<dt class='gallery-icon landscape'>\n\t\t\t\t\t<a class=\"rollover rollover-zoom dt-pswp-item\" title=\"317499682_699357418294109_899013504362203879_n\" data-dt-img-description=\"\" data-large_image_width=\"432\" data-large_image_height=\"403\"href='https:\/\/www.radiopiu.net\/wordpress\/wp-content\/uploads\/2022\/12\/317499682_699357418294109_899013504362203879_n.jpg'><img loading=\"lazy\" decoding=\"async\" width=\"150\" height=\"150\" src=\"https:\/\/www.radiopiu.net\/wordpress\/wp-content\/uploads\/2022\/12\/317499682_699357418294109_899013504362203879_n-150x150.jpg\" class=\"attachment-thumbnail size-thumbnail\" alt=\"\" \/><\/a>\n\t\t\t\t<\/dt><\/dl><dl class='gallery-item'>\n\t\t\t\t<dt class='gallery-icon portrait'>\n\t\t\t\t\t<a class=\"rollover rollover-zoom dt-pswp-item\" title=\"318283368_850693356179668_3547868831055470283_n\" data-dt-img-description=\"\" data-large_image_width=\"304\" data-large_image_height=\"414\"href='https:\/\/www.radiopiu.net\/wordpress\/wp-content\/uploads\/2022\/12\/318283368_850693356179668_3547868831055470283_n.jpg'><img loading=\"lazy\" decoding=\"async\" width=\"150\" height=\"150\" src=\"https:\/\/www.radiopiu.net\/wordpress\/wp-content\/uploads\/2022\/12\/318283368_850693356179668_3547868831055470283_n-150x150.jpg\" class=\"attachment-thumbnail size-thumbnail\" alt=\"\" \/><\/a>\n\t\t\t\t<\/dt><\/dl><dl class='gallery-item'>\n\t\t\t\t<dt class='gallery-icon landscape'>\n\t\t\t\t\t<a class=\"rollover rollover-zoom dt-pswp-item\" title=\"318380359_1221707488727707_4369864890831909791_n\" data-dt-img-description=\"\" data-large_image_width=\"882\" data-large_image_height=\"403\"href='https:\/\/www.radiopiu.net\/wordpress\/wp-content\/uploads\/2022\/12\/318380359_1221707488727707_4369864890831909791_n.jpg'><img loading=\"lazy\" decoding=\"async\" width=\"150\" height=\"150\" src=\"https:\/\/www.radiopiu.net\/wordpress\/wp-content\/uploads\/2022\/12\/318380359_1221707488727707_4369864890831909791_n-150x150.jpg\" class=\"attachment-thumbnail size-thumbnail\" alt=\"\" \/><\/a>\n\t\t\t\t<\/dt><\/dl><dl class='gallery-item'>\n\t\t\t\t<dt class='gallery-icon landscape'>\n\t\t\t\t\t<a class=\"rollover rollover-zoom dt-pswp-item\" title=\"318606250_674169570870939_605244072216409658_n\" data-dt-img-description=\"\" data-large_image_width=\"641\" data-large_image_height=\"403\"href='https:\/\/www.radiopiu.net\/wordpress\/wp-content\/uploads\/2022\/12\/318606250_674169570870939_605244072216409658_n.jpg'><img loading=\"lazy\" decoding=\"async\" width=\"150\" height=\"150\" src=\"https:\/\/www.radiopiu.net\/wordpress\/wp-content\/uploads\/2022\/12\/318606250_674169570870939_605244072216409658_n-150x150.jpg\" class=\"attachment-thumbnail size-thumbnail\" alt=\"\" \/><\/a>\n\t\t\t\t<\/dt><\/dl><br style=\"clear: both\" \/><dl class='gallery-item'>\n\t\t\t\t<dt class='gallery-icon landscape'>\n\t\t\t\t\t<a class=\"rollover rollover-zoom dt-pswp-item\" title=\"319167744_670297754777489_4924550469706894746_n\" data-dt-img-description=\"\" data-large_image_width=\"475\" data-large_image_height=\"403\"href='https:\/\/www.radiopiu.net\/wordpress\/wp-content\/uploads\/2022\/12\/319167744_670297754777489_4924550469706894746_n.jpg'><img loading=\"lazy\" decoding=\"async\" width=\"150\" height=\"150\" src=\"https:\/\/www.radiopiu.net\/wordpress\/wp-content\/uploads\/2022\/12\/319167744_670297754777489_4924550469706894746_n-150x150.jpg\" class=\"attachment-thumbnail size-thumbnail\" alt=\"\" \/><\/a>\n\t\t\t\t<\/dt><\/dl><dl class='gallery-item'>\n\t\t\t\t<dt class='gallery-icon portrait'>\n\t\t\t\t\t<a class=\"rollover rollover-zoom dt-pswp-item\" title=\"319169798_905090997338429_3392497377514120059_n\" data-dt-img-description=\"\" data-large_image_width=\"320\" data-large_image_height=\"400\"href='https:\/\/www.radiopiu.net\/wordpress\/wp-content\/uploads\/2022\/12\/319169798_905090997338429_3392497377514120059_n.jpg'><img loading=\"lazy\" decoding=\"async\" width=\"150\" height=\"150\" src=\"https:\/\/www.radiopiu.net\/wordpress\/wp-content\/uploads\/2022\/12\/319169798_905090997338429_3392497377514120059_n-150x150.jpg\" class=\"attachment-thumbnail size-thumbnail\" alt=\"\" \/><\/a>\n\t\t\t\t<\/dt><\/dl><dl class='gallery-item'>\n\t\t\t\t<dt class='gallery-icon landscape'>\n\t\t\t\t\t<a class=\"rollover rollover-zoom dt-pswp-item\" title=\"319210204_653382519869246_8433937337537615537_n\" data-dt-img-description=\"\" data-large_image_width=\"702\" data-large_image_height=\"403\"href='https:\/\/www.radiopiu.net\/wordpress\/wp-content\/uploads\/2022\/12\/319210204_653382519869246_8433937337537615537_n.jpg'><img loading=\"lazy\" decoding=\"async\" width=\"150\" height=\"150\" src=\"https:\/\/www.radiopiu.net\/wordpress\/wp-content\/uploads\/2022\/12\/319210204_653382519869246_8433937337537615537_n-150x150.jpg\" class=\"attachment-thumbnail size-thumbnail\" alt=\"\" \/><\/a>\n\t\t\t\t<\/dt><\/dl><dl class='gallery-item'>\n\t\t\t\t<dt class='gallery-icon landscape'>\n\t\t\t\t\t<a class=\"rollover rollover-zoom dt-pswp-item\" title=\"319307796_3236779069967350_5158109622863398654_n\" data-dt-img-description=\"\" data-large_image_width=\"681\" data-large_image_height=\"403\"href='https:\/\/www.radiopiu.net\/wordpress\/wp-content\/uploads\/2022\/12\/319307796_3236779069967350_5158109622863398654_n.jpg'><img loading=\"lazy\" decoding=\"async\" width=\"150\" height=\"150\" src=\"https:\/\/www.radiopiu.net\/wordpress\/wp-content\/uploads\/2022\/12\/319307796_3236779069967350_5158109622863398654_n-150x150.jpg\" class=\"attachment-thumbnail size-thumbnail\" alt=\"\" \/><\/a>\n\t\t\t\t<\/dt><\/dl><dl class='gallery-item'>\n\t\t\t\t<dt class='gallery-icon portrait'>\n\t\t\t\t\t<a class=\"rollover rollover-zoom dt-pswp-item\" title=\"319536305_523662529789687_1208203578466292692_n\" data-dt-img-description=\"\" data-large_image_width=\"320\" data-large_image_height=\"451\"href='https:\/\/www.radiopiu.net\/wordpress\/wp-content\/uploads\/2022\/12\/319536305_523662529789687_1208203578466292692_n.jpg'><img loading=\"lazy\" decoding=\"async\" width=\"150\" height=\"150\" src=\"https:\/\/www.radiopiu.net\/wordpress\/wp-content\/uploads\/2022\/12\/319536305_523662529789687_1208203578466292692_n-150x150.jpg\" class=\"attachment-thumbnail size-thumbnail\" alt=\"\" \/><\/a>\n\t\t\t\t<\/dt><\/dl><dl class='gallery-item'>\n\t\t\t\t<dt class='gallery-icon portrait'>\n\t\t\t\t\t<a class=\"rollover rollover-zoom dt-pswp-item\" title=\"319549023_679281467130233_2404287304115088598_n\" data-dt-img-description=\"\" data-large_image_width=\"306\" data-large_image_height=\"414\"href='https:\/\/www.radiopiu.net\/wordpress\/wp-content\/uploads\/2022\/12\/319549023_679281467130233_2404287304115088598_n.jpg'><img loading=\"lazy\" decoding=\"async\" width=\"150\" height=\"150\" src=\"https:\/\/www.radiopiu.net\/wordpress\/wp-content\/uploads\/2022\/12\/319549023_679281467130233_2404287304115088598_n-150x150.jpg\" class=\"attachment-thumbnail size-thumbnail\" alt=\"\" \/><\/a>\n\t\t\t\t<\/dt><\/dl>\n\t\t\t\t<br style='clear: both' \/>\n\t\t\t<\/div>\n\n<p>&nbsp;<\/p>\n<p>NELLE FOTO (riproduzioni dal libro \u201cGirolamo Segato esploratore dell\u2019ignoto\u201d edito da Media Diffusion): la copertina del prezioso volume dei due bravi autori bellunesi; Ivano Pocchiesa; Mario Fornaro; il chiostro di Santa Croce a Firenze; il monumento funebre del Segato; la Certosa di Vedana al tempo della nascita di Girolamo; la vecchia parrocchiale di Libano (Belluno), poi abbandonata, dove il nostro venne battezzato; in una cella come questa sognava le vie del mondo\u2026; ritratto giovanile di Segato; dal porto veneziano di Malamocco salp\u00f2 per l\u2019Egitto dando avvio alla sua \u201cgrande avventura\u201d; classica immagine di piramidi egiziane; pianta della citt\u00e0 del Cairo in un disegno del bellunese Segato; scena da disegno originale di Girolamo Segato.<\/p>\n<p>&nbsp;<\/p>\n<p>&nbsp;<\/p>\n<hr \/>\n<p>&nbsp;<\/p>\n<blockquote>\n<h3>IL NUOVO SINGOLO DI MARCO V. DAL FARRA &#8220;COSI&#8217; NON VOGLIO&#8221;<\/h3>\n<\/blockquote>\n<p><strong>REDAZIONE <\/strong>\u00c8 uscito domenica 18 dicembre &#8220;Cos\u00ec Non Voglio&#8221; il nuovo singolo con Videoclip di Marco V. Dal Farra prodotto da Fabio Trentini e suonato dalla band di Marco composta da Elia Ganz alla batteria, Alex Diegoli e Simone Fagherazzi alle chitarre, Davide Nenci al basso e Mattia Andrich al pianoforte e tastiere. &#8220;Cos\u00ec non voglio&#8221; \u00e8 un brano che parla di un incontro, una storia d&#8217;amore che dura un istante, l&#8217;esatto momento in cui due persone si trovano casualmente davanti a loro stesse. Nascono idee, si sviluppano scene, film e poi&#8230;<\/p>\n<p><iframe loading=\"lazy\" title=\"Marco V. Dal Farra - Cos\u00ec non voglio (official video)\" width=\"1200\" height=\"675\" src=\"https:\/\/www.youtube.com\/embed\/qblAVWOfs2A?feature=oembed\" frameborder=\"0\" allow=\"accelerometer; autoplay; clipboard-write; encrypted-media; gyroscope; picture-in-picture\" allowfullscreen><\/iframe><\/p>\n<p>&nbsp;<\/p>\n<hr \/>\n<p>&nbsp;<\/p>\n<h2><span style=\"color: #ff0000;\">IERI ALLA RADIO<\/span><\/h2>\n<h2><strong><a class=\"dt-pswp-item\" href=\"https:\/\/www.radiopiu.net\/wordpress\/wp-content\/uploads\/2020\/12\/DON-GIORGIO-LISE.jpg\" data-dt-img-description=\"\" data-large_image_width=\"1600\" data-large_image_height=\"901\"><img loading=\"lazy\" decoding=\"async\" class=\" wp-image-177420 alignleft\" src=\"https:\/\/www.radiopiu.net\/wordpress\/wp-content\/uploads\/2020\/12\/DON-GIORGIO-LISE-300x169.jpg\" alt=\"\" width=\"227\" height=\"128\" srcset=\"https:\/\/www.radiopiu.net\/wordpress\/wp-content\/uploads\/2020\/12\/DON-GIORGIO-LISE-300x169.jpg 300w, https:\/\/www.radiopiu.net\/wordpress\/wp-content\/uploads\/2020\/12\/DON-GIORGIO-LISE-1024x577.jpg 1024w, https:\/\/www.radiopiu.net\/wordpress\/wp-content\/uploads\/2020\/12\/DON-GIORGIO-LISE-768x432.jpg 768w, https:\/\/www.radiopiu.net\/wordpress\/wp-content\/uploads\/2020\/12\/DON-GIORGIO-LISE-1536x865.jpg 1536w, https:\/\/www.radiopiu.net\/wordpress\/wp-content\/uploads\/2020\/12\/DON-GIORGIO-LISE.jpg 1600w\" sizes=\"auto, (max-width: 227px) 100vw, 227px\" \/><\/a><\/strong><span style=\"color: #33cccc;\">DUE MINUTI PER TE<\/span><\/h2>\n<p><strong>APPUNTAMENTO DELLA DOMENICA CON MONSIGNOR GIORGIO LISE<\/strong><\/p>\n<audio class=\"wp-audio-shortcode\" id=\"audio-312033-7\" preload=\"none\" style=\"width: 100%;\" controls=\"controls\"><source type=\"audio\/mpeg\" src=\"https:\/\/www.radiopiu.net\/wordpress\/wp-content\/uploads\/2022\/12\/DON-GIORGIO-2.mp3?_=7\" \/><a href=\"https:\/\/www.radiopiu.net\/wordpress\/wp-content\/uploads\/2022\/12\/DON-GIORGIO-2.mp3\">https:\/\/www.radiopiu.net\/wordpress\/wp-content\/uploads\/2022\/12\/DON-GIORGIO-2.mp3<\/a><\/audio>\n<p>&nbsp;<\/p>\n<hr \/>\n<p>&nbsp;<\/p>\n<blockquote class=\"wp-embedded-content\" data-secret=\"mFuyBqirnN\"><p><a href=\"https:\/\/www.radiopiu.net\/wordpress\/piu-mix-in-live-da-unidea-di-moreno-tocchetto-diretta-radio\/\">PIU&#8217; MIX IN LIVE, DA UN&#8217;IDEA DI MORENO TOCCHETTO &#8211; DIRETTA RADIO<\/a><\/p><\/blockquote>\n<p><iframe loading=\"lazy\" class=\"wp-embedded-content\" sandbox=\"allow-scripts\" security=\"restricted\" style=\"position: absolute; clip: rect(1px, 1px, 1px, 1px);\" title=\"&#8220;PIU&#8217; MIX IN LIVE, DA UN&#8217;IDEA DI MORENO TOCCHETTO &#8211; DIRETTA RADIO&#8221; &#8212; Radio Pi\u00f9\" src=\"https:\/\/www.radiopiu.net\/wordpress\/piu-mix-in-live-da-unidea-di-moreno-tocchetto-diretta-radio\/embed\/#?secret=IGxA7j8UpP#?secret=mFuyBqirnN\" data-secret=\"mFuyBqirnN\" width=\"600\" height=\"338\" frameborder=\"0\" marginwidth=\"0\" marginheight=\"0\" scrolling=\"no\"><\/iframe><\/p>\n<p>&nbsp;<\/p>\n<hr \/>\n<p>&nbsp;<\/p>\n<h2><strong><a class=\"dt-pswp-item\" href=\"https:\/\/www.radiopiu.net\/wordpress\/wp-content\/uploads\/2022\/12\/coop-arcobaleno.jpg\" data-dt-img-description=\"\" data-large_image_width=\"768\" data-large_image_height=\"416\"><img loading=\"lazy\" decoding=\"async\" class=\"size-medium wp-image-312045 alignleft\" src=\"https:\/\/www.radiopiu.net\/wordpress\/wp-content\/uploads\/2022\/12\/coop-arcobaleno-300x163.jpg\" alt=\"\" width=\"300\" height=\"163\" srcset=\"https:\/\/www.radiopiu.net\/wordpress\/wp-content\/uploads\/2022\/12\/coop-arcobaleno-300x163.jpg 300w, https:\/\/www.radiopiu.net\/wordpress\/wp-content\/uploads\/2022\/12\/coop-arcobaleno.jpg 768w\" sizes=\"auto, (max-width: 300px) 100vw, 300px\" \/><\/a><\/strong><span style=\"color: #993300;\">LA RASSEGNA STAMPA DA L&#8217;AMICO DEL POPOLO<\/span><\/h2>\n<p><strong>di Gianni Santomaso<\/strong><\/p>\n<p>OSPITE: Aldo Bertelle, Fondatore della Cooperativa Arcobaleno &#8217;86<\/p>\n<p>(FOTO: Amico Del Popolo)<\/p>\n<audio class=\"wp-audio-shortcode\" id=\"audio-312033-8\" preload=\"none\" style=\"width: 100%;\" controls=\"controls\"><source type=\"audio\/mpeg\" src=\"https:\/\/www.radiopiu.net\/wordpress\/wp-content\/uploads\/2022\/12\/RASSEGNA-GIANNI-2.mp3?_=8\" \/><a href=\"https:\/\/www.radiopiu.net\/wordpress\/wp-content\/uploads\/2022\/12\/RASSEGNA-GIANNI-2.mp3\">https:\/\/www.radiopiu.net\/wordpress\/wp-content\/uploads\/2022\/12\/RASSEGNA-GIANNI-2.mp3<\/a><\/audio>\n<p>&nbsp;<\/p>\n<hr \/>\n<p>&nbsp;<\/p>\n<div>\n<div class=\"b654a4as d2edcug0\">\n<div class=\"rq0escxv hkbzh7o3 jwdofwj8 n8tt0mok r8blr3vg hyh9befq\">\n<p><a class=\"dt-pswp-item\" href=\"https:\/\/www.radiopiu.net\/wordpress\/wp-content\/uploads\/2020\/10\/pp.jpg\" data-dt-img-description=\"\" data-large_image_width=\"640\" data-large_image_height=\"640\"><img loading=\"lazy\" decoding=\"async\" class=\"wp-image-163678 alignleft\" src=\"https:\/\/www.radiopiu.net\/wordpress\/wp-content\/uploads\/2020\/10\/pp-300x300.jpg\" alt=\"\" width=\"106\" height=\"106\" srcset=\"https:\/\/www.radiopiu.net\/wordpress\/wp-content\/uploads\/2020\/10\/pp-300x300.jpg 300w, https:\/\/www.radiopiu.net\/wordpress\/wp-content\/uploads\/2020\/10\/pp-150x150.jpg 150w, https:\/\/www.radiopiu.net\/wordpress\/wp-content\/uploads\/2020\/10\/pp-125x125.jpg 125w, https:\/\/www.radiopiu.net\/wordpress\/wp-content\/uploads\/2020\/10\/pp-200x200.jpg 200w, https:\/\/www.radiopiu.net\/wordpress\/wp-content\/uploads\/2020\/10\/pp-80x80.jpg 80w, https:\/\/www.radiopiu.net\/wordpress\/wp-content\/uploads\/2020\/10\/pp-480x480.jpg 480w, https:\/\/www.radiopiu.net\/wordpress\/wp-content\/uploads\/2020\/10\/pp.jpg 640w\" sizes=\"auto, (max-width: 106px) 100vw, 106px\" \/><\/a><\/p>\n<\/div>\n<\/div>\n<\/div>\n<div>\n<div class=\"page-title-head hgroup\">\n<div class=\"page-title-head hgroup\">\n<div class=\"b654a4as d2edcug0\">\n<div class=\"j83agx80 btwxx1t3 lhclo0ds hop8lmos nkwizq5d scwd0bx6 roh60bw9\">\n<div class=\"rq0escxv hkbzh7o3 jwdofwj8 n8tt0mok r8blr3vg hyh9befq\">\n<div class=\"do00u71z l9j0dhe7 k4urcfbm\" style=\"text-align: left;\">\n<h2><span style=\"color: #000080;\">DON CESARE, IL PENSIERO DEL GIORNO. ALLA RADIO ALLE 7 DEL MATTINO E ALLE 19.30 DELLA SERA\u00a0<\/span><\/h2>\n<audio class=\"wp-audio-shortcode\" id=\"audio-312033-9\" preload=\"none\" style=\"width: 100%;\" controls=\"controls\"><source type=\"audio\/mpeg\" src=\"https:\/\/www.radiopiu.net\/wordpress\/wp-content\/uploads\/2022\/12\/CESARE-12.mp3?_=9\" \/><a href=\"https:\/\/www.radiopiu.net\/wordpress\/wp-content\/uploads\/2022\/12\/CESARE-12.mp3\">https:\/\/www.radiopiu.net\/wordpress\/wp-content\/uploads\/2022\/12\/CESARE-12.mp3<\/a><\/audio>\n<p>&nbsp;<\/p>\n<hr \/>\n<p>&nbsp;<\/p>\n<h2><span style=\"color: #ff00ff;\">IN VIVO VERSO\u00a0<\/span><\/h2>\n<p><strong>LA RACCOLTA COMPLETA<\/strong><\/p>\n<blockquote class=\"wp-embedded-content\" data-secret=\"cJvl2qk3GO\"><p><a href=\"https:\/\/www.radiopiu.net\/wordpress\/in-vivo-verso\/\">In Vivo Verso<\/a><\/p><\/blockquote>\n<p><iframe loading=\"lazy\" class=\"wp-embedded-content\" sandbox=\"allow-scripts\" security=\"restricted\" style=\"position: absolute; clip: rect(1px, 1px, 1px, 1px);\" title=\"&#8220;In Vivo Verso&#8221; &#8212; Radio Pi\u00f9\" src=\"https:\/\/www.radiopiu.net\/wordpress\/in-vivo-verso\/embed\/#?secret=Hdklo08Nq6#?secret=cJvl2qk3GO\" data-secret=\"cJvl2qk3GO\" width=\"600\" height=\"338\" frameborder=\"0\" marginwidth=\"0\" marginheight=\"0\" scrolling=\"no\"><\/iframe><\/p>\n<p>&nbsp;<\/p>\n<h2><\/h2>\n<p>&nbsp;<\/p>\n<p>&nbsp;<\/p>\n<hr \/>\n<p>&nbsp;<\/p>\n<p><img loading=\"lazy\" decoding=\"async\" class=\"aligncenter wp-image-61954 size-full\" src=\"https:\/\/www.radiopiu.net\/wordpress\/wp-content\/uploads\/2018\/09\/viabilita.jpeg\" sizes=\"auto, (max-width: 800px) 100vw, 800px\" srcset=\"https:\/\/www.radiopiu.net\/wordpress\/wp-content\/uploads\/2018\/09\/viabilita.jpeg 800w, https:\/\/www.radiopiu.net\/wordpress\/wp-content\/uploads\/2018\/09\/viabilita-300x38.jpeg 300w, https:\/\/www.radiopiu.net\/wordpress\/wp-content\/uploads\/2018\/09\/viabilita-768x96.jpeg 768w\" alt=\"\" width=\"800\" height=\"100\" \/><\/p>\n<p>&nbsp;<\/p>\n<p>&nbsp;<\/p>\n<p><strong>AGGIORNAMENTO VENETO STRADE, AGGIORNAMENTO CONTINUO H 24<\/strong><\/p>\n<p>&nbsp;<\/p>\n<blockquote class=\"wp-embedded-content\" data-secret=\"hVONSr9Pei\"><p><a href=\"https:\/\/www.radiopiu.net\/wordpress\/viabilita\/\">viabilita<\/a><\/p><\/blockquote>\n<p><iframe loading=\"lazy\" class=\"wp-embedded-content\" sandbox=\"allow-scripts\" security=\"restricted\" style=\"position: absolute; clip: rect(1px, 1px, 1px, 1px);\" title=\"&#8220;viabilita&#8221; &#8212; Radio Pi\u00f9\" src=\"https:\/\/www.radiopiu.net\/wordpress\/viabilita\/embed\/#?secret=E8OZTyG28S#?secret=hVONSr9Pei\" data-secret=\"hVONSr9Pei\" width=\"600\" height=\"338\" frameborder=\"0\" marginwidth=\"0\" marginheight=\"0\" scrolling=\"no\"><\/iframe><\/p>\n<p>&nbsp;<\/p>\n<p>&nbsp;<\/p>\n<p>&nbsp;<\/p>\n<hr \/>\n<p>&nbsp;<\/p>\n<p><a class=\"dt-pswp-item\" href=\"https:\/\/www.radiopiu.net\/wordpress\/wp-content\/uploads\/2018\/09\/WhatsApp-Image-2018-09-20-at-16.04.06.jpeg\" data-dt-img-description=\"\" data-large_image_width=\"800\" data-large_image_height=\"100\"><img loading=\"lazy\" decoding=\"async\" class=\"wp-image-61378 size-full aligncenter\" src=\"https:\/\/www.radiopiu.net\/wordpress\/wp-content\/uploads\/2018\/09\/WhatsApp-Image-2018-09-20-at-16.04.06.jpeg\" alt=\"\" width=\"800\" height=\"100\" srcset=\"https:\/\/www.radiopiu.net\/wordpress\/wp-content\/uploads\/2018\/09\/WhatsApp-Image-2018-09-20-at-16.04.06.jpeg 800w, https:\/\/www.radiopiu.net\/wordpress\/wp-content\/uploads\/2018\/09\/WhatsApp-Image-2018-09-20-at-16.04.06-300x38.jpeg 300w, https:\/\/www.radiopiu.net\/wordpress\/wp-content\/uploads\/2018\/09\/WhatsApp-Image-2018-09-20-at-16.04.06-768x96.jpeg 768w\" sizes=\"auto, (max-width: 800px) 100vw, 800px\" \/><\/a><\/p>\n<p>&nbsp;<\/p>\n<p><center><\/center><center><b>OGGI<\/b><\/center><b>Tempo atteso: <\/b>Tempo stabile e solo in parte soleggiato per la presenza di velature (nubi alte e sottili) a tratti estese. Minor probabilit\u00e0 di nubi basse o nebbie nei fondovalle Prealpini fino al primo mattino.<br \/>\n<b>Precipitazioni: <\/b>Assenti (0%)<br \/>\n<b>Temperature: <\/b>In generale marcato rialzo in alta quota, a fondovalle stazionarie o in lieve aumento le minime, massime stazionarie o in lieve calo nei settori in ombra. Marcata inversione termica.<\/p>\n<hr \/>\n<p><center><b>DOMANI<\/b><\/center><b>Tempo atteso: <\/b>Tempo stabile e solo in parte soleggiato per la presenza di estese velature. A ridosso della pedemontana aumento della probabilit\u00e0 di nubi basse anche persistenti specie su veronese e vicentino.<br \/>\n<b>Precipitazioni: <\/b>Assenti (0%)<br \/>\n<b>Temperature: <\/b>Ulteriore rialzo termico in alta quota con forte inversione termica nelle valli. (zero termico a 3700 metri)<\/p>\n<hr \/>\n<p><center><b>MERCOLEDI<\/b><\/center>Al mattino qualche schiarita su Dolomiti, nubi basse su Prealpi specie occidentali con qualche pioviggine. Nel pomeriggio generale aumento della nuvolosit\u00e0 ovunque e non esclusa qualche goccia qua e l\u00e0 e pioviggine sui settori prealpini occidentali interessati da estese nubi basse. Qualche fiocco di neve cadr\u00e0 oltre i 2000 m. Temperature in calo in quota, stazionarie o in lieve aumento a fondovalle.<\/p>\n<hr \/>\n<p><center><b>GIOVEDI<\/b><\/center>Nella note residua nuvolosit\u00e0, in giornata soleggiato con cielo poco nuvoloso. Temperature in generale temporaneo calo in quota, in aumento a fondovalle.<\/p>\n<p>&nbsp;<\/p>\n<hr \/>\n<p>&nbsp;<\/p>\n<p>&nbsp;<\/p>\n<p><a class=\"dt-pswp-item\" href=\"https:\/\/www.radiopiu.net\/wordpress\/wp-content\/uploads\/2018\/09\/sport.jpg\" data-dt-img-description=\"\" data-large_image_width=\"800\" data-large_image_height=\"100\"><img loading=\"lazy\" decoding=\"async\" class=\"aligncenter wp-image-60761 size-full\" src=\"https:\/\/www.radiopiu.net\/wordpress\/wp-content\/uploads\/2018\/09\/sport.jpg\" alt=\"\" width=\"800\" height=\"100\" srcset=\"https:\/\/www.radiopiu.net\/wordpress\/wp-content\/uploads\/2018\/09\/sport.jpg 800w, https:\/\/www.radiopiu.net\/wordpress\/wp-content\/uploads\/2018\/09\/sport-300x38.jpg 300w, https:\/\/www.radiopiu.net\/wordpress\/wp-content\/uploads\/2018\/09\/sport-768x96.jpg 768w\" sizes=\"auto, (max-width: 800px) 100vw, 800px\" \/><\/a><\/p>\n<p>&nbsp;<\/p>\n<p>&nbsp;<\/p>\n<p>&nbsp;<\/p>\n<p><span style=\"color: #0000ff;\"><strong>SCI DI FONDO<\/strong><\/span><\/p>\n<blockquote>\n<h3>TRE TROFEI SULLA PIANA DI FALCADE PER IL PRIMO APPUNTAMENTO REGIONALE SUGLI SCI STRETTI<\/h3>\n<\/blockquote>\n<p><strong><a class=\"dt-pswp-item\" href=\"https:\/\/www.radiopiu.net\/wordpress\/wp-content\/uploads\/2022\/12\/PIANA-FALCADE-NEVE.jpg\" data-dt-img-description=\"\" data-large_image_width=\"722\" data-large_image_height=\"414\"><img loading=\"lazy\" decoding=\"async\" class=\" wp-image-312134 alignleft\" src=\"https:\/\/www.radiopiu.net\/wordpress\/wp-content\/uploads\/2022\/12\/PIANA-FALCADE-NEVE-300x172.jpg\" alt=\"\" width=\"143\" height=\"82\" srcset=\"https:\/\/www.radiopiu.net\/wordpress\/wp-content\/uploads\/2022\/12\/PIANA-FALCADE-NEVE-300x172.jpg 300w, https:\/\/www.radiopiu.net\/wordpress\/wp-content\/uploads\/2022\/12\/PIANA-FALCADE-NEVE.jpg 722w\" sizes=\"auto, (max-width: 143px) 100vw, 143px\" \/><\/a>FALCADE<\/strong> Sulla piana di Falcade lo Sci club Montebelluna ha proposto i Trofei Montecno, Za-Tech e Omart, primo appuntamento del calendario dello sci di fondo regionale. Sono stati 171 i concorrenti al via. Tra le societ\u00e0 si \u00e8 imposto lo Sci club Cortina davanti a Sci club Bosco e Sci club Val Biois.<\/p>\n<p><strong>PER LE CLASSIFICHE IL SITO FISI VENETO <a href=\"https:\/\/www.fisiveneto.com\/2022\/12\/17\/i-risultati-dei-trofei-montecno-za-tech-e-omart\/\">CLICCA QUI<\/a><\/strong><\/p>\n<p>&nbsp;<\/p>\n<blockquote>\n<h3>ANDREA ZORZI E ALEX SERAFINI SUL PODIO A GRESSONEY<\/h3>\n<\/blockquote>\n<p><strong><a class=\"dt-pswp-item\" href=\"https:\/\/www.radiopiu.net\/wordpress\/wp-content\/uploads\/2022\/12\/da-sx-andrea-zorzi-marco-corradin-alex-serafini-e-giacomo-schivo-gressoney-18.12.2022.jpg\" data-dt-img-description=\"\" data-large_image_width=\"1600\" data-large_image_height=\"1067\"><img loading=\"lazy\" decoding=\"async\" class=\" wp-image-312208 alignleft\" src=\"https:\/\/www.radiopiu.net\/wordpress\/wp-content\/uploads\/2022\/12\/da-sx-andrea-zorzi-marco-corradin-alex-serafini-e-giacomo-schivo-gressoney-18.12.2022-300x200.jpg\" alt=\"\" width=\"132\" height=\"88\" srcset=\"https:\/\/www.radiopiu.net\/wordpress\/wp-content\/uploads\/2022\/12\/da-sx-andrea-zorzi-marco-corradin-alex-serafini-e-giacomo-schivo-gressoney-18.12.2022-300x200.jpg 300w, https:\/\/www.radiopiu.net\/wordpress\/wp-content\/uploads\/2022\/12\/da-sx-andrea-zorzi-marco-corradin-alex-serafini-e-giacomo-schivo-gressoney-18.12.2022-1024x683.jpg 1024w, https:\/\/www.radiopiu.net\/wordpress\/wp-content\/uploads\/2022\/12\/da-sx-andrea-zorzi-marco-corradin-alex-serafini-e-giacomo-schivo-gressoney-18.12.2022-768x512.jpg 768w, https:\/\/www.radiopiu.net\/wordpress\/wp-content\/uploads\/2022\/12\/da-sx-andrea-zorzi-marco-corradin-alex-serafini-e-giacomo-schivo-gressoney-18.12.2022-1536x1024.jpg 1536w, https:\/\/www.radiopiu.net\/wordpress\/wp-content\/uploads\/2022\/12\/da-sx-andrea-zorzi-marco-corradin-alex-serafini-e-giacomo-schivo-gressoney-18.12.2022.jpg 1600w\" sizes=\"auto, (max-width: 132px) 100vw, 132px\" \/><\/a>GRESSONEY (AOSTA) <\/strong>Si sono svolte in Valle D&#8217;Aosta, pi\u00f9 precisamente a Gressoney, le prove valide per la Coppa Italia di Fondo. Ottimi risultati arrivano per il veneto e soprattutto per Falcade. Infatti, a vincere la prova valdostana \u00e8 stato l&#8217;altleta dello Ski College Falcade Andrea Zorzi che ha staccato di 30&#8243; Alex Serafini dello Sci Club Val Biois.<\/p>\n<p>&nbsp;<\/p>\n<p><span style=\"color: #0000ff;\"><strong>SNOWBOARD<\/strong><\/span><\/p>\n<blockquote>\n<h3>UNA DALMASSO SUPER CHIUDE LA TAPPA DI CORTINA DI COPPA DEL MONDO AL QUARTO POSTO<\/h3>\n<\/blockquote>\n<p><strong><a class=\"dt-pswp-item\" href=\"https:\/\/www.radiopiu.net\/wordpress\/wp-content\/uploads\/2022\/01\/934ed186-f1eb-4bee-a1c4-dae328874085.jpg\" data-dt-img-description=\"\" data-large_image_width=\"1080\" data-large_image_height=\"720\"><img loading=\"lazy\" decoding=\"async\" class=\" wp-image-256452 alignleft\" src=\"https:\/\/www.radiopiu.net\/wordpress\/wp-content\/uploads\/2022\/01\/934ed186-f1eb-4bee-a1c4-dae328874085-300x200.jpg\" alt=\"\" width=\"152\" height=\"101\" srcset=\"https:\/\/www.radiopiu.net\/wordpress\/wp-content\/uploads\/2022\/01\/934ed186-f1eb-4bee-a1c4-dae328874085-300x200.jpg 300w, https:\/\/www.radiopiu.net\/wordpress\/wp-content\/uploads\/2022\/01\/934ed186-f1eb-4bee-a1c4-dae328874085-1024x683.jpg 1024w, https:\/\/www.radiopiu.net\/wordpress\/wp-content\/uploads\/2022\/01\/934ed186-f1eb-4bee-a1c4-dae328874085-768x512.jpg 768w, https:\/\/www.radiopiu.net\/wordpress\/wp-content\/uploads\/2022\/01\/934ed186-f1eb-4bee-a1c4-dae328874085.jpg 1080w\" sizes=\"auto, (max-width: 152px) 100vw, 152px\" \/><\/a>CORTINA<\/strong> Seconda tappa italiana della Coppa del Mondo di Snowboard. Si \u00e8 gareggiato a Cortina sulla pista Faloria il gigante parallelo e arrivano buone notizie per Lucia Dalmasso. L&#8217;atleta delle Fiamme Gialle ha chiuso al quarto posto la tappa ampezzana. Un grande risultato per la falcadina che \u00e8 arrivata in semifinale ma \u00e8 stata sconfitta dalla tedesca Ramona Theresia Hofmeister. Nella finale di consolazione per la terza posizione una caduta ha compromesso la gara della Dalmasso che si \u00e8 dovuta accontentare della medaglia di legno. Nonostante tutto una splendida prestazione di Lucia anche se rimane l&#8217;amaro in bocca per il mancato podio.<\/p>\n<p>&nbsp;<\/p>\n<p><strong><span style=\"color: #0000ff;\">BIATHLON<\/span> \u00a0<\/strong><\/p>\n<blockquote>\n<h3>SEBASTIANO CAGNATI SEMPRE MEGLIO! IN VAL MARTELLO VICINO AL PODIO<\/h3>\n<\/blockquote>\n<header class=\"entry-header\">\n<div class=\"entry-meta\">Ancora in evidenza gli Aspiranti della squadra regionale di biathlon nella Coppa Italia Fiocchi.\u00a0 Ieri in Val Martello (Bolzano) si \u00e8 svolta una sprint che ha visto due atleti centrare la top ten: Sebastiano Cagnati (Val Biois) ha conquistato il 4. posto, mentre Tommaso De Bacco (Enal sport Villaga) il sesto., Top ten sfiorata per per Antonio Pertile (Sci club Gallio) che \u00e8 arrivato 11.mo.<\/div>\n<div><a class=\"dt-pswp-item\" href=\"https:\/\/www.radiopiu.net\/wordpress\/wp-content\/uploads\/2022\/12\/sebastiano-cagnati-4.-val-martello-biathlon-18-dic-2022-1536x1024-1.jpg\" data-dt-img-description=\"\" data-large_image_width=\"1536\" data-large_image_height=\"1024\"><img loading=\"lazy\" decoding=\"async\" class=\"size-medium wp-image-312366 aligncenter\" src=\"https:\/\/www.radiopiu.net\/wordpress\/wp-content\/uploads\/2022\/12\/sebastiano-cagnati-4.-val-martello-biathlon-18-dic-2022-1536x1024-1-300x200.jpg\" alt=\"\" width=\"300\" height=\"200\" srcset=\"https:\/\/www.radiopiu.net\/wordpress\/wp-content\/uploads\/2022\/12\/sebastiano-cagnati-4.-val-martello-biathlon-18-dic-2022-1536x1024-1-300x200.jpg 300w, https:\/\/www.radiopiu.net\/wordpress\/wp-content\/uploads\/2022\/12\/sebastiano-cagnati-4.-val-martello-biathlon-18-dic-2022-1536x1024-1-1024x683.jpg 1024w, https:\/\/www.radiopiu.net\/wordpress\/wp-content\/uploads\/2022\/12\/sebastiano-cagnati-4.-val-martello-biathlon-18-dic-2022-1536x1024-1-768x512.jpg 768w, https:\/\/www.radiopiu.net\/wordpress\/wp-content\/uploads\/2022\/12\/sebastiano-cagnati-4.-val-martello-biathlon-18-dic-2022-1536x1024-1.jpg 1536w\" sizes=\"auto, (max-width: 300px) 100vw, 300px\" \/>\u00a0<\/a><\/div>\n<\/header>\n<div><\/div>\n<p>&nbsp;<\/p>\n<p>&nbsp;<\/p>\n<p>&nbsp;<\/p>\n<p><span style=\"color: #0000ff;\"><strong>HOCKEY SU GHIACCIO<\/strong><\/span><\/p>\n<blockquote>\n<h3>IL COMO VINCE DI MISURA AL DE TONI. CIVETTE DI NUOVO KO<\/h3>\n<\/blockquote>\n<p><strong><a class=\"dt-pswp-item\" href=\"https:\/\/www.radiopiu.net\/wordpress\/wp-content\/uploads\/2022\/12\/5488736b-1aa9-40e6-b2c1-22167d3ba6cb.jpg\" data-dt-img-description=\"\" data-large_image_width=\"2048\" data-large_image_height=\"1364\"><img loading=\"lazy\" decoding=\"async\" class=\"size-medium wp-image-312150 alignleft\" src=\"https:\/\/www.radiopiu.net\/wordpress\/wp-content\/uploads\/2022\/12\/5488736b-1aa9-40e6-b2c1-22167d3ba6cb-300x200.jpg\" alt=\"\" width=\"300\" height=\"200\" srcset=\"https:\/\/www.radiopiu.net\/wordpress\/wp-content\/uploads\/2022\/12\/5488736b-1aa9-40e6-b2c1-22167d3ba6cb-300x200.jpg 300w, https:\/\/www.radiopiu.net\/wordpress\/wp-content\/uploads\/2022\/12\/5488736b-1aa9-40e6-b2c1-22167d3ba6cb-1024x682.jpg 1024w, https:\/\/www.radiopiu.net\/wordpress\/wp-content\/uploads\/2022\/12\/5488736b-1aa9-40e6-b2c1-22167d3ba6cb-768x512.jpg 768w, https:\/\/www.radiopiu.net\/wordpress\/wp-content\/uploads\/2022\/12\/5488736b-1aa9-40e6-b2c1-22167d3ba6cb-1536x1023.jpg 1536w, https:\/\/www.radiopiu.net\/wordpress\/wp-content\/uploads\/2022\/12\/5488736b-1aa9-40e6-b2c1-22167d3ba6cb.jpg 2048w\" sizes=\"auto, (max-width: 300px) 100vw, 300px\" \/><\/a>di Marco Gaz<\/strong><\/p>\n<p><strong>ALLEGHE \u2013 COMO 2-3<\/strong><\/p>\n<p>PARZIALI: 2-2, 0-0, 0-1<\/p>\n<p>GOL: pt. 1\u201930\u201d Pirelli, 4\u201920\u201d Colton, 8\u201917\u201d Novikovs, 13\u201925\u201d Harwell. tt. 4\u201942\u201d Dinicola<\/p>\n<p>Il Como espugna il De Toni di Alleghe con un solo gol di scarto. Una partita giocata a viso aperto dall\u2019Alleghe Hockey che ce la mette tutta per portare all\u2019overtime la sfida ma i lariani non hanno concesso nulla. Un primo tempo terminato in parit\u00e0, reti inviolate nel drittel centrale e gol decisivo arrivato a pochi minuti dall\u2019inizio della terza frazione. Gioved\u00ec di nuovo in campo e di nuovo ad Alleghe dove arrib\u00ecveranno gli altoatesini\u00a0 del Dobbiaco. Non inizia nel migliore dei modi la serata per gli alleghesi che dopo appena 90\u201d di gara si trovano sotto di una rete. Il Como colpisce in contropiede con Pirelli. La reazione agordina non si fa attendere e dopo alcuni tiri andati a vuoto arriva il gol del pareggio con Colton. Le squadre giocano a viso aperto e le occasioni non mancano da entrambi i fronti. Ad avere la meglio sono i padroni di casa che trovano il secondo gol della serata. Ci pensa Novikovs a spedire il disco alle spalle del portiere dopo una bella triangolazione con Colton e Soppelsa. Le civette provano ad incrementare il punteggio al primo powerplay ma il golie lariano sembra non voler regalare nulla. Il Como pareggia i conti subito dopo grazie ad un errore in fase difensiva alleghese, a punire Zanardi ci pensa Harwell. Seconda frazione di gara con i lombardi all\u2019attacco alla ricerca del gol del vantaggio. Bravo Zanardi a non cadere nel tranello degli ospiti. Agordini che si svegliano e provano a rispondere colpo su colpo. Protagonisti sono i portieri che riescono a tenere la porta inviolata fino alla sirena del secondo intervallo. Si continua a giocare alla pari anche nel terzo tempo ma ad avere la meglio sono i lariani che trovano il vantaggio con Dinicola. I ragazzi di Fontana lottano con le unghie e con i denti per cercare di pareggiare i conti. Il Como si chiude in difesa e solo nel finale l\u2019Alleghe gioca la carta del sesto uomo sul ghiaccio senza riuscire per\u00f2 trovare la rete che avrebbe portato la sfida all\u2019overtime.\u00a0 (FOTO: Annalisa Dal Mas)<\/p>\n<p>&nbsp;<\/p>\n<blockquote>\n<h3>ESTRATTI I BIGLIETTI VINCENTI DELLA LOTTERIA DELL&#8217;ALLEGHE HOCKEY<\/h3>\n<\/blockquote>\n<p><strong>REDAZIONE<\/strong> Durante gli intervalli della partita tra Alleghee Como valida per la IHL, sono stati estratti i biglietti vincenti della Lotteria organizzata dalle civette.<\/p>\n<p><strong>I NUMERI VINCENTI<\/strong><\/p>\n<a href=\"https:\/\/www.radiopiu.net\/wordpress\/wp-content\/uploads\/2022\/12\/LOTTERIA-ALLEGHE-HOCKEY.pdf\" class=\"pdfemb-viewer\" style=\"\" data-width=\"max\" data-height=\"max\" data-toolbar=\"top\" data-toolbar-fixed=\"on\">LOTTERIA ALLEGHE HOCKEY<\/a>\n<p>&nbsp;<\/p>\n<hr \/>\n<p>&nbsp;<\/p>\n<p><span style=\"color: #0000ff;\"><strong>CALCIO<\/strong><\/span><\/p>\n<blockquote>\n<h3>L&#8217;AGORDINA VINCE IL RECUPERO CON LA JUVENTINA DOPO UNA PARTITA SOFFERTA<\/h3>\n<\/blockquote>\n<p><strong><a class=\"dt-pswp-item\" href=\"https:\/\/www.radiopiu.net\/wordpress\/wp-content\/uploads\/2019\/09\/AGORDINA-CALCIO.jpeg\" data-dt-img-description=\"\" data-large_image_width=\"225\" data-large_image_height=\"225\"><img loading=\"lazy\" decoding=\"async\" class=\" wp-image-97575 alignleft\" src=\"https:\/\/www.radiopiu.net\/wordpress\/wp-content\/uploads\/2019\/09\/AGORDINA-CALCIO.jpeg\" alt=\"\" width=\"125\" height=\"125\" srcset=\"https:\/\/www.radiopiu.net\/wordpress\/wp-content\/uploads\/2019\/09\/AGORDINA-CALCIO.jpeg 225w, https:\/\/www.radiopiu.net\/wordpress\/wp-content\/uploads\/2019\/09\/AGORDINA-CALCIO-150x150.jpeg 150w\" sizes=\"auto, (max-width: 125px) 100vw, 125px\" \/><\/a>di Marco Gaz<\/strong><\/p>\n<p><strong>JUVENTINA \u2013 AGORDINA 3-4 (GOL AGORDINA: Buffo, Del Chin, 2 Paganin)<\/strong><\/p>\n<p>Il 2022 si chiude con una vittoria per l\u2019Agordina di Marco Lorenzi. Ottima prova per i ragazzi di Agordo che vincono contro la prima della classe, la Juventina, il recupero della dodicesima giornata della Seconda Categoria girone T del Veneto. Tre punti importanti per la classifica con la compagine di Agordo che abbandona la zona playout prima della pausa natalizia. Padroni di casa che passano in vantaggio con Curto che dopo appena 7\u2019 supera il portiere agordino con un pallonetto. La reazione della squadra allenata da Lorenzi non si fa attendere e al 15\u2019 pareggia i conti con un colpo di testa di Buffo su cross di Zannoni. Agordina che sembra essere in partita e lo dimostra poco dopo con Del Chin che firma la rete del vantaggio con un esterno imparabile per l\u2019estremo della Juventina. A fine primo tempo i feltrini pareggiano i conti grazie al sinistro dal limite dell\u2019area di Faoro. Nella ripresa Agordina di nuovo in vantaggio. Scavetto di De Lazzer per Paganin che la spizza di testa per il 3 a 2 momentaneo. \u00c8 un botta e risposta tra le due formazioni e la Juventina torna in corsa col pareggio a firma di Bellot. A decidere la sfida per\u00f2 \u00e8 Paganin che su assist di De Lazzer si trova solo davanti al portiere e non sbaglia. Finale di gara senza tante emozioni con l\u2019Agordina in attacco che incamera tre punti importanti in vista delle prossime partite contro Gemelle, recupero della tredicesima giornata l\u20198 gennaio, e Alpes Cesio nella prima giornata del girone di ritorno.<\/p>\n<p>&nbsp;<\/p>\n<p>&nbsp;<\/p>\n<hr \/>\n<p>&nbsp;<\/p>\n<p><span style=\"color: #0000ff;\"><strong>CALCIO A 5<\/strong><\/span><\/p>\n<blockquote>\n<h3>FC KOSOVA SI AGGIUDICA IL TORNEO DEGLI ANGELI 2022<\/h3>\n<\/blockquote>\n<p><strong>di Marco Gaz<\/strong><\/p>\n<p><strong>AGORDO<\/strong> Si \u00e8 conclusa con la vittoria dei ragazzi della FC Kosova la quindicesima edizione del Toreno Degli Angeli, la manifestazione di calcio a 5 organizzata dall&#8217;U.S. Le Ville in memoria di Thierry Brancaleone e Denis Benvegn\u00f9. Atto conclusivo al Palarova di Agordo dove le 9 squadre iscritte si sono sfidate negli ultimi tre fine settimana. F.C. Kosova che conquista il titolo dopo la vittoria per 5 a 3 contro il Le Ville dopo una partita combattuta e decisa dagli episodi. Questa la classifica finale: 1. Kosova, 2. Le Ville, 3. Gli Extra, 4. Zuita Futsal Team, 5. Republica Cioka, 6. Voltago, 7. Break Time, 8. Bar Ristorante da Carla, 9. Alleghe. I premi speciali sono andati a: David Tazzer (Le Ville) miglior portiere, Jari Monferone (Le Ville) capocannoniere con 9 gol, Break Time Coppa Disciplina, miglior giovane Hansel Benvegn\u00f9 (Bar Ristorante da Carla), Premio Fairplay Mario Leprotto al Zuita Futsal Team.<\/p>\n<p>&nbsp;<\/p>\n<p><strong>LE PREMIAZIONI &#8211; VIDEO RADIO PIU&#8217;<\/strong><\/p>\n<p>https:\/\/www.facebook.com\/mirko.mezzacasa\/videos\/3015945555372085<\/p>\n<p>&nbsp;<\/p>\n<blockquote>\n<h3>LA CANOTTIERI BELLUNO CHIUDE IN BELLEZZA IL 2022 RIFILANDO UNA MANITA ALLA MITI VICINALIS<\/h3>\n<\/blockquote>\n<p><strong><a class=\"dt-pswp-item\" href=\"https:\/\/www.radiopiu.net\/wordpress\/wp-content\/uploads\/2022\/12\/CANOTIERI-FOTO-UFFICIALE.jpg\" data-dt-img-description=\"\" data-large_image_width=\"2048\" data-large_image_height=\"1152\"><img loading=\"lazy\" decoding=\"async\" class=\" wp-image-312170 alignleft\" src=\"https:\/\/www.radiopiu.net\/wordpress\/wp-content\/uploads\/2022\/12\/CANOTIERI-FOTO-UFFICIALE-300x169.jpg\" alt=\"\" width=\"249\" height=\"140\" srcset=\"https:\/\/www.radiopiu.net\/wordpress\/wp-content\/uploads\/2022\/12\/CANOTIERI-FOTO-UFFICIALE-300x169.jpg 300w, https:\/\/www.radiopiu.net\/wordpress\/wp-content\/uploads\/2022\/12\/CANOTIERI-FOTO-UFFICIALE-1024x576.jpg 1024w, https:\/\/www.radiopiu.net\/wordpress\/wp-content\/uploads\/2022\/12\/CANOTIERI-FOTO-UFFICIALE-768x432.jpg 768w, https:\/\/www.radiopiu.net\/wordpress\/wp-content\/uploads\/2022\/12\/CANOTIERI-FOTO-UFFICIALE-1536x864.jpg 1536w, https:\/\/www.radiopiu.net\/wordpress\/wp-content\/uploads\/2022\/12\/CANOTIERI-FOTO-UFFICIALE.jpg 2048w\" sizes=\"auto, (max-width: 249px) 100vw, 249px\" \/><\/a>SERIE B GIRONE B<\/strong><\/p>\n<p><strong>MITI VICINALIS &#8211; CANOTTIERI BELLUNO 1-5<\/strong><\/p>\n<p>Triplo Dall&#8217;\u00d2, Dal Farra e Gheno con gol mondiale: Canottieri batte i Miti 5 a 1<\/p>\n<p><strong>di Antonio Fiabane, portavoce della Canottieri Belluno<\/strong><\/p>\n<audio class=\"wp-audio-shortcode\" id=\"audio-312033-10\" preload=\"none\" style=\"width: 100%;\" controls=\"controls\"><source type=\"audio\/mpeg\" src=\"https:\/\/www.radiopiu.net\/wordpress\/wp-content\/uploads\/2022\/12\/CANOTTIERI-SITO-2.mp3?_=10\" \/><a href=\"https:\/\/www.radiopiu.net\/wordpress\/wp-content\/uploads\/2022\/12\/CANOTTIERI-SITO-2.mp3\">https:\/\/www.radiopiu.net\/wordpress\/wp-content\/uploads\/2022\/12\/CANOTTIERI-SITO-2.mp3<\/a><\/audio>\n<p>&nbsp;<\/p>\n<hr \/>\n<p>&nbsp;<\/p>\n<p><span style=\"color: #0000ff;\"><strong>PALLAVOLO<\/strong><\/span><\/p>\n<blockquote>\n<h3>IL VOLLEY CLUB AGORDINO CHIUDE L&#8217;ANNO CON UNA VITTORIA<\/h3>\n<\/blockquote>\n<p><strong><a class=\"dt-pswp-item\" href=\"https:\/\/www.radiopiu.net\/wordpress\/wp-content\/uploads\/2022\/04\/VOLLEY-CLUB-AGORDINO.jpg\" data-dt-img-description=\"\" data-large_image_width=\"500\" data-large_image_height=\"512\"><img loading=\"lazy\" decoding=\"async\" class=\" wp-image-268787 alignleft\" src=\"https:\/\/www.radiopiu.net\/wordpress\/wp-content\/uploads\/2022\/04\/VOLLEY-CLUB-AGORDINO-293x300.jpg\" alt=\"\" width=\"146\" height=\"149\" srcset=\"https:\/\/www.radiopiu.net\/wordpress\/wp-content\/uploads\/2022\/04\/VOLLEY-CLUB-AGORDINO-293x300.jpg 293w, https:\/\/www.radiopiu.net\/wordpress\/wp-content\/uploads\/2022\/04\/VOLLEY-CLUB-AGORDINO.jpg 500w\" sizes=\"auto, (max-width: 146px) 100vw, 146px\" \/><\/a>di Marco Gaz<\/strong><\/p>\n<p><strong>VOLLEY CLUB AGORDINO &#8211; GODIGENSE 3-1 (23-25, 25-23, 25-13, 26-24)<\/strong><\/p>\n<p>Il Volley Club Agordino chiude in bellezza l&#8217;anno con una vittoria importante per la classifica. Al PalaRova di Agordo le ragazze allenate da De Nardin lottano contro le trevigiane della Godigese e strappano 3 punti dopo una partita fatta di alti e bassi. Primo set della squadra ospite e giocato punto a punto. Le ragazze di Agordo si svegliano nel secondo round pareggiando i conti. Terzo parziale di marca agordina con le ragazze di De Nardin che fanno la voce grossa incamerando il secondo punto della serata e staccando di 12 lunghezze le avversarie. Nel quarto e decisivo set \u00e8 una lotta tanto che si chiude con la vittoria della squadra di Agordo per 26 a 24. Ora una lunga pausa natalizia per il Volley Club Agordino che ritorner\u00e0 in campo il 14 gennaio per la sfida in trasferta con il Castion.<\/p>\n<p><strong>ALEXANDRA PUGLIA, GIOCATRICE DEL VOLLEY CLUB AGORDINO<\/strong><\/p>\n<audio class=\"wp-audio-shortcode\" id=\"audio-312033-11\" preload=\"none\" style=\"width: 100%;\" controls=\"controls\"><source type=\"audio\/mpeg\" src=\"https:\/\/www.radiopiu.net\/wordpress\/wp-content\/uploads\/2022\/12\/ALEXANDRA-PUGLIA-VOLLEY-CLUB-AGORDINO.mp3?_=11\" \/><a href=\"https:\/\/www.radiopiu.net\/wordpress\/wp-content\/uploads\/2022\/12\/ALEXANDRA-PUGLIA-VOLLEY-CLUB-AGORDINO.mp3\">https:\/\/www.radiopiu.net\/wordpress\/wp-content\/uploads\/2022\/12\/ALEXANDRA-PUGLIA-VOLLEY-CLUB-AGORDINO.mp3<\/a><\/audio>\n<p>&nbsp;<\/p>\n<blockquote>\n<h3>SECONDA VITTORIA CONSECUTIVA PER LE LUPE<\/h3>\n<\/blockquote>\n<p><b><a class=\"dt-pswp-item\" href=\"https:\/\/www.radiopiu.net\/wordpress\/wp-content\/uploads\/2022\/12\/HL_Immobiliare_Volley_in_festa.jpg\" data-dt-img-description=\"\" data-large_image_width=\"800\" data-large_image_height=\"400\"><img loading=\"lazy\" decoding=\"async\" class=\" wp-image-312167 alignleft\" src=\"https:\/\/www.radiopiu.net\/wordpress\/wp-content\/uploads\/2022\/12\/HL_Immobiliare_Volley_in_festa-300x150.jpg\" alt=\"\" width=\"210\" height=\"105\" srcset=\"https:\/\/www.radiopiu.net\/wordpress\/wp-content\/uploads\/2022\/12\/HL_Immobiliare_Volley_in_festa-300x150.jpg 300w, https:\/\/www.radiopiu.net\/wordpress\/wp-content\/uploads\/2022\/12\/HL_Immobiliare_Volley_in_festa-768x384.jpg 768w, https:\/\/www.radiopiu.net\/wordpress\/wp-content\/uploads\/2022\/12\/HL_Immobiliare_Volley_in_festa.jpg 800w\" sizes=\"auto, (max-width: 210px) 100vw, 210px\" \/><\/a>HL IMMOBILIARE BELLUNO-ARENA TEAM VOLLEY VERONA 3-2 (<\/b><strong>22-25, 25-19, 17-25, 25-6, 15-12)<\/strong><\/p>\n<p>La Pallavolo Belluno Femminile non \u00e8 solo una squadra in fiducia: \u00e8 una squadra matura. Perch\u00e9, anche senza la sua leader tecnica ed emotiva (la capitana Martina Fantinel, ai box per un\u2019influenza debilitante), la formazione di coach Nesello scioglie progressivamente i nodi di un confronto intricato, come quello con le veronesi dell\u2019Arena. E mette il timbro sulla seconda affermazione consecutiva: la terza, in generale, nel campionato di serie C. Un bel balzo avanti, quindi. In classifica, se \u00e8 vero che le bellunesi hanno raccolto 5 punti in 2 gare. E nelle certezze di un collettivo che si sta ritrovando e riesce a esprimere una buona pallavolo. Con un\u2019ottima interpretazione di almeno due fondamentali: il muro, con Zago (7) e Costa (6) assolute protagoniste del fondamentale. E il servizio: efficace e incisivo.<span class=\"gmail-Apple-converted-space\">\u00a0<\/span><\/p>\n<p>&nbsp;<\/p>\n<blockquote>\n<h3 class=\"entry-title\">PALLAVOLO BELLUNO A MACERATA, LA SPUNTA SOLO AL TIE BREAK<\/h3>\n<\/blockquote>\n<p><b class=\"photoswipe-wrapper\"><a class=\"dt-pswp-item pspw-wrap-ready\" href=\"https:\/\/www.radiopiu.net\/wordpress\/wp-content\/uploads\/2022\/12\/Maccabruni_in_palleggio_a_Macerata.jpg\" data-dt-img-description=\"\" data-large_image_width=\"1443\" data-large_image_height=\"962\"><img loading=\"lazy\" decoding=\"async\" class=\"size-medium wp-image-312320 alignleft\" src=\"https:\/\/www.radiopiu.net\/wordpress\/wp-content\/uploads\/2022\/12\/Maccabruni_in_palleggio_a_Macerata-300x200.jpg\" sizes=\"auto, (max-width: 300px) 100vw, 300px\" srcset=\"https:\/\/www.radiopiu.net\/wordpress\/wp-content\/uploads\/2022\/12\/Maccabruni_in_palleggio_a_Macerata-300x200.jpg 300w, https:\/\/www.radiopiu.net\/wordpress\/wp-content\/uploads\/2022\/12\/Maccabruni_in_palleggio_a_Macerata-1024x683.jpg 1024w, https:\/\/www.radiopiu.net\/wordpress\/wp-content\/uploads\/2022\/12\/Maccabruni_in_palleggio_a_Macerata-768x512.jpg 768w, https:\/\/www.radiopiu.net\/wordpress\/wp-content\/uploads\/2022\/12\/Maccabruni_in_palleggio_a_Macerata.jpg 1443w\" alt=\"\" width=\"300\" height=\"200\" \/><\/a>MACERATA-BELLUNO 3-2\u00a0<\/b><b>PARZIALI:\u00a0<\/b>25-18, 22-25, 25-22, 21-25, 15-12.<span class=\"gmail-Apple-converted-space\">\u00a0\u00a0<\/span><b>\u00a0BELLUNO:\u00a0<\/b>Maccabruni 2, Novello 22, Graziani 17, Ostuzzi 4, Mozzato 7, Stufano 7; Martinez (L), Saibene 7, Galliani. N.e. Candeago, Guolla, Guastamacchia, Paganin Pierobon (L). Allenatore: G. Colussi.\u00a0<b>ARBITRI:\u00a0<\/b>Piera Usai e Deborah Proietti.\u00a0<b>NOTE.\u00a0<\/b>Durata set 23\u2019, 27\u2019, 27\u2019, 27\u2019, 15\u2019; totale 1h50\u2019. Macerata: battute sbagliate 25, vincenti 1, muri 12. Belluno: b.s. 21, v. 3, m. 6.<\/p>\n<p>La\u00a0Pallavolo Belluno\u00a0trascina\u00a0Macerata\u00a0al quinto set. E ottiene un punto che fa classifica, oltre che morale. Nelle Marche, infatti, i rinoceronti giocano alla pari contro un avversario di caratura, e in salute. Ribattendo colpo su colpo, senza mai indietreggiare di un solo centimetro. Anche quando la situazione sembrava compromessa. Rimane, in realt\u00e0, un leggero retrogusto amaro, se \u00e8 vero che i bellunesi sono arrivati a un soffio dall\u2019impresa. Ma la sconfitta al tie-break profuma di fiducia e di futuro. Perch\u00e9 la sensazione \u00e8 che, nel girone di ritorno, la DRL possa recitare un ruolo di rilievo. E migliorare una classifica che, al giro di boa, vede i ragazzi di Colussi in ottava posizione.<\/p>\n<p>&nbsp;<\/p>\n<p>&nbsp;<\/p>\n<p>&nbsp;<\/p>\n<hr \/>\n<p>&nbsp;<\/p>\n<p><span style=\"color: #0000ff;\"><strong>SCI ALPINISMO<\/strong><\/span><\/p>\n<blockquote>\n<h3>MARTINA SCOLA TERZA NELLA SPRINT DI SCIALPINISMO A BORMIO<\/h3>\n<\/blockquote>\n<p><strong><a class=\"dt-pswp-item\" href=\"https:\/\/www.radiopiu.net\/wordpress\/wp-content\/uploads\/2022\/12\/06c63c93-c6ce-4f49-ac23-251680eea4da.jpg\" data-dt-img-description=\"\" data-large_image_width=\"761\" data-large_image_height=\"597\"><img loading=\"lazy\" decoding=\"async\" class=\" wp-image-312131 alignleft\" src=\"https:\/\/www.radiopiu.net\/wordpress\/wp-content\/uploads\/2022\/12\/06c63c93-c6ce-4f49-ac23-251680eea4da-300x235.jpg\" alt=\"\" width=\"165\" height=\"130\" srcset=\"https:\/\/www.radiopiu.net\/wordpress\/wp-content\/uploads\/2022\/12\/06c63c93-c6ce-4f49-ac23-251680eea4da-300x235.jpg 300w, https:\/\/www.radiopiu.net\/wordpress\/wp-content\/uploads\/2022\/12\/06c63c93-c6ce-4f49-ac23-251680eea4da.jpg 761w\" sizes=\"auto, (max-width: 165px) 100vw, 165px\" \/><\/a> <\/strong><\/p>\n<p><strong>\u00a0<\/strong><\/p>\n<p><strong>BORMIO<\/strong> Si \u00e8 svolta a Bormio la prima giornata del primo appuntamento della Coppa Italia di scialpinismo. Buone notizie per lo Sci Nordico Marmolada che ha visto salire sul podio la sua atleta nella gara sprint. Martina Scola ha terminato al terzo posto la sua gara nella categoria Under 18.<\/p>\n<p><strong>SUL SITO FISI VENETO LA NOTIZIA E LE CLASSIFICHE <a href=\"https:\/\/www.fisiveneto.com\/2022\/12\/17\/due-podi-veneti-nella-sprint-di-coppa-italia-a-bormio\/\">CLICCA QUI<\/a><\/strong><\/p>\n<p>&nbsp;<\/p>\n<p>&nbsp;<\/p>\n<hr \/>\n<p>&nbsp;<\/p>\n<p>&nbsp;<\/p>\n<p>&nbsp;<\/p>\n<p>&nbsp;<\/p>\n<\/div>\n<\/div>\n<\/div>\n<\/div>\n<\/div>\n<\/div>\n<\/div>\n","protected":false},"excerpt":{"rendered":"<p>RADIO PIU INFORMAZIONE il canale su TELEGRAM informazione di prima\u00a0 mano e in tempo reale. iscriviti ed aiutaci a farlo conoscere &nbsp; A CLAUT LA TERRA CONTINUA A TREMARE ultim&#8217;ora, 5.00 del mattino PORDENONE Un&#8217; altra scossa di terremoto questa mattina alle 4.41 a Claut al confine con il longaronese. Magnitudo 2.9, profondit\u00e0 10 chilometri.&hellip;<\/p>\n","protected":false},"author":4,"featured_media":312049,"comment_status":"closed","ping_status":"closed","sticky":false,"template":"","format":"standard","meta":{"_monsterinsights_skip_tracking":false,"_monsterinsights_sitenote_active":false,"_monsterinsights_sitenote_note":"","_monsterinsights_sitenote_category":0,"footnotes":""},"categories":[104,86,49],"tags":[],"class_list":["post-312033","post","type-post","status-publish","format-standard","has-post-thumbnail","hentry","category-evidenza_3","category-gr","category-news-18","category-104","category-86","category-49","description-off"],"img_url":"https:\/\/www.radiopiu.net\/wordpress\/wp-content\/uploads\/2022\/12\/Watermark_20221217_111425_793.jpg","_links":{"self":[{"href":"https:\/\/www.radiopiu.net\/wordpress\/wp-json\/wp\/v2\/posts\/312033","targetHints":{"allow":["GET"]}}],"collection":[{"href":"https:\/\/www.radiopiu.net\/wordpress\/wp-json\/wp\/v2\/posts"}],"about":[{"href":"https:\/\/www.radiopiu.net\/wordpress\/wp-json\/wp\/v2\/types\/post"}],"author":[{"embeddable":true,"href":"https:\/\/www.radiopiu.net\/wordpress\/wp-json\/wp\/v2\/users\/4"}],"replies":[{"embeddable":true,"href":"https:\/\/www.radiopiu.net\/wordpress\/wp-json\/wp\/v2\/comments?post=312033"}],"version-history":[{"count":0,"href":"https:\/\/www.radiopiu.net\/wordpress\/wp-json\/wp\/v2\/posts\/312033\/revisions"}],"wp:featuredmedia":[{"embeddable":true,"href":"https:\/\/www.radiopiu.net\/wordpress\/wp-json\/wp\/v2\/media\/312049"}],"wp:attachment":[{"href":"https:\/\/www.radiopiu.net\/wordpress\/wp-json\/wp\/v2\/media?parent=312033"}],"wp:term":[{"taxonomy":"category","embeddable":true,"href":"https:\/\/www.radiopiu.net\/wordpress\/wp-json\/wp\/v2\/categories?post=312033"},{"taxonomy":"post_tag","embeddable":true,"href":"https:\/\/www.radiopiu.net\/wordpress\/wp-json\/wp\/v2\/tags?post=312033"}],"curies":[{"name":"wp","href":"https:\/\/api.w.org\/{rel}","templated":true}]}}