{"id":312152,"date":"2022-12-18T10:11:11","date_gmt":"2022-12-18T09:11:11","guid":{"rendered":"https:\/\/www.radiopiu.net\/wordpress\/?p=312152"},"modified":"2022-12-19T06:26:22","modified_gmt":"2022-12-19T05:26:22","slug":"collage-operazione-nostalgia-obiettivo-sulle-cantanti-italiane","status":"publish","type":"post","link":"https:\/\/www.radiopiu.net\/wordpress\/collage-operazione-nostalgia-obiettivo-sulle-cantanti-italiane\/","title":{"rendered":"COLLAGE OPERAZIONE NOSTALGIA: OBIETTIVO SULLE CANTANTI ITALIANE"},"content":{"rendered":"<p><strong><a class=\"dt-pswp-item\" href=\"https:\/\/www.radiopiu.net\/wordpress\/wp-content\/uploads\/2022\/12\/Mia-Martini.jpg\" data-dt-img-description=\"\" data-large_image_width=\"320\" data-large_image_height=\"180\"><img loading=\"lazy\" decoding=\"async\" class=\" wp-image-312153 alignleft\" src=\"https:\/\/www.radiopiu.net\/wordpress\/wp-content\/uploads\/2022\/12\/Mia-Martini-300x169.jpg\" alt=\"\" width=\"193\" height=\"109\" srcset=\"https:\/\/www.radiopiu.net\/wordpress\/wp-content\/uploads\/2022\/12\/Mia-Martini-300x169.jpg 300w, https:\/\/www.radiopiu.net\/wordpress\/wp-content\/uploads\/2022\/12\/Mia-Martini.jpg 320w\" sizes=\"auto, (max-width: 193px) 100vw, 193px\" \/><\/a>di Loris Scussel<\/strong><\/p>\n<p>Gioved\u00ec prossimo Collage dar\u00e0 spazio alle cantanti italiane dalle sorelle Bert\u00e8 a Mina, Caterina Caselli e cos\u00ec via. Le puntate di questa settimana saranno caratterizzate dalla consueta proposta di brani internazionali in mezzo ai quali ritroveremo i complessi protagonisti della scena musicale italiana negli anni 60 che i nostri ascoltatori pi\u00f9 grandicelli hanno dimostrato di gradire in modo particolare. Oltre ai Beatles, Santana, Billy Joel, Creedence Clearwater Revival quali saranno gli altri artisti che potremo ascoltare? Rimanete in ascolto e lo saprete! Collage va in onda dal luned\u00ec al venerd\u00ec alle 16,00 e alle 23,00 naturalmente su Radio Pi\u00f9.<\/p>\n<p>&nbsp;<\/p>\n<p>&nbsp;<\/p>\n<p>******<\/p>\n","protected":false},"excerpt":{"rendered":"<p>di Loris Scussel Gioved\u00ec prossimo Collage dar\u00e0 spazio alle cantanti italiane dalle sorelle Bert\u00e8 a Mina, Caterina Caselli e cos\u00ec via. Le puntate di questa settimana saranno caratterizzate dalla consueta proposta di brani internazionali in mezzo ai quali ritroveremo i complessi protagonisti della scena musicale italiana negli anni 60 che i nostri ascoltatori pi\u00f9 grandicelli&hellip;<\/p>\n","protected":false},"author":4,"featured_media":312153,"comment_status":"closed","ping_status":"closed","sticky":false,"template":"","format":"standard","meta":{"_monsterinsights_skip_tracking":false,"_monsterinsights_sitenote_active":false,"_monsterinsights_sitenote_note":"","_monsterinsights_sitenote_category":0,"footnotes":""},"categories":[49],"tags":[],"class_list":["post-312152","post","type-post","status-publish","format-standard","has-post-thumbnail","hentry","category-news-18","category-49","description-off"],"img_url":"https:\/\/www.radiopiu.net\/wordpress\/wp-content\/uploads\/2022\/12\/Mia-Martini.jpg","_links":{"self":[{"href":"https:\/\/www.radiopiu.net\/wordpress\/wp-json\/wp\/v2\/posts\/312152","targetHints":{"allow":["GET"]}}],"collection":[{"href":"https:\/\/www.radiopiu.net\/wordpress\/wp-json\/wp\/v2\/posts"}],"about":[{"href":"https:\/\/www.radiopiu.net\/wordpress\/wp-json\/wp\/v2\/types\/post"}],"author":[{"embeddable":true,"href":"https:\/\/www.radiopiu.net\/wordpress\/wp-json\/wp\/v2\/users\/4"}],"replies":[{"embeddable":true,"href":"https:\/\/www.radiopiu.net\/wordpress\/wp-json\/wp\/v2\/comments?post=312152"}],"version-history":[{"count":0,"href":"https:\/\/www.radiopiu.net\/wordpress\/wp-json\/wp\/v2\/posts\/312152\/revisions"}],"wp:featuredmedia":[{"embeddable":true,"href":"https:\/\/www.radiopiu.net\/wordpress\/wp-json\/wp\/v2\/media\/312153"}],"wp:attachment":[{"href":"https:\/\/www.radiopiu.net\/wordpress\/wp-json\/wp\/v2\/media?parent=312152"}],"wp:term":[{"taxonomy":"category","embeddable":true,"href":"https:\/\/www.radiopiu.net\/wordpress\/wp-json\/wp\/v2\/categories?post=312152"},{"taxonomy":"post_tag","embeddable":true,"href":"https:\/\/www.radiopiu.net\/wordpress\/wp-json\/wp\/v2\/tags?post=312152"}],"curies":[{"name":"wp","href":"https:\/\/api.w.org\/{rel}","templated":true}]}}