{"id":312394,"date":"2022-12-20T05:15:03","date_gmt":"2022-12-20T04:15:03","guid":{"rendered":"https:\/\/www.radiopiu.net\/wordpress\/?p=312394"},"modified":"2022-12-20T05:47:09","modified_gmt":"2022-12-20T04:47:09","slug":"200mila-dolomitici-su-facebook-15-anni-di-presenze-testimonianza-damore-per-la-montagna","status":"publish","type":"post","link":"https:\/\/www.radiopiu.net\/wordpress\/200mila-dolomitici-su-facebook-15-anni-di-presenze-testimonianza-damore-per-la-montagna\/","title":{"rendered":"200MILA DOLOMITICI SU FACEBOOK, 15 ANNI DI PRESENZE, TESTIMONIANZA D&#8217;AMORE PER LA MONTAGNA"},"content":{"rendered":"<p>DoloMitici! quota 200.000 iscritti, un altro traguardo di quelli importanti. Il messaggio di Dario Ganz, fondatore con un gruppo di amici di una realt\u00e0 importante per tutta la montagna<\/p>\n<p><a class=\"dt-pswp-item\" href=\"https:\/\/www.radiopiu.net\/wordpress\/wp-content\/uploads\/2022\/12\/89911106_10222187079570600_6924224108561432576_n.jpg\" data-dt-img-description=\"\" data-large_image_width=\"317\" data-large_image_height=\"317\"><img loading=\"lazy\" decoding=\"async\" class=\" wp-image-312396 alignleft\" src=\"https:\/\/www.radiopiu.net\/wordpress\/wp-content\/uploads\/2022\/12\/89911106_10222187079570600_6924224108561432576_n-300x300.jpg\" alt=\"\" width=\"230\" height=\"230\" srcset=\"https:\/\/www.radiopiu.net\/wordpress\/wp-content\/uploads\/2022\/12\/89911106_10222187079570600_6924224108561432576_n-300x300.jpg 300w, https:\/\/www.radiopiu.net\/wordpress\/wp-content\/uploads\/2022\/12\/89911106_10222187079570600_6924224108561432576_n-150x150.jpg 150w, https:\/\/www.radiopiu.net\/wordpress\/wp-content\/uploads\/2022\/12\/89911106_10222187079570600_6924224108561432576_n.jpg 317w\" sizes=\"auto, (max-width: 230px) 100vw, 230px\" \/><\/a>&#8221; Non lo avrei mai pensato che da una modesta condivisione di amore e passione per la mia terra, con un gruppo di amici, ne scaturisse una partecipazione di gioia e curiosit\u00e0 che ha superato i confini delle Dolomiti fino ad arrivare dall&#8217;altra parte del mondo! Numeri che come gruppo non abbiamo mai cercato o promosso con alcuna richiesta esplicita pubblicitaria ma che si \u00e8 autoalimentata grazie al passaparola di voi tutti che partecipate con cos\u00ec grande affetto. 15 anni di presenze che hanno segnato, hanno fatto trampolino di lancio, fatto conoscere e cambiato la vita di tanti, pi\u00f9 o meno coscientemente, con una attenzione (e guardia!) particolare ai modi espressivi, alla difesa e promozione per questo fragile territorio che necessita, sempre di pi\u00f9, di cura e salvaguardia. In 15 anni siamo stati testimoni diretti di quegli eventi che la natura segue pi\u00f9 o meno naturalmente, come lo fu per Vaia. Questo 2022 ha portato ad alcuni di noi eventi molto tristi. Anche chi non ne \u00e8 stato parte diretta, ha espresso grande sconforto nel seguire i destini delle cordate di appassionati alpinisti sulla Marmolada. Il gruppo si \u00e8 bloccato, su richiesta di molti, partecipando il lutto. E non \u00e8 accaduta solo la tragedia della Marmolada. Per questo non me la sento di vedere grandi festeggiamenti per questo traguardo dei 200mila iscritti. Per questo mi scuso con coloro che avevano proposto di curare l&#8217;evento e lo avevano fatto con il giusto anticipo. Voglio per\u00f2 dirti qui, ad alta voce una cosa che ho dentro da molto: &#8220;Ma perch\u00e9, in cos\u00ec tanti, dalle proprie zone di comfort, desiderano venire nelle Dolomiti? Perch\u00e9 vengono a faticare, spesso a rischiare, perch\u00e8?&#8221; Dal 2008, anno nel quale ho fondato DoloMitici! ho letto molte versioni interessanti. Una la prendo in prestito, e un poco la adatto. E&#8217; una bella riflessione, espressa ad un convegno nel 2017 dall&#8217;amico Piergianni Da Rold, ingegnere di Belluno. Secondo Piergianni, qui in montagna, l\u2019orizzonte, continuamente messo in discussione dalle pendenze delle cime, interrotto da verticalit\u00e0 improvvise, complice anche il clima rigido e il continuo misurarsi con la natura, costringono l\u2019animo che vive in montagna ad essere costantemente allerta e fanno si che omologazioni e appiattimenti, grazie alle montagne, siano meno evidenti e gli animi pi\u00f9 &#8220;tridimensionali&#8221;. Ecco forse una possibile risposta al desiderio cos\u00ec grande espresso da ormai 200mila iscritti, ad unirsi ad un gruppo che vive e racconta le Dolomiti. Mettici anche che questo bel regalo ce lo siamo fatti nei giorni molto vicini all&#8217;11 dicembre, Giornata Internazionale della Montagna&#8221;.<\/p>\n<p>Grazie &#8211; Dario e gli admin | DoloMitici<\/p>\n<p>&nbsp;<\/p>\n<hr \/>\n<p>&nbsp;<\/p>\n","protected":false},"excerpt":{"rendered":"<p>DoloMitici! quota 200.000 iscritti, un altro traguardo di quelli importanti. Il messaggio di Dario Ganz, fondatore con un gruppo di amici di una realt\u00e0 importante per tutta la montagna &#8221; Non lo avrei mai pensato che da una modesta condivisione di amore e passione per la mia terra, con un gruppo di amici, ne scaturisse&hellip;<\/p>\n","protected":false},"author":4,"featured_media":312397,"comment_status":"closed","ping_status":"closed","sticky":false,"template":"","format":"standard","meta":{"_monsterinsights_skip_tracking":false,"_monsterinsights_sitenote_active":false,"_monsterinsights_sitenote_note":"","_monsterinsights_sitenote_category":0,"footnotes":""},"categories":[104,49],"tags":[],"class_list":["post-312394","post","type-post","status-publish","format-standard","has-post-thumbnail","hentry","category-evidenza_3","category-news-18","category-104","category-49","description-off"],"img_url":"https:\/\/www.radiopiu.net\/wordpress\/wp-content\/uploads\/2022\/12\/320219729_529416712441930_7800169947925551732_n.jpg","_links":{"self":[{"href":"https:\/\/www.radiopiu.net\/wordpress\/wp-json\/wp\/v2\/posts\/312394","targetHints":{"allow":["GET"]}}],"collection":[{"href":"https:\/\/www.radiopiu.net\/wordpress\/wp-json\/wp\/v2\/posts"}],"about":[{"href":"https:\/\/www.radiopiu.net\/wordpress\/wp-json\/wp\/v2\/types\/post"}],"author":[{"embeddable":true,"href":"https:\/\/www.radiopiu.net\/wordpress\/wp-json\/wp\/v2\/users\/4"}],"replies":[{"embeddable":true,"href":"https:\/\/www.radiopiu.net\/wordpress\/wp-json\/wp\/v2\/comments?post=312394"}],"version-history":[{"count":0,"href":"https:\/\/www.radiopiu.net\/wordpress\/wp-json\/wp\/v2\/posts\/312394\/revisions"}],"wp:featuredmedia":[{"embeddable":true,"href":"https:\/\/www.radiopiu.net\/wordpress\/wp-json\/wp\/v2\/media\/312397"}],"wp:attachment":[{"href":"https:\/\/www.radiopiu.net\/wordpress\/wp-json\/wp\/v2\/media?parent=312394"}],"wp:term":[{"taxonomy":"category","embeddable":true,"href":"https:\/\/www.radiopiu.net\/wordpress\/wp-json\/wp\/v2\/categories?post=312394"},{"taxonomy":"post_tag","embeddable":true,"href":"https:\/\/www.radiopiu.net\/wordpress\/wp-json\/wp\/v2\/tags?post=312394"}],"curies":[{"name":"wp","href":"https:\/\/api.w.org\/{rel}","templated":true}]}}