{"id":312401,"date":"2022-12-20T05:34:13","date_gmt":"2022-12-20T04:34:13","guid":{"rendered":"https:\/\/www.radiopiu.net\/wordpress\/?p=312401"},"modified":"2022-12-20T08:34:13","modified_gmt":"2022-12-20T07:34:13","slug":"giornale-radiopiu-20-dicembre-2022-direttore-mirko-mezzacasa","status":"publish","type":"post","link":"https:\/\/www.radiopiu.net\/wordpress\/giornale-radiopiu-20-dicembre-2022-direttore-mirko-mezzacasa\/","title":{"rendered":"GIORNALE RADIOPIU 20 DICEMBRE 2022 DIRETTORE MIRKO MEZZACASA"},"content":{"rendered":"<blockquote>\n<h1>LA SOLITA &#8220;MENATA&#8221; E BASTA! IL CIVETTA IN VAL BADIA<\/h1>\n<\/blockquote>\n<h3><a class=\"dt-pswp-item\" href=\"https:\/\/www.radiopiu.net\/wordpress\/wp-content\/uploads\/2022\/12\/de0156e2-6518-4c80-b26e-32250bb28fd3-1.jpg\" data-dt-img-description=\"\" data-large_image_width=\"473\" data-large_image_height=\"1024\"><img loading=\"lazy\" decoding=\"async\" class=\"wp-image-312576 size-full aligncenter\" src=\"https:\/\/www.radiopiu.net\/wordpress\/wp-content\/uploads\/2022\/12\/de0156e2-6518-4c80-b26e-32250bb28fd3-1.jpg\" alt=\"\" width=\"473\" height=\"1024\" srcset=\"https:\/\/www.radiopiu.net\/wordpress\/wp-content\/uploads\/2022\/12\/de0156e2-6518-4c80-b26e-32250bb28fd3-1.jpg 473w, https:\/\/www.radiopiu.net\/wordpress\/wp-content\/uploads\/2022\/12\/de0156e2-6518-4c80-b26e-32250bb28fd3-1-139x300.jpg 139w\" sizes=\"auto, (max-width: 473px) 100vw, 473px\" \/><\/a><\/h3>\n<h3><\/h3>\n<h3><\/h3>\n<p>&nbsp;<\/p>\n<h3 class=\"kvgmc6g5 cxmmr5t8 oygrvhab hcukyx3x c1et5uql\"><span style=\"color: #0000ff;\"><strong>RADIO PIU INFORMAZIONE il canale su TELEGRAM informazione di prima\u00a0 <\/strong><strong>mano e in tempo reale. iscriviti ed aiutaci a farlo conoscere\u00a0\u00a0<\/strong><\/span><\/h3>\n<p><strong>di ERIK LENA\u00a0 https:\/\/www.youtube.com\/@Lenaerikfoto<\/strong><\/p>\n<p><iframe loading=\"lazy\" title=\"Passo Giau | FPV Drone | Inverno | 4k HDR | Alta Definizione\" width=\"1200\" height=\"675\" src=\"https:\/\/www.youtube.com\/embed\/GZf50TgIMXE?feature=oembed\" frameborder=\"0\" allow=\"accelerometer; autoplay; clipboard-write; encrypted-media; gyroscope; picture-in-picture\" allowfullscreen><\/iframe><\/p>\n<div id=\"info-container\" class=\"style-scope ytd-watch-metadata\">\n<p><span class=\"style-scope yt-formatted-string bold\" dir=\"auto\">Trasmesso in anteprima il giorno 18 dic 2022<\/span> <a class=\"yt-simple-endpoint style-scope yt-formatted-string bold\" dir=\"auto\" spellcheck=\"false\" href=\"https:\/\/www.youtube.com\/results?search_query=Passo+di+Giau&amp;sp=EiG4AQHCARtDaElKYjNLMDNjaEplRWNSd1ROYjJJaUhNMjQ%253D\">PASSO DI GIAU<\/a>\u00a0 \u00a0<span class=\"style-scope yt-formatted-string\" dir=\"auto\">Sono stato dopo una nevicata in cima al passo per fare alcune fotografie, ho deciso di ritentare una salita gi\u00e0 effettuata in estate con il drone FPV, arrivare in cima al monte Ragusela e al suo magnifico rifugio in vetta. Ho deciso di riprendere il tutto per portarvi con me fino l&#8217;ass\u00f9 il paesaggio \u00e8 davvero suggestivo. Dal passo al rifugio sono pi\u00f9 di 2km in volo, il dislivello, il vento, il freddo e la distanza sono fattori decisivi che mettono drone e pilota sotto stress e dove un&#8217;attrezzatura comune non \u00e8 sufficiente.<\/span><\/p>\n<\/div>\n<p>&nbsp;<\/p>\n<p>&nbsp;<\/p>\n<p>&nbsp;<\/p>\n<blockquote>\n<h2>IERI SERA ZAIA HA RIEMPITO IL COMUNALE<\/h2>\n<\/blockquote>\n<p><img loading=\"lazy\" decoding=\"async\" class=\"alignleft\" src=\"https:\/\/www.radiopiu.net\/wordpress\/wp-content\/uploads\/2022\/12\/c5f0c682-4d90-47d2-ac5d-21a0aaea9610.jpg\" width=\"290\" height=\"163\" \/><strong>BELLUNO<\/strong> Teatro comunale gremito, ieri pomeriggio, per Luca Zaia\u00a0 salito nel capoluogo\u00a0 per presentare il suo ultimo libro \u00abI pessimisti non fanno fortuna\u00bb. Ha parlato di autonomia (\u00abOpportunit\u00e0 per tutti, la colpa dell\u2019Italia a due velocit\u00e0 \u00e8 di un sistema centralista che ha fallito\u00bb). E di Olimpiadi: \u00abOccasione per investimenti necessari e dei quali la montagna ha bisogno, come le varianti di Cortina e Longarone, che altrimenti non si farebbero senza il miliardo di euro che l\u2019evento olimpico porter\u00e0 sul territorio. La pista di bob? Senza pista Cortina perderebbe tre discipline e un\u2019occasione unica\u00bb.<\/p>\n<p><strong>LA NOSTRA INTERVISTA ALLA RADIO\u00a0<\/strong><\/p>\n<p><a class=\"dt-pswp-item\" href=\"https:\/\/www.radiopiu.net\/wordpress\/wp-content\/uploads\/2022\/12\/cd866684-6de7-4f39-9cd2-3a96c633743a.jpg\" data-dt-img-description=\"\" data-large_image_width=\"1080\" data-large_image_height=\"1920\"><img loading=\"lazy\" decoding=\"async\" class=\"size-medium wp-image-309426 alignleft\" src=\"https:\/\/www.radiopiu.net\/wordpress\/wp-content\/uploads\/2022\/12\/cd866684-6de7-4f39-9cd2-3a96c633743a-169x300.jpg\" alt=\"\" width=\"169\" height=\"300\" srcset=\"https:\/\/www.radiopiu.net\/wordpress\/wp-content\/uploads\/2022\/12\/cd866684-6de7-4f39-9cd2-3a96c633743a-169x300.jpg 169w, https:\/\/www.radiopiu.net\/wordpress\/wp-content\/uploads\/2022\/12\/cd866684-6de7-4f39-9cd2-3a96c633743a-576x1024.jpg 576w, https:\/\/www.radiopiu.net\/wordpress\/wp-content\/uploads\/2022\/12\/cd866684-6de7-4f39-9cd2-3a96c633743a-768x1365.jpg 768w, https:\/\/www.radiopiu.net\/wordpress\/wp-content\/uploads\/2022\/12\/cd866684-6de7-4f39-9cd2-3a96c633743a-864x1536.jpg 864w, https:\/\/www.radiopiu.net\/wordpress\/wp-content\/uploads\/2022\/12\/cd866684-6de7-4f39-9cd2-3a96c633743a.jpg 1080w\" sizes=\"auto, (max-width: 169px) 100vw, 169px\" \/><\/a><\/p>\n<p>&nbsp;<\/p>\n<p>&nbsp;<\/p>\n<p>&nbsp;<\/p>\n<p>&nbsp;<\/p>\n<p>&nbsp;<\/p>\n<p>L&#8217;INTERVISTA<\/p>\n<p>di Mirko Mezzacasa<\/p>\n<p>&nbsp;<\/p>\n<p>&nbsp;<\/p>\n<p>&nbsp;<\/p>\n<p><strong>audio<\/strong><\/p>\n<audio class=\"wp-audio-shortcode\" id=\"audio-312401-1\" preload=\"none\" style=\"width: 100%;\" controls=\"controls\"><source type=\"audio\/mpeg\" src=\"https:\/\/www.radiopiu.net\/wordpress\/wp-content\/uploads\/2022\/11\/LUCA-ZAIA-LIBRO.mp3?_=1\" \/><a href=\"https:\/\/www.radiopiu.net\/wordpress\/wp-content\/uploads\/2022\/11\/LUCA-ZAIA-LIBRO.mp3\">https:\/\/www.radiopiu.net\/wordpress\/wp-content\/uploads\/2022\/11\/LUCA-ZAIA-LIBRO.mp3<\/a><\/audio>\n<p>&nbsp;<\/p>\n<p>&nbsp;<\/p>\n<p>&nbsp;<\/p>\n<h2><span style=\"color: #ff0000;\">ISCRIVITI AL NOSTRO CANALE YOUTUBE PER SEGUIRE IN DIRETTA I PRINCIPALI PROGRAMMI DI RADIO PIU&#8217; E LE FUTURE DIRETTE IN ESTERNA. PER ISCRIVERTI <a style=\"color: #ff0000;\" href=\"https:\/\/youtube.com\/@radiopiu1527\">CLICCA QUI<\/a> E PREMI IL TASTO &#8220;Iscriviti&#8221;\u00a0<\/span><\/h2>\n<p>&nbsp;<\/p>\n<p>&nbsp;<\/p>\n<hr \/>\n<p>&nbsp;<\/p>\n<blockquote>\n<h3>INFORTUNIO A CASERA ERTE IN NEVEGAL<\/h3>\n<\/blockquote>\n<p><strong>BELLUNO<\/strong> Attorno alle 14.40 di ieri a Centrale del 118 \u00e8 stata attivata per un infortunio accaduto all&#8217;interno di Casera Erte in Nevegal. Un 82enne di Belluno, che si trovava con altre persone, aveva infatti riportato una ferita alla testa e un sospetto trauma cranico. Sbarcati in hovering nelle vicinanze della Big Bench prossima alla Baita, equipe medica e tecnico di elisoccorso hanno prestato le prime cure all&#8217;anziano. Una volta imbarellato, l&#8217;uomo \u00e8 stato issato a bordo con un verricello di una ventina di metri e trasportato all&#8217;ospedale San Martino.<\/p>\n<p><a class=\"dt-pswp-item\" href=\"https:\/\/www.radiopiu.net\/wordpress\/wp-content\/uploads\/2022\/12\/Watermark_20221219_165050_440.jpg\" data-dt-img-description=\"\" data-large_image_width=\"2364\" data-large_image_height=\"1773\"><img loading=\"lazy\" decoding=\"async\" class=\"size-medium wp-image-312507 aligncenter\" src=\"https:\/\/www.radiopiu.net\/wordpress\/wp-content\/uploads\/2022\/12\/Watermark_20221219_165050_440-300x225.jpg\" alt=\"\" width=\"300\" height=\"225\" srcset=\"https:\/\/www.radiopiu.net\/wordpress\/wp-content\/uploads\/2022\/12\/Watermark_20221219_165050_440-300x225.jpg 300w, https:\/\/www.radiopiu.net\/wordpress\/wp-content\/uploads\/2022\/12\/Watermark_20221219_165050_440-1024x768.jpg 1024w, https:\/\/www.radiopiu.net\/wordpress\/wp-content\/uploads\/2022\/12\/Watermark_20221219_165050_440-768x576.jpg 768w, https:\/\/www.radiopiu.net\/wordpress\/wp-content\/uploads\/2022\/12\/Watermark_20221219_165050_440-1536x1152.jpg 1536w, https:\/\/www.radiopiu.net\/wordpress\/wp-content\/uploads\/2022\/12\/Watermark_20221219_165050_440-2048x1536.jpg 2048w\" sizes=\"auto, (max-width: 300px) 100vw, 300px\" \/><\/a><\/p>\n<p>&nbsp;<\/p>\n<p>&nbsp;<\/p>\n<hr \/>\n<p>&nbsp;<\/p>\n<blockquote>\n<h3>I VANDALI DEL FELTRINO FUGHE E DENUNCE<\/h3>\n<\/blockquote>\n<p><a class=\"dt-pswp-item\" href=\"https:\/\/www.radiopiu.net\/wordpress\/wp-content\/uploads\/2022\/12\/th-12.jpg\" data-dt-img-description=\"\" data-large_image_width=\"474\" data-large_image_height=\"313\"><img loading=\"lazy\" decoding=\"async\" class=\" wp-image-312548 alignleft\" src=\"https:\/\/www.radiopiu.net\/wordpress\/wp-content\/uploads\/2022\/12\/th-12-300x198.jpg\" alt=\"\" width=\"215\" height=\"142\" srcset=\"https:\/\/www.radiopiu.net\/wordpress\/wp-content\/uploads\/2022\/12\/th-12-300x198.jpg 300w, https:\/\/www.radiopiu.net\/wordpress\/wp-content\/uploads\/2022\/12\/th-12.jpg 474w\" sizes=\"auto, (max-width: 215px) 100vw, 215px\" \/><\/a><strong>FELTRE<\/strong> L&#8217;ha fatta franca il vandalo del defibrilllatore alla galleria ex Romita, ma forse le immagini delle telecamere lo hanno immortalato, lo stabiliranno gli agenti della Polizia Locale. Il vandalo ha divelto il coperchio ma mentre stava per rubare l&#8217;apparecchiatura \u00e8 scattato l&#8217;allarme al 118 e quindi l&#8217;ha lasciata sul posto dandosi alla fuga. Il comune di Feltre ha gi\u00e0 provveduto a stanziare oltre 500 euro per\u00a0 la rimessa in funzione. Non sono una novit\u00e0 i vandali in galleria, causa loro sono chiusi anche i bagni,\u00a0 un cartello lo ricorda e sempre causa loro le barriere trasparenti sono firmata da inutili e insulse scritte. <strong>Un altro fenomeno<\/strong> \u00e8 stato invece denunciato ai Carabinieri, domenica sera si \u00e8 divertito a tagliare i pneumatici di alcune automobili in sosta all&#8217;esterno del ristorante Yamada. Alcuni testimoni hanno chiamato i Carabinieri che lo hanno bloccato durante la fuga.<\/p>\n<p>&nbsp;<\/p>\n<p>&nbsp;<\/p>\n<hr \/>\n<p>&nbsp;<\/p>\n<blockquote>\n<h3>CARENZA DI AUTISTI IN DOLOMITI BUS, BERGAMIN (FIT CISL): \u201cBISOGNA RIMETTERE AL CENTRO I LAVORATORI\u201d<\/h3>\n<\/blockquote>\n<p><strong><a class=\"dt-pswp-item\" href=\"https:\/\/www.radiopiu.net\/wordpress\/wp-content\/uploads\/2020\/06\/bac1e271-d4cb-4f10-b12b-dad19da85e7a.jpg\" data-dt-img-description=\"\" data-large_image_width=\"2048\" data-large_image_height=\"1536\"><img loading=\"lazy\" decoding=\"async\" class=\" wp-image-144901 alignleft\" src=\"https:\/\/www.radiopiu.net\/wordpress\/wp-content\/uploads\/2020\/06\/bac1e271-d4cb-4f10-b12b-dad19da85e7a-300x225.jpg\" alt=\"\" width=\"179\" height=\"134\" srcset=\"https:\/\/www.radiopiu.net\/wordpress\/wp-content\/uploads\/2020\/06\/bac1e271-d4cb-4f10-b12b-dad19da85e7a-300x225.jpg 300w, https:\/\/www.radiopiu.net\/wordpress\/wp-content\/uploads\/2020\/06\/bac1e271-d4cb-4f10-b12b-dad19da85e7a-1024x768.jpg 1024w, https:\/\/www.radiopiu.net\/wordpress\/wp-content\/uploads\/2020\/06\/bac1e271-d4cb-4f10-b12b-dad19da85e7a-768x576.jpg 768w, https:\/\/www.radiopiu.net\/wordpress\/wp-content\/uploads\/2020\/06\/bac1e271-d4cb-4f10-b12b-dad19da85e7a-1536x1152.jpg 1536w, https:\/\/www.radiopiu.net\/wordpress\/wp-content\/uploads\/2020\/06\/bac1e271-d4cb-4f10-b12b-dad19da85e7a.jpg 2048w\" sizes=\"auto, (max-width: 179px) 100vw, 179px\" \/><\/a>BELLUNO <\/strong><em>\u201cBen vengano l\u2019impegno per il rinnovo del parco mezzi e la svolta green, ma ricordiamo che la centralit\u00e0 del problema del trasporto pubblico della provincia di Belluno rimane la carenza di personale: oggi il servizio \u00e8 garantito esclusivamente dal lavoro in straordinario a cui sono costretti i dipendenti di Dolomiti Bus per coprire la mancanza di almeno 40 autisti\u201d.<\/em> Commenta cos\u00ec Stefano Bergamin della segreteria Fit Cisl Belluno Treviso la presentazione della nuova flotta di bus ecologici dell\u2019azienda bellunese del trasporto pubblico locale avvenuta nei giorni scorsi.<\/p>\n<p>&nbsp;<\/p>\n<p>BERGAMIN ALLA RADIO<\/p>\n<audio class=\"wp-audio-shortcode\" id=\"audio-312401-2\" preload=\"none\" style=\"width: 100%;\" controls=\"controls\"><source type=\"audio\/mpeg\" src=\"https:\/\/www.radiopiu.net\/wordpress\/wp-content\/uploads\/2022\/12\/Bergamin-Fit-Cisl-su-Dolomiti-bus.mp3?_=2\" \/><a href=\"https:\/\/www.radiopiu.net\/wordpress\/wp-content\/uploads\/2022\/12\/Bergamin-Fit-Cisl-su-Dolomiti-bus.mp3\">https:\/\/www.radiopiu.net\/wordpress\/wp-content\/uploads\/2022\/12\/Bergamin-Fit-Cisl-su-Dolomiti-bus.mp3<\/a><\/audio>\n<p>&nbsp;<\/p>\n<p>&nbsp;<\/p>\n<hr \/>\n<p>&nbsp;<\/p>\n<blockquote>\n<h3>DALLA MINORANZA ATTACCO FRONTALE: LA GIUNTA AUMENTA LE TASSE<\/h3>\n<\/blockquote>\n<p><strong><a class=\"dt-pswp-item\" href=\"https:\/\/www.radiopiu.net\/wordpress\/wp-content\/uploads\/2022\/12\/841534f8-d794-425b-9d93-a83299162c9b.jpg\" data-dt-img-description=\"\" data-large_image_width=\"2048\" data-large_image_height=\"1154\"><img loading=\"lazy\" decoding=\"async\" class=\" wp-image-312515 alignleft\" src=\"https:\/\/www.radiopiu.net\/wordpress\/wp-content\/uploads\/2022\/12\/841534f8-d794-425b-9d93-a83299162c9b-300x169.jpg\" alt=\"\" width=\"188\" height=\"106\" srcset=\"https:\/\/www.radiopiu.net\/wordpress\/wp-content\/uploads\/2022\/12\/841534f8-d794-425b-9d93-a83299162c9b-300x169.jpg 300w, https:\/\/www.radiopiu.net\/wordpress\/wp-content\/uploads\/2022\/12\/841534f8-d794-425b-9d93-a83299162c9b-1024x577.jpg 1024w, https:\/\/www.radiopiu.net\/wordpress\/wp-content\/uploads\/2022\/12\/841534f8-d794-425b-9d93-a83299162c9b-768x433.jpg 768w, https:\/\/www.radiopiu.net\/wordpress\/wp-content\/uploads\/2022\/12\/841534f8-d794-425b-9d93-a83299162c9b-1536x866.jpg 1536w, https:\/\/www.radiopiu.net\/wordpress\/wp-content\/uploads\/2022\/12\/841534f8-d794-425b-9d93-a83299162c9b.jpg 2048w\" sizes=\"auto, (max-width: 188px) 100vw, 188px\" \/><\/a>BELLUNO<\/strong><\/p>\n<p><strong>di MORENO GIOLI<\/strong><\/p>\n<audio class=\"wp-audio-shortcode\" id=\"audio-312401-3\" preload=\"none\" style=\"width: 100%;\" controls=\"controls\"><source type=\"audio\/mpeg\" src=\"https:\/\/www.radiopiu.net\/wordpress\/wp-content\/uploads\/2022\/12\/MORENO-GIOLI-REALE.mp3?_=3\" \/><a href=\"https:\/\/www.radiopiu.net\/wordpress\/wp-content\/uploads\/2022\/12\/MORENO-GIOLI-REALE.mp3\">https:\/\/www.radiopiu.net\/wordpress\/wp-content\/uploads\/2022\/12\/MORENO-GIOLI-REALE.mp3<\/a><\/audio>\n<p>&nbsp;<\/p>\n<hr \/>\n<p>&nbsp;<\/p>\n<p>&nbsp;<\/p>\n<blockquote>\n<h3>EVENTI CALAMITOSI, LA REGIONE INTERVIENE DOVE NON ARRIVA LO STATO<\/h3>\n<\/blockquote>\n<p><strong>VENEZIA\u00a0<\/strong> Su proposta dell\u2019assessore alla Protezione Civile Gianpaolo Bottacin, la Giunta regionale ha stanziato 700mil euro\u00a0 per far fronte ai danni subiti dal patrimonio pubblico e da beni mobili privati registrati a causa degli eventi calamitosi relativi all\u2019anno 2021, che non abbiano trovato copertura dagli stati di emergenza nazionale.\u00a0 A Ponte vanno 42mila euro alla Casa del Sole e a Vigo 95mila alle scuole elementari.<\/p>\n<p>L&#8217;ASSESSORE GIANPAOLO BOTTACIN<\/p>\n<div style=\"width: 640px;\" class=\"wp-video\"><video class=\"wp-video-shortcode\" id=\"video-312401-1\" width=\"640\" height=\"352\" preload=\"metadata\" controls=\"controls\"><source type=\"video\/mp4\" src=\"https:\/\/www.radiopiu.net\/wordpress\/wp-content\/uploads\/2022\/12\/BOTTACIN.mp4?_=1\" \/><a href=\"https:\/\/www.radiopiu.net\/wordpress\/wp-content\/uploads\/2022\/12\/BOTTACIN.mp4\">https:\/\/www.radiopiu.net\/wordpress\/wp-content\/uploads\/2022\/12\/BOTTACIN.mp4<\/a><\/video><\/div>\n<p>&nbsp;<\/p>\n<hr \/>\n<p>&nbsp;<\/p>\n<blockquote>\n<h3>LUXOTTICA&#8230; SOTTO L&#8217;ALBERO UN SECONDO CARRELLO DELLA SPESA<\/h3>\n<\/blockquote>\n<p><strong><img loading=\"lazy\" decoding=\"async\" class=\"alignleft\" src=\"https:\/\/www.radiopiu.net\/wordpress\/wp-content\/uploads\/2022\/06\/LUXOTTICA-9-scaled.jpg\" width=\"201\" height=\"134\" \/>di Marco Gaz<\/strong><\/p>\n<p><strong>AGORDO<\/strong> Novit\u00e0 importanti per le maestranze del gruppo EssilorLuxottica. L\u2019azienda ha comunicato a tutti i dipendenti che a partire da domani avranno la possibilit\u00e0 di ricevere un ulteriore \u201ccarrello della spesa\u201d. Il tutto grazie alle nuove novit\u00e0 fiscali e per far fronte alle spese di ogni dipendente. Da domani quindi tutti i dipendenti EssilorLuxottica potranno accedere al portale aziendale OneLuxottica ed effettuare la prenotazione del pacco spesa. Le prenotazioni e i ritiri potranno essere effettuati fino al mese di febbraio 2023. Un aiuto in pi\u00f9 alle famiglie che in questo periodo devono stare attente alle uscite anche per l\u2019incremento dei prezzi dei beni di prima necessit\u00e0, luce, gas e mutui.<\/p>\n<p>&nbsp;<\/p>\n<p>&nbsp;<\/p>\n<hr \/>\n<p>&nbsp;<\/p>\n<blockquote>\n<h3>RETI ELETTRICHE, LA PROVINCIA CHIEDE A TERNA I PIANI DI SVILUPPO DI TUTTI GLI ELETTRODOTTI DEL BELLUNESE<\/h3>\n<\/blockquote>\n<p><strong><a class=\"dt-pswp-item\" href=\"https:\/\/www.radiopiu.net\/wordpress\/wp-content\/uploads\/2021\/02\/FOTO-TERNA-CORTINA_4-scaled.jpg\" data-dt-img-description=\"\" data-large_image_width=\"2560\" data-large_image_height=\"1706\"><img loading=\"lazy\" decoding=\"async\" class=\" wp-image-188876 alignleft\" src=\"https:\/\/www.radiopiu.net\/wordpress\/wp-content\/uploads\/2021\/02\/FOTO-TERNA-CORTINA_4-300x200.jpg\" alt=\"\" width=\"182\" height=\"121\" srcset=\"https:\/\/www.radiopiu.net\/wordpress\/wp-content\/uploads\/2021\/02\/FOTO-TERNA-CORTINA_4-300x200.jpg 300w, https:\/\/www.radiopiu.net\/wordpress\/wp-content\/uploads\/2021\/02\/FOTO-TERNA-CORTINA_4-1024x683.jpg 1024w, https:\/\/www.radiopiu.net\/wordpress\/wp-content\/uploads\/2021\/02\/FOTO-TERNA-CORTINA_4-768x512.jpg 768w, https:\/\/www.radiopiu.net\/wordpress\/wp-content\/uploads\/2021\/02\/FOTO-TERNA-CORTINA_4-1536x1024.jpg 1536w, https:\/\/www.radiopiu.net\/wordpress\/wp-content\/uploads\/2021\/02\/FOTO-TERNA-CORTINA_4-2048x1365.jpg 2048w\" sizes=\"auto, (max-width: 182px) 100vw, 182px\" \/><\/a>BELLUNO<\/strong> A gennaio la Provincia di Belluno metter\u00e0 attorno allo stesso tavolo i sindaci del Bellunese e i tecnici di Terna spa. Sotto la lente, i progetti di sviluppo delle reti elettriche. \u00c8 l\u2019idea dell\u2019amministrazione provinciale, che nei giorni scorsi &#8211; insieme al Comune di Belluno &#8211; ha inviato richiesta ufficiale all\u2019azienda di gestione delle reti di trasporto elettrico, chiedendo anche una relazione specifica sugli interventi programmati a livello bellunese. \u00abDato che non \u00e8 stato possibile organizzare l\u2019incontro che auspicavamo con la Regione Veneto, abbiamo chiesto a Terna di inviarci una relazione dettagliata degli interventi programmati finora sulle reti elettriche bellunesi, e anche i loro piani di sviluppo per il futuro, con una visione ampia che riguarda tutto il Veneto. Siamo consapevoli infatti che le nostre linee proseguono oltre i confini provinciali\u00bb spiega il presidente della Provincia, Roberto Padrin.<\/p>\n<p>&nbsp;<\/p>\n<p>&nbsp;<\/p>\n<hr \/>\n<p>&nbsp;<\/p>\n<blockquote>\n<h3>STAGIONE AL VIA SULLA MARMOLADA, GIOVED\u00cc 22 DICEMBRE RIAPRONO GLI IMPIANTI DI RISALITA<\/h3>\n<\/blockquote>\n<p><strong><a class=\"dt-pswp-item\" href=\"https:\/\/www.radiopiu.net\/wordpress\/wp-content\/uploads\/2022\/12\/Marmolada_sci-scaled.jpg\" data-dt-img-description=\"\" data-large_image_width=\"2560\" data-large_image_height=\"1440\"><img loading=\"lazy\" decoding=\"async\" class=\" wp-image-312435 alignleft\" src=\"https:\/\/www.radiopiu.net\/wordpress\/wp-content\/uploads\/2022\/12\/Marmolada_sci-300x169.jpg\" alt=\"\" width=\"199\" height=\"112\" srcset=\"https:\/\/www.radiopiu.net\/wordpress\/wp-content\/uploads\/2022\/12\/Marmolada_sci-300x169.jpg 300w, https:\/\/www.radiopiu.net\/wordpress\/wp-content\/uploads\/2022\/12\/Marmolada_sci-1024x576.jpg 1024w, https:\/\/www.radiopiu.net\/wordpress\/wp-content\/uploads\/2022\/12\/Marmolada_sci-768x432.jpg 768w, https:\/\/www.radiopiu.net\/wordpress\/wp-content\/uploads\/2022\/12\/Marmolada_sci-1536x864.jpg 1536w, https:\/\/www.radiopiu.net\/wordpress\/wp-content\/uploads\/2022\/12\/Marmolada_sci-2048x1152.jpg 2048w\" sizes=\"auto, (max-width: 199px) 100vw, 199px\" \/><\/a>ROCCA PIETORE <\/strong>L\u2019attesa \u00e8 finita: gli impianti della Marmolada riapriranno gioved\u00ec 22 dicembre. L\u2019avvio della stagione sul massiccio quindi \u00e8 ufficiale. \u201cSiamo pronti a partire con nuova energia e tante iniziative\u201d, spiegano da Marmolada Srl, la societ\u00e0 che gestisce le tre funivie che da Malga Ciapela portano a Punta Rocca. \u201cLa neve caduta negli ultimi giorni ci consente di guardare con ottimismo e fiducia alle prossime settimane. Grazie al super-lavoro di tutti i nostri operatori, il Natale nel comprensorio dell\u2019Alto Agordino \u00e8 salvo\u201d. Ma a partire con l\u2019avvio della stagione non sono soltanto gli impianti di risalita: il 22 dicembre si riaprir\u00e0 al pubblico il Museo della Grande Guerra, il museo pi\u00f9 alto d\u2019Europa sviluppandosi a 3000 metri di quota.<\/p>\n<p>&nbsp;<\/p>\n<blockquote>\n<h2><strong>ZAIA, \u201cRIPARTENZA, NEL SEGNO DEL RICORDO\u201d <\/strong><\/h2>\n<\/blockquote>\n<p><strong><a class=\"dt-pswp-item\" href=\"https:\/\/www.radiopiu.net\/wordpress\/wp-content\/uploads\/2022\/12\/Alba_Marmolada-scaled.jpg\" data-dt-img-description=\"\" data-large_image_width=\"2560\" data-large_image_height=\"1920\"><img loading=\"lazy\" decoding=\"async\" class=\" wp-image-312436 alignleft\" src=\"https:\/\/www.radiopiu.net\/wordpress\/wp-content\/uploads\/2022\/12\/Alba_Marmolada-300x225.jpg\" alt=\"\" width=\"224\" height=\"168\" srcset=\"https:\/\/www.radiopiu.net\/wordpress\/wp-content\/uploads\/2022\/12\/Alba_Marmolada-300x225.jpg 300w, https:\/\/www.radiopiu.net\/wordpress\/wp-content\/uploads\/2022\/12\/Alba_Marmolada-1024x768.jpg 1024w, https:\/\/www.radiopiu.net\/wordpress\/wp-content\/uploads\/2022\/12\/Alba_Marmolada-768x576.jpg 768w, https:\/\/www.radiopiu.net\/wordpress\/wp-content\/uploads\/2022\/12\/Alba_Marmolada-1536x1152.jpg 1536w, https:\/\/www.radiopiu.net\/wordpress\/wp-content\/uploads\/2022\/12\/Alba_Marmolada-2048x1536.jpg 2048w\" sizes=\"auto, (max-width: 224px) 100vw, 224px\" \/><\/a>VENEZIA\u00a0<\/strong><em> \u201cLa riapertura degli impianti di risalita della Marmolada, \u00e8 una notizia importante per le nostre montagne e le intere Dolomiti. La memoria per la sciagura di quest\u2019estate resta vivida; il ritorno, progressivo, alle attivit\u00e0 deve fare i conti con il doveroso ricordo delle vittime. Sono convinto per\u00f2 che quegli stessi alpinisti che hanno perso tragicamente la vita sarebbero stati sostenitori di una consapevole frequentazione dei pendii della Marmolada, meta tanto amata da escursionisti e sciatori. La riapertura, nel rispetto delle prescrizioni predisposte dai tecnici, la dobbiamo anche a loro, alle undici vittime della tragedia della scorsa estate\u201d<\/em>. Il presidente della Regione del Veneto Luca Zaia commenta cos\u00ec l\u2019apertura degli impianti sul versante veneto della Marmolada prevista per gioved\u00ec prossimo<em>. \u201cAssieme agli impianti, saranno riaperti anche il Museo della Grande Guerra e la mostra \u2018Formiche in Marmolada\u2019 di Fabio Vettori allestita nella sala polifunzionale della stazione di Serauta \u2013 prosegue Zaia \u2013 Sono altre due occasioni per riportare i visitatori sulla nostra \u2018Regina delle Dolomiti\u2019, sapendo coniugare attivit\u00e0 outdoor e approfondimento storico-culturale. L\u2019augurio \u00e8 di tornare a far vivere una zona tanto amata, con numerose modalit\u00e0. La Marmolada \u00e8, ed \u00e8 stata, un simbolo dell\u2019ecosistema fragile delle Dolomiti: ma deve essere anche bandiera di un rapporto con le \u2018terre alte\u2019 fatto di occupazione giovanile, sviluppo economico e turistico, di lotta allo spopolamento. L\u2019augurio \u00e8 che questa stagione invernale sia quindi, per tutti gli operatori, un momento di ripartenza nel segno del ricordo\u201d.\u00a0<\/em><\/p>\n<p>&nbsp;<\/p>\n<hr \/>\n<p>&nbsp;<\/p>\n<blockquote>\n<h3>CRAS: FINANZIAMENTO AGGIUNTIVO PER ANIMALI IN DIFFICOLTA&#8217;<\/h3>\n<\/blockquote>\n<p><strong><img loading=\"lazy\" decoding=\"async\" class=\"alignleft\" src=\"https:\/\/www.radiopiu.net\/wordpress\/wp-content\/uploads\/2018\/08\/SOS-ANIMALI.jpeg\" width=\"229\" height=\"137\" \/>VENEZIA<\/strong>\u00a0 <em>\u201cCon l\u2019accoglimento, nel maxi emendamento alla Legge di Bilancio presentato dalla Giunta, della mia richiesta di aumentare i finanziamenti a favore dei Centri regionali di recupero della fauna selvatica in difficolt\u00e0, sono stati aggiunti 50 mila alla normale dotazione. Risorse serviranno per rafforzare la rete per la tutela e la cura degli animali feriti o dei \u2018trovatelli\u2019 che cadono dai nidi o si allontanano dai luoghi naturali di protezione\u201d. <\/em>A dirlo il consigliere regionale del PD Veneto, Andrea Zanoni. <em>\u201cSicuramente queste risorse non sono sufficienti a risolvere il problema ma possono essere un primo passo nella direzione di dotare questi Centri di maggiori strutture e strumentazioni&#8221;.<\/em> Attualmente\u00a0 i CRAS non sono presenti in modo omogeneo sul territorio veneto, basti pensare che nel bellunese \u00e8 assente un presidio di questo tipo. In assenza di finanziamenti costanti e adeguati questi centri sono costretti a ridurre il proprio campo d\u2019azione, in termini di numero di ricoveri e di giornate.<\/p>\n<p>&nbsp;<\/p>\n<hr \/>\n<p>&nbsp;<\/p>\n<blockquote>\n<h3>GSP GESTIRA\u2019 LE 23 FONTANE DI PROPRIETA\u2019 DEL COMUNE DI AGORDO<\/h3>\n<\/blockquote>\n<blockquote><p><strong><img loading=\"lazy\" decoding=\"async\" class=\"alignleft\" src=\"https:\/\/www.radiopiu.net\/wordpress\/wp-content\/uploads\/2021\/02\/Attorno-alla-fontana-del-Broi-di-Agordo-4.jpeg\" width=\"198\" height=\"149\" \/>AGORDO<\/strong><\/p>\n<p>Conseguenza della norme nazionali. La scelta opportuna per non pagare conti &#8220;salati&#8221;. Decider\u00e0 Gsp come aprire o chiudere i rubinetti in caso di periodi di siccit\u00e0.<\/p>\n<p><strong>DI GIANNI SANTOMASO<\/strong><\/p>\n<audio class=\"wp-audio-shortcode\" id=\"audio-312401-4\" preload=\"none\" style=\"width: 100%;\" controls=\"controls\"><source type=\"audio\/mpeg\" src=\"https:\/\/www.radiopiu.net\/wordpress\/wp-content\/uploads\/2022\/12\/GIANNI-FONTANE.mp3?_=4\" \/><a href=\"https:\/\/www.radiopiu.net\/wordpress\/wp-content\/uploads\/2022\/12\/GIANNI-FONTANE.mp3\">https:\/\/www.radiopiu.net\/wordpress\/wp-content\/uploads\/2022\/12\/GIANNI-FONTANE.mp3<\/a><\/audio>\n<p>&nbsp;<\/p>\n<h3><\/h3>\n<hr \/>\n<h3><\/h3>\n<h3><\/h3>\n<h3>MERCOLEDI MATTINA INAUGURAZIONE DELL&#8217;ECOCENTRO<\/h3>\n<\/blockquote>\n<p><strong>AGORDO I <\/strong>\u00a0lavori in localit\u00e0 Valcozzena stanno per terminare. Valpe Ambiente ha infatti preannunciato l&#8217;inaugurazione del nuovo ecocentro, \u00e8 calendarizzata per\u00a0 domani mattina, alle 10.30 alla presenza del sindaco di Agordo Roberto Chissal\u00e8 e del direttore generale di Valpe Ambiente Srl, Michele Rasera.<\/p>\n<p>&nbsp;<\/p>\n<p><a class=\"dt-pswp-item\" href=\"https:\/\/www.radiopiu.net\/wordpress\/wp-content\/uploads\/2022\/11\/ee5775b8-dbe2-4794-b9e6-88b3c0a27e70.jpg\" data-dt-img-description=\"\" data-large_image_width=\"1600\" data-large_image_height=\"1200\"><img loading=\"lazy\" decoding=\"async\" class=\"size-medium wp-image-308795 aligncenter\" src=\"https:\/\/www.radiopiu.net\/wordpress\/wp-content\/uploads\/2022\/11\/ee5775b8-dbe2-4794-b9e6-88b3c0a27e70-300x225.jpg\" alt=\"\" width=\"300\" height=\"225\" srcset=\"https:\/\/www.radiopiu.net\/wordpress\/wp-content\/uploads\/2022\/11\/ee5775b8-dbe2-4794-b9e6-88b3c0a27e70-300x225.jpg 300w, https:\/\/www.radiopiu.net\/wordpress\/wp-content\/uploads\/2022\/11\/ee5775b8-dbe2-4794-b9e6-88b3c0a27e70-1024x768.jpg 1024w, https:\/\/www.radiopiu.net\/wordpress\/wp-content\/uploads\/2022\/11\/ee5775b8-dbe2-4794-b9e6-88b3c0a27e70-768x576.jpg 768w, https:\/\/www.radiopiu.net\/wordpress\/wp-content\/uploads\/2022\/11\/ee5775b8-dbe2-4794-b9e6-88b3c0a27e70-1536x1152.jpg 1536w, https:\/\/www.radiopiu.net\/wordpress\/wp-content\/uploads\/2022\/11\/ee5775b8-dbe2-4794-b9e6-88b3c0a27e70.jpg 1600w\" sizes=\"auto, (max-width: 300px) 100vw, 300px\" \/><\/a><\/p>\n<p>&nbsp;<\/p>\n<p>&nbsp;<\/p>\n<p><strong>DAL NOTIZIARIO DEL 14 DICEMBRE 2022<\/strong><\/p>\n<p><strong><a class=\"dt-pswp-item\" href=\"https:\/\/www.radiopiu.net\/wordpress\/wp-content\/uploads\/2020\/04\/ECOCENTRO.png\" data-dt-img-description=\"\" data-large_image_width=\"458\" data-large_image_height=\"242\"><img loading=\"lazy\" decoding=\"async\" class=\" wp-image-130666 alignleft\" src=\"https:\/\/www.radiopiu.net\/wordpress\/wp-content\/uploads\/2020\/04\/ECOCENTRO-300x159.png\" alt=\"\" width=\"234\" height=\"124\" srcset=\"https:\/\/www.radiopiu.net\/wordpress\/wp-content\/uploads\/2020\/04\/ECOCENTRO-300x159.png 300w, https:\/\/www.radiopiu.net\/wordpress\/wp-content\/uploads\/2020\/04\/ECOCENTRO.png 458w\" sizes=\"auto, (max-width: 234px) 100vw, 234px\" \/><\/a>AGORDO<\/strong><\/p>\n<p>di Gianni Santomaso<\/p>\n<audio class=\"wp-audio-shortcode\" id=\"audio-312401-5\" preload=\"none\" style=\"width: 100%;\" controls=\"controls\"><source type=\"audio\/mpeg\" src=\"https:\/\/www.radiopiu.net\/wordpress\/wp-content\/uploads\/2022\/12\/GIANNI-ECOCENTRO-PROSSIMO-ALLA-RIAPERTURA.mp3?_=5\" \/><a href=\"https:\/\/www.radiopiu.net\/wordpress\/wp-content\/uploads\/2022\/12\/GIANNI-ECOCENTRO-PROSSIMO-ALLA-RIAPERTURA.mp3\">https:\/\/www.radiopiu.net\/wordpress\/wp-content\/uploads\/2022\/12\/GIANNI-ECOCENTRO-PROSSIMO-ALLA-RIAPERTURA.mp3<\/a><\/audio>\n<p>&nbsp;<\/p>\n<p>&nbsp;<\/p>\n<p>&nbsp;<\/p>\n<p><strong>ARCHIVIO RADIO PIU&#8217; NOTIZIARIO DEL 21 NOVEMBRE 2022<\/strong><\/p>\n<blockquote>\n<h2>AGGIORNAMENTO SULL&#8217;ECOCENTRO DI AGORDO E SULLA STRADA RIF PIASENT<\/h2>\n<\/blockquote>\n<p><strong><a class=\"dt-pswp-item\" href=\"https:\/\/www.radiopiu.net\/wordpress\/wp-content\/uploads\/2020\/03\/CONSIGLIO-AGORDO.jpg\" data-dt-img-description=\"\" data-large_image_width=\"1477\" data-large_image_height=\"832\"><img loading=\"lazy\" decoding=\"async\" class=\" wp-image-122996 alignleft\" src=\"https:\/\/www.radiopiu.net\/wordpress\/wp-content\/uploads\/2020\/03\/CONSIGLIO-AGORDO-300x169.jpg\" alt=\"\" width=\"229\" height=\"129\" srcset=\"https:\/\/www.radiopiu.net\/wordpress\/wp-content\/uploads\/2020\/03\/CONSIGLIO-AGORDO-300x169.jpg 300w, https:\/\/www.radiopiu.net\/wordpress\/wp-content\/uploads\/2020\/03\/CONSIGLIO-AGORDO-1024x577.jpg 1024w, https:\/\/www.radiopiu.net\/wordpress\/wp-content\/uploads\/2020\/03\/CONSIGLIO-AGORDO-768x433.jpg 768w, https:\/\/www.radiopiu.net\/wordpress\/wp-content\/uploads\/2020\/03\/CONSIGLIO-AGORDO.jpg 1477w\" sizes=\"auto, (max-width: 229px) 100vw, 229px\" \/><\/a>AGORDO<\/strong> L&#8217;ecocentro di Agordo aprir\u00e0 a dicembre,\u00a0 ha detto il sindaco Roberto Chissal\u00e8 nell&#8217;ultimo consiglio comunale<em> &#8220;Ci sono stati dei rallentamenti dovuti al reperimento delle materie prime, sar\u00e0 un bel lavoro&#8221;. <\/em>La strada per Piasent \u00e8 un lavoro impegnativo fin dalla progettazione<em> &#8220;Le banchine ora sono in sicurezza- ha detto il vice sindaco Giulio Favretti &#8211; slitta a primavera la realizzazione del canale di scolo&#8221;.<\/em><\/p>\n<p><strong>L&#8217;INTERVENTO IN CONSIGLIO COMUNALE DI AGORDO\u00a0<\/strong><\/p>\n<audio class=\"wp-audio-shortcode\" id=\"audio-312401-6\" preload=\"none\" style=\"width: 100%;\" controls=\"controls\"><source type=\"audio\/mpeg\" src=\"https:\/\/www.radiopiu.net\/wordpress\/wp-content\/uploads\/2022\/11\/consiglio-comunale.mp3?_=6\" \/><a href=\"https:\/\/www.radiopiu.net\/wordpress\/wp-content\/uploads\/2022\/11\/consiglio-comunale.mp3\">https:\/\/www.radiopiu.net\/wordpress\/wp-content\/uploads\/2022\/11\/consiglio-comunale.mp3<\/a><\/audio>\n<p>&nbsp;<\/p>\n<p>&nbsp;<\/p>\n<p>&nbsp;<\/p>\n<hr \/>\n<blockquote>\n<h3><\/h3>\n<h3>VALPE AMBIENTE: DISPONIBILI GLI ECOCALENDARI 2023 E UN NUOVO NUMERO VERDE UNICO<\/h3>\n<\/blockquote>\n<p><strong><a class=\"dt-pswp-item\" href=\"https:\/\/www.radiopiu.net\/wordpress\/wp-content\/uploads\/2021\/10\/VALPE.png\" data-dt-img-description=\"\" data-large_image_width=\"800\" data-large_image_height=\"400\"><img loading=\"lazy\" decoding=\"async\" class=\" wp-image-236977 alignleft\" src=\"https:\/\/www.radiopiu.net\/wordpress\/wp-content\/uploads\/2021\/10\/VALPE-300x150.png\" alt=\"\" width=\"190\" height=\"95\" srcset=\"https:\/\/www.radiopiu.net\/wordpress\/wp-content\/uploads\/2021\/10\/VALPE-300x150.png 300w, https:\/\/www.radiopiu.net\/wordpress\/wp-content\/uploads\/2021\/10\/VALPE-768x384.png 768w, https:\/\/www.radiopiu.net\/wordpress\/wp-content\/uploads\/2021\/10\/VALPE.png 800w\" sizes=\"auto, (max-width: 190px) 100vw, 190px\" \/><\/a>SEDICO <\/strong>Si avvisano le utenze dei Comuni di Sedico e dell&#8217;Unione Montana Agordina che i nuovi Ecocalendari per l\u2019anno 2023 sono stati spediti e sono in consegna in questi giorni; per questi Comuni, i calendari sono gi\u00e0 consultabili e scaricabili in formato pdf accedendo al sito <a href=\"http:\/\/www.valpeambiente.it\">www.valpeambiente.it<\/a>. Anche per le utenze dei 7 Comuni del territorio feltrino &#8211; Alano di Piave, Arsi\u00e8, Cesiomaggiore, Fonzaso, Lamon, Pedavena e Sovramonte, nel sito di Valpe Ambiente sono gi\u00e0 consultabili i calendari della raccolta porta a porta fino al 31 marzo 2023. Dal\u00a023 dicembre 2022 al 8 gennaio 2023 l\u2019Ecosportello di Sedico osserver\u00e0 orari di apertura ridotti, aprendo al pubblico gioved\u00ec 29 dicembre dalle 09.00 alle 12.30 e gioved\u00ec 05 gennaio dalle 09.00 alle 12.30.<\/p>\n<p>&nbsp;<\/p>\n<hr \/>\n<p>&nbsp;<\/p>\n<div class=\"page-title-head hgroup\">\n<blockquote>\n<h3 class=\"entry-title\">COVID, IL PUNTO SETTIMANALE: INCIDENZA IN CALO. 4 DECESSI<\/h3>\n<\/blockquote>\n<\/div>\n<p><strong>BELLUNO<\/strong> L\u2019incidenza settimanale si attesta su valori di poco superiori a 300 casi su 100 mila abitanti. Sempre meno colorata a tinte fosche la mappa dei nuovi casi, sempre pi\u00f9 Comuni verso i colori pi\u00f9 chiari e molti quelli che non registrano nuovi casi (bianchi).\u00a0 I nuovi casi si collocano, come di consueto, prevalentemente nella fascia d\u2019et\u00e0 centrale 45-64 anni. Significativa appare, tuttavia, la casistica Covid a carico di soggetti di et\u00e0 superiore a 65 anni, inclusi\u00a0 i \u201cgrandi anziani\u201d over 85 (per i quali la malattia rimane gravata da una letalit\u00e0 consistente). Ricoveri: 47 pazienti in area non critica, 8 negli ospedali di comunit\u00e0 nessuno in terapia intensiva. Quattro i decessi: <span class=\"Carpredefinitoparagrafo1\"><span lang=\"IT\">12\/12: \u00e8 deceduta una donna di anni 88, <\/span><\/span><span class=\"Carpredefinitoparagrafo1\"><span lang=\"IT\">15\/12: \u00e8 deceduto un uomo di anni 91, <\/span><\/span><span class=\"Carpredefinitoparagrafo1\"><span lang=\"IT\">16\/12: \u00e8 deceduto un uomo di anni 82, <\/span><\/span><span class=\"Carpredefinitoparagrafo1\"><span lang=\"IT\">18\/12: \u00e8 deceduta una donna di anni 95.<\/span><\/span><\/p>\n<p>&nbsp;<\/p>\n\n\t\t\t<style type='text\/css'>\n\t\t\t\t#gallery-1 {\n\t\t\t\t\tmargin: auto;\n\t\t\t\t}\n\t\t\t\t#gallery-1 .gallery-item {\n\t\t\t\t\tfloat: left;\n\t\t\t\t\tmargin-top: 10px;\n\t\t\t\t\ttext-align: center;\n\t\t\t\t\twidth: 33%;\n\t\t\t\t}\n\t\t\t\t#gallery-1 img {\n\t\t\t\t\tborder: 2px solid #cfcfcf;\n\t\t\t\t}\n\t\t\t\t#gallery-1 .gallery-caption {\n\t\t\t\t\tmargin-left: 0;\n\t\t\t\t}\n\t\t\t\t\/* see gallery_shortcode() in wp-includes\/media.php *\/\n\t\t\t<\/style>\n\t\t<div id='gallery-1' class='dt-gallery-container gallery galleryid-312401 gallery-columns-3 gallery-size-thumbnail'><dl class='gallery-item'>\n\t\t\t\t<dt class='gallery-icon portrait'>\n\t\t\t\t\t<a class=\"rollover rollover-zoom dt-pswp-item\" title=\"825726a1-d433-43be-84ce-747095b6148b\" data-dt-img-description=\"\" data-large_image_width=\"963\" data-large_image_height=\"997\"href='https:\/\/www.radiopiu.net\/wordpress\/wp-content\/uploads\/2022\/12\/825726a1-d433-43be-84ce-747095b6148b.jpg'><img loading=\"lazy\" decoding=\"async\" width=\"150\" height=\"150\" src=\"https:\/\/www.radiopiu.net\/wordpress\/wp-content\/uploads\/2022\/12\/825726a1-d433-43be-84ce-747095b6148b-150x150.jpg\" class=\"attachment-thumbnail size-thumbnail\" alt=\"\" \/><\/a>\n\t\t\t\t<\/dt><\/dl><dl class='gallery-item'>\n\t\t\t\t<dt class='gallery-icon landscape'>\n\t\t\t\t\t<a class=\"rollover rollover-zoom dt-pswp-item\" title=\"e7b4db46-97aa-4206-b2c8-78a0bdade4a2\" data-dt-img-description=\"\" data-large_image_width=\"869\" data-large_image_height=\"521\"href='https:\/\/www.radiopiu.net\/wordpress\/wp-content\/uploads\/2022\/12\/e7b4db46-97aa-4206-b2c8-78a0bdade4a2.jpg'><img loading=\"lazy\" decoding=\"async\" width=\"150\" height=\"150\" src=\"https:\/\/www.radiopiu.net\/wordpress\/wp-content\/uploads\/2022\/12\/e7b4db46-97aa-4206-b2c8-78a0bdade4a2-150x150.jpg\" class=\"attachment-thumbnail size-thumbnail\" alt=\"\" \/><\/a>\n\t\t\t\t<\/dt><\/dl><dl class='gallery-item'>\n\t\t\t\t<dt class='gallery-icon landscape'>\n\t\t\t\t\t<a class=\"rollover rollover-zoom dt-pswp-item\" title=\"8419bfb2-89d2-44aa-b5e9-ec55ab19fe2c\" data-dt-img-description=\"\" data-large_image_width=\"819\" data-large_image_height=\"565\"href='https:\/\/www.radiopiu.net\/wordpress\/wp-content\/uploads\/2022\/12\/8419bfb2-89d2-44aa-b5e9-ec55ab19fe2c.jpg'><img loading=\"lazy\" decoding=\"async\" width=\"150\" height=\"150\" src=\"https:\/\/www.radiopiu.net\/wordpress\/wp-content\/uploads\/2022\/12\/8419bfb2-89d2-44aa-b5e9-ec55ab19fe2c-150x150.jpg\" class=\"attachment-thumbnail size-thumbnail\" alt=\"\" \/><\/a>\n\t\t\t\t<\/dt><\/dl><br style=\"clear: both\" \/>\n\t\t\t<\/div>\n\n<p>&nbsp;<\/p>\n<p>&nbsp;<\/p>\n<hr \/>\n<p>&nbsp;<\/p>\n<p><strong>di Tiziano De Col<\/strong><\/p>\n\n\t\t\t<style type='text\/css'>\n\t\t\t\t#gallery-2 {\n\t\t\t\t\tmargin: auto;\n\t\t\t\t}\n\t\t\t\t#gallery-2 .gallery-item {\n\t\t\t\t\tfloat: left;\n\t\t\t\t\tmargin-top: 10px;\n\t\t\t\t\ttext-align: center;\n\t\t\t\t\twidth: 20%;\n\t\t\t\t}\n\t\t\t\t#gallery-2 img {\n\t\t\t\t\tborder: 2px solid #cfcfcf;\n\t\t\t\t}\n\t\t\t\t#gallery-2 .gallery-caption {\n\t\t\t\t\tmargin-left: 0;\n\t\t\t\t}\n\t\t\t\t\/* see gallery_shortcode() in wp-includes\/media.php *\/\n\t\t\t<\/style>\n\t\t<div id='gallery-2' class='dt-gallery-container gallery galleryid-312401 gallery-columns-5 gallery-size-thumbnail'><dl class='gallery-item'>\n\t\t\t\t<dt class='gallery-icon landscape'>\n\t\t\t\t\t<a class=\"rollover rollover-zoom dt-pswp-item\" title=\"d79c2764-1b12-4335-b652-dd1a415904c9\" data-dt-img-description=\"\" data-large_image_width=\"608\" data-large_image_height=\"356\"href='https:\/\/www.radiopiu.net\/wordpress\/wp-content\/uploads\/2022\/12\/d79c2764-1b12-4335-b652-dd1a415904c9.jpg'><img loading=\"lazy\" decoding=\"async\" width=\"150\" height=\"150\" src=\"https:\/\/www.radiopiu.net\/wordpress\/wp-content\/uploads\/2022\/12\/d79c2764-1b12-4335-b652-dd1a415904c9-150x150.jpg\" class=\"attachment-thumbnail size-thumbnail\" alt=\"\" \/><\/a>\n\t\t\t\t<\/dt><\/dl><dl class='gallery-item'>\n\t\t\t\t<dt class='gallery-icon landscape'>\n\t\t\t\t\t<a class=\"rollover rollover-zoom dt-pswp-item\" title=\"d6f753a7-c7b9-48e6-b7d2-fae8cc1dbbaa\" data-dt-img-description=\"\" data-large_image_width=\"614\" data-large_image_height=\"367\"href='https:\/\/www.radiopiu.net\/wordpress\/wp-content\/uploads\/2022\/12\/d6f753a7-c7b9-48e6-b7d2-fae8cc1dbbaa.jpg'><img loading=\"lazy\" decoding=\"async\" width=\"150\" height=\"150\" src=\"https:\/\/www.radiopiu.net\/wordpress\/wp-content\/uploads\/2022\/12\/d6f753a7-c7b9-48e6-b7d2-fae8cc1dbbaa-150x150.jpg\" class=\"attachment-thumbnail size-thumbnail\" alt=\"\" \/><\/a>\n\t\t\t\t<\/dt><\/dl><dl class='gallery-item'>\n\t\t\t\t<dt class='gallery-icon landscape'>\n\t\t\t\t\t<a class=\"rollover rollover-zoom dt-pswp-item\" title=\"8841320e-0972-4b91-bb21-2bd8d0b41ae9\" data-dt-img-description=\"\" data-large_image_width=\"590\" data-large_image_height=\"357\"href='https:\/\/www.radiopiu.net\/wordpress\/wp-content\/uploads\/2022\/12\/8841320e-0972-4b91-bb21-2bd8d0b41ae9.jpg'><img loading=\"lazy\" decoding=\"async\" width=\"150\" height=\"150\" src=\"https:\/\/www.radiopiu.net\/wordpress\/wp-content\/uploads\/2022\/12\/8841320e-0972-4b91-bb21-2bd8d0b41ae9-150x150.jpg\" class=\"attachment-thumbnail size-thumbnail\" alt=\"\" \/><\/a>\n\t\t\t\t<\/dt><\/dl><dl class='gallery-item'>\n\t\t\t\t<dt class='gallery-icon landscape'>\n\t\t\t\t\t<a class=\"rollover rollover-zoom dt-pswp-item\" title=\"6be2a4b9-3643-405c-abaa-c941a2012bdd\" data-dt-img-description=\"\" data-large_image_width=\"594\" data-large_image_height=\"349\"href='https:\/\/www.radiopiu.net\/wordpress\/wp-content\/uploads\/2022\/12\/6be2a4b9-3643-405c-abaa-c941a2012bdd.jpg'><img loading=\"lazy\" decoding=\"async\" width=\"150\" height=\"150\" src=\"https:\/\/www.radiopiu.net\/wordpress\/wp-content\/uploads\/2022\/12\/6be2a4b9-3643-405c-abaa-c941a2012bdd-150x150.jpg\" class=\"attachment-thumbnail size-thumbnail\" alt=\"\" \/><\/a>\n\t\t\t\t<\/dt><\/dl><dl class='gallery-item'>\n\t\t\t\t<dt class='gallery-icon landscape'>\n\t\t\t\t\t<a class=\"rollover rollover-zoom dt-pswp-item\" title=\"9e2fa195-05e3-4f97-a44a-e957f0477249\" data-dt-img-description=\"\" data-large_image_width=\"610\" data-large_image_height=\"364\"href='https:\/\/www.radiopiu.net\/wordpress\/wp-content\/uploads\/2022\/12\/9e2fa195-05e3-4f97-a44a-e957f0477249.jpg'><img loading=\"lazy\" decoding=\"async\" width=\"150\" height=\"150\" src=\"https:\/\/www.radiopiu.net\/wordpress\/wp-content\/uploads\/2022\/12\/9e2fa195-05e3-4f97-a44a-e957f0477249-150x150.jpg\" class=\"attachment-thumbnail size-thumbnail\" alt=\"\" \/><\/a>\n\t\t\t\t<\/dt><\/dl><br style=\"clear: both\" \/>\n\t\t\t<\/div>\n\n<p>&nbsp;<\/p>\n<hr \/>\n<p>&nbsp;<\/p>\n<h2><\/h2>\n<blockquote>\n<h3>LO SPECIALE SU RICCARDO BEE A 40 ANNI DALLA SUA SCOMPARSA<\/h3>\n<\/blockquote>\n<p><strong><a class=\"dt-pswp-item\" href=\"https:\/\/www.radiopiu.net\/wordpress\/wp-content\/uploads\/2022\/12\/65d2ce79-cc7f-4db9-ad6c-3ea1f67fa5ac.jpg\" data-dt-img-description=\"\" data-large_image_width=\"1549\" data-large_image_height=\"1092\"><img loading=\"lazy\" decoding=\"async\" class=\" wp-image-312399 alignleft\" src=\"https:\/\/www.radiopiu.net\/wordpress\/wp-content\/uploads\/2022\/12\/65d2ce79-cc7f-4db9-ad6c-3ea1f67fa5ac-300x211.jpg\" alt=\"\" width=\"200\" height=\"141\" srcset=\"https:\/\/www.radiopiu.net\/wordpress\/wp-content\/uploads\/2022\/12\/65d2ce79-cc7f-4db9-ad6c-3ea1f67fa5ac-300x211.jpg 300w, https:\/\/www.radiopiu.net\/wordpress\/wp-content\/uploads\/2022\/12\/65d2ce79-cc7f-4db9-ad6c-3ea1f67fa5ac-1024x722.jpg 1024w, https:\/\/www.radiopiu.net\/wordpress\/wp-content\/uploads\/2022\/12\/65d2ce79-cc7f-4db9-ad6c-3ea1f67fa5ac-768x541.jpg 768w, https:\/\/www.radiopiu.net\/wordpress\/wp-content\/uploads\/2022\/12\/65d2ce79-cc7f-4db9-ad6c-3ea1f67fa5ac-1536x1083.jpg 1536w, https:\/\/www.radiopiu.net\/wordpress\/wp-content\/uploads\/2022\/12\/65d2ce79-cc7f-4db9-ad6c-3ea1f67fa5ac.jpg 1549w\" sizes=\"auto, (max-width: 200px) 100vw, 200px\" \/><\/a>di Claudio Pra<\/strong><\/p>\n<p>A 40 anni dalla scomparsa di Riccardo Bee uno speciale alla radio. Era il 1982 quando Bee mor\u00ec sul monte Agner<\/p>\n<audio class=\"wp-audio-shortcode\" id=\"audio-312401-7\" preload=\"none\" style=\"width: 100%;\" controls=\"controls\"><source type=\"audio\/mpeg\" src=\"https:\/\/www.radiopiu.net\/wordpress\/wp-content\/uploads\/2022\/12\/CLAUDIO-PRA-SPECIALE.mp3?_=7\" \/><a href=\"https:\/\/www.radiopiu.net\/wordpress\/wp-content\/uploads\/2022\/12\/CLAUDIO-PRA-SPECIALE.mp3\">https:\/\/www.radiopiu.net\/wordpress\/wp-content\/uploads\/2022\/12\/CLAUDIO-PRA-SPECIALE.mp3<\/a><\/audio>\n<p>&nbsp;<\/p>\n<p>&nbsp;<\/p>\n<hr \/>\n<p>&nbsp;<\/p>\n<blockquote>\n<h2>IERI ALLA RADIO, SALUTE E SOCIETA&#8217;<\/h2>\n<p>valvole cardiache + la fenilchetonuria<\/p><\/blockquote>\n<p><img loading=\"lazy\" decoding=\"async\" class=\"alignleft\" src=\"https:\/\/www.radiopiu.net\/wordpress\/wp-content\/uploads\/2022\/12\/WhatsApp-Image-2022-12-19-at-09.30.11.jpeg\" width=\"211\" height=\"117\" \/>Interventi chirurgici sulle valvole cardiache<br \/>\nQuando una delle quattro valvole cardiache si deteriora danneggia la capacit\u00e0 del cuore di pompare il sangue, con effetti gravi sull\u2019intero organismo.<\/p>\n<p>Vivere bene con la fenilchetonuria<br \/>\nLa fenilchetonuria \u00e8 una malattia ereditaria che colpisce 1 individuo ogni 10.000. La sua complicanza pi\u00f9 grave \u00e8 il ritardo mentale.<\/p>\n<audio class=\"wp-audio-shortcode\" id=\"audio-312401-8\" preload=\"none\" style=\"width: 100%;\" controls=\"controls\"><source type=\"audio\/mpeg\" src=\"https:\/\/www.radiopiu.net\/wordpress\/wp-content\/uploads\/2022\/12\/SALUTE-2.mp3?_=8\" \/><a href=\"https:\/\/www.radiopiu.net\/wordpress\/wp-content\/uploads\/2022\/12\/SALUTE-2.mp3\">https:\/\/www.radiopiu.net\/wordpress\/wp-content\/uploads\/2022\/12\/SALUTE-2.mp3<\/a><\/audio>\n<p>&nbsp;<\/p>\n<p>&nbsp;<\/p>\n<p>&nbsp;<\/p>\n<hr \/>\n<p>&nbsp;<\/p>\n<blockquote>\n<h3><strong>SUL LAGO DI GARDA CON LA MONTAGNATERAPIA<\/strong><\/h3>\n<\/blockquote>\n<p><strong><a class=\"dt-pswp-item\" href=\"https:\/\/www.radiopiu.net\/wordpress\/wp-content\/uploads\/2022\/12\/montagnaterapia-pieve-di-cadore.png\" data-dt-img-description=\"\" data-large_image_width=\"1080\" data-large_image_height=\"1080\"><img loading=\"lazy\" decoding=\"async\" class=\" wp-image-312449 alignleft\" src=\"https:\/\/www.radiopiu.net\/wordpress\/wp-content\/uploads\/2022\/12\/montagnaterapia-pieve-di-cadore-300x300.png\" alt=\"\" width=\"166\" height=\"166\" srcset=\"https:\/\/www.radiopiu.net\/wordpress\/wp-content\/uploads\/2022\/12\/montagnaterapia-pieve-di-cadore-300x300.png 300w, https:\/\/www.radiopiu.net\/wordpress\/wp-content\/uploads\/2022\/12\/montagnaterapia-pieve-di-cadore-1024x1024.png 1024w, https:\/\/www.radiopiu.net\/wordpress\/wp-content\/uploads\/2022\/12\/montagnaterapia-pieve-di-cadore-150x150.png 150w, https:\/\/www.radiopiu.net\/wordpress\/wp-content\/uploads\/2022\/12\/montagnaterapia-pieve-di-cadore-768x768.png 768w, https:\/\/www.radiopiu.net\/wordpress\/wp-content\/uploads\/2022\/12\/montagnaterapia-pieve-di-cadore.png 1080w\" sizes=\"auto, (max-width: 166px) 100vw, 166px\" \/><\/a>BELLUNO<\/strong> Gli Operatori del Centro di Salute Mentale di Pieve di Cadore dell\u2019Ulss Dolomiti, insieme agli Operatori delle Comunit\u00e0 Terapeutiche di Auronzo, hanno organizzato un breve soggiorno sul Lago di Garda alla fine del mese scorso, al quale hanno partecipato 18 tra utenti, operatori e volontari. E\u2019 la prima esperienza di uscita di pi\u00f9 giorni nell\u2019ambito della montagnaterapia del Centro di Salute Mentale di Pieve di Cadore, un progetto che coinvolge i suoi partecipanti dal 2017, con cadenza quindicinale e con pi\u00f9 di 60 uscite alle spalle, in diverse attivit\u00e0 di gruppo tra le Dolomiti del Cadore e la Valbelluna, promuovendo momenti di aggregazione e di cura attraverso il contatto con la natura e l&#8217;ambiente montano. Il gruppo ha trascorso tre giorni insieme al lago, percorrendo insieme tra escursioni e passeggiate circa 25 chilometri, su percorsi individuati in base anche alle capacit\u00e0 fisiche di ciascuno, per incontrare da un lato l\u2019interesse dei pi\u00f9 giovani e dall\u2019altro il favore di chi necessita itinerari meno impegnativi sia dal punto di vista altimetrico che di difficolt\u00e0 escursionistiche.<\/p>\n<p>&nbsp;<\/p>\n<p>&nbsp;<\/p>\n<hr \/>\n<p>&nbsp;<\/p>\n<blockquote>\n<h3>A PIAIA E LASTREGHE INIZIATI I LAVORI DI ASFALTATURA<\/h3>\n<\/blockquote>\n<p><strong>PONTE NELLE ALPI <\/strong>Sono iniziati i lavori di asfaltatura nelle frazioni di Piaia e Lastreghe: l\u2019investimento complessivo ammonta a 120mila euro. Le operazioni rientrano nel piano triennale degli interventi, decollato lo scorso anno con la riqualificazione delle strade comunali nei Coi de Pera e, in generale, della viabilit\u00e0 pontalpina, secondo la volont\u00e0 dell\u2019amministrazione.<span class=\"gmail-Apple-converted-space\"> \u00a0<\/span>Concluse le opere nella zona dei Coi, toccher\u00e0 poi alla frazioni dell\u2019Oltrerai. Al contempo, proseguono i lavori di asfaltatura in tutto il territorio: in particolare per ci\u00f2 che riguarda le carreggiate interessate dalla messa a terra della fibra, mentre a breve partiranno pure gli interventi di efficientamento energetico con la nuova illuminazione pubblica a led in diversi paesi.<span class=\"gmail-Apple-converted-space\">\u00a0<\/span><\/p>\n\n\t\t\t<style type='text\/css'>\n\t\t\t\t#gallery-3 {\n\t\t\t\t\tmargin: auto;\n\t\t\t\t}\n\t\t\t\t#gallery-3 .gallery-item {\n\t\t\t\t\tfloat: left;\n\t\t\t\t\tmargin-top: 10px;\n\t\t\t\t\ttext-align: center;\n\t\t\t\t\twidth: 33%;\n\t\t\t\t}\n\t\t\t\t#gallery-3 img {\n\t\t\t\t\tborder: 2px solid #cfcfcf;\n\t\t\t\t}\n\t\t\t\t#gallery-3 .gallery-caption {\n\t\t\t\t\tmargin-left: 0;\n\t\t\t\t}\n\t\t\t\t\/* see gallery_shortcode() in wp-includes\/media.php *\/\n\t\t\t<\/style>\n\t\t<div id='gallery-3' class='dt-gallery-container gallery galleryid-312401 gallery-columns-3 gallery-size-thumbnail'><dl class='gallery-item'>\n\t\t\t\t<dt class='gallery-icon landscape'>\n\t\t\t\t\t<a class=\"rollover rollover-zoom dt-pswp-item\" title=\"Asfalti_1\" data-dt-img-description=\"\" data-large_image_width=\"1024\" data-large_image_height=\"768\"href='https:\/\/www.radiopiu.net\/wordpress\/wp-content\/uploads\/2022\/12\/Asfalti_1.jpg'><img loading=\"lazy\" decoding=\"async\" width=\"150\" height=\"150\" src=\"https:\/\/www.radiopiu.net\/wordpress\/wp-content\/uploads\/2022\/12\/Asfalti_1-150x150.jpg\" class=\"attachment-thumbnail size-thumbnail\" alt=\"\" \/><\/a>\n\t\t\t\t<\/dt><\/dl><dl class='gallery-item'>\n\t\t\t\t<dt class='gallery-icon portrait'>\n\t\t\t\t\t<a class=\"rollover rollover-zoom dt-pswp-item\" title=\"Asfalti_3\" data-dt-img-description=\"\" data-large_image_width=\"768\" data-large_image_height=\"1024\"href='https:\/\/www.radiopiu.net\/wordpress\/wp-content\/uploads\/2022\/12\/Asfalti_3.jpg'><img loading=\"lazy\" decoding=\"async\" width=\"150\" height=\"150\" src=\"https:\/\/www.radiopiu.net\/wordpress\/wp-content\/uploads\/2022\/12\/Asfalti_3-150x150.jpg\" class=\"attachment-thumbnail size-thumbnail\" alt=\"\" \/><\/a>\n\t\t\t\t<\/dt><\/dl><dl class='gallery-item'>\n\t\t\t\t<dt class='gallery-icon portrait'>\n\t\t\t\t\t<a class=\"rollover rollover-zoom dt-pswp-item\" title=\"Asfalti_2\" data-dt-img-description=\"\" data-large_image_width=\"768\" data-large_image_height=\"1024\"href='https:\/\/www.radiopiu.net\/wordpress\/wp-content\/uploads\/2022\/12\/Asfalti_2.jpg'><img loading=\"lazy\" decoding=\"async\" width=\"150\" height=\"150\" src=\"https:\/\/www.radiopiu.net\/wordpress\/wp-content\/uploads\/2022\/12\/Asfalti_2-150x150.jpg\" class=\"attachment-thumbnail size-thumbnail\" alt=\"\" \/><\/a>\n\t\t\t\t<\/dt><\/dl><br style=\"clear: both\" \/>\n\t\t\t<\/div>\n\n<p>&nbsp;<\/p>\n<p>&nbsp;<\/p>\n<hr \/>\n<p>&nbsp;<\/p>\n<p>&nbsp;<\/p>\n<blockquote>\n<h3>PREMIO IMPRESA AMBIENTE, PROROGATI I TERMINI DI ISCRIZIONE<\/h3>\n<\/blockquote>\n<p><strong>VENEZIA<\/strong> Le aziende potranno iscriversi al Premio Impresa Ambiente fino al 14 gennaio 2023. La decisione di proroga dei termini di iscrizione \u00e8 stata presa dalla Camera di Commercio di Venezia Rovigo per agevolare le imprese che, in questo periodo, sono alle prese con gli adempimenti burocratico-amministrativi di fine anno.\u00a0 Il Premio Impresa Ambiente \u00e8 il pi\u00f9 importante riconoscimento italiano per le imprese che si distinguono nell\u2019adozione di strategie, prodotti, servizi, partenariati e sistemi gestionali che promuovono la sostenibilit\u00e0 ambientale, economica e sociale nell\u2019ottica del raggiungimento degli obiettivi di cui all\u2019Agenda 2030 delle Nazioni Unite.<\/p>\n<p>&nbsp;<\/p>\n<p>&nbsp;<\/p>\n<hr \/>\n<p>&nbsp;<\/p>\n<blockquote>\n<h3>200MILA DOLOMITICI SU FACEBOOK, 15 ANNI DI PRESENZE, TESTIMONIANZA D&#8217;AMORE PER LA MONTAGNA<\/h3>\n<\/blockquote>\n<p>DoloMitici! quota 200.000 iscritti, un altro traguardo di quelli importanti. Il messaggio di Dario Ganz, fondatore con un gruppo di amici di una realt\u00e0 importante per tutta la montagna<\/p>\n<p><a class=\"dt-pswp-item\" href=\"https:\/\/www.radiopiu.net\/wordpress\/wp-content\/uploads\/2022\/12\/89911106_10222187079570600_6924224108561432576_n.jpg\" data-dt-img-description=\"\" data-large_image_width=\"317\" data-large_image_height=\"317\"><img loading=\"lazy\" decoding=\"async\" class=\" wp-image-312396 alignleft\" src=\"https:\/\/www.radiopiu.net\/wordpress\/wp-content\/uploads\/2022\/12\/89911106_10222187079570600_6924224108561432576_n-300x300.jpg\" alt=\"\" width=\"230\" height=\"230\" srcset=\"https:\/\/www.radiopiu.net\/wordpress\/wp-content\/uploads\/2022\/12\/89911106_10222187079570600_6924224108561432576_n-300x300.jpg 300w, https:\/\/www.radiopiu.net\/wordpress\/wp-content\/uploads\/2022\/12\/89911106_10222187079570600_6924224108561432576_n-150x150.jpg 150w, https:\/\/www.radiopiu.net\/wordpress\/wp-content\/uploads\/2022\/12\/89911106_10222187079570600_6924224108561432576_n.jpg 317w\" sizes=\"auto, (max-width: 230px) 100vw, 230px\" \/><\/a>&#8221; Non lo avrei mai pensato che da una modesta condivisione di amore e passione per la mia terra, con un gruppo di amici, ne scaturisse una partecipazione di gioia e curiosit\u00e0 che ha superato i confini delle Dolomiti fino ad arrivare dall&#8217;altra parte del mondo! Numeri che come gruppo non abbiamo mai cercato o promosso con alcuna richiesta esplicita pubblicitaria ma che si \u00e8 autoalimentata grazie al passaparola di voi tutti che partecipate con cos\u00ec grande affetto. 15 anni di presenze che hanno segnato, hanno fatto trampolino di lancio, fatto conoscere e cambiato la vita di tanti, pi\u00f9 o meno coscientemente, con una attenzione (e guardia!) particolare ai modi espressivi, alla difesa e promozione per questo fragile territorio che necessita, sempre di pi\u00f9, di cura e salvaguardia. In 15 anni siamo stati testimoni diretti di quegli eventi che la natura segue pi\u00f9 o meno naturalmente, come lo fu per Vaia. Questo 2022 ha portato ad alcuni di noi eventi molto tristi. Anche chi non ne \u00e8 stato parte diretta, ha espresso grande sconforto nel seguire i destini delle cordate di appassionati alpinisti sulla Marmolada. Il gruppo si \u00e8 bloccato, su richiesta di molti, partecipando il lutto. E non \u00e8 accaduta solo la tragedia della Marmolada. Per questo non me la sento di vedere grandi festeggiamenti per questo traguardo dei 200mila iscritti. Per questo mi scuso con coloro che avevano proposto di curare l&#8217;evento e lo avevano fatto con il giusto anticipo. Voglio per\u00f2 dirti qui, ad alta voce una cosa che ho dentro da molto: &#8220;Ma perch\u00e9, in cos\u00ec tanti, dalle proprie zone di comfort, desiderano venire nelle Dolomiti? Perch\u00e9 vengono a faticare, spesso a rischiare, perch\u00e8?&#8221; Dal 2008, anno nel quale ho fondato DoloMitici! ho letto molte versioni interessanti. Una la prendo in prestito, e un poco la adatto. E&#8217; una bella riflessione, espressa ad un convegno nel 2017 dall&#8217;amico Piergianni Da Rold, ingegnere di Belluno. Secondo Piergianni, qui in montagna, l\u2019orizzonte, continuamente messo in discussione dalle pendenze delle cime, interrotto da verticalit\u00e0 improvvise, complice anche il clima rigido e il continuo misurarsi con la natura, costringono l\u2019animo che vive in montagna ad essere costantemente allerta e fanno si che omologazioni e appiattimenti, grazie alle montagne, siano meno evidenti e gli animi pi\u00f9 &#8220;tridimensionali&#8221;. Ecco forse una possibile risposta al desiderio cos\u00ec grande espresso da ormai 200mila iscritti, ad unirsi ad un gruppo che vive e racconta le Dolomiti. Mettici anche che questo bel regalo ce lo siamo fatti nei giorni molto vicini all&#8217;11 dicembre, Giornata Internazionale della Montagna&#8221;.<\/p>\n<p>Grazie &#8211; Dario e gli admin | DoloMitici<\/p>\n<p>&nbsp;<\/p>\n<hr \/>\n<p>&nbsp;<\/p>\n<p>&nbsp;<\/p>\n<blockquote>\n<h3>CONCERTO DI NATALE PER IL PERSONALE DELL&#8217;OSPEDALE DI AGORDO<\/h3>\n<\/blockquote>\n<p><strong><a class=\"dt-pswp-item\" href=\"https:\/\/www.radiopiu.net\/wordpress\/wp-content\/uploads\/2022\/12\/AGORDO-I-tre-fratelli-Bosio.jpg\" data-dt-img-description=\"\" data-large_image_width=\"1024\" data-large_image_height=\"641\"><img loading=\"lazy\" decoding=\"async\" class=\"size-medium wp-image-312531 alignleft\" src=\"https:\/\/www.radiopiu.net\/wordpress\/wp-content\/uploads\/2022\/12\/AGORDO-I-tre-fratelli-Bosio-300x188.jpg\" alt=\"\" width=\"300\" height=\"188\" srcset=\"https:\/\/www.radiopiu.net\/wordpress\/wp-content\/uploads\/2022\/12\/AGORDO-I-tre-fratelli-Bosio-300x188.jpg 300w, https:\/\/www.radiopiu.net\/wordpress\/wp-content\/uploads\/2022\/12\/AGORDO-I-tre-fratelli-Bosio-768x481.jpg 768w, https:\/\/www.radiopiu.net\/wordpress\/wp-content\/uploads\/2022\/12\/AGORDO-I-tre-fratelli-Bosio.jpg 1024w\" sizes=\"auto, (max-width: 300px) 100vw, 300px\" \/><\/a>AGORDO <\/strong>Si chiude con un significativo evento l\u2019intensa stagione 2022 del Circolo culturale agordino, presieduto da Lionella Tonet. Se quest\u2019anno, per cause di forza maggiore (cambio della direzione) il Coro Agordo ha dovuto rimandare il tradizionale Concerto di S.Stefano in Arcidiconale, sar\u00e0 la sala don Tamis ad ospitare un inedito Concerto di Natale promosso dal Circolo culturale in collaborazione con Agordo Musica e il patrocinio del Comune di Agordo e dell\u2019Unione montana agordina. Un concerto dal duplice interesse e richiamo quello programmato per mercoled\u00ec 28 dicembre, alle 20:30. Anzitutto perch\u00e9 saranno protagonisti tre affermati musicisti torinesi, tre fratelli che, ricordando le origini agordine della mamma Loredana (figlia di una delle tre sorelle Rosson che fino a inizio anni \u201960 del secolo scorso hanno gestito il Caff\u00e8 Posta in Riva dei Paci, oggi via Rova), hanno voluto fare un omaggio della loro arte ad Agordo e agli agordini proprio in occasione del Natale. Quindi perch\u00e9, con ammirevole sensibilit\u00e0, Lionella Tonet e collaboratori hanno inteso dedicare il concerto al personale dell\u2019ospedale di Agordo in segno di riconoscenza per l\u2019impegno profuso con generosit\u00e0 e professionalit\u00e0 durante la pandemia. In tale occasione i tre fratelli Bosio: Ombretta, mezzosoprano, Nausicaa al pianoforte e Niccol\u00f2 alla fisarmonica, si esibiranno in un vasto repertorio musicale, diviso in tre parti, proponendo opere di vari autori lirici, fra cui Bellini, Bizet, Czardas, Lehar, Piazzolla. Ma ci sar\u00e0 spazio vocale anche per brani di Ripp, Marf, Piaff e Arlen, mentre la chiusura sar\u00e0 tutta nell\u2019atmosfera natalizia con l\u2019Ave Maria di Gounod, la Ninna nanna di Ges\u00f9 Bambino di Sinigaglia, Wiegenlied, Ninna nanna di Brahms, Stille Nacht di Gruber e White Christmas di Berlin. Foto: AGORDO \u2013 I tre fratelli Bosio di origini agordine: Nausicaa (pianoforte), Niccol\u00f2 (fisarmonica) e Ombretta (mezzosoprano).<\/p>\n<p>&nbsp;<\/p>\n<p>&nbsp;<\/p>\n<p>&nbsp;<\/p>\n<hr \/>\n<p>&nbsp;<\/p>\n<blockquote>\n<h3>S&#8217;ALLARGA LA FAMIGLIA DEL FIORI BARP DEI GRANDI PROTAGONISTI DEL SODALIZIO<\/h3>\n<\/blockquote>\n<p><strong>SEDICO<\/strong><\/p>\n<p><strong>DI ROBERTO BONA<\/strong><\/p>\n<audio class=\"wp-audio-shortcode\" id=\"audio-312401-9\" preload=\"none\" style=\"width: 100%;\" controls=\"controls\"><source type=\"audio\/mpeg\" src=\"https:\/\/www.radiopiu.net\/wordpress\/wp-content\/uploads\/2022\/12\/ROBERTO-MAS-DI-SEDICO.mp3?_=9\" \/><a href=\"https:\/\/www.radiopiu.net\/wordpress\/wp-content\/uploads\/2022\/12\/ROBERTO-MAS-DI-SEDICO.mp3\">https:\/\/www.radiopiu.net\/wordpress\/wp-content\/uploads\/2022\/12\/ROBERTO-MAS-DI-SEDICO.mp3<\/a><\/audio>\n<p>&nbsp;<\/p>\n<p><img decoding=\"async\" src=\"https:\/\/www.radiopiu.net\/wordpress\/wp-content\/uploads\/2022\/12\/8f6dfccc-23a4-4b6a-9aef-91d212c8108b.jpg\" \/><\/p>\n<p>&nbsp;<\/p>\n<hr \/>\n<p>&nbsp;<\/p>\n<blockquote>\n<h3>BELLUNO SCHOOL RUN AD UN BIVIO DOPO L&#8217;OTTAVA EDIZIONE DI SUCCESSO<\/h3>\n<\/blockquote>\n<p><strong><img decoding=\"async\" class=\"alignleft\" src=\"https:\/\/www.radiopiu.net\/wordpress\/wp-content\/uploads\/2018\/04\/belluno-school-run.jpg\" \/>BELLUNO<\/strong> Bilancio economico positivo alla Belluno School Run:\u00a0 29.500 euro,\u00a0 4.000 pi\u00f9 dell\u2019edizione 2021. La cifra raccolta verr\u00e0 ripartita in base alle iscrizioni raccolte nei vari Istituti Comprensivi. Il Comitato organizzatore si \u00e8 detto estremamente soddisfatto di un risultato possibile solo grazie\u00a0 agli sponsor e al costante impegno di genitori e insegnanti. Tra i record quello dei partecipanti: 2350 iscritti. \u00a0300 maglie sono state destinate ai piccoli pazienti della Pediatria di Belluno,\u00a0 oppure portate in Ucraina dai sacerdoti dell\u2019Istituto Salesiano Agosti. E per il futuro? Uno dei problemi pi\u00f9 rilevanti \u00e8 la modalit\u00e0 di gestione dei contributi da parte delle varie scuole e dei diversi comitati genitori, che al momento non \u00e8 uniforme e si presenta spesso complessa.<em> &#8220;Dunque &#8211; ricorda Giangiacomo Nicolini a nome degli organizzatori &#8211;\u00a0 sia per gestire direttamente i fondi e distribuirli a seconda dei progetti proposti, garantendo la massima trasparenza, sia a causa delle cifre raccolte, sempre pi\u00f9 importanti, e della gestione sempre pi\u00f9 complicata dal punto di vista organizzativo si impone una seria riflessione per il futuro. La scelta del Comitato organizzatore sar\u00e0 di valutare a breve le proprie forze, per capire se costituire una forma di associazione che possa gestire ogni aspetto con sempre maggiore professionalit\u00e0, o se terminare dopo 8 edizioni meravigliose questa esperienza che ha portato alle scuole di Belluno moltissimi fondi. Ogni persona che avr\u00e0 voglia di impegnarsi attivamente potr\u00e0 anche scrivere una mail per eventuali disponibilit\u00e0 alla mail <a href=\"mailto:bellunoschoolrun@gmail.com\">bellunoschoolrun@gmail.com&#8221;<\/a><\/em><\/p>\n<p>&nbsp;<\/p>\n<hr \/>\n<p>&nbsp;<\/p>\n<blockquote>\n<h3>PRESEPE ARTIGIANO, QUEST\u2019ANNO LA STATUA RAPPRESENTA UN OPERATORE AGRICOLO<\/h3>\n<\/blockquote>\n<p><strong><a class=\"dt-pswp-item\" href=\"https:\/\/www.radiopiu.net\/wordpress\/wp-content\/uploads\/2022\/12\/vescovo-coldiretti-confartigianato-scaled.jpg\" data-dt-img-description=\"\" data-large_image_width=\"2560\" data-large_image_height=\"1639\"><img loading=\"lazy\" decoding=\"async\" class=\" wp-image-312447 alignleft\" src=\"https:\/\/www.radiopiu.net\/wordpress\/wp-content\/uploads\/2022\/12\/vescovo-coldiretti-confartigianato-300x192.jpg\" alt=\"\" width=\"188\" height=\"120\" srcset=\"https:\/\/www.radiopiu.net\/wordpress\/wp-content\/uploads\/2022\/12\/vescovo-coldiretti-confartigianato-300x192.jpg 300w, https:\/\/www.radiopiu.net\/wordpress\/wp-content\/uploads\/2022\/12\/vescovo-coldiretti-confartigianato-1024x656.jpg 1024w, https:\/\/www.radiopiu.net\/wordpress\/wp-content\/uploads\/2022\/12\/vescovo-coldiretti-confartigianato-768x492.jpg 768w, https:\/\/www.radiopiu.net\/wordpress\/wp-content\/uploads\/2022\/12\/vescovo-coldiretti-confartigianato-1536x983.jpg 1536w, https:\/\/www.radiopiu.net\/wordpress\/wp-content\/uploads\/2022\/12\/vescovo-coldiretti-confartigianato-2048x1311.jpg 2048w\" sizes=\"auto, (max-width: 188px) 100vw, 188px\" \/><\/a>BELLUNO<\/strong> Ci sar\u00e0 ancora un artigiano e un agricoltore nel presepe della cattedrale di Belluno. Anche quest\u2019anno infatti si rinnova il dono di una figurina da inserire a fianco della Nativit\u00e0. Un dono che parte da Confartigianato e Coldiretti, insieme alla Fondazione Symbola, e arriva a tutte le Diocesi d\u2019Italia. Dopo la statuina dell\u2019infermiere, nell\u2019anno della pandemia, e la statuina dell\u2019artigiano smart nel 2021, quest\u2019anno tocca a un\u2019altra figura importantissima nell\u2019ecosistema del lavoro: l\u2019operatore agricolo, che pu\u00f2 essere visto non solo come colui o colei che produce il cibo da portare in tavola, ma anche come un imprenditore della manutenzione del verde e del territorio, fondamentale nell\u2019ottica di sostenibilit\u00e0 ambientale che Confartigianato e Coldiretti hanno nel loro Dna.<\/p>\n<p>&nbsp;<\/p>\n<hr \/>\n<p><strong>\u00a0<\/strong><\/p>\n<blockquote>\n<h3><strong><u><a class=\"dt-pswp-item\" href=\"https:\/\/www.radiopiu.net\/wordpress\/wp-content\/uploads\/2022\/12\/Senza-nome-94.jpg\" data-dt-img-description=\"\" data-large_image_width=\"444\" data-large_image_height=\"338\"><img loading=\"lazy\" decoding=\"async\" class=\"wp-image-312545 alignleft\" src=\"https:\/\/www.radiopiu.net\/wordpress\/wp-content\/uploads\/2022\/12\/Senza-nome-94-300x228.jpg\" alt=\"\" width=\"172\" height=\"131\" srcset=\"https:\/\/www.radiopiu.net\/wordpress\/wp-content\/uploads\/2022\/12\/Senza-nome-94-300x228.jpg 300w, https:\/\/www.radiopiu.net\/wordpress\/wp-content\/uploads\/2022\/12\/Senza-nome-94.jpg 444w\" sizes=\"auto, (max-width: 172px) 100vw, 172px\" \/><\/a>RDM GROUP ACCENDE L\u2019ALBERO DI COL CUMANO <\/u><\/strong><\/h3>\n<\/blockquote>\n<p><strong>\u00a0SANTA GIUSTINA<\/strong> Anche quest\u2019anno la cartiera\u00a0 Reno De Medici ha\u00a0 finanziato\u00a0 l\u2019illuminazione natalizia del maestoso albero del centro diocesano di Col Cumano a Santa Giustina, visibile da gran parte della Valbelluna. Non \u00e8 la prima volta che RDM Group sostiene questo tipo di iniziative sul territorio, dando prova di una forte sensibilit\u00e0 e attenzione verso le esigenze della comunit\u00e0.<\/p>\n<p>&nbsp;<\/p>\n<p>&nbsp;<\/p>\n<hr \/>\n<blockquote>\n<h3><\/h3>\n<h3>PRESENTATI A BELLUNO I RISULTATO DEL PERCORSO DI LAVORO CON PROTAGONISTI I RAGAZZI DELLA MONTAGNA<\/h3>\n<\/blockquote>\n<p><strong><a class=\"dt-pswp-item\" href=\"https:\/\/www.radiopiu.net\/wordpress\/wp-content\/uploads\/2022\/12\/fotografia.jpg\" data-dt-img-description=\"\" data-large_image_width=\"2048\" data-large_image_height=\"1502\"><img loading=\"lazy\" decoding=\"async\" class=\"size-medium wp-image-312502 alignleft\" src=\"https:\/\/www.radiopiu.net\/wordpress\/wp-content\/uploads\/2022\/12\/fotografia-300x220.jpg\" alt=\"\" width=\"300\" height=\"220\" srcset=\"https:\/\/www.radiopiu.net\/wordpress\/wp-content\/uploads\/2022\/12\/fotografia-300x220.jpg 300w, https:\/\/www.radiopiu.net\/wordpress\/wp-content\/uploads\/2022\/12\/fotografia-1024x751.jpg 1024w, https:\/\/www.radiopiu.net\/wordpress\/wp-content\/uploads\/2022\/12\/fotografia-768x563.jpg 768w, https:\/\/www.radiopiu.net\/wordpress\/wp-content\/uploads\/2022\/12\/fotografia-1536x1127.jpg 1536w, https:\/\/www.radiopiu.net\/wordpress\/wp-content\/uploads\/2022\/12\/fotografia.jpg 2048w\" sizes=\"auto, (max-width: 300px) 100vw, 300px\" \/><\/a>BELLUNO<\/strong> Si \u00e8 concluso nella sede della Camera di Commercio a Belluno, con la presentazione dell\u2019elaborato finale e la consegna dei risultati ai rappresentanti delle Istituzioni europee, regionali e locali, il percorso partecipativo itinerante dal titolo \u201cDai voce alla tua visione! #EYY nella montagna veneta: le proposte e le idee dei giovani\u201d. L\u2019iniziativa, avviata nel mese di ottobre in localit\u00e0 Ospizio di Agre, in comune di Sedico, ha toccato poi S. Anna d\u2019Alfaedo, in provincia di Verona e Asiago, nel Vicentino. L\u2019evento, promosso dal centro EUROPE DIRECT \u201cMontagna Veneta\u201d insieme al GAL Prealpi e Dolomiti ed UNCEM Veneto ha messo a confronto oltre 40 giovani della montagna veneta su alcuni temi-cardine del loro futuro e dei loro territori di appartenenza.\u00a0 \u201cE\u2019 stata un\u2019esperienza estremamente utile e concreta, che ha dato piena voce alle aspettative, alle idee e alle \u201cvision\u201d dei nostri giovani, che saranno i protagonisti dei territori, ma anche dell\u2019Europa, nei prossimi anni\u201d, commenta il presidente del GAL Prealpi e Dolomiti, Alberto Peterle.<\/p>\n<p>&nbsp;<\/p>\n<p>&nbsp;<\/p>\n<p>&nbsp;<\/p>\n<hr \/>\n<p>&nbsp;<\/p>\n<blockquote>\n<h3>IL PROGETTO DI TEATRO PER BAMBINI DI ARTEVEN ANCHE A BELLUNO<\/h3>\n<\/blockquote>\n<p><strong><a class=\"dt-pswp-item\" href=\"https:\/\/www.radiopiu.net\/wordpress\/wp-content\/uploads\/2022\/12\/Roberta_Olivotto_BL_e_di_tutti-249x166-1.jpg\" data-dt-img-description=\"\" data-large_image_width=\"249\" data-large_image_height=\"166\"><img loading=\"lazy\" decoding=\"async\" class=\" wp-image-312485 alignleft\" src=\"https:\/\/www.radiopiu.net\/wordpress\/wp-content\/uploads\/2022\/12\/Roberta_Olivotto_BL_e_di_tutti-249x166-1.jpg\" alt=\"\" width=\"182\" height=\"121\" \/><\/a>BELLUNO<\/strong> <em>\u201c<\/em>Bubu7te. Cresco con il teatro\u201d fa tappa a Belluno. Il progetto di Arteven \u2013 Circuito Multidisciplinare del Veneto arriva anche all\u2019asilo nido Piccolo Girasole di Mur di Cadola, dove mercoled\u00ec 21 dicembre i piccoli potranno assistere ad uno spettacolo educativo e divertente insieme.<\/p>\n<p><strong>L\u2019ASSESSORE ALLE POLITICHE GIOVANILI E SCOLASTICHE, ROBERTA OLIVOTTO (FOTO)<\/strong><\/p>\n<audio class=\"wp-audio-shortcode\" id=\"audio-312401-10\" preload=\"none\" style=\"width: 100%;\" controls=\"controls\"><source type=\"audio\/mpeg\" src=\"https:\/\/www.radiopiu.net\/wordpress\/wp-content\/uploads\/2022\/12\/Assessore-Olivotto.mp3?_=10\" \/><a href=\"https:\/\/www.radiopiu.net\/wordpress\/wp-content\/uploads\/2022\/12\/Assessore-Olivotto.mp3\">https:\/\/www.radiopiu.net\/wordpress\/wp-content\/uploads\/2022\/12\/Assessore-Olivotto.mp3<\/a><\/audio>\n<p>&nbsp;<\/p>\n<p>&nbsp;<\/p>\n<hr \/>\n<blockquote>\n<h3><\/h3>\n<h3>UN AIUTO ALLE FAMIGLIE\u00a0 DEGLI STUDENTI E ALLE AZIENDE<\/h3>\n<\/blockquote>\n<p><strong>ROCCA PIETORE <\/strong>Il Comune di Rocca Pietore per l&#8217;anno scolastico 2022-2023 ha approvato l&#8217;intervento a favore delle famiglie per il contenimento della spesa legata al trasporto scolastico e ai costi per l&#8217;alloggio degli studenti residenti nel Comune di Rocca Pietore e frequentanti le scuole secondarie di secondo grado. Il contributo erogabile \u00e8 cos\u00ec definito: studenti che utilizzando il trasporto pubblico: \u20ac 200,00 a studente; studenti in alloggio\/convitto: \u20ac 300,00 a studente; Le richieste vanno inoltrate al Comune di Rocca Pietore entro il 28 febbraio 2023.<br \/>\nE&#8217; stato inoltre\u00a0 approvato il bando pubblico per la concessione di contributi a fondo perduto a sostegno delle attivit\u00e0 economiche, commerciali e artigianali di cui al Decreto del Presidente del Consiglio del 24 settembre 2020 \u2013 Annualit\u00e0 2021. Le richieste vanno inoltrate entro 30 giorni.<\/p>\n<p>&nbsp;<\/p>\n<p>&nbsp;<\/p>\n<hr \/>\n<p>&nbsp;<\/p>\n<blockquote>\n<h3>CONSIGLI COMUNALI<\/h3>\n<\/blockquote>\n<p><strong>RIVAMONTE\u00a0<\/strong> Il sindaco Nino Deon ha convocato il consiglio comunale per domani alle 18. All&#8217;ordine del giorno la convenzione per il potenziamento del numero di posti nel servizio di asilo nido e la revisione ordinaria delle partecipazioni possedute.<\/p>\n<p><strong>AGORDO<\/strong> Giovedi alle 17.30 consiglio comunale in seduta ordinaria e pubblica. Ordine del giorno: variazione al piano esecutivo di gestione; autorizzazione all&#8217;acquisizione di aree private per l&#8217;ampliamento di via Poloni; revisione ordinaria dele partecipazioni societaria detenute al 31 dicembre; approvazione convenzione per il potenziamento del numero dei posti nel servizio di asilo nido.<\/p>\n<p><strong>CANALE D&#8217;AGORDO<\/strong> Il sindaco di Canale D&#8217;Agordo Flavio Colcergnan ha convocato il consiglio comunale per gioved\u00ec alle 20. Quattro i punti da trattare tra cui la convenzione con altri comuni per la gestione dell&#8217;ufficio di segreteria e il regolamento comunale patrocini e concessione contributi.<\/p>\n<p>&nbsp;<\/p>\n<blockquote>\n<h3>L&#8217;ASSEMBLEA DEL BIM PIAVE<\/h3>\n<\/blockquote>\n<p><strong>BELLUNO<\/strong> L&#8217;assemblea del Consorzio dei Comuni del Bacino Imbrifero Montano del Piave \u00e8 convocata per domani alle 14.30 in Sala Bianchi.\u00a0 Sar\u00e0 messa in approvazione la quinta variazione al bilancio di previsione 2022-24 e sar\u00e0 proposta la revisione periodica delle societ\u00e0 partecipate detenute dal 31 dicembre.<\/p>\n<p>&nbsp;<\/p>\n<hr \/>\n<p>&nbsp;<\/p>\n<blockquote>\n<h3>I RACCONTI DI PAOLO SOPPELSA &#8211; PUNTATA 155<\/h3>\n<\/blockquote>\n<p><strong>IL SILENZIO DELLA NOTTE <\/strong><\/p>\n<p><strong>AUDIO<\/strong><\/p>\n<audio class=\"wp-audio-shortcode\" id=\"audio-312401-11\" preload=\"none\" style=\"width: 100%;\" controls=\"controls\"><source type=\"audio\/mpeg\" src=\"https:\/\/www.radiopiu.net\/wordpress\/wp-content\/uploads\/2022\/12\/PAOLO-SOPPLESA-IL-SILENZIO-DELLA-NOTTE.mp3?_=11\" \/><a href=\"https:\/\/www.radiopiu.net\/wordpress\/wp-content\/uploads\/2022\/12\/PAOLO-SOPPLESA-IL-SILENZIO-DELLA-NOTTE.mp3\">https:\/\/www.radiopiu.net\/wordpress\/wp-content\/uploads\/2022\/12\/PAOLO-SOPPLESA-IL-SILENZIO-DELLA-NOTTE.mp3<\/a><\/audio>\n<p>&nbsp;<\/p>\n<p><a class=\"dt-pswp-item\" href=\"https:\/\/www.radiopiu.net\/wordpress\/wp-content\/uploads\/2022\/12\/89835611-5771-4ee1-bb34-a268ecbc3c2c.jpg\" data-dt-img-description=\"\" data-large_image_width=\"1600\" data-large_image_height=\"1200\"><img loading=\"lazy\" decoding=\"async\" class=\" wp-image-312308 alignleft\" src=\"https:\/\/www.radiopiu.net\/wordpress\/wp-content\/uploads\/2022\/12\/89835611-5771-4ee1-bb34-a268ecbc3c2c-300x225.jpg\" alt=\"\" width=\"175\" height=\"131\" srcset=\"https:\/\/www.radiopiu.net\/wordpress\/wp-content\/uploads\/2022\/12\/89835611-5771-4ee1-bb34-a268ecbc3c2c-300x225.jpg 300w, https:\/\/www.radiopiu.net\/wordpress\/wp-content\/uploads\/2022\/12\/89835611-5771-4ee1-bb34-a268ecbc3c2c-1024x768.jpg 1024w, https:\/\/www.radiopiu.net\/wordpress\/wp-content\/uploads\/2022\/12\/89835611-5771-4ee1-bb34-a268ecbc3c2c-768x576.jpg 768w, https:\/\/www.radiopiu.net\/wordpress\/wp-content\/uploads\/2022\/12\/89835611-5771-4ee1-bb34-a268ecbc3c2c-1536x1152.jpg 1536w, https:\/\/www.radiopiu.net\/wordpress\/wp-content\/uploads\/2022\/12\/89835611-5771-4ee1-bb34-a268ecbc3c2c.jpg 1600w\" sizes=\"auto, (max-width: 175px) 100vw, 175px\" \/><\/a>A San Tomaso, le notti di dicembre hanno dentro i silenzi pi\u00f9 profondi dell&#8217;anno. \u00c8 un giungere quasi improvviso quello del buio, non come accade d&#8217;estate, quando il tramonto \u00e8 lungo e il giorno sembra spegnersi a fatica. \u00c8 questione di minuti, l&#8217;ombra che risale rapidamente la parete del Pelsa e poi lo sfumare di un altro freddo giorno e l&#8217;accendersi del silenzio delle sere d&#8217;inverno e delle stelle. Non \u00e8 come d&#8217;estate, quando al tempo della luna che rischiara la Val Cordevole, \u00e8 il frinire continuo dei grilli a tenere compagnia; e poi, se non c&#8217;\u00e8 siccit\u00e0, anche il R\u00f9 da Ghisel con la sua voce d&#8217;acqua, rientra fra i protagonisti di quelle mie notti agordine insieme all&#8217;abbaiare di qualche cane ed al vociare allegro di bambini che si attardano a giocare nel tepore delle gentili sere di luglio. A dicembre, invece, niente di tutto ci\u00f2 ad accompagnare le lunghe notti di gelo che fa scricchiolare la neve; solamente un silenzio profondo, cos\u00ec diverso, ad esempio, dalla quiete di Cencenighe in versione notturna. A &#8220;Cence&#8221;, le notti estive ed invernali si assomigliano; l&#8217;eterno scorrere del Biois a fare da sottofondo pi\u00f9 o meno marcato, qualche auto solitaria i cui fari bucano la notte mentre salgono o scendono dalla valle del Biois, e poi la campana, che implacabile batte le ore e pure le mezze ore. Di notte c&#8217;\u00e8 sempre compagnia a piedi del Pelsa, di fronte alla grande parete, invece, si \u00e8 immersi in una quiete assoluta e potente a cui non si \u00e8 nemmeno pi\u00f9 abituati. Lass\u00f9, d&#8217;inverno, anche i suoni sembrano congelati, addormentati come i larici ormai ingrigiti d&#8217;inizio dicembre. Non c&#8217;\u00e8 il sommesso brusio notturno che talvolta sale dalla 203 che si snoda sinuosa a fondovalle; non c&#8217;\u00e8 nemmeno il canto della &#8220;zoita&#8221; che inquieta e che un tempo sembrava volesse annunciare imminenti disgrazie. Lass\u00f9, durante quelle lunghe e gelide notti, per l&#8217;orecchio non c&#8217;\u00e8 lavoro; non c&#8217;\u00e8 nulla da ascoltare durante gli attimi che precedono il sonno, e se per caso nell&#8217;oscurit\u00e0 si palesa improvviso qualche suono, esso fa trasalire, ed anche il pi\u00f9 discreto e sommesso rumore lass\u00f9 diventa potente. Pu\u00f2 essere lo scricchiolare improvviso di una trave di legno, oppure una raffica di vento che fa sbattere uno scuro; o magari il muovere cauto di un cervo che passeggia nei pressi della casa. Non sono frequenti le notti inquiete a dicembre, \u00e8 raro che qualcosa o qualcuno interrompa quel freddo tacere di pietra d&#8217;inizio inverno; quando accade \u00e8 la natura ad essere agitata e spesso parla con voce di vento, come quella sera di Santa Lucia di un anno fa, quando il F\u00f6hn soffiava impetuoso lungo la Val Cordevole e da fondovalle saliva un rombo cupo e i larici si piegavano verso sud; fu notte quasi insonne, accompagnata da quel ululare severo e continuo che incuteva un sottile timore; risuonava tetramente il tetto di lamiera del tabi\u00e0 e la vecchia &#8220;zaresera&#8221; sembrava quasi essere sul punto di cedere, spinta com&#8217;era dalle continue raffiche che andavano a scuotere gli ormai fragili rami. Fu una lunga e inedita nottata e poi arriv\u00f2 un&#8217;alba gelida, limpida e pura come il cristallo e il freddo tramonto successivo fu preludio di notte tranquilla, in parte trascorsa ad ammirare quel mondo innevato e silente, brillante di ghiaccio e carico di ricordi. Luci di Natale, intermittenti e colorate, ravvivavano il buio e le montagne erano profili neri che si scorgevano appena; e poi il gran silenzio tante volte ascoltato delle lunghe e fredde notti d&#8217;inverno.<\/p>\n<p>&nbsp;<\/p>\n<p>&nbsp;<\/p>\n<p>&nbsp;<\/p>\n<hr \/>\n<p>&nbsp;<\/p>\n<p><a class=\"dt-pswp-item\" href=\"https:\/\/www.radiopiu.net\/wordpress\/wp-content\/uploads\/2022\/12\/Senza-nome-78.jpg\" data-dt-img-description=\"\" data-large_image_width=\"822\" data-large_image_height=\"722\"><img loading=\"lazy\" decoding=\"async\" class=\"size-medium wp-image-311532 aligncenter\" src=\"https:\/\/www.radiopiu.net\/wordpress\/wp-content\/uploads\/2022\/12\/Senza-nome-78-300x264.jpg\" alt=\"\" width=\"300\" height=\"264\" srcset=\"https:\/\/www.radiopiu.net\/wordpress\/wp-content\/uploads\/2022\/12\/Senza-nome-78-300x264.jpg 300w, https:\/\/www.radiopiu.net\/wordpress\/wp-content\/uploads\/2022\/12\/Senza-nome-78-768x675.jpg 768w, https:\/\/www.radiopiu.net\/wordpress\/wp-content\/uploads\/2022\/12\/Senza-nome-78.jpg 822w\" sizes=\"auto, (max-width: 300px) 100vw, 300px\" \/><\/a><\/p>\n<p>&nbsp;<\/p>\n<p>&nbsp;<\/p>\n<hr \/>\n<p>&nbsp;<\/p>\n<blockquote>\n<h3>MERCATINI DI NATALE A SOTTOGUDA<\/h3>\n<\/blockquote>\n<p><strong>ROCCA PIETORE<\/strong> Tre giorni di mercatini sotto la Marmolada. Torna a Sottoguda &#8220;Nad\u00e8l Ignanter i Tabiei&#8221; il 28, 29 e 30 dicembre dalle 13 alle 19. Mercoled\u00ec 28 alle 16 &#8220;Dolci note sotto la neve&#8221; con il Coro Sottoguda. Venerd\u00ec 30 dicembre alle 17 &#8220;Una montagna di note&#8221; con l&#8217;Orchestra Dolomiti.<\/p>\n<p><a class=\"dt-pswp-item\" href=\"https:\/\/www.radiopiu.net\/wordpress\/wp-content\/uploads\/2022\/12\/7b12f4ab-d16b-4440-9e84-3a4af82af38b.jpg\" data-dt-img-description=\"\" data-large_image_width=\"1131\" data-large_image_height=\"1600\"><img loading=\"lazy\" decoding=\"async\" class=\"size-medium wp-image-311657 aligncenter\" src=\"https:\/\/www.radiopiu.net\/wordpress\/wp-content\/uploads\/2022\/12\/7b12f4ab-d16b-4440-9e84-3a4af82af38b-212x300.jpg\" alt=\"\" width=\"212\" height=\"300\" srcset=\"https:\/\/www.radiopiu.net\/wordpress\/wp-content\/uploads\/2022\/12\/7b12f4ab-d16b-4440-9e84-3a4af82af38b-212x300.jpg 212w, https:\/\/www.radiopiu.net\/wordpress\/wp-content\/uploads\/2022\/12\/7b12f4ab-d16b-4440-9e84-3a4af82af38b-724x1024.jpg 724w, https:\/\/www.radiopiu.net\/wordpress\/wp-content\/uploads\/2022\/12\/7b12f4ab-d16b-4440-9e84-3a4af82af38b-768x1086.jpg 768w, https:\/\/www.radiopiu.net\/wordpress\/wp-content\/uploads\/2022\/12\/7b12f4ab-d16b-4440-9e84-3a4af82af38b-1086x1536.jpg 1086w, https:\/\/www.radiopiu.net\/wordpress\/wp-content\/uploads\/2022\/12\/7b12f4ab-d16b-4440-9e84-3a4af82af38b.jpg 1131w\" sizes=\"auto, (max-width: 212px) 100vw, 212px\" \/><\/a><\/p>\n<p>&nbsp;<\/p>\n<hr \/>\n<p>&nbsp;<\/p>\n<blockquote>\n<h3>IN BASILICA DI SAN MARTINO<\/h3>\n<\/blockquote>\n<p><strong>BELLUNO<\/strong> Domani\u00a0 alle 19, il Circolo Culturale Bellunese chiude la stagione regalando con\u00a0 l&#8217;esecuzione della Messa in si minore\u00a0 di Johann Sebastian Bach, diretta dal Maestro Andrea Marcon con l&#8217;orchestra Frau Musika accompagnata dal Coro del Friuli Venezia Giulia<\/p>\n<p>&nbsp;<\/p>\n<p>&nbsp;<\/p>\n<hr \/>\n<p>&nbsp;<\/p>\n<blockquote>\n<h3>CORSI DI INGLESE E di PROJECT MANAGEMENT CON IL COMITATO D\u2019INTESA<\/h3>\n<\/blockquote>\n<p><strong>BELLUNO<\/strong> Due nuovi corsi di formazione, completamente gratuiti, aperti alla partecipazione di volontari lavoratori residenti in provincia di Belluno, grazie al Comitato d\u2019Intesa, partner del progetto \u201cAge Management: ibridazione e trasmissione delle competenze\u201d.\u00a0 Gli appuntamenti, della durata di 16 ore ciascuno, si terranno nei mesi di gennaio e febbraio presso la sede del Comitato d\u2019Intesa. Possono partecipare lavoratori impiegati part time o full time presso datori di lavoro di imprese private, ma anche titolari d\u2019impresa, coadiuvanti, liberi professionisti e lavoratori autonomi,\u00a0\u00e8 necessario inviare la propria manifestazione di interesse a europa@comitatodintesa.it.<\/p>\n<p>&nbsp;<\/p>\n<p>&nbsp;<\/p>\n<hr \/>\n<p>&nbsp;<\/p>\n<blockquote>\n<h3>I PRESEPI DEI COLMIEI E DE LE VILE<\/h3>\n<\/blockquote>\n<p><strong>CANALE D&#8217;AGORDO<\/strong> Torna a Canale D&#8217;Agordo anche quest&#8217;inverno l&#8217;iniziativa <b><i>&#8220;I Presepi dei Colmi\u00e9i e de le V\u00ecle&#8221;<\/i><\/b>. Si tratta della 3\u00b0 edizione di una tradizione che \u00e8 stata ripresa dal passato e che coinvolge la Comunit\u00e0 di Canale d&#8217;Agordo: ogni Colm\u00e8l (=quartiere) realizza un presepe secondo il proprio ingegno e la propria creativit\u00e0, in un percorso lungo le vie di questo borgo suggestivo della Valle del Biois. La mappa delle postazioni \u00e8 consultabile inquadrando il QR Code sui manifesti, mentre la cartina \u00e8 disponibile in formato cartaceo presso l&#8217;ufficio informazioni al Museo Albino Luciani, aperto dal 23.12 tutti i giorni fino al 08.01 (tranne il 25.12, il 31.12 pomeriggio e il 01.01 mattina). E&#8217; possibile votare il presepe preferito fino a<\/p>\n<p>&nbsp;<\/p>\n<hr \/>\n<p>&nbsp;<\/p>\n<h2><span style=\"color: #008080;\">L&#8217;OPINIONE&#8230;DI FRANCO PIACENTINI<\/span><\/h2>\n<p>L&#8217; ultima proposta del Governo, sull&#8217;aumento di trenta euro per le pensioni al minimo con il vincolo dell&#8217;et\u00e0 anagrafica over 75 anni, oltre ad essere insufficiente per far uscire dalla precariet\u00e0 reddituale moltissime persone anziane, fra queste anche non autosufficienti, discrimina migliaia di pensionate e pensionati &#8220;colpevoli&#8221; di essere sotto la soglia dei 75 anni. Comunque anche questo atto governativo non \u00e8 assolutamente orientato a rispondere urgentemente alla perdita del potere d&#8217;acquisto delle pensioni: negli ultimi dieci anni meno 30%. Invece della penosa elemosina, il Governo, al tavolo della concertazione con Cgil Cisl Uil, \u00e8 chiamato a definire una nuova riforma previdenziale intergenerazionale (anziani &#8211; giovani) aumentando il valore economico delle pensioni di oggi e di domani. Opportunamente va ricordato al Parlamento e al Governo che mediamente le pensioni in Italia si attestano un po&#8217; sopra i mille euro lordi mensili, determinando cos\u00ec moltissime situazioni di povert\u00e0.<\/p>\n<p>Franco Piacentini<\/p>\n<p>&nbsp;<\/p>\n<hr \/>\n<p>&nbsp;<\/p>\n<p>&nbsp;<\/p>\n<blockquote>\n<h3>ANNUNCIO DEL PRESIDENTE DELLA PROVINCIA ROBERTO PADRIN: L\u2019EDIFICIO DELL\u2019ISTITUTO INDUSTRIALE SEGATO PRESTO ABBATTUTO<\/h3>\n<\/blockquote>\n<p><strong>di\u00a0 RENATO BONA<\/strong><\/p>\n<p>L\u2019edizione bellunese del quotidiano \u201cCorriere delle Alpi\u201d di domenica 18 dicembre scorso si apriva con titolo a piena pagina per la notizia che \u201cL\u2019Iti Segato sar\u00e0 abbattuto e ricostruito. I fondi del Pnrr per l\u2019ala di Piazza Piloni\u201d. Paola Dall\u2019Anese sintetizzava quindi nel sommario: \u201cIl progetto integrato a bando entro la fine dell\u2019anno. I Lavori da novembre. Rebus sulla destinazione degli studenti\u201d. Titoli minori per altre due notizie parimenti importanti sul glorioso istituto bellunese: \u201cMeccanostampi dona due nuovi macchinari per i laboratori dell\u2019Iti\u201d e: \u201cI due corsi Its traslocano a palazzo Bembo. Arriva l\u2019indirizzo turismo\u201d. Il tutto all\u2019indomani di un incontro che il sempre disponibile presidente della Provincia, Roberto Padrin ha avuto con i ragazzi del \u201cSegato\u201d partecipando agli studenti, in occasione di una iniziativa che collega scuola e lavoro, la notizia che il 28 dicembre sar\u00e0 pubblicato l\u2019appalto per il progetto integrato dell\u2019opera, con progettazione e lavori per un importo di 7 milioni di euro di cui 4 milioni e mezzo grazie a fondi connessi al Pnrr (che sta per Piano nazionale di ripresa e resilienza \u2013 ndr.) e 2 milioni e mezzo del bilancio della Provincia. Quanto precede, e i trent\u2019anni dalla pubblicazione, nel bicentenario della nascita di Girolamo Segato, del libro di Ivano Pocchiesa e Mario Fornaro: \u201cGirolamo Segato, esploratore dell\u2019ignoto\u201d di cui ci siamo occupati ieri rende attualissimo un altro pregevole volume:\u201dBelluno 1905-2005: un secolo dell\u2019Istituto tecnico industriale Girolamo Segato\u201d che, per conto di Assindustria Belluno, \u00e8 stato realizzato nell\u2019ottobre 2005 da Luigi Rivis, che dell\u2019Iti fu prima studente e in seguito docente. In copertina, simpatica coincidenza, il disegno-prospettiva risalente al 1953 del progetto di ampliamento dell\u2019Itis, con la facciata del nuovo fabbricato verso via Tasso-Piazza Piloni che verr\u00e0 successivamente ridisegnato dall\u2019architetto Mario Sanzovo. Nelle oltre 250 pagine del suo pregevole lavoro, Rivis ha riservato ampio spazio al capitolo \u201cLe vicende degli edifici\u201d ricordando la prima sede della scuola; il fabbricato delle \u201cofficine\u201d; il passaggio dall\u2019ex convitto Tiziano alla sede principale, l\u2019espansione ad est ed i successivi ampliamenti e completamenti. Per quanto riguarda in particolar l\u2019espansione a est verso piazza Piloni l\u2019autore ricorda che \u201cCon la fine della prima guerra mondiale la popolazione scolastica della Regia scuola industriale aument\u00f2 notevolmente: mentre la direzione della scuola aveva in animo di introdurre nuovi corsi di perfezionamento si poneva quindi nuovamente il problema di un\u2019ordinata espansione edilizia sia per aule che per officine e laboratori\u201d. Dopo un iter piuttosto tormentato, il 18 giugno 1924 venne perfezionato l\u2019acquisto della propriet\u00e0 Longana, affrontando una spesa di 300 mila lire; la scuola poteva in tal modo disporre di un\u2019area di oltre 5.300 metri quadrati compresa tra il Viale delle Alpi, via Ippolito Caffi, via Giordano Bruno e Convitto dei Salesiani e fu possibile progettare una razionale sistemazione dell\u2019area. Anche nell\u2019immediato secondo dopoguerra &#8211; scrive ancora Rivis &#8211; la scuola dovette prepararsi alla nuova realt\u00e0: l\u2019aumento della popolazione scolastica, le esigenze didattiche di un numero maggiore di corsi, le necessit\u00e0 dello sviluppo del territorio e dell\u2019economia bellunese e soprattutto nazionale, dopo le distruzioni belliche. L\u2019urgenza del rinnovo e dell\u2019ampliamento di una parte degli edifici si pales\u00f2 subito. Erano necessari e furono previsti la sopraelevazione dei reparti macchine utensili e aggiustaggio per poter ricavare i laboratori del gruppo elettrico, la fonderia, il reparto trattamenti termici; la sopraelevazione del reparto falegnameria per la costruzione di tre aule; la costruzione di una nuova ala su terreno di propriet\u00e0 dell\u2019Istituto per allogarvi l\u2019aula magna, l\u2019aula di macchine con relativo laboratorio, l\u2019aula di chimica con annesso gabinetto, l\u2019alloggio per il custode, la sala per la visita medica, le docce e i servizi vari. Ma se ne sarebbe riparlato sul finire degli anni \u201840. E nel 1953 ebbero inizio i lavori. Passano i lustri ed \u00e8 di questi giorni l\u2019importante annuncio del presidente Padrin!<\/p>\n\n\t\t\t<style type='text\/css'>\n\t\t\t\t#gallery-4 {\n\t\t\t\t\tmargin: auto;\n\t\t\t\t}\n\t\t\t\t#gallery-4 .gallery-item {\n\t\t\t\t\tfloat: left;\n\t\t\t\t\tmargin-top: 10px;\n\t\t\t\t\ttext-align: center;\n\t\t\t\t\twidth: 25%;\n\t\t\t\t}\n\t\t\t\t#gallery-4 img {\n\t\t\t\t\tborder: 2px solid #cfcfcf;\n\t\t\t\t}\n\t\t\t\t#gallery-4 .gallery-caption {\n\t\t\t\t\tmargin-left: 0;\n\t\t\t\t}\n\t\t\t\t\/* see gallery_shortcode() in wp-includes\/media.php *\/\n\t\t\t<\/style>\n\t\t<div id='gallery-4' class='dt-gallery-container gallery galleryid-312401 gallery-columns-4 gallery-size-thumbnail'><dl class='gallery-item'>\n\t\t\t\t<dt class='gallery-icon landscape'>\n\t\t\t\t\t<a class=\"rollover rollover-zoom dt-pswp-item\" title=\"1\" data-dt-img-description=\"\" data-large_image_width=\"2048\" data-large_image_height=\"1491\"href='https:\/\/www.radiopiu.net\/wordpress\/wp-content\/uploads\/2022\/12\/1-1.jpg'><img loading=\"lazy\" decoding=\"async\" width=\"150\" height=\"150\" src=\"https:\/\/www.radiopiu.net\/wordpress\/wp-content\/uploads\/2022\/12\/1-1-150x150.jpg\" class=\"attachment-thumbnail size-thumbnail\" alt=\"\" \/><\/a>\n\t\t\t\t<\/dt><\/dl><dl class='gallery-item'>\n\t\t\t\t<dt class='gallery-icon landscape'>\n\t\t\t\t\t<a class=\"rollover rollover-zoom dt-pswp-item\" title=\"2\" data-dt-img-description=\"\" data-large_image_width=\"206\" data-large_image_height=\"206\"href='https:\/\/www.radiopiu.net\/wordpress\/wp-content\/uploads\/2022\/12\/2-2.jpg'><img loading=\"lazy\" decoding=\"async\" width=\"150\" height=\"150\" src=\"https:\/\/www.radiopiu.net\/wordpress\/wp-content\/uploads\/2022\/12\/2-2-150x150.jpg\" class=\"attachment-thumbnail size-thumbnail\" alt=\"\" srcset=\"https:\/\/www.radiopiu.net\/wordpress\/wp-content\/uploads\/2022\/12\/2-2-150x150.jpg 150w, https:\/\/www.radiopiu.net\/wordpress\/wp-content\/uploads\/2022\/12\/2-2.jpg 206w\" sizes=\"auto, (max-width: 150px) 100vw, 150px\" \/><\/a>\n\t\t\t\t<\/dt><\/dl><dl class='gallery-item'>\n\t\t\t\t<dt class='gallery-icon landscape'>\n\t\t\t\t\t<a class=\"rollover rollover-zoom dt-pswp-item\" title=\"3\" data-dt-img-description=\"\" data-large_image_width=\"1515\" data-large_image_height=\"1377\"href='https:\/\/www.radiopiu.net\/wordpress\/wp-content\/uploads\/2022\/12\/3-2.jpg'><img loading=\"lazy\" decoding=\"async\" width=\"150\" height=\"150\" src=\"https:\/\/www.radiopiu.net\/wordpress\/wp-content\/uploads\/2022\/12\/3-2-150x150.jpg\" class=\"attachment-thumbnail size-thumbnail\" alt=\"\" \/><\/a>\n\t\t\t\t<\/dt><\/dl><dl class='gallery-item'>\n\t\t\t\t<dt class='gallery-icon portrait'>\n\t\t\t\t\t<a class=\"rollover rollover-zoom dt-pswp-item\" title=\"4\" data-dt-img-description=\"\" data-large_image_width=\"234\" data-large_image_height=\"281\"href='https:\/\/www.radiopiu.net\/wordpress\/wp-content\/uploads\/2022\/12\/4-1.jpg'><img loading=\"lazy\" decoding=\"async\" width=\"150\" height=\"150\" src=\"https:\/\/www.radiopiu.net\/wordpress\/wp-content\/uploads\/2022\/12\/4-1-150x150.jpg\" class=\"attachment-thumbnail size-thumbnail\" alt=\"\" \/><\/a>\n\t\t\t\t<\/dt><\/dl><br style=\"clear: both\" \/><dl class='gallery-item'>\n\t\t\t\t<dt class='gallery-icon landscape'>\n\t\t\t\t\t<a class=\"rollover rollover-zoom dt-pswp-item\" title=\"5\" data-dt-img-description=\"\" data-large_image_width=\"1881\" data-large_image_height=\"1296\"href='https:\/\/www.radiopiu.net\/wordpress\/wp-content\/uploads\/2022\/12\/5-1.jpg'><img loading=\"lazy\" decoding=\"async\" width=\"150\" height=\"150\" src=\"https:\/\/www.radiopiu.net\/wordpress\/wp-content\/uploads\/2022\/12\/5-1-150x150.jpg\" class=\"attachment-thumbnail size-thumbnail\" alt=\"\" \/><\/a>\n\t\t\t\t<\/dt><\/dl><dl class='gallery-item'>\n\t\t\t\t<dt class='gallery-icon landscape'>\n\t\t\t\t\t<a class=\"rollover rollover-zoom dt-pswp-item\" title=\"6\" data-dt-img-description=\"\" data-large_image_width=\"1421\" data-large_image_height=\"1042\"href='https:\/\/www.radiopiu.net\/wordpress\/wp-content\/uploads\/2022\/12\/6-1.jpg'><img loading=\"lazy\" decoding=\"async\" width=\"150\" height=\"150\" src=\"https:\/\/www.radiopiu.net\/wordpress\/wp-content\/uploads\/2022\/12\/6-1-150x150.jpg\" class=\"attachment-thumbnail size-thumbnail\" alt=\"\" \/><\/a>\n\t\t\t\t<\/dt><\/dl><dl class='gallery-item'>\n\t\t\t\t<dt class='gallery-icon landscape'>\n\t\t\t\t\t<a class=\"rollover rollover-zoom dt-pswp-item\" title=\"7\" data-dt-img-description=\"\" data-large_image_width=\"1458\" data-large_image_height=\"977\"href='https:\/\/www.radiopiu.net\/wordpress\/wp-content\/uploads\/2022\/12\/7.jpg'><img loading=\"lazy\" decoding=\"async\" width=\"150\" height=\"150\" src=\"https:\/\/www.radiopiu.net\/wordpress\/wp-content\/uploads\/2022\/12\/7-150x150.jpg\" class=\"attachment-thumbnail size-thumbnail\" alt=\"\" \/><\/a>\n\t\t\t\t<\/dt><\/dl><dl class='gallery-item'>\n\t\t\t\t<dt class='gallery-icon landscape'>\n\t\t\t\t\t<a class=\"rollover rollover-zoom dt-pswp-item\" title=\"8\" data-dt-img-description=\"\" data-large_image_width=\"1748\" data-large_image_height=\"1114\"href='https:\/\/www.radiopiu.net\/wordpress\/wp-content\/uploads\/2022\/12\/8.jpg'><img loading=\"lazy\" decoding=\"async\" width=\"150\" height=\"150\" src=\"https:\/\/www.radiopiu.net\/wordpress\/wp-content\/uploads\/2022\/12\/8-150x150.jpg\" class=\"attachment-thumbnail size-thumbnail\" alt=\"\" \/><\/a>\n\t\t\t\t<\/dt><\/dl><br style=\"clear: both\" \/><dl class='gallery-item'>\n\t\t\t\t<dt class='gallery-icon landscape'>\n\t\t\t\t\t<a class=\"rollover rollover-zoom dt-pswp-item\" title=\"9\" data-dt-img-description=\"\" data-large_image_width=\"1539\" data-large_image_height=\"1034\"href='https:\/\/www.radiopiu.net\/wordpress\/wp-content\/uploads\/2022\/12\/9.jpg'><img loading=\"lazy\" decoding=\"async\" width=\"150\" height=\"150\" src=\"https:\/\/www.radiopiu.net\/wordpress\/wp-content\/uploads\/2022\/12\/9-150x150.jpg\" class=\"attachment-thumbnail size-thumbnail\" alt=\"\" \/><\/a>\n\t\t\t\t<\/dt><\/dl><dl class='gallery-item'>\n\t\t\t\t<dt class='gallery-icon landscape'>\n\t\t\t\t\t<a class=\"rollover rollover-zoom dt-pswp-item\" title=\"10\" data-dt-img-description=\"\" data-large_image_width=\"1998\" data-large_image_height=\"771\"href='https:\/\/www.radiopiu.net\/wordpress\/wp-content\/uploads\/2022\/12\/10.jpg'><img loading=\"lazy\" decoding=\"async\" width=\"150\" height=\"150\" src=\"https:\/\/www.radiopiu.net\/wordpress\/wp-content\/uploads\/2022\/12\/10-150x150.jpg\" class=\"attachment-thumbnail size-thumbnail\" alt=\"\" \/><\/a>\n\t\t\t\t<\/dt><\/dl><dl class='gallery-item'>\n\t\t\t\t<dt class='gallery-icon landscape'>\n\t\t\t\t\t<a class=\"rollover rollover-zoom dt-pswp-item\" title=\"11\" data-dt-img-description=\"\" data-large_image_width=\"1441\" data-large_image_height=\"913\"href='https:\/\/www.radiopiu.net\/wordpress\/wp-content\/uploads\/2022\/12\/11.jpg'><img loading=\"lazy\" decoding=\"async\" width=\"150\" height=\"150\" src=\"https:\/\/www.radiopiu.net\/wordpress\/wp-content\/uploads\/2022\/12\/11-150x150.jpg\" class=\"attachment-thumbnail size-thumbnail\" alt=\"\" \/><\/a>\n\t\t\t\t<\/dt><\/dl><dl class='gallery-item'>\n\t\t\t\t<dt class='gallery-icon landscape'>\n\t\t\t\t\t<a class=\"rollover rollover-zoom dt-pswp-item\" title=\"12\" data-dt-img-description=\"\" data-large_image_width=\"1272\" data-large_image_height=\"837\"href='https:\/\/www.radiopiu.net\/wordpress\/wp-content\/uploads\/2022\/12\/12.jpg'><img loading=\"lazy\" decoding=\"async\" width=\"150\" height=\"150\" src=\"https:\/\/www.radiopiu.net\/wordpress\/wp-content\/uploads\/2022\/12\/12-150x150.jpg\" class=\"attachment-thumbnail size-thumbnail\" alt=\"\" \/><\/a>\n\t\t\t\t<\/dt><\/dl><br style=\"clear: both\" \/>\n\t\t\t<\/div>\n\n<p>&nbsp;<\/p>\n<p>NELLE FOTO (riproduzioni dal libro di Luigi Rivis): il titolo del \u201cCorriere delle Alpi\u201d; il presidente della Provincia di Belluno, Roberto Padrin; la copertina del pregevole volume; l\u2019autore Luigi Rivis; costruzione del collegamento tra le due ali sul retro del fabbricato centrale, seconda met\u00e0 anni \u201820; il cortile interno inferiore a met\u00e0 anni \u201830; lavori di costruzione del fabbricato in curva; cos\u00ec l\u2019edificio nei primi anni \u201860; foto aerea della situazione attuale; panoramica sul fabbricato di via Tasso; esterno della sede scolastica; anno 1962: foto-ricordo per gli elettrotecnici.<\/p>\n<p>&nbsp;<\/p>\n<hr \/>\n<p>&nbsp;<\/p>\n<div>\n<div class=\"b654a4as d2edcug0\">\n<div class=\"rq0escxv hkbzh7o3 jwdofwj8 n8tt0mok r8blr3vg hyh9befq\">\n<p><a class=\"dt-pswp-item\" href=\"https:\/\/www.radiopiu.net\/wordpress\/wp-content\/uploads\/2020\/10\/pp.jpg\" data-dt-img-description=\"\" data-large_image_width=\"640\" data-large_image_height=\"640\"><img loading=\"lazy\" decoding=\"async\" class=\"wp-image-163678 alignleft\" src=\"https:\/\/www.radiopiu.net\/wordpress\/wp-content\/uploads\/2020\/10\/pp-300x300.jpg\" alt=\"\" width=\"106\" height=\"106\" srcset=\"https:\/\/www.radiopiu.net\/wordpress\/wp-content\/uploads\/2020\/10\/pp-300x300.jpg 300w, https:\/\/www.radiopiu.net\/wordpress\/wp-content\/uploads\/2020\/10\/pp-150x150.jpg 150w, https:\/\/www.radiopiu.net\/wordpress\/wp-content\/uploads\/2020\/10\/pp-125x125.jpg 125w, https:\/\/www.radiopiu.net\/wordpress\/wp-content\/uploads\/2020\/10\/pp-200x200.jpg 200w, https:\/\/www.radiopiu.net\/wordpress\/wp-content\/uploads\/2020\/10\/pp-80x80.jpg 80w, https:\/\/www.radiopiu.net\/wordpress\/wp-content\/uploads\/2020\/10\/pp-480x480.jpg 480w, https:\/\/www.radiopiu.net\/wordpress\/wp-content\/uploads\/2020\/10\/pp.jpg 640w\" sizes=\"auto, (max-width: 106px) 100vw, 106px\" \/><\/a><\/p>\n<\/div>\n<\/div>\n<\/div>\n<div>\n<div class=\"page-title-head hgroup\">\n<div class=\"page-title-head hgroup\">\n<div class=\"b654a4as d2edcug0\">\n<div class=\"j83agx80 btwxx1t3 lhclo0ds hop8lmos nkwizq5d scwd0bx6 roh60bw9\">\n<div class=\"rq0escxv hkbzh7o3 jwdofwj8 n8tt0mok r8blr3vg hyh9befq\">\n<div class=\"do00u71z l9j0dhe7 k4urcfbm\" style=\"text-align: left;\">\n<h2><span style=\"color: #000080;\">DON CESARE, IL PENSIERO DEL GIORNO. ALLA RADIO ALLE 7 DEL MATTINO E ALLE 19.30 DELLA SERA\u00a0<\/span><\/h2>\n<audio class=\"wp-audio-shortcode\" id=\"audio-312401-12\" preload=\"none\" style=\"width: 100%;\" controls=\"controls\"><source type=\"audio\/mpeg\" src=\"https:\/\/www.radiopiu.net\/wordpress\/wp-content\/uploads\/2022\/12\/CESARE-13.mp3?_=12\" \/><a href=\"https:\/\/www.radiopiu.net\/wordpress\/wp-content\/uploads\/2022\/12\/CESARE-13.mp3\">https:\/\/www.radiopiu.net\/wordpress\/wp-content\/uploads\/2022\/12\/CESARE-13.mp3<\/a><\/audio>\n<p>&nbsp;<\/p>\n<\/div>\n<\/div>\n<\/div>\n<\/div>\n<\/div>\n<\/div>\n<\/div>\n<hr \/>\n<p>&nbsp;<\/p>\n<h2><span style=\"color: #ff00ff;\">IN VIVO VERSO\u00a0<\/span><\/h2>\n<blockquote>\n<h3>A LEONARDO di SERGIO GRILLI<\/h3>\n<\/blockquote>\n<p><strong>AUDIO<\/strong><\/p>\n<audio class=\"wp-audio-shortcode\" id=\"audio-312401-13\" preload=\"none\" style=\"width: 100%;\" controls=\"controls\"><source type=\"audio\/mpeg\" src=\"https:\/\/www.radiopiu.net\/wordpress\/wp-content\/uploads\/2022\/12\/01-SERGIO-GRILLI-A-LEONARDO.mp3?_=13\" \/><a href=\"https:\/\/www.radiopiu.net\/wordpress\/wp-content\/uploads\/2022\/12\/01-SERGIO-GRILLI-A-LEONARDO.mp3\">https:\/\/www.radiopiu.net\/wordpress\/wp-content\/uploads\/2022\/12\/01-SERGIO-GRILLI-A-LEONARDO.mp3<\/a><\/audio>\n<p>&nbsp;<\/p>\n<p><a class=\"dt-pswp-item\" href=\"https:\/\/www.radiopiu.net\/wordpress\/wp-content\/uploads\/2022\/12\/164d825c-1c73-4898-9584-9588810f68eb.jpg\" data-dt-img-description=\"\" data-large_image_width=\"520\" data-large_image_height=\"1024\"><img loading=\"lazy\" decoding=\"async\" class=\"size-medium wp-image-312474 alignleft\" src=\"https:\/\/www.radiopiu.net\/wordpress\/wp-content\/uploads\/2022\/12\/164d825c-1c73-4898-9584-9588810f68eb-152x300.jpg\" alt=\"\" width=\"152\" height=\"300\" srcset=\"https:\/\/www.radiopiu.net\/wordpress\/wp-content\/uploads\/2022\/12\/164d825c-1c73-4898-9584-9588810f68eb-152x300.jpg 152w, https:\/\/www.radiopiu.net\/wordpress\/wp-content\/uploads\/2022\/12\/164d825c-1c73-4898-9584-9588810f68eb.jpg 520w\" sizes=\"auto, (max-width: 152px) 100vw, 152px\" \/><\/a>Sergio Grilli<br \/>\nA LEONARDO<\/p>\n<p>Ciao piccolo mio,<br \/>\nprimo fiore del mio giardino,<br \/>\nti aspettavo, sai?<br \/>\nQuesta primavera<br \/>\nsembrava non arrivasse mai.<br \/>\nOra sei qui,<br \/>\ncon la tua piccola mano<br \/>\nhai preso con forza il mio indice,<br \/>\ncome se volessi stringere un patto:<br \/>\nquello di camminare insieme<br \/>\nnei sentieri della vita.<br \/>\nPrometto io ci sar\u00f2,<br \/>\nseguir\u00f2 il tuo cammino,<br \/>\nfin quando avr\u00f2 forza,<br \/>\nse tu lo vorrai,<br \/>\nfin quando sar\u00f2 io il bambino<br \/>\nche stringer\u00e0 la tua mano,<br \/>\nfin quando lascer\u00f2 la presa<br \/>\ne tu avrai imboccato la strada<br \/>\nche ti porter\u00e0 lontano.<br \/>\nBuon viaggio Leonardo,<br \/>\npiccolo mio.<\/p>\n<p><strong>LA RACCOLTA COMPLETA<\/strong><\/p>\n<blockquote class=\"wp-embedded-content\" data-secret=\"uQWDJXhZka\"><p><a href=\"https:\/\/www.radiopiu.net\/wordpress\/in-vivo-verso\/\">In Vivo Verso<\/a><\/p><\/blockquote>\n<p><iframe loading=\"lazy\" class=\"wp-embedded-content\" sandbox=\"allow-scripts\" security=\"restricted\" style=\"position: absolute; clip: rect(1px, 1px, 1px, 1px);\" title=\"&#8220;In Vivo Verso&#8221; &#8212; Radio Pi\u00f9\" src=\"https:\/\/www.radiopiu.net\/wordpress\/in-vivo-verso\/embed\/#?secret=suALLk3wSG#?secret=uQWDJXhZka\" data-secret=\"uQWDJXhZka\" width=\"600\" height=\"338\" frameborder=\"0\" marginwidth=\"0\" marginheight=\"0\" scrolling=\"no\"><\/iframe><\/p>\n<p>&nbsp;<\/p>\n<hr \/>\n<p>&nbsp;<\/p>\n<p><img loading=\"lazy\" decoding=\"async\" class=\"aligncenter wp-image-61954 size-full\" src=\"https:\/\/www.radiopiu.net\/wordpress\/wp-content\/uploads\/2018\/09\/viabilita.jpeg\" sizes=\"auto, (max-width: 800px) 100vw, 800px\" srcset=\"https:\/\/www.radiopiu.net\/wordpress\/wp-content\/uploads\/2018\/09\/viabilita.jpeg 800w, https:\/\/www.radiopiu.net\/wordpress\/wp-content\/uploads\/2018\/09\/viabilita-300x38.jpeg 300w, https:\/\/www.radiopiu.net\/wordpress\/wp-content\/uploads\/2018\/09\/viabilita-768x96.jpeg 768w\" alt=\"\" width=\"800\" height=\"100\" \/><\/p>\n<p>&nbsp;<\/p>\n<p>&nbsp;<\/p>\n<p><strong>AGGIORNAMENTO VENETO STRADE, AGGIORNAMENTO CONTINUO H 24<\/strong><\/p>\n<p>&nbsp;<\/p>\n<blockquote class=\"wp-embedded-content\" data-secret=\"dLP2CY6XPO\"><p><a href=\"https:\/\/www.radiopiu.net\/wordpress\/viabilita\/\">viabilita<\/a><\/p><\/blockquote>\n<p><iframe loading=\"lazy\" class=\"wp-embedded-content\" sandbox=\"allow-scripts\" security=\"restricted\" style=\"position: absolute; clip: rect(1px, 1px, 1px, 1px);\" title=\"&#8220;viabilita&#8221; &#8212; Radio Pi\u00f9\" src=\"https:\/\/www.radiopiu.net\/wordpress\/viabilita\/embed\/#?secret=aiGEzbb84H#?secret=dLP2CY6XPO\" data-secret=\"dLP2CY6XPO\" width=\"600\" height=\"338\" frameborder=\"0\" marginwidth=\"0\" marginheight=\"0\" scrolling=\"no\"><\/iframe><\/p>\n<p>&nbsp;<\/p>\n<p>&nbsp;<\/p>\n<p>&nbsp;<\/p>\n<hr \/>\n<p>&nbsp;<\/p>\n<p><a class=\"dt-pswp-item\" href=\"https:\/\/www.radiopiu.net\/wordpress\/wp-content\/uploads\/2018\/09\/WhatsApp-Image-2018-09-20-at-16.04.06.jpeg\" data-dt-img-description=\"\" data-large_image_width=\"800\" data-large_image_height=\"100\"><img loading=\"lazy\" decoding=\"async\" class=\"wp-image-61378 size-full aligncenter\" src=\"https:\/\/www.radiopiu.net\/wordpress\/wp-content\/uploads\/2018\/09\/WhatsApp-Image-2018-09-20-at-16.04.06.jpeg\" alt=\"\" width=\"800\" height=\"100\" srcset=\"https:\/\/www.radiopiu.net\/wordpress\/wp-content\/uploads\/2018\/09\/WhatsApp-Image-2018-09-20-at-16.04.06.jpeg 800w, https:\/\/www.radiopiu.net\/wordpress\/wp-content\/uploads\/2018\/09\/WhatsApp-Image-2018-09-20-at-16.04.06-300x38.jpeg 300w, https:\/\/www.radiopiu.net\/wordpress\/wp-content\/uploads\/2018\/09\/WhatsApp-Image-2018-09-20-at-16.04.06-768x96.jpeg 768w\" sizes=\"auto, (max-width: 800px) 100vw, 800px\" \/><\/a><\/p>\n<p>&nbsp;<\/p>\n<p><center><\/center><center><b>OGGI<\/b><\/center><b>Tempo atteso: <\/b>Tempo stabile ma solo in parte soleggiato per la presenza di estese velature, meno compatte rispetto a luned\u00ec. A ridosso della pedemontana formazione di nubi basse anche persistenti.<br \/>\n<b>Precipitazioni: <\/b>Assenti (0%), in serata non esclusa pioviggine a ridosso della pedemontana veronese (10%)<br \/>\n<b>Temperature: <\/b>Ulteriore rialzo termico in alta quota con forte inversione termica nelle valli. (zero termico a 3700 metri)<\/p>\n<hr \/>\n<p><center><b>DOMANI<\/b><\/center><b>Tempo atteso: <\/b>Al mattino nuvoloso, anche per estese nubi basse su Prealpi. Dal pomeriggio irregolari schiarite via via pi\u00f9 ampie verso sera.<br \/>\n<b>Precipitazioni: <\/b>Sui settori prealpini possibile qualche pioviggine o debole pioggia, altrove qualche goccia qua \u00e8 la non \u00e8 del tutto esclusa tra il mattino e met\u00e0 pomeriggio. (10-20%) Qualche fiocco di neve cadr\u00e0 oltre i 1800\/2000 m.<br \/>\n<b>Temperature: <\/b>Temperature in calo in quota, stazionarie o in lieve aumento a fondovalle.<\/p>\n<hr \/>\n<p><center><b>GIOVEDI<\/b><\/center>Parzialmente soleggiato per la presenza di velature e qualche nube bassa sui settori prealpini. Temperature in generale temporaneo calo in quota, in aumento a fondovalle.<\/p>\n<hr \/>\n<p><center><b>VENERDI<\/b><\/center>Parzialmente soleggiato con maggiori schiarite al mattino e maggior presenza di nubi alte nel pomeriggio. Temperature stazionarie in quota, in lieve aumento a fondovalle.<\/p>\n<p>&nbsp;<\/p>\n<hr \/>\n<p>&nbsp;<\/p>\n<p>&nbsp;<\/p>\n<p><a class=\"dt-pswp-item\" href=\"https:\/\/www.radiopiu.net\/wordpress\/wp-content\/uploads\/2018\/09\/sport.jpg\" data-dt-img-description=\"\" data-large_image_width=\"800\" data-large_image_height=\"100\"><img loading=\"lazy\" decoding=\"async\" class=\"aligncenter wp-image-60761 size-full\" src=\"https:\/\/www.radiopiu.net\/wordpress\/wp-content\/uploads\/2018\/09\/sport.jpg\" alt=\"\" width=\"800\" height=\"100\" srcset=\"https:\/\/www.radiopiu.net\/wordpress\/wp-content\/uploads\/2018\/09\/sport.jpg 800w, https:\/\/www.radiopiu.net\/wordpress\/wp-content\/uploads\/2018\/09\/sport-300x38.jpg 300w, https:\/\/www.radiopiu.net\/wordpress\/wp-content\/uploads\/2018\/09\/sport-768x96.jpg 768w\" sizes=\"auto, (max-width: 800px) 100vw, 800px\" \/><\/a><\/p>\n<p>&nbsp;<\/p>\n<p>&nbsp;<\/p>\n<p><span style=\"color: #0000ff;\"><strong>CALCIO<\/strong><\/span><\/p>\n<blockquote>\n<h3>L&#8217;AGORDINA CHIUDE IL GIRONE DI ANDATA CON 11 PUNTI<\/h3>\n<\/blockquote>\n<p><strong><a class=\"dt-pswp-item\" href=\"https:\/\/www.radiopiu.net\/wordpress\/wp-content\/uploads\/2022\/11\/CALCIO-2022.jpg\" data-dt-img-description=\"\" data-large_image_width=\"1920\" data-large_image_height=\"1280\"><img loading=\"lazy\" decoding=\"async\" class=\" wp-image-305390 alignleft\" src=\"https:\/\/www.radiopiu.net\/wordpress\/wp-content\/uploads\/2022\/11\/CALCIO-2022-300x200.jpg\" alt=\"\" width=\"167\" height=\"111\" srcset=\"https:\/\/www.radiopiu.net\/wordpress\/wp-content\/uploads\/2022\/11\/CALCIO-2022-300x200.jpg 300w, https:\/\/www.radiopiu.net\/wordpress\/wp-content\/uploads\/2022\/11\/CALCIO-2022-1024x683.jpg 1024w, https:\/\/www.radiopiu.net\/wordpress\/wp-content\/uploads\/2022\/11\/CALCIO-2022-768x512.jpg 768w, https:\/\/www.radiopiu.net\/wordpress\/wp-content\/uploads\/2022\/11\/CALCIO-2022-1536x1024.jpg 1536w, https:\/\/www.radiopiu.net\/wordpress\/wp-content\/uploads\/2022\/11\/CALCIO-2022.jpg 1920w\" sizes=\"auto, (max-width: 167px) 100vw, 167px\" \/><\/a>di Marco Gaz<\/strong><\/p>\n<p><strong>REDAZIONE<\/strong> Se dobbiamo tirare le somme della prima parte della stagione dell&#8217;Agordina di Seconda Categoria, sicuramente non possiamo dire che il girone di andata sia andato come si sperava. La squadra di Marco Lorenzi ha terminato il 2022 con solo 11 punti su 12 partite giocate. Un campionato che era partito abbastanza bene con la formazione di Agordo che era andata a punti nelle prime due uscite. Poi alti e bassi per i giovani agordini. Un periodo buio tra ottobre e novembre con delle brutte sconfitte e fine del girone di andata con i biancoazzurri capaci di incamerare punti importanti, come nel recupero con la Juventina prima in classifica di sabato scorso vinto di misura dall&#8217;Agordina. Ora un lungo riposo natalizio per i giocatori di Lorenzi che ritorneranno in campo ad inizio gennaio per recuperare la sfida con il Gemelle l&#8217;8 gennaio e a partire dalla settimana successiva il via al girone di ritorno.<\/p>\n<p>&nbsp;<\/p>\n<hr \/>\n<p>&nbsp;<\/p>\n<p><span style=\"color: #0000ff;\"><strong>SCI<\/strong><\/span><\/p>\n<blockquote>\n<h3>PRESENTATO IL GRAND PRIX LATTEBUSCHE. FINALI IN VAL DI ZOLDO<\/h3>\n<\/blockquote>\n<p><strong><a class=\"dt-pswp-item\" href=\"https:\/\/www.radiopiu.net\/wordpress\/wp-content\/uploads\/2022\/12\/aeb5eb36-5cc3-4b4f-8ea4-839d25800c7c.jpg\" data-dt-img-description=\"\" data-large_image_width=\"1600\" data-large_image_height=\"1066\"><img loading=\"lazy\" decoding=\"async\" class=\" wp-image-312444 alignleft\" src=\"https:\/\/www.radiopiu.net\/wordpress\/wp-content\/uploads\/2022\/12\/aeb5eb36-5cc3-4b4f-8ea4-839d25800c7c-300x200.jpg\" alt=\"\" width=\"200\" height=\"133\" srcset=\"https:\/\/www.radiopiu.net\/wordpress\/wp-content\/uploads\/2022\/12\/aeb5eb36-5cc3-4b4f-8ea4-839d25800c7c-300x200.jpg 300w, https:\/\/www.radiopiu.net\/wordpress\/wp-content\/uploads\/2022\/12\/aeb5eb36-5cc3-4b4f-8ea4-839d25800c7c-1024x682.jpg 1024w, https:\/\/www.radiopiu.net\/wordpress\/wp-content\/uploads\/2022\/12\/aeb5eb36-5cc3-4b4f-8ea4-839d25800c7c-768x512.jpg 768w, https:\/\/www.radiopiu.net\/wordpress\/wp-content\/uploads\/2022\/12\/aeb5eb36-5cc3-4b4f-8ea4-839d25800c7c-1536x1023.jpg 1536w, https:\/\/www.radiopiu.net\/wordpress\/wp-content\/uploads\/2022\/12\/aeb5eb36-5cc3-4b4f-8ea4-839d25800c7c.jpg 1600w\" sizes=\"auto, (max-width: 200px) 100vw, 200px\" \/><\/a>BELLUNO<\/strong> Toccher\u00e0 alle piste di Val Di Zoldo ospitare nella prossima primavera le finali del Grand Prix Lattebusche 2022-2023, il circuito dello sci alpino e di fondo dedicato alle categorie Baby e Cuccioli che quest&#8217;anno festeggia il 46esimo compleanno.<\/p>\n<p><strong>di Daniele Dalvit<\/strong><\/p>\n<audio class=\"wp-audio-shortcode\" id=\"audio-312401-14\" preload=\"none\" style=\"width: 100%;\" controls=\"controls\"><source type=\"audio\/mpeg\" src=\"https:\/\/www.radiopiu.net\/wordpress\/wp-content\/uploads\/2022\/12\/DALVIT-GRAND-PRIX-LATTEBUSCHE.mp3?_=14\" \/><a href=\"https:\/\/www.radiopiu.net\/wordpress\/wp-content\/uploads\/2022\/12\/DALVIT-GRAND-PRIX-LATTEBUSCHE.mp3\">https:\/\/www.radiopiu.net\/wordpress\/wp-content\/uploads\/2022\/12\/DALVIT-GRAND-PRIX-LATTEBUSCHE.mp3<\/a><\/audio>\n<p>&nbsp;<\/p>\n<hr \/>\n<p>&nbsp;<\/p>\n<blockquote>\n<h2>TORNEO DEGLI ANGELI 2022, LE FOTO DELLE PREMIAZIONI<\/h2>\n<\/blockquote>\n<p><strong>AGORDO<\/strong> Si \u00e8 conclusa ieri sera la quindicesima edizione del Torneo Degli Angeli, il torneo di calcio a 5 organizzato dal Le Ville i memoria di Thierry Brancaleone e Denis Benvegnu&#8217;. Di seguito le foto delle premiazioni scattate da Mario Scussel.<\/p>\n\n\t\t\t<style type='text\/css'>\n\t\t\t\t#gallery-5 {\n\t\t\t\t\tmargin: auto;\n\t\t\t\t}\n\t\t\t\t#gallery-5 .gallery-item {\n\t\t\t\t\tfloat: left;\n\t\t\t\t\tmargin-top: 10px;\n\t\t\t\t\ttext-align: center;\n\t\t\t\t\twidth: 25%;\n\t\t\t\t}\n\t\t\t\t#gallery-5 img {\n\t\t\t\t\tborder: 2px solid #cfcfcf;\n\t\t\t\t}\n\t\t\t\t#gallery-5 .gallery-caption {\n\t\t\t\t\tmargin-left: 0;\n\t\t\t\t}\n\t\t\t\t\/* see gallery_shortcode() in wp-includes\/media.php *\/\n\t\t\t<\/style>\n\t\t<div id='gallery-5' class='dt-gallery-container gallery galleryid-312401 gallery-columns-4 gallery-size-medium'><dl class='gallery-item'>\n\t\t\t\t<dt class='gallery-icon landscape'>\n\t\t\t\t\t<a class=\"rollover rollover-zoom dt-pswp-item\" title=\"fdc9b65a-eedf-4d18-99b5-7600e225b3ec\" data-dt-img-description=\"\" data-large_image_width=\"1024\" data-large_image_height=\"576\"href='https:\/\/www.radiopiu.net\/wordpress\/wp-content\/uploads\/2022\/12\/fdc9b65a-eedf-4d18-99b5-7600e225b3ec.jpg'><img loading=\"lazy\" decoding=\"async\" width=\"300\" height=\"169\" src=\"https:\/\/www.radiopiu.net\/wordpress\/wp-content\/uploads\/2022\/12\/fdc9b65a-eedf-4d18-99b5-7600e225b3ec-300x169.jpg\" class=\"attachment-medium size-medium\" alt=\"\" srcset=\"https:\/\/www.radiopiu.net\/wordpress\/wp-content\/uploads\/2022\/12\/fdc9b65a-eedf-4d18-99b5-7600e225b3ec-300x169.jpg 300w, https:\/\/www.radiopiu.net\/wordpress\/wp-content\/uploads\/2022\/12\/fdc9b65a-eedf-4d18-99b5-7600e225b3ec-768x432.jpg 768w, https:\/\/www.radiopiu.net\/wordpress\/wp-content\/uploads\/2022\/12\/fdc9b65a-eedf-4d18-99b5-7600e225b3ec.jpg 1024w\" sizes=\"auto, (max-width: 300px) 100vw, 300px\" \/><\/a>\n\t\t\t\t<\/dt><\/dl><dl class='gallery-item'>\n\t\t\t\t<dt class='gallery-icon landscape'>\n\t\t\t\t\t<a class=\"rollover rollover-zoom dt-pswp-item\" title=\"e8633cd2-a5fe-4645-98c3-d60708f2cacb\" data-dt-img-description=\"\" data-large_image_width=\"1024\" data-large_image_height=\"576\"href='https:\/\/www.radiopiu.net\/wordpress\/wp-content\/uploads\/2022\/12\/e8633cd2-a5fe-4645-98c3-d60708f2cacb.jpg'><img loading=\"lazy\" decoding=\"async\" width=\"300\" height=\"169\" src=\"https:\/\/www.radiopiu.net\/wordpress\/wp-content\/uploads\/2022\/12\/e8633cd2-a5fe-4645-98c3-d60708f2cacb-300x169.jpg\" class=\"attachment-medium size-medium\" alt=\"\" srcset=\"https:\/\/www.radiopiu.net\/wordpress\/wp-content\/uploads\/2022\/12\/e8633cd2-a5fe-4645-98c3-d60708f2cacb-300x169.jpg 300w, https:\/\/www.radiopiu.net\/wordpress\/wp-content\/uploads\/2022\/12\/e8633cd2-a5fe-4645-98c3-d60708f2cacb-768x432.jpg 768w, https:\/\/www.radiopiu.net\/wordpress\/wp-content\/uploads\/2022\/12\/e8633cd2-a5fe-4645-98c3-d60708f2cacb.jpg 1024w\" sizes=\"auto, (max-width: 300px) 100vw, 300px\" \/><\/a>\n\t\t\t\t<\/dt><\/dl><dl class='gallery-item'>\n\t\t\t\t<dt class='gallery-icon landscape'>\n\t\t\t\t\t<a class=\"rollover rollover-zoom dt-pswp-item\" title=\"194c98f4-9248-4e65-9bcc-7a768671f08a\" data-dt-img-description=\"\" data-large_image_width=\"1024\" data-large_image_height=\"576\"href='https:\/\/www.radiopiu.net\/wordpress\/wp-content\/uploads\/2022\/12\/194c98f4-9248-4e65-9bcc-7a768671f08a.jpg'><img loading=\"lazy\" decoding=\"async\" width=\"300\" height=\"169\" src=\"https:\/\/www.radiopiu.net\/wordpress\/wp-content\/uploads\/2022\/12\/194c98f4-9248-4e65-9bcc-7a768671f08a-300x169.jpg\" class=\"attachment-medium size-medium\" alt=\"\" srcset=\"https:\/\/www.radiopiu.net\/wordpress\/wp-content\/uploads\/2022\/12\/194c98f4-9248-4e65-9bcc-7a768671f08a-300x169.jpg 300w, https:\/\/www.radiopiu.net\/wordpress\/wp-content\/uploads\/2022\/12\/194c98f4-9248-4e65-9bcc-7a768671f08a-768x432.jpg 768w, https:\/\/www.radiopiu.net\/wordpress\/wp-content\/uploads\/2022\/12\/194c98f4-9248-4e65-9bcc-7a768671f08a.jpg 1024w\" sizes=\"auto, (max-width: 300px) 100vw, 300px\" \/><\/a>\n\t\t\t\t<\/dt><\/dl><dl class='gallery-item'>\n\t\t\t\t<dt class='gallery-icon landscape'>\n\t\t\t\t\t<a class=\"rollover rollover-zoom dt-pswp-item\" title=\"6a538323-3d33-4253-b661-8796dc7ac5fe\" data-dt-img-description=\"\" data-large_image_width=\"1024\" data-large_image_height=\"576\"href='https:\/\/www.radiopiu.net\/wordpress\/wp-content\/uploads\/2022\/12\/6a538323-3d33-4253-b661-8796dc7ac5fe.jpg'><img loading=\"lazy\" decoding=\"async\" width=\"300\" height=\"169\" src=\"https:\/\/www.radiopiu.net\/wordpress\/wp-content\/uploads\/2022\/12\/6a538323-3d33-4253-b661-8796dc7ac5fe-300x169.jpg\" class=\"attachment-medium size-medium\" alt=\"\" srcset=\"https:\/\/www.radiopiu.net\/wordpress\/wp-content\/uploads\/2022\/12\/6a538323-3d33-4253-b661-8796dc7ac5fe-300x169.jpg 300w, https:\/\/www.radiopiu.net\/wordpress\/wp-content\/uploads\/2022\/12\/6a538323-3d33-4253-b661-8796dc7ac5fe-768x432.jpg 768w, https:\/\/www.radiopiu.net\/wordpress\/wp-content\/uploads\/2022\/12\/6a538323-3d33-4253-b661-8796dc7ac5fe.jpg 1024w\" sizes=\"auto, (max-width: 300px) 100vw, 300px\" \/><\/a>\n\t\t\t\t<\/dt><\/dl><br style=\"clear: both\" \/><dl class='gallery-item'>\n\t\t\t\t<dt class='gallery-icon landscape'>\n\t\t\t\t\t<a class=\"rollover rollover-zoom dt-pswp-item\" title=\"2b49aed8-9b1a-4586-a58f-5caed93d6121\" data-dt-img-description=\"\" data-large_image_width=\"1024\" data-large_image_height=\"576\"href='https:\/\/www.radiopiu.net\/wordpress\/wp-content\/uploads\/2022\/12\/2b49aed8-9b1a-4586-a58f-5caed93d6121.jpg'><img loading=\"lazy\" decoding=\"async\" width=\"300\" height=\"169\" src=\"https:\/\/www.radiopiu.net\/wordpress\/wp-content\/uploads\/2022\/12\/2b49aed8-9b1a-4586-a58f-5caed93d6121-300x169.jpg\" class=\"attachment-medium size-medium\" alt=\"\" srcset=\"https:\/\/www.radiopiu.net\/wordpress\/wp-content\/uploads\/2022\/12\/2b49aed8-9b1a-4586-a58f-5caed93d6121-300x169.jpg 300w, https:\/\/www.radiopiu.net\/wordpress\/wp-content\/uploads\/2022\/12\/2b49aed8-9b1a-4586-a58f-5caed93d6121-768x432.jpg 768w, https:\/\/www.radiopiu.net\/wordpress\/wp-content\/uploads\/2022\/12\/2b49aed8-9b1a-4586-a58f-5caed93d6121.jpg 1024w\" sizes=\"auto, (max-width: 300px) 100vw, 300px\" \/><\/a>\n\t\t\t\t<\/dt><\/dl><dl class='gallery-item'>\n\t\t\t\t<dt class='gallery-icon landscape'>\n\t\t\t\t\t<a class=\"rollover rollover-zoom dt-pswp-item\" title=\"7e454e2c-632d-4c9f-af7d-201939a09485\" data-dt-img-description=\"\" data-large_image_width=\"1024\" data-large_image_height=\"576\"href='https:\/\/www.radiopiu.net\/wordpress\/wp-content\/uploads\/2022\/12\/7e454e2c-632d-4c9f-af7d-201939a09485.jpg'><img loading=\"lazy\" decoding=\"async\" width=\"300\" height=\"169\" src=\"https:\/\/www.radiopiu.net\/wordpress\/wp-content\/uploads\/2022\/12\/7e454e2c-632d-4c9f-af7d-201939a09485-300x169.jpg\" class=\"attachment-medium size-medium\" alt=\"\" srcset=\"https:\/\/www.radiopiu.net\/wordpress\/wp-content\/uploads\/2022\/12\/7e454e2c-632d-4c9f-af7d-201939a09485-300x169.jpg 300w, https:\/\/www.radiopiu.net\/wordpress\/wp-content\/uploads\/2022\/12\/7e454e2c-632d-4c9f-af7d-201939a09485-768x432.jpg 768w, https:\/\/www.radiopiu.net\/wordpress\/wp-content\/uploads\/2022\/12\/7e454e2c-632d-4c9f-af7d-201939a09485.jpg 1024w\" sizes=\"auto, (max-width: 300px) 100vw, 300px\" \/><\/a>\n\t\t\t\t<\/dt><\/dl><dl class='gallery-item'>\n\t\t\t\t<dt class='gallery-icon landscape'>\n\t\t\t\t\t<a class=\"rollover rollover-zoom dt-pswp-item\" title=\"60562665-dd95-430e-9908-057d44a9b4f9\" data-dt-img-description=\"\" data-large_image_width=\"1024\" data-large_image_height=\"576\"href='https:\/\/www.radiopiu.net\/wordpress\/wp-content\/uploads\/2022\/12\/60562665-dd95-430e-9908-057d44a9b4f9.jpg'><img loading=\"lazy\" decoding=\"async\" width=\"300\" height=\"169\" src=\"https:\/\/www.radiopiu.net\/wordpress\/wp-content\/uploads\/2022\/12\/60562665-dd95-430e-9908-057d44a9b4f9-300x169.jpg\" class=\"attachment-medium size-medium\" alt=\"\" srcset=\"https:\/\/www.radiopiu.net\/wordpress\/wp-content\/uploads\/2022\/12\/60562665-dd95-430e-9908-057d44a9b4f9-300x169.jpg 300w, https:\/\/www.radiopiu.net\/wordpress\/wp-content\/uploads\/2022\/12\/60562665-dd95-430e-9908-057d44a9b4f9-768x432.jpg 768w, https:\/\/www.radiopiu.net\/wordpress\/wp-content\/uploads\/2022\/12\/60562665-dd95-430e-9908-057d44a9b4f9.jpg 1024w\" sizes=\"auto, (max-width: 300px) 100vw, 300px\" \/><\/a>\n\t\t\t\t<\/dt><\/dl><dl class='gallery-item'>\n\t\t\t\t<dt class='gallery-icon landscape'>\n\t\t\t\t\t<a class=\"rollover rollover-zoom dt-pswp-item\" title=\"92295450-2543-4355-9207-07c57471c8ca\" data-dt-img-description=\"\" data-large_image_width=\"1024\" data-large_image_height=\"576\"href='https:\/\/www.radiopiu.net\/wordpress\/wp-content\/uploads\/2022\/12\/92295450-2543-4355-9207-07c57471c8ca.jpg'><img loading=\"lazy\" decoding=\"async\" width=\"300\" height=\"169\" src=\"https:\/\/www.radiopiu.net\/wordpress\/wp-content\/uploads\/2022\/12\/92295450-2543-4355-9207-07c57471c8ca-300x169.jpg\" class=\"attachment-medium size-medium\" alt=\"\" srcset=\"https:\/\/www.radiopiu.net\/wordpress\/wp-content\/uploads\/2022\/12\/92295450-2543-4355-9207-07c57471c8ca-300x169.jpg 300w, https:\/\/www.radiopiu.net\/wordpress\/wp-content\/uploads\/2022\/12\/92295450-2543-4355-9207-07c57471c8ca-768x432.jpg 768w, https:\/\/www.radiopiu.net\/wordpress\/wp-content\/uploads\/2022\/12\/92295450-2543-4355-9207-07c57471c8ca.jpg 1024w\" sizes=\"auto, (max-width: 300px) 100vw, 300px\" \/><\/a>\n\t\t\t\t<\/dt><\/dl><br style=\"clear: both\" \/><dl class='gallery-item'>\n\t\t\t\t<dt class='gallery-icon landscape'>\n\t\t\t\t\t<a class=\"rollover rollover-zoom dt-pswp-item\" title=\"c24df6d8-3311-4d3d-84d6-93f59048df8f\" data-dt-img-description=\"\" data-large_image_width=\"1024\" data-large_image_height=\"576\"href='https:\/\/www.radiopiu.net\/wordpress\/wp-content\/uploads\/2022\/12\/c24df6d8-3311-4d3d-84d6-93f59048df8f.jpg'><img loading=\"lazy\" decoding=\"async\" width=\"300\" height=\"169\" src=\"https:\/\/www.radiopiu.net\/wordpress\/wp-content\/uploads\/2022\/12\/c24df6d8-3311-4d3d-84d6-93f59048df8f-300x169.jpg\" class=\"attachment-medium size-medium\" alt=\"\" srcset=\"https:\/\/www.radiopiu.net\/wordpress\/wp-content\/uploads\/2022\/12\/c24df6d8-3311-4d3d-84d6-93f59048df8f-300x169.jpg 300w, https:\/\/www.radiopiu.net\/wordpress\/wp-content\/uploads\/2022\/12\/c24df6d8-3311-4d3d-84d6-93f59048df8f-768x432.jpg 768w, https:\/\/www.radiopiu.net\/wordpress\/wp-content\/uploads\/2022\/12\/c24df6d8-3311-4d3d-84d6-93f59048df8f.jpg 1024w\" sizes=\"auto, (max-width: 300px) 100vw, 300px\" \/><\/a>\n\t\t\t\t<\/dt><\/dl><dl class='gallery-item'>\n\t\t\t\t<dt class='gallery-icon landscape'>\n\t\t\t\t\t<a class=\"rollover rollover-zoom dt-pswp-item\" title=\"984a2243-e807-425a-9d85-51380fed0e3f\" data-dt-img-description=\"\" data-large_image_width=\"1024\" data-large_image_height=\"576\"href='https:\/\/www.radiopiu.net\/wordpress\/wp-content\/uploads\/2022\/12\/984a2243-e807-425a-9d85-51380fed0e3f.jpg'><img loading=\"lazy\" decoding=\"async\" width=\"300\" height=\"169\" src=\"https:\/\/www.radiopiu.net\/wordpress\/wp-content\/uploads\/2022\/12\/984a2243-e807-425a-9d85-51380fed0e3f-300x169.jpg\" class=\"attachment-medium size-medium\" alt=\"\" srcset=\"https:\/\/www.radiopiu.net\/wordpress\/wp-content\/uploads\/2022\/12\/984a2243-e807-425a-9d85-51380fed0e3f-300x169.jpg 300w, https:\/\/www.radiopiu.net\/wordpress\/wp-content\/uploads\/2022\/12\/984a2243-e807-425a-9d85-51380fed0e3f-768x432.jpg 768w, https:\/\/www.radiopiu.net\/wordpress\/wp-content\/uploads\/2022\/12\/984a2243-e807-425a-9d85-51380fed0e3f.jpg 1024w\" sizes=\"auto, (max-width: 300px) 100vw, 300px\" \/><\/a>\n\t\t\t\t<\/dt><\/dl><dl class='gallery-item'>\n\t\t\t\t<dt class='gallery-icon landscape'>\n\t\t\t\t\t<a class=\"rollover rollover-zoom dt-pswp-item\" title=\"2104b936-e13f-46cb-9f28-770196516a4e\" data-dt-img-description=\"\" data-large_image_width=\"1080\" data-large_image_height=\"608\"href='https:\/\/www.radiopiu.net\/wordpress\/wp-content\/uploads\/2022\/12\/2104b936-e13f-46cb-9f28-770196516a4e.jpg'><img loading=\"lazy\" decoding=\"async\" width=\"300\" height=\"169\" src=\"https:\/\/www.radiopiu.net\/wordpress\/wp-content\/uploads\/2022\/12\/2104b936-e13f-46cb-9f28-770196516a4e-300x169.jpg\" class=\"attachment-medium size-medium\" alt=\"\" srcset=\"https:\/\/www.radiopiu.net\/wordpress\/wp-content\/uploads\/2022\/12\/2104b936-e13f-46cb-9f28-770196516a4e-300x169.jpg 300w, https:\/\/www.radiopiu.net\/wordpress\/wp-content\/uploads\/2022\/12\/2104b936-e13f-46cb-9f28-770196516a4e-1024x576.jpg 1024w, https:\/\/www.radiopiu.net\/wordpress\/wp-content\/uploads\/2022\/12\/2104b936-e13f-46cb-9f28-770196516a4e-768x432.jpg 768w, https:\/\/www.radiopiu.net\/wordpress\/wp-content\/uploads\/2022\/12\/2104b936-e13f-46cb-9f28-770196516a4e.jpg 1080w\" sizes=\"auto, (max-width: 300px) 100vw, 300px\" \/><\/a>\n\t\t\t\t<\/dt><\/dl>\n\t\t\t\t<br style='clear: both' \/>\n\t\t\t<\/div>\n\n<p><strong>LA DIRETTA RADIO PIU&#8217;<\/strong><\/p>\n<p>https:\/\/www.facebook.com\/mirko.mezzacasa\/videos\/3015945555372085<\/p>\n<p>&nbsp;<\/p>\n<p>*******<\/p>\n<p>&nbsp;<\/p>\n","protected":false},"excerpt":{"rendered":"<p>LA SOLITA &#8220;MENATA&#8221; E BASTA! IL CIVETTA IN VAL BADIA &nbsp; RADIO PIU INFORMAZIONE il canale su TELEGRAM informazione di prima\u00a0 mano e in tempo reale. iscriviti ed aiutaci a farlo conoscere\u00a0\u00a0 di ERIK LENA\u00a0 https:\/\/www.youtube.com\/@Lenaerikfoto Trasmesso in anteprima il giorno 18 dic 2022 PASSO DI GIAU\u00a0 \u00a0Sono stato dopo una nevicata in cima al&hellip;<\/p>\n","protected":false},"author":4,"featured_media":312436,"comment_status":"closed","ping_status":"closed","sticky":false,"template":"","format":"standard","meta":{"_monsterinsights_skip_tracking":false,"_monsterinsights_sitenote_active":false,"_monsterinsights_sitenote_note":"","_monsterinsights_sitenote_category":0,"footnotes":""},"categories":[104,86,49],"tags":[],"class_list":["post-312401","post","type-post","status-publish","format-standard","has-post-thumbnail","hentry","category-evidenza_3","category-gr","category-news-18","category-104","category-86","category-49","description-off"],"img_url":"https:\/\/www.radiopiu.net\/wordpress\/wp-content\/uploads\/2022\/12\/Alba_Marmolada-scaled.jpg","_links":{"self":[{"href":"https:\/\/www.radiopiu.net\/wordpress\/wp-json\/wp\/v2\/posts\/312401","targetHints":{"allow":["GET"]}}],"collection":[{"href":"https:\/\/www.radiopiu.net\/wordpress\/wp-json\/wp\/v2\/posts"}],"about":[{"href":"https:\/\/www.radiopiu.net\/wordpress\/wp-json\/wp\/v2\/types\/post"}],"author":[{"embeddable":true,"href":"https:\/\/www.radiopiu.net\/wordpress\/wp-json\/wp\/v2\/users\/4"}],"replies":[{"embeddable":true,"href":"https:\/\/www.radiopiu.net\/wordpress\/wp-json\/wp\/v2\/comments?post=312401"}],"version-history":[{"count":0,"href":"https:\/\/www.radiopiu.net\/wordpress\/wp-json\/wp\/v2\/posts\/312401\/revisions"}],"wp:featuredmedia":[{"embeddable":true,"href":"https:\/\/www.radiopiu.net\/wordpress\/wp-json\/wp\/v2\/media\/312436"}],"wp:attachment":[{"href":"https:\/\/www.radiopiu.net\/wordpress\/wp-json\/wp\/v2\/media?parent=312401"}],"wp:term":[{"taxonomy":"category","embeddable":true,"href":"https:\/\/www.radiopiu.net\/wordpress\/wp-json\/wp\/v2\/categories?post=312401"},{"taxonomy":"post_tag","embeddable":true,"href":"https:\/\/www.radiopiu.net\/wordpress\/wp-json\/wp\/v2\/tags?post=312401"}],"curies":[{"name":"wp","href":"https:\/\/api.w.org\/{rel}","templated":true}]}}