{"id":312404,"date":"2022-12-19T10:08:04","date_gmt":"2022-12-19T09:08:04","guid":{"rendered":"https:\/\/www.radiopiu.net\/wordpress\/?p=312404"},"modified":"2022-12-19T10:08:04","modified_gmt":"2022-12-19T09:08:04","slug":"valpe-ambiente-disponibili-gli-ecocalendari-2023-e-un-nuovo-numero-verde-unico","status":"publish","type":"post","link":"https:\/\/www.radiopiu.net\/wordpress\/valpe-ambiente-disponibili-gli-ecocalendari-2023-e-un-nuovo-numero-verde-unico\/","title":{"rendered":"VALPE AMBIENTE: DISPONIBILI GLI ECOCALENDARI 2023 E UN NUOVO NUMERO VERDE UNICO"},"content":{"rendered":"<p><strong><a class=\"dt-pswp-item\" href=\"https:\/\/www.radiopiu.net\/wordpress\/wp-content\/uploads\/2021\/10\/VALPE.png\" data-dt-img-description=\"\" data-large_image_width=\"800\" data-large_image_height=\"400\"><img loading=\"lazy\" decoding=\"async\" class=\" wp-image-236977 alignleft\" src=\"https:\/\/www.radiopiu.net\/wordpress\/wp-content\/uploads\/2021\/10\/VALPE-300x150.png\" alt=\"\" width=\"190\" height=\"95\" srcset=\"https:\/\/www.radiopiu.net\/wordpress\/wp-content\/uploads\/2021\/10\/VALPE-300x150.png 300w, https:\/\/www.radiopiu.net\/wordpress\/wp-content\/uploads\/2021\/10\/VALPE-768x384.png 768w, https:\/\/www.radiopiu.net\/wordpress\/wp-content\/uploads\/2021\/10\/VALPE.png 800w\" sizes=\"auto, (max-width: 190px) 100vw, 190px\" \/><\/a>SEDICO <\/strong>Si avvisano le utenze dei Comuni di Sedico e dell&#8217;Unione Montana Agordina che i nuovi Ecocalendari per l\u2019anno 2023 sono stati spediti e sono in consegna in questi giorni; per questi Comuni, i calendari sono gi\u00e0 consultabili e scaricabili in formato pdf accedendo al sito <a href=\"http:\/\/www.valpeambiente.it\">www.valpeambiente.it<\/a>. Anche per le utenze dei 7 Comuni del territorio feltrino &#8211; Alano di Piave, Arsi\u00e8, Cesiomaggiore, Fonzaso, Lamon, Pedavena e Sovramonte, nel sito di Valpe Ambiente sono gi\u00e0 consultabili i calendari della raccolta porta a porta fino al 31 marzo 2023. Durante i primi mesi del nuovo anno il servizio per i rifiuti verr\u00e0 effettuato secondo modalit\u00e0 transitorie, in continuit\u00e0 con la precedente gestione. Dal 1\u00b0 aprile 2023 sar\u00e0 attivo il nuovo sistema di gestione dei rifiuti e sar\u00e0 quindi disponibile un nuovo calendario. Per le utenze dei 5 Comuni della Valle del Boite, invece, i nuovi calendari vengono consegnati dagli\u00a0incaricati alla distribuzione assieme ai nuovi contenitori. Per questi Comuni saranno disponibili in formato pdf nel sito <a href=\"http:\/\/www.valpeambiente.it\">www.valpeambiente.it<\/a> dal 28 dicembre 2022. Si comunica inoltre che dal 1\u00b0 gennaio 2023 \u00e8 possibile contattare il nuovo numero verde 800.94.76.73: \u00e8 disponibile per tutte le utenze servite e raggiungibile con chiamata gratuita sia da telefono fisso che da cellulare. Con l\u2019attivazione di questo nuovo numero unico, da gennaio saranno dismessi tutti i vecchi riferimenti telefonici. Per maggiori informazioni in merito, \u00e8 possibile consultare la sezione news del sito <a href=\"http:\/\/www.valpeambiente.it\">www.valpeambiente.it<\/a>. Si ricorda infine che dal\u00a023 dicembre 2022 al 8 gennaio 2023 l\u2019Ecosportello di Sedico osserver\u00e0 orari di apertura ridotti, aprendo al pubblico gioved\u00ec 29 dicembre dalle 09.00 alle 12.30 e gioved\u00ec 05 gennaio dalle 09.00 alle 12.30.<\/p>\n<p>&nbsp;<\/p>\n<p>&nbsp;<\/p>\n<p>******<\/p>\n","protected":false},"excerpt":{"rendered":"<p>SEDICO Si avvisano le utenze dei Comuni di Sedico e dell&#8217;Unione Montana Agordina che i nuovi Ecocalendari per l\u2019anno 2023 sono stati spediti e sono in consegna in questi giorni; per questi Comuni, i calendari sono gi\u00e0 consultabili e scaricabili in formato pdf accedendo al sito www.valpeambiente.it. Anche per le utenze dei 7 Comuni del&hellip;<\/p>\n","protected":false},"author":4,"featured_media":236977,"comment_status":"closed","ping_status":"closed","sticky":false,"template":"","format":"standard","meta":{"_monsterinsights_skip_tracking":false,"_monsterinsights_sitenote_active":false,"_monsterinsights_sitenote_note":"","_monsterinsights_sitenote_category":0,"footnotes":""},"categories":[49],"tags":[],"class_list":["post-312404","post","type-post","status-publish","format-standard","has-post-thumbnail","hentry","category-news-18","category-49","description-off"],"img_url":"https:\/\/www.radiopiu.net\/wordpress\/wp-content\/uploads\/2021\/10\/VALPE.png","_links":{"self":[{"href":"https:\/\/www.radiopiu.net\/wordpress\/wp-json\/wp\/v2\/posts\/312404","targetHints":{"allow":["GET"]}}],"collection":[{"href":"https:\/\/www.radiopiu.net\/wordpress\/wp-json\/wp\/v2\/posts"}],"about":[{"href":"https:\/\/www.radiopiu.net\/wordpress\/wp-json\/wp\/v2\/types\/post"}],"author":[{"embeddable":true,"href":"https:\/\/www.radiopiu.net\/wordpress\/wp-json\/wp\/v2\/users\/4"}],"replies":[{"embeddable":true,"href":"https:\/\/www.radiopiu.net\/wordpress\/wp-json\/wp\/v2\/comments?post=312404"}],"version-history":[{"count":0,"href":"https:\/\/www.radiopiu.net\/wordpress\/wp-json\/wp\/v2\/posts\/312404\/revisions"}],"wp:featuredmedia":[{"embeddable":true,"href":"https:\/\/www.radiopiu.net\/wordpress\/wp-json\/wp\/v2\/media\/236977"}],"wp:attachment":[{"href":"https:\/\/www.radiopiu.net\/wordpress\/wp-json\/wp\/v2\/media?parent=312404"}],"wp:term":[{"taxonomy":"category","embeddable":true,"href":"https:\/\/www.radiopiu.net\/wordpress\/wp-json\/wp\/v2\/categories?post=312404"},{"taxonomy":"post_tag","embeddable":true,"href":"https:\/\/www.radiopiu.net\/wordpress\/wp-json\/wp\/v2\/tags?post=312404"}],"curies":[{"name":"wp","href":"https:\/\/api.w.org\/{rel}","templated":true}]}}