{"id":312532,"date":"2022-12-20T05:10:24","date_gmt":"2022-12-20T04:10:24","guid":{"rendered":"https:\/\/www.radiopiu.net\/wordpress\/?p=312532"},"modified":"2022-12-20T05:48:44","modified_gmt":"2022-12-20T04:48:44","slug":"concerto-di-natale-per-il-personale-dellospedale-di-agordo","status":"publish","type":"post","link":"https:\/\/www.radiopiu.net\/wordpress\/concerto-di-natale-per-il-personale-dellospedale-di-agordo\/","title":{"rendered":"CONCERTO DI NATALE PER IL PERSONALE DELL&#8217;OSPEDALE DI AGORDO"},"content":{"rendered":"<blockquote>\n<h3><\/h3>\n<\/blockquote>\n<p><strong><a class=\"dt-pswp-item\" href=\"https:\/\/www.radiopiu.net\/wordpress\/wp-content\/uploads\/2022\/12\/AGORDO-I-tre-fratelli-Bosio.jpg\" data-dt-img-description=\"\" data-large_image_width=\"1024\" data-large_image_height=\"641\"><img loading=\"lazy\" decoding=\"async\" class=\"size-medium wp-image-312531 alignleft\" src=\"https:\/\/www.radiopiu.net\/wordpress\/wp-content\/uploads\/2022\/12\/AGORDO-I-tre-fratelli-Bosio-300x188.jpg\" alt=\"\" width=\"300\" height=\"188\" srcset=\"https:\/\/www.radiopiu.net\/wordpress\/wp-content\/uploads\/2022\/12\/AGORDO-I-tre-fratelli-Bosio-300x188.jpg 300w, https:\/\/www.radiopiu.net\/wordpress\/wp-content\/uploads\/2022\/12\/AGORDO-I-tre-fratelli-Bosio-768x481.jpg 768w, https:\/\/www.radiopiu.net\/wordpress\/wp-content\/uploads\/2022\/12\/AGORDO-I-tre-fratelli-Bosio.jpg 1024w\" sizes=\"auto, (max-width: 300px) 100vw, 300px\" \/><\/a>AGORDO <\/strong>Si chiude con un significativo evento l\u2019intensa stagione 2022 del Circolo culturale agordino, presieduto da Lionella Tonet. Se quest\u2019anno, per cause di forza maggiore (cambio della direzione) il Coro Agordo ha dovuto rimandare il tradizionale Concerto di S.Stefano in Arcidiconale, sar\u00e0 la sala don Tamis ad ospitare un inedito Concerto di Natale promosso dal Circolo culturale in collaborazione con Agordo Musica e il patrocinio del Comune di Agordo e dell\u2019Unione montana agordina. Un concerto dal duplice interesse e richiamo quello programmato per mercoled\u00ec 28 dicembre, alle 20:30. Anzitutto perch\u00e9 saranno protagonisti tre affermati musicisti torinesi, tre fratelli che, ricordando le origini agordine della mamma Loredana (figlia di una delle tre sorelle Rosson che fino a inizio anni \u201960 del secolo scorso hanno gestito il Caff\u00e8 Posta in Riva dei Paci, oggi via Rova), hanno voluto fare un omaggio della loro arte ad Agordo e agli agordini proprio in occasione del Natale. Quindi perch\u00e9, con ammirevole sensibilit\u00e0, Lionella Tonet e collaboratori hanno inteso dedicare il concerto al personale dell\u2019ospedale di Agordo in segno di riconoscenza per l\u2019impegno profuso con generosit\u00e0 e professionalit\u00e0 durante la pandemia. In tale occasione i tre fratelli Bosio: Ombretta, mezzosoprano, Nausicaa al pianoforte e Niccol\u00f2 alla fisarmonica, si esibiranno in un vasto repertorio musicale, diviso in tre parti, proponendo opere di vari autori lirici, fra cui Bellini, Bizet, Czardas, Lehar, Piazzolla. Ma ci sar\u00e0 spazio vocale anche per brani di Ripp, Marf, Piaff e Arlen, mentre la chiusura sar\u00e0 tutta nell\u2019atmosfera natalizia con l\u2019Ave Maria di Gounod, la Ninna nanna di Ges\u00f9 Bambino di Sinigaglia, Wiegenlied, Ninna nanna di Brahms, Stille Nacht di Gruber e White Christmas di Berlin. Foto: AGORDO \u2013 I tre fratelli Bosio di origini agordine: Nausicaa (pianoforte), Niccol\u00f2 (fisarmonica) e Ombretta (mezzosoprano).<\/p>\n<p>&nbsp;<\/p>\n<p>&nbsp;<\/p>\n<p>&nbsp;<\/p>\n<hr \/>\n<p>&nbsp;<\/p>\n","protected":false},"excerpt":{"rendered":"<p>AGORDO Si chiude con un significativo evento l\u2019intensa stagione 2022 del Circolo culturale agordino, presieduto da Lionella Tonet. Se quest\u2019anno, per cause di forza maggiore (cambio della direzione) il Coro Agordo ha dovuto rimandare il tradizionale Concerto di S.Stefano in Arcidiconale, sar\u00e0 la sala don Tamis ad ospitare un inedito Concerto di Natale promosso dal&hellip;<\/p>\n","protected":false},"author":4,"featured_media":312531,"comment_status":"closed","ping_status":"closed","sticky":false,"template":"","format":"standard","meta":{"_monsterinsights_skip_tracking":false,"_monsterinsights_sitenote_active":false,"_monsterinsights_sitenote_note":"","_monsterinsights_sitenote_category":0,"footnotes":""},"categories":[104,49],"tags":[],"class_list":["post-312532","post","type-post","status-publish","format-standard","has-post-thumbnail","hentry","category-evidenza_3","category-news-18","category-104","category-49","description-off"],"img_url":"https:\/\/www.radiopiu.net\/wordpress\/wp-content\/uploads\/2022\/12\/AGORDO-I-tre-fratelli-Bosio.jpg","_links":{"self":[{"href":"https:\/\/www.radiopiu.net\/wordpress\/wp-json\/wp\/v2\/posts\/312532","targetHints":{"allow":["GET"]}}],"collection":[{"href":"https:\/\/www.radiopiu.net\/wordpress\/wp-json\/wp\/v2\/posts"}],"about":[{"href":"https:\/\/www.radiopiu.net\/wordpress\/wp-json\/wp\/v2\/types\/post"}],"author":[{"embeddable":true,"href":"https:\/\/www.radiopiu.net\/wordpress\/wp-json\/wp\/v2\/users\/4"}],"replies":[{"embeddable":true,"href":"https:\/\/www.radiopiu.net\/wordpress\/wp-json\/wp\/v2\/comments?post=312532"}],"version-history":[{"count":0,"href":"https:\/\/www.radiopiu.net\/wordpress\/wp-json\/wp\/v2\/posts\/312532\/revisions"}],"wp:featuredmedia":[{"embeddable":true,"href":"https:\/\/www.radiopiu.net\/wordpress\/wp-json\/wp\/v2\/media\/312531"}],"wp:attachment":[{"href":"https:\/\/www.radiopiu.net\/wordpress\/wp-json\/wp\/v2\/media?parent=312532"}],"wp:term":[{"taxonomy":"category","embeddable":true,"href":"https:\/\/www.radiopiu.net\/wordpress\/wp-json\/wp\/v2\/categories?post=312532"},{"taxonomy":"post_tag","embeddable":true,"href":"https:\/\/www.radiopiu.net\/wordpress\/wp-json\/wp\/v2\/tags?post=312532"}],"curies":[{"name":"wp","href":"https:\/\/api.w.org\/{rel}","templated":true}]}}