{"id":312589,"date":"2022-12-21T05:18:55","date_gmt":"2022-12-21T04:18:55","guid":{"rendered":"https:\/\/www.radiopiu.net\/wordpress\/?p=312589"},"modified":"2022-12-21T09:16:49","modified_gmt":"2022-12-21T08:16:49","slug":"giornale-radiopiu-21-dicembre-2022-direttore-mirko-mezzacasa","status":"publish","type":"post","link":"https:\/\/www.radiopiu.net\/wordpress\/giornale-radiopiu-21-dicembre-2022-direttore-mirko-mezzacasa\/","title":{"rendered":"GIORNALE RADIOPIU 21 DICEMBRE 2022 DIRETTORE MIRKO MEZZACASA"},"content":{"rendered":"<h3 class=\"kvgmc6g5 cxmmr5t8 oygrvhab hcukyx3x c1et5uql\"><span style=\"color: #0000ff;\"><strong>RADIO PIU INFORMAZIONE il canale su TELEGRAM informazione di prima\u00a0 <\/strong><strong>mano e in tempo reale. iscriviti ed aiutaci a farlo conoscere\u00a0 \u00a0<\/strong><\/span><\/h3>\n<div class=\"page-title-head hgroup\">\n<blockquote>\n<h1 class=\"entry-title\">ZONA DI CONFINE, ABBONATA AL TERREMOTO<\/h1>\n<\/blockquote>\n<\/div>\n<div class=\"page-title-breadcrumbs\">\n<p><strong>UDINE<\/strong> A poche ore dalla precedente scossa di terremoto (ieri a Claut, 2,9 gradi della scala richter) un altro episodio in terra friulana alle porte del bellunese. La terra ha tremato nel pomeriggio di ieri alle 15.01 a Forni di Sotto, magnitudo 1,5 (appena percettibile) alla profondit\u00e0 di 7 chilometri.<br \/>\nA Claut altra scossa di terremoto alle 2.29 di questa notte, sempre a 7 chilometri di profondit\u00e0, 1,1 gradi della scala Richter<\/p>\n<p><a class=\"dt-pswp-item\" href=\"https:\/\/www.radiopiu.net\/wordpress\/wp-content\/uploads\/2022\/12\/Senza-nome-97.jpg\" data-dt-img-description=\"\" data-large_image_width=\"385\" data-large_image_height=\"327\"><img loading=\"lazy\" decoding=\"async\" class=\"alignnone size-medium wp-image-312716\" src=\"https:\/\/www.radiopiu.net\/wordpress\/wp-content\/uploads\/2022\/12\/Senza-nome-97-300x255.jpg\" alt=\"\" width=\"300\" height=\"255\" srcset=\"https:\/\/www.radiopiu.net\/wordpress\/wp-content\/uploads\/2022\/12\/Senza-nome-97-300x255.jpg 300w, https:\/\/www.radiopiu.net\/wordpress\/wp-content\/uploads\/2022\/12\/Senza-nome-97.jpg 385w\" sizes=\"auto, (max-width: 300px) 100vw, 300px\" \/><\/a><\/p>\n<\/div>\n<p>&nbsp;<\/p>\n<h3 class=\"kvgmc6g5 cxmmr5t8 oygrvhab hcukyx3x c1et5uql\"><span style=\"color: #0000ff;\"><strong><a class=\"dt-pswp-item\" href=\"https:\/\/www.radiopiu.net\/wordpress\/wp-content\/uploads\/2022\/12\/8ebb8f97-9782-449b-bb8f-a14f00edf4e0-1.jpg\" data-dt-img-description=\"\" data-large_image_width=\"1084\" data-large_image_height=\"1084\"><img loading=\"lazy\" decoding=\"async\" class=\"size-medium wp-image-312700 alignleft\" src=\"https:\/\/www.radiopiu.net\/wordpress\/wp-content\/uploads\/2022\/12\/8ebb8f97-9782-449b-bb8f-a14f00edf4e0-1-300x300.jpg\" alt=\"\" width=\"300\" height=\"300\" srcset=\"https:\/\/www.radiopiu.net\/wordpress\/wp-content\/uploads\/2022\/12\/8ebb8f97-9782-449b-bb8f-a14f00edf4e0-1-300x300.jpg 300w, https:\/\/www.radiopiu.net\/wordpress\/wp-content\/uploads\/2022\/12\/8ebb8f97-9782-449b-bb8f-a14f00edf4e0-1-1024x1024.jpg 1024w, https:\/\/www.radiopiu.net\/wordpress\/wp-content\/uploads\/2022\/12\/8ebb8f97-9782-449b-bb8f-a14f00edf4e0-1-150x150.jpg 150w, https:\/\/www.radiopiu.net\/wordpress\/wp-content\/uploads\/2022\/12\/8ebb8f97-9782-449b-bb8f-a14f00edf4e0-1-768x768.jpg 768w, https:\/\/www.radiopiu.net\/wordpress\/wp-content\/uploads\/2022\/12\/8ebb8f97-9782-449b-bb8f-a14f00edf4e0-1.jpg 1084w\" sizes=\"auto, (max-width: 300px) 100vw, 300px\" \/><\/a><\/strong><\/span><\/h3>\n<blockquote>\n<h3><\/h3>\n<h3><\/h3>\n<h3>con gli auguri di Buon Natale a chi ci ascolta e ci legge dall&#8217;Argentina Campione del Mondo, il nostro abbraccio a Pieraldo Vignazia &#8220;vip&#8221;<\/h3>\n<\/blockquote>\n<p>&nbsp;<\/p>\n<p>&nbsp;<\/p>\n<h2><span style=\"color: #ff0000;\">ISCRIVITI AL NOSTRO CANALE YOUTUBE PER SEGUIRE IN DIRETTA I PRINCIPALI PROGRAMMI DI RADIO PIU&#8217; E LE FUTURE DIRETTE IN ESTERNA. PER ISCRIVERTI <a style=\"color: #ff0000;\" href=\"https:\/\/youtube.com\/@radiopiu1527\">CLICCA QUI<\/a> E PREMI IL TASTO &#8220;Iscriviti&#8221;\u00a0<\/span><\/h2>\n<p>&nbsp;<\/p>\n<blockquote>\n<h3>QUANDO MARIO DE MARCO&#8230; ALZA GLI OCCHI VERSO IL CIELO<\/h3>\n<\/blockquote>\n<blockquote>\n<h3><em>Guardando in alto.. Passaggio di aerei sui nostri cieli.. Sorvolando la Moiazza<\/em><\/h3>\n<\/blockquote>\n\n\t\t\t<style type='text\/css'>\n\t\t\t\t#gallery-1 {\n\t\t\t\t\tmargin: auto;\n\t\t\t\t}\n\t\t\t\t#gallery-1 .gallery-item {\n\t\t\t\t\tfloat: left;\n\t\t\t\t\tmargin-top: 10px;\n\t\t\t\t\ttext-align: center;\n\t\t\t\t\twidth: 25%;\n\t\t\t\t}\n\t\t\t\t#gallery-1 img {\n\t\t\t\t\tborder: 2px solid #cfcfcf;\n\t\t\t\t}\n\t\t\t\t#gallery-1 .gallery-caption {\n\t\t\t\t\tmargin-left: 0;\n\t\t\t\t}\n\t\t\t\t\/* see gallery_shortcode() in wp-includes\/media.php *\/\n\t\t\t<\/style>\n\t\t<div id='gallery-1' class='dt-gallery-container gallery galleryid-312589 gallery-columns-4 gallery-size-thumbnail'><dl class='gallery-item'>\n\t\t\t\t<dt class='gallery-icon landscape'>\n\t\t\t\t\t<a class=\"rollover rollover-zoom dt-pswp-item\" title=\"6b80c6a5-eb64-4c4f-b0af-73ec0cd6bb71\" data-dt-img-description=\"\" data-large_image_width=\"1600\" data-large_image_height=\"1068\"href='https:\/\/www.radiopiu.net\/wordpress\/wp-content\/uploads\/2022\/12\/6b80c6a5-eb64-4c4f-b0af-73ec0cd6bb71.jpg'><img loading=\"lazy\" decoding=\"async\" width=\"150\" height=\"150\" src=\"https:\/\/www.radiopiu.net\/wordpress\/wp-content\/uploads\/2022\/12\/6b80c6a5-eb64-4c4f-b0af-73ec0cd6bb71-150x150.jpg\" class=\"attachment-thumbnail size-thumbnail\" alt=\"\" \/><\/a>\n\t\t\t\t<\/dt><\/dl><dl class='gallery-item'>\n\t\t\t\t<dt class='gallery-icon landscape'>\n\t\t\t\t\t<a class=\"rollover rollover-zoom dt-pswp-item\" title=\"e9a8014e-d10e-45d5-bb26-63badb525682\" data-dt-img-description=\"\" data-large_image_width=\"1600\" data-large_image_height=\"832\"href='https:\/\/www.radiopiu.net\/wordpress\/wp-content\/uploads\/2022\/12\/e9a8014e-d10e-45d5-bb26-63badb525682.jpg'><img loading=\"lazy\" decoding=\"async\" width=\"150\" height=\"150\" src=\"https:\/\/www.radiopiu.net\/wordpress\/wp-content\/uploads\/2022\/12\/e9a8014e-d10e-45d5-bb26-63badb525682-150x150.jpg\" class=\"attachment-thumbnail size-thumbnail\" alt=\"\" \/><\/a>\n\t\t\t\t<\/dt><\/dl><dl class='gallery-item'>\n\t\t\t\t<dt class='gallery-icon landscape'>\n\t\t\t\t\t<a class=\"rollover rollover-zoom dt-pswp-item\" title=\"c4d4698f-0286-4bcf-9a03-449829e542a3\" data-dt-img-description=\"\" data-large_image_width=\"1290\" data-large_image_height=\"627\"href='https:\/\/www.radiopiu.net\/wordpress\/wp-content\/uploads\/2022\/12\/c4d4698f-0286-4bcf-9a03-449829e542a3.jpg'><img loading=\"lazy\" decoding=\"async\" width=\"150\" height=\"150\" src=\"https:\/\/www.radiopiu.net\/wordpress\/wp-content\/uploads\/2022\/12\/c4d4698f-0286-4bcf-9a03-449829e542a3-150x150.jpg\" class=\"attachment-thumbnail size-thumbnail\" alt=\"\" \/><\/a>\n\t\t\t\t<\/dt><\/dl><dl class='gallery-item'>\n\t\t\t\t<dt class='gallery-icon landscape'>\n\t\t\t\t\t<a class=\"rollover rollover-zoom dt-pswp-item\" title=\"cc8e432e-fff0-4f77-be2d-9946b76e0cf9\" data-dt-img-description=\"\" data-large_image_width=\"1600\" data-large_image_height=\"967\"href='https:\/\/www.radiopiu.net\/wordpress\/wp-content\/uploads\/2022\/12\/cc8e432e-fff0-4f77-be2d-9946b76e0cf9.jpg'><img loading=\"lazy\" decoding=\"async\" width=\"150\" height=\"150\" src=\"https:\/\/www.radiopiu.net\/wordpress\/wp-content\/uploads\/2022\/12\/cc8e432e-fff0-4f77-be2d-9946b76e0cf9-150x150.jpg\" class=\"attachment-thumbnail size-thumbnail\" alt=\"\" \/><\/a>\n\t\t\t\t<\/dt><\/dl><br style=\"clear: both\" \/>\n\t\t\t<\/div>\n\n<p>&nbsp;<\/p>\n<p>&nbsp;<\/p>\n<blockquote><p>&nbsp;<\/p>\n<p>&nbsp;<\/p><\/blockquote>\n<hr \/>\n<p>&nbsp;<\/p>\n<blockquote>\n<blockquote>\n<h3>ANCORA ATTI VANDALICI AL CAMPO SPORTIVO DI TAIBON<\/h3>\n<\/blockquote>\n<p><strong><a class=\"dt-pswp-item\" href=\"https:\/\/www.radiopiu.net\/wordpress\/wp-content\/uploads\/2022\/12\/La-scatola-bruciata.jpg\" data-dt-img-description=\"\" data-large_image_width=\"1488\" data-large_image_height=\"1984\"><img loading=\"lazy\" decoding=\"async\" class=\" wp-image-312586 alignleft\" src=\"https:\/\/www.radiopiu.net\/wordpress\/wp-content\/uploads\/2022\/12\/La-scatola-bruciata-225x300.jpg\" alt=\"\" width=\"125\" height=\"167\" srcset=\"https:\/\/www.radiopiu.net\/wordpress\/wp-content\/uploads\/2022\/12\/La-scatola-bruciata-225x300.jpg 225w, https:\/\/www.radiopiu.net\/wordpress\/wp-content\/uploads\/2022\/12\/La-scatola-bruciata-768x1024.jpg 768w, https:\/\/www.radiopiu.net\/wordpress\/wp-content\/uploads\/2022\/12\/La-scatola-bruciata-1152x1536.jpg 1152w, https:\/\/www.radiopiu.net\/wordpress\/wp-content\/uploads\/2022\/12\/La-scatola-bruciata.jpg 1488w\" sizes=\"auto, (max-width: 125px) 100vw, 125px\" \/><\/a>TAIBON<\/strong> Dopo i danneggiamenti della scorsa primavera, i vandali sono tornati a far visita al campo sportivo di Taibon. Questa volta \u00e8 stata presa di mira la scatola contenitore del SUEM 118, necessaria per l&#8217;utilizzo del campo sportivo come eliporto in caso di emergenza. A terra numerosi resti di petardi probabilmente utilizzati per bruciare la scatola. Un gesto vandalico che prende di mira il bene pubblico per aver preso di mira un apparecchio necessario e che potrebbe compromettere un servizio a tutela della salute e della sicurezza di tutti noi e dei tanti che frequentano la montagna sia per sport che per lavoro. Da tempo il Gruppo Sportivo Taibon chiede che venga rafforzata la videosorveglianza agli impianti sportivi con strumenti pi\u00f9 performanti che consentano di individuare e riconoscere i responsabili di questi atti vandalici. Ormai sono troppi gli episodi ed \u00e8 tempo che questo sciacallaggio del bene pubblico cessi e che i responsabili rispondano dei lorio gesti inconsulti.<\/p>\n<p>&nbsp;<\/p>\n<p>&nbsp;<\/p>\n<hr \/>\n<p>&nbsp;<\/p>\n<h3><a class=\"dt-pswp-item\" href=\"https:\/\/www.radiopiu.net\/wordpress\/wp-content\/uploads\/2022\/12\/f6afea4f-b03b-4e52-9802-6f486a0f3204.jpg\" data-dt-img-description=\"\" data-large_image_width=\"1280\" data-large_image_height=\"960\"><img loading=\"lazy\" decoding=\"async\" class=\" wp-image-312719 alignleft\" src=\"https:\/\/www.radiopiu.net\/wordpress\/wp-content\/uploads\/2022\/12\/f6afea4f-b03b-4e52-9802-6f486a0f3204-300x225.jpg\" alt=\"\" width=\"223\" height=\"167\" srcset=\"https:\/\/www.radiopiu.net\/wordpress\/wp-content\/uploads\/2022\/12\/f6afea4f-b03b-4e52-9802-6f486a0f3204-300x225.jpg 300w, https:\/\/www.radiopiu.net\/wordpress\/wp-content\/uploads\/2022\/12\/f6afea4f-b03b-4e52-9802-6f486a0f3204-1024x768.jpg 1024w, https:\/\/www.radiopiu.net\/wordpress\/wp-content\/uploads\/2022\/12\/f6afea4f-b03b-4e52-9802-6f486a0f3204-768x576.jpg 768w, https:\/\/www.radiopiu.net\/wordpress\/wp-content\/uploads\/2022\/12\/f6afea4f-b03b-4e52-9802-6f486a0f3204.jpg 1280w\" sizes=\"auto, (max-width: 223px) 100vw, 223px\" \/><\/a>SCONTRO TRA TRE AUTO ALL&#8217;EMISFERO<\/h3>\n<p><strong>BELLUNO<\/strong> Nessun ferito, ma strada a lungo bloccata ieri sera prima delle 20. L&#8217;incidente a tre lungo la statale 50 tra Ponte nelle Alpi e Belluno. Coinvolte un&#8217;Audi, una Mazda e una Fiat Cinquecento. Code lunghissime su un tratto di strada gi\u00e0 molto frequentato come ampiamente documentato in tempo reale dalla chat su Telegram &#8220;Viabilit\u00e0 Provincia di Belluno e nei notiziari di RADIOPIU&#8221;.<\/p>\n<div class=\"testoArticolo\"><\/div>\n<div><\/div>\n<div><\/div>\n<p>&nbsp;<\/p><\/blockquote>\n<hr \/>\n<p>&nbsp;<\/p>\n<p>&nbsp;<\/p>\n<div class=\"page-title-head hgroup\">\n<blockquote>\n<h3 class=\"entry-title\">POMPIERI IN CASA DELL\u2019ANZIANO, A TERRA INCAPACE DI RISOLLEVARSI DA SOLO<\/h3>\n<\/blockquote>\n<\/div>\n<div class=\"page-title-breadcrumbs\">\n<p><strong><img loading=\"lazy\" decoding=\"async\" class=\"alignleft\" src=\"https:\/\/www.radiopiu.net\/wordpress\/wp-content\/uploads\/2021\/03\/th-22.jpg\" width=\"164\" height=\"82\" \/>CENCENIGHE<\/strong> Nel pomeriggio, verso le 14.30 i vigili del fuoco di Agordo sono stati allertati, il loro intervento \u00e8 stato richiesto per soccorrere una persona anziana che non rispondeva alle chiamate dei vicini. I pompieri sono saliti in via Isidoro Soppelsa a Cencenighe\u00a0 e una volta aperta l&#8217;abitazione, forzando l&#8217;ingresso, hanno ritrovato l&#8217;anziano riverso a terra. E&#8217; stato trasportato in ospedale, al Pronto Soccorso, ma solo per accertamenti. Fortunatamente nessuna conseguenza grave.<\/p>\n<p>&nbsp;<\/p>\n<\/div>\n<p>&nbsp;<\/p>\n<hr \/>\n<blockquote>\n<h3><\/h3>\n<h3>DILLO A RADIO PIU&#8217;&#8230;L&#8217;ORARIO DELL&#8217;UFFICIO POSTALE DI AGORDO<\/h3>\n<\/blockquote>\n<p><strong><a class=\"dt-pswp-item\" href=\"https:\/\/www.radiopiu.net\/wordpress\/wp-content\/uploads\/2022\/12\/Schermata-2022-12-20-alle-11.40.27.png\" data-dt-img-description=\"\" data-large_image_width=\"2066\" data-large_image_height=\"1310\"><img loading=\"lazy\" decoding=\"async\" class=\"size-medium wp-image-312611 alignleft\" src=\"https:\/\/www.radiopiu.net\/wordpress\/wp-content\/uploads\/2022\/12\/Schermata-2022-12-20-alle-11.40.27-300x190.png\" alt=\"\" width=\"300\" height=\"190\" srcset=\"https:\/\/www.radiopiu.net\/wordpress\/wp-content\/uploads\/2022\/12\/Schermata-2022-12-20-alle-11.40.27-300x190.png 300w, https:\/\/www.radiopiu.net\/wordpress\/wp-content\/uploads\/2022\/12\/Schermata-2022-12-20-alle-11.40.27-1024x649.png 1024w, https:\/\/www.radiopiu.net\/wordpress\/wp-content\/uploads\/2022\/12\/Schermata-2022-12-20-alle-11.40.27-768x487.png 768w, https:\/\/www.radiopiu.net\/wordpress\/wp-content\/uploads\/2022\/12\/Schermata-2022-12-20-alle-11.40.27-1536x974.png 1536w, https:\/\/www.radiopiu.net\/wordpress\/wp-content\/uploads\/2022\/12\/Schermata-2022-12-20-alle-11.40.27-2048x1299.png 2048w\" sizes=\"auto, (max-width: 300px) 100vw, 300px\" \/><\/a>REDAZIONE<\/strong> Riceviamo e volentieri pubblichiamo una lettera arrivata in redazione riguardo gli orari dell&#8217;ufficio postale di Agordo.<\/p>\n<blockquote><p><em>Mi chiedo sommessamente se Poste Italiane si \u00e8 resa conto che l&#8217;emergenza covid \u00e8 finita e in particolare me lo chiedo per l&#8217;ufficio postale di Agordo che non ha ancora ripristinato gli orari precedenti alla pandemia. Certo potrei pensare che fa comodo a tutti non lavorare il pomeriggio ma essendo un servizio pubblico bisogna pensare anche ai comodi degli utenti soprattutto se lavoratori, i quali non \u00e8 giusto debbano prendersi dei permessi di lavoro per poter usufruire del servizio postale e soprattutto sorbendosi ad alcuni orari code inenarrabili! Sarebbe bello, magari come regalo di Natale, che Poste Italiane si rendesse conto di ci\u00f2 e del disservizio correlato e rendesse la vita pi\u00f9 semplice agli agordini del Capoluogo<\/em><\/p>\n<p>Lettera firmata<\/p><\/blockquote>\n<p>&nbsp;<\/p>\n<hr \/>\n<p>&nbsp;<\/p>\n<blockquote>\n<h3><a class=\"dt-pswp-item\" href=\"https:\/\/www.radiopiu.net\/wordpress\/wp-content\/uploads\/2022\/12\/Senza-nome-99.jpg\" data-dt-img-description=\"\" data-large_image_width=\"318\" data-large_image_height=\"163\"><img loading=\"lazy\" decoding=\"async\" class=\"size-medium wp-image-312722 alignleft\" src=\"https:\/\/www.radiopiu.net\/wordpress\/wp-content\/uploads\/2022\/12\/Senza-nome-99-300x154.jpg\" alt=\"\" width=\"300\" height=\"154\" srcset=\"https:\/\/www.radiopiu.net\/wordpress\/wp-content\/uploads\/2022\/12\/Senza-nome-99-300x154.jpg 300w, https:\/\/www.radiopiu.net\/wordpress\/wp-content\/uploads\/2022\/12\/Senza-nome-99.jpg 318w\" sizes=\"auto, (max-width: 300px) 100vw, 300px\" \/><\/a>CANCELLATA LA ZTL NOTTURNA IN CENTRO STORICO<br \/>\n<strong>\u00a0<\/strong><\/h3>\n<\/blockquote>\n<p><strong>FELTRE<\/strong>\u00a0 L&#8217;amministrazione comunale innesta la retromarcia e cancella\u00a0 la Zona a Traffico Limitato notturna in centro storico. Il progetto predisposto dalla precedente amministrazione di centrosinistra viene accantonato dalla nuova giunta di centrodestra ancora prima di entrare in vigore, con le telecamere per il controllo delle targhe che resteranno spente.\u00a0 L&#8217;ex sindaco Perenzin e l&#8217;ex assessore alla mobilit\u00e0 Valter Bonan volevano lasciare maggiori spazi di parcheggio per i residenti e ridurre l&#8217;impatto del traffico veicolare mentre il centrodestra, allora all&#8217;opposizione, aveva manifestato le sue perplessit\u00e0. La Ztl, mai partita,\u00a0 non viene attivata<\/p>\n<p>&nbsp;<\/p>\n<hr \/>\n<blockquote>\n<h3><\/h3>\n<h3>ACCORDO PER POTENZIARE LA SANITA\u2019 IN MONTAGNA. SINERGIA TRA REGIONE UNIPD E ULSS DOLOMITI<\/h3>\n<\/blockquote>\n<p><strong><a class=\"dt-pswp-item\" href=\"https:\/\/www.radiopiu.net\/wordpress\/wp-content\/uploads\/2020\/10\/Medicina_generale.jpg\" data-dt-img-description=\"\" data-large_image_width=\"1284\" data-large_image_height=\"851\"><img loading=\"lazy\" decoding=\"async\" class=\"size-medium wp-image-168272 alignleft\" src=\"https:\/\/www.radiopiu.net\/wordpress\/wp-content\/uploads\/2020\/10\/Medicina_generale-300x199.jpg\" alt=\"\" width=\"300\" height=\"199\" srcset=\"https:\/\/www.radiopiu.net\/wordpress\/wp-content\/uploads\/2020\/10\/Medicina_generale-300x199.jpg 300w, https:\/\/www.radiopiu.net\/wordpress\/wp-content\/uploads\/2020\/10\/Medicina_generale-1024x679.jpg 1024w, https:\/\/www.radiopiu.net\/wordpress\/wp-content\/uploads\/2020\/10\/Medicina_generale-768x509.jpg 768w, https:\/\/www.radiopiu.net\/wordpress\/wp-content\/uploads\/2020\/10\/Medicina_generale.jpg 1284w\" sizes=\"auto, (max-width: 300px) 100vw, 300px\" \/><\/a>VENEZIA <\/strong>L\u2019Ulss Dolomiti e l\u2019Universit\u00e0 di Padova hanno siglato un importante protocollo, unico nel suo genere, per rafforzare la collaborazione nell\u2019ambito della formazione sanitaria tra le Dolomiti, per lo sviluppo della salute in montagna. Il protocollo impegna l\u2019Universit\u00e0 ad aumentare il numero dei medici in formazione specialistica che completeranno il percorso di studi nelle Dolomiti, e l\u2019Azienda sanitaria ad offrire loro supporto logistico attraverso la messa a disposizione di una soluzione abitativa.\u00a0 L\u2019Universit\u00e0 degli Studi di Padova si impegna ad ampliare il numero di medici specializzandi presenti sul territorio per le discipline di cui \u00e8 stato rilevato il maggiore fabbisogno di specialisti, predisponendo piani formativi che includano la frequenza delle strutture sanitarie del territorio dell\u2019Azienda; ad incentivare, in presenza di specifiche competenze, il coinvolgimento dei professionisti sanitari del territorio ULSS1 affinch\u00e9 partecipino alle procedure per l\u2019affidamento di incarichi di docenza nei Master e nei Corsi di perfezionamento, con particolare riguardo a quelli che trattano tematiche legate all\u2019ambiente montano; a garantire un posto riservato all\u2019anno per l\u2019iscrizione al Corso di Perfezionamento in Medicina di Montagna, per i Medici ed il personale infermieristico dipendente dell\u2019ULSS 1 Dolomiti e a sviluppare il progetto \u201cMontagna e salute\u201d, anche in vista delle Olimpiadi.<\/p>\n<p>&nbsp;<\/p>\n<p>&nbsp;<\/p>\n<p>&nbsp;<\/p>\n<hr \/>\n<p>&nbsp;<\/p>\n<blockquote>\n<h3>CARO GASOLIO E CARENZA DI MANODOPERA, I PROBLEMI DEL SETTORE ALL&#8217;ASSEMBLEA DI CONFARTIGIANATO TRASPORTI<\/h3>\n<\/blockquote>\n<p><strong>BELLUNO<\/strong> Il settore dell\u2019autotrasporto deve fare i conti con criticit\u00e0 note da tempo, come la carenza di manodopera, e con problemi di natura recente, come il caro-carburante. L\u2019assemblea di Confartigianato Trasporti ha apprezzato gli sforzi profusi dal Governo nella legge di bilancio, ma ha rilanciato con la richiesta di una gestione strutturale ed europea del problema dei rincari del carburante.<\/p>\n<p>&nbsp;<\/p>\n<p>&nbsp;<\/p>\n<hr \/>\n<h2><\/h2>\n<h2><strong><a class=\"dt-pswp-item\" href=\"https:\/\/www.radiopiu.net\/wordpress\/wp-content\/uploads\/2021\/06\/piscina_agordo.jpg\" data-dt-img-description=\"\" data-large_image_width=\"2447\" data-large_image_height=\"1634\"><img loading=\"lazy\" decoding=\"async\" class=\" wp-image-213759 alignleft\" src=\"https:\/\/www.radiopiu.net\/wordpress\/wp-content\/uploads\/2021\/06\/piscina_agordo-300x200.jpg\" alt=\"\" width=\"180\" height=\"120\" srcset=\"https:\/\/www.radiopiu.net\/wordpress\/wp-content\/uploads\/2021\/06\/piscina_agordo-300x200.jpg 300w, https:\/\/www.radiopiu.net\/wordpress\/wp-content\/uploads\/2021\/06\/piscina_agordo-1024x684.jpg 1024w, https:\/\/www.radiopiu.net\/wordpress\/wp-content\/uploads\/2021\/06\/piscina_agordo-768x513.jpg 768w, https:\/\/www.radiopiu.net\/wordpress\/wp-content\/uploads\/2021\/06\/piscina_agordo-1536x1026.jpg 1536w, https:\/\/www.radiopiu.net\/wordpress\/wp-content\/uploads\/2021\/06\/piscina_agordo-2048x1368.jpg 2048w\" sizes=\"auto, (max-width: 180px) 100vw, 180px\" \/><\/a><\/strong><span style=\"color: #3366ff;\">SPECIALE PISCINA DI AGORDO<\/span><\/h2>\n<p><strong>di Mirko Mezzacasa<\/strong><\/p>\n<p>OSPITI: Giorgio De Nardin e Roberto Broglio<\/p>\n<audio class=\"wp-audio-shortcode\" id=\"audio-312589-1\" preload=\"none\" style=\"width: 100%;\" controls=\"controls\"><source type=\"audio\/mpeg\" src=\"https:\/\/www.radiopiu.net\/wordpress\/wp-content\/uploads\/2022\/12\/SPECIALE-PISCINA-AGORDO.mp3?_=1\" \/><a href=\"https:\/\/www.radiopiu.net\/wordpress\/wp-content\/uploads\/2022\/12\/SPECIALE-PISCINA-AGORDO.mp3\">https:\/\/www.radiopiu.net\/wordpress\/wp-content\/uploads\/2022\/12\/SPECIALE-PISCINA-AGORDO.mp3<\/a><\/audio>\n<p>&nbsp;<\/p>\n<hr \/>\n<p>&nbsp;<\/p>\n<blockquote>\n<h3>AFFIDATI I LAVORI PER IL CANTIERE ALLA VALERIANO DI CASTION<\/h3>\n<\/blockquote>\n<p><strong>BELLUNO<\/strong>\u00a0 E<a class=\"dt-pswp-item\" href=\"https:\/\/www.radiopiu.net\/wordpress\/wp-content\/uploads\/2022\/12\/Senza-nome-95.jpg\" data-dt-img-description=\"\" data-large_image_width=\"522\" data-large_image_height=\"390\"><img loading=\"lazy\" decoding=\"async\" class=\" wp-image-312656 alignleft\" src=\"https:\/\/www.radiopiu.net\/wordpress\/wp-content\/uploads\/2022\/12\/Senza-nome-95-300x224.jpg\" alt=\"\" width=\"200\" height=\"149\" srcset=\"https:\/\/www.radiopiu.net\/wordpress\/wp-content\/uploads\/2022\/12\/Senza-nome-95-300x224.jpg 300w, https:\/\/www.radiopiu.net\/wordpress\/wp-content\/uploads\/2022\/12\/Senza-nome-95.jpg 522w\" sizes=\"auto, (max-width: 200px) 100vw, 200px\" \/><\/a>ntro gennaio\u00a0 apre il cantiere. Le operazioni\u00a0 si concluderanno nel corso dell\u2019estate, in tempo per allestire gli spazi e permettere agli studenti ora ospitati alle Gabelli del Parco Citt\u00e0 di Bologna, di tornare nella loro scuola con il suono della campanella a settembre 2023.\u00a0 In giunta \u00e8 stato approvato l\u2019accordo transativo presentato dall\u2019Impresa appaltratrice e relativo ai maggiori costi sostenuti in corso d\u2019opera. I lavori di efficientamento energetico coinvolgeranno tutta la struttura e consisteranno nella coibentazione interna, nel rifacimento del tetto con installazione finale di un impianto fotovoltaico, nel rifacimento dei servizi igienici e nella sostituzione dell\u2019impianto di illuminazione.<\/p>\n<p><strong>L&#8217;ASSESSORE FRANCO ROCCON<\/strong><\/p>\n<audio class=\"wp-audio-shortcode\" id=\"audio-312589-2\" preload=\"none\" style=\"width: 100%;\" controls=\"controls\"><source type=\"audio\/mpeg\" src=\"https:\/\/www.radiopiu.net\/wordpress\/wp-content\/uploads\/2022\/12\/Assessore-Roccon-su-primaria-Valeriano.m4a?_=2\" \/><a href=\"https:\/\/www.radiopiu.net\/wordpress\/wp-content\/uploads\/2022\/12\/Assessore-Roccon-su-primaria-Valeriano.m4a\">https:\/\/www.radiopiu.net\/wordpress\/wp-content\/uploads\/2022\/12\/Assessore-Roccon-su-primaria-Valeriano.m4a<\/a><\/audio>\n<p>&nbsp;<\/p>\n<hr \/>\n<p>&nbsp;<\/p>\n<blockquote>\n<h2>Accordo per i dipendenti della casa di riposo di Agordo, fino a 1.300 euro di welfare<\/h2>\n<\/blockquote>\n<p><strong><img loading=\"lazy\" decoding=\"async\" class=\"alignleft\" src=\"https:\/\/www.radiopiu.net\/wordpress\/wp-content\/uploads\/2022\/01\/6441593_15212809_asca.jpg\" width=\"390\" height=\"214\" \/>AGORDO<\/strong> <span style=\"color: #000000; font-family: Helvetica;\">Un sistema di welfare aziendale ormai consolidato con forme premiali per tutto il personale, potenziamento dei benefit economici del personale infermieristico con inquadramento contrattuale ad un livello superiore per contrastare l\u2019emigrazione di queste figure verso il servizio sanitario nazionale, stipendi del personale socio sanitario equiparato all\u2019ente pubblico. <\/span><span style=\"color: #000000; font-family: Helvetica;\">Gi\u00e0 in passato ASCA, azienda speciale consortile agordina, che gestisce la struttura per anziani non autosufficienti di Agordo e il micronido Girotondo di Cencenighe Agordino, ha profuso notevoli sforzi per valorizzare contrattualmente gli stipendi dei 70 dipendenti equiparandoli all&#8217;ente pubblico, e rendere pi\u00f9 appetibile quindi lavorare in azienda. <\/span><span style=\"color: #000000; font-family: Helvetica;\">In quest\u2019ottica, l&#8217;azienda agordina e le organizzazioni sindacali Cisl Fp e Fisascat, Fp Cgil e Uil Fp di Belluno hanno firmato un importante accordo sul welfare. Si \u00e8 concordata un\u2019erogazione che si aggira attorno a 1.300 euro a dipendente, suddivisa in una parte fissa e una variabile (sulla base della presenza in servizio e la valutazione dell\u2019operativit\u00e0). <\/span><span style=\"color: #000000; font-family: Helvetica;\">Tale cifra verr\u00e0 erogata a scelta in busta paga, oppure tramite una piattaforma specializzata che permette di accedere a un plafond di beni e servizi di welfare come buoni pasto, servizi sanitari, rimborsi di spese di istruzione o di spese per anziani non autosufficienti, gift card, versamenti a casse sanitarie o fondi pensione. <\/span><span style=\"color: #000000; font-family: Helvetica;\">L\u2019accordo sindacale ha dato inoltre l\u2019occasione di confermare e valorizzare i benefit che vengono offerti ai dipendenti ASCA, a partire dagli alloggi messi a disposizione del personale dipendente, il primo in comodato con la Fondazione Scuola Materna mons. Luigi Cappello, il secondo in comodato con il Comune di Taibon Agordino; da citare inoltre il progetto di Smart Working per i dipendenti amministrativi, fino alle dotazioni (smartphone e auto aziendali) e il servizio mensa della Ulss 1 Dolomiti.\u00a0 \u00a0<\/span><span style=\"color: #000000; font-family: Helvetica;\">Per il dipendente che si renda disponibile, inoltre, a prestare servizio passivo notturno, viene erogato un corrispettivo di \u20ac 50,00 lordi a notte per un massimo di 5 notti mensili, potenzialmente pari a 3.000,00 \u20ac annui. <\/span><span style=\"color: #000000; font-family: Helvetica;\">Soddisfazione \u00e8 stata espressa dall\u2019Amministratore Unico di ASCA dottoressa Mariachiara Santin e dalle Organizzazioni Sindacali. <\/span><span style=\"color: #000000; font-family: Helvetica;\">\u201cIn un contesto socio-economico complesso &#8211; affermano Andrea Fiocco della Fp Cgil, Mario De Boni e Leone Zingales della Cisl Fp, Rusnac Iancu della Fisascat Cisl e Giuseppina Sorrentino della Uil Fp &#8211; si tratta di un importante accordo che sostiene il potere d\u2019acquisto dei dipendenti e prosegue lungo il percorso della politica di fidelizzazione del personale, tenendo conto della mancanza di profili professionali assistenziali e sanitari che colpisce particolarmente il territorio di Belluno\u201d.<\/span><\/p>\n<p>&nbsp;<\/p>\n<p>&nbsp;<\/p>\n<hr \/>\n<p>&nbsp;<\/p>\n<blockquote>\n<h3>IL CONSIGLIO REGIONALE APPROVA UN ORDINE DEL GIORNO A DIFESA DEL MASSICCIO DEL GRAPPA<\/h3>\n<\/blockquote>\n<p><a class=\"dt-pswp-item\" href=\"https:\/\/www.radiopiu.net\/wordpress\/wp-content\/uploads\/2022\/12\/th-13.jpg\" data-dt-img-description=\"\" data-large_image_width=\"474\" data-large_image_height=\"355\"><img loading=\"lazy\" decoding=\"async\" class=\"wp-image-312652 alignleft\" src=\"https:\/\/www.radiopiu.net\/wordpress\/wp-content\/uploads\/2022\/12\/th-13-300x225.jpg\" alt=\"\" width=\"168\" height=\"126\" srcset=\"https:\/\/www.radiopiu.net\/wordpress\/wp-content\/uploads\/2022\/12\/th-13-300x225.jpg 300w, https:\/\/www.radiopiu.net\/wordpress\/wp-content\/uploads\/2022\/12\/th-13.jpg 474w\" sizes=\"auto, (max-width: 168px) 100vw, 168px\" \/><\/a><br \/>\n<strong>SEREN<\/strong> Un ordine del giorno che lo impegna \u201ca prevedere di assumere ogni iniziativa a sostegno di azioni per la valorizzazione dell\u2019area vasta del Monte Grappa, riconosciuto sito MAB UNESCO, coinvolgendo i soggetti del territorio titolati e riconosciuti\u201d.\u00a0 Passo che fa ben sperare affinch\u00e9 anche queste aree straordinariamente importanti del territorio sul piano naturalistico, storico e culturale, abbiano l\u2019attenzione e le possibilit\u00e0 di sviluppo che meritano.<\/p>\n<p><strong>IL SINDACO DARIO SCOPEL<\/strong><\/p>\n<audio class=\"wp-audio-shortcode\" id=\"audio-312589-3\" preload=\"none\" style=\"width: 100%;\" controls=\"controls\"><source type=\"audio\/mpeg\" src=\"https:\/\/www.radiopiu.net\/wordpress\/wp-content\/uploads\/2022\/12\/scopel.mp3?_=3\" \/><a href=\"https:\/\/www.radiopiu.net\/wordpress\/wp-content\/uploads\/2022\/12\/scopel.mp3\">https:\/\/www.radiopiu.net\/wordpress\/wp-content\/uploads\/2022\/12\/scopel.mp3<\/a><\/audio>\n<p>&nbsp;<\/p>\n<hr \/>\n<p>&nbsp;<\/p>\n<p><span style=\"color: #ff0000;\"><strong>L&#8217;OPINIONE<\/strong><\/span><\/p>\n<blockquote>\n<h3>A PROPOSITO DI TERNA, ELETTRODOTTI E INTERRAMENTO<strong style=\"font-size: 14px;\">\u00a0<\/strong><\/h3>\n<\/blockquote>\n<p><strong>DI GIANNI PASTELLA_VIVAIO DOLOMITI\u00a0<\/strong><\/p>\n<div dir=\"auto\">\n<div dir=\"auto\"><strong>BELLUNO <\/strong><em>&#8220;\u00c8 bello constatare che dopo oltre un decennio si sia compreso che il progetto Terna nel Bellunese non \u00e8 una semplice razionalizzazione della rete, come sempre ribadito dal proponente e sostenuto dalla politica locale. Peccato che per la miopia \u00a0di alcuni amministratori locali si stia ancora concertando un&#8217;opera che poteva essere finita da anni. Un progetto fondamentale per il paese, ma gestito malissimo in fase di concertazione locale. Non \u00e8 vero che il territorio era spaccato, come scrive il presidente della Provincia. I cittadini riunitisi in comitati spontanei per mancanza della politica, da Ponte nelle Alpi a Belluno fino a Limana erano e sono tutti uniti con un medesimo obiettivo. Fare l&#8217;opera in fretta e nel miglior modo possibile. La politica si \u00e8 incartata con un servilismo proprio dei nostri amministratori, incapaci di una visione complessiva. Ben venga il tavolo di confronto provinciale, ma sarebbe opportuna la presenza di un rappresentante per ogni comitato che negli anni si sono sostituiti alle amministrazioni per migliorare l&#8217;opera con competenza \u00a0e seriet\u00e0. Quindi togliendo il mio nome come presidente di Vivaio Dolomiti, in quanto sgradito ai pi\u00f9, invitiamo a portare al tavolo un rappresentate per Ponte nelle Alpi, uno per Levego Andreane, uno per Belluno e uno per Limana. Lo scopo e quello di accelerare l&#8217;opera ma vediamo male una soluzione veloce, visto che le presenze al tavolo sono al 70% le stesse che hanno firmato i protocolli d&#8217;intesa del 2009, che hanno contribuito a bloccare tutto fino ad oggi. <\/em><em>Belluno ha bisogno di infrastrutture, e come Vivaio Dolomiti crediamo che la presenza dei cittadini che hanno seguito dagli inizi questo progetto sia fondamentale per fare subito e soprattutto fare bene&#8221;.<\/em><\/div>\n<div dir=\"auto\"><\/div>\n<\/div>\n<div dir=\"auto\"><\/div>\n<div dir=\"auto\">\n<hr \/>\n<\/div>\n<div dir=\"auto\"><\/div>\n<blockquote>\n<h3 dir=\"auto\">LA PROPOSTA DI CASTELLAVAZZO, UN CORSO PER MURI A SECCO<\/h3>\n<\/blockquote>\n<div dir=\"auto\">\n<p><strong><img loading=\"lazy\" decoding=\"async\" class=\"alignleft\" src=\"https:\/\/www.radiopiu.net\/wordpress\/wp-content\/uploads\/2022\/12\/4c210755-a9e1-4053-a160-a326cc35d6d4.jpg\" width=\"221\" height=\"166\" \/>BELLUNO<\/strong>\u00a0 Un corso per realizzare e recuperare i muri a secco, patrimonio UNESCO: a promuoverlo il CFS di Sedico e l&#8217;associazione Pietre e Scalpellini di Castellavazzo. In queste giornate la conclusione con il laboratorio pratico.<\/p>\n<p><strong>DI DANIELE\u00a0 DALVIT<\/strong><\/p>\n<audio class=\"wp-audio-shortcode\" id=\"audio-312589-4\" preload=\"none\" style=\"width: 100%;\" controls=\"controls\"><source type=\"audio\/mpeg\" src=\"https:\/\/www.radiopiu.net\/wordpress\/wp-content\/uploads\/2022\/12\/dal-vit-muri.mp3?_=4\" \/><a href=\"https:\/\/www.radiopiu.net\/wordpress\/wp-content\/uploads\/2022\/12\/dal-vit-muri.mp3\">https:\/\/www.radiopiu.net\/wordpress\/wp-content\/uploads\/2022\/12\/dal-vit-muri.mp3<\/a><\/audio>\n<p>&nbsp;<\/p>\n<p>&nbsp;<\/p>\n<hr \/>\n<p>&nbsp;<\/p>\n<blockquote>\n<h3>LA COSTITUZIONE AI NEI 18ENNI, &#8211; FOTO E VIDEO RACCONTO &#8211;<\/h3>\n<\/blockquote>\n<p><strong>AGORDO<\/strong> L&#8217;assessore Chiara Fontanive, il sindaco Roberto Chissal\u00e8 e Andreina Costa (responsabile Admo regionale) hanno incontrato i diciottenni di Agordo. Hanno consegnato la Costituzione e l&#8217;invito a riflettere sull&#8217;importanza del dono, quello che pu\u00f2 salvare una vita nel caso dell&#8217;Associazione di Midollo Osseo, che non \u00e8 il midollo spinale, ma sangue e cellule. Lo ha spiegato bene Andreina. Cos\u00ec come Chiara ha ricordato l&#8217;importanza di leggere e conoscere la Costituzione Italiana. Il libro:\u00a0 &#8220;La Costituzione spiegata a mia figlia&#8221; di Giangiulio Ambrosini (Einaudi). \u00abDa questo momento\u00bb, ha spiegato il sindaco ai nuovi maggiorenni, \u00absiete entrati a pieno titolo nella societ\u00e0, assumendo i diritti e i doveri dei cittadini della nostra comunit\u00e0\u00bb.<\/p>\n<p><strong>FOTO<\/strong><\/p>\n\n\t\t\t<style type='text\/css'>\n\t\t\t\t#gallery-2 {\n\t\t\t\t\tmargin: auto;\n\t\t\t\t}\n\t\t\t\t#gallery-2 .gallery-item {\n\t\t\t\t\tfloat: left;\n\t\t\t\t\tmargin-top: 10px;\n\t\t\t\t\ttext-align: center;\n\t\t\t\t\twidth: 20%;\n\t\t\t\t}\n\t\t\t\t#gallery-2 img {\n\t\t\t\t\tborder: 2px solid #cfcfcf;\n\t\t\t\t}\n\t\t\t\t#gallery-2 .gallery-caption {\n\t\t\t\t\tmargin-left: 0;\n\t\t\t\t}\n\t\t\t\t\/* see gallery_shortcode() in wp-includes\/media.php *\/\n\t\t\t<\/style>\n\t\t<div id='gallery-2' class='dt-gallery-container gallery galleryid-312589 gallery-columns-5 gallery-size-thumbnail'><dl class='gallery-item'>\n\t\t\t\t<dt class='gallery-icon portrait'>\n\t\t\t\t\t<a class=\"rollover\" href='https:\/\/www.radiopiu.net\/wordpress\/la-costituzione-ai-nei-18enni-foto-e-video-racconto\/88e0d045-1704-4b5a-9a0e-3c5edee8ccf2\/'><img loading=\"lazy\" decoding=\"async\" width=\"150\" height=\"150\" src=\"https:\/\/www.radiopiu.net\/wordpress\/wp-content\/uploads\/2022\/12\/88e0d045-1704-4b5a-9a0e-3c5edee8ccf2-150x150.jpg\" class=\"attachment-thumbnail size-thumbnail\" alt=\"\" \/><\/a>\n\t\t\t\t<\/dt><\/dl><dl class='gallery-item'>\n\t\t\t\t<dt class='gallery-icon portrait'>\n\t\t\t\t\t<a class=\"rollover\" href='https:\/\/www.radiopiu.net\/wordpress\/la-costituzione-ai-nei-18enni-foto-e-video-racconto\/349ff80c-593d-47ce-8081-e9f0bc83839e\/'><img loading=\"lazy\" decoding=\"async\" width=\"150\" height=\"150\" src=\"https:\/\/www.radiopiu.net\/wordpress\/wp-content\/uploads\/2022\/12\/349ff80c-593d-47ce-8081-e9f0bc83839e-150x150.jpg\" class=\"attachment-thumbnail size-thumbnail\" alt=\"\" \/><\/a>\n\t\t\t\t<\/dt><\/dl><dl class='gallery-item'>\n\t\t\t\t<dt class='gallery-icon landscape'>\n\t\t\t\t\t<a class=\"rollover\" href='https:\/\/www.radiopiu.net\/wordpress\/la-costituzione-ai-nei-18enni-foto-e-video-racconto\/070b1052-08ef-4b61-bc50-0b63d4d9221c\/'><img loading=\"lazy\" decoding=\"async\" width=\"150\" height=\"150\" src=\"https:\/\/www.radiopiu.net\/wordpress\/wp-content\/uploads\/2022\/12\/070b1052-08ef-4b61-bc50-0b63d4d9221c-150x150.jpg\" class=\"attachment-thumbnail size-thumbnail\" alt=\"\" \/><\/a>\n\t\t\t\t<\/dt><\/dl><dl class='gallery-item'>\n\t\t\t\t<dt class='gallery-icon landscape'>\n\t\t\t\t\t<a class=\"rollover\" href='https:\/\/www.radiopiu.net\/wordpress\/la-costituzione-ai-nei-18enni-foto-e-video-racconto\/dfb41acf-e7a2-49d4-891d-6aa08705260b\/'><img loading=\"lazy\" decoding=\"async\" width=\"150\" height=\"150\" src=\"https:\/\/www.radiopiu.net\/wordpress\/wp-content\/uploads\/2022\/12\/dfb41acf-e7a2-49d4-891d-6aa08705260b-150x150.jpg\" class=\"attachment-thumbnail size-thumbnail\" alt=\"\" \/><\/a>\n\t\t\t\t<\/dt><\/dl><dl class='gallery-item'>\n\t\t\t\t<dt class='gallery-icon landscape'>\n\t\t\t\t\t<a class=\"rollover\" href='https:\/\/www.radiopiu.net\/wordpress\/la-costituzione-ai-nei-18enni-foto-e-video-racconto\/828df841-133f-4ab4-860f-6b441df8c250\/'><img loading=\"lazy\" decoding=\"async\" width=\"150\" height=\"150\" src=\"https:\/\/www.radiopiu.net\/wordpress\/wp-content\/uploads\/2022\/12\/828df841-133f-4ab4-860f-6b441df8c250-150x150.jpg\" class=\"attachment-thumbnail size-thumbnail\" alt=\"\" \/><\/a>\n\t\t\t\t<\/dt><\/dl><br style=\"clear: both\" \/><dl class='gallery-item'>\n\t\t\t\t<dt class='gallery-icon landscape'>\n\t\t\t\t\t<a class=\"rollover\" href='https:\/\/www.radiopiu.net\/wordpress\/la-costituzione-ai-nei-18enni-foto-e-video-racconto\/e6d1a217-4dd1-4eaf-abd2-d7d0567c663e\/'><img loading=\"lazy\" decoding=\"async\" width=\"150\" height=\"150\" src=\"https:\/\/www.radiopiu.net\/wordpress\/wp-content\/uploads\/2022\/12\/e6d1a217-4dd1-4eaf-abd2-d7d0567c663e-150x150.jpg\" class=\"attachment-thumbnail size-thumbnail\" alt=\"\" \/><\/a>\n\t\t\t\t<\/dt><\/dl><dl class='gallery-item'>\n\t\t\t\t<dt class='gallery-icon landscape'>\n\t\t\t\t\t<a class=\"rollover\" href='https:\/\/www.radiopiu.net\/wordpress\/la-costituzione-ai-nei-18enni-foto-e-video-racconto\/7b0188cd-4d82-4e63-aa20-f71207325850\/'><img loading=\"lazy\" decoding=\"async\" width=\"150\" height=\"150\" src=\"https:\/\/www.radiopiu.net\/wordpress\/wp-content\/uploads\/2022\/12\/7b0188cd-4d82-4e63-aa20-f71207325850-150x150.jpg\" class=\"attachment-thumbnail size-thumbnail\" alt=\"\" \/><\/a>\n\t\t\t\t<\/dt><\/dl><dl class='gallery-item'>\n\t\t\t\t<dt class='gallery-icon landscape'>\n\t\t\t\t\t<a class=\"rollover\" href='https:\/\/www.radiopiu.net\/wordpress\/la-costituzione-ai-nei-18enni-foto-e-video-racconto\/8fff961f-b433-4e37-b66d-51a779d550a5\/'><img loading=\"lazy\" decoding=\"async\" width=\"150\" height=\"150\" src=\"https:\/\/www.radiopiu.net\/wordpress\/wp-content\/uploads\/2022\/12\/8fff961f-b433-4e37-b66d-51a779d550a5-150x150.jpg\" class=\"attachment-thumbnail size-thumbnail\" alt=\"\" \/><\/a>\n\t\t\t\t<\/dt><\/dl><dl class='gallery-item'>\n\t\t\t\t<dt class='gallery-icon landscape'>\n\t\t\t\t\t<a class=\"rollover\" href='https:\/\/www.radiopiu.net\/wordpress\/la-costituzione-ai-nei-18enni-foto-e-video-racconto\/e90d9a6d-d0c0-47e1-a792-52248f451c07\/'><img loading=\"lazy\" decoding=\"async\" width=\"150\" height=\"150\" src=\"https:\/\/www.radiopiu.net\/wordpress\/wp-content\/uploads\/2022\/12\/e90d9a6d-d0c0-47e1-a792-52248f451c07-150x150.jpg\" class=\"attachment-thumbnail size-thumbnail\" alt=\"\" \/><\/a>\n\t\t\t\t<\/dt><\/dl>\n\t\t\t\t<br style='clear: both' \/>\n\t\t\t<\/div>\n\n<p>LA DIRETTA ALLA RADIO<\/p>\n<p>https:\/\/www.facebook.com\/marco.baghy.1\/videos\/840968973841607<\/p>\n<p>&nbsp;<\/p>\n<\/div>\n<hr \/>\n<p>&nbsp;<\/p>\n<blockquote>\n<h3>PROMUOVERE E TUTELARE LA LINGUA LADINA, CON IL SUPPORTO DEL BARD<\/h3>\n<\/blockquote>\n<p><strong><img loading=\"lazy\" decoding=\"async\" class=\"alignleft\" src=\"https:\/\/www.radiopiu.net\/wordpress\/wp-content\/uploads\/2022\/12\/Senza-nome-96.jpg\" width=\"343\" height=\"167\" \/>BELLUNO<\/strong><\/p>\n<p><strong>di\u00a0 MORENO GIOLI<\/strong><\/p>\n<audio class=\"wp-audio-shortcode\" id=\"audio-312589-5\" preload=\"none\" style=\"width: 100%;\" controls=\"controls\"><source type=\"audio\/mpeg\" src=\"https:\/\/www.radiopiu.net\/wordpress\/wp-content\/uploads\/2022\/12\/ladini.mp3?_=5\" \/><a href=\"https:\/\/www.radiopiu.net\/wordpress\/wp-content\/uploads\/2022\/12\/ladini.mp3\">https:\/\/www.radiopiu.net\/wordpress\/wp-content\/uploads\/2022\/12\/ladini.mp3<\/a><\/audio>\n<p>&nbsp;<\/p>\n<p><strong>L&#8217;INCONTRO DI CENCENIGHE<\/strong><\/p>\n<blockquote class=\"wp-embedded-content\" data-secret=\"2NrBTv4bzY\"><p><a href=\"https:\/\/www.radiopiu.net\/wordpress\/il-valore-della-lingua-ladina-nellincontro-organizzato-dal-bard\/\">IL VALORE DELLA LINGUA LADINA NELL&#8217;INCONTRO ORGANIZZATO DAL BARD<\/a><\/p><\/blockquote>\n<p><iframe loading=\"lazy\" class=\"wp-embedded-content\" sandbox=\"allow-scripts\" security=\"restricted\" style=\"position: absolute; clip: rect(1px, 1px, 1px, 1px);\" title=\"&#8220;IL VALORE DELLA LINGUA LADINA NELL&#8217;INCONTRO ORGANIZZATO DAL BARD&#8221; &#8212; Radio Pi\u00f9\" src=\"https:\/\/www.radiopiu.net\/wordpress\/il-valore-della-lingua-ladina-nellincontro-organizzato-dal-bard\/embed\/#?secret=ThA4TjhG44#?secret=2NrBTv4bzY\" data-secret=\"2NrBTv4bzY\" width=\"600\" height=\"338\" frameborder=\"0\" marginwidth=\"0\" marginheight=\"0\" scrolling=\"no\"><\/iframe><\/p>\n<p>&nbsp;<\/p>\n<hr \/>\n<p>&nbsp;<\/p>\n<blockquote>\n<h3>DMO VERSO LA FONDAZIONE PER ACCEDERE AI CONTRIBUTI, IL PERCORSO LUNGO UN ANNO<\/h3>\n<\/blockquote>\n<p><strong><a class=\"dt-pswp-item\" href=\"https:\/\/www.radiopiu.net\/wordpress\/wp-content\/uploads\/2022\/12\/d007a1ff-61d4-494a-bab5-3134b21bed46.jpg\" data-dt-img-description=\"\" data-large_image_width=\"1600\" data-large_image_height=\"902\"><img loading=\"lazy\" decoding=\"async\" class=\"size-medium wp-image-312696 alignleft\" src=\"https:\/\/www.radiopiu.net\/wordpress\/wp-content\/uploads\/2022\/12\/d007a1ff-61d4-494a-bab5-3134b21bed46-300x169.jpg\" alt=\"\" width=\"300\" height=\"169\" srcset=\"https:\/\/www.radiopiu.net\/wordpress\/wp-content\/uploads\/2022\/12\/d007a1ff-61d4-494a-bab5-3134b21bed46-300x169.jpg 300w, https:\/\/www.radiopiu.net\/wordpress\/wp-content\/uploads\/2022\/12\/d007a1ff-61d4-494a-bab5-3134b21bed46-1024x577.jpg 1024w, https:\/\/www.radiopiu.net\/wordpress\/wp-content\/uploads\/2022\/12\/d007a1ff-61d4-494a-bab5-3134b21bed46-768x433.jpg 768w, https:\/\/www.radiopiu.net\/wordpress\/wp-content\/uploads\/2022\/12\/d007a1ff-61d4-494a-bab5-3134b21bed46-1536x866.jpg 1536w, https:\/\/www.radiopiu.net\/wordpress\/wp-content\/uploads\/2022\/12\/d007a1ff-61d4-494a-bab5-3134b21bed46.jpg 1600w\" sizes=\"auto, (max-width: 300px) 100vw, 300px\" \/><\/a><\/strong><\/p>\n<p>&nbsp;<\/p>\n<p>&nbsp;<\/p>\n<p><strong>BELLUNO<\/strong><br \/>\n<strong>DI MORENO GIOLI<\/strong><\/p>\n<audio class=\"wp-audio-shortcode\" id=\"audio-312589-6\" preload=\"none\" style=\"width: 100%;\" controls=\"controls\"><source type=\"audio\/mpeg\" src=\"https:\/\/www.radiopiu.net\/wordpress\/wp-content\/uploads\/2022\/12\/dmo.mp3?_=6\" \/><a href=\"https:\/\/www.radiopiu.net\/wordpress\/wp-content\/uploads\/2022\/12\/dmo.mp3\">https:\/\/www.radiopiu.net\/wordpress\/wp-content\/uploads\/2022\/12\/dmo.mp3<\/a><\/audio>\n<p>&nbsp;<\/p>\n<p>&nbsp;<\/p>\n<hr \/>\n<p>&nbsp;<\/p>\n<p><strong>DI TIZIANO DE COL<\/strong><\/p>\n\n\t\t\t<style type='text\/css'>\n\t\t\t\t#gallery-3 {\n\t\t\t\t\tmargin: auto;\n\t\t\t\t}\n\t\t\t\t#gallery-3 .gallery-item {\n\t\t\t\t\tfloat: left;\n\t\t\t\t\tmargin-top: 10px;\n\t\t\t\t\ttext-align: center;\n\t\t\t\t\twidth: 20%;\n\t\t\t\t}\n\t\t\t\t#gallery-3 img {\n\t\t\t\t\tborder: 2px solid #cfcfcf;\n\t\t\t\t}\n\t\t\t\t#gallery-3 .gallery-caption {\n\t\t\t\t\tmargin-left: 0;\n\t\t\t\t}\n\t\t\t\t\/* see gallery_shortcode() in wp-includes\/media.php *\/\n\t\t\t<\/style>\n\t\t<div id='gallery-3' class='dt-gallery-container gallery galleryid-312589 gallery-columns-5 gallery-size-thumbnail'><dl class='gallery-item'>\n\t\t\t\t<dt class='gallery-icon landscape'>\n\t\t\t\t\t<a class=\"rollover rollover-zoom dt-pswp-item\" title=\"ab2d8ce8-5c54-4faa-8984-32a8b0c57d4b\" data-dt-img-description=\"\" data-large_image_width=\"602\" data-large_image_height=\"355\"href='https:\/\/www.radiopiu.net\/wordpress\/wp-content\/uploads\/2022\/12\/ab2d8ce8-5c54-4faa-8984-32a8b0c57d4b.jpg'><img loading=\"lazy\" decoding=\"async\" width=\"150\" height=\"150\" src=\"https:\/\/www.radiopiu.net\/wordpress\/wp-content\/uploads\/2022\/12\/ab2d8ce8-5c54-4faa-8984-32a8b0c57d4b-150x150.jpg\" class=\"attachment-thumbnail size-thumbnail\" alt=\"\" \/><\/a>\n\t\t\t\t<\/dt><\/dl><dl class='gallery-item'>\n\t\t\t\t<dt class='gallery-icon landscape'>\n\t\t\t\t\t<a class=\"rollover rollover-zoom dt-pswp-item\" title=\"78630e1a-b565-4e5b-84f5-b97c0a2b6ae7\" data-dt-img-description=\"\" data-large_image_width=\"611\" data-large_image_height=\"362\"href='https:\/\/www.radiopiu.net\/wordpress\/wp-content\/uploads\/2022\/12\/78630e1a-b565-4e5b-84f5-b97c0a2b6ae7.jpg'><img loading=\"lazy\" decoding=\"async\" width=\"150\" height=\"150\" src=\"https:\/\/www.radiopiu.net\/wordpress\/wp-content\/uploads\/2022\/12\/78630e1a-b565-4e5b-84f5-b97c0a2b6ae7-150x150.jpg\" class=\"attachment-thumbnail size-thumbnail\" alt=\"\" \/><\/a>\n\t\t\t\t<\/dt><\/dl><dl class='gallery-item'>\n\t\t\t\t<dt class='gallery-icon landscape'>\n\t\t\t\t\t<a class=\"rollover rollover-zoom dt-pswp-item\" title=\"650e3be2-fa75-499b-953f-76290b26004d\" data-dt-img-description=\"\" data-large_image_width=\"606\" data-large_image_height=\"360\"href='https:\/\/www.radiopiu.net\/wordpress\/wp-content\/uploads\/2022\/12\/650e3be2-fa75-499b-953f-76290b26004d.jpg'><img loading=\"lazy\" decoding=\"async\" width=\"150\" height=\"150\" src=\"https:\/\/www.radiopiu.net\/wordpress\/wp-content\/uploads\/2022\/12\/650e3be2-fa75-499b-953f-76290b26004d-150x150.jpg\" class=\"attachment-thumbnail size-thumbnail\" alt=\"\" \/><\/a>\n\t\t\t\t<\/dt><\/dl><dl class='gallery-item'>\n\t\t\t\t<dt class='gallery-icon landscape'>\n\t\t\t\t\t<a class=\"rollover rollover-zoom dt-pswp-item\" title=\"965825c2-4297-4cdb-8e36-e53d972b94e1\" data-dt-img-description=\"\" data-large_image_width=\"576\" data-large_image_height=\"350\"href='https:\/\/www.radiopiu.net\/wordpress\/wp-content\/uploads\/2022\/12\/965825c2-4297-4cdb-8e36-e53d972b94e1.jpg'><img loading=\"lazy\" decoding=\"async\" width=\"150\" height=\"150\" src=\"https:\/\/www.radiopiu.net\/wordpress\/wp-content\/uploads\/2022\/12\/965825c2-4297-4cdb-8e36-e53d972b94e1-150x150.jpg\" class=\"attachment-thumbnail size-thumbnail\" alt=\"\" \/><\/a>\n\t\t\t\t<\/dt><\/dl><dl class='gallery-item'>\n\t\t\t\t<dt class='gallery-icon landscape'>\n\t\t\t\t\t<a class=\"rollover rollover-zoom dt-pswp-item\" title=\"0818460a-f2f0-4f74-b6b5-2a6e824a38cb\" data-dt-img-description=\"\" data-large_image_width=\"604\" data-large_image_height=\"358\"href='https:\/\/www.radiopiu.net\/wordpress\/wp-content\/uploads\/2022\/12\/0818460a-f2f0-4f74-b6b5-2a6e824a38cb.jpg'><img loading=\"lazy\" decoding=\"async\" width=\"150\" height=\"150\" src=\"https:\/\/www.radiopiu.net\/wordpress\/wp-content\/uploads\/2022\/12\/0818460a-f2f0-4f74-b6b5-2a6e824a38cb-150x150.jpg\" class=\"attachment-thumbnail size-thumbnail\" alt=\"\" \/><\/a>\n\t\t\t\t<\/dt><\/dl><br style=\"clear: both\" \/>\n\t\t\t<\/div>\n\n<p>&nbsp;<\/p>\n<hr \/>\n<p>&nbsp;<\/p>\n<blockquote>\n<h3>OGGI IL CONGRESSO GENERALE DELLA CISL<\/h3>\n<\/blockquote>\n<p><strong><a class=\"dt-pswp-item\" href=\"https:\/\/www.radiopiu.net\/wordpress\/wp-content\/uploads\/2020\/11\/Schermata-2020-11-11-alle-12.25.13.png\" data-dt-img-description=\"\" data-large_image_width=\"594\" data-large_image_height=\"310\"><img loading=\"lazy\" decoding=\"async\" class=\" wp-image-172025 alignleft\" src=\"https:\/\/www.radiopiu.net\/wordpress\/wp-content\/uploads\/2020\/11\/Schermata-2020-11-11-alle-12.25.13-300x157.png\" alt=\"\" width=\"206\" height=\"108\" srcset=\"https:\/\/www.radiopiu.net\/wordpress\/wp-content\/uploads\/2020\/11\/Schermata-2020-11-11-alle-12.25.13-300x157.png 300w, https:\/\/www.radiopiu.net\/wordpress\/wp-content\/uploads\/2020\/11\/Schermata-2020-11-11-alle-12.25.13.png 594w\" sizes=\"auto, (max-width: 206px) 100vw, 206px\" \/><\/a>TREVISO <\/strong><span style=\"color: #000000; font-family: Helvetica;\">Manovra, giovani e lavoro al centro del Consiglio generale della Cisl Belluno Treviso, che si svolger\u00e0 oggi alle 9.30 a Villa Braida a Mogliano Veneto. Sar\u00e0 un\u2019occasione di riflessione su temi di stringente attualit\u00e0, a partire dal disegno di legge di bilancio in discussione in queste ore. <\/span><span style=\"color: #000000; font-family: Helvetica;\">\u201cUna manovra da cambiare e migliorare &#8211; sottolinea il segretario generale della Cisl Belluno Treviso Massimiliano Paglini &#8211; rimanendo inchiodati ai tavoli di confronto con il governo e negoziando ogni singola scelta con chi oggi \u00e8 alla guida del Paese\u201d. <\/span><span style=\"color: #000000; font-family: Helvetica;\">Nel corso del Consiglio generale verranno presentati i risultati della ricerca condotta dall\u2019Ufficio Studi della Cisl Belluno Treviso sulle condizioni del lavoro nelle due province.\u00a0 <\/span><span style=\"color: #000000; font-family: Helvetica;\">Ai lavori interverr\u00e0 il Segretario nazionale confederale Andrea Cuccello.<\/span><\/p>\n<p>&nbsp;<\/p>\n<hr \/>\n<p>&nbsp;<\/p>\n<blockquote>\n<h3>BUON LAVORO STEFANO CON I COMPLIMENTI PER LA MERITATA RICONFERMA<\/h3>\n<\/blockquote>\n<p><strong>Fiom Belluno<\/strong> Al termine del XII congresso della Fiom CGIL di Belluno l&#8217;assemblea delle delegate e dei delegati hanno rieletto Stefano Bona segretario generale della Fiom CGIL di Belluno con 52 voti favorevoli e 3 astenuti, raggiungendo il 95% dei consensi. Complimenti al segretario per la sua rielezione!<\/p>\n<p>&nbsp;<\/p>\n\n\t\t\t<style type='text\/css'>\n\t\t\t\t#gallery-4 {\n\t\t\t\t\tmargin: auto;\n\t\t\t\t}\n\t\t\t\t#gallery-4 .gallery-item {\n\t\t\t\t\tfloat: left;\n\t\t\t\t\tmargin-top: 10px;\n\t\t\t\t\ttext-align: center;\n\t\t\t\t\twidth: 50%;\n\t\t\t\t}\n\t\t\t\t#gallery-4 img {\n\t\t\t\t\tborder: 2px solid #cfcfcf;\n\t\t\t\t}\n\t\t\t\t#gallery-4 .gallery-caption {\n\t\t\t\t\tmargin-left: 0;\n\t\t\t\t}\n\t\t\t\t\/* see gallery_shortcode() in wp-includes\/media.php *\/\n\t\t\t<\/style>\n\t\t<div id='gallery-4' class='dt-gallery-container gallery galleryid-312589 gallery-columns-2 gallery-size-thumbnail'><dl class='gallery-item'>\n\t\t\t\t<dt class='gallery-icon portrait'>\n\t\t\t\t\t<a class=\"rollover rollover-zoom dt-pswp-item\" title=\"321049920_707606837548800_5690752891592900657_n\" data-dt-img-description=\"\" data-large_image_width=\"450\" data-large_image_height=\"600\"href='https:\/\/www.radiopiu.net\/wordpress\/wp-content\/uploads\/2022\/12\/321049920_707606837548800_5690752891592900657_n.jpg'><img loading=\"lazy\" decoding=\"async\" width=\"150\" height=\"150\" src=\"https:\/\/www.radiopiu.net\/wordpress\/wp-content\/uploads\/2022\/12\/321049920_707606837548800_5690752891592900657_n-150x150.jpg\" class=\"attachment-thumbnail size-thumbnail\" alt=\"\" \/><\/a>\n\t\t\t\t<\/dt><\/dl><dl class='gallery-item'>\n\t\t\t\t<dt class='gallery-icon landscape'>\n\t\t\t\t\t<a class=\"rollover rollover-zoom dt-pswp-item\" title=\"320709909_684976919833208_1514330257363294768_n\" data-dt-img-description=\"\" data-large_image_width=\"599\" data-large_image_height=\"260\"href='https:\/\/www.radiopiu.net\/wordpress\/wp-content\/uploads\/2022\/12\/320709909_684976919833208_1514330257363294768_n-1.jpg'><img loading=\"lazy\" decoding=\"async\" width=\"150\" height=\"150\" src=\"https:\/\/www.radiopiu.net\/wordpress\/wp-content\/uploads\/2022\/12\/320709909_684976919833208_1514330257363294768_n-1-150x150.jpg\" class=\"attachment-thumbnail size-thumbnail\" alt=\"\" \/><\/a>\n\t\t\t\t<\/dt><\/dl><br style=\"clear: both\" \/>\n\t\t\t<\/div>\n\n<p>&nbsp;<\/p>\n<p>&nbsp;<\/p>\n<hr \/>\n<p>&nbsp;<\/p>\n<blockquote>\n<h3>PIAZZETTA CON PARCHEGGIO A CUGNAN<\/h3>\n<\/blockquote>\n<p><strong><a class=\"dt-pswp-item\" href=\"https:\/\/www.radiopiu.net\/wordpress\/wp-content\/uploads\/2022\/12\/Piazzetta_parcheggio_di_Cugnan.jpg\" data-dt-img-description=\"\" data-large_image_width=\"1024\" data-large_image_height=\"768\"><img loading=\"lazy\" decoding=\"async\" class=\" wp-image-312618 alignleft\" src=\"https:\/\/www.radiopiu.net\/wordpress\/wp-content\/uploads\/2022\/12\/Piazzetta_parcheggio_di_Cugnan-300x225.jpg\" alt=\"\" width=\"179\" height=\"134\" srcset=\"https:\/\/www.radiopiu.net\/wordpress\/wp-content\/uploads\/2022\/12\/Piazzetta_parcheggio_di_Cugnan-300x225.jpg 300w, https:\/\/www.radiopiu.net\/wordpress\/wp-content\/uploads\/2022\/12\/Piazzetta_parcheggio_di_Cugnan-768x576.jpg 768w, https:\/\/www.radiopiu.net\/wordpress\/wp-content\/uploads\/2022\/12\/Piazzetta_parcheggio_di_Cugnan.jpg 1024w\" sizes=\"auto, (max-width: 179px) 100vw, 179px\" \/><\/a>PONTE NELLE ALPI <\/strong>Prosegue senza sosta l\u2019azione di riqualificazione e valorizzazione delle frazioni da parte del Comune di Ponte nelle Alpi: tanto \u00e8 vero che hanno preso il via i lavori della piazzetta-parcheggio a Cugnan.<span class=\"gmail-Apple-converted-space\"> \u00a0<\/span>Insieme alla sistemazione dei parchi giochi, infatti, \u00e8 partito il cantiere orientato a realizzare, nei Coi de Pera, uno spazio urbano con una piazzetta e dei parcheggi all\u2019ingresso del paese di Cugnan, lungo la provinciale che porta al Nevegal. Sar\u00e0 a servizio di chi risiede nella frazione e delle numerose manifestazioni culturali e sportive organizzate in loco.<span class=\"gmail-Apple-converted-space\"> Questo primo intervento ammonta a 50mila euro. E non finita qui, se \u00e8 vero che l\u2019amministrazione comunale pontalpina, nel 2023, metter\u00e0 in campo anche il progetto per un parcheggio di fronte al Circolo culturale e ricreativo \u201cIl Burcio\u201d a Roncan, come da richiesta del Comitato frazionale.<\/span><\/p>\n<p>&nbsp;<\/p>\n<p>&nbsp;<\/p>\n<hr \/>\n<p>&nbsp;<\/p>\n<blockquote>\n<h3>TEMPO DI BILANCIO PER LA BELLUNO SCHOOL RUN<\/h3>\n<\/blockquote>\n<p><strong><a class=\"dt-pswp-item\" href=\"https:\/\/www.radiopiu.net\/wordpress\/wp-content\/uploads\/2022\/12\/belluno-school-run.jpg\" data-dt-img-description=\"\" data-large_image_width=\"300\" data-large_image_height=\"200\"><img loading=\"lazy\" decoding=\"async\" class=\" wp-image-312582 alignleft\" src=\"https:\/\/www.radiopiu.net\/wordpress\/wp-content\/uploads\/2022\/12\/belluno-school-run.jpg\" alt=\"\" width=\"198\" height=\"132\" \/><\/a>BELLUNO<\/strong> Tempo di bilancio per il comitato organizzatore della Belluno School Run: ottimo quello economico, con il record di vendita delle magliette della manifestazione, ma c&#8217;\u00e8 preoccupazione per il futuro.<\/p>\n<p><strong>di Daniele Dalvit<\/strong><\/p>\n<audio class=\"wp-audio-shortcode\" id=\"audio-312589-7\" preload=\"none\" style=\"width: 100%;\" controls=\"controls\"><source type=\"audio\/mpeg\" src=\"https:\/\/www.radiopiu.net\/wordpress\/wp-content\/uploads\/2022\/12\/DALVIT-BELLUNO-RUN.mp3?_=7\" \/><a href=\"https:\/\/www.radiopiu.net\/wordpress\/wp-content\/uploads\/2022\/12\/DALVIT-BELLUNO-RUN.mp3\">https:\/\/www.radiopiu.net\/wordpress\/wp-content\/uploads\/2022\/12\/DALVIT-BELLUNO-RUN.mp3<\/a><\/audio>\n<p>&nbsp;<\/p>\n<hr \/>\n<p>&nbsp;<\/p>\n<blockquote>\n<h3>UN \u201cBUON\u201d NATALE PER LA CADORE SCS<\/h3>\n<\/blockquote>\n<p><strong><a class=\"dt-pswp-item\" href=\"https:\/\/www.radiopiu.net\/wordpress\/wp-content\/uploads\/2022\/12\/Pacco-natalizio-Natale-2022-Cadore-scs.jpeg\" data-dt-img-description=\"\" data-large_image_width=\"1587\" data-large_image_height=\"1438\"><img loading=\"lazy\" decoding=\"async\" class=\" wp-image-312621 alignleft\" src=\"https:\/\/www.radiopiu.net\/wordpress\/wp-content\/uploads\/2022\/12\/Pacco-natalizio-Natale-2022-Cadore-scs-300x272.jpeg\" alt=\"\" width=\"159\" height=\"144\" srcset=\"https:\/\/www.radiopiu.net\/wordpress\/wp-content\/uploads\/2022\/12\/Pacco-natalizio-Natale-2022-Cadore-scs-300x272.jpeg 300w, https:\/\/www.radiopiu.net\/wordpress\/wp-content\/uploads\/2022\/12\/Pacco-natalizio-Natale-2022-Cadore-scs-1024x928.jpeg 1024w, https:\/\/www.radiopiu.net\/wordpress\/wp-content\/uploads\/2022\/12\/Pacco-natalizio-Natale-2022-Cadore-scs-768x696.jpeg 768w, https:\/\/www.radiopiu.net\/wordpress\/wp-content\/uploads\/2022\/12\/Pacco-natalizio-Natale-2022-Cadore-scs-1536x1392.jpeg 1536w, https:\/\/www.radiopiu.net\/wordpress\/wp-content\/uploads\/2022\/12\/Pacco-natalizio-Natale-2022-Cadore-scs.jpeg 1587w\" sizes=\"auto, (max-width: 159px) 100vw, 159px\" \/><\/a>PIEVE DI CADORE <\/strong>Una festa di Natale all&#8217;insegna della bont\u00e0, quella organizzata pochi giorni fa dalla Cadore societ\u00e0 cooperativa sociale,\u00a0 l&#8217;occasione per presentare ai dipendenti il welfare aziendale: oltre 130 euro in buoni spesa inseriti nella busta paga di novembre per ciascuno dei quasi 120 lavoratori della Cadore, per un ammontare totale che supera i 15mila euro. C&#8217;\u00e8 stata inoltre la consegna dei doni natalizi sulle tavole di soci e collaboratori (oltre 200) non arriveranno infatti i tradizionali panettoni o pandori, ma i biscotti di un\u00a0 biscottificio del Comelico.<\/p>\n<p><strong>ALESSANDRA BUZZO, PRESIDENTE DI CADORE SCS<\/strong><\/p>\n<audio class=\"wp-audio-shortcode\" id=\"audio-312589-8\" preload=\"none\" style=\"width: 100%;\" controls=\"controls\"><source type=\"audio\/mpeg\" src=\"https:\/\/www.radiopiu.net\/wordpress\/wp-content\/uploads\/2022\/12\/Alessandra-Buzzo-Presidente-Cadore-SCS-Welfare-aziendale-e-Natale-2022.mp3?_=8\" \/><a href=\"https:\/\/www.radiopiu.net\/wordpress\/wp-content\/uploads\/2022\/12\/Alessandra-Buzzo-Presidente-Cadore-SCS-Welfare-aziendale-e-Natale-2022.mp3\">https:\/\/www.radiopiu.net\/wordpress\/wp-content\/uploads\/2022\/12\/Alessandra-Buzzo-Presidente-Cadore-SCS-Welfare-aziendale-e-Natale-2022.mp3<\/a><\/audio>\n<p>&nbsp;<\/p>\n<p>&nbsp;<\/p>\n<hr \/>\n<p>&nbsp;<\/p>\n<blockquote>\n<h3 class=\"entry-title\">E QUINDI? QUINDI USCIMMO A RIVEDER LE STELLE<\/h3>\n<\/blockquote>\n<p><a class=\"dt-pswp-item pspw-wrap-ready\" href=\"https:\/\/www.radiopiu.net\/wordpress\/wp-content\/uploads\/2022\/12\/304c7bdf-fa84-c263-78b3-3bc469840008.jpeg\" data-dt-img-description=\"\" data-large_image_width=\"1128\" data-large_image_height=\"1155\"><img loading=\"lazy\" decoding=\"async\" class=\"size-medium wp-image-312610 alignleft\" src=\"https:\/\/www.radiopiu.net\/wordpress\/wp-content\/uploads\/2022\/12\/304c7bdf-fa84-c263-78b3-3bc469840008-293x300.jpeg\" sizes=\"auto, (max-width: 293px) 100vw, 293px\" srcset=\"https:\/\/www.radiopiu.net\/wordpress\/wp-content\/uploads\/2022\/12\/304c7bdf-fa84-c263-78b3-3bc469840008-293x300.jpeg 293w, https:\/\/www.radiopiu.net\/wordpress\/wp-content\/uploads\/2022\/12\/304c7bdf-fa84-c263-78b3-3bc469840008-1000x1024.jpeg 1000w, https:\/\/www.radiopiu.net\/wordpress\/wp-content\/uploads\/2022\/12\/304c7bdf-fa84-c263-78b3-3bc469840008-768x786.jpeg 768w, https:\/\/www.radiopiu.net\/wordpress\/wp-content\/uploads\/2022\/12\/304c7bdf-fa84-c263-78b3-3bc469840008.jpeg 1128w\" alt=\"\" width=\"293\" height=\"300\" \/><\/a><strong>CORTINA<\/strong>\u00a01778 metri di quota, dove sembra quasi di toccare il cielo con un dito, la nuova funivia Tofana \u2013 Freccia nel Cielo, ora anche cabinovia, porta gli ospiti della Conca Ampezzana e non solo, in localit\u00e0 Col Drusci\u00e9, alla scoperta di un vero e proprio patrimonio UNESCO. \u00c8 l\u2019Osservatorio Astronomico Hellmut Ullrich che, accompagnato dalle note deliziose dei piatti dello storico Ristorante Col Drusci\u00e9, rende uniche le serate nel cuore delle Dolomiti. Dalla perfetta sinergia tra l\u2019uno e l\u2019altro, in collaborazione con Tofana Freccia nel Cielo, per tutto il periodo compreso tra Natale e Capodanno \u2013 in particolare il 29 dicembre 2022 e il 10 febbraio 2023 \u2013 sar\u00e0 possibile vivere un\u2019esperienza stellare: le Astrocene. Esclusivamente su prenotazione, tramite il sito ufficiale della Freccia nel Cielo, \u00e8 possibile passare una serata all\u2019insegna dell\u2019astronomia, accompagnati da un piatto della tradizione e un buon calice di vino. E mentre la terrazza panoramica del ristorante coccola i suoi ospiti con una vista mozzafiato sulla Regina delle Dolomiti, in collaborazione con l\u2019Osservatorio Astronomico \u00e8 possibile ammirare i gioielli della corona: stelle e pianeti, tra la luna e il sole. La struttura, ospita un telescopio moderno Ritchey-Chretien da 40 cm di diametro e uno Schmidt Cassegrain da 28 cm, per osservare il cielo e ogni sua sfumatura. Un\u2019occasione imperdibile, che parte con un viaggio panoramico a bordo della nuovissima funivia e atterra in un paesaggio di rara bellezza.<\/p>\n<p>&nbsp;<\/p>\n<p>&nbsp;<\/p>\n<hr \/>\n<p>&nbsp;<\/p>\n<blockquote>\n<h3>CAMBIO AL VERTICE DELL\u2019ASSOCIAZIONE MARGHERITA FENICE<\/h3>\n<\/blockquote>\n<p><strong><a class=\"dt-pswp-item\" href=\"https:\/\/www.radiopiu.net\/wordpress\/wp-content\/uploads\/2022\/12\/Schermata-2022-12-20-alle-12.52.29.png\" data-dt-img-description=\"\" data-large_image_width=\"888\" data-large_image_height=\"624\"><img loading=\"lazy\" decoding=\"async\" class=\" wp-image-312625 alignleft\" src=\"https:\/\/www.radiopiu.net\/wordpress\/wp-content\/uploads\/2022\/12\/Schermata-2022-12-20-alle-12.52.29-300x211.png\" alt=\"\" width=\"144\" height=\"101\" srcset=\"https:\/\/www.radiopiu.net\/wordpress\/wp-content\/uploads\/2022\/12\/Schermata-2022-12-20-alle-12.52.29-300x211.png 300w, https:\/\/www.radiopiu.net\/wordpress\/wp-content\/uploads\/2022\/12\/Schermata-2022-12-20-alle-12.52.29-768x540.png 768w, https:\/\/www.radiopiu.net\/wordpress\/wp-content\/uploads\/2022\/12\/Schermata-2022-12-20-alle-12.52.29.png 888w\" sizes=\"auto, (max-width: 144px) 100vw, 144px\" \/><\/a>PONTE NELLE ALPI <\/strong>\u00c8 Virginia Giuffrida la nuova presidente dell\u2019associazione Margherita Fenice. Impiegata nel settore bancario, di Ponte nelle Alpi, Giuffrida &#8211; gi\u00e0 nel direttivo come consigliera &#8211; succede a Luisa Ciprian, che per tre mandati successivi &#8211; dunque ben nove anni in totale &#8211; ha guidato il gruppo. L\u2019elezione \u00e8 avvenuta nel corso dell\u2019ultima assemblea dei soci dell&#8217;associazione, che ormai da pi\u00f9 di un decennio, unica in provincia di Belluno, si occupa di aiutare le famiglie che stanno affrontando il percorso di cura di un disturbo del comportamento alimentare.<\/p>\n<p>&nbsp;<\/p>\n<p>&nbsp;<\/p>\n<hr \/>\n<p>&nbsp;<\/p>\n<blockquote>\n<h3><a class=\"dt-pswp-item\" href=\"https:\/\/www.radiopiu.net\/wordpress\/wp-content\/uploads\/2022\/11\/ee5775b8-dbe2-4794-b9e6-88b3c0a27e70.jpg\" data-dt-img-description=\"\" data-large_image_width=\"1600\" data-large_image_height=\"1200\"><img loading=\"lazy\" decoding=\"async\" class=\" wp-image-308795 alignleft\" src=\"https:\/\/www.radiopiu.net\/wordpress\/wp-content\/uploads\/2022\/11\/ee5775b8-dbe2-4794-b9e6-88b3c0a27e70-300x225.jpg\" alt=\"\" width=\"209\" height=\"157\" srcset=\"https:\/\/www.radiopiu.net\/wordpress\/wp-content\/uploads\/2022\/11\/ee5775b8-dbe2-4794-b9e6-88b3c0a27e70-300x225.jpg 300w, https:\/\/www.radiopiu.net\/wordpress\/wp-content\/uploads\/2022\/11\/ee5775b8-dbe2-4794-b9e6-88b3c0a27e70-1024x768.jpg 1024w, https:\/\/www.radiopiu.net\/wordpress\/wp-content\/uploads\/2022\/11\/ee5775b8-dbe2-4794-b9e6-88b3c0a27e70-768x576.jpg 768w, https:\/\/www.radiopiu.net\/wordpress\/wp-content\/uploads\/2022\/11\/ee5775b8-dbe2-4794-b9e6-88b3c0a27e70-1536x1152.jpg 1536w, https:\/\/www.radiopiu.net\/wordpress\/wp-content\/uploads\/2022\/11\/ee5775b8-dbe2-4794-b9e6-88b3c0a27e70.jpg 1600w\" sizes=\"auto, (max-width: 209px) 100vw, 209px\" \/><\/a><\/h3>\n<h3>OGGI INAUGURAZIONE DELL&#8217;ECOCENTRO<\/h3>\n<\/blockquote>\n<p><strong>AGORDO I <\/strong>\u00a0lavori in localit\u00e0 Valcozzena sono terminati. Valpe Ambiente\u00a0 inaugura oggi alle 10.30 il\u00a0 nuovo ecocentro alla presenza del sindaco Roberto Chissal\u00e8 e del direttore generale di Valpe Ambiente Srl, Michele Rasera.<\/p>\n<p>&nbsp;<\/p>\n<p>&nbsp;<\/p>\n<p>&nbsp;<\/p>\n<p>&nbsp;<\/p>\n<hr \/>\n<p>&nbsp;<\/p>\n<blockquote>\n<h3>CONSIGLI COMUNALI<\/h3>\n<\/blockquote>\n<p><strong>RIVAMONTE\u00a0<\/strong> Il sindaco Nino Deon ha convocato il consiglio comunale per oggi alle 18. All&#8217;ordine del giorno la convenzione per il potenziamento del numero di posti nel servizio di asilo nido e la revisione ordinaria delle partecipazioni possedute.<\/p>\n<p><strong>AGORDO<\/strong> Domani alle 17.30 consiglio comunale in seduta ordinaria e pubblica. Ordine del giorno: variazione al piano esecutivo di gestione; autorizzazione all&#8217;acquisizione di aree private per l&#8217;ampliamento di via Poloni; revisione ordinaria dele partecipazioni societaria detenute al 31 dicembre; approvazione convenzione per il potenziamento del numero dei posti nel servizio di asilo nido.<\/p>\n<p><strong>CANALE D&#8217;AGORDO<\/strong> Il sindaco di Canale D&#8217;Agordo Flavio Colcergnan ha convocato il consiglio comunale per domani alle 20. Quattro i punti da trattare tra cui la convenzione con altri comuni per la gestione dell&#8217;ufficio di segreteria e il regolamento comunale patrocini e concessione contributi.<\/p>\n<p>&nbsp;<\/p>\n<blockquote>\n<h3>L&#8217;ASSEMBLEA DEL BIM PIAVE<\/h3>\n<\/blockquote>\n<p><strong>BELLUNO<\/strong> L&#8217;assemblea del Consorzio dei Comuni del Bacino Imbrifero Montano del Piave \u00e8 convocata per oggi alle 14.30 in Sala Bianchi.\u00a0 Sar\u00e0 messa in approvazione la quinta variazione al bilancio di previsione 2022-24 e sar\u00e0 proposta la revisione periodica delle societ\u00e0 partecipate detenute dal 31 dicembre.<\/p>\n<p>&nbsp;<\/p>\n<hr \/>\n<p>&nbsp;<\/p>\n<p><a class=\"dt-pswp-item\" href=\"https:\/\/www.radiopiu.net\/wordpress\/wp-content\/uploads\/2022\/12\/Senza-nome-78.jpg\" data-dt-img-description=\"\" data-large_image_width=\"822\" data-large_image_height=\"722\"><img loading=\"lazy\" decoding=\"async\" class=\"size-medium wp-image-311532 aligncenter\" src=\"https:\/\/www.radiopiu.net\/wordpress\/wp-content\/uploads\/2022\/12\/Senza-nome-78-300x264.jpg\" alt=\"\" width=\"300\" height=\"264\" srcset=\"https:\/\/www.radiopiu.net\/wordpress\/wp-content\/uploads\/2022\/12\/Senza-nome-78-300x264.jpg 300w, https:\/\/www.radiopiu.net\/wordpress\/wp-content\/uploads\/2022\/12\/Senza-nome-78-768x675.jpg 768w, https:\/\/www.radiopiu.net\/wordpress\/wp-content\/uploads\/2022\/12\/Senza-nome-78.jpg 822w\" sizes=\"auto, (max-width: 300px) 100vw, 300px\" \/><\/a><\/p>\n<p>&nbsp;<\/p>\n<p>&nbsp;<\/p>\n<hr \/>\n<p>&nbsp;<\/p>\n<blockquote>\n<h3>MERCATINI DI NATALE A SOTTOGUDA<\/h3>\n<\/blockquote>\n<p><strong>ROCCA PIETORE<\/strong> Tre giorni di mercatini sotto la Marmolada. Torna a Sottoguda &#8220;Nad\u00e8l Ignanter i Tabiei&#8221; il 28, 29 e 30 dicembre dalle 13 alle 19. Mercoled\u00ec 28 alle 16 &#8220;Dolci note sotto la neve&#8221; con il Coro Sottoguda. Venerd\u00ec 30 dicembre alle 17 &#8220;Una montagna di note&#8221; con l&#8217;Orchestra Dolomiti.<\/p>\n<p><a class=\"dt-pswp-item\" href=\"https:\/\/www.radiopiu.net\/wordpress\/wp-content\/uploads\/2022\/12\/7b12f4ab-d16b-4440-9e84-3a4af82af38b.jpg\" data-dt-img-description=\"\" data-large_image_width=\"1131\" data-large_image_height=\"1600\"><img loading=\"lazy\" decoding=\"async\" class=\"size-medium wp-image-311657 aligncenter\" src=\"https:\/\/www.radiopiu.net\/wordpress\/wp-content\/uploads\/2022\/12\/7b12f4ab-d16b-4440-9e84-3a4af82af38b-212x300.jpg\" alt=\"\" width=\"212\" height=\"300\" srcset=\"https:\/\/www.radiopiu.net\/wordpress\/wp-content\/uploads\/2022\/12\/7b12f4ab-d16b-4440-9e84-3a4af82af38b-212x300.jpg 212w, https:\/\/www.radiopiu.net\/wordpress\/wp-content\/uploads\/2022\/12\/7b12f4ab-d16b-4440-9e84-3a4af82af38b-724x1024.jpg 724w, https:\/\/www.radiopiu.net\/wordpress\/wp-content\/uploads\/2022\/12\/7b12f4ab-d16b-4440-9e84-3a4af82af38b-768x1086.jpg 768w, https:\/\/www.radiopiu.net\/wordpress\/wp-content\/uploads\/2022\/12\/7b12f4ab-d16b-4440-9e84-3a4af82af38b-1086x1536.jpg 1086w, https:\/\/www.radiopiu.net\/wordpress\/wp-content\/uploads\/2022\/12\/7b12f4ab-d16b-4440-9e84-3a4af82af38b.jpg 1131w\" sizes=\"auto, (max-width: 212px) 100vw, 212px\" \/><\/a><\/p>\n<p>&nbsp;<\/p>\n<hr \/>\n<p>&nbsp;<\/p>\n<blockquote>\n<h3>TI MANCA L&#8217;INVERNO? CI PENSANO LE ATTIVITA&#8217; ECONOMICHE DI FALCADE E CAVIOLA<\/h3>\n<\/blockquote>\n<blockquote>\n<h3><a class=\"dt-pswp-item\" href=\"https:\/\/www.radiopiu.net\/wordpress\/wp-content\/uploads\/2022\/12\/Senza-nome-100.jpg\" data-dt-img-description=\"\" data-large_image_width=\"742\" data-large_image_height=\"356\"><img loading=\"lazy\" decoding=\"async\" class=\"size-medium wp-image-312733 alignleft\" src=\"https:\/\/www.radiopiu.net\/wordpress\/wp-content\/uploads\/2022\/12\/Senza-nome-100-300x144.jpg\" alt=\"\" width=\"300\" height=\"144\" srcset=\"https:\/\/www.radiopiu.net\/wordpress\/wp-content\/uploads\/2022\/12\/Senza-nome-100-300x144.jpg 300w, https:\/\/www.radiopiu.net\/wordpress\/wp-content\/uploads\/2022\/12\/Senza-nome-100.jpg 742w\" sizes=\"auto, (max-width: 300px) 100vw, 300px\" \/><\/a>MERCATINI DI NATALE A FALCADE, IN PIAZZA DEL MUNICIPIO: DAL 24 DICEMBRE ALL&#8217;8 GENNAIO DALLE 16 ALLE 19.<\/h3>\n<\/blockquote>\n<p>GLI APPUNTAMENTI IN PIAZZA DEL MUNICIPIO ACCANTO AL MERCATINO: 25 DICEMBRE DALLE 18 UNA FOTO CON BABBO NATALE, 27 DICEMBRE DALLE 18 I BALLI DEL GRUPPO FOLK VAL BIOIS, 28 DICEMBRE ALLE 20 IN CHIESA A CANALE D&#8217;AGORDO CONCERTO DI NATALE CON I RUDEMA&#8217;, 29 DICEMBRE ALLE 21 IN CHIESA A FALCADE CONCERTO IN ONORE DI DANTE MORO CON SILVIA TESSARI E L&#8217;ORCHESTRA DOLOMITI SINFONIA, 31 DICEMBRE CAPODANNO AL PARCO GIOCHI DI FALCADE, DJ SET E AREA BAR &#8211; DIRETTA SU RADIO PIU &#8211;<br \/>\nCHE INVERNO&#8230; A FALCADE E CAVIOLA<\/p>\n<p>1 GENNAIO IL BALLO DEI COSCRITTI AL PALAFALCADE, 3 GENNAIO ALLE 21 CONCERTO DEL CORO VAL BIOIS IN CHIESA A CAVIOLA CON INTERMEZZI ALL&#8217;ORGANO DI LORIS SERAFINI. IN PIAZZA DEL MUNICIPIO ACCANTO AL MERCATINO: IL 4 GENNAIO ALLE 16 APERITIVO DEI COSCRITTI DJ E AREA BAR, IL 5 GENNAIO ALLE 18 MUSICHE POPOLARI CON I TIRATAIE E PASSAGGIO DELLA BEFANA, 7 GENNAIO DALLE 18 IL GRUPPO FOLK BATI ORZ DI SAN TOMASO.<\/p>\n<blockquote>\n<h2>CHE INVERNO&#8230; A FALCADE E CAVIOLA<\/h2>\n<\/blockquote>\n<p>&nbsp;<\/p>\n<hr \/>\n<p>&nbsp;<\/p>\n<blockquote>\n<h3>IN BASILICA DI SAN MARTINO<\/h3>\n<\/blockquote>\n<p><strong>BELLUNO<\/strong> Oggi\u00a0 alle 19, il Circolo Culturale Bellunese chiude la stagione regalando con\u00a0 l&#8217;esecuzione della Messa in si minore\u00a0 di Johann Sebastian Bach, diretta dal Maestro Andrea Marcon con l&#8217;orchestra Frau Musika accompagnata dal Coro del Friuli Venezia Giulia<\/p>\n<p>&nbsp;<\/p>\n<p>&nbsp;<\/p>\n<p>&nbsp;<\/p>\n<hr \/>\n<p>&nbsp;<\/p>\n<blockquote>\n<h3>I PRESEPI DEI COLMIEI E DE LE VILE<\/h3>\n<\/blockquote>\n<p><strong>CANALE D&#8217;AGORDO<\/strong> Torna a Canale D&#8217;Agordo anche quest&#8217;inverno l&#8217;iniziativa <b><i>&#8220;I Presepi dei Colmi\u00e9i e de le V\u00ecle&#8221;<\/i><\/b>. Si tratta della 3\u00b0 edizione di una tradizione che \u00e8 stata ripresa dal passato e che coinvolge la Comunit\u00e0 di Canale d&#8217;Agordo: ogni Colm\u00e8l (=quartiere) realizza un presepe secondo il proprio ingegno e la propria creativit\u00e0, in un percorso lungo le vie di questo borgo suggestivo della Valle del Biois. La mappa delle postazioni \u00e8 consultabile inquadrando il QR Code sui manifesti, mentre la cartina \u00e8 disponibile in formato cartaceo presso l&#8217;ufficio informazioni al Museo Albino Luciani, aperto dal 23.12 tutti i giorni fino al 08.01 (tranne il 25.12, il 31.12 pomeriggio e il 01.01 mattina).<\/p>\n<p>&nbsp;<\/p>\n<p>&nbsp;<\/p>\n<hr \/>\n<p>&nbsp;<\/p>\n<blockquote>\n<h3>CONCERTO DI NATALE PER IL PERSONALE DELL&#8217;OSPEDALE DI AGORDO<\/h3>\n<\/blockquote>\n<p><strong><a class=\"dt-pswp-item\" href=\"https:\/\/www.radiopiu.net\/wordpress\/wp-content\/uploads\/2022\/12\/AGORDO-I-tre-fratelli-Bosio.jpg\" data-dt-img-description=\"\" data-large_image_width=\"1024\" data-large_image_height=\"641\"><img loading=\"lazy\" decoding=\"async\" class=\"size-medium wp-image-312531 alignleft\" src=\"https:\/\/www.radiopiu.net\/wordpress\/wp-content\/uploads\/2022\/12\/AGORDO-I-tre-fratelli-Bosio-300x188.jpg\" alt=\"\" width=\"300\" height=\"188\" srcset=\"https:\/\/www.radiopiu.net\/wordpress\/wp-content\/uploads\/2022\/12\/AGORDO-I-tre-fratelli-Bosio-300x188.jpg 300w, https:\/\/www.radiopiu.net\/wordpress\/wp-content\/uploads\/2022\/12\/AGORDO-I-tre-fratelli-Bosio-768x481.jpg 768w, https:\/\/www.radiopiu.net\/wordpress\/wp-content\/uploads\/2022\/12\/AGORDO-I-tre-fratelli-Bosio.jpg 1024w\" sizes=\"auto, (max-width: 300px) 100vw, 300px\" \/><\/a>AGORDO <\/strong>Si chiude con un significativo evento l\u2019intensa stagione 2022 del Circolo culturale agordino, presieduto da Lionella Tonet. Se quest\u2019anno, per cause di forza maggiore (cambio della direzione) il Coro Agordo ha dovuto rimandare il tradizionale Concerto di S.Stefano in Arcidiconale, sar\u00e0 la sala don Tamis ad ospitare un inedito Concerto di Natale promosso dal Circolo culturale in collaborazione con Agordo Musica e il patrocinio del Comune di Agordo e dell\u2019Unione montana agordina. Un concerto dal duplice interesse e richiamo quello programmato per mercoled\u00ec 28 dicembre, alle 20:30. Anzitutto perch\u00e9 saranno protagonisti tre affermati musicisti torinesi, tre fratelli che, ricordando le origini agordine della mamma Loredana (figlia di una delle tre sorelle Rosson che fino a inizio anni \u201960 del secolo scorso hanno gestito il Caff\u00e8 Posta in Riva dei Paci, oggi via Rova), hanno voluto fare un omaggio della loro arte ad Agordo e agli agordini proprio in occasione del Natale. Quindi perch\u00e9, con ammirevole sensibilit\u00e0, Lionella Tonet e collaboratori hanno inteso dedicare il concerto al personale dell\u2019ospedale di Agordo in segno di riconoscenza per l\u2019impegno profuso con generosit\u00e0 e professionalit\u00e0 durante la pandemia. In tale occasione i tre fratelli Bosio: Ombretta, mezzosoprano, Nausicaa al pianoforte e Niccol\u00f2 alla fisarmonica, si esibiranno in un vasto repertorio musicale, diviso in tre parti, proponendo opere di vari autori lirici, fra cui Bellini, Bizet, Czardas, Lehar, Piazzolla. Ma ci sar\u00e0 spazio vocale anche per brani di Ripp, Marf, Piaff e Arlen, mentre la chiusura sar\u00e0 tutta nell\u2019atmosfera natalizia con l\u2019Ave Maria di Gounod, la Ninna nanna di Ges\u00f9 Bambino di Sinigaglia, Wiegenlied, Ninna nanna di Brahms, Stille Nacht di Gruber e White Christmas di Berlin. Foto: AGORDO \u2013 I tre fratelli Bosio di origini agordine: Nausicaa (pianoforte), Niccol\u00f2 (fisarmonica) e Ombretta (mezzosoprano).<\/p>\n<p>&nbsp;<\/p>\n<hr \/>\n<p>&nbsp;<\/p>\n<blockquote>\n<h3>GLI AUGURI DI NATALE DALL&#8217;ASSOCIAZIONE DANZA AGORDINA<\/h3>\n<\/blockquote>\n<p><strong>REDAZIONE<\/strong> Anche quest&#8217;anno l&#8217;Associazione Danza Agordina ha preparato un video per augurare a tutti buon Natale.<\/p>\n<div style=\"width: 1200px;\" class=\"wp-video\"><video class=\"wp-video-shortcode\" id=\"video-312589-1\" width=\"1200\" height=\"675\" preload=\"metadata\" controls=\"controls\"><source type=\"video\/mp4\" src=\"https:\/\/www.radiopiu.net\/wordpress\/wp-content\/uploads\/2022\/12\/Video-saggio-Natale-ada.mp4?_=1\" \/><a href=\"https:\/\/www.radiopiu.net\/wordpress\/wp-content\/uploads\/2022\/12\/Video-saggio-Natale-ada.mp4\">https:\/\/www.radiopiu.net\/wordpress\/wp-content\/uploads\/2022\/12\/Video-saggio-Natale-ada.mp4<\/a><\/video><\/div>\n<p>&nbsp;<\/p>\n<p>&nbsp;<\/p>\n<p>&nbsp;<\/p>\n<p>&nbsp;<\/p>\n<hr \/>\n<p>&nbsp;<\/p>\n<blockquote>\n<h3>QUATTRO APPUNTAMENTI CON GLI AMICI DEL NEVEGAL<\/h3>\n<\/blockquote>\n<p><strong>Mercoled\u00ec 28 dicembre<\/strong> alle 17\u00a0 in Sala Congressi le Torri in Nevegal incontro di fine anno con lo scambio di auguri\u00a0 a seguire cena per soci e simpatizzanti. <strong>Marted\u00ec 3 gennaio<\/strong> alle 20.30, sempre in Sala Congressi, la scrittrice-alpinista Antonella Giacomini presenta\u00a0 il suo libro\u201c Volevo vedere la Tundra \u201c con filmato. <strong>Gioved\u00ec 5 gennaio<\/strong> alle 20.30 al Santuario Maria Immacolata vi sar\u00e0 una serata allietata dal coro \u201c Voci in Valle \u201c di Sedico.<br \/>\n<strong>Sabato 7 gennaio<\/strong> alle 17.30\u00a0 camminata in notturna con cena al Rifugio Bristot.<\/p>\n<p>&nbsp;<\/p>\n<p>&nbsp;<\/p>\n<hr \/>\n<p>&nbsp;<\/p>\n<blockquote>\n<h3><span style=\"font-size: medium;\"><b><a class=\"dt-pswp-item\" href=\"https:\/\/www.radiopiu.net\/wordpress\/wp-content\/uploads\/2022\/12\/COPERTINA_calendario_ABM2023.jpg\" data-dt-img-description=\"\" data-large_image_width=\"1400\" data-large_image_height=\"1384\"><img loading=\"lazy\" decoding=\"async\" class=\" wp-image-312672 alignleft\" src=\"https:\/\/www.radiopiu.net\/wordpress\/wp-content\/uploads\/2022\/12\/COPERTINA_calendario_ABM2023-300x297.jpg\" alt=\"\" width=\"165\" height=\"163\" srcset=\"https:\/\/www.radiopiu.net\/wordpress\/wp-content\/uploads\/2022\/12\/COPERTINA_calendario_ABM2023-300x297.jpg 300w, https:\/\/www.radiopiu.net\/wordpress\/wp-content\/uploads\/2022\/12\/COPERTINA_calendario_ABM2023-1024x1012.jpg 1024w, https:\/\/www.radiopiu.net\/wordpress\/wp-content\/uploads\/2022\/12\/COPERTINA_calendario_ABM2023-768x759.jpg 768w, https:\/\/www.radiopiu.net\/wordpress\/wp-content\/uploads\/2022\/12\/COPERTINA_calendario_ABM2023.jpg 1400w\" sizes=\"auto, (max-width: 165px) 100vw, 165px\" \/><\/a>Il calendario 2023 dell\u2019Associazione Bellunesi nel Mondo <\/b><b>dedicato ai 30 anni del Parco Nazionale Dolomiti Bellunesi<\/b><\/span><\/h3>\n<\/blockquote>\n<p><strong>BELLUNO<\/strong> \u00a0Anche quest\u2019anno l\u2019Associazione Bellunesi nel Mondo ha voluto rispettare l\u2019appuntamento con i propri associati realizzando un calendario che, soprattutto per chi vive lontano, \u00e8 una boccata d\u2019ossigeno e li fa sentire pi\u00f9 vicini alla terra d\u2019origine. La presentazione del calendario si \u00e8 tenuta\u00a0 nella sede dell\u2019Associazione Bellunesi nel Mondo, con la presenza del presidente Abm Oscar De Bona e del presidente del Parco Nazionale Dolomiti Bellunesi Ennio Vigne. Tra i mammiferi che vivono nel Parco ci sono volpi, tassi, marmotte, scoiattoli e gatti selvatici. Sono 116 le specie di uccelli che si riproducono nel Parco. Una biodiversit\u00e0 unica e straordinaria, che Bruno Boz e Ivan Mazzon, appassionati naturalisti e fotografi che collaborano da anni con il Parco, ritraggono in splendide immagini. Bruno e Ivan hanno estratto dal loro archivio dodici fotografie, in cui gli abitanti del Parco compaiono in coppia, e saranno loro a tenerci compagnia nel corso del 2023.<\/p>\n<p>&nbsp;<\/p>\n<p>&nbsp;<\/p>\n<hr \/>\n<p>&nbsp;<\/p>\n<div>\n<div class=\"b654a4as d2edcug0\">\n<div class=\"rq0escxv hkbzh7o3 jwdofwj8 n8tt0mok r8blr3vg hyh9befq\">\n<p><a class=\"dt-pswp-item\" href=\"https:\/\/www.radiopiu.net\/wordpress\/wp-content\/uploads\/2020\/10\/pp.jpg\" data-dt-img-description=\"\" data-large_image_width=\"640\" data-large_image_height=\"640\"><img loading=\"lazy\" decoding=\"async\" class=\"wp-image-163678 alignleft\" src=\"https:\/\/www.radiopiu.net\/wordpress\/wp-content\/uploads\/2020\/10\/pp-300x300.jpg\" alt=\"\" width=\"106\" height=\"106\" srcset=\"https:\/\/www.radiopiu.net\/wordpress\/wp-content\/uploads\/2020\/10\/pp-300x300.jpg 300w, https:\/\/www.radiopiu.net\/wordpress\/wp-content\/uploads\/2020\/10\/pp-150x150.jpg 150w, https:\/\/www.radiopiu.net\/wordpress\/wp-content\/uploads\/2020\/10\/pp-125x125.jpg 125w, https:\/\/www.radiopiu.net\/wordpress\/wp-content\/uploads\/2020\/10\/pp-200x200.jpg 200w, https:\/\/www.radiopiu.net\/wordpress\/wp-content\/uploads\/2020\/10\/pp-80x80.jpg 80w, https:\/\/www.radiopiu.net\/wordpress\/wp-content\/uploads\/2020\/10\/pp-480x480.jpg 480w, https:\/\/www.radiopiu.net\/wordpress\/wp-content\/uploads\/2020\/10\/pp.jpg 640w\" sizes=\"auto, (max-width: 106px) 100vw, 106px\" \/><\/a><\/p>\n<\/div>\n<\/div>\n<\/div>\n<div>\n<div class=\"page-title-head hgroup\">\n<div class=\"page-title-head hgroup\">\n<div class=\"b654a4as d2edcug0\">\n<div class=\"j83agx80 btwxx1t3 lhclo0ds hop8lmos nkwizq5d scwd0bx6 roh60bw9\">\n<div class=\"rq0escxv hkbzh7o3 jwdofwj8 n8tt0mok r8blr3vg hyh9befq\">\n<div class=\"do00u71z l9j0dhe7 k4urcfbm\" style=\"text-align: left;\">\n<h2><span style=\"color: #000080;\">DON CESARE, IL PENSIERO DEL GIORNO. ALLA RADIO ALLE 7 DEL MATTINO E ALLE 19.30 DELLA SERA\u00a0<\/span><\/h2>\n<audio class=\"wp-audio-shortcode\" id=\"audio-312589-9\" preload=\"none\" style=\"width: 100%;\" controls=\"controls\"><source type=\"audio\/mpeg\" src=\"https:\/\/www.radiopiu.net\/wordpress\/wp-content\/uploads\/2022\/12\/CESARE-14.mp3?_=9\" \/><a href=\"https:\/\/www.radiopiu.net\/wordpress\/wp-content\/uploads\/2022\/12\/CESARE-14.mp3\">https:\/\/www.radiopiu.net\/wordpress\/wp-content\/uploads\/2022\/12\/CESARE-14.mp3<\/a><\/audio>\n<p>&nbsp;<\/p>\n<hr \/>\n<p>&nbsp;<\/p>\n<blockquote>\n<h2>SCIONA GIOIOSA DI NATALE, DI JOHN FRANCIS DELLA PIETRA<\/h2>\n<\/blockquote>\n<p>&nbsp;<\/p>\n<p>AUDIO<\/p>\n<audio class=\"wp-audio-shortcode\" id=\"audio-312589-10\" preload=\"none\" style=\"width: 100%;\" controls=\"controls\"><source type=\"audio\/mpeg\" src=\"https:\/\/www.radiopiu.net\/wordpress\/wp-content\/uploads\/2022\/12\/john.mp3?_=10\" \/><a href=\"https:\/\/www.radiopiu.net\/wordpress\/wp-content\/uploads\/2022\/12\/john.mp3\">https:\/\/www.radiopiu.net\/wordpress\/wp-content\/uploads\/2022\/12\/john.mp3<\/a><\/audio>\n<p>&nbsp;<\/p>\n<p>&nbsp;<\/p>\n<p><strong><a class=\"dt-pswp-item\" href=\"https:\/\/www.radiopiu.net\/wordpress\/wp-content\/uploads\/2022\/12\/05bad240-82e1-46e4-8386-52cf81a9557b.jpg\" data-dt-img-description=\"\" data-large_image_width=\"1200\" data-large_image_height=\"1600\"><img loading=\"lazy\" decoding=\"async\" class=\"size-medium wp-image-312709 alignleft\" src=\"https:\/\/www.radiopiu.net\/wordpress\/wp-content\/uploads\/2022\/12\/05bad240-82e1-46e4-8386-52cf81a9557b-225x300.jpg\" alt=\"\" width=\"225\" height=\"300\" srcset=\"https:\/\/www.radiopiu.net\/wordpress\/wp-content\/uploads\/2022\/12\/05bad240-82e1-46e4-8386-52cf81a9557b-225x300.jpg 225w, https:\/\/www.radiopiu.net\/wordpress\/wp-content\/uploads\/2022\/12\/05bad240-82e1-46e4-8386-52cf81a9557b-768x1024.jpg 768w, https:\/\/www.radiopiu.net\/wordpress\/wp-content\/uploads\/2022\/12\/05bad240-82e1-46e4-8386-52cf81a9557b-1152x1536.jpg 1152w, https:\/\/www.radiopiu.net\/wordpress\/wp-content\/uploads\/2022\/12\/05bad240-82e1-46e4-8386-52cf81a9557b.jpg 1200w\" sizes=\"auto, (max-width: 225px) 100vw, 225px\" \/><\/a>Ultim&#8217;ora<\/strong><\/p>\n<p><strong>trovato questa sera sotto una casa di Celat il babbo natale con la febbre alta vittima anche lui dell&#8217;influenza<\/strong><\/p>\n<p><strong>Il mondo dei doni sotto choc nessuno far\u00e0 la tradizionale distribuzione a meno di un miracolo della medicina<\/strong><\/p>\n<p><strong>Visti alcuni buoni samaritani che lo accudivano per\u00f2 con antichi metodi naturali<\/strong><\/p>\n<p><strong>Confidiamo nel loro sapiente intervento per scongiurare festivit\u00e0 in miseria senza doni&#8230;<\/strong><\/p>\n\n\t\t\t<style type='text\/css'>\n\t\t\t\t#gallery-5 {\n\t\t\t\t\tmargin: auto;\n\t\t\t\t}\n\t\t\t\t#gallery-5 .gallery-item {\n\t\t\t\t\tfloat: left;\n\t\t\t\t\tmargin-top: 10px;\n\t\t\t\t\ttext-align: center;\n\t\t\t\t\twidth: 25%;\n\t\t\t\t}\n\t\t\t\t#gallery-5 img {\n\t\t\t\t\tborder: 2px solid #cfcfcf;\n\t\t\t\t}\n\t\t\t\t#gallery-5 .gallery-caption {\n\t\t\t\t\tmargin-left: 0;\n\t\t\t\t}\n\t\t\t\t\/* see gallery_shortcode() in wp-includes\/media.php *\/\n\t\t\t<\/style>\n\t\t<div id='gallery-5' class='dt-gallery-container gallery galleryid-312589 gallery-columns-4 gallery-size-thumbnail'><dl class='gallery-item'>\n\t\t\t\t<dt class='gallery-icon portrait'>\n\t\t\t\t\t<a class=\"rollover rollover-zoom dt-pswp-item\" title=\"604fc3e9-c4b7-4870-813b-b10aeff81464\" data-dt-img-description=\"\" data-large_image_width=\"1200\" data-large_image_height=\"1600\"href='https:\/\/www.radiopiu.net\/wordpress\/wp-content\/uploads\/2022\/12\/604fc3e9-c4b7-4870-813b-b10aeff81464.jpg'><img loading=\"lazy\" decoding=\"async\" width=\"150\" height=\"150\" src=\"https:\/\/www.radiopiu.net\/wordpress\/wp-content\/uploads\/2022\/12\/604fc3e9-c4b7-4870-813b-b10aeff81464-150x150.jpg\" class=\"attachment-thumbnail size-thumbnail\" alt=\"\" \/><\/a>\n\t\t\t\t<\/dt><\/dl><dl class='gallery-item'>\n\t\t\t\t<dt class='gallery-icon landscape'>\n\t\t\t\t\t<a class=\"rollover rollover-zoom dt-pswp-item\" title=\"9ec634e4-929e-4400-8eee-38f487564641\" data-dt-img-description=\"\" data-large_image_width=\"1600\" data-large_image_height=\"1200\"href='https:\/\/www.radiopiu.net\/wordpress\/wp-content\/uploads\/2022\/12\/9ec634e4-929e-4400-8eee-38f487564641.jpg'><img loading=\"lazy\" decoding=\"async\" width=\"150\" height=\"150\" src=\"https:\/\/www.radiopiu.net\/wordpress\/wp-content\/uploads\/2022\/12\/9ec634e4-929e-4400-8eee-38f487564641-150x150.jpg\" class=\"attachment-thumbnail size-thumbnail\" alt=\"\" \/><\/a>\n\t\t\t\t<\/dt><\/dl><dl class='gallery-item'>\n\t\t\t\t<dt class='gallery-icon portrait'>\n\t\t\t\t\t<a class=\"rollover rollover-zoom dt-pswp-item\" title=\"f83fa9d1-cc42-4e40-b6b7-4e1c7cccc638\" data-dt-img-description=\"\" data-large_image_width=\"1200\" data-large_image_height=\"1600\"href='https:\/\/www.radiopiu.net\/wordpress\/wp-content\/uploads\/2022\/12\/f83fa9d1-cc42-4e40-b6b7-4e1c7cccc638.jpg'><img loading=\"lazy\" decoding=\"async\" width=\"150\" height=\"150\" src=\"https:\/\/www.radiopiu.net\/wordpress\/wp-content\/uploads\/2022\/12\/f83fa9d1-cc42-4e40-b6b7-4e1c7cccc638-150x150.jpg\" class=\"attachment-thumbnail size-thumbnail\" alt=\"\" \/><\/a>\n\t\t\t\t<\/dt><\/dl><dl class='gallery-item'>\n\t\t\t\t<dt class='gallery-icon portrait'>\n\t\t\t\t\t<a class=\"rollover rollover-zoom dt-pswp-item\" title=\"ba0587a7-313b-4085-a501-e0f5ae917453\" data-dt-img-description=\"\" data-large_image_width=\"1200\" data-large_image_height=\"1600\"href='https:\/\/www.radiopiu.net\/wordpress\/wp-content\/uploads\/2022\/12\/ba0587a7-313b-4085-a501-e0f5ae917453.jpg'><img loading=\"lazy\" decoding=\"async\" width=\"150\" height=\"150\" src=\"https:\/\/www.radiopiu.net\/wordpress\/wp-content\/uploads\/2022\/12\/ba0587a7-313b-4085-a501-e0f5ae917453-150x150.jpg\" class=\"attachment-thumbnail size-thumbnail\" alt=\"\" \/><\/a>\n\t\t\t\t<\/dt><\/dl><br style=\"clear: both\" \/>\n\t\t\t<\/div>\n\n<p>&nbsp;<\/p>\n<p>&nbsp;<\/p>\n<\/div>\n<\/div>\n<\/div>\n<\/div>\n<\/div>\n<\/div>\n<\/div>\n<hr \/>\n<p>&nbsp;<\/p>\n<h2><span style=\"color: #ff00ff;\">IN VIVO VERSO\u00a0<\/span><\/h2>\n<blockquote>\n<h3>GLI OCCHI SUL MONDO di PAOLO DE TOFFOL<\/h3>\n<\/blockquote>\n<p><strong>AUDIO<\/strong><\/p>\n<audio class=\"wp-audio-shortcode\" id=\"audio-312589-11\" preload=\"none\" style=\"width: 100%;\" controls=\"controls\"><source type=\"audio\/mpeg\" src=\"https:\/\/www.radiopiu.net\/wordpress\/wp-content\/uploads\/2022\/12\/02-PAOLO-DE-TOFFOL-GLI-OCCHI-SUL-MONDO.mp3?_=11\" \/><a href=\"https:\/\/www.radiopiu.net\/wordpress\/wp-content\/uploads\/2022\/12\/02-PAOLO-DE-TOFFOL-GLI-OCCHI-SUL-MONDO.mp3\">https:\/\/www.radiopiu.net\/wordpress\/wp-content\/uploads\/2022\/12\/02-PAOLO-DE-TOFFOL-GLI-OCCHI-SUL-MONDO.mp3<\/a><\/audio>\n<p>&nbsp;<\/p>\n<p><img loading=\"lazy\" decoding=\"async\" class=\"alignleft\" src=\"https:\/\/www.radiopiu.net\/wordpress\/wp-content\/uploads\/2022\/12\/bb4934de-dabc-4e8f-8b0f-371609928e27.jpg\" width=\"203\" height=\"207\" \/><strong>Paolo De Toffol<\/strong><br \/>\n<strong>GLI OCCHI SUL MONDO<\/strong><\/p>\n<p>Sono appunti lasciati in sospeso<br \/>\nche tracciano la via alla filosofia dell\u2019anima.<br \/>\nSono attimi di follia<br \/>\nove niente \u00e8 come sembra<br \/>\ne dove tutto \u00e8 come necessita.<br \/>\nMentre ricordi e idee si confondono<br \/>\nnelle fluide possibilit\u00e0<br \/>\ndel caleidoscopico divenire<br \/>\nuna voce mi strappa dal mondo<br \/>\nper farmi conoscere il mondo.<br \/>\nSon tempi imperlati di rabbia e dolore,<br \/>\ndi verit\u00e0 graffianti<br \/>\ne paure bardate d\u2019acciaio.<br \/>\nMai cos\u00ec aperti gli occhi sul mondo<br \/>\nassorbono trame d\u2019oscenit\u00e0 infami.<br \/>\n\u00c8 questo il momento di tuffarsi nella verit\u00e0<br \/>\no di ritrarsi nella prigione dell\u2019ignavia.<\/p>\n<p>&nbsp;<\/p>\n<p><strong>LA <\/strong><strong>RACCOLTA COMPLETA<\/strong><\/p>\n<blockquote class=\"wp-embedded-content\" data-secret=\"jEqmIcp6GD\"><p><a href=\"https:\/\/www.radiopiu.net\/wordpress\/in-vivo-verso\/\">In Vivo Verso<\/a><\/p><\/blockquote>\n<p><iframe loading=\"lazy\" class=\"wp-embedded-content\" sandbox=\"allow-scripts\" security=\"restricted\" style=\"position: absolute; clip: rect(1px, 1px, 1px, 1px);\" title=\"&#8220;In Vivo Verso&#8221; &#8212; Radio Pi\u00f9\" src=\"https:\/\/www.radiopiu.net\/wordpress\/in-vivo-verso\/embed\/#?secret=cX8hHPJFFA#?secret=jEqmIcp6GD\" data-secret=\"jEqmIcp6GD\" width=\"600\" height=\"338\" frameborder=\"0\" marginwidth=\"0\" marginheight=\"0\" scrolling=\"no\"><\/iframe><\/p>\n<p>&nbsp;<\/p>\n<hr \/>\n<p>&nbsp;<\/p>\n<p><strong>di ERIK LENA\u00a0 https:\/\/www.youtube.com\/@Lenaerikfoto<\/strong><\/p>\n<p><iframe loading=\"lazy\" title=\"Passo Giau | FPV Drone | Inverno | 4k HDR | Alta Definizione\" width=\"1200\" height=\"675\" src=\"https:\/\/www.youtube.com\/embed\/GZf50TgIMXE?feature=oembed\" frameborder=\"0\" allow=\"accelerometer; autoplay; clipboard-write; encrypted-media; gyroscope; picture-in-picture\" allowfullscreen><\/iframe><\/p>\n<div id=\"info-container\" class=\"style-scope ytd-watch-metadata\">\n<p><span class=\"style-scope yt-formatted-string bold\" dir=\"auto\">Trasmesso in anteprima il giorno 18 dic 2022<\/span> <a class=\"yt-simple-endpoint style-scope yt-formatted-string bold\" dir=\"auto\" spellcheck=\"false\" href=\"https:\/\/www.youtube.com\/results?search_query=Passo+di+Giau&amp;sp=EiG4AQHCARtDaElKYjNLMDNjaEplRWNSd1ROYjJJaUhNMjQ%253D\">PASSO DI GIAU<\/a>\u00a0 \u00a0<span class=\"style-scope yt-formatted-string\" dir=\"auto\">Sono stato dopo una nevicata in cima al passo per fare alcune fotografie, ho deciso di ritentare una salita gi\u00e0 effettuata in estate con il drone FPV, arrivare in cima al monte Ragusela e al suo magnifico rifugio in vetta. Ho deciso di riprendere il tutto per portarvi con me fino l&#8217;ass\u00f9 il paesaggio \u00e8 davvero suggestivo. Dal passo al rifugio sono pi\u00f9 di 2km in volo, il dislivello, il vento, il freddo e la distanza sono fattori decisivi che mettono drone e pilota sotto stress e dove un&#8217;attrezzatura comune non \u00e8 sufficiente.<\/span><\/p>\n<\/div>\n<p>&nbsp;<\/p>\n<hr \/>\n<p>&nbsp;<\/p>\n<h2><\/h2>\n<blockquote>\n<h3>LO SPECIALE SU RICCARDO BEE A 40 ANNI DALLA SUA SCOMPARSA<\/h3>\n<\/blockquote>\n<p><strong><a class=\"dt-pswp-item\" href=\"https:\/\/www.radiopiu.net\/wordpress\/wp-content\/uploads\/2022\/12\/65d2ce79-cc7f-4db9-ad6c-3ea1f67fa5ac.jpg\" data-dt-img-description=\"\" data-large_image_width=\"1549\" data-large_image_height=\"1092\"><img loading=\"lazy\" decoding=\"async\" class=\" wp-image-312399 alignleft\" src=\"https:\/\/www.radiopiu.net\/wordpress\/wp-content\/uploads\/2022\/12\/65d2ce79-cc7f-4db9-ad6c-3ea1f67fa5ac-300x211.jpg\" alt=\"\" width=\"200\" height=\"141\" srcset=\"https:\/\/www.radiopiu.net\/wordpress\/wp-content\/uploads\/2022\/12\/65d2ce79-cc7f-4db9-ad6c-3ea1f67fa5ac-300x211.jpg 300w, https:\/\/www.radiopiu.net\/wordpress\/wp-content\/uploads\/2022\/12\/65d2ce79-cc7f-4db9-ad6c-3ea1f67fa5ac-1024x722.jpg 1024w, https:\/\/www.radiopiu.net\/wordpress\/wp-content\/uploads\/2022\/12\/65d2ce79-cc7f-4db9-ad6c-3ea1f67fa5ac-768x541.jpg 768w, https:\/\/www.radiopiu.net\/wordpress\/wp-content\/uploads\/2022\/12\/65d2ce79-cc7f-4db9-ad6c-3ea1f67fa5ac-1536x1083.jpg 1536w, https:\/\/www.radiopiu.net\/wordpress\/wp-content\/uploads\/2022\/12\/65d2ce79-cc7f-4db9-ad6c-3ea1f67fa5ac.jpg 1549w\" sizes=\"auto, (max-width: 200px) 100vw, 200px\" \/><\/a>di Claudio Pra<\/strong><\/p>\n<p>A 40 anni dalla scomparsa di Riccardo Bee uno speciale alla radio. Era il 1982 quando Bee mor\u00ec sul monte Agner<\/p>\n<audio class=\"wp-audio-shortcode\" id=\"audio-312589-12\" preload=\"none\" style=\"width: 100%;\" controls=\"controls\"><source type=\"audio\/mpeg\" src=\"https:\/\/www.radiopiu.net\/wordpress\/wp-content\/uploads\/2022\/12\/CLAUDIO-PRA-SPECIALE.mp3?_=12\" \/><a href=\"https:\/\/www.radiopiu.net\/wordpress\/wp-content\/uploads\/2022\/12\/CLAUDIO-PRA-SPECIALE.mp3\">https:\/\/www.radiopiu.net\/wordpress\/wp-content\/uploads\/2022\/12\/CLAUDIO-PRA-SPECIALE.mp3<\/a><\/audio>\n<p>&nbsp;<\/p>\n<p>&nbsp;<\/p>\n<hr \/>\n<p>&nbsp;<\/p>\n<p><img loading=\"lazy\" decoding=\"async\" class=\"aligncenter wp-image-61954 size-full\" src=\"https:\/\/www.radiopiu.net\/wordpress\/wp-content\/uploads\/2018\/09\/viabilita.jpeg\" sizes=\"auto, (max-width: 800px) 100vw, 800px\" srcset=\"https:\/\/www.radiopiu.net\/wordpress\/wp-content\/uploads\/2018\/09\/viabilita.jpeg 800w, https:\/\/www.radiopiu.net\/wordpress\/wp-content\/uploads\/2018\/09\/viabilita-300x38.jpeg 300w, https:\/\/www.radiopiu.net\/wordpress\/wp-content\/uploads\/2018\/09\/viabilita-768x96.jpeg 768w\" alt=\"\" width=\"800\" height=\"100\" \/><\/p>\n<p>&nbsp;<\/p>\n<p>&nbsp;<\/p>\n<p><strong>AGGIORNAMENTO VENETO STRADE, AGGIORNAMENTO CONTINUO H 24<\/strong><\/p>\n<p>&nbsp;<\/p>\n<blockquote class=\"wp-embedded-content\" data-secret=\"oYVe5Btp1r\"><p><a href=\"https:\/\/www.radiopiu.net\/wordpress\/viabilita\/\">viabilita<\/a><\/p><\/blockquote>\n<p><iframe loading=\"lazy\" class=\"wp-embedded-content\" sandbox=\"allow-scripts\" security=\"restricted\" style=\"position: absolute; clip: rect(1px, 1px, 1px, 1px);\" title=\"&#8220;viabilita&#8221; &#8212; Radio Pi\u00f9\" src=\"https:\/\/www.radiopiu.net\/wordpress\/viabilita\/embed\/#?secret=BGDoVqvbcT#?secret=oYVe5Btp1r\" data-secret=\"oYVe5Btp1r\" width=\"600\" height=\"338\" frameborder=\"0\" marginwidth=\"0\" marginheight=\"0\" scrolling=\"no\"><\/iframe><\/p>\n<p>&nbsp;<\/p>\n<p>&nbsp;<\/p>\n<p>&nbsp;<\/p>\n<hr \/>\n<p>&nbsp;<\/p>\n<p><a class=\"dt-pswp-item\" href=\"https:\/\/www.radiopiu.net\/wordpress\/wp-content\/uploads\/2018\/09\/WhatsApp-Image-2018-09-20-at-16.04.06.jpeg\" data-dt-img-description=\"\" data-large_image_width=\"800\" data-large_image_height=\"100\"><img loading=\"lazy\" decoding=\"async\" class=\"wp-image-61378 size-full aligncenter\" src=\"https:\/\/www.radiopiu.net\/wordpress\/wp-content\/uploads\/2018\/09\/WhatsApp-Image-2018-09-20-at-16.04.06.jpeg\" alt=\"\" width=\"800\" height=\"100\" srcset=\"https:\/\/www.radiopiu.net\/wordpress\/wp-content\/uploads\/2018\/09\/WhatsApp-Image-2018-09-20-at-16.04.06.jpeg 800w, https:\/\/www.radiopiu.net\/wordpress\/wp-content\/uploads\/2018\/09\/WhatsApp-Image-2018-09-20-at-16.04.06-300x38.jpeg 300w, https:\/\/www.radiopiu.net\/wordpress\/wp-content\/uploads\/2018\/09\/WhatsApp-Image-2018-09-20-at-16.04.06-768x96.jpeg 768w\" sizes=\"auto, (max-width: 800px) 100vw, 800px\" \/><\/a><\/p>\n<p>&nbsp;<\/p>\n<p><center><\/center><center><b>OGGI<\/b><\/center><b>Tempo atteso: <\/b>Fino a met\u00e0 pomeriggio cielo per lo pi\u00f9 nuvoloso, anche per nubi basse su Prealpi. A seguire irregolari schiarite via via pi\u00f9 ampie verso sera.<br \/>\n<b>Precipitazioni: <\/b>Sui settori prealpini occidentali possibile qualche pioviggine o debole pioggia (10-30%), altrove qualche goccia qua \u00e8 la non \u00e8 del tutto esclusa tra il mezzogiorno e met\u00e0 pomeriggio (10%) con qualche fiocco di neve oltre i 2000 m.<br \/>\n<b>Temperature: <\/b>Temperature in calo in quota, stazionarie o in lieve aumento a fondovalle<\/p>\n<hr \/>\n<p><center><b>DOMANI<\/b><\/center><b>Tempo atteso: <\/b>Poco nuvoloso per qualche velatura via via pi\u00f9 estesa verso sera. Nei fondovalle prealpini possibili nebbie\/nubi basse fino al mattino.<br \/>\n<b>Precipitazioni: <\/b>Assenti (0%)<br \/>\n<b>Temperature: <\/b>Temperature in generale temporaneo calo in quota, in aumento a fondovalle<\/p>\n<hr \/>\n<p><center><b>VENERDI<\/b><\/center>Parzialmente soleggiato per il transito di nubi alte a tratti anche estese. Sui settori prealpini esposti alla pianura possibili nubi basse nel pomeriggio\/sera. Temperature in aumento in quota.<\/p>\n<hr \/>\n<p><center><b>SABATO<\/b><\/center>Persistono condizioni di tempo stabile, soleggiato con il transito di nubi alte. Temperature in lieve calo in alta quota, in lieve aumento le massime alle quote pi\u00f9 basse.<\/p>\n<p>&nbsp;<\/p>\n<hr \/>\n<p>&nbsp;<\/p>\n<p>&nbsp;<\/p>\n<p><a class=\"dt-pswp-item\" href=\"https:\/\/www.radiopiu.net\/wordpress\/wp-content\/uploads\/2018\/09\/sport.jpg\" data-dt-img-description=\"\" data-large_image_width=\"800\" data-large_image_height=\"100\"><img loading=\"lazy\" decoding=\"async\" class=\"aligncenter wp-image-60761 size-full\" src=\"https:\/\/www.radiopiu.net\/wordpress\/wp-content\/uploads\/2018\/09\/sport.jpg\" alt=\"\" width=\"800\" height=\"100\" srcset=\"https:\/\/www.radiopiu.net\/wordpress\/wp-content\/uploads\/2018\/09\/sport.jpg 800w, https:\/\/www.radiopiu.net\/wordpress\/wp-content\/uploads\/2018\/09\/sport-300x38.jpg 300w, https:\/\/www.radiopiu.net\/wordpress\/wp-content\/uploads\/2018\/09\/sport-768x96.jpg 768w\" sizes=\"auto, (max-width: 800px) 100vw, 800px\" \/><\/a><\/p>\n<p>&nbsp;<\/p>\n<p>&nbsp;<\/p>\n<p><span style=\"color: #0000ff;\"><strong>HOCKEY SU GHIACCIO<\/strong><\/span><\/p>\n<blockquote>\n<h3>ALLEGHE ANCORA ULTIMO IN CLASSIFICA. SI SPERA NELLA SECONDA FASE DEL CAMPIONATO<\/h3>\n<\/blockquote>\n<p><strong><a class=\"dt-pswp-item\" href=\"https:\/\/www.radiopiu.net\/wordpress\/wp-content\/uploads\/2021\/12\/ALLEGHE-HOCKEY-4.jpg\" data-dt-img-description=\"\" data-large_image_width=\"949\" data-large_image_height=\"568\"><img loading=\"lazy\" decoding=\"async\" class=\" wp-image-248099 alignleft\" src=\"https:\/\/www.radiopiu.net\/wordpress\/wp-content\/uploads\/2021\/12\/ALLEGHE-HOCKEY-4-300x180.jpg\" alt=\"\" width=\"217\" height=\"130\" srcset=\"https:\/\/www.radiopiu.net\/wordpress\/wp-content\/uploads\/2021\/12\/ALLEGHE-HOCKEY-4-300x180.jpg 300w, https:\/\/www.radiopiu.net\/wordpress\/wp-content\/uploads\/2021\/12\/ALLEGHE-HOCKEY-4-768x460.jpg 768w, https:\/\/www.radiopiu.net\/wordpress\/wp-content\/uploads\/2021\/12\/ALLEGHE-HOCKEY-4.jpg 949w\" sizes=\"auto, (max-width: 217px) 100vw, 217px\" \/><\/a>di Marco Gaz<\/strong><\/p>\n<p><strong>REDAZIONE<\/strong> Mancano solo due partite alla fine della stagione regolare della IHL e l&#8217;Alleghe Hockey \u00e8 sempre in fondo alla classifica. Solo 3 punti per la formazione allenata da Fontana dopo 16 giornate giocate. Un campionato che fino ad ora non ha dato i frutti sperati nonostante qualche belle prestazione degli agordini. &#8216;unica vittoria \u00e8 arrivata dieci giorni fa con il Valpellice ma anche sabato scorso le civette hanno dovuto arrendersi con il Como. Ormai i biancorossi sono matematicamente costretti a giocare il relegation round da alcune settimane. Sar\u00e0 comunque importante vincere le prossime due partite in programma per iniziare la seconda fase della stagione con qualche punto in pi\u00f9. Infatti a partire dalla divisione per gironi le squadre avranno un terzo dei punti conquistati nella stagione regolare. Domani sera intanto si gioca ancora al De Toni di Alleghe e la partita sulla carta si dimostra proibitiva per gli agordini che ospiteranno il Dobbiaco, quarta forza del campionato.<\/p>\n<p>&nbsp;<\/p>\n<p>&nbsp;<\/p>\n<hr \/>\n<p>&nbsp;<\/p>\n<p><span style=\"color: #0000ff;\"><strong>PALLAVOLO<\/strong><\/span><\/p>\n<blockquote>\n<h3>L&#8217;UNDER 15 DELLA PALLAVOLO BELLUNO MASCHILE STRAPPA IL PASS PER LA SEMIFINALE<\/h3>\n<\/blockquote>\n<p><strong><a class=\"dt-pswp-item\" href=\"https:\/\/www.radiopiu.net\/wordpress\/wp-content\/uploads\/2022\/12\/DRL_Volley_Team_Under_15.jpg\" data-dt-img-description=\"\" data-large_image_width=\"1600\" data-large_image_height=\"1200\"><img loading=\"lazy\" decoding=\"async\" class=\" wp-image-312624 alignleft\" src=\"https:\/\/www.radiopiu.net\/wordpress\/wp-content\/uploads\/2022\/12\/DRL_Volley_Team_Under_15-300x225.jpg\" alt=\"\" width=\"183\" height=\"137\" srcset=\"https:\/\/www.radiopiu.net\/wordpress\/wp-content\/uploads\/2022\/12\/DRL_Volley_Team_Under_15-300x225.jpg 300w, https:\/\/www.radiopiu.net\/wordpress\/wp-content\/uploads\/2022\/12\/DRL_Volley_Team_Under_15-1024x768.jpg 1024w, https:\/\/www.radiopiu.net\/wordpress\/wp-content\/uploads\/2022\/12\/DRL_Volley_Team_Under_15-768x576.jpg 768w, https:\/\/www.radiopiu.net\/wordpress\/wp-content\/uploads\/2022\/12\/DRL_Volley_Team_Under_15-1536x1152.jpg 1536w, https:\/\/www.radiopiu.net\/wordpress\/wp-content\/uploads\/2022\/12\/DRL_Volley_Team_Under_15.jpg 1600w\" sizes=\"auto, (max-width: 183px) 100vw, 183px\" \/><\/a>BELLUNO <\/strong>Arriva un\u2019altra grande gioia dal settore giovanile della DRL Volley Team. Dopo il terzo posto ottenuto dall\u2019Under 17 di Roberto Malaguti, anche l\u2019Under 15 di Simone Donadel conquista il gradino pi\u00f9 basso del podio, nella fase interprovinciale. E stacca il biglietto per la semifinale.<span class=\"gmail-Apple-converted-space\"> \u00a0<\/span>\u00abSiamo andati al di l\u00e0 delle aspettative &#8211; commenta il coach -. Anche perch\u00e9 il gruppo era composto da diversi ragazzi nuovi. In ogni caso, tutti hanno interpretato benissimo gli allenamenti, oltre che le partite. E hanno iniziato a credere in loro stessi, lungo un percorso di crescita e maturazione\u00bb. La chiave della terza piazza in campionato \u00e8 soltanto una: \u00abLa perseveranza\u00bb.<span class=\"gmail-Apple-converted-space\"> \u00a0<\/span>Il sigillo sulla qualificazione alla fase finale \u00e8 arrivato lo scorso weekend, grazie al successo ottenuto a Treviso in tre parziali.<\/p>\n","protected":false},"excerpt":{"rendered":"<p>RADIO PIU INFORMAZIONE il canale su TELEGRAM informazione di prima\u00a0 mano e in tempo reale. iscriviti ed aiutaci a farlo conoscere\u00a0 \u00a0 ZONA DI CONFINE, ABBONATA AL TERREMOTO UDINE A poche ore dalla precedente scossa di terremoto (ieri a Claut, 2,9 gradi della scala richter) un altro episodio in terra friulana alle porte del bellunese.&hellip;<\/p>\n","protected":false},"author":4,"featured_media":312700,"comment_status":"closed","ping_status":"closed","sticky":false,"template":"","format":"standard","meta":{"_monsterinsights_skip_tracking":false,"_monsterinsights_sitenote_active":false,"_monsterinsights_sitenote_note":"","_monsterinsights_sitenote_category":0,"footnotes":""},"categories":[104,86,49],"tags":[],"class_list":["post-312589","post","type-post","status-publish","format-standard","has-post-thumbnail","hentry","category-evidenza_3","category-gr","category-news-18","category-104","category-86","category-49","description-off"],"img_url":"https:\/\/www.radiopiu.net\/wordpress\/wp-content\/uploads\/2022\/12\/8ebb8f97-9782-449b-bb8f-a14f00edf4e0-1.jpg","_links":{"self":[{"href":"https:\/\/www.radiopiu.net\/wordpress\/wp-json\/wp\/v2\/posts\/312589","targetHints":{"allow":["GET"]}}],"collection":[{"href":"https:\/\/www.radiopiu.net\/wordpress\/wp-json\/wp\/v2\/posts"}],"about":[{"href":"https:\/\/www.radiopiu.net\/wordpress\/wp-json\/wp\/v2\/types\/post"}],"author":[{"embeddable":true,"href":"https:\/\/www.radiopiu.net\/wordpress\/wp-json\/wp\/v2\/users\/4"}],"replies":[{"embeddable":true,"href":"https:\/\/www.radiopiu.net\/wordpress\/wp-json\/wp\/v2\/comments?post=312589"}],"version-history":[{"count":0,"href":"https:\/\/www.radiopiu.net\/wordpress\/wp-json\/wp\/v2\/posts\/312589\/revisions"}],"wp:featuredmedia":[{"embeddable":true,"href":"https:\/\/www.radiopiu.net\/wordpress\/wp-json\/wp\/v2\/media\/312700"}],"wp:attachment":[{"href":"https:\/\/www.radiopiu.net\/wordpress\/wp-json\/wp\/v2\/media?parent=312589"}],"wp:term":[{"taxonomy":"category","embeddable":true,"href":"https:\/\/www.radiopiu.net\/wordpress\/wp-json\/wp\/v2\/categories?post=312589"},{"taxonomy":"post_tag","embeddable":true,"href":"https:\/\/www.radiopiu.net\/wordpress\/wp-json\/wp\/v2\/tags?post=312589"}],"curies":[{"name":"wp","href":"https:\/\/api.w.org\/{rel}","templated":true}]}}