{"id":312606,"date":"2022-12-21T05:16:53","date_gmt":"2022-12-21T04:16:53","guid":{"rendered":"https:\/\/www.radiopiu.net\/wordpress\/?p=312606"},"modified":"2022-12-21T17:00:14","modified_gmt":"2022-12-21T16:00:14","slug":"dillo-a-radio-piu-lorarufficio-postale-ad-agordo-la-parola-a-poste-italianeio-dellufficio-postale","status":"publish","type":"post","link":"https:\/\/www.radiopiu.net\/wordpress\/dillo-a-radio-piu-lorarufficio-postale-ad-agordo-la-parola-a-poste-italianeio-dellufficio-postale\/","title":{"rendered":"UFFICIO POSTALE AD AGORDO, LA PAROLA A POSTE ITALIANE"},"content":{"rendered":"<blockquote><p><strong>Riceviamo e volentieri pubblichiamo la replica di Poste Italiane a margine della presa di posizione di un cittadino di Agordo resa nota negli ultimi notiziari alla radio<\/strong><\/p><\/blockquote>\n<p>&nbsp;<\/p>\n<p align=\"JUSTIFY\"><span style=\"font-family: Arial, serif;\"><span style=\"font-size: medium;\"><img loading=\"lazy\" decoding=\"async\" class=\"alignleft\" src=\"https:\/\/www.radiopiu.net\/wordpress\/wp-content\/uploads\/2021\/11\/20211125_111618-1-scaled.jpg\" width=\"291\" height=\"138\" \/>In riferimento alla segnalazione pubblicata il 21 dicembre, Poste Italiane comunica che, a causa di un fisiologico picchi di flussi negli Uffici Postali, \u00e8 possibile che i tempi di attesa siano pi\u00f9 lunghi del previsto. Si precisa che la sede di Agordo \u00e8 in grado di offrire un servizio adeguato alla effettiva domanda; inoltre \u00e8 sempre possibile prenotare il proprio turno sul sito <a href=\"http:\/\/www.poste.it\">www.poste.it<\/a> oppure con l\u2019applicazione \u201cUfficio Postale\u201d. <\/span><\/span><span style=\"font-family: Arial, serif;\"><span style=\"font-size: medium;\">In viale Sommariva \u00e8 disponibile anche uno sportello automatico Postamat che, oltre a consentire le operazioni di prelievo di denaro contante, pu\u00f2 essere utilizzato per pagare bollettini di conto corrente premarcati, per le ricariche telefoniche e delle carte Postepay, come anche per operazioni informative quali l\u2019estratto conto, il saldo e la lista movimenti. <\/span><\/span><span style=\"font-size: medium; font-family: Arial, serif;\">In provincia di Belluno una rete di 44 Postamat \u00e8 a disposizione di tutti i correntisti BancoPosta titolari di carta Postamat-Maestro, dai possessori dei libretti postali e dai titolari di carte di credito dei maggiori circuiti internazionali, oltre che dai possessori di carte Postepay. <\/span><span style=\"font-family: Arial, serif;\"><span style=\"font-size: medium;\">I servizi di Poste Italiane sono disponibili anche online (sito Poste.it, App Ufficio Postale e App Banco Posta) attraverso i quali \u00e8 possibile svolgere una serie di attivit\u00e0 come l\u2019invio di corrispondenza e pacchi, il pagamento di bollettini, la gestione del conto corrente etc. (foto copertina archivio radiopiu)<\/span><\/span><\/p>\n<p>&nbsp;<\/p>\n<p>&nbsp;<\/p>\n<blockquote>\n<h3>DILLO A RADIO PIU&#8217;&#8230;L&#8217;ORARIO DELL&#8217;UFFICIO POSTALE DI AGORDO<\/h3>\n<\/blockquote>\n<p><strong><a class=\"dt-pswp-item\" href=\"https:\/\/www.radiopiu.net\/wordpress\/wp-content\/uploads\/2022\/12\/Schermata-2022-12-20-alle-11.40.27.png\" data-dt-img-description=\"\" data-large_image_width=\"2066\" data-large_image_height=\"1310\"><img loading=\"lazy\" decoding=\"async\" class=\"size-medium wp-image-312611 alignleft\" src=\"https:\/\/www.radiopiu.net\/wordpress\/wp-content\/uploads\/2022\/12\/Schermata-2022-12-20-alle-11.40.27-300x190.png\" alt=\"\" width=\"300\" height=\"190\" srcset=\"https:\/\/www.radiopiu.net\/wordpress\/wp-content\/uploads\/2022\/12\/Schermata-2022-12-20-alle-11.40.27-300x190.png 300w, https:\/\/www.radiopiu.net\/wordpress\/wp-content\/uploads\/2022\/12\/Schermata-2022-12-20-alle-11.40.27-1024x649.png 1024w, https:\/\/www.radiopiu.net\/wordpress\/wp-content\/uploads\/2022\/12\/Schermata-2022-12-20-alle-11.40.27-768x487.png 768w, https:\/\/www.radiopiu.net\/wordpress\/wp-content\/uploads\/2022\/12\/Schermata-2022-12-20-alle-11.40.27-1536x974.png 1536w, https:\/\/www.radiopiu.net\/wordpress\/wp-content\/uploads\/2022\/12\/Schermata-2022-12-20-alle-11.40.27-2048x1299.png 2048w\" sizes=\"auto, (max-width: 300px) 100vw, 300px\" \/><\/a>REDAZIONE<\/strong> Riceviamo e volentieri pubblichiamo una lettera arrivata in redazione riguardo gli orari dell&#8217;ufficio postale di Agordo.<\/p>\n<blockquote><p><em>Mi chiedo sommessamente se Poste Italiane si \u00e8 resa conto che l&#8217;emergenza covid \u00e8 finita e in particolare me lo chiedo per l&#8217;ufficio postale di Agordo che non ha ancora ripristinato gli orari precedenti alla pandemia. Certo potrei pensare che fa comodo a tutti non lavorare il pomeriggio ma essendo un servizio pubblico bisogna pensare anche ai comodi degli utenti soprattutto se lavoratori, i quali non \u00e8 giusto debbano prendersi dei permessi di lavoro per poter usufruire del servizio postale e soprattutto sorbendosi ad alcuni orari code inenarrabili! Sarebbe bello, magari come regalo di Natale, che Poste Italiane si rendesse conto di ci\u00f2 e del disservizio correlato e rendesse la vita pi\u00f9 semplice agli agordini del Capoluogo<\/em><\/p>\n<p>Lettera Firmata<\/p><\/blockquote>\n<p>&nbsp;<\/p>\n<p>&nbsp;<\/p>\n<p>*******<\/p>\n","protected":false},"excerpt":{"rendered":"<p>Riceviamo e volentieri pubblichiamo la replica di Poste Italiane a margine della presa di posizione di un cittadino di Agordo resa nota negli ultimi notiziari alla radio &nbsp; In riferimento alla segnalazione pubblicata il 21 dicembre, Poste Italiane comunica che, a causa di un fisiologico picchi di flussi negli Uffici Postali, \u00e8 possibile che i&hellip;<\/p>\n","protected":false},"author":4,"featured_media":245022,"comment_status":"closed","ping_status":"closed","sticky":false,"template":"","format":"standard","meta":{"_monsterinsights_skip_tracking":false,"_monsterinsights_sitenote_active":false,"_monsterinsights_sitenote_note":"","_monsterinsights_sitenote_category":0,"footnotes":""},"categories":[51,49],"tags":[],"class_list":["post-312606","post","type-post","status-publish","format-standard","has-post-thumbnail","hentry","category-evidenza-top","category-news-18","category-51","category-49","description-off"],"img_url":"https:\/\/www.radiopiu.net\/wordpress\/wp-content\/uploads\/2021\/11\/20211125_111618-1-scaled.jpg","_links":{"self":[{"href":"https:\/\/www.radiopiu.net\/wordpress\/wp-json\/wp\/v2\/posts\/312606","targetHints":{"allow":["GET"]}}],"collection":[{"href":"https:\/\/www.radiopiu.net\/wordpress\/wp-json\/wp\/v2\/posts"}],"about":[{"href":"https:\/\/www.radiopiu.net\/wordpress\/wp-json\/wp\/v2\/types\/post"}],"author":[{"embeddable":true,"href":"https:\/\/www.radiopiu.net\/wordpress\/wp-json\/wp\/v2\/users\/4"}],"replies":[{"embeddable":true,"href":"https:\/\/www.radiopiu.net\/wordpress\/wp-json\/wp\/v2\/comments?post=312606"}],"version-history":[{"count":0,"href":"https:\/\/www.radiopiu.net\/wordpress\/wp-json\/wp\/v2\/posts\/312606\/revisions"}],"wp:featuredmedia":[{"embeddable":true,"href":"https:\/\/www.radiopiu.net\/wordpress\/wp-json\/wp\/v2\/media\/245022"}],"wp:attachment":[{"href":"https:\/\/www.radiopiu.net\/wordpress\/wp-json\/wp\/v2\/media?parent=312606"}],"wp:term":[{"taxonomy":"category","embeddable":true,"href":"https:\/\/www.radiopiu.net\/wordpress\/wp-json\/wp\/v2\/categories?post=312606"},{"taxonomy":"post_tag","embeddable":true,"href":"https:\/\/www.radiopiu.net\/wordpress\/wp-json\/wp\/v2\/tags?post=312606"}],"curies":[{"name":"wp","href":"https:\/\/api.w.org\/{rel}","templated":true}]}}