{"id":312609,"date":"2022-12-20T11:44:25","date_gmt":"2022-12-20T10:44:25","guid":{"rendered":"https:\/\/www.radiopiu.net\/wordpress\/?p=312609"},"modified":"2022-12-20T11:44:25","modified_gmt":"2022-12-20T10:44:25","slug":"e-quindi-quindi-uscimmo-a-riveder-le-stelle","status":"publish","type":"post","link":"https:\/\/www.radiopiu.net\/wordpress\/e-quindi-quindi-uscimmo-a-riveder-le-stelle\/","title":{"rendered":"E QUINDI? QUINDI USCIMMO A RIVEDER LE STELLE."},"content":{"rendered":"<p><a class=\"dt-pswp-item\" href=\"https:\/\/www.radiopiu.net\/wordpress\/wp-content\/uploads\/2022\/12\/304c7bdf-fa84-c263-78b3-3bc469840008.jpeg\" data-dt-img-description=\"\" data-large_image_width=\"1128\" data-large_image_height=\"1155\"><img loading=\"lazy\" decoding=\"async\" class=\"size-medium wp-image-312610 alignleft\" src=\"https:\/\/www.radiopiu.net\/wordpress\/wp-content\/uploads\/2022\/12\/304c7bdf-fa84-c263-78b3-3bc469840008-293x300.jpeg\" alt=\"\" width=\"293\" height=\"300\" srcset=\"https:\/\/www.radiopiu.net\/wordpress\/wp-content\/uploads\/2022\/12\/304c7bdf-fa84-c263-78b3-3bc469840008-293x300.jpeg 293w, https:\/\/www.radiopiu.net\/wordpress\/wp-content\/uploads\/2022\/12\/304c7bdf-fa84-c263-78b3-3bc469840008-1000x1024.jpeg 1000w, https:\/\/www.radiopiu.net\/wordpress\/wp-content\/uploads\/2022\/12\/304c7bdf-fa84-c263-78b3-3bc469840008-768x786.jpeg 768w, https:\/\/www.radiopiu.net\/wordpress\/wp-content\/uploads\/2022\/12\/304c7bdf-fa84-c263-78b3-3bc469840008.jpeg 1128w\" sizes=\"auto, (max-width: 293px) 100vw, 293px\" \/><\/a><strong>CORTINA<\/strong> 1778 metri di quota, dove sembra quasi di toccare il cielo con un dito, la nuova funivia Tofana &#8211; Freccia nel Cielo, ora anche cabinovia, porta gli ospiti della Conca Ampezzana e non solo, in localit\u00e0 Col Drusci\u00e9, alla scoperta di un vero e proprio patrimonio UNESCO. \u00c8 l\u2019Osservatorio Astronomico Hellmut Ullrich che, accompagnato dalle note deliziose dei piatti dello storico Ristorante Col Drusci\u00e9, rende uniche le serate nel cuore delle Dolomiti. Dalla perfetta sinergia tra l\u2019uno e l\u2019altro, in collaborazione con Tofana Freccia nel Cielo, per tutto il periodo compreso tra Natale e Capodanno \u2013 in particolare il 29 dicembre 2022 e il 10 febbraio 2023 &#8211; sar\u00e0 possibile vivere un\u2019esperienza stellare: le Astrocene. Esclusivamente su prenotazione, tramite il sito ufficiale della Freccia nel Cielo, \u00e8 possibile passare una serata all\u2019insegna dell\u2019astronomia, accompagnati da un piatto della tradizione e un buon calice di vino. E mentre la terrazza panoramica del ristorante coccola i suoi ospiti con una vista mozzafiato sulla Regina delle Dolomiti, in collaborazione con l\u2019Osservatorio Astronomico \u00e8 possibile ammirare i gioielli della corona: stelle e pianeti, tra la luna e il sole. La struttura, ospita un telescopio moderno Ritchey-Chretien da 40 cm di diametro e uno Schmidt Cassegrain da 28 cm, per osservare il cielo e ogni sua sfumatura. Un\u2019occasione imperdibile, che parte con un viaggio panoramico a bordo della nuovissima funivia e atterra in un paesaggio di rara bellezza.<\/p>\n","protected":false},"excerpt":{"rendered":"<p>CORTINA 1778 metri di quota, dove sembra quasi di toccare il cielo con un dito, la nuova funivia Tofana &#8211; Freccia nel Cielo, ora anche cabinovia, porta gli ospiti della Conca Ampezzana e non solo, in localit\u00e0 Col Drusci\u00e9, alla scoperta di un vero e proprio patrimonio UNESCO. \u00c8 l\u2019Osservatorio Astronomico Hellmut Ullrich che, accompagnato&hellip;<\/p>\n","protected":false},"author":4,"featured_media":312610,"comment_status":"closed","ping_status":"closed","sticky":false,"template":"","format":"standard","meta":{"_monsterinsights_skip_tracking":false,"_monsterinsights_sitenote_active":false,"_monsterinsights_sitenote_note":"","_monsterinsights_sitenote_category":0,"footnotes":""},"categories":[49],"tags":[],"class_list":["post-312609","post","type-post","status-publish","format-standard","has-post-thumbnail","hentry","category-news-18","category-49","description-off"],"img_url":"https:\/\/www.radiopiu.net\/wordpress\/wp-content\/uploads\/2022\/12\/304c7bdf-fa84-c263-78b3-3bc469840008.jpeg","_links":{"self":[{"href":"https:\/\/www.radiopiu.net\/wordpress\/wp-json\/wp\/v2\/posts\/312609","targetHints":{"allow":["GET"]}}],"collection":[{"href":"https:\/\/www.radiopiu.net\/wordpress\/wp-json\/wp\/v2\/posts"}],"about":[{"href":"https:\/\/www.radiopiu.net\/wordpress\/wp-json\/wp\/v2\/types\/post"}],"author":[{"embeddable":true,"href":"https:\/\/www.radiopiu.net\/wordpress\/wp-json\/wp\/v2\/users\/4"}],"replies":[{"embeddable":true,"href":"https:\/\/www.radiopiu.net\/wordpress\/wp-json\/wp\/v2\/comments?post=312609"}],"version-history":[{"count":0,"href":"https:\/\/www.radiopiu.net\/wordpress\/wp-json\/wp\/v2\/posts\/312609\/revisions"}],"wp:featuredmedia":[{"embeddable":true,"href":"https:\/\/www.radiopiu.net\/wordpress\/wp-json\/wp\/v2\/media\/312610"}],"wp:attachment":[{"href":"https:\/\/www.radiopiu.net\/wordpress\/wp-json\/wp\/v2\/media?parent=312609"}],"wp:term":[{"taxonomy":"category","embeddable":true,"href":"https:\/\/www.radiopiu.net\/wordpress\/wp-json\/wp\/v2\/categories?post=312609"},{"taxonomy":"post_tag","embeddable":true,"href":"https:\/\/www.radiopiu.net\/wordpress\/wp-json\/wp\/v2\/tags?post=312609"}],"curies":[{"name":"wp","href":"https:\/\/api.w.org\/{rel}","templated":true}]}}