{"id":312666,"date":"2022-12-21T05:17:25","date_gmt":"2022-12-21T04:17:25","guid":{"rendered":"https:\/\/www.radiopiu.net\/wordpress\/?p=312666"},"modified":"2022-12-21T05:47:38","modified_gmt":"2022-12-21T04:47:38","slug":"luxottica-agordo-i-sabati-lavorativi-di-gennaio","status":"publish","type":"post","link":"https:\/\/www.radiopiu.net\/wordpress\/luxottica-agordo-i-sabati-lavorativi-di-gennaio\/","title":{"rendered":"LUXOTTICA AGORDO: I SABATI LAVORATIVI DI GENNAIO"},"content":{"rendered":"<p><strong><a class=\"dt-pswp-item\" href=\"https:\/\/www.radiopiu.net\/wordpress\/wp-content\/uploads\/2021\/12\/LUXOTTICA-FRAMONT.jpg\" data-dt-img-description=\"\" data-large_image_width=\"2048\" data-large_image_height=\"1536\"><img loading=\"lazy\" decoding=\"async\" class=\"size-medium wp-image-246066 alignleft\" src=\"https:\/\/www.radiopiu.net\/wordpress\/wp-content\/uploads\/2021\/12\/LUXOTTICA-FRAMONT-300x225.jpg\" alt=\"\" width=\"300\" height=\"225\" srcset=\"https:\/\/www.radiopiu.net\/wordpress\/wp-content\/uploads\/2021\/12\/LUXOTTICA-FRAMONT-300x225.jpg 300w, https:\/\/www.radiopiu.net\/wordpress\/wp-content\/uploads\/2021\/12\/LUXOTTICA-FRAMONT-1024x768.jpg 1024w, https:\/\/www.radiopiu.net\/wordpress\/wp-content\/uploads\/2021\/12\/LUXOTTICA-FRAMONT-768x576.jpg 768w, https:\/\/www.radiopiu.net\/wordpress\/wp-content\/uploads\/2021\/12\/LUXOTTICA-FRAMONT-1536x1152.jpg 1536w, https:\/\/www.radiopiu.net\/wordpress\/wp-content\/uploads\/2021\/12\/LUXOTTICA-FRAMONT.jpg 2048w\" sizes=\"auto, (max-width: 300px) 100vw, 300px\" \/><\/a>di Marco Gaz<\/strong><\/p>\n<p style=\"font-weight: 400;\"><strong>AGORDO <\/strong>A poche ore dall\u2019inizio ufficiale delle ferie Natalizie, dirigenza Luxottica ed RSU di Agordo si sono incontrate per definire il calendario di sabati incentivati e flessibilit\u00e0 per il mese di gennaio. Al lavoro solo le maestranze che si trovano nei reparti che lavorano il metallo: stamperia metallo, saldatura, trattamenti superficiali, taglio lenti e magazzino centrale. Saranno quattro i sabati lavorativi ma in realt\u00e0 ogni turno lavorer\u00e0 due fine settimana perch\u00e9 sono chiamati a prestazione solo coloro che in quella settimana avranno il turno al mattino. 14, 21, 28 gennaio e 4 febbraio le date indicate dal contratto firmato poche ore fa. I primi due sabati saranno destinati allo straordinario incentivato mentre gli ultimi due saranno giornate di flessibilit\u00e0 positiva.<\/p>\n<p>&nbsp;<\/p>\n<p><strong>\u00a0IERI ALLA RADIO<\/strong><\/p>\n<div class=\"page-title-head hgroup\">\n<blockquote>\n<h3 class=\"entry-title\">LUXOTTICA\u2026 SOTTO L\u2019ALBERO UN SECONDO CARRELLO DELLA SPESA<\/h3>\n<\/blockquote>\n<\/div>\n<div class=\"page-title-breadcrumbs\"><\/div>\n<p><strong>di Marco Gaz<\/strong><\/p>\n<p><strong>AGORDO<\/strong> Novit\u00e0 importanti per le maestranze del gruppo EssilorLuxottica. L\u2019azienda ha comunicato a tutti i dipendenti che a partire da domani avranno la possibilit\u00e0 di ricevere un ulteriore \u201ccarrello della spesa\u201d. Il tutto grazie alle nuove novit\u00e0 fiscali e per far fronte alle spese di ogni dipendente. Da domani quindi tutti i dipendenti EssilorLuxottica potranno accedere al portale aziendale OneLuxottica ed effettuare la prenotazione del pacco spesa. Le prenotazioni e i ritiri potranno essere effettuati fino al mese di febbraio 2023. Un aiuto in pi\u00f9 alle famiglie che in questo periodo devono stare attente alle uscite anche per l\u2019incremento dei prezzi dei beni di prima necessit\u00e0, luce, gas e mutui.<\/p>\n<p>&nbsp;<\/p>\n<p>&nbsp;<\/p>\n<p>*****<\/p>\n","protected":false},"excerpt":{"rendered":"<p>di Marco Gaz AGORDO A poche ore dall\u2019inizio ufficiale delle ferie Natalizie, dirigenza Luxottica ed RSU di Agordo si sono incontrate per definire il calendario di sabati incentivati e flessibilit\u00e0 per il mese di gennaio. Al lavoro solo le maestranze che si trovano nei reparti che lavorano il metallo: stamperia metallo, saldatura, trattamenti superficiali, taglio&hellip;<\/p>\n","protected":false},"author":4,"featured_media":246066,"comment_status":"closed","ping_status":"closed","sticky":false,"template":"","format":"standard","meta":{"_monsterinsights_skip_tracking":false,"_monsterinsights_sitenote_active":false,"_monsterinsights_sitenote_note":"","_monsterinsights_sitenote_category":0,"footnotes":""},"categories":[51,49],"tags":[],"class_list":["post-312666","post","type-post","status-publish","format-standard","has-post-thumbnail","hentry","category-evidenza-top","category-news-18","category-51","category-49","description-off"],"img_url":"https:\/\/www.radiopiu.net\/wordpress\/wp-content\/uploads\/2021\/12\/LUXOTTICA-FRAMONT.jpg","_links":{"self":[{"href":"https:\/\/www.radiopiu.net\/wordpress\/wp-json\/wp\/v2\/posts\/312666","targetHints":{"allow":["GET"]}}],"collection":[{"href":"https:\/\/www.radiopiu.net\/wordpress\/wp-json\/wp\/v2\/posts"}],"about":[{"href":"https:\/\/www.radiopiu.net\/wordpress\/wp-json\/wp\/v2\/types\/post"}],"author":[{"embeddable":true,"href":"https:\/\/www.radiopiu.net\/wordpress\/wp-json\/wp\/v2\/users\/4"}],"replies":[{"embeddable":true,"href":"https:\/\/www.radiopiu.net\/wordpress\/wp-json\/wp\/v2\/comments?post=312666"}],"version-history":[{"count":0,"href":"https:\/\/www.radiopiu.net\/wordpress\/wp-json\/wp\/v2\/posts\/312666\/revisions"}],"wp:featuredmedia":[{"embeddable":true,"href":"https:\/\/www.radiopiu.net\/wordpress\/wp-json\/wp\/v2\/media\/246066"}],"wp:attachment":[{"href":"https:\/\/www.radiopiu.net\/wordpress\/wp-json\/wp\/v2\/media?parent=312666"}],"wp:term":[{"taxonomy":"category","embeddable":true,"href":"https:\/\/www.radiopiu.net\/wordpress\/wp-json\/wp\/v2\/categories?post=312666"},{"taxonomy":"post_tag","embeddable":true,"href":"https:\/\/www.radiopiu.net\/wordpress\/wp-json\/wp\/v2\/tags?post=312666"}],"curies":[{"name":"wp","href":"https:\/\/api.w.org\/{rel}","templated":true}]}}