{"id":312674,"date":"2022-12-21T05:15:22","date_gmt":"2022-12-21T04:15:22","guid":{"rendered":"https:\/\/www.radiopiu.net\/wordpress\/?p=312674"},"modified":"2022-12-21T05:54:44","modified_gmt":"2022-12-21T04:54:44","slug":"la-costituzione-ai-nei-18enni-foto-e-video-racconto","status":"publish","type":"post","link":"https:\/\/www.radiopiu.net\/wordpress\/la-costituzione-ai-nei-18enni-foto-e-video-racconto\/","title":{"rendered":"LA COSTITUZIONE AI NEI 18ENNI, &#8211; FOTO E VIDEO RACCONTO &#8211;"},"content":{"rendered":"<p><strong>AGORDO<\/strong> L&#8217;assessore Chiara Fontanive, il sindaco Roberto Chissal\u00e8 e Andreina Costa (responsabile Admo regionale) hanno incontrato i diciottenni di Agordo. Hanno consegnato la Costituzione e l&#8217;invito a riflettere sull&#8217;importanza del dono, quello che pu\u00f2 salvare una vita nel caso dell&#8217;Associazione di Midollo Osseo, che non \u00e8 il midollo spinale, ma sangue e cellule. Lo ha spiegato bene Andreina. Cos\u00ec come Chiara ha ricordato l&#8217;importanza di leggere e conoscere la Costituzione Italiana. Il libro:\u00a0 &#8220;La Costituzione spiegata a mia figlia&#8221; di Giangiulio Ambrosini (Einaudi). \u00abDa questo momento\u00bb, ha spiegato il sindaco ai nuovi maggiorenni, \u00absiete entrati a pieno titolo nella societ\u00e0, assumendo i diritti e i doveri dei cittadini della nostra comunit\u00e0\u00bb.<\/p>\n<p><strong>FOTO<\/strong><\/p>\n\n\t\t\t<style type='text\/css'>\n\t\t\t\t#gallery-1 {\n\t\t\t\t\tmargin: auto;\n\t\t\t\t}\n\t\t\t\t#gallery-1 .gallery-item {\n\t\t\t\t\tfloat: left;\n\t\t\t\t\tmargin-top: 10px;\n\t\t\t\t\ttext-align: center;\n\t\t\t\t\twidth: 20%;\n\t\t\t\t}\n\t\t\t\t#gallery-1 img {\n\t\t\t\t\tborder: 2px solid #cfcfcf;\n\t\t\t\t}\n\t\t\t\t#gallery-1 .gallery-caption {\n\t\t\t\t\tmargin-left: 0;\n\t\t\t\t}\n\t\t\t\t\/* see gallery_shortcode() in wp-includes\/media.php *\/\n\t\t\t<\/style>\n\t\t<div id='gallery-1' class='dt-gallery-container gallery galleryid-312674 gallery-columns-5 gallery-size-thumbnail'><dl class='gallery-item'>\n\t\t\t\t<dt class='gallery-icon portrait'>\n\t\t\t\t\t<a class=\"rollover\" href='https:\/\/www.radiopiu.net\/wordpress\/la-costituzione-ai-nei-18enni-foto-e-video-racconto\/88e0d045-1704-4b5a-9a0e-3c5edee8ccf2\/'><img loading=\"lazy\" decoding=\"async\" width=\"150\" height=\"150\" src=\"https:\/\/www.radiopiu.net\/wordpress\/wp-content\/uploads\/2022\/12\/88e0d045-1704-4b5a-9a0e-3c5edee8ccf2-150x150.jpg\" class=\"attachment-thumbnail size-thumbnail\" alt=\"\" \/><\/a>\n\t\t\t\t<\/dt><\/dl><dl class='gallery-item'>\n\t\t\t\t<dt class='gallery-icon portrait'>\n\t\t\t\t\t<a class=\"rollover\" href='https:\/\/www.radiopiu.net\/wordpress\/la-costituzione-ai-nei-18enni-foto-e-video-racconto\/349ff80c-593d-47ce-8081-e9f0bc83839e\/'><img loading=\"lazy\" decoding=\"async\" width=\"150\" height=\"150\" src=\"https:\/\/www.radiopiu.net\/wordpress\/wp-content\/uploads\/2022\/12\/349ff80c-593d-47ce-8081-e9f0bc83839e-150x150.jpg\" class=\"attachment-thumbnail size-thumbnail\" alt=\"\" \/><\/a>\n\t\t\t\t<\/dt><\/dl><dl class='gallery-item'>\n\t\t\t\t<dt class='gallery-icon landscape'>\n\t\t\t\t\t<a class=\"rollover\" href='https:\/\/www.radiopiu.net\/wordpress\/la-costituzione-ai-nei-18enni-foto-e-video-racconto\/070b1052-08ef-4b61-bc50-0b63d4d9221c\/'><img loading=\"lazy\" decoding=\"async\" width=\"150\" height=\"150\" src=\"https:\/\/www.radiopiu.net\/wordpress\/wp-content\/uploads\/2022\/12\/070b1052-08ef-4b61-bc50-0b63d4d9221c-150x150.jpg\" class=\"attachment-thumbnail size-thumbnail\" alt=\"\" \/><\/a>\n\t\t\t\t<\/dt><\/dl><dl class='gallery-item'>\n\t\t\t\t<dt class='gallery-icon landscape'>\n\t\t\t\t\t<a class=\"rollover\" href='https:\/\/www.radiopiu.net\/wordpress\/la-costituzione-ai-nei-18enni-foto-e-video-racconto\/dfb41acf-e7a2-49d4-891d-6aa08705260b\/'><img loading=\"lazy\" decoding=\"async\" width=\"150\" height=\"150\" src=\"https:\/\/www.radiopiu.net\/wordpress\/wp-content\/uploads\/2022\/12\/dfb41acf-e7a2-49d4-891d-6aa08705260b-150x150.jpg\" class=\"attachment-thumbnail size-thumbnail\" alt=\"\" \/><\/a>\n\t\t\t\t<\/dt><\/dl><dl class='gallery-item'>\n\t\t\t\t<dt class='gallery-icon landscape'>\n\t\t\t\t\t<a class=\"rollover\" href='https:\/\/www.radiopiu.net\/wordpress\/la-costituzione-ai-nei-18enni-foto-e-video-racconto\/828df841-133f-4ab4-860f-6b441df8c250\/'><img loading=\"lazy\" decoding=\"async\" width=\"150\" height=\"150\" src=\"https:\/\/www.radiopiu.net\/wordpress\/wp-content\/uploads\/2022\/12\/828df841-133f-4ab4-860f-6b441df8c250-150x150.jpg\" class=\"attachment-thumbnail size-thumbnail\" alt=\"\" \/><\/a>\n\t\t\t\t<\/dt><\/dl><br style=\"clear: both\" \/><dl class='gallery-item'>\n\t\t\t\t<dt class='gallery-icon landscape'>\n\t\t\t\t\t<a class=\"rollover\" href='https:\/\/www.radiopiu.net\/wordpress\/la-costituzione-ai-nei-18enni-foto-e-video-racconto\/e6d1a217-4dd1-4eaf-abd2-d7d0567c663e\/'><img loading=\"lazy\" decoding=\"async\" width=\"150\" height=\"150\" src=\"https:\/\/www.radiopiu.net\/wordpress\/wp-content\/uploads\/2022\/12\/e6d1a217-4dd1-4eaf-abd2-d7d0567c663e-150x150.jpg\" class=\"attachment-thumbnail size-thumbnail\" alt=\"\" \/><\/a>\n\t\t\t\t<\/dt><\/dl><dl class='gallery-item'>\n\t\t\t\t<dt class='gallery-icon landscape'>\n\t\t\t\t\t<a class=\"rollover\" href='https:\/\/www.radiopiu.net\/wordpress\/la-costituzione-ai-nei-18enni-foto-e-video-racconto\/7b0188cd-4d82-4e63-aa20-f71207325850\/'><img loading=\"lazy\" decoding=\"async\" width=\"150\" height=\"150\" src=\"https:\/\/www.radiopiu.net\/wordpress\/wp-content\/uploads\/2022\/12\/7b0188cd-4d82-4e63-aa20-f71207325850-150x150.jpg\" class=\"attachment-thumbnail size-thumbnail\" alt=\"\" \/><\/a>\n\t\t\t\t<\/dt><\/dl><dl class='gallery-item'>\n\t\t\t\t<dt class='gallery-icon landscape'>\n\t\t\t\t\t<a class=\"rollover\" href='https:\/\/www.radiopiu.net\/wordpress\/la-costituzione-ai-nei-18enni-foto-e-video-racconto\/8fff961f-b433-4e37-b66d-51a779d550a5\/'><img loading=\"lazy\" decoding=\"async\" width=\"150\" height=\"150\" src=\"https:\/\/www.radiopiu.net\/wordpress\/wp-content\/uploads\/2022\/12\/8fff961f-b433-4e37-b66d-51a779d550a5-150x150.jpg\" class=\"attachment-thumbnail size-thumbnail\" alt=\"\" \/><\/a>\n\t\t\t\t<\/dt><\/dl><dl class='gallery-item'>\n\t\t\t\t<dt class='gallery-icon landscape'>\n\t\t\t\t\t<a class=\"rollover\" href='https:\/\/www.radiopiu.net\/wordpress\/la-costituzione-ai-nei-18enni-foto-e-video-racconto\/e90d9a6d-d0c0-47e1-a792-52248f451c07\/'><img loading=\"lazy\" decoding=\"async\" width=\"150\" height=\"150\" src=\"https:\/\/www.radiopiu.net\/wordpress\/wp-content\/uploads\/2022\/12\/e90d9a6d-d0c0-47e1-a792-52248f451c07-150x150.jpg\" class=\"attachment-thumbnail size-thumbnail\" alt=\"\" \/><\/a>\n\t\t\t\t<\/dt><\/dl>\n\t\t\t\t<br style='clear: both' \/>\n\t\t\t<\/div>\n\n<p>LA DIRETTA ALLA RADIO<\/p>\n<p>https:\/\/www.facebook.com\/marco.baghy.1\/videos\/840968973841607<\/p>\n","protected":false},"excerpt":{"rendered":"<p>AGORDO L&#8217;assessore Chiara Fontanive, il sindaco Roberto Chissal\u00e8 e Andreina Costa (responsabile Admo regionale) hanno incontrato i diciottenni di Agordo. Hanno consegnato la Costituzione e l&#8217;invito a riflettere sull&#8217;importanza del dono, quello che pu\u00f2 salvare una vita nel caso dell&#8217;Associazione di Midollo Osseo, che non \u00e8 il midollo spinale, ma sangue e cellule. Lo ha&hellip;<\/p>\n","protected":false},"author":4,"featured_media":312680,"comment_status":"closed","ping_status":"closed","sticky":false,"template":"","format":"standard","meta":{"_monsterinsights_skip_tracking":false,"_monsterinsights_sitenote_active":false,"_monsterinsights_sitenote_note":"","_monsterinsights_sitenote_category":0,"footnotes":""},"categories":[51,49],"tags":[],"class_list":["post-312674","post","type-post","status-publish","format-standard","has-post-thumbnail","hentry","category-evidenza-top","category-news-18","category-51","category-49","description-off"],"img_url":"https:\/\/www.radiopiu.net\/wordpress\/wp-content\/uploads\/2022\/12\/e90d9a6d-d0c0-47e1-a792-52248f451c07.jpg","_links":{"self":[{"href":"https:\/\/www.radiopiu.net\/wordpress\/wp-json\/wp\/v2\/posts\/312674","targetHints":{"allow":["GET"]}}],"collection":[{"href":"https:\/\/www.radiopiu.net\/wordpress\/wp-json\/wp\/v2\/posts"}],"about":[{"href":"https:\/\/www.radiopiu.net\/wordpress\/wp-json\/wp\/v2\/types\/post"}],"author":[{"embeddable":true,"href":"https:\/\/www.radiopiu.net\/wordpress\/wp-json\/wp\/v2\/users\/4"}],"replies":[{"embeddable":true,"href":"https:\/\/www.radiopiu.net\/wordpress\/wp-json\/wp\/v2\/comments?post=312674"}],"version-history":[{"count":0,"href":"https:\/\/www.radiopiu.net\/wordpress\/wp-json\/wp\/v2\/posts\/312674\/revisions"}],"wp:featuredmedia":[{"embeddable":true,"href":"https:\/\/www.radiopiu.net\/wordpress\/wp-json\/wp\/v2\/media\/312680"}],"wp:attachment":[{"href":"https:\/\/www.radiopiu.net\/wordpress\/wp-json\/wp\/v2\/media?parent=312674"}],"wp:term":[{"taxonomy":"category","embeddable":true,"href":"https:\/\/www.radiopiu.net\/wordpress\/wp-json\/wp\/v2\/categories?post=312674"},{"taxonomy":"post_tag","embeddable":true,"href":"https:\/\/www.radiopiu.net\/wordpress\/wp-json\/wp\/v2\/tags?post=312674"}],"curies":[{"name":"wp","href":"https:\/\/api.w.org\/{rel}","templated":true}]}}