{"id":312772,"date":"2022-12-21T11:33:53","date_gmt":"2022-12-21T10:33:53","guid":{"rendered":"https:\/\/www.radiopiu.net\/wordpress\/?p=312772"},"modified":"2022-12-21T11:33:53","modified_gmt":"2022-12-21T10:33:53","slug":"giorgio-fornasier-da-laddio-alle-scene-in-un-concerto-al-teatro-comunale","status":"publish","type":"post","link":"https:\/\/www.radiopiu.net\/wordpress\/giorgio-fornasier-da-laddio-alle-scene-in-un-concerto-al-teatro-comunale\/","title":{"rendered":"GIORGIO FORNASIER DA&#8217; L&#8217;ADDIO ALLE SCENE IN UN CONCERTO AL TEATRO COMUNALE"},"content":{"rendered":"<p><strong>BELLUNO <\/strong>Giorgio Fornasier d\u00e0 l\u2019addio alle scene: marted\u00ec 27 dicembre al Teatro Comunale il suo saluto alla citt\u00e0. Con un grande spettacolo dal titolo \u201cQuando il canto canta e le canzoni canzonano\u201d, voluto e patrocinato dal Comune di Belluno nell\u2019ambito delle iniziative del Natale, l\u2019artista racconter\u00e0 la storia dei Belumat e ne ripercorrer\u00e0 i brani e gli sketch pi\u00f9 celebri. Sar\u00e0 un amarcord attraverso quei siparietti che hanno reso il duo con Gianni Secco famoso ben oltre i confini italiani, contribuendo alla diffusione dell\u2019immaginario del belumat e alla conoscenza della cultura e degli aspetti pi\u00f9 tipici del Bellunese e del Veneto. Una proposta pensata per riunire la citt\u00e0 e le generazioni in uno dei luoghi simbolo della cultura del capoluogo, il Teatro Comunale, per una serata spensierata a ridosso dell\u2019ultimo dell\u2019anno. Cos\u00ec, la storia dei Belumat si chiude simbolicamente dov\u2019era iniziata, nel capoluogo dove i due artisti sono da sempre molto amati. Il primo spettacolo del duo di Gianni Secco e Giorgio Fornasier, infatti, era stato proprio a Belluno, il 30 settembre del 1972 al palasport De Mas.\u00a0 Da allora il sodalizio ha prodotto insieme 94 canzoni (che arrivano a 100 se si considerano le 6 traduzioni in inglese e spagnolo di alcuni brani), ha girato i teatri di mezzo mondo arrivando, con le loro tourn\u00e9e, fino in Brasile, Stati Uniti, Canada, Australia, Messico, Argentina, Uruguay, Cile, Svizzera, Francia, Belgio e Regno Unito. Inizio spettacolo alle 20.45. Ingresso 10 euro, il ricavato sar\u00e0 devoluto a favore di progetti benefici. Biglietto acquistabile al botteghino la sera del concerto oppure online all\u2019indirizzo <a href=\"https:\/\/ticket.midaticket.it\/fondazioneteatridolomiti\/Events\">https:\/\/ticket.midaticket.it\/fondazioneteatridolomiti\/Events<\/a>.<\/p>\n<p><strong>L\u2019ASSESSORE AL TURISMO, PAOLO LUCIANI<\/strong><\/p>\n<audio class=\"wp-audio-shortcode\" id=\"audio-312772-1\" preload=\"none\" style=\"width: 100%;\" controls=\"controls\"><source type=\"audio\/mpeg\" src=\"https:\/\/www.radiopiu.net\/wordpress\/wp-content\/uploads\/2022\/12\/Assessore-Luciani-su-concerto-Fornasier.mp3?_=1\" \/><a href=\"https:\/\/www.radiopiu.net\/wordpress\/wp-content\/uploads\/2022\/12\/Assessore-Luciani-su-concerto-Fornasier.mp3\">https:\/\/www.radiopiu.net\/wordpress\/wp-content\/uploads\/2022\/12\/Assessore-Luciani-su-concerto-Fornasier.mp3<\/a><\/audio>\n\n\t\t\t<style type='text\/css'>\n\t\t\t\t#gallery-1 {\n\t\t\t\t\tmargin: auto;\n\t\t\t\t}\n\t\t\t\t#gallery-1 .gallery-item {\n\t\t\t\t\tfloat: left;\n\t\t\t\t\tmargin-top: 10px;\n\t\t\t\t\ttext-align: center;\n\t\t\t\t\twidth: 25%;\n\t\t\t\t}\n\t\t\t\t#gallery-1 img {\n\t\t\t\t\tborder: 2px solid #cfcfcf;\n\t\t\t\t}\n\t\t\t\t#gallery-1 .gallery-caption {\n\t\t\t\t\tmargin-left: 0;\n\t\t\t\t}\n\t\t\t\t\/* see gallery_shortcode() in wp-includes\/media.php *\/\n\t\t\t<\/style>\n\t\t<div id='gallery-1' class='dt-gallery-container gallery galleryid-312772 gallery-columns-4 gallery-size-medium'><dl class='gallery-item'>\n\t\t\t\t<dt class='gallery-icon portrait'>\n\t\t\t\t\t<a class=\"rollover rollover-zoom dt-pswp-item\" title=\"Fornasier\" data-dt-img-description=\"\" data-large_image_width=\"1066\" data-large_image_height=\"1600\"href='https:\/\/www.radiopiu.net\/wordpress\/wp-content\/uploads\/2022\/12\/Fornasier.jpg'><img loading=\"lazy\" decoding=\"async\" width=\"200\" height=\"300\" src=\"https:\/\/www.radiopiu.net\/wordpress\/wp-content\/uploads\/2022\/12\/Fornasier-200x300.jpg\" class=\"attachment-medium size-medium\" alt=\"\" srcset=\"https:\/\/www.radiopiu.net\/wordpress\/wp-content\/uploads\/2022\/12\/Fornasier-200x300.jpg 200w, https:\/\/www.radiopiu.net\/wordpress\/wp-content\/uploads\/2022\/12\/Fornasier-682x1024.jpg 682w, https:\/\/www.radiopiu.net\/wordpress\/wp-content\/uploads\/2022\/12\/Fornasier-768x1153.jpg 768w, https:\/\/www.radiopiu.net\/wordpress\/wp-content\/uploads\/2022\/12\/Fornasier-1023x1536.jpg 1023w, https:\/\/www.radiopiu.net\/wordpress\/wp-content\/uploads\/2022\/12\/Fornasier.jpg 1066w\" sizes=\"auto, (max-width: 200px) 100vw, 200px\" \/><\/a>\n\t\t\t\t<\/dt><\/dl><dl class='gallery-item'>\n\t\t\t\t<dt class='gallery-icon portrait'>\n\t\t\t\t\t<a class=\"rollover rollover-zoom dt-pswp-item\" title=\"Belumat copertina LQ\" data-dt-img-description=\"\" data-large_image_width=\"418\" data-large_image_height=\"640\"href='https:\/\/www.radiopiu.net\/wordpress\/wp-content\/uploads\/2022\/12\/Belumat-copertina-LQ.bmp'><img loading=\"lazy\" decoding=\"async\" width=\"196\" height=\"300\" src=\"https:\/\/www.radiopiu.net\/wordpress\/wp-content\/uploads\/2022\/12\/Belumat-copertina-LQ.bmp\" class=\"attachment-medium size-medium\" alt=\"\" \/><\/a>\n\t\t\t\t<\/dt><\/dl><dl class='gallery-item'>\n\t\t\t\t<dt class='gallery-icon landscape'>\n\t\t\t\t\t<a class=\"rollover rollover-zoom dt-pswp-item\" title=\"I Belumat 01\" data-dt-img-description=\"\" data-large_image_width=\"1360\" data-large_image_height=\"896\"href='https:\/\/www.radiopiu.net\/wordpress\/wp-content\/uploads\/2022\/12\/I-Belumat-01.jpg'><img loading=\"lazy\" decoding=\"async\" width=\"300\" height=\"198\" src=\"https:\/\/www.radiopiu.net\/wordpress\/wp-content\/uploads\/2022\/12\/I-Belumat-01-300x198.jpg\" class=\"attachment-medium size-medium\" alt=\"\" srcset=\"https:\/\/www.radiopiu.net\/wordpress\/wp-content\/uploads\/2022\/12\/I-Belumat-01-300x198.jpg 300w, https:\/\/www.radiopiu.net\/wordpress\/wp-content\/uploads\/2022\/12\/I-Belumat-01-1024x675.jpg 1024w, https:\/\/www.radiopiu.net\/wordpress\/wp-content\/uploads\/2022\/12\/I-Belumat-01-768x506.jpg 768w, https:\/\/www.radiopiu.net\/wordpress\/wp-content\/uploads\/2022\/12\/I-Belumat-01.jpg 1360w\" sizes=\"auto, (max-width: 300px) 100vw, 300px\" \/><\/a>\n\t\t\t\t<\/dt><\/dl><dl class='gallery-item'>\n\t\t\t\t<dt class='gallery-icon portrait'>\n\t\t\t\t\t<a class=\"rollover rollover-zoom dt-pswp-item\" title=\"Spettacolo Belumat\" data-dt-img-description=\"\" data-large_image_width=\"828\" data-large_image_height=\"1136\"href='https:\/\/www.radiopiu.net\/wordpress\/wp-content\/uploads\/2022\/12\/Spettacolo-Belumat.jpeg'><img loading=\"lazy\" decoding=\"async\" width=\"219\" height=\"300\" src=\"https:\/\/www.radiopiu.net\/wordpress\/wp-content\/uploads\/2022\/12\/Spettacolo-Belumat-219x300.jpeg\" class=\"attachment-medium size-medium\" alt=\"\" srcset=\"https:\/\/www.radiopiu.net\/wordpress\/wp-content\/uploads\/2022\/12\/Spettacolo-Belumat-219x300.jpeg 219w, https:\/\/www.radiopiu.net\/wordpress\/wp-content\/uploads\/2022\/12\/Spettacolo-Belumat-746x1024.jpeg 746w, https:\/\/www.radiopiu.net\/wordpress\/wp-content\/uploads\/2022\/12\/Spettacolo-Belumat-768x1054.jpeg 768w, https:\/\/www.radiopiu.net\/wordpress\/wp-content\/uploads\/2022\/12\/Spettacolo-Belumat.jpeg 828w\" sizes=\"auto, (max-width: 219px) 100vw, 219px\" \/><\/a>\n\t\t\t\t<\/dt><\/dl><br style=\"clear: both\" \/>\n\t\t\t<\/div>\n\n<p>&nbsp;<\/p>\n<p>*****<\/p>\n","protected":false},"excerpt":{"rendered":"<p>BELLUNO Giorgio Fornasier d\u00e0 l\u2019addio alle scene: marted\u00ec 27 dicembre al Teatro Comunale il suo saluto alla citt\u00e0. Con un grande spettacolo dal titolo \u201cQuando il canto canta e le canzoni canzonano\u201d, voluto e patrocinato dal Comune di Belluno nell\u2019ambito delle iniziative del Natale, l\u2019artista racconter\u00e0 la storia dei Belumat e ne ripercorrer\u00e0 i brani&hellip;<\/p>\n","protected":false},"author":4,"featured_media":312788,"comment_status":"closed","ping_status":"closed","sticky":false,"template":"","format":"standard","meta":{"_monsterinsights_skip_tracking":false,"_monsterinsights_sitenote_active":false,"_monsterinsights_sitenote_note":"","_monsterinsights_sitenote_category":0,"footnotes":""},"categories":[49],"tags":[],"class_list":["post-312772","post","type-post","status-publish","format-standard","has-post-thumbnail","hentry","category-news-18","category-49","description-off"],"img_url":"https:\/\/www.radiopiu.net\/wordpress\/wp-content\/uploads\/2022\/12\/GIORGIO-FORNASIER.png","_links":{"self":[{"href":"https:\/\/www.radiopiu.net\/wordpress\/wp-json\/wp\/v2\/posts\/312772","targetHints":{"allow":["GET"]}}],"collection":[{"href":"https:\/\/www.radiopiu.net\/wordpress\/wp-json\/wp\/v2\/posts"}],"about":[{"href":"https:\/\/www.radiopiu.net\/wordpress\/wp-json\/wp\/v2\/types\/post"}],"author":[{"embeddable":true,"href":"https:\/\/www.radiopiu.net\/wordpress\/wp-json\/wp\/v2\/users\/4"}],"replies":[{"embeddable":true,"href":"https:\/\/www.radiopiu.net\/wordpress\/wp-json\/wp\/v2\/comments?post=312772"}],"version-history":[{"count":0,"href":"https:\/\/www.radiopiu.net\/wordpress\/wp-json\/wp\/v2\/posts\/312772\/revisions"}],"wp:featuredmedia":[{"embeddable":true,"href":"https:\/\/www.radiopiu.net\/wordpress\/wp-json\/wp\/v2\/media\/312788"}],"wp:attachment":[{"href":"https:\/\/www.radiopiu.net\/wordpress\/wp-json\/wp\/v2\/media?parent=312772"}],"wp:term":[{"taxonomy":"category","embeddable":true,"href":"https:\/\/www.radiopiu.net\/wordpress\/wp-json\/wp\/v2\/categories?post=312772"},{"taxonomy":"post_tag","embeddable":true,"href":"https:\/\/www.radiopiu.net\/wordpress\/wp-json\/wp\/v2\/tags?post=312772"}],"curies":[{"name":"wp","href":"https:\/\/api.w.org\/{rel}","templated":true}]}}