{"id":312796,"date":"2022-12-22T05:34:02","date_gmt":"2022-12-22T04:34:02","guid":{"rendered":"https:\/\/www.radiopiu.net\/wordpress\/?p=312796"},"modified":"2022-12-22T05:50:42","modified_gmt":"2022-12-22T04:50:42","slug":"paolo-dal-magro-nuovo-presidente-del-comitato-provinciale-dellinps-di-belluno","status":"publish","type":"post","link":"https:\/\/www.radiopiu.net\/wordpress\/paolo-dal-magro-nuovo-presidente-del-comitato-provinciale-dellinps-di-belluno\/","title":{"rendered":"PAOLO DAL MAGRO NUOVO PRESIDENTE DEL COMITATO PROVINCIALE DELL\u2019INPS DI BELLUNO"},"content":{"rendered":"<p><strong><a class=\"dt-pswp-item\" href=\"https:\/\/www.radiopiu.net\/wordpress\/wp-content\/uploads\/2022\/12\/Paolo-Dal-Magro-min-scaled.jpg\" data-dt-img-description=\"\" data-large_image_width=\"2560\" data-large_image_height=\"1920\"><img loading=\"lazy\" decoding=\"async\" class=\" wp-image-312797 alignleft\" src=\"https:\/\/www.radiopiu.net\/wordpress\/wp-content\/uploads\/2022\/12\/Paolo-Dal-Magro-min-300x225.jpg\" alt=\"\" width=\"175\" height=\"131\" srcset=\"https:\/\/www.radiopiu.net\/wordpress\/wp-content\/uploads\/2022\/12\/Paolo-Dal-Magro-min-300x225.jpg 300w, https:\/\/www.radiopiu.net\/wordpress\/wp-content\/uploads\/2022\/12\/Paolo-Dal-Magro-min-1024x768.jpg 1024w, https:\/\/www.radiopiu.net\/wordpress\/wp-content\/uploads\/2022\/12\/Paolo-Dal-Magro-min-768x576.jpg 768w, https:\/\/www.radiopiu.net\/wordpress\/wp-content\/uploads\/2022\/12\/Paolo-Dal-Magro-min-1536x1152.jpg 1536w, https:\/\/www.radiopiu.net\/wordpress\/wp-content\/uploads\/2022\/12\/Paolo-Dal-Magro-min-2048x1536.jpg 2048w\" sizes=\"auto, (max-width: 175px) 100vw, 175px\" \/><\/a>BELLUNO <\/strong>\u00c8 Paolo Dal Magro il nuovo presidente del Comitato provinciale dell\u2019Inps di Belluno, organismo di rappresentanza datoriale e sindacale che svolge diverse funzioni in ambito previdenziale territoriale e ha competenze sui ricorsi presentati dai lavoratori dipendenti, ma anche sulle domande di assegno sociale e di prestazioni per invalidit\u00e0 civile. L\u2019elezione di Dal Magro \u00e8 avvenuta luned\u00ec 19 dicembre. Succede a Valerio Zannin e rimarr\u00e0 in carica per quattro anni. Volto storico della Cisl bellunese, 72 anni, Dal Magro si \u00e8 avvicinato alle battaglie sindacali dei metalmeccanici negli anni Settanta, \u00e8 stato componente della segreteria confederale della Cisl territoriale e segretario regionale della Femca del Veneto. Oltre alla militanza nel sindacato, \u00e8 noto per l\u2019impegno in politica: \u00e8 stato consigliere comunale e vicesindaco nel suo Comune, Lentiai, oggi Borgo Valbelluna. Attivo anche nell\u2019associazionismo. \u00c8 stato presidente della Federazione atletica leggera di Belluno. Oggi \u00e8 un collaboratore della Cisl Fnp: \u00e8 responsabile per i Pensionati Cisl della sinistra e della destra Piave di Belluno.<\/p>\n<p>&nbsp;<\/p>\n<p>&nbsp;<\/p>\n<p>******<\/p>\n","protected":false},"excerpt":{"rendered":"<p>BELLUNO \u00c8 Paolo Dal Magro il nuovo presidente del Comitato provinciale dell\u2019Inps di Belluno, organismo di rappresentanza datoriale e sindacale che svolge diverse funzioni in ambito previdenziale territoriale e ha competenze sui ricorsi presentati dai lavoratori dipendenti, ma anche sulle domande di assegno sociale e di prestazioni per invalidit\u00e0 civile. L\u2019elezione di Dal Magro \u00e8&hellip;<\/p>\n","protected":false},"author":4,"featured_media":312797,"comment_status":"closed","ping_status":"closed","sticky":false,"template":"","format":"standard","meta":{"_monsterinsights_skip_tracking":false,"_monsterinsights_sitenote_active":false,"_monsterinsights_sitenote_note":"","_monsterinsights_sitenote_category":0,"footnotes":""},"categories":[51,49],"tags":[],"class_list":["post-312796","post","type-post","status-publish","format-standard","has-post-thumbnail","hentry","category-evidenza-top","category-news-18","category-51","category-49","description-off"],"img_url":"https:\/\/www.radiopiu.net\/wordpress\/wp-content\/uploads\/2022\/12\/Paolo-Dal-Magro-min-scaled.jpg","_links":{"self":[{"href":"https:\/\/www.radiopiu.net\/wordpress\/wp-json\/wp\/v2\/posts\/312796","targetHints":{"allow":["GET"]}}],"collection":[{"href":"https:\/\/www.radiopiu.net\/wordpress\/wp-json\/wp\/v2\/posts"}],"about":[{"href":"https:\/\/www.radiopiu.net\/wordpress\/wp-json\/wp\/v2\/types\/post"}],"author":[{"embeddable":true,"href":"https:\/\/www.radiopiu.net\/wordpress\/wp-json\/wp\/v2\/users\/4"}],"replies":[{"embeddable":true,"href":"https:\/\/www.radiopiu.net\/wordpress\/wp-json\/wp\/v2\/comments?post=312796"}],"version-history":[{"count":0,"href":"https:\/\/www.radiopiu.net\/wordpress\/wp-json\/wp\/v2\/posts\/312796\/revisions"}],"wp:featuredmedia":[{"embeddable":true,"href":"https:\/\/www.radiopiu.net\/wordpress\/wp-json\/wp\/v2\/media\/312797"}],"wp:attachment":[{"href":"https:\/\/www.radiopiu.net\/wordpress\/wp-json\/wp\/v2\/media?parent=312796"}],"wp:term":[{"taxonomy":"category","embeddable":true,"href":"https:\/\/www.radiopiu.net\/wordpress\/wp-json\/wp\/v2\/categories?post=312796"},{"taxonomy":"post_tag","embeddable":true,"href":"https:\/\/www.radiopiu.net\/wordpress\/wp-json\/wp\/v2\/tags?post=312796"}],"curies":[{"name":"wp","href":"https:\/\/api.w.org\/{rel}","templated":true}]}}