{"id":312800,"date":"2022-12-22T05:35:26","date_gmt":"2022-12-22T04:35:26","guid":{"rendered":"https:\/\/www.radiopiu.net\/wordpress\/?p=312800"},"modified":"2022-12-22T05:50:08","modified_gmt":"2022-12-22T04:50:08","slug":"inaugurato-il-nuovo-ecocentro-per-agordo-e-taibon","status":"publish","type":"post","link":"https:\/\/www.radiopiu.net\/wordpress\/inaugurato-il-nuovo-ecocentro-per-agordo-e-taibon\/","title":{"rendered":"INAUGURATO IL NUOVO ECOCENTRO PER AGORDO E TAIBON"},"content":{"rendered":"<p><strong>AGORDO I<\/strong><span style=\"font-size: 11.0pt; font-family: 'Arial',sans-serif;\">naugurato il nuovo il nuovo EcoCentro sovracomunale di Agordo-Taibon Agordino situato in Localit\u00e0 Valcozzena, proprio al confine tra i due Comuni. <\/span><span style=\"font-size: 11.0pt; font-family: 'Arial',sans-serif;\">Il nuovo Ecocentro, la cui realizzazione \u00e8 stata finanziata dal Fondo Comuni Confinanti, \u00e8 stato progettato con una grande attenzione all\u2019accessibilit\u00e0 e alla facilit\u00e0 di fruizione della struttura da parte dei cittadini, con l\u2019obiettivo di offrire un servizio di qualit\u00e0 nel rispetto delle normative vigenti. <\/span><span style=\"font-size: 11.0pt; font-family: 'Arial',sans-serif;\">Il nuovo Ecocentro si sviluppa su una superficie complessiva di 4.400 metri quadrati e offre ai cittadini un servizio migliore grazie agli ampi spazi, un sistema di viabilit\u00e0 esterna e interna ottimale e una grande capacit\u00e0 volumetrica per accogliere le varie tipologie di rifiuti. <\/span><span style=\"font-size: 11.0pt; font-family: 'Arial',sans-serif;\">Tante le soluzioni tecnico-costruttive realizzate per quest\u2019opera, a partire da una rampa sopraelevata per facilitare il conferimento dei rifiuti che agevola gli utenti sia nel transito all\u2019interno all\u2019Ecocentro sia nelle fasi di scarico dei rifiuti.\u00a0 <\/span><span style=\"font-size: 11.0pt; font-family: 'Arial',sans-serif;\">La struttura \u00e8 dotata di 14 postazioni per i cassoni dove conferire i rifiuti, oltre ad una \u201cisola\u201d riservata alla raccolta dei RAEE &#8211; Rifiuti da Apparecchiature Elettriche ed Elettroniche &#8211; e un\u2019altra per i rifiuti pericolosi, al fine di garantire la loro corretta raccolta nella massima sicurezza per i cittadini e l\u2019ambiente circostante.\u00a0 <\/span><span style=\"font-size: 11.0pt; font-family: 'Arial',sans-serif;\">Una nuova struttura che tiene conto anche dell\u2019efficientamento energetico: l\u2019intero sistema di illuminazione, infatti, \u00e8 stato progettato per garantire la massima efficienza e allo stesso tempo <\/span><span style=\"font-size: 11.0pt; font-family: 'Arial',sans-serif; color: windowtext;\">ridurre i consumi usando led per ogni punto luce. L&#8217;ecocentro sar\u00e0 aperto il luned\u00ec e venerd\u00ec dalle 14 alle 17, marted\u00ec e gioved\u00ec dalle 9 alle 12 e il sabato dalle 9 alle 12 e dalle 14 alle 17.<\/span><\/p>\n\n\t\t\t<style type='text\/css'>\n\t\t\t\t#gallery-1 {\n\t\t\t\t\tmargin: auto;\n\t\t\t\t}\n\t\t\t\t#gallery-1 .gallery-item {\n\t\t\t\t\tfloat: left;\n\t\t\t\t\tmargin-top: 10px;\n\t\t\t\t\ttext-align: center;\n\t\t\t\t\twidth: 50%;\n\t\t\t\t}\n\t\t\t\t#gallery-1 img {\n\t\t\t\t\tborder: 2px solid #cfcfcf;\n\t\t\t\t}\n\t\t\t\t#gallery-1 .gallery-caption {\n\t\t\t\t\tmargin-left: 0;\n\t\t\t\t}\n\t\t\t\t\/* see gallery_shortcode() in wp-includes\/media.php *\/\n\t\t\t<\/style>\n\t\t<div id='gallery-1' class='dt-gallery-container gallery galleryid-312800 gallery-columns-2 gallery-size-medium'><dl class='gallery-item'>\n\t\t\t\t<dt class='gallery-icon landscape'>\n\t\t\t\t\t<a class=\"rollover rollover-zoom dt-pswp-item\" title=\"ingresso-ecocentro\" data-dt-img-description=\"\" data-large_image_width=\"1600\" data-large_image_height=\"720\"href='https:\/\/www.radiopiu.net\/wordpress\/wp-content\/uploads\/2022\/12\/ingresso-ecocentro.jpg'><img loading=\"lazy\" decoding=\"async\" width=\"300\" height=\"135\" src=\"https:\/\/www.radiopiu.net\/wordpress\/wp-content\/uploads\/2022\/12\/ingresso-ecocentro-300x135.jpg\" class=\"attachment-medium size-medium\" alt=\"\" srcset=\"https:\/\/www.radiopiu.net\/wordpress\/wp-content\/uploads\/2022\/12\/ingresso-ecocentro-300x135.jpg 300w, https:\/\/www.radiopiu.net\/wordpress\/wp-content\/uploads\/2022\/12\/ingresso-ecocentro-1024x461.jpg 1024w, https:\/\/www.radiopiu.net\/wordpress\/wp-content\/uploads\/2022\/12\/ingresso-ecocentro-768x346.jpg 768w, https:\/\/www.radiopiu.net\/wordpress\/wp-content\/uploads\/2022\/12\/ingresso-ecocentro-1536x691.jpg 1536w, https:\/\/www.radiopiu.net\/wordpress\/wp-content\/uploads\/2022\/12\/ingresso-ecocentro.jpg 1600w\" sizes=\"auto, (max-width: 300px) 100vw, 300px\" \/><\/a>\n\t\t\t\t<\/dt><\/dl><dl class='gallery-item'>\n\t\t\t\t<dt class='gallery-icon landscape'>\n\t\t\t\t\t<a class=\"rollover rollover-zoom dt-pswp-item\" title=\"taglio-nastro\" data-dt-img-description=\"\" data-large_image_width=\"1122\" data-large_image_height=\"719\"href='https:\/\/www.radiopiu.net\/wordpress\/wp-content\/uploads\/2022\/12\/taglio-nastro.jpg'><img loading=\"lazy\" decoding=\"async\" width=\"300\" height=\"192\" src=\"https:\/\/www.radiopiu.net\/wordpress\/wp-content\/uploads\/2022\/12\/taglio-nastro-300x192.jpg\" class=\"attachment-medium size-medium\" alt=\"\" srcset=\"https:\/\/www.radiopiu.net\/wordpress\/wp-content\/uploads\/2022\/12\/taglio-nastro-300x192.jpg 300w, https:\/\/www.radiopiu.net\/wordpress\/wp-content\/uploads\/2022\/12\/taglio-nastro-1024x656.jpg 1024w, https:\/\/www.radiopiu.net\/wordpress\/wp-content\/uploads\/2022\/12\/taglio-nastro-768x492.jpg 768w, https:\/\/www.radiopiu.net\/wordpress\/wp-content\/uploads\/2022\/12\/taglio-nastro.jpg 1122w\" sizes=\"auto, (max-width: 300px) 100vw, 300px\" \/><\/a>\n\t\t\t\t<\/dt><\/dl><br style=\"clear: both\" \/>\n\t\t\t<\/div>\n\n<p>&nbsp;<\/p>\n<p>&nbsp;<\/p>\n<p>*****<\/p>\n","protected":false},"excerpt":{"rendered":"<p>AGORDO Inaugurato il nuovo il nuovo EcoCentro sovracomunale di Agordo-Taibon Agordino situato in Localit\u00e0 Valcozzena, proprio al confine tra i due Comuni. Il nuovo Ecocentro, la cui realizzazione \u00e8 stata finanziata dal Fondo Comuni Confinanti, \u00e8 stato progettato con una grande attenzione all\u2019accessibilit\u00e0 e alla facilit\u00e0 di fruizione della struttura da parte dei cittadini, con&hellip;<\/p>\n","protected":false},"author":4,"featured_media":312802,"comment_status":"closed","ping_status":"closed","sticky":false,"template":"","format":"standard","meta":{"_monsterinsights_skip_tracking":false,"_monsterinsights_sitenote_active":false,"_monsterinsights_sitenote_note":"","_monsterinsights_sitenote_category":0,"footnotes":""},"categories":[51,49],"tags":[],"class_list":["post-312800","post","type-post","status-publish","format-standard","has-post-thumbnail","hentry","category-evidenza-top","category-news-18","category-51","category-49","description-off"],"img_url":"https:\/\/www.radiopiu.net\/wordpress\/wp-content\/uploads\/2022\/12\/taglio-nastro.jpg","_links":{"self":[{"href":"https:\/\/www.radiopiu.net\/wordpress\/wp-json\/wp\/v2\/posts\/312800","targetHints":{"allow":["GET"]}}],"collection":[{"href":"https:\/\/www.radiopiu.net\/wordpress\/wp-json\/wp\/v2\/posts"}],"about":[{"href":"https:\/\/www.radiopiu.net\/wordpress\/wp-json\/wp\/v2\/types\/post"}],"author":[{"embeddable":true,"href":"https:\/\/www.radiopiu.net\/wordpress\/wp-json\/wp\/v2\/users\/4"}],"replies":[{"embeddable":true,"href":"https:\/\/www.radiopiu.net\/wordpress\/wp-json\/wp\/v2\/comments?post=312800"}],"version-history":[{"count":0,"href":"https:\/\/www.radiopiu.net\/wordpress\/wp-json\/wp\/v2\/posts\/312800\/revisions"}],"wp:featuredmedia":[{"embeddable":true,"href":"https:\/\/www.radiopiu.net\/wordpress\/wp-json\/wp\/v2\/media\/312802"}],"wp:attachment":[{"href":"https:\/\/www.radiopiu.net\/wordpress\/wp-json\/wp\/v2\/media?parent=312800"}],"wp:term":[{"taxonomy":"category","embeddable":true,"href":"https:\/\/www.radiopiu.net\/wordpress\/wp-json\/wp\/v2\/categories?post=312800"},{"taxonomy":"post_tag","embeddable":true,"href":"https:\/\/www.radiopiu.net\/wordpress\/wp-json\/wp\/v2\/tags?post=312800"}],"curies":[{"name":"wp","href":"https:\/\/api.w.org\/{rel}","templated":true}]}}