{"id":312840,"date":"2022-12-21T15:41:32","date_gmt":"2022-12-21T14:41:32","guid":{"rendered":"https:\/\/www.radiopiu.net\/wordpress\/?p=312840"},"modified":"2022-12-21T15:41:32","modified_gmt":"2022-12-21T14:41:32","slug":"lotta-allevasione-taglio-piu-consistente-al-cuneo-fiscale-rivalutazione-delle-pensioni-nel-congresso-generale-della-cisl","status":"publish","type":"post","link":"https:\/\/www.radiopiu.net\/wordpress\/lotta-allevasione-taglio-piu-consistente-al-cuneo-fiscale-rivalutazione-delle-pensioni-nel-congresso-generale-della-cisl\/","title":{"rendered":"LOTTA ALL\u2019EVASIONE, TAGLIO PI\u00d9 CONSISTENTE AL CUNEO FISCALE, RIVALUTAZIONE DELLE PENSIONI NEL CONGRESSO GENERALE DELLA CISL"},"content":{"rendered":"<p><strong><a class=\"dt-pswp-item\" href=\"https:\/\/www.radiopiu.net\/wordpress\/wp-content\/uploads\/2022\/12\/sala-scaled.jpg\" data-dt-img-description=\"\" data-large_image_width=\"2560\" data-large_image_height=\"1920\"><img loading=\"lazy\" decoding=\"async\" class=\" wp-image-312841 alignleft\" src=\"https:\/\/www.radiopiu.net\/wordpress\/wp-content\/uploads\/2022\/12\/sala-300x225.jpg\" alt=\"\" width=\"183\" height=\"137\" srcset=\"https:\/\/www.radiopiu.net\/wordpress\/wp-content\/uploads\/2022\/12\/sala-300x225.jpg 300w, https:\/\/www.radiopiu.net\/wordpress\/wp-content\/uploads\/2022\/12\/sala-1024x768.jpg 1024w, https:\/\/www.radiopiu.net\/wordpress\/wp-content\/uploads\/2022\/12\/sala-768x576.jpg 768w, https:\/\/www.radiopiu.net\/wordpress\/wp-content\/uploads\/2022\/12\/sala-1536x1152.jpg 1536w, https:\/\/www.radiopiu.net\/wordpress\/wp-content\/uploads\/2022\/12\/sala-2048x1536.jpg 2048w\" sizes=\"auto, (max-width: 183px) 100vw, 183px\" \/><\/a>MOGLIANO VENETO (TV) <\/strong>\u201c<em>Siamo per un sindacato che eserciti a pieno il proprio ruolo di soggetto di rappresentanza e per questo sosteniamo con forza che si debba stare inchiodati ai tavoli negoziali. Al tavolo con il governo abbiamo espresso tutte le nostre perplessit\u00e0 per alcuni provvedimenti previsti nella manovra 2023. In particolare, ci\u00f2 che pi\u00f9 ci inquieta non sono solo le gi\u00e0 pesanti decisioni di non applicare la piena rivalutazione delle pensioni o un fin troppo timido taglio al cuneo fiscale per i dipendenti, ma sono le decisioni in controtendenza al governo Draghi che segnano l\u2019humus politico e culturale in cui si muove il governo\u201d. <\/em>Lo ha detto questa mattina a Mogliano Veneto il segretario della Cisl Belluno Treviso Massimiliano Paglini nel corso della relazione introduttiva del Consiglio Generale. \u201c<em>Se \u00e8 vero come \u00e8 vero che la coperta \u00e8 corta, con un debito pubblico tra i pi\u00f9 alti al mondo e una mancata crescita da trent\u2019anni a questa parte (salvo gli ultimi due anni post Covid)<\/em> &#8211; ha proseguito il segretario generale &#8211; <em>per ottenere maggiori risorse per gli investimenti e lo stato sociale non vi \u00e8 alternativa a una poderosa lotta all\u2019evasione fiscale che riduca questo abominio, che vede l\u2019Italia, unico tra i Paesi avanzati, reggersi sulle spalle di dipendenti e pensionati\u201d. <\/em>Altro tema cruciale \u00e8 la questione salariale, con la mancata crescita degli stipendi in Italia. \u201c<em>Per noi <\/em>&#8211; ha sottolineato Paglini &#8211; <em>\u00e8 la priorit\u00e0, da affrontare attraverso la riduzione del cuneo fiscale sui redditi da lavoro dipendente e una maggiore e pi\u00f9 puntuale distribuzione della ricchezza prodotta. \u00c8 fondamentale ridare dignit\u00e0 e decenza al lavoro\u201d. <\/em>Ai componenti del Consiglio generale sono stati illustrati i risultati della ricerca sulle condizioni del lavoro nelle due province realizzata recentemente dall\u2019Ufficio Studi della Cisl. Ricerca che si focalizza sulle grandi dimissioni, evidenziando che nell\u2019ultimo anno a Treviso e a Belluno un giovane su sei ha cambiato lavoro.<\/p>\n<p>&nbsp;<\/p>\n<p>&nbsp;<\/p>\n<p>******<\/p>\n","protected":false},"excerpt":{"rendered":"<p>MOGLIANO VENETO (TV) \u201cSiamo per un sindacato che eserciti a pieno il proprio ruolo di soggetto di rappresentanza e per questo sosteniamo con forza che si debba stare inchiodati ai tavoli negoziali. Al tavolo con il governo abbiamo espresso tutte le nostre perplessit\u00e0 per alcuni provvedimenti previsti nella manovra 2023. In particolare, ci\u00f2 che pi\u00f9&hellip;<\/p>\n","protected":false},"author":4,"featured_media":312841,"comment_status":"closed","ping_status":"closed","sticky":false,"template":"","format":"standard","meta":{"_monsterinsights_skip_tracking":false,"_monsterinsights_sitenote_active":false,"_monsterinsights_sitenote_note":"","_monsterinsights_sitenote_category":0,"footnotes":""},"categories":[49],"tags":[],"class_list":["post-312840","post","type-post","status-publish","format-standard","has-post-thumbnail","hentry","category-news-18","category-49","description-off"],"img_url":"https:\/\/www.radiopiu.net\/wordpress\/wp-content\/uploads\/2022\/12\/sala-scaled.jpg","_links":{"self":[{"href":"https:\/\/www.radiopiu.net\/wordpress\/wp-json\/wp\/v2\/posts\/312840","targetHints":{"allow":["GET"]}}],"collection":[{"href":"https:\/\/www.radiopiu.net\/wordpress\/wp-json\/wp\/v2\/posts"}],"about":[{"href":"https:\/\/www.radiopiu.net\/wordpress\/wp-json\/wp\/v2\/types\/post"}],"author":[{"embeddable":true,"href":"https:\/\/www.radiopiu.net\/wordpress\/wp-json\/wp\/v2\/users\/4"}],"replies":[{"embeddable":true,"href":"https:\/\/www.radiopiu.net\/wordpress\/wp-json\/wp\/v2\/comments?post=312840"}],"version-history":[{"count":0,"href":"https:\/\/www.radiopiu.net\/wordpress\/wp-json\/wp\/v2\/posts\/312840\/revisions"}],"wp:featuredmedia":[{"embeddable":true,"href":"https:\/\/www.radiopiu.net\/wordpress\/wp-json\/wp\/v2\/media\/312841"}],"wp:attachment":[{"href":"https:\/\/www.radiopiu.net\/wordpress\/wp-json\/wp\/v2\/media?parent=312840"}],"wp:term":[{"taxonomy":"category","embeddable":true,"href":"https:\/\/www.radiopiu.net\/wordpress\/wp-json\/wp\/v2\/categories?post=312840"},{"taxonomy":"post_tag","embeddable":true,"href":"https:\/\/www.radiopiu.net\/wordpress\/wp-json\/wp\/v2\/tags?post=312840"}],"curies":[{"name":"wp","href":"https:\/\/api.w.org\/{rel}","templated":true}]}}