{"id":312857,"date":"2022-12-22T05:37:57","date_gmt":"2022-12-22T04:37:57","guid":{"rendered":"https:\/\/www.radiopiu.net\/wordpress\/?p=312857"},"modified":"2022-12-22T05:48:57","modified_gmt":"2022-12-22T04:48:57","slug":"incidente-in-stazione-cosa-e-stato-fatto-fino-ad-oggi-per-la-sicurezza-oltre-ai-progetti","status":"publish","type":"post","link":"https:\/\/www.radiopiu.net\/wordpress\/incidente-in-stazione-cosa-e-stato-fatto-fino-ad-oggi-per-la-sicurezza-oltre-ai-progetti\/","title":{"rendered":"INCIDENTE IN STAZIONE &#8220;COSA E&#8217; STATO FATTO FINO AD OGGI PER LA SICUREZZA, OLTRE AI PROGETTI?&#8221;"},"content":{"rendered":"<blockquote><p><em><img loading=\"lazy\" decoding=\"async\" class=\"alignleft\" src=\"https:\/\/www.radiopiu.net\/wordpress\/wp-content\/uploads\/2020\/06\/f662441c-c6a1-40df-8978-3ff5202173f9.jpg\" width=\"205\" height=\"154\" \/>Autobus sempre pi\u00f9 grandi, sempre pi\u00f9 autobus e stazione sempre pi\u00f9 affollata in una zona priva di marciapiedi ma aperta al traffico<\/em><\/p><\/blockquote>\n<p><strong>BELLUNO<\/strong> Preoccupazione e malessere tra gli autisti della Dolomitibus, sotto pressione e scombussolati per quanto accaduto quest&#8217;oggi in stazione a Belluno alle 13.15. <em>&#8220;Qui si rischia patente e posto di lavoro. Il problema non \u00e8 solo la paga, ma anche le responsabilit\u00e0 e non vogliamo rovinarci la vita&#8221;<\/em><\/p>\n<p><strong>UNO DI LORO<\/strong><\/p>\n<audio class=\"wp-audio-shortcode\" id=\"audio-312857-1\" preload=\"none\" style=\"width: 100%;\" controls=\"controls\"><source type=\"audio\/mpeg\" src=\"https:\/\/www.radiopiu.net\/wordpress\/wp-content\/uploads\/2022\/12\/DE-ZAIACOMO.mp3?_=1\" \/><a href=\"https:\/\/www.radiopiu.net\/wordpress\/wp-content\/uploads\/2022\/12\/DE-ZAIACOMO.mp3\">https:\/\/www.radiopiu.net\/wordpress\/wp-content\/uploads\/2022\/12\/DE-ZAIACOMO.mp3<\/a><\/audio>\n<p>&nbsp;<\/p>\n<p>&nbsp;<\/p>\n<p>&nbsp;<\/p>\n<hr \/>\n<p>&nbsp;<\/p>\n<p>&nbsp;<\/p>\n","protected":false},"excerpt":{"rendered":"<p>Autobus sempre pi\u00f9 grandi, sempre pi\u00f9 autobus e stazione sempre pi\u00f9 affollata in una zona priva di marciapiedi ma aperta al traffico BELLUNO Preoccupazione e malessere tra gli autisti della Dolomitibus, sotto pressione e scombussolati per quanto accaduto quest&#8217;oggi in stazione a Belluno alle 13.15. &#8220;Qui si rischia patente e posto di lavoro. Il problema&hellip;<\/p>\n","protected":false},"author":4,"featured_media":145519,"comment_status":"closed","ping_status":"closed","sticky":false,"template":"","format":"standard","meta":{"_monsterinsights_skip_tracking":false,"_monsterinsights_sitenote_active":false,"_monsterinsights_sitenote_note":"","_monsterinsights_sitenote_category":0,"footnotes":""},"categories":[51,49],"tags":[],"class_list":["post-312857","post","type-post","status-publish","format-standard","has-post-thumbnail","hentry","category-evidenza-top","category-news-18","category-51","category-49","description-off"],"img_url":"https:\/\/www.radiopiu.net\/wordpress\/wp-content\/uploads\/2020\/06\/f662441c-c6a1-40df-8978-3ff5202173f9.jpg","_links":{"self":[{"href":"https:\/\/www.radiopiu.net\/wordpress\/wp-json\/wp\/v2\/posts\/312857","targetHints":{"allow":["GET"]}}],"collection":[{"href":"https:\/\/www.radiopiu.net\/wordpress\/wp-json\/wp\/v2\/posts"}],"about":[{"href":"https:\/\/www.radiopiu.net\/wordpress\/wp-json\/wp\/v2\/types\/post"}],"author":[{"embeddable":true,"href":"https:\/\/www.radiopiu.net\/wordpress\/wp-json\/wp\/v2\/users\/4"}],"replies":[{"embeddable":true,"href":"https:\/\/www.radiopiu.net\/wordpress\/wp-json\/wp\/v2\/comments?post=312857"}],"version-history":[{"count":0,"href":"https:\/\/www.radiopiu.net\/wordpress\/wp-json\/wp\/v2\/posts\/312857\/revisions"}],"wp:featuredmedia":[{"embeddable":true,"href":"https:\/\/www.radiopiu.net\/wordpress\/wp-json\/wp\/v2\/media\/145519"}],"wp:attachment":[{"href":"https:\/\/www.radiopiu.net\/wordpress\/wp-json\/wp\/v2\/media?parent=312857"}],"wp:term":[{"taxonomy":"category","embeddable":true,"href":"https:\/\/www.radiopiu.net\/wordpress\/wp-json\/wp\/v2\/categories?post=312857"},{"taxonomy":"post_tag","embeddable":true,"href":"https:\/\/www.radiopiu.net\/wordpress\/wp-json\/wp\/v2\/tags?post=312857"}],"curies":[{"name":"wp","href":"https:\/\/api.w.org\/{rel}","templated":true}]}}