{"id":312937,"date":"2022-12-23T05:55:44","date_gmt":"2022-12-23T04:55:44","guid":{"rendered":"https:\/\/www.radiopiu.net\/wordpress\/?p=312937"},"modified":"2022-12-23T08:44:56","modified_gmt":"2022-12-23T07:44:56","slug":"giornale-radiopiu-23-dicembre-2022-direttore-mirko-mezzacasa","status":"publish","type":"post","link":"https:\/\/www.radiopiu.net\/wordpress\/giornale-radiopiu-23-dicembre-2022-direttore-mirko-mezzacasa\/","title":{"rendered":"GIORNALE RADIOPIU 23 DICEMBRE 2022 DIRETTORE MIRKO MEZZACASA"},"content":{"rendered":"<h3 class=\"kvgmc6g5 cxmmr5t8 oygrvhab hcukyx3x c1et5uql\"><span style=\"color: #0000ff;\"><strong>RADIO PIU INFORMAZIONE il canale su TELEGRAM informazione di prima\u00a0 <\/strong><strong>mano e in tempo reale. iscriviti ed aiutaci a farlo conoscere\u00a0 \u00a0<\/strong><\/span><\/h3>\n<h2><span style=\"color: #ff0000;\">ISCRIVITI AL NOSTRO CANALE YOUTUBE PER SEGUIRE IN DIRETTA I PRINCIPALI PROGRAMMI DI RADIO PIU&#8217; E LE FUTURE DIRETTE IN ESTERNA. PER ISCRIVERTI <a style=\"color: #ff0000;\" href=\"https:\/\/youtube.com\/@radiopiu1527\">CLICCA QUI<\/a> E PREMI IL TASTO &#8220;Iscriviti&#8221;\u00a0<\/span><\/h2>\n<p>&nbsp;<\/p>\n<blockquote>\n<h3>OGGI INTERRUZIONE ELETTRICA A VOLTAGO<\/h3>\n<\/blockquote>\n<p><strong><a class=\"dt-pswp-item\" href=\"https:\/\/www.radiopiu.net\/wordpress\/wp-content\/uploads\/2021\/05\/enel.jpg\" data-dt-img-description=\"\" data-large_image_width=\"1920\" data-large_image_height=\"1276\"><img loading=\"lazy\" decoding=\"async\" class=\" wp-image-207692 alignleft\" src=\"https:\/\/www.radiopiu.net\/wordpress\/wp-content\/uploads\/2021\/05\/enel-300x199.jpg\" alt=\"\" width=\"187\" height=\"124\" srcset=\"https:\/\/www.radiopiu.net\/wordpress\/wp-content\/uploads\/2021\/05\/enel-300x199.jpg 300w, https:\/\/www.radiopiu.net\/wordpress\/wp-content\/uploads\/2021\/05\/enel-1024x681.jpg 1024w, https:\/\/www.radiopiu.net\/wordpress\/wp-content\/uploads\/2021\/05\/enel-768x510.jpg 768w, https:\/\/www.radiopiu.net\/wordpress\/wp-content\/uploads\/2021\/05\/enel-1536x1021.jpg 1536w, https:\/\/www.radiopiu.net\/wordpress\/wp-content\/uploads\/2021\/05\/enel.jpg 1920w\" sizes=\"auto, (max-width: 187px) 100vw, 187px\" \/><\/a> <\/strong><\/p>\n<p><strong>\u00a0<\/strong><\/p>\n<p><strong>VOLTAGO<\/strong> E-Distribuzione comunica che oggi dalle 13 alle 15:30 verra interrotta la distribuzione dell&#8217;energia elettrica a Voltago per consentire dei lavori sugli impianti. Le vie interessate sono: Trento e Trieste, Piandison, Struz, Roma, Simonetti, Castello Vaticano, Europa e il vicolo Salvon.<\/p>\n<p>&nbsp;<\/p>\n<p>&nbsp;<\/p>\n<p>&nbsp;<\/p>\n<hr \/>\n<p>&nbsp;<\/p>\n<blockquote>\n<h3>TRAVOLTA DA UN&#8217;AUTO, MUORE UN&#8217;ANZIANA A FOEN. LA RABBIA DEI PAESANI CHE CHIEDONO UN MARCIAPIEDE DA 20 ANNI MA NESSUNO LI HA MAI ASCOLTATI<\/h3>\n<\/blockquote>\n<p><strong><a class=\"dt-pswp-item\" href=\"https:\/\/www.radiopiu.net\/wordpress\/wp-content\/uploads\/2022\/12\/cedcd6d9-88d5-46d3-baa8-fbdf74c0dbfe.jpg\" data-dt-img-description=\"\" data-large_image_width=\"1024\" data-large_image_height=\"686\"><img loading=\"lazy\" decoding=\"async\" class=\" wp-image-313063 alignleft\" src=\"https:\/\/www.radiopiu.net\/wordpress\/wp-content\/uploads\/2022\/12\/cedcd6d9-88d5-46d3-baa8-fbdf74c0dbfe-300x201.jpg\" alt=\"\" width=\"166\" height=\"111\" srcset=\"https:\/\/www.radiopiu.net\/wordpress\/wp-content\/uploads\/2022\/12\/cedcd6d9-88d5-46d3-baa8-fbdf74c0dbfe-300x201.jpg 300w, https:\/\/www.radiopiu.net\/wordpress\/wp-content\/uploads\/2022\/12\/cedcd6d9-88d5-46d3-baa8-fbdf74c0dbfe-768x515.jpg 768w, https:\/\/www.radiopiu.net\/wordpress\/wp-content\/uploads\/2022\/12\/cedcd6d9-88d5-46d3-baa8-fbdf74c0dbfe.jpg 1024w\" sizes=\"auto, (max-width: 166px) 100vw, 166px\" \/><\/a>FELTRE<\/strong> Investimento mortale lungo via Facina sulla strada che collega Foen a Villabruna. Ieri alle 15.30 \u00e8 stata investita una signora anziana che stava passeggiando lungo lo stradone privo di marciapiede. A centrare la donna e il genero una Volvo. Sul posto per i rilievi i Carabinieri e i Vigili del Fuoco. La donna,\u00a0 Odilla Corrent 87 anni,\u00a0 \u00e8 morta sul colpo, aveva perso il marito Umberto Cossalter nemmeno un mese fa. Stava camminando\u00a0 in via Facina assieme al genero Marco Dalla Gasperina,\u00a0 60 anni, bancario e direttore di filiale a Feltre. Genero e suocera si trovavano sul lato a monte, a destra per chi procede da Villabruna verso Foen, ad una manciata di decine di metri da casa. L&#8217;auto, una Volvo S90, guidata da un uomo di Montebelluna, che viaggiava nella stessa direzione da Villabruna a Foen. L&#8217;impatto \u00e8 stato violento. \u00c8 servito parecchio per riuscire a risalire con certezza all&#8217;identit\u00e0 della vittima e per avvisare i familiari. I vigili del fuoco, mentre procedevano i rilievi, hanno dovuto illuminare la scena dell&#8217;incidente con i fari a causa del buio<\/p>\n<p>&nbsp;<\/p>\n<hr \/>\n<p>&nbsp;<\/p>\n<blockquote>\n<h3>ROE IN LUTTO, E&#8217; MORTO SERGIO CASAGRANDE PRECIPITANDO DALLA FALESIA<\/h3>\n<\/blockquote>\n<p><strong><a class=\"dt-pswp-item\" href=\"https:\/\/www.radiopiu.net\/wordpress\/wp-content\/uploads\/2022\/12\/Senza-nome-108.jpg\" data-dt-img-description=\"\" data-large_image_width=\"231\" data-large_image_height=\"304\"><img loading=\"lazy\" decoding=\"async\" class=\" wp-image-313093 alignleft\" src=\"https:\/\/www.radiopiu.net\/wordpress\/wp-content\/uploads\/2022\/12\/Senza-nome-108-228x300.jpg\" alt=\"\" width=\"151\" height=\"199\" srcset=\"https:\/\/www.radiopiu.net\/wordpress\/wp-content\/uploads\/2022\/12\/Senza-nome-108-228x300.jpg 228w, https:\/\/www.radiopiu.net\/wordpress\/wp-content\/uploads\/2022\/12\/Senza-nome-108.jpg 231w\" sizes=\"auto, (max-width: 151px) 100vw, 151px\" \/><\/a>LONGARONE <\/strong>Aveva solo 44 anni Sergio Casagrande, \u00e8 morto ieri precipitando dalla falesia di Podenzoi dove era andato ad\u00a0 arrampicare in autosicura. L&#8217;allarme \u00e8 scattato nel pomeriggio, quando non ha dato pi\u00f9 notizie di s\u00e8 non rispondendo\u00a0 a chiamate e messaggi. A lanciare l&#8217;allarme un conoscente. Subito attivata, una squadra del Soccorso alpino di Longarone ha raggiunto la palestra di roccia e ha innanzitutto individuato la sua auto ancora nel parcheggio. Purtroppo, poco dopo, i soccorritori ne hanno rinvenuto il corpo senza vita nel settore Acque a met\u00e0 falesia. Sergio \u00e8 precipitato perdendo la vita. Constatato il decesso e ottenuto il nulla osta dalla magistratura per la rimozione, la salma \u00e8 stata imbarellata e calata sul sentiero per un centinaio di metri fino alla strada sottostante, per essere poi affidata al carro funebre. Sul posto anche i Carabinieri. Sergio Casagrande lavorava in Luxottica, appassionato di fotografia. Lascia la moglie Anna e due bambini di 8 e 5 anni. (foto CorrieredelleAlpi)<\/p>\n<p>&nbsp;<\/p>\n<p>&nbsp;<\/p>\n<hr \/>\n<p>&nbsp;<\/p>\n<blockquote>\n<h3>PITBULL AGRESSIVO. IL CONSIGLIERE SILVANO SAVIO SCRIVE AL SINDACO DI AGORDO<\/h3>\n<\/blockquote>\n<p><strong><a class=\"dt-pswp-item\" href=\"https:\/\/www.radiopiu.net\/wordpress\/wp-content\/uploads\/2022\/12\/PITBULL.jpg\" data-dt-img-description=\"\" data-large_image_width=\"1920\" data-large_image_height=\"1280\"><img loading=\"lazy\" decoding=\"async\" class=\" wp-image-312935 alignleft\" src=\"https:\/\/www.radiopiu.net\/wordpress\/wp-content\/uploads\/2022\/12\/PITBULL-300x200.jpg\" alt=\"\" width=\"224\" height=\"149\" srcset=\"https:\/\/www.radiopiu.net\/wordpress\/wp-content\/uploads\/2022\/12\/PITBULL-300x200.jpg 300w, https:\/\/www.radiopiu.net\/wordpress\/wp-content\/uploads\/2022\/12\/PITBULL-1024x683.jpg 1024w, https:\/\/www.radiopiu.net\/wordpress\/wp-content\/uploads\/2022\/12\/PITBULL-768x512.jpg 768w, https:\/\/www.radiopiu.net\/wordpress\/wp-content\/uploads\/2022\/12\/PITBULL-1536x1024.jpg 1536w, https:\/\/www.radiopiu.net\/wordpress\/wp-content\/uploads\/2022\/12\/PITBULL.jpg 1920w\" sizes=\"auto, (max-width: 224px) 100vw, 224px\" \/><\/a>AGORDO<\/strong> Il consigliere del comune di Agordo Silvano Savio scrive al sindaco Roberto Chissal\u00e8 per evidenziare il disagio di alcuni cittadini che abitano in via Fontana e che sono preoccupati per i comportamenti di un cane pitbull. &#8220;Sono diversi mesi oramai che gli abitanti di via Fontana si rivolgono a me per segnalare la presenza di un cane di presunta razza pitbull, in modo particolare per comportamenti aggressivi indotti verso le persone, oltre alle violazioni delle correnti normative di polizia veterinaria&#8221; si legge nella lettera. &#8220;Sentito in merito il signor Cristiano Fant dell\u2019Associazione animalista Earth Belluno, mi ha riferito che sono a conoscenza dei fatti e da mesi le segnalazioni si susseguono e\u00a0 gli organi istituzionali competenti alla sorveglianza (Lei compreso) dicono di non avere gli strumenti normativi per poter agire. Consapevole della necessit\u00e0 di formalizzare la questione, evitando per quanto possibile dialoghi improduttivi e non documentabili, su mio invito l\u2019Associazione ha prodotto una nota indirizzata a Lei in qualit\u00e0 di massima Autorit\u00e0 di Pubblica Sicurezza, che ho ricevuto per conoscenza e che ad ogni buon conto allego alla presente, al fine di una presa di posizione istituzionale.&#8221; La lettera del consigliere si chiude con: &#8220;cito sulla falsariga di quanto scritto a Lei dall\u2019Associazione citata, in merito al potenziale pericolo incombente:\u2026\u201c<em>l&#8217;attuale situazione \u00e8 un eco di quel terribile evento che ha portato all&#8217;animalicidio del cane Kaos che tanto scalpore ha fatto in tutta Italia e che ha identificato Agordo ad una ingiusta connotazione negativa. il problema della presenza di certe persone sul territorio si ripresenta oggi e potrebbe avere esiti ancora pi\u00f9 drammatici\u201d.\u00a0<\/em><\/p>\n<p>&nbsp;<\/p>\n<p>&nbsp;<\/p>\n<hr \/>\n<p>&nbsp;<\/p>\n<blockquote>\n<h3><strong><a class=\"dt-pswp-item\" href=\"https:\/\/www.radiopiu.net\/wordpress\/wp-content\/uploads\/2022\/12\/Polizia_Locale.jpg\" data-dt-img-description=\"\" data-large_image_width=\"1591\" data-large_image_height=\"1193\"><img loading=\"lazy\" decoding=\"async\" class=\" wp-image-312951 alignleft\" src=\"https:\/\/www.radiopiu.net\/wordpress\/wp-content\/uploads\/2022\/12\/Polizia_Locale-300x225.jpg\" alt=\"\" width=\"167\" height=\"125\" srcset=\"https:\/\/www.radiopiu.net\/wordpress\/wp-content\/uploads\/2022\/12\/Polizia_Locale-300x225.jpg 300w, https:\/\/www.radiopiu.net\/wordpress\/wp-content\/uploads\/2022\/12\/Polizia_Locale-1024x768.jpg 1024w, https:\/\/www.radiopiu.net\/wordpress\/wp-content\/uploads\/2022\/12\/Polizia_Locale-768x576.jpg 768w, https:\/\/www.radiopiu.net\/wordpress\/wp-content\/uploads\/2022\/12\/Polizia_Locale-1536x1152.jpg 1536w, https:\/\/www.radiopiu.net\/wordpress\/wp-content\/uploads\/2022\/12\/Polizia_Locale.jpg 1591w\" sizes=\"auto, (max-width: 167px) 100vw, 167px\" \/><\/a><\/strong>ESCE DI STRADA DANNEGGIANDO PARAPETTO E RECINZIONE PRIVATA. PIZZICATO DALLA VIDEOSORVEGLIANZA A PONTE NELLE ALPI<\/h3>\n<\/blockquote>\n<p><strong>DI DANIELE DALVIT<\/strong><\/p>\n<audio class=\"wp-audio-shortcode\" id=\"audio-312937-1\" preload=\"none\" style=\"width: 100%;\" controls=\"controls\"><source type=\"audio\/mpeg\" src=\"https:\/\/www.radiopiu.net\/wordpress\/wp-content\/uploads\/2022\/12\/DALVIT-PIRATA-PONTE.mp3?_=1\" \/><a href=\"https:\/\/www.radiopiu.net\/wordpress\/wp-content\/uploads\/2022\/12\/DALVIT-PIRATA-PONTE.mp3\">https:\/\/www.radiopiu.net\/wordpress\/wp-content\/uploads\/2022\/12\/DALVIT-PIRATA-PONTE.mp3<\/a><\/audio>\n<p>&nbsp;<\/p>\n<hr \/>\n<p>&nbsp;<\/p>\n<blockquote>\n<h3>SVIENE IN VIA VITTORIO VENETO<\/h3>\n<\/blockquote>\n<p><strong>BELLUNO<\/strong>\u00a0 Scende dall&#8217;autobus e stramazza a terra a causa di un calo di pressione. E&#8217; accaduto ieri ad\u00a0 una studentessa bellunese di 17 anni soccorsa dai sanitari del Suem 118, in via Vittorio Veneto.<\/p>\n<p>&nbsp;<\/p>\n<hr \/>\n<p>&nbsp;<\/p>\n<blockquote>\n<h3>GLI AUTISTI DI DOLOMITIBUS CHIEDONO MAGGIORE SICUREZZA IN PIAZZALE STAZIONE. <strong>\u00a0<\/strong><\/h3>\n<\/blockquote>\n<p><strong><a class=\"dt-pswp-item\" href=\"https:\/\/www.radiopiu.net\/wordpress\/wp-content\/uploads\/2022\/12\/efe01e2d-e372-43cb-8555-70de22ba4411.jpg\" data-dt-img-description=\"\" data-large_image_width=\"1600\" data-large_image_height=\"1200\"><img loading=\"lazy\" decoding=\"async\" class=\"wp-image-312846 alignleft\" src=\"https:\/\/www.radiopiu.net\/wordpress\/wp-content\/uploads\/2022\/12\/efe01e2d-e372-43cb-8555-70de22ba4411-300x225.jpg\" alt=\"\" width=\"144\" height=\"108\" srcset=\"https:\/\/www.radiopiu.net\/wordpress\/wp-content\/uploads\/2022\/12\/efe01e2d-e372-43cb-8555-70de22ba4411-300x225.jpg 300w, https:\/\/www.radiopiu.net\/wordpress\/wp-content\/uploads\/2022\/12\/efe01e2d-e372-43cb-8555-70de22ba4411-1024x768.jpg 1024w, https:\/\/www.radiopiu.net\/wordpress\/wp-content\/uploads\/2022\/12\/efe01e2d-e372-43cb-8555-70de22ba4411-768x576.jpg 768w, https:\/\/www.radiopiu.net\/wordpress\/wp-content\/uploads\/2022\/12\/efe01e2d-e372-43cb-8555-70de22ba4411-1536x1152.jpg 1536w, https:\/\/www.radiopiu.net\/wordpress\/wp-content\/uploads\/2022\/12\/efe01e2d-e372-43cb-8555-70de22ba4411.jpg 1600w\" sizes=\"auto, (max-width: 144px) 100vw, 144px\" \/><\/a>BELLUNO<\/strong> Dopo l&#8217;incidente dell&#8217;altro giorno c&#8217;\u00e8 preoccupazione tra gli autisti dei pullman della Dolomitibus dopo che un \u00a018enne \u00e8 rimasto con un piede sotto una ruota dell&#8217;autobus subendo una frattura con schiacciamento. Per richiamare l&#8217;attenzione su queste situazioni di pericolo i conducenti ieri mattina hanno\u00a0 protestato, rallentato fino a muoversi a passo d&#8217;uomo o addirittura fermarsi.\u00a0 L&#8217;autista rischia di rimetterci in prima persona: patente, posto di lavoro e questioni legali. Se nessuno fa niente, devono auto tutelarsi.<\/p>\n<p>&nbsp;<\/p>\n<hr \/>\n<p>&nbsp;<\/p>\n<blockquote>\n<h3>PROVINCIALE 251 FINALMENTE RESTITUITA ANCHE A MOTO E BICI<\/h3>\n<\/blockquote>\n<p><strong>VAL DI ZOLDO<\/strong>\u00a0 Da ieri pomeriggio\u00a0 la strada provinciale 251, in localit\u00e0 Mezzocanale, \u00e8 finalmente libera da qualsiasi intoppo. Veneto Strade l&#8217;ha riaperta ufficialmente al traffico. Il semaforo di Solagnot \u00e8 stato tolto, rimane\u00a0 solo la limitazione di portata a 44 tonnellate e il limite di velocit\u00e0 massimo di 30 km orari.<\/p>\n<p>&nbsp;<\/p>\n<hr \/>\n<p>&nbsp;<\/p>\n<blockquote>\n<h3>VIOLENZA SESSUALE. DENUNCIATO L&#8217;AMICO DI FAMIGLIA<\/h3>\n<\/blockquote>\n<p>&nbsp;<\/p>\n<p><strong>OGGI SUL CORRIERE DELLE ALPI<\/strong><\/p>\n<p><strong>DI GIGI SOSSO<\/strong><\/p>\n<p><img loading=\"lazy\" decoding=\"async\" class=\"alignleft\" src=\"https:\/\/www.radiopiu.net\/wordpress\/wp-content\/uploads\/2022\/03\/TRIBUNALE-2.jpg\" width=\"199\" height=\"149\" \/><strong>BELLUNO<\/strong> Madre e figlia lo portano in tribunale. Entrambe lo accusano di violenza sessuale, nel caso della donna pi\u00f9 giovane aggravata dal fatto che all&#8217;epoca aveva meno di 14 anni. L&#8217;imputato \u00e8 difeso di fiducia dall&#8217;avvocato Giorgio Gasperin e ieri mattina \u00e8 comparso davanti al giudice per le udienze preliminari Enrica Marson, chiedendo di essere giudicato in rito abbreviato. Concesso e fissato per il 23 febbraio dell&#8217;anno prossimo. Tutto \u00e8 gi\u00e0 agli atti del pubblico ministero Simone Marcon. I fatti contestati sarebbero accaduti l&#8217;anno scorso, in una casa del quartiere di Mussoi&#8230; Le due donne si sono confidate e hanno deciso di andare a presentare una querela per violenza sessuale. La figlia \u00e8 stata sentita dal pubblico ministero Simone Marcon, in incidente probatorio. La giovane si \u00e8 costituita parte civile con l&#8217;avvocato Cristiana Riccitiello, attraverso la madre che ne esercita la patria potest\u00e0 e chieder\u00e0 un risarcimento danni.<\/p>\n<p>&nbsp;<\/p>\n<p><strong>AGORDO<\/strong> Una ragazza, con problemi di tossicodipendenza,\u00a0 deve rispondere\u00a0 in tribunale per furto di metadone, quindi rapina impropria nei confronti della farmacista, ma anche di danneggiamento, perch\u00e9 al momento di andarsene avrebbe sbattuto con violenza la porta con il risultato di romperla. Il 23 febbraio dell&#8217;anno scorso la donna \u00e8 entrata in una farmacia, dirigendosi verso il bancone e pretendendo di avere dei farmaci, tra i quali il metadone. Al rifiuto da parte della farmacista, ci sarebbe stata una piccola colluttazione ma tale da configurare il reato di rapina.<\/p>\n<p>&nbsp;<\/p>\n<p>&nbsp;<\/p>\n<hr \/>\n<p>&nbsp;<\/p>\n<blockquote>\n<h3>VIA LIBERA DAI SINDACI AL BILANCIO DI PREVISIONE 2023 DELLA PROVINCIA<\/h3>\n<\/blockquote>\n<p><strong><a class=\"dt-pswp-item\" href=\"https:\/\/www.radiopiu.net\/wordpress\/wp-content\/uploads\/2020\/06\/palazzo_piloni_belluno.jpg\" data-dt-img-description=\"\" data-large_image_width=\"1000\" data-large_image_height=\"667\"><img loading=\"lazy\" decoding=\"async\" class=\" wp-image-144771 alignleft\" src=\"https:\/\/www.radiopiu.net\/wordpress\/wp-content\/uploads\/2020\/06\/palazzo_piloni_belluno-300x200.jpg\" alt=\"\" width=\"227\" height=\"151\" srcset=\"https:\/\/www.radiopiu.net\/wordpress\/wp-content\/uploads\/2020\/06\/palazzo_piloni_belluno-300x200.jpg 300w, https:\/\/www.radiopiu.net\/wordpress\/wp-content\/uploads\/2020\/06\/palazzo_piloni_belluno-768x512.jpg 768w, https:\/\/www.radiopiu.net\/wordpress\/wp-content\/uploads\/2020\/06\/palazzo_piloni_belluno.jpg 1000w\" sizes=\"auto, (max-width: 227px) 100vw, 227px\" \/><\/a>BELLUNO <\/strong>\u00abAbbiamo fatto un lavoro positivo, compatibilmente con le risorse a disposizione. E sappiamo che le entrate &#8211; Ipt e Rc auto soprattutto &#8211; sono soggette alle fluttuazioni del mercato dell\u2019auto, che non rende merito a quelle che sono le competenze della Provincia\u00bb. \u00c8 quanto affermato dal presidente della Provincia di Belluno, nel presentare il bilancio di previsione 2023, che \u00e8 stato approvato dall\u2019assemblea dei sindaci (con i voti contrari di Vodo e Valle).\u00a0 Una \u201cmanovra\u201d che deve fare i conti con la solita coperta corta e con alcune incertezze legate alle spese per le stradei) per quasi 500mila euro, e i contributi alle Unioni montane per 2 milioni di euro. All\u2019assemblea dei sindaci \u00e8 stata presentata anche situazione della Stazione unica appaltante provinciale, a cui hanno aderito diversi Comuni, sia per interventi del Pnrr sia per progettualit\u00e0 legate al Fondo Comuni confinanti. E&#8217; arrivata la ratifica del consiglio provinciale, che ha varato anche il Regolamento Grandi Eventi, per disciplinare la gestione e l\u2019erogazione dei contributi cofinanziati dal Fondo Comuni confinanti e dalla Regione (un budget triennale di 2,5 milioni di euro). Approvati anche un accordo di programma con il Comune di Alano per la sistemazione e la messa in sicurezza dell\u2019accesso alla scuola dell\u2019infanzia, che si trova a ridosso della Sp10; e un accordo tra la Provincia e Veneto Strade per l\u2019utilizzo di alcuni fondi stanziati dal Ministero infrastrutture per la viabilit\u00e0 provinciale.<\/p>\n<p>&nbsp;<\/p>\n<p>&nbsp;<\/p>\n<hr \/>\n<p>&nbsp;<\/p>\n<blockquote>\n<h3 class=\"entry-title\">DILLO A RADIO PIU\u2026ALLIBITO DALLA RISPOSTA DI POSTE ITALIANE<\/h3>\n<\/blockquote>\n<p><strong class=\"photoswipe-wrapper\"><a class=\"dt-pswp-item pspw-wrap-ready\" href=\"https:\/\/www.radiopiu.net\/wordpress\/wp-content\/uploads\/2022\/12\/Schermata-2022-12-20-alle-11.40.27.png\" data-dt-img-description=\"\" data-large_image_width=\"2066\" data-large_image_height=\"1310\"><img loading=\"lazy\" decoding=\"async\" class=\" wp-image-312611 alignleft\" src=\"https:\/\/www.radiopiu.net\/wordpress\/wp-content\/uploads\/2022\/12\/Schermata-2022-12-20-alle-11.40.27-300x190.png\" sizes=\"auto, (max-width: 226px) 100vw, 226px\" srcset=\"https:\/\/www.radiopiu.net\/wordpress\/wp-content\/uploads\/2022\/12\/Schermata-2022-12-20-alle-11.40.27-300x190.png 300w, https:\/\/www.radiopiu.net\/wordpress\/wp-content\/uploads\/2022\/12\/Schermata-2022-12-20-alle-11.40.27-1024x649.png 1024w, https:\/\/www.radiopiu.net\/wordpress\/wp-content\/uploads\/2022\/12\/Schermata-2022-12-20-alle-11.40.27-768x487.png 768w, https:\/\/www.radiopiu.net\/wordpress\/wp-content\/uploads\/2022\/12\/Schermata-2022-12-20-alle-11.40.27-1536x974.png 1536w, https:\/\/www.radiopiu.net\/wordpress\/wp-content\/uploads\/2022\/12\/Schermata-2022-12-20-alle-11.40.27-2048x1299.png 2048w\" alt=\"\" width=\"226\" height=\"143\" \/><\/a>REDAZIONE<\/strong>\u00a0Riceviamo e pubblichiamo una considerazione in merito alla risposta di Poste Italiane dopo la lettera che lamentava degli orari ridotti anche nel periodo post Coviud-19.<\/p>\n<blockquote><p><em>Per quanto riguarda la risposta di Poste Italiane all\u2019ascoltatore che aveva sollevato la problematica della mancata apertura al pomeriggio, come avveniva prima della pandemia, direi che manca\u2026la risposta. Oltre a sottolineare i vari servizi disponibili nessuna parola sul cuore del quesito. Abbiano almeno il coraggio di dire che non intendono pi\u00f9 tenere aperto come prima anzich\u00e9 parlare di altro per evitare la questione, anche se tra le righe si \u00e8 capito che gli orari di prima non verranno ripristinati.<\/em><\/p><\/blockquote>\n<p>&nbsp;<\/p>\n<p>&nbsp;<\/p>\n<hr \/>\n<p>&nbsp;<\/p>\n<blockquote>\n<h3>TAIBON, UNIONE D&#8217;INTENTI E UNA CARTINA TURISTICA<\/h3>\n<\/blockquote>\n<p><strong>DI MARCO GAZ<\/strong><\/p>\n<p><strong><img loading=\"lazy\" decoding=\"async\" class=\"alignleft\" src=\"https:\/\/www.radiopiu.net\/wordpress\/wp-content\/uploads\/2022\/12\/Senza-nome-106.jpg\" width=\"180\" height=\"216\" \/>TAIBON<\/strong> Gradita visita negli studi di RADIOPIU del consigliere comunale Fiorangela Beltrame, occasione per prendere visione della nuova cartina con i percorsi di fondovalle e la Via della Dolomia.<\/p>\n<p>Le proposte: El viaz de le vile, La via del Santo con l&#8217;Orso, Percorso del sole, Le antiche carrarecce, a pie per il Castel, La via della Dolomia. Spazio dedicato al Nordic Walking Park Agordino.<br \/>\nI percorsi sono ben spiegati con traduzioni in lingua inglese,\u00a0 tedesca e accompagnati da pregevoli scatti di Jacopo Mottes, Luigi Cadorin, Daniele Carlin. Una cartina con relativa legenda \u00e8 un ulteriore aiuto a scoprire gli angoli del paese.<\/p>\n<p><strong>L&#8217;INTERVISTA AL CONSIGLIERE FIORANGELA BELTRAME<\/strong><\/p>\n<audio class=\"wp-audio-shortcode\" id=\"audio-312937-2\" preload=\"none\" style=\"width: 100%;\" controls=\"controls\"><source type=\"audio\/mpeg\" src=\"https:\/\/www.radiopiu.net\/wordpress\/wp-content\/uploads\/2022\/12\/FIORANGELA-BELTRAME.mp3?_=2\" \/><a href=\"https:\/\/www.radiopiu.net\/wordpress\/wp-content\/uploads\/2022\/12\/FIORANGELA-BELTRAME.mp3\">https:\/\/www.radiopiu.net\/wordpress\/wp-content\/uploads\/2022\/12\/FIORANGELA-BELTRAME.mp3<\/a><\/audio>\n<p>&nbsp;<\/p>\n<hr \/>\n<p>&nbsp;<\/p>\n<blockquote>\n<h3>IL CONSIGLIO COMUNALE DI AGORDO<\/h3>\n<\/blockquote>\n<p><strong>AGORDO <\/strong>Consiglio comunale in seduta ordinaria e pubblica. Ordine del giorno: variazione al piano esecutivo di gestione; autorizzazione all\u2019acquisizione di aree private per l\u2019ampliamento di via Poloni; revisione ordinaria delle partecipazioni societaria detenute al 31 dicembre; approvazione convenzione per il potenziamento del numero dei posti nel servizio di asilo nido.<\/p>\n<p><strong>LA DIRETTA RADIO PIU&#8217;\u00a0<\/strong><\/p>\n<p>https:\/\/www.facebook.com\/marco.baghy.1\/videos\/847577343147624<\/p>\n<p>&nbsp;<\/p>\n<hr \/>\n<p>&nbsp;<\/p>\n<blockquote>\n<h3>IL REGALO DI RENZO MIOLA ALL&#8217;AMMINISTRAZIONE COMUNALE DI AGORDO<\/h3>\n<\/blockquote>\n<p><strong>AGORDO<\/strong> Prima del consiglio comunale di Agordo un bel regalo di natale \u00e8 arrivato dall&#8217;artista Renzo Miola che ha voluto omaggiare l&#8217;amministrazione con un quadro realizzato da lui stesso<\/p>\n<p>https:\/\/www.facebook.com\/marco.baghy.1\/videos\/1483479168829801<\/p>\n<p>&nbsp;<\/p>\n<hr \/>\n<p>&nbsp;<\/p>\n<blockquote>\n<h3>IL CONSIGLIO COMUNALE DI CANALE D&#8217;AGORDO<\/h3>\n<\/blockquote>\n<p><strong>CANALE D&#8217;AGORDO<\/strong> Il sindaco di Canale D\u2019Agordo Flavio Colcergnan ha convocato il consiglio comunale. Quattro i punti da trattare tra cui la convenzione con altri comuni per la gestione dell\u2019ufficio di segreteria e il regolamento comunale patrocini e concessione contributi.<br \/>\nIl sindaco Flavio Colcergnan ha dato notizia dell&#8217;arrivo di un nuovo e giovane segretario. In chiusura lunga discussione sul regolamento per l&#8217;erogazione dei contrbuti con esauriente spiegazione della ragioniera.<\/p>\n<p><strong>LA DIRETTA RADIO PIU&#8217;<\/strong><\/p>\n<p>https:\/\/www.facebook.com\/marco.baghy.1\/videos\/850024146211214<\/p>\n<p>&nbsp;<\/p>\n<hr \/>\n<p>&nbsp;<\/p>\n<p><strong>DI TIZIANO DE COL<\/strong><\/p>\n\n\t\t\t<style type='text\/css'>\n\t\t\t\t#gallery-1 {\n\t\t\t\t\tmargin: auto;\n\t\t\t\t}\n\t\t\t\t#gallery-1 .gallery-item {\n\t\t\t\t\tfloat: left;\n\t\t\t\t\tmargin-top: 10px;\n\t\t\t\t\ttext-align: center;\n\t\t\t\t\twidth: 20%;\n\t\t\t\t}\n\t\t\t\t#gallery-1 img {\n\t\t\t\t\tborder: 2px solid #cfcfcf;\n\t\t\t\t}\n\t\t\t\t#gallery-1 .gallery-caption {\n\t\t\t\t\tmargin-left: 0;\n\t\t\t\t}\n\t\t\t\t\/* see gallery_shortcode() in wp-includes\/media.php *\/\n\t\t\t<\/style>\n\t\t<div id='gallery-1' class='dt-gallery-container gallery galleryid-312937 gallery-columns-5 gallery-size-thumbnail'><dl class='gallery-item'>\n\t\t\t\t<dt class='gallery-icon landscape'>\n\t\t\t\t\t<a class=\"rollover rollover-zoom dt-pswp-item\" title=\"d71d451a-279a-4807-800b-883a2363b91c\" data-dt-img-description=\"\" data-large_image_width=\"602\" data-large_image_height=\"364\"href='https:\/\/www.radiopiu.net\/wordpress\/wp-content\/uploads\/2022\/12\/d71d451a-279a-4807-800b-883a2363b91c.jpg'><img loading=\"lazy\" decoding=\"async\" width=\"150\" height=\"150\" src=\"https:\/\/www.radiopiu.net\/wordpress\/wp-content\/uploads\/2022\/12\/d71d451a-279a-4807-800b-883a2363b91c-150x150.jpg\" class=\"attachment-thumbnail size-thumbnail\" alt=\"\" \/><\/a>\n\t\t\t\t<\/dt><\/dl><dl class='gallery-item'>\n\t\t\t\t<dt class='gallery-icon landscape'>\n\t\t\t\t\t<a class=\"rollover rollover-zoom dt-pswp-item\" title=\"898b0d12-148c-4a97-83e1-3b97a1f849c1\" data-dt-img-description=\"\" data-large_image_width=\"618\" data-large_image_height=\"355\"href='https:\/\/www.radiopiu.net\/wordpress\/wp-content\/uploads\/2022\/12\/898b0d12-148c-4a97-83e1-3b97a1f849c1.jpg'><img loading=\"lazy\" decoding=\"async\" width=\"150\" height=\"150\" src=\"https:\/\/www.radiopiu.net\/wordpress\/wp-content\/uploads\/2022\/12\/898b0d12-148c-4a97-83e1-3b97a1f849c1-150x150.jpg\" class=\"attachment-thumbnail size-thumbnail\" alt=\"\" \/><\/a>\n\t\t\t\t<\/dt><\/dl><dl class='gallery-item'>\n\t\t\t\t<dt class='gallery-icon landscape'>\n\t\t\t\t\t<a class=\"rollover rollover-zoom dt-pswp-item\" title=\"db31f66d-58d8-4a06-b7c3-51b0e1393512\" data-dt-img-description=\"\" data-large_image_width=\"600\" data-large_image_height=\"361\"href='https:\/\/www.radiopiu.net\/wordpress\/wp-content\/uploads\/2022\/12\/db31f66d-58d8-4a06-b7c3-51b0e1393512.jpg'><img loading=\"lazy\" decoding=\"async\" width=\"150\" height=\"150\" src=\"https:\/\/www.radiopiu.net\/wordpress\/wp-content\/uploads\/2022\/12\/db31f66d-58d8-4a06-b7c3-51b0e1393512-150x150.jpg\" class=\"attachment-thumbnail size-thumbnail\" alt=\"\" \/><\/a>\n\t\t\t\t<\/dt><\/dl><dl class='gallery-item'>\n\t\t\t\t<dt class='gallery-icon landscape'>\n\t\t\t\t\t<a class=\"rollover rollover-zoom dt-pswp-item\" title=\"b66465a6-2e8a-4272-84c3-3f5577286985\" data-dt-img-description=\"\" data-large_image_width=\"600\" data-large_image_height=\"356\"href='https:\/\/www.radiopiu.net\/wordpress\/wp-content\/uploads\/2022\/12\/b66465a6-2e8a-4272-84c3-3f5577286985.jpg'><img loading=\"lazy\" decoding=\"async\" width=\"150\" height=\"150\" src=\"https:\/\/www.radiopiu.net\/wordpress\/wp-content\/uploads\/2022\/12\/b66465a6-2e8a-4272-84c3-3f5577286985-150x150.jpg\" class=\"attachment-thumbnail size-thumbnail\" alt=\"\" \/><\/a>\n\t\t\t\t<\/dt><\/dl><dl class='gallery-item'>\n\t\t\t\t<dt class='gallery-icon landscape'>\n\t\t\t\t\t<a class=\"rollover rollover-zoom dt-pswp-item\" title=\"ba4a579b-21c5-495f-be5e-72c5d9f14164\" data-dt-img-description=\"\" data-large_image_width=\"598\" data-large_image_height=\"361\"href='https:\/\/www.radiopiu.net\/wordpress\/wp-content\/uploads\/2022\/12\/ba4a579b-21c5-495f-be5e-72c5d9f14164.jpg'><img loading=\"lazy\" decoding=\"async\" width=\"150\" height=\"150\" src=\"https:\/\/www.radiopiu.net\/wordpress\/wp-content\/uploads\/2022\/12\/ba4a579b-21c5-495f-be5e-72c5d9f14164-150x150.jpg\" class=\"attachment-thumbnail size-thumbnail\" alt=\"\" \/><\/a>\n\t\t\t\t<\/dt><\/dl><br style=\"clear: both\" \/>\n\t\t\t<\/div>\n\n<p>&nbsp;<\/p>\n<hr \/>\n<p>&nbsp;<\/p>\n<blockquote>\n<h3>GINECOLOGIA DI FELTRE: MUSICOTERAPIA E CROMOTERAPIA<\/h3>\n<\/blockquote>\n<p><strong><a class=\"dt-pswp-item\" href=\"https:\/\/www.radiopiu.net\/wordpress\/wp-content\/uploads\/2022\/12\/ginecologia-Feltre.jpeg\" data-dt-img-description=\"\" data-large_image_width=\"1024\" data-large_image_height=\"585\"><img loading=\"lazy\" decoding=\"async\" class=\" wp-image-313045 alignleft\" src=\"https:\/\/www.radiopiu.net\/wordpress\/wp-content\/uploads\/2022\/12\/ginecologia-Feltre-300x171.jpeg\" alt=\"\" width=\"186\" height=\"106\" srcset=\"https:\/\/www.radiopiu.net\/wordpress\/wp-content\/uploads\/2022\/12\/ginecologia-Feltre-300x171.jpeg 300w, https:\/\/www.radiopiu.net\/wordpress\/wp-content\/uploads\/2022\/12\/ginecologia-Feltre-768x439.jpeg 768w, https:\/\/www.radiopiu.net\/wordpress\/wp-content\/uploads\/2022\/12\/ginecologia-Feltre.jpeg 1024w\" sizes=\"auto, (max-width: 186px) 100vw, 186px\" \/><\/a>FELTRE <\/strong>Cromoterapia, musicoterapia in sala parto e attenzione alla vulvodinia: \u00e8 stato un anno ricco di novit\u00e0 all\u2019Ostetricia e Ginecologia di Feltre. In ambito ostetrico, sono state potenziate le tecniche non farmacologiche di controllo del dolore. Nelle sale parto dell\u2019Ostetricia e Ginecologia di Feltre, infatti, le donne che lo richiedono possono fruire della musicoterapia e della cromoterapia durante il loro travaglio e parto. Inoltre, per potenziare le competenze assistenziali del personale, \u00e8 stata svolta una formazione specifica sulle tecniche di bilanciamento del corpo e sulle posizioni pi\u00f9 funzionali al parto (spinning babies). Tutto ci\u00f2 al fine di mantenere il tasso dei tagli cesarei ai valori raccomandati a livello regionale e nazionale, privilegiando quando possibile il parto vaginale, per assicurare i migliori esiti di salute a mamma e bambino, avendo al contempo attenzione affinch\u00e9 l&#8217;esperienza complessiva dell&#8217;evento parto sia per la donna e per la coppia altamente gratificante.<\/p>\n<p>&nbsp;<\/p>\n<p>&nbsp;<\/p>\n<hr \/>\n<p>&nbsp;<\/p>\n<blockquote>\n<h3>OSTETRICIA E GINECOLOGIA DI BELLUNO, IL PARTO CESAREO DOLCE<\/h3>\n<\/blockquote>\n<p><strong><a class=\"dt-pswp-item\" href=\"https:\/\/www.radiopiu.net\/wordpress\/wp-content\/uploads\/2022\/12\/ginecologia-belluno-scaled.jpg\" data-dt-img-description=\"\" data-large_image_width=\"1920\" data-large_image_height=\"2560\"><img loading=\"lazy\" decoding=\"async\" class=\"wp-image-313048 alignleft\" src=\"https:\/\/www.radiopiu.net\/wordpress\/wp-content\/uploads\/2022\/12\/ginecologia-belluno-225x300.jpg\" alt=\"\" width=\"136\" height=\"181\" srcset=\"https:\/\/www.radiopiu.net\/wordpress\/wp-content\/uploads\/2022\/12\/ginecologia-belluno-225x300.jpg 225w, https:\/\/www.radiopiu.net\/wordpress\/wp-content\/uploads\/2022\/12\/ginecologia-belluno-768x1024.jpg 768w, https:\/\/www.radiopiu.net\/wordpress\/wp-content\/uploads\/2022\/12\/ginecologia-belluno-1152x1536.jpg 1152w, https:\/\/www.radiopiu.net\/wordpress\/wp-content\/uploads\/2022\/12\/ginecologia-belluno-1536x2048.jpg 1536w, https:\/\/www.radiopiu.net\/wordpress\/wp-content\/uploads\/2022\/12\/ginecologia-belluno-scaled.jpg 1920w\" sizes=\"auto, (max-width: 136px) 100vw, 136px\" \/><\/a>BELLUNO <\/strong>\u00c8 stato un anno ricco di novit\u00e0 per l\u2019Ostetricia e Ginecologia di Belluno nell\u2019ambito della ricerca per la diagnosi e trattamento dello spettro dei disturbi feto alcolici, dell\u2019umanizzazione delle cure, della donazione solidale e del lutto perinatale.L\u2019Ostetricia e Ginecologia di Belluno ha preso parte, come centro satellite, allo Studio osservazionale \u201cPrevenzione, diagnosi precoce e trattamento mirato dello spettro dei disturbi feto alcolici e della sindrome feto alcolica. Inoltre \u00e8 stata introdotta una modalit\u00e0 chirurgica pi\u00f9 delicata per dare spazio all\u2019esperienza della mamma, del bambino e dell\u2019intera famiglia, coniugando i loro bisogni con la sicurezza: il parto cesareo dolce. Con questa pratica viene offerta anche al pap\u00e0 la possibilit\u00e0 di partecipare al parto e il bambino viene estratto in modo \u201clento\u201d per dare al neonato la possibilit\u00e0 di adattarsi alla vita extrauterina<\/p>\n<p>&nbsp;<\/p>\n<p>&nbsp;<\/p>\n<hr \/>\n<p>&nbsp;<\/p>\n<blockquote>\n<h3>ACCESSI VASCOLARI, TRATTAMENTI DIALITICI DOMICILIARI E PERITONEALI<\/h3>\n<\/blockquote>\n<p><strong><a class=\"dt-pswp-item\" href=\"https:\/\/www.radiopiu.net\/wordpress\/wp-content\/uploads\/2022\/12\/nefrologia-scaled.jpg\" data-dt-img-description=\"\" data-large_image_width=\"2560\" data-large_image_height=\"1707\"><img loading=\"lazy\" decoding=\"async\" class=\" wp-image-313046 alignleft\" src=\"https:\/\/www.radiopiu.net\/wordpress\/wp-content\/uploads\/2022\/12\/nefrologia-300x200.jpg\" alt=\"\" width=\"167\" height=\"111\" srcset=\"https:\/\/www.radiopiu.net\/wordpress\/wp-content\/uploads\/2022\/12\/nefrologia-300x200.jpg 300w, https:\/\/www.radiopiu.net\/wordpress\/wp-content\/uploads\/2022\/12\/nefrologia-1024x683.jpg 1024w, https:\/\/www.radiopiu.net\/wordpress\/wp-content\/uploads\/2022\/12\/nefrologia-768x512.jpg 768w, https:\/\/www.radiopiu.net\/wordpress\/wp-content\/uploads\/2022\/12\/nefrologia-1536x1024.jpg 1536w, https:\/\/www.radiopiu.net\/wordpress\/wp-content\/uploads\/2022\/12\/nefrologia-2048x1365.jpg 2048w\" sizes=\"auto, (max-width: 167px) 100vw, 167px\" \/><\/a>BELLUNO <\/strong>Oltre all\u2019attivit\u00e0 nefrologica generale con la gestione ambulatoriale dei pazienti nefropatici\u00a0 e il follow-up dei pazienti trapiantati, le Nefrologie dell\u2019Ulss Dolomiti sono impegnate nell\u2019esecuzione di tutte le procedure interventistiche e diagnostiche, come la biopsia renale, il cateterismo venoso centrale per dialisi e il posizionamento dei cateteri peritoneali. Di particolare rilievo, inoltre, le attivit\u00e0 di nefrologia interventistica, l\u2019attivit\u00e0 domiciliare e peritoneale e l\u2019ambulatorio condiviso nefro-cardiologico dello scompenso. Una specificit\u00e0 dell\u2019attivit\u00e0 delle Nefrologie dell\u2019Ulss Dolomiti \u00e8 rappresentata dall\u2019attivit\u00e0 interventistica degli accessi vascolari per pazienti dializzati. Un\u2019altra peculiarit\u00e0 \u00e8 la scelta di prediligere i trattamenti dialitici domiciliari e in genere extra-ospedalieri, contando circa 50 pazienti in trattamento extra-ospedliaro. Ci\u00f2 permette la riduzione dei disagi dovuti dagli spostamenti domicilio-ospedale, migliorando nettamente la qualit\u00e0 di vita delle persone che si devono sottoporre a tali trattamenti.<\/p>\n<p>&nbsp;<\/p>\n<p>&nbsp;<\/p>\n<hr \/>\n<p>&nbsp;<\/p>\n<blockquote>\n<h3>INFLUENZA. NUOVO REPORT VENETO. GIA\u2019 COLPITE 405 MILA PERSONE<\/h3>\n<\/blockquote>\n<p><strong><a class=\"dt-pswp-item\" href=\"https:\/\/www.radiopiu.net\/wordpress\/wp-content\/uploads\/2022\/12\/influenza.jpg\" data-dt-img-description=\"\" data-large_image_width=\"1718\" data-large_image_height=\"1190\"><img loading=\"lazy\" decoding=\"async\" class=\" wp-image-311722 alignleft\" src=\"https:\/\/www.radiopiu.net\/wordpress\/wp-content\/uploads\/2022\/12\/influenza-300x208.jpg\" alt=\"\" width=\"167\" height=\"116\" srcset=\"https:\/\/www.radiopiu.net\/wordpress\/wp-content\/uploads\/2022\/12\/influenza-300x208.jpg 300w, https:\/\/www.radiopiu.net\/wordpress\/wp-content\/uploads\/2022\/12\/influenza-1024x709.jpg 1024w, https:\/\/www.radiopiu.net\/wordpress\/wp-content\/uploads\/2022\/12\/influenza-768x532.jpg 768w, https:\/\/www.radiopiu.net\/wordpress\/wp-content\/uploads\/2022\/12\/influenza-1536x1064.jpg 1536w, https:\/\/www.radiopiu.net\/wordpress\/wp-content\/uploads\/2022\/12\/influenza.jpg 1718w\" sizes=\"auto, (max-width: 167px) 100vw, 167px\" \/><\/a>VENEZIA <\/strong>Nell\u2019ultima settimana in Veneto sono 62.818 (contro i 68.013 della scorsa) i casi stimati di influenza stagionale per un totale complessivo da inizio stagione stimato di 405.453. Il dato \u00e8 riportato nel report del sistema di sorveglianza epidemiologica del contagio nell\u2019ambito della rete Influnet. L\u2019incidenza generale \u00e8 pari a 12,94 casi per mille abitanti, contro i 14,01 casi per mille abitanti della scorsa settimana. La fascia di et\u00e0 pi\u00f9 colpita \u00e8 quella dei bambini da 0 a 4 anni con 36,67 casi per mille, seguita da quella tra i 5 e i 14 anni con 16,93 casi per mille. Incidenza inferiore tra i cittadini tra i 15 e i 64 anni che fanno registrare 11,22 casi per mille, di molto inferiore in quelli con pi\u00f9 di 65 anni con 4,44. La sintomatologia si manifesta con febbre, brivido, tosse, mal di gola, cefalea, dolori muscolari, astenia, naso chiuso e\/o naso che cola. Il virus influenzale pu\u00f2 indebolire temporaneamente il sistema immunitario, anche in soggetti giovani e sani, e pu\u00f2 favorire la comparsa, insieme all\u2019influenza, anche di infezioni batteriche contemporanee quali bronchiti, otiti, polmoniti e sinusiti.<\/p>\n<p>&nbsp;<\/p>\n<p>&nbsp;<\/p>\n<hr \/>\n<p>&nbsp;<\/p>\n<blockquote>\n<h3>CON IL NUOVO ANNO RIPARTE IL PROGETTO &#8220;DIDATTICA DEGLI ISTITUTI CULTURALI&#8221;<\/h3>\n<\/blockquote>\n<p><strong><a class=\"dt-pswp-item\" href=\"https:\/\/www.radiopiu.net\/wordpress\/wp-content\/uploads\/2022\/02\/Palazzo-rosso-illuminato-1-scaled.jpg\" data-dt-img-description=\"\" data-large_image_width=\"2560\" data-large_image_height=\"1707\"><img loading=\"lazy\" decoding=\"async\" class=\" wp-image-258761 alignleft\" src=\"https:\/\/www.radiopiu.net\/wordpress\/wp-content\/uploads\/2022\/02\/Palazzo-rosso-illuminato-1-300x200.jpg\" alt=\"\" width=\"162\" height=\"108\" srcset=\"https:\/\/www.radiopiu.net\/wordpress\/wp-content\/uploads\/2022\/02\/Palazzo-rosso-illuminato-1-300x200.jpg 300w, https:\/\/www.radiopiu.net\/wordpress\/wp-content\/uploads\/2022\/02\/Palazzo-rosso-illuminato-1-1024x683.jpg 1024w, https:\/\/www.radiopiu.net\/wordpress\/wp-content\/uploads\/2022\/02\/Palazzo-rosso-illuminato-1-768x512.jpg 768w, https:\/\/www.radiopiu.net\/wordpress\/wp-content\/uploads\/2022\/02\/Palazzo-rosso-illuminato-1-1536x1024.jpg 1536w, https:\/\/www.radiopiu.net\/wordpress\/wp-content\/uploads\/2022\/02\/Palazzo-rosso-illuminato-1-2048x1365.jpg 2048w\" sizes=\"auto, (max-width: 162px) 100vw, 162px\" \/><\/a>BELLUNO<\/strong> Pronto a ripartire con l&#8217;anno nuovo il progetto \u201cDidattica degli Istituti culturali\u201d del Comune di Belluno, che avvicina bambini e ragazzi agli spazi della cultura del capoluogo; un modo per istruire, ma anche per educare al rispetto e per avvicinare i pi\u00f9 giovani alle istituzioni, in un&#8217;ottica di educazione civica alla legalit\u00e0.<\/p>\n<p><strong>di Daniele Dalvit<\/strong><\/p>\n<audio class=\"wp-audio-shortcode\" id=\"audio-312937-3\" preload=\"none\" style=\"width: 100%;\" controls=\"controls\"><source type=\"audio\/mpeg\" src=\"https:\/\/www.radiopiu.net\/wordpress\/wp-content\/uploads\/2022\/12\/Radio-Piu-Servizio-Cultura-e-legalita-Belluno.mp3?_=3\" \/><a href=\"https:\/\/www.radiopiu.net\/wordpress\/wp-content\/uploads\/2022\/12\/Radio-Piu-Servizio-Cultura-e-legalita-Belluno.mp3\">https:\/\/www.radiopiu.net\/wordpress\/wp-content\/uploads\/2022\/12\/Radio-Piu-Servizio-Cultura-e-legalita-Belluno.mp3<\/a><\/audio>\n<p>&nbsp;<\/p>\n<hr \/>\n<p>&nbsp;<\/p>\n<blockquote>\n<h3>INAUGURAZIONE DELLA PALESTRA E DELLA BIBLIOTECA DELL\u2019ISTITUTO CALVI, LAVORI PER OLTRE 1 MILIONE DI EURO<\/h3>\n<\/blockquote>\n<p><strong>BELLUNO<\/strong><\/p>\n<p>di Moreno Gioli<\/p>\n<audio class=\"wp-audio-shortcode\" id=\"audio-312937-4\" preload=\"none\" style=\"width: 100%;\" controls=\"controls\"><source type=\"audio\/mpeg\" src=\"https:\/\/www.radiopiu.net\/wordpress\/wp-content\/uploads\/2022\/12\/GIOLI-Palestra-Calvi.mp3?_=4\" \/><a href=\"https:\/\/www.radiopiu.net\/wordpress\/wp-content\/uploads\/2022\/12\/GIOLI-Palestra-Calvi.mp3\">https:\/\/www.radiopiu.net\/wordpress\/wp-content\/uploads\/2022\/12\/GIOLI-Palestra-Calvi.mp3<\/a><\/audio>\n<p>&nbsp;<\/p>\n\n\t\t\t<style type='text\/css'>\n\t\t\t\t#gallery-2 {\n\t\t\t\t\tmargin: auto;\n\t\t\t\t}\n\t\t\t\t#gallery-2 .gallery-item {\n\t\t\t\t\tfloat: left;\n\t\t\t\t\tmargin-top: 10px;\n\t\t\t\t\ttext-align: center;\n\t\t\t\t\twidth: 50%;\n\t\t\t\t}\n\t\t\t\t#gallery-2 img {\n\t\t\t\t\tborder: 2px solid #cfcfcf;\n\t\t\t\t}\n\t\t\t\t#gallery-2 .gallery-caption {\n\t\t\t\t\tmargin-left: 0;\n\t\t\t\t}\n\t\t\t\t\/* see gallery_shortcode() in wp-includes\/media.php *\/\n\t\t\t<\/style>\n\t\t<div id='gallery-2' class='dt-gallery-container gallery galleryid-312937 gallery-columns-2 gallery-size-medium'><dl class='gallery-item'>\n\t\t\t\t<dt class='gallery-icon landscape'>\n\t\t\t\t\t<a class=\"rollover rollover-zoom dt-pswp-item\" title=\"inaugurazione palestra Calvi\" data-dt-img-description=\"\" data-large_image_width=\"2560\" data-large_image_height=\"1920\"href='https:\/\/www.radiopiu.net\/wordpress\/wp-content\/uploads\/2022\/12\/inaugurazione-palestra-Calvi-scaled.jpg'><img loading=\"lazy\" decoding=\"async\" width=\"300\" height=\"225\" src=\"https:\/\/www.radiopiu.net\/wordpress\/wp-content\/uploads\/2022\/12\/inaugurazione-palestra-Calvi-300x225.jpg\" class=\"attachment-medium size-medium\" alt=\"\" srcset=\"https:\/\/www.radiopiu.net\/wordpress\/wp-content\/uploads\/2022\/12\/inaugurazione-palestra-Calvi-300x225.jpg 300w, https:\/\/www.radiopiu.net\/wordpress\/wp-content\/uploads\/2022\/12\/inaugurazione-palestra-Calvi-1024x768.jpg 1024w, https:\/\/www.radiopiu.net\/wordpress\/wp-content\/uploads\/2022\/12\/inaugurazione-palestra-Calvi-768x576.jpg 768w, https:\/\/www.radiopiu.net\/wordpress\/wp-content\/uploads\/2022\/12\/inaugurazione-palestra-Calvi-1536x1152.jpg 1536w, https:\/\/www.radiopiu.net\/wordpress\/wp-content\/uploads\/2022\/12\/inaugurazione-palestra-Calvi-2048x1536.jpg 2048w\" sizes=\"auto, (max-width: 300px) 100vw, 300px\" \/><\/a>\n\t\t\t\t<\/dt><\/dl><dl class='gallery-item'>\n\t\t\t\t<dt class='gallery-icon landscape'>\n\t\t\t\t\t<a class=\"rollover rollover-zoom dt-pswp-item\" title=\"inaugurazione biblioteca Calvi\" data-dt-img-description=\"\" data-large_image_width=\"2560\" data-large_image_height=\"1920\"href='https:\/\/www.radiopiu.net\/wordpress\/wp-content\/uploads\/2022\/12\/inaugurazione-biblioteca-Calvi-scaled.jpg'><img loading=\"lazy\" decoding=\"async\" width=\"300\" height=\"225\" src=\"https:\/\/www.radiopiu.net\/wordpress\/wp-content\/uploads\/2022\/12\/inaugurazione-biblioteca-Calvi-300x225.jpg\" class=\"attachment-medium size-medium\" alt=\"\" srcset=\"https:\/\/www.radiopiu.net\/wordpress\/wp-content\/uploads\/2022\/12\/inaugurazione-biblioteca-Calvi-300x225.jpg 300w, https:\/\/www.radiopiu.net\/wordpress\/wp-content\/uploads\/2022\/12\/inaugurazione-biblioteca-Calvi-1024x768.jpg 1024w, https:\/\/www.radiopiu.net\/wordpress\/wp-content\/uploads\/2022\/12\/inaugurazione-biblioteca-Calvi-768x576.jpg 768w, https:\/\/www.radiopiu.net\/wordpress\/wp-content\/uploads\/2022\/12\/inaugurazione-biblioteca-Calvi-1536x1152.jpg 1536w, https:\/\/www.radiopiu.net\/wordpress\/wp-content\/uploads\/2022\/12\/inaugurazione-biblioteca-Calvi-2048x1536.jpg 2048w\" sizes=\"auto, (max-width: 300px) 100vw, 300px\" \/><\/a>\n\t\t\t\t<\/dt><\/dl><br style=\"clear: both\" \/>\n\t\t\t<\/div>\n\n<p>&nbsp;<\/p>\n<hr \/>\n<p>&nbsp;<\/p>\n<blockquote>\n<h3><a class=\"dt-pswp-item\" href=\"https:\/\/www.radiopiu.net\/wordpress\/wp-content\/uploads\/2022\/12\/Consegna-pacchi.jpeg\" data-dt-img-description=\"\" data-large_image_width=\"1024\" data-large_image_height=\"768\"><img loading=\"lazy\" decoding=\"async\" class=\" wp-image-312989 alignleft\" src=\"https:\/\/www.radiopiu.net\/wordpress\/wp-content\/uploads\/2022\/12\/Consegna-pacchi-300x225.jpeg\" alt=\"\" width=\"199\" height=\"149\" srcset=\"https:\/\/www.radiopiu.net\/wordpress\/wp-content\/uploads\/2022\/12\/Consegna-pacchi-300x225.jpeg 300w, https:\/\/www.radiopiu.net\/wordpress\/wp-content\/uploads\/2022\/12\/Consegna-pacchi-768x576.jpeg 768w, https:\/\/www.radiopiu.net\/wordpress\/wp-content\/uploads\/2022\/12\/Consegna-pacchi.jpeg 1024w\" sizes=\"auto, (max-width: 199px) 100vw, 199px\" \/><\/a>CINQUANTA PACCHI ALIMENTARI ALLE FAMIGLIE IN DIFFICOLTA&#8217;<\/h3>\n<\/blockquote>\n<p><strong>BELLUNO <\/strong>Cinquanta pacchi alimentari per le famiglie in difficolt\u00e0. \u00c8 il regalo dell\u2019amministrazione De Pellegrin e del supermercato Eurospar &#8211; Despar di Belluno a quei cittadini seguiti dai servizi sociali del Comune. La distribuzione del piccolo presente \u00e8 avvenuta ieri mattina, fuori dal negozio, grazie ai volontari del gruppo comunale e alla presenza del sindaco Oscar De Pellegrin, del direttore regionale Veneto del gruppo Eurospar &#8211; Despar Giovanni Taliana e dell\u2019assessore alle politiche sociali Marco Dal Pont.<\/p>\n<p>&nbsp;<\/p>\n<p>&nbsp;<\/p>\n<hr \/>\n<p>&nbsp;<\/p>\n<blockquote>\n<h3>GLI AUGURI DI NATALE DELLA GIUNTA DE PELLEGRIN<\/h3>\n<\/blockquote>\n<p><strong>BELLUNO <\/strong>Giunta, consiglieri e dipendenti riuniti per gli auguri di Natale. L\u2019incontro, voluto dal sindaco per augurare personalmente buone feste ai collaboratori e a tutto il Consiglio comunale, \u00e8 avvenuto ieri mattina alle 12 nel cortile interno di Palazzo Crepadona, aperto per l\u2019occasione.<\/p>\n\n\t\t\t<style type='text\/css'>\n\t\t\t\t#gallery-3 {\n\t\t\t\t\tmargin: auto;\n\t\t\t\t}\n\t\t\t\t#gallery-3 .gallery-item {\n\t\t\t\t\tfloat: left;\n\t\t\t\t\tmargin-top: 10px;\n\t\t\t\t\ttext-align: center;\n\t\t\t\t\twidth: 25%;\n\t\t\t\t}\n\t\t\t\t#gallery-3 img {\n\t\t\t\t\tborder: 2px solid #cfcfcf;\n\t\t\t\t}\n\t\t\t\t#gallery-3 .gallery-caption {\n\t\t\t\t\tmargin-left: 0;\n\t\t\t\t}\n\t\t\t\t\/* see gallery_shortcode() in wp-includes\/media.php *\/\n\t\t\t<\/style>\n\t\t<div id='gallery-3' class='dt-gallery-container gallery galleryid-312937 gallery-columns-4 gallery-size-thumbnail'><dl class='gallery-item'>\n\t\t\t\t<dt class='gallery-icon landscape'>\n\t\t\t\t\t<a class=\"rollover rollover-zoom dt-pswp-item\" title=\"Scambio auguri 1\" data-dt-img-description=\"\" data-large_image_width=\"2048\" data-large_image_height=\"1536\"href='https:\/\/www.radiopiu.net\/wordpress\/wp-content\/uploads\/2022\/12\/Scambio-auguri-1.jpeg'><img loading=\"lazy\" decoding=\"async\" width=\"150\" height=\"150\" src=\"https:\/\/www.radiopiu.net\/wordpress\/wp-content\/uploads\/2022\/12\/Scambio-auguri-1-150x150.jpeg\" class=\"attachment-thumbnail size-thumbnail\" alt=\"\" \/><\/a>\n\t\t\t\t<\/dt><\/dl><dl class='gallery-item'>\n\t\t\t\t<dt class='gallery-icon landscape'>\n\t\t\t\t\t<a class=\"rollover rollover-zoom dt-pswp-item\" title=\"Scambio auguri\" data-dt-img-description=\"\" data-large_image_width=\"2048\" data-large_image_height=\"1536\"href='https:\/\/www.radiopiu.net\/wordpress\/wp-content\/uploads\/2022\/12\/Scambio-auguri.jpeg'><img loading=\"lazy\" decoding=\"async\" width=\"150\" height=\"150\" src=\"https:\/\/www.radiopiu.net\/wordpress\/wp-content\/uploads\/2022\/12\/Scambio-auguri-150x150.jpeg\" class=\"attachment-thumbnail size-thumbnail\" alt=\"\" \/><\/a>\n\t\t\t\t<\/dt><\/dl><dl class='gallery-item'>\n\t\t\t\t<dt class='gallery-icon landscape'>\n\t\t\t\t\t<a class=\"rollover rollover-zoom dt-pswp-item\" title=\"Scambio auguri 2\" data-dt-img-description=\"\" data-large_image_width=\"2048\" data-large_image_height=\"1536\"href='https:\/\/www.radiopiu.net\/wordpress\/wp-content\/uploads\/2022\/12\/Scambio-auguri-2.jpeg'><img loading=\"lazy\" decoding=\"async\" width=\"150\" height=\"150\" src=\"https:\/\/www.radiopiu.net\/wordpress\/wp-content\/uploads\/2022\/12\/Scambio-auguri-2-150x150.jpeg\" class=\"attachment-thumbnail size-thumbnail\" alt=\"\" \/><\/a>\n\t\t\t\t<\/dt><\/dl><dl class='gallery-item'>\n\t\t\t\t<dt class='gallery-icon landscape'>\n\t\t\t\t\t<a class=\"rollover rollover-zoom dt-pswp-item\" title=\"Scambio auguri 3\" data-dt-img-description=\"\" data-large_image_width=\"2048\" data-large_image_height=\"1536\"href='https:\/\/www.radiopiu.net\/wordpress\/wp-content\/uploads\/2022\/12\/Scambio-auguri-3.jpeg'><img loading=\"lazy\" decoding=\"async\" width=\"150\" height=\"150\" src=\"https:\/\/www.radiopiu.net\/wordpress\/wp-content\/uploads\/2022\/12\/Scambio-auguri-3-150x150.jpeg\" class=\"attachment-thumbnail size-thumbnail\" alt=\"\" \/><\/a>\n\t\t\t\t<\/dt><\/dl><br style=\"clear: both\" \/>\n\t\t\t<\/div>\n\n<p>&nbsp;<\/p>\n<p>&nbsp;<\/p>\n<hr \/>\n<p>&nbsp;<\/p>\n<blockquote>\n<h3>IL RIFUGIO SETTIMO ALPINI HA UNA NUOVA GESTIONE<\/h3>\n<\/blockquote>\n<p><strong>BELLUNO <\/strong>Importanti novit\u00e0 per quanti saliranno al Pis Pilon nella prossima stagione estiva: la Sezione di Belluno del Club Alpino Italiano ha scelto, tra un significativo numero di qualificate candidature, quelli che saranno i prossimi gestori dello storico Rifugio 7\u00b0 Alpini. La scelta \u00e8 stata indirizzata su due giovani della nostra Sezione, che hanno presentato un programma completo e accattivante, tanto da aggiudicarsi un incarico cos\u00ec importante ed impegnativo. Nonostante la giovane et\u00e0, il loro profilo \u00e8 di assoluto rispetto: Chiara Dall\u2019Armi, con laurea magistrale in Ingegneria Energetica e con esperienze di lavoro all\u2019estero; Fabrizio Gaspari, Ingegnere Aeronautico laureato al Politecnico di Milano, con Erasmus all\u2019Universit\u00e0 della Catalogna e con ottima conoscenza di almeno due lingue, entrambi istruttori di arrampicata su roccia. Conoscono molto bene il Gruppo della Schiara nei suoi aspetti alpinistici, storici ed ambientali ed hanno manifestato una grande attrazione per la montagna di casa, quella che a ragione lo scrittore Giuliano Dal Mas ha definito: \u201cSchiara Montagna Regina\u201d. La Sezione di Belluno era alla ricerca di una gestione semplice e sobria, consona ai rifugi di montagna, ma nello stesso tempo attenta alle esigenze del presente e con una particolare attenzione per gli aspetti ambientali, attenta allo stato dei sentieri, alle criticit\u00e0 derivanti da possibili frane e smottamenti, in grado di dare indicazioni certe ai viaggiatori, quindi con un presidio del territorio a 360 gradi. Il Rifugio 7\u00b0 Alpini, che sorge in posizione incantevole ai piedi della Schiara, si colloca all\u2019interno del Parco Nazionale delle Dolomiti Bellunesi, fa parte integrante del Sistema 3 delle Dolomiti UNESCO &#8211; Patrimonio dell\u2019Umanit\u00e0, ed \u00e8 un importante punto di riferimento per quanti percorrono l\u2019Alta Via delle Dolomiti n. 1 e quello, definito un percorso da sogno, della Monaco-Venezia. &#8220;L\u2019impegno non sar\u00e0 privo di difficolt\u00e0, ma contiamo molto nella passione e nell\u2019entusiasmo manifestati da questi giovani Bellunesi che si prenderanno cura del Rifugio a noi tutti tanto caro, molto apprezzato non solo nella nostra vallata, ma anche dai tanti escursionisti che da molti anni arrivano da ogni parte del mondo&#8221; dicono dalla sezione CAI di Belluno<\/p>\n\n\t\t\t<style type='text\/css'>\n\t\t\t\t#gallery-4 {\n\t\t\t\t\tmargin: auto;\n\t\t\t\t}\n\t\t\t\t#gallery-4 .gallery-item {\n\t\t\t\t\tfloat: left;\n\t\t\t\t\tmargin-top: 10px;\n\t\t\t\t\ttext-align: center;\n\t\t\t\t\twidth: 33%;\n\t\t\t\t}\n\t\t\t\t#gallery-4 img {\n\t\t\t\t\tborder: 2px solid #cfcfcf;\n\t\t\t\t}\n\t\t\t\t#gallery-4 .gallery-caption {\n\t\t\t\t\tmargin-left: 0;\n\t\t\t\t}\n\t\t\t\t\/* see gallery_shortcode() in wp-includes\/media.php *\/\n\t\t\t<\/style>\n\t\t<div id='gallery-4' class='dt-gallery-container gallery galleryid-312937 gallery-columns-3 gallery-size-thumbnail'><dl class='gallery-item'>\n\t\t\t\t<dt class='gallery-icon landscape'>\n\t\t\t\t\t<a class=\"rollover rollover-zoom dt-pswp-item\" title=\"Chiara e Fabrizio_1 (foto autorizzata da Chiara Dall&#039;Armi)\" data-dt-img-description=\"\" data-large_image_width=\"1600\" data-large_image_height=\"1066\"href='https:\/\/www.radiopiu.net\/wordpress\/wp-content\/uploads\/2022\/12\/Chiara-e-Fabrizio_1-foto-autorizzata-da-Chiara-DallArmi.jpg'><img loading=\"lazy\" decoding=\"async\" width=\"150\" height=\"150\" src=\"https:\/\/www.radiopiu.net\/wordpress\/wp-content\/uploads\/2022\/12\/Chiara-e-Fabrizio_1-foto-autorizzata-da-Chiara-DallArmi-150x150.jpg\" class=\"attachment-thumbnail size-thumbnail\" alt=\"\" \/><\/a>\n\t\t\t\t<\/dt><\/dl><dl class='gallery-item'>\n\t\t\t\t<dt class='gallery-icon landscape'>\n\t\t\t\t\t<a class=\"rollover rollover-zoom dt-pswp-item\" title=\"Rifugio 7\u00b0 alpini alla Schiara (foto Roberto Foppa)\" data-dt-img-description=\"\" data-large_image_width=\"2560\" data-large_image_height=\"1440\"href='https:\/\/www.radiopiu.net\/wordpress\/wp-content\/uploads\/2022\/12\/Rifugio-7\u00b0-alpini-alla-Schiara-foto-Roberto-Foppa-scaled.jpg'><img loading=\"lazy\" decoding=\"async\" width=\"150\" height=\"150\" src=\"https:\/\/www.radiopiu.net\/wordpress\/wp-content\/uploads\/2022\/12\/Rifugio-7\u00b0-alpini-alla-Schiara-foto-Roberto-Foppa-150x150.jpg\" class=\"attachment-thumbnail size-thumbnail\" alt=\"\" \/><\/a>\n\t\t\t\t<\/dt><\/dl><dl class='gallery-item'>\n\t\t\t\t<dt class='gallery-icon landscape'>\n\t\t\t\t\t<a class=\"rollover rollover-zoom dt-pswp-item\" title=\"Schiara con la Guse\u0300la del Vescova\u0300 (foto Roberto Foppa)\" data-dt-img-description=\"\" data-large_image_width=\"2560\" data-large_image_height=\"1920\"href='https:\/\/www.radiopiu.net\/wordpress\/wp-content\/uploads\/2022\/12\/Schiara-con-la-Gusela-del-Vescova-foto-Roberto-Foppa-scaled.jpg'><img loading=\"lazy\" decoding=\"async\" width=\"150\" height=\"150\" src=\"https:\/\/www.radiopiu.net\/wordpress\/wp-content\/uploads\/2022\/12\/Schiara-con-la-Gusela-del-Vescova-foto-Roberto-Foppa-150x150.jpg\" class=\"attachment-thumbnail size-thumbnail\" alt=\"\" \/><\/a>\n\t\t\t\t<\/dt><\/dl><br style=\"clear: both\" \/>\n\t\t\t<\/div>\n\n<p>&nbsp;<\/p>\n<hr \/>\n<p>&nbsp;<\/p>\n<blockquote>\n<h3><a class=\"dt-pswp-item\" href=\"https:\/\/www.radiopiu.net\/wordpress\/wp-content\/uploads\/2021\/11\/CESTARO-ORIZZONTALE.png\" data-dt-img-description=\"\" data-large_image_width=\"544\" data-large_image_height=\"406\"><img loading=\"lazy\" decoding=\"async\" class=\" wp-image-240773 alignleft\" src=\"https:\/\/www.radiopiu.net\/wordpress\/wp-content\/uploads\/2021\/11\/CESTARO-ORIZZONTALE-300x224.png\" alt=\"\" width=\"175\" height=\"131\" srcset=\"https:\/\/www.radiopiu.net\/wordpress\/wp-content\/uploads\/2021\/11\/CESTARO-ORIZZONTALE-300x224.png 300w, https:\/\/www.radiopiu.net\/wordpress\/wp-content\/uploads\/2021\/11\/CESTARO-ORIZZONTALE.png 544w\" sizes=\"auto, (max-width: 175px) 100vw, 175px\" \/><\/a>CAOS PASSAPORTI. CESTARO CHIEDE SIA PIU&#8217; CELERE L&#8217;EMISSIONE<\/h3>\n<\/blockquote>\n<p><strong>VENEZIA<\/strong> \u201cCaos passaporti, proseguono i ritardi e le lunghe attese. Ho depositato in Consiglio regionale una mozione che propone una serie di interventi al Governo per risolvere la situazione\u201d. Cos\u00ec la consigliera regionale dell\u2019Intergruppo Lega-Liga Veneta, Silvia Cestaro, commenta la mozione che ha depositato in Consiglio regionale del Veneto dal titolo \u201cSituazione passaporti: velocizzare l\u2019emissione\u201d.<\/p>\n<p><strong>SILVIA CESTARO, CONSIGLIERE REGIONALE<\/strong><\/p>\n<audio class=\"wp-audio-shortcode\" id=\"audio-312937-5\" preload=\"none\" style=\"width: 100%;\" controls=\"controls\"><source type=\"audio\/mpeg\" src=\"https:\/\/www.radiopiu.net\/wordpress\/wp-content\/uploads\/2022\/12\/Cestaro-su-mozione-passaporti.mp3?_=5\" \/><a href=\"https:\/\/www.radiopiu.net\/wordpress\/wp-content\/uploads\/2022\/12\/Cestaro-su-mozione-passaporti.mp3\">https:\/\/www.radiopiu.net\/wordpress\/wp-content\/uploads\/2022\/12\/Cestaro-su-mozione-passaporti.mp3<\/a><\/audio>\n<p>&nbsp;<\/p>\n<hr \/>\n<p>&nbsp;<\/p>\n<blockquote>\n<h3>EMENDAMENTO LEGA PERMETTE AGLI AGRICOLTORI DI RACCOGLIERE LEGNAME NEI FIUMI, NEI LAGHI E NEI TORRENTI<\/h3>\n<\/blockquote>\n<p><strong><a class=\"dt-pswp-item\" href=\"https:\/\/www.radiopiu.net\/wordpress\/wp-content\/uploads\/2021\/11\/legname.jpg\" data-dt-img-description=\"\" data-large_image_width=\"1920\" data-large_image_height=\"1273\"><img loading=\"lazy\" decoding=\"async\" class=\" wp-image-241387 alignleft\" src=\"https:\/\/www.radiopiu.net\/wordpress\/wp-content\/uploads\/2021\/11\/legname-300x199.jpg\" alt=\"\" width=\"163\" height=\"108\" srcset=\"https:\/\/www.radiopiu.net\/wordpress\/wp-content\/uploads\/2021\/11\/legname-300x199.jpg 300w, https:\/\/www.radiopiu.net\/wordpress\/wp-content\/uploads\/2021\/11\/legname-1024x679.jpg 1024w, https:\/\/www.radiopiu.net\/wordpress\/wp-content\/uploads\/2021\/11\/legname-768x509.jpg 768w, https:\/\/www.radiopiu.net\/wordpress\/wp-content\/uploads\/2021\/11\/legname-1536x1018.jpg 1536w, https:\/\/www.radiopiu.net\/wordpress\/wp-content\/uploads\/2021\/11\/legname.jpg 1920w\" sizes=\"auto, (max-width: 163px) 100vw, 163px\" \/><\/a>VENEZIA <\/strong>\u201cFinalmente gli agricoltori si riappropriano di un ruolo che gli era stato negato da tempo: potranno, infatti, da oggi, grazie ad un emendamento della Lega, raccogliere legname da fiumi, laghi e torrenti. Non solo, in questo modo, riconquisteranno un atavico legame col territorio, ma diventeranno anche i veri protagonisti nella sua salvaguardia. Ricordo, infatti, che il legname abbandonato nei fiumi o nei torrenti, pu\u00f2 essere causa di straripamenti e allagamenti e, pertanto, di una grave ferita al territorio. L\u2019emendamento della Lega segna uno spartiacque tra un ambiente in cui si interveniva dopo la sciagura climatica e un ambiente in cui si fa davvero prevenzione per il bene dell\u2019intera comunit\u00e0\u201d. L\u2019Assessore regionale veneto all\u2019Agricoltura, Federico Caner, \u201cesprime la sua piena soddisfazione per un documento, a firma del Carroccio, che dimostra con i fatti come il territorio, con le sue risorse, sia un bene prezioso e pienamente oggetto di attenzione\u201d.<\/p>\n<p>&nbsp;<\/p>\n<p>&nbsp;<\/p>\n<hr \/>\n<p>&nbsp;<\/p>\n<blockquote>\n<h3>FAUNA SELVATICA. ASSESSORE CANER, \u201cMISURE DI CONTENIMENTO IN LINEA CON NOSTRE RICHIESTE\u201d<\/h3>\n<\/blockquote>\n<p><strong><a class=\"dt-pswp-item\" href=\"https:\/\/www.radiopiu.net\/wordpress\/wp-content\/uploads\/2022\/12\/CINGHIALE.png\" data-dt-img-description=\"\" data-large_image_width=\"1028\" data-large_image_height=\"734\"><img loading=\"lazy\" decoding=\"async\" class=\" wp-image-312997 alignleft\" src=\"https:\/\/www.radiopiu.net\/wordpress\/wp-content\/uploads\/2022\/12\/CINGHIALE-300x214.png\" alt=\"\" width=\"224\" height=\"160\" srcset=\"https:\/\/www.radiopiu.net\/wordpress\/wp-content\/uploads\/2022\/12\/CINGHIALE-300x214.png 300w, https:\/\/www.radiopiu.net\/wordpress\/wp-content\/uploads\/2022\/12\/CINGHIALE-1024x731.png 1024w, https:\/\/www.radiopiu.net\/wordpress\/wp-content\/uploads\/2022\/12\/CINGHIALE-768x548.png 768w, https:\/\/www.radiopiu.net\/wordpress\/wp-content\/uploads\/2022\/12\/CINGHIALE.png 1028w\" sizes=\"auto, (max-width: 224px) 100vw, 224px\" \/><\/a>VENEZIA <\/strong>\u201cAbbiamo il dovere costituzionale di salvaguardare il diritto alla salute, alla sicurezza e al lavoro dei nostri cittadini e delle nostre imprese, quindi ben vengano provvedimenti che contrastino il pericoloso e incontrollato proliferare della fauna selvatica\u201d. A dichiararlo \u00e8 Federico Caner, assessore all\u2019Agricoltura della Regione del Veneto, Coordinatore della Commissione Politiche Agricole della Conferenza delle Regioni e delle Province Autonome, intervenendo sulle nuove disposizione in materia di regolazione della gestione della fauna selvatica. \u201cLa Commissione politiche agricole \u2013 spiega Caner &#8211; \u00e8 intervenuta pi\u00f9 volte presso i Ministeri dell\u2019Ambiente e dell\u2019Agricoltura per sottolineare l\u2019insostenibilit\u00e0 dell\u2019attuale sistema di gestione della fauna selvatica ed in particolare degli ungulati. Abbiamo pi\u00f9 volte richiesto un\u2019azione organica di contenimento della fauna selvatica, ed in particolare del cinghiale, e quindi una riforma del sistema di vigilanza. Bene quindi gli interventi per pianificare e gestire in modo pi\u00f9 efficace la tutela faunistica ed ambientale. La direzione \u00e8 giusta ed \u00e8 quella di assicurare anche la massima attenzione alle problematiche di carattere sanitario derivanti dalla fauna selvatica sugli animali d\u2019allevamento, basta pensare ai danni gi\u00e0 provocati dalla Peste Suina Africana ed ai controlli relativi sulla specie cinghiale\u201d.<\/p>\n<p>&nbsp;<\/p>\n<p>&nbsp;<\/p>\n<hr \/>\n<p>&nbsp;<\/p>\n<blockquote>\n<h3>CONSIGLI COMUNALI<\/h3>\n<\/blockquote>\n<p><strong>ROCCA PIETORE<\/strong> E&#8217; in programma marted\u00ec alle 18:30 il consiglio comunale di Rocca Pietore. Il sindaco Andrea De Bernardin ha chiamato a rapporto i consiglieri per trattare 6 punti tra cui la ricognizione delle partecipazioni possedute al 31 dicembre, progetti pnrr rivolti all&#8217;informatica, il programma biennale per l&#8217;acquisizione dei servizi e delle forniture e il sostegno e l&#8217;adesione all&#8217;iniziativa Coldiretti contro il cibo sintetico. La seduta si chiude con un&#8217;interrogazione del gruppo di minoranza nella quale si chiede l&#8217;attuale situazione dei confini della Marmolada e la situazione dell&#8217;uso civico.<\/p>\n<p><strong>TAIBON<\/strong> Il sindaco di Taibon Silvia Tormen ha convocato il consiglio comunale per marted\u00ec alle 17. Saranno 5 i punti da discutere tra cui la ricognizione delle partecipazioni possedute, della convenzione per la distribuzione di gas naturale e l&#8217;approvazione della convenzione con il comune di Agordo per il potenziamento del numero di posti in asilo nido<\/p>\n<p><strong>SELVA DI CADORE<\/strong> Consiglio comunale mercoled\u00ec a Selva di Cadore. Il sindaco Luca Lorenzini ha chiamato a rapporto i consiglieri alle 18 per un unico punto all&#8217;ordine del giorno: l&#8217;approvazione e la revisione delle partecipazioni ordinarie al 31 dicembre 2022<\/p>\n<p>&nbsp;<\/p>\n<hr \/>\n<p>&nbsp;<\/p>\n<blockquote>\n<h3 class=\"entry-title\">SPECIALE VALPE \u2013 AMBIENTE\u2026.INFORMAZIONI, INDICAZIONI ORARI<\/h3>\n<\/blockquote>\n<p><span class=\"photoswipe-wrapper\"><a class=\"dt-pswp-item pspw-wrap-ready\" href=\"https:\/\/www.radiopiu.net\/wordpress\/wp-content\/uploads\/2022\/12\/ingresso-ecocentro.jpg\" data-dt-img-description=\"\" data-large_image_width=\"1600\" data-large_image_height=\"720\"><img loading=\"lazy\" decoding=\"async\" class=\"wp-image-312801 alignleft\" src=\"https:\/\/www.radiopiu.net\/wordpress\/wp-content\/uploads\/2022\/12\/ingresso-ecocentro-300x135.jpg\" sizes=\"auto, (max-width: 191px) 100vw, 191px\" srcset=\"https:\/\/www.radiopiu.net\/wordpress\/wp-content\/uploads\/2022\/12\/ingresso-ecocentro-300x135.jpg 300w, https:\/\/www.radiopiu.net\/wordpress\/wp-content\/uploads\/2022\/12\/ingresso-ecocentro-1024x461.jpg 1024w, https:\/\/www.radiopiu.net\/wordpress\/wp-content\/uploads\/2022\/12\/ingresso-ecocentro-768x346.jpg 768w, https:\/\/www.radiopiu.net\/wordpress\/wp-content\/uploads\/2022\/12\/ingresso-ecocentro-1536x691.jpg 1536w, https:\/\/www.radiopiu.net\/wordpress\/wp-content\/uploads\/2022\/12\/ingresso-ecocentro.jpg 1600w\" alt=\"\" width=\"191\" height=\"86\" \/><\/a>Dal 22 dicembre in localit\u00e0 Valcozzena \u00e8 aperto il nuovo\u00a0<strong>Ecocentro sovracomunale di Agordo \u2013 Taibon<\/strong>.\u00a0<\/span>La nuova struttura, finanziata dal Fondo Comuni Confinanti, \u00e8 accessibile a tutte le utenze dell\u2019Unione Montana Agordina e offre un servizio di qualit\u00e0 nel rispetto delle normative vigenti.\u00a0Per consultare gli orari di apertura e per maggiori informazioni vai al sito\u00a0<a href=\"mailto:valpeambiente.it\">valpeambiente.it<\/a>\u00a0o chiama il nuovo numero verde gratuito 800.94.76.73.<\/p>\n<p>&nbsp;<\/p>\n<p>&nbsp;<\/p>\n<p><img loading=\"lazy\" decoding=\"async\" class=\"alignleft\" src=\"https:\/\/www.radiopiu.net\/wordpress\/wp-content\/uploads\/2021\/09\/Ecosportello_Agordo_1-scaled.jpg\" width=\"206\" height=\"137\" \/>Dal 1\u00b0 gennaio puoi contattare Valpe Ambiente grazie al\u00a0<b>nuovo numero verde 800.94.76.73. E\u2019 disponibile per tutte le utenze servite e raggiungibile con chiamata gratuita\u00a0<\/b>sia da telefono fisso che da cellulare. Con l\u2019attivazione di questo nuovo numero, saranno dismessi tutti i vecchi riferimenti telefonici. Per maggiori informazioni vai alla sezione News del sito\u00a0<a href=\"http:\/\/www.valpeambiente.it\/\" target=\"_blank\" rel=\"noopener noreferrer\">www.valpeambiente.it<\/a>.<\/p>\n<p>&nbsp;<\/p>\n<p>&nbsp;<\/p>\n<p>&nbsp;<\/p>\n<hr \/>\n<p>&nbsp;<\/p>\n<blockquote>\n<h3 class=\"entry-title\"><a class=\"dt-pswp-item\" href=\"https:\/\/www.radiopiu.net\/wordpress\/wp-content\/uploads\/2022\/12\/4e01701e-482a-40c9-858b-6e667bff5a11.jpg\" data-dt-img-description=\"\" data-large_image_width=\"1447\" data-large_image_height=\"2048\"><img loading=\"lazy\" decoding=\"async\" class=\"wp-image-313065 alignleft\" src=\"https:\/\/www.radiopiu.net\/wordpress\/wp-content\/uploads\/2022\/12\/4e01701e-482a-40c9-858b-6e667bff5a11-212x300.jpg\" alt=\"\" width=\"143\" height=\"202\" srcset=\"https:\/\/www.radiopiu.net\/wordpress\/wp-content\/uploads\/2022\/12\/4e01701e-482a-40c9-858b-6e667bff5a11-212x300.jpg 212w, https:\/\/www.radiopiu.net\/wordpress\/wp-content\/uploads\/2022\/12\/4e01701e-482a-40c9-858b-6e667bff5a11-724x1024.jpg 724w, https:\/\/www.radiopiu.net\/wordpress\/wp-content\/uploads\/2022\/12\/4e01701e-482a-40c9-858b-6e667bff5a11-768x1087.jpg 768w, https:\/\/www.radiopiu.net\/wordpress\/wp-content\/uploads\/2022\/12\/4e01701e-482a-40c9-858b-6e667bff5a11-1085x1536.jpg 1085w, https:\/\/www.radiopiu.net\/wordpress\/wp-content\/uploads\/2022\/12\/4e01701e-482a-40c9-858b-6e667bff5a11.jpg 1447w\" sizes=\"auto, (max-width: 143px) 100vw, 143px\" \/><\/a>ANCHE AD AGORDO SCUOLA APERTA A GENITORI E FIGLI<\/h3>\n<\/blockquote>\n<p><strong>AGORDO<\/strong>\u00a0Apriamo la scuola \u00e8 l\u2019iniziativa della Scuola Primaria di Agordo che invita genitori e i propri bambini a visitare i locali e conoscere l\u2019offerta scolastica. Mentre i genitori saranno impegnati nel giro panoramico, i bambini verranno accolti dalle maestre che li coinvolgeranno in attivit\u00e0 manuali e digitali. Per i piccoli sar\u00e0 un\u2019 occasione per conoscere il nuovo ambiente e per i genitori ricevere le informazioni organizzative e didattiche.<\/p>\n<p>&nbsp;<\/p>\n<p>&nbsp;<\/p>\n<hr \/>\n<p>&nbsp;<\/p>\n<p><a class=\"dt-pswp-item\" href=\"https:\/\/www.radiopiu.net\/wordpress\/wp-content\/uploads\/2022\/12\/Senza-nome-78.jpg\" data-dt-img-description=\"\" data-large_image_width=\"822\" data-large_image_height=\"722\"><img loading=\"lazy\" decoding=\"async\" class=\"size-medium wp-image-311532 aligncenter\" src=\"https:\/\/www.radiopiu.net\/wordpress\/wp-content\/uploads\/2022\/12\/Senza-nome-78-300x264.jpg\" alt=\"\" width=\"300\" height=\"264\" srcset=\"https:\/\/www.radiopiu.net\/wordpress\/wp-content\/uploads\/2022\/12\/Senza-nome-78-300x264.jpg 300w, https:\/\/www.radiopiu.net\/wordpress\/wp-content\/uploads\/2022\/12\/Senza-nome-78-768x675.jpg 768w, https:\/\/www.radiopiu.net\/wordpress\/wp-content\/uploads\/2022\/12\/Senza-nome-78.jpg 822w\" sizes=\"auto, (max-width: 300px) 100vw, 300px\" \/><\/a><\/p>\n<p>&nbsp;<\/p>\n<p>&nbsp;<\/p>\n<hr \/>\n<p>&nbsp;<\/p>\n<blockquote>\n<h3>MERCATINI DI NATALE A SOTTOGUDA<\/h3>\n<\/blockquote>\n<p><strong>ROCCA PIETORE<\/strong> Tre giorni di mercatini sotto la Marmolada. Torna a Sottoguda &#8220;Nad\u00e8l Ignanter i Tabiei&#8221; il 28, 29 e 30 dicembre dalle 13 alle 19. Mercoled\u00ec 28 alle 16 &#8220;Dolci note sotto la neve&#8221; con il Coro Sottoguda. Venerd\u00ec 30 dicembre alle 17 &#8220;Una montagna di note&#8221; con l&#8217;Orchestra Dolomiti.<\/p>\n<p><a class=\"dt-pswp-item\" href=\"https:\/\/www.radiopiu.net\/wordpress\/wp-content\/uploads\/2022\/12\/7b12f4ab-d16b-4440-9e84-3a4af82af38b.jpg\" data-dt-img-description=\"\" data-large_image_width=\"1131\" data-large_image_height=\"1600\"><img loading=\"lazy\" decoding=\"async\" class=\"size-medium wp-image-311657 aligncenter\" src=\"https:\/\/www.radiopiu.net\/wordpress\/wp-content\/uploads\/2022\/12\/7b12f4ab-d16b-4440-9e84-3a4af82af38b-212x300.jpg\" alt=\"\" width=\"212\" height=\"300\" srcset=\"https:\/\/www.radiopiu.net\/wordpress\/wp-content\/uploads\/2022\/12\/7b12f4ab-d16b-4440-9e84-3a4af82af38b-212x300.jpg 212w, https:\/\/www.radiopiu.net\/wordpress\/wp-content\/uploads\/2022\/12\/7b12f4ab-d16b-4440-9e84-3a4af82af38b-724x1024.jpg 724w, https:\/\/www.radiopiu.net\/wordpress\/wp-content\/uploads\/2022\/12\/7b12f4ab-d16b-4440-9e84-3a4af82af38b-768x1086.jpg 768w, https:\/\/www.radiopiu.net\/wordpress\/wp-content\/uploads\/2022\/12\/7b12f4ab-d16b-4440-9e84-3a4af82af38b-1086x1536.jpg 1086w, https:\/\/www.radiopiu.net\/wordpress\/wp-content\/uploads\/2022\/12\/7b12f4ab-d16b-4440-9e84-3a4af82af38b.jpg 1131w\" sizes=\"auto, (max-width: 212px) 100vw, 212px\" \/><\/a><\/p>\n<p>&nbsp;<\/p>\n<hr \/>\n<p>&nbsp;<\/p>\n<blockquote>\n<h3>TI MANCA L&#8217;INVERNO? CI PENSANO LE ATTIVITA&#8217; ECONOMICHE DI FALCADE E CAVIOLA<\/h3>\n<\/blockquote>\n<blockquote>\n<h3><a class=\"dt-pswp-item\" href=\"https:\/\/www.radiopiu.net\/wordpress\/wp-content\/uploads\/2022\/12\/Senza-nome-100.jpg\" data-dt-img-description=\"\" data-large_image_width=\"742\" data-large_image_height=\"356\"><img loading=\"lazy\" decoding=\"async\" class=\"size-medium wp-image-312733 alignleft\" src=\"https:\/\/www.radiopiu.net\/wordpress\/wp-content\/uploads\/2022\/12\/Senza-nome-100-300x144.jpg\" alt=\"\" width=\"300\" height=\"144\" srcset=\"https:\/\/www.radiopiu.net\/wordpress\/wp-content\/uploads\/2022\/12\/Senza-nome-100-300x144.jpg 300w, https:\/\/www.radiopiu.net\/wordpress\/wp-content\/uploads\/2022\/12\/Senza-nome-100.jpg 742w\" sizes=\"auto, (max-width: 300px) 100vw, 300px\" \/><\/a>MERCATINI DI NATALE A FALCADE, IN PIAZZA DEL MUNICIPIO: DAL 24 DICEMBRE ALL&#8217;8 GENNAIO DALLE 16 ALLE 19.<\/h3>\n<\/blockquote>\n<p>GLI APPUNTAMENTI IN PIAZZA DEL MUNICIPIO ACCANTO AL MERCATINO: 25 DICEMBRE DALLE 18 UNA FOTO CON BABBO NATALE, 27 DICEMBRE DALLE 18 I BALLI DEL GRUPPO FOLK VAL BIOIS, 28 DICEMBRE ALLE 20 IN CHIESA A CANALE D&#8217;AGORDO CONCERTO DI NATALE CON I RUDEMA&#8217;, 29 DICEMBRE ALLE 21 IN CHIESA A FALCADE CONCERTO IN ONORE DI DANTE MORO CON SILVIA TESSARI E L&#8217;ORCHESTRA DOLOMITI SINFONIA, 31 DICEMBRE CAPODANNO AL PARCO GIOCHI DI FALCADE, DJ SET E AREA BAR &#8211; DIRETTA SU RADIO PIU &#8211;<br \/>\nCHE INVERNO&#8230; A FALCADE E CAVIOLA<\/p>\n<p>1 GENNAIO IL BALLO DEI COSCRITTI AL PALAFALCADE, 3 GENNAIO ALLE 21 CONCERTO DEL CORO VAL BIOIS IN CHIESA A CAVIOLA CON INTERMEZZI ALL&#8217;ORGANO DI LORIS SERAFINI. IN PIAZZA DEL MUNICIPIO ACCANTO AL MERCATINO: IL 4 GENNAIO ALLE 16 APERITIVO DEI COSCRITTI DJ E AREA BAR, IL 5 GENNAIO ALLE 18 MUSICHE POPOLARI CON I TIRATAIE E PASSAGGIO DELLA BEFANA, 7 GENNAIO DALLE 18 IL GRUPPO FOLK BATI ORZ DI SAN TOMASO.<\/p>\n<blockquote>\n<h2>CHE INVERNO&#8230; A FALCADE E CAVIOLA<\/h2>\n<\/blockquote>\n<p>&nbsp;<\/p>\n<p>&nbsp;<\/p>\n<hr \/>\n<p>&nbsp;<\/p>\n<blockquote>\n<h3>I PRESEPI DEI COLMIEI E DE LE VILE<\/h3>\n<\/blockquote>\n<p><strong>CANALE D&#8217;AGORDO<\/strong> Torna a Canale D&#8217;Agordo anche quest&#8217;inverno l&#8217;iniziativa <b><i>&#8220;I Presepi dei Colmi\u00e9i e de le V\u00ecle&#8221;<\/i><\/b>. Si tratta della 3\u00b0 edizione di una tradizione che \u00e8 stata ripresa dal passato e che coinvolge la Comunit\u00e0 di Canale d&#8217;Agordo: ogni Colm\u00e8l (=quartiere) realizza un presepe secondo il proprio ingegno e la propria creativit\u00e0, in un percorso lungo le vie di questo borgo suggestivo della Valle del Biois. La mappa delle postazioni \u00e8 consultabile inquadrando il QR Code sui manifesti, mentre la cartina \u00e8 disponibile in formato cartaceo presso l&#8217;ufficio informazioni al Museo Albino Luciani, aperto dal 23.12 tutti i giorni fino al 08.01 (tranne il 25.12, il 31.12 pomeriggio e il 01.01 mattina).<\/p>\n<p>&nbsp;<\/p>\n<p>&nbsp;<\/p>\n<hr \/>\n<p>&nbsp;<\/p>\n<blockquote>\n<h3>GIORGIO FORNASIER DA&#8217; L&#8217;ADDIO ALLE SCENE IN UN CONCERTO AL TEATRO COMUNALE<\/h3>\n<\/blockquote>\n<p><strong><a class=\"dt-pswp-item\" href=\"https:\/\/www.radiopiu.net\/wordpress\/wp-content\/uploads\/2022\/12\/GIORGIO-FORNASIER.png\" data-dt-img-description=\"\" data-large_image_width=\"1280\" data-large_image_height=\"992\"><img loading=\"lazy\" decoding=\"async\" class=\" wp-image-312788 alignleft\" src=\"https:\/\/www.radiopiu.net\/wordpress\/wp-content\/uploads\/2022\/12\/GIORGIO-FORNASIER-300x233.png\" alt=\"\" width=\"180\" height=\"140\" srcset=\"https:\/\/www.radiopiu.net\/wordpress\/wp-content\/uploads\/2022\/12\/GIORGIO-FORNASIER-300x233.png 300w, https:\/\/www.radiopiu.net\/wordpress\/wp-content\/uploads\/2022\/12\/GIORGIO-FORNASIER-1024x794.png 1024w, https:\/\/www.radiopiu.net\/wordpress\/wp-content\/uploads\/2022\/12\/GIORGIO-FORNASIER-768x595.png 768w, https:\/\/www.radiopiu.net\/wordpress\/wp-content\/uploads\/2022\/12\/GIORGIO-FORNASIER.png 1280w\" sizes=\"auto, (max-width: 180px) 100vw, 180px\" \/><\/a>BELLUNO <\/strong>Giorgio Fornasier d\u00e0 l\u2019addio alle scene: marted\u00ec 27 dicembre al Teatro Comunale il suo saluto alla citt\u00e0. Con un grande spettacolo dal titolo \u201cQuando il canto canta e le canzoni canzonano\u201d, voluto e patrocinato dal Comune di Belluno nell\u2019ambito delle iniziative del Natale, l\u2019artista racconter\u00e0 la storia dei Belumat e ne ripercorrer\u00e0 i brani e gli sketch pi\u00f9 celebri. Sar\u00e0 un amarcord attraverso quei siparietti che hanno reso il duo con Gianni Secco famoso ben oltre i confini italiani, contribuendo alla diffusione dell\u2019immaginario del belumat e alla conoscenza della cultura e degli aspetti pi\u00f9 tipici del Bellunese e del Veneto. Una proposta pensata per riunire la citt\u00e0 e le generazioni in uno dei luoghi simbolo della cultura del capoluogo, il Teatro Comunale, per una serata spensierata a ridosso dell\u2019ultimo dell\u2019anno. Inizio spettacolo alle 20.45. Ingresso 10 euro, il ricavato sar\u00e0 devoluto a favore di progetti benefici. Biglietto acquistabile al botteghino la sera del concerto oppure online all\u2019indirizzo <a href=\"https:\/\/ticket.midaticket.it\/fondazioneteatridolomiti\/Events\">https:\/\/ticket.midaticket.it\/fondazioneteatridolomiti\/Events<\/a>.<\/p>\n<p>&nbsp;<\/p>\n<p>&nbsp;<\/p>\n<hr \/>\n<p>&nbsp;<\/p>\n<blockquote>\n<h3>CONCERTO DI NATALE PER IL PERSONALE DELL&#8217;OSPEDALE DI AGORDO<\/h3>\n<\/blockquote>\n<p><strong><a class=\"dt-pswp-item\" href=\"https:\/\/www.radiopiu.net\/wordpress\/wp-content\/uploads\/2022\/12\/AGORDO-I-tre-fratelli-Bosio.jpg\" data-dt-img-description=\"\" data-large_image_width=\"1024\" data-large_image_height=\"641\"><img loading=\"lazy\" decoding=\"async\" class=\"size-medium wp-image-312531 alignleft\" src=\"https:\/\/www.radiopiu.net\/wordpress\/wp-content\/uploads\/2022\/12\/AGORDO-I-tre-fratelli-Bosio-300x188.jpg\" alt=\"\" width=\"300\" height=\"188\" srcset=\"https:\/\/www.radiopiu.net\/wordpress\/wp-content\/uploads\/2022\/12\/AGORDO-I-tre-fratelli-Bosio-300x188.jpg 300w, https:\/\/www.radiopiu.net\/wordpress\/wp-content\/uploads\/2022\/12\/AGORDO-I-tre-fratelli-Bosio-768x481.jpg 768w, https:\/\/www.radiopiu.net\/wordpress\/wp-content\/uploads\/2022\/12\/AGORDO-I-tre-fratelli-Bosio.jpg 1024w\" sizes=\"auto, (max-width: 300px) 100vw, 300px\" \/><\/a>AGORDO <\/strong>Si chiude con un significativo evento l\u2019intensa stagione 2022 del Circolo culturale agordino, presieduto da Lionella Tonet. Se quest\u2019anno, per cause di forza maggiore (cambio della direzione) il Coro Agordo ha dovuto rimandare il tradizionale Concerto di S.Stefano in Arcidiconale, sar\u00e0 la sala don Tamis ad ospitare un inedito Concerto di Natale promosso dal Circolo culturale in collaborazione con Agordo Musica e il patrocinio del Comune di Agordo e dell\u2019Unione montana agordina. Un concerto dal duplice interesse e richiamo quello programmato per mercoled\u00ec 28 dicembre, alle 20:30. Anzitutto perch\u00e9 saranno protagonisti tre affermati musicisti torinesi, tre fratelli che, ricordando le origini agordine della mamma Loredana (figlia di una delle tre sorelle Rosson che fino a inizio anni \u201960 del secolo scorso hanno gestito il Caff\u00e8 Posta in Riva dei Paci, oggi via Rova), hanno voluto fare un omaggio della loro arte ad Agordo e agli agordini proprio in occasione del Natale. Quindi perch\u00e9, con ammirevole sensibilit\u00e0, Lionella Tonet e collaboratori hanno inteso dedicare il concerto al personale dell\u2019ospedale di Agordo in segno di riconoscenza per l\u2019impegno profuso con generosit\u00e0 e professionalit\u00e0 durante la pandemia. In tale occasione i tre fratelli Bosio: Ombretta, mezzosoprano, Nausicaa al pianoforte e Niccol\u00f2 alla fisarmonica, si esibiranno in un vasto repertorio musicale, diviso in tre parti, proponendo opere di vari autori lirici, fra cui Bellini, Bizet, Czardas, Lehar, Piazzolla. Ma ci sar\u00e0 spazio vocale anche per brani di Ripp, Marf, Piaff e Arlen, mentre la chiusura sar\u00e0 tutta nell\u2019atmosfera natalizia con l\u2019Ave Maria di Gounod, la Ninna nanna di Ges\u00f9 Bambino di Sinigaglia, Wiegenlied, Ninna nanna di Brahms, Stille Nacht di Gruber e White Christmas di Berlin. Foto: AGORDO \u2013 I tre fratelli Bosio di origini agordine: Nausicaa (pianoforte), Niccol\u00f2 (fisarmonica) e Ombretta (mezzosoprano).<\/p>\n<p>&nbsp;<\/p>\n<hr \/>\n<p>&nbsp;<\/p>\n<blockquote>\n<h3>UNA SERATA PER RICORDARE DON GIOVANNI UNTERBERGER<\/h3>\n<\/blockquote>\n<p><strong><a class=\"dt-pswp-item\" href=\"https:\/\/www.radiopiu.net\/wordpress\/wp-content\/uploads\/2022\/12\/IMG-20221218-WA0009.jpg\" data-dt-img-description=\"\" data-large_image_width=\"1083\" data-large_image_height=\"1479\"><img loading=\"lazy\" decoding=\"async\" class=\" wp-image-313041 alignleft\" src=\"https:\/\/www.radiopiu.net\/wordpress\/wp-content\/uploads\/2022\/12\/IMG-20221218-WA0009-220x300.jpg\" alt=\"\" width=\"125\" height=\"170\" srcset=\"https:\/\/www.radiopiu.net\/wordpress\/wp-content\/uploads\/2022\/12\/IMG-20221218-WA0009-220x300.jpg 220w, https:\/\/www.radiopiu.net\/wordpress\/wp-content\/uploads\/2022\/12\/IMG-20221218-WA0009-750x1024.jpg 750w, https:\/\/www.radiopiu.net\/wordpress\/wp-content\/uploads\/2022\/12\/IMG-20221218-WA0009-768x1049.jpg 768w, https:\/\/www.radiopiu.net\/wordpress\/wp-content\/uploads\/2022\/12\/IMG-20221218-WA0009.jpg 1083w\" sizes=\"auto, (max-width: 125px) 100vw, 125px\" \/><\/a>BELLUNO<\/strong> Sabato 7 gennaio 2023, alle ore 20.30, nella chiesa di san Pietro a Belluno si terr\u00e0 un\u2019originale manifestazione culturale e spirituale in memoria di don Giovanni Unterberger. Il sacerdote, deceduto nel marzo 2021, aveva svolto il suo ministero in citt\u00e0 come stimato insegnante e padre spirituale in seminario e canonico teologo del duomo; si era inoltre fatto apprezzare come confessore e guida di molti fedeli, oltre che per la sua disponibilit\u00e0 ed accoglienza offerta a tutti.\u00a0 In occasione del suo ottantesimo \u201ccompleanno&#8221; gli amici, i parenti e i figli spirituali vogliono ricordarlo organizzando un concerto meditativo con una varia e singolare selezione di composizioni musicali, che spaziano dal ricco repertorio medievale fino a giungere ai tradizionali canti natalizi. L&#8217;esecuzione dei brani sar\u00e0 integrata dalla lettura di alcuni suggestivi spunti di riflessione sul mistero del Natale, tratti dalle sue numerose omelie.\u00a0 Assecondando inoltre un&#8217;intenzione che era molto cara a don Giovanni\u00a0in favore delle vocazioni sacerdotali, durante la serata ci sar\u00e0 la possibilit\u00e0 di lasciare un&#8217;offerta che verr\u00e0 destinata a &#8220;Aiuto alla Chiesa che Soffre&#8221; per sostenere gli studi dei seminaristi del Seminario Diocesano di Multan in Pakistan.<\/p>\n<p>&nbsp;<\/p>\n<hr \/>\n<p>&nbsp;<\/p>\n<blockquote>\n<h3>TERZO APPUNTAMENTO CON MARCO PERALE A LIMANA<\/h3>\n<\/blockquote>\n<p><strong>LIMANA<\/strong> Continua il tour per la presentazione del libro di Marco Perale sulla storia di Limana. Terzo appuntamento gioved\u00ec 29 dicembre alle 20 al Centro Culturale al Vejo di Valmorel.<\/p>\n<p>&nbsp;<\/p>\n<hr \/>\n<p>&nbsp;<\/p>\n<blockquote>\n<h3>GLI AUGURI DI NATALE DALL&#8217;ASSOCIAZIONE DANZA AGORDINA<\/h3>\n<\/blockquote>\n<p><strong>REDAZIONE<\/strong> Anche quest&#8217;anno l&#8217;Associazione Danza Agordina ha preparato un video per augurare a tutti buon Natale.<\/p>\n<div style=\"width: 1200px;\" class=\"wp-video\"><video class=\"wp-video-shortcode\" id=\"video-312937-1\" width=\"1200\" height=\"675\" preload=\"metadata\" controls=\"controls\"><source type=\"video\/mp4\" src=\"https:\/\/www.radiopiu.net\/wordpress\/wp-content\/uploads\/2022\/12\/Video-saggio-Natale-ada.mp4?_=1\" \/><a href=\"https:\/\/www.radiopiu.net\/wordpress\/wp-content\/uploads\/2022\/12\/Video-saggio-Natale-ada.mp4\">https:\/\/www.radiopiu.net\/wordpress\/wp-content\/uploads\/2022\/12\/Video-saggio-Natale-ada.mp4<\/a><\/video><\/div>\n<p>&nbsp;<\/p>\n<hr \/>\n<p>&nbsp;<\/p>\n<blockquote>\n<h3>QUATTRO APPUNTAMENTI CON GLI AMICI DEL NEVEGAL<\/h3>\n<\/blockquote>\n<p><strong>Mercoled\u00ec 28 dicembre<\/strong> alle 17\u00a0 in Sala Congressi le Torri in Nevegal incontro di fine anno con lo scambio di auguri\u00a0 a seguire cena per soci e simpatizzanti. <strong>Marted\u00ec 3 gennaio<\/strong> alle 20.30, sempre in Sala Congressi, la scrittrice-alpinista Antonella Giacomini presenta\u00a0 il suo libro\u201c Volevo vedere la Tundra \u201c con filmato. <strong>Gioved\u00ec 5 gennaio<\/strong> alle 20.30 al Santuario Maria Immacolata vi sar\u00e0 una serata allietata dal coro \u201c Voci in Valle \u201c di Sedico.<br \/>\n<strong>Sabato 7 gennaio<\/strong> alle 17.30\u00a0 camminata in notturna con cena al Rifugio Bristot.<\/p>\n<p>&nbsp;<\/p>\n<p>&nbsp;<\/p>\n<hr \/>\n<p>&nbsp;<\/p>\n<blockquote>\n<h3><span style=\"font-size: medium;\"><b><a class=\"dt-pswp-item\" href=\"https:\/\/www.radiopiu.net\/wordpress\/wp-content\/uploads\/2022\/12\/COPERTINA_calendario_ABM2023.jpg\" data-dt-img-description=\"\" data-large_image_width=\"1400\" data-large_image_height=\"1384\"><img loading=\"lazy\" decoding=\"async\" class=\" wp-image-312672 alignleft\" src=\"https:\/\/www.radiopiu.net\/wordpress\/wp-content\/uploads\/2022\/12\/COPERTINA_calendario_ABM2023-300x297.jpg\" alt=\"\" width=\"165\" height=\"163\" srcset=\"https:\/\/www.radiopiu.net\/wordpress\/wp-content\/uploads\/2022\/12\/COPERTINA_calendario_ABM2023-300x297.jpg 300w, https:\/\/www.radiopiu.net\/wordpress\/wp-content\/uploads\/2022\/12\/COPERTINA_calendario_ABM2023-1024x1012.jpg 1024w, https:\/\/www.radiopiu.net\/wordpress\/wp-content\/uploads\/2022\/12\/COPERTINA_calendario_ABM2023-768x759.jpg 768w, https:\/\/www.radiopiu.net\/wordpress\/wp-content\/uploads\/2022\/12\/COPERTINA_calendario_ABM2023.jpg 1400w\" sizes=\"auto, (max-width: 165px) 100vw, 165px\" \/><\/a>Il calendario 2023 dell\u2019Associazione Bellunesi nel Mondo <\/b><b>dedicato ai 30 anni del Parco Nazionale Dolomiti Bellunesi<\/b><\/span><\/h3>\n<\/blockquote>\n<p><strong>BELLUNO<\/strong> \u00a0Anche quest\u2019anno l\u2019Associazione Bellunesi nel Mondo ha voluto rispettare l\u2019appuntamento con i propri associati realizzando un calendario che, soprattutto per chi vive lontano, \u00e8 una boccata d\u2019ossigeno e li fa sentire pi\u00f9 vicini alla terra d\u2019origine. La presentazione del calendario si \u00e8 tenuta\u00a0 nella sede dell\u2019Associazione Bellunesi nel Mondo, con la presenza del presidente Abm Oscar De Bona e del presidente del Parco Nazionale Dolomiti Bellunesi Ennio Vigne. Tra i mammiferi che vivono nel Parco ci sono volpi, tassi, marmotte, scoiattoli e gatti selvatici. Sono 116 le specie di uccelli che si riproducono nel Parco. Una biodiversit\u00e0 unica e straordinaria, che Bruno Boz e Ivan Mazzon, appassionati naturalisti e fotografi che collaborano da anni con il Parco, ritraggono in splendide immagini. Bruno e Ivan hanno estratto dal loro archivio dodici fotografie, in cui gli abitanti del Parco compaiono in coppia, e saranno loro a tenerci compagnia nel corso del 2023.<\/p>\n<p>&nbsp;<\/p>\n<p>&nbsp;<\/p>\n<hr \/>\n<p>&nbsp;<\/p>\n<blockquote>\n<h3>IL BALLETTO DELLO SCOIATTOLO ROSSO DI VOLTAGO<\/h3>\n<\/blockquote>\n<p><strong>REDAZIONE<\/strong> Ormai lo conosciamo bene&#8230;Mario De Marco con i suoi video e le sue foto naturalistiche ci sa sempre emozionare. Questa volta ha filmato uno scoiattolo alla ricerca di cibo nella neve.<\/p>\n<p><strong>IL MESSAGGIO DI MARIO DE MARCO<\/strong><\/p>\n<p><em>Arrivata la neve anche per loro e continua la ricerca per la spasmodica ricerca di cibo&#8230;con questo vi auguro a tutti giorni sereni<\/em><\/p>\n<div style=\"width: 640px;\" class=\"wp-video\"><video class=\"wp-video-shortcode\" id=\"video-312937-2\" width=\"640\" height=\"352\" preload=\"metadata\" controls=\"controls\"><source type=\"video\/mp4\" src=\"https:\/\/www.radiopiu.net\/wordpress\/wp-content\/uploads\/2022\/12\/WhatsApp-Video-2022-12-22-at-14.40.32.mp4?_=2\" \/><a href=\"https:\/\/www.radiopiu.net\/wordpress\/wp-content\/uploads\/2022\/12\/WhatsApp-Video-2022-12-22-at-14.40.32.mp4\">https:\/\/www.radiopiu.net\/wordpress\/wp-content\/uploads\/2022\/12\/WhatsApp-Video-2022-12-22-at-14.40.32.mp4<\/a><\/video><\/div>\n<p>&nbsp;<\/p>\n<hr \/>\n<p>&nbsp;<\/p>\n<h2><span style=\"color: #ff0000;\"><strong>IERI ALLA RADIO<\/strong><\/span><\/h2>\n<h2><strong><a class=\"dt-pswp-item\" href=\"https:\/\/www.radiopiu.net\/wordpress\/wp-content\/uploads\/2022\/12\/COP-taramelli-18ott22-2.jpg\" data-dt-img-description=\"\" data-large_image_width=\"1536\" data-large_image_height=\"2126\"><img loading=\"lazy\" decoding=\"async\" class=\" wp-image-312933 alignleft\" src=\"https:\/\/www.radiopiu.net\/wordpress\/wp-content\/uploads\/2022\/12\/COP-taramelli-18ott22-2-217x300.jpg\" alt=\"\" width=\"153\" height=\"212\" srcset=\"https:\/\/www.radiopiu.net\/wordpress\/wp-content\/uploads\/2022\/12\/COP-taramelli-18ott22-2-217x300.jpg 217w, https:\/\/www.radiopiu.net\/wordpress\/wp-content\/uploads\/2022\/12\/COP-taramelli-18ott22-2-740x1024.jpg 740w, https:\/\/www.radiopiu.net\/wordpress\/wp-content\/uploads\/2022\/12\/COP-taramelli-18ott22-2-768x1063.jpg 768w, https:\/\/www.radiopiu.net\/wordpress\/wp-content\/uploads\/2022\/12\/COP-taramelli-18ott22-2-1110x1536.jpg 1110w, https:\/\/www.radiopiu.net\/wordpress\/wp-content\/uploads\/2022\/12\/COP-taramelli-18ott22-2-1480x2048.jpg 1480w, https:\/\/www.radiopiu.net\/wordpress\/wp-content\/uploads\/2022\/12\/COP-taramelli-18ott22-2.jpg 1536w\" sizes=\"auto, (max-width: 153px) 100vw, 153px\" \/><\/a><\/strong><span style=\"color: #ff9900;\">MAURIZIO ALFIERI E IL NUOVO LIBRO SU STORIE E RICERCHE NEL BELLUNESE<\/span><\/h2>\n<p><strong>di Gianni Santomaso<\/strong><\/p>\n<p>OSPITE: Maurizio Alfieri<\/p>\n<audio class=\"wp-audio-shortcode\" id=\"audio-312937-6\" preload=\"none\" style=\"width: 100%;\" controls=\"controls\"><source type=\"audio\/mpeg\" src=\"https:\/\/www.radiopiu.net\/wordpress\/wp-content\/uploads\/2022\/12\/Maurizio-Alfieri_Taramelli.mp3?_=6\" \/><a href=\"https:\/\/www.radiopiu.net\/wordpress\/wp-content\/uploads\/2022\/12\/Maurizio-Alfieri_Taramelli.mp3\">https:\/\/www.radiopiu.net\/wordpress\/wp-content\/uploads\/2022\/12\/Maurizio-Alfieri_Taramelli.mp3<\/a><\/audio>\n<p>&nbsp;<\/p>\n<hr \/>\n<p>&nbsp;<\/p>\n<h2><span style=\"color: #993300;\">&#8220;CICHE CIAF TELEFONO TACUIN&#8221; IL NUOVO SINGOLO DEI TIRATAIE. LA PRESENTAZIONE A RADIO PIU&#8217;<\/span><\/h2>\n<p><strong><a class=\"dt-pswp-item\" href=\"https:\/\/www.radiopiu.net\/wordpress\/wp-content\/uploads\/2022\/12\/b6362df5-dde0-4f5f-8b3d-915d540027d6.jpg\" data-dt-img-description=\"\" data-large_image_width=\"1024\" data-large_image_height=\"972\"><img loading=\"lazy\" decoding=\"async\" class=\" wp-image-312945 alignleft\" src=\"https:\/\/www.radiopiu.net\/wordpress\/wp-content\/uploads\/2022\/12\/b6362df5-dde0-4f5f-8b3d-915d540027d6-300x285.jpg\" alt=\"\" width=\"157\" height=\"149\" srcset=\"https:\/\/www.radiopiu.net\/wordpress\/wp-content\/uploads\/2022\/12\/b6362df5-dde0-4f5f-8b3d-915d540027d6-300x285.jpg 300w, https:\/\/www.radiopiu.net\/wordpress\/wp-content\/uploads\/2022\/12\/b6362df5-dde0-4f5f-8b3d-915d540027d6-768x729.jpg 768w, https:\/\/www.radiopiu.net\/wordpress\/wp-content\/uploads\/2022\/12\/b6362df5-dde0-4f5f-8b3d-915d540027d6.jpg 1024w\" sizes=\"auto, (max-width: 157px) 100vw, 157px\" \/><\/a>di Marco Gaz<\/strong><\/p>\n<p>C&#8217;\u00e8 una cosa che non bisogna assolutamente dimenticare a casa quando si va a fare un giro e ce lo spiegano I Tirataie nella nuova canzone presentata in anteprima su Radio Pi\u00f9. &#8220;Ciche, Ciaf, Telefono, Tacuin&#8221; il titolo del nuovo singolo disponibile su tutte le piattaforme streming per ascoltare musica online, e naturalmente su Radio Pi\u00f9. I Tirataie sono arrivati negli studi di Radio Pi\u00f9 per la presentazione ufficiale del brano. Sulla copertina del singolo un kanguro&#8230;perch\u00e9? lo capirete ascoltando il brano&#8230;.<\/p>\n<p><em><strong>OSPITI: Alessio &#8220;Bus&#8221; Tomaselli e Paolo Vedova dei Tirataie<\/strong><\/em><\/p>\n<audio class=\"wp-audio-shortcode\" id=\"audio-312937-7\" preload=\"none\" style=\"width: 100%;\" controls=\"controls\"><source type=\"audio\/mpeg\" src=\"https:\/\/www.radiopiu.net\/wordpress\/wp-content\/uploads\/2022\/12\/SPECIALE-TIRATAIE.mp3?_=7\" \/><a href=\"https:\/\/www.radiopiu.net\/wordpress\/wp-content\/uploads\/2022\/12\/SPECIALE-TIRATAIE.mp3\">https:\/\/www.radiopiu.net\/wordpress\/wp-content\/uploads\/2022\/12\/SPECIALE-TIRATAIE.mp3<\/a><\/audio>\n<p>&nbsp;<\/p>\n<hr \/>\n<p>&nbsp;<\/p>\n<div>\n<div class=\"b654a4as d2edcug0\">\n<div class=\"rq0escxv hkbzh7o3 jwdofwj8 n8tt0mok r8blr3vg hyh9befq\">\n<p><a class=\"dt-pswp-item\" href=\"https:\/\/www.radiopiu.net\/wordpress\/wp-content\/uploads\/2020\/10\/pp.jpg\" data-dt-img-description=\"\" data-large_image_width=\"640\" data-large_image_height=\"640\"><img loading=\"lazy\" decoding=\"async\" class=\"wp-image-163678 alignleft\" src=\"https:\/\/www.radiopiu.net\/wordpress\/wp-content\/uploads\/2020\/10\/pp-300x300.jpg\" alt=\"\" width=\"106\" height=\"106\" srcset=\"https:\/\/www.radiopiu.net\/wordpress\/wp-content\/uploads\/2020\/10\/pp-300x300.jpg 300w, https:\/\/www.radiopiu.net\/wordpress\/wp-content\/uploads\/2020\/10\/pp-150x150.jpg 150w, https:\/\/www.radiopiu.net\/wordpress\/wp-content\/uploads\/2020\/10\/pp-125x125.jpg 125w, https:\/\/www.radiopiu.net\/wordpress\/wp-content\/uploads\/2020\/10\/pp-200x200.jpg 200w, https:\/\/www.radiopiu.net\/wordpress\/wp-content\/uploads\/2020\/10\/pp-80x80.jpg 80w, https:\/\/www.radiopiu.net\/wordpress\/wp-content\/uploads\/2020\/10\/pp-480x480.jpg 480w, https:\/\/www.radiopiu.net\/wordpress\/wp-content\/uploads\/2020\/10\/pp.jpg 640w\" sizes=\"auto, (max-width: 106px) 100vw, 106px\" \/><\/a><\/p>\n<\/div>\n<\/div>\n<\/div>\n<div>\n<div class=\"page-title-head hgroup\">\n<div class=\"page-title-head hgroup\">\n<div class=\"b654a4as d2edcug0\">\n<div class=\"j83agx80 btwxx1t3 lhclo0ds hop8lmos nkwizq5d scwd0bx6 roh60bw9\">\n<div class=\"rq0escxv hkbzh7o3 jwdofwj8 n8tt0mok r8blr3vg hyh9befq\">\n<div class=\"do00u71z l9j0dhe7 k4urcfbm\" style=\"text-align: left;\">\n<h2><span style=\"color: #000080;\">DON CESARE, IL PENSIERO DEL GIORNO. ALLA RADIO ALLE 7 DEL MATTINO E ALLE 19.30 DELLA SERA\u00a0<\/span><\/h2>\n<audio class=\"wp-audio-shortcode\" id=\"audio-312937-8\" preload=\"none\" style=\"width: 100%;\" controls=\"controls\"><source type=\"audio\/mpeg\" src=\"https:\/\/www.radiopiu.net\/wordpress\/wp-content\/uploads\/2022\/12\/CESARE-16.mp3?_=8\" \/><a href=\"https:\/\/www.radiopiu.net\/wordpress\/wp-content\/uploads\/2022\/12\/CESARE-16.mp3\">https:\/\/www.radiopiu.net\/wordpress\/wp-content\/uploads\/2022\/12\/CESARE-16.mp3<\/a><\/audio>\n<p>&nbsp;<\/p>\n<hr \/>\n<p>&nbsp;<\/p>\n<p><strong>di ERIK LENA\u00a0 https:\/\/www.youtube.com\/@Lenaerikfoto<\/strong><\/p>\n<p><iframe loading=\"lazy\" title=\"Passo Giau | FPV Drone | Inverno | 4k HDR | Alta Definizione\" width=\"1200\" height=\"675\" src=\"https:\/\/www.youtube.com\/embed\/GZf50TgIMXE?feature=oembed\" frameborder=\"0\" allow=\"accelerometer; autoplay; clipboard-write; encrypted-media; gyroscope; picture-in-picture\" allowfullscreen><\/iframe><\/p>\n<div id=\"info-container\" class=\"style-scope ytd-watch-metadata\">\n<p><span class=\"style-scope yt-formatted-string bold\" dir=\"auto\">Trasmesso in anteprima il giorno 18 dic 2022<\/span> <a class=\"yt-simple-endpoint style-scope yt-formatted-string bold\" dir=\"auto\" spellcheck=\"false\" href=\"https:\/\/www.youtube.com\/results?search_query=Passo+di+Giau&amp;sp=EiG4AQHCARtDaElKYjNLMDNjaEplRWNSd1ROYjJJaUhNMjQ%253D\">PASSO DI GIAU<\/a>\u00a0 \u00a0<span class=\"style-scope yt-formatted-string\" dir=\"auto\">Sono stato dopo una nevicata in cima al passo per fare alcune fotografie, ho deciso di ritentare una salita gi\u00e0 effettuata in estate con il drone FPV, arrivare in cima al monte Ragusela e al suo magnifico rifugio in vetta. Ho deciso di riprendere il tutto per portarvi con me fino l&#8217;ass\u00f9 il paesaggio \u00e8 davvero suggestivo. Dal passo al rifugio sono pi\u00f9 di 2km in volo, il dislivello, il vento, il freddo e la distanza sono fattori decisivi che mettono drone e pilota sotto stress e dove un&#8217;attrezzatura comune non \u00e8 sufficiente.<\/span><\/p>\n<\/div>\n<p>&nbsp;<\/p>\n<hr \/>\n<p>&nbsp;<\/p>\n<h2><\/h2>\n<blockquote>\n<h3>LO SPECIALE SU RICCARDO BEE A 40 ANNI DALLA SUA SCOMPARSA<\/h3>\n<\/blockquote>\n<p><strong><a class=\"dt-pswp-item\" href=\"https:\/\/www.radiopiu.net\/wordpress\/wp-content\/uploads\/2022\/12\/65d2ce79-cc7f-4db9-ad6c-3ea1f67fa5ac.jpg\" data-dt-img-description=\"\" data-large_image_width=\"1549\" data-large_image_height=\"1092\"><img loading=\"lazy\" decoding=\"async\" class=\" wp-image-312399 alignleft\" src=\"https:\/\/www.radiopiu.net\/wordpress\/wp-content\/uploads\/2022\/12\/65d2ce79-cc7f-4db9-ad6c-3ea1f67fa5ac-300x211.jpg\" alt=\"\" width=\"200\" height=\"141\" srcset=\"https:\/\/www.radiopiu.net\/wordpress\/wp-content\/uploads\/2022\/12\/65d2ce79-cc7f-4db9-ad6c-3ea1f67fa5ac-300x211.jpg 300w, https:\/\/www.radiopiu.net\/wordpress\/wp-content\/uploads\/2022\/12\/65d2ce79-cc7f-4db9-ad6c-3ea1f67fa5ac-1024x722.jpg 1024w, https:\/\/www.radiopiu.net\/wordpress\/wp-content\/uploads\/2022\/12\/65d2ce79-cc7f-4db9-ad6c-3ea1f67fa5ac-768x541.jpg 768w, https:\/\/www.radiopiu.net\/wordpress\/wp-content\/uploads\/2022\/12\/65d2ce79-cc7f-4db9-ad6c-3ea1f67fa5ac-1536x1083.jpg 1536w, https:\/\/www.radiopiu.net\/wordpress\/wp-content\/uploads\/2022\/12\/65d2ce79-cc7f-4db9-ad6c-3ea1f67fa5ac.jpg 1549w\" sizes=\"auto, (max-width: 200px) 100vw, 200px\" \/><\/a>di Claudio Pra<\/strong><\/p>\n<p>A 40 anni dalla scomparsa di Riccardo Bee uno speciale alla radio. Era il 1982 quando Bee mor\u00ec sul monte Agner<\/p>\n<audio class=\"wp-audio-shortcode\" id=\"audio-312937-9\" preload=\"none\" style=\"width: 100%;\" controls=\"controls\"><source type=\"audio\/mpeg\" src=\"https:\/\/www.radiopiu.net\/wordpress\/wp-content\/uploads\/2022\/12\/CLAUDIO-PRA-SPECIALE.mp3?_=9\" \/><a href=\"https:\/\/www.radiopiu.net\/wordpress\/wp-content\/uploads\/2022\/12\/CLAUDIO-PRA-SPECIALE.mp3\">https:\/\/www.radiopiu.net\/wordpress\/wp-content\/uploads\/2022\/12\/CLAUDIO-PRA-SPECIALE.mp3<\/a><\/audio>\n<p>&nbsp;<\/p>\n<p>&nbsp;<\/p>\n<p>&nbsp;<\/p>\n<h3 class=\"kvgmc6g5 cxmmr5t8 oygrvhab hcukyx3x c1et5uql\"><span style=\"color: #0000ff;\"><strong><a class=\"dt-pswp-item\" href=\"https:\/\/www.radiopiu.net\/wordpress\/wp-content\/uploads\/2022\/12\/8ebb8f97-9782-449b-bb8f-a14f00edf4e0-1.jpg\" data-dt-img-description=\"\" data-large_image_width=\"1084\" data-large_image_height=\"1084\"><img loading=\"lazy\" decoding=\"async\" class=\"size-medium wp-image-312700 alignleft\" src=\"https:\/\/www.radiopiu.net\/wordpress\/wp-content\/uploads\/2022\/12\/8ebb8f97-9782-449b-bb8f-a14f00edf4e0-1-300x300.jpg\" alt=\"\" width=\"300\" height=\"300\" srcset=\"https:\/\/www.radiopiu.net\/wordpress\/wp-content\/uploads\/2022\/12\/8ebb8f97-9782-449b-bb8f-a14f00edf4e0-1-300x300.jpg 300w, https:\/\/www.radiopiu.net\/wordpress\/wp-content\/uploads\/2022\/12\/8ebb8f97-9782-449b-bb8f-a14f00edf4e0-1-1024x1024.jpg 1024w, https:\/\/www.radiopiu.net\/wordpress\/wp-content\/uploads\/2022\/12\/8ebb8f97-9782-449b-bb8f-a14f00edf4e0-1-150x150.jpg 150w, https:\/\/www.radiopiu.net\/wordpress\/wp-content\/uploads\/2022\/12\/8ebb8f97-9782-449b-bb8f-a14f00edf4e0-1-768x768.jpg 768w, https:\/\/www.radiopiu.net\/wordpress\/wp-content\/uploads\/2022\/12\/8ebb8f97-9782-449b-bb8f-a14f00edf4e0-1.jpg 1084w\" sizes=\"auto, (max-width: 300px) 100vw, 300px\" \/><\/a><\/strong><\/span><\/h3>\n<blockquote>\n<h3><\/h3>\n<h3><\/h3>\n<h3>con gli auguri di Buon Natale a chi ci ascolta e ci legge dall&#8217;Argentina Campione del Mondo, il nostro abbraccio a Pieraldo Vignazia &#8220;vip&#8221;<\/h3>\n<\/blockquote>\n<p>&nbsp;<\/p>\n<p>&nbsp;<\/p>\n<p>&nbsp;<\/p>\n<p>&nbsp;<\/p>\n<p>&nbsp;<\/p>\n<p>&nbsp;<\/p>\n<p>&nbsp;<\/p>\n<p>&nbsp;<\/p>\n<hr \/>\n<p>&nbsp;<\/p>\n<h2><span style=\"color: #ff00ff;\">IN VIVO VERSO\u00a0<\/span><\/h2>\n<blockquote>\n<h3>IL VENTO di RICCARDO RUSSO<\/h3>\n<\/blockquote>\n<p><strong>AUDIO<\/strong><\/p>\n<audio class=\"wp-audio-shortcode\" id=\"audio-312937-10\" preload=\"none\" style=\"width: 100%;\" controls=\"controls\"><source type=\"audio\/mpeg\" src=\"https:\/\/www.radiopiu.net\/wordpress\/wp-content\/uploads\/2022\/12\/04-RICCARDO-RUSSO-IL-VENTO.mp3?_=10\" \/><a href=\"https:\/\/www.radiopiu.net\/wordpress\/wp-content\/uploads\/2022\/12\/04-RICCARDO-RUSSO-IL-VENTO.mp3\">https:\/\/www.radiopiu.net\/wordpress\/wp-content\/uploads\/2022\/12\/04-RICCARDO-RUSSO-IL-VENTO.mp3<\/a><\/audio>\n<p>&nbsp;<\/p>\n<p>&nbsp;<\/p>\n<p><img loading=\"lazy\" decoding=\"async\" class=\"alignleft\" src=\"https:\/\/www.radiopiu.net\/wordpress\/wp-content\/uploads\/2022\/12\/55f66e81-4b47-4afd-bccf-91916eb51e82.jpg\" width=\"131\" height=\"201\" \/>Riccardo Russo<br \/>\nIL VENTO<\/p>\n<p>Il mio silenzio s&#8217;infila dentro a questo vento<br \/>\nVortici di foglie mi accarezzano la faccia<br \/>\nSi solleva polverosa la mia strada<br \/>\nIl sole si nasconde e all&#8217;improvviso appare<br \/>\nRapide le nubi alte fuggono lontano<br \/>\nSbattono le onde e schiumano fra i sassi<br \/>\nDi un fiume che grida pi\u00f9 de vento<br \/>\nChe per alcuni tratti giocano a rincorrersi<br \/>\nMa il vento sceglier\u00e0 la sua strada<br \/>\nMi accompagna verso sera fino a casa<br \/>\nE con forza spinge dietro a me la porta<\/p>\n<p>&nbsp;<\/p>\n<p><strong>LA <\/strong><strong>RACCOLTA COMPLETA<\/strong><\/p>\n<blockquote class=\"wp-embedded-content\" data-secret=\"rpHFGkHEcy\"><p><a href=\"https:\/\/www.radiopiu.net\/wordpress\/in-vivo-verso\/\">In Vivo Verso<\/a><\/p><\/blockquote>\n<p><iframe loading=\"lazy\" class=\"wp-embedded-content\" sandbox=\"allow-scripts\" security=\"restricted\" style=\"position: absolute; clip: rect(1px, 1px, 1px, 1px);\" title=\"&#8220;In Vivo Verso&#8221; &#8212; Radio Pi\u00f9\" src=\"https:\/\/www.radiopiu.net\/wordpress\/in-vivo-verso\/embed\/#?secret=e4B6K5bo8G#?secret=rpHFGkHEcy\" data-secret=\"rpHFGkHEcy\" width=\"600\" height=\"338\" frameborder=\"0\" marginwidth=\"0\" marginheight=\"0\" scrolling=\"no\"><\/iframe><\/p>\n<p>&nbsp;<\/p>\n<hr \/>\n<p>&nbsp;<\/p>\n<p><img loading=\"lazy\" decoding=\"async\" class=\"aligncenter wp-image-61954 size-full\" src=\"https:\/\/www.radiopiu.net\/wordpress\/wp-content\/uploads\/2018\/09\/viabilita.jpeg\" sizes=\"auto, (max-width: 800px) 100vw, 800px\" srcset=\"https:\/\/www.radiopiu.net\/wordpress\/wp-content\/uploads\/2018\/09\/viabilita.jpeg 800w, https:\/\/www.radiopiu.net\/wordpress\/wp-content\/uploads\/2018\/09\/viabilita-300x38.jpeg 300w, https:\/\/www.radiopiu.net\/wordpress\/wp-content\/uploads\/2018\/09\/viabilita-768x96.jpeg 768w\" alt=\"\" width=\"800\" height=\"100\" \/><\/p>\n<p>&nbsp;<\/p>\n<p>&nbsp;<\/p>\n<p><strong>AGGIORNAMENTO VENETO STRADE, AGGIORNAMENTO CONTINUO H 24<\/strong><\/p>\n<p>&nbsp;<\/p>\n<blockquote class=\"wp-embedded-content\" data-secret=\"VW7pG8bCmP\"><p><a href=\"https:\/\/www.radiopiu.net\/wordpress\/viabilita\/\">viabilita<\/a><\/p><\/blockquote>\n<p><iframe loading=\"lazy\" class=\"wp-embedded-content\" sandbox=\"allow-scripts\" security=\"restricted\" style=\"position: absolute; clip: rect(1px, 1px, 1px, 1px);\" title=\"&#8220;viabilita&#8221; &#8212; Radio Pi\u00f9\" src=\"https:\/\/www.radiopiu.net\/wordpress\/viabilita\/embed\/#?secret=YLCfyZ3gBm#?secret=VW7pG8bCmP\" data-secret=\"VW7pG8bCmP\" width=\"600\" height=\"338\" frameborder=\"0\" marginwidth=\"0\" marginheight=\"0\" scrolling=\"no\"><\/iframe><\/p>\n<p>&nbsp;<\/p>\n<p>&nbsp;<\/p>\n<p>&nbsp;<\/p>\n<hr \/>\n<p>&nbsp;<\/p>\n<p><a class=\"dt-pswp-item\" href=\"https:\/\/www.radiopiu.net\/wordpress\/wp-content\/uploads\/2018\/09\/WhatsApp-Image-2018-09-20-at-16.04.06.jpeg\" data-dt-img-description=\"\" data-large_image_width=\"800\" data-large_image_height=\"100\"><img loading=\"lazy\" decoding=\"async\" class=\"wp-image-61378 size-full aligncenter\" src=\"https:\/\/www.radiopiu.net\/wordpress\/wp-content\/uploads\/2018\/09\/WhatsApp-Image-2018-09-20-at-16.04.06.jpeg\" alt=\"\" width=\"800\" height=\"100\" srcset=\"https:\/\/www.radiopiu.net\/wordpress\/wp-content\/uploads\/2018\/09\/WhatsApp-Image-2018-09-20-at-16.04.06.jpeg 800w, https:\/\/www.radiopiu.net\/wordpress\/wp-content\/uploads\/2018\/09\/WhatsApp-Image-2018-09-20-at-16.04.06-300x38.jpeg 300w, https:\/\/www.radiopiu.net\/wordpress\/wp-content\/uploads\/2018\/09\/WhatsApp-Image-2018-09-20-at-16.04.06-768x96.jpeg 768w\" sizes=\"auto, (max-width: 800px) 100vw, 800px\" \/><\/a><\/p>\n<p>&nbsp;<\/p>\n<p><center><\/center><center><b>OGGI<\/b><\/center>Parzialmente soleggiato per il transito di nubi medio-alte stratiformi in grado di velare il sole, a tratti di mascherarlo totalmente. Sui settori prealpini a ridosso della pedemontana l&#8217;insidia nubi basse aumenter\u00e0 rispetto a gioved\u00ec. Contesto sempre pi\u00f9 mite in quota e accentuazione dell&#8217;inversione termica nelle valli, specie quelle in ombra.<br \/>\n<b>Precipitazioni: <\/b>Assenti (0%), salvo un po&#8217; di neve burrascosa sulle cime delle Dolomiti settentrionali nottetempo (30-40%), in grado di deporre qualche traccia di neve oltre i 2000\/2200 m.<br \/>\n<b>Temperature: <\/b>In generale lieve rialzo a tutte le quote, eccetto qualche diminuzione nelle valli in ombra.<\/p>\n<hr \/>\n<p><center><b>DOMANI<\/b><\/center>Persistono condizioni di tempo stabile, lunghi tratti soleggiati e passeggere nubi alte in grado di velare temporaneamente il cielo o a tratti di maschare il sole. L&#8217;insidia nubi basse o locali nebbie in alcune conche prealpine e nei settori a ridosso della pedemontana aumenter\u00e0 rispetto a venerd\u00ec.<br \/>\n<b>Precipitazioni: <\/b>Assenti (0%).<br \/>\n<b>Temperature: <\/b>Minime perlopi\u00f9 senza notevoli variazioni, massime in generale leggero aumento, maggiormente avvertito sopra i 2000 m.<\/p>\n<hr \/>\n<p><center><b>DOMENICA<\/b><\/center>Bella giornata natalizia con sole e cielo generalmente sereno o poco nuvoloso per sottili velature, aria limpida e ottima visibilit\u00e0 in quota; limitata insidia nebbia nelle ore pi\u00f9 fredde in alcune conche prealpine. Temperature minime in calo e massime stazionarie alle quote basse e medie, mentre oltre i 2000\/2200 m saranno in ulteriore generale lieve rialzo.<\/p>\n<hr \/>\n<p><center><b>LUNEDI<\/b><\/center>Al mattino cielo sereno o poco nuvoloso per sottili nubi alte. Al pomeriggio incremento della nuvolosit\u00e0 alta stratiforme. Temperature minime in rialzo nelle valli e in calo in quota, dove saranno osservate alla sera; massime in aumento in quota, dove saranno osservate al primo mattino, e in lieve flessione nelle valli<\/p>\n<p>&nbsp;<\/p>\n<hr \/>\n<p>&nbsp;<\/p>\n<p>&nbsp;<\/p>\n<p><a class=\"dt-pswp-item\" href=\"https:\/\/www.radiopiu.net\/wordpress\/wp-content\/uploads\/2018\/09\/sport.jpg\" data-dt-img-description=\"\" data-large_image_width=\"800\" data-large_image_height=\"100\"><img loading=\"lazy\" decoding=\"async\" class=\"aligncenter wp-image-60761 size-full\" src=\"https:\/\/www.radiopiu.net\/wordpress\/wp-content\/uploads\/2018\/09\/sport.jpg\" alt=\"\" width=\"800\" height=\"100\" srcset=\"https:\/\/www.radiopiu.net\/wordpress\/wp-content\/uploads\/2018\/09\/sport.jpg 800w, https:\/\/www.radiopiu.net\/wordpress\/wp-content\/uploads\/2018\/09\/sport-300x38.jpg 300w, https:\/\/www.radiopiu.net\/wordpress\/wp-content\/uploads\/2018\/09\/sport-768x96.jpg 768w\" sizes=\"auto, (max-width: 800px) 100vw, 800px\" \/><\/a><\/p>\n<p>&nbsp;<\/p>\n<p><span style=\"color: #0000ff;\"><strong>HOCKEY SU GHIACCIO<\/strong><\/span><\/p>\n<blockquote>\n<h3 class=\"entry-title\">L\u2019ALLEGHE CROLLA CON IL DOBBIACO E CHIUDE LA STAGIONE REGOLARE ALL\u2019ULTIMA POSIZIONE<\/h3>\n<\/blockquote>\n<p><strong class=\"photoswipe-wrapper\"><a class=\"dt-pswp-item pspw-wrap-ready\" href=\"https:\/\/www.radiopiu.net\/wordpress\/wp-content\/uploads\/2019\/08\/logo-alleghe-hockey.png\" data-dt-img-description=\"\" data-large_image_width=\"547\" data-large_image_height=\"512\"><img loading=\"lazy\" decoding=\"async\" class=\" wp-image-95699 alignleft\" src=\"https:\/\/www.radiopiu.net\/wordpress\/wp-content\/uploads\/2019\/08\/logo-alleghe-hockey-300x281.png\" sizes=\"auto, (max-width: 171px) 100vw, 171px\" srcset=\"https:\/\/www.radiopiu.net\/wordpress\/wp-content\/uploads\/2019\/08\/logo-alleghe-hockey-300x281.png 300w, https:\/\/www.radiopiu.net\/wordpress\/wp-content\/uploads\/2019\/08\/logo-alleghe-hockey.png 547w\" alt=\"\" width=\"171\" height=\"160\" \/><\/a>di Marco Gaz<\/strong><\/p>\n<p><strong>ALLEGHE \u2013 DOBBIACO 3-5<\/strong><\/p>\n<p>PARZIALI: 1-1, 0-2, 2-2<\/p>\n<p>GOL: pt. 14\u201907\u201d De Val, 17\u201906\u201d Rizzo. st. 13\u201916\u201d Capannelli, 14\u201959\u201d Egarter. tt. 4\u201919\u201d Novikovs, 4\u201937\u201d Soppelsa, 14\u201910\u201d Zandegiacomo, 19\u201932\u201d Majul<\/p>\n<p>Ormai \u00e8 ufficiale. L\u2019Alleghe \u00e8 matematicamente ultimo in classifica. Che beffa per le civette che hanno messo anima e cuore contro un Dobbiaco che ha saputo sfruttare le disattenzioni avversarie. Tre punti in classifica per gli uomini di Fontana che ormai da tempo sapeva di doversi accontentare del relegation round. Biancorossi che luned\u00ec prossimo torneranno in campo: ultima giornata della prima fase del campionato per la trasferta in terra altoatesina contro l\u2019Appiano. Prima parte di gara abbastanza equilibrata con le squadre che rispondono colpo su colpo. Il Dobbiaco si fa pericolo alla prima penalit\u00e0 a favore prendendo di mira Zanardi. L\u2019Alleghe prova a rispondere con Soppelsa ma il disco sibila di poco a lato dalla gabbia altoatesina. Dopo tanti tentativi andati a vuoto, le civette passano in vantaggio. E\u2019 Loris De Val che coglie l\u2019assist di Colton per spedire il puck alle spalle di Burzacca. Gli orsi polari reagiscono subito e mettono in difficolt\u00e0 i padroni di casa fino a trovare la rete del pareggio con Rizzo. Secondo drittel con gli agordini che provano a riportarsi in vantaggio e in un paio di occasioni ci vanno vicini. I portieri fanno la differenza. Zanardi deve fare gli straordinari per salvare il risultato ma altrettanto fa il suo collega altoatesino. Alleghesi che ingranano la marcia giusta ma Burzacca dice no alle conclusioni dei padroni di casa che lo prendono di mira in una doppia superiorit\u00e0 numerica. Alla prima vera disattenzione in fase difensiva il Dobbiaco punisce le civette con Capannelli. Accusano il colpo gli uomini di Fontana che subito dopo subiscono la terza marcatura della serata con Egarter. Terzo tempo con le due formazioni che lottano e l\u2019Alleghe riapre la partita con Novikovs. rialzano la testa le civette che subito dopo pareggiano i conti con Soppelsa. Il Dobbiaco comincia a macinare ghiaccio e schiaccia in difesa gli alleghesi. Zanardi ce la mette tutta per evitare di subire la quarta rete ma dopo un assedio Zandegiacomo trova il pertugio per riportare in vantaggio gli ospiti. Finale di gara al cardiopalma con gli agordini che provano a sfruttare un powerplay a favore ma il disoc non entra. Fontana opta per il sesto uomo di movimento negli ultimi secondi della sfida ma la sfida termina con il Dobbiaco che incamera tre punti con l\u2019ultima rete di Majul.<\/p>\n<p>&nbsp;<\/p>\n<p>&nbsp;<\/p>\n<hr \/>\n<p>&nbsp;<\/p>\n<p><span style=\"color: #0000ff;\"><strong>PALLAVOLO<\/strong><\/span><\/p>\n<blockquote>\n<h3>IL 2022 DEL VOLLEY CLUB AGORDINO SI CHIUDE CON ALTI E BASSI<\/h3>\n<\/blockquote>\n<p><strong><a class=\"dt-pswp-item\" href=\"https:\/\/www.radiopiu.net\/wordpress\/wp-content\/uploads\/2022\/04\/VOLLEY-CLUB-AGORDINO.jpg\" data-dt-img-description=\"\" data-large_image_width=\"500\" data-large_image_height=\"512\"><img loading=\"lazy\" decoding=\"async\" class=\"wp-image-268787 alignleft\" src=\"https:\/\/www.radiopiu.net\/wordpress\/wp-content\/uploads\/2022\/04\/VOLLEY-CLUB-AGORDINO-293x300.jpg\" alt=\"\" width=\"167\" height=\"171\" srcset=\"https:\/\/www.radiopiu.net\/wordpress\/wp-content\/uploads\/2022\/04\/VOLLEY-CLUB-AGORDINO-293x300.jpg 293w, https:\/\/www.radiopiu.net\/wordpress\/wp-content\/uploads\/2022\/04\/VOLLEY-CLUB-AGORDINO.jpg 500w\" sizes=\"auto, (max-width: 167px) 100vw, 167px\" \/><\/a>di Marco Gaz<\/strong><\/p>\n<p><strong>REDAZIONE<\/strong> Il 2022 si \u00e8 chiuso con alti e bassi per le due squadre del Volley Club Agordino. Nello scorso fine settimana si sono giocate le ultime partite dell&#8217;anno. Bene la prima squadra di De Nardin con le ragazze di Agordo che conquistano 3 punti dopo la vittoria per 3 a 1 contro le trevigiane della Godigense. Agordine che partono in sordina per poi recuperare e vincere tre set in successione. Tre punti importante per mantenere la quarta posizione del torneo. Male invece il settore giovanile. Il Volley Club Agordino under 16 ha perso malamente contro il Castion. Nella trasferta in Valbelluna le giovani pallavoliste di Agordo non sono riuscite a mettere in difficolt\u00e0 le padrone di casa reagendo solo nel terzo set ma senza riuscire a prolungare la sfida. Un crollo nelle ultime partite dell&#8217;anno per le giovani Under 16 che in classifica sono crollate al terzultimo posto in graduatoria.<\/p>\n<p>&nbsp;<\/p>\n<blockquote>\n<h3>FESTA NATALIZIA PER LA PALLAVOLO BELLUNO MASCHILE<\/h3>\n<\/blockquote>\n<p><strong>BELLUNO <\/strong>Insieme per uno scambio di auguri. Per un brindisi. Per una fetta di panettone e pandoro. Ma anche, e soprattutto, per tracciare la rotta verso un futuro nel segno dell\u2019ambizione.<span class=\"gmail-Apple-converted-space\"> \u00a0<\/span>La pallavolo maschile Belluno si \u00e8 ritrovata al gran completo, alla Spes Arena, dove \u00e8 andata in scena una festa di Natale che ha richiamato vertici societari, tecnici e dirigenti, atleti della prima squadra e del settore giovanile, semplici appassionati e gli immancabili, ma fondamentali genitori. E proprio a loro, alle mamme e ai pap\u00e0 dei \u201crinocerontini\u201d, \u00e8 andato il primo pensiero del presidente Sandro Da Rold: \u00abI genitori svolgono un ruolo centrale perch\u00e9, pur a fronte di sacrifici e mille impegni da incastrare, permettono ai loro figli di praticare sport\u00bb.<span class=\"gmail-Apple-converted-space\">\u00a0<\/span><\/p>\n\n\t\t\t<style type='text\/css'>\n\t\t\t\t#gallery-5 {\n\t\t\t\t\tmargin: auto;\n\t\t\t\t}\n\t\t\t\t#gallery-5 .gallery-item {\n\t\t\t\t\tfloat: left;\n\t\t\t\t\tmargin-top: 10px;\n\t\t\t\t\ttext-align: center;\n\t\t\t\t\twidth: 20%;\n\t\t\t\t}\n\t\t\t\t#gallery-5 img {\n\t\t\t\t\tborder: 2px solid #cfcfcf;\n\t\t\t\t}\n\t\t\t\t#gallery-5 .gallery-caption {\n\t\t\t\t\tmargin-left: 0;\n\t\t\t\t}\n\t\t\t\t\/* see gallery_shortcode() in wp-includes\/media.php *\/\n\t\t\t<\/style>\n\t\t<div id='gallery-5' class='dt-gallery-container gallery galleryid-312937 gallery-columns-5 gallery-size-thumbnail'><dl class='gallery-item'>\n\t\t\t\t<dt class='gallery-icon landscape'>\n\t\t\t\t\t<a class=\"rollover rollover-zoom dt-pswp-item\" title=\"Festa_natalizia_3\" data-dt-img-description=\"\" data-large_image_width=\"1280\" data-large_image_height=\"855\"href='https:\/\/www.radiopiu.net\/wordpress\/wp-content\/uploads\/2022\/12\/Festa_natalizia_3.jpg'><img loading=\"lazy\" decoding=\"async\" width=\"150\" height=\"150\" src=\"https:\/\/www.radiopiu.net\/wordpress\/wp-content\/uploads\/2022\/12\/Festa_natalizia_3-150x150.jpg\" class=\"attachment-thumbnail size-thumbnail\" alt=\"\" \/><\/a>\n\t\t\t\t<\/dt><\/dl><dl class='gallery-item'>\n\t\t\t\t<dt class='gallery-icon landscape'>\n\t\t\t\t\t<a class=\"rollover rollover-zoom dt-pswp-item\" title=\"Da_Rold_e_Bristot\" data-dt-img-description=\"\" data-large_image_width=\"1280\" data-large_image_height=\"855\"href='https:\/\/www.radiopiu.net\/wordpress\/wp-content\/uploads\/2022\/12\/Da_Rold_e_Bristot.jpg'><img loading=\"lazy\" decoding=\"async\" width=\"150\" height=\"150\" src=\"https:\/\/www.radiopiu.net\/wordpress\/wp-content\/uploads\/2022\/12\/Da_Rold_e_Bristot-150x150.jpg\" class=\"attachment-thumbnail size-thumbnail\" alt=\"\" \/><\/a>\n\t\t\t\t<\/dt><\/dl><dl class='gallery-item'>\n\t\t\t\t<dt class='gallery-icon landscape'>\n\t\t\t\t\t<a class=\"rollover rollover-zoom dt-pswp-item\" title=\"Festa_natalizia_2\" data-dt-img-description=\"\" data-large_image_width=\"1280\" data-large_image_height=\"855\"href='https:\/\/www.radiopiu.net\/wordpress\/wp-content\/uploads\/2022\/12\/Festa_natalizia_2.jpg'><img loading=\"lazy\" decoding=\"async\" width=\"150\" height=\"150\" src=\"https:\/\/www.radiopiu.net\/wordpress\/wp-content\/uploads\/2022\/12\/Festa_natalizia_2-150x150.jpg\" class=\"attachment-thumbnail size-thumbnail\" alt=\"\" \/><\/a>\n\t\t\t\t<\/dt><\/dl><dl class='gallery-item'>\n\t\t\t\t<dt class='gallery-icon landscape'>\n\t\t\t\t\t<a class=\"rollover rollover-zoom dt-pswp-item\" title=\"Festa_natalizia_1\" data-dt-img-description=\"\" data-large_image_width=\"1280\" data-large_image_height=\"855\"href='https:\/\/www.radiopiu.net\/wordpress\/wp-content\/uploads\/2022\/12\/Festa_natalizia_1.jpg'><img loading=\"lazy\" decoding=\"async\" width=\"150\" height=\"150\" src=\"https:\/\/www.radiopiu.net\/wordpress\/wp-content\/uploads\/2022\/12\/Festa_natalizia_1-150x150.jpg\" class=\"attachment-thumbnail size-thumbnail\" alt=\"\" \/><\/a>\n\t\t\t\t<\/dt><\/dl><dl class='gallery-item'>\n\t\t\t\t<dt class='gallery-icon landscape'>\n\t\t\t\t\t<a class=\"rollover rollover-zoom dt-pswp-item\" title=\"Foto_di_gruppo\" data-dt-img-description=\"\" data-large_image_width=\"1280\" data-large_image_height=\"855\"href='https:\/\/www.radiopiu.net\/wordpress\/wp-content\/uploads\/2022\/12\/Foto_di_gruppo.jpg'><img loading=\"lazy\" decoding=\"async\" width=\"150\" height=\"150\" src=\"https:\/\/www.radiopiu.net\/wordpress\/wp-content\/uploads\/2022\/12\/Foto_di_gruppo-150x150.jpg\" class=\"attachment-thumbnail size-thumbnail\" alt=\"\" \/><\/a>\n\t\t\t\t<\/dt><\/dl><br style=\"clear: both\" \/>\n\t\t\t<\/div>\n\n<p>&nbsp;<\/p>\n<p>&nbsp;<\/p>\n<p>&nbsp;<\/p>\n<\/div>\n<\/div>\n<\/div>\n<\/div>\n<\/div>\n<\/div>\n<\/div>\n","protected":false},"excerpt":{"rendered":"<p>RADIO PIU INFORMAZIONE il canale su TELEGRAM informazione di prima\u00a0 mano e in tempo reale. iscriviti ed aiutaci a farlo conoscere\u00a0 \u00a0 ISCRIVITI AL NOSTRO CANALE YOUTUBE PER SEGUIRE IN DIRETTA I PRINCIPALI PROGRAMMI DI RADIO PIU&#8217; E LE FUTURE DIRETTE IN ESTERNA. PER ISCRIVERTI CLICCA QUI E PREMI IL TASTO &#8220;Iscriviti&#8221;\u00a0 &nbsp; OGGI INTERRUZIONE&hellip;<\/p>\n","protected":false},"author":4,"featured_media":313045,"comment_status":"closed","ping_status":"closed","sticky":false,"template":"","format":"standard","meta":{"_monsterinsights_skip_tracking":false,"_monsterinsights_sitenote_active":false,"_monsterinsights_sitenote_note":"","_monsterinsights_sitenote_category":0,"footnotes":""},"categories":[104,86,49],"tags":[],"class_list":["post-312937","post","type-post","status-publish","format-standard","has-post-thumbnail","hentry","category-evidenza_3","category-gr","category-news-18","category-104","category-86","category-49","description-off"],"img_url":"https:\/\/www.radiopiu.net\/wordpress\/wp-content\/uploads\/2022\/12\/ginecologia-Feltre.jpeg","_links":{"self":[{"href":"https:\/\/www.radiopiu.net\/wordpress\/wp-json\/wp\/v2\/posts\/312937","targetHints":{"allow":["GET"]}}],"collection":[{"href":"https:\/\/www.radiopiu.net\/wordpress\/wp-json\/wp\/v2\/posts"}],"about":[{"href":"https:\/\/www.radiopiu.net\/wordpress\/wp-json\/wp\/v2\/types\/post"}],"author":[{"embeddable":true,"href":"https:\/\/www.radiopiu.net\/wordpress\/wp-json\/wp\/v2\/users\/4"}],"replies":[{"embeddable":true,"href":"https:\/\/www.radiopiu.net\/wordpress\/wp-json\/wp\/v2\/comments?post=312937"}],"version-history":[{"count":0,"href":"https:\/\/www.radiopiu.net\/wordpress\/wp-json\/wp\/v2\/posts\/312937\/revisions"}],"wp:featuredmedia":[{"embeddable":true,"href":"https:\/\/www.radiopiu.net\/wordpress\/wp-json\/wp\/v2\/media\/313045"}],"wp:attachment":[{"href":"https:\/\/www.radiopiu.net\/wordpress\/wp-json\/wp\/v2\/media?parent=312937"}],"wp:term":[{"taxonomy":"category","embeddable":true,"href":"https:\/\/www.radiopiu.net\/wordpress\/wp-json\/wp\/v2\/categories?post=312937"},{"taxonomy":"post_tag","embeddable":true,"href":"https:\/\/www.radiopiu.net\/wordpress\/wp-json\/wp\/v2\/tags?post=312937"}],"curies":[{"name":"wp","href":"https:\/\/api.w.org\/{rel}","templated":true}]}}