{"id":313018,"date":"2022-12-22T14:53:21","date_gmt":"2022-12-22T13:53:21","guid":{"rendered":"https:\/\/www.radiopiu.net\/wordpress\/?p=313018"},"modified":"2022-12-22T14:53:21","modified_gmt":"2022-12-22T13:53:21","slug":"il-rifugio-settimo-alpini-ha-una-nuova-gestione","status":"publish","type":"post","link":"https:\/\/www.radiopiu.net\/wordpress\/il-rifugio-settimo-alpini-ha-una-nuova-gestione\/","title":{"rendered":"IL RIFUGIO SETTIMO ALPINI HA UNA NUOVA GESTIONE"},"content":{"rendered":"<p><strong>BELLUNO <\/strong>Importanti novit\u00e0 per quanti saliranno al Pis Pilon nella prossima stagione estiva: la Sezione di Belluno del Club Alpino Italiano ha scelto, tra un significativo numero di qualificate candidature, quelli che saranno i prossimi gestori dello storico Rifugio 7\u00b0 Alpini. La scelta \u00e8 stata indirizzata su due giovani della nostra Sezione, che hanno presentato un programma completo e accattivante, tanto da aggiudicarsi un incarico cos\u00ec importante ed impegnativo. Nonostante la giovane et\u00e0, il loro profilo \u00e8 di assoluto rispetto: Chiara Dall\u2019Armi, con laurea magistrale in Ingegneria Energetica e con esperienze di lavoro all\u2019estero; Fabrizio Gaspari, Ingegnere Aeronautico laureato al Politecnico di Milano, con Erasmus all\u2019Universit\u00e0 della Catalogna e con ottima conoscenza di almeno due lingue, entrambi istruttori di arrampicata su roccia. Conoscono molto bene il Gruppo della Schiara nei suoi aspetti alpinistici, storici ed ambientali ed hanno manifestato una grande attrazione per la montagna di casa, quella che a ragione lo scrittore Giuliano Dal Mas ha definito: \u201cSchiara Montagna Regina\u201d. La Sezione di Belluno era alla ricerca di una gestione semplice e sobria, consona ai rifugi di montagna, ma nello stesso tempo attenta alle esigenze del presente e con una particolare attenzione per gli aspetti ambientali, attenta allo stato dei sentieri, alle criticit\u00e0 derivanti da possibili frane e smottamenti, in grado di dare indicazioni certe ai viaggiatori, quindi con un presidio del territorio a 360 gradi. Il Rifugio 7\u00b0 Alpini, che sorge in posizione incantevole ai piedi della Schiara, si colloca all\u2019interno del Parco Nazionale delle Dolomiti Bellunesi, fa parte integrante del Sistema 3 delle Dolomiti UNESCO &#8211; Patrimonio dell\u2019Umanit\u00e0, ed \u00e8 un importante punto di riferimento per quanti percorrono l\u2019Alta Via delle Dolomiti n. 1 e quello, definito un percorso da sogno, della Monaco-Venezia. &#8220;L\u2019impegno non sar\u00e0 privo di difficolt\u00e0, ma contiamo molto nella passione e nell\u2019entusiasmo manifestati da questi giovani Bellunesi che si prenderanno cura del Rifugio a noi tutti tanto caro, molto apprezzato non solo nella nostra vallata, ma anche dai tanti escursionisti che da molti anni arrivano da ogni parte del mondo&#8221; dicono dalla sezione CAI di Belluno<\/p>\n\n\t\t\t<style type='text\/css'>\n\t\t\t\t#gallery-1 {\n\t\t\t\t\tmargin: auto;\n\t\t\t\t}\n\t\t\t\t#gallery-1 .gallery-item {\n\t\t\t\t\tfloat: left;\n\t\t\t\t\tmargin-top: 10px;\n\t\t\t\t\ttext-align: center;\n\t\t\t\t\twidth: 33%;\n\t\t\t\t}\n\t\t\t\t#gallery-1 img {\n\t\t\t\t\tborder: 2px solid #cfcfcf;\n\t\t\t\t}\n\t\t\t\t#gallery-1 .gallery-caption {\n\t\t\t\t\tmargin-left: 0;\n\t\t\t\t}\n\t\t\t\t\/* see gallery_shortcode() in wp-includes\/media.php *\/\n\t\t\t<\/style>\n\t\t<div id='gallery-1' class='dt-gallery-container gallery galleryid-313018 gallery-columns-3 gallery-size-thumbnail'><dl class='gallery-item'>\n\t\t\t\t<dt class='gallery-icon landscape'>\n\t\t\t\t\t<a class=\"rollover rollover-zoom dt-pswp-item\" title=\"Chiara e Fabrizio_1 (foto autorizzata da Chiara Dall&#039;Armi)\" data-dt-img-description=\"\" data-large_image_width=\"1600\" data-large_image_height=\"1066\"href='https:\/\/www.radiopiu.net\/wordpress\/wp-content\/uploads\/2022\/12\/Chiara-e-Fabrizio_1-foto-autorizzata-da-Chiara-DallArmi.jpg'><img loading=\"lazy\" decoding=\"async\" width=\"150\" height=\"150\" src=\"https:\/\/www.radiopiu.net\/wordpress\/wp-content\/uploads\/2022\/12\/Chiara-e-Fabrizio_1-foto-autorizzata-da-Chiara-DallArmi-150x150.jpg\" class=\"attachment-thumbnail size-thumbnail\" alt=\"\" \/><\/a>\n\t\t\t\t<\/dt><\/dl><dl class='gallery-item'>\n\t\t\t\t<dt class='gallery-icon landscape'>\n\t\t\t\t\t<a class=\"rollover rollover-zoom dt-pswp-item\" title=\"Rifugio 7\u00b0 alpini alla Schiara (foto Roberto Foppa)\" data-dt-img-description=\"\" data-large_image_width=\"2560\" data-large_image_height=\"1440\"href='https:\/\/www.radiopiu.net\/wordpress\/wp-content\/uploads\/2022\/12\/Rifugio-7\u00b0-alpini-alla-Schiara-foto-Roberto-Foppa-scaled.jpg'><img loading=\"lazy\" decoding=\"async\" width=\"150\" height=\"150\" src=\"https:\/\/www.radiopiu.net\/wordpress\/wp-content\/uploads\/2022\/12\/Rifugio-7\u00b0-alpini-alla-Schiara-foto-Roberto-Foppa-150x150.jpg\" class=\"attachment-thumbnail size-thumbnail\" alt=\"\" \/><\/a>\n\t\t\t\t<\/dt><\/dl><dl class='gallery-item'>\n\t\t\t\t<dt class='gallery-icon landscape'>\n\t\t\t\t\t<a class=\"rollover rollover-zoom dt-pswp-item\" title=\"Schiara con la Guse\u0300la del Vescova\u0300 (foto Roberto Foppa)\" data-dt-img-description=\"\" data-large_image_width=\"2560\" data-large_image_height=\"1920\"href='https:\/\/www.radiopiu.net\/wordpress\/wp-content\/uploads\/2022\/12\/Schiara-con-la-Gusela-del-Vescova-foto-Roberto-Foppa-scaled.jpg'><img loading=\"lazy\" decoding=\"async\" width=\"150\" height=\"150\" src=\"https:\/\/www.radiopiu.net\/wordpress\/wp-content\/uploads\/2022\/12\/Schiara-con-la-Gusela-del-Vescova-foto-Roberto-Foppa-150x150.jpg\" class=\"attachment-thumbnail size-thumbnail\" alt=\"\" \/><\/a>\n\t\t\t\t<\/dt><\/dl><br style=\"clear: both\" \/>\n\t\t\t<\/div>\n\n<p>&nbsp;<\/p>\n<p>&nbsp;<\/p>\n<p>******<\/p>\n","protected":false},"excerpt":{"rendered":"<p>BELLUNO Importanti novit\u00e0 per quanti saliranno al Pis Pilon nella prossima stagione estiva: la Sezione di Belluno del Club Alpino Italiano ha scelto, tra un significativo numero di qualificate candidature, quelli che saranno i prossimi gestori dello storico Rifugio 7\u00b0 Alpini. La scelta \u00e8 stata indirizzata su due giovani della nostra Sezione, che hanno presentato&hellip;<\/p>\n","protected":false},"author":4,"featured_media":313021,"comment_status":"closed","ping_status":"closed","sticky":false,"template":"","format":"standard","meta":{"_monsterinsights_skip_tracking":false,"_monsterinsights_sitenote_active":false,"_monsterinsights_sitenote_note":"","_monsterinsights_sitenote_category":0,"footnotes":""},"categories":[49],"tags":[],"class_list":["post-313018","post","type-post","status-publish","format-standard","has-post-thumbnail","hentry","category-news-18","category-49","description-off"],"img_url":"https:\/\/www.radiopiu.net\/wordpress\/wp-content\/uploads\/2022\/12\/Rifugio-7\u00b0-alpini-alla-Schiara-foto-Roberto-Foppa-scaled.jpg","_links":{"self":[{"href":"https:\/\/www.radiopiu.net\/wordpress\/wp-json\/wp\/v2\/posts\/313018","targetHints":{"allow":["GET"]}}],"collection":[{"href":"https:\/\/www.radiopiu.net\/wordpress\/wp-json\/wp\/v2\/posts"}],"about":[{"href":"https:\/\/www.radiopiu.net\/wordpress\/wp-json\/wp\/v2\/types\/post"}],"author":[{"embeddable":true,"href":"https:\/\/www.radiopiu.net\/wordpress\/wp-json\/wp\/v2\/users\/4"}],"replies":[{"embeddable":true,"href":"https:\/\/www.radiopiu.net\/wordpress\/wp-json\/wp\/v2\/comments?post=313018"}],"version-history":[{"count":0,"href":"https:\/\/www.radiopiu.net\/wordpress\/wp-json\/wp\/v2\/posts\/313018\/revisions"}],"wp:featuredmedia":[{"embeddable":true,"href":"https:\/\/www.radiopiu.net\/wordpress\/wp-json\/wp\/v2\/media\/313021"}],"wp:attachment":[{"href":"https:\/\/www.radiopiu.net\/wordpress\/wp-json\/wp\/v2\/media?parent=313018"}],"wp:term":[{"taxonomy":"category","embeddable":true,"href":"https:\/\/www.radiopiu.net\/wordpress\/wp-json\/wp\/v2\/categories?post=313018"},{"taxonomy":"post_tag","embeddable":true,"href":"https:\/\/www.radiopiu.net\/wordpress\/wp-json\/wp\/v2\/tags?post=313018"}],"curies":[{"name":"wp","href":"https:\/\/api.w.org\/{rel}","templated":true}]}}