{"id":313070,"date":"2022-12-24T05:26:46","date_gmt":"2022-12-24T04:26:46","guid":{"rendered":"https:\/\/www.radiopiu.net\/wordpress\/?p=313070"},"modified":"2022-12-24T05:40:07","modified_gmt":"2022-12-24T04:40:07","slug":"oggi-alle-15-a-libano-i-funerali-di-sergio-casagrande","status":"publish","type":"post","link":"https:\/\/www.radiopiu.net\/wordpress\/oggi-alle-15-a-libano-i-funerali-di-sergio-casagrande\/","title":{"rendered":"OGGI ALLE 15\u00a0 A LIBANO I FUNERALI DI SERGIO CASAGRANDE\u00a0"},"content":{"rendered":"<p><strong><img loading=\"lazy\" decoding=\"async\" class=\"alignleft\" src=\"https:\/\/www.radiopiu.net\/wordpress\/wp-content\/uploads\/2022\/12\/Senza-nome-108.jpg\" width=\"132\" height=\"174\" \/>SEDICO<\/strong> Un unico pensiero in questo giorno di viglia di Natale, vorrebbe lenire il dolore di Anna, dei figli Maddalena e Giacomo, del pap\u00e0 Giovanni, della mamma Daniela e della sorella Michela. Un dolore che non si pu\u00f2 descrivere ma che tutti noi sentiamo per la scomparsa di Sergio Casagrande. Se n&#8217;\u00e8 andato mentre si godeva la sua montagna, una delle cose che pi\u00f9 gli piaceva, nel tempo libero. Un destino assurdo se l&#8217;\u00e8 portato via nella falesia di Podenzoi. Era un montanaro vero, non improvvisava le sue scalate, perch\u00e9 la montagna\u00a0 la frequentava fin da giovane, dalle semplici escursioni alle corse competitive. Apprezzato e stimato in\u00a0 Luxottica, lavorava nel settore della gestione e nel coordinamento dei dati dell&#8217;azienda ed era anche un appassionato di fotografia, soprattutto nell&#8217;ambito dell&#8217;architettura.<\/p>\n<p>&nbsp;<\/p>\n<p>&nbsp;<\/p>\n<p>&nbsp;<\/p>\n<hr \/>\n<h3>ieri alla radio<\/h3>\n<blockquote>\n<h3>ROE IN LUTTO, E&#8217; MORTO SERGIO CASAGRANDE PRECIPITANDO DALLA FALESIA<\/h3>\n<\/blockquote>\n<p><strong>LONGARONE <\/strong>Aveva solo 44 anni Sergio Casagrande, \u00e8 morto ieri precipitando dalla falesia di Podenzoi dove era andato ad\u00a0 arrampicare in autosicura. L&#8217;allarme \u00e8 scattato nel pomeriggio allertando il soccorso alpino quando non ha dato pi\u00f9 notizie di s\u00e8 non rispondendo\u00a0 a chiamate e messaggi. A lanciare l&#8217;allarme un conoscente. Subito attivata, una squadra del Soccorso alpino di Longarone ha raggiunto la palestra di roccia e ha innanzitutto individuato la sua auto ancora nel parcheggio. Purtroppo, poco dopo, i soccorritori ne hanno rinvenuto il corpo senza vita nel settore Acque a met\u00e0 falesia. Sergio \u00e8 precipitato perdendo la vita. Constatato il decesso e ottenuto il nulla osta dalla magistratura per la rimozione, la salma \u00e8 stata imbarellata e calata sul sentiero per un centinaio di metri fino alla strada sottostante, per essere poi affidata al carro funebre. Sul posto anche i Carabinieri. Sergio Casagrande lavorava in Luxottica, appassionato di fotografia. Lascia la moglie Anna e due bambini di 8 e 5 anni. (foto CorrieredelleAlpi)<\/p>\n<p>&nbsp;<\/p>\n<p>&nbsp;<\/p>\n<p>******<\/p>\n","protected":false},"excerpt":{"rendered":"<p>SEDICO Un unico pensiero in questo giorno di viglia di Natale, vorrebbe lenire il dolore di Anna, dei figli Maddalena e Giacomo, del pap\u00e0 Giovanni, della mamma Daniela e della sorella Michela. Un dolore che non si pu\u00f2 descrivere ma che tutti noi sentiamo per la scomparsa di Sergio Casagrande. Se n&#8217;\u00e8 andato mentre si&hellip;<\/p>\n","protected":false},"author":4,"featured_media":313093,"comment_status":"closed","ping_status":"closed","sticky":false,"template":"","format":"standard","meta":{"_monsterinsights_skip_tracking":false,"_monsterinsights_sitenote_active":false,"_monsterinsights_sitenote_note":"","_monsterinsights_sitenote_category":0,"footnotes":""},"categories":[51,49],"tags":[],"class_list":["post-313070","post","type-post","status-publish","format-standard","has-post-thumbnail","hentry","category-evidenza-top","category-news-18","category-51","category-49","description-off"],"img_url":"https:\/\/www.radiopiu.net\/wordpress\/wp-content\/uploads\/2022\/12\/Senza-nome-108.jpg","_links":{"self":[{"href":"https:\/\/www.radiopiu.net\/wordpress\/wp-json\/wp\/v2\/posts\/313070","targetHints":{"allow":["GET"]}}],"collection":[{"href":"https:\/\/www.radiopiu.net\/wordpress\/wp-json\/wp\/v2\/posts"}],"about":[{"href":"https:\/\/www.radiopiu.net\/wordpress\/wp-json\/wp\/v2\/types\/post"}],"author":[{"embeddable":true,"href":"https:\/\/www.radiopiu.net\/wordpress\/wp-json\/wp\/v2\/users\/4"}],"replies":[{"embeddable":true,"href":"https:\/\/www.radiopiu.net\/wordpress\/wp-json\/wp\/v2\/comments?post=313070"}],"version-history":[{"count":0,"href":"https:\/\/www.radiopiu.net\/wordpress\/wp-json\/wp\/v2\/posts\/313070\/revisions"}],"wp:featuredmedia":[{"embeddable":true,"href":"https:\/\/www.radiopiu.net\/wordpress\/wp-json\/wp\/v2\/media\/313093"}],"wp:attachment":[{"href":"https:\/\/www.radiopiu.net\/wordpress\/wp-json\/wp\/v2\/media?parent=313070"}],"wp:term":[{"taxonomy":"category","embeddable":true,"href":"https:\/\/www.radiopiu.net\/wordpress\/wp-json\/wp\/v2\/categories?post=313070"},{"taxonomy":"post_tag","embeddable":true,"href":"https:\/\/www.radiopiu.net\/wordpress\/wp-json\/wp\/v2\/tags?post=313070"}],"curies":[{"name":"wp","href":"https:\/\/api.w.org\/{rel}","templated":true}]}}