{"id":313107,"date":"2022-12-23T05:52:01","date_gmt":"2022-12-23T04:52:01","guid":{"rendered":"https:\/\/www.radiopiu.net\/wordpress\/?p=313107"},"modified":"2022-12-23T08:44:19","modified_gmt":"2022-12-23T07:44:19","slug":"violenza-sessuale-denunciato-lamico-di-famiglia","status":"publish","type":"post","link":"https:\/\/www.radiopiu.net\/wordpress\/violenza-sessuale-denunciato-lamico-di-famiglia\/","title":{"rendered":"VIOLENZA SESSUALE. DENUNCIATO L&#8217;AMICO DI FAMIGLIA"},"content":{"rendered":"<p><strong>OGGI SUL CORRIERE DELLE ALPI<\/strong><\/p>\n<p><strong>DI GIGI SOSSO<\/strong><\/p>\n<p><img loading=\"lazy\" decoding=\"async\" class=\"alignleft\" src=\"https:\/\/www.radiopiu.net\/wordpress\/wp-content\/uploads\/2022\/03\/TRIBUNALE-2.jpg\" width=\"199\" height=\"149\" \/><strong>BELLUNO<\/strong> Madre e figlia lo portano in tribunale. Entrambe lo accusano di violenza sessuale, nel caso della donna pi\u00f9 giovane aggravata dal fatto che all&#8217;epoca aveva meno di 14 anni. L&#8217;imputato \u00e8 difeso di fiducia dall&#8217;avvocato Giorgio Gasperin e ieri mattina \u00e8 comparso davanti al giudice per le udienze preliminari Enrica Marson, chiedendo di essere giudicato in rito abbreviato. Concesso e fissato per il 23 febbraio dell&#8217;anno prossimo. Tutto \u00e8 gi\u00e0 agli atti del pubblico ministero Simone Marcon. I fatti contestati sarebbero accaduti l&#8217;anno scorso, in una casa del quartiere di Mussoi&#8230; Le due donne si sono confidate e hanno deciso di andare a presentare una querela per violenza sessuale. La figlia \u00e8 stata sentita dal pubblico ministero Simone Marcon, in incidente probatorio. La giovane si \u00e8 costituita parte civile con l&#8217;avvocato Cristiana Riccitiello, attraverso la madre che ne esercita la patria potest\u00e0 e chieder\u00e0 un risarcimento danni.<\/p>\n<p>&nbsp;<\/p>\n<p><strong>AGORDO<\/strong> Una ragazza, con problemi di tossicodipendenza,\u00a0 deve rispondere\u00a0 in tribunale per furto di metadone, quindi rapina impropria nei confronti della farmacista, ma anche di danneggiamento, perch\u00e9 al momento di andarsene avrebbe sbattuto con violenza la porta con il risultato di romperla. Il 23 febbraio dell&#8217;anno scorso la donna \u00e8 entrata in una farmacia, dirigendosi verso il bancone e pretendendo di avere dei farmaci, tra i quali il metadone. Al rifiuto da parte della farmacista, ci sarebbe stata una piccola colluttazione ma tale da configurare il reato di rapina.<\/p>\n<p>&nbsp;<\/p>\n<p>___<\/p>\n","protected":false},"excerpt":{"rendered":"<p>OGGI SUL CORRIERE DELLE ALPI DI GIGI SOSSO BELLUNO Madre e figlia lo portano in tribunale. Entrambe lo accusano di violenza sessuale, nel caso della donna pi\u00f9 giovane aggravata dal fatto che all&#8217;epoca aveva meno di 14 anni. L&#8217;imputato \u00e8 difeso di fiducia dall&#8217;avvocato Giorgio Gasperin e ieri mattina \u00e8 comparso davanti al giudice per&hellip;<\/p>\n","protected":false},"author":4,"featured_media":263776,"comment_status":"closed","ping_status":"closed","sticky":false,"template":"","format":"standard","meta":{"_monsterinsights_skip_tracking":false,"_monsterinsights_sitenote_active":false,"_monsterinsights_sitenote_note":"","_monsterinsights_sitenote_category":0,"footnotes":""},"categories":[51,49],"tags":[],"class_list":["post-313107","post","type-post","status-publish","format-standard","has-post-thumbnail","hentry","category-evidenza-top","category-news-18","category-51","category-49","description-off"],"img_url":"https:\/\/www.radiopiu.net\/wordpress\/wp-content\/uploads\/2022\/03\/TRIBUNALE-2.jpg","_links":{"self":[{"href":"https:\/\/www.radiopiu.net\/wordpress\/wp-json\/wp\/v2\/posts\/313107","targetHints":{"allow":["GET"]}}],"collection":[{"href":"https:\/\/www.radiopiu.net\/wordpress\/wp-json\/wp\/v2\/posts"}],"about":[{"href":"https:\/\/www.radiopiu.net\/wordpress\/wp-json\/wp\/v2\/types\/post"}],"author":[{"embeddable":true,"href":"https:\/\/www.radiopiu.net\/wordpress\/wp-json\/wp\/v2\/users\/4"}],"replies":[{"embeddable":true,"href":"https:\/\/www.radiopiu.net\/wordpress\/wp-json\/wp\/v2\/comments?post=313107"}],"version-history":[{"count":0,"href":"https:\/\/www.radiopiu.net\/wordpress\/wp-json\/wp\/v2\/posts\/313107\/revisions"}],"wp:featuredmedia":[{"embeddable":true,"href":"https:\/\/www.radiopiu.net\/wordpress\/wp-json\/wp\/v2\/media\/263776"}],"wp:attachment":[{"href":"https:\/\/www.radiopiu.net\/wordpress\/wp-json\/wp\/v2\/media?parent=313107"}],"wp:term":[{"taxonomy":"category","embeddable":true,"href":"https:\/\/www.radiopiu.net\/wordpress\/wp-json\/wp\/v2\/categories?post=313107"},{"taxonomy":"post_tag","embeddable":true,"href":"https:\/\/www.radiopiu.net\/wordpress\/wp-json\/wp\/v2\/tags?post=313107"}],"curies":[{"name":"wp","href":"https:\/\/api.w.org\/{rel}","templated":true}]}}