{"id":313113,"date":"2022-12-23T07:45:43","date_gmt":"2022-12-23T06:45:43","guid":{"rendered":"https:\/\/www.radiopiu.net\/wordpress\/?p=313113"},"modified":"2022-12-23T08:40:23","modified_gmt":"2022-12-23T07:40:23","slug":"313113-2","status":"publish","type":"post","link":"https:\/\/www.radiopiu.net\/wordpress\/313113-2\/","title":{"rendered":"la rassegna stampa, dal 1983 di mirko mezzacasa"},"content":{"rendered":"<p><strong>FELTRE<\/strong> Muore mentre cammina a Foen, Odilla Corrent Cossalter aveva 87 anni, ferito il genero sessantenne che era in sua compagnia, investiti lungo la strada priva di marciapiede &#8211; nonostante la gente lo chieda da anni &#8211; ieri pomeriggio a pochi passi da casa da una volvo condotta da un uomo di Montebelluna. <strong>SEDICO<\/strong> Lutto a Roe per la morte di Sergio Casagrande, 44 anni,\u00a0 precipitato in falesia a Podenzoi, lascia la moglie Anna e due figli piccoli, lavorava in Luxottica. <strong>BELLUNO<\/strong> Madre e figlia denunciano un amico di famiglia per violenza sessuale. La figlia si costituisce parte civile. <strong>AGORDO<\/strong> In tribunale per rapina in farmacia, una giovane donna si era fatta consegnare con violenza il metadone in una farmacia. <strong>AGORDO<\/strong> Il consigliere del comune\u00a0 Silvano Savio scrive al sindaco Roberto Chissal\u00e8 per evidenziare il disagio di alcuni cittadini che abitano in via Fontana e che sono preoccupati per i comportamenti di un cane pitbull. <strong>BELLUNO<\/strong> Autobus a passo d&#8217;uomo per protesta, i conducenti chiedono si intervenga in stazione, preoccupano le resse all&#8217;ora di punta anche dopo l&#8217;episodio dell&#8217;altro ieri con un giovane finito con il piede sotto le ruote del pullman. <strong>BELLUNO<\/strong> Scende dall\u2019autobus e stramazza a terra a causa di un calo di pressione. E\u2019 accaduto ieri ad una studentessa bellunese di 17 anni soccorsa dai sanitari del Suem 118, in via Vittorio Veneto. <strong>VAL DI ZOLDO<\/strong> Finalmente la 251 riaperta a tutti i mezzi, biciclette comprese. <strong>BELLUNO<\/strong> Entrate incerte e polemiche, bilancio con scintille <strong>VOLTAGO<\/strong> E-Distribuzione comunica che oggi dalle 13 alle 15:30 verr\u00e0 interrotta la distribuzione dell\u2019energia elettrica a Voltago per consentire dei lavori sugli impianti <strong>PONTE NELLE ALPI<\/strong> Esce di strada e danneggia il parapetto e recinzione privata, pizzicato dalla video sorveglianza. <strong>TAIBON<\/strong> Gradita visita negli studi di RADIOPIU del consigliere comunale Fiorangela Beltrame, occasione per prendere visione della nuova cartina con i percorsi di fondovalle e la Via della Dolomia. <strong><span style=\"color: #ff0000;\">IN PODCAST<\/span> <\/strong>sul sito di RADIOPIU i consigli comunali di Agordo e Canale d&#8217;Agordo. In Municipio consegnata un&#8217;opera d&#8217;arte al sindaco Roberto Chissal\u00e8 dall&#8217;artista Renzo Miola. <strong>BELLUNO<\/strong> Cinquanta pacchi alimentari per le famiglie in difficolt\u00e0. \u00c8 il regalo dell\u2019amministrazione De Pellegrin e del supermercato Eurospar \u2013 Despar di Belluno a quei cittadini seguiti dai servizi sociali del Comune.<br \/>\n<strong>BELLUNO<\/strong> Importanti novit\u00e0 per quanti saliranno al Pis Pilon nella prossima stagione estiva: la Sezione di Belluno del Club Alpino Italiano ha scelto, tra un significativo numero di qualificate candidature, quelli che saranno i prossimi gestori dello storico Rifugio 7\u00b0 Alpini. La scelta \u00e8 stata indirizzata su due giovani della nostra Sezione, che hanno presentato un programma completo e accattivante, tanto da aggiudicarsi un incarico cos\u00ec importante ed impegnativo. Nonostante la giovane et\u00e0, il loro profilo \u00e8 di assoluto rispetto: Chiara Dall\u2019Armi, con laurea magistrale in Ingegneria Energetica e con esperienze di lavoro all\u2019estero; Fabrizio Gaspari, Ingegnere Aeronautico laureato al Politecnico di Milano <strong>VENEZIA<\/strong> \u201cCaos passaporti, proseguono i ritardi e le lunghe attese. Ho depositato in Consiglio regionale una mozione che propone una serie di interventi al Governo per risolvere la situazione\u201d. <span style=\"color: #ff0000;\">HOCKEY<\/span> SU GHIACCIO L\u2019ALLEGHE CROLLA CON IL DOBBIACO E CHIUDE LA STAGIONE REGOLARE ALL\u2019ULTIMA POSIZIONE <span style=\"color: #ff0000;\">PALLAVOLO<\/span> IL 2022 DEL VOLLEY CLUB AGORDINO SI CHIUDE CON ALTI E BASSI<\/p>\n<p>&nbsp;<\/p>\n<p><iframe loading=\"lazy\" title=\"RASSEGNA STAMPA LOCALE\" width=\"1200\" height=\"675\" src=\"https:\/\/www.youtube.com\/embed\/b22DFmkdoIg?feature=oembed\" frameborder=\"0\" allow=\"accelerometer; autoplay; clipboard-write; encrypted-media; gyroscope; picture-in-picture\" allowfullscreen><\/iframe><\/p>\n<p>&nbsp;<\/p>\n<p>&nbsp;<\/p>\n<p>&nbsp;<\/p>\n<hr \/>\n<p>&nbsp;<\/p>\n","protected":false},"excerpt":{"rendered":"<p>FELTRE Muore mentre cammina a Foen, Odilla Corrent Cossalter aveva 87 anni, ferito il genero sessantenne che era in sua compagnia, investiti lungo la strada priva di marciapiede &#8211; nonostante la gente lo chieda da anni &#8211; ieri pomeriggio a pochi passi da casa da una volvo condotta da un uomo di Montebelluna. SEDICO Lutto&hellip;<\/p>\n","protected":false},"author":4,"featured_media":313106,"comment_status":"closed","ping_status":"closed","sticky":false,"template":"","format":"standard","meta":{"_monsterinsights_skip_tracking":false,"_monsterinsights_sitenote_active":false,"_monsterinsights_sitenote_note":"","_monsterinsights_sitenote_category":0,"footnotes":""},"categories":[104,49,142],"tags":[],"class_list":["post-313113","post","type-post","status-publish","format-standard","has-post-thumbnail","hentry","category-evidenza_3","category-news-18","category-rassegna-stampa","category-104","category-49","category-142","description-off"],"img_url":"https:\/\/www.radiopiu.net\/wordpress\/wp-content\/uploads\/2022\/12\/Senza-nome-109.jpg","_links":{"self":[{"href":"https:\/\/www.radiopiu.net\/wordpress\/wp-json\/wp\/v2\/posts\/313113","targetHints":{"allow":["GET"]}}],"collection":[{"href":"https:\/\/www.radiopiu.net\/wordpress\/wp-json\/wp\/v2\/posts"}],"about":[{"href":"https:\/\/www.radiopiu.net\/wordpress\/wp-json\/wp\/v2\/types\/post"}],"author":[{"embeddable":true,"href":"https:\/\/www.radiopiu.net\/wordpress\/wp-json\/wp\/v2\/users\/4"}],"replies":[{"embeddable":true,"href":"https:\/\/www.radiopiu.net\/wordpress\/wp-json\/wp\/v2\/comments?post=313113"}],"version-history":[{"count":0,"href":"https:\/\/www.radiopiu.net\/wordpress\/wp-json\/wp\/v2\/posts\/313113\/revisions"}],"wp:featuredmedia":[{"embeddable":true,"href":"https:\/\/www.radiopiu.net\/wordpress\/wp-json\/wp\/v2\/media\/313106"}],"wp:attachment":[{"href":"https:\/\/www.radiopiu.net\/wordpress\/wp-json\/wp\/v2\/media?parent=313113"}],"wp:term":[{"taxonomy":"category","embeddable":true,"href":"https:\/\/www.radiopiu.net\/wordpress\/wp-json\/wp\/v2\/categories?post=313113"},{"taxonomy":"post_tag","embeddable":true,"href":"https:\/\/www.radiopiu.net\/wordpress\/wp-json\/wp\/v2\/tags?post=313113"}],"curies":[{"name":"wp","href":"https:\/\/api.w.org\/{rel}","templated":true}]}}