{"id":313152,"date":"2022-12-24T05:28:38","date_gmt":"2022-12-24T04:28:38","guid":{"rendered":"https:\/\/www.radiopiu.net\/wordpress\/?p=313152"},"modified":"2022-12-24T08:04:00","modified_gmt":"2022-12-24T07:04:00","slug":"giornale-radiopiu-24-dicembre-2022-direttore-mirko-mezzacasa","status":"publish","type":"post","link":"https:\/\/www.radiopiu.net\/wordpress\/giornale-radiopiu-24-dicembre-2022-direttore-mirko-mezzacasa\/","title":{"rendered":"GIORNALE RADIOPIU 24 DICEMBRE 2022 DIRETTORE MIRKO MEZZACASA"},"content":{"rendered":"<h3 class=\"kvgmc6g5 cxmmr5t8 oygrvhab hcukyx3x c1et5uql\"><span style=\"color: #0000ff;\"><strong>RADIO PIU INFORMAZIONE il canale su TELEGRAM informazione di prima\u00a0 <\/strong><strong>mano e in tempo reale. iscriviti ed aiutaci a farlo conoscere\u00a0 \u00a0<\/strong><\/span><\/h3>\n<p>&nbsp;<\/p>\n<p><strong>DA ARABBA IL BUONGIORNO DI RENATO<\/strong><\/p>\n<p><a class=\"dt-pswp-item\" href=\"https:\/\/www.radiopiu.net\/wordpress\/wp-content\/uploads\/2022\/12\/4b370259-199e-494c-b774-169cbfcca23c.jpg\" data-dt-img-description=\"\" data-large_image_width=\"1600\" data-large_image_height=\"1200\"><img loading=\"lazy\" decoding=\"async\" class=\"alignnone size-medium wp-image-313285\" src=\"https:\/\/www.radiopiu.net\/wordpress\/wp-content\/uploads\/2022\/12\/4b370259-199e-494c-b774-169cbfcca23c-300x225.jpg\" alt=\"\" width=\"300\" height=\"225\" srcset=\"https:\/\/www.radiopiu.net\/wordpress\/wp-content\/uploads\/2022\/12\/4b370259-199e-494c-b774-169cbfcca23c-300x225.jpg 300w, https:\/\/www.radiopiu.net\/wordpress\/wp-content\/uploads\/2022\/12\/4b370259-199e-494c-b774-169cbfcca23c-1024x768.jpg 1024w, https:\/\/www.radiopiu.net\/wordpress\/wp-content\/uploads\/2022\/12\/4b370259-199e-494c-b774-169cbfcca23c-768x576.jpg 768w, https:\/\/www.radiopiu.net\/wordpress\/wp-content\/uploads\/2022\/12\/4b370259-199e-494c-b774-169cbfcca23c-1536x1152.jpg 1536w, https:\/\/www.radiopiu.net\/wordpress\/wp-content\/uploads\/2022\/12\/4b370259-199e-494c-b774-169cbfcca23c.jpg 1600w\" sizes=\"auto, (max-width: 300px) 100vw, 300px\" \/><\/a><\/p>\n<p>&nbsp;<\/p>\n<blockquote>\n<h3>SCIONA GIOIOSA DI NATALE, DI JOHN FRANCIS DELLA PIETRA<\/h3>\n<\/blockquote>\n<p>AUDIO<\/p>\n<audio class=\"wp-audio-shortcode\" id=\"audio-313152-1\" preload=\"none\" style=\"width: 100%;\" controls=\"controls\"><source type=\"audio\/mpeg\" src=\"https:\/\/www.radiopiu.net\/wordpress\/wp-content\/uploads\/2022\/12\/john.mp3?_=1\" \/><a href=\"https:\/\/www.radiopiu.net\/wordpress\/wp-content\/uploads\/2022\/12\/john.mp3\">https:\/\/www.radiopiu.net\/wordpress\/wp-content\/uploads\/2022\/12\/john.mp3<\/a><\/audio>\n<p><strong><a class=\"dt-pswp-item\" href=\"https:\/\/www.radiopiu.net\/wordpress\/wp-content\/uploads\/2022\/12\/05bad240-82e1-46e4-8386-52cf81a9557b.jpg\" data-dt-img-description=\"\" data-large_image_width=\"1200\" data-large_image_height=\"1600\"><img loading=\"lazy\" decoding=\"async\" class=\"size-medium wp-image-312709 alignleft\" src=\"https:\/\/www.radiopiu.net\/wordpress\/wp-content\/uploads\/2022\/12\/05bad240-82e1-46e4-8386-52cf81a9557b-225x300.jpg\" alt=\"\" width=\"225\" height=\"300\" srcset=\"https:\/\/www.radiopiu.net\/wordpress\/wp-content\/uploads\/2022\/12\/05bad240-82e1-46e4-8386-52cf81a9557b-225x300.jpg 225w, https:\/\/www.radiopiu.net\/wordpress\/wp-content\/uploads\/2022\/12\/05bad240-82e1-46e4-8386-52cf81a9557b-768x1024.jpg 768w, https:\/\/www.radiopiu.net\/wordpress\/wp-content\/uploads\/2022\/12\/05bad240-82e1-46e4-8386-52cf81a9557b-1152x1536.jpg 1152w, https:\/\/www.radiopiu.net\/wordpress\/wp-content\/uploads\/2022\/12\/05bad240-82e1-46e4-8386-52cf81a9557b.jpg 1200w\" sizes=\"auto, (max-width: 225px) 100vw, 225px\" \/><\/a>Ultim&#8217;ora<\/strong><\/p>\n<p><strong>trovato questa sera sotto una casa di Celat il babbo natale con la febbre alta vittima anche lui dell&#8217;influenza<\/strong><\/p>\n<p><strong>Il mondo dei doni sotto choc nessuno far\u00e0 la tradizionale distribuzione a meno di un miracolo della medicina<\/strong><\/p>\n<p><strong>Visti alcuni buoni samaritani che lo accudivano per\u00f2 con antichi metodi naturali<\/strong><\/p>\n<p><strong>Confidiamo nel loro sapiente intervento per scongiurare festivit\u00e0 in miseria senza doni&#8230;<\/strong><\/p>\n\n\t\t\t<style type='text\/css'>\n\t\t\t\t#gallery-1 {\n\t\t\t\t\tmargin: auto;\n\t\t\t\t}\n\t\t\t\t#gallery-1 .gallery-item {\n\t\t\t\t\tfloat: left;\n\t\t\t\t\tmargin-top: 10px;\n\t\t\t\t\ttext-align: center;\n\t\t\t\t\twidth: 25%;\n\t\t\t\t}\n\t\t\t\t#gallery-1 img {\n\t\t\t\t\tborder: 2px solid #cfcfcf;\n\t\t\t\t}\n\t\t\t\t#gallery-1 .gallery-caption {\n\t\t\t\t\tmargin-left: 0;\n\t\t\t\t}\n\t\t\t\t\/* see gallery_shortcode() in wp-includes\/media.php *\/\n\t\t\t<\/style>\n\t\t<div id='gallery-1' class='dt-gallery-container gallery galleryid-313152 gallery-columns-4 gallery-size-thumbnail'><dl class='gallery-item'>\n\t\t\t\t<dt class='gallery-icon portrait'>\n\t\t\t\t\t<a class=\"rollover rollover-zoom dt-pswp-item\" title=\"604fc3e9-c4b7-4870-813b-b10aeff81464\" data-dt-img-description=\"\" data-large_image_width=\"1200\" data-large_image_height=\"1600\"href='https:\/\/www.radiopiu.net\/wordpress\/wp-content\/uploads\/2022\/12\/604fc3e9-c4b7-4870-813b-b10aeff81464.jpg'><img loading=\"lazy\" decoding=\"async\" width=\"150\" height=\"150\" src=\"https:\/\/www.radiopiu.net\/wordpress\/wp-content\/uploads\/2022\/12\/604fc3e9-c4b7-4870-813b-b10aeff81464-150x150.jpg\" class=\"attachment-thumbnail size-thumbnail\" alt=\"\" \/><\/a>\n\t\t\t\t<\/dt><\/dl><dl class='gallery-item'>\n\t\t\t\t<dt class='gallery-icon landscape'>\n\t\t\t\t\t<a class=\"rollover rollover-zoom dt-pswp-item\" title=\"9ec634e4-929e-4400-8eee-38f487564641\" data-dt-img-description=\"\" data-large_image_width=\"1600\" data-large_image_height=\"1200\"href='https:\/\/www.radiopiu.net\/wordpress\/wp-content\/uploads\/2022\/12\/9ec634e4-929e-4400-8eee-38f487564641.jpg'><img loading=\"lazy\" decoding=\"async\" width=\"150\" height=\"150\" src=\"https:\/\/www.radiopiu.net\/wordpress\/wp-content\/uploads\/2022\/12\/9ec634e4-929e-4400-8eee-38f487564641-150x150.jpg\" class=\"attachment-thumbnail size-thumbnail\" alt=\"\" \/><\/a>\n\t\t\t\t<\/dt><\/dl><dl class='gallery-item'>\n\t\t\t\t<dt class='gallery-icon portrait'>\n\t\t\t\t\t<a class=\"rollover rollover-zoom dt-pswp-item\" title=\"f83fa9d1-cc42-4e40-b6b7-4e1c7cccc638\" data-dt-img-description=\"\" data-large_image_width=\"1200\" data-large_image_height=\"1600\"href='https:\/\/www.radiopiu.net\/wordpress\/wp-content\/uploads\/2022\/12\/f83fa9d1-cc42-4e40-b6b7-4e1c7cccc638.jpg'><img loading=\"lazy\" decoding=\"async\" width=\"150\" height=\"150\" src=\"https:\/\/www.radiopiu.net\/wordpress\/wp-content\/uploads\/2022\/12\/f83fa9d1-cc42-4e40-b6b7-4e1c7cccc638-150x150.jpg\" class=\"attachment-thumbnail size-thumbnail\" alt=\"\" \/><\/a>\n\t\t\t\t<\/dt><\/dl><dl class='gallery-item'>\n\t\t\t\t<dt class='gallery-icon portrait'>\n\t\t\t\t\t<a class=\"rollover rollover-zoom dt-pswp-item\" title=\"ba0587a7-313b-4085-a501-e0f5ae917453\" data-dt-img-description=\"\" data-large_image_width=\"1200\" data-large_image_height=\"1600\"href='https:\/\/www.radiopiu.net\/wordpress\/wp-content\/uploads\/2022\/12\/ba0587a7-313b-4085-a501-e0f5ae917453.jpg'><img loading=\"lazy\" decoding=\"async\" width=\"150\" height=\"150\" src=\"https:\/\/www.radiopiu.net\/wordpress\/wp-content\/uploads\/2022\/12\/ba0587a7-313b-4085-a501-e0f5ae917453-150x150.jpg\" class=\"attachment-thumbnail size-thumbnail\" alt=\"\" \/><\/a>\n\t\t\t\t<\/dt><\/dl><br style=\"clear: both\" \/>\n\t\t\t<\/div>\n\n<p>&nbsp;<\/p>\n<h2><span style=\"color: #ff0000;\">ISCRIVITI AL NOSTRO CANALE YOUTUBE PER SEGUIRE IN DIRETTA I PRINCIPALI PROGRAMMI DI RADIO PIU&#8217; E LE FUTURE DIRETTE IN ESTERNA. PER ISCRIVERTI <a style=\"color: #ff0000;\" href=\"https:\/\/youtube.com\/@radiopiu1527\">CLICCA QUI<\/a> E PREMI IL TASTO &#8220;Iscriviti&#8221;\u00a0<\/span><\/h2>\n<p>&nbsp;<\/p>\n<blockquote>\n<h3>PUNTO TAMPONI PALUDI: A NATALE CHIUSO, A SANTO STEFANO AD ACCESSO LIBERO<\/h3>\n<\/blockquote>\n<p><strong><a class=\"dt-pswp-item\" href=\"https:\/\/www.radiopiu.net\/wordpress\/wp-content\/uploads\/2022\/01\/Covid_Point_Paludi.jpg\" data-dt-img-description=\"\" data-large_image_width=\"1417\" data-large_image_height=\"730\"><img loading=\"lazy\" decoding=\"async\" class=\" wp-image-252465 alignleft\" src=\"https:\/\/www.radiopiu.net\/wordpress\/wp-content\/uploads\/2022\/01\/Covid_Point_Paludi-300x155.jpg\" alt=\"\" width=\"172\" height=\"89\" srcset=\"https:\/\/www.radiopiu.net\/wordpress\/wp-content\/uploads\/2022\/01\/Covid_Point_Paludi-300x155.jpg 300w, https:\/\/www.radiopiu.net\/wordpress\/wp-content\/uploads\/2022\/01\/Covid_Point_Paludi-1024x528.jpg 1024w, https:\/\/www.radiopiu.net\/wordpress\/wp-content\/uploads\/2022\/01\/Covid_Point_Paludi-768x396.jpg 768w, https:\/\/www.radiopiu.net\/wordpress\/wp-content\/uploads\/2022\/01\/Covid_Point_Paludi.jpg 1417w\" sizes=\"auto, (max-width: 172px) 100vw, 172px\" \/><\/a>BELLUNO <\/strong>Si ricorda che domenica 25 dicembre 2022 (Natale) il punto tamponi festivo di Paludi non sar\u00e0 attivo. Sar\u00e0, invece, attivo luned\u00ec 26 dicembre 2022 (Festivit\u00e0 Santo Stefano) dalle 8.30 alle 12.30 un punto tamponi a Paludi per persone con sintomatologia covid ad ACCESSO LIBERO. Sar\u00e0 presente un operatore sanitario per il triage all\u2019ingresso. NON \u00e8 quindi necessario chiamare il 118 o la Guardia medica per l\u2019impegnativa. Si invitano, quindi, le persone a NON rivolgersi al 118 per richieste di prescrizione di tampone.<\/p>\n<p>&nbsp;<\/p>\n<p><strong><a class=\"dt-pswp-item\" href=\"https:\/\/www.radiopiu.net\/wordpress\/wp-content\/uploads\/2019\/09\/PIO-XI-MISURINA-300x200.jpeg\" data-dt-img-description=\"\" data-large_image_width=\"300\" data-large_image_height=\"200\"><img loading=\"lazy\" decoding=\"async\" class=\"wp-image-97057 alignleft\" src=\"https:\/\/www.radiopiu.net\/wordpress\/wp-content\/uploads\/2019\/09\/PIO-XI-MISURINA-300x200-300x200.jpeg\" alt=\"\" width=\"140\" height=\"93\" \/><\/a>MISURINA<\/strong> <em>Chiuso il PioXII. La rinomata casa di cura per le malattie respiratorie forse un giorno riaprir\u00e0. I proprietari, uomini di chiesa, promettono che non venderanno per fare una albergo in vista delle Olimpiadi ma quelli dell&#8217;Opera Diocesana promettono un&#8217;altra struttura sanitaria. Vedremo&#8230;e giudicheremo.\u00a0<\/em><\/p>\n<p>&nbsp;<\/p>\n<hr \/>\n<p>&nbsp;<\/p>\n<blockquote>\n<h3>INCIDENTE A FANT DI SOSPIROLO. DECEDUTO UN TRENTENNE<\/h3>\n<\/blockquote>\n<p style=\"font-weight: 400;\"><strong><a class=\"dt-pswp-item\" href=\"https:\/\/www.radiopiu.net\/wordpress\/wp-content\/uploads\/2022\/12\/Senza-nome-110.jpg\" data-dt-img-description=\"\" data-large_image_width=\"233\" data-large_image_height=\"277\"><img loading=\"lazy\" decoding=\"async\" class=\" wp-image-313242 alignleft\" src=\"https:\/\/www.radiopiu.net\/wordpress\/wp-content\/uploads\/2022\/12\/Senza-nome-110.jpg\" alt=\"\" width=\"150\" height=\"178\" \/><\/a>SOSPIROLO <\/strong>Incidente nel pomeriggio di ieri in localit\u00e0 Fant di Sospirolo. Erano circa le 17:15 quando una Fiat 500 con a bordo un giovane \u00e8 finita fuori strada. Mauro De Dea, 30 anni originario del Peron dove vive la famiglia, residente a Gron di Sospirolo dove abita la fidanzata Lisa,\u00a0 \u00e8 deceduto in ospedale. Sul posto i Vigili del Fuoco, Polizia Stradale, Carabinieri e personale del Suem.<\/p>\n<p><strong>\u00a0<\/strong><strong>\u00a0<\/strong><\/p>\n<p><strong>\u00a0<\/strong><\/p>\n<p><strong>DI MORENO GIOLI<\/strong><\/p>\n<audio class=\"wp-audio-shortcode\" id=\"audio-313152-2\" preload=\"none\" style=\"width: 100%;\" controls=\"controls\"><source type=\"audio\/mpeg\" src=\"https:\/\/www.radiopiu.net\/wordpress\/wp-content\/uploads\/2022\/12\/GIOLI-INCIDENTE-FANT.mp3?_=2\" \/><a href=\"https:\/\/www.radiopiu.net\/wordpress\/wp-content\/uploads\/2022\/12\/GIOLI-INCIDENTE-FANT.mp3\">https:\/\/www.radiopiu.net\/wordpress\/wp-content\/uploads\/2022\/12\/GIOLI-INCIDENTE-FANT.mp3<\/a><\/audio>\n<p>&nbsp;<\/p>\n\n\t\t\t<style type='text\/css'>\n\t\t\t\t#gallery-2 {\n\t\t\t\t\tmargin: auto;\n\t\t\t\t}\n\t\t\t\t#gallery-2 .gallery-item {\n\t\t\t\t\tfloat: left;\n\t\t\t\t\tmargin-top: 10px;\n\t\t\t\t\ttext-align: center;\n\t\t\t\t\twidth: 33%;\n\t\t\t\t}\n\t\t\t\t#gallery-2 img {\n\t\t\t\t\tborder: 2px solid #cfcfcf;\n\t\t\t\t}\n\t\t\t\t#gallery-2 .gallery-caption {\n\t\t\t\t\tmargin-left: 0;\n\t\t\t\t}\n\t\t\t\t\/* see gallery_shortcode() in wp-includes\/media.php *\/\n\t\t\t<\/style>\n\t\t<div id='gallery-2' class='dt-gallery-container gallery galleryid-313152 gallery-columns-3 gallery-size-thumbnail'><dl class='gallery-item'>\n\t\t\t\t<dt class='gallery-icon landscape'>\n\t\t\t\t\t<a class=\"rollover rollover-zoom dt-pswp-item\" title=\"98AA53A1-6F49-4A15-AD66-5F5D152CB26A\" data-dt-img-description=\"\" data-large_image_width=\"1028\" data-large_image_height=\"591\"href='https:\/\/www.radiopiu.net\/wordpress\/wp-content\/uploads\/2022\/12\/98AA53A1-6F49-4A15-AD66-5F5D152CB26A.jpeg'><img loading=\"lazy\" decoding=\"async\" width=\"150\" height=\"150\" src=\"https:\/\/www.radiopiu.net\/wordpress\/wp-content\/uploads\/2022\/12\/98AA53A1-6F49-4A15-AD66-5F5D152CB26A-150x150.jpeg\" class=\"attachment-thumbnail size-thumbnail\" alt=\"\" \/><\/a>\n\t\t\t\t<\/dt><\/dl><dl class='gallery-item'>\n\t\t\t\t<dt class='gallery-icon landscape'>\n\t\t\t\t\t<a class=\"rollover rollover-zoom dt-pswp-item\" title=\"9C410DCD-05A4-4CC0-AF27-DDDD54246B30\" data-dt-img-description=\"\" data-large_image_width=\"1024\" data-large_image_height=\"591\"href='https:\/\/www.radiopiu.net\/wordpress\/wp-content\/uploads\/2022\/12\/9C410DCD-05A4-4CC0-AF27-DDDD54246B30.jpeg'><img loading=\"lazy\" decoding=\"async\" width=\"150\" height=\"150\" src=\"https:\/\/www.radiopiu.net\/wordpress\/wp-content\/uploads\/2022\/12\/9C410DCD-05A4-4CC0-AF27-DDDD54246B30-150x150.jpeg\" class=\"attachment-thumbnail size-thumbnail\" alt=\"\" \/><\/a>\n\t\t\t\t<\/dt><\/dl><dl class='gallery-item'>\n\t\t\t\t<dt class='gallery-icon landscape'>\n\t\t\t\t\t<a class=\"rollover rollover-zoom dt-pswp-item\" title=\"EA1B08D7-86A8-4CE5-9E61-512A7183538D\" data-dt-img-description=\"\" data-large_image_width=\"1150\" data-large_image_height=\"591\"href='https:\/\/www.radiopiu.net\/wordpress\/wp-content\/uploads\/2022\/12\/EA1B08D7-86A8-4CE5-9E61-512A7183538D.jpeg'><img loading=\"lazy\" decoding=\"async\" width=\"150\" height=\"150\" src=\"https:\/\/www.radiopiu.net\/wordpress\/wp-content\/uploads\/2022\/12\/EA1B08D7-86A8-4CE5-9E61-512A7183538D-150x150.jpeg\" class=\"attachment-thumbnail size-thumbnail\" alt=\"\" \/><\/a>\n\t\t\t\t<\/dt><\/dl><br style=\"clear: both\" \/>\n\t\t\t<\/div>\n\n<p>&nbsp;<\/p>\n<blockquote><p><em>\u00abTu che sei cresciuto con me, tu che sei stato parte della mia vita. Proprio tu non puoi lasciarmi cos\u00ec, lasciare un vuoto cos\u00ec. Non ci voglio credere. Mi manchi amore mio, veglia da lass\u00f9 su tutti noi\u00bb. La fidanzata di Mauro De Dea, Lisa Altinier ha affidato a un post su Facebook tutto il suo dolore.\u00a0<\/em><\/p><\/blockquote>\n<p>&nbsp;<\/p>\n<p>&nbsp;<\/p>\n<p><a class=\"dt-pswp-item\" href=\"https:\/\/www.radiopiu.net\/wordpress\/wp-content\/uploads\/2022\/12\/13445586_254882008226342_1734035373702175751_n-1.jpg\" data-dt-img-description=\"\" data-large_image_width=\"944\" data-large_image_height=\"960\"><img loading=\"lazy\" decoding=\"async\" class=\" wp-image-313269 alignleft\" src=\"https:\/\/www.radiopiu.net\/wordpress\/wp-content\/uploads\/2022\/12\/13445586_254882008226342_1734035373702175751_n-1-295x300.jpg\" alt=\"\" width=\"175\" height=\"178\" srcset=\"https:\/\/www.radiopiu.net\/wordpress\/wp-content\/uploads\/2022\/12\/13445586_254882008226342_1734035373702175751_n-1-295x300.jpg 295w, https:\/\/www.radiopiu.net\/wordpress\/wp-content\/uploads\/2022\/12\/13445586_254882008226342_1734035373702175751_n-1-768x781.jpg 768w, https:\/\/www.radiopiu.net\/wordpress\/wp-content\/uploads\/2022\/12\/13445586_254882008226342_1734035373702175751_n-1.jpg 944w\" sizes=\"auto, (max-width: 175px) 100vw, 175px\" \/><\/a>Mauro De Dea lavorava alla Dm Inox. Era appena uscito dalla ditta che ha sede nella zona industriale delle Masiere e si occupa di lavorazione dell&#8217;acciaio e stava tornando a casa, dove lo aspettava la fidanzata Lisa. La scomparsa di De Dea ha fatto subito il giro di Sospirolo e della vicina frazione sedicense del Peron, che frequentava abitualmente con la ragazza. La famiglia \u00e8 molto conosciuta e apprezzata, a cominciare dal pap\u00e0 Domenico, che ha avuto ruoli dei amministrativi nel Comune di Sedico ed \u00e8 sempre stato molto attivo anche nel gruppo degli Alpini. Sconvolti dal dolore i fratelli Daniele e Christian. Attesa per la data dei funerali.<\/p>\n<p>&nbsp;<\/p>\n<p>&nbsp;<\/p>\n<p>&nbsp;<\/p>\n<p>&nbsp;<\/p>\n<hr \/>\n<p>&nbsp;<\/p>\n<blockquote>\n<h3>UN&#8217;ALTRA SCOSSA DI TERREMOTO A CLAUT<\/h3>\n<\/blockquote>\n<p><a class=\"dt-pswp-item\" href=\"https:\/\/www.radiopiu.net\/wordpress\/wp-content\/uploads\/2022\/12\/Senza-nome-111.jpg\" data-dt-img-description=\"\" data-large_image_width=\"512\" data-large_image_height=\"379\"><img loading=\"lazy\" decoding=\"async\" class=\"size-medium wp-image-313247 alignleft\" src=\"https:\/\/www.radiopiu.net\/wordpress\/wp-content\/uploads\/2022\/12\/Senza-nome-111-300x222.jpg\" alt=\"\" width=\"300\" height=\"222\" srcset=\"https:\/\/www.radiopiu.net\/wordpress\/wp-content\/uploads\/2022\/12\/Senza-nome-111-300x222.jpg 300w, https:\/\/www.radiopiu.net\/wordpress\/wp-content\/uploads\/2022\/12\/Senza-nome-111.jpg 512w\" sizes=\"auto, (max-width: 300px) 100vw, 300px\" \/><\/a><strong>CLAUT\u00a0<\/strong> Continua a tremare la terra a Claut, un&#8217;altra scossa, questa volta di 2,7 gradi della scala Richter. E&#8217; successo ieri alle 21.46 a una profondit\u00e0 di 12 chilometri. Ne da notizia anche la Protezione Civile del Veneto.<\/p>\n<p>&nbsp;<\/p>\n<p>&nbsp;<\/p>\n<p>&nbsp;<\/p>\n<p>&nbsp;<\/p>\n<p>Foto sismografo Agordo.<\/p>\n<p>&nbsp;<\/p>\n<hr \/>\n<p>&nbsp;<\/p>\n<blockquote>\n<h2>INVESTIMENTO IN TANGENZIALE<\/h2>\n<\/blockquote>\n<p><strong>AGORDO<\/strong> Ieri sera alle 21.30 in tangenziale, poco dopo la rotonda tra Agordo e Taibon \u00e8 stato investito l&#8217;ennesimo cervo. Fortunatamente nessun ferito ma come al solito danni ai mezzi e disagi alla viabilit\u00e0. Sul posto hanno operato di Carabinieri di Cencenighe, uomini di Veneto Strade e i vigili del fuoco di Agordo che hanno provveduto alla messa in sicurezza del mezzo e alla pulizia della strada. Per il ritorno alla normalit\u00e0 ci \u00e8 voluta un&#8217;ora.<\/p>\n<p><img loading=\"lazy\" decoding=\"async\" class=\"\" src=\"https:\/\/www.radiopiu.net\/wordpress\/wp-content\/uploads\/2022\/12\/d3a7dc86-5a8a-491f-8015-b13ab6c81826.jpg\" width=\"263\" height=\"197\" \/><\/p>\n<p>&nbsp;<\/p>\n<hr \/>\n<p>&nbsp;<\/p>\n<blockquote>\n<h3>SCHIANTO IN VIA LUNGARDO, DONNA IN OSPEDALE<\/h3>\n<\/blockquote>\n<p><strong>BELLUNO<\/strong> \u00a0Una donna \u00e8 rimasta ferita nell&#8217;uscita di strada di ieri sera, verso le 18.30, nella zona dell&#8217;ex area Bardin. La Fiat 500,\u00a0 ha invaso l&#8217;opposta corsia\u00a0 fermandosi contro il muro di sostegno della recinzione di un&#8217;abitazione privata. Fortunatamente le conseguenze non sono state gravi. Nessun altro veicolo \u00e8 rimasto coinvolto. Inevitabili disagi al traffico<br \/>\n<a class=\"dt-pswp-item\" href=\"https:\/\/www.radiopiu.net\/wordpress\/wp-content\/uploads\/2022\/12\/Senza-nome-112.jpg\" data-dt-img-description=\"\" data-large_image_width=\"357\" data-large_image_height=\"209\"><img loading=\"lazy\" decoding=\"async\" class=\"alignnone size-medium wp-image-313266\" src=\"https:\/\/www.radiopiu.net\/wordpress\/wp-content\/uploads\/2022\/12\/Senza-nome-112-300x176.jpg\" alt=\"\" width=\"300\" height=\"176\" srcset=\"https:\/\/www.radiopiu.net\/wordpress\/wp-content\/uploads\/2022\/12\/Senza-nome-112-300x176.jpg 300w, https:\/\/www.radiopiu.net\/wordpress\/wp-content\/uploads\/2022\/12\/Senza-nome-112.jpg 357w\" sizes=\"auto, (max-width: 300px) 100vw, 300px\" \/><\/a><\/p>\n<hr \/>\n<p>&nbsp;<\/p>\n<blockquote>\n<h3>OGGI ALLE 15\u00a0 A LIBANO I FUNERALI DI SERGIO CASAGRANDE<\/h3>\n<\/blockquote>\n<p><strong><img loading=\"lazy\" decoding=\"async\" class=\"alignleft\" src=\"https:\/\/www.radiopiu.net\/wordpress\/wp-content\/uploads\/2022\/12\/Senza-nome-108.jpg\" width=\"132\" height=\"174\" \/>SEDICO<\/strong> Un unico pensiero in questo giorno di viglia di Natale, vorrebbe lenire il dolore di\u00a0Anna, dei figli Maddalena e Giacomo, del pap\u00e0 Giovanni, della mamma Daniela e della sorella Michela. Un dolore che non si pu\u00f2 descrivere ma che tutti noi sentiamo per la scomparsa di Sergio Casagrande. Se n&#8217;\u00e8 andato mentre si godeva la sua montagna, una delle cose che pi\u00f9 gli piaceva nel tempo libero. Un destino assurdo se l&#8217;\u00e8 portato via nella falesia di Podenzoi. Era un montanaro vero, non improvvisava le sue scalate, perch\u00e9 la montagna\u00a0 la frequentava fin da giovane, dalle semplici escursioni alle corse competitive. Apprezzato e stimato in\u00a0 Luxottica, lavorava nel settore della gestione e nel coordinamento dei dati dell&#8217;azienda ed era anche un appassionato di fotografia, soprattutto nell&#8217;ambito dell&#8217;architettura.<\/p>\n<p>&nbsp;<\/p>\n<hr \/>\n<p>&nbsp;<\/p>\n<blockquote>\n<h3>LA SETTIMANA INTENSA DEI CONSIGLI COMUNALI IN AGORDINO<\/h3>\n<\/blockquote>\n<p><strong>ROCCA PIETORE<\/strong> E&#8217; in programma marted\u00ec alle 18:30 il consiglio comunale di Rocca Pietore. Il sindaco Andrea De Bernardin ha chiamato a rapporto i consiglieri per trattare 6 punti tra cui la ricognizione delle partecipazioni possedute al 31 dicembre, progetti pnrr rivolti all&#8217;informatica, il programma biennale per l&#8217;acquisizione dei servizi e delle forniture e il sostegno e l&#8217;adesione all&#8217;iniziativa Coldiretti contro il cibo sintetico. La seduta si chiude con un&#8217;interrogazione del gruppo di minoranza nella quale si chiede l&#8217;attuale situazione dei confini della Marmolada e la situazione dell&#8217;uso civico.<\/p>\n<p><strong>TAIBON<\/strong> Il sindaco di Taibon Silvia Tormen ha convocato il consiglio comunale per marted\u00ec alle 17. Saranno 5 i punti da discutere tra cui la ricognizione delle partecipazioni possedute, della convenzione per la distribuzione di gas naturale e l&#8217;approvazione della convenzione con il comune di Agordo per il potenziamento del numero di posti in asilo nido<\/p>\n<p><strong>LIVINALLONGO<\/strong> Due variazioni a bilancio, la revisione delle partecipazioni possedute al 31 dicembre e l&#8217;approvazione della convenzione per l&#8217;istituzione e la gestione associata della centrale unica di committenza presso l&#8217;Unione Montana Agordina sono i principali temi che verranno trattati nel consiglio comunale di Livinallongo in programma marted\u00ec alle 20:30<\/p>\n<p><strong>SELVA DI CADORE<\/strong> Consiglio comunale mercoled\u00ec a Selva di Cadore. Il sindaco Luca Lorenzini ha chiamato a rapporto i consiglieri alle 18 per un unico punto all&#8217;ordine del giorno: l&#8217;approvazione e la revisione delle partecipazioni ordinarie al 31 dicembre 2022. Un&#8217;altra seduta \u00e8 in programma per sabato 31 dicembre alle 17.30 con in discussione anche il piano delle alienazioni, il programma triennale delle opere pubbliche, il bilancio di previsione e l&#8217;accordo con L&#8217;Istitut Cultural Cesa De Jan per l&#8217;attuazione del progetto &#8220;I ladini: la minoranza linguistica storica delle Dolomiti&#8221;.<\/p>\n<p><strong>VOLTAGO<\/strong> Consiglio comunale giovedi alle 10.30. Ordine del giorno: convenzione con i Comuni di Canale d&#8217;Agordo e La Valle per la gestione associata dell&#8217;ufficio di Segretario Comunale; Schema di convenzione per il potenziamento dei posti nel servizio di asilo nido ad Agordo; Ricognizione societ\u00e0 partecipate.<\/p>\n<p><strong>SAN TOMASO <\/strong>Gioved\u00ec alle 18:15 convocato il consiglio comunale di San Tomaso. Il sindaco Moreno de Val ha comunicato ai consiglieri che si tratteranno tre punti all&#8217;ordine del giorno tra cui una variazione a bilancio e la revisione delle partecipazioni possedute al 31 dicembre<\/p>\n<p><strong>FALCADE <\/strong>Il sindaco di Falcade Mauro Salvaterra ha convocato il consiglio comunale per gioved\u00ec alle 20. Sei i punti da trattare. Si parler\u00e0 delle linee programmatiche, la nomina dell&#8217;organo di revisione economico-finanziaria 2022-2024, la revisione delle partecipazioni possedute al 31 dicembre e una ratifica alla delibera della 14\u00aa variazione a bilancio.<\/p>\n<p><strong>COLLE SANTA LUCIA<\/strong> Sar\u00e0 un consiglio comunale &#8220;fiume&#8221; quello convocato dal sindaco di Colle Santa Lucia per sabato 31 dicembre alle 7. Ben 14 punti in discussione. Tra questi si discutera della modifica al regolamento addizionale IRPEF comunale e relativa conferma, dell&#8217;imposta IMU 2023, l&#8217;affidamento di incarichi esterni 2023, allienazione e valorizzazione immobiliari territoriali, il programma triennale di opere pubbliche, l&#8217;aggiornamento al DUP, una variazione a bilancio e la revisione delle partecipazioni possedute al 31 dicembre<\/p>\n<p><strong>DI GIANNI SANTOMASO<\/strong><\/p>\n<p><em><strong>CONSIGLI SELVA DI CADORE, TAIBON E SAN TOMASO<\/strong><\/em><\/p>\n<audio class=\"wp-audio-shortcode\" id=\"audio-313152-3\" preload=\"none\" style=\"width: 100%;\" controls=\"controls\"><source type=\"audio\/mpeg\" src=\"https:\/\/www.radiopiu.net\/wordpress\/wp-content\/uploads\/2022\/12\/GIANNI-CONSIGLIO-SELVA-TAIBON-SAN-TOMASO.mp3?_=3\" \/><a href=\"https:\/\/www.radiopiu.net\/wordpress\/wp-content\/uploads\/2022\/12\/GIANNI-CONSIGLIO-SELVA-TAIBON-SAN-TOMASO.mp3\">https:\/\/www.radiopiu.net\/wordpress\/wp-content\/uploads\/2022\/12\/GIANNI-CONSIGLIO-SELVA-TAIBON-SAN-TOMASO.mp3<\/a><\/audio>\n<p><em><strong>CONSIGLIO DI FALCADE<\/strong><\/em><\/p>\n<audio class=\"wp-audio-shortcode\" id=\"audio-313152-4\" preload=\"none\" style=\"width: 100%;\" controls=\"controls\"><source type=\"audio\/mpeg\" src=\"https:\/\/www.radiopiu.net\/wordpress\/wp-content\/uploads\/2022\/12\/GIANNI-CONSIGLIO-COMUNALE-FALCADE.mp3?_=4\" \/><a href=\"https:\/\/www.radiopiu.net\/wordpress\/wp-content\/uploads\/2022\/12\/GIANNI-CONSIGLIO-COMUNALE-FALCADE.mp3\">https:\/\/www.radiopiu.net\/wordpress\/wp-content\/uploads\/2022\/12\/GIANNI-CONSIGLIO-COMUNALE-FALCADE.mp3<\/a><\/audio>\n<p>&nbsp;<\/p>\n<hr \/>\n<p>&nbsp;<\/p>\n<blockquote>\n<h3>FINANZIATO CON IL PNRR L&#8217;HUB FANGHI DI BACINO CON 1,3 MILIONI DI EURO<\/h3>\n<\/blockquote>\n<p><strong><a class=\"dt-pswp-item\" href=\"https:\/\/www.radiopiu.net\/wordpress\/wp-content\/uploads\/2022\/12\/image001-1.jpg\" data-dt-img-description=\"\" data-large_image_width=\"200\" data-large_image_height=\"64\"><img loading=\"lazy\" decoding=\"async\" class=\"size-full wp-image-313167 alignleft\" src=\"https:\/\/www.radiopiu.net\/wordpress\/wp-content\/uploads\/2022\/12\/image001-1.jpg\" alt=\"\" width=\"200\" height=\"64\" \/><\/a>BELLUNO<\/strong> \u00c8 stato pubblicato il Decreto del Ministero dell\u2019Ambiente e della Sicurezza Energetica (ex Ministero della Transizione Ecologica). La graduatoria assegna il finanziamento di \u20ac 1.284.077,33 al progetto proposto dal CONSIGLIO DI BACINO \u201cDOLOMITI BELLUNESI\u201d. Si tratta del progetto, predisposto dal nostro gestore d\u2019ambito BIM Gestione Servizi Pubblici S.p.A., denominato \u201cHUB FANGHI DI BACINO\u201d, finalizzato alla realizzazione presso il depuratore di Longarone di un centro unico per il trattamento dei fanghi di depurazione acque reflue prodotti nell\u2019intero ambito territoriale bellunese, ottimizzando la sostenibilita\u0300 della gestione della filiera, in accordo ai principi di economia circolare. La localizzazione dell\u2019impianto e\u0300 motivata dalla sua posizione baricentrica rispetto all\u2019ambito territoriale servito, dalla capacita\u0300 di trattamento residua dell\u2019impianto realizzato di recente a Longarone e dalla disponibilita\u0300, in adiacenza, dell\u2019area del precedente depuratore che puo\u0300 cosi\u0300 essere riqualificata. Il progetto prevede la realizzazione di un impianto di pretrattamento dei fanghi provenienti da altri impianti in gestione a GSP, con ispessimento meccanizzato e disidratazione a centrifuga in appositi edifici chiusi, integrato al trattamento biologico del depuratore esistente.<\/p>\n<p>&nbsp;<\/p>\n<hr \/>\n<p>&nbsp;<\/p>\n<blockquote>\n<h3><a class=\"dt-pswp-item\" href=\"https:\/\/www.radiopiu.net\/wordpress\/wp-content\/uploads\/2022\/12\/Senza-nome-113.jpg\" data-dt-img-description=\"\" data-large_image_width=\"348\" data-large_image_height=\"354\"><img loading=\"lazy\" decoding=\"async\" class=\"wp-image-313273 alignleft\" src=\"https:\/\/www.radiopiu.net\/wordpress\/wp-content\/uploads\/2022\/12\/Senza-nome-113-295x300.jpg\" alt=\"\" width=\"174\" height=\"177\" srcset=\"https:\/\/www.radiopiu.net\/wordpress\/wp-content\/uploads\/2022\/12\/Senza-nome-113-295x300.jpg 295w, https:\/\/www.radiopiu.net\/wordpress\/wp-content\/uploads\/2022\/12\/Senza-nome-113.jpg 348w\" sizes=\"auto, (max-width: 174px) 100vw, 174px\" \/><\/a>GLI SCI DI MARCON FANNO VOLARE YULE<\/h3>\n<\/blockquote>\n<p><strong>SCI ALPINO\u00a0<\/strong> Daniel Yule festeggia con Nicola Marcon. L&#8217;atleta svizzero gioved\u00ec sera si \u00e8 imposto per la terza volta sulla 3Tre. anche grazie al lavoro del tecnico di Gosaldo che dal 2014 prepara gli sci al campione elvetico.<\/p>\n<p>&nbsp;<\/p>\n<hr \/>\n<p>&nbsp;<\/p>\n<blockquote>\n<h3>PREMIATI A FELTRE I GIOVANI ATLETI CHE HANNO DATO LUSTRO ALLA CITTA&#8217;<\/h3>\n<\/blockquote>\n<p><strong>FELTRE<\/strong> Cerimonia di consegna al Palaghiaccio di Feltre dei premi ai giovani atleti che hanno dato lustro alla citt\u00e0 di Feltre in ambito nazionale e internazionale: 12 i premiati, tra grandi risultati sportivi e alti gesti di solidariet\u00e0 e fair play.<\/p>\n<p><strong>di Daniele Dalvit<\/strong><\/p>\n<audio class=\"wp-audio-shortcode\" id=\"audio-313152-5\" preload=\"none\" style=\"width: 100%;\" controls=\"controls\"><source type=\"audio\/mpeg\" src=\"https:\/\/www.radiopiu.net\/wordpress\/wp-content\/uploads\/2022\/12\/DALVIT-PREMIAZIONE-SPORTIVI-FELTRE.mp3?_=5\" \/><a href=\"https:\/\/www.radiopiu.net\/wordpress\/wp-content\/uploads\/2022\/12\/DALVIT-PREMIAZIONE-SPORTIVI-FELTRE.mp3\">https:\/\/www.radiopiu.net\/wordpress\/wp-content\/uploads\/2022\/12\/DALVIT-PREMIAZIONE-SPORTIVI-FELTRE.mp3<\/a><\/audio>\n<p>&nbsp;<\/p>\n\n\t\t\t<style type='text\/css'>\n\t\t\t\t#gallery-3 {\n\t\t\t\t\tmargin: auto;\n\t\t\t\t}\n\t\t\t\t#gallery-3 .gallery-item {\n\t\t\t\t\tfloat: left;\n\t\t\t\t\tmargin-top: 10px;\n\t\t\t\t\ttext-align: center;\n\t\t\t\t\twidth: 50%;\n\t\t\t\t}\n\t\t\t\t#gallery-3 img {\n\t\t\t\t\tborder: 2px solid #cfcfcf;\n\t\t\t\t}\n\t\t\t\t#gallery-3 .gallery-caption {\n\t\t\t\t\tmargin-left: 0;\n\t\t\t\t}\n\t\t\t\t\/* see gallery_shortcode() in wp-includes\/media.php *\/\n\t\t\t<\/style>\n\t\t<div id='gallery-3' class='dt-gallery-container gallery galleryid-313152 gallery-columns-2 gallery-size-medium'><dl class='gallery-item'>\n\t\t\t\t<dt class='gallery-icon landscape'>\n\t\t\t\t\t<a class=\"rollover rollover-zoom dt-pswp-item\" title=\"bd514c01-069d-44e8-8f82-c0dac1be7ec3\" data-dt-img-description=\"\" data-large_image_width=\"2048\" data-large_image_height=\"1536\"href='https:\/\/www.radiopiu.net\/wordpress\/wp-content\/uploads\/2022\/12\/bd514c01-069d-44e8-8f82-c0dac1be7ec3.jpg'><img loading=\"lazy\" decoding=\"async\" width=\"300\" height=\"225\" src=\"https:\/\/www.radiopiu.net\/wordpress\/wp-content\/uploads\/2022\/12\/bd514c01-069d-44e8-8f82-c0dac1be7ec3-300x225.jpg\" class=\"attachment-medium size-medium\" alt=\"\" srcset=\"https:\/\/www.radiopiu.net\/wordpress\/wp-content\/uploads\/2022\/12\/bd514c01-069d-44e8-8f82-c0dac1be7ec3-300x225.jpg 300w, https:\/\/www.radiopiu.net\/wordpress\/wp-content\/uploads\/2022\/12\/bd514c01-069d-44e8-8f82-c0dac1be7ec3-1024x768.jpg 1024w, https:\/\/www.radiopiu.net\/wordpress\/wp-content\/uploads\/2022\/12\/bd514c01-069d-44e8-8f82-c0dac1be7ec3-768x576.jpg 768w, https:\/\/www.radiopiu.net\/wordpress\/wp-content\/uploads\/2022\/12\/bd514c01-069d-44e8-8f82-c0dac1be7ec3-1536x1152.jpg 1536w, https:\/\/www.radiopiu.net\/wordpress\/wp-content\/uploads\/2022\/12\/bd514c01-069d-44e8-8f82-c0dac1be7ec3.jpg 2048w\" sizes=\"auto, (max-width: 300px) 100vw, 300px\" \/><\/a>\n\t\t\t\t<\/dt><\/dl><dl class='gallery-item'>\n\t\t\t\t<dt class='gallery-icon landscape'>\n\t\t\t\t\t<a class=\"rollover rollover-zoom dt-pswp-item\" title=\"5faaafc0-0b23-41cd-a0a6-e2beb1a67f4d\" data-dt-img-description=\"\" data-large_image_width=\"2048\" data-large_image_height=\"1536\"href='https:\/\/www.radiopiu.net\/wordpress\/wp-content\/uploads\/2022\/12\/5faaafc0-0b23-41cd-a0a6-e2beb1a67f4d.jpg'><img loading=\"lazy\" decoding=\"async\" width=\"300\" height=\"225\" src=\"https:\/\/www.radiopiu.net\/wordpress\/wp-content\/uploads\/2022\/12\/5faaafc0-0b23-41cd-a0a6-e2beb1a67f4d-300x225.jpg\" class=\"attachment-medium size-medium\" alt=\"\" srcset=\"https:\/\/www.radiopiu.net\/wordpress\/wp-content\/uploads\/2022\/12\/5faaafc0-0b23-41cd-a0a6-e2beb1a67f4d-300x225.jpg 300w, https:\/\/www.radiopiu.net\/wordpress\/wp-content\/uploads\/2022\/12\/5faaafc0-0b23-41cd-a0a6-e2beb1a67f4d-1024x768.jpg 1024w, https:\/\/www.radiopiu.net\/wordpress\/wp-content\/uploads\/2022\/12\/5faaafc0-0b23-41cd-a0a6-e2beb1a67f4d-768x576.jpg 768w, https:\/\/www.radiopiu.net\/wordpress\/wp-content\/uploads\/2022\/12\/5faaafc0-0b23-41cd-a0a6-e2beb1a67f4d-1536x1152.jpg 1536w, https:\/\/www.radiopiu.net\/wordpress\/wp-content\/uploads\/2022\/12\/5faaafc0-0b23-41cd-a0a6-e2beb1a67f4d.jpg 2048w\" sizes=\"auto, (max-width: 300px) 100vw, 300px\" \/><\/a>\n\t\t\t\t<\/dt><\/dl><br style=\"clear: both\" \/>\n\t\t\t<\/div>\n\n<p>&nbsp;<\/p>\n<hr \/>\n<p>&nbsp;<\/p>\n<blockquote>\n<h3>BUONI SPESA PER GLI OSPITI UCRAINI NELL&#8217;EX CASERMA<\/h3>\n<\/blockquote>\n<p><strong>BELLUNO<\/strong> Babbo Natale \u00e8 arrivato anche all\u2019ex caserma dei Vigili del fuoco dove da marzo sono ospitati i civili ucraini in fuga dalla guerra. Nel pomeriggio di ieri, tra canti e musica, sono stati distribuiti circa 5mila euro in buoni spesa per acquisti di generi alimentari e non solo presso il supermercato Eurospar. A donare la cifra sono stati diversi cittadini e la Corale di Limana che, presente ieri con una piccola rappresentanza per un saluto e qualche canto, ha voluto in questo modo essere vicina ai profughi unendosi e alimentando la cordata di solidariet\u00e0 nata in questi mesi attorno all\u2019ex caserma.<\/p>\n\n\t\t\t<style type='text\/css'>\n\t\t\t\t#gallery-4 {\n\t\t\t\t\tmargin: auto;\n\t\t\t\t}\n\t\t\t\t#gallery-4 .gallery-item {\n\t\t\t\t\tfloat: left;\n\t\t\t\t\tmargin-top: 10px;\n\t\t\t\t\ttext-align: center;\n\t\t\t\t\twidth: 33%;\n\t\t\t\t}\n\t\t\t\t#gallery-4 img {\n\t\t\t\t\tborder: 2px solid #cfcfcf;\n\t\t\t\t}\n\t\t\t\t#gallery-4 .gallery-caption {\n\t\t\t\t\tmargin-left: 0;\n\t\t\t\t}\n\t\t\t\t\/* see gallery_shortcode() in wp-includes\/media.php *\/\n\t\t\t<\/style>\n\t\t<div id='gallery-4' class='dt-gallery-container gallery galleryid-313152 gallery-columns-3 gallery-size-thumbnail'><dl class='gallery-item'>\n\t\t\t\t<dt class='gallery-icon landscape'>\n\t\t\t\t\t<a class=\"rollover rollover-zoom dt-pswp-item\" title=\"image00001\" data-dt-img-description=\"\" data-large_image_width=\"2560\" data-large_image_height=\"1920\"href='https:\/\/www.radiopiu.net\/wordpress\/wp-content\/uploads\/2022\/12\/image00001-scaled.jpeg'><img loading=\"lazy\" decoding=\"async\" width=\"150\" height=\"150\" src=\"https:\/\/www.radiopiu.net\/wordpress\/wp-content\/uploads\/2022\/12\/image00001-150x150.jpeg\" class=\"attachment-thumbnail size-thumbnail\" alt=\"\" \/><\/a>\n\t\t\t\t<\/dt><\/dl><dl class='gallery-item'>\n\t\t\t\t<dt class='gallery-icon landscape'>\n\t\t\t\t\t<a class=\"rollover rollover-zoom dt-pswp-item\" title=\"image00002\" data-dt-img-description=\"\" data-large_image_width=\"2560\" data-large_image_height=\"1920\"href='https:\/\/www.radiopiu.net\/wordpress\/wp-content\/uploads\/2022\/12\/image00002-scaled.jpeg'><img loading=\"lazy\" decoding=\"async\" width=\"150\" height=\"150\" src=\"https:\/\/www.radiopiu.net\/wordpress\/wp-content\/uploads\/2022\/12\/image00002-150x150.jpeg\" class=\"attachment-thumbnail size-thumbnail\" alt=\"\" \/><\/a>\n\t\t\t\t<\/dt><\/dl><dl class='gallery-item'>\n\t\t\t\t<dt class='gallery-icon landscape'>\n\t\t\t\t\t<a class=\"rollover rollover-zoom dt-pswp-item\" title=\"image00003\" data-dt-img-description=\"\" data-large_image_width=\"2560\" data-large_image_height=\"1920\"href='https:\/\/www.radiopiu.net\/wordpress\/wp-content\/uploads\/2022\/12\/image00003-scaled.jpeg'><img loading=\"lazy\" decoding=\"async\" width=\"150\" height=\"150\" src=\"https:\/\/www.radiopiu.net\/wordpress\/wp-content\/uploads\/2022\/12\/image00003-150x150.jpeg\" class=\"attachment-thumbnail size-thumbnail\" alt=\"\" \/><\/a>\n\t\t\t\t<\/dt><\/dl><br style=\"clear: both\" \/>\n\t\t\t<\/div>\n\n<p>&nbsp;<\/p>\n<p><strong>L\u2019ASSESSORE ALLA PROTEZIONE CIVILE, LORENZA DE KUNOVICH <\/strong><\/p>\n<div style=\"width: 848px;\" class=\"wp-video\"><video class=\"wp-video-shortcode\" id=\"video-313152-1\" width=\"848\" height=\"480\" preload=\"metadata\" controls=\"controls\"><source type=\"video\/mp4\" src=\"https:\/\/www.radiopiu.net\/wordpress\/wp-content\/uploads\/2022\/12\/WhatsApp-Video-2022-12-23-at-17.19.30.mp4?_=1\" \/><a href=\"https:\/\/www.radiopiu.net\/wordpress\/wp-content\/uploads\/2022\/12\/WhatsApp-Video-2022-12-23-at-17.19.30.mp4\">https:\/\/www.radiopiu.net\/wordpress\/wp-content\/uploads\/2022\/12\/WhatsApp-Video-2022-12-23-at-17.19.30.mp4<\/a><\/video><\/div>\n<p>&nbsp;<\/p>\n<p>&nbsp;<\/p>\n<hr \/>\n<p>&nbsp;<\/p>\n<blockquote>\n<h3>AL FOLLADOR UN NATALE INCLUSIVO<\/h3>\n<\/blockquote>\n<p><strong><img loading=\"lazy\" decoding=\"async\" class=\"alignleft\" src=\"https:\/\/www.radiopiu.net\/wordpress\/wp-content\/uploads\/2022\/12\/festa-follador.jpg\" width=\"174\" height=\"232\" \/>AGORDO<\/strong> Aria di festa, all\u2019Istituto Follador \u2013 De Rossi di Agordo, grazie al lavoro di quattro alunni con disabilit\u00e0 che i gioved\u00ec mattina partecipano al Progetto \u201cVe.l.A.\u201d (Verso l\u2019Autonomia) portato avanti dal SISS (Servizio Integrazione Scolastica e Sociale) di Agordo, proprio all\u2019interno della scuola.I quattro alunni, insieme agli operatori del Siss ed in collaborazione con gli insegnanti di sostegno dell\u2019Istituto hanno integrato alle loro attivit\u00e0 del gioved\u00ec di questi primi mesi dell\u2019anno l\u2019organizzazione della festa, in modo che questo tempo passato fuori dalla classe, e dedicato ad attivit\u00e0 mirate alla crescita delle autonomie, non diventasse motivo di distanza dai loro compagni. Nel corso delle settimane i ragazzi hanno preparato gli inviti scrivendoli al PC e personalizzandoli, per ogni compagno e per gli insegnanti, hanno preparato gli addobbi e pensato alla musica, ed acquistato tutto il necessario per una merenda insieme: pandori e panettoni per tutti. \u00c8 stata quindi una preziosa occasione non solo per farsi gli auguri di Natale, ma anche per condividere un momento di festa organizzato e preparato dai nostri quattro alunni e dedicato ai loro compagni, tra zucchero a velo, risate e cappellini divertenti. Un piccolo momento di festa che diventa un bel modo di stare insieme, di divertimento e di crescita, grazie all\u2019impegno e al lavoro di tutti ed alla preziosa collaborazione tra il Siss di Agordo e gli insegnanti dell\u2019Ist. Follador.<\/p>\n<p>&nbsp;<\/p>\n<hr \/>\n<p>&nbsp;<\/p>\n<blockquote>\n<h3>DAL POLIAMBULATORIO DI AGORDO&#8230;A COLLOQUIO CON IL MEDICO NUTRIZIONISTA<\/h3>\n<\/blockquote>\n<p><strong><a class=\"dt-pswp-item\" href=\"https:\/\/www.radiopiu.net\/wordpress\/wp-content\/uploads\/2022\/12\/44b4c0f1-a03a-4f84-9db6-4f47c1a4a681.jpg\" data-dt-img-description=\"\" data-large_image_width=\"1024\" data-large_image_height=\"768\"><img loading=\"lazy\" decoding=\"async\" class=\"wp-image-313123 alignleft\" src=\"https:\/\/www.radiopiu.net\/wordpress\/wp-content\/uploads\/2022\/12\/44b4c0f1-a03a-4f84-9db6-4f47c1a4a681-300x225.jpg\" alt=\"\" width=\"176\" height=\"132\" srcset=\"https:\/\/www.radiopiu.net\/wordpress\/wp-content\/uploads\/2022\/12\/44b4c0f1-a03a-4f84-9db6-4f47c1a4a681-300x225.jpg 300w, https:\/\/www.radiopiu.net\/wordpress\/wp-content\/uploads\/2022\/12\/44b4c0f1-a03a-4f84-9db6-4f47c1a4a681-768x576.jpg 768w, https:\/\/www.radiopiu.net\/wordpress\/wp-content\/uploads\/2022\/12\/44b4c0f1-a03a-4f84-9db6-4f47c1a4a681.jpg 1024w\" sizes=\"auto, (max-width: 176px) 100vw, 176px\" \/><\/a>AGORDO<\/strong> In questo numero della rubrica &#8220;120-80&#8221; torniamo al Poliambulatorio di Agordo, in localit\u00e0 Valcozzena. Ai nostri microfoni la dottoressa Eleonora Boccanegra di Ponte nelle Alpi, biologa nutrizionista. Con lei parliamo dell&#8217;importanza della nutrizione.<\/p>\n<p><strong>di Mirko Mezzacasa<\/strong><\/p>\n<p><strong>audio<\/strong><\/p>\n<audio class=\"wp-audio-shortcode\" id=\"audio-313152-6\" preload=\"none\" style=\"width: 100%;\" controls=\"controls\"><source type=\"audio\/mpeg\" src=\"https:\/\/www.radiopiu.net\/wordpress\/wp-content\/uploads\/2022\/12\/eleonora-poliambulatorio-1.mp3?_=6\" \/><a href=\"https:\/\/www.radiopiu.net\/wordpress\/wp-content\/uploads\/2022\/12\/eleonora-poliambulatorio-1.mp3\">https:\/\/www.radiopiu.net\/wordpress\/wp-content\/uploads\/2022\/12\/eleonora-poliambulatorio-1.mp3<\/a><\/audio>\n<p>&nbsp;<\/p>\n<p>&nbsp;<\/p>\n<hr \/>\n<p>&nbsp;<\/p>\n<blockquote>\n<h3>LA CONFERENZA STAMPA DI FINE ANNO DEL PRESIDENTE DEL VENETO LUCA ZAIA<\/h3>\n<\/blockquote>\n<p><strong>VENEZIA<\/strong> Si \u00e8 tenuta a Palazzo Balbi a Venezia la conferenza stampa di fine anno del Presidente del Veneto Luca Zaia. Il Governatore ha tirato le somme dell&#8217;anno appena trascorso e nel finale anche un piccolo intrattenimento musicale con dei classici di Natale con il maestro Diego Basso e la sua orchestra.<\/p>\n<p>https:\/\/www.facebook.com\/zaiaufficiale\/videos\/529055622593438<\/p>\n<p>&nbsp;<\/p>\n<p><strong>IL VIDEO EVENTI 2022 DELLA REGIONE<\/strong><\/p>\n<div style=\"width: 1200px;\" class=\"wp-video\"><video class=\"wp-video-shortcode\" id=\"video-313152-2\" width=\"1200\" height=\"675\" preload=\"metadata\" controls=\"controls\"><source type=\"video\/mp4\" src=\"https:\/\/www.radiopiu.net\/wordpress\/wp-content\/uploads\/2022\/12\/VIDEO-HD-LE-SFIDE-DEL-2022.mp4?_=2\" \/><a href=\"https:\/\/www.radiopiu.net\/wordpress\/wp-content\/uploads\/2022\/12\/VIDEO-HD-LE-SFIDE-DEL-2022.mp4\">https:\/\/www.radiopiu.net\/wordpress\/wp-content\/uploads\/2022\/12\/VIDEO-HD-LE-SFIDE-DEL-2022.mp4<\/a><\/video><\/div>\n<p>&nbsp;<\/p>\n<hr \/>\n<p>&nbsp;<\/p>\n<p><strong>DI TIZIANO DE COL<\/strong><\/p>\n\n\t\t\t<style type='text\/css'>\n\t\t\t\t#gallery-5 {\n\t\t\t\t\tmargin: auto;\n\t\t\t\t}\n\t\t\t\t#gallery-5 .gallery-item {\n\t\t\t\t\tfloat: left;\n\t\t\t\t\tmargin-top: 10px;\n\t\t\t\t\ttext-align: center;\n\t\t\t\t\twidth: 20%;\n\t\t\t\t}\n\t\t\t\t#gallery-5 img {\n\t\t\t\t\tborder: 2px solid #cfcfcf;\n\t\t\t\t}\n\t\t\t\t#gallery-5 .gallery-caption {\n\t\t\t\t\tmargin-left: 0;\n\t\t\t\t}\n\t\t\t\t\/* see gallery_shortcode() in wp-includes\/media.php *\/\n\t\t\t<\/style>\n\t\t<div id='gallery-5' class='dt-gallery-container gallery galleryid-313152 gallery-columns-5 gallery-size-thumbnail'><dl class='gallery-item'>\n\t\t\t\t<dt class='gallery-icon landscape'>\n\t\t\t\t\t<a class=\"rollover rollover-zoom dt-pswp-item\" title=\"b22b5b9e-94db-48c7-a9f1-31a5d6f3863a\" data-dt-img-description=\"\" data-large_image_width=\"606\" data-large_image_height=\"364\"href='https:\/\/www.radiopiu.net\/wordpress\/wp-content\/uploads\/2022\/12\/b22b5b9e-94db-48c7-a9f1-31a5d6f3863a.jpg'><img loading=\"lazy\" decoding=\"async\" width=\"150\" height=\"150\" src=\"https:\/\/www.radiopiu.net\/wordpress\/wp-content\/uploads\/2022\/12\/b22b5b9e-94db-48c7-a9f1-31a5d6f3863a-150x150.jpg\" class=\"attachment-thumbnail size-thumbnail\" alt=\"\" \/><\/a>\n\t\t\t\t<\/dt><\/dl><dl class='gallery-item'>\n\t\t\t\t<dt class='gallery-icon landscape'>\n\t\t\t\t\t<a class=\"rollover rollover-zoom dt-pswp-item\" title=\"dca71449-aa5a-4aad-8770-f4febc450c3c\" data-dt-img-description=\"\" data-large_image_width=\"600\" data-large_image_height=\"361\"href='https:\/\/www.radiopiu.net\/wordpress\/wp-content\/uploads\/2022\/12\/dca71449-aa5a-4aad-8770-f4febc450c3c.jpg'><img loading=\"lazy\" decoding=\"async\" width=\"150\" height=\"150\" src=\"https:\/\/www.radiopiu.net\/wordpress\/wp-content\/uploads\/2022\/12\/dca71449-aa5a-4aad-8770-f4febc450c3c-150x150.jpg\" class=\"attachment-thumbnail size-thumbnail\" alt=\"\" \/><\/a>\n\t\t\t\t<\/dt><\/dl><dl class='gallery-item'>\n\t\t\t\t<dt class='gallery-icon landscape'>\n\t\t\t\t\t<a class=\"rollover rollover-zoom dt-pswp-item\" title=\"9408160f-d21e-4587-8baa-320349a768a4\" data-dt-img-description=\"\" data-large_image_width=\"606\" data-large_image_height=\"355\"href='https:\/\/www.radiopiu.net\/wordpress\/wp-content\/uploads\/2022\/12\/9408160f-d21e-4587-8baa-320349a768a4.jpg'><img loading=\"lazy\" decoding=\"async\" width=\"150\" height=\"150\" src=\"https:\/\/www.radiopiu.net\/wordpress\/wp-content\/uploads\/2022\/12\/9408160f-d21e-4587-8baa-320349a768a4-150x150.jpg\" class=\"attachment-thumbnail size-thumbnail\" alt=\"\" \/><\/a>\n\t\t\t\t<\/dt><\/dl><dl class='gallery-item'>\n\t\t\t\t<dt class='gallery-icon landscape'>\n\t\t\t\t\t<a class=\"rollover rollover-zoom dt-pswp-item\" title=\"aeaa17a8-f5c2-4409-accb-9f52bd4f70e3\" data-dt-img-description=\"\" data-large_image_width=\"604\" data-large_image_height=\"357\"href='https:\/\/www.radiopiu.net\/wordpress\/wp-content\/uploads\/2022\/12\/aeaa17a8-f5c2-4409-accb-9f52bd4f70e3.jpg'><img loading=\"lazy\" decoding=\"async\" width=\"150\" height=\"150\" src=\"https:\/\/www.radiopiu.net\/wordpress\/wp-content\/uploads\/2022\/12\/aeaa17a8-f5c2-4409-accb-9f52bd4f70e3-150x150.jpg\" class=\"attachment-thumbnail size-thumbnail\" alt=\"\" \/><\/a>\n\t\t\t\t<\/dt><\/dl><dl class='gallery-item'>\n\t\t\t\t<dt class='gallery-icon landscape'>\n\t\t\t\t\t<a class=\"rollover rollover-zoom dt-pswp-item\" title=\"bddae575-a2a0-4aa5-a22d-eba189eb2aa5\" data-dt-img-description=\"\" data-large_image_width=\"586\" data-large_image_height=\"359\"href='https:\/\/www.radiopiu.net\/wordpress\/wp-content\/uploads\/2022\/12\/bddae575-a2a0-4aa5-a22d-eba189eb2aa5.jpg'><img loading=\"lazy\" decoding=\"async\" width=\"150\" height=\"150\" src=\"https:\/\/www.radiopiu.net\/wordpress\/wp-content\/uploads\/2022\/12\/bddae575-a2a0-4aa5-a22d-eba189eb2aa5-150x150.jpg\" class=\"attachment-thumbnail size-thumbnail\" alt=\"\" \/><\/a>\n\t\t\t\t<\/dt><\/dl><br style=\"clear: both\" \/>\n\t\t\t<\/div>\n\n<p>&nbsp;<\/p>\n<hr \/>\n<p>&nbsp;<\/p>\n<blockquote>\n<h3>GASTROENTEROLOGIA DI BELLUNO TRA INTELLIGENZA ARTIFICIALE E TECNICHE INNOVATIVE<\/h3>\n<\/blockquote>\n<p><strong><a class=\"dt-pswp-item\" href=\"https:\/\/www.radiopiu.net\/wordpress\/wp-content\/uploads\/2022\/12\/PHOTO-2022-12-16-10-35-21.jpg\" data-dt-img-description=\"\" data-large_image_width=\"1024\" data-large_image_height=\"683\"><img loading=\"lazy\" decoding=\"async\" class=\" wp-image-313162 alignleft\" src=\"https:\/\/www.radiopiu.net\/wordpress\/wp-content\/uploads\/2022\/12\/PHOTO-2022-12-16-10-35-21-300x200.jpg\" alt=\"\" width=\"185\" height=\"123\" srcset=\"https:\/\/www.radiopiu.net\/wordpress\/wp-content\/uploads\/2022\/12\/PHOTO-2022-12-16-10-35-21-300x200.jpg 300w, https:\/\/www.radiopiu.net\/wordpress\/wp-content\/uploads\/2022\/12\/PHOTO-2022-12-16-10-35-21-768x512.jpg 768w, https:\/\/www.radiopiu.net\/wordpress\/wp-content\/uploads\/2022\/12\/PHOTO-2022-12-16-10-35-21.jpg 1024w\" sizes=\"auto, (max-width: 185px) 100vw, 185px\" \/><\/a>BELLUNO <\/strong>Cercare da una parte di accogliere i sempre pi\u00f9 numerosi ricoveri per patologie dell\u2019apparato digerente ed evadere il crescente numero di richieste di visite e di prestazioni endoscopiche e dall\u2019altra di motivare \u00a0il personale medico ed infermieristico con \u201cqualcosa di nuovo\u201d \u00e8 stata la sfida del 2022 del reparto Gastroenterologia di Belluno. Tra le noivut\u00e0 \u00e8 stata introdotta l\u2019intelligenza artificiale applicata all\u2019endoscopia \u00e8 stata sicuramente la novit\u00e0 pi\u00f9 importante in termini di evoluzione tecnologica. Si tratta di un congegno che, applicato in corso di colonscopia, aiuta in tempo reale l\u2019operatore a rilevare lesioni sospette per polipi o cancro. Qualcuno in modo un po\u2019 ardito lo paragona alla differenza che c\u2019\u00e8 tra pilotare un aereo \u201ca vista\u201d rispetto a pilotarlo con l&#8217;utilizzo del radar! Secondo recenti stime questo strumento aiuta il medico a rilevare lesioni sospette in una percentuale del 13% in pi\u00f9. Incrementato inoltre l\u2019utilizzo di una particolare tecnica di rimozione endoscopica delle lesioni neoplastiche anche maligne in fase iniziale: \u00a0l\u2019FTRD (Full Thickness Resection Device) per asportare \u201ca tutto spessore\u201d tali lesioni con il quale abbiamo trattato circa 30 pazienti che in alternativa avrebbero dovuto andare ad \u2019intervento chirurgico. Ulteriore tecnica terapeutica endoscopica utilizzata quest\u2019anno \u00e8 stata l\u2019ablazione a radiofrequenza. E\u2019 una tecnica che permette, mediante la\u00a0 generazione di calore (indotto dalla differenza di potenziale tra 2 elettrodi) di eliminare cellule malate (come nelle complicazioni dell\u2019Esofago di Barrett) o malformazioni vascolari ad altro rischio di sanguinamento (angiodisplasie, gravi forme di gastropatie congestizie).<\/p>\n<p>&nbsp;<\/p>\n<p>&nbsp;<\/p>\n<hr \/>\n<p>&nbsp;<\/p>\n<blockquote>\n<h3>UN ANNO DI GRANDI INNOVAZIONI ALLA RADIOTERAPIA DI BELLUNO<\/h3>\n<\/blockquote>\n<p><strong><a class=\"dt-pswp-item\" href=\"https:\/\/www.radiopiu.net\/wordpress\/wp-content\/uploads\/2022\/12\/foto-reparto-2022-scaled.jpg\" data-dt-img-description=\"\" data-large_image_width=\"2560\" data-large_image_height=\"1920\"><img loading=\"lazy\" decoding=\"async\" class=\" wp-image-313164 alignleft\" src=\"https:\/\/www.radiopiu.net\/wordpress\/wp-content\/uploads\/2022\/12\/foto-reparto-2022-300x225.jpg\" alt=\"\" width=\"173\" height=\"130\" srcset=\"https:\/\/www.radiopiu.net\/wordpress\/wp-content\/uploads\/2022\/12\/foto-reparto-2022-300x225.jpg 300w, https:\/\/www.radiopiu.net\/wordpress\/wp-content\/uploads\/2022\/12\/foto-reparto-2022-1024x768.jpg 1024w, https:\/\/www.radiopiu.net\/wordpress\/wp-content\/uploads\/2022\/12\/foto-reparto-2022-768x576.jpg 768w, https:\/\/www.radiopiu.net\/wordpress\/wp-content\/uploads\/2022\/12\/foto-reparto-2022-1536x1152.jpg 1536w, https:\/\/www.radiopiu.net\/wordpress\/wp-content\/uploads\/2022\/12\/foto-reparto-2022-2048x1536.jpg 2048w\" sizes=\"auto, (max-width: 173px) 100vw, 173px\" \/><\/a>BELLUNO <\/strong>Il reparto di Radioterpia Oncologica dell\u2019ospedale di Belluno nel corso del 2022 ha intrapreso una strada di alta specializzazione, grazie al nuovo acceleratore e alle tecniche introdotte che hanno consentito di proporre trattamenti avanguardia nella lotta al cancro. \u00abIn ambito uro-oncologico, grazie all\u2019implementazione di tecniche con erogazione modulata della dose abbinate a programmi di trattamento guidato dalle immagini, mediante marcatori fiduciali intraprostatici, siamo uno dei centri regionali all\u2019avanguardia nella la cura dei tumori della prostata con l\u2019esecuzione di trattamenti in sole 5 sedute. Per il tumore alla mammella in pazienti selezionate in base alle linee guida nazionali ed internazionali proponiamo l\u2019irradiazione parziale (Parzial Breast Irradiation) del seno operato. Le dimensioni limitate del campo di radioterapia e l\u2019utilizzo della intensit\u00e0 modulata (IMRT) consentono di risparmiare i tessuti sani circostanti ed anche in questo caso il trattamento pu\u00f2 essere eseguito 5 sedute. Abbiamo infime avviato un percorso di radioterapia stereotassica (SBRT) o radioterapia ablativa stereotattica (SABR). Questa tecnica, grazie alle sue caratteristiche di elevata efficacia e non invasivit\u00e0, trova ad oggi numerose applicazioni cliniche in ambito oncologico: tumori primitivi del rene, del polmone in stadio iniziale non candidabili a intervento chirurgico e per il trattamento delle oligometastasi (cerebrali, polmonari, epatiche, ossee e linfonodali) I macchinari d\u2019avanguardia portano benefici importanti per i pazienti, ma \u00e8 solo grazie alla competenza di tutti i singoli professionisti dello staf (medici, tecnici ed infermieri) che siamo riusciti a capitalizzare gli importanti investimenti in tecnologia, offrendo sia servizi di eccellenza ai nostri assistiti che garantendo alti volumi di trattamento\u00bb, spiega il direttore Alessandro Magli.<\/p>\n<p>&nbsp;<\/p>\n<p>&nbsp;<\/p>\n<hr \/>\n<p>&nbsp;<\/p>\n<blockquote>\n<h3>CHIUSA LA 61MA STAGIONE CONCERTISTICA DEL CORO MINIMO BELLUNESE<\/h3>\n<\/blockquote>\n<p><strong><a class=\"dt-pswp-item\" href=\"https:\/\/www.radiopiu.net\/wordpress\/wp-content\/uploads\/2022\/12\/321047101_527096599441539_4581443063094920132_n.jpg\" data-dt-img-description=\"\" data-large_image_width=\"1440\" data-large_image_height=\"960\"><img loading=\"lazy\" decoding=\"async\" class=\" wp-image-313195 alignleft\" src=\"https:\/\/www.radiopiu.net\/wordpress\/wp-content\/uploads\/2022\/12\/321047101_527096599441539_4581443063094920132_n-300x200.jpg\" alt=\"\" width=\"197\" height=\"131\" srcset=\"https:\/\/www.radiopiu.net\/wordpress\/wp-content\/uploads\/2022\/12\/321047101_527096599441539_4581443063094920132_n-300x200.jpg 300w, https:\/\/www.radiopiu.net\/wordpress\/wp-content\/uploads\/2022\/12\/321047101_527096599441539_4581443063094920132_n-1024x683.jpg 1024w, https:\/\/www.radiopiu.net\/wordpress\/wp-content\/uploads\/2022\/12\/321047101_527096599441539_4581443063094920132_n-768x512.jpg 768w, https:\/\/www.radiopiu.net\/wordpress\/wp-content\/uploads\/2022\/12\/321047101_527096599441539_4581443063094920132_n.jpg 1440w\" sizes=\"auto, (max-width: 197px) 100vw, 197px\" \/><\/a>BELLUNO<\/strong> All\u2019insegna di \u201cArmonie\u201d (titolo del loro ultimo cd) \u00e8 calato il sipario della 61ma stagione concertistica del Coro Minimo Bellunese che ha salutato i suoi simpatizzanti ed amanti del canto d\u2019ispirazione popolare nel corso di un applaudito con-certo tenuto al Teatro Comunale del capoluogo con grande concorso di pubblico. Il complesso cittadino, fondato nel lontano 1961 ed oggi diretto da Gianluca Nicolai e presieduto da Giorgio Dal Farra, ha presentato per l\u2019occasione tutti i canti del cd in un pomeriggio brillantemente condotto da Dino Bridda e Donatella Boldo. A rendere omaggio al coro sono saliti sul palco l\u2019assessore alla cultura Raffaele Addamiano, il presidente del Consiglio comunale Luciano Bassi, il consigliere provinciale Franco De Bon ed il presidente dell\u2019Abm Oscar De Bona. Nei loro interventi il \u201cMinimo\u201d \u00e8 stato riconosciuto valido ambasciatore della citt\u00e0 e della provincia di Belluno in centinaia di concerti in Italia e all\u2019estero presso le comunit\u00e0 bellunesi e venete. Omaggi del coro sono stati consegnati a Rosaprile Pietropoli, sorella di Lamberto, fondatore del coro stesso; Anna Gazzera, figlia del maestro Edoardo; i maestri Ma-nolo Da Rold, Enrico Miaroma e Luciano Casanova Fuga; mons. Giorgio Lise, retto-re della chiesa di S. Pietro dove \u00e8 stato inciso il cd \u201cArmonie\u201d. Chiuso cos\u00ec con successo il 2022, dopo una breve pausa l\u2019attivit\u00e0 riprender\u00e0 con la prossima stagione di concerti e con rinnovato entusiasmo dettato anche dalla recente entrata in organico di nuovi coristi.<\/p>\n<p>&nbsp;<\/p>\n<p>&nbsp;<\/p>\n<hr \/>\n<p>&nbsp;<\/p>\n<blockquote>\n<h3>IL NATALE DEGLI AMICI DEL NEVEGAL<\/h3>\n<\/blockquote>\n<p><strong><a class=\"dt-pswp-item\" href=\"https:\/\/www.radiopiu.net\/wordpress\/wp-content\/uploads\/2022\/12\/AMICI-DEL-NEVEGAL.png\" data-dt-img-description=\"\" data-large_image_width=\"267\" data-large_image_height=\"189\"><img loading=\"lazy\" decoding=\"async\" class=\" wp-image-313209 alignleft\" src=\"https:\/\/www.radiopiu.net\/wordpress\/wp-content\/uploads\/2022\/12\/AMICI-DEL-NEVEGAL.png\" alt=\"\" width=\"162\" height=\"115\" \/><\/a>BELLUNO<\/strong> Feste di Natale ricche di impegni per gli Amici del Nevegal: tornano gli auguri in presenza e le camminate notturne, mentre si guarda al 2023 con fiducia soprattutto per quanto riguarda la questione impianti.<\/p>\n<p><strong>di Daniele Dalvit<\/strong><\/p>\n<audio class=\"wp-audio-shortcode\" id=\"audio-313152-7\" preload=\"none\" style=\"width: 100%;\" controls=\"controls\"><source type=\"audio\/mpeg\" src=\"https:\/\/www.radiopiu.net\/wordpress\/wp-content\/uploads\/2022\/12\/DALVIT-AMICI-DEL-NEVEGAL.mp3?_=7\" \/><a href=\"https:\/\/www.radiopiu.net\/wordpress\/wp-content\/uploads\/2022\/12\/DALVIT-AMICI-DEL-NEVEGAL.mp3\">https:\/\/www.radiopiu.net\/wordpress\/wp-content\/uploads\/2022\/12\/DALVIT-AMICI-DEL-NEVEGAL.mp3<\/a><\/audio>\n<p>&nbsp;<\/p>\n<hr \/>\n<p>&nbsp;<\/p>\n<blockquote>\n<h3>LA PISCINA DI AGORDO OMAGGIA FILIPPO MONESTIER<\/h3>\n<\/blockquote>\n<p><strong>AGORDO<\/strong> Ultimo giorno di apertura della piscina di Agordo per il 2022. L&#8217;occasione per scambiarsi gli auguri per le festivit\u00e0 natalizie e per l&#8217;arrivo del 2023. Ma soprattutto per omaggiare Filippo Monestier<\/p>\n<p><strong>LA DIRETTA RADIO PIU&#8217;<\/strong><\/p>\n<p>https:\/\/www.facebook.com\/marco.baghy.1\/videos\/693254695525559<\/p>\n<p>&nbsp;<\/p>\n<hr \/>\n<p>&nbsp;<\/p>\n<blockquote>\n<h3>BUONE FESTE DAL CORO AGORDO<\/h3>\n<\/blockquote>\n<p><strong>AGORDO<\/strong> Importanti novit\u00e0 per il Coro Agordo che si riunisce anche, e soprattutto, per augurare buon Natale a tutti<\/p>\n<p><strong>LA DIRETTA RADIO PIU&#8217;<\/strong><\/p>\n<p>https:\/\/www.facebook.com\/marco.baghy.1\/videos\/457195686611838\/?<\/p>\n<p>&nbsp;<\/p>\n<hr \/>\n<p>&nbsp;<\/p>\n<blockquote>\n<h3>DOI NOTE PER LE VILE CON LA SCHOLA CANTORUM A LA VALLE<\/h3>\n<\/blockquote>\n<p><strong>LA VALLE<\/strong> La Schola Cantorum di La Valle organizza una serata di musica itinerante per le vie di La Valle. Cugnach, Fades e Lantrago le tre frazioni che verranno allietate dal gruppo lavallese.<\/p>\n<p><strong>LA DIRETTA RADIO PIU&#8217;<\/strong><\/p>\n<h1><\/h1>\n<p><iframe loading=\"lazy\" title=\"Schola Cantorum per le vie di La Valle\" width=\"1200\" height=\"675\" src=\"https:\/\/www.youtube.com\/embed\/k2qNLTdkeCE?feature=oembed\" frameborder=\"0\" allow=\"accelerometer; autoplay; clipboard-write; encrypted-media; gyroscope; picture-in-picture\" allowfullscreen><\/iframe><\/p>\n<p>&nbsp;<\/p>\n<hr \/>\n<p>&nbsp;<\/p>\n<blockquote>\n<h3>IL 16 GENNAIO I TEST D&#8217;INGRESSO ALLO SKI COLLEGE DI FALCADE<\/h3>\n<\/blockquote>\n<p><strong><a class=\"dt-pswp-item\" href=\"https:\/\/www.radiopiu.net\/wordpress\/wp-content\/uploads\/2022\/12\/ski-college-veneto-2022-2023-1.jpg\" data-dt-img-description=\"\" data-large_image_width=\"1900\" data-large_image_height=\"780\"><img loading=\"lazy\" decoding=\"async\" class=\" wp-image-313221 alignleft\" src=\"https:\/\/www.radiopiu.net\/wordpress\/wp-content\/uploads\/2022\/12\/ski-college-veneto-2022-2023-1-300x123.jpg\" alt=\"\" width=\"222\" height=\"91\" srcset=\"https:\/\/www.radiopiu.net\/wordpress\/wp-content\/uploads\/2022\/12\/ski-college-veneto-2022-2023-1-300x123.jpg 300w, https:\/\/www.radiopiu.net\/wordpress\/wp-content\/uploads\/2022\/12\/ski-college-veneto-2022-2023-1-1024x420.jpg 1024w, https:\/\/www.radiopiu.net\/wordpress\/wp-content\/uploads\/2022\/12\/ski-college-veneto-2022-2023-1-768x315.jpg 768w, https:\/\/www.radiopiu.net\/wordpress\/wp-content\/uploads\/2022\/12\/ski-college-veneto-2022-2023-1-1536x631.jpg 1536w, https:\/\/www.radiopiu.net\/wordpress\/wp-content\/uploads\/2022\/12\/ski-college-veneto-2022-2023-1.jpg 1900w\" sizes=\"auto, (max-width: 222px) 100vw, 222px\" \/><\/a>FALCADE <\/strong>Sono stati fissati per luned\u00ec 16 gennaio i test di ingresso allo\u00a0<a href=\"https:\/\/www.skicollegeveneto.it\/\">Ski College Veneto Falcade<\/a> per la stagione 2023-2024, per le discipline dello sci alpino, dello sci di fondo, dello snowboard e del biathlon. Prima del test atletico vi sar\u00e0 un breve incontro con il Tutor Scolastico per la presentazione della Convenzione fra lo Ski College Veneto. Il 18 gennaio, invece, alle 21, vi sar\u00e0 inoltre un incontro online su piattaforma GMeet con il C.D.A.\u00a0Le adesioni ai testi di ingresso vanno perfezionate entro il 10 gennaio.\u00a0Tutti i dettagli sono disponibili sul sito <a href=\"http:\/\/www.skicollegeveneto.it\">www.skicollegeveneto.it<\/a><\/p>\n<p>&nbsp;<\/p>\n<p>&nbsp;<\/p>\n<hr \/>\n<p>&nbsp;<\/p>\n<blockquote>\n<h3 class=\"entry-title\">FISCO: SOTTO L\u2019ALBERO TROVERA\u2019 UNA \u201cSORPRESA\u201d DA ALMENO 57 MILIARDI<\/h3>\n<\/blockquote>\n<p class=\"photoswipe-wrapper\"><a class=\"dt-pswp-item pspw-wrap-ready\" href=\"https:\/\/www.radiopiu.net\/wordpress\/wp-content\/uploads\/2022\/12\/Schermata-2022-12-23-alle-09.51.57.png\" data-dt-img-description=\"\" data-large_image_width=\"756\" data-large_image_height=\"1294\"><img loading=\"lazy\" decoding=\"async\" class=\"alignleft size-medium wp-image-313137\" src=\"https:\/\/www.radiopiu.net\/wordpress\/wp-content\/uploads\/2022\/12\/Schermata-2022-12-23-alle-09.51.57-175x300.png\" sizes=\"auto, (max-width: 175px) 100vw, 175px\" srcset=\"https:\/\/www.radiopiu.net\/wordpress\/wp-content\/uploads\/2022\/12\/Schermata-2022-12-23-alle-09.51.57-175x300.png 175w, https:\/\/www.radiopiu.net\/wordpress\/wp-content\/uploads\/2022\/12\/Schermata-2022-12-23-alle-09.51.57-598x1024.png 598w, https:\/\/www.radiopiu.net\/wordpress\/wp-content\/uploads\/2022\/12\/Schermata-2022-12-23-alle-09.51.57.png 756w\" alt=\"\" width=\"175\" height=\"300\" \/><\/a>Sar\u00e0 un ricco Natale per il fisco italiano. Nei primi 10 mesi di quest\u2019anno, infatti, ha incassato 57 miliardi di euro in pi\u00f9 rispetto allo stesso periodo del 2021. Una cifra \u201cspaventosa\u201d che, certamente, \u00e8 destinata ad aumentare. Con le scadenze fiscali di novembre e di dicembre, infatti, \u00e8 molto probabile che le maggiori entrate tributarie e contributive riferite al 2022 saliranno ancora di parecchi miliardi. A segnalarlo \u00e8 l\u2019Ufficio studi della CGIA.<\/p>\n<p><strong>Extra gettito non dovuto a nuove tasse<\/strong><br \/>\nQuesto extragettito, comunque, non \u00e8 il frutto di un inasprimento fiscale, ma della combinazione di tre aspetti congiunturali distinti. Il primo da un forte aumento dell\u2019inflazione, che ha fatto salire le imposte indirette; il secondo dal miglioramento economico e occupazionale avvenuto nella prima parte dell\u2019anno, che ha favorito la crescita delle imposte dirette e il terzo dall\u2019introduzione nel biennio 2020-2021 di molte proroghe e sospensioni dei versamenti tributari, agevolazioni che sono state cancellate per il 2022. Oltre a queste tre specificit\u00e0, va altres\u00ec considerato che a partire da marzo di quest\u2019anno le famiglie italiane percepiscono l\u2019assegno unico, misura che ha sostituito le \u201cvecchie\u201d detrazioni per i figli a carico. Questa novit\u00e0 (a parit\u00e0 di condizioni) ha delle evidenti implicazioni sul calcolo della pressione fiscale. Se le detrazioni riducevano l\u2019IRPEF da versare al fisco, la loro abolizione ha incrementato il gettito fiscale complessivo annuo di circa 8,2 miliardi di euro. Ricordiamo che, ora, le risorse per erogare l\u2019assegno unico vengono contabilizzate nel bilancio statale come uscite.<br \/>\nMancano tuttavia all\u2019appello quasi 8 miliardi<\/p>\n<p>Con la tassa sugli extraprofitti applicata alle imprese energetiche dal Governo Draghi, nel 2022 l\u2019erario doveva incassare complessivamente 10,5 miliardi di euro. Dopo il saldo del 30 novembre scorso, invece, nelle casse dello Stato sono \u201carrivati\u201d solo 2,7 miliardi di euro. Pertanto, tra i 57 incassati provvisoriamente in pi\u00f9 quest\u2019anno mancano sicuramente all\u2019appello altri 7,8 miliardi di euro. La Corte dei Conti ha cercato di individuare le ragioni di questo flop, segnalando queste criticit\u00e0, ovvero:<\/p>\n<p>l\u2019identificazione dei soggetti a cui si applica il contributo;<br \/>\nmodalit\u00e0 di determinazione della base imponibile;<br \/>\npossibili problemi di costituzionalit\u00e0 del tributo (al riguardo viene richiamata la sentenza n. 10 dell\u201911 febbraio 2015 avente oggetto la cosiddetta Robin Hood Tax);<br \/>\nl\u2019indeducibilit\u00e0 del tributo;<br \/>\nla possibile traslazione del contributo sul consumatore finale.<\/p>\n<p><strong class=\"photoswipe-wrapper\"><a class=\"dt-pswp-item pspw-wrap-ready\" href=\"https:\/\/www.radiopiu.net\/wordpress\/wp-content\/uploads\/2022\/12\/Schermata-2022-12-23-alle-09.52.10.png\" data-dt-img-description=\"\" data-large_image_width=\"950\" data-large_image_height=\"366\"><img loading=\"lazy\" decoding=\"async\" class=\"alignleft size-medium wp-image-313136\" src=\"https:\/\/www.radiopiu.net\/wordpress\/wp-content\/uploads\/2022\/12\/Schermata-2022-12-23-alle-09.52.10-300x116.png\" sizes=\"auto, (max-width: 300px) 100vw, 300px\" srcset=\"https:\/\/www.radiopiu.net\/wordpress\/wp-content\/uploads\/2022\/12\/Schermata-2022-12-23-alle-09.52.10-300x116.png 300w, https:\/\/www.radiopiu.net\/wordpress\/wp-content\/uploads\/2022\/12\/Schermata-2022-12-23-alle-09.52.10-768x296.png 768w, https:\/\/www.radiopiu.net\/wordpress\/wp-content\/uploads\/2022\/12\/Schermata-2022-12-23-alle-09.52.10.png 950w\" alt=\"\" width=\"300\" height=\"116\" \/><\/a>Nel 2022 gettito record da 568,4 miliardi: +52,2% rispetto a 20 anni fa<\/strong><\/p>\n<p>Secondo gli ultimi dati presentati nella Nota di aggiornamento 2022 (versione rivista e integrata) del 4 novembre scorso, quest\u2019anno il gettito tributario dovrebbe toccare la soglia record di 568,4 miliardi di euro. Come abbiamo riportato pi\u00f9 sopra, questo risultato non \u00e8 ascrivibile ad un incremento del prelievo fiscale sui contribuenti, ma dall\u2019interazione di una serie di aspetti congiunturali emersi quest\u2019anno. Va tuttavia sottolineato che, rispetto a 20 anni fa, la crescita del gettito tributario \u00e8 stata del 52,2 per cento; sempre nello stesso periodo, invece, il Pil \u00e8 salito del 41 per cento e l\u2019inflazione del 42,8 per cento. Dei 568,4 miliardi che l\u2019erario incasser\u00e0 quest\u2019anno, ammonta a 279,1 miliardi la dimensione economica delle imposte indirette (Iva, imposta di registro, etc.), a 284,4 miliardi le imposte dirette (Irpef, Ires, etc.) e a 4,8 miliardi le imposte in conto capitale (imposte di successione, condoni, etc.)<\/p>\n<p><strong class=\"photoswipe-wrapper\"><a class=\"dt-pswp-item pspw-wrap-ready\" href=\"https:\/\/www.radiopiu.net\/wordpress\/wp-content\/uploads\/2022\/12\/Schermata-2022-12-23-alle-09.52.32.png\" data-dt-img-description=\"\" data-large_image_width=\"1312\" data-large_image_height=\"846\"><img loading=\"lazy\" decoding=\"async\" class=\"alignleft size-medium wp-image-313135\" src=\"https:\/\/www.radiopiu.net\/wordpress\/wp-content\/uploads\/2022\/12\/Schermata-2022-12-23-alle-09.52.32-300x193.png\" sizes=\"auto, (max-width: 300px) 100vw, 300px\" srcset=\"https:\/\/www.radiopiu.net\/wordpress\/wp-content\/uploads\/2022\/12\/Schermata-2022-12-23-alle-09.52.32-300x193.png 300w, https:\/\/www.radiopiu.net\/wordpress\/wp-content\/uploads\/2022\/12\/Schermata-2022-12-23-alle-09.52.32-1024x660.png 1024w, https:\/\/www.radiopiu.net\/wordpress\/wp-content\/uploads\/2022\/12\/Schermata-2022-12-23-alle-09.52.32-768x495.png 768w, https:\/\/www.radiopiu.net\/wordpress\/wp-content\/uploads\/2022\/12\/Schermata-2022-12-23-alle-09.52.32.png 1312w\" alt=\"\" width=\"300\" height=\"193\" \/><\/a>Solo con meno spesa pubblica possiamo ridurre le tasse<\/strong><br \/>\nDall\u2019Ufficio studi della CGIA non hanno dubbi: la vera sfida \u00e8 far funzionare meglio e con costi inferiori la macchina pubblica. Se, infatti, fossimo in grado con un colpo di bacchetta magica di eliminare una buona parte degli sprechi e degli sperperi che si annida all\u2019interno della nostra Pubblica Amministrazione (PA), probabilmente la spesa pubblica italiana costerebbe molto meno e, conseguentemente, il livello della pressione tributaria sarebbe pi\u00f9 contenuto, avvantaggiando proprio coloro che le tasse le versano tutte, fino all\u2019ultimo centesimo. Segnaliamo che il costo annuo sostenuto dalle imprese per la gestione burocratica dei rapporti con la PA \u00e8 pari a 57 miliardi di euro all\u2019anno. I debiti commerciali che lo Stato e le sue articolazioni periferiche hanno nei confronti dei propri fornitori (in particolar modo Pmi) ammontano a 55,6 miliardi di euro. Senza contare la malagiustizia, il deficit infrastrutturale e l\u2019arretratezza del nostro trasporto pubblico locale. Insomma, se riusciremo ad ammodernare la macchina pubblica, i cittadini e le imprese riceveranno servizi migliori a minor costo e chi ci governa potr\u00e0 contare su un numero di risorse maggiori per tagliare le tasse.<\/p>\n<p>&nbsp;<\/p>\n<p class=\"p1\"><em>Nel corso degli anni \u00e8 costantemente aumentato l\u2019ammontare del gettito tributario; tuttavia nell\u2019interpretare l\u2019entit\u00e0 di tale incremento come crescita del peso del fisco sul contribuente, bisogna anche considerare che parallelamente sono anche cresciute quelle risorse che seppur contabilizzate come spese nella contabilit\u00e0 nazionale concorrono a ridurre l\u2019effettiva pressione tributaria.<\/em><\/p>\n<p class=\"p1\"><em>Sebbene manchi una serie storica dell\u2019entit\u00e0 delle risorse che riducono la pressione fiscale contabilizzate come spese, negli ultimi anni i documenti ministeriali programmatici di finanza pubblica accennano a questo fenomeno. Inoltre nel DEF 2022 si precisa che i dati che emergono dalla contabilit\u00e0 nazionale non sono rappresentativi dell\u2019effettivo carico che grava sul contribuente in quanto le regole statistiche internazionali di contabilit\u00e0 pubblica impongono di contabilizzare alcune agevolazioni fiscali come voci di spesa. Rientrano in tale gruppo di spese ad esempio il trattamento integrativo in busta paga (ex bonus Renzi prima, bonus 100\u20ac dopo), ma anche molti crediti di imposta concessi sia alle imprese che ai privati cittadini che possono essere portati in compensazione delle spese. Si tratta di cifre considerevoli, stimata dal Ministero delle Finanze in 23,1 miliardi di euro per il 2020, in 30,8 miliardi di euro per il 2021 e in 31,8 miliardi per il 2022.<\/em><\/p>\n<p>&nbsp;<\/p>\n<p>&nbsp;<\/p>\n<hr \/>\n<p>&nbsp;<\/p>\n<blockquote>\n<h3 class=\"entry-title\">SPECIALE VALPE \u2013 AMBIENTE\u2026.INFORMAZIONI, INDICAZIONI ORARI<\/h3>\n<\/blockquote>\n<p><span class=\"photoswipe-wrapper\"><a class=\"dt-pswp-item pspw-wrap-ready\" href=\"https:\/\/www.radiopiu.net\/wordpress\/wp-content\/uploads\/2022\/12\/ingresso-ecocentro.jpg\" data-dt-img-description=\"\" data-large_image_width=\"1600\" data-large_image_height=\"720\"><img loading=\"lazy\" decoding=\"async\" class=\"wp-image-312801 alignleft\" src=\"https:\/\/www.radiopiu.net\/wordpress\/wp-content\/uploads\/2022\/12\/ingresso-ecocentro-300x135.jpg\" sizes=\"auto, (max-width: 191px) 100vw, 191px\" srcset=\"https:\/\/www.radiopiu.net\/wordpress\/wp-content\/uploads\/2022\/12\/ingresso-ecocentro-300x135.jpg 300w, https:\/\/www.radiopiu.net\/wordpress\/wp-content\/uploads\/2022\/12\/ingresso-ecocentro-1024x461.jpg 1024w, https:\/\/www.radiopiu.net\/wordpress\/wp-content\/uploads\/2022\/12\/ingresso-ecocentro-768x346.jpg 768w, https:\/\/www.radiopiu.net\/wordpress\/wp-content\/uploads\/2022\/12\/ingresso-ecocentro-1536x691.jpg 1536w, https:\/\/www.radiopiu.net\/wordpress\/wp-content\/uploads\/2022\/12\/ingresso-ecocentro.jpg 1600w\" alt=\"\" width=\"191\" height=\"86\" \/><\/a>Dal 22 dicembre in localit\u00e0 Valcozzena \u00e8 aperto il nuovo\u00a0<strong>Ecocentro sovracomunale di Agordo \u2013 Taibon<\/strong>.\u00a0<\/span>La nuova struttura, finanziata dal Fondo Comuni Confinanti, \u00e8 accessibile a tutte le utenze dell\u2019Unione Montana Agordina e offre un servizio di qualit\u00e0 nel rispetto delle normative vigenti.\u00a0Per consultare gli orari di apertura e per maggiori informazioni vai al sito\u00a0<a href=\"mailto:valpeambiente.it\">valpeambiente.it<\/a>\u00a0o chiama il nuovo numero verde gratuito 800.94.76.73.<\/p>\n<p>&nbsp;<\/p>\n<p>&nbsp;<\/p>\n<p><img loading=\"lazy\" decoding=\"async\" class=\"alignleft\" src=\"https:\/\/www.radiopiu.net\/wordpress\/wp-content\/uploads\/2021\/09\/Ecosportello_Agordo_1-scaled.jpg\" width=\"206\" height=\"137\" \/>Dal 1\u00b0 gennaio puoi contattare Valpe Ambiente grazie al\u00a0<b>nuovo numero verde 800.94.76.73. E\u2019 disponibile per tutte le utenze servite e raggiungibile con chiamata gratuita\u00a0<\/b>sia da telefono fisso che da cellulare. Con l\u2019attivazione di questo nuovo numero, saranno dismessi tutti i vecchi riferimenti telefonici. Per maggiori informazioni vai alla sezione News del sito\u00a0<a href=\"http:\/\/www.valpeambiente.it\/\" target=\"_blank\" rel=\"noopener noreferrer\">www.valpeambiente.it<\/a>.<\/p>\n<p>&nbsp;<\/p>\n<p>&nbsp;<\/p>\n<p>&nbsp;<\/p>\n<hr \/>\n<p>&nbsp;<\/p>\n<p>&nbsp;<\/p>\n<blockquote>\n<h3 class=\"entry-title\"><a class=\"dt-pswp-item\" href=\"https:\/\/www.radiopiu.net\/wordpress\/wp-content\/uploads\/2022\/12\/4e01701e-482a-40c9-858b-6e667bff5a11.jpg\" data-dt-img-description=\"\" data-large_image_width=\"1447\" data-large_image_height=\"2048\"><img loading=\"lazy\" decoding=\"async\" class=\"wp-image-313065 alignleft\" src=\"https:\/\/www.radiopiu.net\/wordpress\/wp-content\/uploads\/2022\/12\/4e01701e-482a-40c9-858b-6e667bff5a11-212x300.jpg\" alt=\"\" width=\"89\" height=\"126\" srcset=\"https:\/\/www.radiopiu.net\/wordpress\/wp-content\/uploads\/2022\/12\/4e01701e-482a-40c9-858b-6e667bff5a11-212x300.jpg 212w, https:\/\/www.radiopiu.net\/wordpress\/wp-content\/uploads\/2022\/12\/4e01701e-482a-40c9-858b-6e667bff5a11-724x1024.jpg 724w, https:\/\/www.radiopiu.net\/wordpress\/wp-content\/uploads\/2022\/12\/4e01701e-482a-40c9-858b-6e667bff5a11-768x1087.jpg 768w, https:\/\/www.radiopiu.net\/wordpress\/wp-content\/uploads\/2022\/12\/4e01701e-482a-40c9-858b-6e667bff5a11-1085x1536.jpg 1085w, https:\/\/www.radiopiu.net\/wordpress\/wp-content\/uploads\/2022\/12\/4e01701e-482a-40c9-858b-6e667bff5a11.jpg 1447w\" sizes=\"auto, (max-width: 89px) 100vw, 89px\" \/><\/a>ANCHE AD AGORDO SCUOLA APERTA A GENITORI E FIGLI, IL 12 GENNAIO ALLE 17.30<\/h3>\n<\/blockquote>\n<p><strong>AGORDO<\/strong>\u00a0Apriamo la scuola \u00e8 l\u2019iniziativa della Scuola Primaria di Agordo che invita genitori e i propri bambini a visitare i locali e conoscere l\u2019offerta scolastica. Mentre i genitori saranno impegnati nel giro panoramico, i bambini verranno accolti dalle maestre che li coinvolgeranno in attivit\u00e0 manuali e digitali. Per i piccoli sar\u00e0 un\u2019 occasione per conoscere il nuovo ambiente e per i genitori ricevere le informazioni organizzative e didattiche.<\/p>\n<p>&nbsp;<\/p>\n<p>&nbsp;<\/p>\n<hr \/>\n<p>&nbsp;<\/p>\n<p><a class=\"dt-pswp-item\" href=\"https:\/\/www.radiopiu.net\/wordpress\/wp-content\/uploads\/2022\/12\/Senza-nome-78.jpg\" data-dt-img-description=\"\" data-large_image_width=\"822\" data-large_image_height=\"722\"><img loading=\"lazy\" decoding=\"async\" class=\"size-medium wp-image-311532 aligncenter\" src=\"https:\/\/www.radiopiu.net\/wordpress\/wp-content\/uploads\/2022\/12\/Senza-nome-78-300x264.jpg\" alt=\"\" width=\"300\" height=\"264\" srcset=\"https:\/\/www.radiopiu.net\/wordpress\/wp-content\/uploads\/2022\/12\/Senza-nome-78-300x264.jpg 300w, https:\/\/www.radiopiu.net\/wordpress\/wp-content\/uploads\/2022\/12\/Senza-nome-78-768x675.jpg 768w, https:\/\/www.radiopiu.net\/wordpress\/wp-content\/uploads\/2022\/12\/Senza-nome-78.jpg 822w\" sizes=\"auto, (max-width: 300px) 100vw, 300px\" \/><\/a><\/p>\n<p>&nbsp;<\/p>\n<p>&nbsp;<\/p>\n<hr \/>\n<p>&nbsp;<\/p>\n<blockquote>\n<h3>MERCATINI DI NATALE A SOTTOGUDA<\/h3>\n<\/blockquote>\n<p><strong>ROCCA PIETORE<\/strong> Tre giorni di mercatini sotto la Marmolada. Torna a Sottoguda &#8220;Nad\u00e8l Ignanter i Tabiei&#8221; il 28, 29 e 30 dicembre dalle 13 alle 19. Mercoled\u00ec 28 alle 16 &#8220;Dolci note sotto la neve&#8221; con il Coro Sottoguda. Venerd\u00ec 30 dicembre alle 17 &#8220;Una montagna di note&#8221; con l&#8217;Orchestra Dolomiti.<\/p>\n<p><a class=\"dt-pswp-item\" href=\"https:\/\/www.radiopiu.net\/wordpress\/wp-content\/uploads\/2022\/12\/7b12f4ab-d16b-4440-9e84-3a4af82af38b.jpg\" data-dt-img-description=\"\" data-large_image_width=\"1131\" data-large_image_height=\"1600\"><img loading=\"lazy\" decoding=\"async\" class=\"size-medium wp-image-311657 aligncenter\" src=\"https:\/\/www.radiopiu.net\/wordpress\/wp-content\/uploads\/2022\/12\/7b12f4ab-d16b-4440-9e84-3a4af82af38b-212x300.jpg\" alt=\"\" width=\"212\" height=\"300\" srcset=\"https:\/\/www.radiopiu.net\/wordpress\/wp-content\/uploads\/2022\/12\/7b12f4ab-d16b-4440-9e84-3a4af82af38b-212x300.jpg 212w, https:\/\/www.radiopiu.net\/wordpress\/wp-content\/uploads\/2022\/12\/7b12f4ab-d16b-4440-9e84-3a4af82af38b-724x1024.jpg 724w, https:\/\/www.radiopiu.net\/wordpress\/wp-content\/uploads\/2022\/12\/7b12f4ab-d16b-4440-9e84-3a4af82af38b-768x1086.jpg 768w, https:\/\/www.radiopiu.net\/wordpress\/wp-content\/uploads\/2022\/12\/7b12f4ab-d16b-4440-9e84-3a4af82af38b-1086x1536.jpg 1086w, https:\/\/www.radiopiu.net\/wordpress\/wp-content\/uploads\/2022\/12\/7b12f4ab-d16b-4440-9e84-3a4af82af38b.jpg 1131w\" sizes=\"auto, (max-width: 212px) 100vw, 212px\" \/><\/a><\/p>\n<p>&nbsp;<\/p>\n<hr \/>\n<p>&nbsp;<\/p>\n<blockquote>\n<h3>TI MANCA L&#8217;INVERNO? CI PENSANO LE ATTIVITA&#8217; ECONOMICHE DI FALCADE E CAVIOLA<\/h3>\n<\/blockquote>\n<blockquote>\n<h3><a class=\"dt-pswp-item\" href=\"https:\/\/www.radiopiu.net\/wordpress\/wp-content\/uploads\/2022\/12\/Senza-nome-100.jpg\" data-dt-img-description=\"\" data-large_image_width=\"742\" data-large_image_height=\"356\"><img loading=\"lazy\" decoding=\"async\" class=\"size-medium wp-image-312733 alignleft\" src=\"https:\/\/www.radiopiu.net\/wordpress\/wp-content\/uploads\/2022\/12\/Senza-nome-100-300x144.jpg\" alt=\"\" width=\"300\" height=\"144\" srcset=\"https:\/\/www.radiopiu.net\/wordpress\/wp-content\/uploads\/2022\/12\/Senza-nome-100-300x144.jpg 300w, https:\/\/www.radiopiu.net\/wordpress\/wp-content\/uploads\/2022\/12\/Senza-nome-100.jpg 742w\" sizes=\"auto, (max-width: 300px) 100vw, 300px\" \/><\/a>MERCATINI DI NATALE A FALCADE, IN PIAZZA DEL MUNICIPIO: DAL 24 DICEMBRE ALL&#8217;8 GENNAIO DALLE 16 ALLE 19.<\/h3>\n<\/blockquote>\n<p>GLI APPUNTAMENTI IN PIAZZA DEL MUNICIPIO ACCANTO AL MERCATINO: 25 DICEMBRE DALLE 18 UNA FOTO CON BABBO NATALE, 27 DICEMBRE DALLE 18 I BALLI DEL GRUPPO FOLK VAL BIOIS, 28 DICEMBRE ALLE 20 IN CHIESA A CANALE D&#8217;AGORDO CONCERTO DI NATALE CON I RUDEMA&#8217;, 29 DICEMBRE ALLE 21 IN CHIESA A FALCADE CONCERTO IN ONORE DI DANTE MORO CON SILVIA TESSARI E L&#8217;ORCHESTRA DOLOMITI SINFONIA, 31 DICEMBRE CAPODANNO AL PARCO GIOCHI DI FALCADE, DJ SET E AREA BAR &#8211; DIRETTA SU RADIO PIU &#8211;<br \/>\nCHE INVERNO&#8230; A FALCADE E CAVIOLA<\/p>\n<p>1 GENNAIO IL BALLO DEI COSCRITTI AL PALAFALCADE, 3 GENNAIO ALLE 21 CONCERTO DEL CORO VAL BIOIS IN CHIESA A CAVIOLA CON INTERMEZZI ALL&#8217;ORGANO DI LORIS SERAFINI. IN PIAZZA DEL MUNICIPIO ACCANTO AL MERCATINO: IL 4 GENNAIO ALLE 16 APERITIVO DEI COSCRITTI DJ E AREA BAR, IL 5 GENNAIO ALLE 18 MUSICHE POPOLARI CON I TIRATAIE E PASSAGGIO DELLA BEFANA, 7 GENNAIO DALLE 18 IL GRUPPO FOLK BATI ORZ DI SAN TOMASO.<\/p>\n<blockquote>\n<h2>CHE INVERNO&#8230; A FALCADE E CAVIOLA<\/h2>\n<\/blockquote>\n<p><a class=\"dt-pswp-item\" href=\"https:\/\/www.radiopiu.net\/wordpress\/wp-content\/uploads\/2022\/12\/RUDEMA-Concerto-di-natale-.jpg\" data-dt-img-description=\"\" data-large_image_width=\"1587\" data-large_image_height=\"2245\"><img loading=\"lazy\" decoding=\"async\" class=\"size-medium wp-image-313173 aligncenter\" src=\"https:\/\/www.radiopiu.net\/wordpress\/wp-content\/uploads\/2022\/12\/RUDEMA-Concerto-di-natale--212x300.jpg\" alt=\"\" width=\"212\" height=\"300\" srcset=\"https:\/\/www.radiopiu.net\/wordpress\/wp-content\/uploads\/2022\/12\/RUDEMA-Concerto-di-natale--212x300.jpg 212w, https:\/\/www.radiopiu.net\/wordpress\/wp-content\/uploads\/2022\/12\/RUDEMA-Concerto-di-natale--724x1024.jpg 724w, https:\/\/www.radiopiu.net\/wordpress\/wp-content\/uploads\/2022\/12\/RUDEMA-Concerto-di-natale--768x1086.jpg 768w, https:\/\/www.radiopiu.net\/wordpress\/wp-content\/uploads\/2022\/12\/RUDEMA-Concerto-di-natale--1086x1536.jpg 1086w, https:\/\/www.radiopiu.net\/wordpress\/wp-content\/uploads\/2022\/12\/RUDEMA-Concerto-di-natale--1448x2048.jpg 1448w, https:\/\/www.radiopiu.net\/wordpress\/wp-content\/uploads\/2022\/12\/RUDEMA-Concerto-di-natale-.jpg 1587w\" sizes=\"auto, (max-width: 212px) 100vw, 212px\" \/><\/a><\/p>\n<p>&nbsp;<\/p>\n<hr \/>\n<p>&nbsp;<\/p>\n<blockquote>\n<h3>I PRESEPI DEI COLMIEI E DE LE VILE<\/h3>\n<\/blockquote>\n<p><strong>CANALE D&#8217;AGORDO<\/strong> Torna a Canale D&#8217;Agordo anche quest&#8217;inverno l&#8217;iniziativa <b><i>&#8220;I Presepi dei Colmi\u00e9i e de le V\u00ecle&#8221;<\/i><\/b>. Si tratta della 3\u00b0 edizione di una tradizione che \u00e8 stata ripresa dal passato e che coinvolge la Comunit\u00e0 di Canale d&#8217;Agordo: ogni Colm\u00e8l (=quartiere) realizza un presepe secondo il proprio ingegno e la propria creativit\u00e0, in un percorso lungo le vie di questo borgo suggestivo della Valle del Biois. La mappa delle postazioni \u00e8 consultabile inquadrando il QR Code sui manifesti, mentre la cartina \u00e8 disponibile in formato cartaceo presso l&#8217;ufficio informazioni al Museo Albino Luciani, aperto dal 23.12 tutti i giorni fino al 08.01 (tranne il 25.12, il 31.12 pomeriggio e il 01.01 mattina).<\/p>\n<p><strong>di Gianni Santomaso<\/strong><\/p>\n<audio class=\"wp-audio-shortcode\" id=\"audio-313152-8\" preload=\"none\" style=\"width: 100%;\" controls=\"controls\"><source type=\"audio\/mpeg\" src=\"https:\/\/www.radiopiu.net\/wordpress\/wp-content\/uploads\/2022\/12\/GIANNI-PRESEPI-COLMIEI.mp3?_=8\" \/><a href=\"https:\/\/www.radiopiu.net\/wordpress\/wp-content\/uploads\/2022\/12\/GIANNI-PRESEPI-COLMIEI.mp3\">https:\/\/www.radiopiu.net\/wordpress\/wp-content\/uploads\/2022\/12\/GIANNI-PRESEPI-COLMIEI.mp3<\/a><\/audio>\n<p>&nbsp;<\/p>\n<hr \/>\n<p>&nbsp;<\/p>\n<blockquote>\n<h3>CONCERTO DI NATALE PER IL PERSONALE DELL&#8217;OSPEDALE DI AGORDO<\/h3>\n<\/blockquote>\n<p><strong><a class=\"dt-pswp-item\" href=\"https:\/\/www.radiopiu.net\/wordpress\/wp-content\/uploads\/2022\/12\/AGORDO-I-tre-fratelli-Bosio.jpg\" data-dt-img-description=\"\" data-large_image_width=\"1024\" data-large_image_height=\"641\"><img loading=\"lazy\" decoding=\"async\" class=\" wp-image-312531 alignleft\" src=\"https:\/\/www.radiopiu.net\/wordpress\/wp-content\/uploads\/2022\/12\/AGORDO-I-tre-fratelli-Bosio-300x188.jpg\" alt=\"\" width=\"155\" height=\"97\" srcset=\"https:\/\/www.radiopiu.net\/wordpress\/wp-content\/uploads\/2022\/12\/AGORDO-I-tre-fratelli-Bosio-300x188.jpg 300w, https:\/\/www.radiopiu.net\/wordpress\/wp-content\/uploads\/2022\/12\/AGORDO-I-tre-fratelli-Bosio-768x481.jpg 768w, https:\/\/www.radiopiu.net\/wordpress\/wp-content\/uploads\/2022\/12\/AGORDO-I-tre-fratelli-Bosio.jpg 1024w\" sizes=\"auto, (max-width: 155px) 100vw, 155px\" \/><\/a>AGORDO <\/strong>Si chiude con un significativo evento l\u2019intensa stagione 2022 del Circolo culturale agordino, presieduto da Lionella Tonet. Se quest\u2019anno, per cause di forza maggiore (cambio della direzione) il Coro Agordo ha dovuto rimandare il tradizionale Concerto di S.Stefano in Arcidiconale, sar\u00e0 la sala don Tamis ad ospitare un inedito Concerto di Natale promosso dal Circolo culturale in collaborazione con Agordo Musica e il patrocinio del Comune di Agordo e dell\u2019Unione montana agordina. Un concerto dal duplice interesse e richiamo quello programmato per mercoled\u00ec 28 dicembre, alle 20:30.<\/p>\n<p>&nbsp;<\/p>\n<hr \/>\n<p>&nbsp;<\/p>\n<blockquote>\n<h3>ALVISE DE TONI APERTO AL PATTINAGGIO LIBERO<\/h3>\n<\/blockquote>\n<p><strong>ALLEGHE<\/strong> Da oggi e fino all&#8217;8 gennaio lo stadio Alvise De Toni di Alleghe sar\u00e0 aperto al pattinaggio libero. L&#8217;orario dalle 16:30 alle 18:30 e dalle 21 alle 23. Il 31 dicembre apertura solo al pomeriggio. Per informazioni 388 1866668<\/p>\n<p>&nbsp;<\/p>\n<p>&nbsp;<\/p>\n<hr \/>\n<p>&nbsp;<\/p>\n<blockquote>\n<h3>GLI AUGURI DI NATALE DALL&#8217;ASSOCIAZIONE DANZA AGORDINA<\/h3>\n<\/blockquote>\n<p><strong>REDAZIONE<\/strong> Anche quest&#8217;anno l&#8217;Associazione Danza Agordina ha preparato un video per augurare a tutti buon Natale.<\/p>\n<div style=\"width: 1200px;\" class=\"wp-video\"><video class=\"wp-video-shortcode\" id=\"video-313152-3\" width=\"1200\" height=\"675\" preload=\"metadata\" controls=\"controls\"><source type=\"video\/mp4\" src=\"https:\/\/www.radiopiu.net\/wordpress\/wp-content\/uploads\/2022\/12\/Video-saggio-Natale-ada.mp4?_=3\" \/><a href=\"https:\/\/www.radiopiu.net\/wordpress\/wp-content\/uploads\/2022\/12\/Video-saggio-Natale-ada.mp4\">https:\/\/www.radiopiu.net\/wordpress\/wp-content\/uploads\/2022\/12\/Video-saggio-Natale-ada.mp4<\/a><\/video><\/div>\n<p>&nbsp;<\/p>\n<hr \/>\n<p>&nbsp;<\/p>\n<blockquote>\n<h3>I BAMBINI DI FALCADE SI ESIBISCONO SOTTO L&#8217;ALBERO DI NATALE<\/h3>\n<\/blockquote>\n<p><strong>FALCADE<\/strong> I bambini della scuola dell&#8217;infanzia di Falcade hanno cantato le loro canzoni sotto l&#8217;albero di Natale in piazza del Municipio. Il Gruppo Alpini di Falcade ha collaborato per la buona riuscita della manifestazione distribuendo the e panettone agli intervenuti.<\/p>\n<div style=\"width: 848px;\" class=\"wp-video\"><video class=\"wp-video-shortcode\" id=\"video-313152-4\" width=\"848\" height=\"480\" preload=\"metadata\" controls=\"controls\"><source type=\"video\/mp4\" src=\"https:\/\/www.radiopiu.net\/wordpress\/wp-content\/uploads\/2022\/12\/WhatsApp-Video-2022-12-23-at-22.48.36.mp4?_=4\" \/><a href=\"https:\/\/www.radiopiu.net\/wordpress\/wp-content\/uploads\/2022\/12\/WhatsApp-Video-2022-12-23-at-22.48.36.mp4\">https:\/\/www.radiopiu.net\/wordpress\/wp-content\/uploads\/2022\/12\/WhatsApp-Video-2022-12-23-at-22.48.36.mp4<\/a><\/video><\/div>\n<p>&nbsp;<\/p>\n<hr \/>\n<p>&nbsp;<\/p>\n<blockquote>\n<h3>IL BALLETTO DELLO SCOIATTOLO ROSSO DI VOLTAGO<\/h3>\n<\/blockquote>\n<p><strong>REDAZIONE<\/strong> Ormai lo conosciamo bene&#8230;Mario De Marco con i suoi video e le sue foto naturalistiche ci sa sempre emozionare. Questa volta ha filmato uno scoiattolo alla ricerca di cibo nella neve.<\/p>\n<p><strong>IL MESSAGGIO DI MARIO DE MARCO<\/strong><\/p>\n<p><em>Arrivata la neve anche per loro e continua la ricerca per la spasmodica ricerca di cibo&#8230;con questo vi auguro a tutti giorni sereni<\/em><\/p>\n<div style=\"width: 640px;\" class=\"wp-video\"><video class=\"wp-video-shortcode\" id=\"video-313152-5\" width=\"640\" height=\"352\" preload=\"metadata\" controls=\"controls\"><source type=\"video\/mp4\" src=\"https:\/\/www.radiopiu.net\/wordpress\/wp-content\/uploads\/2022\/12\/WhatsApp-Video-2022-12-22-at-14.40.32.mp4?_=5\" \/><a href=\"https:\/\/www.radiopiu.net\/wordpress\/wp-content\/uploads\/2022\/12\/WhatsApp-Video-2022-12-22-at-14.40.32.mp4\">https:\/\/www.radiopiu.net\/wordpress\/wp-content\/uploads\/2022\/12\/WhatsApp-Video-2022-12-22-at-14.40.32.mp4<\/a><\/video><\/div>\n<p>&nbsp;<\/p>\n<p>&nbsp;<\/p>\n<hr \/>\n<p>&nbsp;<\/p>\n<h2><span style=\"color: #993300;\">&#8220;CICHE CIAF TELEFONO TACUIN&#8221; IL NUOVO SINGOLO DEI TIRATAIE. LA PRESENTAZIONE A RADIO PIU&#8217;<\/span><\/h2>\n<p><strong><a class=\"dt-pswp-item\" href=\"https:\/\/www.radiopiu.net\/wordpress\/wp-content\/uploads\/2022\/12\/b6362df5-dde0-4f5f-8b3d-915d540027d6.jpg\" data-dt-img-description=\"\" data-large_image_width=\"1024\" data-large_image_height=\"972\"><img loading=\"lazy\" decoding=\"async\" class=\" wp-image-312945 alignleft\" src=\"https:\/\/www.radiopiu.net\/wordpress\/wp-content\/uploads\/2022\/12\/b6362df5-dde0-4f5f-8b3d-915d540027d6-300x285.jpg\" alt=\"\" width=\"157\" height=\"149\" srcset=\"https:\/\/www.radiopiu.net\/wordpress\/wp-content\/uploads\/2022\/12\/b6362df5-dde0-4f5f-8b3d-915d540027d6-300x285.jpg 300w, https:\/\/www.radiopiu.net\/wordpress\/wp-content\/uploads\/2022\/12\/b6362df5-dde0-4f5f-8b3d-915d540027d6-768x729.jpg 768w, https:\/\/www.radiopiu.net\/wordpress\/wp-content\/uploads\/2022\/12\/b6362df5-dde0-4f5f-8b3d-915d540027d6.jpg 1024w\" sizes=\"auto, (max-width: 157px) 100vw, 157px\" \/><\/a>di Marco Gaz<\/strong><\/p>\n<p>C&#8217;\u00e8 una cosa che non bisogna assolutamente dimenticare a casa quando si va a fare un giro e ce lo spiegano I Tirataie nella nuova canzone presentata in anteprima su Radio Pi\u00f9. &#8220;Ciche, Ciaf, Telefono, Tacuin&#8221; il titolo del nuovo singolo disponibile su tutte le piattaforme streming per ascoltare musica online, e naturalmente su Radio Pi\u00f9. I Tirataie sono arrivati negli studi di Radio Pi\u00f9 per la presentazione ufficiale del brano. Sulla copertina del singolo un kanguro&#8230;perch\u00e9? lo capirete ascoltando il brano&#8230;.<\/p>\n<p><em><strong>OSPITI: Alessio &#8220;Bus&#8221; Tomaselli e Paolo Vedova dei Tirataie<\/strong><\/em><\/p>\n<audio class=\"wp-audio-shortcode\" id=\"audio-313152-9\" preload=\"none\" style=\"width: 100%;\" controls=\"controls\"><source type=\"audio\/mpeg\" src=\"https:\/\/www.radiopiu.net\/wordpress\/wp-content\/uploads\/2022\/12\/SPECIALE-TIRATAIE.mp3?_=9\" \/><a href=\"https:\/\/www.radiopiu.net\/wordpress\/wp-content\/uploads\/2022\/12\/SPECIALE-TIRATAIE.mp3\">https:\/\/www.radiopiu.net\/wordpress\/wp-content\/uploads\/2022\/12\/SPECIALE-TIRATAIE.mp3<\/a><\/audio>\n<p>&nbsp;<\/p>\n<hr \/>\n<p>&nbsp;<\/p>\n<div>\n<div class=\"b654a4as d2edcug0\">\n<div class=\"rq0escxv hkbzh7o3 jwdofwj8 n8tt0mok r8blr3vg hyh9befq\">\n<p><a class=\"dt-pswp-item\" href=\"https:\/\/www.radiopiu.net\/wordpress\/wp-content\/uploads\/2020\/10\/pp.jpg\" data-dt-img-description=\"\" data-large_image_width=\"640\" data-large_image_height=\"640\"><img loading=\"lazy\" decoding=\"async\" class=\"wp-image-163678 alignleft\" src=\"https:\/\/www.radiopiu.net\/wordpress\/wp-content\/uploads\/2020\/10\/pp-300x300.jpg\" alt=\"\" width=\"106\" height=\"106\" srcset=\"https:\/\/www.radiopiu.net\/wordpress\/wp-content\/uploads\/2020\/10\/pp-300x300.jpg 300w, https:\/\/www.radiopiu.net\/wordpress\/wp-content\/uploads\/2020\/10\/pp-150x150.jpg 150w, https:\/\/www.radiopiu.net\/wordpress\/wp-content\/uploads\/2020\/10\/pp-125x125.jpg 125w, https:\/\/www.radiopiu.net\/wordpress\/wp-content\/uploads\/2020\/10\/pp-200x200.jpg 200w, https:\/\/www.radiopiu.net\/wordpress\/wp-content\/uploads\/2020\/10\/pp-80x80.jpg 80w, https:\/\/www.radiopiu.net\/wordpress\/wp-content\/uploads\/2020\/10\/pp-480x480.jpg 480w, https:\/\/www.radiopiu.net\/wordpress\/wp-content\/uploads\/2020\/10\/pp.jpg 640w\" sizes=\"auto, (max-width: 106px) 100vw, 106px\" \/><\/a><\/p>\n<\/div>\n<\/div>\n<\/div>\n<div>\n<div class=\"page-title-head hgroup\">\n<div class=\"page-title-head hgroup\">\n<div class=\"b654a4as d2edcug0\">\n<div class=\"j83agx80 btwxx1t3 lhclo0ds hop8lmos nkwizq5d scwd0bx6 roh60bw9\">\n<div class=\"rq0escxv hkbzh7o3 jwdofwj8 n8tt0mok r8blr3vg hyh9befq\">\n<div class=\"do00u71z l9j0dhe7 k4urcfbm\" style=\"text-align: left;\">\n<h2><span style=\"color: #000080;\">DON CESARE, IL PENSIERO DEL GIORNO. ALLA RADIO ALLE 7 DEL MATTINO E ALLE 19.30 DELLA SERA\u00a0<\/span><\/h2>\n<\/div>\n<\/div>\n<\/div>\n<\/div>\n<\/div>\n<\/div>\n<\/div>\n<audio class=\"wp-audio-shortcode\" id=\"audio-313152-10\" preload=\"none\" style=\"width: 100%;\" controls=\"controls\"><source type=\"audio\/mpeg\" src=\"https:\/\/www.radiopiu.net\/wordpress\/wp-content\/uploads\/2022\/12\/CESARE-17.mp3?_=10\" \/><a href=\"https:\/\/www.radiopiu.net\/wordpress\/wp-content\/uploads\/2022\/12\/CESARE-17.mp3\">https:\/\/www.radiopiu.net\/wordpress\/wp-content\/uploads\/2022\/12\/CESARE-17.mp3<\/a><\/audio>\n<p>&nbsp;<\/p>\n<hr \/>\n<p>&nbsp;<\/p>\n<h2><span style=\"color: #ff00ff;\">IN VIVO VERSO\u00a0<\/span><\/h2>\n<blockquote>\n<h3>ENTRO NELLE PAROLE di SARA CASAL<\/h3>\n<\/blockquote>\n<p><strong>AUDIO<\/strong><\/p>\n<audio class=\"wp-audio-shortcode\" id=\"audio-313152-11\" preload=\"none\" style=\"width: 100%;\" controls=\"controls\"><source type=\"audio\/mpeg\" src=\"https:\/\/www.radiopiu.net\/wordpress\/wp-content\/uploads\/2022\/12\/05-SARA-CASAL.mp3?_=11\" \/><a href=\"https:\/\/www.radiopiu.net\/wordpress\/wp-content\/uploads\/2022\/12\/05-SARA-CASAL.mp3\">https:\/\/www.radiopiu.net\/wordpress\/wp-content\/uploads\/2022\/12\/05-SARA-CASAL.mp3<\/a><\/audio>\n<p><a class=\"dt-pswp-item\" href=\"https:\/\/www.radiopiu.net\/wordpress\/wp-content\/uploads\/2022\/12\/SARA-CASAL.jpg\" data-dt-img-description=\"\" data-large_image_width=\"1004\" data-large_image_height=\"1024\"><img loading=\"lazy\" decoding=\"async\" class=\"wp-image-313146 alignleft\" src=\"https:\/\/www.radiopiu.net\/wordpress\/wp-content\/uploads\/2022\/12\/SARA-CASAL-294x300.jpg\" alt=\"\" width=\"168\" height=\"171\" srcset=\"https:\/\/www.radiopiu.net\/wordpress\/wp-content\/uploads\/2022\/12\/SARA-CASAL-294x300.jpg 294w, https:\/\/www.radiopiu.net\/wordpress\/wp-content\/uploads\/2022\/12\/SARA-CASAL-768x783.jpg 768w, https:\/\/www.radiopiu.net\/wordpress\/wp-content\/uploads\/2022\/12\/SARA-CASAL.jpg 1004w\" sizes=\"auto, (max-width: 168px) 100vw, 168px\" \/><\/a>Sara Casal<br \/>\nENTRO NELLE PAROLE<\/p>\n<p>Entro nelle parole<br \/>\nMentre le scorro sono.<br \/>\nDentro ad esse danzo,<br \/>\n\u00e8 ampio l\u2019orizzonte<br \/>\nsi smaterializza e<br \/>\nmi dissolvo e disciolgo,<br \/>\nSono suono aria e musica<br \/>\nMi scuoto di dosso il mondo<br \/>\nE mi trasformo<br \/>\nin cielo.<\/p>\n<p>LA RACCOLTA COMPLETA<\/p>\n<blockquote class=\"wp-embedded-content\" data-secret=\"pEzzhEvLne\"><p><a href=\"https:\/\/www.radiopiu.net\/wordpress\/in-vivo-verso\/\">In Vivo Verso<\/a><\/p><\/blockquote>\n<p><iframe loading=\"lazy\" class=\"wp-embedded-content\" sandbox=\"allow-scripts\" security=\"restricted\" style=\"position: absolute; clip: rect(1px, 1px, 1px, 1px);\" title=\"&#8220;In Vivo Verso&#8221; &#8212; Radio Pi\u00f9\" src=\"https:\/\/www.radiopiu.net\/wordpress\/in-vivo-verso\/embed\/#?secret=Vh8CeWNq6Y#?secret=pEzzhEvLne\" data-secret=\"pEzzhEvLne\" width=\"600\" height=\"338\" frameborder=\"0\" marginwidth=\"0\" marginheight=\"0\" scrolling=\"no\"><\/iframe><\/p>\n<p>&nbsp;<\/p>\n<hr \/>\n<p>&nbsp;<\/p>\n<p><img loading=\"lazy\" decoding=\"async\" class=\"aligncenter wp-image-61954 size-full\" src=\"https:\/\/www.radiopiu.net\/wordpress\/wp-content\/uploads\/2018\/09\/viabilita.jpeg\" sizes=\"auto, (max-width: 800px) 100vw, 800px\" srcset=\"https:\/\/www.radiopiu.net\/wordpress\/wp-content\/uploads\/2018\/09\/viabilita.jpeg 800w, https:\/\/www.radiopiu.net\/wordpress\/wp-content\/uploads\/2018\/09\/viabilita-300x38.jpeg 300w, https:\/\/www.radiopiu.net\/wordpress\/wp-content\/uploads\/2018\/09\/viabilita-768x96.jpeg 768w\" alt=\"\" width=\"800\" height=\"100\" \/><\/p>\n<p>&nbsp;<\/p>\n<p>&nbsp;<\/p>\n<p><strong>AGGIORNAMENTO VENETO STRADE, AGGIORNAMENTO CONTINUO H 24<\/strong><\/p>\n<p>&nbsp;<\/p>\n<blockquote class=\"wp-embedded-content\" data-secret=\"vSYKlccyyE\"><p><a href=\"https:\/\/www.radiopiu.net\/wordpress\/viabilita\/\">viabilita<\/a><\/p><\/blockquote>\n<p><iframe loading=\"lazy\" class=\"wp-embedded-content\" sandbox=\"allow-scripts\" security=\"restricted\" style=\"position: absolute; clip: rect(1px, 1px, 1px, 1px);\" title=\"&#8220;viabilita&#8221; &#8212; Radio Pi\u00f9\" src=\"https:\/\/www.radiopiu.net\/wordpress\/viabilita\/embed\/#?secret=Zr7qG44ZpM#?secret=vSYKlccyyE\" data-secret=\"vSYKlccyyE\" width=\"600\" height=\"338\" frameborder=\"0\" marginwidth=\"0\" marginheight=\"0\" scrolling=\"no\"><\/iframe><\/p>\n<p>&nbsp;<\/p>\n<p>&nbsp;<\/p>\n<p>&nbsp;<\/p>\n<hr \/>\n<p>&nbsp;<\/p>\n<p><a class=\"dt-pswp-item\" href=\"https:\/\/www.radiopiu.net\/wordpress\/wp-content\/uploads\/2018\/09\/WhatsApp-Image-2018-09-20-at-16.04.06.jpeg\" data-dt-img-description=\"\" data-large_image_width=\"800\" data-large_image_height=\"100\"><img loading=\"lazy\" decoding=\"async\" class=\"wp-image-61378 size-full aligncenter\" src=\"https:\/\/www.radiopiu.net\/wordpress\/wp-content\/uploads\/2018\/09\/WhatsApp-Image-2018-09-20-at-16.04.06.jpeg\" alt=\"\" width=\"800\" height=\"100\" srcset=\"https:\/\/www.radiopiu.net\/wordpress\/wp-content\/uploads\/2018\/09\/WhatsApp-Image-2018-09-20-at-16.04.06.jpeg 800w, https:\/\/www.radiopiu.net\/wordpress\/wp-content\/uploads\/2018\/09\/WhatsApp-Image-2018-09-20-at-16.04.06-300x38.jpeg 300w, https:\/\/www.radiopiu.net\/wordpress\/wp-content\/uploads\/2018\/09\/WhatsApp-Image-2018-09-20-at-16.04.06-768x96.jpeg 768w\" sizes=\"auto, (max-width: 800px) 100vw, 800px\" \/><\/a><\/p>\n<p>&nbsp;<\/p>\n<p><center><b>OGGI<\/b><\/center>Persistono condizioni di tempo stabile, con lunghi tratti soleggiati e passeggere nubi alte in grado di velare temporaneamente il cielo o a tratti di maschere del tutto il sole. L&#8217;insidia nubi basse o locali nebbie mattutine in alcune conche prealpine e nei settori a ridosso della pedemontana aumenter\u00e0 rispetto a venerd\u00ec.<br \/>\n<b>Precipitazioni: <\/b>Assenti (0%).<br \/>\n<b>Temperature: <\/b>Perlopi\u00f9 senza notevoli variazioni, salvo locali aumenti delle massime in alcune valli per locali condizioni di Foehn.<\/p>\n<hr \/>\n<p><center><b>DOMANI<\/b><\/center><b>\u00a0<\/b>Bella giornata natalizia con sole e cielo generalmente sereno o poco nuvoloso per sottili velature, aria limpida e ottima visibilit\u00e0 in quota; limitata insidia nebbia nelle ore pi\u00f9 fredde in alcune conche prealpine, in dissolvimento dopo il sorgere del sole. Contesto termico mite in alta quota e marcata inversione termica nelle valli, specie quelle innevate e in ombra.<br \/>\n<b>Precipitazioni: <\/b>Assenti (%).<br \/>\n<b>Temperature: <\/b>Minime in aumento in quota e in calo nelle valli; massime stazionarie o in leggero calo alle quote basse e medie, mentre oltre i 2000\/2200 m saranno in ulteriore generale lieve rialzo rispetto a venerd\u00ec, cio\u00e8 ben superiori alla norma in quota.<\/p>\n<hr \/>\n<p><center><b>LUNEDI<\/b><\/center>Al mattino cielo sereno o poco nuvoloso per sottili nubi alte. Al pomeriggio incremento della nuvolosit\u00e0 alta stratiforme. Sulla fascia prealpina l&#8217;insidia nubi basse aumenter\u00e0, in parziale diradamento, anche persistenti nei settori solitamente pi\u00f9 umidi. Temperature minime in rialzo nelle valli e in calo in quota, dove saranno osservate alla sera; massime in generale lieve flessione.<\/p>\n<hr \/>\n<p><center><b>MARTEDI<\/b><\/center>Cielo coperto nella notte con rischio di qualche burrasca di neve su Dolomiti settentrionali. In giornata in prevalenza soleggiato con qualche nube medio-alta di sottovento. Temperature in generale diminuzione, pi\u00f9 sensibile per le massime in quota.<\/p>\n<p>&nbsp;<\/p>\n<hr \/>\n<p>&nbsp;<\/p>\n<p><a class=\"dt-pswp-item\" href=\"https:\/\/www.radiopiu.net\/wordpress\/wp-content\/uploads\/2018\/09\/sport.jpg\" data-dt-img-description=\"\" data-large_image_width=\"800\" data-large_image_height=\"100\"><img loading=\"lazy\" decoding=\"async\" class=\"aligncenter wp-image-60761 size-full\" src=\"https:\/\/www.radiopiu.net\/wordpress\/wp-content\/uploads\/2018\/09\/sport.jpg\" alt=\"\" width=\"800\" height=\"100\" srcset=\"https:\/\/www.radiopiu.net\/wordpress\/wp-content\/uploads\/2018\/09\/sport.jpg 800w, https:\/\/www.radiopiu.net\/wordpress\/wp-content\/uploads\/2018\/09\/sport-300x38.jpg 300w, https:\/\/www.radiopiu.net\/wordpress\/wp-content\/uploads\/2018\/09\/sport-768x96.jpg 768w\" sizes=\"auto, (max-width: 800px) 100vw, 800px\" \/><\/a><\/p>\n<p>&nbsp;<\/p>\n<p><span style=\"color: #0000ff;\"><strong>HOCKEY SU GHIACCIO<\/strong><\/span><\/p>\n<blockquote>\n<h3>ALLEGHE ULTIMO IN CLASSIFICA, ORA LA TESTA ALLA COPPA ITALIA<\/h3>\n<\/blockquote>\n<p><strong><a class=\"dt-pswp-item\" href=\"https:\/\/www.radiopiu.net\/wordpress\/wp-content\/uploads\/2019\/01\/AE7A9D38-59B1-49C9-9B49-6662F54D0440.jpeg\" data-dt-img-description=\"\" data-large_image_width=\"1300\" data-large_image_height=\"1300\"><img loading=\"lazy\" decoding=\"async\" class=\" wp-image-71463 alignleft\" src=\"https:\/\/www.radiopiu.net\/wordpress\/wp-content\/uploads\/2019\/01\/AE7A9D38-59B1-49C9-9B49-6662F54D0440-300x300.jpeg\" alt=\"\" width=\"164\" height=\"164\" srcset=\"https:\/\/www.radiopiu.net\/wordpress\/wp-content\/uploads\/2019\/01\/AE7A9D38-59B1-49C9-9B49-6662F54D0440-300x300.jpeg 300w, https:\/\/www.radiopiu.net\/wordpress\/wp-content\/uploads\/2019\/01\/AE7A9D38-59B1-49C9-9B49-6662F54D0440-150x150.jpeg 150w, https:\/\/www.radiopiu.net\/wordpress\/wp-content\/uploads\/2019\/01\/AE7A9D38-59B1-49C9-9B49-6662F54D0440-768x768.jpeg 768w, https:\/\/www.radiopiu.net\/wordpress\/wp-content\/uploads\/2019\/01\/AE7A9D38-59B1-49C9-9B49-6662F54D0440-1024x1024.jpeg 1024w, https:\/\/www.radiopiu.net\/wordpress\/wp-content\/uploads\/2019\/01\/AE7A9D38-59B1-49C9-9B49-6662F54D0440.jpeg 1300w\" sizes=\"auto, (max-width: 164px) 100vw, 164px\" \/><\/a>Di Marco Gaz<\/strong><\/p>\n<p><strong>REDAZIONE<\/strong> Con la sconfitta di gioved\u00ec sera contro il Dobbiaco, l\u2019Alleghe Hockey \u00e8 matematicamente ultimo in classifica ad una giornata dal termine della stagione regolare. Una prima parte di stagione da archiviare in fretta per la squadra di Fontana che luned\u00ec sera giocher\u00e0 l\u2019ultima partita della prima fase con L\u2019Appiano e l\u2019imperativo \u00e8 vincere per per avere un punto in pi\u00f9 quando si giocheranno le partite del Relegation Round. Il regolamento dice che le squadre inizieranno la seconda fase del campionato con un terzo dei punti conquistati nella stagione regolare. Tra prima e seconda fase della IHL bisogna anche pensare alla Coppa Italia. Infatti, nelle giornate del 30 dicembre e 3 gennaio, le civette saranno impegnate negli ottavi di finale della coppa ma al momento non si conosce l\u2019avversario. Solo nella serata del 27 dicembre verranno estratti gli accoppiamenti delle otto partite in programma. Unica certezza, che l\u2019Alleghe giocher\u00e0 la partita di andata in casa.<\/p>\n<p>&nbsp;<\/p>\n<p>&nbsp;<\/p>\n<hr \/>\n<p>&nbsp;<\/p>\n<p><span style=\"color: #0000ff;\"><strong>PALLAVOLO<\/strong><\/span><\/p>\n<blockquote>\n<h3>LUNEDI ARRIVA IL SAN DONA&#8217; ALLA SPES ARENA<\/h3>\n<\/blockquote>\n<p><strong><a class=\"dt-pswp-item\" href=\"https:\/\/www.radiopiu.net\/wordpress\/wp-content\/uploads\/2022\/12\/Saibene_in_bagher.jpg\" data-dt-img-description=\"\" data-large_image_width=\"1500\" data-large_image_height=\"1000\"><img loading=\"lazy\" decoding=\"async\" class=\" wp-image-313159 alignleft\" src=\"https:\/\/www.radiopiu.net\/wordpress\/wp-content\/uploads\/2022\/12\/Saibene_in_bagher-300x200.jpg\" alt=\"\" width=\"167\" height=\"111\" srcset=\"https:\/\/www.radiopiu.net\/wordpress\/wp-content\/uploads\/2022\/12\/Saibene_in_bagher-300x200.jpg 300w, https:\/\/www.radiopiu.net\/wordpress\/wp-content\/uploads\/2022\/12\/Saibene_in_bagher-1024x683.jpg 1024w, https:\/\/www.radiopiu.net\/wordpress\/wp-content\/uploads\/2022\/12\/Saibene_in_bagher-768x512.jpg 768w, https:\/\/www.radiopiu.net\/wordpress\/wp-content\/uploads\/2022\/12\/Saibene_in_bagher.jpg 1500w\" sizes=\"auto, (max-width: 167px) 100vw, 167px\" \/><\/a>BELLUNO <\/strong>Sar\u00e0 un giorno festivo. E di festa. A prescindere dall\u2019esito finale del match. La Spes Arena \u00e8 pronta a indossare il suo abito pi\u00f9 elegante. E ad accogliere il pubblico delle grandi occasioni per il derby veneto di Santo Stefano: luned\u00ec 26, infatti, i padroni di casa della Pallavolo Maschile Belluno alle 16 ospiteranno il Volley Team Club San Don\u00e0. \u00abSar\u00e0 una partita diversa da quella dell\u2019andata &#8211; afferma il\u00a0 Alberto Saibene-. Questa volta loro saranno al completo e vorranno sicuramente rifarsi, in seguito allo 0-3 dello scorso ottobre. Hanno dimostrato di essere una formazione molto ostica: basti pensare che sono reduci da una sconfitta per 3-2 contro un sestetto importante come Savigliano. Insomma, sar\u00e0 battaglia\u00bb.<span class=\"gmail-Apple-converted-space\">\u00a0<\/span><\/p>\n<p>&nbsp;<\/p>\n<p>&nbsp;<\/p>\n<hr \/>\n<p>&nbsp;<\/p>\n<p><span style=\"color: #0000ff;\"><strong>CORSA IN MONTAGNA<\/strong><\/span><\/p>\n<blockquote>\n<h3>A LIMANA I CAMPIONATI ITALIANI ASSOLUTI DI CORSA IN MONTAGNA<\/h3>\n<\/blockquote>\n<p><strong><a class=\"dt-pswp-item\" href=\"https:\/\/www.radiopiu.net\/wordpress\/wp-content\/uploads\/2022\/12\/campionati-italiani-giovanili-valpiana-limana-2019.jpg\" data-dt-img-description=\"\" data-large_image_width=\"1900\" data-large_image_height=\"1267\"><img loading=\"lazy\" decoding=\"async\" class=\" wp-image-313190 alignleft\" src=\"https:\/\/www.radiopiu.net\/wordpress\/wp-content\/uploads\/2022\/12\/campionati-italiani-giovanili-valpiana-limana-2019-300x200.jpg\" alt=\"\" width=\"155\" height=\"103\" srcset=\"https:\/\/www.radiopiu.net\/wordpress\/wp-content\/uploads\/2022\/12\/campionati-italiani-giovanili-valpiana-limana-2019-300x200.jpg 300w, https:\/\/www.radiopiu.net\/wordpress\/wp-content\/uploads\/2022\/12\/campionati-italiani-giovanili-valpiana-limana-2019-1024x683.jpg 1024w, https:\/\/www.radiopiu.net\/wordpress\/wp-content\/uploads\/2022\/12\/campionati-italiani-giovanili-valpiana-limana-2019-768x512.jpg 768w, https:\/\/www.radiopiu.net\/wordpress\/wp-content\/uploads\/2022\/12\/campionati-italiani-giovanili-valpiana-limana-2019-1536x1024.jpg 1536w, https:\/\/www.radiopiu.net\/wordpress\/wp-content\/uploads\/2022\/12\/campionati-italiani-giovanili-valpiana-limana-2019.jpg 1900w\" sizes=\"auto, (max-width: 155px) 100vw, 155px\" \/><\/a>LIMANA <\/strong>Tornano sulle Dolomiti Bellunesi, una delle culle nazionali della specialit\u00e0, i Campionati italiani assoluti di corsa in montagna, individuali e di societ\u00e0. L\u2019appuntamento \u00e8 per il 7 maggio con la prima delle due prove tricolori (la seconda si svolger\u00e0 in settembre a Casnigo, in provincia di Bergamo) che andr\u00e0 in scena a Limana e, pi\u00f9 in particolare, a Valmorel, la localit\u00e0 delle Prealpi Bellunesi posta a 800 metri di altitudine nella quale lo scrittore Dino Buzzati (di cui in questo 2022 ricorrono i 50 anni dalla morte) qui ambient\u00f2 il racconto \u201cI miracoli di Val Morel\u201d. La manifestazione tricolore \u00e8 proposta da Belluno Atletica M.G.B., il sodalizio presieduto da Elio Dal Magro che proprio a Limana nel 2019 organizz\u00f2 i campionati italiani Allievi e Cadetti e che la scorsa primavera ha allestito la gara nazionale Fidal denominata La Santissima.<\/p>\n","protected":false},"excerpt":{"rendered":"<p>RADIO PIU INFORMAZIONE il canale su TELEGRAM informazione di prima\u00a0 mano e in tempo reale. iscriviti ed aiutaci a farlo conoscere\u00a0 \u00a0 &nbsp; DA ARABBA IL BUONGIORNO DI RENATO &nbsp; SCIONA GIOIOSA DI NATALE, DI JOHN FRANCIS DELLA PIETRA AUDIO Ultim&#8217;ora trovato questa sera sotto una casa di Celat il babbo natale con la febbre&hellip;<\/p>\n","protected":false},"author":4,"featured_media":313266,"comment_status":"closed","ping_status":"closed","sticky":false,"template":"","format":"standard","meta":{"_monsterinsights_skip_tracking":false,"_monsterinsights_sitenote_active":false,"_monsterinsights_sitenote_note":"","_monsterinsights_sitenote_category":0,"footnotes":""},"categories":[104,86,49],"tags":[],"class_list":["post-313152","post","type-post","status-publish","format-standard","has-post-thumbnail","hentry","category-evidenza_3","category-gr","category-news-18","category-104","category-86","category-49","description-off"],"img_url":"https:\/\/www.radiopiu.net\/wordpress\/wp-content\/uploads\/2022\/12\/Senza-nome-112.jpg","_links":{"self":[{"href":"https:\/\/www.radiopiu.net\/wordpress\/wp-json\/wp\/v2\/posts\/313152","targetHints":{"allow":["GET"]}}],"collection":[{"href":"https:\/\/www.radiopiu.net\/wordpress\/wp-json\/wp\/v2\/posts"}],"about":[{"href":"https:\/\/www.radiopiu.net\/wordpress\/wp-json\/wp\/v2\/types\/post"}],"author":[{"embeddable":true,"href":"https:\/\/www.radiopiu.net\/wordpress\/wp-json\/wp\/v2\/users\/4"}],"replies":[{"embeddable":true,"href":"https:\/\/www.radiopiu.net\/wordpress\/wp-json\/wp\/v2\/comments?post=313152"}],"version-history":[{"count":0,"href":"https:\/\/www.radiopiu.net\/wordpress\/wp-json\/wp\/v2\/posts\/313152\/revisions"}],"wp:featuredmedia":[{"embeddable":true,"href":"https:\/\/www.radiopiu.net\/wordpress\/wp-json\/wp\/v2\/media\/313266"}],"wp:attachment":[{"href":"https:\/\/www.radiopiu.net\/wordpress\/wp-json\/wp\/v2\/media?parent=313152"}],"wp:term":[{"taxonomy":"category","embeddable":true,"href":"https:\/\/www.radiopiu.net\/wordpress\/wp-json\/wp\/v2\/categories?post=313152"},{"taxonomy":"post_tag","embeddable":true,"href":"https:\/\/www.radiopiu.net\/wordpress\/wp-json\/wp\/v2\/tags?post=313152"}],"curies":[{"name":"wp","href":"https:\/\/api.w.org\/{rel}","templated":true}]}}