{"id":313367,"date":"2022-12-25T08:38:38","date_gmt":"2022-12-25T07:38:38","guid":{"rendered":"https:\/\/www.radiopiu.net\/wordpress\/?p=313367"},"modified":"2022-12-25T08:38:56","modified_gmt":"2022-12-25T07:38:56","slug":"un-pensiero-quotidiano-40-anni-di-radiopiu-1983-2023","status":"publish","type":"post","link":"https:\/\/www.radiopiu.net\/wordpress\/un-pensiero-quotidiano-40-anni-di-radiopiu-1983-2023\/","title":{"rendered":"UN PENSIERO QUOTIDIANO&#8230;40 ANNI DI RADIOPIU 1983-2023"},"content":{"rendered":"<div dir=\"auto\">Ieri il mio amico Mario Zanetti mi ha chiamato chiedendomi di passare in negozio in via Garibaldi. Mi ha consegnato, fresco di stampa, il calendario di Echi di Agordo che da anni sfoglio nei giorni delle festivit\u00e0 e poi appiccico al muro, mi accompagna per 365 giorni, da una vita. E&#8217; il lavoro di <a class=\"x1i10hfl xjbqb8w x6umtig x1b1mbwd xaqea5y xav7gou x9f619 x1ypdohk xt0psk2 xe8uvvx xdj266r x11i5rnm xat24cr x1mh8g0r xexx8yu x4uap5 x18d9i69 xkhd6sd x16tdsg8 x1hl2dhg xggy1nq x1a2a7pz xt0b8zv x1qq9wsj xo1l8bm\" tabindex=\"0\" role=\"link\" href=\"https:\/\/www.facebook.com\/profile.php?id=100075844706985&amp;__cft__[0]=AZX7IWbkFtILiJRqjfZfwHvUbbuUzWWKF-m9VsvAPJ3NGKllkm73uLPGSMGqhsOhn28ykxWEJ9DL9e1zoSFiqLFAvTs4K1mEHyS0wrFRIeIIIsUFP1W4XkWq0jydAe0pM21zdf8AC0c5RP7Q0y0Y_fNILsMuK4KvP95S8CET_p9HuA&amp;__tn__=-]K-R\"><span class=\"xt0psk2\">Loris<\/span><\/a>, l&#8217;amico Loris.<\/div>\n<div dir=\"auto\">Quest&#8217;anno, e la sorpresa \u00e8 stata immensa, ho scorto la prima foto, in prima pagina, quella famosa e amata intervista con Leonardo Del Vecchio, e poi, dentro, i volti degli amici della radio, quelli che sono stati come me 40 anni fa, quelli che ci sono ancora che non mi hanno mai abbandonato ma hanno condiviso e continuano a condividere una missione importante in questa vallata e provincia. Che con me hanno creduto e continuano a credere nell&#8217;importanza del mezzo radiofonico e dell&#8217;amicizia che si \u00e8 creata con la nostra gente. Un&#8217;emozione dietro l&#8217;altra, una foto dietro l&#8217;altra, mese per mese. Un regalo importante per i 40 anni della radio (1983-2023). Quaranta ne sono passati \u00e8 vero, quasi non ci credo. Mi sembra ieri quando sulle note dei Rondo&#8217; Veneziano, prima di lanciare Rimmel di De Gregori ero un ragazzino di 18 anni, con un diploma di chimica e un futuro immaginato tra provette e una matematica e fisica mai digerita &#8230; oggi \u00e8 per me l&#8217;occasione per ringraziare i 10 soci fondatori, \u00e8 grazie a loro che oggi esiste RADIOPIU. E&#8217; grazie a loro che la mia vita \u00e8 quella che \u00e8. E&#8217; grazie a loro se esiste un mezzo nato per unire le comunit\u00e0, per informare, per tenere compagnia. Dal 1983 ad oggi questo era il loro e il mio obiettivo. Renzo Gavaz, Udilio Cadorin, Alessandro Savio, Agostino Cadorin, Sereno Ben, Pierina Bellai, Schena Gianna, Paolo Buttol, Danilo Sibillon, Dino Collarin&#8230; non finiro&#8217; mai di dire grazie..<\/div>\n<div dir=\"auto\"><\/div>\n<div dir=\"auto\">\n\n\t\t\t<style type='text\/css'>\n\t\t\t\t#gallery-1 {\n\t\t\t\t\tmargin: auto;\n\t\t\t\t}\n\t\t\t\t#gallery-1 .gallery-item {\n\t\t\t\t\tfloat: left;\n\t\t\t\t\tmargin-top: 10px;\n\t\t\t\t\ttext-align: center;\n\t\t\t\t\twidth: 33%;\n\t\t\t\t}\n\t\t\t\t#gallery-1 img {\n\t\t\t\t\tborder: 2px solid #cfcfcf;\n\t\t\t\t}\n\t\t\t\t#gallery-1 .gallery-caption {\n\t\t\t\t\tmargin-left: 0;\n\t\t\t\t}\n\t\t\t\t\/* see gallery_shortcode() in wp-includes\/media.php *\/\n\t\t\t<\/style>\n\t\t<div id='gallery-1' class='dt-gallery-container gallery galleryid-313367 gallery-columns-3 gallery-size-full'><dl class='gallery-item'>\n\t\t\t\t<dt class='gallery-icon landscape'>\n\t\t\t\t\t<a class=\"rollover rollover-zoom dt-pswp-item\" title=\"321718564_2150949261960846_3181211337722396267_n\" data-dt-img-description=\"\" data-large_image_width=\"600\" data-large_image_height=\"338\"href='https:\/\/www.radiopiu.net\/wordpress\/wp-content\/uploads\/2022\/12\/321718564_2150949261960846_3181211337722396267_n.jpg'><img loading=\"lazy\" decoding=\"async\" width=\"600\" height=\"338\" src=\"https:\/\/www.radiopiu.net\/wordpress\/wp-content\/uploads\/2022\/12\/321718564_2150949261960846_3181211337722396267_n.jpg\" class=\"attachment-full size-full\" alt=\"\" srcset=\"https:\/\/www.radiopiu.net\/wordpress\/wp-content\/uploads\/2022\/12\/321718564_2150949261960846_3181211337722396267_n.jpg 600w, https:\/\/www.radiopiu.net\/wordpress\/wp-content\/uploads\/2022\/12\/321718564_2150949261960846_3181211337722396267_n-300x169.jpg 300w\" sizes=\"auto, (max-width: 600px) 100vw, 600px\" \/><\/a>\n\t\t\t\t<\/dt><\/dl><dl class='gallery-item'>\n\t\t\t\t<dt class='gallery-icon portrait'>\n\t\t\t\t\t<a class=\"rollover rollover-zoom dt-pswp-item\" title=\"321507559_479261190803705_4596058663316294429_n\" data-dt-img-description=\"\" data-large_image_width=\"338\" data-large_image_height=\"600\"href='https:\/\/www.radiopiu.net\/wordpress\/wp-content\/uploads\/2022\/12\/321507559_479261190803705_4596058663316294429_n.jpg'><img loading=\"lazy\" decoding=\"async\" width=\"338\" height=\"600\" src=\"https:\/\/www.radiopiu.net\/wordpress\/wp-content\/uploads\/2022\/12\/321507559_479261190803705_4596058663316294429_n.jpg\" class=\"attachment-full size-full\" alt=\"\" srcset=\"https:\/\/www.radiopiu.net\/wordpress\/wp-content\/uploads\/2022\/12\/321507559_479261190803705_4596058663316294429_n.jpg 338w, https:\/\/www.radiopiu.net\/wordpress\/wp-content\/uploads\/2022\/12\/321507559_479261190803705_4596058663316294429_n-169x300.jpg 169w\" sizes=\"auto, (max-width: 338px) 100vw, 338px\" \/><\/a>\n\t\t\t\t<\/dt><\/dl>\n\t\t\t\t<br style='clear: both' \/>\n\t\t\t<\/div>\n\n<\/div>\n","protected":false},"excerpt":{"rendered":"<p>Ieri il mio amico Mario Zanetti mi ha chiamato chiedendomi di passare in negozio in via Garibaldi. Mi ha consegnato, fresco di stampa, il calendario di Echi di Agordo che da anni sfoglio nei giorni delle festivit\u00e0 e poi appiccico al muro, mi accompagna per 365 giorni, da una vita. E&#8217; il lavoro di Loris,&hellip;<\/p>\n","protected":false},"author":4,"featured_media":313368,"comment_status":"closed","ping_status":"closed","sticky":false,"template":"","format":"standard","meta":{"_monsterinsights_skip_tracking":false,"_monsterinsights_sitenote_active":false,"_monsterinsights_sitenote_note":"","_monsterinsights_sitenote_category":0,"footnotes":""},"categories":[86,49],"tags":[],"class_list":["post-313367","post","type-post","status-publish","format-standard","has-post-thumbnail","hentry","category-gr","category-news-18","category-86","category-49","description-off"],"img_url":"https:\/\/www.radiopiu.net\/wordpress\/wp-content\/uploads\/2022\/12\/321718564_2150949261960846_3181211337722396267_n.jpg","_links":{"self":[{"href":"https:\/\/www.radiopiu.net\/wordpress\/wp-json\/wp\/v2\/posts\/313367","targetHints":{"allow":["GET"]}}],"collection":[{"href":"https:\/\/www.radiopiu.net\/wordpress\/wp-json\/wp\/v2\/posts"}],"about":[{"href":"https:\/\/www.radiopiu.net\/wordpress\/wp-json\/wp\/v2\/types\/post"}],"author":[{"embeddable":true,"href":"https:\/\/www.radiopiu.net\/wordpress\/wp-json\/wp\/v2\/users\/4"}],"replies":[{"embeddable":true,"href":"https:\/\/www.radiopiu.net\/wordpress\/wp-json\/wp\/v2\/comments?post=313367"}],"version-history":[{"count":0,"href":"https:\/\/www.radiopiu.net\/wordpress\/wp-json\/wp\/v2\/posts\/313367\/revisions"}],"wp:featuredmedia":[{"embeddable":true,"href":"https:\/\/www.radiopiu.net\/wordpress\/wp-json\/wp\/v2\/media\/313368"}],"wp:attachment":[{"href":"https:\/\/www.radiopiu.net\/wordpress\/wp-json\/wp\/v2\/media?parent=313367"}],"wp:term":[{"taxonomy":"category","embeddable":true,"href":"https:\/\/www.radiopiu.net\/wordpress\/wp-json\/wp\/v2\/categories?post=313367"},{"taxonomy":"post_tag","embeddable":true,"href":"https:\/\/www.radiopiu.net\/wordpress\/wp-json\/wp\/v2\/tags?post=313367"}],"curies":[{"name":"wp","href":"https:\/\/api.w.org\/{rel}","templated":true}]}}