{"id":313411,"date":"2022-12-25T15:36:39","date_gmt":"2022-12-25T14:36:39","guid":{"rendered":"https:\/\/www.radiopiu.net\/wordpress\/?p=313411"},"modified":"2022-12-25T15:36:39","modified_gmt":"2022-12-25T14:36:39","slug":"a-nadal-en-pas-de-en-gal","status":"publish","type":"post","link":"https:\/\/www.radiopiu.net\/wordpress\/a-nadal-en-pas-de-en-gal\/","title":{"rendered":"A NADAL EN PAS DE EN GAL"},"content":{"rendered":"<p><strong><a class=\"dt-pswp-item\" href=\"https:\/\/www.radiopiu.net\/wordpress\/wp-content\/uploads\/2022\/12\/152afd4b-200d-4963-ba20-1af7af913b50.jpg\" data-dt-img-description=\"\" data-large_image_width=\"2048\" data-large_image_height=\"1151\"><img loading=\"lazy\" decoding=\"async\" class=\" wp-image-313412 alignleft\" src=\"https:\/\/www.radiopiu.net\/wordpress\/wp-content\/uploads\/2022\/12\/152afd4b-200d-4963-ba20-1af7af913b50-300x169.jpg\" alt=\"\" width=\"246\" height=\"139\" srcset=\"https:\/\/www.radiopiu.net\/wordpress\/wp-content\/uploads\/2022\/12\/152afd4b-200d-4963-ba20-1af7af913b50-300x169.jpg 300w, https:\/\/www.radiopiu.net\/wordpress\/wp-content\/uploads\/2022\/12\/152afd4b-200d-4963-ba20-1af7af913b50-1024x576.jpg 1024w, https:\/\/www.radiopiu.net\/wordpress\/wp-content\/uploads\/2022\/12\/152afd4b-200d-4963-ba20-1af7af913b50-768x432.jpg 768w, https:\/\/www.radiopiu.net\/wordpress\/wp-content\/uploads\/2022\/12\/152afd4b-200d-4963-ba20-1af7af913b50-1536x863.jpg 1536w, https:\/\/www.radiopiu.net\/wordpress\/wp-content\/uploads\/2022\/12\/152afd4b-200d-4963-ba20-1af7af913b50.jpg 2048w\" sizes=\"auto, (max-width: 246px) 100vw, 246px\" \/><\/a>di Claudio Pra<\/strong><\/p>\n<p>Credo che tutti conoscano il detto &#8220;A Nadal en pas de en gal&#8221;. Ci\u00f2 \u00e8 riferito alla quasi impercettibile ripresa delle ore di Sole nel giorno di Natale dopo il minimo toccato solo qualche giorno prima, al solstizio invernale. E proprio di impercettibilit\u00e1 si tratta perch\u00e9 tra le due giornate la differenza \u00e8 di pochi secondi. Eppure il Sole, invertendo apparentemente il suo movimento (in realt\u00e0 \u00e8 la Terra a creare questo fenomeno), si \u00e8 &#8220;alzato&#8221; allungando il suo arco diurno di un niente. Ad occhio nudo di ci\u00f2 non possiamo accorgercene, ma con uno strumento ed un filtro appropriato la risalita della nostra stella, seppur minima, \u00e8 invece percepibile.<\/p>\n<p>&nbsp;<\/p>\n<p><a class=\"dt-pswp-item\" href=\"https:\/\/www.radiopiu.net\/wordpress\/wp-content\/uploads\/2022\/12\/c9f8f718-e2cc-47f1-b756-551d3a5f1fae.jpg\" data-dt-img-description=\"\" data-large_image_width=\"2048\" data-large_image_height=\"1920\"><img loading=\"lazy\" decoding=\"async\" class=\"wp-image-313413 aligncenter\" src=\"https:\/\/www.radiopiu.net\/wordpress\/wp-content\/uploads\/2022\/12\/c9f8f718-e2cc-47f1-b756-551d3a5f1fae-300x281.jpg\" alt=\"\" width=\"537\" height=\"503\" srcset=\"https:\/\/www.radiopiu.net\/wordpress\/wp-content\/uploads\/2022\/12\/c9f8f718-e2cc-47f1-b756-551d3a5f1fae-300x281.jpg 300w, https:\/\/www.radiopiu.net\/wordpress\/wp-content\/uploads\/2022\/12\/c9f8f718-e2cc-47f1-b756-551d3a5f1fae-1024x960.jpg 1024w, https:\/\/www.radiopiu.net\/wordpress\/wp-content\/uploads\/2022\/12\/c9f8f718-e2cc-47f1-b756-551d3a5f1fae-768x720.jpg 768w, https:\/\/www.radiopiu.net\/wordpress\/wp-content\/uploads\/2022\/12\/c9f8f718-e2cc-47f1-b756-551d3a5f1fae-1536x1440.jpg 1536w, https:\/\/www.radiopiu.net\/wordpress\/wp-content\/uploads\/2022\/12\/c9f8f718-e2cc-47f1-b756-551d3a5f1fae.jpg 2048w\" sizes=\"auto, (max-width: 537px) 100vw, 537px\" \/>\u00a0<\/a><\/p>\n<p>&nbsp;<\/p>\n<p>********<\/p>\n","protected":false},"excerpt":{"rendered":"<p>di Claudio Pra Credo che tutti conoscano il detto &#8220;A Nadal en pas de en gal&#8221;. Ci\u00f2 \u00e8 riferito alla quasi impercettibile ripresa delle ore di Sole nel giorno di Natale dopo il minimo toccato solo qualche giorno prima, al solstizio invernale. E proprio di impercettibilit\u00e1 si tratta perch\u00e9 tra le due giornate la differenza&hellip;<\/p>\n","protected":false},"author":4,"featured_media":313412,"comment_status":"closed","ping_status":"closed","sticky":false,"template":"","format":"standard","meta":{"_monsterinsights_skip_tracking":false,"_monsterinsights_sitenote_active":false,"_monsterinsights_sitenote_note":"","_monsterinsights_sitenote_category":0,"footnotes":""},"categories":[49],"tags":[],"class_list":["post-313411","post","type-post","status-publish","format-standard","has-post-thumbnail","hentry","category-news-18","category-49","description-off"],"img_url":"https:\/\/www.radiopiu.net\/wordpress\/wp-content\/uploads\/2022\/12\/152afd4b-200d-4963-ba20-1af7af913b50.jpg","_links":{"self":[{"href":"https:\/\/www.radiopiu.net\/wordpress\/wp-json\/wp\/v2\/posts\/313411","targetHints":{"allow":["GET"]}}],"collection":[{"href":"https:\/\/www.radiopiu.net\/wordpress\/wp-json\/wp\/v2\/posts"}],"about":[{"href":"https:\/\/www.radiopiu.net\/wordpress\/wp-json\/wp\/v2\/types\/post"}],"author":[{"embeddable":true,"href":"https:\/\/www.radiopiu.net\/wordpress\/wp-json\/wp\/v2\/users\/4"}],"replies":[{"embeddable":true,"href":"https:\/\/www.radiopiu.net\/wordpress\/wp-json\/wp\/v2\/comments?post=313411"}],"version-history":[{"count":0,"href":"https:\/\/www.radiopiu.net\/wordpress\/wp-json\/wp\/v2\/posts\/313411\/revisions"}],"wp:featuredmedia":[{"embeddable":true,"href":"https:\/\/www.radiopiu.net\/wordpress\/wp-json\/wp\/v2\/media\/313412"}],"wp:attachment":[{"href":"https:\/\/www.radiopiu.net\/wordpress\/wp-json\/wp\/v2\/media?parent=313411"}],"wp:term":[{"taxonomy":"category","embeddable":true,"href":"https:\/\/www.radiopiu.net\/wordpress\/wp-json\/wp\/v2\/categories?post=313411"},{"taxonomy":"post_tag","embeddable":true,"href":"https:\/\/www.radiopiu.net\/wordpress\/wp-json\/wp\/v2\/tags?post=313411"}],"curies":[{"name":"wp","href":"https:\/\/api.w.org\/{rel}","templated":true}]}}