{"id":313415,"date":"2022-12-25T19:25:06","date_gmt":"2022-12-25T18:25:06","guid":{"rendered":"https:\/\/www.radiopiu.net\/wordpress\/?p=313415"},"modified":"2022-12-27T05:37:34","modified_gmt":"2022-12-27T04:37:34","slug":"recuperata-coppia-in-difficolta-sul-lagazuoi","status":"publish","type":"post","link":"https:\/\/www.radiopiu.net\/wordpress\/recuperata-coppia-in-difficolta-sul-lagazuoi\/","title":{"rendered":"RECUPERATA COPPIA IN DIFFICOLT\u00c0 SUL LAGAZUOI"},"content":{"rendered":"<div dir=\"auto\"><strong><a class=\"dt-pswp-item\" href=\"https:\/\/www.radiopiu.net\/wordpress\/wp-content\/uploads\/2022\/12\/Watermark_20221225_174503_575-scaled.jpg\" data-dt-img-description=\"\" data-large_image_width=\"2560\" data-large_image_height=\"1440\"><img loading=\"lazy\" decoding=\"async\" class=\" wp-image-313417 alignleft\" src=\"https:\/\/www.radiopiu.net\/wordpress\/wp-content\/uploads\/2022\/12\/Watermark_20221225_174503_575-300x169.jpg\" alt=\"\" width=\"272\" height=\"153\" srcset=\"https:\/\/www.radiopiu.net\/wordpress\/wp-content\/uploads\/2022\/12\/Watermark_20221225_174503_575-300x169.jpg 300w, https:\/\/www.radiopiu.net\/wordpress\/wp-content\/uploads\/2022\/12\/Watermark_20221225_174503_575-1024x576.jpg 1024w, https:\/\/www.radiopiu.net\/wordpress\/wp-content\/uploads\/2022\/12\/Watermark_20221225_174503_575-768x432.jpg 768w, https:\/\/www.radiopiu.net\/wordpress\/wp-content\/uploads\/2022\/12\/Watermark_20221225_174503_575-1536x864.jpg 1536w, https:\/\/www.radiopiu.net\/wordpress\/wp-content\/uploads\/2022\/12\/Watermark_20221225_174503_575-2048x1152.jpg 2048w\" sizes=\"auto, (max-width: 272px) 100vw, 272px\" \/><\/a>CORTINA<\/strong> Attorno alle 16 la Centrale del 118 \u00e8 stata attivata dal gestore del Rifugio Lagazuoi, contattato da due escursionisti in difficolt\u00e0 durante la salita del Sentiero dei Kaiserj\u00e4ger. La coppia, un ragazzo e una ragazza tedeschi, giunta all&#8217;altezza dei traversi sotto la cima non era pi\u00f9 in grado di proseguire, seppure i due fossero illesi, ma bagnati e infreddoliti dalla neve. Sbarcato alla piazzola del Rifugio Averau il personale medico, l&#8217;elicottero del Suem di Pieve di Cadore ha individuato gli escursionisti e li ha recuperati utilizzando un verricello di 10 metri, per poi lasciarli al Rifugio Averau dove pernotteranno.<\/div>\n","protected":false},"excerpt":{"rendered":"<p>CORTINA Attorno alle 16 la Centrale del 118 \u00e8 stata attivata dal gestore del Rifugio Lagazuoi, contattato da due escursionisti in difficolt\u00e0 durante la salita del Sentiero dei Kaiserj\u00e4ger. La coppia, un ragazzo e una ragazza tedeschi, giunta all&#8217;altezza dei traversi sotto la cima non era pi\u00f9 in grado di proseguire, seppure i due fossero&hellip;<\/p>\n","protected":false},"author":4,"featured_media":313417,"comment_status":"closed","ping_status":"closed","sticky":false,"template":"","format":"standard","meta":{"_monsterinsights_skip_tracking":false,"_monsterinsights_sitenote_active":false,"_monsterinsights_sitenote_note":"","_monsterinsights_sitenote_category":0,"footnotes":""},"categories":[51,49],"tags":[],"class_list":["post-313415","post","type-post","status-publish","format-standard","has-post-thumbnail","hentry","category-evidenza-top","category-news-18","category-51","category-49","description-off"],"img_url":"https:\/\/www.radiopiu.net\/wordpress\/wp-content\/uploads\/2022\/12\/Watermark_20221225_174503_575-scaled.jpg","_links":{"self":[{"href":"https:\/\/www.radiopiu.net\/wordpress\/wp-json\/wp\/v2\/posts\/313415","targetHints":{"allow":["GET"]}}],"collection":[{"href":"https:\/\/www.radiopiu.net\/wordpress\/wp-json\/wp\/v2\/posts"}],"about":[{"href":"https:\/\/www.radiopiu.net\/wordpress\/wp-json\/wp\/v2\/types\/post"}],"author":[{"embeddable":true,"href":"https:\/\/www.radiopiu.net\/wordpress\/wp-json\/wp\/v2\/users\/4"}],"replies":[{"embeddable":true,"href":"https:\/\/www.radiopiu.net\/wordpress\/wp-json\/wp\/v2\/comments?post=313415"}],"version-history":[{"count":0,"href":"https:\/\/www.radiopiu.net\/wordpress\/wp-json\/wp\/v2\/posts\/313415\/revisions"}],"wp:featuredmedia":[{"embeddable":true,"href":"https:\/\/www.radiopiu.net\/wordpress\/wp-json\/wp\/v2\/media\/313417"}],"wp:attachment":[{"href":"https:\/\/www.radiopiu.net\/wordpress\/wp-json\/wp\/v2\/media?parent=313415"}],"wp:term":[{"taxonomy":"category","embeddable":true,"href":"https:\/\/www.radiopiu.net\/wordpress\/wp-json\/wp\/v2\/categories?post=313415"},{"taxonomy":"post_tag","embeddable":true,"href":"https:\/\/www.radiopiu.net\/wordpress\/wp-json\/wp\/v2\/tags?post=313415"}],"curies":[{"name":"wp","href":"https:\/\/api.w.org\/{rel}","templated":true}]}}