{"id":313480,"date":"2022-12-26T15:38:15","date_gmt":"2022-12-26T14:38:15","guid":{"rendered":"https:\/\/www.radiopiu.net\/wordpress\/?p=313480"},"modified":"2022-12-27T05:37:00","modified_gmt":"2022-12-27T04:37:00","slug":"sociale-scuola-e-ciclabili-sotto-la-lente-provincia-e-consorzio-bim-fanno-squadra","status":"publish","type":"post","link":"https:\/\/www.radiopiu.net\/wordpress\/sociale-scuola-e-ciclabili-sotto-la-lente-provincia-e-consorzio-bim-fanno-squadra\/","title":{"rendered":"SOCIALE, SCUOLA E CICLABILI SOTTO LA LENTE: PROVINCIA E CONSORZIO BIM FANNO SQUADRA"},"content":{"rendered":"<p><strong><a class=\"dt-pswp-item\" href=\"https:\/\/www.radiopiu.net\/wordpress\/wp-content\/uploads\/2022\/12\/PHOTO-2022-12-21-12-11-45.jpg\" data-dt-img-description=\"\" data-large_image_width=\"1600\" data-large_image_height=\"1200\"><img loading=\"lazy\" decoding=\"async\" class=\" wp-image-313479 alignleft\" src=\"https:\/\/www.radiopiu.net\/wordpress\/wp-content\/uploads\/2022\/12\/PHOTO-2022-12-21-12-11-45-300x225.jpg\" alt=\"\" width=\"201\" height=\"151\" srcset=\"https:\/\/www.radiopiu.net\/wordpress\/wp-content\/uploads\/2022\/12\/PHOTO-2022-12-21-12-11-45-300x225.jpg 300w, https:\/\/www.radiopiu.net\/wordpress\/wp-content\/uploads\/2022\/12\/PHOTO-2022-12-21-12-11-45-1024x768.jpg 1024w, https:\/\/www.radiopiu.net\/wordpress\/wp-content\/uploads\/2022\/12\/PHOTO-2022-12-21-12-11-45-768x576.jpg 768w, https:\/\/www.radiopiu.net\/wordpress\/wp-content\/uploads\/2022\/12\/PHOTO-2022-12-21-12-11-45-1536x1152.jpg 1536w, https:\/\/www.radiopiu.net\/wordpress\/wp-content\/uploads\/2022\/12\/PHOTO-2022-12-21-12-11-45.jpg 1600w\" sizes=\"auto, (max-width: 201px) 100vw, 201px\" \/><\/a>BELLUNO<\/strong> \u00abProvincia e Consorzio Bim Piave condividono lo stesso scopo di servizio per il territorio e le comunit\u00e0 locali. Per questo \u00e8 importante che continuino a profondere le giuste sinergie a beneficio del Bellunese e dei bellunesi\u00bb. \u00c8 quanto afferma il presidente della Provincia Roberto Padrin, che nei giorni scorsi con il consiglio provinciale ha incontrato la presidenza del Consorzio, pianificando riunioni periodiche per affrontare i temi che riguardano il territorio. \u00abNon solo problemi e criticit\u00e0 &#8211; sottolinea il presidente Padrin &#8211; ma anche tutte quelle opportunit\u00e0 che possono venire avanti in una visione e gestione sinergica tra Provincia e Consorzio\u00bb. Il primo incontro si \u00e8 concentrato in particolare sulle scuole. Da parte della Provincia \u00e8 stato confermato il ringraziamento al Consorzio per la quota di cofinanziamento del progetto \u201cInvesti scuola\u201d, che \u00e8 stato possibile anche per l\u2019anno scolastico in corso grazie all\u2019intervento del Bim a supporto del Fondo Comuni confinanti. Il progetto &#8211; che garantisce abbonamenti degli autobus a prezzi calmierati per tutti gli studenti delle scuole superiori, indipendentemente dal tragitto effettuato &#8211; dovr\u00e0 essere ripensato il prossimo anno, dato che verr\u00e0 meno il finanziamento Fcc, in scadenza al 2023. Particolare attenzione \u00e8 stata data anche al tema dei convitti. Il Consorzio infatti si era interessato al tema dell\u2019accoglienza allo Sperti di Belluno nei mesi scorsi, soprattutto per gli studenti che provengono dalle zone pi\u00f9 periferiche, insieme alla Provincia e al Comune capoluogo. E chiede che la questione venga affrontata in un tavolo specifico, in modo che il problema possa essere superato anche adesso che lo Sperti \u00e8 riuscito a tenere aperto il servizio. La Provincia continua a percorrere l\u2019idea progettuale dei convitti d\u2019area, slegati dai singoli istituti e funzionali a pi\u00f9 scuole di un&#8217;intera vallata. E a gennaio ripartiranno le interlocuzioni con il Ministero per chiedere anche una modifica alla legge che oggi fissa a 40 il numero minimo di convittori per poter attivare il servizio. Sull\u2019argomento, la Provincia si impegna ad aggiornare il Consorzio. In tema di scuola e cultura, confermata la disponibilit\u00e0 del Consorzio a cofinanziare il servizio di prestiti interbibliotecari, che \u00e8 molto apprezzato e funzionale a un territorio di montagna, in cui gli spostamenti fisici sono pi\u00f9 complessi. Infine, spazio alle ciclabili, con l\u2019intenzione di proporre una manutenzione unica di tutte le reti ciclabili di valenza provinciale.<\/p>\n<p>&nbsp;<\/p>\n<p>&nbsp;<\/p>\n<p>******<\/p>\n","protected":false},"excerpt":{"rendered":"<p>BELLUNO \u00abProvincia e Consorzio Bim Piave condividono lo stesso scopo di servizio per il territorio e le comunit\u00e0 locali. Per questo \u00e8 importante che continuino a profondere le giuste sinergie a beneficio del Bellunese e dei bellunesi\u00bb. \u00c8 quanto afferma il presidente della Provincia Roberto Padrin, che nei giorni scorsi con il consiglio provinciale ha&hellip;<\/p>\n","protected":false},"author":4,"featured_media":313479,"comment_status":"closed","ping_status":"closed","sticky":false,"template":"","format":"standard","meta":{"_monsterinsights_skip_tracking":false,"_monsterinsights_sitenote_active":false,"_monsterinsights_sitenote_note":"","_monsterinsights_sitenote_category":0,"footnotes":""},"categories":[51,49],"tags":[],"class_list":["post-313480","post","type-post","status-publish","format-standard","has-post-thumbnail","hentry","category-evidenza-top","category-news-18","category-51","category-49","description-off"],"img_url":"https:\/\/www.radiopiu.net\/wordpress\/wp-content\/uploads\/2022\/12\/PHOTO-2022-12-21-12-11-45.jpg","_links":{"self":[{"href":"https:\/\/www.radiopiu.net\/wordpress\/wp-json\/wp\/v2\/posts\/313480","targetHints":{"allow":["GET"]}}],"collection":[{"href":"https:\/\/www.radiopiu.net\/wordpress\/wp-json\/wp\/v2\/posts"}],"about":[{"href":"https:\/\/www.radiopiu.net\/wordpress\/wp-json\/wp\/v2\/types\/post"}],"author":[{"embeddable":true,"href":"https:\/\/www.radiopiu.net\/wordpress\/wp-json\/wp\/v2\/users\/4"}],"replies":[{"embeddable":true,"href":"https:\/\/www.radiopiu.net\/wordpress\/wp-json\/wp\/v2\/comments?post=313480"}],"version-history":[{"count":0,"href":"https:\/\/www.radiopiu.net\/wordpress\/wp-json\/wp\/v2\/posts\/313480\/revisions"}],"wp:featuredmedia":[{"embeddable":true,"href":"https:\/\/www.radiopiu.net\/wordpress\/wp-json\/wp\/v2\/media\/313479"}],"wp:attachment":[{"href":"https:\/\/www.radiopiu.net\/wordpress\/wp-json\/wp\/v2\/media?parent=313480"}],"wp:term":[{"taxonomy":"category","embeddable":true,"href":"https:\/\/www.radiopiu.net\/wordpress\/wp-json\/wp\/v2\/categories?post=313480"},{"taxonomy":"post_tag","embeddable":true,"href":"https:\/\/www.radiopiu.net\/wordpress\/wp-json\/wp\/v2\/tags?post=313480"}],"curies":[{"name":"wp","href":"https:\/\/api.w.org\/{rel}","templated":true}]}}