{"id":313579,"date":"2022-12-27T07:55:19","date_gmt":"2022-12-27T06:55:19","guid":{"rendered":"https:\/\/www.radiopiu.net\/wordpress\/?p=313579"},"modified":"2022-12-27T08:53:46","modified_gmt":"2022-12-27T07:53:46","slug":"dal-1983-la-rassegna-stampa-locale-di-mirko-mezzacasa-4","status":"publish","type":"post","link":"https:\/\/www.radiopiu.net\/wordpress\/dal-1983-la-rassegna-stampa-locale-di-mirko-mezzacasa-4\/","title":{"rendered":"DAL 1983 LA RASSEGNA STAMPA LOCALE di mirko mezzacasa"},"content":{"rendered":"<p>&nbsp;<\/p>\n<p><strong>TERREMOTO AL CONFINE<\/strong> Da giorni la terra trema tra Claut, Forni di Sopra e di Sotto, Stamane alle 5.57 l&#8217;ultimo episodio, L&#8217;Istituto INGV rileva la scossa di terremoto, 1,6 della scala Richter, profondit\u00e0 6 chilometri con epicentro a Forni di Sotto. <strong>I GIORNI DEL DOLORE<\/strong> Oggi al Mas i funerali di Mauro De Dea, il trentenne operaio della Dm Inox si Sospirolo vittima del tragico incidente stradale ai Fant con un pensiero all&#8217;associazione Genitori Sempre. In Duomo a Feltre alle 14.30 l&#8217;ultimo saluto all&#8217;imprenditrice della macelleria Turrin, Realina Santin. Nel fine settimana una folla ha salutato Sergio Casagrande, marito meraviglioso e padre affettuoso precipitato dalla falesia di Podenzoi. <strong>CRONACA<\/strong> Due incidente nel giorno della vigilia di Natale, 4 auto distrutte, otto feriti sulle strade del feltrino ad Anzu&#8217; e Busche. A Sedico due famiglie sfollate per l&#8217;incendio della canna fumaria in via Cordevole, oggi gli uffici comunali cercheranno le soluzioni. Domenica la Centrale del 118 \u00e8 stata attivata dal gestore del Rifugio Lagazuoi, contattato da due escursionisti in difficolt\u00e0 durante la salita del Sentiero dei Kaiserj\u00e4ger. La coppia di tedeschi recuperati bagnati e infreddoliti ma illesi. <strong>BASTARDI DENTRO<\/strong> A Cavarzano e Mussoi sfondano i vetri delle auto rubando volanti, cruscotti e sedili. A Salce ignoti vandali nei bagordi del sabato sera distruggono il presepio. A Ponte nelle Alpi riecco i topi d&#8217;appartamento, rubati gioielli e borse. <strong>AGORDO<\/strong> Stefano Gasperin \u00e8 il nuovo direttore (primario) del Pronto Soccorso. <strong>BELLUNO<\/strong> La padovana Emanuela Selvatico \u00e8 il nuovo direttore dell&#8217;Unita Operativa Complessa di Farmacia Ospedaliera. <strong>BELLUNO<\/strong> Assalto alle pediatrie all&#8217;ospedale San Martino tra sabato e ieri, attese anche di otto ore. <strong>LAMON<\/strong> Giu&#8217; le mani dal reparto di riabilitazione. I lamonesi lanciano la petizione a difesa dell&#8217;ospedale auspicando il ritiro delle dimissioni del primario Ballotta. <strong>LIMANA<\/strong> Il tribunale assolve con formula piena il professore indagato per violenza sessuale su studentesse di 14 anni, l&#8217;Istituto comprensivo non lo reintegra &#8220;non \u00e8 insegnante del corpo docente ma operatore esterno&#8221;. <strong>ROCCA PIETORE E ALLEGHE<\/strong> Sindaci e consiglieri comunali in visita agli anziani nelle case di riposo. <strong>PARTITI<\/strong> Inizio anno con nuove elezioni nel PD e nella Lega. Saranno eletti i nuovi segretari. Il 22 gennaio il nome nuovo della lega, in corsa Luciano Da Pian e Andrea De Bernardin. Per il PD ancora nessuna data ma i primi nomi: Ezio Paganin, Lucia Saviane, Monica Lotto (attuale segretaria). <strong>FALCADE<\/strong> La prima colonnina pubblica per la ricarica elettrica delle auto, il Comune accelera sulla mobilit\u00e0 sostenibile. <strong>AGORDO<\/strong> Tutti i Comuni della Conca Agordina pronti a finanziare con gli aiuti statali l&#8217;asilo nido del capoluogo.<strong>CESIOMAGGIORE<\/strong> Ultimati i lavori di riqualificazione della piazza di Cesiomaggiore; l&#8217;intervento \u00e8 stato reso possibile grazie al finanziamento 2020 del Fondo dei Comuni Confinanti. <strong>VOLTAGO<\/strong> Come ogni anno i volontari di Frassen\u00e8 hanno messo in piedi uno splendido presepio sulla piazza di fronte alla Scuola Paolo Mosca. Uno spettacolo unico con tanti particolari da scoprire. il video nel giornale radiopiu, il quotidiano della testata inviato ogni giorno alle sei del mattino al canale TELEGRAM. <span style=\"color: #ff0000;\">SPORT <\/span><strong>L&#8217;ALLEGHE<\/strong> CADE AD APPIANO ED ORA TESTA ALLA COPPA ITALIA PER L&#8217;ALLEGHE HOCKEY UN NUOVO STRANIERO SOTTO L&#8217;ALBERO DI NATALE. FUORI DALLA SQUADRA NOVIKOVS FESTIVITA\u2019 ROVINATA PER LA <strong>PALLAVOLO BELLUNO<\/strong>, VINCE IL SAN DONA\u2019 PALLAVOLO, STORIE E STORIA <strong>FALCADE<\/strong> Serata di volley al Palafalcade, sul campo la prima divisione femminile dell&#8217;Agordino e i volti noti che hanno scritto importanti pagine di pallavolo al Palarova di Agordo, ovvero le &#8220;vecchie glorie&#8221;.<\/p>\n<p>&nbsp;<\/p>\n<p>&nbsp;<\/p>\n<p><iframe loading=\"lazy\" title=\"RASSEGNA STAMPA LOCALE\" width=\"1200\" height=\"675\" src=\"https:\/\/www.youtube.com\/embed\/CD6yywAUFHQ?feature=oembed\" frameborder=\"0\" allow=\"accelerometer; autoplay; clipboard-write; encrypted-media; gyroscope; picture-in-picture\" allowfullscreen><\/iframe><\/p>\n<p>&nbsp;<\/p>\n<p>&nbsp;<\/p>\n<p>&nbsp;<\/p>\n<hr \/>\n<p>&nbsp;<\/p>\n","protected":false},"excerpt":{"rendered":"<p>&nbsp; TERREMOTO AL CONFINE Da giorni la terra trema tra Claut, Forni di Sopra e di Sotto, Stamane alle 5.57 l&#8217;ultimo episodio, L&#8217;Istituto INGV rileva la scossa di terremoto, 1,6 della scala Richter, profondit\u00e0 6 chilometri con epicentro a Forni di Sotto. I GIORNI DEL DOLORE Oggi al Mas i funerali di Mauro De Dea,&hellip;<\/p>\n","protected":false},"author":4,"featured_media":313581,"comment_status":"closed","ping_status":"closed","sticky":false,"template":"","format":"standard","meta":{"_monsterinsights_skip_tracking":false,"_monsterinsights_sitenote_active":false,"_monsterinsights_sitenote_note":"","_monsterinsights_sitenote_category":0,"footnotes":""},"categories":[104,49,142],"tags":[],"class_list":["post-313579","post","type-post","status-publish","format-standard","has-post-thumbnail","hentry","category-evidenza_3","category-news-18","category-rassegna-stampa","category-104","category-49","category-142","description-off"],"img_url":"https:\/\/www.radiopiu.net\/wordpress\/wp-content\/uploads\/2022\/12\/Senza-nome-121.jpg","_links":{"self":[{"href":"https:\/\/www.radiopiu.net\/wordpress\/wp-json\/wp\/v2\/posts\/313579","targetHints":{"allow":["GET"]}}],"collection":[{"href":"https:\/\/www.radiopiu.net\/wordpress\/wp-json\/wp\/v2\/posts"}],"about":[{"href":"https:\/\/www.radiopiu.net\/wordpress\/wp-json\/wp\/v2\/types\/post"}],"author":[{"embeddable":true,"href":"https:\/\/www.radiopiu.net\/wordpress\/wp-json\/wp\/v2\/users\/4"}],"replies":[{"embeddable":true,"href":"https:\/\/www.radiopiu.net\/wordpress\/wp-json\/wp\/v2\/comments?post=313579"}],"version-history":[{"count":0,"href":"https:\/\/www.radiopiu.net\/wordpress\/wp-json\/wp\/v2\/posts\/313579\/revisions"}],"wp:featuredmedia":[{"embeddable":true,"href":"https:\/\/www.radiopiu.net\/wordpress\/wp-json\/wp\/v2\/media\/313581"}],"wp:attachment":[{"href":"https:\/\/www.radiopiu.net\/wordpress\/wp-json\/wp\/v2\/media?parent=313579"}],"wp:term":[{"taxonomy":"category","embeddable":true,"href":"https:\/\/www.radiopiu.net\/wordpress\/wp-json\/wp\/v2\/categories?post=313579"},{"taxonomy":"post_tag","embeddable":true,"href":"https:\/\/www.radiopiu.net\/wordpress\/wp-json\/wp\/v2\/tags?post=313579"}],"curies":[{"name":"wp","href":"https:\/\/api.w.org\/{rel}","templated":true}]}}