{"id":313676,"date":"2022-12-28T05:21:33","date_gmt":"2022-12-28T04:21:33","guid":{"rendered":"https:\/\/www.radiopiu.net\/wordpress\/?p=313676"},"modified":"2022-12-28T05:24:14","modified_gmt":"2022-12-28T04:24:14","slug":"lincidente-a-la-stanga-coinvolta-una-famiglia-estone","status":"publish","type":"post","link":"https:\/\/www.radiopiu.net\/wordpress\/lincidente-a-la-stanga-coinvolta-una-famiglia-estone\/","title":{"rendered":"L&#8217;INCIDENTE A LA STANGA, COINVOLTA UNA FAMIGLIA ESTONE"},"content":{"rendered":"<p><strong><a class=\"dt-pswp-item\" href=\"https:\/\/www.radiopiu.net\/wordpress\/wp-content\/uploads\/2022\/12\/1fcaeaba-04f2-4598-89bb-140af121d643.jpg\" data-dt-img-description=\"\" data-large_image_width=\"1200\" data-large_image_height=\"1600\"><img loading=\"lazy\" decoding=\"async\" class=\"size-medium wp-image-313692 alignleft\" src=\"https:\/\/www.radiopiu.net\/wordpress\/wp-content\/uploads\/2022\/12\/1fcaeaba-04f2-4598-89bb-140af121d643-225x300.jpg\" alt=\"\" width=\"225\" height=\"300\" srcset=\"https:\/\/www.radiopiu.net\/wordpress\/wp-content\/uploads\/2022\/12\/1fcaeaba-04f2-4598-89bb-140af121d643-225x300.jpg 225w, https:\/\/www.radiopiu.net\/wordpress\/wp-content\/uploads\/2022\/12\/1fcaeaba-04f2-4598-89bb-140af121d643-768x1024.jpg 768w, https:\/\/www.radiopiu.net\/wordpress\/wp-content\/uploads\/2022\/12\/1fcaeaba-04f2-4598-89bb-140af121d643-1152x1536.jpg 1152w, https:\/\/www.radiopiu.net\/wordpress\/wp-content\/uploads\/2022\/12\/1fcaeaba-04f2-4598-89bb-140af121d643.jpg 1200w\" sizes=\"auto, (max-width: 225px) 100vw, 225px\" \/><\/a>SEDICO <\/strong>Scontro quasi frontale con diversi feriti,\u00a0 lungo la regionale 203 agordina in localit\u00e0 La Stanga, coinvolta una famiglia di origine Estone diretta a Selva di Val Gardena e tre sciatori di Cavallino Treporti che dopo una giornata sugli sci tornavano\u00a0 a casa. Tutti portati in ospedale per accertamenti.<strong> In condizioni pi\u00f9 serie una ragazzina di 13 anni sulla quale si stanno concentrando le attenzioni dei sanitari.<\/strong><\/p>\n<p>L&#8217;impatto\u00a0 tra una Volkswagen Golf, che stava procedendo verso Sedico, e una Honda Jazz diretta ad Agordo.\u00a0 Sarebbe stata la Golf a invadere la corsia opposta, poco dopo il ristorante, e la collisione \u00e8 stata inevitabile. Ad avere la peggio una ragazzina estone di 13 anni, che ieri sera \u00e8 stata operata (non \u00e8 in pericolo di vita). Nell&#8217;altra traumi di medie gravit\u00e0 per due veneziani di Cavallino: M.S. di 31 anni e la donna C.N. di 28 anni.<\/p>\n<p>Tempi lunghi, lunghissimi, per i rilievi e lo spostamento dei mezzi. Pi\u00f9 di\u00a0 due ore per il ritorno al senso unico alternato, ma i rallentamenti si sono prolungati fino alle 20, solo allora il traffico \u00e8 ripreso regolare nei due sensi di marcia. Lunghe le colonne d&#8217;auto, fino a la Muda molti chilometri pi\u00f9 su e ben <a class=\"dt-pswp-item\" href=\"https:\/\/www.radiopiu.net\/wordpress\/wp-content\/uploads\/2022\/12\/148a89b5-f856-4fd0-8939-b4ee0d3a18c4.jpg\" data-dt-img-description=\"\" data-large_image_width=\"900\" data-large_image_height=\"1600\"><img loading=\"lazy\" decoding=\"async\" class=\"size-medium wp-image-313706 alignright\" src=\"https:\/\/www.radiopiu.net\/wordpress\/wp-content\/uploads\/2022\/12\/148a89b5-f856-4fd0-8939-b4ee0d3a18c4-169x300.jpg\" alt=\"\" width=\"169\" height=\"300\" srcset=\"https:\/\/www.radiopiu.net\/wordpress\/wp-content\/uploads\/2022\/12\/148a89b5-f856-4fd0-8939-b4ee0d3a18c4-169x300.jpg 169w, https:\/\/www.radiopiu.net\/wordpress\/wp-content\/uploads\/2022\/12\/148a89b5-f856-4fd0-8939-b4ee0d3a18c4-576x1024.jpg 576w, https:\/\/www.radiopiu.net\/wordpress\/wp-content\/uploads\/2022\/12\/148a89b5-f856-4fd0-8939-b4ee0d3a18c4-768x1365.jpg 768w, https:\/\/www.radiopiu.net\/wordpress\/wp-content\/uploads\/2022\/12\/148a89b5-f856-4fd0-8939-b4ee0d3a18c4-864x1536.jpg 864w, https:\/\/www.radiopiu.net\/wordpress\/wp-content\/uploads\/2022\/12\/148a89b5-f856-4fd0-8939-b4ee0d3a18c4.jpg 900w\" sizes=\"auto, (max-width: 169px) 100vw, 169px\" \/><\/a>oltre Candaten, altri chilometri pi\u00f9 gi\u00f9 verso Belluno. I tempi per il ritorno alla normalit\u00e0 sono sempre molto lunghi anche quando non ci sono feriti gravissimi, l&#8217;incidente odierno ne \u00e8 la conferma. Qualcuno ha scelto la strada alternativa per la Valle del Mis, la maggior parte ha atteso con pazienza ascoltando le notizie alla RADIOPIU e seguendo i continui aggiornamenti dalla chat telegram provincia di Belluno. Tra uno spostamento e l&#8217;altro dei mezzi i pi\u00f9 fortunati hanno transitato a senso unico alternato.\u00a0 Alle 19.35 (l&#8217;incidente risale alle 17.10 circa) questa era la situazione lungo la 203 agordina in localit\u00e0 La Muda come detto molti chilometri pi\u00f9 a nord dell&#8217;incidente (foto a lato). L&#8217;incidente tra il ristorante La Stanga e l&#8217;imbocco per la Val del Piero<\/p>\n<blockquote><p><em>&#8220;Sono partito alle 18.50 da Agordo &#8211; racconta Ezio &#8211; e sono arrivato a Sedico alle 19.50, la foto\u00a0 scattata appena dopo la Muda prima del\u00a0 bivio per il Rifugio Bianchet&#8221;<\/em><\/p><\/blockquote>\n<p>&nbsp;<\/p>\n<hr \/>\n<p>&nbsp;<\/p>\n<p>&nbsp;<\/p>\n<p>&nbsp;<\/p>\n<p>&nbsp;<\/p>\n<p>&nbsp;<\/p>\n<p>chat telegram viabilita provincia di belluno VPB<\/p>\n<p><a class=\"dt-pswp-item\" href=\"https:\/\/www.radiopiu.net\/wordpress\/wp-content\/uploads\/2022\/12\/48ffb8c2-8ebe-4983-a4e0-c39578115b81.jpg\" data-dt-img-description=\"\" data-large_image_width=\"800\" data-large_image_height=\"600\"><img loading=\"lazy\" decoding=\"async\" class=\"alignnone size-medium wp-image-313677\" src=\"https:\/\/www.radiopiu.net\/wordpress\/wp-content\/uploads\/2022\/12\/48ffb8c2-8ebe-4983-a4e0-c39578115b81-300x225.jpg\" alt=\"\" width=\"300\" height=\"225\" srcset=\"https:\/\/www.radiopiu.net\/wordpress\/wp-content\/uploads\/2022\/12\/48ffb8c2-8ebe-4983-a4e0-c39578115b81-300x225.jpg 300w, https:\/\/www.radiopiu.net\/wordpress\/wp-content\/uploads\/2022\/12\/48ffb8c2-8ebe-4983-a4e0-c39578115b81-768x576.jpg 768w, https:\/\/www.radiopiu.net\/wordpress\/wp-content\/uploads\/2022\/12\/48ffb8c2-8ebe-4983-a4e0-c39578115b81.jpg 800w\" sizes=\"auto, (max-width: 300px) 100vw, 300px\" \/><\/a><\/p>\n<p>&nbsp;<\/p>\n<hr \/>\n<p>&nbsp;<\/p>\n","protected":false},"excerpt":{"rendered":"<p>SEDICO Scontro quasi frontale con diversi feriti,\u00a0 lungo la regionale 203 agordina in localit\u00e0 La Stanga, coinvolta una famiglia di origine Estone diretta a Selva di Val Gardena e tre sciatori di Cavallino Treporti che dopo una giornata sugli sci tornavano\u00a0 a casa. Tutti portati in ospedale per accertamenti. In condizioni pi\u00f9 serie una ragazzina&hellip;<\/p>\n","protected":false},"author":4,"featured_media":313706,"comment_status":"closed","ping_status":"closed","sticky":false,"template":"","format":"standard","meta":{"_monsterinsights_skip_tracking":false,"_monsterinsights_sitenote_active":false,"_monsterinsights_sitenote_note":"","_monsterinsights_sitenote_category":0,"footnotes":""},"categories":[51,49],"tags":[],"class_list":["post-313676","post","type-post","status-publish","format-standard","has-post-thumbnail","hentry","category-evidenza-top","category-news-18","category-51","category-49","description-off"],"img_url":"https:\/\/www.radiopiu.net\/wordpress\/wp-content\/uploads\/2022\/12\/148a89b5-f856-4fd0-8939-b4ee0d3a18c4.jpg","_links":{"self":[{"href":"https:\/\/www.radiopiu.net\/wordpress\/wp-json\/wp\/v2\/posts\/313676","targetHints":{"allow":["GET"]}}],"collection":[{"href":"https:\/\/www.radiopiu.net\/wordpress\/wp-json\/wp\/v2\/posts"}],"about":[{"href":"https:\/\/www.radiopiu.net\/wordpress\/wp-json\/wp\/v2\/types\/post"}],"author":[{"embeddable":true,"href":"https:\/\/www.radiopiu.net\/wordpress\/wp-json\/wp\/v2\/users\/4"}],"replies":[{"embeddable":true,"href":"https:\/\/www.radiopiu.net\/wordpress\/wp-json\/wp\/v2\/comments?post=313676"}],"version-history":[{"count":0,"href":"https:\/\/www.radiopiu.net\/wordpress\/wp-json\/wp\/v2\/posts\/313676\/revisions"}],"wp:featuredmedia":[{"embeddable":true,"href":"https:\/\/www.radiopiu.net\/wordpress\/wp-json\/wp\/v2\/media\/313706"}],"wp:attachment":[{"href":"https:\/\/www.radiopiu.net\/wordpress\/wp-json\/wp\/v2\/media?parent=313676"}],"wp:term":[{"taxonomy":"category","embeddable":true,"href":"https:\/\/www.radiopiu.net\/wordpress\/wp-json\/wp\/v2\/categories?post=313676"},{"taxonomy":"post_tag","embeddable":true,"href":"https:\/\/www.radiopiu.net\/wordpress\/wp-json\/wp\/v2\/tags?post=313676"}],"curies":[{"name":"wp","href":"https:\/\/api.w.org\/{rel}","templated":true}]}}