{"id":313708,"date":"2022-12-29T05:28:56","date_gmt":"2022-12-29T04:28:56","guid":{"rendered":"https:\/\/www.radiopiu.net\/wordpress\/?p=313708"},"modified":"2022-12-29T17:47:01","modified_gmt":"2022-12-29T16:47:01","slug":"giornale-radiopiu-29-dicembre-2022-direttore-mirko-mezzacasa","status":"publish","type":"post","link":"https:\/\/www.radiopiu.net\/wordpress\/giornale-radiopiu-29-dicembre-2022-direttore-mirko-mezzacasa\/","title":{"rendered":"GIORNALE RADIOPIU 29 DICEMBRE 2022 DIRETTORE MIRKO MEZZACASA"},"content":{"rendered":"<h3 class=\"kvgmc6g5 cxmmr5t8 oygrvhab hcukyx3x c1et5uql\"><span style=\"color: #0000ff;\"><strong>RADIO PIU INFORMAZIONE il canale su TELEGRAM informazione di prima\u00a0 <\/strong><strong>mano e in tempo reale. iscriviti ed aiutaci a farlo conoscere\u00a0 \u00a0\u00a0<\/strong><\/span><\/h3>\n<h2><span style=\"color: #ff0000;\">ISCRIVITI AL NOSTRO CANALE YOUTUBE PER SEGUIRE IN DIRETTA I PRINCIPALI PROGRAMMI DI RADIO PIU&#8217; E LE FUTURE DIRETTE IN ESTERNA. PER ISCRIVERTI <a style=\"color: #ff0000;\" href=\"https:\/\/youtube.com\/@radiopiu1527\">CLICCA QUI<\/a> E PREMI IL TASTO &#8220;Iscriviti&#8221;\u00a0\u00a0<\/span><\/h2>\n<p>&nbsp;<\/p>\n<p>&nbsp;<\/p>\n<hr \/>\n<p>&nbsp;<\/p>\n<blockquote>\n<h3>LA TERRA TREMA ANCORA IERI A CLAUT, QUESTA MATTINA A CISON<\/h3>\n<p><strong>ULTIM&#8217;ORA 05 DEL MATTINO:\u00a0 Terremoto a Cison di Valmarino (provincia di Treviso), scossa di terremoto alle 3.12.33, 1,2 gradi della scala Richter, profondit\u00e0 14 chilometri.<\/strong><\/p><\/blockquote>\n<p><strong>REDAZIONE<\/strong> Ancora una scossa di terremoto al confine tra Veneto e Friuli Venezia Giulia. Ieri alle 13:19 l&#8217;INGV ha rilevato un movimento di magnitudo 2.3 a Claut in provincia di Pordenone. La scossa si \u00e8 sviluppata a 9 km di profondit\u00e0.<\/p>\n<p>foto, ieri il sismografo di Agordo<\/p>\n<p><a class=\"dt-pswp-item\" href=\"https:\/\/www.radiopiu.net\/wordpress\/wp-content\/uploads\/2022\/12\/Senza-nome-130.jpg\" data-dt-img-description=\"\" data-large_image_width=\"612\" data-large_image_height=\"370\"><img loading=\"lazy\" decoding=\"async\" class=\"alignnone size-medium wp-image-313967\" src=\"https:\/\/www.radiopiu.net\/wordpress\/wp-content\/uploads\/2022\/12\/Senza-nome-130-300x181.jpg\" alt=\"\" width=\"300\" height=\"181\" srcset=\"https:\/\/www.radiopiu.net\/wordpress\/wp-content\/uploads\/2022\/12\/Senza-nome-130-300x181.jpg 300w, https:\/\/www.radiopiu.net\/wordpress\/wp-content\/uploads\/2022\/12\/Senza-nome-130.jpg 612w\" sizes=\"auto, (max-width: 300px) 100vw, 300px\" \/><\/a><\/p>\n<p>&nbsp;<\/p>\n<hr \/>\n<p>&nbsp;<\/p>\n<blockquote>\n<h3>ATTERRAGGIO D&#8217;EMERGENZA SUL LAGORAI, SALVI PER MIRACOLO<\/h3>\n<\/blockquote>\n<p><strong><a class=\"dt-pswp-item\" href=\"https:\/\/www.radiopiu.net\/wordpress\/wp-content\/uploads\/2022\/12\/Schermata-2022-12-28-alle-22.03.59.png\" data-dt-img-description=\"\" data-large_image_width=\"888\" data-large_image_height=\"572\"><img loading=\"lazy\" decoding=\"async\" class=\" wp-image-313931 alignleft\" src=\"https:\/\/www.radiopiu.net\/wordpress\/wp-content\/uploads\/2022\/12\/Schermata-2022-12-28-alle-22.03.59-300x193.png\" alt=\"\" width=\"193\" height=\"124\" srcset=\"https:\/\/www.radiopiu.net\/wordpress\/wp-content\/uploads\/2022\/12\/Schermata-2022-12-28-alle-22.03.59-300x193.png 300w, https:\/\/www.radiopiu.net\/wordpress\/wp-content\/uploads\/2022\/12\/Schermata-2022-12-28-alle-22.03.59-768x495.png 768w, https:\/\/www.radiopiu.net\/wordpress\/wp-content\/uploads\/2022\/12\/Schermata-2022-12-28-alle-22.03.59.png 888w\" sizes=\"auto, (max-width: 193px) 100vw, 193px\" \/><\/a>PREDAZZO (TN)<\/strong> Sono salvi per miracolo i tre giovani bellunesi che hanno dovuto fare un atterraggio d&#8217;emergenza con un aereo da turismo. Sembrerebbe sia stato causato da un guasto al motore dell&#8217;aereo leggero. A bordo una ragazza di Alpago di 28 anni e altri due giovani di Longarone, uno di 22 e una di 27 anni. L&#8217;incidente \u00e8 avvenuto mentre stavano attraversando il Lagorai, su Cima di Cece montagna spartiacque fra la val di Fiemme la valle del Vanoi, fra i comuni di Predazzo e Canal San Bovo. L&#8217;atterraggio di emergenza a poco pi\u00f9 di 100 metri a valle del bivacco Paolo e Nicola sul versante della Val di Fiemme a quota 2100 metri. I passeggeri dell&#8217;aereo sono usciti autonomamente nonostante le ferite riportate ed hanno chiamato il 112 per chiedere aiuto. In aiuto l&#8217;elicottero che li ha recuperati in hovering per poi trasportarli all&#8217;ospedale Santa Chiara di Trento. Non in gravi condizioni. (foto: ildolomiti.it)<\/p>\n<p>&nbsp;<\/p>\n<p>&nbsp;<\/p>\n<hr \/>\n<p>&nbsp;<\/p>\n<blockquote>\n<h3>UN TRATTORE TAMPONA UN&#8217;AUTO A BELLUNO<\/h3>\n<\/blockquote>\n<p><strong><a class=\"dt-pswp-item\" href=\"https:\/\/www.radiopiu.net\/wordpress\/wp-content\/uploads\/2022\/12\/Senza-nome-125.jpg\" data-dt-img-description=\"\" data-large_image_width=\"245\" data-large_image_height=\"179\"><img loading=\"lazy\" decoding=\"async\" class=\" wp-image-313807 alignleft\" src=\"https:\/\/www.radiopiu.net\/wordpress\/wp-content\/uploads\/2022\/12\/Senza-nome-125.jpg\" alt=\"\" width=\"151\" height=\"110\" \/><\/a>BELLUNO<\/strong> Ieri alle 9 un incidente ha causato qualche disagio al traffico in zona Baldenich a Belluno. Un trattore ha tamponato un&#8217;automobile, un urto leggero vista la velocit\u00e0 del mezzo agricolo. Nessun ferito nell&#8217;incidente ma solo qualche danno ai mezzi.. Sul posto i Vigili del Fuoco per la messa in sicurezza della strada dopo che il trattore aveva perso del gasolio,\u00a0 e Polizia Locale per i rilievi di legge.<\/p>\n<p>&nbsp;<\/p>\n<p>&nbsp;<\/p>\n<hr \/>\n<p>&nbsp;<\/p>\n<blockquote>\n<h3><a class=\"dt-pswp-item\" href=\"https:\/\/www.radiopiu.net\/wordpress\/wp-content\/uploads\/2021\/07\/b39c74f9-db73-45b1-b518-6c028072e3ad.jpg\" data-dt-img-description=\"\" data-large_image_width=\"1062\" data-large_image_height=\"1328\"><img loading=\"lazy\" decoding=\"async\" class=\"wp-image-222511 alignleft\" src=\"https:\/\/www.radiopiu.net\/wordpress\/wp-content\/uploads\/2021\/07\/b39c74f9-db73-45b1-b518-6c028072e3ad-240x300.jpg\" alt=\"\" width=\"77\" height=\"96\" srcset=\"https:\/\/www.radiopiu.net\/wordpress\/wp-content\/uploads\/2021\/07\/b39c74f9-db73-45b1-b518-6c028072e3ad-240x300.jpg 240w, https:\/\/www.radiopiu.net\/wordpress\/wp-content\/uploads\/2021\/07\/b39c74f9-db73-45b1-b518-6c028072e3ad-819x1024.jpg 819w, https:\/\/www.radiopiu.net\/wordpress\/wp-content\/uploads\/2021\/07\/b39c74f9-db73-45b1-b518-6c028072e3ad-768x960.jpg 768w, https:\/\/www.radiopiu.net\/wordpress\/wp-content\/uploads\/2021\/07\/b39c74f9-db73-45b1-b518-6c028072e3ad.jpg 1062w\" sizes=\"auto, (max-width: 77px) 100vw, 77px\" \/><\/a>CADE IN CASA SOCCORSA DAI VIGILI DEL FUOCO<\/h3>\n<\/blockquote>\n<p><strong>FELTRE<\/strong> Una donna di 70anni \u00e8 stata soccorsa\u00a0 e portata all&#8217;ospedale\u00a0 dopo la\u00a0 caduta\u00a0 all&#8217;ora di pranzo nell&#8217;abitazione in centro. Un incidente domestico che ha richiesto l&#8217;intervento dei vigili del fuoco e del 118. La donna ha chiamato con il suo cellulare. I vigili del fuoco hanno aperto la serratura dell&#8217;abitazione consentendo cos\u00ec ai sanitari di curare la donna sul posto per poi portarla in ospedale per accertamenti.<\/p>\n<p>&nbsp;<\/p>\n<p>&nbsp;<\/p>\n<hr \/>\n<p>&nbsp;<\/p>\n<blockquote>\n<h3><a class=\"dt-pswp-item\" href=\"https:\/\/www.radiopiu.net\/wordpress\/wp-content\/uploads\/2022\/12\/Senza-nome-128.jpg\" data-dt-img-description=\"\" data-large_image_width=\"207\" data-large_image_height=\"206\"><img loading=\"lazy\" decoding=\"async\" class=\"wp-image-313960 alignleft\" src=\"https:\/\/www.radiopiu.net\/wordpress\/wp-content\/uploads\/2022\/12\/Senza-nome-128.jpg\" alt=\"\" width=\"132\" height=\"131\" srcset=\"https:\/\/www.radiopiu.net\/wordpress\/wp-content\/uploads\/2022\/12\/Senza-nome-128.jpg 207w, https:\/\/www.radiopiu.net\/wordpress\/wp-content\/uploads\/2022\/12\/Senza-nome-128-150x150.jpg 150w\" sizes=\"auto, (max-width: 132px) 100vw, 132px\" \/><\/a>VANDALI DA PRESEPIO, ROTTO IL GESU&#8217; DI LAMON<\/h3>\n<\/blockquote>\n<p><strong>LAMON<\/strong> A La Villa danni al presepe posizionato al capitello. La statua di Ges\u00f9 bambino e stata buttata in strada ed \u00e8 andata in pezzi. L&#8217;episodio \u00e8 stato stigmatizzato dagli amici di Padre Romano, ieri in pellegrinaggio.<\/p>\n<p>&nbsp;<\/p>\n<p>&nbsp;<\/p>\n<p>&nbsp;<\/p>\n<hr \/>\n<p>&nbsp;<\/p>\n<blockquote>\n<h3>BENGALESI SANZIONATI ED ESPULSI, MA NON SI SA DOVE SIANO<\/h3>\n<\/blockquote>\n<p><strong>FELTRE<\/strong>\u00a0Quattro immigrati clandestini privi di documenti e permesso di soggiorno, due anni fa controllati e fermati in stazione a Feltre dovevano comparire davanti al giudice in seguito alla denuncia per immigrazione clandestina. Il pi\u00f9 vecchio del 1976 e il pi\u00f9 giovane del 1997. Un passaggio in questura e poi il decreto di espulsione da parte del prefetto. Sette giorni di tempo per lasciare il territorio nazionale, dopo di che non si sa dove siano andati. Ieri mattina l&#8217;udienza ma non erano presenti. Sono stati condannati con la pena standard per l&#8217;immigrazione clandestina: 5 mila euro di ammenda.<\/p>\n<p>&nbsp;<\/p>\n<hr \/>\n<p>&nbsp;<\/p>\n<blockquote>\n<h3>L&#8217;ASSESSORE BOTTACIN TRACCIA IL BILANCIO 2022. \u201cRISULTATI DI RILEVANZA UNICA&#8221;<\/h3>\n<\/blockquote>\n<p><strong>BELLUNO <\/strong>\u201cIl 2022 si riassume in tre grandi risultati: l\u2019autonomia in ambito idroelettrico, la nuova legge regionale sulla Protezione Civile votata in consiglio regionale all\u2019unanimit\u00e0 e l\u2019aggiornamento del piano rifiuti che ci conferma regione leader a livello nazionale con il plauso dal presidente nazionale di Legambiente Stefano Ciafani\u201d. Sono questi i capisaldi del bilancio di attivit\u00e0 annuale dei propri referati che l\u2019Assessore regionale all\u2019ambiente, al dissesto idrogeologico e alla Protezione civile Gianpaolo Bottacin ha illustrato ieri mattina in occasione dell\u2019incontro con la stampa tenutosi nella sede del Genio Civile a Belluno.<\/p>\n<p><strong>di Moreno Gioli<\/strong><\/p>\n<audio class=\"wp-audio-shortcode\" id=\"audio-313708-1\" preload=\"none\" style=\"width: 100%;\" controls=\"controls\"><source type=\"audio\/mpeg\" src=\"https:\/\/www.radiopiu.net\/wordpress\/wp-content\/uploads\/2022\/12\/GIOLI-CONFERENZA-STAMPA-BOTTACIN.mp3?_=1\" \/><a href=\"https:\/\/www.radiopiu.net\/wordpress\/wp-content\/uploads\/2022\/12\/GIOLI-CONFERENZA-STAMPA-BOTTACIN.mp3\">https:\/\/www.radiopiu.net\/wordpress\/wp-content\/uploads\/2022\/12\/GIOLI-CONFERENZA-STAMPA-BOTTACIN.mp3<\/a><\/audio>\n<p>&nbsp;<\/p>\n<p><strong>L&#8217;ASSESSORE REGIONALE GIANPAOLO BOTTACIN<\/strong><\/p>\n<div style=\"width: 848px;\" class=\"wp-video\"><video class=\"wp-video-shortcode\" id=\"video-313708-1\" width=\"848\" height=\"480\" preload=\"metadata\" controls=\"controls\"><source type=\"video\/mp4\" src=\"https:\/\/www.radiopiu.net\/wordpress\/wp-content\/uploads\/2022\/12\/WhatsApp-Video-2022-12-28-at-16.55.24.mp4?_=1\" \/><a href=\"https:\/\/www.radiopiu.net\/wordpress\/wp-content\/uploads\/2022\/12\/WhatsApp-Video-2022-12-28-at-16.55.24.mp4\">https:\/\/www.radiopiu.net\/wordpress\/wp-content\/uploads\/2022\/12\/WhatsApp-Video-2022-12-28-at-16.55.24.mp4<\/a><\/video><\/div>\n<p>&nbsp;<\/p>\n<hr \/>\n<p>&nbsp;<\/p>\n<blockquote>\n<h3>SISTEMARE MALGA LOSCH E PENSARE AL CIRCUITO E-BIKE<\/h3>\n<\/blockquote>\n<p><strong><a class=\"dt-pswp-item\" href=\"https:\/\/www.radiopiu.net\/wordpress\/wp-content\/uploads\/2022\/12\/MALGA-LOSCH.jpg\" data-dt-img-description=\"\" data-large_image_width=\"1500\" data-large_image_height=\"1000\"><img loading=\"lazy\" decoding=\"async\" class=\" wp-image-313895 alignleft\" src=\"https:\/\/www.radiopiu.net\/wordpress\/wp-content\/uploads\/2022\/12\/MALGA-LOSCH-300x200.jpg\" alt=\"\" width=\"201\" height=\"134\" srcset=\"https:\/\/www.radiopiu.net\/wordpress\/wp-content\/uploads\/2022\/12\/MALGA-LOSCH-300x200.jpg 300w, https:\/\/www.radiopiu.net\/wordpress\/wp-content\/uploads\/2022\/12\/MALGA-LOSCH-1024x683.jpg 1024w, https:\/\/www.radiopiu.net\/wordpress\/wp-content\/uploads\/2022\/12\/MALGA-LOSCH-768x512.jpg 768w, https:\/\/www.radiopiu.net\/wordpress\/wp-content\/uploads\/2022\/12\/MALGA-LOSCH.jpg 1500w\" sizes=\"auto, (max-width: 201px) 100vw, 201px\" \/><\/a>VOLTAGO<\/strong><\/p>\n<p>di Gianni Santomaso<\/p>\n<p>(foto: Infodolomiti.it)<\/p>\n<audio class=\"wp-audio-shortcode\" id=\"audio-313708-2\" preload=\"none\" style=\"width: 100%;\" controls=\"controls\"><source type=\"audio\/mpeg\" src=\"https:\/\/www.radiopiu.net\/wordpress\/wp-content\/uploads\/2022\/12\/GIANNI-SISTEMARE-MALGA-LOSCH-E-PENSARE-AL-CIRCUITO-E-BIKE.mp3?_=2\" \/><a href=\"https:\/\/www.radiopiu.net\/wordpress\/wp-content\/uploads\/2022\/12\/GIANNI-SISTEMARE-MALGA-LOSCH-E-PENSARE-AL-CIRCUITO-E-BIKE.mp3\">https:\/\/www.radiopiu.net\/wordpress\/wp-content\/uploads\/2022\/12\/GIANNI-SISTEMARE-MALGA-LOSCH-E-PENSARE-AL-CIRCUITO-E-BIKE.mp3<\/a><\/audio>\n<p>&nbsp;<\/p>\n<hr \/>\n<p>&nbsp;<\/p>\n<blockquote>\n<h3>VALPE INSTALLA DUE NUOVE ISOLE ECOLOGICHE IN AGORDINO<\/h3>\n<\/blockquote>\n<p><strong>AGORDO <\/strong>Valpe Ambiente ha attivato due nuove Isole ecologiche: strutture dove turisti in affitto e cittadini non residenti proprietari di seconde case possono portare i propri rifiuti prima del rientro a casa, al termine di un soggiorno nel territorio agordino. Le nuove Isole ecologiche, attive h24, si trovano a: Selva di Cadore (loc. Santa Fosca), presso il parcheggio del Centro sportivo di via Santa Fosca; La Valle Agordina (loc. Le Campe), presso il parcheggio del Centro Minerario di Valle Imperina. Queste due nuove strutture, finanziate grazie al Fondo Comuni Confinanti, vanno a sommarsi a quelle &#8211; presenti gi\u00e0 da alcuni anni &#8211; a Canale D&#8217;Agordo e Alleghe (loc. Caprile). Si tratta di un servizio\u00a0che integra la raccolta porta a porta: grazie ai diversi scomparti di cui sono dotate, le Isole ecologiche consentono alle persone che soggiornano in agordino di raccogliere correttamente i rifiuti prima di tornare a casa. Qui, infatti, le utenze possono effettuare solo l&#8217;ultimo conferimento al termine delle vacanze; mentre per la durata del soggiorno si deve usufruire del servizio ordinario di raccolta porta a porta. Per accedere alle Isole Ecologiche \u00e8 necessario usare l\u2019apposito QR code, che pu\u00f2 essere richiesto: tramite\u00a0<a href=\"https:\/\/sol.valpeambiente.it\/\">lo Sportello Online<\/a>, tra le varie funzionalit\u00e0 consente anche di creare autonomamente il QR Code per accedere all\u2019Isola Ecologica; scrivendo a <a href=\"mailto:isola@valpeambiente.it\">isola@valpeambiente.it<\/a>; Chiamando il numero verde 800.94.76.73 (lun-ven 8.30\/18.00 e sab 8.30\/13.00); rivolgendosi all\u2019Ecosportello di Agordo. Per maggiori informazioni consultare la pagina specifica nel sito <a href=\"https:\/\/valpeambiente.it\/p\/gestione-rifiuti\/servizi-per-i-cittadini-non-residenti-ae-unione-montana-agordina\">valpeambiente.it<\/a><\/p>\n\n\t\t\t<style type='text\/css'>\n\t\t\t\t#gallery-1 {\n\t\t\t\t\tmargin: auto;\n\t\t\t\t}\n\t\t\t\t#gallery-1 .gallery-item {\n\t\t\t\t\tfloat: left;\n\t\t\t\t\tmargin-top: 10px;\n\t\t\t\t\ttext-align: center;\n\t\t\t\t\twidth: 50%;\n\t\t\t\t}\n\t\t\t\t#gallery-1 img {\n\t\t\t\t\tborder: 2px solid #cfcfcf;\n\t\t\t\t}\n\t\t\t\t#gallery-1 .gallery-caption {\n\t\t\t\t\tmargin-left: 0;\n\t\t\t\t}\n\t\t\t\t\/* see gallery_shortcode() in wp-includes\/media.php *\/\n\t\t\t<\/style>\n\t\t<div id='gallery-1' class='dt-gallery-container gallery galleryid-313708 gallery-columns-2 gallery-size-medium'><dl class='gallery-item'>\n\t\t\t\t<dt class='gallery-icon landscape'>\n\t\t\t\t\t<a class=\"rollover rollover-zoom dt-pswp-item\" title=\"IMG-20221228-WA0006\" data-dt-img-description=\"\" data-large_image_width=\"2048\" data-large_image_height=\"1536\"href='https:\/\/www.radiopiu.net\/wordpress\/wp-content\/uploads\/2022\/12\/IMG-20221228-WA0006.jpg'><img loading=\"lazy\" decoding=\"async\" width=\"300\" height=\"225\" src=\"https:\/\/www.radiopiu.net\/wordpress\/wp-content\/uploads\/2022\/12\/IMG-20221228-WA0006-300x225.jpg\" class=\"attachment-medium size-medium\" alt=\"\" srcset=\"https:\/\/www.radiopiu.net\/wordpress\/wp-content\/uploads\/2022\/12\/IMG-20221228-WA0006-300x225.jpg 300w, https:\/\/www.radiopiu.net\/wordpress\/wp-content\/uploads\/2022\/12\/IMG-20221228-WA0006-1024x768.jpg 1024w, https:\/\/www.radiopiu.net\/wordpress\/wp-content\/uploads\/2022\/12\/IMG-20221228-WA0006-768x576.jpg 768w, https:\/\/www.radiopiu.net\/wordpress\/wp-content\/uploads\/2022\/12\/IMG-20221228-WA0006-1536x1152.jpg 1536w, https:\/\/www.radiopiu.net\/wordpress\/wp-content\/uploads\/2022\/12\/IMG-20221228-WA0006.jpg 2048w\" sizes=\"auto, (max-width: 300px) 100vw, 300px\" \/><\/a>\n\t\t\t\t<\/dt><\/dl><dl class='gallery-item'>\n\t\t\t\t<dt class='gallery-icon landscape'>\n\t\t\t\t\t<a class=\"rollover rollover-zoom dt-pswp-item\" title=\"IMG-20221228-WA0002\" data-dt-img-description=\"\" data-large_image_width=\"2000\" data-large_image_height=\"1500\"href='https:\/\/www.radiopiu.net\/wordpress\/wp-content\/uploads\/2022\/12\/IMG-20221228-WA0002.jpg'><img loading=\"lazy\" decoding=\"async\" width=\"300\" height=\"225\" src=\"https:\/\/www.radiopiu.net\/wordpress\/wp-content\/uploads\/2022\/12\/IMG-20221228-WA0002-300x225.jpg\" class=\"attachment-medium size-medium\" alt=\"\" srcset=\"https:\/\/www.radiopiu.net\/wordpress\/wp-content\/uploads\/2022\/12\/IMG-20221228-WA0002-300x225.jpg 300w, https:\/\/www.radiopiu.net\/wordpress\/wp-content\/uploads\/2022\/12\/IMG-20221228-WA0002-1024x768.jpg 1024w, https:\/\/www.radiopiu.net\/wordpress\/wp-content\/uploads\/2022\/12\/IMG-20221228-WA0002-768x576.jpg 768w, https:\/\/www.radiopiu.net\/wordpress\/wp-content\/uploads\/2022\/12\/IMG-20221228-WA0002-1536x1152.jpg 1536w, https:\/\/www.radiopiu.net\/wordpress\/wp-content\/uploads\/2022\/12\/IMG-20221228-WA0002.jpg 2000w\" sizes=\"auto, (max-width: 300px) 100vw, 300px\" \/><\/a>\n\t\t\t\t<\/dt><\/dl><br style=\"clear: both\" \/>\n\t\t\t<\/div>\n\n<p>&nbsp;<\/p>\n<blockquote>\n<h3 class=\"entry-title\">SPECIALE VALPE \u2013 AMBIENTE\u2026.INFORMAZIONI, INDICAZIONI ORARI<\/h3>\n<\/blockquote>\n<p><span class=\"photoswipe-wrapper\"><a class=\"dt-pswp-item pspw-wrap-ready\" href=\"https:\/\/www.radiopiu.net\/wordpress\/wp-content\/uploads\/2022\/12\/ingresso-ecocentro.jpg\" data-dt-img-description=\"\" data-large_image_width=\"1600\" data-large_image_height=\"720\"><img loading=\"lazy\" decoding=\"async\" class=\"wp-image-312801 alignleft\" src=\"https:\/\/www.radiopiu.net\/wordpress\/wp-content\/uploads\/2022\/12\/ingresso-ecocentro-300x135.jpg\" sizes=\"auto, (max-width: 191px) 100vw, 191px\" srcset=\"https:\/\/www.radiopiu.net\/wordpress\/wp-content\/uploads\/2022\/12\/ingresso-ecocentro-300x135.jpg 300w, https:\/\/www.radiopiu.net\/wordpress\/wp-content\/uploads\/2022\/12\/ingresso-ecocentro-1024x461.jpg 1024w, https:\/\/www.radiopiu.net\/wordpress\/wp-content\/uploads\/2022\/12\/ingresso-ecocentro-768x346.jpg 768w, https:\/\/www.radiopiu.net\/wordpress\/wp-content\/uploads\/2022\/12\/ingresso-ecocentro-1536x691.jpg 1536w, https:\/\/www.radiopiu.net\/wordpress\/wp-content\/uploads\/2022\/12\/ingresso-ecocentro.jpg 1600w\" alt=\"\" width=\"191\" height=\"86\" \/><\/a>Dal 22 dicembre in localit\u00e0 Valcozzena \u00e8 aperto il nuovo\u00a0<strong>Ecocentro sovracomunale di Agordo \u2013 Taibon<\/strong>.\u00a0<\/span>La nuova struttura, finanziata dal Fondo Comuni Confinanti, \u00e8 accessibile a tutte le utenze dell\u2019Unione Montana Agordina e offre un servizio di qualit\u00e0 nel rispetto delle normative vigenti.\u00a0Per consultare gli orari di apertura e per maggiori informazioni vai al sito\u00a0<a href=\"mailto:valpeambiente.it\">valpeambiente.it<\/a>\u00a0o chiama il nuovo numero verde gratuito 800.94.76.73.<\/p>\n<p>&nbsp;<\/p>\n<p>&nbsp;<\/p>\n<p><img loading=\"lazy\" decoding=\"async\" class=\"alignleft\" src=\"https:\/\/www.radiopiu.net\/wordpress\/wp-content\/uploads\/2021\/09\/Ecosportello_Agordo_1-scaled.jpg\" width=\"206\" height=\"137\" \/>Dal 1\u00b0 gennaio puoi contattare Valpe Ambiente grazie al\u00a0<b>nuovo numero verde 800.94.76.73. E\u2019 disponibile per tutte le utenze servite e raggiungibile con chiamata gratuita\u00a0<\/b>sia da telefono fisso che da cellulare. Con l\u2019attivazione di questo nuovo numero, saranno dismessi tutti i vecchi riferimenti telefonici. Per maggiori informazioni vai alla sezione News del sito\u00a0<a href=\"http:\/\/www.valpeambiente.it\/\" target=\"_blank\" rel=\"noopener noreferrer\">www.valpeambiente.it<\/a>.<\/p>\n<p>&nbsp;<\/p>\n<hr \/>\n<p>&nbsp;<\/p>\n<blockquote>\n<h3>83MILA EURO PER RIDARE DIGNITA&#8217; ALLA CHIESA DI SAN GOTTARDO<\/h3>\n<\/blockquote>\n<p><strong><img loading=\"lazy\" decoding=\"async\" class=\"alignleft\" src=\"https:\/\/www.radiopiu.net\/wordpress\/wp-content\/uploads\/2022\/08\/Chiesa-di-San-Gottardo_56.jpg\" width=\"227\" height=\"151\" \/>SOSPIROLO<\/strong>\u00a0 Servono 83 mila euro per sistemare il campanile (impianto elettrico compreso) danneggiato dal temporale dello scorso agosto, attorno alla struttura rimangono le transenne per il pericolo di caduta calcinacci. L&#8217;auspicio \u00e8 coprire il 70% della spesa attraverso l&#8217;8&#215;1000. Rimangono comunque circa 25 mila euro da reperire. La ricerca di fondi \u00e8 cominciata e nell&#8217;ultimo bollettino parrocchiale \u00e8 apparso anche il codice Iban a cui effettuare le donazioni: IT 62 E 08140 61311 00001 3047411. Va bene pure la consegna diretta a don Luciano Todesco<\/p>\n<p><strong>ARCHIVIO RADIOPIU<\/strong><\/p>\n<blockquote>\n<h3><strong style=\"font-size: 14px;\">SOSPIROLO<\/strong><span style=\"font-size: 14px; font-weight: normal;\"> Ad inizio agosto il termporale, il fulmine soprattutto che ha colpito la sommit\u00e0 del campanile causando enormi danni alla struttura, il sindaco Mario De Bon ha fatto scattare una ordinanza di chiusura e interdizione della chiesa a causa del dissesto statico del campanile.\u00a0 A peggiorare le cose il vento di inizio settembre. I vigili del fuoco del comando di Belluno hanno provveduto subito a delimitare con transenne e nastro l&#8217;area di pi\u00f9 probabile caduta di elementi pericolanti del campanile. Il sindaco anche se la chiesa viene utilizzata solo una volta a settimana\u00a0 ha confermato l&#8217;ordinanza d&#8217;interdizione<\/span><\/h3>\n<\/blockquote>\n<p>&nbsp;<\/p>\n<hr \/>\n<p>&nbsp;<\/p>\n<blockquote>\n<h3>NOVITA&#8217; PER LA RACCOLTA DIFFERENZIATA PORTA A PORTA DI CESIOMAGGIORE<\/h3>\n<\/blockquote>\n<p><strong><a class=\"dt-pswp-item\" href=\"https:\/\/www.radiopiu.net\/wordpress\/wp-content\/uploads\/2022\/12\/f038ee64-eda3-44fe-b548-f32cb33889c0.jpg\" data-dt-img-description=\"\" data-large_image_width=\"1600\" data-large_image_height=\"900\"><img loading=\"lazy\" decoding=\"async\" class=\" wp-image-313888 alignleft\" src=\"https:\/\/www.radiopiu.net\/wordpress\/wp-content\/uploads\/2022\/12\/f038ee64-eda3-44fe-b548-f32cb33889c0-300x169.jpg\" alt=\"\" width=\"231\" height=\"130\" srcset=\"https:\/\/www.radiopiu.net\/wordpress\/wp-content\/uploads\/2022\/12\/f038ee64-eda3-44fe-b548-f32cb33889c0-300x169.jpg 300w, https:\/\/www.radiopiu.net\/wordpress\/wp-content\/uploads\/2022\/12\/f038ee64-eda3-44fe-b548-f32cb33889c0-1024x576.jpg 1024w, https:\/\/www.radiopiu.net\/wordpress\/wp-content\/uploads\/2022\/12\/f038ee64-eda3-44fe-b548-f32cb33889c0-768x432.jpg 768w, https:\/\/www.radiopiu.net\/wordpress\/wp-content\/uploads\/2022\/12\/f038ee64-eda3-44fe-b548-f32cb33889c0-1536x864.jpg 1536w, https:\/\/www.radiopiu.net\/wordpress\/wp-content\/uploads\/2022\/12\/f038ee64-eda3-44fe-b548-f32cb33889c0.jpg 1600w\" sizes=\"auto, (max-width: 231px) 100vw, 231px\" \/><\/a>CESIOMAGGIORE<\/strong> Novit\u00e0 in vista per la raccolta rifiuti a Cesiomaggiore: dalla primavera via alla raccolta differenziata \u201cspinta\u201d porta a porta. Nelle prossime settimane partir\u00e0 una campagna informativa per illustrare ai cittadini le principali novit\u00e0.<\/p>\n<p><strong>di Daniele Dalvit<\/strong><\/p>\n<audio class=\"wp-audio-shortcode\" id=\"audio-313708-3\" preload=\"none\" style=\"width: 100%;\" controls=\"controls\"><source type=\"audio\/mpeg\" src=\"https:\/\/www.radiopiu.net\/wordpress\/wp-content\/uploads\/2022\/12\/WhatsApp-Audio-2022-12-28-at-19.28.43.mp3?_=3\" \/><a href=\"https:\/\/www.radiopiu.net\/wordpress\/wp-content\/uploads\/2022\/12\/WhatsApp-Audio-2022-12-28-at-19.28.43.mp3\">https:\/\/www.radiopiu.net\/wordpress\/wp-content\/uploads\/2022\/12\/WhatsApp-Audio-2022-12-28-at-19.28.43.mp3<\/a><\/audio>\n<p>&nbsp;<\/p>\n<hr \/>\n<p>&nbsp;<\/p>\n<blockquote>\n<h3>DILLO A RADIO PIU&#8217;&#8230;QUANDO LE SCARPATE DIVENTANO UNA DISCARICA A CIELO APERTO<\/h3>\n<\/blockquote>\n<p><strong>REDAZION<\/strong>E Riceviamo e pubblichiamo una lettera di un nostro ascoltatore<\/p>\n<div>\n<blockquote>\n<p class=\"s2\"><em>Forse non sarebbe il periodo pi\u00f9<span class=\"apple-converted-space\">\u00a0<\/span>appropriato, quello delle festivit\u00e0 natalizie,<span class=\"apple-converted-space\">\u00a0<\/span>parlare di questi problemi, ma<span class=\"apple-converted-space\">\u00a0<\/span>meglio non rinviare e non farsi scrupoli di coscienza di fronte a certi comportamenti, anche perch\u00e9<span class=\"apple-converted-space\">\u00a0<\/span>ci\u00f2 che importa per il nostro sistema<span class=\"apple-converted-space\">\u00a0<\/span>di vita<span class=\"apple-converted-space\">\u00a0<\/span>non sono certo la bont\u00e0 e l\u2019educazione ma<span class=\"apple-converted-space\">\u00a0<\/span>\u00e8<span class=\"apple-converted-space\">\u00a0<\/span>lo<span class=\"apple-converted-space\">\u00a0<\/span>spendere e<span class=\"apple-converted-space\">\u00a0<\/span>il<span class=\"apple-converted-space\">\u00a0<\/span>consumare, prendere ci\u00f2 che serve e buttare quello che non serve pi\u00f9 e,<span class=\"apple-converted-space\">\u00a0<\/span>un<span class=\"apple-converted-space\">\u00a0<\/span>ottimo esempio di questo modo di vivere, oltre al consumo sfrenato di cibo,<span class=\"apple-converted-space\">\u00a0<\/span>lo possiamo vedere nei nostri boschi, li dove passa l\u2019uomo, ormai dappertutto, soprattutto lungo ogni tipo di strada perch\u00e9 la maggioranza delle persone che vanno in montagna vogliono andarci<span class=\"apple-converted-space\">\u00a0<\/span>spinti dal motore fino all\u2019ultimo metro di strada e anche di pi\u00f9,<span class=\"apple-converted-space\">\u00a0<\/span>approfittando di liberarsi volentieri di<span class=\"apple-converted-space\">\u00a0<\/span>qualche rifiuto. In particolare, nei posti dove si fa legna, dove lavorano le imprese, le ditte boschive e qualsiasi altra occasione<span class=\"apple-converted-space\">\u00a0<\/span>di presenza umana, l\u2019abbandono di plastica nell\u2019ambiente \u00e8 una costante. Inoltre, le scarpate verso i torrenti vengono utilizzate come discariche, da sempre, e se vedi materiale biodegradabile<span class=\"apple-converted-space\">\u00a0<\/span>almeno ti consoli ma se vai a<span class=\"apple-converted-space\">\u00a0<\/span>rovistare\u2026immancabilmente<span class=\"apple-converted-space\">\u00a0<\/span>c\u2019\u00e8 anche la plastica o altri elementi inquinanti. In autunno poi, con l\u2019apertura della caccia, contribuiscono anche i cacciatori, o meglio, alcuni di essi, perch\u00e9 per qualcuno la libert\u00e0 \u00e8 sempre partecipazione, nel bene e nel male, ed ecco apparire lungo le scarpate, ogni anno, i sacconi di plastica con dentro i resti di macelleria che andranno poi a diffondere un bel profumo nei periodi caldi. Zone regolarmente utilizzate ad esempio sono Don e Le<span class=\"apple-converted-space\">\u00a0<\/span>Pecole, sopra<span class=\"apple-converted-space\">\u00a0<\/span>Agordo, e comunque a sentire qualcuno anche in altri posti. Uno schifo<span class=\"apple-converted-space\">\u00a0<\/span>e una vergogna.<span class=\"apple-converted-space\">\u00a0<\/span>Prendere ci\u00f2 che serve, buttare quello che non serve, senza il minimo rispetto verso l\u2019ambiente e l\u2019animale che hai catturato i quali<span class=\"apple-converted-space\">\u00a0<\/span>ti servono, per sfogare gli istinti predatori e che le leggi ti permettono<span class=\"apple-converted-space\">\u00a0<\/span>di fare, ma non te ne frega niente<span class=\"apple-converted-space\">\u00a0<\/span>n\u00e9 di capire n\u00e9 di imparare. Considerato che le istituzioni ci sono sempre meno quando serve, non ci resta che avere la speranza, probabilmente inutile ma non ci resta altro, che qualche buon\u2019anima che conosce il problema tra i cacciatori o chicchessia, metta da<span class=\"apple-converted-space\">\u00a0<\/span>parte<span class=\"apple-converted-space\">\u00a0<\/span>per una volta l\u2019omert\u00e0 e l\u2019egoismo e si faccia promotore verso questi<span class=\"apple-converted-space\">\u00a0<\/span>fenomeni<span class=\"apple-converted-space\">\u00a0<\/span>nostrani,<span class=\"apple-converted-space\">\u00a0<\/span>almeno provando ad invitarli<span class=\"apple-converted-space\">\u00a0<\/span>a starsene a casa \u00a0rinunciando finalmente<span class=\"apple-converted-space\">\u00a0<\/span>a scarrozzare per i boschi e per il mondo diffondendo la propria ignoranza.<\/em><\/p>\n<p><em>LETTERA FIRMATA<\/em><\/p><\/blockquote>\n\n\t\t\t<style type='text\/css'>\n\t\t\t\t#gallery-2 {\n\t\t\t\t\tmargin: auto;\n\t\t\t\t}\n\t\t\t\t#gallery-2 .gallery-item {\n\t\t\t\t\tfloat: left;\n\t\t\t\t\tmargin-top: 10px;\n\t\t\t\t\ttext-align: center;\n\t\t\t\t\twidth: 33%;\n\t\t\t\t}\n\t\t\t\t#gallery-2 img {\n\t\t\t\t\tborder: 2px solid #cfcfcf;\n\t\t\t\t}\n\t\t\t\t#gallery-2 .gallery-caption {\n\t\t\t\t\tmargin-left: 0;\n\t\t\t\t}\n\t\t\t\t\/* see gallery_shortcode() in wp-includes\/media.php *\/\n\t\t\t<\/style>\n\t\t<div id='gallery-2' class='dt-gallery-container gallery galleryid-313708 gallery-columns-3 gallery-size-thumbnail'><dl class='gallery-item'>\n\t\t\t\t<dt class='gallery-icon portrait'>\n\t\t\t\t\t<a class=\"rollover rollover-zoom dt-pswp-item\" title=\"7BA7F5DB-C581-40CB-A31B-1D067AE37412\" data-dt-img-description=\"\" data-large_image_width=\"1920\" data-large_image_height=\"2560\"href='https:\/\/www.radiopiu.net\/wordpress\/wp-content\/uploads\/2022\/12\/7BA7F5DB-C581-40CB-A31B-1D067AE37412-scaled.jpeg'><img loading=\"lazy\" decoding=\"async\" width=\"150\" height=\"150\" src=\"https:\/\/www.radiopiu.net\/wordpress\/wp-content\/uploads\/2022\/12\/7BA7F5DB-C581-40CB-A31B-1D067AE37412-150x150.jpeg\" class=\"attachment-thumbnail size-thumbnail\" alt=\"\" \/><\/a>\n\t\t\t\t<\/dt><\/dl><dl class='gallery-item'>\n\t\t\t\t<dt class='gallery-icon portrait'>\n\t\t\t\t\t<a class=\"rollover rollover-zoom dt-pswp-item\" title=\"6E6C697A-B93A-4850-B621-74E461FE374F\" data-dt-img-description=\"\" data-large_image_width=\"1920\" data-large_image_height=\"2560\"href='https:\/\/www.radiopiu.net\/wordpress\/wp-content\/uploads\/2022\/12\/6E6C697A-B93A-4850-B621-74E461FE374F-scaled.jpeg'><img loading=\"lazy\" decoding=\"async\" width=\"150\" height=\"150\" src=\"https:\/\/www.radiopiu.net\/wordpress\/wp-content\/uploads\/2022\/12\/6E6C697A-B93A-4850-B621-74E461FE374F-150x150.jpeg\" class=\"attachment-thumbnail size-thumbnail\" alt=\"\" \/><\/a>\n\t\t\t\t<\/dt><\/dl><dl class='gallery-item'>\n\t\t\t\t<dt class='gallery-icon portrait'>\n\t\t\t\t\t<a class=\"rollover rollover-zoom dt-pswp-item\" title=\"903F9F0E-60B5-4EF6-BFD2-4CBE3B5F166B\" data-dt-img-description=\"\" data-large_image_width=\"1920\" data-large_image_height=\"2560\"href='https:\/\/www.radiopiu.net\/wordpress\/wp-content\/uploads\/2022\/12\/903F9F0E-60B5-4EF6-BFD2-4CBE3B5F166B-scaled.jpeg'><img loading=\"lazy\" decoding=\"async\" width=\"150\" height=\"150\" src=\"https:\/\/www.radiopiu.net\/wordpress\/wp-content\/uploads\/2022\/12\/903F9F0E-60B5-4EF6-BFD2-4CBE3B5F166B-150x150.jpeg\" class=\"attachment-thumbnail size-thumbnail\" alt=\"\" \/><\/a>\n\t\t\t\t<\/dt><\/dl><br style=\"clear: both\" \/>\n\t\t\t<\/div>\n\n<p>&nbsp;<\/p>\n<hr \/>\n<p>&nbsp;<\/p>\n<\/div>\n<blockquote>\n<h3>DILLO A RADIO PIU&#8217;&#8230;I COLLEGAMENTI SCIISTICI\u00a0SONO INDISPENSABILI?<\/h3>\n<\/blockquote>\n<p><strong><a class=\"dt-pswp-item\" href=\"https:\/\/www.radiopiu.net\/wordpress\/wp-content\/uploads\/2018\/04\/impianti-alleghe-funivie.jpg\" data-dt-img-description=\"\" data-large_image_width=\"550\" data-large_image_height=\"309\"><img loading=\"lazy\" decoding=\"async\" class=\" wp-image-46376 alignleft\" src=\"https:\/\/www.radiopiu.net\/wordpress\/wp-content\/uploads\/2018\/04\/impianti-alleghe-funivie-300x169.jpg\" alt=\"\" width=\"183\" height=\"103\" srcset=\"https:\/\/www.radiopiu.net\/wordpress\/wp-content\/uploads\/2018\/04\/impianti-alleghe-funivie-300x169.jpg 300w, https:\/\/www.radiopiu.net\/wordpress\/wp-content\/uploads\/2018\/04\/impianti-alleghe-funivie.jpg 550w\" sizes=\"auto, (max-width: 183px) 100vw, 183px\" \/><\/a>di Claudio Pra<\/strong><\/p>\n<p>La parola chiave per nuovi collegamenti sciistici \u00e8 &#8220;indispensabile&#8221;. Ovviamente a pronunciare tale parola \u00e8 chi vuole costruirli. Mantenendosi all&#8217;attuale, era indispensabile il collegamento Cortina-Cinque Torri, da poco realizzato. Sarebbe poi indispensabile il collegamento Arabba-Cortina e figurarsi se non \u00e8 indispensabile il collegamento Cadore-Civetta. Assolutamente indispensabile poi \u00e8 il collegamento Val Comelico-Alta Pusteria e vogliamo poi parlare dell&#8221;indispensabilit\u00e1 del collegamento Cortina-Agordino attraverso Passo Giau? E poi cos&#8217; \u00e8 ancora indispensabile per collegare il mondo intero e poter affermare di avere migliaia di chilometri di piste? L&#8217;impatto di queste opere sulle Dolomiti patrimonio dell&#8217;umanit\u00e0? Mah, \u00e8 indispensabile metterlo da parte, c&#8217;\u00e8 di mezzo lo spopolamento della montagna e non \u00e8 indispensabile capire che siamo in pieno cambiamento climatico, piccolo fattore trascurabile che relegher\u00e1 la neve, quella vera, sempre pi\u00f9 in alto. Non \u00e8 invece indispensabile, fra qualche anno, togliere piloni arrugginiti, che sicuramente valorizzeranno l&#8217;ambiente montano come gi\u00e0 fanno nelle aree dismesse. Per\u00f2, parola di Governatore, &#8220;I pessimisti non fanno fortuna&#8221; e quindi avanti lancia in resta, un futuro radioso e collegato ci attende.<\/p>\n<p>&nbsp;<\/p>\n<p>&nbsp;<\/p>\n<hr \/>\n<p>&nbsp;<\/p>\n<blockquote>\n<h3>LA SETTIMANA INTENSA DEI CONSIGLI COMUNALI IN AGORDINO<\/h3>\n<\/blockquote>\n<p><strong>ROCCA PIETORE<\/strong> Consiglio comunale convocato dal sindaco di Rocca Pietore Andrea De Bernardin in programma oggi alle 18. Un solo punto da discutere: la revisione ordinaria delle partecipazioni possedute al 31 dicembre<\/p>\n<p><strong>VOLTAGO<\/strong> Consiglio comunale oggi alle 10.30. Ordine del giorno: convenzione con i Comuni di Canale d&#8217;Agordo e La Valle per la gestione associata dell&#8217;ufficio di Segretario Comunale; Schema di convenzione per il potenziamento dei posti nel servizio di asilo nido ad Agordo; Ricognizione societ\u00e0 partecipate.<\/p>\n<p><strong>SAN TOMASO <\/strong>Oggi alle 18:15 convocato il consiglio comunale di San Tomaso. Il sindaco Moreno de Val ha comunicato ai consiglieri che si tratteranno tre punti all&#8217;ordine del giorno tra cui una variazione a bilancio e la revisione delle partecipazioni possedute al 31 dicembre<\/p>\n<p><strong>FALCADE <\/strong>Il sindaco di Falcade Mauro Salvaterra ha convocato il consiglio comunale per oggi alle 20. Sei i punti da trattare. Si parler\u00e0 delle linee programmatiche, la nomina dell&#8217;organo di revisione economico-finanziaria 2022-2024, la revisione delle partecipazioni possedute al 31 dicembre e una ratifica alla delibera della 14\u00aa variazione a bilancio.<\/p>\n<p><strong>CENCENIGHE<\/strong> Domani alle 20.30 consiglio comunale convocato dal sindaco Mauro Soppelsa, all&#8217;ordine del giorno la revisione delle partecipazioni possedute.<\/p>\n<p><strong>SELVA DI CADORE\u00a0<\/strong>Consiglio comunale a Selva di Cadore per sabato 31 dicembre alle 17.30 con in discussione il piano delle alienazioni, il programma triennale delle opere pubbliche, il bilancio di previsione e l\u2019accordo con L\u2019Istitut Cultural Cesa De Jan per l\u2019attuazione del progetto \u201cI ladini: la minoranza linguistica storica delle Dolomiti\u201d.<\/p>\n<p><strong>COLLE SANTA LUCIA<\/strong> Sar\u00e0 un consiglio comunale &#8220;fiume&#8221; quello convocato dal sindaco di Colle Santa Lucia per sabato 31 dicembre alle 7. Ben 14 punti in discussione. Tra questi si discutera della modifica al regolamento addizionale IRPEF comunale e relativa conferma, dell&#8217;imposta IMU 2023, l&#8217;affidamento di incarichi esterni 2023, allienazione e valorizzazione immobiliari territoriali, il programma triennale di opere pubbliche, l&#8217;aggiornamento al DUP, una variazione a bilancio e la revisione delle partecipazioni possedute al 31 dicembre<\/p>\n<p>&nbsp;<\/p>\n<p>&nbsp;<\/p>\n<hr \/>\n<p>&nbsp;<\/p>\n<p><strong>DI TIZIANO DE COL<\/strong><\/p>\n\n\t\t\t<style type='text\/css'>\n\t\t\t\t#gallery-3 {\n\t\t\t\t\tmargin: auto;\n\t\t\t\t}\n\t\t\t\t#gallery-3 .gallery-item {\n\t\t\t\t\tfloat: left;\n\t\t\t\t\tmargin-top: 10px;\n\t\t\t\t\ttext-align: center;\n\t\t\t\t\twidth: 20%;\n\t\t\t\t}\n\t\t\t\t#gallery-3 img {\n\t\t\t\t\tborder: 2px solid #cfcfcf;\n\t\t\t\t}\n\t\t\t\t#gallery-3 .gallery-caption {\n\t\t\t\t\tmargin-left: 0;\n\t\t\t\t}\n\t\t\t\t\/* see gallery_shortcode() in wp-includes\/media.php *\/\n\t\t\t<\/style>\n\t\t<div id='gallery-3' class='dt-gallery-container gallery galleryid-313708 gallery-columns-5 gallery-size-medium'><dl class='gallery-item'>\n\t\t\t\t<dt class='gallery-icon landscape'>\n\t\t\t\t\t<a class=\"rollover rollover-zoom dt-pswp-item\" title=\"890711b2-12aa-4580-8c5c-e1230225a7f0\" data-dt-img-description=\"\" data-large_image_width=\"614\" data-large_image_height=\"368\"href='https:\/\/www.radiopiu.net\/wordpress\/wp-content\/uploads\/2022\/12\/890711b2-12aa-4580-8c5c-e1230225a7f0.jpg'><img loading=\"lazy\" decoding=\"async\" width=\"300\" height=\"180\" src=\"https:\/\/www.radiopiu.net\/wordpress\/wp-content\/uploads\/2022\/12\/890711b2-12aa-4580-8c5c-e1230225a7f0-300x180.jpg\" class=\"attachment-medium size-medium\" alt=\"\" srcset=\"https:\/\/www.radiopiu.net\/wordpress\/wp-content\/uploads\/2022\/12\/890711b2-12aa-4580-8c5c-e1230225a7f0-300x180.jpg 300w, https:\/\/www.radiopiu.net\/wordpress\/wp-content\/uploads\/2022\/12\/890711b2-12aa-4580-8c5c-e1230225a7f0.jpg 614w\" sizes=\"auto, (max-width: 300px) 100vw, 300px\" \/><\/a>\n\t\t\t\t<\/dt><\/dl><dl class='gallery-item'>\n\t\t\t\t<dt class='gallery-icon landscape'>\n\t\t\t\t\t<a class=\"rollover rollover-zoom dt-pswp-item\" title=\"30128552-6897-4b97-86a6-bfb4a70667f1\" data-dt-img-description=\"\" data-large_image_width=\"610\" data-large_image_height=\"359\"href='https:\/\/www.radiopiu.net\/wordpress\/wp-content\/uploads\/2022\/12\/30128552-6897-4b97-86a6-bfb4a70667f1.jpg'><img loading=\"lazy\" decoding=\"async\" width=\"300\" height=\"177\" src=\"https:\/\/www.radiopiu.net\/wordpress\/wp-content\/uploads\/2022\/12\/30128552-6897-4b97-86a6-bfb4a70667f1-300x177.jpg\" class=\"attachment-medium size-medium\" alt=\"\" srcset=\"https:\/\/www.radiopiu.net\/wordpress\/wp-content\/uploads\/2022\/12\/30128552-6897-4b97-86a6-bfb4a70667f1-300x177.jpg 300w, https:\/\/www.radiopiu.net\/wordpress\/wp-content\/uploads\/2022\/12\/30128552-6897-4b97-86a6-bfb4a70667f1.jpg 610w\" sizes=\"auto, (max-width: 300px) 100vw, 300px\" \/><\/a>\n\t\t\t\t<\/dt><\/dl><dl class='gallery-item'>\n\t\t\t\t<dt class='gallery-icon landscape'>\n\t\t\t\t\t<a class=\"rollover rollover-zoom dt-pswp-item\" title=\"e917e265-7e61-47ea-b8fc-dfbe0a0913c7\" data-dt-img-description=\"\" data-large_image_width=\"602\" data-large_image_height=\"352\"href='https:\/\/www.radiopiu.net\/wordpress\/wp-content\/uploads\/2022\/12\/e917e265-7e61-47ea-b8fc-dfbe0a0913c7.jpg'><img loading=\"lazy\" decoding=\"async\" width=\"300\" height=\"175\" src=\"https:\/\/www.radiopiu.net\/wordpress\/wp-content\/uploads\/2022\/12\/e917e265-7e61-47ea-b8fc-dfbe0a0913c7-300x175.jpg\" class=\"attachment-medium size-medium\" alt=\"\" srcset=\"https:\/\/www.radiopiu.net\/wordpress\/wp-content\/uploads\/2022\/12\/e917e265-7e61-47ea-b8fc-dfbe0a0913c7-300x175.jpg 300w, https:\/\/www.radiopiu.net\/wordpress\/wp-content\/uploads\/2022\/12\/e917e265-7e61-47ea-b8fc-dfbe0a0913c7.jpg 602w\" sizes=\"auto, (max-width: 300px) 100vw, 300px\" \/><\/a>\n\t\t\t\t<\/dt><\/dl><dl class='gallery-item'>\n\t\t\t\t<dt class='gallery-icon landscape'>\n\t\t\t\t\t<a class=\"rollover rollover-zoom dt-pswp-item\" title=\"bf344e17-7de2-4fa3-8cec-b54c52151a15\" data-dt-img-description=\"\" data-large_image_width=\"606\" data-large_image_height=\"352\"href='https:\/\/www.radiopiu.net\/wordpress\/wp-content\/uploads\/2022\/12\/bf344e17-7de2-4fa3-8cec-b54c52151a15.jpg'><img loading=\"lazy\" decoding=\"async\" width=\"300\" height=\"174\" src=\"https:\/\/www.radiopiu.net\/wordpress\/wp-content\/uploads\/2022\/12\/bf344e17-7de2-4fa3-8cec-b54c52151a15-300x174.jpg\" class=\"attachment-medium size-medium\" alt=\"\" srcset=\"https:\/\/www.radiopiu.net\/wordpress\/wp-content\/uploads\/2022\/12\/bf344e17-7de2-4fa3-8cec-b54c52151a15-300x174.jpg 300w, https:\/\/www.radiopiu.net\/wordpress\/wp-content\/uploads\/2022\/12\/bf344e17-7de2-4fa3-8cec-b54c52151a15.jpg 606w\" sizes=\"auto, (max-width: 300px) 100vw, 300px\" \/><\/a>\n\t\t\t\t<\/dt><\/dl><dl class='gallery-item'>\n\t\t\t\t<dt class='gallery-icon landscape'>\n\t\t\t\t\t<a class=\"rollover rollover-zoom dt-pswp-item\" title=\"4f85a902-cc0a-4d60-ab43-ffd91728ab22\" data-dt-img-description=\"\" data-large_image_width=\"598\" data-large_image_height=\"363\"href='https:\/\/www.radiopiu.net\/wordpress\/wp-content\/uploads\/2022\/12\/4f85a902-cc0a-4d60-ab43-ffd91728ab22.jpg'><img loading=\"lazy\" decoding=\"async\" width=\"300\" height=\"182\" src=\"https:\/\/www.radiopiu.net\/wordpress\/wp-content\/uploads\/2022\/12\/4f85a902-cc0a-4d60-ab43-ffd91728ab22-300x182.jpg\" class=\"attachment-medium size-medium\" alt=\"\" srcset=\"https:\/\/www.radiopiu.net\/wordpress\/wp-content\/uploads\/2022\/12\/4f85a902-cc0a-4d60-ab43-ffd91728ab22-300x182.jpg 300w, https:\/\/www.radiopiu.net\/wordpress\/wp-content\/uploads\/2022\/12\/4f85a902-cc0a-4d60-ab43-ffd91728ab22.jpg 598w\" sizes=\"auto, (max-width: 300px) 100vw, 300px\" \/><\/a>\n\t\t\t\t<\/dt><\/dl><br style=\"clear: both\" \/>\n\t\t\t<\/div>\n\n<p>&nbsp;<\/p>\n<hr \/>\n<p>&nbsp;<\/p>\n<blockquote>\n<h3>EFFICIENTAMENTO ENERGETICO AL PALAZZO EX MIGLIORINI<\/h3>\n<\/blockquote>\n<p><strong><a class=\"dt-pswp-item\" href=\"https:\/\/www.radiopiu.net\/wordpress\/wp-content\/uploads\/2022\/12\/PALAZZO-ROSSO.png\" data-dt-img-description=\"\" data-large_image_width=\"2076\" data-large_image_height=\"1328\"><img loading=\"lazy\" decoding=\"async\" class=\"wp-image-313801 alignleft\" src=\"https:\/\/www.radiopiu.net\/wordpress\/wp-content\/uploads\/2022\/12\/PALAZZO-ROSSO-300x192.png\" alt=\"\" width=\"170\" height=\"109\" srcset=\"https:\/\/www.radiopiu.net\/wordpress\/wp-content\/uploads\/2022\/12\/PALAZZO-ROSSO-300x192.png 300w, https:\/\/www.radiopiu.net\/wordpress\/wp-content\/uploads\/2022\/12\/PALAZZO-ROSSO-1024x655.png 1024w, https:\/\/www.radiopiu.net\/wordpress\/wp-content\/uploads\/2022\/12\/PALAZZO-ROSSO-768x491.png 768w, https:\/\/www.radiopiu.net\/wordpress\/wp-content\/uploads\/2022\/12\/PALAZZO-ROSSO-1536x983.png 1536w, https:\/\/www.radiopiu.net\/wordpress\/wp-content\/uploads\/2022\/12\/PALAZZO-ROSSO-2048x1310.png 2048w\" sizes=\"auto, (max-width: 170px) 100vw, 170px\" \/><\/a>BELLUNO <\/strong>Approvato il progetto di fattibilit\u00e0 per l\u2019intervento di efficientamento energetico con sostituzione degli infissi al palazzo Ex Migliorini di piazza Castello. L\u2019opera \u00e8 inserita nel Piano opere pubbliche per l\u2019anno 2023 e il cantiere sar\u00e0 realizzato entro l\u2019estate con una spesa complessiva di 130 mila euro, sostenuta grazie ai fondi del \u201cPiano Nazionale di Ripresa e Resilienza (PNRR) \u2013 Interventi per la resilienza e valorizzazione del territorio e l\u2019efficienza energetica dei comuni finanziato dall\u2019Unione Europea Next Generation Eu\u201d. Al palazzo Ex Migliorini ha sede l\u2019Ufficio Tecnico del Comune. L\u2019edificio da tempo \u00e8 in fase di ristrutturazione perch\u00e9 si sono resi necessari la sistemazione del tetto e l\u2019inserimento del cappotto, ma non solo, sono in via di rifacimento anche le facciate. Ora toccher\u00e0 alle finestre esterne, risalenti a prima degli anni Settanta e pertanto non pi\u00f9 in linea con i requisiti attualmente dettati dalla normativa, per quanto riguarda il risparmio energetico, e agli oscuri (scuri). I serramenti e gli scuri risultano infatti particolarmente degradati e la loro sostituzione con dei nuovi a bassa trasmittanza termica completer\u00e0 l\u2019iter di miglioramento dell\u2019intero stabile.<\/p>\n<p><strong>IL SINDACO DI BELLUNO OSCAR DE PELLEGRIN<\/strong><\/p>\n<audio class=\"wp-audio-shortcode\" id=\"audio-313708-4\" preload=\"none\" style=\"width: 100%;\" controls=\"controls\"><source type=\"audio\/mpeg\" src=\"https:\/\/www.radiopiu.net\/wordpress\/wp-content\/uploads\/2022\/12\/Sindaco-su-ex-Migliorini.mp3?_=4\" \/><a href=\"https:\/\/www.radiopiu.net\/wordpress\/wp-content\/uploads\/2022\/12\/Sindaco-su-ex-Migliorini.mp3\">https:\/\/www.radiopiu.net\/wordpress\/wp-content\/uploads\/2022\/12\/Sindaco-su-ex-Migliorini.mp3<\/a><\/audio>\n<p>&nbsp;<\/p>\n<p><strong>L&#8217;ASSESSORE DEL COMUNE DI BELLUNO FRANCO ROCCON<\/strong><\/p>\n<audio class=\"wp-audio-shortcode\" id=\"audio-313708-5\" preload=\"none\" style=\"width: 100%;\" controls=\"controls\"><source type=\"audio\/mpeg\" src=\"https:\/\/www.radiopiu.net\/wordpress\/wp-content\/uploads\/2022\/12\/Assessore-Roccon-su-ex-Migliorini.mp3?_=5\" \/><a href=\"https:\/\/www.radiopiu.net\/wordpress\/wp-content\/uploads\/2022\/12\/Assessore-Roccon-su-ex-Migliorini.mp3\">https:\/\/www.radiopiu.net\/wordpress\/wp-content\/uploads\/2022\/12\/Assessore-Roccon-su-ex-Migliorini.mp3<\/a><\/audio>\n<p>&nbsp;<\/p>\n<p>&nbsp;<\/p>\n<hr \/>\n<p>&nbsp;<\/p>\n<blockquote>\n<h3>PRANZO NATALIZIO PER PERSONE SOLE: UNA QUARANTINA I COMMENSALI QUEST&#8217;OGGI ALL&#8217;ISTITUTO \u201cCARENZONI MONEGO\u201d DI FELTRE<\/h3>\n<\/blockquote>\n<p><strong><a class=\"dt-pswp-item\" href=\"https:\/\/www.radiopiu.net\/wordpress\/wp-content\/uploads\/2022\/12\/Pranzo-natalizio-per-persone-sole-a-Feltre-Amm.ne-e-volontari-scaled.jpg\" data-dt-img-description=\"\" data-large_image_width=\"2560\" data-large_image_height=\"1440\"><img loading=\"lazy\" decoding=\"async\" class=\" wp-image-313822 alignleft\" src=\"https:\/\/www.radiopiu.net\/wordpress\/wp-content\/uploads\/2022\/12\/Pranzo-natalizio-per-persone-sole-a-Feltre-Amm.ne-e-volontari-300x169.jpg\" alt=\"\" width=\"225\" height=\"127\" srcset=\"https:\/\/www.radiopiu.net\/wordpress\/wp-content\/uploads\/2022\/12\/Pranzo-natalizio-per-persone-sole-a-Feltre-Amm.ne-e-volontari-300x169.jpg 300w, https:\/\/www.radiopiu.net\/wordpress\/wp-content\/uploads\/2022\/12\/Pranzo-natalizio-per-persone-sole-a-Feltre-Amm.ne-e-volontari-1024x576.jpg 1024w, https:\/\/www.radiopiu.net\/wordpress\/wp-content\/uploads\/2022\/12\/Pranzo-natalizio-per-persone-sole-a-Feltre-Amm.ne-e-volontari-768x432.jpg 768w, https:\/\/www.radiopiu.net\/wordpress\/wp-content\/uploads\/2022\/12\/Pranzo-natalizio-per-persone-sole-a-Feltre-Amm.ne-e-volontari-1536x864.jpg 1536w, https:\/\/www.radiopiu.net\/wordpress\/wp-content\/uploads\/2022\/12\/Pranzo-natalizio-per-persone-sole-a-Feltre-Amm.ne-e-volontari-2048x1152.jpg 2048w\" sizes=\"auto, (max-width: 225px) 100vw, 225px\" \/><\/a>FELTRE <\/strong>Sono una quarantina le persone che hanno preso parte\u00a0 al pranzo natalizio promosso dal Comune di Feltre con l&#8217;Azienda Feltrina per i Servizi alla Persona e destinato alle persone che vivono sole. Al tavolo si sono seduti, oltre agli ospiti, il sindaco di Feltre Viviana Fusaro, l&#8217;assessore alle Politiche Sociali Maurizio Zatta, il consigliere comunale Mery Bee e\u00a0 e la presidente dell&#8217;Istituto \u201cCarenzoni Monego\u201d, che ha ospitato l&#8217;iniziativa presso la propria sede, Maria Teresa De Bortoli. \u201c<em>E&#8217; un&#8217;iniziativa che abbiamo voluto proporre per la prima volata con l&#8217;intento di coinvolgere nello spirito delle festivit\u00e0 natalizie anche le persone che vivono\u00a0 sole, per cercare di dare loro qualche ora di serenit\u00e0 e di gioia, in particolar modo in questo momento per molte ragioni non certo tra i pi\u00f9 semplici. L&#8217;adesione significativa, nonostante alcune assenze causate all&#8217;ultimo dai malanni di stagione, ci conforta sull&#8217;accoglienza positiva che ha avuto l&#8217;iniziativa, che riproporremo certamente anche in futuro<\/em>\u201d, ha sottolineato il sindaco Fusaro.<\/p>\n<p><strong>L&#8217;ASSESSORE ALLE POLITICHE SOCIALI MAURIZIO ZATTA<\/strong><\/p>\n<audio class=\"wp-audio-shortcode\" id=\"audio-313708-6\" preload=\"none\" style=\"width: 100%;\" controls=\"controls\"><source type=\"audio\/mpeg\" src=\"https:\/\/www.radiopiu.net\/wordpress\/wp-content\/uploads\/2022\/12\/ZATTA-CENA.mp3?_=6\" \/><a href=\"https:\/\/www.radiopiu.net\/wordpress\/wp-content\/uploads\/2022\/12\/ZATTA-CENA.mp3\">https:\/\/www.radiopiu.net\/wordpress\/wp-content\/uploads\/2022\/12\/ZATTA-CENA.mp3<\/a><\/audio>\n<p>&nbsp;<\/p>\n<hr \/>\n<p>&nbsp;<\/p>\n<blockquote>\n<h3>VISTA AGLI ANZIANI PER L&#8217;AMMINISTRAZIONE COMUNALE DI ROCCA PIETORE<\/h3>\n<\/blockquote>\n<p><strong><a class=\"dt-pswp-item\" href=\"https:\/\/www.radiopiu.net\/wordpress\/wp-content\/uploads\/2022\/12\/45e31e50-c743-415c-8222-d5614e58882c.jpg\" data-dt-img-description=\"\" data-large_image_width=\"1600\" data-large_image_height=\"1200\"><img loading=\"lazy\" decoding=\"async\" class=\" wp-image-313510 alignleft\" src=\"https:\/\/www.radiopiu.net\/wordpress\/wp-content\/uploads\/2022\/12\/45e31e50-c743-415c-8222-d5614e58882c-300x225.jpg\" alt=\"\" width=\"196\" height=\"147\" srcset=\"https:\/\/www.radiopiu.net\/wordpress\/wp-content\/uploads\/2022\/12\/45e31e50-c743-415c-8222-d5614e58882c-300x225.jpg 300w, https:\/\/www.radiopiu.net\/wordpress\/wp-content\/uploads\/2022\/12\/45e31e50-c743-415c-8222-d5614e58882c-1024x768.jpg 1024w, https:\/\/www.radiopiu.net\/wordpress\/wp-content\/uploads\/2022\/12\/45e31e50-c743-415c-8222-d5614e58882c-768x576.jpg 768w, https:\/\/www.radiopiu.net\/wordpress\/wp-content\/uploads\/2022\/12\/45e31e50-c743-415c-8222-d5614e58882c-1536x1152.jpg 1536w, https:\/\/www.radiopiu.net\/wordpress\/wp-content\/uploads\/2022\/12\/45e31e50-c743-415c-8222-d5614e58882c.jpg 1600w\" sizes=\"auto, (max-width: 196px) 100vw, 196px\" \/><\/a>ROCCA PIETORE<\/strong><\/p>\n<p>di Gianni Santomaso<\/p>\n<audio class=\"wp-audio-shortcode\" id=\"audio-313708-7\" preload=\"none\" style=\"width: 100%;\" controls=\"controls\"><source type=\"audio\/mpeg\" src=\"https:\/\/www.radiopiu.net\/wordpress\/wp-content\/uploads\/2022\/12\/GIANNI-VISTA-AGLI-ANZIANI-PER-LAMMINISTRAZIONE-COMUNALE-DI-ROCCA-PIETORE.mp3?_=7\" \/><a href=\"https:\/\/www.radiopiu.net\/wordpress\/wp-content\/uploads\/2022\/12\/GIANNI-VISTA-AGLI-ANZIANI-PER-LAMMINISTRAZIONE-COMUNALE-DI-ROCCA-PIETORE.mp3\">https:\/\/www.radiopiu.net\/wordpress\/wp-content\/uploads\/2022\/12\/GIANNI-VISTA-AGLI-ANZIANI-PER-LAMMINISTRAZIONE-COMUNALE-DI-ROCCA-PIETORE.mp3<\/a><\/audio>\n<p>&nbsp;<\/p>\n<hr \/>\n<p>&nbsp;<\/p>\n<blockquote>\n<h3>&#8220;OLIMPIADI DELLE ALPI&#8221;, UNCEM: NON E&#8217; SOLO UNA QUESTIONE DI IMPIANTI MESSI A DISPOSIZIONE DA CHI LI HA GIA&#8217;<\/h3>\n<\/blockquote>\n<p><strong><a class=\"dt-pswp-item\" href=\"https:\/\/www.radiopiu.net\/wordpress\/wp-content\/uploads\/2020\/11\/logoUNCEM_no_scritta-wdtr.jpg\" data-dt-img-description=\"\" data-large_image_width=\"640\" data-large_image_height=\"640\"><img loading=\"lazy\" decoding=\"async\" class=\" wp-image-170846 alignleft\" src=\"https:\/\/www.radiopiu.net\/wordpress\/wp-content\/uploads\/2020\/11\/logoUNCEM_no_scritta-wdtr-300x300.jpg\" alt=\"\" width=\"153\" height=\"153\" srcset=\"https:\/\/www.radiopiu.net\/wordpress\/wp-content\/uploads\/2020\/11\/logoUNCEM_no_scritta-wdtr-300x300.jpg 300w, https:\/\/www.radiopiu.net\/wordpress\/wp-content\/uploads\/2020\/11\/logoUNCEM_no_scritta-wdtr-150x150.jpg 150w, https:\/\/www.radiopiu.net\/wordpress\/wp-content\/uploads\/2020\/11\/logoUNCEM_no_scritta-wdtr.jpg 640w\" sizes=\"auto, (max-width: 153px) 100vw, 153px\" \/><\/a>ROMA<\/strong> &#8220;<em>Sta riprendendo quota il dibattito, non nuovo, rispetto all&#8217;utilizzo di impianti per le Olimpiadi invernali del 2026 messi a disposizione da chi li ha gi\u00e0, Torino, per chi invece li dovrebbe costruire, Cortina. Una operazione virtuosa certo, ma se le Olimpiadi 2026 devono essere qualcosa di molto diverso rispetto al passato, non \u00e8 solo per l&#8217;uso di strutture gi\u00e0 pronte in tre angoli di montagne. Il punto \u00e8 fare invece delle vere Olimpiadi delle Alpi, che uniscano Milano, Torino, Venezia, Verona, Brescia, Bergamo, alle valli in modo diverso dal passato. Con una consapevolezza culturale e storica prima di tutto, con un legame che finora non \u00e8 mai esistito tra grandi citt\u00e0 del fondo valle e localit\u00e0 alpine dove si svolgono le gare. Torino ha il merito centrale di questa incompiuta. Drammatica incompiuta non capita da nessuna delle Amministrazioni torinesi venute dopo il 2006. Snobbato ogni rapporto. Bastava la Crocetta fosse proiettata in Via Lattea o a Bardonecchia. Un fallimento. Ma Milano rischia di fare il pi\u00f9 sonoro e drammatico bis se non capir\u00e0 che il punto non \u00e8 come sta insieme a Cortina, e al trionfo della perla delle Dolomiti, che certo non ha bisogno di luci e riflettori. Bens\u00ec, il cambio di passo vero lo si fa con Olimpiadi invernali delle Alpi che mettano insieme le valli che faticano, che hanno famiglie che vogliono restare, che hanno bisogno di medici di base e di asili nido e nelle quali i negozi chiudono e lo spopolamento continua, con le realt\u00e0 urbane, nelle quali le periferie sono in apnea e le ztl devono smetterla di pensare di avere appendici ludiche sulle piste di pittoresche localit\u00e0 alpine. Dunque al netto di ogni retorica, servono intrecci, scambi, ben oltre l&#8217;uso di trampolini e piste da bob. Servono scambi e relazioni, Citt\u00e0 che capiscano cosa sono le valli, le montagne, i paesi insieme di una o pi\u00f9 Comunit\u00e0 montana, e scelgano interazione e flussi. Se Milano sceglie solo Cortina, Venezia le Dolomiti, Torino la Via Lattea, quali destinazioni del risposo, dello svago, dello sci senza neve e dello shopping, le Olimpiadi, onvunque si celebrino, servono a poco<\/em>&#8220;. Sono le parole di Marco Bussone, Presidente nazionale Uncem.<\/p>\n<p>&nbsp;<\/p>\n<hr \/>\n<p>&nbsp;<\/p>\n<blockquote>\n<h3>BRAVA LUISA! QUESTA SERA IL BIS A L&#8217;EREDITA&#8217;<\/h3>\n<\/blockquote>\n<p><strong>SEDICO<\/strong> E brava Luisa Monego,\u00a0professoressa di educazione artistica, ieri sera campionessa al programma di Rai 1 \u201cL\u2019eredit\u00e0\u201d.\u00a0 Con questa vittoria si \u00e8 garantita il bis, di nuovo questa sera poco prima del Tg1. Luisa non \u00e8 riuscita ad aggiudicarsi il montepremi finale di 100mila euro, ma\u00a0 stasera ci riprover\u00e0.<\/p>\n\n\t\t\t<style type='text\/css'>\n\t\t\t\t#gallery-4 {\n\t\t\t\t\tmargin: auto;\n\t\t\t\t}\n\t\t\t\t#gallery-4 .gallery-item {\n\t\t\t\t\tfloat: left;\n\t\t\t\t\tmargin-top: 10px;\n\t\t\t\t\ttext-align: center;\n\t\t\t\t\twidth: 50%;\n\t\t\t\t}\n\t\t\t\t#gallery-4 img {\n\t\t\t\t\tborder: 2px solid #cfcfcf;\n\t\t\t\t}\n\t\t\t\t#gallery-4 .gallery-caption {\n\t\t\t\t\tmargin-left: 0;\n\t\t\t\t}\n\t\t\t\t\/* see gallery_shortcode() in wp-includes\/media.php *\/\n\t\t\t<\/style>\n\t\t<div id='gallery-4' class='dt-gallery-container gallery galleryid-313708 gallery-columns-2 gallery-size-thumbnail'><dl class='gallery-item'>\n\t\t\t\t<dt class='gallery-icon landscape'>\n\t\t\t\t\t<a class=\"rollover rollover-zoom dt-pswp-item\" title=\"Senza nome\" data-dt-img-description=\"\" data-large_image_width=\"354\" data-large_image_height=\"301\"href='https:\/\/www.radiopiu.net\/wordpress\/wp-content\/uploads\/2022\/12\/Senza-nome-127.jpg'><img loading=\"lazy\" decoding=\"async\" width=\"150\" height=\"150\" src=\"https:\/\/www.radiopiu.net\/wordpress\/wp-content\/uploads\/2022\/12\/Senza-nome-127-150x150.jpg\" class=\"attachment-thumbnail size-thumbnail\" alt=\"\" \/><\/a>\n\t\t\t\t<\/dt><\/dl><dl class='gallery-item'>\n\t\t\t\t<dt class='gallery-icon landscape'>\n\t\t\t\t\t<a class=\"rollover rollover-zoom dt-pswp-item\" title=\"322573636_1212553549687075_710850825992834800_n\" data-dt-img-description=\"\" data-large_image_width=\"924\" data-large_image_height=\"475\"href='https:\/\/www.radiopiu.net\/wordpress\/wp-content\/uploads\/2022\/12\/322573636_1212553549687075_710850825992834800_n.jpg'><img loading=\"lazy\" decoding=\"async\" width=\"150\" height=\"150\" src=\"https:\/\/www.radiopiu.net\/wordpress\/wp-content\/uploads\/2022\/12\/322573636_1212553549687075_710850825992834800_n-150x150.jpg\" class=\"attachment-thumbnail size-thumbnail\" alt=\"\" \/><\/a>\n\t\t\t\t<\/dt><\/dl><br style=\"clear: both\" \/>\n\t\t\t<\/div>\n\n<p>&nbsp;<\/p>\n<hr \/>\n<p>&nbsp;<\/p>\n<blockquote>\n<h3>L\u2019ASSOCIAZIONE \u201cLE MUSE E LE DOLOMITI\u201d E IL SUCCESSO DI UN\u2019OFFERTA FORMATIVA ARTISTICA INEDITA<\/h3>\n<\/blockquote>\n<p><a class=\"dt-pswp-item\" href=\"https:\/\/www.radiopiu.net\/wordpress\/wp-content\/uploads\/2022\/12\/MuseDolomiti_ComStampa281222-2.jpg\" data-dt-img-description=\"\" data-large_image_width=\"1280\" data-large_image_height=\"855\"><img loading=\"lazy\" decoding=\"async\" class=\" wp-image-313842 alignleft\" src=\"https:\/\/www.radiopiu.net\/wordpress\/wp-content\/uploads\/2022\/12\/MuseDolomiti_ComStampa281222-2-300x200.jpg\" alt=\"\" width=\"224\" height=\"149\" srcset=\"https:\/\/www.radiopiu.net\/wordpress\/wp-content\/uploads\/2022\/12\/MuseDolomiti_ComStampa281222-2-300x200.jpg 300w, https:\/\/www.radiopiu.net\/wordpress\/wp-content\/uploads\/2022\/12\/MuseDolomiti_ComStampa281222-2-1024x684.jpg 1024w, https:\/\/www.radiopiu.net\/wordpress\/wp-content\/uploads\/2022\/12\/MuseDolomiti_ComStampa281222-2-768x513.jpg 768w, https:\/\/www.radiopiu.net\/wordpress\/wp-content\/uploads\/2022\/12\/MuseDolomiti_ComStampa281222-2.jpg 1280w\" sizes=\"auto, (max-width: 224px) 100vw, 224px\" \/><\/a>A conclusione del 2022, decimo anno di attivit\u00e0 per l\u2019Associazione, e per iniziare bene il 2023, \u201c<em>Le Muse e le Dolomiti<\/em>\u201d intendono raccontare il successo della \u201cScuola Interregionale di Canto e Teatro per Voci Bianche e Giovanili\u201d. Lo fanno organizzando per il 5 Gennaio presso il Teatro Navalge di Moena uno &#8220;Spettacolo Lirico Natalizio&#8221;: sar\u00e0 una serata per tutta la famiglia, adatta a un pubblico di ogni et\u00e0. Dal 9 Gennaio inoltre riprenderanno le lezioni della Scuola: sar\u00e0 possibile iscriversi durante tutto il mese di Gennaio. Dall\u2019autunno del 2021 in Agordino e dalla primavera del 2022 in Val di Fiemme e Fassa, ragazze e ragazzi dai 6 anni in poi possono imparare a cantare e a muoversi sul palco con i corsi collettivi a cura de\u00a0 \u201c<em>Le Muse e le Dolomiti<\/em>\u201d. Un&#8217;offerta formativa artistica inedita per il territorio che fin dal primo momento ha avuto positivo riscontro. Gli\/le studenti partecipano a una lezione collettiva a settimana presso la &#8220;loro&#8221; sede &#8211; Cavalese, Moena, Agordo oppure Vallada Agordina &#8211; poi, in occasione di giornate di studio, weekend &#8220;ritiro&#8221;, concerti e spettacoli, si riuniscono. Risultato: studenti di Agordo che non sono mai stati a Cavalese prima di iscriversi al corso, e viceversa: conoscenza e interazioni con coetanei e coetanee, un po\u2019 come vicini di casa. Nuove amicizie sono nate tra ragazzi e ragazze di regioni diverse. Hanno potuto provare il senso di appartenere a qualcosa di pi\u00f9 grande della somma degli individui. Non sentirsi pi\u00f9 un&#8217;eccezione se non ami solo lo sport, ma anche qualcosa di diverso. La sicurezza che ascoltandoci bene e collaborando, nonostante le differenze, si possa fare forza assieme. In breve: un valore sociale enorme per un territorio che soffre di spopolamento, un territorio dove la giovent\u00f9 ha bisogno di attivit\u00e0 culturali collettive che aprano le finestre al mondo. Il motore di questo progetto di scuola di canto e teatro ovviamente \u00e8 l&#8217;arte. La Maestra del corso, il mezzosoprano olandese Oda Zoe Hochscheid, ha accumulato la sua esperienza\u00a0 in questo settore come docente e direttrice artistica del coro di voci bianche e giovanili di Amsterdam. Lo spettacolo del 5 Gennaio vede gli\/le studenti della Scuola (et\u00e0 dai 6 anni in poi) sul palco del Teatro Navalge di Moena a fianco di musicisti e cantanti professionisti, tutti di livello internazionale e a loro volta provenienti da quattro regioni italiane (Veneto, Trentino-Alto Adige, Lombardia e Emilia Romagna). <a class=\"dt-pswp-item\" href=\"https:\/\/www.radiopiu.net\/wordpress\/wp-content\/uploads\/2022\/12\/MuseDolomiti_ComStampa281222.jpg\" data-dt-img-description=\"\" data-large_image_width=\"1280\" data-large_image_height=\"855\"><img loading=\"lazy\" decoding=\"async\" class=\" wp-image-313843 alignright\" src=\"https:\/\/www.radiopiu.net\/wordpress\/wp-content\/uploads\/2022\/12\/MuseDolomiti_ComStampa281222-300x200.jpg\" alt=\"\" width=\"263\" height=\"175\" srcset=\"https:\/\/www.radiopiu.net\/wordpress\/wp-content\/uploads\/2022\/12\/MuseDolomiti_ComStampa281222-300x200.jpg 300w, https:\/\/www.radiopiu.net\/wordpress\/wp-content\/uploads\/2022\/12\/MuseDolomiti_ComStampa281222-1024x684.jpg 1024w, https:\/\/www.radiopiu.net\/wordpress\/wp-content\/uploads\/2022\/12\/MuseDolomiti_ComStampa281222-768x513.jpg 768w, https:\/\/www.radiopiu.net\/wordpress\/wp-content\/uploads\/2022\/12\/MuseDolomiti_ComStampa281222.jpg 1280w\" sizes=\"auto, (max-width: 263px) 100vw, 263px\" \/><\/a>Quella sera il primo violino dell\u2019ensemble orchestrale sar\u00e0 Myriam Dal Don, violinista di chiara fama originaria di Gosaldo, e diriger\u00e0 Fabio Turra, direttore trentino che guida una variet\u00e0 di realt\u00e0 musicali, tra le quali la Banda di Cavalese. Il pubblico potr\u00e0 aspettarsi un&#8221;collage&#8221; di brani famosi della grande tradizione lirica. Lo spettacolo, della durata di un&#8217;ora circa, \u00e8 impostato per un pubblico di tutte le et\u00e0 (et\u00e0 consigliata dai 4 anni in poi). Per il pubblico proveniente dall\u2019Agordino \u00e8 previsto un bus navetta a costo contenuto, grazie alla collaborazione con il Comune di Falcade, dove l\u2019Associazione\u00a0 \u201c<em>Le Muse e le Dolomiti<\/em>\u201d ha sede legale. Durante tutto il mese di Gennaio 2023 saranno aperte le iscrizioni alla Scuola interregionale di Canto e Teatro per bambine e bambini della fascia d&#8217;et\u00e0 6-9 anni, in tutte e quattro le sedi.<\/p>\n<p>&nbsp;<\/p>\n<p>&nbsp;<\/p>\n<hr \/>\n<p>&nbsp;<\/p>\n<blockquote>\n<h3>IL CONCERTO DI NATALE PER L&#8217;OSPEDALE DI AGORDO<\/h3>\n<\/blockquote>\n<p><strong class=\"photoswipe-wrapper\"><a class=\"dt-pswp-item pspw-wrap-ready\" href=\"https:\/\/www.radiopiu.net\/wordpress\/wp-content\/uploads\/2022\/12\/AGORDO-I-tre-fratelli-Bosio.jpg\" data-dt-img-description=\"\" data-large_image_width=\"1024\" data-large_image_height=\"641\"><img loading=\"lazy\" decoding=\"async\" class=\" wp-image-312531 alignleft\" src=\"https:\/\/www.radiopiu.net\/wordpress\/wp-content\/uploads\/2022\/12\/AGORDO-I-tre-fratelli-Bosio-300x188.jpg\" sizes=\"auto, (max-width: 155px) 100vw, 155px\" srcset=\"https:\/\/www.radiopiu.net\/wordpress\/wp-content\/uploads\/2022\/12\/AGORDO-I-tre-fratelli-Bosio-300x188.jpg 300w, https:\/\/www.radiopiu.net\/wordpress\/wp-content\/uploads\/2022\/12\/AGORDO-I-tre-fratelli-Bosio-768x481.jpg 768w, https:\/\/www.radiopiu.net\/wordpress\/wp-content\/uploads\/2022\/12\/AGORDO-I-tre-fratelli-Bosio.jpg 1024w\" alt=\"\" width=\"155\" height=\"97\" \/><\/a>AGORDO\u00a0<\/strong>Si chiude con un significativo evento l\u2019intensa stagione 2022 del Circolo culturale agordino, presieduto da Lionella Tonet. Se quest\u2019anno, per cause di forza maggiore (cambio della direzione) il Coro Agordo ha dovuto rimandare il tradizionale Concerto di S.Stefano in Arcidiconale, \u00e8 la sala don Tamis ad ospitare un inedito Concerto di Natale promosso dal Circolo culturale in collaborazione con Agordo Musica e il patrocinio del Comune di Agordo e dell\u2019Unione montana agordina. Un concerto dal duplice interesse e richiamo quello programmato in sala Don Tamis<\/p>\n<p><strong>LA DIRETTA RADIO PIU&#8217;<\/strong><\/p>\n<p><iframe loading=\"lazy\" title=\"CONCERTO DI NATALE PER L&#039;OSPEDALE DI AGORDO 2022\" width=\"1200\" height=\"675\" src=\"https:\/\/www.youtube.com\/embed\/778hVY3nZvE?feature=oembed\" frameborder=\"0\" allow=\"accelerometer; autoplay; clipboard-write; encrypted-media; gyroscope; picture-in-picture\" allowfullscreen><\/iframe><\/p>\n<p>&nbsp;<\/p>\n\n\t\t\t<style type='text\/css'>\n\t\t\t\t#gallery-5 {\n\t\t\t\t\tmargin: auto;\n\t\t\t\t}\n\t\t\t\t#gallery-5 .gallery-item {\n\t\t\t\t\tfloat: left;\n\t\t\t\t\tmargin-top: 10px;\n\t\t\t\t\ttext-align: center;\n\t\t\t\t\twidth: 16%;\n\t\t\t\t}\n\t\t\t\t#gallery-5 img {\n\t\t\t\t\tborder: 2px solid #cfcfcf;\n\t\t\t\t}\n\t\t\t\t#gallery-5 .gallery-caption {\n\t\t\t\t\tmargin-left: 0;\n\t\t\t\t}\n\t\t\t\t\/* see gallery_shortcode() in wp-includes\/media.php *\/\n\t\t\t<\/style>\n\t\t<div id='gallery-5' class='dt-gallery-container gallery galleryid-313708 gallery-columns-6 gallery-size-thumbnail'><dl class='gallery-item'>\n\t\t\t\t<dt class='gallery-icon portrait'>\n\t\t\t\t\t<a class=\"rollover rollover-zoom dt-pswp-item\" title=\"a40e8316-22bf-44e6-acc6-97027bad8039\" data-dt-img-description=\"\" data-large_image_width=\"996\" data-large_image_height=\"1024\"href='https:\/\/www.radiopiu.net\/wordpress\/wp-content\/uploads\/2022\/12\/a40e8316-22bf-44e6-acc6-97027bad8039.jpg'><img loading=\"lazy\" decoding=\"async\" width=\"150\" height=\"150\" src=\"https:\/\/www.radiopiu.net\/wordpress\/wp-content\/uploads\/2022\/12\/a40e8316-22bf-44e6-acc6-97027bad8039-150x150.jpg\" class=\"attachment-thumbnail size-thumbnail\" alt=\"\" aria-describedby=\"gallery-5-313904\" \/><\/a>\n\t\t\t\t<\/dt>\n\t\t\t\t\t<dd class='wp-caption-text gallery-caption' id='gallery-5-313904'>\n\t\t\t\t\tMaria Caterina De Marco direttore sanitario Belluno\n\t\t\t\t\t<\/dd><\/dl><dl class='gallery-item'>\n\t\t\t\t<dt class='gallery-icon portrait'>\n\t\t\t\t\t<a class=\"rollover rollover-zoom dt-pswp-item\" title=\"7051d731-43f4-4eec-8278-f3f0b098a137\" data-dt-img-description=\"\" data-large_image_width=\"715\" data-large_image_height=\"1024\"href='https:\/\/www.radiopiu.net\/wordpress\/wp-content\/uploads\/2022\/12\/7051d731-43f4-4eec-8278-f3f0b098a137.jpg'><img loading=\"lazy\" decoding=\"async\" width=\"150\" height=\"150\" src=\"https:\/\/www.radiopiu.net\/wordpress\/wp-content\/uploads\/2022\/12\/7051d731-43f4-4eec-8278-f3f0b098a137-150x150.jpg\" class=\"attachment-thumbnail size-thumbnail\" alt=\"\" \/><\/a>\n\t\t\t\t<\/dt><\/dl><dl class='gallery-item'>\n\t\t\t\t<dt class='gallery-icon portrait'>\n\t\t\t\t\t<a class=\"rollover rollover-zoom dt-pswp-item\" title=\"ad048995-a137-46ea-b0e3-716ec8c87adb\" data-dt-img-description=\"\" data-large_image_width=\"768\" data-large_image_height=\"1024\"href='https:\/\/www.radiopiu.net\/wordpress\/wp-content\/uploads\/2022\/12\/ad048995-a137-46ea-b0e3-716ec8c87adb.jpg'><img loading=\"lazy\" decoding=\"async\" width=\"150\" height=\"150\" src=\"https:\/\/www.radiopiu.net\/wordpress\/wp-content\/uploads\/2022\/12\/ad048995-a137-46ea-b0e3-716ec8c87adb-150x150.jpg\" class=\"attachment-thumbnail size-thumbnail\" alt=\"\" \/><\/a>\n\t\t\t\t<\/dt><\/dl><dl class='gallery-item'>\n\t\t\t\t<dt class='gallery-icon portrait'>\n\t\t\t\t\t<a class=\"rollover rollover-zoom dt-pswp-item\" title=\"b73c705b-d494-4aaa-a6f9-ca7514c2cb0d\" data-dt-img-description=\"\" data-large_image_width=\"768\" data-large_image_height=\"1024\"href='https:\/\/www.radiopiu.net\/wordpress\/wp-content\/uploads\/2022\/12\/b73c705b-d494-4aaa-a6f9-ca7514c2cb0d.jpg'><img loading=\"lazy\" decoding=\"async\" width=\"150\" height=\"150\" src=\"https:\/\/www.radiopiu.net\/wordpress\/wp-content\/uploads\/2022\/12\/b73c705b-d494-4aaa-a6f9-ca7514c2cb0d-150x150.jpg\" class=\"attachment-thumbnail size-thumbnail\" alt=\"\" \/><\/a>\n\t\t\t\t<\/dt><\/dl><dl class='gallery-item'>\n\t\t\t\t<dt class='gallery-icon landscape'>\n\t\t\t\t\t<a class=\"rollover rollover-zoom dt-pswp-item\" title=\"8ba9a1e2-4e11-45e5-9d8e-1aacb340f21b\" data-dt-img-description=\"\" data-large_image_width=\"1599\" data-large_image_height=\"899\"href='https:\/\/www.radiopiu.net\/wordpress\/wp-content\/uploads\/2022\/12\/8ba9a1e2-4e11-45e5-9d8e-1aacb340f21b.jpg'><img loading=\"lazy\" decoding=\"async\" width=\"150\" height=\"150\" src=\"https:\/\/www.radiopiu.net\/wordpress\/wp-content\/uploads\/2022\/12\/8ba9a1e2-4e11-45e5-9d8e-1aacb340f21b-150x150.jpg\" class=\"attachment-thumbnail size-thumbnail\" alt=\"\" \/><\/a>\n\t\t\t\t<\/dt><\/dl><dl class='gallery-item'>\n\t\t\t\t<dt class='gallery-icon landscape'>\n\t\t\t\t\t<a class=\"rollover rollover-zoom dt-pswp-item\" title=\"c80085f6-c492-49fb-b0e0-93fc02353149\" data-dt-img-description=\"\" data-large_image_width=\"1599\" data-large_image_height=\"899\"href='https:\/\/www.radiopiu.net\/wordpress\/wp-content\/uploads\/2022\/12\/c80085f6-c492-49fb-b0e0-93fc02353149.jpg'><img loading=\"lazy\" decoding=\"async\" width=\"150\" height=\"150\" src=\"https:\/\/www.radiopiu.net\/wordpress\/wp-content\/uploads\/2022\/12\/c80085f6-c492-49fb-b0e0-93fc02353149-150x150.jpg\" class=\"attachment-thumbnail size-thumbnail\" alt=\"\" \/><\/a>\n\t\t\t\t<\/dt><\/dl><br style=\"clear: both\" \/><dl class='gallery-item'>\n\t\t\t\t<dt class='gallery-icon landscape'>\n\t\t\t\t\t<a class=\"rollover rollover-zoom dt-pswp-item\" title=\"3dc83b80-205f-4a81-a6a9-c11edd20b46d\" data-dt-img-description=\"\" data-large_image_width=\"1599\" data-large_image_height=\"899\"href='https:\/\/www.radiopiu.net\/wordpress\/wp-content\/uploads\/2022\/12\/3dc83b80-205f-4a81-a6a9-c11edd20b46d.jpg'><img loading=\"lazy\" decoding=\"async\" width=\"150\" height=\"150\" src=\"https:\/\/www.radiopiu.net\/wordpress\/wp-content\/uploads\/2022\/12\/3dc83b80-205f-4a81-a6a9-c11edd20b46d-150x150.jpg\" class=\"attachment-thumbnail size-thumbnail\" alt=\"\" \/><\/a>\n\t\t\t\t<\/dt><\/dl><dl class='gallery-item'>\n\t\t\t\t<dt class='gallery-icon landscape'>\n\t\t\t\t\t<a class=\"rollover rollover-zoom dt-pswp-item\" title=\"594276ea-a2da-46f2-b7ea-1e42c2845796\" data-dt-img-description=\"\" data-large_image_width=\"1024\" data-large_image_height=\"768\"href='https:\/\/www.radiopiu.net\/wordpress\/wp-content\/uploads\/2022\/12\/594276ea-a2da-46f2-b7ea-1e42c2845796.jpg'><img loading=\"lazy\" decoding=\"async\" width=\"150\" height=\"150\" src=\"https:\/\/www.radiopiu.net\/wordpress\/wp-content\/uploads\/2022\/12\/594276ea-a2da-46f2-b7ea-1e42c2845796-150x150.jpg\" class=\"attachment-thumbnail size-thumbnail\" alt=\"\" \/><\/a>\n\t\t\t\t<\/dt><\/dl><dl class='gallery-item'>\n\t\t\t\t<dt class='gallery-icon landscape'>\n\t\t\t\t\t<a class=\"rollover rollover-zoom dt-pswp-item\" title=\"d3a359aa-d4c4-436c-b420-fe80b1361fb7\" data-dt-img-description=\"\" data-large_image_width=\"1599\" data-large_image_height=\"899\"href='https:\/\/www.radiopiu.net\/wordpress\/wp-content\/uploads\/2022\/12\/d3a359aa-d4c4-436c-b420-fe80b1361fb7.jpg'><img loading=\"lazy\" decoding=\"async\" width=\"150\" height=\"150\" src=\"https:\/\/www.radiopiu.net\/wordpress\/wp-content\/uploads\/2022\/12\/d3a359aa-d4c4-436c-b420-fe80b1361fb7-150x150.jpg\" class=\"attachment-thumbnail size-thumbnail\" alt=\"\" \/><\/a>\n\t\t\t\t<\/dt><\/dl><dl class='gallery-item'>\n\t\t\t\t<dt class='gallery-icon landscape'>\n\t\t\t\t\t<a class=\"rollover rollover-zoom dt-pswp-item\" title=\"a15ecf50-89ee-4ff8-ae77-f4e3f86325e5\" data-dt-img-description=\"\" data-large_image_width=\"1599\" data-large_image_height=\"899\"href='https:\/\/www.radiopiu.net\/wordpress\/wp-content\/uploads\/2022\/12\/a15ecf50-89ee-4ff8-ae77-f4e3f86325e5.jpg'><img loading=\"lazy\" decoding=\"async\" width=\"150\" height=\"150\" src=\"https:\/\/www.radiopiu.net\/wordpress\/wp-content\/uploads\/2022\/12\/a15ecf50-89ee-4ff8-ae77-f4e3f86325e5-150x150.jpg\" class=\"attachment-thumbnail size-thumbnail\" alt=\"\" \/><\/a>\n\t\t\t\t<\/dt><\/dl><dl class='gallery-item'>\n\t\t\t\t<dt class='gallery-icon landscape'>\n\t\t\t\t\t<a class=\"rollover rollover-zoom dt-pswp-item\" title=\"c09a7fd1-4cac-40d2-8a8c-336eba3b1816\" data-dt-img-description=\"\" data-large_image_width=\"1599\" data-large_image_height=\"899\"href='https:\/\/www.radiopiu.net\/wordpress\/wp-content\/uploads\/2022\/12\/c09a7fd1-4cac-40d2-8a8c-336eba3b1816.jpg'><img loading=\"lazy\" decoding=\"async\" width=\"150\" height=\"150\" src=\"https:\/\/www.radiopiu.net\/wordpress\/wp-content\/uploads\/2022\/12\/c09a7fd1-4cac-40d2-8a8c-336eba3b1816-150x150.jpg\" class=\"attachment-thumbnail size-thumbnail\" alt=\"\" \/><\/a>\n\t\t\t\t<\/dt><\/dl><dl class='gallery-item'>\n\t\t\t\t<dt class='gallery-icon landscape'>\n\t\t\t\t\t<a class=\"rollover rollover-zoom dt-pswp-item\" title=\"92adb1c1-c925-4cf8-85a5-e1807e0fb32a\" data-dt-img-description=\"\" data-large_image_width=\"1599\" data-large_image_height=\"899\"href='https:\/\/www.radiopiu.net\/wordpress\/wp-content\/uploads\/2022\/12\/92adb1c1-c925-4cf8-85a5-e1807e0fb32a.jpg'><img loading=\"lazy\" decoding=\"async\" width=\"150\" height=\"150\" src=\"https:\/\/www.radiopiu.net\/wordpress\/wp-content\/uploads\/2022\/12\/92adb1c1-c925-4cf8-85a5-e1807e0fb32a-150x150.jpg\" class=\"attachment-thumbnail size-thumbnail\" alt=\"\" \/><\/a>\n\t\t\t\t<\/dt><\/dl><br style=\"clear: both\" \/><dl class='gallery-item'>\n\t\t\t\t<dt class='gallery-icon portrait'>\n\t\t\t\t\t<a class=\"rollover rollover-zoom dt-pswp-item\" title=\"ec1d6873-aea7-4e01-9d4a-ea7f08929492\" data-dt-img-description=\"\" data-large_image_width=\"1000\" data-large_image_height=\"1024\"href='https:\/\/www.radiopiu.net\/wordpress\/wp-content\/uploads\/2022\/12\/ec1d6873-aea7-4e01-9d4a-ea7f08929492.jpg'><img loading=\"lazy\" decoding=\"async\" width=\"150\" height=\"150\" src=\"https:\/\/www.radiopiu.net\/wordpress\/wp-content\/uploads\/2022\/12\/ec1d6873-aea7-4e01-9d4a-ea7f08929492-150x150.jpg\" class=\"attachment-thumbnail size-thumbnail\" alt=\"\" \/><\/a>\n\t\t\t\t<\/dt><\/dl><dl class='gallery-item'>\n\t\t\t\t<dt class='gallery-icon portrait'>\n\t\t\t\t\t<a class=\"rollover rollover-zoom dt-pswp-item\" title=\"cb7cd7f0-fbb4-4341-8892-11a9233acccc\" data-dt-img-description=\"\" data-large_image_width=\"768\" data-large_image_height=\"1024\"href='https:\/\/www.radiopiu.net\/wordpress\/wp-content\/uploads\/2022\/12\/cb7cd7f0-fbb4-4341-8892-11a9233acccc.jpg'><img loading=\"lazy\" decoding=\"async\" width=\"150\" height=\"150\" src=\"https:\/\/www.radiopiu.net\/wordpress\/wp-content\/uploads\/2022\/12\/cb7cd7f0-fbb4-4341-8892-11a9233acccc-150x150.jpg\" class=\"attachment-thumbnail size-thumbnail\" alt=\"\" \/><\/a>\n\t\t\t\t<\/dt><\/dl><dl class='gallery-item'>\n\t\t\t\t<dt class='gallery-icon landscape'>\n\t\t\t\t\t<a class=\"rollover rollover-zoom dt-pswp-item\" title=\"32d901e7-39d6-4086-af5d-534d9ebae453\" data-dt-img-description=\"\" data-large_image_width=\"1024\" data-large_image_height=\"768\"href='https:\/\/www.radiopiu.net\/wordpress\/wp-content\/uploads\/2022\/12\/32d901e7-39d6-4086-af5d-534d9ebae453.jpg'><img loading=\"lazy\" decoding=\"async\" width=\"150\" height=\"150\" src=\"https:\/\/www.radiopiu.net\/wordpress\/wp-content\/uploads\/2022\/12\/32d901e7-39d6-4086-af5d-534d9ebae453-150x150.jpg\" class=\"attachment-thumbnail size-thumbnail\" alt=\"\" \/><\/a>\n\t\t\t\t<\/dt><\/dl><dl class='gallery-item'>\n\t\t\t\t<dt class='gallery-icon landscape'>\n\t\t\t\t\t<a class=\"rollover rollover-zoom dt-pswp-item\" title=\"68da9440-db29-4493-a023-4607a430e119\" data-dt-img-description=\"\" data-large_image_width=\"1024\" data-large_image_height=\"983\"href='https:\/\/www.radiopiu.net\/wordpress\/wp-content\/uploads\/2022\/12\/68da9440-db29-4493-a023-4607a430e119.jpg'><img loading=\"lazy\" decoding=\"async\" width=\"150\" height=\"150\" src=\"https:\/\/www.radiopiu.net\/wordpress\/wp-content\/uploads\/2022\/12\/68da9440-db29-4493-a023-4607a430e119-150x150.jpg\" class=\"attachment-thumbnail size-thumbnail\" alt=\"\" \/><\/a>\n\t\t\t\t<\/dt><\/dl><dl class='gallery-item'>\n\t\t\t\t<dt class='gallery-icon landscape'>\n\t\t\t\t\t<a class=\"rollover rollover-zoom dt-pswp-item\" title=\"2096059c-6a71-4869-9811-ca5d9654a038\" data-dt-img-description=\"\" data-large_image_width=\"1024\" data-large_image_height=\"925\"href='https:\/\/www.radiopiu.net\/wordpress\/wp-content\/uploads\/2022\/12\/2096059c-6a71-4869-9811-ca5d9654a038.jpg'><img loading=\"lazy\" decoding=\"async\" width=\"150\" height=\"150\" src=\"https:\/\/www.radiopiu.net\/wordpress\/wp-content\/uploads\/2022\/12\/2096059c-6a71-4869-9811-ca5d9654a038-150x150.jpg\" class=\"attachment-thumbnail size-thumbnail\" alt=\"\" \/><\/a>\n\t\t\t\t<\/dt><\/dl><dl class='gallery-item'>\n\t\t\t\t<dt class='gallery-icon landscape'>\n\t\t\t\t\t<a class=\"rollover rollover-zoom dt-pswp-item\" title=\"60a38a3f-9768-4d6c-88c2-e372a770b255\" data-dt-img-description=\"\" data-large_image_width=\"1024\" data-large_image_height=\"813\"href='https:\/\/www.radiopiu.net\/wordpress\/wp-content\/uploads\/2022\/12\/60a38a3f-9768-4d6c-88c2-e372a770b255.jpg'><img loading=\"lazy\" decoding=\"async\" width=\"150\" height=\"150\" src=\"https:\/\/www.radiopiu.net\/wordpress\/wp-content\/uploads\/2022\/12\/60a38a3f-9768-4d6c-88c2-e372a770b255-150x150.jpg\" class=\"attachment-thumbnail size-thumbnail\" alt=\"\" \/><\/a>\n\t\t\t\t<\/dt><\/dl><br style=\"clear: both\" \/><dl class='gallery-item'>\n\t\t\t\t<dt class='gallery-icon portrait'>\n\t\t\t\t\t<a class=\"rollover rollover-zoom dt-pswp-item\" title=\"c33729a7-445e-4745-9687-e928ff2de055\" data-dt-img-description=\"\" data-large_image_width=\"791\" data-large_image_height=\"1024\"href='https:\/\/www.radiopiu.net\/wordpress\/wp-content\/uploads\/2022\/12\/c33729a7-445e-4745-9687-e928ff2de055.jpg'><img loading=\"lazy\" decoding=\"async\" width=\"150\" height=\"150\" src=\"https:\/\/www.radiopiu.net\/wordpress\/wp-content\/uploads\/2022\/12\/c33729a7-445e-4745-9687-e928ff2de055-150x150.jpg\" class=\"attachment-thumbnail size-thumbnail\" alt=\"\" \/><\/a>\n\t\t\t\t<\/dt><\/dl><dl class='gallery-item'>\n\t\t\t\t<dt class='gallery-icon portrait'>\n\t\t\t\t\t<a class=\"rollover rollover-zoom dt-pswp-item\" title=\"988e3f1f-01b8-4857-b41d-b0fe56e8ed3e\" data-dt-img-description=\"\" data-large_image_width=\"768\" data-large_image_height=\"1024\"href='https:\/\/www.radiopiu.net\/wordpress\/wp-content\/uploads\/2022\/12\/988e3f1f-01b8-4857-b41d-b0fe56e8ed3e.jpg'><img loading=\"lazy\" decoding=\"async\" width=\"150\" height=\"150\" src=\"https:\/\/www.radiopiu.net\/wordpress\/wp-content\/uploads\/2022\/12\/988e3f1f-01b8-4857-b41d-b0fe56e8ed3e-150x150.jpg\" class=\"attachment-thumbnail size-thumbnail\" alt=\"\" \/><\/a>\n\t\t\t\t<\/dt><\/dl><dl class='gallery-item'>\n\t\t\t\t<dt class='gallery-icon portrait'>\n\t\t\t\t\t<a class=\"rollover rollover-zoom dt-pswp-item\" title=\"37554c0f-d434-4238-a4e1-31c27aed3011\" data-dt-img-description=\"\" data-large_image_width=\"768\" data-large_image_height=\"1024\"href='https:\/\/www.radiopiu.net\/wordpress\/wp-content\/uploads\/2022\/12\/37554c0f-d434-4238-a4e1-31c27aed3011.jpg'><img loading=\"lazy\" decoding=\"async\" width=\"150\" height=\"150\" src=\"https:\/\/www.radiopiu.net\/wordpress\/wp-content\/uploads\/2022\/12\/37554c0f-d434-4238-a4e1-31c27aed3011-150x150.jpg\" class=\"attachment-thumbnail size-thumbnail\" alt=\"\" \/><\/a>\n\t\t\t\t<\/dt><\/dl><dl class='gallery-item'>\n\t\t\t\t<dt class='gallery-icon portrait'>\n\t\t\t\t\t<a class=\"rollover rollover-zoom dt-pswp-item\" title=\"08c4670f-2868-4e82-99e5-344bb2580f16\" data-dt-img-description=\"\" data-large_image_width=\"768\" data-large_image_height=\"1024\"href='https:\/\/www.radiopiu.net\/wordpress\/wp-content\/uploads\/2022\/12\/08c4670f-2868-4e82-99e5-344bb2580f16.jpg'><img loading=\"lazy\" decoding=\"async\" width=\"150\" height=\"150\" src=\"https:\/\/www.radiopiu.net\/wordpress\/wp-content\/uploads\/2022\/12\/08c4670f-2868-4e82-99e5-344bb2580f16-150x150.jpg\" class=\"attachment-thumbnail size-thumbnail\" alt=\"\" \/><\/a>\n\t\t\t\t<\/dt><\/dl><dl class='gallery-item'>\n\t\t\t\t<dt class='gallery-icon landscape'>\n\t\t\t\t\t<a class=\"rollover rollover-zoom dt-pswp-item\" title=\"f77d8ff3-4abe-4f05-947d-b549294f9564\" data-dt-img-description=\"\" data-large_image_width=\"1024\" data-large_image_height=\"768\"href='https:\/\/www.radiopiu.net\/wordpress\/wp-content\/uploads\/2022\/12\/f77d8ff3-4abe-4f05-947d-b549294f9564.jpg'><img loading=\"lazy\" decoding=\"async\" width=\"150\" height=\"150\" src=\"https:\/\/www.radiopiu.net\/wordpress\/wp-content\/uploads\/2022\/12\/f77d8ff3-4abe-4f05-947d-b549294f9564-150x150.jpg\" class=\"attachment-thumbnail size-thumbnail\" alt=\"\" \/><\/a>\n\t\t\t\t<\/dt><\/dl>\n\t\t\t\t<br style='clear: both' \/>\n\t\t\t<\/div>\n\n<p>&nbsp;<\/p>\n<hr \/>\n<p>&nbsp;<\/p>\n<blockquote>\n<h3>IL PROGETTO BIO COL ALP CON ORAZIO ANDRICH<\/h3>\n<\/blockquote>\n<p><strong><a class=\"dt-pswp-item\" href=\"https:\/\/www.radiopiu.net\/wordpress\/wp-content\/uploads\/2022\/12\/c0bf0125-b9c3-4d59-bfd9-bc6c56749478-1.jpg\" data-dt-img-description=\"\" data-large_image_width=\"1024\" data-large_image_height=\"577\"><img loading=\"lazy\" decoding=\"async\" class=\" wp-image-313764 alignleft\" src=\"https:\/\/www.radiopiu.net\/wordpress\/wp-content\/uploads\/2022\/12\/c0bf0125-b9c3-4d59-bfd9-bc6c56749478-1-300x169.jpg\" alt=\"\" width=\"181\" height=\"102\" srcset=\"https:\/\/www.radiopiu.net\/wordpress\/wp-content\/uploads\/2022\/12\/c0bf0125-b9c3-4d59-bfd9-bc6c56749478-1-300x169.jpg 300w, https:\/\/www.radiopiu.net\/wordpress\/wp-content\/uploads\/2022\/12\/c0bf0125-b9c3-4d59-bfd9-bc6c56749478-1-768x433.jpg 768w, https:\/\/www.radiopiu.net\/wordpress\/wp-content\/uploads\/2022\/12\/c0bf0125-b9c3-4d59-bfd9-bc6c56749478-1.jpg 1024w\" sizes=\"auto, (max-width: 181px) 100vw, 181px\" \/><\/a>di Mirko Mezzacasa<\/strong><\/p>\n<p>OSPITE: Orazio Andrich<\/p>\n<audio class=\"wp-audio-shortcode\" id=\"audio-313708-8\" preload=\"none\" style=\"width: 100%;\" controls=\"controls\"><source type=\"audio\/mpeg\" src=\"https:\/\/www.radiopiu.net\/wordpress\/wp-content\/uploads\/2022\/12\/orazio-andrich-anticipazione-servizio.mp3?_=8\" \/><a href=\"https:\/\/www.radiopiu.net\/wordpress\/wp-content\/uploads\/2022\/12\/orazio-andrich-anticipazione-servizio.mp3\">https:\/\/www.radiopiu.net\/wordpress\/wp-content\/uploads\/2022\/12\/orazio-andrich-anticipazione-servizio.mp3<\/a><\/audio>\n<p>&nbsp;<\/p>\n<p><iframe loading=\"lazy\" title=\"PREGETTO BIOCOLALP SAN TOMASO 2022\" width=\"1200\" height=\"675\" src=\"https:\/\/www.youtube.com\/embed\/4dSoaEttc7U?feature=oembed\" frameborder=\"0\" allow=\"accelerometer; autoplay; clipboard-write; encrypted-media; gyroscope; picture-in-picture\" allowfullscreen><\/iframe><\/p>\n<p>&nbsp;<\/p>\n<hr \/>\n<p>&nbsp;<\/p>\n<blockquote>\n<h3>INIZIATA LA STAGIONE INVERNALE A FORCELLA AURINE<\/h3>\n<\/blockquote>\n<p><strong><a class=\"dt-pswp-item\" href=\"https:\/\/www.radiopiu.net\/wordpress\/wp-content\/uploads\/2021\/11\/FORCELLA-AURINE.jpg\" data-dt-img-description=\"\" data-large_image_width=\"960\" data-large_image_height=\"720\"><img loading=\"lazy\" decoding=\"async\" class=\" wp-image-241538 alignleft\" src=\"https:\/\/www.radiopiu.net\/wordpress\/wp-content\/uploads\/2021\/11\/FORCELLA-AURINE-300x225.jpg\" alt=\"\" width=\"131\" height=\"98\" srcset=\"https:\/\/www.radiopiu.net\/wordpress\/wp-content\/uploads\/2021\/11\/FORCELLA-AURINE-300x225.jpg 300w, https:\/\/www.radiopiu.net\/wordpress\/wp-content\/uploads\/2021\/11\/FORCELLA-AURINE-768x576.jpg 768w, https:\/\/www.radiopiu.net\/wordpress\/wp-content\/uploads\/2021\/11\/FORCELLA-AURINE.jpg 960w\" sizes=\"auto, (max-width: 131px) 100vw, 131px\" \/><\/a>di Mirko Mezzacasa<\/strong><\/p>\n<p>OSPITE: Morgan Gnech<\/p>\n<audio class=\"wp-audio-shortcode\" id=\"audio-313708-9\" preload=\"none\" style=\"width: 100%;\" controls=\"controls\"><source type=\"audio\/mpeg\" src=\"https:\/\/www.radiopiu.net\/wordpress\/wp-content\/uploads\/2022\/12\/morgan-forcella-aurine.mp3?_=9\" \/><a href=\"https:\/\/www.radiopiu.net\/wordpress\/wp-content\/uploads\/2022\/12\/morgan-forcella-aurine.mp3\">https:\/\/www.radiopiu.net\/wordpress\/wp-content\/uploads\/2022\/12\/morgan-forcella-aurine.mp3<\/a><\/audio>\n<p>&nbsp;<\/p>\n<p>&nbsp;<\/p>\n<p>&nbsp;<\/p>\n<hr \/>\n<p>&nbsp;<\/p>\n<blockquote>\n<h3>GIORGIO FORNASIER A GOSALDO PER L&#8217;ULTIMO CONCERTO IN AGORDINO<\/h3>\n<\/blockquote>\n<p><strong><a class=\"dt-pswp-item\" href=\"https:\/\/www.radiopiu.net\/wordpress\/wp-content\/uploads\/2022\/12\/GIORGIO-FORNASIER.png\" data-dt-img-description=\"\" data-large_image_width=\"1280\" data-large_image_height=\"992\"><img loading=\"lazy\" decoding=\"async\" class=\"wp-image-312788 alignleft\" src=\"https:\/\/www.radiopiu.net\/wordpress\/wp-content\/uploads\/2022\/12\/GIORGIO-FORNASIER-300x233.png\" alt=\"\" width=\"193\" height=\"150\" srcset=\"https:\/\/www.radiopiu.net\/wordpress\/wp-content\/uploads\/2022\/12\/GIORGIO-FORNASIER-300x233.png 300w, https:\/\/www.radiopiu.net\/wordpress\/wp-content\/uploads\/2022\/12\/GIORGIO-FORNASIER-1024x794.png 1024w, https:\/\/www.radiopiu.net\/wordpress\/wp-content\/uploads\/2022\/12\/GIORGIO-FORNASIER-768x595.png 768w, https:\/\/www.radiopiu.net\/wordpress\/wp-content\/uploads\/2022\/12\/GIORGIO-FORNASIER.png 1280w\" sizes=\"auto, (max-width: 193px) 100vw, 193px\" \/><\/a>GOSALDO<\/strong> Giorgio Fornasier sar\u00e0 protagonista di un concerto nella Chiesa di Gosaldo mercoled\u00ec 4 gennaio con inizio alle 16. Uno spettacolo a tema catechetico e natalizio. Sar\u00e0 l&#8217;ultimo concerto di Fornasier in Agordino, il cantante bellunese infatti ha annunciato di appendere al chiodo la chitarra. Un motivo in pi\u00f9 per salire a Gosaldo per gustarsi lo spettacolo.<\/p>\n<p><strong>\u00a0<\/strong><\/p>\n<p><strong>\u00a0<\/strong><\/p>\n<p><strong>L&#8217;INVITO DI DON FABIANO DEL FAVERO, PARROCO DI VOLTAGO, RIVAMONTE E GOSALDO<\/strong><\/p>\n<audio class=\"wp-audio-shortcode\" id=\"audio-313708-10\" preload=\"none\" style=\"width: 100%;\" controls=\"controls\"><source type=\"audio\/mpeg\" src=\"https:\/\/www.radiopiu.net\/wordpress\/wp-content\/uploads\/2022\/12\/DON-FABIANO-FORNASIER.mp3?_=10\" \/><a href=\"https:\/\/www.radiopiu.net\/wordpress\/wp-content\/uploads\/2022\/12\/DON-FABIANO-FORNASIER.mp3\">https:\/\/www.radiopiu.net\/wordpress\/wp-content\/uploads\/2022\/12\/DON-FABIANO-FORNASIER.mp3<\/a><\/audio>\n<p>&nbsp;<\/p>\n<hr \/>\n<p>&nbsp;<\/p>\n<p><a class=\"dt-pswp-item\" href=\"https:\/\/www.radiopiu.net\/wordpress\/wp-content\/uploads\/2022\/12\/Senza-nome-78.jpg\" data-dt-img-description=\"\" data-large_image_width=\"822\" data-large_image_height=\"722\"><img loading=\"lazy\" decoding=\"async\" class=\"size-medium wp-image-311532 aligncenter\" src=\"https:\/\/www.radiopiu.net\/wordpress\/wp-content\/uploads\/2022\/12\/Senza-nome-78-300x264.jpg\" alt=\"\" width=\"300\" height=\"264\" srcset=\"https:\/\/www.radiopiu.net\/wordpress\/wp-content\/uploads\/2022\/12\/Senza-nome-78-300x264.jpg 300w, https:\/\/www.radiopiu.net\/wordpress\/wp-content\/uploads\/2022\/12\/Senza-nome-78-768x675.jpg 768w, https:\/\/www.radiopiu.net\/wordpress\/wp-content\/uploads\/2022\/12\/Senza-nome-78.jpg 822w\" sizes=\"auto, (max-width: 300px) 100vw, 300px\" \/><\/a><\/p>\n<p>&nbsp;<\/p>\n<p>&nbsp;<\/p>\n<hr \/>\n<p>&nbsp;<\/p>\n<blockquote>\n<h3>MERCATINI DI NATALE A SOTTOGUDA<\/h3>\n<\/blockquote>\n<p><strong>ROCCA PIETORE<\/strong> Tornano i mercatini sotto la Marmolada. Torna a Sottoguda &#8220;Nad\u00e8l Ignanter i Tabiei&#8221; oggi e domani dalle 13 alle 19. Domani alle 17 &#8220;Una montagna di note&#8221; con l&#8217;Orchestra Dolomiti.<\/p>\n<p><a class=\"dt-pswp-item\" href=\"https:\/\/www.radiopiu.net\/wordpress\/wp-content\/uploads\/2022\/12\/7b12f4ab-d16b-4440-9e84-3a4af82af38b.jpg\" data-dt-img-description=\"\" data-large_image_width=\"1131\" data-large_image_height=\"1600\"><img loading=\"lazy\" decoding=\"async\" class=\"size-medium wp-image-311657 aligncenter\" src=\"https:\/\/www.radiopiu.net\/wordpress\/wp-content\/uploads\/2022\/12\/7b12f4ab-d16b-4440-9e84-3a4af82af38b-212x300.jpg\" alt=\"\" width=\"212\" height=\"300\" srcset=\"https:\/\/www.radiopiu.net\/wordpress\/wp-content\/uploads\/2022\/12\/7b12f4ab-d16b-4440-9e84-3a4af82af38b-212x300.jpg 212w, https:\/\/www.radiopiu.net\/wordpress\/wp-content\/uploads\/2022\/12\/7b12f4ab-d16b-4440-9e84-3a4af82af38b-724x1024.jpg 724w, https:\/\/www.radiopiu.net\/wordpress\/wp-content\/uploads\/2022\/12\/7b12f4ab-d16b-4440-9e84-3a4af82af38b-768x1086.jpg 768w, https:\/\/www.radiopiu.net\/wordpress\/wp-content\/uploads\/2022\/12\/7b12f4ab-d16b-4440-9e84-3a4af82af38b-1086x1536.jpg 1086w, https:\/\/www.radiopiu.net\/wordpress\/wp-content\/uploads\/2022\/12\/7b12f4ab-d16b-4440-9e84-3a4af82af38b.jpg 1131w\" sizes=\"auto, (max-width: 212px) 100vw, 212px\" \/><\/a><\/p>\n<p>&nbsp;<\/p>\n<hr \/>\n<p>&nbsp;<\/p>\n<blockquote>\n<h3>TI MANCA L&#8217;INVERNO? CI PENSANO LE ATTIVITA&#8217; ECONOMICHE DI FALCADE E CAVIOLA<\/h3>\n<\/blockquote>\n<blockquote>\n<h3><a class=\"dt-pswp-item\" href=\"https:\/\/www.radiopiu.net\/wordpress\/wp-content\/uploads\/2022\/12\/Senza-nome-100.jpg\" data-dt-img-description=\"\" data-large_image_width=\"742\" data-large_image_height=\"356\"><img loading=\"lazy\" decoding=\"async\" class=\"size-medium wp-image-312733 alignleft\" src=\"https:\/\/www.radiopiu.net\/wordpress\/wp-content\/uploads\/2022\/12\/Senza-nome-100-300x144.jpg\" alt=\"\" width=\"300\" height=\"144\" srcset=\"https:\/\/www.radiopiu.net\/wordpress\/wp-content\/uploads\/2022\/12\/Senza-nome-100-300x144.jpg 300w, https:\/\/www.radiopiu.net\/wordpress\/wp-content\/uploads\/2022\/12\/Senza-nome-100.jpg 742w\" sizes=\"auto, (max-width: 300px) 100vw, 300px\" \/><\/a>MERCATINI DI NATALE A FALCADE, IN PIAZZA DEL MUNICIPIO: DAL 24 DICEMBRE ALL&#8217;8 GENNAIO DALLE 16 ALLE 19.<\/h3>\n<\/blockquote>\n<p>GLI APPUNTAMENTI IN PIAZZA DEL MUNICIPIO ACCANTO AL MERCATINO:\u00a0 29 DICEMBRE ALLE 21 IN CHIESA A FALCADE CONCERTO IN ONORE DI DANTE MORO CON SILVIA TESSARI E L&#8217;ORCHESTRA DOLOMITI SINFONIA, 31 DICEMBRE CAPODANNO AL PARCO GIOCHI DI FALCADE, DJ SET E AREA BAR &#8211; DIRETTA SU RADIO PIU &#8211;<br \/>\nCHE INVERNO&#8230; A FALCADE E CAVIOLA<\/p>\n<p>1 GENNAIO IL BALLO DEI COSCRITTI AL PALAFALCADE, 3 GENNAIO ALLE 21 CONCERTO DEL CORO VAL BIOIS IN CHIESA A CAVIOLA CON INTERMEZZI ALL&#8217;ORGANO DI LORIS SERAFINI. IN PIAZZA DEL MUNICIPIO ACCANTO AL MERCATINO: IL 4 GENNAIO ALLE 16 APERITIVO DEI COSCRITTI DJ E AREA BAR, IL 5 GENNAIO ALLE 18 MUSICHE POPOLARI CON I TIRATAIE E PASSAGGIO DELLA BEFANA, 7 GENNAIO DALLE 18 IL GRUPPO FOLK BATI ORZ DI SAN TOMASO.<\/p>\n<blockquote>\n<h2>CHE INVERNO&#8230; A FALCADE E CAVIOLA<\/h2>\n<\/blockquote>\n<p><a class=\"dt-pswp-item\" href=\"https:\/\/www.radiopiu.net\/wordpress\/wp-content\/uploads\/2022\/12\/RUDEMA-Concerto-di-natale-.jpg\" data-dt-img-description=\"\" data-large_image_width=\"1587\" data-large_image_height=\"2245\"><img loading=\"lazy\" decoding=\"async\" class=\"size-medium wp-image-313173 aligncenter\" src=\"https:\/\/www.radiopiu.net\/wordpress\/wp-content\/uploads\/2022\/12\/RUDEMA-Concerto-di-natale--212x300.jpg\" alt=\"\" width=\"212\" height=\"300\" srcset=\"https:\/\/www.radiopiu.net\/wordpress\/wp-content\/uploads\/2022\/12\/RUDEMA-Concerto-di-natale--212x300.jpg 212w, https:\/\/www.radiopiu.net\/wordpress\/wp-content\/uploads\/2022\/12\/RUDEMA-Concerto-di-natale--724x1024.jpg 724w, https:\/\/www.radiopiu.net\/wordpress\/wp-content\/uploads\/2022\/12\/RUDEMA-Concerto-di-natale--768x1086.jpg 768w, https:\/\/www.radiopiu.net\/wordpress\/wp-content\/uploads\/2022\/12\/RUDEMA-Concerto-di-natale--1086x1536.jpg 1086w, https:\/\/www.radiopiu.net\/wordpress\/wp-content\/uploads\/2022\/12\/RUDEMA-Concerto-di-natale--1448x2048.jpg 1448w, https:\/\/www.radiopiu.net\/wordpress\/wp-content\/uploads\/2022\/12\/RUDEMA-Concerto-di-natale-.jpg 1587w\" sizes=\"auto, (max-width: 212px) 100vw, 212px\" \/><\/a><\/p>\n<p>&nbsp;<\/p>\n<hr \/>\n<p>&nbsp;<\/p>\n<blockquote>\n<h3>SERATA SOTTO L&#8217;ALBERO A SAN CIPRIANO DI TAIBON<\/h3>\n<\/blockquote>\n<p><strong><a class=\"dt-pswp-item\" href=\"https:\/\/www.radiopiu.net\/wordpress\/wp-content\/uploads\/2022\/12\/FCA69DB6-3030-4699-B9E3-5CFD8D407ABE.jpeg\" data-dt-img-description=\"\" data-large_image_width=\"1125\" data-large_image_height=\"1561\"><img loading=\"lazy\" decoding=\"async\" class=\" wp-image-313751 alignleft\" src=\"https:\/\/www.radiopiu.net\/wordpress\/wp-content\/uploads\/2022\/12\/FCA69DB6-3030-4699-B9E3-5CFD8D407ABE-216x300.jpeg\" alt=\"\" width=\"91\" height=\"126\" srcset=\"https:\/\/www.radiopiu.net\/wordpress\/wp-content\/uploads\/2022\/12\/FCA69DB6-3030-4699-B9E3-5CFD8D407ABE-216x300.jpeg 216w, https:\/\/www.radiopiu.net\/wordpress\/wp-content\/uploads\/2022\/12\/FCA69DB6-3030-4699-B9E3-5CFD8D407ABE-738x1024.jpeg 738w, https:\/\/www.radiopiu.net\/wordpress\/wp-content\/uploads\/2022\/12\/FCA69DB6-3030-4699-B9E3-5CFD8D407ABE-768x1066.jpeg 768w, https:\/\/www.radiopiu.net\/wordpress\/wp-content\/uploads\/2022\/12\/FCA69DB6-3030-4699-B9E3-5CFD8D407ABE-1107x1536.jpeg 1107w, https:\/\/www.radiopiu.net\/wordpress\/wp-content\/uploads\/2022\/12\/FCA69DB6-3030-4699-B9E3-5CFD8D407ABE.jpeg 1125w\" sizes=\"auto, (max-width: 91px) 100vw, 91px\" \/><\/a>TAIBON<\/strong> E&#8217; in programma per venerd\u00ec sera la festa sotto l&#8217;albero in piazza San Cipriano a Taibon. I tanti volontari che hanno allestito l&#8217;albero sono pronti per augurare buon anno a tutti coloro che vorranno arrivare alle porte di Taibon per una serata in allegria. Una serata organizzata con la Pro Loco di Taibon che avr\u00e0 inizio alle 18 con la Santa Messa nella chiesa di San Cipriano. A seguire musica e canti. Per tutti un ricco buffet di dolci con bevande e molto altro.<\/p>\n<p>&nbsp;<\/p>\n<p>&nbsp;<\/p>\n<hr \/>\n<p>&nbsp;<\/p>\n<blockquote>\n<h3>VALERIO DA POS, UN NUOVO VOLUME DI 400 PAGINE<\/h3>\n<\/blockquote>\n<p><a class=\"dt-pswp-item\" href=\"https:\/\/www.radiopiu.net\/wordpress\/wp-content\/uploads\/2021\/12\/Valerio-DaPos-Ritratto.jpg\" data-dt-img-description=\"VALERIO DA POS\" data-large_image_width=\"1068\" data-large_image_height=\"1640\"><img loading=\"lazy\" decoding=\"async\" class=\"alignleft wp-image-251633 \" src=\"https:\/\/www.radiopiu.net\/wordpress\/wp-content\/uploads\/2021\/12\/Valerio-DaPos-Ritratto-195x300.jpg\" alt=\"\" width=\"97\" height=\"149\" srcset=\"https:\/\/www.radiopiu.net\/wordpress\/wp-content\/uploads\/2021\/12\/Valerio-DaPos-Ritratto-195x300.jpg 195w, https:\/\/www.radiopiu.net\/wordpress\/wp-content\/uploads\/2021\/12\/Valerio-DaPos-Ritratto-667x1024.jpg 667w, https:\/\/www.radiopiu.net\/wordpress\/wp-content\/uploads\/2021\/12\/Valerio-DaPos-Ritratto-768x1179.jpg 768w, https:\/\/www.radiopiu.net\/wordpress\/wp-content\/uploads\/2021\/12\/Valerio-DaPos-Ritratto-1000x1536.jpg 1000w, https:\/\/www.radiopiu.net\/wordpress\/wp-content\/uploads\/2021\/12\/Valerio-DaPos-Ritratto.jpg 1068w\" sizes=\"auto, (max-width: 97px) 100vw, 97px\" \/><\/a><\/p>\n<p><strong>CANALE D&#8217;AGORDO<\/strong><\/p>\n<p>di Gianni Santomaso<\/p>\n<audio class=\"wp-audio-shortcode\" id=\"audio-313708-11\" preload=\"none\" style=\"width: 100%;\" controls=\"controls\"><source type=\"audio\/mpeg\" src=\"https:\/\/www.radiopiu.net\/wordpress\/wp-content\/uploads\/2022\/12\/GIANNI-VALERIO-DA-PUOS-UN-NUOVO-VOLUME-DI-400-PAGINE.mp3?_=11\" \/><a href=\"https:\/\/www.radiopiu.net\/wordpress\/wp-content\/uploads\/2022\/12\/GIANNI-VALERIO-DA-PUOS-UN-NUOVO-VOLUME-DI-400-PAGINE.mp3\">https:\/\/www.radiopiu.net\/wordpress\/wp-content\/uploads\/2022\/12\/GIANNI-VALERIO-DA-PUOS-UN-NUOVO-VOLUME-DI-400-PAGINE.mp3<\/a><\/audio>\n<p>&nbsp;<\/p>\n<hr \/>\n<blockquote>\n<h3><\/h3>\n<h3>GLI AUGURI DI NATALE DALL&#8217;ASSOCIAZIONE DANZA AGORDINA<\/h3>\n<\/blockquote>\n<p><strong>REDAZIONE<\/strong> Anche quest&#8217;anno l&#8217;Associazione Danza Agordina ha preparato un video per augurare a tutti buon Natale.<\/p>\n<div style=\"width: 1200px;\" class=\"wp-video\"><video class=\"wp-video-shortcode\" id=\"video-313708-2\" width=\"1200\" height=\"675\" preload=\"metadata\" controls=\"controls\"><source type=\"video\/mp4\" src=\"https:\/\/www.radiopiu.net\/wordpress\/wp-content\/uploads\/2022\/12\/Video-saggio-Natale-ada.mp4?_=2\" \/><a href=\"https:\/\/www.radiopiu.net\/wordpress\/wp-content\/uploads\/2022\/12\/Video-saggio-Natale-ada.mp4\">https:\/\/www.radiopiu.net\/wordpress\/wp-content\/uploads\/2022\/12\/Video-saggio-Natale-ada.mp4<\/a><\/video><\/div>\n<p>&nbsp;<\/p>\n<hr \/>\n<p>&nbsp;<\/p>\n<p>&nbsp;<\/p>\n<blockquote>\n<h3>IL PRESEPIO DI FRASSENE&#8217;<\/h3>\n<\/blockquote>\n<p><strong>VOLTAGO<\/strong> Come ogni anno i volontari di Frassen\u00e8 hanno messo in piedi uno splendido presepio sulla piazza di fronte alla Scuola Paolo Mosca. Uno spettacolo unico con tanti particolari da scoprire.<\/p>\n<p>https:\/\/www.facebook.com\/marco.baghy.1\/videos\/691803499213613<\/p>\n<p>&nbsp;<\/p>\n<hr \/>\n<p>&nbsp;<\/p>\n<blockquote>\n<h3>\u201cNESSUNO PUO\u2019 SALVARSI DA SOLO\u201d E \u201cLA RICCHEZZA DELLA DIFFERENZA\u201d<\/h3>\n<\/blockquote>\n<p><strong>di Renato Bona<\/strong><\/p>\n<p>\u201cNessuno pu\u00f2 salvarsi da solo\u201d e \u201cLa ricchezza della differenza\u201d sono due temi che hanno fra i protagonisti la Caritas di Belluno con il suo responsabile, il diacono Francesco D\u2019Alfonso, che ha messo nero su bianco due contributi sul sito diocesano \u201cchiesabellunofeltre\u201d. Il primo ricorda che domenica 1 gennaio 2023 si celebra la cinquantaseiesima \u201cGiornata mondiale della pace\u201d, con l\u2019invito &#8211; che \u00e8 poi il tema scelto da Papa Francesco &#8211; a \u201cripartire dal Covid 19 per tracciare insieme sentieri di pace\u201d: un invito alla speranza proprio nei momenti oscuri della sofferenza, un invito a rimanere svegli cercando il bene, la giustizia e la verit\u00e0, fiduciosi nella vicinanza d Dio, che si \u00e8 reso presente in mezzo a noi\u201d. Cita ancora il Pontefice il quale ricorda \u201cil dramma della pandemia, durante la quale le attese di molti sono state sconvolte, ma mentre si viveva una realt\u00e0 incerta e per molti gravida di conseguenze in termini sanitari ed economici, si \u00e8 sperimentata l\u2019abnegazione e la dedizione di tanti, dal mondo della sanit\u00e0 a quello della scuola a quello della politica\u2026\u201d e aggiunge: \u201cLa vicenda Covid ha lasciato conseguenze pesanti sul tessuto di relazioni all\u2019interno delle nostre comunit\u00e0, ma ha messo in evidenza una verit\u00e0 importante, che cio\u00e8 nei momenti di crisi diventa essenziale fare tesoro della solidariet\u00e0, della capacit\u00e0 di farsi carico gli uni degli altri con compassione, espressione della fraternit\u00e0 fondata sulla comune figliolanza divina. Si \u00e8 imparato a lottare insieme e si \u00e8 capito che nessuno si salva da solo\u2026\u201d. Ancora Papa Francesco: \u201c\u2026 La speranza che l\u2019umanit\u00e0 uscita dal Covid trovasse pi\u00f9 intesa e unit\u00e0 \u00e8 stata ben presto contraddetta dalla guerra scoppiata in Europa e per la quale il vaccino non \u00e8 stato ancora trovato!\u201d. Con queste premesse, e considerato che sempre il Pontefice osserva che \u201cle crisi di vario segno presenti nel mondo sono tutte interconnesse e quindi diventa essenziale unire gli sforzi per uscirne\u201d, D\u2019Alfonso annuncia il \u201cCammino della pace\u201d che si svolger\u00e0 a Belluno domenica 1 gennaio inizio alle 17, con partenza dal Teatro comunale e fino al sagrato del Duomo ad iniziativa oltre che della Caritas diocesana, di: Libera, Insieme si pu\u00f2 e Scuole in rete: tre tappe nelle quali saranno presentate brevi testimonianze intonate al tema della giornata. Al termine, possibilit\u00e0 di accedere alla cattedrale per la messa vespertina nel giorno dedicato alla solennit\u00e0 della Santa Madre di Dio \u201ca cui saranno affidate le intenzioni e le suppliche per la pace in Ucraina e in tutto il mondo\u201d. Dicevamo degli impegni Caritas: nella sede dell\u2019istituto salesiano Agosti si \u00e8 svolto (dopo quello di maggio) sul tema \u201cL\u2019altro mi interessa\u201d, l\u2019incontro di formazione per operatori e volontari, cui ha fatto seguito un concerto del coro \u201cVoci per la pace\u201d. Dopo l\u2019introduzione dello stesso diacono Francesco direttore della Caritas diocesana, la preghiera \u00e8 stata guidata dal vescovo di Belluno-Feltre monsignor Renato Marangoni e quindi don Davide Schiavon, direttore della Caritas di Treviso ha animato l\u2019incontro con alcune suggestioni frutto di una lunga esperienza nel mondo Caritas, sottolineando come \u201cpassare dall\u2019io al noi \u00e8 un processo, \u00e8 sentirsi sempre in cammino con l\u2019Altro, che \u00e8 Dio e che dona pienezza ad ogni relazione\u201d. La sera, nella parrocchiale di Don Bosco gremita di persone, presentato da Spiridione Della Lucia il concerto corale di \u201cVoci per la pace\u201d presente il vescovo Marangoni; si sono esibiti il Coro delle famiglie di Cavarzano, diretto da Monica Bez; il coro dei Cherubini, diretto da Emmanuel Avebe; il coro Don Bosco, diretto da Beatrice Riccardi; il coro di Bolzano Bellunese, diretto da Daniele Casagrande; \u00e8 stata in collegamento Internet da Leopoli per tutta la durata del concerto una famiglia ucraina che era stata a Belluno fino all\u2019estate scorsa. Da segnalare infine due testimonianze che hanno proposto il dramma della guerra in Ucraina con le dolorose conseguenze che gravano sulla popolazione civile, ma anche l\u2019oppressione di un sistema di potere ingiusto e sordo alle attese della popolazione come quello della Guinea.<\/p>\n\n\t\t\t<style type='text\/css'>\n\t\t\t\t#gallery-6 {\n\t\t\t\t\tmargin: auto;\n\t\t\t\t}\n\t\t\t\t#gallery-6 .gallery-item {\n\t\t\t\t\tfloat: left;\n\t\t\t\t\tmargin-top: 10px;\n\t\t\t\t\ttext-align: center;\n\t\t\t\t\twidth: 25%;\n\t\t\t\t}\n\t\t\t\t#gallery-6 img {\n\t\t\t\t\tborder: 2px solid #cfcfcf;\n\t\t\t\t}\n\t\t\t\t#gallery-6 .gallery-caption {\n\t\t\t\t\tmargin-left: 0;\n\t\t\t\t}\n\t\t\t\t\/* see gallery_shortcode() in wp-includes\/media.php *\/\n\t\t\t<\/style>\n\t\t<div id='gallery-6' class='dt-gallery-container gallery galleryid-313708 gallery-columns-4 gallery-size-thumbnail'><dl class='gallery-item'>\n\t\t\t\t<dt class='gallery-icon landscape'>\n\t\t\t\t\t<a class=\"rollover rollover-zoom dt-pswp-item\" title=\"318625244_920003999163002_3891108834314751611_n\" data-dt-img-description=\"\" data-large_image_width=\"537\" data-large_image_height=\"403\"href='https:\/\/www.radiopiu.net\/wordpress\/wp-content\/uploads\/2022\/12\/318625244_920003999163002_3891108834314751611_n.jpg'><img loading=\"lazy\" decoding=\"async\" width=\"150\" height=\"150\" src=\"https:\/\/www.radiopiu.net\/wordpress\/wp-content\/uploads\/2022\/12\/318625244_920003999163002_3891108834314751611_n-150x150.jpg\" class=\"attachment-thumbnail size-thumbnail\" alt=\"\" \/><\/a>\n\t\t\t\t<\/dt><\/dl><dl class='gallery-item'>\n\t\t\t\t<dt class='gallery-icon landscape'>\n\t\t\t\t\t<a class=\"rollover rollover-zoom dt-pswp-item\" title=\"319342228_550103133692191_5604755591014559756_n\" data-dt-img-description=\"\" data-large_image_width=\"585\" data-large_image_height=\"403\"href='https:\/\/www.radiopiu.net\/wordpress\/wp-content\/uploads\/2022\/12\/319342228_550103133692191_5604755591014559756_n.jpg'><img loading=\"lazy\" decoding=\"async\" width=\"150\" height=\"150\" src=\"https:\/\/www.radiopiu.net\/wordpress\/wp-content\/uploads\/2022\/12\/319342228_550103133692191_5604755591014559756_n-150x150.jpg\" class=\"attachment-thumbnail size-thumbnail\" alt=\"\" \/><\/a>\n\t\t\t\t<\/dt><\/dl><dl class='gallery-item'>\n\t\t\t\t<dt class='gallery-icon portrait'>\n\t\t\t\t\t<a class=\"rollover rollover-zoom dt-pswp-item\" title=\"318425854_741127287709891_8663195859656073260_n\" data-dt-img-description=\"\" data-large_image_width=\"262\" data-large_image_height=\"353\"href='https:\/\/www.radiopiu.net\/wordpress\/wp-content\/uploads\/2022\/12\/318425854_741127287709891_8663195859656073260_n.jpg'><img loading=\"lazy\" decoding=\"async\" width=\"150\" height=\"150\" src=\"https:\/\/www.radiopiu.net\/wordpress\/wp-content\/uploads\/2022\/12\/318425854_741127287709891_8663195859656073260_n-150x150.jpg\" class=\"attachment-thumbnail size-thumbnail\" alt=\"\" \/><\/a>\n\t\t\t\t<\/dt><\/dl><dl class='gallery-item'>\n\t\t\t\t<dt class='gallery-icon portrait'>\n\t\t\t\t\t<a class=\"rollover rollover-zoom dt-pswp-item\" title=\"309926462_1217400905532163_5139714070289721449_n\" data-dt-img-description=\"\" data-large_image_width=\"320\" data-large_image_height=\"480\"href='https:\/\/www.radiopiu.net\/wordpress\/wp-content\/uploads\/2022\/12\/309926462_1217400905532163_5139714070289721449_n.jpg'><img loading=\"lazy\" decoding=\"async\" width=\"150\" height=\"150\" src=\"https:\/\/www.radiopiu.net\/wordpress\/wp-content\/uploads\/2022\/12\/309926462_1217400905532163_5139714070289721449_n-150x150.jpg\" class=\"attachment-thumbnail size-thumbnail\" alt=\"\" \/><\/a>\n\t\t\t\t<\/dt><\/dl><br style=\"clear: both\" \/><dl class='gallery-item'>\n\t\t\t\t<dt class='gallery-icon landscape'>\n\t\t\t\t\t<a class=\"rollover rollover-zoom dt-pswp-item\" title=\"322411646_839547667339163_448136410775415755_n\" data-dt-img-description=\"\" data-large_image_width=\"255\" data-large_image_height=\"198\"href='https:\/\/www.radiopiu.net\/wordpress\/wp-content\/uploads\/2022\/12\/322411646_839547667339163_448136410775415755_n.jpg'><img loading=\"lazy\" decoding=\"async\" width=\"150\" height=\"150\" src=\"https:\/\/www.radiopiu.net\/wordpress\/wp-content\/uploads\/2022\/12\/322411646_839547667339163_448136410775415755_n-150x150.jpg\" class=\"attachment-thumbnail size-thumbnail\" alt=\"\" \/><\/a>\n\t\t\t\t<\/dt><\/dl><dl class='gallery-item'>\n\t\t\t\t<dt class='gallery-icon landscape'>\n\t\t\t\t\t<a class=\"rollover rollover-zoom dt-pswp-item\" title=\"321618770_1214149182844654_4077738179123466616_n\" data-dt-img-description=\"\" data-large_image_width=\"587\" data-large_image_height=\"403\"href='https:\/\/www.radiopiu.net\/wordpress\/wp-content\/uploads\/2022\/12\/321618770_1214149182844654_4077738179123466616_n.jpg'><img loading=\"lazy\" decoding=\"async\" width=\"150\" height=\"150\" src=\"https:\/\/www.radiopiu.net\/wordpress\/wp-content\/uploads\/2022\/12\/321618770_1214149182844654_4077738179123466616_n-150x150.jpg\" class=\"attachment-thumbnail size-thumbnail\" alt=\"\" \/><\/a>\n\t\t\t\t<\/dt><\/dl><dl class='gallery-item'>\n\t\t\t\t<dt class='gallery-icon portrait'>\n\t\t\t\t\t<a class=\"rollover rollover-zoom dt-pswp-item\" title=\"321296312_459678542846243_1767100413012778105_n\" data-dt-img-description=\"\" data-large_image_width=\"302\" data-large_image_height=\"403\"href='https:\/\/www.radiopiu.net\/wordpress\/wp-content\/uploads\/2022\/12\/321296312_459678542846243_1767100413012778105_n.jpg'><img loading=\"lazy\" decoding=\"async\" width=\"150\" height=\"150\" src=\"https:\/\/www.radiopiu.net\/wordpress\/wp-content\/uploads\/2022\/12\/321296312_459678542846243_1767100413012778105_n-150x150.jpg\" class=\"attachment-thumbnail size-thumbnail\" alt=\"\" \/><\/a>\n\t\t\t\t<\/dt><\/dl><dl class='gallery-item'>\n\t\t\t\t<dt class='gallery-icon portrait'>\n\t\t\t\t\t<a class=\"rollover rollover-zoom dt-pswp-item\" title=\"321783949_536564101739529_5164163000570337765_n\" data-dt-img-description=\"\" data-large_image_width=\"302\" data-large_image_height=\"403\"href='https:\/\/www.radiopiu.net\/wordpress\/wp-content\/uploads\/2022\/12\/321783949_536564101739529_5164163000570337765_n.jpg'><img loading=\"lazy\" decoding=\"async\" width=\"150\" height=\"150\" src=\"https:\/\/www.radiopiu.net\/wordpress\/wp-content\/uploads\/2022\/12\/321783949_536564101739529_5164163000570337765_n-150x150.jpg\" class=\"attachment-thumbnail size-thumbnail\" alt=\"\" \/><\/a>\n\t\t\t\t<\/dt><\/dl><br style=\"clear: both\" \/>\n\t\t\t<\/div>\n\n<p>&nbsp;<\/p>\n<p>NELLE FOTO (sito chiesabellunofeltre; Amico del Popolo, GettyImages): la guerra in Ucraina al centro della \u201cGiornata mondiale della pace\u201d; Papa Francesco; il vescovo di Belluno-Feltre, Renato Marangoni; il diacono Francesco D\u2019Alfonso, responsabile della Caritas bellunese; la locandina che annunciava l\u2019incontro di formazione; momenti dei lavori; il concerto di \u201cVoci per la pace\u201d.<\/p>\n<p>&nbsp;<\/p>\n<p>&nbsp;<\/p>\n<hr \/>\n<p>&nbsp;<\/p>\n<div>\n<div class=\"b654a4as d2edcug0\">\n<div class=\"rq0escxv hkbzh7o3 jwdofwj8 n8tt0mok r8blr3vg hyh9befq\">\n<p><a class=\"dt-pswp-item\" href=\"https:\/\/www.radiopiu.net\/wordpress\/wp-content\/uploads\/2020\/10\/pp.jpg\" data-dt-img-description=\"\" data-large_image_width=\"640\" data-large_image_height=\"640\"><img loading=\"lazy\" decoding=\"async\" class=\"wp-image-163678 alignleft\" src=\"https:\/\/www.radiopiu.net\/wordpress\/wp-content\/uploads\/2020\/10\/pp-300x300.jpg\" alt=\"\" width=\"106\" height=\"106\" srcset=\"https:\/\/www.radiopiu.net\/wordpress\/wp-content\/uploads\/2020\/10\/pp-300x300.jpg 300w, https:\/\/www.radiopiu.net\/wordpress\/wp-content\/uploads\/2020\/10\/pp-150x150.jpg 150w, https:\/\/www.radiopiu.net\/wordpress\/wp-content\/uploads\/2020\/10\/pp-125x125.jpg 125w, https:\/\/www.radiopiu.net\/wordpress\/wp-content\/uploads\/2020\/10\/pp-200x200.jpg 200w, https:\/\/www.radiopiu.net\/wordpress\/wp-content\/uploads\/2020\/10\/pp-80x80.jpg 80w, https:\/\/www.radiopiu.net\/wordpress\/wp-content\/uploads\/2020\/10\/pp-480x480.jpg 480w, https:\/\/www.radiopiu.net\/wordpress\/wp-content\/uploads\/2020\/10\/pp.jpg 640w\" sizes=\"auto, (max-width: 106px) 100vw, 106px\" \/><\/a><\/p>\n<\/div>\n<\/div>\n<\/div>\n<div>\n<div class=\"page-title-head hgroup\">\n<div class=\"page-title-head hgroup\">\n<div class=\"b654a4as d2edcug0\">\n<div class=\"j83agx80 btwxx1t3 lhclo0ds hop8lmos nkwizq5d scwd0bx6 roh60bw9\">\n<div class=\"rq0escxv hkbzh7o3 jwdofwj8 n8tt0mok r8blr3vg hyh9befq\">\n<div class=\"do00u71z l9j0dhe7 k4urcfbm\" style=\"text-align: left;\">\n<h2><span style=\"color: #000080;\">DON CESARE, IL PENSIERO DEL GIORNO. ALLA RADIO ALLE 7 DEL MATTINO E ALLE 19.30 DELLA SERA\u00a0<\/span><\/h2>\n<audio class=\"wp-audio-shortcode\" id=\"audio-313708-12\" preload=\"none\" style=\"width: 100%;\" controls=\"controls\"><source type=\"audio\/mpeg\" src=\"https:\/\/www.radiopiu.net\/wordpress\/wp-content\/uploads\/2022\/12\/CESARE-21.mp3?_=12\" \/><a href=\"https:\/\/www.radiopiu.net\/wordpress\/wp-content\/uploads\/2022\/12\/CESARE-21.mp3\">https:\/\/www.radiopiu.net\/wordpress\/wp-content\/uploads\/2022\/12\/CESARE-21.mp3<\/a><\/audio>\n<\/div>\n<\/div>\n<\/div>\n<\/div>\n<\/div>\n<\/div>\n<\/div>\n<p>&nbsp;<\/p>\n<hr \/>\n<p>&nbsp;<\/p>\n<h2><span style=\"color: #ff00ff;\">IN VIVO VERSO\u00a0<\/span><\/h2>\n<blockquote>\n<h3><span style=\"color: #000000;\"><strong>SBRAZARSE di FABIO RUFUS BRISTOT\u00a0<\/strong><\/span><\/h3>\n<\/blockquote>\n<p>AUDIO<\/p>\n<audio class=\"wp-audio-shortcode\" id=\"audio-313708-13\" preload=\"none\" style=\"width: 100%;\" controls=\"controls\"><source type=\"audio\/mpeg\" src=\"https:\/\/www.radiopiu.net\/wordpress\/wp-content\/uploads\/2022\/12\/03-SBRAZASE-FABIO-RUFUS-BRISTOT.mp3?_=13\" \/><a href=\"https:\/\/www.radiopiu.net\/wordpress\/wp-content\/uploads\/2022\/12\/03-SBRAZASE-FABIO-RUFUS-BRISTOT.mp3\">https:\/\/www.radiopiu.net\/wordpress\/wp-content\/uploads\/2022\/12\/03-SBRAZASE-FABIO-RUFUS-BRISTOT.mp3<\/a><\/audio>\n<p>&nbsp;<\/p>\n<p><a class=\"dt-pswp-item\" href=\"https:\/\/www.radiopiu.net\/wordpress\/wp-content\/uploads\/2022\/12\/3-FABIO-BRISTOT-RUFUS-SBRAZARSE.jpg\" data-dt-img-description=\"\" data-large_image_width=\"504\" data-large_image_height=\"640\"><img loading=\"lazy\" decoding=\"async\" class=\" wp-image-313953 alignleft\" src=\"https:\/\/www.radiopiu.net\/wordpress\/wp-content\/uploads\/2022\/12\/3-FABIO-BRISTOT-RUFUS-SBRAZARSE-236x300.jpg\" alt=\"\" width=\"146\" height=\"186\" srcset=\"https:\/\/www.radiopiu.net\/wordpress\/wp-content\/uploads\/2022\/12\/3-FABIO-BRISTOT-RUFUS-SBRAZARSE-236x300.jpg 236w, https:\/\/www.radiopiu.net\/wordpress\/wp-content\/uploads\/2022\/12\/3-FABIO-BRISTOT-RUFUS-SBRAZARSE.jpg 504w\" sizes=\"auto, (max-width: 146px) 100vw, 146px\" \/><\/a><strong>Fabio Rufus Bristot<\/strong><br \/>\n<strong>SBRAZARSE<\/strong><\/p>\n<p>Slonga i braz,<br \/>\ni voi atorno al cor come &#8216;n laz:<br \/>\nno le an strangol par mi,<br \/>\nma &#8216;l poder sentirte de p\u00ec.<\/p>\n<p>Slarga i braz,<br \/>\ni voi atorno al cor come &#8216;n laz:<br \/>\nno le na pena par mi,<br \/>\nma &#8216;l poder ligarme de p\u00ec.<\/p>\n<p>Ingropa i braz,<br \/>\ni voi atorno al cor come &#8216;n laz:<br \/>\nno le sentirse sofegadi, ma sol che tan p\u00ec amadi.<\/p>\n<p>&nbsp;<\/p>\n<p>&nbsp;<\/p>\n<p>LA RACCOLTA COMPLETA<\/p>\n<blockquote class=\"wp-embedded-content\" data-secret=\"cpGqC8xTLq\"><p><a href=\"https:\/\/www.radiopiu.net\/wordpress\/in-vivo-verso\/\">In Vivo Verso<\/a><\/p><\/blockquote>\n<p><iframe loading=\"lazy\" class=\"wp-embedded-content\" sandbox=\"allow-scripts\" security=\"restricted\" style=\"position: absolute; clip: rect(1px, 1px, 1px, 1px);\" title=\"&#8220;In Vivo Verso&#8221; &#8212; Radio Pi\u00f9\" src=\"https:\/\/www.radiopiu.net\/wordpress\/in-vivo-verso\/embed\/#?secret=YaaqVRqnzV#?secret=cpGqC8xTLq\" data-secret=\"cpGqC8xTLq\" width=\"600\" height=\"338\" frameborder=\"0\" marginwidth=\"0\" marginheight=\"0\" scrolling=\"no\"><\/iframe><\/p>\n<p>&nbsp;<\/p>\n<hr \/>\n<p>&nbsp;<\/p>\n<p><img loading=\"lazy\" decoding=\"async\" class=\"aligncenter wp-image-61954 size-full\" src=\"https:\/\/www.radiopiu.net\/wordpress\/wp-content\/uploads\/2018\/09\/viabilita.jpeg\" sizes=\"auto, (max-width: 800px) 100vw, 800px\" srcset=\"https:\/\/www.radiopiu.net\/wordpress\/wp-content\/uploads\/2018\/09\/viabilita.jpeg 800w, https:\/\/www.radiopiu.net\/wordpress\/wp-content\/uploads\/2018\/09\/viabilita-300x38.jpeg 300w, https:\/\/www.radiopiu.net\/wordpress\/wp-content\/uploads\/2018\/09\/viabilita-768x96.jpeg 768w\" alt=\"\" width=\"800\" height=\"100\" \/><\/p>\n<p>&nbsp;<\/p>\n<p>&nbsp;<\/p>\n<p><strong>AGGIORNAMENTO VENETO STRADE, AGGIORNAMENTO CONTINUO H 24<\/strong><\/p>\n<p>&nbsp;<\/p>\n<blockquote class=\"wp-embedded-content\" data-secret=\"Ry2WwiRFof\"><p><a href=\"https:\/\/www.radiopiu.net\/wordpress\/viabilita\/\">viabilita<\/a><\/p><\/blockquote>\n<p><iframe loading=\"lazy\" class=\"wp-embedded-content\" sandbox=\"allow-scripts\" security=\"restricted\" style=\"position: absolute; clip: rect(1px, 1px, 1px, 1px);\" title=\"&#8220;viabilita&#8221; &#8212; Radio Pi\u00f9\" src=\"https:\/\/www.radiopiu.net\/wordpress\/viabilita\/embed\/#?secret=KRigJklHcW#?secret=Ry2WwiRFof\" data-secret=\"Ry2WwiRFof\" width=\"600\" height=\"338\" frameborder=\"0\" marginwidth=\"0\" marginheight=\"0\" scrolling=\"no\"><\/iframe><\/p>\n<p>&nbsp;<\/p>\n<hr \/>\n<h2><span style=\"color: #993300;\">\u00a0<\/span><\/h2>\n<h2><span style=\"color: #993300;\">&#8220;CICHE CIAF TELEFONO TACUIN&#8221; IL NUOVO SINGOLO DEI TIRATAIE. LA PRESENTAZIONE A RADIO PIU&#8217;<\/span><\/h2>\n<p><strong><a class=\"dt-pswp-item\" href=\"https:\/\/www.radiopiu.net\/wordpress\/wp-content\/uploads\/2022\/12\/b6362df5-dde0-4f5f-8b3d-915d540027d6.jpg\" data-dt-img-description=\"\" data-large_image_width=\"1024\" data-large_image_height=\"972\"><img loading=\"lazy\" decoding=\"async\" class=\" wp-image-312945 alignleft\" src=\"https:\/\/www.radiopiu.net\/wordpress\/wp-content\/uploads\/2022\/12\/b6362df5-dde0-4f5f-8b3d-915d540027d6-300x285.jpg\" alt=\"\" width=\"157\" height=\"149\" srcset=\"https:\/\/www.radiopiu.net\/wordpress\/wp-content\/uploads\/2022\/12\/b6362df5-dde0-4f5f-8b3d-915d540027d6-300x285.jpg 300w, https:\/\/www.radiopiu.net\/wordpress\/wp-content\/uploads\/2022\/12\/b6362df5-dde0-4f5f-8b3d-915d540027d6-768x729.jpg 768w, https:\/\/www.radiopiu.net\/wordpress\/wp-content\/uploads\/2022\/12\/b6362df5-dde0-4f5f-8b3d-915d540027d6.jpg 1024w\" sizes=\"auto, (max-width: 157px) 100vw, 157px\" \/><\/a>di Marco Gaz<\/strong><\/p>\n<p>C&#8217;\u00e8 una cosa che non bisogna assolutamente dimenticare a casa quando si va a fare un giro e ce lo spiegano I Tirataie nella nuova canzone presentata in anteprima su Radio Pi\u00f9. &#8220;Ciche, Ciaf, Telefono, Tacuin&#8221; il titolo del nuovo singolo disponibile su tutte le piattaforme streming per ascoltare musica online, e naturalmente su Radio Pi\u00f9. I Tirataie sono arrivati negli studi di Radio Pi\u00f9 per la presentazione ufficiale del brano. Sulla copertina del singolo un kanguro&#8230;perch\u00e9? lo capirete ascoltando il brano&#8230;.<\/p>\n<p><em><strong>OSPITI: Alessio &#8220;Bus&#8221; Tomaselli e Paolo Vedova dei Tirataie<\/strong><\/em><\/p>\n<audio class=\"wp-audio-shortcode\" id=\"audio-313708-14\" preload=\"none\" style=\"width: 100%;\" controls=\"controls\"><source type=\"audio\/mpeg\" src=\"https:\/\/www.radiopiu.net\/wordpress\/wp-content\/uploads\/2022\/12\/SPECIALE-TIRATAIE.mp3?_=14\" \/><a href=\"https:\/\/www.radiopiu.net\/wordpress\/wp-content\/uploads\/2022\/12\/SPECIALE-TIRATAIE.mp3\">https:\/\/www.radiopiu.net\/wordpress\/wp-content\/uploads\/2022\/12\/SPECIALE-TIRATAIE.mp3<\/a><\/audio>\n<p>&nbsp;<\/p>\n<p>&nbsp;<\/p>\n<hr \/>\n<p>&nbsp;<\/p>\n<p><a class=\"dt-pswp-item\" href=\"https:\/\/www.radiopiu.net\/wordpress\/wp-content\/uploads\/2018\/09\/WhatsApp-Image-2018-09-20-at-16.04.06.jpeg\" data-dt-img-description=\"\" data-large_image_width=\"800\" data-large_image_height=\"100\"><img loading=\"lazy\" decoding=\"async\" class=\"wp-image-61378 size-full aligncenter\" src=\"https:\/\/www.radiopiu.net\/wordpress\/wp-content\/uploads\/2018\/09\/WhatsApp-Image-2018-09-20-at-16.04.06.jpeg\" alt=\"\" width=\"800\" height=\"100\" srcset=\"https:\/\/www.radiopiu.net\/wordpress\/wp-content\/uploads\/2018\/09\/WhatsApp-Image-2018-09-20-at-16.04.06.jpeg 800w, https:\/\/www.radiopiu.net\/wordpress\/wp-content\/uploads\/2018\/09\/WhatsApp-Image-2018-09-20-at-16.04.06-300x38.jpeg 300w, https:\/\/www.radiopiu.net\/wordpress\/wp-content\/uploads\/2018\/09\/WhatsApp-Image-2018-09-20-at-16.04.06-768x96.jpeg 768w\" sizes=\"auto, (max-width: 800px) 100vw, 800px\" \/><\/a><\/p>\n<p>&nbsp;<\/p>\n<p><center><b>OGGI<\/b><\/center>Cielo da poco a parzialmente nuvoloso al mattino, da nuvoloso a molto nuvoloso nel pomeriggio\/sera con qualche debolissima e locale precipitazione nella notte.<br \/>\n<b>Precipitazioni: <\/b>Assenti (0%) al mattino; verso sera probabilit\u00e0 medio-bassa (25-50%) sulle Prealpi centro-occidentali e molto bassa altrove (5-10%), di deboli e locali fenomeni, eventualmente nevosi oltre i 1200-1500 m sulle Dolomiti e i 1500-1700 m sulle Prealpi.<br \/>\n<b>Temperature: <\/b>Senza notevoli variazioni, salvo qualche lieve calo delle minime, e ancora di qualche grado superiori alle medie del periodo. Sono previste ancora punte massime di 5\/8\u00b0C nei fondovalle prealpini e di 1\/5\u00b0C a quote comprese tra gli 800 e i 1200 m.<\/p>\n<hr \/>\n<p style=\"text-align: center;\"><strong>DOMANI<\/strong><\/p>\n<p><b><\/b>Al mattino, cielo molto nuvoloso su tutta la montagna veneta, parziali schiarite pi\u00f9 significative sulle Dolomiti a partire dalla tarda mattinata ma soprattutto nel corso del pomeriggio, mentre sulle Prealpi il cielo continuer\u00e0 a mantenersi nuvoloso.<br \/>\n<b>Precipitazioni: <\/b>Nottetempo e al primo mattino, probabilit\u00e0 medio-bassa (25-50%) di debolissime e locali precipitazioni, nevose sopra i 1100-1400 m sulle Dolomiti e i 1400-1700 m sulle Prealpi; assenti (0%) dal pomeriggio.<br \/>\n<b>Temperature: <\/b>In generale ripresa, specie le minime con valori superiori alla norma, soprattutto le minime.<\/p>\n<hr \/>\n<p><center><b>SABATO<\/b><\/center>Nel corso della giornata, cielo generalmente poco o parzialmente nuvoloso per nubi medio-alte; probabili nubi basse, foschie e qualche banco di nebbia in alcune valli, specie sulle Prealpi, nelle ore pi\u00f9 fredde in dissolvimento dopo l&#8217;alba. Precipitazioni assenti. Temperature minime in lieve calo nelle valli, in lieve aumento in alta montagna; massime in generale contenuto aumento specie in alta montagna; intensificazione dell&#8217;inversione termica a fine giornata, di moderata intensit\u00e0.<\/p>\n<hr \/>\n<p><center><b>DOMENICA<\/b><\/center>Tempo stabile e pi\u00f9 soleggiato rispetto a sabato, specie sulle Dolomiti, con cielo generalmente poco nuvoloso per nubi alte, mentre sulle zone prealpine il cielo sar\u00e0 anche a tratti parzialmente nuvoloso per nubi basse, foschie e qualche banco di nebbia in alcune valli soprattutto nelle ore pi\u00f9 fredde. Temperature minime in aumento in alta montagna, stazionarie o in lieve calo nelle valli; massime in lieve o contenuto aumento a tutte le quote, con valori anche ben superiori alla norma; inversione termica marcata nella notte.<\/p>\n<p>&nbsp;<\/p>\n<hr \/>\n<p>&nbsp;<\/p>\n<p><a class=\"dt-pswp-item\" href=\"https:\/\/www.radiopiu.net\/wordpress\/wp-content\/uploads\/2018\/09\/sport.jpg\" data-dt-img-description=\"\" data-large_image_width=\"800\" data-large_image_height=\"100\"><img loading=\"lazy\" decoding=\"async\" class=\"aligncenter wp-image-60761 size-full\" src=\"https:\/\/www.radiopiu.net\/wordpress\/wp-content\/uploads\/2018\/09\/sport.jpg\" alt=\"\" width=\"800\" height=\"100\" srcset=\"https:\/\/www.radiopiu.net\/wordpress\/wp-content\/uploads\/2018\/09\/sport.jpg 800w, https:\/\/www.radiopiu.net\/wordpress\/wp-content\/uploads\/2018\/09\/sport-300x38.jpg 300w, https:\/\/www.radiopiu.net\/wordpress\/wp-content\/uploads\/2018\/09\/sport-768x96.jpg 768w\" sizes=\"auto, (max-width: 800px) 100vw, 800px\" \/><\/a><\/p>\n<p>&nbsp;<\/p>\n<p><span style=\"color: #0000ff;\"><strong>HOCKEY SU GHIACCIO<\/strong><\/span><\/p>\n<blockquote>\n<h3>IL 6 GENNAIO INIZIA IL QUALIFICATION ROUND PER L&#8217;ALLEGHE HOCKEY<\/h3>\n<\/blockquote>\n<p><strong><a class=\"dt-pswp-item\" href=\"https:\/\/www.radiopiu.net\/wordpress\/wp-content\/uploads\/2021\/03\/hockey-2744905_1920.jpg\" data-dt-img-description=\"\" data-large_image_width=\"1920\" data-large_image_height=\"1279\"><img loading=\"lazy\" decoding=\"async\" class=\" wp-image-197447 alignleft\" src=\"https:\/\/www.radiopiu.net\/wordpress\/wp-content\/uploads\/2021\/03\/hockey-2744905_1920-300x200.jpg\" alt=\"\" width=\"168\" height=\"112\" srcset=\"https:\/\/www.radiopiu.net\/wordpress\/wp-content\/uploads\/2021\/03\/hockey-2744905_1920-300x200.jpg 300w, https:\/\/www.radiopiu.net\/wordpress\/wp-content\/uploads\/2021\/03\/hockey-2744905_1920-1024x682.jpg 1024w, https:\/\/www.radiopiu.net\/wordpress\/wp-content\/uploads\/2021\/03\/hockey-2744905_1920-768x512.jpg 768w, https:\/\/www.radiopiu.net\/wordpress\/wp-content\/uploads\/2021\/03\/hockey-2744905_1920-1536x1023.jpg 1536w, https:\/\/www.radiopiu.net\/wordpress\/wp-content\/uploads\/2021\/03\/hockey-2744905_1920.jpg 1920w\" sizes=\"auto, (max-width: 168px) 100vw, 168px\" \/><\/a>di Marco Gaz<\/strong><\/p>\n<p><strong>REDAZIONE<\/strong> Inizier\u00e0 il 6 gennaio la seconda fase del campionato IHL per l&#8217;Alleghe Hockey. Sar\u00e0 una vera e propria impresa per la squadra di Fontana riuscire ad accedere ai quarti di finale del torneo. Le civette partono con un solo punto in classifica e per assicurarsi il passaggio del turno dovranno vincere tutte le partite in programma. La seconda fase del campionato inizier\u00e0 il 6 gennaio e terminer\u00e0 il 25 febbraio. Biancorossi che giocheranno la prima partita con il Fiemme in trasferta e domenica 8 gennaio la prima sfida tra le mura amiche quando al De Toni arriver\u00e0 il Bressanone. Giornata di riposo il 26 gennaio e 23 febbraio, i turni infrasettimanali del qualification round.<\/p>\n<p>&nbsp;<\/p>\n","protected":false},"excerpt":{"rendered":"<p>RADIO PIU INFORMAZIONE il canale su TELEGRAM informazione di prima\u00a0 mano e in tempo reale. iscriviti ed aiutaci a farlo conoscere\u00a0 \u00a0\u00a0 ISCRIVITI AL NOSTRO CANALE YOUTUBE PER SEGUIRE IN DIRETTA I PRINCIPALI PROGRAMMI DI RADIO PIU&#8217; E LE FUTURE DIRETTE IN ESTERNA. PER ISCRIVERTI CLICCA QUI E PREMI IL TASTO &#8220;Iscriviti&#8221;\u00a0\u00a0 &nbsp; &nbsp; &nbsp;&hellip;<\/p>\n","protected":false},"author":4,"featured_media":313946,"comment_status":"closed","ping_status":"closed","sticky":false,"template":"","format":"standard","meta":{"_monsterinsights_skip_tracking":false,"_monsterinsights_sitenote_active":false,"_monsterinsights_sitenote_note":"","_monsterinsights_sitenote_category":0,"footnotes":""},"categories":[104,86,49],"tags":[],"class_list":["post-313708","post","type-post","status-publish","format-standard","has-post-thumbnail","hentry","category-evidenza_3","category-gr","category-news-18","category-104","category-86","category-49","description-off"],"img_url":"https:\/\/www.radiopiu.net\/wordpress\/wp-content\/uploads\/2022\/12\/f77d8ff3-4abe-4f05-947d-b549294f9564.jpg","_links":{"self":[{"href":"https:\/\/www.radiopiu.net\/wordpress\/wp-json\/wp\/v2\/posts\/313708","targetHints":{"allow":["GET"]}}],"collection":[{"href":"https:\/\/www.radiopiu.net\/wordpress\/wp-json\/wp\/v2\/posts"}],"about":[{"href":"https:\/\/www.radiopiu.net\/wordpress\/wp-json\/wp\/v2\/types\/post"}],"author":[{"embeddable":true,"href":"https:\/\/www.radiopiu.net\/wordpress\/wp-json\/wp\/v2\/users\/4"}],"replies":[{"embeddable":true,"href":"https:\/\/www.radiopiu.net\/wordpress\/wp-json\/wp\/v2\/comments?post=313708"}],"version-history":[{"count":0,"href":"https:\/\/www.radiopiu.net\/wordpress\/wp-json\/wp\/v2\/posts\/313708\/revisions"}],"wp:featuredmedia":[{"embeddable":true,"href":"https:\/\/www.radiopiu.net\/wordpress\/wp-json\/wp\/v2\/media\/313946"}],"wp:attachment":[{"href":"https:\/\/www.radiopiu.net\/wordpress\/wp-json\/wp\/v2\/media?parent=313708"}],"wp:term":[{"taxonomy":"category","embeddable":true,"href":"https:\/\/www.radiopiu.net\/wordpress\/wp-json\/wp\/v2\/categories?post=313708"},{"taxonomy":"post_tag","embeddable":true,"href":"https:\/\/www.radiopiu.net\/wordpress\/wp-json\/wp\/v2\/tags?post=313708"}],"curies":[{"name":"wp","href":"https:\/\/api.w.org\/{rel}","templated":true}]}}