{"id":313767,"date":"2022-12-29T05:21:49","date_gmt":"2022-12-29T04:21:49","guid":{"rendered":"https:\/\/www.radiopiu.net\/wordpress\/?p=313767"},"modified":"2022-12-29T05:37:30","modified_gmt":"2022-12-29T04:37:30","slug":"dillo-a-radio-piu-i-collegamenti-sciistici-sono-indispensabili","status":"publish","type":"post","link":"https:\/\/www.radiopiu.net\/wordpress\/dillo-a-radio-piu-i-collegamenti-sciistici-sono-indispensabili\/","title":{"rendered":"DILLO A RADIO PIU&#8217;&#8230;I COLLEGAMENTI SCIISTICI\u00a0SONO INDISPENSABILI?"},"content":{"rendered":"<p><strong><a class=\"dt-pswp-item\" href=\"https:\/\/www.radiopiu.net\/wordpress\/wp-content\/uploads\/2018\/04\/impianti-alleghe-funivie.jpg\" data-dt-img-description=\"\" data-large_image_width=\"550\" data-large_image_height=\"309\"><img loading=\"lazy\" decoding=\"async\" class=\" wp-image-46376 alignleft\" src=\"https:\/\/www.radiopiu.net\/wordpress\/wp-content\/uploads\/2018\/04\/impianti-alleghe-funivie-300x169.jpg\" alt=\"\" width=\"183\" height=\"103\" srcset=\"https:\/\/www.radiopiu.net\/wordpress\/wp-content\/uploads\/2018\/04\/impianti-alleghe-funivie-300x169.jpg 300w, https:\/\/www.radiopiu.net\/wordpress\/wp-content\/uploads\/2018\/04\/impianti-alleghe-funivie.jpg 550w\" sizes=\"auto, (max-width: 183px) 100vw, 183px\" \/><\/a>di Claudio Pra<\/strong><\/p>\n<p>La parola chiave per nuovi collegamenti sciistici \u00e8 &#8220;indispensabile&#8221;. Ovviamente a pronunciare tale parola \u00e8 chi vuole costruirli. Mantenendosi all&#8217;attuale, era indispensabile il collegamento Cortina-Cinque Torri, da poco realizzato. Sarebbe poi indispensabile il collegamento Arabba-Cortina e figurarsi se non \u00e8 indispensabile il collegamento Cadore-Civetta. Assolutamente indispensabile poi \u00e8 il collegamento Val Comelico-Alta Pusteria e vogliamo poi parlare dell&#8221;indispensabilit\u00e1 del collegamento Cortina-Agordino attraverso Passo Giau? E poi cos&#8217; \u00e8 ancora indispensabile per collegare il mondo intero e poter affermare di avere migliaia di chilometri di piste? L&#8217;impatto di queste opere sulle Dolomiti patrimonio dell&#8217;umanit\u00e0? Mah, \u00e8 indispensabile metterlo da parte, c&#8217;\u00e8 di mezzo lo spopolamento della montagna e non \u00e8 indispensabile capire che siamo in pieno cambiamento climatico, piccolo fattore trascurabile che relegher\u00e1 la neve, quella vera, sempre pi\u00f9 in alto. Non \u00e8 invece indispensabile, fra qualche anno, togliere piloni arrugginiti, che sicuramente valorizzeranno l&#8217;ambiente montano come gi\u00e0 fanno nelle aree dismesse. Per\u00f2, parola di Governatore, &#8220;I pessimisti non fanno fortuna&#8221; e quindi avanti lancia in resta, un futuro radioso e collegato ci attende.<\/p>\n<p>&nbsp;<\/p>\n<p>&nbsp;<\/p>\n<p>******<\/p>\n","protected":false},"excerpt":{"rendered":"<p>di Claudio Pra La parola chiave per nuovi collegamenti sciistici \u00e8 &#8220;indispensabile&#8221;. Ovviamente a pronunciare tale parola \u00e8 chi vuole costruirli. Mantenendosi all&#8217;attuale, era indispensabile il collegamento Cortina-Cinque Torri, da poco realizzato. Sarebbe poi indispensabile il collegamento Arabba-Cortina e figurarsi se non \u00e8 indispensabile il collegamento Cadore-Civetta. Assolutamente indispensabile poi \u00e8 il collegamento Val Comelico-Alta&hellip;<\/p>\n","protected":false},"author":4,"featured_media":46376,"comment_status":"closed","ping_status":"closed","sticky":false,"template":"","format":"standard","meta":{"_monsterinsights_skip_tracking":false,"_monsterinsights_sitenote_active":false,"_monsterinsights_sitenote_note":"","_monsterinsights_sitenote_category":0,"footnotes":""},"categories":[51,49],"tags":[],"class_list":["post-313767","post","type-post","status-publish","format-standard","has-post-thumbnail","hentry","category-evidenza-top","category-news-18","category-51","category-49","description-off"],"img_url":"https:\/\/www.radiopiu.net\/wordpress\/wp-content\/uploads\/2018\/04\/impianti-alleghe-funivie.jpg","_links":{"self":[{"href":"https:\/\/www.radiopiu.net\/wordpress\/wp-json\/wp\/v2\/posts\/313767","targetHints":{"allow":["GET"]}}],"collection":[{"href":"https:\/\/www.radiopiu.net\/wordpress\/wp-json\/wp\/v2\/posts"}],"about":[{"href":"https:\/\/www.radiopiu.net\/wordpress\/wp-json\/wp\/v2\/types\/post"}],"author":[{"embeddable":true,"href":"https:\/\/www.radiopiu.net\/wordpress\/wp-json\/wp\/v2\/users\/4"}],"replies":[{"embeddable":true,"href":"https:\/\/www.radiopiu.net\/wordpress\/wp-json\/wp\/v2\/comments?post=313767"}],"version-history":[{"count":0,"href":"https:\/\/www.radiopiu.net\/wordpress\/wp-json\/wp\/v2\/posts\/313767\/revisions"}],"wp:featuredmedia":[{"embeddable":true,"href":"https:\/\/www.radiopiu.net\/wordpress\/wp-json\/wp\/v2\/media\/46376"}],"wp:attachment":[{"href":"https:\/\/www.radiopiu.net\/wordpress\/wp-json\/wp\/v2\/media?parent=313767"}],"wp:term":[{"taxonomy":"category","embeddable":true,"href":"https:\/\/www.radiopiu.net\/wordpress\/wp-json\/wp\/v2\/categories?post=313767"},{"taxonomy":"post_tag","embeddable":true,"href":"https:\/\/www.radiopiu.net\/wordpress\/wp-json\/wp\/v2\/tags?post=313767"}],"curies":[{"name":"wp","href":"https:\/\/api.w.org\/{rel}","templated":true}]}}