{"id":313774,"date":"2022-12-29T05:19:41","date_gmt":"2022-12-29T04:19:41","guid":{"rendered":"https:\/\/www.radiopiu.net\/wordpress\/?p=313774"},"modified":"2022-12-29T05:34:02","modified_gmt":"2022-12-29T04:34:02","slug":"dillo-a-radio-piu-quando-le-scarpate-diventano-una-discarica-a-cielo-aperto","status":"publish","type":"post","link":"https:\/\/www.radiopiu.net\/wordpress\/dillo-a-radio-piu-quando-le-scarpate-diventano-una-discarica-a-cielo-aperto\/","title":{"rendered":"DILLO A RADIO PIU&#8217;&#8230;QUANDO LE SCARPATE DIVENTANO UNA DISCARICA A CIELO APERTO"},"content":{"rendered":"<p><strong>REDAZION<\/strong>E Riceviamo e pubblichiamo una lettera di un nostro ascoltatore<\/p>\n<div>\n<blockquote>\n<p class=\"s2\"><em>Forse non sarebbe il periodo pi\u00f9<span class=\"apple-converted-space\">\u00a0<\/span>appropriato, quello delle festivit\u00e0 natalizie,<span class=\"apple-converted-space\">\u00a0<\/span>parlare di questi problemi, ma<span class=\"apple-converted-space\">\u00a0<\/span>meglio non rinviare e non farsi scrupoli di coscienza di fronte a certi comportamenti, anche perch\u00e9<span class=\"apple-converted-space\">\u00a0<\/span>ci\u00f2 che importa per il nostro sistema<span class=\"apple-converted-space\">\u00a0<\/span>di vita<span class=\"apple-converted-space\">\u00a0<\/span>non sono certo la bont\u00e0 e l\u2019educazione ma<span class=\"apple-converted-space\">\u00a0<\/span>\u00e8<span class=\"apple-converted-space\">\u00a0<\/span>lo<span class=\"apple-converted-space\">\u00a0<\/span>spendere e<span class=\"apple-converted-space\">\u00a0<\/span>il<span class=\"apple-converted-space\">\u00a0<\/span>consumare, prendere ci\u00f2 che serve e buttare quello che non serve pi\u00f9 e,<span class=\"apple-converted-space\">\u00a0<\/span>un<span class=\"apple-converted-space\">\u00a0<\/span>ottimo esempio di questo modo di vivere, oltre al consumo sfrenato di cibo,<span class=\"apple-converted-space\">\u00a0<\/span>lo possiamo vedere nei nostri boschi, li dove passa l\u2019uomo, ormai dappertutto, soprattutto lungo ogni tipo di strada perch\u00e9 la maggioranza delle persone che vanno in montagna vogliono andarci<span class=\"apple-converted-space\">\u00a0<\/span>spinti dal motore fino all\u2019ultimo metro di strada e anche di pi\u00f9,<span class=\"apple-converted-space\">\u00a0<\/span>approfittando di liberarsi volentieri di<span class=\"apple-converted-space\">\u00a0<\/span>qualche rifiuto. In particolare, nei posti dove si fa legna, dove lavorano le imprese, le ditte boschive e qualsiasi altra occasione<span class=\"apple-converted-space\">\u00a0<\/span>di presenza umana, l\u2019abbandono di plastica nell\u2019ambiente \u00e8 una costante. Inoltre, le scarpate verso i torrenti vengono utilizzate come discariche, da sempre, e se vedi materiale biodegradabile<span class=\"apple-converted-space\">\u00a0<\/span>almeno ti consoli ma se vai a<span class=\"apple-converted-space\">\u00a0<\/span>rovistare\u2026immancabilmente<span class=\"apple-converted-space\">\u00a0<\/span>c\u2019\u00e8 anche la plastica o altri elementi inquinanti. In autunno poi, con l\u2019apertura della caccia, contribuiscono anche i cacciatori, o meglio, alcuni di essi, perch\u00e9 per qualcuno la libert\u00e0 \u00e8 sempre partecipazione, nel bene e nel male, ed ecco apparire lungo le scarpate, ogni anno, i sacconi di plastica con dentro i resti di macelleria che andranno poi a diffondere un bel profumo nei periodi caldi. Zone regolarmente utilizzate ad esempio sono Don e Le<span class=\"apple-converted-space\">\u00a0<\/span>Pecole, sopra<span class=\"apple-converted-space\">\u00a0<\/span>Agordo, e comunque a sentire qualcuno anche in altri posti. Uno schifo<span class=\"apple-converted-space\">\u00a0<\/span>e una vergogna.<span class=\"apple-converted-space\">\u00a0<\/span>Prendere ci\u00f2 che serve, buttare quello che non serve, senza il minimo rispetto verso l\u2019ambiente e l\u2019animale che hai catturato i quali<span class=\"apple-converted-space\">\u00a0<\/span>ti servono, per sfogare gli istinti predatori e che le leggi ti permettono<span class=\"apple-converted-space\">\u00a0<\/span>di fare, ma non te ne frega niente<span class=\"apple-converted-space\">\u00a0<\/span>n\u00e9 di capire n\u00e9 di imparare. Considerato che le istituzioni ci sono sempre meno quando serve, non ci resta che avere la speranza, probabilmente inutile ma non ci resta altro, che qualche buon\u2019anima che conosce il problema tra i cacciatori o chicchessia, metta da<span class=\"apple-converted-space\">\u00a0<\/span>parte<span class=\"apple-converted-space\">\u00a0<\/span>per una volta l\u2019omert\u00e0 e l\u2019egoismo e si faccia promotore verso questi<span class=\"apple-converted-space\">\u00a0<\/span>fenomeni<span class=\"apple-converted-space\">\u00a0<\/span>nostrani,<span class=\"apple-converted-space\">\u00a0<\/span>almeno provando ad invitarli<span class=\"apple-converted-space\">\u00a0<\/span>a starsene a casa \u00a0rinunciando finalmente<span class=\"apple-converted-space\">\u00a0<\/span>a scarrozzare per i boschi e per il mondo diffondendo la propria ignoranza.<\/em><\/p>\n<p><em>LETTERA FIRMATA<\/em><\/p><\/blockquote>\n<p>&nbsp;<\/p>\n\n\t\t\t<style type='text\/css'>\n\t\t\t\t#gallery-1 {\n\t\t\t\t\tmargin: auto;\n\t\t\t\t}\n\t\t\t\t#gallery-1 .gallery-item {\n\t\t\t\t\tfloat: left;\n\t\t\t\t\tmargin-top: 10px;\n\t\t\t\t\ttext-align: center;\n\t\t\t\t\twidth: 33%;\n\t\t\t\t}\n\t\t\t\t#gallery-1 img {\n\t\t\t\t\tborder: 2px solid #cfcfcf;\n\t\t\t\t}\n\t\t\t\t#gallery-1 .gallery-caption {\n\t\t\t\t\tmargin-left: 0;\n\t\t\t\t}\n\t\t\t\t\/* see gallery_shortcode() in wp-includes\/media.php *\/\n\t\t\t<\/style>\n\t\t<div id='gallery-1' class='dt-gallery-container gallery galleryid-313774 gallery-columns-3 gallery-size-thumbnail'><dl class='gallery-item'>\n\t\t\t\t<dt class='gallery-icon portrait'>\n\t\t\t\t\t<a class=\"rollover rollover-zoom dt-pswp-item\" title=\"7BA7F5DB-C581-40CB-A31B-1D067AE37412\" data-dt-img-description=\"\" data-large_image_width=\"1920\" data-large_image_height=\"2560\"href='https:\/\/www.radiopiu.net\/wordpress\/wp-content\/uploads\/2022\/12\/7BA7F5DB-C581-40CB-A31B-1D067AE37412-scaled.jpeg'><img loading=\"lazy\" decoding=\"async\" width=\"150\" height=\"150\" src=\"https:\/\/www.radiopiu.net\/wordpress\/wp-content\/uploads\/2022\/12\/7BA7F5DB-C581-40CB-A31B-1D067AE37412-150x150.jpeg\" class=\"attachment-thumbnail size-thumbnail\" alt=\"\" \/><\/a>\n\t\t\t\t<\/dt><\/dl><dl class='gallery-item'>\n\t\t\t\t<dt class='gallery-icon portrait'>\n\t\t\t\t\t<a class=\"rollover rollover-zoom dt-pswp-item\" title=\"6E6C697A-B93A-4850-B621-74E461FE374F\" data-dt-img-description=\"\" data-large_image_width=\"1920\" data-large_image_height=\"2560\"href='https:\/\/www.radiopiu.net\/wordpress\/wp-content\/uploads\/2022\/12\/6E6C697A-B93A-4850-B621-74E461FE374F-scaled.jpeg'><img loading=\"lazy\" decoding=\"async\" width=\"150\" height=\"150\" src=\"https:\/\/www.radiopiu.net\/wordpress\/wp-content\/uploads\/2022\/12\/6E6C697A-B93A-4850-B621-74E461FE374F-150x150.jpeg\" class=\"attachment-thumbnail size-thumbnail\" alt=\"\" \/><\/a>\n\t\t\t\t<\/dt><\/dl><dl class='gallery-item'>\n\t\t\t\t<dt class='gallery-icon portrait'>\n\t\t\t\t\t<a class=\"rollover rollover-zoom dt-pswp-item\" title=\"903F9F0E-60B5-4EF6-BFD2-4CBE3B5F166B\" data-dt-img-description=\"\" data-large_image_width=\"1920\" data-large_image_height=\"2560\"href='https:\/\/www.radiopiu.net\/wordpress\/wp-content\/uploads\/2022\/12\/903F9F0E-60B5-4EF6-BFD2-4CBE3B5F166B-scaled.jpeg'><img loading=\"lazy\" decoding=\"async\" width=\"150\" height=\"150\" src=\"https:\/\/www.radiopiu.net\/wordpress\/wp-content\/uploads\/2022\/12\/903F9F0E-60B5-4EF6-BFD2-4CBE3B5F166B-150x150.jpeg\" class=\"attachment-thumbnail size-thumbnail\" alt=\"\" \/><\/a>\n\t\t\t\t<\/dt><\/dl><br style=\"clear: both\" \/>\n\t\t\t<\/div>\n\n<p>&nbsp;<\/p>\n<p>&nbsp;<\/p>\n<p>*****<\/p>\n<p>&nbsp;<\/p>\n<\/div>\n","protected":false},"excerpt":{"rendered":"<p>REDAZIONE Riceviamo e pubblichiamo una lettera di un nostro ascoltatore Forse non sarebbe il periodo pi\u00f9\u00a0appropriato, quello delle festivit\u00e0 natalizie,\u00a0parlare di questi problemi, ma\u00a0meglio non rinviare e non farsi scrupoli di coscienza di fronte a certi comportamenti, anche perch\u00e9\u00a0ci\u00f2 che importa per il nostro sistema\u00a0di vita\u00a0non sono certo la bont\u00e0 e l\u2019educazione ma\u00a0\u00e8\u00a0lo\u00a0spendere e\u00a0il\u00a0consumare, prendere&hellip;<\/p>\n","protected":false},"author":4,"featured_media":313778,"comment_status":"closed","ping_status":"closed","sticky":false,"template":"","format":"standard","meta":{"_monsterinsights_skip_tracking":false,"_monsterinsights_sitenote_active":false,"_monsterinsights_sitenote_note":"","_monsterinsights_sitenote_category":0,"footnotes":""},"categories":[51,49],"tags":[],"class_list":["post-313774","post","type-post","status-publish","format-standard","has-post-thumbnail","hentry","category-evidenza-top","category-news-18","category-51","category-49","description-off"],"img_url":"https:\/\/www.radiopiu.net\/wordpress\/wp-content\/uploads\/2022\/12\/Schermata-2022-12-28-alle-12.15.57.png","_links":{"self":[{"href":"https:\/\/www.radiopiu.net\/wordpress\/wp-json\/wp\/v2\/posts\/313774","targetHints":{"allow":["GET"]}}],"collection":[{"href":"https:\/\/www.radiopiu.net\/wordpress\/wp-json\/wp\/v2\/posts"}],"about":[{"href":"https:\/\/www.radiopiu.net\/wordpress\/wp-json\/wp\/v2\/types\/post"}],"author":[{"embeddable":true,"href":"https:\/\/www.radiopiu.net\/wordpress\/wp-json\/wp\/v2\/users\/4"}],"replies":[{"embeddable":true,"href":"https:\/\/www.radiopiu.net\/wordpress\/wp-json\/wp\/v2\/comments?post=313774"}],"version-history":[{"count":0,"href":"https:\/\/www.radiopiu.net\/wordpress\/wp-json\/wp\/v2\/posts\/313774\/revisions"}],"wp:featuredmedia":[{"embeddable":true,"href":"https:\/\/www.radiopiu.net\/wordpress\/wp-json\/wp\/v2\/media\/313778"}],"wp:attachment":[{"href":"https:\/\/www.radiopiu.net\/wordpress\/wp-json\/wp\/v2\/media?parent=313774"}],"wp:term":[{"taxonomy":"category","embeddable":true,"href":"https:\/\/www.radiopiu.net\/wordpress\/wp-json\/wp\/v2\/categories?post=313774"},{"taxonomy":"post_tag","embeddable":true,"href":"https:\/\/www.radiopiu.net\/wordpress\/wp-json\/wp\/v2\/tags?post=313774"}],"curies":[{"name":"wp","href":"https:\/\/api.w.org\/{rel}","templated":true}]}}