{"id":313810,"date":"2022-12-28T23:59:33","date_gmt":"2022-12-28T22:59:33","guid":{"rendered":"https:\/\/www.radiopiu.net\/wordpress\/?p=313810"},"modified":"2022-12-28T15:51:03","modified_gmt":"2022-12-28T14:51:03","slug":"nessuno-puo-salvarsi-da-solo-e-la-ricchezza-della-differenza","status":"publish","type":"post","link":"https:\/\/www.radiopiu.net\/wordpress\/nessuno-puo-salvarsi-da-solo-e-la-ricchezza-della-differenza\/","title":{"rendered":"\u201cNESSUNO PUO\u2019 SALVARSI DA SOLO\u201d  E \u201cLA RICCHEZZA DELLA DIFFERENZA\u201d"},"content":{"rendered":"<p><strong>di Renato Bona<\/strong><\/p>\n<p>\u201cNessuno pu\u00f2 salvarsi da solo\u201d e \u201cLa ricchezza della differenza\u201d sono due temi che hanno fra i protagonisti la Caritas di Belluno con il suo responsabile, il diacono Francesco D\u2019Alfonso, che ha messo nero su bianco due contributi sul sito diocesano \u201cchiesabellunofeltre\u201d. Il primo ricorda che domenica 1 gennaio 2023 si celebra la cinquantaseiesima \u201cGiornata mondiale della pace\u201d, con l\u2019invito &#8211; che \u00e8 poi il tema scelto da Papa Francesco &#8211; a \u201cripartire dal Covid 19 per tracciare insieme sentieri di pace\u201d: un invito alla speranza proprio nei momenti oscuri della sofferenza, un invito a rimanere svegli cercando il bene, la giustizia e la verit\u00e0, fiduciosi nella vicinanza d Dio, che si \u00e8 reso presente in mezzo a noi\u201d. Cita ancora il Pontefice il quale ricorda \u201cil dramma della pandemia, durante la quale le attese di molti sono state sconvolte, ma mentre si viveva una realt\u00e0 incerta e per molti gravida di conseguenze in termini sanitari ed economici, si \u00e8 sperimentata l\u2019abnegazione e la dedizione di tanti, dal mondo della sanit\u00e0 a quello della scuola a quello della politica\u2026\u201d e aggiunge: \u201cLa vicenda Covid ha lasciato conseguenze pesanti sul tessuto di relazioni all\u2019interno delle nostre comunit\u00e0, ma ha messo in evidenza una verit\u00e0 importante, che cio\u00e8 nei momenti di crisi diventa essenziale fare tesoro della solidariet\u00e0, della capacit\u00e0 di farsi carico gli uni degli altri con compassione, espressione della fraternit\u00e0 fondata sulla comune figliolanza divina. Si \u00e8 imparato a lottare insieme e si \u00e8 capito che nessuno si salva da solo\u2026\u201d. Ancora Papa Francesco: \u201c\u2026 La speranza che l\u2019umanit\u00e0 uscita dal Covid trovasse pi\u00f9 intesa e unit\u00e0 \u00e8 stata ben presto contraddetta dalla guerra scoppiata in Europa e per la quale il vaccino non \u00e8 stato ancora trovato!\u201d. Con queste premesse, e considerato che sempre il Pontefice osserva che \u201cle crisi di vario segno presenti nel mondo sono tutte interconnesse e quindi diventa essenziale unire gli sforzi per uscirne\u201d, D\u2019Alfonso annuncia il \u201cCammino della pace\u201d che si svolger\u00e0 a Belluno domenica 1 gennaio inizio alle 17, con partenza dal Teatro comunale e fino al sagrato del Duomo ad iniziativa oltre che della Caritas diocesana, di: Libera, Insieme si pu\u00f2 e Scuole in rete: tre tappe nelle quali saranno presentate brevi testimonianze intonate al tema della giornata. Al termine, possibilit\u00e0 di accedere alla cattedrale per la messa vespertina nel giorno dedicato alla solennit\u00e0 della Santa Madre di Dio \u201ca cui saranno affidate le intenzioni e le suppliche per la pace in Ucraina e in tutto il mondo\u201d. Dicevamo degli impegni Caritas: nella sede dell\u2019istituto salesiano Agosti si \u00e8 svolto (dopo quello di maggio) sul tema \u201cL\u2019altro mi interessa\u201d, l\u2019incontro di formazione per operatori e volontari, cui ha fatto seguito un concerto del coro \u201cVoci per la pace\u201d. Dopo l\u2019introduzione dello stesso diacono Francesco direttore della Caritas diocesana, la preghiera \u00e8 stata guidata dal vescovo di Belluno-Feltre monsignor Renato Marangoni e quindi don Davide Schiavon, direttore della Caritas di Treviso ha animato l\u2019incontro con alcune suggestioni frutto di una lunga esperienza nel mondo Caritas, sottolineando come \u201cpassare dall\u2019io al noi \u00e8 un processo, \u00e8 sentirsi sempre in cammino con l\u2019Altro, che \u00e8 Dio e che dona pienezza ad ogni relazione\u201d. La sera, nella parrocchiale di Don Bosco gremita di persone, presentato da Spiridione Della Lucia il concerto corale di \u201cVoci per la pace\u201d presente il vescovo Marangoni; si sono esibiti il Coro delle famiglie di Cavarzano, diretto da Monica Bez; il coro dei Cherubini, diretto da Emmanuel Avebe; il coro Don Bosco, diretto da Beatrice Riccardi; il coro di Bolzano Bellunese, diretto da Daniele Casagrande; \u00e8 stata in collegamento Internet da Leopoli per tutta la durata del concerto una famiglia ucraina che era stata a Belluno fino all\u2019estate scorsa. Da segnalare infine due testimonianze che hanno proposto il dramma della guerra in Ucraina con le dolorose conseguenze che gravano sulla popolazione civile, ma anche l\u2019oppressione di un sistema di potere ingiusto e sordo alle attese della popolazione come quello della Guinea.<\/p>\n\n\t\t\t<style type='text\/css'>\n\t\t\t\t#gallery-1 {\n\t\t\t\t\tmargin: auto;\n\t\t\t\t}\n\t\t\t\t#gallery-1 .gallery-item {\n\t\t\t\t\tfloat: left;\n\t\t\t\t\tmargin-top: 10px;\n\t\t\t\t\ttext-align: center;\n\t\t\t\t\twidth: 25%;\n\t\t\t\t}\n\t\t\t\t#gallery-1 img {\n\t\t\t\t\tborder: 2px solid #cfcfcf;\n\t\t\t\t}\n\t\t\t\t#gallery-1 .gallery-caption {\n\t\t\t\t\tmargin-left: 0;\n\t\t\t\t}\n\t\t\t\t\/* see gallery_shortcode() in wp-includes\/media.php *\/\n\t\t\t<\/style>\n\t\t<div id='gallery-1' class='dt-gallery-container gallery galleryid-313810 gallery-columns-4 gallery-size-thumbnail'><dl class='gallery-item'>\n\t\t\t\t<dt class='gallery-icon landscape'>\n\t\t\t\t\t<a class=\"rollover rollover-zoom dt-pswp-item\" title=\"318625244_920003999163002_3891108834314751611_n\" data-dt-img-description=\"\" data-large_image_width=\"537\" data-large_image_height=\"403\"href='https:\/\/www.radiopiu.net\/wordpress\/wp-content\/uploads\/2022\/12\/318625244_920003999163002_3891108834314751611_n.jpg'><img loading=\"lazy\" decoding=\"async\" width=\"150\" height=\"150\" src=\"https:\/\/www.radiopiu.net\/wordpress\/wp-content\/uploads\/2022\/12\/318625244_920003999163002_3891108834314751611_n-150x150.jpg\" class=\"attachment-thumbnail size-thumbnail\" alt=\"\" \/><\/a>\n\t\t\t\t<\/dt><\/dl><dl class='gallery-item'>\n\t\t\t\t<dt class='gallery-icon landscape'>\n\t\t\t\t\t<a class=\"rollover rollover-zoom dt-pswp-item\" title=\"319342228_550103133692191_5604755591014559756_n\" data-dt-img-description=\"\" data-large_image_width=\"585\" data-large_image_height=\"403\"href='https:\/\/www.radiopiu.net\/wordpress\/wp-content\/uploads\/2022\/12\/319342228_550103133692191_5604755591014559756_n.jpg'><img loading=\"lazy\" decoding=\"async\" width=\"150\" height=\"150\" src=\"https:\/\/www.radiopiu.net\/wordpress\/wp-content\/uploads\/2022\/12\/319342228_550103133692191_5604755591014559756_n-150x150.jpg\" class=\"attachment-thumbnail size-thumbnail\" alt=\"\" \/><\/a>\n\t\t\t\t<\/dt><\/dl><dl class='gallery-item'>\n\t\t\t\t<dt class='gallery-icon portrait'>\n\t\t\t\t\t<a class=\"rollover rollover-zoom dt-pswp-item\" title=\"318425854_741127287709891_8663195859656073260_n\" data-dt-img-description=\"\" data-large_image_width=\"262\" data-large_image_height=\"353\"href='https:\/\/www.radiopiu.net\/wordpress\/wp-content\/uploads\/2022\/12\/318425854_741127287709891_8663195859656073260_n.jpg'><img loading=\"lazy\" decoding=\"async\" width=\"150\" height=\"150\" src=\"https:\/\/www.radiopiu.net\/wordpress\/wp-content\/uploads\/2022\/12\/318425854_741127287709891_8663195859656073260_n-150x150.jpg\" class=\"attachment-thumbnail size-thumbnail\" alt=\"\" \/><\/a>\n\t\t\t\t<\/dt><\/dl><dl class='gallery-item'>\n\t\t\t\t<dt class='gallery-icon portrait'>\n\t\t\t\t\t<a class=\"rollover rollover-zoom dt-pswp-item\" title=\"309926462_1217400905532163_5139714070289721449_n\" data-dt-img-description=\"\" data-large_image_width=\"320\" data-large_image_height=\"480\"href='https:\/\/www.radiopiu.net\/wordpress\/wp-content\/uploads\/2022\/12\/309926462_1217400905532163_5139714070289721449_n.jpg'><img loading=\"lazy\" decoding=\"async\" width=\"150\" height=\"150\" src=\"https:\/\/www.radiopiu.net\/wordpress\/wp-content\/uploads\/2022\/12\/309926462_1217400905532163_5139714070289721449_n-150x150.jpg\" class=\"attachment-thumbnail size-thumbnail\" alt=\"\" \/><\/a>\n\t\t\t\t<\/dt><\/dl><br style=\"clear: both\" \/><dl class='gallery-item'>\n\t\t\t\t<dt class='gallery-icon landscape'>\n\t\t\t\t\t<a class=\"rollover rollover-zoom dt-pswp-item\" title=\"322411646_839547667339163_448136410775415755_n\" data-dt-img-description=\"\" data-large_image_width=\"255\" data-large_image_height=\"198\"href='https:\/\/www.radiopiu.net\/wordpress\/wp-content\/uploads\/2022\/12\/322411646_839547667339163_448136410775415755_n.jpg'><img loading=\"lazy\" decoding=\"async\" width=\"150\" height=\"150\" src=\"https:\/\/www.radiopiu.net\/wordpress\/wp-content\/uploads\/2022\/12\/322411646_839547667339163_448136410775415755_n-150x150.jpg\" class=\"attachment-thumbnail size-thumbnail\" alt=\"\" \/><\/a>\n\t\t\t\t<\/dt><\/dl><dl class='gallery-item'>\n\t\t\t\t<dt class='gallery-icon landscape'>\n\t\t\t\t\t<a class=\"rollover rollover-zoom dt-pswp-item\" title=\"321618770_1214149182844654_4077738179123466616_n\" data-dt-img-description=\"\" data-large_image_width=\"587\" data-large_image_height=\"403\"href='https:\/\/www.radiopiu.net\/wordpress\/wp-content\/uploads\/2022\/12\/321618770_1214149182844654_4077738179123466616_n.jpg'><img loading=\"lazy\" decoding=\"async\" width=\"150\" height=\"150\" src=\"https:\/\/www.radiopiu.net\/wordpress\/wp-content\/uploads\/2022\/12\/321618770_1214149182844654_4077738179123466616_n-150x150.jpg\" class=\"attachment-thumbnail size-thumbnail\" alt=\"\" \/><\/a>\n\t\t\t\t<\/dt><\/dl><dl class='gallery-item'>\n\t\t\t\t<dt class='gallery-icon portrait'>\n\t\t\t\t\t<a class=\"rollover rollover-zoom dt-pswp-item\" title=\"321296312_459678542846243_1767100413012778105_n\" data-dt-img-description=\"\" data-large_image_width=\"302\" data-large_image_height=\"403\"href='https:\/\/www.radiopiu.net\/wordpress\/wp-content\/uploads\/2022\/12\/321296312_459678542846243_1767100413012778105_n.jpg'><img loading=\"lazy\" decoding=\"async\" width=\"150\" height=\"150\" src=\"https:\/\/www.radiopiu.net\/wordpress\/wp-content\/uploads\/2022\/12\/321296312_459678542846243_1767100413012778105_n-150x150.jpg\" class=\"attachment-thumbnail size-thumbnail\" alt=\"\" \/><\/a>\n\t\t\t\t<\/dt><\/dl><dl class='gallery-item'>\n\t\t\t\t<dt class='gallery-icon portrait'>\n\t\t\t\t\t<a class=\"rollover rollover-zoom dt-pswp-item\" title=\"321783949_536564101739529_5164163000570337765_n\" data-dt-img-description=\"\" data-large_image_width=\"302\" data-large_image_height=\"403\"href='https:\/\/www.radiopiu.net\/wordpress\/wp-content\/uploads\/2022\/12\/321783949_536564101739529_5164163000570337765_n.jpg'><img loading=\"lazy\" decoding=\"async\" width=\"150\" height=\"150\" src=\"https:\/\/www.radiopiu.net\/wordpress\/wp-content\/uploads\/2022\/12\/321783949_536564101739529_5164163000570337765_n-150x150.jpg\" class=\"attachment-thumbnail size-thumbnail\" alt=\"\" \/><\/a>\n\t\t\t\t<\/dt><\/dl><br style=\"clear: both\" \/>\n\t\t\t<\/div>\n\n<p>&nbsp;<\/p>\n<p>NELLE FOTO (sito chiesabellunofeltre; Amico del Popolo, GettyImages): la guerra in Ucraina al centro della \u201cGiornata mondiale della pace\u201d; Papa Francesco; il vescovo di Belluno-Feltre, Renato Marangoni; il diacono Francesco D\u2019Alfonso, responsabile della Caritas bellunese; la locandina che annunciava l\u2019incontro di formazione; momenti dei lavori; il concerto di \u201cVoci per la pace\u201d.<\/p>\n<p>&nbsp;<\/p>\n<p>&nbsp;<\/p>\n<p>*******<\/p>\n","protected":false},"excerpt":{"rendered":"<p>di Renato Bona \u201cNessuno pu\u00f2 salvarsi da solo\u201d e \u201cLa ricchezza della differenza\u201d sono due temi che hanno fra i protagonisti la Caritas di Belluno con il suo responsabile, il diacono Francesco D\u2019Alfonso, che ha messo nero su bianco due contributi sul sito diocesano \u201cchiesabellunofeltre\u201d. Il primo ricorda che domenica 1 gennaio 2023 si celebra&hellip;<\/p>\n","protected":false},"author":4,"featured_media":313812,"comment_status":"closed","ping_status":"closed","sticky":false,"template":"","format":"standard","meta":{"_monsterinsights_skip_tracking":false,"_monsterinsights_sitenote_active":false,"_monsterinsights_sitenote_note":"","_monsterinsights_sitenote_category":0,"footnotes":""},"categories":[49],"tags":[],"class_list":["post-313810","post","type-post","status-publish","format-standard","has-post-thumbnail","hentry","category-news-18","category-49","description-off"],"img_url":"https:\/\/www.radiopiu.net\/wordpress\/wp-content\/uploads\/2022\/12\/319342228_550103133692191_5604755591014559756_n.jpg","_links":{"self":[{"href":"https:\/\/www.radiopiu.net\/wordpress\/wp-json\/wp\/v2\/posts\/313810","targetHints":{"allow":["GET"]}}],"collection":[{"href":"https:\/\/www.radiopiu.net\/wordpress\/wp-json\/wp\/v2\/posts"}],"about":[{"href":"https:\/\/www.radiopiu.net\/wordpress\/wp-json\/wp\/v2\/types\/post"}],"author":[{"embeddable":true,"href":"https:\/\/www.radiopiu.net\/wordpress\/wp-json\/wp\/v2\/users\/4"}],"replies":[{"embeddable":true,"href":"https:\/\/www.radiopiu.net\/wordpress\/wp-json\/wp\/v2\/comments?post=313810"}],"version-history":[{"count":0,"href":"https:\/\/www.radiopiu.net\/wordpress\/wp-json\/wp\/v2\/posts\/313810\/revisions"}],"wp:featuredmedia":[{"embeddable":true,"href":"https:\/\/www.radiopiu.net\/wordpress\/wp-json\/wp\/v2\/media\/313812"}],"wp:attachment":[{"href":"https:\/\/www.radiopiu.net\/wordpress\/wp-json\/wp\/v2\/media?parent=313810"}],"wp:term":[{"taxonomy":"category","embeddable":true,"href":"https:\/\/www.radiopiu.net\/wordpress\/wp-json\/wp\/v2\/categories?post=313810"},{"taxonomy":"post_tag","embeddable":true,"href":"https:\/\/www.radiopiu.net\/wordpress\/wp-json\/wp\/v2\/tags?post=313810"}],"curies":[{"name":"wp","href":"https:\/\/api.w.org\/{rel}","templated":true}]}}