{"id":313841,"date":"2022-12-29T04:59:02","date_gmt":"2022-12-29T03:59:02","guid":{"rendered":"https:\/\/www.radiopiu.net\/wordpress\/?p=313841"},"modified":"2022-12-29T05:36:22","modified_gmt":"2022-12-29T04:36:22","slug":"lassociazione-le-muse-e-le-dolomiti-e-il-successo-di-unofferta-formativa-artistica-inedita","status":"publish","type":"post","link":"https:\/\/www.radiopiu.net\/wordpress\/lassociazione-le-muse-e-le-dolomiti-e-il-successo-di-unofferta-formativa-artistica-inedita\/","title":{"rendered":"L\u2019ASSOCIAZIONE \u201cLE MUSE E LE DOLOMITI\u201d E IL SUCCESSO DI UN\u2019OFFERTA FORMATIVA ARTISTICA INEDITA"},"content":{"rendered":"<p><a class=\"dt-pswp-item\" href=\"https:\/\/www.radiopiu.net\/wordpress\/wp-content\/uploads\/2022\/12\/MuseDolomiti_ComStampa281222-2.jpg\" data-dt-img-description=\"\" data-large_image_width=\"1280\" data-large_image_height=\"855\"><img loading=\"lazy\" decoding=\"async\" class=\" wp-image-313842 alignleft\" src=\"https:\/\/www.radiopiu.net\/wordpress\/wp-content\/uploads\/2022\/12\/MuseDolomiti_ComStampa281222-2-300x200.jpg\" alt=\"\" width=\"224\" height=\"149\" srcset=\"https:\/\/www.radiopiu.net\/wordpress\/wp-content\/uploads\/2022\/12\/MuseDolomiti_ComStampa281222-2-300x200.jpg 300w, https:\/\/www.radiopiu.net\/wordpress\/wp-content\/uploads\/2022\/12\/MuseDolomiti_ComStampa281222-2-1024x684.jpg 1024w, https:\/\/www.radiopiu.net\/wordpress\/wp-content\/uploads\/2022\/12\/MuseDolomiti_ComStampa281222-2-768x513.jpg 768w, https:\/\/www.radiopiu.net\/wordpress\/wp-content\/uploads\/2022\/12\/MuseDolomiti_ComStampa281222-2.jpg 1280w\" sizes=\"auto, (max-width: 224px) 100vw, 224px\" \/><\/a>A conclusione del 2022, decimo anno di attivit\u00e0 per l\u2019Associazione, e per iniziare bene il 2023, \u201c<em>Le Muse e le Dolomiti<\/em>\u201d intendono raccontare il successo della \u201cScuola Interregionale di Canto e Teatro per Voci Bianche e Giovanili\u201d. Lo fanno organizzando per il 5 Gennaio presso il Teatro Navalge di Moena uno &#8220;Spettacolo Lirico Natalizio&#8221;: sar\u00e0 una serata per tutta la famiglia, adatta a un pubblico di ogni et\u00e0. Dal 9 Gennaio inoltre riprenderanno le lezioni della Scuola: sar\u00e0 possibile iscriversi durante tutto il mese di Gennaio. Dall\u2019autunno del 2021 in Agordino e dalla primavera del 2022 in Val di Fiemme e Fassa, ragazze e ragazzi dai 6 anni in poi possono imparare a cantare e a muoversi sul palco con i corsi collettivi a cura de\u00a0 \u201c<em>Le Muse e le Dolomiti<\/em>\u201d. Un&#8217;offerta formativa artistica inedita per il territorio che fin dal primo momento ha avuto positivo riscontro. Gli\/le studenti partecipano a una lezione collettiva a settimana presso la &#8220;loro&#8221; sede &#8211; Cavalese, Moena, Agordo oppure Vallada Agordina &#8211; poi, in occasione di giornate di studio, weekend &#8220;ritiro&#8221;, concerti e spettacoli, si riuniscono. Risultato: studenti di Agordo che non sono mai stati a Cavalese prima di iscriversi al corso, e viceversa: conoscenza e interazioni con coetanei e coetanee, un po\u2019 come vicini di casa. Nuove amicizie sono nate tra ragazzi e ragazze di regioni diverse. Hanno potuto provare il senso di appartenere a qualcosa di pi\u00f9 grande della somma degli individui. Non sentirsi pi\u00f9 un&#8217;eccezione se non ami solo lo sport, ma anche qualcosa di diverso. La sicurezza che ascoltandoci bene e collaborando, nonostante le differenze, si possa fare forza assieme. In breve: un valore sociale enorme per un territorio che soffre di spopolamento, un territorio dove la giovent\u00f9 ha bisogno di attivit\u00e0 culturali collettive che aprano le finestre al mondo. Il motore di questo progetto di scuola di canto e teatro ovviamente \u00e8 l&#8217;arte. La Maestra del corso, il mezzosoprano olandese Oda Zoe Hochscheid, ha accumulato la sua esperienza\u00a0 in questo settore come docente e direttrice artistica del coro di voci bianche e giovanili di Amsterdam. Lo spettacolo del 5 Gennaio vede gli\/le studenti della Scuola (et\u00e0 dai 6 anni in poi) sul palco del Teatro Navalge di Moena a fianco di musicisti e cantanti professionisti, tutti di livello internazionale e a loro volta provenienti da quattro regioni italiane (Veneto, Trentino-Alto Adige, Lombardia e Emilia Romagna). <a class=\"dt-pswp-item\" href=\"https:\/\/www.radiopiu.net\/wordpress\/wp-content\/uploads\/2022\/12\/MuseDolomiti_ComStampa281222.jpg\" data-dt-img-description=\"\" data-large_image_width=\"1280\" data-large_image_height=\"855\"><img loading=\"lazy\" decoding=\"async\" class=\" wp-image-313843 alignright\" src=\"https:\/\/www.radiopiu.net\/wordpress\/wp-content\/uploads\/2022\/12\/MuseDolomiti_ComStampa281222-300x200.jpg\" alt=\"\" width=\"263\" height=\"175\" srcset=\"https:\/\/www.radiopiu.net\/wordpress\/wp-content\/uploads\/2022\/12\/MuseDolomiti_ComStampa281222-300x200.jpg 300w, https:\/\/www.radiopiu.net\/wordpress\/wp-content\/uploads\/2022\/12\/MuseDolomiti_ComStampa281222-1024x684.jpg 1024w, https:\/\/www.radiopiu.net\/wordpress\/wp-content\/uploads\/2022\/12\/MuseDolomiti_ComStampa281222-768x513.jpg 768w, https:\/\/www.radiopiu.net\/wordpress\/wp-content\/uploads\/2022\/12\/MuseDolomiti_ComStampa281222.jpg 1280w\" sizes=\"auto, (max-width: 263px) 100vw, 263px\" \/><\/a>Quella sera il primo violino dell\u2019ensemble orchestrale sar\u00e0 Myriam Dal Don, violinista di chiara fama originaria di Gosaldo, e diriger\u00e0 Fabio Turra, direttore trentino che guida una variet\u00e0 di realt\u00e0 musicali, tra le quali la Banda di Cavalese. Il pubblico potr\u00e0 aspettarsi un&#8221;collage&#8221; di brani famosi della grande tradizione lirica. Lo spettacolo, della durata di un&#8217;ora circa, \u00e8 impostato per un pubblico di tutte le et\u00e0 (et\u00e0 consigliata dai 4 anni in poi). Per il pubblico proveniente dall\u2019Agordino \u00e8 previsto un bus navetta a costo contenuto, grazie alla collaborazione con il Comune di Falcade, dove l\u2019Associazione\u00a0 \u201c<em>Le Muse e le Dolomiti<\/em>\u201d ha sede legale. Durante tutto il mese di Gennaio 2023 saranno aperte le iscrizioni alla Scuola interregionale di Canto e Teatro per bambine e bambini della fascia d&#8217;et\u00e0 6-9 anni, in tutte e quattro le sedi.<\/p>\n<p>&nbsp;<\/p>\n<p>&nbsp;<\/p>\n<p>*****<\/p>\n","protected":false},"excerpt":{"rendered":"<p>A conclusione del 2022, decimo anno di attivit\u00e0 per l\u2019Associazione, e per iniziare bene il 2023, \u201cLe Muse e le Dolomiti\u201d intendono raccontare il successo della \u201cScuola Interregionale di Canto e Teatro per Voci Bianche e Giovanili\u201d. Lo fanno organizzando per il 5 Gennaio presso il Teatro Navalge di Moena uno &#8220;Spettacolo Lirico Natalizio&#8221;: sar\u00e0&hellip;<\/p>\n","protected":false},"author":4,"featured_media":288787,"comment_status":"closed","ping_status":"closed","sticky":false,"template":"","format":"standard","meta":{"_monsterinsights_skip_tracking":false,"_monsterinsights_sitenote_active":false,"_monsterinsights_sitenote_note":"","_monsterinsights_sitenote_category":0,"footnotes":""},"categories":[49],"tags":[],"class_list":["post-313841","post","type-post","status-publish","format-standard","has-post-thumbnail","hentry","category-news-18","category-49","description-off"],"img_url":"https:\/\/www.radiopiu.net\/wordpress\/wp-content\/uploads\/2022\/07\/LE-MUSE.png","_links":{"self":[{"href":"https:\/\/www.radiopiu.net\/wordpress\/wp-json\/wp\/v2\/posts\/313841","targetHints":{"allow":["GET"]}}],"collection":[{"href":"https:\/\/www.radiopiu.net\/wordpress\/wp-json\/wp\/v2\/posts"}],"about":[{"href":"https:\/\/www.radiopiu.net\/wordpress\/wp-json\/wp\/v2\/types\/post"}],"author":[{"embeddable":true,"href":"https:\/\/www.radiopiu.net\/wordpress\/wp-json\/wp\/v2\/users\/4"}],"replies":[{"embeddable":true,"href":"https:\/\/www.radiopiu.net\/wordpress\/wp-json\/wp\/v2\/comments?post=313841"}],"version-history":[{"count":0,"href":"https:\/\/www.radiopiu.net\/wordpress\/wp-json\/wp\/v2\/posts\/313841\/revisions"}],"wp:featuredmedia":[{"embeddable":true,"href":"https:\/\/www.radiopiu.net\/wordpress\/wp-json\/wp\/v2\/media\/288787"}],"wp:attachment":[{"href":"https:\/\/www.radiopiu.net\/wordpress\/wp-json\/wp\/v2\/media?parent=313841"}],"wp:term":[{"taxonomy":"category","embeddable":true,"href":"https:\/\/www.radiopiu.net\/wordpress\/wp-json\/wp\/v2\/categories?post=313841"},{"taxonomy":"post_tag","embeddable":true,"href":"https:\/\/www.radiopiu.net\/wordpress\/wp-json\/wp\/v2\/tags?post=313841"}],"curies":[{"name":"wp","href":"https:\/\/api.w.org\/{rel}","templated":true}]}}