{"id":313970,"date":"2022-12-29T07:55:51","date_gmt":"2022-12-29T06:55:51","guid":{"rendered":"https:\/\/www.radiopiu.net\/wordpress\/?p=313970"},"modified":"2022-12-29T08:49:29","modified_gmt":"2022-12-29T07:49:29","slug":"la-rassegna-stampa-locale-dal-1983-di-mirko-mezzacasa-3","status":"publish","type":"post","link":"https:\/\/www.radiopiu.net\/wordpress\/la-rassegna-stampa-locale-dal-1983-di-mirko-mezzacasa-3\/","title":{"rendered":"LA RASSEGNA STAMPA LOCALE, DAL 1983  di mirko mezzacasa"},"content":{"rendered":"<p><strong>PREDAZZO<\/strong> Salvi tre ventenni di Longarone a bordo dell&#8217;aereo atterrato in emergenza in Trentino sul Lagorai a 2100 metri, per un improvviso calo di potenza del motore, la neve ha attutito l&#8217;atterraggio. Salvi grazie all&#8217;abilit\u00e0 del pilota in viaggio con fratello e fidanzata. <strong>TERREMOTO ULTIM\u2019ORA 05 DEL MATTINO<\/strong>:a Cison di Valmarino (provincia di Treviso), scossa di terremoto alle 3.12.33, 1,2 gradi della scala Richter, profondit\u00e0 14 chilometri. Ieri terremoto a Claut magnitudo 2.3 <strong>BELLUNO<\/strong> Ieri alle 9 un incidente ha causato qualche disagio al traffico in zona Baldenich. Un trattore ha tamponato un&#8217;automobile, un urto leggero vista la velocit\u00e0 del mezzo agricolo. <strong>FELTRE<\/strong> Una donna di 70anni \u00e8 stata soccorsa\u00a0 e portata all&#8217;ospedale\u00a0 dopo la\u00a0 caduta\u00a0 all&#8217;ora di pranzo nell&#8217;abitazione in centro. Un incidente domestico che ha richiesto l&#8217;intervento dei vigili del fuoco e del 118. <strong>BELLUNO<\/strong> \u201cIl 2022 si riassume in tre grandi risultati: l\u2019autonomia in ambito idroelettrico, la nuova legge regionale sulla Protezione Civile votata in consiglio regionale all\u2019unanimit\u00e0 e l\u2019aggiornamento del piano rifiuti che ci conferma regione leader a livello nazionale con il plauso dal presidente nazionale di Legambiente Stefano Ciafani\u201d. <strong>AGORDO<\/strong> Valpe Ambiente ha attivato due nuove Isole ecologiche: strutture dove turisti in affitto e cittadini non residenti proprietari di seconde case possono portare i propri rifiuti prima del rientro a casa, al termine di un soggiorno nel territorio agordino. Le nuove Isole ecologiche, attive h24, si trovano a: Selva di Cadore (loc. Santa Fosca), presso il parcheggio del Centro sportivo di via Santa Fosca; La Valle Agordina (loc. Le Campe), presso il parcheggio del Centro Minerario di Valle Imperina. <strong>SOSPIROLO\u00a0<\/strong> Servono 83 mila euro per sistemare il campanile (impianto elettrico compreso) della chiesa di San Gottardo danneggiato dal temporale dello scorso agosto, attorno alla struttura rimangono le transenne per il pericolo di caduta calcinacci. <strong>FELTRE<\/strong> Sono una quarantina le persone che hanno preso parte\u00a0 al pranzo natalizio promosso dal Comune di Feltre con l&#8217;Azienda Feltrina per i Servizi alla Persona e destinato alle persone che vivono sole. <strong>SEDICO<\/strong> E brava Luisa Monego, professoressa di educazione artistica, ieri sera campionessa al programma di Rai 1 \u201cL\u2019eredit\u00e0\u201d.\u00a0 Con questa vittoria si \u00e8 garantita il bis, di nuovo questa sera poco prima del Tg1. <strong>GOSALDO<\/strong> Giorgio Fornasier sar\u00e0 protagonista di un concerto nella Chiesa di Gosaldo mercoled\u00ec 4 gennaio con inizio alle 16. Uno spettacolo a tema catechetico e natalizio. Sar\u00e0 l&#8217;ultimo concerto di Fornasier in Agordino <strong><span style=\"color: #0000ff;\">HOCKEY SU GHIACCIO<\/span><\/strong> IL 6 GENNAIO INIZIA IL QUALIFICATION ROUND PER L&#8217;ALLEGHE HOCKEY<\/p>\n<p>&nbsp;<\/p>\n<p>&nbsp;<\/p>\n<p><iframe loading=\"lazy\" title=\"RASSEGNA STAMPA LOCALE\" width=\"1200\" height=\"675\" src=\"https:\/\/www.youtube.com\/embed\/uMcl-jQSo2s?feature=oembed\" frameborder=\"0\" allow=\"accelerometer; autoplay; clipboard-write; encrypted-media; gyroscope; picture-in-picture\" allowfullscreen><\/iframe><\/p>\n<p>&nbsp;<\/p>\n<p>&nbsp;<\/p>\n<p>_____<\/p>\n<p>&nbsp;<\/p>\n<p>&nbsp;<\/p>\n<p>&nbsp;<\/p>\n","protected":false},"excerpt":{"rendered":"<p>PREDAZZO Salvi tre ventenni di Longarone a bordo dell&#8217;aereo atterrato in emergenza in Trentino sul Lagorai a 2100 metri, per un improvviso calo di potenza del motore, la neve ha attutito l&#8217;atterraggio. Salvi grazie all&#8217;abilit\u00e0 del pilota in viaggio con fratello e fidanzata. TERREMOTO ULTIM\u2019ORA 05 DEL MATTINO:a Cison di Valmarino (provincia di Treviso), scossa&hellip;<\/p>\n","protected":false},"author":4,"featured_media":313962,"comment_status":"closed","ping_status":"closed","sticky":false,"template":"","format":"standard","meta":{"_monsterinsights_skip_tracking":false,"_monsterinsights_sitenote_active":false,"_monsterinsights_sitenote_note":"","_monsterinsights_sitenote_category":0,"footnotes":""},"categories":[51,49,142],"tags":[],"class_list":["post-313970","post","type-post","status-publish","format-standard","has-post-thumbnail","hentry","category-evidenza-top","category-news-18","category-rassegna-stampa","category-51","category-49","category-142","description-off"],"img_url":"https:\/\/www.radiopiu.net\/wordpress\/wp-content\/uploads\/2022\/12\/Senza-nome-129.jpg","_links":{"self":[{"href":"https:\/\/www.radiopiu.net\/wordpress\/wp-json\/wp\/v2\/posts\/313970","targetHints":{"allow":["GET"]}}],"collection":[{"href":"https:\/\/www.radiopiu.net\/wordpress\/wp-json\/wp\/v2\/posts"}],"about":[{"href":"https:\/\/www.radiopiu.net\/wordpress\/wp-json\/wp\/v2\/types\/post"}],"author":[{"embeddable":true,"href":"https:\/\/www.radiopiu.net\/wordpress\/wp-json\/wp\/v2\/users\/4"}],"replies":[{"embeddable":true,"href":"https:\/\/www.radiopiu.net\/wordpress\/wp-json\/wp\/v2\/comments?post=313970"}],"version-history":[{"count":0,"href":"https:\/\/www.radiopiu.net\/wordpress\/wp-json\/wp\/v2\/posts\/313970\/revisions"}],"wp:featuredmedia":[{"embeddable":true,"href":"https:\/\/www.radiopiu.net\/wordpress\/wp-json\/wp\/v2\/media\/313962"}],"wp:attachment":[{"href":"https:\/\/www.radiopiu.net\/wordpress\/wp-json\/wp\/v2\/media?parent=313970"}],"wp:term":[{"taxonomy":"category","embeddable":true,"href":"https:\/\/www.radiopiu.net\/wordpress\/wp-json\/wp\/v2\/categories?post=313970"},{"taxonomy":"post_tag","embeddable":true,"href":"https:\/\/www.radiopiu.net\/wordpress\/wp-json\/wp\/v2\/tags?post=313970"}],"curies":[{"name":"wp","href":"https:\/\/api.w.org\/{rel}","templated":true}]}}