{"id":313998,"date":"2022-12-30T05:30:13","date_gmt":"2022-12-30T04:30:13","guid":{"rendered":"https:\/\/www.radiopiu.net\/wordpress\/?p=313998"},"modified":"2022-12-30T05:45:11","modified_gmt":"2022-12-30T04:45:11","slug":"e-adesso-dove-andiamo-con-francesco-corazza-lo-psicologo","status":"publish","type":"post","link":"https:\/\/www.radiopiu.net\/wordpress\/e-adesso-dove-andiamo-con-francesco-corazza-lo-psicologo\/","title":{"rendered":"E ADESSO, DOVE ANDIAMO? con Francesco Corazza lo Psicologo"},"content":{"rendered":"<p><strong><img loading=\"lazy\" decoding=\"async\" class=\"alignleft\" src=\"https:\/\/www.radiopiu.net\/wordpress\/wp-content\/uploads\/2022\/12\/316104638_571824818276288_4633337261674350241_n.jpg\" width=\"298\" height=\"211\" \/>AGORDO<\/strong> Periodo di scelte per coloro che dovranno intraprendere il percorso con la scuola superiore. Nell\u2019ambito delle diverse iniziative di orientamento scolastico, il Follador-De Rossi ha proposto nelle scorse settimane l\u2019incontro dal titolo: \u201cE adesso, dove andiamo\u201d? Una serata davvero interessante sull\u2019orientamento e su molto altro proposta su iniziativa delle referenti per l\u2019Orientamento della scuola superiore agordina. Relatore \u00e8 stato lo psicologo Francesco Corazza, che ha coinvolto un discreto pubblico sul tema dell\u2019orientamento, partendo pi\u00f9 in generale dalle dinamiche che si accendono quando dobbiamo \u201cprendere una decisione\u201d. Il dott. Corazza ha spiegato cosa significhi decidere, come questo avvenga a livello mentale e come ognuno di noi lo faccia in maniera diversa. Sono stati presentati i diversi stili decisionali ed \u00e8 stato divertente per i presenti provare a riconoscersi in alcuni di essi. Di seguito si \u00e8 parlato di quali sono le caratteristiche del cervello degli adolescenti, i veri protagonisti dell\u2019importante scelta della scuola superiore: un cervello che \u00e8 al massimo delle sue potenzialit\u00e0 e che per\u00f2 \u00e8 coinvolto in emozioni che spesso prendono il sopravvento. All\u2019incontro \u00e8 intervenuto anche lo chef agordino Nicola Botter che ha raccontato la sua esperienza di allievo presso l\u2019istituto professionale per l\u2019enogastronomia. Ha spiegato di aver scelto la strada dell\u2019istituto professionale seguendo un\u2019intuizione, pi\u00f9 che una vera e propria passione; quella si \u00e8 accesa strada facendo, portandolo prima al diploma, poi all\u2019universit\u00e0 dove ha potuto perfezionare gli studi nell\u2019ambito dell\u2019alimentazione. Il suo \u00e8 stato uno stimolo di riflessione perch\u00e9 non si consideri la scuola professionale solo come un rifugio per coloro che non hanno voglia di studiare, ma come un possibile e significativo trampolino di lancio. L\u2019incontro si \u00e8 concluso con una nota di serenit\u00e0 e di ottimismo: la scelta della scuola superiore \u00e8 s\u00ec una decisione importante, ma non assoluta. Va presa con responsabilit\u00e0, seguendo le proprie passioni, ma anche con la consapevolezza che se la scelta si dovesse rivelare sbagliata, \u00e8 sempre possibile rimediare.<\/p>\n<p>&nbsp;<\/p>\n<p>&nbsp;<\/p>\n<p>&nbsp;<\/p>\n<p>___<\/p>\n","protected":false},"excerpt":{"rendered":"<p>AGORDO Periodo di scelte per coloro che dovranno intraprendere il percorso con la scuola superiore. Nell\u2019ambito delle diverse iniziative di orientamento scolastico, il Follador-De Rossi ha proposto nelle scorse settimane l\u2019incontro dal titolo: \u201cE adesso, dove andiamo\u201d? Una serata davvero interessante sull\u2019orientamento e su molto altro proposta su iniziativa delle referenti per l\u2019Orientamento della scuola&hellip;<\/p>\n","protected":false},"author":4,"featured_media":313999,"comment_status":"closed","ping_status":"closed","sticky":false,"template":"","format":"standard","meta":{"_monsterinsights_skip_tracking":false,"_monsterinsights_sitenote_active":false,"_monsterinsights_sitenote_note":"","_monsterinsights_sitenote_category":0,"footnotes":""},"categories":[103,49],"tags":[],"class_list":["post-313998","post","type-post","status-publish","format-standard","has-post-thumbnail","hentry","category-evidenza_2","category-news-18","category-103","category-49","description-off"],"img_url":"https:\/\/www.radiopiu.net\/wordpress\/wp-content\/uploads\/2022\/12\/316104638_571824818276288_4633337261674350241_n.jpg","_links":{"self":[{"href":"https:\/\/www.radiopiu.net\/wordpress\/wp-json\/wp\/v2\/posts\/313998","targetHints":{"allow":["GET"]}}],"collection":[{"href":"https:\/\/www.radiopiu.net\/wordpress\/wp-json\/wp\/v2\/posts"}],"about":[{"href":"https:\/\/www.radiopiu.net\/wordpress\/wp-json\/wp\/v2\/types\/post"}],"author":[{"embeddable":true,"href":"https:\/\/www.radiopiu.net\/wordpress\/wp-json\/wp\/v2\/users\/4"}],"replies":[{"embeddable":true,"href":"https:\/\/www.radiopiu.net\/wordpress\/wp-json\/wp\/v2\/comments?post=313998"}],"version-history":[{"count":0,"href":"https:\/\/www.radiopiu.net\/wordpress\/wp-json\/wp\/v2\/posts\/313998\/revisions"}],"wp:featuredmedia":[{"embeddable":true,"href":"https:\/\/www.radiopiu.net\/wordpress\/wp-json\/wp\/v2\/media\/313999"}],"wp:attachment":[{"href":"https:\/\/www.radiopiu.net\/wordpress\/wp-json\/wp\/v2\/media?parent=313998"}],"wp:term":[{"taxonomy":"category","embeddable":true,"href":"https:\/\/www.radiopiu.net\/wordpress\/wp-json\/wp\/v2\/categories?post=313998"},{"taxonomy":"post_tag","embeddable":true,"href":"https:\/\/www.radiopiu.net\/wordpress\/wp-json\/wp\/v2\/tags?post=313998"}],"curies":[{"name":"wp","href":"https:\/\/api.w.org\/{rel}","templated":true}]}}