{"id":314010,"date":"2022-12-30T05:15:23","date_gmt":"2022-12-30T04:15:23","guid":{"rendered":"https:\/\/www.radiopiu.net\/wordpress\/?p=314010"},"modified":"2022-12-30T05:48:40","modified_gmt":"2022-12-30T04:48:40","slug":"il-31-dicembre-elia-barp-fara-il-suo-esordio-in-coppa-del-mondo","status":"publish","type":"post","link":"https:\/\/www.radiopiu.net\/wordpress\/il-31-dicembre-elia-barp-fara-il-suo-esordio-in-coppa-del-mondo\/","title":{"rendered":"IL 31 DICEMBRE ELIA BARP FARA&#8217; IL SUO ESORDIO IN COPPA DEL MONDO"},"content":{"rendered":"<p><strong><a class=\"dt-pswp-item\" href=\"https:\/\/www.radiopiu.net\/wordpress\/wp-content\/uploads\/2022\/12\/elia-barp-7.-mondiali-vuokatti-10-km-skating-12.02.2021.jpg\" data-dt-img-description=\"\" data-large_image_width=\"2048\" data-large_image_height=\"1362\"><img loading=\"lazy\" decoding=\"async\" class=\" wp-image-314014 alignleft\" src=\"https:\/\/www.radiopiu.net\/wordpress\/wp-content\/uploads\/2022\/12\/elia-barp-7.-mondiali-vuokatti-10-km-skating-12.02.2021-300x200.jpg\" alt=\"\" width=\"215\" height=\"143\" srcset=\"https:\/\/www.radiopiu.net\/wordpress\/wp-content\/uploads\/2022\/12\/elia-barp-7.-mondiali-vuokatti-10-km-skating-12.02.2021-300x200.jpg 300w, https:\/\/www.radiopiu.net\/wordpress\/wp-content\/uploads\/2022\/12\/elia-barp-7.-mondiali-vuokatti-10-km-skating-12.02.2021-1024x681.jpg 1024w, https:\/\/www.radiopiu.net\/wordpress\/wp-content\/uploads\/2022\/12\/elia-barp-7.-mondiali-vuokatti-10-km-skating-12.02.2021-768x511.jpg 768w, https:\/\/www.radiopiu.net\/wordpress\/wp-content\/uploads\/2022\/12\/elia-barp-7.-mondiali-vuokatti-10-km-skating-12.02.2021-1536x1022.jpg 1536w, https:\/\/www.radiopiu.net\/wordpress\/wp-content\/uploads\/2022\/12\/elia-barp-7.-mondiali-vuokatti-10-km-skating-12.02.2021.jpg 2048w\" sizes=\"auto, (max-width: 215px) 100vw, 215px\" \/><\/a>di Marco Gaz<\/strong><\/p>\n<p><strong>REDAZIONE<\/strong> Il 31 dicembre \u00e8 una data da segnare sul calendario. Elia Barp far\u00e0 il suo esordio in Coppa del Mondo di Sci di Fondo. Elia, cresciuto tra GS Castionese e Ski College Veneto di Falcade, \u00e8 stato selezionato per partecipare al Tour De Ski, la classica a cavallo tra fine ed inizio anno che tocca tre localit\u00e0 sciistiche: Val M\u00fcstar in Svizzera, Obersdorf in Germani e l&#8217;atto finale in Val di Fiemme. Dopo lo splendido esordio di inizio stagione, Elia Barp \u00e8 stato selezionato nella nazionale per esordire in una delle gare pi\u00f9 importanti della stagione. (FOTO: FISI VENETO)<\/p>\n<p>&nbsp;<\/p>\n<p>&nbsp;<\/p>\n<p>&nbsp;<\/p>\n<p>********<\/p>\n","protected":false},"excerpt":{"rendered":"<p>di Marco Gaz REDAZIONE Il 31 dicembre \u00e8 una data da segnare sul calendario. Elia Barp far\u00e0 il suo esordio in Coppa del Mondo di Sci di Fondo. Elia, cresciuto tra GS Castionese e Ski College Veneto di Falcade, \u00e8 stato selezionato per partecipare al Tour De Ski, la classica a cavallo tra fine ed&hellip;<\/p>\n","protected":false},"author":4,"featured_media":314014,"comment_status":"closed","ping_status":"closed","sticky":false,"template":"","format":"standard","meta":{"_monsterinsights_skip_tracking":false,"_monsterinsights_sitenote_active":false,"_monsterinsights_sitenote_note":"","_monsterinsights_sitenote_category":0,"footnotes":""},"categories":[104,49],"tags":[],"class_list":["post-314010","post","type-post","status-publish","format-standard","has-post-thumbnail","hentry","category-evidenza_3","category-news-18","category-104","category-49","description-off"],"img_url":"https:\/\/www.radiopiu.net\/wordpress\/wp-content\/uploads\/2022\/12\/elia-barp-7.-mondiali-vuokatti-10-km-skating-12.02.2021.jpg","_links":{"self":[{"href":"https:\/\/www.radiopiu.net\/wordpress\/wp-json\/wp\/v2\/posts\/314010","targetHints":{"allow":["GET"]}}],"collection":[{"href":"https:\/\/www.radiopiu.net\/wordpress\/wp-json\/wp\/v2\/posts"}],"about":[{"href":"https:\/\/www.radiopiu.net\/wordpress\/wp-json\/wp\/v2\/types\/post"}],"author":[{"embeddable":true,"href":"https:\/\/www.radiopiu.net\/wordpress\/wp-json\/wp\/v2\/users\/4"}],"replies":[{"embeddable":true,"href":"https:\/\/www.radiopiu.net\/wordpress\/wp-json\/wp\/v2\/comments?post=314010"}],"version-history":[{"count":0,"href":"https:\/\/www.radiopiu.net\/wordpress\/wp-json\/wp\/v2\/posts\/314010\/revisions"}],"wp:featuredmedia":[{"embeddable":true,"href":"https:\/\/www.radiopiu.net\/wordpress\/wp-json\/wp\/v2\/media\/314014"}],"wp:attachment":[{"href":"https:\/\/www.radiopiu.net\/wordpress\/wp-json\/wp\/v2\/media?parent=314010"}],"wp:term":[{"taxonomy":"category","embeddable":true,"href":"https:\/\/www.radiopiu.net\/wordpress\/wp-json\/wp\/v2\/categories?post=314010"},{"taxonomy":"post_tag","embeddable":true,"href":"https:\/\/www.radiopiu.net\/wordpress\/wp-json\/wp\/v2\/tags?post=314010"}],"curies":[{"name":"wp","href":"https:\/\/api.w.org\/{rel}","templated":true}]}}