{"id":314053,"date":"2022-12-29T15:26:48","date_gmt":"2022-12-29T14:26:48","guid":{"rendered":"https:\/\/www.radiopiu.net\/wordpress\/?p=314053"},"modified":"2022-12-29T15:26:48","modified_gmt":"2022-12-29T14:26:48","slug":"milano-cortina-2026-zaia-grande-passo-avanti-con-la-variante-di-longarone","status":"publish","type":"post","link":"https:\/\/www.radiopiu.net\/wordpress\/milano-cortina-2026-zaia-grande-passo-avanti-con-la-variante-di-longarone\/","title":{"rendered":"MILANO-CORTINA 2026. ZAIA: \u201cGRANDE PASSO AVANTI CON LA VARIANTE DI LONGARONE&#8221;"},"content":{"rendered":"<p><strong><a class=\"dt-pswp-item\" href=\"https:\/\/www.radiopiu.net\/wordpress\/wp-content\/uploads\/2022\/11\/ZAIA.jpg\" data-dt-img-description=\"\" data-large_image_width=\"1024\" data-large_image_height=\"761\"><img loading=\"lazy\" decoding=\"async\" class=\" wp-image-306973 alignleft\" src=\"https:\/\/www.radiopiu.net\/wordpress\/wp-content\/uploads\/2022\/11\/ZAIA-300x223.jpg\" alt=\"\" width=\"184\" height=\"137\" srcset=\"https:\/\/www.radiopiu.net\/wordpress\/wp-content\/uploads\/2022\/11\/ZAIA-300x223.jpg 300w, https:\/\/www.radiopiu.net\/wordpress\/wp-content\/uploads\/2022\/11\/ZAIA-768x571.jpg 768w, https:\/\/www.radiopiu.net\/wordpress\/wp-content\/uploads\/2022\/11\/ZAIA.jpg 1024w\" sizes=\"auto, (max-width: 184px) 100vw, 184px\" \/><\/a>VENEZIA <\/strong>\u201cCon questa buona notizia facciamo un significativo passo avanti verso le Olimpiadi invernali 2026 di Milano-Cortina perch\u00e9 la variante di Longarone \u00e8 un nodo centrale dell\u2019infrastrutturazione olimpica in Veneto\u201d. Lo dice il Presidente della Regione del Veneto, Luca Zaia, dopo che la variante \u00e8 stata inserita in un elenco di opere Anas per le quali a gennaio partiranno gli appalti. \u201cSi tratta \u2013 fa notare Zaia \u2013 di quasi 400 milioni di investimenti per una struttura viaria che accoglier\u00e0, poco dopo l\u2019uscita dall\u2019A27, nel miglior modo possibile squadre, atleti, sportivi e turisti diretti a Cortina e provenienti dalla pianura via gomma. Un\u2019opera che rester\u00e0 in eredit\u00e0 dopo i Giochi, facilitando e rendendo pi\u00f9 sicuro l\u2019accesso alle nostre montagne\u201d.<\/p>\n<p>&nbsp;<\/p>\n<p>&nbsp;<\/p>\n<p>*****<\/p>\n","protected":false},"excerpt":{"rendered":"<p>VENEZIA \u201cCon questa buona notizia facciamo un significativo passo avanti verso le Olimpiadi invernali 2026 di Milano-Cortina perch\u00e9 la variante di Longarone \u00e8 un nodo centrale dell\u2019infrastrutturazione olimpica in Veneto\u201d. Lo dice il Presidente della Regione del Veneto, Luca Zaia, dopo che la variante \u00e8 stata inserita in un elenco di opere Anas per le&hellip;<\/p>\n","protected":false},"author":4,"featured_media":306973,"comment_status":"closed","ping_status":"closed","sticky":false,"template":"","format":"standard","meta":{"_monsterinsights_skip_tracking":false,"_monsterinsights_sitenote_active":false,"_monsterinsights_sitenote_note":"","_monsterinsights_sitenote_category":0,"footnotes":""},"categories":[49],"tags":[],"class_list":["post-314053","post","type-post","status-publish","format-standard","has-post-thumbnail","hentry","category-news-18","category-49","description-off"],"img_url":"https:\/\/www.radiopiu.net\/wordpress\/wp-content\/uploads\/2022\/11\/ZAIA.jpg","_links":{"self":[{"href":"https:\/\/www.radiopiu.net\/wordpress\/wp-json\/wp\/v2\/posts\/314053","targetHints":{"allow":["GET"]}}],"collection":[{"href":"https:\/\/www.radiopiu.net\/wordpress\/wp-json\/wp\/v2\/posts"}],"about":[{"href":"https:\/\/www.radiopiu.net\/wordpress\/wp-json\/wp\/v2\/types\/post"}],"author":[{"embeddable":true,"href":"https:\/\/www.radiopiu.net\/wordpress\/wp-json\/wp\/v2\/users\/4"}],"replies":[{"embeddable":true,"href":"https:\/\/www.radiopiu.net\/wordpress\/wp-json\/wp\/v2\/comments?post=314053"}],"version-history":[{"count":0,"href":"https:\/\/www.radiopiu.net\/wordpress\/wp-json\/wp\/v2\/posts\/314053\/revisions"}],"wp:featuredmedia":[{"embeddable":true,"href":"https:\/\/www.radiopiu.net\/wordpress\/wp-json\/wp\/v2\/media\/306973"}],"wp:attachment":[{"href":"https:\/\/www.radiopiu.net\/wordpress\/wp-json\/wp\/v2\/media?parent=314053"}],"wp:term":[{"taxonomy":"category","embeddable":true,"href":"https:\/\/www.radiopiu.net\/wordpress\/wp-json\/wp\/v2\/categories?post=314053"},{"taxonomy":"post_tag","embeddable":true,"href":"https:\/\/www.radiopiu.net\/wordpress\/wp-json\/wp\/v2\/tags?post=314053"}],"curies":[{"name":"wp","href":"https:\/\/api.w.org\/{rel}","templated":true}]}}