{"id":314071,"date":"2022-12-29T16:44:20","date_gmt":"2022-12-29T15:44:20","guid":{"rendered":"https:\/\/www.radiopiu.net\/wordpress\/?p=314071"},"modified":"2022-12-29T16:44:20","modified_gmt":"2022-12-29T15:44:20","slug":"alessio-gioffredi-nominato-il-direttore-della-funzione-territoriale","status":"publish","type":"post","link":"https:\/\/www.radiopiu.net\/wordpress\/alessio-gioffredi-nominato-il-direttore-della-funzione-territoriale\/","title":{"rendered":"ALESSIO GIOFFREDI NOMINATO IL DIRETTORE DELLA FUNZIONE TERRITORIALE"},"content":{"rendered":"<p><strong><a class=\"dt-pswp-item\" href=\"https:\/\/www.radiopiu.net\/wordpress\/wp-content\/uploads\/2022\/12\/gioffredi.jpeg\" data-dt-img-description=\"\" data-large_image_width=\"1200\" data-large_image_height=\"978\"><img loading=\"lazy\" decoding=\"async\" class=\" wp-image-314072 alignleft\" src=\"https:\/\/www.radiopiu.net\/wordpress\/wp-content\/uploads\/2022\/12\/gioffredi-300x245.jpeg\" alt=\"\" width=\"130\" height=\"106\" srcset=\"https:\/\/www.radiopiu.net\/wordpress\/wp-content\/uploads\/2022\/12\/gioffredi-300x245.jpeg 300w, https:\/\/www.radiopiu.net\/wordpress\/wp-content\/uploads\/2022\/12\/gioffredi-1024x835.jpeg 1024w, https:\/\/www.radiopiu.net\/wordpress\/wp-content\/uploads\/2022\/12\/gioffredi-768x626.jpeg 768w, https:\/\/www.radiopiu.net\/wordpress\/wp-content\/uploads\/2022\/12\/gioffredi.jpeg 1200w\" sizes=\"auto, (max-width: 130px) 100vw, 130px\" \/><\/a>BELLUNO <\/strong>Il dottor Alessio Gioffredi, direttore del distretto di Belluno, sentita la Conferenza dei Sindaci dell\u2019Ulss Dolomiti, \u00e8 stato nominato direttore della Funzione Territoriale. Alessio Gioffredi, \u00e8 direttore del distretto di Belluno da giugno 2022. Si \u00e8 laureato in medicina e chirurgia all\u2019Universit\u00e0 di Chieti dove si \u00e8 poi specializzato in Igiene e medicina preventiva. Dal 2005 \u00e8 in servizio in Ulss Dolomiti, occupandosi prima di cure primarie e residenzialit\u00e0 extra ospedaliera, dal 2014 al maggio 2022 \u00e8 stato direttore del Distretto di Feltre.<\/p>\n<p>&nbsp;<\/p>\n<p>&nbsp;<\/p>\n<p>&nbsp;<\/p>\n<p>******<\/p>\n","protected":false},"excerpt":{"rendered":"<p>BELLUNO Il dottor Alessio Gioffredi, direttore del distretto di Belluno, sentita la Conferenza dei Sindaci dell\u2019Ulss Dolomiti, \u00e8 stato nominato direttore della Funzione Territoriale. Alessio Gioffredi, \u00e8 direttore del distretto di Belluno da giugno 2022. Si \u00e8 laureato in medicina e chirurgia all\u2019Universit\u00e0 di Chieti dove si \u00e8 poi specializzato in Igiene e medicina preventiva.&hellip;<\/p>\n","protected":false},"author":4,"featured_media":314072,"comment_status":"closed","ping_status":"closed","sticky":false,"template":"","format":"standard","meta":{"_monsterinsights_skip_tracking":false,"_monsterinsights_sitenote_active":false,"_monsterinsights_sitenote_note":"","_monsterinsights_sitenote_category":0,"footnotes":""},"categories":[49],"tags":[],"class_list":["post-314071","post","type-post","status-publish","format-standard","has-post-thumbnail","hentry","category-news-18","category-49","description-off"],"img_url":"https:\/\/www.radiopiu.net\/wordpress\/wp-content\/uploads\/2022\/12\/gioffredi.jpeg","_links":{"self":[{"href":"https:\/\/www.radiopiu.net\/wordpress\/wp-json\/wp\/v2\/posts\/314071","targetHints":{"allow":["GET"]}}],"collection":[{"href":"https:\/\/www.radiopiu.net\/wordpress\/wp-json\/wp\/v2\/posts"}],"about":[{"href":"https:\/\/www.radiopiu.net\/wordpress\/wp-json\/wp\/v2\/types\/post"}],"author":[{"embeddable":true,"href":"https:\/\/www.radiopiu.net\/wordpress\/wp-json\/wp\/v2\/users\/4"}],"replies":[{"embeddable":true,"href":"https:\/\/www.radiopiu.net\/wordpress\/wp-json\/wp\/v2\/comments?post=314071"}],"version-history":[{"count":0,"href":"https:\/\/www.radiopiu.net\/wordpress\/wp-json\/wp\/v2\/posts\/314071\/revisions"}],"wp:featuredmedia":[{"embeddable":true,"href":"https:\/\/www.radiopiu.net\/wordpress\/wp-json\/wp\/v2\/media\/314072"}],"wp:attachment":[{"href":"https:\/\/www.radiopiu.net\/wordpress\/wp-json\/wp\/v2\/media?parent=314071"}],"wp:term":[{"taxonomy":"category","embeddable":true,"href":"https:\/\/www.radiopiu.net\/wordpress\/wp-json\/wp\/v2\/categories?post=314071"},{"taxonomy":"post_tag","embeddable":true,"href":"https:\/\/www.radiopiu.net\/wordpress\/wp-json\/wp\/v2\/tags?post=314071"}],"curies":[{"name":"wp","href":"https:\/\/api.w.org\/{rel}","templated":true}]}}